{"id":84060,"date":"2017-11-10T17:44:13","date_gmt":"2017-11-10T17:44:13","guid":{"rendered":"http:\/\/candas365.es\/noticias\/?p=84060"},"modified":"2017-11-10T17:44:13","modified_gmt":"2017-11-10T17:44:13","slug":"i-rallysprint-villa-de-candas-sidra-penon","status":"publish","type":"post","link":"https:\/\/candas365.es\/noticias\/i-rallysprint-villa-de-candas-sidra-penon\/","title":{"rendered":"I Rallysprint \u00abVilla de Cand\u00e1s &#8211; Sidra Pe\u00f1\u00f3n\u00bb"},"content":{"rendered":"<p><img fetchpriority=\"high\" decoding=\"async\" class=\"alignleft size-medium wp-image-84061\" src=\"https:\/\/candas365.es\/noticias\/wp-content\/uploads\/2017\/11\/IMG_1717-360x270.jpg\" alt=\"\" width=\"360\" height=\"270\" srcset=\"https:\/\/candas365.es\/noticias\/wp-content\/uploads\/2017\/11\/IMG_1717-360x270.jpg 360w, https:\/\/candas365.es\/noticias\/wp-content\/uploads\/2017\/11\/IMG_1717-768x576.jpg 768w, https:\/\/candas365.es\/noticias\/wp-content\/uploads\/2017\/11\/IMG_1717-640x480.jpg 640w, https:\/\/candas365.es\/noticias\/wp-content\/uploads\/2017\/11\/IMG_1717-80x60.jpg 80w, https:\/\/candas365.es\/noticias\/wp-content\/uploads\/2017\/11\/IMG_1717-265x198.jpg 265w, https:\/\/candas365.es\/noticias\/wp-content\/uploads\/2017\/11\/IMG_1717-696x522.jpg 696w, https:\/\/candas365.es\/noticias\/wp-content\/uploads\/2017\/11\/IMG_1717-1068x801.jpg 1068w, https:\/\/candas365.es\/noticias\/wp-content\/uploads\/2017\/11\/IMG_1717-560x420.jpg 560w, https:\/\/candas365.es\/noticias\/wp-content\/uploads\/2017\/11\/IMG_1717-90x67.jpg 90w, https:\/\/candas365.es\/noticias\/wp-content\/uploads\/2017\/11\/IMG_1717.jpg 1280w\" sizes=\"(max-width: 360px) 100vw, 360px\" \/>La entidad sin \u00e1nimo de lucro \u201cCand\u00e1s Competici\u00f3n\u201d, que aglutina j\u00f3venes del municipio, y preside Felix S\u00e1nchez Castellano, organizar\u00e1 con el patrocinio del Ayuntamiento de Carre\u00f1o y otras casas colaboradoras, los d\u00edas 17 y 18 de noviembre, el I Rallysprint \u201cVilla de Cand\u00e1s \u2013Sidra Pe\u00f1\u00f3n\u201d. El consistorio carre\u00f1ense colaborar\u00e1 con el evento con una subvenci\u00f3n extraordinaria. que se acord\u00f3 por unanimidad de todos los grupos pol\u00edticos con representaci\u00f3n en la Corporaci\u00f3n, y que asciende 3.000 euros.<\/p>\n<p>\u201cNuestro Concejo de Carre\u00f1o, con su capital Cand\u00e1s, ha venido demostrando a trav\u00e9s del tiempo que el deporte ha sido una actividad practicada con afici\u00f3n y entusiasmo por un buen n\u00famero de sus habitantes, cosechando, en las diversas modalidades, \u00e9xitos relevantes de todos conocidos. Ahora, tenemos la oportunidad de ser testigos directos de la primera edici\u00f3n de este Rallysprint Villa de Cand\u00e1s\u201d \u2013 se\u00f1al\u00f3 Amelia Fern\u00e1ndez, alcaldesa de Carre\u00f1o.<\/p>\n<p>\u201cToda una novedad por ser un acontecimiento automovil\u00edstico cuyo escenario ser\u00e1n, adem\u00e1s de nuestra villa marinera, las pintorescas y hermosas parroquias que conforman el medio rural carre\u00f1ense, a las que sin duda acudieran un buen n\u00famero de personas aficionadas y curiosas, dada la envergadura de la competici\u00f3n, con las beneficiosas repercusiones de \u00edndole comercial que ello reportar\u00e1 a la econom\u00eda local\u201d \u2013 a\u00f1adi\u00f3 la regidora.<\/p>\n<p>\u201cExpresar el sincero agradecimiento personal, as\u00ed como el de la Corporaci\u00f3n que presido, a cuantos patrocinadores, entidades y establecimientos han prestado su generosa colaboraci\u00f3n en este, sin duda, importante y novedoso evento\u201d \u2013 expres\u00f3 Fern\u00e1ndez.<\/p>\n<p>\u201cY finalmente desear una feliz estancia a qui\u00e9nes nos visiten en estos d\u00edas, ocasi\u00f3n que muchos y muchas tendr\u00e1n para conocer y disfrutar de nuestro territorio, recomiendo encarecidamente al vecindario del municipio y a qui\u00e9nes nos visiten el m\u00e1ximo respeto a las normas de seguridad dispuestas al efecto para esta clase de competiciones. Sin m\u00e1s, a todos\/as reitero mi saludo y los mejores deseos de que el desarrollo de esta prueba deportiva sirva para el sano disfrute de las personas aficionadas, a la vez que estreche lazos de amistad y convivencia entre carre\u00f1enses y visitantes\u201d \u2013 concluy\u00f3 la Alcaldesa en la presentaci\u00f3n.<\/p>\n","protected":false},"excerpt":{"rendered":"<p>La entidad sin \u00e1nimo de lucro \u201cCand\u00e1s Competici\u00f3n\u201d, que aglutina j\u00f3venes del municipio, y preside Felix S\u00e1nchez Castellano, organizar\u00e1 con el patrocinio del Ayuntamiento de Carre\u00f1o y otras casas colaboradoras, los d\u00edas 17 y 18 de noviembre, el I Rallysprint \u201cVilla de Cand\u00e1s \u2013Sidra Pe\u00f1\u00f3n\u201d. El consistorio carre\u00f1ense colaborar\u00e1 con el evento con una subvenci\u00f3n<\/p>\n","protected":false},"author":1,"featured_media":84061,"comment_status":"closed","ping_status":"closed","sticky":false,"template":"","format":"standard","meta":{"footnotes":""},"categories":[2],"tags":[],"class_list":{"0":"post-84060","1":"post","2":"type-post","3":"status-publish","4":"format-standard","5":"has-post-thumbnail","7":"category-noticias-carreno"},"aioseo_notices":[],"aioseo_head":"\n\t\t<!-- All in One SEO Pro 4.9.6.2 - aioseo.com -->\n\t<meta name=\"description\" content=\"La entidad sin \u00e1nimo de lucro \u201cCand\u00e1s Competici\u00f3n\u201d, que aglutina j\u00f3venes del municipio, y preside Felix S\u00e1nchez Castellano, organizar\u00e1 con el patrocinio del Ayuntamiento de Carre\u00f1o y otras casas colaboradoras, los d\u00edas 17 y 18 de noviembre, el I Rallysprint \u201cVilla de Cand\u00e1s \u2013Sidra Pe\u00f1\u00f3n\u201d. El consistorio carre\u00f1ense colaborar\u00e1 con el evento con una subvenci\u00f3n\" \/>\n\t<meta name=\"robots\" content=\"max-image-preview:large\" \/>\n\t<meta name=\"author\" content=\"Cand\u00e1s 365\"\/>\n\t<meta name=\"google-site-verification\" content=\"UA-32230408-1\" \/>\n\t<meta name=\"msvalidate.01\" content=\"354F3CDFB2DA171B47FBE9ABF1F88D5\" \/>\n\t<meta name=\"keywords\" content=\"noticias carre\u00f1o\" \/>\n\t<link rel=\"canonical\" href=\"https:\/\/candas365.es\/noticias\/i-rallysprint-villa-de-candas-sidra-penon\/\" \/>\n\t<meta name=\"generator\" content=\"All in One SEO Pro (AIOSEO) 4.9.6.2\" \/>\n\t\t<meta property=\"og:locale\" content=\"es_ES\" \/>\n\t\t<meta property=\"og:site_name\" content=\"Cand\u00e1s 365\" \/>\n\t\t<meta property=\"og:type\" content=\"article\" \/>\n\t\t<meta property=\"og:title\" content=\"I Rallysprint \u00abVilla de Cand\u00e1s \u2013 Sidra Pe\u00f1\u00f3n\u00bb | Cand\u00e1s 365\" \/>\n\t\t<meta property=\"og:description\" content=\"La entidad sin \u00e1nimo de lucro \u201cCand\u00e1s Competici\u00f3n\u201d, que aglutina j\u00f3venes del municipio, y preside Felix S\u00e1nchez Castellano, organizar\u00e1 con el patrocinio del Ayuntamiento de Carre\u00f1o y otras casas colaboradoras, los d\u00edas 17 y 18 de noviembre, el I Rallysprint \u201cVilla de Cand\u00e1s \u2013Sidra Pe\u00f1\u00f3n\u201d. El consistorio carre\u00f1ense colaborar\u00e1 con el evento con una subvenci\u00f3n\" \/>\n\t\t<meta property=\"og:url\" content=\"https:\/\/candas365.es\/noticias\/i-rallysprint-villa-de-candas-sidra-penon\/\" \/>\n\t\t<meta property=\"og:image\" content=\"https:\/\/candas365.es\/noticias\/wp-content\/uploads\/2017\/11\/IMG_1717.jpg\" \/>\n\t\t<meta property=\"og:image:secure_url\" content=\"https:\/\/candas365.es\/noticias\/wp-content\/uploads\/2017\/11\/IMG_1717.jpg\" \/>\n\t\t<meta property=\"og:image:width\" content=\"1280\" \/>\n\t\t<meta property=\"og:image:height\" content=\"960\" \/>\n\t\t<meta property=\"article:published_time\" content=\"2017-11-10T17:44:13+00:00\" \/>\n\t\t<meta property=\"article:modified_time\" content=\"2017-11-10T17:44:13+00:00\" \/>\n\t\t<meta property=\"article:publisher\" content=\"https:\/\/www.facebook.com\/Nachofdezber\" \/>\n\t\t<meta property=\"article:author\" content=\"https:\/\/www.facebook.com\/carrenoactualidad\" \/>\n\t\t<meta name=\"twitter:card\" content=\"summary_large_image\" \/>\n\t\t<meta name=\"twitter:site\" content=\"@NabercoDigital\" \/>\n\t\t<meta name=\"twitter:title\" content=\"I Rallysprint \u00abVilla de Cand\u00e1s \u2013 Sidra Pe\u00f1\u00f3n\u00bb | Cand\u00e1s 365\" \/>\n\t\t<meta name=\"twitter:description\" content=\"La entidad sin \u00e1nimo de lucro \u201cCand\u00e1s Competici\u00f3n\u201d, que aglutina j\u00f3venes del municipio, y preside Felix S\u00e1nchez Castellano, organizar\u00e1 con el patrocinio del Ayuntamiento de Carre\u00f1o y otras casas colaboradoras, los d\u00edas 17 y 18 de noviembre, el I Rallysprint \u201cVilla de Cand\u00e1s \u2013Sidra Pe\u00f1\u00f3n\u201d. El consistorio carre\u00f1ense colaborar\u00e1 con el evento con una subvenci\u00f3n\" \/>\n\t\t<meta name=\"twitter:creator\" content=\"@nbasturias\" \/>\n\t\t<meta name=\"twitter:image\" content=\"https:\/\/candas365.es\/noticias\/wp-content\/uploads\/2017\/11\/IMG_1717.jpg\" \/>\n\t\t<meta name=\"twitter:label1\" content=\"Escrito por\" \/>\n\t\t<meta name=\"twitter:data1\" content=\"Cand\u00e1s 365\" \/>\n\t\t<meta name=\"twitter:label2\" content=\"Tiempo de lectura estimado\" \/>\n\t\t<meta name=\"twitter:data2\" content=\"2 minutos\" \/>\n\t\t<script type=\"application\/ld+json\" class=\"aioseo-schema\">\n\t\t\t{\"@context\":\"https:\\\/\\\/schema.org\",\"@graph\":[{\"@type\":\"BreadcrumbList\",\"@id\":\"https:\\\/\\\/candas365.es\\\/noticias\\\/i-rallysprint-villa-de-candas-sidra-penon\\\/#breadcrumblist\",\"itemListElement\":[{\"@type\":\"ListItem\",\"@id\":\"https:\\\/\\\/candas365.es\\\/noticias#listItem\",\"position\":1,\"name\":\"Home\",\"item\":\"https:\\\/\\\/candas365.es\\\/noticias\",\"nextItem\":{\"@type\":\"ListItem\",\"@id\":\"https:\\\/\\\/candas365.es\\\/noticias\\\/category\\\/noticias-carreno\\\/#listItem\",\"name\":\"Noticias Carre\\u00f1o\"}},{\"@type\":\"ListItem\",\"@id\":\"https:\\\/\\\/candas365.es\\\/noticias\\\/category\\\/noticias-carreno\\\/#listItem\",\"position\":2,\"name\":\"Noticias Carre\\u00f1o\",\"item\":\"https:\\\/\\\/candas365.es\\\/noticias\\\/category\\\/noticias-carreno\\\/\",\"nextItem\":{\"@type\":\"ListItem\",\"@id\":\"https:\\\/\\\/candas365.es\\\/noticias\\\/i-rallysprint-villa-de-candas-sidra-penon\\\/#listItem\",\"name\":\"I Rallysprint \\u00abVilla de Cand\\u00e1s &#8211; Sidra Pe\\u00f1\\u00f3n\\u00bb\"},\"previousItem\":{\"@type\":\"ListItem\",\"@id\":\"https:\\\/\\\/candas365.es\\\/noticias#listItem\",\"name\":\"Home\"}},{\"@type\":\"ListItem\",\"@id\":\"https:\\\/\\\/candas365.es\\\/noticias\\\/i-rallysprint-villa-de-candas-sidra-penon\\\/#listItem\",\"position\":3,\"name\":\"I Rallysprint \\u00abVilla de Cand\\u00e1s &#8211; Sidra Pe\\u00f1\\u00f3n\\u00bb\",\"previousItem\":{\"@type\":\"ListItem\",\"@id\":\"https:\\\/\\\/candas365.es\\\/noticias\\\/category\\\/noticias-carreno\\\/#listItem\",\"name\":\"Noticias Carre\\u00f1o\"}}]},{\"@type\":\"NewsArticle\",\"@id\":\"https:\\\/\\\/candas365.es\\\/noticias\\\/i-rallysprint-villa-de-candas-sidra-penon\\\/#newsarticle\",\"name\":\"I Rallysprint \\u00abVilla de Cand\\u00e1s \\u2013 Sidra Pe\\u00f1\\u00f3n\\u00bb | Cand\\u00e1s 365\",\"headline\":\"I Rallysprint \\u00abVilla de Cand\\u00e1s &#8211; Sidra Pe\\u00f1\\u00f3n\\u00bb\",\"author\":{\"@id\":\"https:\\\/\\\/candas365.es\\\/noticias\\\/author\\\/admin\\\/#author\"},\"publisher\":{\"@id\":\"https:\\\/\\\/candas365.es\\\/noticias\\\/#organization\"},\"image\":{\"@type\":\"ImageObject\",\"url\":\"https:\\\/\\\/candas365.es\\\/noticias\\\/wp-content\\\/uploads\\\/2017\\\/11\\\/IMG_1717.jpg\",\"width\":1280,\"height\":960},\"datePublished\":\"2017-11-10T17:44:13+01:00\",\"dateModified\":\"2017-11-10T17:44:13+01:00\",\"inLanguage\":\"es-ES\",\"mainEntityOfPage\":{\"@id\":\"https:\\\/\\\/candas365.es\\\/noticias\\\/i-rallysprint-villa-de-candas-sidra-penon\\\/#webpage\"},\"isPartOf\":{\"@id\":\"https:\\\/\\\/candas365.es\\\/noticias\\\/i-rallysprint-villa-de-candas-sidra-penon\\\/#webpage\"},\"articleSection\":\"Noticias Carre\\u00f1o\",\"dateline\":\"Publicado el noviembre 10, 2017.\"},{\"@type\":\"Organization\",\"@id\":\"https:\\\/\\\/candas365.es\\\/noticias\\\/#organization\",\"name\":\"Cand\\u00e1s 365\",\"description\":\"Cand\\u00e1s 365 es un diario digital independiente, fundado en 2012, con base en Asturias. Informamos con rigor sobre actualidad, sociedad, cultura y ocio, con una mirada local y global.\",\"url\":\"https:\\\/\\\/candas365.es\\\/noticias\\\/\",\"email\":\"info@candas365.es\",\"telephone\":\"+34652131393\",\"foundingDate\":\"2012-06-10\",\"logo\":{\"@type\":\"ImageObject\",\"url\":\"https:\\\/\\\/candas365.es\\\/noticias\\\/wp-content\\\/uploads\\\/2024\\\/09\\\/Candas-365-Redes.jpg\",\"@id\":\"https:\\\/\\\/candas365.es\\\/noticias\\\/i-rallysprint-villa-de-candas-sidra-penon\\\/#organizationLogo\",\"width\":1152,\"height\":864,\"caption\":\"Cand\\u00e1s 365 Redes\"},\"image\":{\"@id\":\"https:\\\/\\\/candas365.es\\\/noticias\\\/i-rallysprint-villa-de-candas-sidra-penon\\\/#organizationLogo\"},\"sameAs\":[\"https:\\\/\\\/www.facebook.com\\\/Nachofdezber\",\"https:\\\/\\\/x.com\\\/NabercoDigital\",\"https:\\\/\\\/www.instagram.com\\\/nachofdezber\\\/\",\"https:\\\/\\\/www.youtube.com\\\/channel\\\/UCZP-2wLEB9Rv6erhFmqVnvg\"],\"address\":{\"@id\":\"https:\\\/\\\/candas365.es\\\/noticias\\\/#postaladdress\",\"@type\":\"PostalAddress\",\"streetAddress\":\"san antonio 4, san antonio 4\",\"postalCode\":\"33430\",\"addressLocality\":\"Cand\\u00e1s\",\"addressRegion\":\"Asturias\",\"addressCountry\":\"ES\"}},{\"@type\":\"Person\",\"@id\":\"https:\\\/\\\/candas365.es\\\/noticias\\\/author\\\/admin\\\/#author\",\"url\":\"https:\\\/\\\/candas365.es\\\/noticias\\\/author\\\/admin\\\/\",\"name\":\"Cand\\u00e1s 365\",\"image\":{\"@type\":\"ImageObject\",\"@id\":\"https:\\\/\\\/candas365.es\\\/noticias\\\/i-rallysprint-villa-de-candas-sidra-penon\\\/#authorImage\",\"url\":\"https:\\\/\\\/secure.gravatar.com\\\/avatar\\\/496a8e03d0c493ede1718b7934145dbdf8d89be1036b0eec9544e1094c9de390?s=96&d=mm&r=g\",\"width\":96,\"height\":96,\"caption\":\"Cand\\u00e1s 365\"},\"sameAs\":[\"https:\\\/\\\/www.facebook.com\\\/carrenoactualidad\",\"https:\\\/\\\/twitter.com\\\/nbasturias\",\"https:\\\/\\\/www.instagram.com\\\/nachofdezber\\\/\",\"https:\\\/\\\/www.youtube.com\\\/channel\\\/UCZP-2wLEB9Rv6erhFmqVnvg\"]},{\"@type\":\"WebPage\",\"@id\":\"https:\\\/\\\/candas365.es\\\/noticias\\\/i-rallysprint-villa-de-candas-sidra-penon\\\/#webpage\",\"url\":\"https:\\\/\\\/candas365.es\\\/noticias\\\/i-rallysprint-villa-de-candas-sidra-penon\\\/\",\"name\":\"I Rallysprint \\u00abVilla de Cand\\u00e1s \\u2013 Sidra Pe\\u00f1\\u00f3n\\u00bb | Cand\\u00e1s 365\",\"description\":\"La entidad sin \\u00e1nimo de lucro \\u201cCand\\u00e1s Competici\\u00f3n\\u201d, que aglutina j\\u00f3venes del municipio, y preside Felix S\\u00e1nchez Castellano, organizar\\u00e1 con el patrocinio del Ayuntamiento de Carre\\u00f1o y otras casas colaboradoras, los d\\u00edas 17 y 18 de noviembre, el I Rallysprint \\u201cVilla de Cand\\u00e1s \\u2013Sidra Pe\\u00f1\\u00f3n\\u201d. El consistorio carre\\u00f1ense colaborar\\u00e1 con el evento con una subvenci\\u00f3n\",\"inLanguage\":\"es-ES\",\"isPartOf\":{\"@id\":\"https:\\\/\\\/candas365.es\\\/noticias\\\/#website\"},\"breadcrumb\":{\"@id\":\"https:\\\/\\\/candas365.es\\\/noticias\\\/i-rallysprint-villa-de-candas-sidra-penon\\\/#breadcrumblist\"},\"author\":{\"@id\":\"https:\\\/\\\/candas365.es\\\/noticias\\\/author\\\/admin\\\/#author\"},\"creator\":{\"@id\":\"https:\\\/\\\/candas365.es\\\/noticias\\\/author\\\/admin\\\/#author\"},\"image\":{\"@type\":\"ImageObject\",\"url\":\"https:\\\/\\\/candas365.es\\\/noticias\\\/wp-content\\\/uploads\\\/2017\\\/11\\\/IMG_1717.jpg\",\"@id\":\"https:\\\/\\\/candas365.es\\\/noticias\\\/i-rallysprint-villa-de-candas-sidra-penon\\\/#mainImage\",\"width\":1280,\"height\":960},\"primaryImageOfPage\":{\"@id\":\"https:\\\/\\\/candas365.es\\\/noticias\\\/i-rallysprint-villa-de-candas-sidra-penon\\\/#mainImage\"},\"datePublished\":\"2017-11-10T17:44:13+01:00\",\"dateModified\":\"2017-11-10T17:44:13+01:00\"},{\"@type\":\"WebSite\",\"@id\":\"https:\\\/\\\/candas365.es\\\/noticias\\\/#website\",\"url\":\"https:\\\/\\\/candas365.es\\\/noticias\\\/\",\"name\":\"Cand\\u00e1s 365\",\"alternateName\":\"Cand\\u00e1s 365 Noticias\",\"description\":\"Actualidad desde Carre\\u00f1o para el mundo\",\"inLanguage\":\"es-ES\",\"publisher\":{\"@id\":\"https:\\\/\\\/candas365.es\\\/noticias\\\/#organization\"}}]}\n\t\t<\/script>\n\t\t<!-- All in One SEO Pro -->\r\n\t\t<title>I Rallysprint \u00abVilla de Cand\u00e1s \u2013 Sidra Pe\u00f1\u00f3n\u00bb | Cand\u00e1s 365<\/title>\n\n","aioseo_head_json":{"title":"I Rallysprint \u00abVilla de Cand\u00e1s \u2013 Sidra Pe\u00f1\u00f3n\u00bb | Cand\u00e1s 365","description":"La entidad sin \u00e1nimo de lucro \u201cCand\u00e1s Competici\u00f3n\u201d, que aglutina j\u00f3venes del municipio, y preside Felix S\u00e1nchez Castellano, organizar\u00e1 con el patrocinio del Ayuntamiento de Carre\u00f1o y otras casas colaboradoras, los d\u00edas 17 y 18 de noviembre, el I Rallysprint \u201cVilla de Cand\u00e1s \u2013Sidra Pe\u00f1\u00f3n\u201d. El consistorio carre\u00f1ense colaborar\u00e1 con el evento con una subvenci\u00f3n","canonical_url":"https:\/\/candas365.es\/noticias\/i-rallysprint-villa-de-candas-sidra-penon\/","robots":"max-image-preview:large","keywords":"noticias carre\u00f1o","webmasterTools":{"google-site-verification":"UA-32230408-1","msvalidate.01":"354F3CDFB2DA171B47FBE9ABF1F88D5","miscellaneous":""},"schema":{"@context":"https:\/\/schema.org","@graph":[{"@type":"BreadcrumbList","@id":"https:\/\/candas365.es\/noticias\/i-rallysprint-villa-de-candas-sidra-penon\/#breadcrumblist","itemListElement":[{"@type":"ListItem","@id":"https:\/\/candas365.es\/noticias#listItem","position":1,"name":"Home","item":"https:\/\/candas365.es\/noticias","nextItem":{"@type":"ListItem","@id":"https:\/\/candas365.es\/noticias\/category\/noticias-carreno\/#listItem","name":"Noticias Carre\u00f1o"}},{"@type":"ListItem","@id":"https:\/\/candas365.es\/noticias\/category\/noticias-carreno\/#listItem","position":2,"name":"Noticias Carre\u00f1o","item":"https:\/\/candas365.es\/noticias\/category\/noticias-carreno\/","nextItem":{"@type":"ListItem","@id":"https:\/\/candas365.es\/noticias\/i-rallysprint-villa-de-candas-sidra-penon\/#listItem","name":"I Rallysprint \u00abVilla de Cand\u00e1s &#8211; Sidra Pe\u00f1\u00f3n\u00bb"},"previousItem":{"@type":"ListItem","@id":"https:\/\/candas365.es\/noticias#listItem","name":"Home"}},{"@type":"ListItem","@id":"https:\/\/candas365.es\/noticias\/i-rallysprint-villa-de-candas-sidra-penon\/#listItem","position":3,"name":"I Rallysprint \u00abVilla de Cand\u00e1s &#8211; Sidra Pe\u00f1\u00f3n\u00bb","previousItem":{"@type":"ListItem","@id":"https:\/\/candas365.es\/noticias\/category\/noticias-carreno\/#listItem","name":"Noticias Carre\u00f1o"}}]},{"@type":"NewsArticle","@id":"https:\/\/candas365.es\/noticias\/i-rallysprint-villa-de-candas-sidra-penon\/#newsarticle","name":"I Rallysprint \u00abVilla de Cand\u00e1s \u2013 Sidra Pe\u00f1\u00f3n\u00bb | Cand\u00e1s 365","headline":"I Rallysprint \u00abVilla de Cand\u00e1s &#8211; Sidra Pe\u00f1\u00f3n\u00bb","author":{"@id":"https:\/\/candas365.es\/noticias\/author\/admin\/#author"},"publisher":{"@id":"https:\/\/candas365.es\/noticias\/#organization"},"image":{"@type":"ImageObject","url":"https:\/\/candas365.es\/noticias\/wp-content\/uploads\/2017\/11\/IMG_1717.jpg","width":1280,"height":960},"datePublished":"2017-11-10T17:44:13+01:00","dateModified":"2017-11-10T17:44:13+01:00","inLanguage":"es-ES","mainEntityOfPage":{"@id":"https:\/\/candas365.es\/noticias\/i-rallysprint-villa-de-candas-sidra-penon\/#webpage"},"isPartOf":{"@id":"https:\/\/candas365.es\/noticias\/i-rallysprint-villa-de-candas-sidra-penon\/#webpage"},"articleSection":"Noticias Carre\u00f1o","dateline":"Publicado el noviembre 10, 2017."},{"@type":"Organization","@id":"https:\/\/candas365.es\/noticias\/#organization","name":"Cand\u00e1s 365","description":"Cand\u00e1s 365 es un diario digital independiente, fundado en 2012, con base en Asturias. Informamos con rigor sobre actualidad, sociedad, cultura y ocio, con una mirada local y global.","url":"https:\/\/candas365.es\/noticias\/","email":"info@candas365.es","telephone":"+34652131393","foundingDate":"2012-06-10","logo":{"@type":"ImageObject","url":"https:\/\/candas365.es\/noticias\/wp-content\/uploads\/2024\/09\/Candas-365-Redes.jpg","@id":"https:\/\/candas365.es\/noticias\/i-rallysprint-villa-de-candas-sidra-penon\/#organizationLogo","width":1152,"height":864,"caption":"Cand\u00e1s 365 Redes"},"image":{"@id":"https:\/\/candas365.es\/noticias\/i-rallysprint-villa-de-candas-sidra-penon\/#organizationLogo"},"sameAs":["https:\/\/www.facebook.com\/Nachofdezber","https:\/\/x.com\/NabercoDigital","https:\/\/www.instagram.com\/nachofdezber\/","https:\/\/www.youtube.com\/channel\/UCZP-2wLEB9Rv6erhFmqVnvg"],"address":{"@id":"https:\/\/candas365.es\/noticias\/#postaladdress","@type":"PostalAddress","streetAddress":"san antonio 4, san antonio 4","postalCode":"33430","addressLocality":"Cand\u00e1s","addressRegion":"Asturias","addressCountry":"ES"}},{"@type":"Person","@id":"https:\/\/candas365.es\/noticias\/author\/admin\/#author","url":"https:\/\/candas365.es\/noticias\/author\/admin\/","name":"Cand\u00e1s 365","image":{"@type":"ImageObject","@id":"https:\/\/candas365.es\/noticias\/i-rallysprint-villa-de-candas-sidra-penon\/#authorImage","url":"https:\/\/secure.gravatar.com\/avatar\/496a8e03d0c493ede1718b7934145dbdf8d89be1036b0eec9544e1094c9de390?s=96&d=mm&r=g","width":96,"height":96,"caption":"Cand\u00e1s 365"},"sameAs":["https:\/\/www.facebook.com\/carrenoactualidad","https:\/\/twitter.com\/nbasturias","https:\/\/www.instagram.com\/nachofdezber\/","https:\/\/www.youtube.com\/channel\/UCZP-2wLEB9Rv6erhFmqVnvg"]},{"@type":"WebPage","@id":"https:\/\/candas365.es\/noticias\/i-rallysprint-villa-de-candas-sidra-penon\/#webpage","url":"https:\/\/candas365.es\/noticias\/i-rallysprint-villa-de-candas-sidra-penon\/","name":"I Rallysprint \u00abVilla de Cand\u00e1s \u2013 Sidra Pe\u00f1\u00f3n\u00bb | Cand\u00e1s 365","description":"La entidad sin \u00e1nimo de lucro \u201cCand\u00e1s Competici\u00f3n\u201d, que aglutina j\u00f3venes del municipio, y preside Felix S\u00e1nchez Castellano, organizar\u00e1 con el patrocinio del Ayuntamiento de Carre\u00f1o y otras casas colaboradoras, los d\u00edas 17 y 18 de noviembre, el I Rallysprint \u201cVilla de Cand\u00e1s \u2013Sidra Pe\u00f1\u00f3n\u201d. El consistorio carre\u00f1ense colaborar\u00e1 con el evento con una subvenci\u00f3n","inLanguage":"es-ES","isPartOf":{"@id":"https:\/\/candas365.es\/noticias\/#website"},"breadcrumb":{"@id":"https:\/\/candas365.es\/noticias\/i-rallysprint-villa-de-candas-sidra-penon\/#breadcrumblist"},"author":{"@id":"https:\/\/candas365.es\/noticias\/author\/admin\/#author"},"creator":{"@id":"https:\/\/candas365.es\/noticias\/author\/admin\/#author"},"image":{"@type":"ImageObject","url":"https:\/\/candas365.es\/noticias\/wp-content\/uploads\/2017\/11\/IMG_1717.jpg","@id":"https:\/\/candas365.es\/noticias\/i-rallysprint-villa-de-candas-sidra-penon\/#mainImage","width":1280,"height":960},"primaryImageOfPage":{"@id":"https:\/\/candas365.es\/noticias\/i-rallysprint-villa-de-candas-sidra-penon\/#mainImage"},"datePublished":"2017-11-10T17:44:13+01:00","dateModified":"2017-11-10T17:44:13+01:00"},{"@type":"WebSite","@id":"https:\/\/candas365.es\/noticias\/#website","url":"https:\/\/candas365.es\/noticias\/","name":"Cand\u00e1s 365","alternateName":"Cand\u00e1s 365 Noticias","description":"Actualidad desde Carre\u00f1o para el mundo","inLanguage":"es-ES","publisher":{"@id":"https:\/\/candas365.es\/noticias\/#organization"}}]},"og:locale":"es_ES","og:site_name":"Cand\u00e1s 365","og:type":"article","og:title":"I Rallysprint \u00abVilla de Cand\u00e1s \u2013 Sidra Pe\u00f1\u00f3n\u00bb | Cand\u00e1s 365","og:description":"La entidad sin \u00e1nimo de lucro \u201cCand\u00e1s Competici\u00f3n\u201d, que aglutina j\u00f3venes del municipio, y preside Felix S\u00e1nchez Castellano, organizar\u00e1 con el patrocinio del Ayuntamiento de Carre\u00f1o y otras casas colaboradoras, los d\u00edas 17 y 18 de noviembre, el I Rallysprint \u201cVilla de Cand\u00e1s \u2013Sidra Pe\u00f1\u00f3n\u201d. El consistorio carre\u00f1ense colaborar\u00e1 con el evento con una subvenci\u00f3n","og:url":"https:\/\/candas365.es\/noticias\/i-rallysprint-villa-de-candas-sidra-penon\/","og:image":"https:\/\/candas365.es\/noticias\/wp-content\/uploads\/2017\/11\/IMG_1717.jpg","og:image:secure_url":"https:\/\/candas365.es\/noticias\/wp-content\/uploads\/2017\/11\/IMG_1717.jpg","og:image:width":1280,"og:image:height":960,"article:published_time":"2017-11-10T17:44:13+00:00","article:modified_time":"2017-11-10T17:44:13+00:00","article:publisher":"https:\/\/www.facebook.com\/Nachofdezber","article:author":"https:\/\/www.facebook.com\/carrenoactualidad","twitter:card":"summary_large_image","twitter:site":"@NabercoDigital","twitter:title":"I Rallysprint \u00abVilla de Cand\u00e1s \u2013 Sidra Pe\u00f1\u00f3n\u00bb | Cand\u00e1s 365","twitter:description":"La entidad sin \u00e1nimo de lucro \u201cCand\u00e1s Competici\u00f3n\u201d, que aglutina j\u00f3venes del municipio, y preside Felix S\u00e1nchez Castellano, organizar\u00e1 con el patrocinio del Ayuntamiento de Carre\u00f1o y otras casas colaboradoras, los d\u00edas 17 y 18 de noviembre, el I Rallysprint \u201cVilla de Cand\u00e1s \u2013Sidra Pe\u00f1\u00f3n\u201d. El consistorio carre\u00f1ense colaborar\u00e1 con el evento con una subvenci\u00f3n","twitter:creator":"@nbasturias","twitter:image":"https:\/\/candas365.es\/noticias\/wp-content\/uploads\/2017\/11\/IMG_1717.jpg","twitter:label1":"Escrito por","twitter:data1":"Cand\u00e1s 365","twitter:label2":"Tiempo de lectura estimado","twitter:data2":"2 minutos"},"aioseo_meta_data":{"post_id":"84060","title":null,"description":null,"keywords":null,"keyphrases":null,"primary_term":null,"canonical_url":null,"og_title":null,"og_description":null,"og_object_type":"default","og_image_type":"default","og_image_url":null,"og_image_width":null,"og_image_height":null,"og_image_custom_url":null,"og_image_custom_fields":null,"og_video":null,"og_custom_url":null,"og_article_section":null,"og_article_tags":null,"twitter_use_og":false,"twitter_card":"default","twitter_image_type":"default","twitter_image_url":null,"twitter_image_custom_url":null,"twitter_image_custom_fields":null,"twitter_title":null,"twitter_description":null,"schema":{"blockGraphs":[],"customGraphs":[],"default":{"data":{"Article":[],"Course":[],"Dataset":[],"FAQPage":[],"Movie":[],"Person":[],"Product":[],"ProductReview":[],"Car":[],"Recipe":[],"Service":[],"SoftwareApplication":[],"WebPage":[]},"graphName":"","isEnabled":true},"graphs":[],"defaultGraph":"","defaultPostTypeGraph":""},"schema_type":null,"schema_type_options":null,"pillar_content":false,"robots_default":true,"robots_noindex":false,"robots_noarchive":false,"robots_nosnippet":false,"robots_nofollow":false,"robots_noimageindex":false,"robots_noodp":false,"robots_notranslate":false,"robots_max_snippet":null,"robots_max_videopreview":null,"robots_max_imagepreview":"large","priority":null,"frequency":null,"location":null,"local_seo":null,"seo_analyzer_scan_date":"2025-08-26 05:08:17","breadcrumb_settings":null,"limit_modified_date":false,"reviewed_by":null,"open_ai":null,"ai":null,"created":"2020-12-21 12:27:58","updated":"2025-08-26 05:08:17"},"aioseo_breadcrumb":"<div class=\"aioseo-breadcrumbs\"><span class=\"aioseo-breadcrumb\">\n\t<a href=\"https:\/\/candas365.es\/noticias\" title=\"Home\">Home<\/a>\n<\/span><span class=\"aioseo-breadcrumb-separator\">&ndash;<\/span><span class=\"aioseo-breadcrumb\">\n\t<a href=\"https:\/\/candas365.es\/noticias\/category\/noticias-carreno\/\" title=\"Noticias Carre\u00f1o\">Noticias Carre\u00f1o<\/a>\n<\/span><span class=\"aioseo-breadcrumb-separator\">&ndash;<\/span><span class=\"aioseo-breadcrumb\">\n\tI Rallysprint \u00abVilla de Cand\u00e1s \u2013 Sidra Pe\u00f1\u00f3n\u00bb\n<\/span><\/div>","aioseo_breadcrumb_json":[{"label":"Home","link":"https:\/\/candas365.es\/noticias"},{"label":"Noticias Carre\u00f1o","link":"https:\/\/candas365.es\/noticias\/category\/noticias-carreno\/"},{"label":"I Rallysprint \u00abVilla de Cand\u00e1s &#8211; Sidra Pe\u00f1\u00f3n\u00bb","link":"https:\/\/candas365.es\/noticias\/i-rallysprint-villa-de-candas-sidra-penon\/"}],"_links":{"self":[{"href":"https:\/\/candas365.es\/noticias\/wp-json\/wp\/v2\/posts\/84060","targetHints":{"allow":["GET"]}}],"collection":[{"href":"https:\/\/candas365.es\/noticias\/wp-json\/wp\/v2\/posts"}],"about":[{"href":"https:\/\/candas365.es\/noticias\/wp-json\/wp\/v2\/types\/post"}],"author":[{"embeddable":true,"href":"https:\/\/candas365.es\/noticias\/wp-json\/wp\/v2\/users\/1"}],"replies":[{"embeddable":true,"href":"https:\/\/candas365.es\/noticias\/wp-json\/wp\/v2\/comments?post=84060"}],"version-history":[{"count":0,"href":"https:\/\/candas365.es\/noticias\/wp-json\/wp\/v2\/posts\/84060\/revisions"}],"wp:featuredmedia":[{"embeddable":true,"href":"https:\/\/candas365.es\/noticias\/wp-json\/wp\/v2\/media\/84061"}],"wp:attachment":[{"href":"https:\/\/candas365.es\/noticias\/wp-json\/wp\/v2\/media?parent=84060"}],"wp:term":[{"taxonomy":"category","embeddable":true,"href":"https:\/\/candas365.es\/noticias\/wp-json\/wp\/v2\/categories?post=84060"},{"taxonomy":"post_tag","embeddable":true,"href":"https:\/\/candas365.es\/noticias\/wp-json\/wp\/v2\/tags?post=84060"}],"curies":[{"name":"wp","href":"https:\/\/api.w.org\/{rel}","templated":true}]}}