{"id":83927,"date":"2017-11-09T12:08:16","date_gmt":"2017-11-09T12:08:16","guid":{"rendered":"http:\/\/candas365.es\/noticias\/?p=83927"},"modified":"2017-11-09T12:08:16","modified_gmt":"2017-11-09T12:08:16","slug":"ultima-excursion-de-montana-de-la-temporada-de-otono","status":"publish","type":"post","link":"https:\/\/candas365.es\/noticias\/ultima-excursion-de-montana-de-la-temporada-de-otono\/","title":{"rendered":"\u00daltima excursi\u00f3n de monta\u00f1a de la temporada de Oto\u00f1o"},"content":{"rendered":"<p><img fetchpriority=\"high\" decoding=\"async\" class=\"alignleft size-medium wp-image-81739\" src=\"https:\/\/candas365.es\/noticias\/wp-content\/uploads\/2017\/10\/1312226_960_720-360x240.jpg\" alt=\"\" width=\"360\" height=\"240\" srcset=\"https:\/\/candas365.es\/noticias\/wp-content\/uploads\/2017\/10\/1312226_960_720-360x240.jpg 360w, https:\/\/candas365.es\/noticias\/wp-content\/uploads\/2017\/10\/1312226_960_720-768x512.jpg 768w, https:\/\/candas365.es\/noticias\/wp-content\/uploads\/2017\/10\/1312226_960_720-655x437.jpg 655w, https:\/\/candas365.es\/noticias\/wp-content\/uploads\/2017\/10\/1312226_960_720-696x464.jpg 696w, https:\/\/candas365.es\/noticias\/wp-content\/uploads\/2017\/10\/1312226_960_720-630x420.jpg 630w, https:\/\/candas365.es\/noticias\/wp-content\/uploads\/2017\/10\/1312226_960_720-84x55.jpg 84w, https:\/\/candas365.es\/noticias\/wp-content\/uploads\/2017\/10\/1312226_960_720.jpg 960w\" sizes=\"(max-width: 360px) 100vw, 360px\" \/>El pr\u00f3ximo domingo d\u00eda 12 tendr\u00e1 lugar la \u00faltima de las excursiones de monta\u00f1a de la temporada de oto\u00f1o que impulsa el Patronato Deportivo Municipal.<\/p>\n<p>El itinerario previsto es el que sigue Tarna- Cerra D\u2019Altu Pasu- Ventaniella- La U\u00f1a. Qui\u00e9nes se animen a participar transitar\u00e1n por espacios de extraordinario valor ambiental en los parques naturales de Redes y Ponga enlazando dos importantes v\u00edas hist\u00f3ricas, la de Tarna y Ventaniella que sirvieron como v\u00eda de comunicaci\u00f3n para los valles del Alto Nal\u00f3n y los leoneses del Esla.<\/p>\n<p>Son dos las propuestas, una catalogada con dificultad media-baja de 4-4:30 h. de duraci\u00f3n y otra un poco m\u00e1s exigente que corona el Picu La Cerra de dificultad media y 5-5:30 h. Desde la cima se ofrecen las mejores vistas de los legendarios pastos de Ventaniella y el monte La Salguerosa.<\/p>\n<p>La salida ser\u00e1 a las 8 h. del parque Maestro Antu\u00f1a.<\/p>\n","protected":false},"excerpt":{"rendered":"<p>El pr\u00f3ximo domingo d\u00eda 12 tendr\u00e1 lugar la \u00faltima de las excursiones de monta\u00f1a de la temporada de oto\u00f1o que impulsa el Patronato Deportivo Municipal. El itinerario previsto es el que sigue Tarna- Cerra D\u2019Altu Pasu- Ventaniella- La U\u00f1a. Qui\u00e9nes se animen a participar transitar\u00e1n por espacios de extraordinario valor ambiental en los parques naturales<\/p>\n","protected":false},"author":1,"featured_media":81739,"comment_status":"closed","ping_status":"closed","sticky":false,"template":"","format":"standard","meta":{"footnotes":""},"categories":[2],"tags":[],"class_list":{"0":"post-83927","1":"post","2":"type-post","3":"status-publish","4":"format-standard","5":"has-post-thumbnail","7":"category-noticias-carreno"},"aioseo_notices":[],"aioseo_head":"\n\t\t<!-- All in One SEO Pro 4.9.6.2 - aioseo.com -->\n\t<meta name=\"description\" content=\"El pr\u00f3ximo domingo d\u00eda 12 tendr\u00e1 lugar la \u00faltima de las excursiones de monta\u00f1a de la temporada de oto\u00f1o que impulsa el Patronato Deportivo Municipal. El itinerario previsto es el que sigue Tarna- Cerra D\u2019Altu Pasu- Ventaniella- La U\u00f1a. Qui\u00e9nes se animen a participar transitar\u00e1n por espacios de extraordinario valor ambiental en los parques naturales\" \/>\n\t<meta name=\"robots\" content=\"max-image-preview:large\" \/>\n\t<meta name=\"author\" content=\"Cand\u00e1s 365\"\/>\n\t<meta name=\"google-site-verification\" content=\"UA-32230408-1\" \/>\n\t<meta name=\"msvalidate.01\" content=\"354F3CDFB2DA171B47FBE9ABF1F88D5\" \/>\n\t<meta name=\"keywords\" content=\"noticias carre\u00f1o\" \/>\n\t<link rel=\"canonical\" href=\"https:\/\/candas365.es\/noticias\/ultima-excursion-de-montana-de-la-temporada-de-otono\/\" \/>\n\t<meta name=\"generator\" content=\"All in One SEO Pro (AIOSEO) 4.9.6.2\" \/>\n\t\t<meta property=\"og:locale\" content=\"es_ES\" \/>\n\t\t<meta property=\"og:site_name\" content=\"Cand\u00e1s 365\" \/>\n\t\t<meta property=\"og:type\" content=\"article\" \/>\n\t\t<meta property=\"og:title\" content=\"\u00daltima excursi\u00f3n de monta\u00f1a de la temporada de Oto\u00f1o | Cand\u00e1s 365\" \/>\n\t\t<meta property=\"og:description\" content=\"El pr\u00f3ximo domingo d\u00eda 12 tendr\u00e1 lugar la \u00faltima de las excursiones de monta\u00f1a de la temporada de oto\u00f1o que impulsa el Patronato Deportivo Municipal. El itinerario previsto es el que sigue Tarna- Cerra D\u2019Altu Pasu- Ventaniella- La U\u00f1a. Qui\u00e9nes se animen a participar transitar\u00e1n por espacios de extraordinario valor ambiental en los parques naturales\" \/>\n\t\t<meta property=\"og:url\" content=\"https:\/\/candas365.es\/noticias\/ultima-excursion-de-montana-de-la-temporada-de-otono\/\" \/>\n\t\t<meta property=\"og:image\" content=\"https:\/\/candas365.es\/noticias\/wp-content\/uploads\/2017\/10\/1312226_960_720.jpg\" \/>\n\t\t<meta property=\"og:image:secure_url\" content=\"https:\/\/candas365.es\/noticias\/wp-content\/uploads\/2017\/10\/1312226_960_720.jpg\" \/>\n\t\t<meta property=\"og:image:width\" content=\"960\" \/>\n\t\t<meta property=\"og:image:height\" content=\"640\" \/>\n\t\t<meta property=\"article:published_time\" content=\"2017-11-09T12:08:16+00:00\" \/>\n\t\t<meta property=\"article:modified_time\" content=\"2017-11-09T12:08:16+00:00\" \/>\n\t\t<meta property=\"article:publisher\" content=\"https:\/\/www.facebook.com\/Nachofdezber\" \/>\n\t\t<meta property=\"article:author\" content=\"https:\/\/www.facebook.com\/carrenoactualidad\" \/>\n\t\t<meta name=\"twitter:card\" content=\"summary_large_image\" \/>\n\t\t<meta name=\"twitter:site\" content=\"@NabercoDigital\" \/>\n\t\t<meta name=\"twitter:title\" content=\"\u00daltima excursi\u00f3n de monta\u00f1a de la temporada de Oto\u00f1o | Cand\u00e1s 365\" \/>\n\t\t<meta name=\"twitter:description\" content=\"El pr\u00f3ximo domingo d\u00eda 12 tendr\u00e1 lugar la \u00faltima de las excursiones de monta\u00f1a de la temporada de oto\u00f1o que impulsa el Patronato Deportivo Municipal. El itinerario previsto es el que sigue Tarna- Cerra D\u2019Altu Pasu- Ventaniella- La U\u00f1a. Qui\u00e9nes se animen a participar transitar\u00e1n por espacios de extraordinario valor ambiental en los parques naturales\" \/>\n\t\t<meta name=\"twitter:creator\" content=\"@nbasturias\" \/>\n\t\t<meta name=\"twitter:image\" content=\"https:\/\/candas365.es\/noticias\/wp-content\/uploads\/2017\/10\/1312226_960_720.jpg\" \/>\n\t\t<meta name=\"twitter:label1\" content=\"Escrito por\" \/>\n\t\t<meta name=\"twitter:data1\" content=\"Cand\u00e1s 365\" \/>\n\t\t<meta name=\"twitter:label2\" content=\"Tiempo de lectura estimado\" \/>\n\t\t<meta name=\"twitter:data2\" content=\"1 minuto\" \/>\n\t\t<script type=\"application\/ld+json\" class=\"aioseo-schema\">\n\t\t\t{\"@context\":\"https:\\\/\\\/schema.org\",\"@graph\":[{\"@type\":\"BreadcrumbList\",\"@id\":\"https:\\\/\\\/candas365.es\\\/noticias\\\/ultima-excursion-de-montana-de-la-temporada-de-otono\\\/#breadcrumblist\",\"itemListElement\":[{\"@type\":\"ListItem\",\"@id\":\"https:\\\/\\\/candas365.es\\\/noticias#listItem\",\"position\":1,\"name\":\"Home\",\"item\":\"https:\\\/\\\/candas365.es\\\/noticias\",\"nextItem\":{\"@type\":\"ListItem\",\"@id\":\"https:\\\/\\\/candas365.es\\\/noticias\\\/category\\\/noticias-carreno\\\/#listItem\",\"name\":\"Noticias Carre\\u00f1o\"}},{\"@type\":\"ListItem\",\"@id\":\"https:\\\/\\\/candas365.es\\\/noticias\\\/category\\\/noticias-carreno\\\/#listItem\",\"position\":2,\"name\":\"Noticias Carre\\u00f1o\",\"item\":\"https:\\\/\\\/candas365.es\\\/noticias\\\/category\\\/noticias-carreno\\\/\",\"nextItem\":{\"@type\":\"ListItem\",\"@id\":\"https:\\\/\\\/candas365.es\\\/noticias\\\/ultima-excursion-de-montana-de-la-temporada-de-otono\\\/#listItem\",\"name\":\"\\u00daltima excursi\\u00f3n de monta\\u00f1a de la temporada de Oto\\u00f1o\"},\"previousItem\":{\"@type\":\"ListItem\",\"@id\":\"https:\\\/\\\/candas365.es\\\/noticias#listItem\",\"name\":\"Home\"}},{\"@type\":\"ListItem\",\"@id\":\"https:\\\/\\\/candas365.es\\\/noticias\\\/ultima-excursion-de-montana-de-la-temporada-de-otono\\\/#listItem\",\"position\":3,\"name\":\"\\u00daltima excursi\\u00f3n de monta\\u00f1a de la temporada de Oto\\u00f1o\",\"previousItem\":{\"@type\":\"ListItem\",\"@id\":\"https:\\\/\\\/candas365.es\\\/noticias\\\/category\\\/noticias-carreno\\\/#listItem\",\"name\":\"Noticias Carre\\u00f1o\"}}]},{\"@type\":\"NewsArticle\",\"@id\":\"https:\\\/\\\/candas365.es\\\/noticias\\\/ultima-excursion-de-montana-de-la-temporada-de-otono\\\/#newsarticle\",\"name\":\"\\u00daltima excursi\\u00f3n de monta\\u00f1a de la temporada de Oto\\u00f1o | Cand\\u00e1s 365\",\"headline\":\"\\u00daltima excursi\\u00f3n de monta\\u00f1a de la temporada de Oto\\u00f1o\",\"author\":{\"@id\":\"https:\\\/\\\/candas365.es\\\/noticias\\\/author\\\/admin\\\/#author\"},\"publisher\":{\"@id\":\"https:\\\/\\\/candas365.es\\\/noticias\\\/#organization\"},\"image\":{\"@type\":\"ImageObject\",\"url\":\"https:\\\/\\\/candas365.es\\\/noticias\\\/wp-content\\\/uploads\\\/2017\\\/10\\\/1312226_960_720.jpg\",\"width\":960,\"height\":640},\"datePublished\":\"2017-11-09T12:08:16+01:00\",\"dateModified\":\"2017-11-09T12:08:16+01:00\",\"inLanguage\":\"es-ES\",\"mainEntityOfPage\":{\"@id\":\"https:\\\/\\\/candas365.es\\\/noticias\\\/ultima-excursion-de-montana-de-la-temporada-de-otono\\\/#webpage\"},\"isPartOf\":{\"@id\":\"https:\\\/\\\/candas365.es\\\/noticias\\\/ultima-excursion-de-montana-de-la-temporada-de-otono\\\/#webpage\"},\"articleSection\":\"Noticias Carre\\u00f1o\",\"dateline\":\"Publicado el noviembre 9, 2017.\"},{\"@type\":\"Organization\",\"@id\":\"https:\\\/\\\/candas365.es\\\/noticias\\\/#organization\",\"name\":\"Cand\\u00e1s 365\",\"description\":\"Cand\\u00e1s 365 es un diario digital independiente, fundado en 2012, con base en Asturias. Informamos con rigor sobre actualidad, sociedad, cultura y ocio, con una mirada local y global.\",\"url\":\"https:\\\/\\\/candas365.es\\\/noticias\\\/\",\"email\":\"info@candas365.es\",\"telephone\":\"+34652131393\",\"foundingDate\":\"2012-06-10\",\"logo\":{\"@type\":\"ImageObject\",\"url\":\"https:\\\/\\\/candas365.es\\\/noticias\\\/wp-content\\\/uploads\\\/2024\\\/09\\\/Candas-365-Redes.jpg\",\"@id\":\"https:\\\/\\\/candas365.es\\\/noticias\\\/ultima-excursion-de-montana-de-la-temporada-de-otono\\\/#organizationLogo\",\"width\":1152,\"height\":864,\"caption\":\"Cand\\u00e1s 365 Redes\"},\"image\":{\"@id\":\"https:\\\/\\\/candas365.es\\\/noticias\\\/ultima-excursion-de-montana-de-la-temporada-de-otono\\\/#organizationLogo\"},\"sameAs\":[\"https:\\\/\\\/www.facebook.com\\\/Nachofdezber\",\"https:\\\/\\\/x.com\\\/NabercoDigital\",\"https:\\\/\\\/www.instagram.com\\\/nachofdezber\\\/\",\"https:\\\/\\\/www.youtube.com\\\/channel\\\/UCZP-2wLEB9Rv6erhFmqVnvg\"],\"address\":{\"@id\":\"https:\\\/\\\/candas365.es\\\/noticias\\\/#postaladdress\",\"@type\":\"PostalAddress\",\"streetAddress\":\"san antonio 4, san antonio 4\",\"postalCode\":\"33430\",\"addressLocality\":\"Cand\\u00e1s\",\"addressRegion\":\"Asturias\",\"addressCountry\":\"ES\"}},{\"@type\":\"Person\",\"@id\":\"https:\\\/\\\/candas365.es\\\/noticias\\\/author\\\/admin\\\/#author\",\"url\":\"https:\\\/\\\/candas365.es\\\/noticias\\\/author\\\/admin\\\/\",\"name\":\"Cand\\u00e1s 365\",\"image\":{\"@type\":\"ImageObject\",\"@id\":\"https:\\\/\\\/candas365.es\\\/noticias\\\/ultima-excursion-de-montana-de-la-temporada-de-otono\\\/#authorImage\",\"url\":\"https:\\\/\\\/secure.gravatar.com\\\/avatar\\\/496a8e03d0c493ede1718b7934145dbdf8d89be1036b0eec9544e1094c9de390?s=96&d=mm&r=g\",\"width\":96,\"height\":96,\"caption\":\"Cand\\u00e1s 365\"},\"sameAs\":[\"https:\\\/\\\/www.facebook.com\\\/carrenoactualidad\",\"https:\\\/\\\/twitter.com\\\/nbasturias\",\"https:\\\/\\\/www.instagram.com\\\/nachofdezber\\\/\",\"https:\\\/\\\/www.youtube.com\\\/channel\\\/UCZP-2wLEB9Rv6erhFmqVnvg\"]},{\"@type\":\"WebPage\",\"@id\":\"https:\\\/\\\/candas365.es\\\/noticias\\\/ultima-excursion-de-montana-de-la-temporada-de-otono\\\/#webpage\",\"url\":\"https:\\\/\\\/candas365.es\\\/noticias\\\/ultima-excursion-de-montana-de-la-temporada-de-otono\\\/\",\"name\":\"\\u00daltima excursi\\u00f3n de monta\\u00f1a de la temporada de Oto\\u00f1o | Cand\\u00e1s 365\",\"description\":\"El pr\\u00f3ximo domingo d\\u00eda 12 tendr\\u00e1 lugar la \\u00faltima de las excursiones de monta\\u00f1a de la temporada de oto\\u00f1o que impulsa el Patronato Deportivo Municipal. El itinerario previsto es el que sigue Tarna- Cerra D\\u2019Altu Pasu- Ventaniella- La U\\u00f1a. Qui\\u00e9nes se animen a participar transitar\\u00e1n por espacios de extraordinario valor ambiental en los parques naturales\",\"inLanguage\":\"es-ES\",\"isPartOf\":{\"@id\":\"https:\\\/\\\/candas365.es\\\/noticias\\\/#website\"},\"breadcrumb\":{\"@id\":\"https:\\\/\\\/candas365.es\\\/noticias\\\/ultima-excursion-de-montana-de-la-temporada-de-otono\\\/#breadcrumblist\"},\"author\":{\"@id\":\"https:\\\/\\\/candas365.es\\\/noticias\\\/author\\\/admin\\\/#author\"},\"creator\":{\"@id\":\"https:\\\/\\\/candas365.es\\\/noticias\\\/author\\\/admin\\\/#author\"},\"image\":{\"@type\":\"ImageObject\",\"url\":\"https:\\\/\\\/candas365.es\\\/noticias\\\/wp-content\\\/uploads\\\/2017\\\/10\\\/1312226_960_720.jpg\",\"@id\":\"https:\\\/\\\/candas365.es\\\/noticias\\\/ultima-excursion-de-montana-de-la-temporada-de-otono\\\/#mainImage\",\"width\":960,\"height\":640},\"primaryImageOfPage\":{\"@id\":\"https:\\\/\\\/candas365.es\\\/noticias\\\/ultima-excursion-de-montana-de-la-temporada-de-otono\\\/#mainImage\"},\"datePublished\":\"2017-11-09T12:08:16+01:00\",\"dateModified\":\"2017-11-09T12:08:16+01:00\"},{\"@type\":\"WebSite\",\"@id\":\"https:\\\/\\\/candas365.es\\\/noticias\\\/#website\",\"url\":\"https:\\\/\\\/candas365.es\\\/noticias\\\/\",\"name\":\"Cand\\u00e1s 365\",\"alternateName\":\"Cand\\u00e1s 365 Noticias\",\"description\":\"Actualidad desde Carre\\u00f1o para el mundo\",\"inLanguage\":\"es-ES\",\"publisher\":{\"@id\":\"https:\\\/\\\/candas365.es\\\/noticias\\\/#organization\"}}]}\n\t\t<\/script>\n\t\t<!-- All in One SEO Pro -->\r\n\t\t<title>\u00daltima excursi\u00f3n de monta\u00f1a de la temporada de Oto\u00f1o | Cand\u00e1s 365<\/title>\n\n","aioseo_head_json":{"title":"\u00daltima excursi\u00f3n de monta\u00f1a de la temporada de Oto\u00f1o | Cand\u00e1s 365","description":"El pr\u00f3ximo domingo d\u00eda 12 tendr\u00e1 lugar la \u00faltima de las excursiones de monta\u00f1a de la temporada de oto\u00f1o que impulsa el Patronato Deportivo Municipal. El itinerario previsto es el que sigue Tarna- Cerra D\u2019Altu Pasu- Ventaniella- La U\u00f1a. Qui\u00e9nes se animen a participar transitar\u00e1n por espacios de extraordinario valor ambiental en los parques naturales","canonical_url":"https:\/\/candas365.es\/noticias\/ultima-excursion-de-montana-de-la-temporada-de-otono\/","robots":"max-image-preview:large","keywords":"noticias carre\u00f1o","webmasterTools":{"google-site-verification":"UA-32230408-1","msvalidate.01":"354F3CDFB2DA171B47FBE9ABF1F88D5","miscellaneous":""},"schema":{"@context":"https:\/\/schema.org","@graph":[{"@type":"BreadcrumbList","@id":"https:\/\/candas365.es\/noticias\/ultima-excursion-de-montana-de-la-temporada-de-otono\/#breadcrumblist","itemListElement":[{"@type":"ListItem","@id":"https:\/\/candas365.es\/noticias#listItem","position":1,"name":"Home","item":"https:\/\/candas365.es\/noticias","nextItem":{"@type":"ListItem","@id":"https:\/\/candas365.es\/noticias\/category\/noticias-carreno\/#listItem","name":"Noticias Carre\u00f1o"}},{"@type":"ListItem","@id":"https:\/\/candas365.es\/noticias\/category\/noticias-carreno\/#listItem","position":2,"name":"Noticias Carre\u00f1o","item":"https:\/\/candas365.es\/noticias\/category\/noticias-carreno\/","nextItem":{"@type":"ListItem","@id":"https:\/\/candas365.es\/noticias\/ultima-excursion-de-montana-de-la-temporada-de-otono\/#listItem","name":"\u00daltima excursi\u00f3n de monta\u00f1a de la temporada de Oto\u00f1o"},"previousItem":{"@type":"ListItem","@id":"https:\/\/candas365.es\/noticias#listItem","name":"Home"}},{"@type":"ListItem","@id":"https:\/\/candas365.es\/noticias\/ultima-excursion-de-montana-de-la-temporada-de-otono\/#listItem","position":3,"name":"\u00daltima excursi\u00f3n de monta\u00f1a de la temporada de Oto\u00f1o","previousItem":{"@type":"ListItem","@id":"https:\/\/candas365.es\/noticias\/category\/noticias-carreno\/#listItem","name":"Noticias Carre\u00f1o"}}]},{"@type":"NewsArticle","@id":"https:\/\/candas365.es\/noticias\/ultima-excursion-de-montana-de-la-temporada-de-otono\/#newsarticle","name":"\u00daltima excursi\u00f3n de monta\u00f1a de la temporada de Oto\u00f1o | Cand\u00e1s 365","headline":"\u00daltima excursi\u00f3n de monta\u00f1a de la temporada de Oto\u00f1o","author":{"@id":"https:\/\/candas365.es\/noticias\/author\/admin\/#author"},"publisher":{"@id":"https:\/\/candas365.es\/noticias\/#organization"},"image":{"@type":"ImageObject","url":"https:\/\/candas365.es\/noticias\/wp-content\/uploads\/2017\/10\/1312226_960_720.jpg","width":960,"height":640},"datePublished":"2017-11-09T12:08:16+01:00","dateModified":"2017-11-09T12:08:16+01:00","inLanguage":"es-ES","mainEntityOfPage":{"@id":"https:\/\/candas365.es\/noticias\/ultima-excursion-de-montana-de-la-temporada-de-otono\/#webpage"},"isPartOf":{"@id":"https:\/\/candas365.es\/noticias\/ultima-excursion-de-montana-de-la-temporada-de-otono\/#webpage"},"articleSection":"Noticias Carre\u00f1o","dateline":"Publicado el noviembre 9, 2017."},{"@type":"Organization","@id":"https:\/\/candas365.es\/noticias\/#organization","name":"Cand\u00e1s 365","description":"Cand\u00e1s 365 es un diario digital independiente, fundado en 2012, con base en Asturias. Informamos con rigor sobre actualidad, sociedad, cultura y ocio, con una mirada local y global.","url":"https:\/\/candas365.es\/noticias\/","email":"info@candas365.es","telephone":"+34652131393","foundingDate":"2012-06-10","logo":{"@type":"ImageObject","url":"https:\/\/candas365.es\/noticias\/wp-content\/uploads\/2024\/09\/Candas-365-Redes.jpg","@id":"https:\/\/candas365.es\/noticias\/ultima-excursion-de-montana-de-la-temporada-de-otono\/#organizationLogo","width":1152,"height":864,"caption":"Cand\u00e1s 365 Redes"},"image":{"@id":"https:\/\/candas365.es\/noticias\/ultima-excursion-de-montana-de-la-temporada-de-otono\/#organizationLogo"},"sameAs":["https:\/\/www.facebook.com\/Nachofdezber","https:\/\/x.com\/NabercoDigital","https:\/\/www.instagram.com\/nachofdezber\/","https:\/\/www.youtube.com\/channel\/UCZP-2wLEB9Rv6erhFmqVnvg"],"address":{"@id":"https:\/\/candas365.es\/noticias\/#postaladdress","@type":"PostalAddress","streetAddress":"san antonio 4, san antonio 4","postalCode":"33430","addressLocality":"Cand\u00e1s","addressRegion":"Asturias","addressCountry":"ES"}},{"@type":"Person","@id":"https:\/\/candas365.es\/noticias\/author\/admin\/#author","url":"https:\/\/candas365.es\/noticias\/author\/admin\/","name":"Cand\u00e1s 365","image":{"@type":"ImageObject","@id":"https:\/\/candas365.es\/noticias\/ultima-excursion-de-montana-de-la-temporada-de-otono\/#authorImage","url":"https:\/\/secure.gravatar.com\/avatar\/496a8e03d0c493ede1718b7934145dbdf8d89be1036b0eec9544e1094c9de390?s=96&d=mm&r=g","width":96,"height":96,"caption":"Cand\u00e1s 365"},"sameAs":["https:\/\/www.facebook.com\/carrenoactualidad","https:\/\/twitter.com\/nbasturias","https:\/\/www.instagram.com\/nachofdezber\/","https:\/\/www.youtube.com\/channel\/UCZP-2wLEB9Rv6erhFmqVnvg"]},{"@type":"WebPage","@id":"https:\/\/candas365.es\/noticias\/ultima-excursion-de-montana-de-la-temporada-de-otono\/#webpage","url":"https:\/\/candas365.es\/noticias\/ultima-excursion-de-montana-de-la-temporada-de-otono\/","name":"\u00daltima excursi\u00f3n de monta\u00f1a de la temporada de Oto\u00f1o | Cand\u00e1s 365","description":"El pr\u00f3ximo domingo d\u00eda 12 tendr\u00e1 lugar la \u00faltima de las excursiones de monta\u00f1a de la temporada de oto\u00f1o que impulsa el Patronato Deportivo Municipal. El itinerario previsto es el que sigue Tarna- Cerra D\u2019Altu Pasu- Ventaniella- La U\u00f1a. Qui\u00e9nes se animen a participar transitar\u00e1n por espacios de extraordinario valor ambiental en los parques naturales","inLanguage":"es-ES","isPartOf":{"@id":"https:\/\/candas365.es\/noticias\/#website"},"breadcrumb":{"@id":"https:\/\/candas365.es\/noticias\/ultima-excursion-de-montana-de-la-temporada-de-otono\/#breadcrumblist"},"author":{"@id":"https:\/\/candas365.es\/noticias\/author\/admin\/#author"},"creator":{"@id":"https:\/\/candas365.es\/noticias\/author\/admin\/#author"},"image":{"@type":"ImageObject","url":"https:\/\/candas365.es\/noticias\/wp-content\/uploads\/2017\/10\/1312226_960_720.jpg","@id":"https:\/\/candas365.es\/noticias\/ultima-excursion-de-montana-de-la-temporada-de-otono\/#mainImage","width":960,"height":640},"primaryImageOfPage":{"@id":"https:\/\/candas365.es\/noticias\/ultima-excursion-de-montana-de-la-temporada-de-otono\/#mainImage"},"datePublished":"2017-11-09T12:08:16+01:00","dateModified":"2017-11-09T12:08:16+01:00"},{"@type":"WebSite","@id":"https:\/\/candas365.es\/noticias\/#website","url":"https:\/\/candas365.es\/noticias\/","name":"Cand\u00e1s 365","alternateName":"Cand\u00e1s 365 Noticias","description":"Actualidad desde Carre\u00f1o para el mundo","inLanguage":"es-ES","publisher":{"@id":"https:\/\/candas365.es\/noticias\/#organization"}}]},"og:locale":"es_ES","og:site_name":"Cand\u00e1s 365","og:type":"article","og:title":"\u00daltima excursi\u00f3n de monta\u00f1a de la temporada de Oto\u00f1o | Cand\u00e1s 365","og:description":"El pr\u00f3ximo domingo d\u00eda 12 tendr\u00e1 lugar la \u00faltima de las excursiones de monta\u00f1a de la temporada de oto\u00f1o que impulsa el Patronato Deportivo Municipal. El itinerario previsto es el que sigue Tarna- Cerra D\u2019Altu Pasu- Ventaniella- La U\u00f1a. Qui\u00e9nes se animen a participar transitar\u00e1n por espacios de extraordinario valor ambiental en los parques naturales","og:url":"https:\/\/candas365.es\/noticias\/ultima-excursion-de-montana-de-la-temporada-de-otono\/","og:image":"https:\/\/candas365.es\/noticias\/wp-content\/uploads\/2017\/10\/1312226_960_720.jpg","og:image:secure_url":"https:\/\/candas365.es\/noticias\/wp-content\/uploads\/2017\/10\/1312226_960_720.jpg","og:image:width":960,"og:image:height":640,"article:published_time":"2017-11-09T12:08:16+00:00","article:modified_time":"2017-11-09T12:08:16+00:00","article:publisher":"https:\/\/www.facebook.com\/Nachofdezber","article:author":"https:\/\/www.facebook.com\/carrenoactualidad","twitter:card":"summary_large_image","twitter:site":"@NabercoDigital","twitter:title":"\u00daltima excursi\u00f3n de monta\u00f1a de la temporada de Oto\u00f1o | Cand\u00e1s 365","twitter:description":"El pr\u00f3ximo domingo d\u00eda 12 tendr\u00e1 lugar la \u00faltima de las excursiones de monta\u00f1a de la temporada de oto\u00f1o que impulsa el Patronato Deportivo Municipal. El itinerario previsto es el que sigue Tarna- Cerra D\u2019Altu Pasu- Ventaniella- La U\u00f1a. Qui\u00e9nes se animen a participar transitar\u00e1n por espacios de extraordinario valor ambiental en los parques naturales","twitter:creator":"@nbasturias","twitter:image":"https:\/\/candas365.es\/noticias\/wp-content\/uploads\/2017\/10\/1312226_960_720.jpg","twitter:label1":"Escrito por","twitter:data1":"Cand\u00e1s 365","twitter:label2":"Tiempo de lectura estimado","twitter:data2":"1 minuto"},"aioseo_meta_data":{"post_id":"83927","title":null,"description":null,"keywords":null,"keyphrases":null,"primary_term":null,"canonical_url":null,"og_title":null,"og_description":null,"og_object_type":"default","og_image_type":"default","og_image_url":null,"og_image_width":null,"og_image_height":null,"og_image_custom_url":null,"og_image_custom_fields":null,"og_video":null,"og_custom_url":null,"og_article_section":null,"og_article_tags":null,"twitter_use_og":false,"twitter_card":"default","twitter_image_type":"default","twitter_image_url":null,"twitter_image_custom_url":null,"twitter_image_custom_fields":null,"twitter_title":null,"twitter_description":null,"schema":{"blockGraphs":[],"customGraphs":[],"default":{"data":{"Article":[],"Course":[],"Dataset":[],"FAQPage":[],"Movie":[],"Person":[],"Product":[],"ProductReview":[],"Car":[],"Recipe":[],"Service":[],"SoftwareApplication":[],"WebPage":[]},"graphName":"","isEnabled":true},"graphs":[]},"schema_type":null,"schema_type_options":null,"pillar_content":false,"robots_default":true,"robots_noindex":false,"robots_noarchive":false,"robots_nosnippet":false,"robots_nofollow":false,"robots_noimageindex":false,"robots_noodp":false,"robots_notranslate":false,"robots_max_snippet":null,"robots_max_videopreview":null,"robots_max_imagepreview":"large","priority":null,"frequency":null,"location":null,"local_seo":null,"seo_analyzer_scan_date":"2025-08-26 04:57:15","breadcrumb_settings":null,"limit_modified_date":false,"reviewed_by":null,"open_ai":null,"ai":null,"created":"2020-12-21 12:27:58","updated":"2025-08-26 04:57:15"},"aioseo_breadcrumb":"<div class=\"aioseo-breadcrumbs\"><span class=\"aioseo-breadcrumb\">\n\t<a href=\"https:\/\/candas365.es\/noticias\" title=\"Home\">Home<\/a>\n<\/span><span class=\"aioseo-breadcrumb-separator\">&ndash;<\/span><span class=\"aioseo-breadcrumb\">\n\t<a href=\"https:\/\/candas365.es\/noticias\/category\/noticias-carreno\/\" title=\"Noticias Carre\u00f1o\">Noticias Carre\u00f1o<\/a>\n<\/span><span class=\"aioseo-breadcrumb-separator\">&ndash;<\/span><span class=\"aioseo-breadcrumb\">\n\t\u00daltima excursi\u00f3n de monta\u00f1a de la temporada de Oto\u00f1o\n<\/span><\/div>","aioseo_breadcrumb_json":[{"label":"Home","link":"https:\/\/candas365.es\/noticias"},{"label":"Noticias Carre\u00f1o","link":"https:\/\/candas365.es\/noticias\/category\/noticias-carreno\/"},{"label":"\u00daltima excursi\u00f3n de monta\u00f1a de la temporada de Oto\u00f1o","link":"https:\/\/candas365.es\/noticias\/ultima-excursion-de-montana-de-la-temporada-de-otono\/"}],"_links":{"self":[{"href":"https:\/\/candas365.es\/noticias\/wp-json\/wp\/v2\/posts\/83927","targetHints":{"allow":["GET"]}}],"collection":[{"href":"https:\/\/candas365.es\/noticias\/wp-json\/wp\/v2\/posts"}],"about":[{"href":"https:\/\/candas365.es\/noticias\/wp-json\/wp\/v2\/types\/post"}],"author":[{"embeddable":true,"href":"https:\/\/candas365.es\/noticias\/wp-json\/wp\/v2\/users\/1"}],"replies":[{"embeddable":true,"href":"https:\/\/candas365.es\/noticias\/wp-json\/wp\/v2\/comments?post=83927"}],"version-history":[{"count":0,"href":"https:\/\/candas365.es\/noticias\/wp-json\/wp\/v2\/posts\/83927\/revisions"}],"wp:featuredmedia":[{"embeddable":true,"href":"https:\/\/candas365.es\/noticias\/wp-json\/wp\/v2\/media\/81739"}],"wp:attachment":[{"href":"https:\/\/candas365.es\/noticias\/wp-json\/wp\/v2\/media?parent=83927"}],"wp:term":[{"taxonomy":"category","embeddable":true,"href":"https:\/\/candas365.es\/noticias\/wp-json\/wp\/v2\/categories?post=83927"},{"taxonomy":"post_tag","embeddable":true,"href":"https:\/\/candas365.es\/noticias\/wp-json\/wp\/v2\/tags?post=83927"}],"curies":[{"name":"wp","href":"https:\/\/api.w.org\/{rel}","templated":true}]}}