{"id":83918,"date":"2017-11-09T11:39:19","date_gmt":"2017-11-09T11:39:19","guid":{"rendered":"http:\/\/candas365.es\/noticias\/?p=83918"},"modified":"2017-11-09T11:39:19","modified_gmt":"2017-11-09T11:39:19","slug":"campanadas-2017-con-anne-y-ramon","status":"publish","type":"post","link":"https:\/\/candas365.es\/noticias\/campanadas-2017-con-anne-y-ramon\/","title":{"rendered":"Campanadas 2017 con Anne y Ram\u00f3n"},"content":{"rendered":"<p><img fetchpriority=\"high\" decoding=\"async\" class=\"alignleft size-medium wp-image-83919\" src=\"https:\/\/candas365.es\/noticias\/wp-content\/uploads\/2017\/11\/C2017-360x203.jpg\" alt=\"\" width=\"360\" height=\"203\" srcset=\"https:\/\/candas365.es\/noticias\/wp-content\/uploads\/2017\/11\/C2017-360x203.jpg 360w, https:\/\/candas365.es\/noticias\/wp-content\/uploads\/2017\/11\/C2017-768x432.jpg 768w, https:\/\/candas365.es\/noticias\/wp-content\/uploads\/2017\/11\/C2017-655x369.jpg 655w, https:\/\/candas365.es\/noticias\/wp-content\/uploads\/2017\/11\/C2017-696x392.jpg 696w, https:\/\/candas365.es\/noticias\/wp-content\/uploads\/2017\/11\/C2017-1068x601.jpg 1068w, https:\/\/candas365.es\/noticias\/wp-content\/uploads\/2017\/11\/C2017-746x420.jpg 746w, https:\/\/candas365.es\/noticias\/wp-content\/uploads\/2017\/11\/C2017-499x280.jpg 499w, https:\/\/candas365.es\/noticias\/wp-content\/uploads\/2017\/11\/C2017.jpg 1180w\" sizes=\"(max-width: 360px) 100vw, 360px\" \/>Las Campanadas de Fin de A\u00f1o estar\u00e1n en las mejores manos en RTVE. Una pareja televisiva muy conocida por los espectadores ser\u00e1 la encargada de recibir 2018 desde la Puerta del Sol de Madrid: Anne Igartiburu y Ram\u00f3n Garc\u00eda.<\/p>\n<p>Ser\u00e1 la quinta ocasi\u00f3n \u2013tras 2005, 2006, 2014 y 2015\u2013 que compartan juntos esta cita navide\u00f1a. Adem\u00e1s, Anne Igartiburu cumplir\u00e1 13 a\u00f1os consecutivos transmitiendo en directo las Campanadas en RTVE, mientras que para Ram\u00f3n Garc\u00eda ser\u00e1 la 16\u00aa ocasi\u00f3n, 14\u00aa en TVE.<\/p>\n<p>Las \u00faltimas Campanadas que dieron juntos en TVE fueron las m\u00e1s vistas desde 2011, con casi 5,4 millones y 40,8% de cuota. Y en el momento clave de la retransmisi\u00f3n, el \u2018minuto de campanadas\u2019, la audiencia ascendi\u00f3 hasta el 47,6% de cuota y 6.501.000 de espectadores<\/p>\n<p>Las Campanadas ser\u00e1n el centro de atenci\u00f3n de una de las noches m\u00e1s especiales del a\u00f1o y para la que RTVE est\u00e1 preparando una programaci\u00f3n especial para toda la familia. Esa misma noche, La 1 ofrecer\u00e1 \u2018\u00a1Feliz 2018!\u2019, presentado por Eva Gonz\u00e1lez y Carlos Latre. La presentadora de \u2018MasterChef\u2019 volver\u00e1 a acompa\u00f1ar por sexto a\u00f1o consecutivo a los espectadores en la Nochevieja de La 1. Este a\u00f1o en compa\u00f1\u00eda del humorista, actor y presentador Carlos Latre.<\/p>\n<p>Un t\u00e1ndem lleno de simpat\u00eda y buen humor que despedir\u00e1 2017 y dar\u00e1 la bienvenida al nuevo a\u00f1o en un programa que contar\u00e1 con los mejores artistas nacionales e internacionales, espectaculares n\u00fameros visuales, magia y mucho humor para la noche m\u00e1s divertida del a\u00f1o. El especial de Nochevieja arrancar\u00e1 tras el programa de humor de Jos\u00e9 Mota, y continuar\u00e1 tras las Campanadas.<\/p>\n<p>La programaci\u00f3n navide\u00f1a se completar\u00e1 con \u2018Telepasi\u00f3n\u2019; especiales musicales de Raphael y Pablo Albor\u00e1n; el concierto-homenaje \u2018Mi querida Cecilia\u2019 y un especial de Bruno Mars; la retransmisi\u00f3n del Sorteo de la Loter\u00eda de Navidad; la Gala Inocente, Inocente y la Cabalgata de Reyes, entre otras citas imprescindibles del per\u00edodo navide\u00f1o.<\/p>\n","protected":false},"excerpt":{"rendered":"<p>Las Campanadas de Fin de A\u00f1o estar\u00e1n en las mejores manos en RTVE. Una pareja televisiva muy conocida por los espectadores ser\u00e1 la encargada de recibir 2018 desde la Puerta del Sol de Madrid: Anne Igartiburu y Ram\u00f3n Garc\u00eda. Ser\u00e1 la quinta ocasi\u00f3n \u2013tras 2005, 2006, 2014 y 2015\u2013 que compartan juntos esta cita navide\u00f1a.<\/p>\n","protected":false},"author":1,"featured_media":83919,"comment_status":"closed","ping_status":"closed","sticky":false,"template":"","format":"standard","meta":{"footnotes":""},"categories":[1],"tags":[],"class_list":{"0":"post-83918","1":"post","2":"type-post","3":"status-publish","4":"format-standard","5":"has-post-thumbnail","7":"category-agenda"},"aioseo_notices":[],"aioseo_head":"\n\t\t<!-- All in One SEO Pro 4.9.6.2 - aioseo.com -->\n\t<meta name=\"description\" content=\"Las Campanadas de Fin de A\u00f1o estar\u00e1n en las mejores manos en RTVE. Una pareja televisiva muy conocida por los espectadores ser\u00e1 la encargada de recibir 2018 desde la Puerta del Sol de Madrid: Anne Igartiburu y Ram\u00f3n Garc\u00eda. Ser\u00e1 la quinta ocasi\u00f3n \u2013tras 2005, 2006, 2014 y 2015\u2013 que compartan juntos esta cita navide\u00f1a.\" \/>\n\t<meta name=\"robots\" content=\"max-image-preview:large\" \/>\n\t<meta name=\"author\" content=\"Cand\u00e1s 365\"\/>\n\t<meta name=\"google-site-verification\" content=\"UA-32230408-1\" \/>\n\t<meta name=\"msvalidate.01\" content=\"354F3CDFB2DA171B47FBE9ABF1F88D5\" \/>\n\t<meta name=\"keywords\" content=\"agenda\" \/>\n\t<link rel=\"canonical\" href=\"https:\/\/candas365.es\/noticias\/campanadas-2017-con-anne-y-ramon\/\" \/>\n\t<meta name=\"generator\" content=\"All in One SEO Pro (AIOSEO) 4.9.6.2\" \/>\n\t\t<meta property=\"og:locale\" content=\"es_ES\" \/>\n\t\t<meta property=\"og:site_name\" content=\"Cand\u00e1s 365\" \/>\n\t\t<meta property=\"og:type\" content=\"article\" \/>\n\t\t<meta property=\"og:title\" content=\"Campanadas 2017 con Anne y Ram\u00f3n | Cand\u00e1s 365\" \/>\n\t\t<meta property=\"og:description\" content=\"Las Campanadas de Fin de A\u00f1o estar\u00e1n en las mejores manos en RTVE. Una pareja televisiva muy conocida por los espectadores ser\u00e1 la encargada de recibir 2018 desde la Puerta del Sol de Madrid: Anne Igartiburu y Ram\u00f3n Garc\u00eda. Ser\u00e1 la quinta ocasi\u00f3n \u2013tras 2005, 2006, 2014 y 2015\u2013 que compartan juntos esta cita navide\u00f1a.\" \/>\n\t\t<meta property=\"og:url\" content=\"https:\/\/candas365.es\/noticias\/campanadas-2017-con-anne-y-ramon\/\" \/>\n\t\t<meta property=\"og:image\" content=\"https:\/\/candas365.es\/noticias\/wp-content\/uploads\/2017\/11\/C2017.jpg\" \/>\n\t\t<meta property=\"og:image:secure_url\" content=\"https:\/\/candas365.es\/noticias\/wp-content\/uploads\/2017\/11\/C2017.jpg\" \/>\n\t\t<meta property=\"og:image:width\" content=\"1180\" \/>\n\t\t<meta property=\"og:image:height\" content=\"664\" \/>\n\t\t<meta property=\"article:published_time\" content=\"2017-11-09T11:39:19+00:00\" \/>\n\t\t<meta property=\"article:modified_time\" content=\"2017-11-09T11:39:19+00:00\" \/>\n\t\t<meta property=\"article:publisher\" content=\"https:\/\/www.facebook.com\/Nachofdezber\" \/>\n\t\t<meta property=\"article:author\" content=\"https:\/\/www.facebook.com\/carrenoactualidad\" \/>\n\t\t<meta name=\"twitter:card\" content=\"summary_large_image\" \/>\n\t\t<meta name=\"twitter:site\" content=\"@NabercoDigital\" \/>\n\t\t<meta name=\"twitter:title\" content=\"Campanadas 2017 con Anne y Ram\u00f3n | Cand\u00e1s 365\" \/>\n\t\t<meta name=\"twitter:description\" content=\"Las Campanadas de Fin de A\u00f1o estar\u00e1n en las mejores manos en RTVE. Una pareja televisiva muy conocida por los espectadores ser\u00e1 la encargada de recibir 2018 desde la Puerta del Sol de Madrid: Anne Igartiburu y Ram\u00f3n Garc\u00eda. Ser\u00e1 la quinta ocasi\u00f3n \u2013tras 2005, 2006, 2014 y 2015\u2013 que compartan juntos esta cita navide\u00f1a.\" \/>\n\t\t<meta name=\"twitter:creator\" content=\"@nbasturias\" \/>\n\t\t<meta name=\"twitter:image\" content=\"https:\/\/candas365.es\/noticias\/wp-content\/uploads\/2017\/11\/C2017.jpg\" \/>\n\t\t<meta name=\"twitter:label1\" content=\"Escrito por\" \/>\n\t\t<meta name=\"twitter:data1\" content=\"Cand\u00e1s 365\" \/>\n\t\t<meta name=\"twitter:label2\" content=\"Tiempo de lectura estimado\" \/>\n\t\t<meta name=\"twitter:data2\" content=\"2 minutos\" \/>\n\t\t<script type=\"application\/ld+json\" class=\"aioseo-schema\">\n\t\t\t{\"@context\":\"https:\\\/\\\/schema.org\",\"@graph\":[{\"@type\":\"BreadcrumbList\",\"@id\":\"https:\\\/\\\/candas365.es\\\/noticias\\\/campanadas-2017-con-anne-y-ramon\\\/#breadcrumblist\",\"itemListElement\":[{\"@type\":\"ListItem\",\"@id\":\"https:\\\/\\\/candas365.es\\\/noticias#listItem\",\"position\":1,\"name\":\"Home\",\"item\":\"https:\\\/\\\/candas365.es\\\/noticias\",\"nextItem\":{\"@type\":\"ListItem\",\"@id\":\"https:\\\/\\\/candas365.es\\\/noticias\\\/category\\\/agenda\\\/#listItem\",\"name\":\"Agenda\"}},{\"@type\":\"ListItem\",\"@id\":\"https:\\\/\\\/candas365.es\\\/noticias\\\/category\\\/agenda\\\/#listItem\",\"position\":2,\"name\":\"Agenda\",\"item\":\"https:\\\/\\\/candas365.es\\\/noticias\\\/category\\\/agenda\\\/\",\"nextItem\":{\"@type\":\"ListItem\",\"@id\":\"https:\\\/\\\/candas365.es\\\/noticias\\\/campanadas-2017-con-anne-y-ramon\\\/#listItem\",\"name\":\"Campanadas 2017 con Anne y Ram\\u00f3n\"},\"previousItem\":{\"@type\":\"ListItem\",\"@id\":\"https:\\\/\\\/candas365.es\\\/noticias#listItem\",\"name\":\"Home\"}},{\"@type\":\"ListItem\",\"@id\":\"https:\\\/\\\/candas365.es\\\/noticias\\\/campanadas-2017-con-anne-y-ramon\\\/#listItem\",\"position\":3,\"name\":\"Campanadas 2017 con Anne y Ram\\u00f3n\",\"previousItem\":{\"@type\":\"ListItem\",\"@id\":\"https:\\\/\\\/candas365.es\\\/noticias\\\/category\\\/agenda\\\/#listItem\",\"name\":\"Agenda\"}}]},{\"@type\":\"NewsArticle\",\"@id\":\"https:\\\/\\\/candas365.es\\\/noticias\\\/campanadas-2017-con-anne-y-ramon\\\/#newsarticle\",\"name\":\"Campanadas 2017 con Anne y Ram\\u00f3n | Cand\\u00e1s 365\",\"headline\":\"Campanadas 2017 con Anne y Ram\\u00f3n\",\"author\":{\"@id\":\"https:\\\/\\\/candas365.es\\\/noticias\\\/author\\\/admin\\\/#author\"},\"publisher\":{\"@id\":\"https:\\\/\\\/candas365.es\\\/noticias\\\/#organization\"},\"image\":{\"@type\":\"ImageObject\",\"url\":\"https:\\\/\\\/candas365.es\\\/noticias\\\/wp-content\\\/uploads\\\/2017\\\/11\\\/C2017.jpg\",\"width\":1180,\"height\":664},\"datePublished\":\"2017-11-09T11:39:19+01:00\",\"dateModified\":\"2017-11-09T11:39:19+01:00\",\"inLanguage\":\"es-ES\",\"mainEntityOfPage\":{\"@id\":\"https:\\\/\\\/candas365.es\\\/noticias\\\/campanadas-2017-con-anne-y-ramon\\\/#webpage\"},\"isPartOf\":{\"@id\":\"https:\\\/\\\/candas365.es\\\/noticias\\\/campanadas-2017-con-anne-y-ramon\\\/#webpage\"},\"articleSection\":\"Agenda\",\"dateline\":\"Publicado el noviembre 9, 2017.\"},{\"@type\":\"Organization\",\"@id\":\"https:\\\/\\\/candas365.es\\\/noticias\\\/#organization\",\"name\":\"Cand\\u00e1s 365\",\"description\":\"Cand\\u00e1s 365 es un diario digital independiente, fundado en 2012, con base en Asturias. Informamos con rigor sobre actualidad, sociedad, cultura y ocio, con una mirada local y global.\",\"url\":\"https:\\\/\\\/candas365.es\\\/noticias\\\/\",\"email\":\"info@candas365.es\",\"telephone\":\"+34652131393\",\"foundingDate\":\"2012-06-10\",\"logo\":{\"@type\":\"ImageObject\",\"url\":\"https:\\\/\\\/candas365.es\\\/noticias\\\/wp-content\\\/uploads\\\/2024\\\/09\\\/Candas-365-Redes.jpg\",\"@id\":\"https:\\\/\\\/candas365.es\\\/noticias\\\/campanadas-2017-con-anne-y-ramon\\\/#organizationLogo\",\"width\":1152,\"height\":864,\"caption\":\"Cand\\u00e1s 365 Redes\"},\"image\":{\"@id\":\"https:\\\/\\\/candas365.es\\\/noticias\\\/campanadas-2017-con-anne-y-ramon\\\/#organizationLogo\"},\"sameAs\":[\"https:\\\/\\\/www.facebook.com\\\/Nachofdezber\",\"https:\\\/\\\/x.com\\\/NabercoDigital\",\"https:\\\/\\\/www.instagram.com\\\/nachofdezber\\\/\",\"https:\\\/\\\/www.youtube.com\\\/channel\\\/UCZP-2wLEB9Rv6erhFmqVnvg\"],\"address\":{\"@id\":\"https:\\\/\\\/candas365.es\\\/noticias\\\/#postaladdress\",\"@type\":\"PostalAddress\",\"streetAddress\":\"san antonio 4, san antonio 4\",\"postalCode\":\"33430\",\"addressLocality\":\"Cand\\u00e1s\",\"addressRegion\":\"Asturias\",\"addressCountry\":\"ES\"}},{\"@type\":\"Person\",\"@id\":\"https:\\\/\\\/candas365.es\\\/noticias\\\/author\\\/admin\\\/#author\",\"url\":\"https:\\\/\\\/candas365.es\\\/noticias\\\/author\\\/admin\\\/\",\"name\":\"Cand\\u00e1s 365\",\"image\":{\"@type\":\"ImageObject\",\"@id\":\"https:\\\/\\\/candas365.es\\\/noticias\\\/campanadas-2017-con-anne-y-ramon\\\/#authorImage\",\"url\":\"https:\\\/\\\/secure.gravatar.com\\\/avatar\\\/496a8e03d0c493ede1718b7934145dbdf8d89be1036b0eec9544e1094c9de390?s=96&d=mm&r=g\",\"width\":96,\"height\":96,\"caption\":\"Cand\\u00e1s 365\"},\"sameAs\":[\"https:\\\/\\\/www.facebook.com\\\/carrenoactualidad\",\"https:\\\/\\\/twitter.com\\\/nbasturias\",\"https:\\\/\\\/www.instagram.com\\\/nachofdezber\\\/\",\"https:\\\/\\\/www.youtube.com\\\/channel\\\/UCZP-2wLEB9Rv6erhFmqVnvg\"]},{\"@type\":\"WebPage\",\"@id\":\"https:\\\/\\\/candas365.es\\\/noticias\\\/campanadas-2017-con-anne-y-ramon\\\/#webpage\",\"url\":\"https:\\\/\\\/candas365.es\\\/noticias\\\/campanadas-2017-con-anne-y-ramon\\\/\",\"name\":\"Campanadas 2017 con Anne y Ram\\u00f3n | Cand\\u00e1s 365\",\"description\":\"Las Campanadas de Fin de A\\u00f1o estar\\u00e1n en las mejores manos en RTVE. Una pareja televisiva muy conocida por los espectadores ser\\u00e1 la encargada de recibir 2018 desde la Puerta del Sol de Madrid: Anne Igartiburu y Ram\\u00f3n Garc\\u00eda. Ser\\u00e1 la quinta ocasi\\u00f3n \\u2013tras 2005, 2006, 2014 y 2015\\u2013 que compartan juntos esta cita navide\\u00f1a.\",\"inLanguage\":\"es-ES\",\"isPartOf\":{\"@id\":\"https:\\\/\\\/candas365.es\\\/noticias\\\/#website\"},\"breadcrumb\":{\"@id\":\"https:\\\/\\\/candas365.es\\\/noticias\\\/campanadas-2017-con-anne-y-ramon\\\/#breadcrumblist\"},\"author\":{\"@id\":\"https:\\\/\\\/candas365.es\\\/noticias\\\/author\\\/admin\\\/#author\"},\"creator\":{\"@id\":\"https:\\\/\\\/candas365.es\\\/noticias\\\/author\\\/admin\\\/#author\"},\"image\":{\"@type\":\"ImageObject\",\"url\":\"https:\\\/\\\/candas365.es\\\/noticias\\\/wp-content\\\/uploads\\\/2017\\\/11\\\/C2017.jpg\",\"@id\":\"https:\\\/\\\/candas365.es\\\/noticias\\\/campanadas-2017-con-anne-y-ramon\\\/#mainImage\",\"width\":1180,\"height\":664},\"primaryImageOfPage\":{\"@id\":\"https:\\\/\\\/candas365.es\\\/noticias\\\/campanadas-2017-con-anne-y-ramon\\\/#mainImage\"},\"datePublished\":\"2017-11-09T11:39:19+01:00\",\"dateModified\":\"2017-11-09T11:39:19+01:00\"},{\"@type\":\"WebSite\",\"@id\":\"https:\\\/\\\/candas365.es\\\/noticias\\\/#website\",\"url\":\"https:\\\/\\\/candas365.es\\\/noticias\\\/\",\"name\":\"Cand\\u00e1s 365\",\"alternateName\":\"Cand\\u00e1s 365 Noticias\",\"description\":\"Actualidad desde Carre\\u00f1o para el mundo\",\"inLanguage\":\"es-ES\",\"publisher\":{\"@id\":\"https:\\\/\\\/candas365.es\\\/noticias\\\/#organization\"}}]}\n\t\t<\/script>\n\t\t<!-- All in One SEO Pro -->\r\n\t\t<title>Campanadas 2017 con Anne y Ram\u00f3n | Cand\u00e1s 365<\/title>\n\n","aioseo_head_json":{"title":"Campanadas 2017 con Anne y Ram\u00f3n | Cand\u00e1s 365","description":"Las Campanadas de Fin de A\u00f1o estar\u00e1n en las mejores manos en RTVE. Una pareja televisiva muy conocida por los espectadores ser\u00e1 la encargada de recibir 2018 desde la Puerta del Sol de Madrid: Anne Igartiburu y Ram\u00f3n Garc\u00eda. Ser\u00e1 la quinta ocasi\u00f3n \u2013tras 2005, 2006, 2014 y 2015\u2013 que compartan juntos esta cita navide\u00f1a.","canonical_url":"https:\/\/candas365.es\/noticias\/campanadas-2017-con-anne-y-ramon\/","robots":"max-image-preview:large","keywords":"agenda","webmasterTools":{"google-site-verification":"UA-32230408-1","msvalidate.01":"354F3CDFB2DA171B47FBE9ABF1F88D5","miscellaneous":""},"schema":{"@context":"https:\/\/schema.org","@graph":[{"@type":"BreadcrumbList","@id":"https:\/\/candas365.es\/noticias\/campanadas-2017-con-anne-y-ramon\/#breadcrumblist","itemListElement":[{"@type":"ListItem","@id":"https:\/\/candas365.es\/noticias#listItem","position":1,"name":"Home","item":"https:\/\/candas365.es\/noticias","nextItem":{"@type":"ListItem","@id":"https:\/\/candas365.es\/noticias\/category\/agenda\/#listItem","name":"Agenda"}},{"@type":"ListItem","@id":"https:\/\/candas365.es\/noticias\/category\/agenda\/#listItem","position":2,"name":"Agenda","item":"https:\/\/candas365.es\/noticias\/category\/agenda\/","nextItem":{"@type":"ListItem","@id":"https:\/\/candas365.es\/noticias\/campanadas-2017-con-anne-y-ramon\/#listItem","name":"Campanadas 2017 con Anne y Ram\u00f3n"},"previousItem":{"@type":"ListItem","@id":"https:\/\/candas365.es\/noticias#listItem","name":"Home"}},{"@type":"ListItem","@id":"https:\/\/candas365.es\/noticias\/campanadas-2017-con-anne-y-ramon\/#listItem","position":3,"name":"Campanadas 2017 con Anne y Ram\u00f3n","previousItem":{"@type":"ListItem","@id":"https:\/\/candas365.es\/noticias\/category\/agenda\/#listItem","name":"Agenda"}}]},{"@type":"NewsArticle","@id":"https:\/\/candas365.es\/noticias\/campanadas-2017-con-anne-y-ramon\/#newsarticle","name":"Campanadas 2017 con Anne y Ram\u00f3n | Cand\u00e1s 365","headline":"Campanadas 2017 con Anne y Ram\u00f3n","author":{"@id":"https:\/\/candas365.es\/noticias\/author\/admin\/#author"},"publisher":{"@id":"https:\/\/candas365.es\/noticias\/#organization"},"image":{"@type":"ImageObject","url":"https:\/\/candas365.es\/noticias\/wp-content\/uploads\/2017\/11\/C2017.jpg","width":1180,"height":664},"datePublished":"2017-11-09T11:39:19+01:00","dateModified":"2017-11-09T11:39:19+01:00","inLanguage":"es-ES","mainEntityOfPage":{"@id":"https:\/\/candas365.es\/noticias\/campanadas-2017-con-anne-y-ramon\/#webpage"},"isPartOf":{"@id":"https:\/\/candas365.es\/noticias\/campanadas-2017-con-anne-y-ramon\/#webpage"},"articleSection":"Agenda","dateline":"Publicado el noviembre 9, 2017."},{"@type":"Organization","@id":"https:\/\/candas365.es\/noticias\/#organization","name":"Cand\u00e1s 365","description":"Cand\u00e1s 365 es un diario digital independiente, fundado en 2012, con base en Asturias. Informamos con rigor sobre actualidad, sociedad, cultura y ocio, con una mirada local y global.","url":"https:\/\/candas365.es\/noticias\/","email":"info@candas365.es","telephone":"+34652131393","foundingDate":"2012-06-10","logo":{"@type":"ImageObject","url":"https:\/\/candas365.es\/noticias\/wp-content\/uploads\/2024\/09\/Candas-365-Redes.jpg","@id":"https:\/\/candas365.es\/noticias\/campanadas-2017-con-anne-y-ramon\/#organizationLogo","width":1152,"height":864,"caption":"Cand\u00e1s 365 Redes"},"image":{"@id":"https:\/\/candas365.es\/noticias\/campanadas-2017-con-anne-y-ramon\/#organizationLogo"},"sameAs":["https:\/\/www.facebook.com\/Nachofdezber","https:\/\/x.com\/NabercoDigital","https:\/\/www.instagram.com\/nachofdezber\/","https:\/\/www.youtube.com\/channel\/UCZP-2wLEB9Rv6erhFmqVnvg"],"address":{"@id":"https:\/\/candas365.es\/noticias\/#postaladdress","@type":"PostalAddress","streetAddress":"san antonio 4, san antonio 4","postalCode":"33430","addressLocality":"Cand\u00e1s","addressRegion":"Asturias","addressCountry":"ES"}},{"@type":"Person","@id":"https:\/\/candas365.es\/noticias\/author\/admin\/#author","url":"https:\/\/candas365.es\/noticias\/author\/admin\/","name":"Cand\u00e1s 365","image":{"@type":"ImageObject","@id":"https:\/\/candas365.es\/noticias\/campanadas-2017-con-anne-y-ramon\/#authorImage","url":"https:\/\/secure.gravatar.com\/avatar\/496a8e03d0c493ede1718b7934145dbdf8d89be1036b0eec9544e1094c9de390?s=96&d=mm&r=g","width":96,"height":96,"caption":"Cand\u00e1s 365"},"sameAs":["https:\/\/www.facebook.com\/carrenoactualidad","https:\/\/twitter.com\/nbasturias","https:\/\/www.instagram.com\/nachofdezber\/","https:\/\/www.youtube.com\/channel\/UCZP-2wLEB9Rv6erhFmqVnvg"]},{"@type":"WebPage","@id":"https:\/\/candas365.es\/noticias\/campanadas-2017-con-anne-y-ramon\/#webpage","url":"https:\/\/candas365.es\/noticias\/campanadas-2017-con-anne-y-ramon\/","name":"Campanadas 2017 con Anne y Ram\u00f3n | Cand\u00e1s 365","description":"Las Campanadas de Fin de A\u00f1o estar\u00e1n en las mejores manos en RTVE. Una pareja televisiva muy conocida por los espectadores ser\u00e1 la encargada de recibir 2018 desde la Puerta del Sol de Madrid: Anne Igartiburu y Ram\u00f3n Garc\u00eda. Ser\u00e1 la quinta ocasi\u00f3n \u2013tras 2005, 2006, 2014 y 2015\u2013 que compartan juntos esta cita navide\u00f1a.","inLanguage":"es-ES","isPartOf":{"@id":"https:\/\/candas365.es\/noticias\/#website"},"breadcrumb":{"@id":"https:\/\/candas365.es\/noticias\/campanadas-2017-con-anne-y-ramon\/#breadcrumblist"},"author":{"@id":"https:\/\/candas365.es\/noticias\/author\/admin\/#author"},"creator":{"@id":"https:\/\/candas365.es\/noticias\/author\/admin\/#author"},"image":{"@type":"ImageObject","url":"https:\/\/candas365.es\/noticias\/wp-content\/uploads\/2017\/11\/C2017.jpg","@id":"https:\/\/candas365.es\/noticias\/campanadas-2017-con-anne-y-ramon\/#mainImage","width":1180,"height":664},"primaryImageOfPage":{"@id":"https:\/\/candas365.es\/noticias\/campanadas-2017-con-anne-y-ramon\/#mainImage"},"datePublished":"2017-11-09T11:39:19+01:00","dateModified":"2017-11-09T11:39:19+01:00"},{"@type":"WebSite","@id":"https:\/\/candas365.es\/noticias\/#website","url":"https:\/\/candas365.es\/noticias\/","name":"Cand\u00e1s 365","alternateName":"Cand\u00e1s 365 Noticias","description":"Actualidad desde Carre\u00f1o para el mundo","inLanguage":"es-ES","publisher":{"@id":"https:\/\/candas365.es\/noticias\/#organization"}}]},"og:locale":"es_ES","og:site_name":"Cand\u00e1s 365","og:type":"article","og:title":"Campanadas 2017 con Anne y Ram\u00f3n | Cand\u00e1s 365","og:description":"Las Campanadas de Fin de A\u00f1o estar\u00e1n en las mejores manos en RTVE. Una pareja televisiva muy conocida por los espectadores ser\u00e1 la encargada de recibir 2018 desde la Puerta del Sol de Madrid: Anne Igartiburu y Ram\u00f3n Garc\u00eda. Ser\u00e1 la quinta ocasi\u00f3n \u2013tras 2005, 2006, 2014 y 2015\u2013 que compartan juntos esta cita navide\u00f1a.","og:url":"https:\/\/candas365.es\/noticias\/campanadas-2017-con-anne-y-ramon\/","og:image":"https:\/\/candas365.es\/noticias\/wp-content\/uploads\/2017\/11\/C2017.jpg","og:image:secure_url":"https:\/\/candas365.es\/noticias\/wp-content\/uploads\/2017\/11\/C2017.jpg","og:image:width":1180,"og:image:height":664,"article:published_time":"2017-11-09T11:39:19+00:00","article:modified_time":"2017-11-09T11:39:19+00:00","article:publisher":"https:\/\/www.facebook.com\/Nachofdezber","article:author":"https:\/\/www.facebook.com\/carrenoactualidad","twitter:card":"summary_large_image","twitter:site":"@NabercoDigital","twitter:title":"Campanadas 2017 con Anne y Ram\u00f3n | Cand\u00e1s 365","twitter:description":"Las Campanadas de Fin de A\u00f1o estar\u00e1n en las mejores manos en RTVE. Una pareja televisiva muy conocida por los espectadores ser\u00e1 la encargada de recibir 2018 desde la Puerta del Sol de Madrid: Anne Igartiburu y Ram\u00f3n Garc\u00eda. Ser\u00e1 la quinta ocasi\u00f3n \u2013tras 2005, 2006, 2014 y 2015\u2013 que compartan juntos esta cita navide\u00f1a.","twitter:creator":"@nbasturias","twitter:image":"https:\/\/candas365.es\/noticias\/wp-content\/uploads\/2017\/11\/C2017.jpg","twitter:label1":"Escrito por","twitter:data1":"Cand\u00e1s 365","twitter:label2":"Tiempo de lectura estimado","twitter:data2":"2 minutos"},"aioseo_meta_data":{"post_id":"83918","title":null,"description":null,"keywords":null,"keyphrases":null,"primary_term":null,"canonical_url":null,"og_title":null,"og_description":null,"og_object_type":"default","og_image_type":"default","og_image_url":null,"og_image_width":null,"og_image_height":null,"og_image_custom_url":null,"og_image_custom_fields":null,"og_video":null,"og_custom_url":null,"og_article_section":null,"og_article_tags":null,"twitter_use_og":false,"twitter_card":"default","twitter_image_type":"default","twitter_image_url":null,"twitter_image_custom_url":null,"twitter_image_custom_fields":null,"twitter_title":null,"twitter_description":null,"schema":{"blockGraphs":[],"customGraphs":[],"default":{"data":{"Article":[],"Course":[],"Dataset":[],"FAQPage":[],"Movie":[],"Person":[],"Product":[],"ProductReview":[],"Car":[],"Recipe":[],"Service":[],"SoftwareApplication":[],"WebPage":[]},"graphName":"","isEnabled":true},"graphs":[],"defaultGraph":"","defaultPostTypeGraph":""},"schema_type":null,"schema_type_options":null,"pillar_content":false,"robots_default":true,"robots_noindex":false,"robots_noarchive":false,"robots_nosnippet":false,"robots_nofollow":false,"robots_noimageindex":false,"robots_noodp":false,"robots_notranslate":false,"robots_max_snippet":null,"robots_max_videopreview":null,"robots_max_imagepreview":"large","priority":null,"frequency":null,"location":null,"local_seo":null,"seo_analyzer_scan_date":"2025-08-26 04:57:13","breadcrumb_settings":null,"limit_modified_date":false,"reviewed_by":null,"open_ai":null,"ai":null,"created":"2020-12-21 12:28:55","updated":"2025-08-26 04:57:13"},"aioseo_breadcrumb":"<div class=\"aioseo-breadcrumbs\"><span class=\"aioseo-breadcrumb\">\n\t<a href=\"https:\/\/candas365.es\/noticias\" title=\"Home\">Home<\/a>\n<\/span><span class=\"aioseo-breadcrumb-separator\">&ndash;<\/span><span class=\"aioseo-breadcrumb\">\n\t<a href=\"https:\/\/candas365.es\/noticias\/category\/agenda\/\" title=\"Agenda\">Agenda<\/a>\n<\/span><span class=\"aioseo-breadcrumb-separator\">&ndash;<\/span><span class=\"aioseo-breadcrumb\">\n\tCampanadas 2017 con Anne y Ram\u00f3n\n<\/span><\/div>","aioseo_breadcrumb_json":[{"label":"Home","link":"https:\/\/candas365.es\/noticias"},{"label":"Agenda","link":"https:\/\/candas365.es\/noticias\/category\/agenda\/"},{"label":"Campanadas 2017 con Anne y Ram\u00f3n","link":"https:\/\/candas365.es\/noticias\/campanadas-2017-con-anne-y-ramon\/"}],"_links":{"self":[{"href":"https:\/\/candas365.es\/noticias\/wp-json\/wp\/v2\/posts\/83918","targetHints":{"allow":["GET"]}}],"collection":[{"href":"https:\/\/candas365.es\/noticias\/wp-json\/wp\/v2\/posts"}],"about":[{"href":"https:\/\/candas365.es\/noticias\/wp-json\/wp\/v2\/types\/post"}],"author":[{"embeddable":true,"href":"https:\/\/candas365.es\/noticias\/wp-json\/wp\/v2\/users\/1"}],"replies":[{"embeddable":true,"href":"https:\/\/candas365.es\/noticias\/wp-json\/wp\/v2\/comments?post=83918"}],"version-history":[{"count":0,"href":"https:\/\/candas365.es\/noticias\/wp-json\/wp\/v2\/posts\/83918\/revisions"}],"wp:featuredmedia":[{"embeddable":true,"href":"https:\/\/candas365.es\/noticias\/wp-json\/wp\/v2\/media\/83919"}],"wp:attachment":[{"href":"https:\/\/candas365.es\/noticias\/wp-json\/wp\/v2\/media?parent=83918"}],"wp:term":[{"taxonomy":"category","embeddable":true,"href":"https:\/\/candas365.es\/noticias\/wp-json\/wp\/v2\/categories?post=83918"},{"taxonomy":"post_tag","embeddable":true,"href":"https:\/\/candas365.es\/noticias\/wp-json\/wp\/v2\/tags?post=83918"}],"curies":[{"name":"wp","href":"https:\/\/api.w.org\/{rel}","templated":true}]}}