{"id":83915,"date":"2017-11-09T11:37:17","date_gmt":"2017-11-09T11:37:17","guid":{"rendered":"http:\/\/candas365.es\/noticias\/?p=83915"},"modified":"2017-11-09T11:37:17","modified_gmt":"2017-11-09T11:37:17","slug":"la-revolucion-rusa-en-la-2","status":"publish","type":"post","link":"https:\/\/candas365.es\/noticias\/la-revolucion-rusa-en-la-2\/","title":{"rendered":"La Revoluci\u00f3n rusa, en La 2"},"content":{"rendered":"<p><img fetchpriority=\"high\" decoding=\"async\" class=\"alignleft size-medium wp-image-83916\" src=\"https:\/\/candas365.es\/noticias\/wp-content\/uploads\/2017\/11\/RR2-360x203.jpg\" alt=\"\" width=\"360\" height=\"203\" srcset=\"https:\/\/candas365.es\/noticias\/wp-content\/uploads\/2017\/11\/RR2-360x203.jpg 360w, https:\/\/candas365.es\/noticias\/wp-content\/uploads\/2017\/11\/RR2-768x432.jpg 768w, https:\/\/candas365.es\/noticias\/wp-content\/uploads\/2017\/11\/RR2-655x369.jpg 655w, https:\/\/candas365.es\/noticias\/wp-content\/uploads\/2017\/11\/RR2-696x392.jpg 696w, https:\/\/candas365.es\/noticias\/wp-content\/uploads\/2017\/11\/RR2-1068x601.jpg 1068w, https:\/\/candas365.es\/noticias\/wp-content\/uploads\/2017\/11\/RR2-746x420.jpg 746w, https:\/\/candas365.es\/noticias\/wp-content\/uploads\/2017\/11\/RR2-499x280.jpg 499w, https:\/\/candas365.es\/noticias\/wp-content\/uploads\/2017\/11\/RR2.jpg 1180w\" sizes=\"(max-width: 360px) 100vw, 360px\" \/>En 1917 la Revoluci\u00f3n rusa termin\u00f3 con el poder de los zares y marc\u00f3 el inicio de una nueva era. Se cumplen 100 a\u00f1os del levantamiento que derroc\u00f3 a los Romanov y La 2 recuerda sus principales acontecimientos a trav\u00e9s de dos documentales que se estrenar\u00e1n este viernes en &#8216;Documaster&#8217;.<\/p>\n<p><strong>&#8216;Lenin, Gorki, la revoluci\u00f3n a destiempo&#8217;<\/strong><\/p>\n<p>A trav\u00e9s de las figuras de Lenin y Gorki este documental, dirigido por Stan Neumann y producido por ARTE France y ZADIG Productions, descubre las dos caras de la revoluci\u00f3n: la teor\u00eda y la realidad.<\/p>\n<p>Sus personalidades, tan opuestas, enriquecen la historia: Maxim Gorki, imprevisible e inquieto. Vladimir Ilich Ulianov, Lenin, fr\u00edo y t\u00e1ctico. Junto a im\u00e1genes de archivo in\u00e9ditas y otras de animaci\u00f3n, Stan Neumann se sumerge en el d\u00eda a d\u00eda de los acontecimientos que sacudieron el mundo entre febrero y octubre de 1917.<\/p>\n<p><strong>&#8216;La Revoluci\u00f3n rusa&#8217;<\/strong><\/p>\n<p>La Revoluci\u00f3n rusa cambi\u00f3 el curso de historia. Dos familias se enfrentaron: los Romanov, y los seguidores de Lenin. Asesinatos, ejecuciones y un alzamiento ante el poder que cambiar\u00eda el curso de la historia y preparar\u00eda la posterior etapa de Stalin y su r\u00e9gimen de terror.<\/p>\n<p>Un siglo despu\u00e9s de esos acontecimientos que derivaron en la formaci\u00f3n del primer estado comunista, el documental se pregunta c\u00f3mo pudo la poderosa dinast\u00eda Romanov, en el poder durante 300 a\u00f1os, ser derrocada por un grupo de revolucionarios.<\/p>\n<p>&#8216;La revoluci\u00f3n rusa&#8217; es una producci\u00f3n de 3DD Entertainment dirigida por Cal Seville.<\/p>\n","protected":false},"excerpt":{"rendered":"<p>En 1917 la Revoluci\u00f3n rusa termin\u00f3 con el poder de los zares y marc\u00f3 el inicio de una nueva era. Se cumplen 100 a\u00f1os del levantamiento que derroc\u00f3 a los Romanov y La 2 recuerda sus principales acontecimientos a trav\u00e9s de dos documentales que se estrenar\u00e1n este viernes en &#8216;Documaster&#8217;. &#8216;Lenin, Gorki, la revoluci\u00f3n a<\/p>\n","protected":false},"author":1,"featured_media":83916,"comment_status":"closed","ping_status":"closed","sticky":false,"template":"","format":"standard","meta":{"footnotes":""},"categories":[1],"tags":[],"class_list":{"0":"post-83915","1":"post","2":"type-post","3":"status-publish","4":"format-standard","5":"has-post-thumbnail","7":"category-agenda"},"aioseo_notices":[],"aioseo_head":"\n\t\t<!-- All in One SEO Pro 4.9.6.2 - aioseo.com -->\n\t<meta name=\"description\" content=\"En 1917 la Revoluci\u00f3n rusa termin\u00f3 con el poder de los zares y marc\u00f3 el inicio de una nueva era. Se cumplen 100 a\u00f1os del levantamiento que derroc\u00f3 a los Romanov y La 2 recuerda sus principales acontecimientos a trav\u00e9s de dos documentales que se estrenar\u00e1n este viernes en &#039;Documaster&#039;. &#039;Lenin, Gorki, la revoluci\u00f3n a\" \/>\n\t<meta name=\"robots\" content=\"max-image-preview:large\" \/>\n\t<meta name=\"author\" content=\"Cand\u00e1s 365\"\/>\n\t<meta name=\"google-site-verification\" content=\"UA-32230408-1\" \/>\n\t<meta name=\"msvalidate.01\" content=\"354F3CDFB2DA171B47FBE9ABF1F88D5\" \/>\n\t<meta name=\"keywords\" content=\"agenda\" \/>\n\t<link rel=\"canonical\" href=\"https:\/\/candas365.es\/noticias\/la-revolucion-rusa-en-la-2\/\" \/>\n\t<meta name=\"generator\" content=\"All in One SEO Pro (AIOSEO) 4.9.6.2\" \/>\n\t\t<meta property=\"og:locale\" content=\"es_ES\" \/>\n\t\t<meta property=\"og:site_name\" content=\"Cand\u00e1s 365\" \/>\n\t\t<meta property=\"og:type\" content=\"article\" \/>\n\t\t<meta property=\"og:title\" content=\"La Revoluci\u00f3n rusa, en La 2 | Cand\u00e1s 365\" \/>\n\t\t<meta property=\"og:description\" content=\"En 1917 la Revoluci\u00f3n rusa termin\u00f3 con el poder de los zares y marc\u00f3 el inicio de una nueva era. Se cumplen 100 a\u00f1os del levantamiento que derroc\u00f3 a los Romanov y La 2 recuerda sus principales acontecimientos a trav\u00e9s de dos documentales que se estrenar\u00e1n este viernes en &#039;Documaster&#039;. &#039;Lenin, Gorki, la revoluci\u00f3n a\" \/>\n\t\t<meta property=\"og:url\" content=\"https:\/\/candas365.es\/noticias\/la-revolucion-rusa-en-la-2\/\" \/>\n\t\t<meta property=\"og:image\" content=\"https:\/\/candas365.es\/noticias\/wp-content\/uploads\/2017\/11\/RR2.jpg\" \/>\n\t\t<meta property=\"og:image:secure_url\" content=\"https:\/\/candas365.es\/noticias\/wp-content\/uploads\/2017\/11\/RR2.jpg\" \/>\n\t\t<meta property=\"og:image:width\" content=\"1180\" \/>\n\t\t<meta property=\"og:image:height\" content=\"664\" \/>\n\t\t<meta property=\"article:published_time\" content=\"2017-11-09T11:37:17+00:00\" \/>\n\t\t<meta property=\"article:modified_time\" content=\"2017-11-09T11:37:17+00:00\" \/>\n\t\t<meta property=\"article:publisher\" content=\"https:\/\/www.facebook.com\/Nachofdezber\" \/>\n\t\t<meta property=\"article:author\" content=\"https:\/\/www.facebook.com\/carrenoactualidad\" \/>\n\t\t<meta name=\"twitter:card\" content=\"summary_large_image\" \/>\n\t\t<meta name=\"twitter:site\" content=\"@NabercoDigital\" \/>\n\t\t<meta name=\"twitter:title\" content=\"La Revoluci\u00f3n rusa, en La 2 | Cand\u00e1s 365\" \/>\n\t\t<meta name=\"twitter:description\" content=\"En 1917 la Revoluci\u00f3n rusa termin\u00f3 con el poder de los zares y marc\u00f3 el inicio de una nueva era. Se cumplen 100 a\u00f1os del levantamiento que derroc\u00f3 a los Romanov y La 2 recuerda sus principales acontecimientos a trav\u00e9s de dos documentales que se estrenar\u00e1n este viernes en &#039;Documaster&#039;. &#039;Lenin, Gorki, la revoluci\u00f3n a\" \/>\n\t\t<meta name=\"twitter:creator\" content=\"@nbasturias\" \/>\n\t\t<meta name=\"twitter:image\" content=\"https:\/\/candas365.es\/noticias\/wp-content\/uploads\/2017\/11\/RR2.jpg\" \/>\n\t\t<meta name=\"twitter:label1\" content=\"Escrito por\" \/>\n\t\t<meta name=\"twitter:data1\" content=\"Cand\u00e1s 365\" \/>\n\t\t<meta name=\"twitter:label2\" content=\"Tiempo de lectura estimado\" \/>\n\t\t<meta name=\"twitter:data2\" content=\"1 minuto\" \/>\n\t\t<script type=\"application\/ld+json\" class=\"aioseo-schema\">\n\t\t\t{\"@context\":\"https:\\\/\\\/schema.org\",\"@graph\":[{\"@type\":\"BreadcrumbList\",\"@id\":\"https:\\\/\\\/candas365.es\\\/noticias\\\/la-revolucion-rusa-en-la-2\\\/#breadcrumblist\",\"itemListElement\":[{\"@type\":\"ListItem\",\"@id\":\"https:\\\/\\\/candas365.es\\\/noticias#listItem\",\"position\":1,\"name\":\"Home\",\"item\":\"https:\\\/\\\/candas365.es\\\/noticias\",\"nextItem\":{\"@type\":\"ListItem\",\"@id\":\"https:\\\/\\\/candas365.es\\\/noticias\\\/category\\\/agenda\\\/#listItem\",\"name\":\"Agenda\"}},{\"@type\":\"ListItem\",\"@id\":\"https:\\\/\\\/candas365.es\\\/noticias\\\/category\\\/agenda\\\/#listItem\",\"position\":2,\"name\":\"Agenda\",\"item\":\"https:\\\/\\\/candas365.es\\\/noticias\\\/category\\\/agenda\\\/\",\"nextItem\":{\"@type\":\"ListItem\",\"@id\":\"https:\\\/\\\/candas365.es\\\/noticias\\\/la-revolucion-rusa-en-la-2\\\/#listItem\",\"name\":\"La Revoluci\\u00f3n rusa, en La 2\"},\"previousItem\":{\"@type\":\"ListItem\",\"@id\":\"https:\\\/\\\/candas365.es\\\/noticias#listItem\",\"name\":\"Home\"}},{\"@type\":\"ListItem\",\"@id\":\"https:\\\/\\\/candas365.es\\\/noticias\\\/la-revolucion-rusa-en-la-2\\\/#listItem\",\"position\":3,\"name\":\"La Revoluci\\u00f3n rusa, en La 2\",\"previousItem\":{\"@type\":\"ListItem\",\"@id\":\"https:\\\/\\\/candas365.es\\\/noticias\\\/category\\\/agenda\\\/#listItem\",\"name\":\"Agenda\"}}]},{\"@type\":\"NewsArticle\",\"@id\":\"https:\\\/\\\/candas365.es\\\/noticias\\\/la-revolucion-rusa-en-la-2\\\/#newsarticle\",\"name\":\"La Revoluci\\u00f3n rusa, en La 2 | Cand\\u00e1s 365\",\"headline\":\"La Revoluci\\u00f3n rusa, en La 2\",\"author\":{\"@id\":\"https:\\\/\\\/candas365.es\\\/noticias\\\/author\\\/admin\\\/#author\"},\"publisher\":{\"@id\":\"https:\\\/\\\/candas365.es\\\/noticias\\\/#organization\"},\"image\":{\"@type\":\"ImageObject\",\"url\":\"https:\\\/\\\/candas365.es\\\/noticias\\\/wp-content\\\/uploads\\\/2017\\\/11\\\/RR2.jpg\",\"width\":1180,\"height\":664},\"datePublished\":\"2017-11-09T11:37:17+01:00\",\"dateModified\":\"2017-11-09T11:37:17+01:00\",\"inLanguage\":\"es-ES\",\"mainEntityOfPage\":{\"@id\":\"https:\\\/\\\/candas365.es\\\/noticias\\\/la-revolucion-rusa-en-la-2\\\/#webpage\"},\"isPartOf\":{\"@id\":\"https:\\\/\\\/candas365.es\\\/noticias\\\/la-revolucion-rusa-en-la-2\\\/#webpage\"},\"articleSection\":\"Agenda\",\"dateline\":\"Publicado el noviembre 9, 2017.\"},{\"@type\":\"Organization\",\"@id\":\"https:\\\/\\\/candas365.es\\\/noticias\\\/#organization\",\"name\":\"Cand\\u00e1s 365\",\"description\":\"Cand\\u00e1s 365 es un diario digital independiente, fundado en 2012, con base en Asturias. Informamos con rigor sobre actualidad, sociedad, cultura y ocio, con una mirada local y global.\",\"url\":\"https:\\\/\\\/candas365.es\\\/noticias\\\/\",\"email\":\"info@candas365.es\",\"telephone\":\"+34652131393\",\"foundingDate\":\"2012-06-10\",\"logo\":{\"@type\":\"ImageObject\",\"url\":\"https:\\\/\\\/candas365.es\\\/noticias\\\/wp-content\\\/uploads\\\/2024\\\/09\\\/Candas-365-Redes.jpg\",\"@id\":\"https:\\\/\\\/candas365.es\\\/noticias\\\/la-revolucion-rusa-en-la-2\\\/#organizationLogo\",\"width\":1152,\"height\":864,\"caption\":\"Cand\\u00e1s 365 Redes\"},\"image\":{\"@id\":\"https:\\\/\\\/candas365.es\\\/noticias\\\/la-revolucion-rusa-en-la-2\\\/#organizationLogo\"},\"sameAs\":[\"https:\\\/\\\/www.facebook.com\\\/Nachofdezber\",\"https:\\\/\\\/x.com\\\/NabercoDigital\",\"https:\\\/\\\/www.instagram.com\\\/nachofdezber\\\/\",\"https:\\\/\\\/www.youtube.com\\\/channel\\\/UCZP-2wLEB9Rv6erhFmqVnvg\"],\"address\":{\"@id\":\"https:\\\/\\\/candas365.es\\\/noticias\\\/#postaladdress\",\"@type\":\"PostalAddress\",\"streetAddress\":\"san antonio 4, san antonio 4\",\"postalCode\":\"33430\",\"addressLocality\":\"Cand\\u00e1s\",\"addressRegion\":\"Asturias\",\"addressCountry\":\"ES\"}},{\"@type\":\"Person\",\"@id\":\"https:\\\/\\\/candas365.es\\\/noticias\\\/author\\\/admin\\\/#author\",\"url\":\"https:\\\/\\\/candas365.es\\\/noticias\\\/author\\\/admin\\\/\",\"name\":\"Cand\\u00e1s 365\",\"image\":{\"@type\":\"ImageObject\",\"@id\":\"https:\\\/\\\/candas365.es\\\/noticias\\\/la-revolucion-rusa-en-la-2\\\/#authorImage\",\"url\":\"https:\\\/\\\/secure.gravatar.com\\\/avatar\\\/496a8e03d0c493ede1718b7934145dbdf8d89be1036b0eec9544e1094c9de390?s=96&d=mm&r=g\",\"width\":96,\"height\":96,\"caption\":\"Cand\\u00e1s 365\"},\"sameAs\":[\"https:\\\/\\\/www.facebook.com\\\/carrenoactualidad\",\"https:\\\/\\\/twitter.com\\\/nbasturias\",\"https:\\\/\\\/www.instagram.com\\\/nachofdezber\\\/\",\"https:\\\/\\\/www.youtube.com\\\/channel\\\/UCZP-2wLEB9Rv6erhFmqVnvg\"]},{\"@type\":\"WebPage\",\"@id\":\"https:\\\/\\\/candas365.es\\\/noticias\\\/la-revolucion-rusa-en-la-2\\\/#webpage\",\"url\":\"https:\\\/\\\/candas365.es\\\/noticias\\\/la-revolucion-rusa-en-la-2\\\/\",\"name\":\"La Revoluci\\u00f3n rusa, en La 2 | Cand\\u00e1s 365\",\"description\":\"En 1917 la Revoluci\\u00f3n rusa termin\\u00f3 con el poder de los zares y marc\\u00f3 el inicio de una nueva era. Se cumplen 100 a\\u00f1os del levantamiento que derroc\\u00f3 a los Romanov y La 2 recuerda sus principales acontecimientos a trav\\u00e9s de dos documentales que se estrenar\\u00e1n este viernes en 'Documaster'. 'Lenin, Gorki, la revoluci\\u00f3n a\",\"inLanguage\":\"es-ES\",\"isPartOf\":{\"@id\":\"https:\\\/\\\/candas365.es\\\/noticias\\\/#website\"},\"breadcrumb\":{\"@id\":\"https:\\\/\\\/candas365.es\\\/noticias\\\/la-revolucion-rusa-en-la-2\\\/#breadcrumblist\"},\"author\":{\"@id\":\"https:\\\/\\\/candas365.es\\\/noticias\\\/author\\\/admin\\\/#author\"},\"creator\":{\"@id\":\"https:\\\/\\\/candas365.es\\\/noticias\\\/author\\\/admin\\\/#author\"},\"image\":{\"@type\":\"ImageObject\",\"url\":\"https:\\\/\\\/candas365.es\\\/noticias\\\/wp-content\\\/uploads\\\/2017\\\/11\\\/RR2.jpg\",\"@id\":\"https:\\\/\\\/candas365.es\\\/noticias\\\/la-revolucion-rusa-en-la-2\\\/#mainImage\",\"width\":1180,\"height\":664},\"primaryImageOfPage\":{\"@id\":\"https:\\\/\\\/candas365.es\\\/noticias\\\/la-revolucion-rusa-en-la-2\\\/#mainImage\"},\"datePublished\":\"2017-11-09T11:37:17+01:00\",\"dateModified\":\"2017-11-09T11:37:17+01:00\"},{\"@type\":\"WebSite\",\"@id\":\"https:\\\/\\\/candas365.es\\\/noticias\\\/#website\",\"url\":\"https:\\\/\\\/candas365.es\\\/noticias\\\/\",\"name\":\"Cand\\u00e1s 365\",\"alternateName\":\"Cand\\u00e1s 365 Noticias\",\"description\":\"Actualidad desde Carre\\u00f1o para el mundo\",\"inLanguage\":\"es-ES\",\"publisher\":{\"@id\":\"https:\\\/\\\/candas365.es\\\/noticias\\\/#organization\"}}]}\n\t\t<\/script>\n\t\t<!-- All in One SEO Pro -->\r\n\t\t<title>La Revoluci\u00f3n rusa, en La 2 | Cand\u00e1s 365<\/title>\n\n","aioseo_head_json":{"title":"La Revoluci\u00f3n rusa, en La 2 | Cand\u00e1s 365","description":"En 1917 la Revoluci\u00f3n rusa termin\u00f3 con el poder de los zares y marc\u00f3 el inicio de una nueva era. Se cumplen 100 a\u00f1os del levantamiento que derroc\u00f3 a los Romanov y La 2 recuerda sus principales acontecimientos a trav\u00e9s de dos documentales que se estrenar\u00e1n este viernes en 'Documaster'. 'Lenin, Gorki, la revoluci\u00f3n a","canonical_url":"https:\/\/candas365.es\/noticias\/la-revolucion-rusa-en-la-2\/","robots":"max-image-preview:large","keywords":"agenda","webmasterTools":{"google-site-verification":"UA-32230408-1","msvalidate.01":"354F3CDFB2DA171B47FBE9ABF1F88D5","miscellaneous":""},"schema":{"@context":"https:\/\/schema.org","@graph":[{"@type":"BreadcrumbList","@id":"https:\/\/candas365.es\/noticias\/la-revolucion-rusa-en-la-2\/#breadcrumblist","itemListElement":[{"@type":"ListItem","@id":"https:\/\/candas365.es\/noticias#listItem","position":1,"name":"Home","item":"https:\/\/candas365.es\/noticias","nextItem":{"@type":"ListItem","@id":"https:\/\/candas365.es\/noticias\/category\/agenda\/#listItem","name":"Agenda"}},{"@type":"ListItem","@id":"https:\/\/candas365.es\/noticias\/category\/agenda\/#listItem","position":2,"name":"Agenda","item":"https:\/\/candas365.es\/noticias\/category\/agenda\/","nextItem":{"@type":"ListItem","@id":"https:\/\/candas365.es\/noticias\/la-revolucion-rusa-en-la-2\/#listItem","name":"La Revoluci\u00f3n rusa, en La 2"},"previousItem":{"@type":"ListItem","@id":"https:\/\/candas365.es\/noticias#listItem","name":"Home"}},{"@type":"ListItem","@id":"https:\/\/candas365.es\/noticias\/la-revolucion-rusa-en-la-2\/#listItem","position":3,"name":"La Revoluci\u00f3n rusa, en La 2","previousItem":{"@type":"ListItem","@id":"https:\/\/candas365.es\/noticias\/category\/agenda\/#listItem","name":"Agenda"}}]},{"@type":"NewsArticle","@id":"https:\/\/candas365.es\/noticias\/la-revolucion-rusa-en-la-2\/#newsarticle","name":"La Revoluci\u00f3n rusa, en La 2 | Cand\u00e1s 365","headline":"La Revoluci\u00f3n rusa, en La 2","author":{"@id":"https:\/\/candas365.es\/noticias\/author\/admin\/#author"},"publisher":{"@id":"https:\/\/candas365.es\/noticias\/#organization"},"image":{"@type":"ImageObject","url":"https:\/\/candas365.es\/noticias\/wp-content\/uploads\/2017\/11\/RR2.jpg","width":1180,"height":664},"datePublished":"2017-11-09T11:37:17+01:00","dateModified":"2017-11-09T11:37:17+01:00","inLanguage":"es-ES","mainEntityOfPage":{"@id":"https:\/\/candas365.es\/noticias\/la-revolucion-rusa-en-la-2\/#webpage"},"isPartOf":{"@id":"https:\/\/candas365.es\/noticias\/la-revolucion-rusa-en-la-2\/#webpage"},"articleSection":"Agenda","dateline":"Publicado el noviembre 9, 2017."},{"@type":"Organization","@id":"https:\/\/candas365.es\/noticias\/#organization","name":"Cand\u00e1s 365","description":"Cand\u00e1s 365 es un diario digital independiente, fundado en 2012, con base en Asturias. Informamos con rigor sobre actualidad, sociedad, cultura y ocio, con una mirada local y global.","url":"https:\/\/candas365.es\/noticias\/","email":"info@candas365.es","telephone":"+34652131393","foundingDate":"2012-06-10","logo":{"@type":"ImageObject","url":"https:\/\/candas365.es\/noticias\/wp-content\/uploads\/2024\/09\/Candas-365-Redes.jpg","@id":"https:\/\/candas365.es\/noticias\/la-revolucion-rusa-en-la-2\/#organizationLogo","width":1152,"height":864,"caption":"Cand\u00e1s 365 Redes"},"image":{"@id":"https:\/\/candas365.es\/noticias\/la-revolucion-rusa-en-la-2\/#organizationLogo"},"sameAs":["https:\/\/www.facebook.com\/Nachofdezber","https:\/\/x.com\/NabercoDigital","https:\/\/www.instagram.com\/nachofdezber\/","https:\/\/www.youtube.com\/channel\/UCZP-2wLEB9Rv6erhFmqVnvg"],"address":{"@id":"https:\/\/candas365.es\/noticias\/#postaladdress","@type":"PostalAddress","streetAddress":"san antonio 4, san antonio 4","postalCode":"33430","addressLocality":"Cand\u00e1s","addressRegion":"Asturias","addressCountry":"ES"}},{"@type":"Person","@id":"https:\/\/candas365.es\/noticias\/author\/admin\/#author","url":"https:\/\/candas365.es\/noticias\/author\/admin\/","name":"Cand\u00e1s 365","image":{"@type":"ImageObject","@id":"https:\/\/candas365.es\/noticias\/la-revolucion-rusa-en-la-2\/#authorImage","url":"https:\/\/secure.gravatar.com\/avatar\/496a8e03d0c493ede1718b7934145dbdf8d89be1036b0eec9544e1094c9de390?s=96&d=mm&r=g","width":96,"height":96,"caption":"Cand\u00e1s 365"},"sameAs":["https:\/\/www.facebook.com\/carrenoactualidad","https:\/\/twitter.com\/nbasturias","https:\/\/www.instagram.com\/nachofdezber\/","https:\/\/www.youtube.com\/channel\/UCZP-2wLEB9Rv6erhFmqVnvg"]},{"@type":"WebPage","@id":"https:\/\/candas365.es\/noticias\/la-revolucion-rusa-en-la-2\/#webpage","url":"https:\/\/candas365.es\/noticias\/la-revolucion-rusa-en-la-2\/","name":"La Revoluci\u00f3n rusa, en La 2 | Cand\u00e1s 365","description":"En 1917 la Revoluci\u00f3n rusa termin\u00f3 con el poder de los zares y marc\u00f3 el inicio de una nueva era. Se cumplen 100 a\u00f1os del levantamiento que derroc\u00f3 a los Romanov y La 2 recuerda sus principales acontecimientos a trav\u00e9s de dos documentales que se estrenar\u00e1n este viernes en 'Documaster'. 'Lenin, Gorki, la revoluci\u00f3n a","inLanguage":"es-ES","isPartOf":{"@id":"https:\/\/candas365.es\/noticias\/#website"},"breadcrumb":{"@id":"https:\/\/candas365.es\/noticias\/la-revolucion-rusa-en-la-2\/#breadcrumblist"},"author":{"@id":"https:\/\/candas365.es\/noticias\/author\/admin\/#author"},"creator":{"@id":"https:\/\/candas365.es\/noticias\/author\/admin\/#author"},"image":{"@type":"ImageObject","url":"https:\/\/candas365.es\/noticias\/wp-content\/uploads\/2017\/11\/RR2.jpg","@id":"https:\/\/candas365.es\/noticias\/la-revolucion-rusa-en-la-2\/#mainImage","width":1180,"height":664},"primaryImageOfPage":{"@id":"https:\/\/candas365.es\/noticias\/la-revolucion-rusa-en-la-2\/#mainImage"},"datePublished":"2017-11-09T11:37:17+01:00","dateModified":"2017-11-09T11:37:17+01:00"},{"@type":"WebSite","@id":"https:\/\/candas365.es\/noticias\/#website","url":"https:\/\/candas365.es\/noticias\/","name":"Cand\u00e1s 365","alternateName":"Cand\u00e1s 365 Noticias","description":"Actualidad desde Carre\u00f1o para el mundo","inLanguage":"es-ES","publisher":{"@id":"https:\/\/candas365.es\/noticias\/#organization"}}]},"og:locale":"es_ES","og:site_name":"Cand\u00e1s 365","og:type":"article","og:title":"La Revoluci\u00f3n rusa, en La 2 | Cand\u00e1s 365","og:description":"En 1917 la Revoluci\u00f3n rusa termin\u00f3 con el poder de los zares y marc\u00f3 el inicio de una nueva era. Se cumplen 100 a\u00f1os del levantamiento que derroc\u00f3 a los Romanov y La 2 recuerda sus principales acontecimientos a trav\u00e9s de dos documentales que se estrenar\u00e1n este viernes en 'Documaster'. 'Lenin, Gorki, la revoluci\u00f3n a","og:url":"https:\/\/candas365.es\/noticias\/la-revolucion-rusa-en-la-2\/","og:image":"https:\/\/candas365.es\/noticias\/wp-content\/uploads\/2017\/11\/RR2.jpg","og:image:secure_url":"https:\/\/candas365.es\/noticias\/wp-content\/uploads\/2017\/11\/RR2.jpg","og:image:width":1180,"og:image:height":664,"article:published_time":"2017-11-09T11:37:17+00:00","article:modified_time":"2017-11-09T11:37:17+00:00","article:publisher":"https:\/\/www.facebook.com\/Nachofdezber","article:author":"https:\/\/www.facebook.com\/carrenoactualidad","twitter:card":"summary_large_image","twitter:site":"@NabercoDigital","twitter:title":"La Revoluci\u00f3n rusa, en La 2 | Cand\u00e1s 365","twitter:description":"En 1917 la Revoluci\u00f3n rusa termin\u00f3 con el poder de los zares y marc\u00f3 el inicio de una nueva era. Se cumplen 100 a\u00f1os del levantamiento que derroc\u00f3 a los Romanov y La 2 recuerda sus principales acontecimientos a trav\u00e9s de dos documentales que se estrenar\u00e1n este viernes en 'Documaster'. 'Lenin, Gorki, la revoluci\u00f3n a","twitter:creator":"@nbasturias","twitter:image":"https:\/\/candas365.es\/noticias\/wp-content\/uploads\/2017\/11\/RR2.jpg","twitter:label1":"Escrito por","twitter:data1":"Cand\u00e1s 365","twitter:label2":"Tiempo de lectura estimado","twitter:data2":"1 minuto"},"aioseo_meta_data":{"post_id":"83915","title":null,"description":null,"keywords":null,"keyphrases":null,"primary_term":null,"canonical_url":null,"og_title":null,"og_description":null,"og_object_type":"default","og_image_type":"default","og_image_url":null,"og_image_width":null,"og_image_height":null,"og_image_custom_url":null,"og_image_custom_fields":null,"og_video":null,"og_custom_url":null,"og_article_section":null,"og_article_tags":null,"twitter_use_og":false,"twitter_card":"default","twitter_image_type":"default","twitter_image_url":null,"twitter_image_custom_url":null,"twitter_image_custom_fields":null,"twitter_title":null,"twitter_description":null,"schema":{"blockGraphs":[],"customGraphs":[],"default":{"data":{"Article":[],"Course":[],"Dataset":[],"FAQPage":[],"Movie":[],"Person":[],"Product":[],"ProductReview":[],"Car":[],"Recipe":[],"Service":[],"SoftwareApplication":[],"WebPage":[]},"graphName":"","isEnabled":true},"graphs":[]},"schema_type":null,"schema_type_options":null,"pillar_content":false,"robots_default":true,"robots_noindex":false,"robots_noarchive":false,"robots_nosnippet":false,"robots_nofollow":false,"robots_noimageindex":false,"robots_noodp":false,"robots_notranslate":false,"robots_max_snippet":null,"robots_max_videopreview":null,"robots_max_imagepreview":"large","priority":null,"frequency":null,"location":null,"local_seo":null,"seo_analyzer_scan_date":"2025-08-26 04:57:12","breadcrumb_settings":null,"limit_modified_date":false,"reviewed_by":null,"open_ai":null,"ai":null,"created":"2020-12-21 12:28:55","updated":"2025-08-26 04:57:12"},"aioseo_breadcrumb":"<div class=\"aioseo-breadcrumbs\"><span class=\"aioseo-breadcrumb\">\n\t<a href=\"https:\/\/candas365.es\/noticias\" title=\"Home\">Home<\/a>\n<\/span><span class=\"aioseo-breadcrumb-separator\">&ndash;<\/span><span class=\"aioseo-breadcrumb\">\n\t<a href=\"https:\/\/candas365.es\/noticias\/category\/agenda\/\" title=\"Agenda\">Agenda<\/a>\n<\/span><span class=\"aioseo-breadcrumb-separator\">&ndash;<\/span><span class=\"aioseo-breadcrumb\">\n\tLa Revoluci\u00f3n rusa, en La 2\n<\/span><\/div>","aioseo_breadcrumb_json":[{"label":"Home","link":"https:\/\/candas365.es\/noticias"},{"label":"Agenda","link":"https:\/\/candas365.es\/noticias\/category\/agenda\/"},{"label":"La Revoluci\u00f3n rusa, en La 2","link":"https:\/\/candas365.es\/noticias\/la-revolucion-rusa-en-la-2\/"}],"_links":{"self":[{"href":"https:\/\/candas365.es\/noticias\/wp-json\/wp\/v2\/posts\/83915","targetHints":{"allow":["GET"]}}],"collection":[{"href":"https:\/\/candas365.es\/noticias\/wp-json\/wp\/v2\/posts"}],"about":[{"href":"https:\/\/candas365.es\/noticias\/wp-json\/wp\/v2\/types\/post"}],"author":[{"embeddable":true,"href":"https:\/\/candas365.es\/noticias\/wp-json\/wp\/v2\/users\/1"}],"replies":[{"embeddable":true,"href":"https:\/\/candas365.es\/noticias\/wp-json\/wp\/v2\/comments?post=83915"}],"version-history":[{"count":0,"href":"https:\/\/candas365.es\/noticias\/wp-json\/wp\/v2\/posts\/83915\/revisions"}],"wp:featuredmedia":[{"embeddable":true,"href":"https:\/\/candas365.es\/noticias\/wp-json\/wp\/v2\/media\/83916"}],"wp:attachment":[{"href":"https:\/\/candas365.es\/noticias\/wp-json\/wp\/v2\/media?parent=83915"}],"wp:term":[{"taxonomy":"category","embeddable":true,"href":"https:\/\/candas365.es\/noticias\/wp-json\/wp\/v2\/categories?post=83915"},{"taxonomy":"post_tag","embeddable":true,"href":"https:\/\/candas365.es\/noticias\/wp-json\/wp\/v2\/tags?post=83915"}],"curies":[{"name":"wp","href":"https:\/\/api.w.org\/{rel}","templated":true}]}}