{"id":83668,"date":"2017-11-07T19:44:22","date_gmt":"2017-11-07T19:44:22","guid":{"rendered":"http:\/\/candas365.es\/noticias\/?p=83668"},"modified":"2017-11-07T19:44:22","modified_gmt":"2017-11-07T19:44:22","slug":"dia-de-les-ciencies-asturianes","status":"publish","type":"post","link":"https:\/\/candas365.es\/noticias\/dia-de-les-ciencies-asturianes\/","title":{"rendered":"D\u00eda de les Ciencies Asturianes"},"content":{"rendered":"<p><img fetchpriority=\"high\" decoding=\"async\" class=\"alignleft size-medium wp-image-35850\" src=\"https:\/\/candas365.es\/noticias\/wp-content\/uploads\/2016\/11\/ciencia-360x198.jpg\" alt=\"\" width=\"360\" height=\"198\" srcset=\"https:\/\/candas365.es\/noticias\/wp-content\/uploads\/2016\/11\/ciencia-360x198.jpg 360w, https:\/\/candas365.es\/noticias\/wp-content\/uploads\/2016\/11\/ciencia-650x357.jpg 650w, https:\/\/candas365.es\/noticias\/wp-content\/uploads\/2016\/11\/ciencia-150x82.jpg 150w, https:\/\/candas365.es\/noticias\/wp-content\/uploads\/2016\/11\/ciencia-450x247.jpg 450w, https:\/\/candas365.es\/noticias\/wp-content\/uploads\/2016\/11\/ciencia.jpg 655w\" sizes=\"(max-width: 360px) 100vw, 360px\" \/>La Conseyer\u00eda d\u2019Educaci\u00f3n y Cultura celebra la s\u00e9ptima edici\u00f3n del D\u00eda de les Ciencies Asturianes con dos actividaes divulgatives. Na primera, el cient\u00edficu Amador Men\u00e9ndez Vel\u00e1zquez va presentar la ponencia Desaf\u00edos tecnol\u00f3xicos de la nuestra era nel Real Institutu d\u2019Estudios Asturianos esti xueves 9 de payares a les 19:30 hores. Nella va presentar les posibilidaes qu\u2019ufierta la tecnolox\u00eda como ali\u00e1u a la hora d\u2019encarar dalgunos de los problemes y retos m\u00e1s importantes de la humanid\u00e1. Esti investigador asturianu ye doctor en Qu\u00edmica pola Universid\u00e1 d\u2019Uvi\u00e9u y trabaya na actualid\u00e1 nel Institutu Tecnol\u00f3xicu de Materiales d\u2019Asturies (ITMA), depu\u00e9s de pasar pel Conseyu Superior d\u2019Investigaciones Cient\u00edfiques, el Llaboratoriu Europ\u00e9u de Radicaci\u00f3n de Sincrot\u00f3n, el Centru d\u2019Investigaci\u00f3n en Nanomateriales y Nanotecnolox\u00eda (CINN) y l\u2019Institutu Tecnol\u00f3xicu de Massachusetts (MIT), onde, con otros cinco profesionales, estableci\u00f3\u2019l r\u00e9cord mundial d\u2019eficiencia na captura d\u2019enerx\u00eda solar. Llogr\u00f3 bien de reconocimientos como\u2019l Premiu Europ\u00e9u de Divulgaci\u00f3n Cient\u00edfica (2013) o\u2019l Premiu Xovellanos d\u2019Ensayu 2017 pol so llibru Historias del futuro. La era del Homo Tecnol\u00f3gicus.<\/p>\n<p>El vienres 10 de payares van ser los escolares de los centros educativos del C.P. El Vall\u00edn y del IES Isla de la Deva, en Piedrasblancas (Castrill\u00f3n), quien van participar nuna charla divulgativa al cargu de V\u00edctor Su\u00e1rez Pi\u00f1ero, alministrador y divulgador del proyectu d\u2019enciclopedia llibre Wikipedia n\u2019Asturies. Col t\u00edtulu Wikipedia: un universu d\u2019oportunidaes, va presentar en dambos centros escolares esti proyectu que y\u00e1 cunta con m\u00e1s de 53.000 art\u00edculos n\u2019asturianu. L\u2019oxetivu xeneral ye dar a conocer Wikipedia y ufiertar recursos pa promover una participaci\u00f3n activa nel mesmu, que non solo implica la edici\u00f3n o llectura cr\u00edtica, sin\u00f3n una construcci\u00f3n sobre les maneres de ser y de tar na cultura dixital al travi\u00e9s de la cultura llibre. L\u2019usu y la creaci\u00f3n de conten\u00edos baxo llicencia llibre n\u2019aula lleva impl\u00edcitu\u2019l fomentu dientro del \u00e1mbitu educativu d\u2019una ciudadan\u00eda dixital compromet\u00edo colos sos derechos y deberes.<\/p>\n<p>El D\u00eda de les Ciencies Asturianes coincide cola celebraci\u00f3n nesti mes de payares del D\u00eda Mundial de la Ciencia pa la Paz y el Desenvolvimientu. Esta cita mundial ufierta la posibilid\u00e1 d\u2019amosar la importancia de la ciencia na nuestra vida diaria y alimentar el debate sobre les cuestiones cient\u00edfiques, aver\u00e1ndose a la socied\u00e1. Col lema d\u2019angua\u00f1o, Una ciencia pal entendimientu mundial, b\u00fascase amosar la so importancia pa la paz y el desenvolvimientu sostenible, porque promueve\u2019l compromisu de los individuos y les comunidaes locales pa compartir el conocimientu col que llograr un camb\u00e9u nos nuestros comportamientos.<\/p>\n","protected":false},"excerpt":{"rendered":"<p>La Conseyer\u00eda d\u2019Educaci\u00f3n y Cultura celebra la s\u00e9ptima edici\u00f3n del D\u00eda de les Ciencies Asturianes con dos actividaes divulgatives. Na primera, el cient\u00edficu Amador Men\u00e9ndez Vel\u00e1zquez va presentar la ponencia Desaf\u00edos tecnol\u00f3xicos de la nuestra era nel Real Institutu d\u2019Estudios Asturianos esti xueves 9 de payares a les 19:30 hores. Nella va presentar les posibilidaes<\/p>\n","protected":false},"author":1,"featured_media":35850,"comment_status":"closed","ping_status":"closed","sticky":false,"template":"","format":"standard","meta":{"footnotes":""},"categories":[1],"tags":[],"class_list":{"0":"post-83668","1":"post","2":"type-post","3":"status-publish","4":"format-standard","5":"has-post-thumbnail","7":"category-agenda"},"aioseo_notices":[],"aioseo_head":"\n\t\t<!-- All in One SEO Pro 4.9.6.2 - aioseo.com -->\n\t<meta name=\"description\" content=\"La Conseyer\u00eda d\u2019Educaci\u00f3n y Cultura celebra la s\u00e9ptima edici\u00f3n del D\u00eda de les Ciencies Asturianes con dos actividaes divulgatives. Na primera, el cient\u00edficu Amador Men\u00e9ndez Vel\u00e1zquez va presentar la ponencia Desaf\u00edos tecnol\u00f3xicos de la nuestra era nel Real Institutu d\u2019Estudios Asturianos esti xueves 9 de payares a les 19:30 hores. Nella va presentar les posibilidaes\" \/>\n\t<meta name=\"robots\" content=\"max-image-preview:large\" \/>\n\t<meta name=\"author\" content=\"Cand\u00e1s 365\"\/>\n\t<meta name=\"google-site-verification\" content=\"UA-32230408-1\" \/>\n\t<meta name=\"msvalidate.01\" content=\"354F3CDFB2DA171B47FBE9ABF1F88D5\" \/>\n\t<meta name=\"keywords\" content=\"agenda\" \/>\n\t<link rel=\"canonical\" href=\"https:\/\/candas365.es\/noticias\/dia-de-les-ciencies-asturianes\/\" \/>\n\t<meta name=\"generator\" content=\"All in One SEO Pro (AIOSEO) 4.9.6.2\" \/>\n\t\t<meta property=\"og:locale\" content=\"es_ES\" \/>\n\t\t<meta property=\"og:site_name\" content=\"Cand\u00e1s 365\" \/>\n\t\t<meta property=\"og:type\" content=\"article\" \/>\n\t\t<meta property=\"og:title\" content=\"D\u00eda de les Ciencies Asturianes | Cand\u00e1s 365\" \/>\n\t\t<meta property=\"og:description\" content=\"La Conseyer\u00eda d\u2019Educaci\u00f3n y Cultura celebra la s\u00e9ptima edici\u00f3n del D\u00eda de les Ciencies Asturianes con dos actividaes divulgatives. Na primera, el cient\u00edficu Amador Men\u00e9ndez Vel\u00e1zquez va presentar la ponencia Desaf\u00edos tecnol\u00f3xicos de la nuestra era nel Real Institutu d\u2019Estudios Asturianos esti xueves 9 de payares a les 19:30 hores. Nella va presentar les posibilidaes\" \/>\n\t\t<meta property=\"og:url\" content=\"https:\/\/candas365.es\/noticias\/dia-de-les-ciencies-asturianes\/\" \/>\n\t\t<meta property=\"og:image\" content=\"https:\/\/candas365.es\/noticias\/wp-content\/uploads\/2016\/11\/ciencia.jpg\" \/>\n\t\t<meta property=\"og:image:secure_url\" content=\"https:\/\/candas365.es\/noticias\/wp-content\/uploads\/2016\/11\/ciencia.jpg\" \/>\n\t\t<meta property=\"og:image:width\" content=\"655\" \/>\n\t\t<meta property=\"og:image:height\" content=\"360\" \/>\n\t\t<meta property=\"article:published_time\" content=\"2017-11-07T19:44:22+00:00\" \/>\n\t\t<meta property=\"article:modified_time\" content=\"2017-11-07T19:44:22+00:00\" \/>\n\t\t<meta property=\"article:publisher\" content=\"https:\/\/www.facebook.com\/Nachofdezber\" \/>\n\t\t<meta property=\"article:author\" content=\"https:\/\/www.facebook.com\/carrenoactualidad\" \/>\n\t\t<meta name=\"twitter:card\" content=\"summary_large_image\" \/>\n\t\t<meta name=\"twitter:site\" content=\"@NabercoDigital\" \/>\n\t\t<meta name=\"twitter:title\" content=\"D\u00eda de les Ciencies Asturianes | Cand\u00e1s 365\" \/>\n\t\t<meta name=\"twitter:description\" content=\"La Conseyer\u00eda d\u2019Educaci\u00f3n y Cultura celebra la s\u00e9ptima edici\u00f3n del D\u00eda de les Ciencies Asturianes con dos actividaes divulgatives. Na primera, el cient\u00edficu Amador Men\u00e9ndez Vel\u00e1zquez va presentar la ponencia Desaf\u00edos tecnol\u00f3xicos de la nuestra era nel Real Institutu d\u2019Estudios Asturianos esti xueves 9 de payares a les 19:30 hores. Nella va presentar les posibilidaes\" \/>\n\t\t<meta name=\"twitter:creator\" content=\"@nbasturias\" \/>\n\t\t<meta name=\"twitter:image\" content=\"https:\/\/candas365.es\/noticias\/wp-content\/uploads\/2016\/11\/ciencia.jpg\" \/>\n\t\t<meta name=\"twitter:label1\" content=\"Escrito por\" \/>\n\t\t<meta name=\"twitter:data1\" content=\"Cand\u00e1s 365\" \/>\n\t\t<meta name=\"twitter:label2\" content=\"Tiempo de lectura estimado\" \/>\n\t\t<meta name=\"twitter:data2\" content=\"2 minutos\" \/>\n\t\t<script type=\"application\/ld+json\" class=\"aioseo-schema\">\n\t\t\t{\"@context\":\"https:\\\/\\\/schema.org\",\"@graph\":[{\"@type\":\"BreadcrumbList\",\"@id\":\"https:\\\/\\\/candas365.es\\\/noticias\\\/dia-de-les-ciencies-asturianes\\\/#breadcrumblist\",\"itemListElement\":[{\"@type\":\"ListItem\",\"@id\":\"https:\\\/\\\/candas365.es\\\/noticias#listItem\",\"position\":1,\"name\":\"Home\",\"item\":\"https:\\\/\\\/candas365.es\\\/noticias\",\"nextItem\":{\"@type\":\"ListItem\",\"@id\":\"https:\\\/\\\/candas365.es\\\/noticias\\\/category\\\/agenda\\\/#listItem\",\"name\":\"Agenda\"}},{\"@type\":\"ListItem\",\"@id\":\"https:\\\/\\\/candas365.es\\\/noticias\\\/category\\\/agenda\\\/#listItem\",\"position\":2,\"name\":\"Agenda\",\"item\":\"https:\\\/\\\/candas365.es\\\/noticias\\\/category\\\/agenda\\\/\",\"nextItem\":{\"@type\":\"ListItem\",\"@id\":\"https:\\\/\\\/candas365.es\\\/noticias\\\/dia-de-les-ciencies-asturianes\\\/#listItem\",\"name\":\"D\\u00eda de les Ciencies Asturianes\"},\"previousItem\":{\"@type\":\"ListItem\",\"@id\":\"https:\\\/\\\/candas365.es\\\/noticias#listItem\",\"name\":\"Home\"}},{\"@type\":\"ListItem\",\"@id\":\"https:\\\/\\\/candas365.es\\\/noticias\\\/dia-de-les-ciencies-asturianes\\\/#listItem\",\"position\":3,\"name\":\"D\\u00eda de les Ciencies Asturianes\",\"previousItem\":{\"@type\":\"ListItem\",\"@id\":\"https:\\\/\\\/candas365.es\\\/noticias\\\/category\\\/agenda\\\/#listItem\",\"name\":\"Agenda\"}}]},{\"@type\":\"NewsArticle\",\"@id\":\"https:\\\/\\\/candas365.es\\\/noticias\\\/dia-de-les-ciencies-asturianes\\\/#newsarticle\",\"name\":\"D\\u00eda de les Ciencies Asturianes | Cand\\u00e1s 365\",\"headline\":\"D\\u00eda de les Ciencies Asturianes\",\"author\":{\"@id\":\"https:\\\/\\\/candas365.es\\\/noticias\\\/author\\\/admin\\\/#author\"},\"publisher\":{\"@id\":\"https:\\\/\\\/candas365.es\\\/noticias\\\/#organization\"},\"image\":{\"@type\":\"ImageObject\",\"url\":\"https:\\\/\\\/candas365.es\\\/noticias\\\/wp-content\\\/uploads\\\/2016\\\/11\\\/ciencia.jpg\",\"width\":655,\"height\":360},\"datePublished\":\"2017-11-07T19:44:22+01:00\",\"dateModified\":\"2017-11-07T19:44:22+01:00\",\"inLanguage\":\"es-ES\",\"mainEntityOfPage\":{\"@id\":\"https:\\\/\\\/candas365.es\\\/noticias\\\/dia-de-les-ciencies-asturianes\\\/#webpage\"},\"isPartOf\":{\"@id\":\"https:\\\/\\\/candas365.es\\\/noticias\\\/dia-de-les-ciencies-asturianes\\\/#webpage\"},\"articleSection\":\"Agenda\",\"dateline\":\"Publicado el noviembre 7, 2017.\"},{\"@type\":\"Organization\",\"@id\":\"https:\\\/\\\/candas365.es\\\/noticias\\\/#organization\",\"name\":\"Cand\\u00e1s 365\",\"description\":\"Cand\\u00e1s 365 es un diario digital independiente, fundado en 2012, con base en Asturias. Informamos con rigor sobre actualidad, sociedad, cultura y ocio, con una mirada local y global.\",\"url\":\"https:\\\/\\\/candas365.es\\\/noticias\\\/\",\"email\":\"info@candas365.es\",\"telephone\":\"+34652131393\",\"foundingDate\":\"2012-06-10\",\"logo\":{\"@type\":\"ImageObject\",\"url\":\"https:\\\/\\\/candas365.es\\\/noticias\\\/wp-content\\\/uploads\\\/2024\\\/09\\\/Candas-365-Redes.jpg\",\"@id\":\"https:\\\/\\\/candas365.es\\\/noticias\\\/dia-de-les-ciencies-asturianes\\\/#organizationLogo\",\"width\":1152,\"height\":864,\"caption\":\"Cand\\u00e1s 365 Redes\"},\"image\":{\"@id\":\"https:\\\/\\\/candas365.es\\\/noticias\\\/dia-de-les-ciencies-asturianes\\\/#organizationLogo\"},\"sameAs\":[\"https:\\\/\\\/www.facebook.com\\\/Nachofdezber\",\"https:\\\/\\\/x.com\\\/NabercoDigital\",\"https:\\\/\\\/www.instagram.com\\\/nachofdezber\\\/\",\"https:\\\/\\\/www.youtube.com\\\/channel\\\/UCZP-2wLEB9Rv6erhFmqVnvg\"],\"address\":{\"@id\":\"https:\\\/\\\/candas365.es\\\/noticias\\\/#postaladdress\",\"@type\":\"PostalAddress\",\"streetAddress\":\"san antonio 4, san antonio 4\",\"postalCode\":\"33430\",\"addressLocality\":\"Cand\\u00e1s\",\"addressRegion\":\"Asturias\",\"addressCountry\":\"ES\"}},{\"@type\":\"Person\",\"@id\":\"https:\\\/\\\/candas365.es\\\/noticias\\\/author\\\/admin\\\/#author\",\"url\":\"https:\\\/\\\/candas365.es\\\/noticias\\\/author\\\/admin\\\/\",\"name\":\"Cand\\u00e1s 365\",\"image\":{\"@type\":\"ImageObject\",\"@id\":\"https:\\\/\\\/candas365.es\\\/noticias\\\/dia-de-les-ciencies-asturianes\\\/#authorImage\",\"url\":\"https:\\\/\\\/secure.gravatar.com\\\/avatar\\\/496a8e03d0c493ede1718b7934145dbdf8d89be1036b0eec9544e1094c9de390?s=96&d=mm&r=g\",\"width\":96,\"height\":96,\"caption\":\"Cand\\u00e1s 365\"},\"sameAs\":[\"https:\\\/\\\/www.facebook.com\\\/carrenoactualidad\",\"https:\\\/\\\/twitter.com\\\/nbasturias\",\"https:\\\/\\\/www.instagram.com\\\/nachofdezber\\\/\",\"https:\\\/\\\/www.youtube.com\\\/channel\\\/UCZP-2wLEB9Rv6erhFmqVnvg\"]},{\"@type\":\"WebPage\",\"@id\":\"https:\\\/\\\/candas365.es\\\/noticias\\\/dia-de-les-ciencies-asturianes\\\/#webpage\",\"url\":\"https:\\\/\\\/candas365.es\\\/noticias\\\/dia-de-les-ciencies-asturianes\\\/\",\"name\":\"D\\u00eda de les Ciencies Asturianes | Cand\\u00e1s 365\",\"description\":\"La Conseyer\\u00eda d\\u2019Educaci\\u00f3n y Cultura celebra la s\\u00e9ptima edici\\u00f3n del D\\u00eda de les Ciencies Asturianes con dos actividaes divulgatives. Na primera, el cient\\u00edficu Amador Men\\u00e9ndez Vel\\u00e1zquez va presentar la ponencia Desaf\\u00edos tecnol\\u00f3xicos de la nuestra era nel Real Institutu d\\u2019Estudios Asturianos esti xueves 9 de payares a les 19:30 hores. Nella va presentar les posibilidaes\",\"inLanguage\":\"es-ES\",\"isPartOf\":{\"@id\":\"https:\\\/\\\/candas365.es\\\/noticias\\\/#website\"},\"breadcrumb\":{\"@id\":\"https:\\\/\\\/candas365.es\\\/noticias\\\/dia-de-les-ciencies-asturianes\\\/#breadcrumblist\"},\"author\":{\"@id\":\"https:\\\/\\\/candas365.es\\\/noticias\\\/author\\\/admin\\\/#author\"},\"creator\":{\"@id\":\"https:\\\/\\\/candas365.es\\\/noticias\\\/author\\\/admin\\\/#author\"},\"image\":{\"@type\":\"ImageObject\",\"url\":\"https:\\\/\\\/candas365.es\\\/noticias\\\/wp-content\\\/uploads\\\/2016\\\/11\\\/ciencia.jpg\",\"@id\":\"https:\\\/\\\/candas365.es\\\/noticias\\\/dia-de-les-ciencies-asturianes\\\/#mainImage\",\"width\":655,\"height\":360},\"primaryImageOfPage\":{\"@id\":\"https:\\\/\\\/candas365.es\\\/noticias\\\/dia-de-les-ciencies-asturianes\\\/#mainImage\"},\"datePublished\":\"2017-11-07T19:44:22+01:00\",\"dateModified\":\"2017-11-07T19:44:22+01:00\"},{\"@type\":\"WebSite\",\"@id\":\"https:\\\/\\\/candas365.es\\\/noticias\\\/#website\",\"url\":\"https:\\\/\\\/candas365.es\\\/noticias\\\/\",\"name\":\"Cand\\u00e1s 365\",\"alternateName\":\"Cand\\u00e1s 365 Noticias\",\"description\":\"Actualidad desde Carre\\u00f1o para el mundo\",\"inLanguage\":\"es-ES\",\"publisher\":{\"@id\":\"https:\\\/\\\/candas365.es\\\/noticias\\\/#organization\"}}]}\n\t\t<\/script>\n\t\t<!-- All in One SEO Pro -->\r\n\t\t<title>D\u00eda de les Ciencies Asturianes | Cand\u00e1s 365<\/title>\n\n","aioseo_head_json":{"title":"D\u00eda de les Ciencies Asturianes | Cand\u00e1s 365","description":"La Conseyer\u00eda d\u2019Educaci\u00f3n y Cultura celebra la s\u00e9ptima edici\u00f3n del D\u00eda de les Ciencies Asturianes con dos actividaes divulgatives. Na primera, el cient\u00edficu Amador Men\u00e9ndez Vel\u00e1zquez va presentar la ponencia Desaf\u00edos tecnol\u00f3xicos de la nuestra era nel Real Institutu d\u2019Estudios Asturianos esti xueves 9 de payares a les 19:30 hores. Nella va presentar les posibilidaes","canonical_url":"https:\/\/candas365.es\/noticias\/dia-de-les-ciencies-asturianes\/","robots":"max-image-preview:large","keywords":"agenda","webmasterTools":{"google-site-verification":"UA-32230408-1","msvalidate.01":"354F3CDFB2DA171B47FBE9ABF1F88D5","miscellaneous":""},"schema":{"@context":"https:\/\/schema.org","@graph":[{"@type":"BreadcrumbList","@id":"https:\/\/candas365.es\/noticias\/dia-de-les-ciencies-asturianes\/#breadcrumblist","itemListElement":[{"@type":"ListItem","@id":"https:\/\/candas365.es\/noticias#listItem","position":1,"name":"Home","item":"https:\/\/candas365.es\/noticias","nextItem":{"@type":"ListItem","@id":"https:\/\/candas365.es\/noticias\/category\/agenda\/#listItem","name":"Agenda"}},{"@type":"ListItem","@id":"https:\/\/candas365.es\/noticias\/category\/agenda\/#listItem","position":2,"name":"Agenda","item":"https:\/\/candas365.es\/noticias\/category\/agenda\/","nextItem":{"@type":"ListItem","@id":"https:\/\/candas365.es\/noticias\/dia-de-les-ciencies-asturianes\/#listItem","name":"D\u00eda de les Ciencies Asturianes"},"previousItem":{"@type":"ListItem","@id":"https:\/\/candas365.es\/noticias#listItem","name":"Home"}},{"@type":"ListItem","@id":"https:\/\/candas365.es\/noticias\/dia-de-les-ciencies-asturianes\/#listItem","position":3,"name":"D\u00eda de les Ciencies Asturianes","previousItem":{"@type":"ListItem","@id":"https:\/\/candas365.es\/noticias\/category\/agenda\/#listItem","name":"Agenda"}}]},{"@type":"NewsArticle","@id":"https:\/\/candas365.es\/noticias\/dia-de-les-ciencies-asturianes\/#newsarticle","name":"D\u00eda de les Ciencies Asturianes | Cand\u00e1s 365","headline":"D\u00eda de les Ciencies Asturianes","author":{"@id":"https:\/\/candas365.es\/noticias\/author\/admin\/#author"},"publisher":{"@id":"https:\/\/candas365.es\/noticias\/#organization"},"image":{"@type":"ImageObject","url":"https:\/\/candas365.es\/noticias\/wp-content\/uploads\/2016\/11\/ciencia.jpg","width":655,"height":360},"datePublished":"2017-11-07T19:44:22+01:00","dateModified":"2017-11-07T19:44:22+01:00","inLanguage":"es-ES","mainEntityOfPage":{"@id":"https:\/\/candas365.es\/noticias\/dia-de-les-ciencies-asturianes\/#webpage"},"isPartOf":{"@id":"https:\/\/candas365.es\/noticias\/dia-de-les-ciencies-asturianes\/#webpage"},"articleSection":"Agenda","dateline":"Publicado el noviembre 7, 2017."},{"@type":"Organization","@id":"https:\/\/candas365.es\/noticias\/#organization","name":"Cand\u00e1s 365","description":"Cand\u00e1s 365 es un diario digital independiente, fundado en 2012, con base en Asturias. Informamos con rigor sobre actualidad, sociedad, cultura y ocio, con una mirada local y global.","url":"https:\/\/candas365.es\/noticias\/","email":"info@candas365.es","telephone":"+34652131393","foundingDate":"2012-06-10","logo":{"@type":"ImageObject","url":"https:\/\/candas365.es\/noticias\/wp-content\/uploads\/2024\/09\/Candas-365-Redes.jpg","@id":"https:\/\/candas365.es\/noticias\/dia-de-les-ciencies-asturianes\/#organizationLogo","width":1152,"height":864,"caption":"Cand\u00e1s 365 Redes"},"image":{"@id":"https:\/\/candas365.es\/noticias\/dia-de-les-ciencies-asturianes\/#organizationLogo"},"sameAs":["https:\/\/www.facebook.com\/Nachofdezber","https:\/\/x.com\/NabercoDigital","https:\/\/www.instagram.com\/nachofdezber\/","https:\/\/www.youtube.com\/channel\/UCZP-2wLEB9Rv6erhFmqVnvg"],"address":{"@id":"https:\/\/candas365.es\/noticias\/#postaladdress","@type":"PostalAddress","streetAddress":"san antonio 4, san antonio 4","postalCode":"33430","addressLocality":"Cand\u00e1s","addressRegion":"Asturias","addressCountry":"ES"}},{"@type":"Person","@id":"https:\/\/candas365.es\/noticias\/author\/admin\/#author","url":"https:\/\/candas365.es\/noticias\/author\/admin\/","name":"Cand\u00e1s 365","image":{"@type":"ImageObject","@id":"https:\/\/candas365.es\/noticias\/dia-de-les-ciencies-asturianes\/#authorImage","url":"https:\/\/secure.gravatar.com\/avatar\/496a8e03d0c493ede1718b7934145dbdf8d89be1036b0eec9544e1094c9de390?s=96&d=mm&r=g","width":96,"height":96,"caption":"Cand\u00e1s 365"},"sameAs":["https:\/\/www.facebook.com\/carrenoactualidad","https:\/\/twitter.com\/nbasturias","https:\/\/www.instagram.com\/nachofdezber\/","https:\/\/www.youtube.com\/channel\/UCZP-2wLEB9Rv6erhFmqVnvg"]},{"@type":"WebPage","@id":"https:\/\/candas365.es\/noticias\/dia-de-les-ciencies-asturianes\/#webpage","url":"https:\/\/candas365.es\/noticias\/dia-de-les-ciencies-asturianes\/","name":"D\u00eda de les Ciencies Asturianes | Cand\u00e1s 365","description":"La Conseyer\u00eda d\u2019Educaci\u00f3n y Cultura celebra la s\u00e9ptima edici\u00f3n del D\u00eda de les Ciencies Asturianes con dos actividaes divulgatives. Na primera, el cient\u00edficu Amador Men\u00e9ndez Vel\u00e1zquez va presentar la ponencia Desaf\u00edos tecnol\u00f3xicos de la nuestra era nel Real Institutu d\u2019Estudios Asturianos esti xueves 9 de payares a les 19:30 hores. Nella va presentar les posibilidaes","inLanguage":"es-ES","isPartOf":{"@id":"https:\/\/candas365.es\/noticias\/#website"},"breadcrumb":{"@id":"https:\/\/candas365.es\/noticias\/dia-de-les-ciencies-asturianes\/#breadcrumblist"},"author":{"@id":"https:\/\/candas365.es\/noticias\/author\/admin\/#author"},"creator":{"@id":"https:\/\/candas365.es\/noticias\/author\/admin\/#author"},"image":{"@type":"ImageObject","url":"https:\/\/candas365.es\/noticias\/wp-content\/uploads\/2016\/11\/ciencia.jpg","@id":"https:\/\/candas365.es\/noticias\/dia-de-les-ciencies-asturianes\/#mainImage","width":655,"height":360},"primaryImageOfPage":{"@id":"https:\/\/candas365.es\/noticias\/dia-de-les-ciencies-asturianes\/#mainImage"},"datePublished":"2017-11-07T19:44:22+01:00","dateModified":"2017-11-07T19:44:22+01:00"},{"@type":"WebSite","@id":"https:\/\/candas365.es\/noticias\/#website","url":"https:\/\/candas365.es\/noticias\/","name":"Cand\u00e1s 365","alternateName":"Cand\u00e1s 365 Noticias","description":"Actualidad desde Carre\u00f1o para el mundo","inLanguage":"es-ES","publisher":{"@id":"https:\/\/candas365.es\/noticias\/#organization"}}]},"og:locale":"es_ES","og:site_name":"Cand\u00e1s 365","og:type":"article","og:title":"D\u00eda de les Ciencies Asturianes | Cand\u00e1s 365","og:description":"La Conseyer\u00eda d\u2019Educaci\u00f3n y Cultura celebra la s\u00e9ptima edici\u00f3n del D\u00eda de les Ciencies Asturianes con dos actividaes divulgatives. Na primera, el cient\u00edficu Amador Men\u00e9ndez Vel\u00e1zquez va presentar la ponencia Desaf\u00edos tecnol\u00f3xicos de la nuestra era nel Real Institutu d\u2019Estudios Asturianos esti xueves 9 de payares a les 19:30 hores. Nella va presentar les posibilidaes","og:url":"https:\/\/candas365.es\/noticias\/dia-de-les-ciencies-asturianes\/","og:image":"https:\/\/candas365.es\/noticias\/wp-content\/uploads\/2016\/11\/ciencia.jpg","og:image:secure_url":"https:\/\/candas365.es\/noticias\/wp-content\/uploads\/2016\/11\/ciencia.jpg","og:image:width":655,"og:image:height":360,"article:published_time":"2017-11-07T19:44:22+00:00","article:modified_time":"2017-11-07T19:44:22+00:00","article:publisher":"https:\/\/www.facebook.com\/Nachofdezber","article:author":"https:\/\/www.facebook.com\/carrenoactualidad","twitter:card":"summary_large_image","twitter:site":"@NabercoDigital","twitter:title":"D\u00eda de les Ciencies Asturianes | Cand\u00e1s 365","twitter:description":"La Conseyer\u00eda d\u2019Educaci\u00f3n y Cultura celebra la s\u00e9ptima edici\u00f3n del D\u00eda de les Ciencies Asturianes con dos actividaes divulgatives. Na primera, el cient\u00edficu Amador Men\u00e9ndez Vel\u00e1zquez va presentar la ponencia Desaf\u00edos tecnol\u00f3xicos de la nuestra era nel Real Institutu d\u2019Estudios Asturianos esti xueves 9 de payares a les 19:30 hores. Nella va presentar les posibilidaes","twitter:creator":"@nbasturias","twitter:image":"https:\/\/candas365.es\/noticias\/wp-content\/uploads\/2016\/11\/ciencia.jpg","twitter:label1":"Escrito por","twitter:data1":"Cand\u00e1s 365","twitter:label2":"Tiempo de lectura estimado","twitter:data2":"2 minutos"},"aioseo_meta_data":{"post_id":"83668","title":null,"description":null,"keywords":null,"keyphrases":null,"primary_term":null,"canonical_url":null,"og_title":null,"og_description":null,"og_object_type":"default","og_image_type":"default","og_image_url":null,"og_image_width":null,"og_image_height":null,"og_image_custom_url":null,"og_image_custom_fields":null,"og_video":null,"og_custom_url":null,"og_article_section":null,"og_article_tags":null,"twitter_use_og":false,"twitter_card":"default","twitter_image_type":"default","twitter_image_url":null,"twitter_image_custom_url":null,"twitter_image_custom_fields":null,"twitter_title":null,"twitter_description":null,"schema":{"blockGraphs":[],"customGraphs":[],"default":{"data":{"Article":[],"Course":[],"Dataset":[],"FAQPage":[],"Movie":[],"Person":[],"Product":[],"ProductReview":[],"Car":[],"Recipe":[],"Service":[],"SoftwareApplication":[],"WebPage":[]},"graphName":"","isEnabled":true},"graphs":[],"defaultGraph":"","defaultPostTypeGraph":""},"schema_type":null,"schema_type_options":null,"pillar_content":false,"robots_default":true,"robots_noindex":false,"robots_noarchive":false,"robots_nosnippet":false,"robots_nofollow":false,"robots_noimageindex":false,"robots_noodp":false,"robots_notranslate":false,"robots_max_snippet":null,"robots_max_videopreview":null,"robots_max_imagepreview":"large","priority":null,"frequency":null,"location":null,"local_seo":null,"seo_analyzer_scan_date":"2025-08-26 04:36:20","breadcrumb_settings":null,"limit_modified_date":false,"reviewed_by":null,"open_ai":null,"ai":null,"created":"2020-12-21 11:08:36","updated":"2025-08-26 04:36:20"},"aioseo_breadcrumb":"<div class=\"aioseo-breadcrumbs\"><span class=\"aioseo-breadcrumb\">\n\t<a href=\"https:\/\/candas365.es\/noticias\" title=\"Home\">Home<\/a>\n<\/span><span class=\"aioseo-breadcrumb-separator\">&ndash;<\/span><span class=\"aioseo-breadcrumb\">\n\t<a href=\"https:\/\/candas365.es\/noticias\/category\/agenda\/\" title=\"Agenda\">Agenda<\/a>\n<\/span><span class=\"aioseo-breadcrumb-separator\">&ndash;<\/span><span class=\"aioseo-breadcrumb\">\n\tD\u00eda de les Ciencies Asturianes\n<\/span><\/div>","aioseo_breadcrumb_json":[{"label":"Home","link":"https:\/\/candas365.es\/noticias"},{"label":"Agenda","link":"https:\/\/candas365.es\/noticias\/category\/agenda\/"},{"label":"D\u00eda de les Ciencies Asturianes","link":"https:\/\/candas365.es\/noticias\/dia-de-les-ciencies-asturianes\/"}],"_links":{"self":[{"href":"https:\/\/candas365.es\/noticias\/wp-json\/wp\/v2\/posts\/83668","targetHints":{"allow":["GET"]}}],"collection":[{"href":"https:\/\/candas365.es\/noticias\/wp-json\/wp\/v2\/posts"}],"about":[{"href":"https:\/\/candas365.es\/noticias\/wp-json\/wp\/v2\/types\/post"}],"author":[{"embeddable":true,"href":"https:\/\/candas365.es\/noticias\/wp-json\/wp\/v2\/users\/1"}],"replies":[{"embeddable":true,"href":"https:\/\/candas365.es\/noticias\/wp-json\/wp\/v2\/comments?post=83668"}],"version-history":[{"count":0,"href":"https:\/\/candas365.es\/noticias\/wp-json\/wp\/v2\/posts\/83668\/revisions"}],"wp:featuredmedia":[{"embeddable":true,"href":"https:\/\/candas365.es\/noticias\/wp-json\/wp\/v2\/media\/35850"}],"wp:attachment":[{"href":"https:\/\/candas365.es\/noticias\/wp-json\/wp\/v2\/media?parent=83668"}],"wp:term":[{"taxonomy":"category","embeddable":true,"href":"https:\/\/candas365.es\/noticias\/wp-json\/wp\/v2\/categories?post=83668"},{"taxonomy":"post_tag","embeddable":true,"href":"https:\/\/candas365.es\/noticias\/wp-json\/wp\/v2\/tags?post=83668"}],"curies":[{"name":"wp","href":"https:\/\/api.w.org\/{rel}","templated":true}]}}