{"id":83636,"date":"2017-11-07T19:00:35","date_gmt":"2017-11-07T19:00:35","guid":{"rendered":"http:\/\/candas365.es\/noticias\/?p=83636"},"modified":"2017-11-07T19:00:35","modified_gmt":"2017-11-07T19:00:35","slug":"semana-de-la-ciencia-en-el-muja","status":"publish","type":"post","link":"https:\/\/candas365.es\/noticias\/semana-de-la-ciencia-en-el-muja\/","title":{"rendered":"Semana de la Ciencia en el MUJA"},"content":{"rendered":"<p><img fetchpriority=\"high\" decoding=\"async\" class=\"alignleft size-medium wp-image-46132\" src=\"https:\/\/candas365.es\/noticias\/wp-content\/uploads\/2017\/04\/MUJA-360x240.jpg\" alt=\"\" width=\"360\" height=\"240\" srcset=\"https:\/\/candas365.es\/noticias\/wp-content\/uploads\/2017\/04\/MUJA-360x240.jpg 360w, https:\/\/candas365.es\/noticias\/wp-content\/uploads\/2017\/04\/MUJA-650x433.jpg 650w, https:\/\/candas365.es\/noticias\/wp-content\/uploads\/2017\/04\/MUJA-768x512.jpg 768w, https:\/\/candas365.es\/noticias\/wp-content\/uploads\/2017\/04\/MUJA-150x100.jpg 150w, https:\/\/candas365.es\/noticias\/wp-content\/uploads\/2017\/04\/MUJA-450x300.jpg 450w, https:\/\/candas365.es\/noticias\/wp-content\/uploads\/2017\/04\/MUJA-1200x800.jpg 1200w, https:\/\/candas365.es\/noticias\/wp-content\/uploads\/2017\/04\/MUJA-655x436.jpg 655w, https:\/\/candas365.es\/noticias\/wp-content\/uploads\/2017\/04\/MUJA-696x464.jpg 696w, https:\/\/candas365.es\/noticias\/wp-content\/uploads\/2017\/04\/MUJA-1068x712.jpg 1068w, https:\/\/candas365.es\/noticias\/wp-content\/uploads\/2017\/04\/MUJA-630x420.jpg 630w, https:\/\/candas365.es\/noticias\/wp-content\/uploads\/2017\/04\/MUJA-84x55.jpg 84w, https:\/\/candas365.es\/noticias\/wp-content\/uploads\/2017\/04\/MUJA.jpg 1280w\" sizes=\"(max-width: 360px) 100vw, 360px\" \/>Una actividad para viajar 228 millones de a\u00f1os en una jornada, visitas con el equipo cient\u00edfico a laboratorios y litotecas o la proyecci\u00f3n del documental Cant\u00e1brico son algunas de las propuestas con las que el Museo del Jur\u00e1sico de Asturias (MUJA) celebra la Semana de la Ciencia.<\/p>\n<p>El programa comenzar\u00e1 el s\u00e1bado 11 de noviembre con \u201c\u00a1Qu\u00e9 pasada de pasado!\u201d, una actividad conjunta con el Centro de Arte Rupestre Tito Bustillo que permite viajar en el tiempo para conocer la aparici\u00f3n y desaparici\u00f3n de especies hasta llegar a la presencia del hombre en nuestro planeta. \u201c\u00a1Qu\u00e9 pasada de pasado!\u201d se inicia a las 12:00 horas en el MUJA con una visita y un taller en el que los participantes diferenciar\u00e1n f\u00f3siles de distintas Eras geol\u00f3gicas y continuar\u00e1 a las 16:30 horas en el Centro Tito Bustillo, donde se construir\u00e1 una l\u00ednea del tiempo desde el origen de la tierra hasta la actualidad.<\/p>\n<p>El equipo cient\u00edfico del MUJA ser\u00e1 el encargado de guiar una visita a los laboratorios y litotecas del Museo, su lugar de trabajo, el domingo 12 de noviembre, a las 11:30 horas, y mostrar\u00e1 las piezas m\u00e1s relevantes de la exposici\u00f3n permanente el domingo 19 de noviembre, a las 12:30 horas.<\/p>\n<p>El s\u00e1bado 18 de noviembre el p\u00fablico infantil de 4 a 11 a\u00f1os realizar\u00e1 diferentes experimentos en el taller \u201cConvi\u00e9rtete en un cient\u00edfico\u201d a las 17:30 horas, a la misma hora en la que se proyectar\u00e1 Cant\u00e1brico. Los dominios del oso pardo, dirigido por Joaqu\u00edn Guti\u00e9rrez Acha. Rodado en los paisajes de Castilla-Le\u00f3n, Asturias y Cantabria, este documental acompa\u00f1a al oso pardo como gu\u00eda para mostrar el patrimonio natural y las especies m\u00e1s emblem\u00e1ticas de la Cordillera Cant\u00e1brica.<\/p>\n<p>Los visitantes al Museo tambi\u00e9n pueden disfrutar del audiovisual El trabajo cient\u00edfico del MUJA, de recorridos guiados por la exposici\u00f3n permanente del Museo o de la visita-taller infantil \u201cPaleont\u00f3logo por un d\u00eda\u201d. Se puede consultar los horarios y tarifas de todas las actividades en la web <span style=\"color: #ff0000;\"><strong>www.museojurasicoasturias.com<\/strong><\/span>.<\/p>\n<p>Para grupos escolares tambi\u00e9n se ofrecen, en colaboraci\u00f3n con la Oficina de Transferencia de Resultados de Investigaci\u00f3n (OTRI) de la Universidad de Oviedo, dos itinerarios cient\u00edficos: Interpretaci\u00f3n de un yacimiento y Conociendo el trabajo de un paleont\u00f3logo.<\/p>\n<p>&nbsp;<\/p>\n","protected":false},"excerpt":{"rendered":"<p>Una actividad para viajar 228 millones de a\u00f1os en una jornada, visitas con el equipo cient\u00edfico a laboratorios y litotecas o la proyecci\u00f3n del documental Cant\u00e1brico son algunas de las propuestas con las que el Museo del Jur\u00e1sico de Asturias (MUJA) celebra la Semana de la Ciencia. El programa comenzar\u00e1 el s\u00e1bado 11 de noviembre<\/p>\n","protected":false},"author":1,"featured_media":46132,"comment_status":"closed","ping_status":"closed","sticky":false,"template":"","format":"standard","meta":{"footnotes":""},"categories":[1],"tags":[],"class_list":{"0":"post-83636","1":"post","2":"type-post","3":"status-publish","4":"format-standard","5":"has-post-thumbnail","7":"category-agenda"},"aioseo_notices":[],"aioseo_head":"\n\t\t<!-- All in One SEO Pro 4.9.6.2 - aioseo.com -->\n\t<meta name=\"description\" content=\"Una actividad para viajar 228 millones de a\u00f1os en una jornada, visitas con el equipo cient\u00edfico a laboratorios y litotecas o la proyecci\u00f3n del documental Cant\u00e1brico son algunas de las propuestas con las que el Museo del Jur\u00e1sico de Asturias (MUJA) celebra la Semana de la Ciencia. El programa comenzar\u00e1 el s\u00e1bado 11 de noviembre\" \/>\n\t<meta name=\"robots\" content=\"max-image-preview:large\" \/>\n\t<meta name=\"author\" content=\"Cand\u00e1s 365\"\/>\n\t<meta name=\"google-site-verification\" content=\"UA-32230408-1\" \/>\n\t<meta name=\"msvalidate.01\" content=\"354F3CDFB2DA171B47FBE9ABF1F88D5\" \/>\n\t<meta name=\"keywords\" content=\"agenda\" \/>\n\t<link rel=\"canonical\" href=\"https:\/\/candas365.es\/noticias\/semana-de-la-ciencia-en-el-muja\/\" \/>\n\t<meta name=\"generator\" content=\"All in One SEO Pro (AIOSEO) 4.9.6.2\" \/>\n\t\t<meta property=\"og:locale\" content=\"es_ES\" \/>\n\t\t<meta property=\"og:site_name\" content=\"Cand\u00e1s 365\" \/>\n\t\t<meta property=\"og:type\" content=\"article\" \/>\n\t\t<meta property=\"og:title\" content=\"Semana de la Ciencia en el MUJA | Cand\u00e1s 365\" \/>\n\t\t<meta property=\"og:description\" content=\"Una actividad para viajar 228 millones de a\u00f1os en una jornada, visitas con el equipo cient\u00edfico a laboratorios y litotecas o la proyecci\u00f3n del documental Cant\u00e1brico son algunas de las propuestas con las que el Museo del Jur\u00e1sico de Asturias (MUJA) celebra la Semana de la Ciencia. El programa comenzar\u00e1 el s\u00e1bado 11 de noviembre\" \/>\n\t\t<meta property=\"og:url\" content=\"https:\/\/candas365.es\/noticias\/semana-de-la-ciencia-en-el-muja\/\" \/>\n\t\t<meta property=\"og:image\" content=\"https:\/\/candas365.es\/noticias\/wp-content\/uploads\/2017\/04\/MUJA.jpg\" \/>\n\t\t<meta property=\"og:image:secure_url\" content=\"https:\/\/candas365.es\/noticias\/wp-content\/uploads\/2017\/04\/MUJA.jpg\" \/>\n\t\t<meta property=\"og:image:width\" content=\"1280\" \/>\n\t\t<meta property=\"og:image:height\" content=\"853\" \/>\n\t\t<meta property=\"article:published_time\" content=\"2017-11-07T19:00:35+00:00\" \/>\n\t\t<meta property=\"article:modified_time\" content=\"2017-11-07T19:00:35+00:00\" \/>\n\t\t<meta property=\"article:publisher\" content=\"https:\/\/www.facebook.com\/Nachofdezber\" \/>\n\t\t<meta property=\"article:author\" content=\"https:\/\/www.facebook.com\/carrenoactualidad\" \/>\n\t\t<meta name=\"twitter:card\" content=\"summary_large_image\" \/>\n\t\t<meta name=\"twitter:site\" content=\"@NabercoDigital\" \/>\n\t\t<meta name=\"twitter:title\" content=\"Semana de la Ciencia en el MUJA | Cand\u00e1s 365\" \/>\n\t\t<meta name=\"twitter:description\" content=\"Una actividad para viajar 228 millones de a\u00f1os en una jornada, visitas con el equipo cient\u00edfico a laboratorios y litotecas o la proyecci\u00f3n del documental Cant\u00e1brico son algunas de las propuestas con las que el Museo del Jur\u00e1sico de Asturias (MUJA) celebra la Semana de la Ciencia. El programa comenzar\u00e1 el s\u00e1bado 11 de noviembre\" \/>\n\t\t<meta name=\"twitter:creator\" content=\"@nbasturias\" \/>\n\t\t<meta name=\"twitter:image\" content=\"https:\/\/candas365.es\/noticias\/wp-content\/uploads\/2017\/04\/MUJA.jpg\" \/>\n\t\t<meta name=\"twitter:label1\" content=\"Escrito por\" \/>\n\t\t<meta name=\"twitter:data1\" content=\"Cand\u00e1s 365\" \/>\n\t\t<meta name=\"twitter:label2\" content=\"Tiempo de lectura estimado\" \/>\n\t\t<meta name=\"twitter:data2\" content=\"2 minutos\" \/>\n\t\t<script type=\"application\/ld+json\" class=\"aioseo-schema\">\n\t\t\t{\"@context\":\"https:\\\/\\\/schema.org\",\"@graph\":[{\"@type\":\"BreadcrumbList\",\"@id\":\"https:\\\/\\\/candas365.es\\\/noticias\\\/semana-de-la-ciencia-en-el-muja\\\/#breadcrumblist\",\"itemListElement\":[{\"@type\":\"ListItem\",\"@id\":\"https:\\\/\\\/candas365.es\\\/noticias#listItem\",\"position\":1,\"name\":\"Home\",\"item\":\"https:\\\/\\\/candas365.es\\\/noticias\",\"nextItem\":{\"@type\":\"ListItem\",\"@id\":\"https:\\\/\\\/candas365.es\\\/noticias\\\/category\\\/agenda\\\/#listItem\",\"name\":\"Agenda\"}},{\"@type\":\"ListItem\",\"@id\":\"https:\\\/\\\/candas365.es\\\/noticias\\\/category\\\/agenda\\\/#listItem\",\"position\":2,\"name\":\"Agenda\",\"item\":\"https:\\\/\\\/candas365.es\\\/noticias\\\/category\\\/agenda\\\/\",\"nextItem\":{\"@type\":\"ListItem\",\"@id\":\"https:\\\/\\\/candas365.es\\\/noticias\\\/semana-de-la-ciencia-en-el-muja\\\/#listItem\",\"name\":\"Semana de la Ciencia en el MUJA\"},\"previousItem\":{\"@type\":\"ListItem\",\"@id\":\"https:\\\/\\\/candas365.es\\\/noticias#listItem\",\"name\":\"Home\"}},{\"@type\":\"ListItem\",\"@id\":\"https:\\\/\\\/candas365.es\\\/noticias\\\/semana-de-la-ciencia-en-el-muja\\\/#listItem\",\"position\":3,\"name\":\"Semana de la Ciencia en el MUJA\",\"previousItem\":{\"@type\":\"ListItem\",\"@id\":\"https:\\\/\\\/candas365.es\\\/noticias\\\/category\\\/agenda\\\/#listItem\",\"name\":\"Agenda\"}}]},{\"@type\":\"NewsArticle\",\"@id\":\"https:\\\/\\\/candas365.es\\\/noticias\\\/semana-de-la-ciencia-en-el-muja\\\/#newsarticle\",\"name\":\"Semana de la Ciencia en el MUJA | Cand\\u00e1s 365\",\"headline\":\"Semana de la Ciencia en el MUJA\",\"author\":{\"@id\":\"https:\\\/\\\/candas365.es\\\/noticias\\\/author\\\/admin\\\/#author\"},\"publisher\":{\"@id\":\"https:\\\/\\\/candas365.es\\\/noticias\\\/#organization\"},\"image\":{\"@type\":\"ImageObject\",\"url\":\"https:\\\/\\\/candas365.es\\\/noticias\\\/wp-content\\\/uploads\\\/2017\\\/04\\\/MUJA.jpg\",\"width\":1280,\"height\":853},\"datePublished\":\"2017-11-07T19:00:35+01:00\",\"dateModified\":\"2017-11-07T19:00:35+01:00\",\"inLanguage\":\"es-ES\",\"mainEntityOfPage\":{\"@id\":\"https:\\\/\\\/candas365.es\\\/noticias\\\/semana-de-la-ciencia-en-el-muja\\\/#webpage\"},\"isPartOf\":{\"@id\":\"https:\\\/\\\/candas365.es\\\/noticias\\\/semana-de-la-ciencia-en-el-muja\\\/#webpage\"},\"articleSection\":\"Agenda\",\"dateline\":\"Publicado el noviembre 7, 2017.\"},{\"@type\":\"Organization\",\"@id\":\"https:\\\/\\\/candas365.es\\\/noticias\\\/#organization\",\"name\":\"Cand\\u00e1s 365\",\"description\":\"Cand\\u00e1s 365 es un diario digital independiente, fundado en 2012, con base en Asturias. Informamos con rigor sobre actualidad, sociedad, cultura y ocio, con una mirada local y global.\",\"url\":\"https:\\\/\\\/candas365.es\\\/noticias\\\/\",\"email\":\"info@candas365.es\",\"telephone\":\"+34652131393\",\"foundingDate\":\"2012-06-10\",\"logo\":{\"@type\":\"ImageObject\",\"url\":\"https:\\\/\\\/candas365.es\\\/noticias\\\/wp-content\\\/uploads\\\/2024\\\/09\\\/Candas-365-Redes.jpg\",\"@id\":\"https:\\\/\\\/candas365.es\\\/noticias\\\/semana-de-la-ciencia-en-el-muja\\\/#organizationLogo\",\"width\":1152,\"height\":864,\"caption\":\"Cand\\u00e1s 365 Redes\"},\"image\":{\"@id\":\"https:\\\/\\\/candas365.es\\\/noticias\\\/semana-de-la-ciencia-en-el-muja\\\/#organizationLogo\"},\"sameAs\":[\"https:\\\/\\\/www.facebook.com\\\/Nachofdezber\",\"https:\\\/\\\/x.com\\\/NabercoDigital\",\"https:\\\/\\\/www.instagram.com\\\/nachofdezber\\\/\",\"https:\\\/\\\/www.youtube.com\\\/channel\\\/UCZP-2wLEB9Rv6erhFmqVnvg\"],\"address\":{\"@id\":\"https:\\\/\\\/candas365.es\\\/noticias\\\/#postaladdress\",\"@type\":\"PostalAddress\",\"streetAddress\":\"san antonio 4, san antonio 4\",\"postalCode\":\"33430\",\"addressLocality\":\"Cand\\u00e1s\",\"addressRegion\":\"Asturias\",\"addressCountry\":\"ES\"}},{\"@type\":\"Person\",\"@id\":\"https:\\\/\\\/candas365.es\\\/noticias\\\/author\\\/admin\\\/#author\",\"url\":\"https:\\\/\\\/candas365.es\\\/noticias\\\/author\\\/admin\\\/\",\"name\":\"Cand\\u00e1s 365\",\"image\":{\"@type\":\"ImageObject\",\"@id\":\"https:\\\/\\\/candas365.es\\\/noticias\\\/semana-de-la-ciencia-en-el-muja\\\/#authorImage\",\"url\":\"https:\\\/\\\/secure.gravatar.com\\\/avatar\\\/496a8e03d0c493ede1718b7934145dbdf8d89be1036b0eec9544e1094c9de390?s=96&d=mm&r=g\",\"width\":96,\"height\":96,\"caption\":\"Cand\\u00e1s 365\"},\"sameAs\":[\"https:\\\/\\\/www.facebook.com\\\/carrenoactualidad\",\"https:\\\/\\\/twitter.com\\\/nbasturias\",\"https:\\\/\\\/www.instagram.com\\\/nachofdezber\\\/\",\"https:\\\/\\\/www.youtube.com\\\/channel\\\/UCZP-2wLEB9Rv6erhFmqVnvg\"]},{\"@type\":\"WebPage\",\"@id\":\"https:\\\/\\\/candas365.es\\\/noticias\\\/semana-de-la-ciencia-en-el-muja\\\/#webpage\",\"url\":\"https:\\\/\\\/candas365.es\\\/noticias\\\/semana-de-la-ciencia-en-el-muja\\\/\",\"name\":\"Semana de la Ciencia en el MUJA | Cand\\u00e1s 365\",\"description\":\"Una actividad para viajar 228 millones de a\\u00f1os en una jornada, visitas con el equipo cient\\u00edfico a laboratorios y litotecas o la proyecci\\u00f3n del documental Cant\\u00e1brico son algunas de las propuestas con las que el Museo del Jur\\u00e1sico de Asturias (MUJA) celebra la Semana de la Ciencia. El programa comenzar\\u00e1 el s\\u00e1bado 11 de noviembre\",\"inLanguage\":\"es-ES\",\"isPartOf\":{\"@id\":\"https:\\\/\\\/candas365.es\\\/noticias\\\/#website\"},\"breadcrumb\":{\"@id\":\"https:\\\/\\\/candas365.es\\\/noticias\\\/semana-de-la-ciencia-en-el-muja\\\/#breadcrumblist\"},\"author\":{\"@id\":\"https:\\\/\\\/candas365.es\\\/noticias\\\/author\\\/admin\\\/#author\"},\"creator\":{\"@id\":\"https:\\\/\\\/candas365.es\\\/noticias\\\/author\\\/admin\\\/#author\"},\"image\":{\"@type\":\"ImageObject\",\"url\":\"https:\\\/\\\/candas365.es\\\/noticias\\\/wp-content\\\/uploads\\\/2017\\\/04\\\/MUJA.jpg\",\"@id\":\"https:\\\/\\\/candas365.es\\\/noticias\\\/semana-de-la-ciencia-en-el-muja\\\/#mainImage\",\"width\":1280,\"height\":853},\"primaryImageOfPage\":{\"@id\":\"https:\\\/\\\/candas365.es\\\/noticias\\\/semana-de-la-ciencia-en-el-muja\\\/#mainImage\"},\"datePublished\":\"2017-11-07T19:00:35+01:00\",\"dateModified\":\"2017-11-07T19:00:35+01:00\"},{\"@type\":\"WebSite\",\"@id\":\"https:\\\/\\\/candas365.es\\\/noticias\\\/#website\",\"url\":\"https:\\\/\\\/candas365.es\\\/noticias\\\/\",\"name\":\"Cand\\u00e1s 365\",\"alternateName\":\"Cand\\u00e1s 365 Noticias\",\"description\":\"Actualidad desde Carre\\u00f1o para el mundo\",\"inLanguage\":\"es-ES\",\"publisher\":{\"@id\":\"https:\\\/\\\/candas365.es\\\/noticias\\\/#organization\"}}]}\n\t\t<\/script>\n\t\t<!-- All in One SEO Pro -->\r\n\t\t<title>Semana de la Ciencia en el MUJA | Cand\u00e1s 365<\/title>\n\n","aioseo_head_json":{"title":"Semana de la Ciencia en el MUJA | Cand\u00e1s 365","description":"Una actividad para viajar 228 millones de a\u00f1os en una jornada, visitas con el equipo cient\u00edfico a laboratorios y litotecas o la proyecci\u00f3n del documental Cant\u00e1brico son algunas de las propuestas con las que el Museo del Jur\u00e1sico de Asturias (MUJA) celebra la Semana de la Ciencia. El programa comenzar\u00e1 el s\u00e1bado 11 de noviembre","canonical_url":"https:\/\/candas365.es\/noticias\/semana-de-la-ciencia-en-el-muja\/","robots":"max-image-preview:large","keywords":"agenda","webmasterTools":{"google-site-verification":"UA-32230408-1","msvalidate.01":"354F3CDFB2DA171B47FBE9ABF1F88D5","miscellaneous":""},"schema":{"@context":"https:\/\/schema.org","@graph":[{"@type":"BreadcrumbList","@id":"https:\/\/candas365.es\/noticias\/semana-de-la-ciencia-en-el-muja\/#breadcrumblist","itemListElement":[{"@type":"ListItem","@id":"https:\/\/candas365.es\/noticias#listItem","position":1,"name":"Home","item":"https:\/\/candas365.es\/noticias","nextItem":{"@type":"ListItem","@id":"https:\/\/candas365.es\/noticias\/category\/agenda\/#listItem","name":"Agenda"}},{"@type":"ListItem","@id":"https:\/\/candas365.es\/noticias\/category\/agenda\/#listItem","position":2,"name":"Agenda","item":"https:\/\/candas365.es\/noticias\/category\/agenda\/","nextItem":{"@type":"ListItem","@id":"https:\/\/candas365.es\/noticias\/semana-de-la-ciencia-en-el-muja\/#listItem","name":"Semana de la Ciencia en el MUJA"},"previousItem":{"@type":"ListItem","@id":"https:\/\/candas365.es\/noticias#listItem","name":"Home"}},{"@type":"ListItem","@id":"https:\/\/candas365.es\/noticias\/semana-de-la-ciencia-en-el-muja\/#listItem","position":3,"name":"Semana de la Ciencia en el MUJA","previousItem":{"@type":"ListItem","@id":"https:\/\/candas365.es\/noticias\/category\/agenda\/#listItem","name":"Agenda"}}]},{"@type":"NewsArticle","@id":"https:\/\/candas365.es\/noticias\/semana-de-la-ciencia-en-el-muja\/#newsarticle","name":"Semana de la Ciencia en el MUJA | Cand\u00e1s 365","headline":"Semana de la Ciencia en el MUJA","author":{"@id":"https:\/\/candas365.es\/noticias\/author\/admin\/#author"},"publisher":{"@id":"https:\/\/candas365.es\/noticias\/#organization"},"image":{"@type":"ImageObject","url":"https:\/\/candas365.es\/noticias\/wp-content\/uploads\/2017\/04\/MUJA.jpg","width":1280,"height":853},"datePublished":"2017-11-07T19:00:35+01:00","dateModified":"2017-11-07T19:00:35+01:00","inLanguage":"es-ES","mainEntityOfPage":{"@id":"https:\/\/candas365.es\/noticias\/semana-de-la-ciencia-en-el-muja\/#webpage"},"isPartOf":{"@id":"https:\/\/candas365.es\/noticias\/semana-de-la-ciencia-en-el-muja\/#webpage"},"articleSection":"Agenda","dateline":"Publicado el noviembre 7, 2017."},{"@type":"Organization","@id":"https:\/\/candas365.es\/noticias\/#organization","name":"Cand\u00e1s 365","description":"Cand\u00e1s 365 es un diario digital independiente, fundado en 2012, con base en Asturias. Informamos con rigor sobre actualidad, sociedad, cultura y ocio, con una mirada local y global.","url":"https:\/\/candas365.es\/noticias\/","email":"info@candas365.es","telephone":"+34652131393","foundingDate":"2012-06-10","logo":{"@type":"ImageObject","url":"https:\/\/candas365.es\/noticias\/wp-content\/uploads\/2024\/09\/Candas-365-Redes.jpg","@id":"https:\/\/candas365.es\/noticias\/semana-de-la-ciencia-en-el-muja\/#organizationLogo","width":1152,"height":864,"caption":"Cand\u00e1s 365 Redes"},"image":{"@id":"https:\/\/candas365.es\/noticias\/semana-de-la-ciencia-en-el-muja\/#organizationLogo"},"sameAs":["https:\/\/www.facebook.com\/Nachofdezber","https:\/\/x.com\/NabercoDigital","https:\/\/www.instagram.com\/nachofdezber\/","https:\/\/www.youtube.com\/channel\/UCZP-2wLEB9Rv6erhFmqVnvg"],"address":{"@id":"https:\/\/candas365.es\/noticias\/#postaladdress","@type":"PostalAddress","streetAddress":"san antonio 4, san antonio 4","postalCode":"33430","addressLocality":"Cand\u00e1s","addressRegion":"Asturias","addressCountry":"ES"}},{"@type":"Person","@id":"https:\/\/candas365.es\/noticias\/author\/admin\/#author","url":"https:\/\/candas365.es\/noticias\/author\/admin\/","name":"Cand\u00e1s 365","image":{"@type":"ImageObject","@id":"https:\/\/candas365.es\/noticias\/semana-de-la-ciencia-en-el-muja\/#authorImage","url":"https:\/\/secure.gravatar.com\/avatar\/496a8e03d0c493ede1718b7934145dbdf8d89be1036b0eec9544e1094c9de390?s=96&d=mm&r=g","width":96,"height":96,"caption":"Cand\u00e1s 365"},"sameAs":["https:\/\/www.facebook.com\/carrenoactualidad","https:\/\/twitter.com\/nbasturias","https:\/\/www.instagram.com\/nachofdezber\/","https:\/\/www.youtube.com\/channel\/UCZP-2wLEB9Rv6erhFmqVnvg"]},{"@type":"WebPage","@id":"https:\/\/candas365.es\/noticias\/semana-de-la-ciencia-en-el-muja\/#webpage","url":"https:\/\/candas365.es\/noticias\/semana-de-la-ciencia-en-el-muja\/","name":"Semana de la Ciencia en el MUJA | Cand\u00e1s 365","description":"Una actividad para viajar 228 millones de a\u00f1os en una jornada, visitas con el equipo cient\u00edfico a laboratorios y litotecas o la proyecci\u00f3n del documental Cant\u00e1brico son algunas de las propuestas con las que el Museo del Jur\u00e1sico de Asturias (MUJA) celebra la Semana de la Ciencia. El programa comenzar\u00e1 el s\u00e1bado 11 de noviembre","inLanguage":"es-ES","isPartOf":{"@id":"https:\/\/candas365.es\/noticias\/#website"},"breadcrumb":{"@id":"https:\/\/candas365.es\/noticias\/semana-de-la-ciencia-en-el-muja\/#breadcrumblist"},"author":{"@id":"https:\/\/candas365.es\/noticias\/author\/admin\/#author"},"creator":{"@id":"https:\/\/candas365.es\/noticias\/author\/admin\/#author"},"image":{"@type":"ImageObject","url":"https:\/\/candas365.es\/noticias\/wp-content\/uploads\/2017\/04\/MUJA.jpg","@id":"https:\/\/candas365.es\/noticias\/semana-de-la-ciencia-en-el-muja\/#mainImage","width":1280,"height":853},"primaryImageOfPage":{"@id":"https:\/\/candas365.es\/noticias\/semana-de-la-ciencia-en-el-muja\/#mainImage"},"datePublished":"2017-11-07T19:00:35+01:00","dateModified":"2017-11-07T19:00:35+01:00"},{"@type":"WebSite","@id":"https:\/\/candas365.es\/noticias\/#website","url":"https:\/\/candas365.es\/noticias\/","name":"Cand\u00e1s 365","alternateName":"Cand\u00e1s 365 Noticias","description":"Actualidad desde Carre\u00f1o para el mundo","inLanguage":"es-ES","publisher":{"@id":"https:\/\/candas365.es\/noticias\/#organization"}}]},"og:locale":"es_ES","og:site_name":"Cand\u00e1s 365","og:type":"article","og:title":"Semana de la Ciencia en el MUJA | Cand\u00e1s 365","og:description":"Una actividad para viajar 228 millones de a\u00f1os en una jornada, visitas con el equipo cient\u00edfico a laboratorios y litotecas o la proyecci\u00f3n del documental Cant\u00e1brico son algunas de las propuestas con las que el Museo del Jur\u00e1sico de Asturias (MUJA) celebra la Semana de la Ciencia. El programa comenzar\u00e1 el s\u00e1bado 11 de noviembre","og:url":"https:\/\/candas365.es\/noticias\/semana-de-la-ciencia-en-el-muja\/","og:image":"https:\/\/candas365.es\/noticias\/wp-content\/uploads\/2017\/04\/MUJA.jpg","og:image:secure_url":"https:\/\/candas365.es\/noticias\/wp-content\/uploads\/2017\/04\/MUJA.jpg","og:image:width":1280,"og:image:height":853,"article:published_time":"2017-11-07T19:00:35+00:00","article:modified_time":"2017-11-07T19:00:35+00:00","article:publisher":"https:\/\/www.facebook.com\/Nachofdezber","article:author":"https:\/\/www.facebook.com\/carrenoactualidad","twitter:card":"summary_large_image","twitter:site":"@NabercoDigital","twitter:title":"Semana de la Ciencia en el MUJA | Cand\u00e1s 365","twitter:description":"Una actividad para viajar 228 millones de a\u00f1os en una jornada, visitas con el equipo cient\u00edfico a laboratorios y litotecas o la proyecci\u00f3n del documental Cant\u00e1brico son algunas de las propuestas con las que el Museo del Jur\u00e1sico de Asturias (MUJA) celebra la Semana de la Ciencia. El programa comenzar\u00e1 el s\u00e1bado 11 de noviembre","twitter:creator":"@nbasturias","twitter:image":"https:\/\/candas365.es\/noticias\/wp-content\/uploads\/2017\/04\/MUJA.jpg","twitter:label1":"Escrito por","twitter:data1":"Cand\u00e1s 365","twitter:label2":"Tiempo de lectura estimado","twitter:data2":"2 minutos"},"aioseo_meta_data":{"post_id":"83636","title":null,"description":null,"keywords":null,"keyphrases":null,"primary_term":null,"canonical_url":null,"og_title":null,"og_description":null,"og_object_type":"default","og_image_type":"default","og_image_url":null,"og_image_width":null,"og_image_height":null,"og_image_custom_url":null,"og_image_custom_fields":null,"og_video":null,"og_custom_url":null,"og_article_section":null,"og_article_tags":null,"twitter_use_og":false,"twitter_card":"default","twitter_image_type":"default","twitter_image_url":null,"twitter_image_custom_url":null,"twitter_image_custom_fields":null,"twitter_title":null,"twitter_description":null,"schema":{"blockGraphs":[],"customGraphs":[],"default":{"data":{"Article":[],"Course":[],"Dataset":[],"FAQPage":[],"Movie":[],"Person":[],"Product":[],"ProductReview":[],"Car":[],"Recipe":[],"Service":[],"SoftwareApplication":[],"WebPage":[]},"graphName":"","isEnabled":true},"graphs":[]},"schema_type":null,"schema_type_options":null,"pillar_content":false,"robots_default":true,"robots_noindex":false,"robots_noarchive":false,"robots_nosnippet":false,"robots_nofollow":false,"robots_noimageindex":false,"robots_noodp":false,"robots_notranslate":false,"robots_max_snippet":null,"robots_max_videopreview":null,"robots_max_imagepreview":"large","priority":null,"frequency":null,"location":null,"local_seo":null,"seo_analyzer_scan_date":"2025-08-26 04:33:09","breadcrumb_settings":null,"limit_modified_date":false,"reviewed_by":null,"open_ai":null,"ai":null,"created":"2020-12-21 12:29:56","updated":"2025-08-26 04:33:09"},"aioseo_breadcrumb":"<div class=\"aioseo-breadcrumbs\"><span class=\"aioseo-breadcrumb\">\n\t<a href=\"https:\/\/candas365.es\/noticias\" title=\"Home\">Home<\/a>\n<\/span><span class=\"aioseo-breadcrumb-separator\">&ndash;<\/span><span class=\"aioseo-breadcrumb\">\n\t<a href=\"https:\/\/candas365.es\/noticias\/category\/agenda\/\" title=\"Agenda\">Agenda<\/a>\n<\/span><span class=\"aioseo-breadcrumb-separator\">&ndash;<\/span><span class=\"aioseo-breadcrumb\">\n\tSemana de la Ciencia en el MUJA\n<\/span><\/div>","aioseo_breadcrumb_json":[{"label":"Home","link":"https:\/\/candas365.es\/noticias"},{"label":"Agenda","link":"https:\/\/candas365.es\/noticias\/category\/agenda\/"},{"label":"Semana de la Ciencia en el MUJA","link":"https:\/\/candas365.es\/noticias\/semana-de-la-ciencia-en-el-muja\/"}],"_links":{"self":[{"href":"https:\/\/candas365.es\/noticias\/wp-json\/wp\/v2\/posts\/83636","targetHints":{"allow":["GET"]}}],"collection":[{"href":"https:\/\/candas365.es\/noticias\/wp-json\/wp\/v2\/posts"}],"about":[{"href":"https:\/\/candas365.es\/noticias\/wp-json\/wp\/v2\/types\/post"}],"author":[{"embeddable":true,"href":"https:\/\/candas365.es\/noticias\/wp-json\/wp\/v2\/users\/1"}],"replies":[{"embeddable":true,"href":"https:\/\/candas365.es\/noticias\/wp-json\/wp\/v2\/comments?post=83636"}],"version-history":[{"count":0,"href":"https:\/\/candas365.es\/noticias\/wp-json\/wp\/v2\/posts\/83636\/revisions"}],"wp:featuredmedia":[{"embeddable":true,"href":"https:\/\/candas365.es\/noticias\/wp-json\/wp\/v2\/media\/46132"}],"wp:attachment":[{"href":"https:\/\/candas365.es\/noticias\/wp-json\/wp\/v2\/media?parent=83636"}],"wp:term":[{"taxonomy":"category","embeddable":true,"href":"https:\/\/candas365.es\/noticias\/wp-json\/wp\/v2\/categories?post=83636"},{"taxonomy":"post_tag","embeddable":true,"href":"https:\/\/candas365.es\/noticias\/wp-json\/wp\/v2\/tags?post=83636"}],"curies":[{"name":"wp","href":"https:\/\/api.w.org\/{rel}","templated":true}]}}