{"id":83591,"date":"2017-11-06T19:58:02","date_gmt":"2017-11-06T19:58:02","guid":{"rendered":"http:\/\/candas365.es\/noticias\/?p=83591"},"modified":"2017-11-06T19:58:02","modified_gmt":"2017-11-06T19:58:02","slug":"sesion-informativa-de-global-humanitaria-en-candas","status":"publish","type":"post","link":"https:\/\/candas365.es\/noticias\/sesion-informativa-de-global-humanitaria-en-candas\/","title":{"rendered":"Sesi\u00f3n informativa de Global Humanitaria en Cand\u00e1s"},"content":{"rendered":"<p><img fetchpriority=\"high\" decoding=\"async\" class=\"alignleft size-medium wp-image-6453\" src=\"https:\/\/candas365.es\/noticias\/wp-content\/uploads\/2015\/01\/ayuntamiento-360x270.jpg\" alt=\"\" width=\"360\" height=\"270\" srcset=\"https:\/\/candas365.es\/noticias\/wp-content\/uploads\/2015\/01\/ayuntamiento-360x270.jpg 360w, https:\/\/candas365.es\/noticias\/wp-content\/uploads\/2015\/01\/ayuntamiento-640x480.jpg 640w, https:\/\/candas365.es\/noticias\/wp-content\/uploads\/2015\/01\/ayuntamiento-768x576.jpg 768w, https:\/\/candas365.es\/noticias\/wp-content\/uploads\/2015\/01\/ayuntamiento-150x113.jpg 150w, https:\/\/candas365.es\/noticias\/wp-content\/uploads\/2015\/01\/ayuntamiento-450x338.jpg 450w, https:\/\/candas365.es\/noticias\/wp-content\/uploads\/2015\/01\/ayuntamiento-80x60.jpg 80w, https:\/\/candas365.es\/noticias\/wp-content\/uploads\/2015\/01\/ayuntamiento-265x198.jpg 265w, https:\/\/candas365.es\/noticias\/wp-content\/uploads\/2015\/01\/ayuntamiento-696x522.jpg 696w, https:\/\/candas365.es\/noticias\/wp-content\/uploads\/2015\/01\/ayuntamiento-560x420.jpg 560w, https:\/\/candas365.es\/noticias\/wp-content\/uploads\/2015\/01\/ayuntamiento-90x67.jpg 90w, https:\/\/candas365.es\/noticias\/wp-content\/uploads\/2015\/01\/ayuntamiento.jpg 800w\" sizes=\"(max-width: 360px) 100vw, 360px\" \/>La delegada de Global Humanitaria en Asturias, Bel\u00e9n Gonz\u00e1lez, expondr\u00e1 esta semana en Cand\u00e1s los objetivos, logros y retos pendientes del programa de Seguridad alimentaria de Global Humanitaria en Guatemala, a ra\u00edz del apoyo a este programa del municipio asturiano.<\/p>\n<p><strong>El Ayuntamiento de Carre\u00f1o apoya, <\/strong>en su convocatoria 2017 de proyectos <strong>de cooperaci\u00f3n al desarrollo, el proyecto Ni\u00f1os\/as mayas mejorando su estado nutricional presente y futuro. Comedores y huertos escolares en 5 escuelas de Guatemala<\/strong>.<\/p>\n<p>Desde el a\u00f1o 2013, Global Humanitaria lleva a cabo un programa en Guatemala cuyo fin es mejorar la alimentaci\u00f3n de ni\u00f1os y ni\u00f1as de comunidades maya q\u2019eqch\u00ed que viven en condiciones de pobreza y extrema pobreza en el sur de Pet\u00e9n.<\/p>\n<p>Actividades como los huertos escolares mejoran la cantidad y la diversidad de la dieta del alumnado de educaci\u00f3n primaria con hortalizas frescas. Estos huertos proveen a los comedores que funcionan durante todo el a\u00f1o escolar.<\/p>\n<p>Previo a la apertura de los comedores escolares, los escolares pasan un control de talla y peso para determinar su estado nutricional. A la vez que se hacen estos controles se les administran desparasitantes. Cuando termina el curso, el control de repite; de este modo el programa efect\u00faa un seguimiento de cada alumno\/a y c\u00f3mo evoluciona y tomar las medidas pertinentes.<\/p>\n<p>Adem\u00e1s del impacto directo en la mejora de la talla, el peso y la salud general de los ni\u00f1os y las ni\u00f1as, el programa mejora el rendimiento escolar. Tambi\u00e9n forman parte el programa la formaci\u00f3n de en seguridad alimentaria e higiene y la capacitaci\u00f3n de las familias.<\/p>\n<p>Todo el programa se realiza con la participaci\u00f3n comunitaria y alimenta el protagonismo y la toma de decisiones por parte de las mujeres de estas comunidades.<\/p>\n<p>A pesar de los avances, Guatemala tiene unos elevados \u00edndices de desnutrici\u00f3n infantil, situaci\u00f3n que se agrava en las zonas rurales donde, seg\u00fan datos recientes de Unicef, ocho de cada 10 ni\u00f1os padecen desnutrici\u00f3n cr\u00f3nica. A este dato se a\u00f1ade que cerca de 3 millones de guatemaltecos no tienen acceso al agua entubada (corriente), y unos 6 millones no cuentan con servicios de saneamiento, dos factores clave de un problema que tiene como causa principal la pobreza y que inciden directamente sobre la salud y crecimiento de los alumnos y su aprovechamiento escolar.<\/p>\n","protected":false},"excerpt":{"rendered":"<p>La delegada de Global Humanitaria en Asturias, Bel\u00e9n Gonz\u00e1lez, expondr\u00e1 esta semana en Cand\u00e1s los objetivos, logros y retos pendientes del programa de Seguridad alimentaria de Global Humanitaria en Guatemala, a ra\u00edz del apoyo a este programa del municipio asturiano. El Ayuntamiento de Carre\u00f1o apoya, en su convocatoria 2017 de proyectos de cooperaci\u00f3n al desarrollo,<\/p>\n","protected":false},"author":1,"featured_media":6453,"comment_status":"closed","ping_status":"closed","sticky":false,"template":"","format":"standard","meta":{"footnotes":""},"categories":[2],"tags":[],"class_list":{"0":"post-83591","1":"post","2":"type-post","3":"status-publish","4":"format-standard","5":"has-post-thumbnail","7":"category-noticias-carreno"},"aioseo_notices":[],"aioseo_head":"\n\t\t<!-- All in One SEO Pro 4.9.6.2 - aioseo.com -->\n\t<meta name=\"description\" content=\"La delegada de Global Humanitaria en Asturias, Bel\u00e9n Gonz\u00e1lez, expondr\u00e1 esta semana en Cand\u00e1s los objetivos, logros y retos pendientes del programa de Seguridad alimentaria de Global Humanitaria en Guatemala, a ra\u00edz del apoyo a este programa del municipio asturiano. El Ayuntamiento de Carre\u00f1o apoya, en su convocatoria 2017 de proyectos de cooperaci\u00f3n al desarrollo,\" \/>\n\t<meta name=\"robots\" content=\"max-image-preview:large\" \/>\n\t<meta name=\"author\" content=\"Cand\u00e1s 365\"\/>\n\t<meta name=\"google-site-verification\" content=\"UA-32230408-1\" \/>\n\t<meta name=\"msvalidate.01\" content=\"354F3CDFB2DA171B47FBE9ABF1F88D5\" \/>\n\t<meta name=\"keywords\" content=\"noticias carre\u00f1o\" \/>\n\t<link rel=\"canonical\" href=\"https:\/\/candas365.es\/noticias\/sesion-informativa-de-global-humanitaria-en-candas\/\" \/>\n\t<meta name=\"generator\" content=\"All in One SEO Pro (AIOSEO) 4.9.6.2\" \/>\n\t\t<meta property=\"og:locale\" content=\"es_ES\" \/>\n\t\t<meta property=\"og:site_name\" content=\"Cand\u00e1s 365\" \/>\n\t\t<meta property=\"og:type\" content=\"article\" \/>\n\t\t<meta property=\"og:title\" content=\"Sesi\u00f3n informativa de Global Humanitaria en Cand\u00e1s | Cand\u00e1s 365\" \/>\n\t\t<meta property=\"og:description\" content=\"La delegada de Global Humanitaria en Asturias, Bel\u00e9n Gonz\u00e1lez, expondr\u00e1 esta semana en Cand\u00e1s los objetivos, logros y retos pendientes del programa de Seguridad alimentaria de Global Humanitaria en Guatemala, a ra\u00edz del apoyo a este programa del municipio asturiano. El Ayuntamiento de Carre\u00f1o apoya, en su convocatoria 2017 de proyectos de cooperaci\u00f3n al desarrollo,\" \/>\n\t\t<meta property=\"og:url\" content=\"https:\/\/candas365.es\/noticias\/sesion-informativa-de-global-humanitaria-en-candas\/\" \/>\n\t\t<meta property=\"og:image\" content=\"https:\/\/candas365.es\/noticias\/wp-content\/uploads\/2015\/01\/ayuntamiento.jpg\" \/>\n\t\t<meta property=\"og:image:secure_url\" content=\"https:\/\/candas365.es\/noticias\/wp-content\/uploads\/2015\/01\/ayuntamiento.jpg\" \/>\n\t\t<meta property=\"og:image:width\" content=\"800\" \/>\n\t\t<meta property=\"og:image:height\" content=\"600\" \/>\n\t\t<meta property=\"article:published_time\" content=\"2017-11-06T19:58:02+00:00\" \/>\n\t\t<meta property=\"article:modified_time\" content=\"2017-11-06T19:58:02+00:00\" \/>\n\t\t<meta property=\"article:publisher\" content=\"https:\/\/www.facebook.com\/Nachofdezber\" \/>\n\t\t<meta property=\"article:author\" content=\"https:\/\/www.facebook.com\/carrenoactualidad\" \/>\n\t\t<meta name=\"twitter:card\" content=\"summary_large_image\" \/>\n\t\t<meta name=\"twitter:site\" content=\"@NabercoDigital\" \/>\n\t\t<meta name=\"twitter:title\" content=\"Sesi\u00f3n informativa de Global Humanitaria en Cand\u00e1s | Cand\u00e1s 365\" \/>\n\t\t<meta name=\"twitter:description\" content=\"La delegada de Global Humanitaria en Asturias, Bel\u00e9n Gonz\u00e1lez, expondr\u00e1 esta semana en Cand\u00e1s los objetivos, logros y retos pendientes del programa de Seguridad alimentaria de Global Humanitaria en Guatemala, a ra\u00edz del apoyo a este programa del municipio asturiano. El Ayuntamiento de Carre\u00f1o apoya, en su convocatoria 2017 de proyectos de cooperaci\u00f3n al desarrollo,\" \/>\n\t\t<meta name=\"twitter:creator\" content=\"@nbasturias\" \/>\n\t\t<meta name=\"twitter:image\" content=\"https:\/\/candas365.es\/noticias\/wp-content\/uploads\/2015\/01\/ayuntamiento.jpg\" \/>\n\t\t<meta name=\"twitter:label1\" content=\"Escrito por\" \/>\n\t\t<meta name=\"twitter:data1\" content=\"Cand\u00e1s 365\" \/>\n\t\t<meta name=\"twitter:label2\" content=\"Tiempo de lectura estimado\" \/>\n\t\t<meta name=\"twitter:data2\" content=\"2 minutos\" \/>\n\t\t<script type=\"application\/ld+json\" class=\"aioseo-schema\">\n\t\t\t{\"@context\":\"https:\\\/\\\/schema.org\",\"@graph\":[{\"@type\":\"BreadcrumbList\",\"@id\":\"https:\\\/\\\/candas365.es\\\/noticias\\\/sesion-informativa-de-global-humanitaria-en-candas\\\/#breadcrumblist\",\"itemListElement\":[{\"@type\":\"ListItem\",\"@id\":\"https:\\\/\\\/candas365.es\\\/noticias#listItem\",\"position\":1,\"name\":\"Home\",\"item\":\"https:\\\/\\\/candas365.es\\\/noticias\",\"nextItem\":{\"@type\":\"ListItem\",\"@id\":\"https:\\\/\\\/candas365.es\\\/noticias\\\/category\\\/noticias-carreno\\\/#listItem\",\"name\":\"Noticias Carre\\u00f1o\"}},{\"@type\":\"ListItem\",\"@id\":\"https:\\\/\\\/candas365.es\\\/noticias\\\/category\\\/noticias-carreno\\\/#listItem\",\"position\":2,\"name\":\"Noticias Carre\\u00f1o\",\"item\":\"https:\\\/\\\/candas365.es\\\/noticias\\\/category\\\/noticias-carreno\\\/\",\"nextItem\":{\"@type\":\"ListItem\",\"@id\":\"https:\\\/\\\/candas365.es\\\/noticias\\\/sesion-informativa-de-global-humanitaria-en-candas\\\/#listItem\",\"name\":\"Sesi\\u00f3n informativa de Global Humanitaria en Cand\\u00e1s\"},\"previousItem\":{\"@type\":\"ListItem\",\"@id\":\"https:\\\/\\\/candas365.es\\\/noticias#listItem\",\"name\":\"Home\"}},{\"@type\":\"ListItem\",\"@id\":\"https:\\\/\\\/candas365.es\\\/noticias\\\/sesion-informativa-de-global-humanitaria-en-candas\\\/#listItem\",\"position\":3,\"name\":\"Sesi\\u00f3n informativa de Global Humanitaria en Cand\\u00e1s\",\"previousItem\":{\"@type\":\"ListItem\",\"@id\":\"https:\\\/\\\/candas365.es\\\/noticias\\\/category\\\/noticias-carreno\\\/#listItem\",\"name\":\"Noticias Carre\\u00f1o\"}}]},{\"@type\":\"NewsArticle\",\"@id\":\"https:\\\/\\\/candas365.es\\\/noticias\\\/sesion-informativa-de-global-humanitaria-en-candas\\\/#newsarticle\",\"name\":\"Sesi\\u00f3n informativa de Global Humanitaria en Cand\\u00e1s | Cand\\u00e1s 365\",\"headline\":\"Sesi\\u00f3n informativa de Global Humanitaria en Cand\\u00e1s\",\"author\":{\"@id\":\"https:\\\/\\\/candas365.es\\\/noticias\\\/author\\\/admin\\\/#author\"},\"publisher\":{\"@id\":\"https:\\\/\\\/candas365.es\\\/noticias\\\/#organization\"},\"image\":{\"@type\":\"ImageObject\",\"url\":\"https:\\\/\\\/candas365.es\\\/noticias\\\/wp-content\\\/uploads\\\/2015\\\/01\\\/ayuntamiento.jpg\",\"width\":800,\"height\":600,\"caption\":\"Carre\\u00f1o\"},\"datePublished\":\"2017-11-06T19:58:02+01:00\",\"dateModified\":\"2017-11-06T19:58:02+01:00\",\"inLanguage\":\"es-ES\",\"mainEntityOfPage\":{\"@id\":\"https:\\\/\\\/candas365.es\\\/noticias\\\/sesion-informativa-de-global-humanitaria-en-candas\\\/#webpage\"},\"isPartOf\":{\"@id\":\"https:\\\/\\\/candas365.es\\\/noticias\\\/sesion-informativa-de-global-humanitaria-en-candas\\\/#webpage\"},\"articleSection\":\"Noticias Carre\\u00f1o\",\"dateline\":\"Publicado el noviembre 6, 2017.\"},{\"@type\":\"Organization\",\"@id\":\"https:\\\/\\\/candas365.es\\\/noticias\\\/#organization\",\"name\":\"Cand\\u00e1s 365\",\"description\":\"Cand\\u00e1s 365 es un diario digital independiente, fundado en 2012, con base en Asturias. Informamos con rigor sobre actualidad, sociedad, cultura y ocio, con una mirada local y global.\",\"url\":\"https:\\\/\\\/candas365.es\\\/noticias\\\/\",\"email\":\"info@candas365.es\",\"telephone\":\"+34652131393\",\"foundingDate\":\"2012-06-10\",\"logo\":{\"@type\":\"ImageObject\",\"url\":\"https:\\\/\\\/candas365.es\\\/noticias\\\/wp-content\\\/uploads\\\/2024\\\/09\\\/Candas-365-Redes.jpg\",\"@id\":\"https:\\\/\\\/candas365.es\\\/noticias\\\/sesion-informativa-de-global-humanitaria-en-candas\\\/#organizationLogo\",\"width\":1152,\"height\":864,\"caption\":\"Cand\\u00e1s 365 Redes\"},\"image\":{\"@id\":\"https:\\\/\\\/candas365.es\\\/noticias\\\/sesion-informativa-de-global-humanitaria-en-candas\\\/#organizationLogo\"},\"sameAs\":[\"https:\\\/\\\/www.facebook.com\\\/Nachofdezber\",\"https:\\\/\\\/x.com\\\/NabercoDigital\",\"https:\\\/\\\/www.instagram.com\\\/nachofdezber\\\/\",\"https:\\\/\\\/www.youtube.com\\\/channel\\\/UCZP-2wLEB9Rv6erhFmqVnvg\"],\"address\":{\"@id\":\"https:\\\/\\\/candas365.es\\\/noticias\\\/#postaladdress\",\"@type\":\"PostalAddress\",\"streetAddress\":\"san antonio 4, san antonio 4\",\"postalCode\":\"33430\",\"addressLocality\":\"Cand\\u00e1s\",\"addressRegion\":\"Asturias\",\"addressCountry\":\"ES\"}},{\"@type\":\"Person\",\"@id\":\"https:\\\/\\\/candas365.es\\\/noticias\\\/author\\\/admin\\\/#author\",\"url\":\"https:\\\/\\\/candas365.es\\\/noticias\\\/author\\\/admin\\\/\",\"name\":\"Cand\\u00e1s 365\",\"image\":{\"@type\":\"ImageObject\",\"@id\":\"https:\\\/\\\/candas365.es\\\/noticias\\\/sesion-informativa-de-global-humanitaria-en-candas\\\/#authorImage\",\"url\":\"https:\\\/\\\/secure.gravatar.com\\\/avatar\\\/496a8e03d0c493ede1718b7934145dbdf8d89be1036b0eec9544e1094c9de390?s=96&d=mm&r=g\",\"width\":96,\"height\":96,\"caption\":\"Cand\\u00e1s 365\"},\"sameAs\":[\"https:\\\/\\\/www.facebook.com\\\/carrenoactualidad\",\"https:\\\/\\\/twitter.com\\\/nbasturias\",\"https:\\\/\\\/www.instagram.com\\\/nachofdezber\\\/\",\"https:\\\/\\\/www.youtube.com\\\/channel\\\/UCZP-2wLEB9Rv6erhFmqVnvg\"]},{\"@type\":\"WebPage\",\"@id\":\"https:\\\/\\\/candas365.es\\\/noticias\\\/sesion-informativa-de-global-humanitaria-en-candas\\\/#webpage\",\"url\":\"https:\\\/\\\/candas365.es\\\/noticias\\\/sesion-informativa-de-global-humanitaria-en-candas\\\/\",\"name\":\"Sesi\\u00f3n informativa de Global Humanitaria en Cand\\u00e1s | Cand\\u00e1s 365\",\"description\":\"La delegada de Global Humanitaria en Asturias, Bel\\u00e9n Gonz\\u00e1lez, expondr\\u00e1 esta semana en Cand\\u00e1s los objetivos, logros y retos pendientes del programa de Seguridad alimentaria de Global Humanitaria en Guatemala, a ra\\u00edz del apoyo a este programa del municipio asturiano. El Ayuntamiento de Carre\\u00f1o apoya, en su convocatoria 2017 de proyectos de cooperaci\\u00f3n al desarrollo,\",\"inLanguage\":\"es-ES\",\"isPartOf\":{\"@id\":\"https:\\\/\\\/candas365.es\\\/noticias\\\/#website\"},\"breadcrumb\":{\"@id\":\"https:\\\/\\\/candas365.es\\\/noticias\\\/sesion-informativa-de-global-humanitaria-en-candas\\\/#breadcrumblist\"},\"author\":{\"@id\":\"https:\\\/\\\/candas365.es\\\/noticias\\\/author\\\/admin\\\/#author\"},\"creator\":{\"@id\":\"https:\\\/\\\/candas365.es\\\/noticias\\\/author\\\/admin\\\/#author\"},\"image\":{\"@type\":\"ImageObject\",\"url\":\"https:\\\/\\\/candas365.es\\\/noticias\\\/wp-content\\\/uploads\\\/2015\\\/01\\\/ayuntamiento.jpg\",\"@id\":\"https:\\\/\\\/candas365.es\\\/noticias\\\/sesion-informativa-de-global-humanitaria-en-candas\\\/#mainImage\",\"width\":800,\"height\":600,\"caption\":\"Carre\\u00f1o\"},\"primaryImageOfPage\":{\"@id\":\"https:\\\/\\\/candas365.es\\\/noticias\\\/sesion-informativa-de-global-humanitaria-en-candas\\\/#mainImage\"},\"datePublished\":\"2017-11-06T19:58:02+01:00\",\"dateModified\":\"2017-11-06T19:58:02+01:00\"},{\"@type\":\"WebSite\",\"@id\":\"https:\\\/\\\/candas365.es\\\/noticias\\\/#website\",\"url\":\"https:\\\/\\\/candas365.es\\\/noticias\\\/\",\"name\":\"Cand\\u00e1s 365\",\"alternateName\":\"Cand\\u00e1s 365 Noticias\",\"description\":\"Actualidad desde Carre\\u00f1o para el mundo\",\"inLanguage\":\"es-ES\",\"publisher\":{\"@id\":\"https:\\\/\\\/candas365.es\\\/noticias\\\/#organization\"}}]}\n\t\t<\/script>\n\t\t<!-- All in One SEO Pro -->\r\n\t\t<title>Sesi\u00f3n informativa de Global Humanitaria en Cand\u00e1s | Cand\u00e1s 365<\/title>\n\n","aioseo_head_json":{"title":"Sesi\u00f3n informativa de Global Humanitaria en Cand\u00e1s | Cand\u00e1s 365","description":"La delegada de Global Humanitaria en Asturias, Bel\u00e9n Gonz\u00e1lez, expondr\u00e1 esta semana en Cand\u00e1s los objetivos, logros y retos pendientes del programa de Seguridad alimentaria de Global Humanitaria en Guatemala, a ra\u00edz del apoyo a este programa del municipio asturiano. El Ayuntamiento de Carre\u00f1o apoya, en su convocatoria 2017 de proyectos de cooperaci\u00f3n al desarrollo,","canonical_url":"https:\/\/candas365.es\/noticias\/sesion-informativa-de-global-humanitaria-en-candas\/","robots":"max-image-preview:large","keywords":"noticias carre\u00f1o","webmasterTools":{"google-site-verification":"UA-32230408-1","msvalidate.01":"354F3CDFB2DA171B47FBE9ABF1F88D5","miscellaneous":""},"schema":{"@context":"https:\/\/schema.org","@graph":[{"@type":"BreadcrumbList","@id":"https:\/\/candas365.es\/noticias\/sesion-informativa-de-global-humanitaria-en-candas\/#breadcrumblist","itemListElement":[{"@type":"ListItem","@id":"https:\/\/candas365.es\/noticias#listItem","position":1,"name":"Home","item":"https:\/\/candas365.es\/noticias","nextItem":{"@type":"ListItem","@id":"https:\/\/candas365.es\/noticias\/category\/noticias-carreno\/#listItem","name":"Noticias Carre\u00f1o"}},{"@type":"ListItem","@id":"https:\/\/candas365.es\/noticias\/category\/noticias-carreno\/#listItem","position":2,"name":"Noticias Carre\u00f1o","item":"https:\/\/candas365.es\/noticias\/category\/noticias-carreno\/","nextItem":{"@type":"ListItem","@id":"https:\/\/candas365.es\/noticias\/sesion-informativa-de-global-humanitaria-en-candas\/#listItem","name":"Sesi\u00f3n informativa de Global Humanitaria en Cand\u00e1s"},"previousItem":{"@type":"ListItem","@id":"https:\/\/candas365.es\/noticias#listItem","name":"Home"}},{"@type":"ListItem","@id":"https:\/\/candas365.es\/noticias\/sesion-informativa-de-global-humanitaria-en-candas\/#listItem","position":3,"name":"Sesi\u00f3n informativa de Global Humanitaria en Cand\u00e1s","previousItem":{"@type":"ListItem","@id":"https:\/\/candas365.es\/noticias\/category\/noticias-carreno\/#listItem","name":"Noticias Carre\u00f1o"}}]},{"@type":"NewsArticle","@id":"https:\/\/candas365.es\/noticias\/sesion-informativa-de-global-humanitaria-en-candas\/#newsarticle","name":"Sesi\u00f3n informativa de Global Humanitaria en Cand\u00e1s | Cand\u00e1s 365","headline":"Sesi\u00f3n informativa de Global Humanitaria en Cand\u00e1s","author":{"@id":"https:\/\/candas365.es\/noticias\/author\/admin\/#author"},"publisher":{"@id":"https:\/\/candas365.es\/noticias\/#organization"},"image":{"@type":"ImageObject","url":"https:\/\/candas365.es\/noticias\/wp-content\/uploads\/2015\/01\/ayuntamiento.jpg","width":800,"height":600,"caption":"Carre\u00f1o"},"datePublished":"2017-11-06T19:58:02+01:00","dateModified":"2017-11-06T19:58:02+01:00","inLanguage":"es-ES","mainEntityOfPage":{"@id":"https:\/\/candas365.es\/noticias\/sesion-informativa-de-global-humanitaria-en-candas\/#webpage"},"isPartOf":{"@id":"https:\/\/candas365.es\/noticias\/sesion-informativa-de-global-humanitaria-en-candas\/#webpage"},"articleSection":"Noticias Carre\u00f1o","dateline":"Publicado el noviembre 6, 2017."},{"@type":"Organization","@id":"https:\/\/candas365.es\/noticias\/#organization","name":"Cand\u00e1s 365","description":"Cand\u00e1s 365 es un diario digital independiente, fundado en 2012, con base en Asturias. Informamos con rigor sobre actualidad, sociedad, cultura y ocio, con una mirada local y global.","url":"https:\/\/candas365.es\/noticias\/","email":"info@candas365.es","telephone":"+34652131393","foundingDate":"2012-06-10","logo":{"@type":"ImageObject","url":"https:\/\/candas365.es\/noticias\/wp-content\/uploads\/2024\/09\/Candas-365-Redes.jpg","@id":"https:\/\/candas365.es\/noticias\/sesion-informativa-de-global-humanitaria-en-candas\/#organizationLogo","width":1152,"height":864,"caption":"Cand\u00e1s 365 Redes"},"image":{"@id":"https:\/\/candas365.es\/noticias\/sesion-informativa-de-global-humanitaria-en-candas\/#organizationLogo"},"sameAs":["https:\/\/www.facebook.com\/Nachofdezber","https:\/\/x.com\/NabercoDigital","https:\/\/www.instagram.com\/nachofdezber\/","https:\/\/www.youtube.com\/channel\/UCZP-2wLEB9Rv6erhFmqVnvg"],"address":{"@id":"https:\/\/candas365.es\/noticias\/#postaladdress","@type":"PostalAddress","streetAddress":"san antonio 4, san antonio 4","postalCode":"33430","addressLocality":"Cand\u00e1s","addressRegion":"Asturias","addressCountry":"ES"}},{"@type":"Person","@id":"https:\/\/candas365.es\/noticias\/author\/admin\/#author","url":"https:\/\/candas365.es\/noticias\/author\/admin\/","name":"Cand\u00e1s 365","image":{"@type":"ImageObject","@id":"https:\/\/candas365.es\/noticias\/sesion-informativa-de-global-humanitaria-en-candas\/#authorImage","url":"https:\/\/secure.gravatar.com\/avatar\/496a8e03d0c493ede1718b7934145dbdf8d89be1036b0eec9544e1094c9de390?s=96&d=mm&r=g","width":96,"height":96,"caption":"Cand\u00e1s 365"},"sameAs":["https:\/\/www.facebook.com\/carrenoactualidad","https:\/\/twitter.com\/nbasturias","https:\/\/www.instagram.com\/nachofdezber\/","https:\/\/www.youtube.com\/channel\/UCZP-2wLEB9Rv6erhFmqVnvg"]},{"@type":"WebPage","@id":"https:\/\/candas365.es\/noticias\/sesion-informativa-de-global-humanitaria-en-candas\/#webpage","url":"https:\/\/candas365.es\/noticias\/sesion-informativa-de-global-humanitaria-en-candas\/","name":"Sesi\u00f3n informativa de Global Humanitaria en Cand\u00e1s | Cand\u00e1s 365","description":"La delegada de Global Humanitaria en Asturias, Bel\u00e9n Gonz\u00e1lez, expondr\u00e1 esta semana en Cand\u00e1s los objetivos, logros y retos pendientes del programa de Seguridad alimentaria de Global Humanitaria en Guatemala, a ra\u00edz del apoyo a este programa del municipio asturiano. El Ayuntamiento de Carre\u00f1o apoya, en su convocatoria 2017 de proyectos de cooperaci\u00f3n al desarrollo,","inLanguage":"es-ES","isPartOf":{"@id":"https:\/\/candas365.es\/noticias\/#website"},"breadcrumb":{"@id":"https:\/\/candas365.es\/noticias\/sesion-informativa-de-global-humanitaria-en-candas\/#breadcrumblist"},"author":{"@id":"https:\/\/candas365.es\/noticias\/author\/admin\/#author"},"creator":{"@id":"https:\/\/candas365.es\/noticias\/author\/admin\/#author"},"image":{"@type":"ImageObject","url":"https:\/\/candas365.es\/noticias\/wp-content\/uploads\/2015\/01\/ayuntamiento.jpg","@id":"https:\/\/candas365.es\/noticias\/sesion-informativa-de-global-humanitaria-en-candas\/#mainImage","width":800,"height":600,"caption":"Carre\u00f1o"},"primaryImageOfPage":{"@id":"https:\/\/candas365.es\/noticias\/sesion-informativa-de-global-humanitaria-en-candas\/#mainImage"},"datePublished":"2017-11-06T19:58:02+01:00","dateModified":"2017-11-06T19:58:02+01:00"},{"@type":"WebSite","@id":"https:\/\/candas365.es\/noticias\/#website","url":"https:\/\/candas365.es\/noticias\/","name":"Cand\u00e1s 365","alternateName":"Cand\u00e1s 365 Noticias","description":"Actualidad desde Carre\u00f1o para el mundo","inLanguage":"es-ES","publisher":{"@id":"https:\/\/candas365.es\/noticias\/#organization"}}]},"og:locale":"es_ES","og:site_name":"Cand\u00e1s 365","og:type":"article","og:title":"Sesi\u00f3n informativa de Global Humanitaria en Cand\u00e1s | Cand\u00e1s 365","og:description":"La delegada de Global Humanitaria en Asturias, Bel\u00e9n Gonz\u00e1lez, expondr\u00e1 esta semana en Cand\u00e1s los objetivos, logros y retos pendientes del programa de Seguridad alimentaria de Global Humanitaria en Guatemala, a ra\u00edz del apoyo a este programa del municipio asturiano. El Ayuntamiento de Carre\u00f1o apoya, en su convocatoria 2017 de proyectos de cooperaci\u00f3n al desarrollo,","og:url":"https:\/\/candas365.es\/noticias\/sesion-informativa-de-global-humanitaria-en-candas\/","og:image":"https:\/\/candas365.es\/noticias\/wp-content\/uploads\/2015\/01\/ayuntamiento.jpg","og:image:secure_url":"https:\/\/candas365.es\/noticias\/wp-content\/uploads\/2015\/01\/ayuntamiento.jpg","og:image:width":800,"og:image:height":600,"article:published_time":"2017-11-06T19:58:02+00:00","article:modified_time":"2017-11-06T19:58:02+00:00","article:publisher":"https:\/\/www.facebook.com\/Nachofdezber","article:author":"https:\/\/www.facebook.com\/carrenoactualidad","twitter:card":"summary_large_image","twitter:site":"@NabercoDigital","twitter:title":"Sesi\u00f3n informativa de Global Humanitaria en Cand\u00e1s | Cand\u00e1s 365","twitter:description":"La delegada de Global Humanitaria en Asturias, Bel\u00e9n Gonz\u00e1lez, expondr\u00e1 esta semana en Cand\u00e1s los objetivos, logros y retos pendientes del programa de Seguridad alimentaria de Global Humanitaria en Guatemala, a ra\u00edz del apoyo a este programa del municipio asturiano. El Ayuntamiento de Carre\u00f1o apoya, en su convocatoria 2017 de proyectos de cooperaci\u00f3n al desarrollo,","twitter:creator":"@nbasturias","twitter:image":"https:\/\/candas365.es\/noticias\/wp-content\/uploads\/2015\/01\/ayuntamiento.jpg","twitter:label1":"Escrito por","twitter:data1":"Cand\u00e1s 365","twitter:label2":"Tiempo de lectura estimado","twitter:data2":"2 minutos"},"aioseo_meta_data":{"post_id":"83591","title":null,"description":null,"keywords":null,"keyphrases":null,"primary_term":null,"canonical_url":null,"og_title":null,"og_description":null,"og_object_type":"default","og_image_type":"default","og_image_url":null,"og_image_width":null,"og_image_height":null,"og_image_custom_url":null,"og_image_custom_fields":null,"og_video":null,"og_custom_url":null,"og_article_section":null,"og_article_tags":null,"twitter_use_og":false,"twitter_card":"default","twitter_image_type":"default","twitter_image_url":null,"twitter_image_custom_url":null,"twitter_image_custom_fields":null,"twitter_title":null,"twitter_description":null,"schema":{"blockGraphs":[],"customGraphs":[],"default":{"data":{"Article":[],"Course":[],"Dataset":[],"FAQPage":[],"Movie":[],"Person":[],"Product":[],"ProductReview":[],"Car":[],"Recipe":[],"Service":[],"SoftwareApplication":[],"WebPage":[]},"graphName":"","isEnabled":true},"graphs":[],"defaultGraph":"","defaultPostTypeGraph":""},"schema_type":null,"schema_type_options":null,"pillar_content":false,"robots_default":true,"robots_noindex":false,"robots_noarchive":false,"robots_nosnippet":false,"robots_nofollow":false,"robots_noimageindex":false,"robots_noodp":false,"robots_notranslate":false,"robots_max_snippet":null,"robots_max_videopreview":null,"robots_max_imagepreview":"large","priority":null,"frequency":null,"location":null,"local_seo":null,"seo_analyzer_scan_date":"2025-08-26 04:29:18","breadcrumb_settings":null,"limit_modified_date":false,"reviewed_by":null,"open_ai":null,"ai":null,"created":"2020-12-21 12:29:56","updated":"2025-08-26 04:29:18"},"aioseo_breadcrumb":"<div class=\"aioseo-breadcrumbs\"><span class=\"aioseo-breadcrumb\">\n\t<a href=\"https:\/\/candas365.es\/noticias\" title=\"Home\">Home<\/a>\n<\/span><span class=\"aioseo-breadcrumb-separator\">&ndash;<\/span><span class=\"aioseo-breadcrumb\">\n\t<a href=\"https:\/\/candas365.es\/noticias\/category\/noticias-carreno\/\" title=\"Noticias Carre\u00f1o\">Noticias Carre\u00f1o<\/a>\n<\/span><span class=\"aioseo-breadcrumb-separator\">&ndash;<\/span><span class=\"aioseo-breadcrumb\">\n\tSesi\u00f3n informativa de Global Humanitaria en Cand\u00e1s\n<\/span><\/div>","aioseo_breadcrumb_json":[{"label":"Home","link":"https:\/\/candas365.es\/noticias"},{"label":"Noticias Carre\u00f1o","link":"https:\/\/candas365.es\/noticias\/category\/noticias-carreno\/"},{"label":"Sesi\u00f3n informativa de Global Humanitaria en Cand\u00e1s","link":"https:\/\/candas365.es\/noticias\/sesion-informativa-de-global-humanitaria-en-candas\/"}],"_links":{"self":[{"href":"https:\/\/candas365.es\/noticias\/wp-json\/wp\/v2\/posts\/83591","targetHints":{"allow":["GET"]}}],"collection":[{"href":"https:\/\/candas365.es\/noticias\/wp-json\/wp\/v2\/posts"}],"about":[{"href":"https:\/\/candas365.es\/noticias\/wp-json\/wp\/v2\/types\/post"}],"author":[{"embeddable":true,"href":"https:\/\/candas365.es\/noticias\/wp-json\/wp\/v2\/users\/1"}],"replies":[{"embeddable":true,"href":"https:\/\/candas365.es\/noticias\/wp-json\/wp\/v2\/comments?post=83591"}],"version-history":[{"count":0,"href":"https:\/\/candas365.es\/noticias\/wp-json\/wp\/v2\/posts\/83591\/revisions"}],"wp:featuredmedia":[{"embeddable":true,"href":"https:\/\/candas365.es\/noticias\/wp-json\/wp\/v2\/media\/6453"}],"wp:attachment":[{"href":"https:\/\/candas365.es\/noticias\/wp-json\/wp\/v2\/media?parent=83591"}],"wp:term":[{"taxonomy":"category","embeddable":true,"href":"https:\/\/candas365.es\/noticias\/wp-json\/wp\/v2\/categories?post=83591"},{"taxonomy":"post_tag","embeddable":true,"href":"https:\/\/candas365.es\/noticias\/wp-json\/wp\/v2\/tags?post=83591"}],"curies":[{"name":"wp","href":"https:\/\/api.w.org\/{rel}","templated":true}]}}