{"id":83551,"date":"2017-11-05T21:51:59","date_gmt":"2017-11-05T21:51:59","guid":{"rendered":"http:\/\/candas365.es\/noticias\/?p=83551"},"modified":"2017-11-05T21:51:59","modified_gmt":"2017-11-05T21:51:59","slug":"noche-de-expulsion-en-ot-2017","status":"publish","type":"post","link":"https:\/\/candas365.es\/noticias\/noche-de-expulsion-en-ot-2017\/","title":{"rendered":"Noche de expulsi\u00f3n en OT 2017"},"content":{"rendered":"<p><img fetchpriority=\"high\" decoding=\"async\" class=\"alignleft size-medium wp-image-83552\" src=\"https:\/\/candas365.es\/noticias\/wp-content\/uploads\/2017\/11\/OT1711617-360x240.jpg\" alt=\"\" width=\"360\" height=\"240\" srcset=\"https:\/\/candas365.es\/noticias\/wp-content\/uploads\/2017\/11\/OT1711617-360x240.jpg 360w, https:\/\/candas365.es\/noticias\/wp-content\/uploads\/2017\/11\/OT1711617-768x513.jpg 768w, https:\/\/candas365.es\/noticias\/wp-content\/uploads\/2017\/11\/OT1711617-655x437.jpg 655w, https:\/\/candas365.es\/noticias\/wp-content\/uploads\/2017\/11\/OT1711617-696x465.jpg 696w, https:\/\/candas365.es\/noticias\/wp-content\/uploads\/2017\/11\/OT1711617-1068x713.jpg 1068w, https:\/\/candas365.es\/noticias\/wp-content\/uploads\/2017\/11\/OT1711617-629x420.jpg 629w, https:\/\/candas365.es\/noticias\/wp-content\/uploads\/2017\/11\/OT1711617-84x55.jpg 84w, https:\/\/candas365.es\/noticias\/wp-content\/uploads\/2017\/11\/OT1711617.jpg 1180w\" sizes=\"(max-width: 360px) 100vw, 360px\" \/>\u2018Operaci\u00f3n Triunfo\u2019 2017 vivir\u00e1 este lunes una intensa segunda gala llena de emociones con la <strong>primera expulsi\u00f3n del talent show<\/strong>: Ricky y Mimi tendr\u00e1n que convencer al p\u00fablico de que merecen seguir en la Academia con sus actuaciones en solitario. Adem\u00e1s, el programa presentado por Roberto Leal recibir\u00e1 la visita de la banda colombiana Morat, que interpretar\u00e1 un tema junto a Cepeda, uno de los concursantes de esta edici\u00f3n; y tendr\u00e1 como cuarto jurado al DJ, productor y locutor de radio <strong>Wally L\u00f3pez<\/strong>.<\/p>\n<p><strong>Primera expulsi\u00f3n y m\u00e1s duetos<\/strong><\/p>\n<p>Mimi cantar\u00e1 \u2018A-yo\u2019 de Lady Gaga, mientras que Ricky ha elegido la canci\u00f3n \u2018One song Glory\u2019, del musical Rent. El resto de concursantes afrontar\u00e1n tambi\u00e9n nuevos retos. Miriam y Roi interpretar\u00e1n \u2018Malibu\u2019, de Miley Cyrus; Ana Guerra y Amaia, \u2018Todas las flores\u2019 de Presuntos Implicados; Mireya y Marina cantar\u00e1n \u2018Sentir\u2019, de Luz Casal; Aitana y Agoney, \u2018Can\u2019t stop the feeling\u2019, de Justin Timberlake; Cepeda y Juan Antonio, \u2018Reggaet\u00f3n lento\u2019 de Cnco; Alfred y Raoul, \u2018Everytime you go away\u2019, de Paul Young; y Nerea y Thalia, la versi\u00f3n de Leslie Grace de \u2018Will you still love me tomorrow\u2019. Adem\u00e1s, los concursantes cantar\u00e1n conjuntamente \u2018Te quiero\u2019, de Jos\u00e9 Luis Perales.<\/p>\n<p>Tras las actuaciones se conocer\u00e1 el nombre del favorito del p\u00fablico (votado a trav\u00e9s de la App oficial), que no podr\u00e1 ser nominado. El jurado valorar\u00e1 al resto de los concursantes y propondr\u00e1 a 4 para abandonar la Academia. El claustro de profesores y los concursantes salvar\u00e1n a dos. Los otros dos quedar\u00e1n en manos del p\u00fablico y tendr\u00e1n que convencer a los espectadores en solitario en la siguiente gala. Se puede votar mediante la app, las llamadas telef\u00f3nicas y los sms.<\/p>\n<p>El trabajo que llevan a cabo los concursantes dentro de la Academia se puede seguir en el <strong>Canal OT 24 horas<\/strong><\/p>\n","protected":false},"excerpt":{"rendered":"<p>\u2018Operaci\u00f3n Triunfo\u2019 2017 vivir\u00e1 este lunes una intensa segunda gala llena de emociones con la primera expulsi\u00f3n del talent show: Ricky y Mimi tendr\u00e1n que convencer al p\u00fablico de que merecen seguir en la Academia con sus actuaciones en solitario. Adem\u00e1s, el programa presentado por Roberto Leal recibir\u00e1 la visita de la banda colombiana Morat,<\/p>\n","protected":false},"author":1,"featured_media":83552,"comment_status":"closed","ping_status":"closed","sticky":false,"template":"","format":"standard","meta":{"footnotes":""},"categories":[1],"tags":[],"class_list":{"0":"post-83551","1":"post","2":"type-post","3":"status-publish","4":"format-standard","5":"has-post-thumbnail","7":"category-agenda"},"aioseo_notices":[],"aioseo_head":"\n\t\t<!-- All in One SEO Pro 4.9.6.2 - aioseo.com -->\n\t<meta name=\"description\" content=\"\u2018Operaci\u00f3n Triunfo\u2019 2017 vivir\u00e1 este lunes una intensa segunda gala llena de emociones con la primera expulsi\u00f3n del talent show: Ricky y Mimi tendr\u00e1n que convencer al p\u00fablico de que merecen seguir en la Academia con sus actuaciones en solitario. Adem\u00e1s, el programa presentado por Roberto Leal recibir\u00e1 la visita de la banda colombiana Morat,\" \/>\n\t<meta name=\"robots\" content=\"max-image-preview:large\" \/>\n\t<meta name=\"author\" content=\"Cand\u00e1s 365\"\/>\n\t<meta name=\"google-site-verification\" content=\"UA-32230408-1\" \/>\n\t<meta name=\"msvalidate.01\" content=\"354F3CDFB2DA171B47FBE9ABF1F88D5\" \/>\n\t<meta name=\"keywords\" content=\"agenda\" \/>\n\t<link rel=\"canonical\" href=\"https:\/\/candas365.es\/noticias\/noche-de-expulsion-en-ot-2017\/\" \/>\n\t<meta name=\"generator\" content=\"All in One SEO Pro (AIOSEO) 4.9.6.2\" \/>\n\t\t<meta property=\"og:locale\" content=\"es_ES\" \/>\n\t\t<meta property=\"og:site_name\" content=\"Cand\u00e1s 365\" \/>\n\t\t<meta property=\"og:type\" content=\"article\" \/>\n\t\t<meta property=\"og:title\" content=\"Noche de expulsi\u00f3n en OT 2017 | Cand\u00e1s 365\" \/>\n\t\t<meta property=\"og:description\" content=\"\u2018Operaci\u00f3n Triunfo\u2019 2017 vivir\u00e1 este lunes una intensa segunda gala llena de emociones con la primera expulsi\u00f3n del talent show: Ricky y Mimi tendr\u00e1n que convencer al p\u00fablico de que merecen seguir en la Academia con sus actuaciones en solitario. Adem\u00e1s, el programa presentado por Roberto Leal recibir\u00e1 la visita de la banda colombiana Morat,\" \/>\n\t\t<meta property=\"og:url\" content=\"https:\/\/candas365.es\/noticias\/noche-de-expulsion-en-ot-2017\/\" \/>\n\t\t<meta property=\"og:image\" content=\"https:\/\/candas365.es\/noticias\/wp-content\/uploads\/2017\/11\/OT1711617.jpg\" \/>\n\t\t<meta property=\"og:image:secure_url\" content=\"https:\/\/candas365.es\/noticias\/wp-content\/uploads\/2017\/11\/OT1711617.jpg\" \/>\n\t\t<meta property=\"og:image:width\" content=\"1180\" \/>\n\t\t<meta property=\"og:image:height\" content=\"788\" \/>\n\t\t<meta property=\"article:published_time\" content=\"2017-11-05T21:51:59+00:00\" \/>\n\t\t<meta property=\"article:modified_time\" content=\"2017-11-05T21:51:59+00:00\" \/>\n\t\t<meta property=\"article:publisher\" content=\"https:\/\/www.facebook.com\/Nachofdezber\" \/>\n\t\t<meta property=\"article:author\" content=\"https:\/\/www.facebook.com\/carrenoactualidad\" \/>\n\t\t<meta name=\"twitter:card\" content=\"summary_large_image\" \/>\n\t\t<meta name=\"twitter:site\" content=\"@NabercoDigital\" \/>\n\t\t<meta name=\"twitter:title\" content=\"Noche de expulsi\u00f3n en OT 2017 | Cand\u00e1s 365\" \/>\n\t\t<meta name=\"twitter:description\" content=\"\u2018Operaci\u00f3n Triunfo\u2019 2017 vivir\u00e1 este lunes una intensa segunda gala llena de emociones con la primera expulsi\u00f3n del talent show: Ricky y Mimi tendr\u00e1n que convencer al p\u00fablico de que merecen seguir en la Academia con sus actuaciones en solitario. Adem\u00e1s, el programa presentado por Roberto Leal recibir\u00e1 la visita de la banda colombiana Morat,\" \/>\n\t\t<meta name=\"twitter:creator\" content=\"@nbasturias\" \/>\n\t\t<meta name=\"twitter:image\" content=\"https:\/\/candas365.es\/noticias\/wp-content\/uploads\/2017\/11\/OT1711617.jpg\" \/>\n\t\t<meta name=\"twitter:label1\" content=\"Escrito por\" \/>\n\t\t<meta name=\"twitter:data1\" content=\"Cand\u00e1s 365\" \/>\n\t\t<meta name=\"twitter:label2\" content=\"Tiempo de lectura estimado\" \/>\n\t\t<meta name=\"twitter:data2\" content=\"2 minutos\" \/>\n\t\t<script type=\"application\/ld+json\" class=\"aioseo-schema\">\n\t\t\t{\"@context\":\"https:\\\/\\\/schema.org\",\"@graph\":[{\"@type\":\"BreadcrumbList\",\"@id\":\"https:\\\/\\\/candas365.es\\\/noticias\\\/noche-de-expulsion-en-ot-2017\\\/#breadcrumblist\",\"itemListElement\":[{\"@type\":\"ListItem\",\"@id\":\"https:\\\/\\\/candas365.es\\\/noticias#listItem\",\"position\":1,\"name\":\"Home\",\"item\":\"https:\\\/\\\/candas365.es\\\/noticias\",\"nextItem\":{\"@type\":\"ListItem\",\"@id\":\"https:\\\/\\\/candas365.es\\\/noticias\\\/category\\\/agenda\\\/#listItem\",\"name\":\"Agenda\"}},{\"@type\":\"ListItem\",\"@id\":\"https:\\\/\\\/candas365.es\\\/noticias\\\/category\\\/agenda\\\/#listItem\",\"position\":2,\"name\":\"Agenda\",\"item\":\"https:\\\/\\\/candas365.es\\\/noticias\\\/category\\\/agenda\\\/\",\"nextItem\":{\"@type\":\"ListItem\",\"@id\":\"https:\\\/\\\/candas365.es\\\/noticias\\\/noche-de-expulsion-en-ot-2017\\\/#listItem\",\"name\":\"Noche de expulsi\\u00f3n en OT 2017\"},\"previousItem\":{\"@type\":\"ListItem\",\"@id\":\"https:\\\/\\\/candas365.es\\\/noticias#listItem\",\"name\":\"Home\"}},{\"@type\":\"ListItem\",\"@id\":\"https:\\\/\\\/candas365.es\\\/noticias\\\/noche-de-expulsion-en-ot-2017\\\/#listItem\",\"position\":3,\"name\":\"Noche de expulsi\\u00f3n en OT 2017\",\"previousItem\":{\"@type\":\"ListItem\",\"@id\":\"https:\\\/\\\/candas365.es\\\/noticias\\\/category\\\/agenda\\\/#listItem\",\"name\":\"Agenda\"}}]},{\"@type\":\"NewsArticle\",\"@id\":\"https:\\\/\\\/candas365.es\\\/noticias\\\/noche-de-expulsion-en-ot-2017\\\/#newsarticle\",\"name\":\"Noche de expulsi\\u00f3n en OT 2017 | Cand\\u00e1s 365\",\"headline\":\"Noche de expulsi\\u00f3n en OT 2017\",\"author\":{\"@id\":\"https:\\\/\\\/candas365.es\\\/noticias\\\/author\\\/admin\\\/#author\"},\"publisher\":{\"@id\":\"https:\\\/\\\/candas365.es\\\/noticias\\\/#organization\"},\"image\":{\"@type\":\"ImageObject\",\"url\":\"https:\\\/\\\/candas365.es\\\/noticias\\\/wp-content\\\/uploads\\\/2017\\\/11\\\/OT1711617.jpg\",\"width\":1180,\"height\":788},\"datePublished\":\"2017-11-05T21:51:59+01:00\",\"dateModified\":\"2017-11-05T21:51:59+01:00\",\"inLanguage\":\"es-ES\",\"mainEntityOfPage\":{\"@id\":\"https:\\\/\\\/candas365.es\\\/noticias\\\/noche-de-expulsion-en-ot-2017\\\/#webpage\"},\"isPartOf\":{\"@id\":\"https:\\\/\\\/candas365.es\\\/noticias\\\/noche-de-expulsion-en-ot-2017\\\/#webpage\"},\"articleSection\":\"Agenda\",\"dateline\":\"Publicado el noviembre 5, 2017.\"},{\"@type\":\"Organization\",\"@id\":\"https:\\\/\\\/candas365.es\\\/noticias\\\/#organization\",\"name\":\"Cand\\u00e1s 365\",\"description\":\"Cand\\u00e1s 365 es un diario digital independiente, fundado en 2012, con base en Asturias. Informamos con rigor sobre actualidad, sociedad, cultura y ocio, con una mirada local y global.\",\"url\":\"https:\\\/\\\/candas365.es\\\/noticias\\\/\",\"email\":\"info@candas365.es\",\"telephone\":\"+34652131393\",\"foundingDate\":\"2012-06-10\",\"logo\":{\"@type\":\"ImageObject\",\"url\":\"https:\\\/\\\/candas365.es\\\/noticias\\\/wp-content\\\/uploads\\\/2024\\\/09\\\/Candas-365-Redes.jpg\",\"@id\":\"https:\\\/\\\/candas365.es\\\/noticias\\\/noche-de-expulsion-en-ot-2017\\\/#organizationLogo\",\"width\":1152,\"height\":864,\"caption\":\"Cand\\u00e1s 365 Redes\"},\"image\":{\"@id\":\"https:\\\/\\\/candas365.es\\\/noticias\\\/noche-de-expulsion-en-ot-2017\\\/#organizationLogo\"},\"sameAs\":[\"https:\\\/\\\/www.facebook.com\\\/Nachofdezber\",\"https:\\\/\\\/x.com\\\/NabercoDigital\",\"https:\\\/\\\/www.instagram.com\\\/nachofdezber\\\/\",\"https:\\\/\\\/www.youtube.com\\\/channel\\\/UCZP-2wLEB9Rv6erhFmqVnvg\"],\"address\":{\"@id\":\"https:\\\/\\\/candas365.es\\\/noticias\\\/#postaladdress\",\"@type\":\"PostalAddress\",\"streetAddress\":\"san antonio 4, san antonio 4\",\"postalCode\":\"33430\",\"addressLocality\":\"Cand\\u00e1s\",\"addressRegion\":\"Asturias\",\"addressCountry\":\"ES\"}},{\"@type\":\"Person\",\"@id\":\"https:\\\/\\\/candas365.es\\\/noticias\\\/author\\\/admin\\\/#author\",\"url\":\"https:\\\/\\\/candas365.es\\\/noticias\\\/author\\\/admin\\\/\",\"name\":\"Cand\\u00e1s 365\",\"image\":{\"@type\":\"ImageObject\",\"@id\":\"https:\\\/\\\/candas365.es\\\/noticias\\\/noche-de-expulsion-en-ot-2017\\\/#authorImage\",\"url\":\"https:\\\/\\\/secure.gravatar.com\\\/avatar\\\/496a8e03d0c493ede1718b7934145dbdf8d89be1036b0eec9544e1094c9de390?s=96&d=mm&r=g\",\"width\":96,\"height\":96,\"caption\":\"Cand\\u00e1s 365\"},\"sameAs\":[\"https:\\\/\\\/www.facebook.com\\\/carrenoactualidad\",\"https:\\\/\\\/twitter.com\\\/nbasturias\",\"https:\\\/\\\/www.instagram.com\\\/nachofdezber\\\/\",\"https:\\\/\\\/www.youtube.com\\\/channel\\\/UCZP-2wLEB9Rv6erhFmqVnvg\"]},{\"@type\":\"WebPage\",\"@id\":\"https:\\\/\\\/candas365.es\\\/noticias\\\/noche-de-expulsion-en-ot-2017\\\/#webpage\",\"url\":\"https:\\\/\\\/candas365.es\\\/noticias\\\/noche-de-expulsion-en-ot-2017\\\/\",\"name\":\"Noche de expulsi\\u00f3n en OT 2017 | Cand\\u00e1s 365\",\"description\":\"\\u2018Operaci\\u00f3n Triunfo\\u2019 2017 vivir\\u00e1 este lunes una intensa segunda gala llena de emociones con la primera expulsi\\u00f3n del talent show: Ricky y Mimi tendr\\u00e1n que convencer al p\\u00fablico de que merecen seguir en la Academia con sus actuaciones en solitario. Adem\\u00e1s, el programa presentado por Roberto Leal recibir\\u00e1 la visita de la banda colombiana Morat,\",\"inLanguage\":\"es-ES\",\"isPartOf\":{\"@id\":\"https:\\\/\\\/candas365.es\\\/noticias\\\/#website\"},\"breadcrumb\":{\"@id\":\"https:\\\/\\\/candas365.es\\\/noticias\\\/noche-de-expulsion-en-ot-2017\\\/#breadcrumblist\"},\"author\":{\"@id\":\"https:\\\/\\\/candas365.es\\\/noticias\\\/author\\\/admin\\\/#author\"},\"creator\":{\"@id\":\"https:\\\/\\\/candas365.es\\\/noticias\\\/author\\\/admin\\\/#author\"},\"image\":{\"@type\":\"ImageObject\",\"url\":\"https:\\\/\\\/candas365.es\\\/noticias\\\/wp-content\\\/uploads\\\/2017\\\/11\\\/OT1711617.jpg\",\"@id\":\"https:\\\/\\\/candas365.es\\\/noticias\\\/noche-de-expulsion-en-ot-2017\\\/#mainImage\",\"width\":1180,\"height\":788},\"primaryImageOfPage\":{\"@id\":\"https:\\\/\\\/candas365.es\\\/noticias\\\/noche-de-expulsion-en-ot-2017\\\/#mainImage\"},\"datePublished\":\"2017-11-05T21:51:59+01:00\",\"dateModified\":\"2017-11-05T21:51:59+01:00\"},{\"@type\":\"WebSite\",\"@id\":\"https:\\\/\\\/candas365.es\\\/noticias\\\/#website\",\"url\":\"https:\\\/\\\/candas365.es\\\/noticias\\\/\",\"name\":\"Cand\\u00e1s 365\",\"alternateName\":\"Cand\\u00e1s 365 Noticias\",\"description\":\"Actualidad desde Carre\\u00f1o para el mundo\",\"inLanguage\":\"es-ES\",\"publisher\":{\"@id\":\"https:\\\/\\\/candas365.es\\\/noticias\\\/#organization\"}}]}\n\t\t<\/script>\n\t\t<!-- All in One SEO Pro -->\r\n\t\t<title>Noche de expulsi\u00f3n en OT 2017 | Cand\u00e1s 365<\/title>\n\n","aioseo_head_json":{"title":"Noche de expulsi\u00f3n en OT 2017 | Cand\u00e1s 365","description":"\u2018Operaci\u00f3n Triunfo\u2019 2017 vivir\u00e1 este lunes una intensa segunda gala llena de emociones con la primera expulsi\u00f3n del talent show: Ricky y Mimi tendr\u00e1n que convencer al p\u00fablico de que merecen seguir en la Academia con sus actuaciones en solitario. Adem\u00e1s, el programa presentado por Roberto Leal recibir\u00e1 la visita de la banda colombiana Morat,","canonical_url":"https:\/\/candas365.es\/noticias\/noche-de-expulsion-en-ot-2017\/","robots":"max-image-preview:large","keywords":"agenda","webmasterTools":{"google-site-verification":"UA-32230408-1","msvalidate.01":"354F3CDFB2DA171B47FBE9ABF1F88D5","miscellaneous":""},"schema":{"@context":"https:\/\/schema.org","@graph":[{"@type":"BreadcrumbList","@id":"https:\/\/candas365.es\/noticias\/noche-de-expulsion-en-ot-2017\/#breadcrumblist","itemListElement":[{"@type":"ListItem","@id":"https:\/\/candas365.es\/noticias#listItem","position":1,"name":"Home","item":"https:\/\/candas365.es\/noticias","nextItem":{"@type":"ListItem","@id":"https:\/\/candas365.es\/noticias\/category\/agenda\/#listItem","name":"Agenda"}},{"@type":"ListItem","@id":"https:\/\/candas365.es\/noticias\/category\/agenda\/#listItem","position":2,"name":"Agenda","item":"https:\/\/candas365.es\/noticias\/category\/agenda\/","nextItem":{"@type":"ListItem","@id":"https:\/\/candas365.es\/noticias\/noche-de-expulsion-en-ot-2017\/#listItem","name":"Noche de expulsi\u00f3n en OT 2017"},"previousItem":{"@type":"ListItem","@id":"https:\/\/candas365.es\/noticias#listItem","name":"Home"}},{"@type":"ListItem","@id":"https:\/\/candas365.es\/noticias\/noche-de-expulsion-en-ot-2017\/#listItem","position":3,"name":"Noche de expulsi\u00f3n en OT 2017","previousItem":{"@type":"ListItem","@id":"https:\/\/candas365.es\/noticias\/category\/agenda\/#listItem","name":"Agenda"}}]},{"@type":"NewsArticle","@id":"https:\/\/candas365.es\/noticias\/noche-de-expulsion-en-ot-2017\/#newsarticle","name":"Noche de expulsi\u00f3n en OT 2017 | Cand\u00e1s 365","headline":"Noche de expulsi\u00f3n en OT 2017","author":{"@id":"https:\/\/candas365.es\/noticias\/author\/admin\/#author"},"publisher":{"@id":"https:\/\/candas365.es\/noticias\/#organization"},"image":{"@type":"ImageObject","url":"https:\/\/candas365.es\/noticias\/wp-content\/uploads\/2017\/11\/OT1711617.jpg","width":1180,"height":788},"datePublished":"2017-11-05T21:51:59+01:00","dateModified":"2017-11-05T21:51:59+01:00","inLanguage":"es-ES","mainEntityOfPage":{"@id":"https:\/\/candas365.es\/noticias\/noche-de-expulsion-en-ot-2017\/#webpage"},"isPartOf":{"@id":"https:\/\/candas365.es\/noticias\/noche-de-expulsion-en-ot-2017\/#webpage"},"articleSection":"Agenda","dateline":"Publicado el noviembre 5, 2017."},{"@type":"Organization","@id":"https:\/\/candas365.es\/noticias\/#organization","name":"Cand\u00e1s 365","description":"Cand\u00e1s 365 es un diario digital independiente, fundado en 2012, con base en Asturias. Informamos con rigor sobre actualidad, sociedad, cultura y ocio, con una mirada local y global.","url":"https:\/\/candas365.es\/noticias\/","email":"info@candas365.es","telephone":"+34652131393","foundingDate":"2012-06-10","logo":{"@type":"ImageObject","url":"https:\/\/candas365.es\/noticias\/wp-content\/uploads\/2024\/09\/Candas-365-Redes.jpg","@id":"https:\/\/candas365.es\/noticias\/noche-de-expulsion-en-ot-2017\/#organizationLogo","width":1152,"height":864,"caption":"Cand\u00e1s 365 Redes"},"image":{"@id":"https:\/\/candas365.es\/noticias\/noche-de-expulsion-en-ot-2017\/#organizationLogo"},"sameAs":["https:\/\/www.facebook.com\/Nachofdezber","https:\/\/x.com\/NabercoDigital","https:\/\/www.instagram.com\/nachofdezber\/","https:\/\/www.youtube.com\/channel\/UCZP-2wLEB9Rv6erhFmqVnvg"],"address":{"@id":"https:\/\/candas365.es\/noticias\/#postaladdress","@type":"PostalAddress","streetAddress":"san antonio 4, san antonio 4","postalCode":"33430","addressLocality":"Cand\u00e1s","addressRegion":"Asturias","addressCountry":"ES"}},{"@type":"Person","@id":"https:\/\/candas365.es\/noticias\/author\/admin\/#author","url":"https:\/\/candas365.es\/noticias\/author\/admin\/","name":"Cand\u00e1s 365","image":{"@type":"ImageObject","@id":"https:\/\/candas365.es\/noticias\/noche-de-expulsion-en-ot-2017\/#authorImage","url":"https:\/\/secure.gravatar.com\/avatar\/496a8e03d0c493ede1718b7934145dbdf8d89be1036b0eec9544e1094c9de390?s=96&d=mm&r=g","width":96,"height":96,"caption":"Cand\u00e1s 365"},"sameAs":["https:\/\/www.facebook.com\/carrenoactualidad","https:\/\/twitter.com\/nbasturias","https:\/\/www.instagram.com\/nachofdezber\/","https:\/\/www.youtube.com\/channel\/UCZP-2wLEB9Rv6erhFmqVnvg"]},{"@type":"WebPage","@id":"https:\/\/candas365.es\/noticias\/noche-de-expulsion-en-ot-2017\/#webpage","url":"https:\/\/candas365.es\/noticias\/noche-de-expulsion-en-ot-2017\/","name":"Noche de expulsi\u00f3n en OT 2017 | Cand\u00e1s 365","description":"\u2018Operaci\u00f3n Triunfo\u2019 2017 vivir\u00e1 este lunes una intensa segunda gala llena de emociones con la primera expulsi\u00f3n del talent show: Ricky y Mimi tendr\u00e1n que convencer al p\u00fablico de que merecen seguir en la Academia con sus actuaciones en solitario. Adem\u00e1s, el programa presentado por Roberto Leal recibir\u00e1 la visita de la banda colombiana Morat,","inLanguage":"es-ES","isPartOf":{"@id":"https:\/\/candas365.es\/noticias\/#website"},"breadcrumb":{"@id":"https:\/\/candas365.es\/noticias\/noche-de-expulsion-en-ot-2017\/#breadcrumblist"},"author":{"@id":"https:\/\/candas365.es\/noticias\/author\/admin\/#author"},"creator":{"@id":"https:\/\/candas365.es\/noticias\/author\/admin\/#author"},"image":{"@type":"ImageObject","url":"https:\/\/candas365.es\/noticias\/wp-content\/uploads\/2017\/11\/OT1711617.jpg","@id":"https:\/\/candas365.es\/noticias\/noche-de-expulsion-en-ot-2017\/#mainImage","width":1180,"height":788},"primaryImageOfPage":{"@id":"https:\/\/candas365.es\/noticias\/noche-de-expulsion-en-ot-2017\/#mainImage"},"datePublished":"2017-11-05T21:51:59+01:00","dateModified":"2017-11-05T21:51:59+01:00"},{"@type":"WebSite","@id":"https:\/\/candas365.es\/noticias\/#website","url":"https:\/\/candas365.es\/noticias\/","name":"Cand\u00e1s 365","alternateName":"Cand\u00e1s 365 Noticias","description":"Actualidad desde Carre\u00f1o para el mundo","inLanguage":"es-ES","publisher":{"@id":"https:\/\/candas365.es\/noticias\/#organization"}}]},"og:locale":"es_ES","og:site_name":"Cand\u00e1s 365","og:type":"article","og:title":"Noche de expulsi\u00f3n en OT 2017 | Cand\u00e1s 365","og:description":"\u2018Operaci\u00f3n Triunfo\u2019 2017 vivir\u00e1 este lunes una intensa segunda gala llena de emociones con la primera expulsi\u00f3n del talent show: Ricky y Mimi tendr\u00e1n que convencer al p\u00fablico de que merecen seguir en la Academia con sus actuaciones en solitario. Adem\u00e1s, el programa presentado por Roberto Leal recibir\u00e1 la visita de la banda colombiana Morat,","og:url":"https:\/\/candas365.es\/noticias\/noche-de-expulsion-en-ot-2017\/","og:image":"https:\/\/candas365.es\/noticias\/wp-content\/uploads\/2017\/11\/OT1711617.jpg","og:image:secure_url":"https:\/\/candas365.es\/noticias\/wp-content\/uploads\/2017\/11\/OT1711617.jpg","og:image:width":1180,"og:image:height":788,"article:published_time":"2017-11-05T21:51:59+00:00","article:modified_time":"2017-11-05T21:51:59+00:00","article:publisher":"https:\/\/www.facebook.com\/Nachofdezber","article:author":"https:\/\/www.facebook.com\/carrenoactualidad","twitter:card":"summary_large_image","twitter:site":"@NabercoDigital","twitter:title":"Noche de expulsi\u00f3n en OT 2017 | Cand\u00e1s 365","twitter:description":"\u2018Operaci\u00f3n Triunfo\u2019 2017 vivir\u00e1 este lunes una intensa segunda gala llena de emociones con la primera expulsi\u00f3n del talent show: Ricky y Mimi tendr\u00e1n que convencer al p\u00fablico de que merecen seguir en la Academia con sus actuaciones en solitario. Adem\u00e1s, el programa presentado por Roberto Leal recibir\u00e1 la visita de la banda colombiana Morat,","twitter:creator":"@nbasturias","twitter:image":"https:\/\/candas365.es\/noticias\/wp-content\/uploads\/2017\/11\/OT1711617.jpg","twitter:label1":"Escrito por","twitter:data1":"Cand\u00e1s 365","twitter:label2":"Tiempo de lectura estimado","twitter:data2":"2 minutos"},"aioseo_meta_data":{"post_id":"83551","title":null,"description":null,"keywords":null,"keyphrases":null,"primary_term":null,"canonical_url":null,"og_title":null,"og_description":null,"og_object_type":"default","og_image_type":"default","og_image_url":null,"og_image_width":null,"og_image_height":null,"og_image_custom_url":null,"og_image_custom_fields":null,"og_video":null,"og_custom_url":null,"og_article_section":null,"og_article_tags":null,"twitter_use_og":false,"twitter_card":"default","twitter_image_type":"default","twitter_image_url":null,"twitter_image_custom_url":null,"twitter_image_custom_fields":null,"twitter_title":null,"twitter_description":null,"schema":{"blockGraphs":[],"customGraphs":[],"default":{"data":{"Article":[],"Course":[],"Dataset":[],"FAQPage":[],"Movie":[],"Person":[],"Product":[],"ProductReview":[],"Car":[],"Recipe":[],"Service":[],"SoftwareApplication":[],"WebPage":[]},"graphName":"","isEnabled":true},"graphs":[]},"schema_type":null,"schema_type_options":null,"pillar_content":false,"robots_default":true,"robots_noindex":false,"robots_noarchive":false,"robots_nosnippet":false,"robots_nofollow":false,"robots_noimageindex":false,"robots_noodp":false,"robots_notranslate":false,"robots_max_snippet":null,"robots_max_videopreview":null,"robots_max_imagepreview":"large","priority":null,"frequency":null,"location":null,"local_seo":null,"seo_analyzer_scan_date":"2025-08-26 04:27:09","breadcrumb_settings":null,"limit_modified_date":false,"reviewed_by":null,"open_ai":null,"ai":null,"created":"2020-12-21 12:29:56","updated":"2025-08-26 04:27:09"},"aioseo_breadcrumb":"<div class=\"aioseo-breadcrumbs\"><span class=\"aioseo-breadcrumb\">\n\t<a href=\"https:\/\/candas365.es\/noticias\" title=\"Home\">Home<\/a>\n<\/span><span class=\"aioseo-breadcrumb-separator\">&ndash;<\/span><span class=\"aioseo-breadcrumb\">\n\t<a href=\"https:\/\/candas365.es\/noticias\/category\/agenda\/\" title=\"Agenda\">Agenda<\/a>\n<\/span><span class=\"aioseo-breadcrumb-separator\">&ndash;<\/span><span class=\"aioseo-breadcrumb\">\n\tNoche de expulsi\u00f3n en OT 2017\n<\/span><\/div>","aioseo_breadcrumb_json":[{"label":"Home","link":"https:\/\/candas365.es\/noticias"},{"label":"Agenda","link":"https:\/\/candas365.es\/noticias\/category\/agenda\/"},{"label":"Noche de expulsi\u00f3n en OT 2017","link":"https:\/\/candas365.es\/noticias\/noche-de-expulsion-en-ot-2017\/"}],"_links":{"self":[{"href":"https:\/\/candas365.es\/noticias\/wp-json\/wp\/v2\/posts\/83551","targetHints":{"allow":["GET"]}}],"collection":[{"href":"https:\/\/candas365.es\/noticias\/wp-json\/wp\/v2\/posts"}],"about":[{"href":"https:\/\/candas365.es\/noticias\/wp-json\/wp\/v2\/types\/post"}],"author":[{"embeddable":true,"href":"https:\/\/candas365.es\/noticias\/wp-json\/wp\/v2\/users\/1"}],"replies":[{"embeddable":true,"href":"https:\/\/candas365.es\/noticias\/wp-json\/wp\/v2\/comments?post=83551"}],"version-history":[{"count":0,"href":"https:\/\/candas365.es\/noticias\/wp-json\/wp\/v2\/posts\/83551\/revisions"}],"wp:featuredmedia":[{"embeddable":true,"href":"https:\/\/candas365.es\/noticias\/wp-json\/wp\/v2\/media\/83552"}],"wp:attachment":[{"href":"https:\/\/candas365.es\/noticias\/wp-json\/wp\/v2\/media?parent=83551"}],"wp:term":[{"taxonomy":"category","embeddable":true,"href":"https:\/\/candas365.es\/noticias\/wp-json\/wp\/v2\/categories?post=83551"},{"taxonomy":"post_tag","embeddable":true,"href":"https:\/\/candas365.es\/noticias\/wp-json\/wp\/v2\/tags?post=83551"}],"curies":[{"name":"wp","href":"https:\/\/api.w.org\/{rel}","templated":true}]}}