{"id":83462,"date":"2017-11-04T19:30:59","date_gmt":"2017-11-04T19:30:59","guid":{"rendered":"http:\/\/candas365.es\/noticias\/?p=83462"},"modified":"2017-11-04T19:30:59","modified_gmt":"2017-11-04T19:30:59","slug":"cronicas-estrena-el-lunes-atencion-ciclistas","status":"publish","type":"post","link":"https:\/\/candas365.es\/noticias\/cronicas-estrena-el-lunes-atencion-ciclistas\/","title":{"rendered":"\u00abCr\u00f3nicas\u00bb estrena el lunes \u2018Atenci\u00f3n, ciclistas\u2019"},"content":{"rendered":"<p><img fetchpriority=\"high\" decoding=\"async\" class=\"alignleft size-medium wp-image-83463\" src=\"https:\/\/candas365.es\/noticias\/wp-content\/uploads\/2017\/11\/tele-ACC-360x203.jpg\" alt=\"\" width=\"360\" height=\"203\" srcset=\"https:\/\/candas365.es\/noticias\/wp-content\/uploads\/2017\/11\/tele-ACC-360x203.jpg 360w, https:\/\/candas365.es\/noticias\/wp-content\/uploads\/2017\/11\/tele-ACC-768x432.jpg 768w, https:\/\/candas365.es\/noticias\/wp-content\/uploads\/2017\/11\/tele-ACC-655x369.jpg 655w, https:\/\/candas365.es\/noticias\/wp-content\/uploads\/2017\/11\/tele-ACC-696x392.jpg 696w, https:\/\/candas365.es\/noticias\/wp-content\/uploads\/2017\/11\/tele-ACC-1068x601.jpg 1068w, https:\/\/candas365.es\/noticias\/wp-content\/uploads\/2017\/11\/tele-ACC-746x420.jpg 746w, https:\/\/candas365.es\/noticias\/wp-content\/uploads\/2017\/11\/tele-ACC-499x280.jpg 499w, https:\/\/candas365.es\/noticias\/wp-content\/uploads\/2017\/11\/tele-ACC.jpg 1180w\" sizes=\"(max-width: 360px) 100vw, 360px\" \/>\u2018Cr\u00f3nicas\u2019 estrena esta semana el reportaje \u2018Atenci\u00f3n, ciclistas\u2019 en el que revela c\u00f3mo este a\u00f1o ha aumentado el n\u00famero de ciclistas fallecidos. En los primeros nueve meses de 2017, han muerto 34, uno m\u00e1s que en todo 2016, s\u00f3lo en carretera. Ante la preocupaci\u00f3n y la demanda social, el Congreso trabaja para reformar el C\u00f3digo Penal y castigar con penas m\u00e1s duras los atropellos de ciclistas y peatones. La impulsora de esta reforma es Anna Gonz\u00e1lez, la viuda de un ciclista que fue atropellado en 2013.<\/p>\n<p>Al igual que en el Congreso, desde la Direcci\u00f3n General de Tr\u00e1fico se estudian cambios en la ley para proteger m\u00e1s a los ciclistas. Una de las medidas ser\u00e1 inhabilitar a los conductores reincidentes, por conducir bajo los efectos del alcohol y las drogas, como es el caso de la conductora que provoc\u00f3 el accidente m\u00e1s grave en lo que va de a\u00f1o, el de Oliva (Valencia). Arroll\u00f3 a un grupo de seis triatletas, de los que tres murieron y dos quedaron gravemente heridos.<\/p>\n<p>M\u00e1s de un 70% de los accidentes se producen en las ciudades, donde cada vez m\u00e1s personas usan la bicicleta. Pero, la mayor\u00eda de las muertes ocurren en las carreteras, sobre todo, por el factor velocidad.<\/p>\n<p>Expertos, conductores y ciclistas hablan en \u2018Cr\u00f3nicas\u2019 de falta de seguridad en las infraestructuras, poco conocimiento de la normativa y falta de respeto a la hora de compartir el asfalto, como causas de los accidentes.<\/p>\n<p>\u2018Atenci\u00f3n, ciclistas\u2019 es un reportaje con guion de Teresa Mart\u00edn; realizaci\u00f3n de \u00c1ngel Navarro G\u00f3mez; imagen y sonido de \u00d3scar Mart\u00ednez Forcada y Alfredo S\u00e1nchez-Toledo; montaje de Guillermo Buitrago; postproducci\u00f3n de David Bard\u00f3n; sonorizaci\u00f3n de Sen\u00e9 Feito; y producci\u00f3n de Lourdes Calvo y Ana Pastor.<\/p>\n","protected":false},"excerpt":{"rendered":"<p>\u2018Cr\u00f3nicas\u2019 estrena esta semana el reportaje \u2018Atenci\u00f3n, ciclistas\u2019 en el que revela c\u00f3mo este a\u00f1o ha aumentado el n\u00famero de ciclistas fallecidos. En los primeros nueve meses de 2017, han muerto 34, uno m\u00e1s que en todo 2016, s\u00f3lo en carretera. Ante la preocupaci\u00f3n y la demanda social, el Congreso trabaja para reformar el C\u00f3digo<\/p>\n","protected":false},"author":1,"featured_media":83463,"comment_status":"closed","ping_status":"closed","sticky":false,"template":"","format":"standard","meta":{"footnotes":""},"categories":[1],"tags":[],"class_list":{"0":"post-83462","1":"post","2":"type-post","3":"status-publish","4":"format-standard","5":"has-post-thumbnail","7":"category-agenda"},"aioseo_notices":[],"aioseo_head":"\n\t\t<!-- All in One SEO Pro 4.9.6.2 - aioseo.com -->\n\t<meta name=\"description\" content=\"\u2018Cr\u00f3nicas\u2019 estrena esta semana el reportaje \u2018Atenci\u00f3n, ciclistas\u2019 en el que revela c\u00f3mo este a\u00f1o ha aumentado el n\u00famero de ciclistas fallecidos. En los primeros nueve meses de 2017, han muerto 34, uno m\u00e1s que en todo 2016, s\u00f3lo en carretera. Ante la preocupaci\u00f3n y la demanda social, el Congreso trabaja para reformar el C\u00f3digo\" \/>\n\t<meta name=\"robots\" content=\"max-image-preview:large\" \/>\n\t<meta name=\"author\" content=\"Cand\u00e1s 365\"\/>\n\t<meta name=\"google-site-verification\" content=\"UA-32230408-1\" \/>\n\t<meta name=\"msvalidate.01\" content=\"354F3CDFB2DA171B47FBE9ABF1F88D5\" \/>\n\t<meta name=\"keywords\" content=\"agenda\" \/>\n\t<link rel=\"canonical\" href=\"https:\/\/candas365.es\/noticias\/cronicas-estrena-el-lunes-atencion-ciclistas\/\" \/>\n\t<meta name=\"generator\" content=\"All in One SEO Pro (AIOSEO) 4.9.6.2\" \/>\n\t\t<meta property=\"og:locale\" content=\"es_ES\" \/>\n\t\t<meta property=\"og:site_name\" content=\"Cand\u00e1s 365\" \/>\n\t\t<meta property=\"og:type\" content=\"article\" \/>\n\t\t<meta property=\"og:title\" content=\"\u00abCr\u00f3nicas\u00bb estrena el lunes \u2018Atenci\u00f3n, ciclistas\u2019 | Cand\u00e1s 365\" \/>\n\t\t<meta property=\"og:description\" content=\"\u2018Cr\u00f3nicas\u2019 estrena esta semana el reportaje \u2018Atenci\u00f3n, ciclistas\u2019 en el que revela c\u00f3mo este a\u00f1o ha aumentado el n\u00famero de ciclistas fallecidos. En los primeros nueve meses de 2017, han muerto 34, uno m\u00e1s que en todo 2016, s\u00f3lo en carretera. Ante la preocupaci\u00f3n y la demanda social, el Congreso trabaja para reformar el C\u00f3digo\" \/>\n\t\t<meta property=\"og:url\" content=\"https:\/\/candas365.es\/noticias\/cronicas-estrena-el-lunes-atencion-ciclistas\/\" \/>\n\t\t<meta property=\"og:image\" content=\"https:\/\/candas365.es\/noticias\/wp-content\/uploads\/2017\/11\/tele-ACC.jpg\" \/>\n\t\t<meta property=\"og:image:secure_url\" content=\"https:\/\/candas365.es\/noticias\/wp-content\/uploads\/2017\/11\/tele-ACC.jpg\" \/>\n\t\t<meta property=\"og:image:width\" content=\"1180\" \/>\n\t\t<meta property=\"og:image:height\" content=\"664\" \/>\n\t\t<meta property=\"article:published_time\" content=\"2017-11-04T19:30:59+00:00\" \/>\n\t\t<meta property=\"article:modified_time\" content=\"2017-11-04T19:30:59+00:00\" \/>\n\t\t<meta property=\"article:publisher\" content=\"https:\/\/www.facebook.com\/Nachofdezber\" \/>\n\t\t<meta property=\"article:author\" content=\"https:\/\/www.facebook.com\/carrenoactualidad\" \/>\n\t\t<meta name=\"twitter:card\" content=\"summary_large_image\" \/>\n\t\t<meta name=\"twitter:site\" content=\"@NabercoDigital\" \/>\n\t\t<meta name=\"twitter:title\" content=\"\u00abCr\u00f3nicas\u00bb estrena el lunes \u2018Atenci\u00f3n, ciclistas\u2019 | Cand\u00e1s 365\" \/>\n\t\t<meta name=\"twitter:description\" content=\"\u2018Cr\u00f3nicas\u2019 estrena esta semana el reportaje \u2018Atenci\u00f3n, ciclistas\u2019 en el que revela c\u00f3mo este a\u00f1o ha aumentado el n\u00famero de ciclistas fallecidos. En los primeros nueve meses de 2017, han muerto 34, uno m\u00e1s que en todo 2016, s\u00f3lo en carretera. Ante la preocupaci\u00f3n y la demanda social, el Congreso trabaja para reformar el C\u00f3digo\" \/>\n\t\t<meta name=\"twitter:creator\" content=\"@nbasturias\" \/>\n\t\t<meta name=\"twitter:image\" content=\"https:\/\/candas365.es\/noticias\/wp-content\/uploads\/2017\/11\/tele-ACC.jpg\" \/>\n\t\t<meta name=\"twitter:label1\" content=\"Escrito por\" \/>\n\t\t<meta name=\"twitter:data1\" content=\"Cand\u00e1s 365\" \/>\n\t\t<meta name=\"twitter:label2\" content=\"Tiempo de lectura estimado\" \/>\n\t\t<meta name=\"twitter:data2\" content=\"2 minutos\" \/>\n\t\t<script type=\"application\/ld+json\" class=\"aioseo-schema\">\n\t\t\t{\"@context\":\"https:\\\/\\\/schema.org\",\"@graph\":[{\"@type\":\"BreadcrumbList\",\"@id\":\"https:\\\/\\\/candas365.es\\\/noticias\\\/cronicas-estrena-el-lunes-atencion-ciclistas\\\/#breadcrumblist\",\"itemListElement\":[{\"@type\":\"ListItem\",\"@id\":\"https:\\\/\\\/candas365.es\\\/noticias#listItem\",\"position\":1,\"name\":\"Home\",\"item\":\"https:\\\/\\\/candas365.es\\\/noticias\",\"nextItem\":{\"@type\":\"ListItem\",\"@id\":\"https:\\\/\\\/candas365.es\\\/noticias\\\/category\\\/agenda\\\/#listItem\",\"name\":\"Agenda\"}},{\"@type\":\"ListItem\",\"@id\":\"https:\\\/\\\/candas365.es\\\/noticias\\\/category\\\/agenda\\\/#listItem\",\"position\":2,\"name\":\"Agenda\",\"item\":\"https:\\\/\\\/candas365.es\\\/noticias\\\/category\\\/agenda\\\/\",\"nextItem\":{\"@type\":\"ListItem\",\"@id\":\"https:\\\/\\\/candas365.es\\\/noticias\\\/cronicas-estrena-el-lunes-atencion-ciclistas\\\/#listItem\",\"name\":\"\\u00abCr\\u00f3nicas\\u00bb estrena el lunes \\u2018Atenci\\u00f3n, ciclistas\\u2019\"},\"previousItem\":{\"@type\":\"ListItem\",\"@id\":\"https:\\\/\\\/candas365.es\\\/noticias#listItem\",\"name\":\"Home\"}},{\"@type\":\"ListItem\",\"@id\":\"https:\\\/\\\/candas365.es\\\/noticias\\\/cronicas-estrena-el-lunes-atencion-ciclistas\\\/#listItem\",\"position\":3,\"name\":\"\\u00abCr\\u00f3nicas\\u00bb estrena el lunes \\u2018Atenci\\u00f3n, ciclistas\\u2019\",\"previousItem\":{\"@type\":\"ListItem\",\"@id\":\"https:\\\/\\\/candas365.es\\\/noticias\\\/category\\\/agenda\\\/#listItem\",\"name\":\"Agenda\"}}]},{\"@type\":\"NewsArticle\",\"@id\":\"https:\\\/\\\/candas365.es\\\/noticias\\\/cronicas-estrena-el-lunes-atencion-ciclistas\\\/#newsarticle\",\"name\":\"\\u00abCr\\u00f3nicas\\u00bb estrena el lunes \\u2018Atenci\\u00f3n, ciclistas\\u2019 | Cand\\u00e1s 365\",\"headline\":\"\\u00abCr\\u00f3nicas\\u00bb estrena el lunes \\u2018Atenci\\u00f3n, ciclistas\\u2019\",\"author\":{\"@id\":\"https:\\\/\\\/candas365.es\\\/noticias\\\/author\\\/admin\\\/#author\"},\"publisher\":{\"@id\":\"https:\\\/\\\/candas365.es\\\/noticias\\\/#organization\"},\"image\":{\"@type\":\"ImageObject\",\"url\":\"https:\\\/\\\/candas365.es\\\/noticias\\\/wp-content\\\/uploads\\\/2017\\\/11\\\/tele-ACC.jpg\",\"width\":1180,\"height\":664},\"datePublished\":\"2017-11-04T19:30:59+01:00\",\"dateModified\":\"2017-11-04T19:30:59+01:00\",\"inLanguage\":\"es-ES\",\"mainEntityOfPage\":{\"@id\":\"https:\\\/\\\/candas365.es\\\/noticias\\\/cronicas-estrena-el-lunes-atencion-ciclistas\\\/#webpage\"},\"isPartOf\":{\"@id\":\"https:\\\/\\\/candas365.es\\\/noticias\\\/cronicas-estrena-el-lunes-atencion-ciclistas\\\/#webpage\"},\"articleSection\":\"Agenda\",\"dateline\":\"Publicado el noviembre 4, 2017.\"},{\"@type\":\"Organization\",\"@id\":\"https:\\\/\\\/candas365.es\\\/noticias\\\/#organization\",\"name\":\"Cand\\u00e1s 365\",\"description\":\"Cand\\u00e1s 365 es un diario digital independiente, fundado en 2012, con base en Asturias. Informamos con rigor sobre actualidad, sociedad, cultura y ocio, con una mirada local y global.\",\"url\":\"https:\\\/\\\/candas365.es\\\/noticias\\\/\",\"email\":\"info@candas365.es\",\"telephone\":\"+34652131393\",\"foundingDate\":\"2012-06-10\",\"logo\":{\"@type\":\"ImageObject\",\"url\":\"https:\\\/\\\/candas365.es\\\/noticias\\\/wp-content\\\/uploads\\\/2024\\\/09\\\/Candas-365-Redes.jpg\",\"@id\":\"https:\\\/\\\/candas365.es\\\/noticias\\\/cronicas-estrena-el-lunes-atencion-ciclistas\\\/#organizationLogo\",\"width\":1152,\"height\":864,\"caption\":\"Cand\\u00e1s 365 Redes\"},\"image\":{\"@id\":\"https:\\\/\\\/candas365.es\\\/noticias\\\/cronicas-estrena-el-lunes-atencion-ciclistas\\\/#organizationLogo\"},\"sameAs\":[\"https:\\\/\\\/www.facebook.com\\\/Nachofdezber\",\"https:\\\/\\\/x.com\\\/NabercoDigital\",\"https:\\\/\\\/www.instagram.com\\\/nachofdezber\\\/\",\"https:\\\/\\\/www.youtube.com\\\/channel\\\/UCZP-2wLEB9Rv6erhFmqVnvg\"],\"address\":{\"@id\":\"https:\\\/\\\/candas365.es\\\/noticias\\\/#postaladdress\",\"@type\":\"PostalAddress\",\"streetAddress\":\"san antonio 4, san antonio 4\",\"postalCode\":\"33430\",\"addressLocality\":\"Cand\\u00e1s\",\"addressRegion\":\"Asturias\",\"addressCountry\":\"ES\"}},{\"@type\":\"Person\",\"@id\":\"https:\\\/\\\/candas365.es\\\/noticias\\\/author\\\/admin\\\/#author\",\"url\":\"https:\\\/\\\/candas365.es\\\/noticias\\\/author\\\/admin\\\/\",\"name\":\"Cand\\u00e1s 365\",\"image\":{\"@type\":\"ImageObject\",\"@id\":\"https:\\\/\\\/candas365.es\\\/noticias\\\/cronicas-estrena-el-lunes-atencion-ciclistas\\\/#authorImage\",\"url\":\"https:\\\/\\\/secure.gravatar.com\\\/avatar\\\/496a8e03d0c493ede1718b7934145dbdf8d89be1036b0eec9544e1094c9de390?s=96&d=mm&r=g\",\"width\":96,\"height\":96,\"caption\":\"Cand\\u00e1s 365\"},\"sameAs\":[\"https:\\\/\\\/www.facebook.com\\\/carrenoactualidad\",\"https:\\\/\\\/twitter.com\\\/nbasturias\",\"https:\\\/\\\/www.instagram.com\\\/nachofdezber\\\/\",\"https:\\\/\\\/www.youtube.com\\\/channel\\\/UCZP-2wLEB9Rv6erhFmqVnvg\"]},{\"@type\":\"WebPage\",\"@id\":\"https:\\\/\\\/candas365.es\\\/noticias\\\/cronicas-estrena-el-lunes-atencion-ciclistas\\\/#webpage\",\"url\":\"https:\\\/\\\/candas365.es\\\/noticias\\\/cronicas-estrena-el-lunes-atencion-ciclistas\\\/\",\"name\":\"\\u00abCr\\u00f3nicas\\u00bb estrena el lunes \\u2018Atenci\\u00f3n, ciclistas\\u2019 | Cand\\u00e1s 365\",\"description\":\"\\u2018Cr\\u00f3nicas\\u2019 estrena esta semana el reportaje \\u2018Atenci\\u00f3n, ciclistas\\u2019 en el que revela c\\u00f3mo este a\\u00f1o ha aumentado el n\\u00famero de ciclistas fallecidos. En los primeros nueve meses de 2017, han muerto 34, uno m\\u00e1s que en todo 2016, s\\u00f3lo en carretera. Ante la preocupaci\\u00f3n y la demanda social, el Congreso trabaja para reformar el C\\u00f3digo\",\"inLanguage\":\"es-ES\",\"isPartOf\":{\"@id\":\"https:\\\/\\\/candas365.es\\\/noticias\\\/#website\"},\"breadcrumb\":{\"@id\":\"https:\\\/\\\/candas365.es\\\/noticias\\\/cronicas-estrena-el-lunes-atencion-ciclistas\\\/#breadcrumblist\"},\"author\":{\"@id\":\"https:\\\/\\\/candas365.es\\\/noticias\\\/author\\\/admin\\\/#author\"},\"creator\":{\"@id\":\"https:\\\/\\\/candas365.es\\\/noticias\\\/author\\\/admin\\\/#author\"},\"image\":{\"@type\":\"ImageObject\",\"url\":\"https:\\\/\\\/candas365.es\\\/noticias\\\/wp-content\\\/uploads\\\/2017\\\/11\\\/tele-ACC.jpg\",\"@id\":\"https:\\\/\\\/candas365.es\\\/noticias\\\/cronicas-estrena-el-lunes-atencion-ciclistas\\\/#mainImage\",\"width\":1180,\"height\":664},\"primaryImageOfPage\":{\"@id\":\"https:\\\/\\\/candas365.es\\\/noticias\\\/cronicas-estrena-el-lunes-atencion-ciclistas\\\/#mainImage\"},\"datePublished\":\"2017-11-04T19:30:59+01:00\",\"dateModified\":\"2017-11-04T19:30:59+01:00\"},{\"@type\":\"WebSite\",\"@id\":\"https:\\\/\\\/candas365.es\\\/noticias\\\/#website\",\"url\":\"https:\\\/\\\/candas365.es\\\/noticias\\\/\",\"name\":\"Cand\\u00e1s 365\",\"alternateName\":\"Cand\\u00e1s 365 Noticias\",\"description\":\"Actualidad desde Carre\\u00f1o para el mundo\",\"inLanguage\":\"es-ES\",\"publisher\":{\"@id\":\"https:\\\/\\\/candas365.es\\\/noticias\\\/#organization\"}}]}\n\t\t<\/script>\n\t\t<!-- All in One SEO Pro -->\r\n\t\t<title>\u00abCr\u00f3nicas\u00bb estrena el lunes \u2018Atenci\u00f3n, ciclistas\u2019 | Cand\u00e1s 365<\/title>\n\n","aioseo_head_json":{"title":"\u00abCr\u00f3nicas\u00bb estrena el lunes \u2018Atenci\u00f3n, ciclistas\u2019 | Cand\u00e1s 365","description":"\u2018Cr\u00f3nicas\u2019 estrena esta semana el reportaje \u2018Atenci\u00f3n, ciclistas\u2019 en el que revela c\u00f3mo este a\u00f1o ha aumentado el n\u00famero de ciclistas fallecidos. En los primeros nueve meses de 2017, han muerto 34, uno m\u00e1s que en todo 2016, s\u00f3lo en carretera. Ante la preocupaci\u00f3n y la demanda social, el Congreso trabaja para reformar el C\u00f3digo","canonical_url":"https:\/\/candas365.es\/noticias\/cronicas-estrena-el-lunes-atencion-ciclistas\/","robots":"max-image-preview:large","keywords":"agenda","webmasterTools":{"google-site-verification":"UA-32230408-1","msvalidate.01":"354F3CDFB2DA171B47FBE9ABF1F88D5","miscellaneous":""},"schema":{"@context":"https:\/\/schema.org","@graph":[{"@type":"BreadcrumbList","@id":"https:\/\/candas365.es\/noticias\/cronicas-estrena-el-lunes-atencion-ciclistas\/#breadcrumblist","itemListElement":[{"@type":"ListItem","@id":"https:\/\/candas365.es\/noticias#listItem","position":1,"name":"Home","item":"https:\/\/candas365.es\/noticias","nextItem":{"@type":"ListItem","@id":"https:\/\/candas365.es\/noticias\/category\/agenda\/#listItem","name":"Agenda"}},{"@type":"ListItem","@id":"https:\/\/candas365.es\/noticias\/category\/agenda\/#listItem","position":2,"name":"Agenda","item":"https:\/\/candas365.es\/noticias\/category\/agenda\/","nextItem":{"@type":"ListItem","@id":"https:\/\/candas365.es\/noticias\/cronicas-estrena-el-lunes-atencion-ciclistas\/#listItem","name":"\u00abCr\u00f3nicas\u00bb estrena el lunes \u2018Atenci\u00f3n, ciclistas\u2019"},"previousItem":{"@type":"ListItem","@id":"https:\/\/candas365.es\/noticias#listItem","name":"Home"}},{"@type":"ListItem","@id":"https:\/\/candas365.es\/noticias\/cronicas-estrena-el-lunes-atencion-ciclistas\/#listItem","position":3,"name":"\u00abCr\u00f3nicas\u00bb estrena el lunes \u2018Atenci\u00f3n, ciclistas\u2019","previousItem":{"@type":"ListItem","@id":"https:\/\/candas365.es\/noticias\/category\/agenda\/#listItem","name":"Agenda"}}]},{"@type":"NewsArticle","@id":"https:\/\/candas365.es\/noticias\/cronicas-estrena-el-lunes-atencion-ciclistas\/#newsarticle","name":"\u00abCr\u00f3nicas\u00bb estrena el lunes \u2018Atenci\u00f3n, ciclistas\u2019 | Cand\u00e1s 365","headline":"\u00abCr\u00f3nicas\u00bb estrena el lunes \u2018Atenci\u00f3n, ciclistas\u2019","author":{"@id":"https:\/\/candas365.es\/noticias\/author\/admin\/#author"},"publisher":{"@id":"https:\/\/candas365.es\/noticias\/#organization"},"image":{"@type":"ImageObject","url":"https:\/\/candas365.es\/noticias\/wp-content\/uploads\/2017\/11\/tele-ACC.jpg","width":1180,"height":664},"datePublished":"2017-11-04T19:30:59+01:00","dateModified":"2017-11-04T19:30:59+01:00","inLanguage":"es-ES","mainEntityOfPage":{"@id":"https:\/\/candas365.es\/noticias\/cronicas-estrena-el-lunes-atencion-ciclistas\/#webpage"},"isPartOf":{"@id":"https:\/\/candas365.es\/noticias\/cronicas-estrena-el-lunes-atencion-ciclistas\/#webpage"},"articleSection":"Agenda","dateline":"Publicado el noviembre 4, 2017."},{"@type":"Organization","@id":"https:\/\/candas365.es\/noticias\/#organization","name":"Cand\u00e1s 365","description":"Cand\u00e1s 365 es un diario digital independiente, fundado en 2012, con base en Asturias. Informamos con rigor sobre actualidad, sociedad, cultura y ocio, con una mirada local y global.","url":"https:\/\/candas365.es\/noticias\/","email":"info@candas365.es","telephone":"+34652131393","foundingDate":"2012-06-10","logo":{"@type":"ImageObject","url":"https:\/\/candas365.es\/noticias\/wp-content\/uploads\/2024\/09\/Candas-365-Redes.jpg","@id":"https:\/\/candas365.es\/noticias\/cronicas-estrena-el-lunes-atencion-ciclistas\/#organizationLogo","width":1152,"height":864,"caption":"Cand\u00e1s 365 Redes"},"image":{"@id":"https:\/\/candas365.es\/noticias\/cronicas-estrena-el-lunes-atencion-ciclistas\/#organizationLogo"},"sameAs":["https:\/\/www.facebook.com\/Nachofdezber","https:\/\/x.com\/NabercoDigital","https:\/\/www.instagram.com\/nachofdezber\/","https:\/\/www.youtube.com\/channel\/UCZP-2wLEB9Rv6erhFmqVnvg"],"address":{"@id":"https:\/\/candas365.es\/noticias\/#postaladdress","@type":"PostalAddress","streetAddress":"san antonio 4, san antonio 4","postalCode":"33430","addressLocality":"Cand\u00e1s","addressRegion":"Asturias","addressCountry":"ES"}},{"@type":"Person","@id":"https:\/\/candas365.es\/noticias\/author\/admin\/#author","url":"https:\/\/candas365.es\/noticias\/author\/admin\/","name":"Cand\u00e1s 365","image":{"@type":"ImageObject","@id":"https:\/\/candas365.es\/noticias\/cronicas-estrena-el-lunes-atencion-ciclistas\/#authorImage","url":"https:\/\/secure.gravatar.com\/avatar\/496a8e03d0c493ede1718b7934145dbdf8d89be1036b0eec9544e1094c9de390?s=96&d=mm&r=g","width":96,"height":96,"caption":"Cand\u00e1s 365"},"sameAs":["https:\/\/www.facebook.com\/carrenoactualidad","https:\/\/twitter.com\/nbasturias","https:\/\/www.instagram.com\/nachofdezber\/","https:\/\/www.youtube.com\/channel\/UCZP-2wLEB9Rv6erhFmqVnvg"]},{"@type":"WebPage","@id":"https:\/\/candas365.es\/noticias\/cronicas-estrena-el-lunes-atencion-ciclistas\/#webpage","url":"https:\/\/candas365.es\/noticias\/cronicas-estrena-el-lunes-atencion-ciclistas\/","name":"\u00abCr\u00f3nicas\u00bb estrena el lunes \u2018Atenci\u00f3n, ciclistas\u2019 | Cand\u00e1s 365","description":"\u2018Cr\u00f3nicas\u2019 estrena esta semana el reportaje \u2018Atenci\u00f3n, ciclistas\u2019 en el que revela c\u00f3mo este a\u00f1o ha aumentado el n\u00famero de ciclistas fallecidos. En los primeros nueve meses de 2017, han muerto 34, uno m\u00e1s que en todo 2016, s\u00f3lo en carretera. Ante la preocupaci\u00f3n y la demanda social, el Congreso trabaja para reformar el C\u00f3digo","inLanguage":"es-ES","isPartOf":{"@id":"https:\/\/candas365.es\/noticias\/#website"},"breadcrumb":{"@id":"https:\/\/candas365.es\/noticias\/cronicas-estrena-el-lunes-atencion-ciclistas\/#breadcrumblist"},"author":{"@id":"https:\/\/candas365.es\/noticias\/author\/admin\/#author"},"creator":{"@id":"https:\/\/candas365.es\/noticias\/author\/admin\/#author"},"image":{"@type":"ImageObject","url":"https:\/\/candas365.es\/noticias\/wp-content\/uploads\/2017\/11\/tele-ACC.jpg","@id":"https:\/\/candas365.es\/noticias\/cronicas-estrena-el-lunes-atencion-ciclistas\/#mainImage","width":1180,"height":664},"primaryImageOfPage":{"@id":"https:\/\/candas365.es\/noticias\/cronicas-estrena-el-lunes-atencion-ciclistas\/#mainImage"},"datePublished":"2017-11-04T19:30:59+01:00","dateModified":"2017-11-04T19:30:59+01:00"},{"@type":"WebSite","@id":"https:\/\/candas365.es\/noticias\/#website","url":"https:\/\/candas365.es\/noticias\/","name":"Cand\u00e1s 365","alternateName":"Cand\u00e1s 365 Noticias","description":"Actualidad desde Carre\u00f1o para el mundo","inLanguage":"es-ES","publisher":{"@id":"https:\/\/candas365.es\/noticias\/#organization"}}]},"og:locale":"es_ES","og:site_name":"Cand\u00e1s 365","og:type":"article","og:title":"\u00abCr\u00f3nicas\u00bb estrena el lunes \u2018Atenci\u00f3n, ciclistas\u2019 | Cand\u00e1s 365","og:description":"\u2018Cr\u00f3nicas\u2019 estrena esta semana el reportaje \u2018Atenci\u00f3n, ciclistas\u2019 en el que revela c\u00f3mo este a\u00f1o ha aumentado el n\u00famero de ciclistas fallecidos. En los primeros nueve meses de 2017, han muerto 34, uno m\u00e1s que en todo 2016, s\u00f3lo en carretera. Ante la preocupaci\u00f3n y la demanda social, el Congreso trabaja para reformar el C\u00f3digo","og:url":"https:\/\/candas365.es\/noticias\/cronicas-estrena-el-lunes-atencion-ciclistas\/","og:image":"https:\/\/candas365.es\/noticias\/wp-content\/uploads\/2017\/11\/tele-ACC.jpg","og:image:secure_url":"https:\/\/candas365.es\/noticias\/wp-content\/uploads\/2017\/11\/tele-ACC.jpg","og:image:width":1180,"og:image:height":664,"article:published_time":"2017-11-04T19:30:59+00:00","article:modified_time":"2017-11-04T19:30:59+00:00","article:publisher":"https:\/\/www.facebook.com\/Nachofdezber","article:author":"https:\/\/www.facebook.com\/carrenoactualidad","twitter:card":"summary_large_image","twitter:site":"@NabercoDigital","twitter:title":"\u00abCr\u00f3nicas\u00bb estrena el lunes \u2018Atenci\u00f3n, ciclistas\u2019 | Cand\u00e1s 365","twitter:description":"\u2018Cr\u00f3nicas\u2019 estrena esta semana el reportaje \u2018Atenci\u00f3n, ciclistas\u2019 en el que revela c\u00f3mo este a\u00f1o ha aumentado el n\u00famero de ciclistas fallecidos. En los primeros nueve meses de 2017, han muerto 34, uno m\u00e1s que en todo 2016, s\u00f3lo en carretera. Ante la preocupaci\u00f3n y la demanda social, el Congreso trabaja para reformar el C\u00f3digo","twitter:creator":"@nbasturias","twitter:image":"https:\/\/candas365.es\/noticias\/wp-content\/uploads\/2017\/11\/tele-ACC.jpg","twitter:label1":"Escrito por","twitter:data1":"Cand\u00e1s 365","twitter:label2":"Tiempo de lectura estimado","twitter:data2":"2 minutos"},"aioseo_meta_data":{"post_id":"83462","title":null,"description":null,"keywords":null,"keyphrases":null,"primary_term":null,"canonical_url":null,"og_title":null,"og_description":null,"og_object_type":"default","og_image_type":"default","og_image_url":null,"og_image_width":null,"og_image_height":null,"og_image_custom_url":null,"og_image_custom_fields":null,"og_video":null,"og_custom_url":null,"og_article_section":null,"og_article_tags":null,"twitter_use_og":false,"twitter_card":"default","twitter_image_type":"default","twitter_image_url":null,"twitter_image_custom_url":null,"twitter_image_custom_fields":null,"twitter_title":null,"twitter_description":null,"schema":{"blockGraphs":[],"customGraphs":[],"default":{"data":{"Article":[],"Course":[],"Dataset":[],"FAQPage":[],"Movie":[],"Person":[],"Product":[],"ProductReview":[],"Car":[],"Recipe":[],"Service":[],"SoftwareApplication":[],"WebPage":[]},"graphName":"","isEnabled":true},"graphs":[],"defaultGraph":"","defaultPostTypeGraph":""},"schema_type":null,"schema_type_options":null,"pillar_content":false,"robots_default":true,"robots_noindex":false,"robots_noarchive":false,"robots_nosnippet":false,"robots_nofollow":false,"robots_noimageindex":false,"robots_noodp":false,"robots_notranslate":false,"robots_max_snippet":null,"robots_max_videopreview":null,"robots_max_imagepreview":"large","priority":null,"frequency":null,"location":null,"local_seo":null,"seo_analyzer_scan_date":"2025-08-26 04:19:08","breadcrumb_settings":null,"limit_modified_date":false,"reviewed_by":null,"open_ai":null,"ai":null,"created":"2020-12-21 12:31:00","updated":"2025-08-26 04:19:08"},"aioseo_breadcrumb":"<div class=\"aioseo-breadcrumbs\"><span class=\"aioseo-breadcrumb\">\n\t<a href=\"https:\/\/candas365.es\/noticias\" title=\"Home\">Home<\/a>\n<\/span><span class=\"aioseo-breadcrumb-separator\">&ndash;<\/span><span class=\"aioseo-breadcrumb\">\n\t<a href=\"https:\/\/candas365.es\/noticias\/category\/agenda\/\" title=\"Agenda\">Agenda<\/a>\n<\/span><span class=\"aioseo-breadcrumb-separator\">&ndash;<\/span><span class=\"aioseo-breadcrumb\">\n\t\u00abCr\u00f3nicas\u00bb estrena el lunes \u2018Atenci\u00f3n, ciclistas\u2019\n<\/span><\/div>","aioseo_breadcrumb_json":[{"label":"Home","link":"https:\/\/candas365.es\/noticias"},{"label":"Agenda","link":"https:\/\/candas365.es\/noticias\/category\/agenda\/"},{"label":"\u00abCr\u00f3nicas\u00bb estrena el lunes \u2018Atenci\u00f3n, ciclistas\u2019","link":"https:\/\/candas365.es\/noticias\/cronicas-estrena-el-lunes-atencion-ciclistas\/"}],"_links":{"self":[{"href":"https:\/\/candas365.es\/noticias\/wp-json\/wp\/v2\/posts\/83462","targetHints":{"allow":["GET"]}}],"collection":[{"href":"https:\/\/candas365.es\/noticias\/wp-json\/wp\/v2\/posts"}],"about":[{"href":"https:\/\/candas365.es\/noticias\/wp-json\/wp\/v2\/types\/post"}],"author":[{"embeddable":true,"href":"https:\/\/candas365.es\/noticias\/wp-json\/wp\/v2\/users\/1"}],"replies":[{"embeddable":true,"href":"https:\/\/candas365.es\/noticias\/wp-json\/wp\/v2\/comments?post=83462"}],"version-history":[{"count":0,"href":"https:\/\/candas365.es\/noticias\/wp-json\/wp\/v2\/posts\/83462\/revisions"}],"wp:featuredmedia":[{"embeddable":true,"href":"https:\/\/candas365.es\/noticias\/wp-json\/wp\/v2\/media\/83463"}],"wp:attachment":[{"href":"https:\/\/candas365.es\/noticias\/wp-json\/wp\/v2\/media?parent=83462"}],"wp:term":[{"taxonomy":"category","embeddable":true,"href":"https:\/\/candas365.es\/noticias\/wp-json\/wp\/v2\/categories?post=83462"},{"taxonomy":"post_tag","embeddable":true,"href":"https:\/\/candas365.es\/noticias\/wp-json\/wp\/v2\/tags?post=83462"}],"curies":[{"name":"wp","href":"https:\/\/api.w.org\/{rel}","templated":true}]}}