{"id":83119,"date":"2017-10-30T14:40:32","date_gmt":"2017-10-30T14:40:32","guid":{"rendered":"http:\/\/candas365.es\/noticias\/?p=83119"},"modified":"2017-10-30T14:40:32","modified_gmt":"2017-10-30T14:40:32","slug":"aniversario-del-coro-leon-de-oro-en-la-iglesia-de-la-laboral","status":"publish","type":"post","link":"https:\/\/candas365.es\/noticias\/aniversario-del-coro-leon-de-oro-en-la-iglesia-de-la-laboral\/","title":{"rendered":"Aniversario del Coro Le\u00f3n de Oro en la Iglesia de la Laboral"},"content":{"rendered":"<p><img fetchpriority=\"high\" decoding=\"async\" class=\"alignleft size-medium wp-image-75251\" src=\"https:\/\/candas365.es\/noticias\/wp-content\/uploads\/2017\/07\/music-278795_960_720-360x254.jpg\" alt=\"\" width=\"360\" height=\"254\" srcset=\"https:\/\/candas365.es\/noticias\/wp-content\/uploads\/2017\/07\/music-278795_960_720-360x254.jpg 360w, https:\/\/candas365.es\/noticias\/wp-content\/uploads\/2017\/07\/music-278795_960_720-768x542.jpg 768w, https:\/\/candas365.es\/noticias\/wp-content\/uploads\/2017\/07\/music-278795_960_720-655x463.jpg 655w, https:\/\/candas365.es\/noticias\/wp-content\/uploads\/2017\/07\/music-278795_960_720-100x70.jpg 100w, https:\/\/candas365.es\/noticias\/wp-content\/uploads\/2017\/07\/music-278795_960_720-696x492.jpg 696w, https:\/\/candas365.es\/noticias\/wp-content\/uploads\/2017\/07\/music-278795_960_720-595x420.jpg 595w, https:\/\/candas365.es\/noticias\/wp-content\/uploads\/2017\/07\/music-278795_960_720.jpg 960w\" sizes=\"(max-width: 360px) 100vw, 360px\" \/>El s\u00e1bado 4 de noviembre, a las 19:30 horas, el proyecto coral El Le\u00f3n de Oro celebrar\u00e1 sus 20 a\u00f1os de trayectoria con un concierto en la Iglesia de la Laboral.<\/p>\n<p>Este concierto es uno de los actos centrales de esta efem\u00e9ride y presenta juntas a las tres formaciones que componen el proyecto: el coro de adultos (LDO), el coro femenino (AURUM) y el coro infantil (PLDO), todos ellos galardonados en m\u00faltiples ocasiones y dirigidos por Marco Antonio Garc\u00eda de Paz y Elena Rosso. Adem\u00e1s, la gala contar\u00e1 con la participaci\u00f3n del maestro Peter Phillips, el prestigioso fundador y director de The Tallis Scholars, que dirigir\u00e1 parte del programa. El evento servir\u00e1 tambi\u00e9n para realizar el nombramiento oficial del excepcional m\u00fasico brit\u00e1nico como Director Honorifico de \u201cEl Le\u00f3n de Oro\u201d.<\/p>\n<p>El concierto es gratuito previa retirada de invitaci\u00f3n en la Recepci\u00f3n de la Laboral, la Oficina de Informaci\u00f3n Tur\u00edstica de Asturias en Oviedo y el Centro Niemeyer en Avil\u00e9s. El aforo es limitado.<\/p>\n","protected":false},"excerpt":{"rendered":"<p>El s\u00e1bado 4 de noviembre, a las 19:30 horas, el proyecto coral El Le\u00f3n de Oro celebrar\u00e1 sus 20 a\u00f1os de trayectoria con un concierto en la Iglesia de la Laboral. Este concierto es uno de los actos centrales de esta efem\u00e9ride y presenta juntas a las tres formaciones que componen el proyecto: el coro<\/p>\n","protected":false},"author":1,"featured_media":75251,"comment_status":"closed","ping_status":"closed","sticky":false,"template":"","format":"standard","meta":{"footnotes":""},"categories":[1],"tags":[],"class_list":{"0":"post-83119","1":"post","2":"type-post","3":"status-publish","4":"format-standard","5":"has-post-thumbnail","7":"category-agenda"},"aioseo_notices":[],"aioseo_head":"\n\t\t<!-- All in One SEO Pro 4.9.6.2 - aioseo.com -->\n\t<meta name=\"description\" content=\"El s\u00e1bado 4 de noviembre, a las 19:30 horas, el proyecto coral El Le\u00f3n de Oro celebrar\u00e1 sus 20 a\u00f1os de trayectoria con un concierto en la Iglesia de la Laboral. Este concierto es uno de los actos centrales de esta efem\u00e9ride y presenta juntas a las tres formaciones que componen el proyecto: el coro\" \/>\n\t<meta name=\"robots\" content=\"max-image-preview:large\" \/>\n\t<meta name=\"author\" content=\"Cand\u00e1s 365\"\/>\n\t<meta name=\"google-site-verification\" content=\"UA-32230408-1\" \/>\n\t<meta name=\"msvalidate.01\" content=\"354F3CDFB2DA171B47FBE9ABF1F88D5\" \/>\n\t<meta name=\"keywords\" content=\"agenda\" \/>\n\t<link rel=\"canonical\" href=\"https:\/\/candas365.es\/noticias\/aniversario-del-coro-leon-de-oro-en-la-iglesia-de-la-laboral\/\" \/>\n\t<meta name=\"generator\" content=\"All in One SEO Pro (AIOSEO) 4.9.6.2\" \/>\n\t\t<meta property=\"og:locale\" content=\"es_ES\" \/>\n\t\t<meta property=\"og:site_name\" content=\"Cand\u00e1s 365\" \/>\n\t\t<meta property=\"og:type\" content=\"article\" \/>\n\t\t<meta property=\"og:title\" content=\"Aniversario del Coro Le\u00f3n de Oro en la Iglesia de la Laboral | Cand\u00e1s 365\" \/>\n\t\t<meta property=\"og:description\" content=\"El s\u00e1bado 4 de noviembre, a las 19:30 horas, el proyecto coral El Le\u00f3n de Oro celebrar\u00e1 sus 20 a\u00f1os de trayectoria con un concierto en la Iglesia de la Laboral. Este concierto es uno de los actos centrales de esta efem\u00e9ride y presenta juntas a las tres formaciones que componen el proyecto: el coro\" \/>\n\t\t<meta property=\"og:url\" content=\"https:\/\/candas365.es\/noticias\/aniversario-del-coro-leon-de-oro-en-la-iglesia-de-la-laboral\/\" \/>\n\t\t<meta property=\"og:image\" content=\"https:\/\/candas365.es\/noticias\/wp-content\/uploads\/2017\/07\/music-278795_960_720.jpg\" \/>\n\t\t<meta property=\"og:image:secure_url\" content=\"https:\/\/candas365.es\/noticias\/wp-content\/uploads\/2017\/07\/music-278795_960_720.jpg\" \/>\n\t\t<meta property=\"og:image:width\" content=\"960\" \/>\n\t\t<meta property=\"og:image:height\" content=\"678\" \/>\n\t\t<meta property=\"article:published_time\" content=\"2017-10-30T14:40:32+00:00\" \/>\n\t\t<meta property=\"article:modified_time\" content=\"2017-10-30T14:40:32+00:00\" \/>\n\t\t<meta property=\"article:publisher\" content=\"https:\/\/www.facebook.com\/Nachofdezber\" \/>\n\t\t<meta property=\"article:author\" content=\"https:\/\/www.facebook.com\/carrenoactualidad\" \/>\n\t\t<meta name=\"twitter:card\" content=\"summary_large_image\" \/>\n\t\t<meta name=\"twitter:site\" content=\"@NabercoDigital\" \/>\n\t\t<meta name=\"twitter:title\" content=\"Aniversario del Coro Le\u00f3n de Oro en la Iglesia de la Laboral | Cand\u00e1s 365\" \/>\n\t\t<meta name=\"twitter:description\" content=\"El s\u00e1bado 4 de noviembre, a las 19:30 horas, el proyecto coral El Le\u00f3n de Oro celebrar\u00e1 sus 20 a\u00f1os de trayectoria con un concierto en la Iglesia de la Laboral. Este concierto es uno de los actos centrales de esta efem\u00e9ride y presenta juntas a las tres formaciones que componen el proyecto: el coro\" \/>\n\t\t<meta name=\"twitter:creator\" content=\"@nbasturias\" \/>\n\t\t<meta name=\"twitter:image\" content=\"https:\/\/candas365.es\/noticias\/wp-content\/uploads\/2017\/07\/music-278795_960_720.jpg\" \/>\n\t\t<meta name=\"twitter:label1\" content=\"Escrito por\" \/>\n\t\t<meta name=\"twitter:data1\" content=\"Cand\u00e1s 365\" \/>\n\t\t<meta name=\"twitter:label2\" content=\"Tiempo de lectura estimado\" \/>\n\t\t<meta name=\"twitter:data2\" content=\"1 minuto\" \/>\n\t\t<script type=\"application\/ld+json\" class=\"aioseo-schema\">\n\t\t\t{\"@context\":\"https:\\\/\\\/schema.org\",\"@graph\":[{\"@type\":\"BreadcrumbList\",\"@id\":\"https:\\\/\\\/candas365.es\\\/noticias\\\/aniversario-del-coro-leon-de-oro-en-la-iglesia-de-la-laboral\\\/#breadcrumblist\",\"itemListElement\":[{\"@type\":\"ListItem\",\"@id\":\"https:\\\/\\\/candas365.es\\\/noticias#listItem\",\"position\":1,\"name\":\"Home\",\"item\":\"https:\\\/\\\/candas365.es\\\/noticias\",\"nextItem\":{\"@type\":\"ListItem\",\"@id\":\"https:\\\/\\\/candas365.es\\\/noticias\\\/category\\\/agenda\\\/#listItem\",\"name\":\"Agenda\"}},{\"@type\":\"ListItem\",\"@id\":\"https:\\\/\\\/candas365.es\\\/noticias\\\/category\\\/agenda\\\/#listItem\",\"position\":2,\"name\":\"Agenda\",\"item\":\"https:\\\/\\\/candas365.es\\\/noticias\\\/category\\\/agenda\\\/\",\"nextItem\":{\"@type\":\"ListItem\",\"@id\":\"https:\\\/\\\/candas365.es\\\/noticias\\\/aniversario-del-coro-leon-de-oro-en-la-iglesia-de-la-laboral\\\/#listItem\",\"name\":\"Aniversario del Coro Le\\u00f3n de Oro en la Iglesia de la Laboral\"},\"previousItem\":{\"@type\":\"ListItem\",\"@id\":\"https:\\\/\\\/candas365.es\\\/noticias#listItem\",\"name\":\"Home\"}},{\"@type\":\"ListItem\",\"@id\":\"https:\\\/\\\/candas365.es\\\/noticias\\\/aniversario-del-coro-leon-de-oro-en-la-iglesia-de-la-laboral\\\/#listItem\",\"position\":3,\"name\":\"Aniversario del Coro Le\\u00f3n de Oro en la Iglesia de la Laboral\",\"previousItem\":{\"@type\":\"ListItem\",\"@id\":\"https:\\\/\\\/candas365.es\\\/noticias\\\/category\\\/agenda\\\/#listItem\",\"name\":\"Agenda\"}}]},{\"@type\":\"NewsArticle\",\"@id\":\"https:\\\/\\\/candas365.es\\\/noticias\\\/aniversario-del-coro-leon-de-oro-en-la-iglesia-de-la-laboral\\\/#newsarticle\",\"name\":\"Aniversario del Coro Le\\u00f3n de Oro en la Iglesia de la Laboral | Cand\\u00e1s 365\",\"headline\":\"Aniversario del Coro Le\\u00f3n de Oro en la Iglesia de la Laboral\",\"author\":{\"@id\":\"https:\\\/\\\/candas365.es\\\/noticias\\\/author\\\/admin\\\/#author\"},\"publisher\":{\"@id\":\"https:\\\/\\\/candas365.es\\\/noticias\\\/#organization\"},\"image\":{\"@type\":\"ImageObject\",\"url\":\"https:\\\/\\\/candas365.es\\\/noticias\\\/wp-content\\\/uploads\\\/2017\\\/07\\\/music-278795_960_720.jpg\",\"width\":960,\"height\":678},\"datePublished\":\"2017-10-30T14:40:32+01:00\",\"dateModified\":\"2017-10-30T14:40:32+01:00\",\"inLanguage\":\"es-ES\",\"mainEntityOfPage\":{\"@id\":\"https:\\\/\\\/candas365.es\\\/noticias\\\/aniversario-del-coro-leon-de-oro-en-la-iglesia-de-la-laboral\\\/#webpage\"},\"isPartOf\":{\"@id\":\"https:\\\/\\\/candas365.es\\\/noticias\\\/aniversario-del-coro-leon-de-oro-en-la-iglesia-de-la-laboral\\\/#webpage\"},\"articleSection\":\"Agenda\",\"dateline\":\"Publicado el octubre 30, 2017.\"},{\"@type\":\"Organization\",\"@id\":\"https:\\\/\\\/candas365.es\\\/noticias\\\/#organization\",\"name\":\"Cand\\u00e1s 365\",\"description\":\"Cand\\u00e1s 365 es un diario digital independiente, fundado en 2012, con base en Asturias. Informamos con rigor sobre actualidad, sociedad, cultura y ocio, con una mirada local y global.\",\"url\":\"https:\\\/\\\/candas365.es\\\/noticias\\\/\",\"email\":\"info@candas365.es\",\"telephone\":\"+34652131393\",\"foundingDate\":\"2012-06-10\",\"logo\":{\"@type\":\"ImageObject\",\"url\":\"https:\\\/\\\/candas365.es\\\/noticias\\\/wp-content\\\/uploads\\\/2024\\\/09\\\/Candas-365-Redes.jpg\",\"@id\":\"https:\\\/\\\/candas365.es\\\/noticias\\\/aniversario-del-coro-leon-de-oro-en-la-iglesia-de-la-laboral\\\/#organizationLogo\",\"width\":1152,\"height\":864,\"caption\":\"Cand\\u00e1s 365 Redes\"},\"image\":{\"@id\":\"https:\\\/\\\/candas365.es\\\/noticias\\\/aniversario-del-coro-leon-de-oro-en-la-iglesia-de-la-laboral\\\/#organizationLogo\"},\"sameAs\":[\"https:\\\/\\\/www.facebook.com\\\/Nachofdezber\",\"https:\\\/\\\/x.com\\\/NabercoDigital\",\"https:\\\/\\\/www.instagram.com\\\/nachofdezber\\\/\",\"https:\\\/\\\/www.youtube.com\\\/channel\\\/UCZP-2wLEB9Rv6erhFmqVnvg\"],\"address\":{\"@id\":\"https:\\\/\\\/candas365.es\\\/noticias\\\/#postaladdress\",\"@type\":\"PostalAddress\",\"streetAddress\":\"san antonio 4, san antonio 4\",\"postalCode\":\"33430\",\"addressLocality\":\"Cand\\u00e1s\",\"addressRegion\":\"Asturias\",\"addressCountry\":\"ES\"}},{\"@type\":\"Person\",\"@id\":\"https:\\\/\\\/candas365.es\\\/noticias\\\/author\\\/admin\\\/#author\",\"url\":\"https:\\\/\\\/candas365.es\\\/noticias\\\/author\\\/admin\\\/\",\"name\":\"Cand\\u00e1s 365\",\"image\":{\"@type\":\"ImageObject\",\"@id\":\"https:\\\/\\\/candas365.es\\\/noticias\\\/aniversario-del-coro-leon-de-oro-en-la-iglesia-de-la-laboral\\\/#authorImage\",\"url\":\"https:\\\/\\\/secure.gravatar.com\\\/avatar\\\/496a8e03d0c493ede1718b7934145dbdf8d89be1036b0eec9544e1094c9de390?s=96&d=mm&r=g\",\"width\":96,\"height\":96,\"caption\":\"Cand\\u00e1s 365\"},\"sameAs\":[\"https:\\\/\\\/www.facebook.com\\\/carrenoactualidad\",\"https:\\\/\\\/twitter.com\\\/nbasturias\",\"https:\\\/\\\/www.instagram.com\\\/nachofdezber\\\/\",\"https:\\\/\\\/www.youtube.com\\\/channel\\\/UCZP-2wLEB9Rv6erhFmqVnvg\"]},{\"@type\":\"WebPage\",\"@id\":\"https:\\\/\\\/candas365.es\\\/noticias\\\/aniversario-del-coro-leon-de-oro-en-la-iglesia-de-la-laboral\\\/#webpage\",\"url\":\"https:\\\/\\\/candas365.es\\\/noticias\\\/aniversario-del-coro-leon-de-oro-en-la-iglesia-de-la-laboral\\\/\",\"name\":\"Aniversario del Coro Le\\u00f3n de Oro en la Iglesia de la Laboral | Cand\\u00e1s 365\",\"description\":\"El s\\u00e1bado 4 de noviembre, a las 19:30 horas, el proyecto coral El Le\\u00f3n de Oro celebrar\\u00e1 sus 20 a\\u00f1os de trayectoria con un concierto en la Iglesia de la Laboral. Este concierto es uno de los actos centrales de esta efem\\u00e9ride y presenta juntas a las tres formaciones que componen el proyecto: el coro\",\"inLanguage\":\"es-ES\",\"isPartOf\":{\"@id\":\"https:\\\/\\\/candas365.es\\\/noticias\\\/#website\"},\"breadcrumb\":{\"@id\":\"https:\\\/\\\/candas365.es\\\/noticias\\\/aniversario-del-coro-leon-de-oro-en-la-iglesia-de-la-laboral\\\/#breadcrumblist\"},\"author\":{\"@id\":\"https:\\\/\\\/candas365.es\\\/noticias\\\/author\\\/admin\\\/#author\"},\"creator\":{\"@id\":\"https:\\\/\\\/candas365.es\\\/noticias\\\/author\\\/admin\\\/#author\"},\"image\":{\"@type\":\"ImageObject\",\"url\":\"https:\\\/\\\/candas365.es\\\/noticias\\\/wp-content\\\/uploads\\\/2017\\\/07\\\/music-278795_960_720.jpg\",\"@id\":\"https:\\\/\\\/candas365.es\\\/noticias\\\/aniversario-del-coro-leon-de-oro-en-la-iglesia-de-la-laboral\\\/#mainImage\",\"width\":960,\"height\":678},\"primaryImageOfPage\":{\"@id\":\"https:\\\/\\\/candas365.es\\\/noticias\\\/aniversario-del-coro-leon-de-oro-en-la-iglesia-de-la-laboral\\\/#mainImage\"},\"datePublished\":\"2017-10-30T14:40:32+01:00\",\"dateModified\":\"2017-10-30T14:40:32+01:00\"},{\"@type\":\"WebSite\",\"@id\":\"https:\\\/\\\/candas365.es\\\/noticias\\\/#website\",\"url\":\"https:\\\/\\\/candas365.es\\\/noticias\\\/\",\"name\":\"Cand\\u00e1s 365\",\"alternateName\":\"Cand\\u00e1s 365 Noticias\",\"description\":\"Actualidad desde Carre\\u00f1o para el mundo\",\"inLanguage\":\"es-ES\",\"publisher\":{\"@id\":\"https:\\\/\\\/candas365.es\\\/noticias\\\/#organization\"}}]}\n\t\t<\/script>\n\t\t<!-- All in One SEO Pro -->\r\n\t\t<title>Aniversario del Coro Le\u00f3n de Oro en la Iglesia de la Laboral | Cand\u00e1s 365<\/title>\n\n","aioseo_head_json":{"title":"Aniversario del Coro Le\u00f3n de Oro en la Iglesia de la Laboral | Cand\u00e1s 365","description":"El s\u00e1bado 4 de noviembre, a las 19:30 horas, el proyecto coral El Le\u00f3n de Oro celebrar\u00e1 sus 20 a\u00f1os de trayectoria con un concierto en la Iglesia de la Laboral. Este concierto es uno de los actos centrales de esta efem\u00e9ride y presenta juntas a las tres formaciones que componen el proyecto: el coro","canonical_url":"https:\/\/candas365.es\/noticias\/aniversario-del-coro-leon-de-oro-en-la-iglesia-de-la-laboral\/","robots":"max-image-preview:large","keywords":"agenda","webmasterTools":{"google-site-verification":"UA-32230408-1","msvalidate.01":"354F3CDFB2DA171B47FBE9ABF1F88D5","miscellaneous":""},"schema":{"@context":"https:\/\/schema.org","@graph":[{"@type":"BreadcrumbList","@id":"https:\/\/candas365.es\/noticias\/aniversario-del-coro-leon-de-oro-en-la-iglesia-de-la-laboral\/#breadcrumblist","itemListElement":[{"@type":"ListItem","@id":"https:\/\/candas365.es\/noticias#listItem","position":1,"name":"Home","item":"https:\/\/candas365.es\/noticias","nextItem":{"@type":"ListItem","@id":"https:\/\/candas365.es\/noticias\/category\/agenda\/#listItem","name":"Agenda"}},{"@type":"ListItem","@id":"https:\/\/candas365.es\/noticias\/category\/agenda\/#listItem","position":2,"name":"Agenda","item":"https:\/\/candas365.es\/noticias\/category\/agenda\/","nextItem":{"@type":"ListItem","@id":"https:\/\/candas365.es\/noticias\/aniversario-del-coro-leon-de-oro-en-la-iglesia-de-la-laboral\/#listItem","name":"Aniversario del Coro Le\u00f3n de Oro en la Iglesia de la Laboral"},"previousItem":{"@type":"ListItem","@id":"https:\/\/candas365.es\/noticias#listItem","name":"Home"}},{"@type":"ListItem","@id":"https:\/\/candas365.es\/noticias\/aniversario-del-coro-leon-de-oro-en-la-iglesia-de-la-laboral\/#listItem","position":3,"name":"Aniversario del Coro Le\u00f3n de Oro en la Iglesia de la Laboral","previousItem":{"@type":"ListItem","@id":"https:\/\/candas365.es\/noticias\/category\/agenda\/#listItem","name":"Agenda"}}]},{"@type":"NewsArticle","@id":"https:\/\/candas365.es\/noticias\/aniversario-del-coro-leon-de-oro-en-la-iglesia-de-la-laboral\/#newsarticle","name":"Aniversario del Coro Le\u00f3n de Oro en la Iglesia de la Laboral | Cand\u00e1s 365","headline":"Aniversario del Coro Le\u00f3n de Oro en la Iglesia de la Laboral","author":{"@id":"https:\/\/candas365.es\/noticias\/author\/admin\/#author"},"publisher":{"@id":"https:\/\/candas365.es\/noticias\/#organization"},"image":{"@type":"ImageObject","url":"https:\/\/candas365.es\/noticias\/wp-content\/uploads\/2017\/07\/music-278795_960_720.jpg","width":960,"height":678},"datePublished":"2017-10-30T14:40:32+01:00","dateModified":"2017-10-30T14:40:32+01:00","inLanguage":"es-ES","mainEntityOfPage":{"@id":"https:\/\/candas365.es\/noticias\/aniversario-del-coro-leon-de-oro-en-la-iglesia-de-la-laboral\/#webpage"},"isPartOf":{"@id":"https:\/\/candas365.es\/noticias\/aniversario-del-coro-leon-de-oro-en-la-iglesia-de-la-laboral\/#webpage"},"articleSection":"Agenda","dateline":"Publicado el octubre 30, 2017."},{"@type":"Organization","@id":"https:\/\/candas365.es\/noticias\/#organization","name":"Cand\u00e1s 365","description":"Cand\u00e1s 365 es un diario digital independiente, fundado en 2012, con base en Asturias. Informamos con rigor sobre actualidad, sociedad, cultura y ocio, con una mirada local y global.","url":"https:\/\/candas365.es\/noticias\/","email":"info@candas365.es","telephone":"+34652131393","foundingDate":"2012-06-10","logo":{"@type":"ImageObject","url":"https:\/\/candas365.es\/noticias\/wp-content\/uploads\/2024\/09\/Candas-365-Redes.jpg","@id":"https:\/\/candas365.es\/noticias\/aniversario-del-coro-leon-de-oro-en-la-iglesia-de-la-laboral\/#organizationLogo","width":1152,"height":864,"caption":"Cand\u00e1s 365 Redes"},"image":{"@id":"https:\/\/candas365.es\/noticias\/aniversario-del-coro-leon-de-oro-en-la-iglesia-de-la-laboral\/#organizationLogo"},"sameAs":["https:\/\/www.facebook.com\/Nachofdezber","https:\/\/x.com\/NabercoDigital","https:\/\/www.instagram.com\/nachofdezber\/","https:\/\/www.youtube.com\/channel\/UCZP-2wLEB9Rv6erhFmqVnvg"],"address":{"@id":"https:\/\/candas365.es\/noticias\/#postaladdress","@type":"PostalAddress","streetAddress":"san antonio 4, san antonio 4","postalCode":"33430","addressLocality":"Cand\u00e1s","addressRegion":"Asturias","addressCountry":"ES"}},{"@type":"Person","@id":"https:\/\/candas365.es\/noticias\/author\/admin\/#author","url":"https:\/\/candas365.es\/noticias\/author\/admin\/","name":"Cand\u00e1s 365","image":{"@type":"ImageObject","@id":"https:\/\/candas365.es\/noticias\/aniversario-del-coro-leon-de-oro-en-la-iglesia-de-la-laboral\/#authorImage","url":"https:\/\/secure.gravatar.com\/avatar\/496a8e03d0c493ede1718b7934145dbdf8d89be1036b0eec9544e1094c9de390?s=96&d=mm&r=g","width":96,"height":96,"caption":"Cand\u00e1s 365"},"sameAs":["https:\/\/www.facebook.com\/carrenoactualidad","https:\/\/twitter.com\/nbasturias","https:\/\/www.instagram.com\/nachofdezber\/","https:\/\/www.youtube.com\/channel\/UCZP-2wLEB9Rv6erhFmqVnvg"]},{"@type":"WebPage","@id":"https:\/\/candas365.es\/noticias\/aniversario-del-coro-leon-de-oro-en-la-iglesia-de-la-laboral\/#webpage","url":"https:\/\/candas365.es\/noticias\/aniversario-del-coro-leon-de-oro-en-la-iglesia-de-la-laboral\/","name":"Aniversario del Coro Le\u00f3n de Oro en la Iglesia de la Laboral | Cand\u00e1s 365","description":"El s\u00e1bado 4 de noviembre, a las 19:30 horas, el proyecto coral El Le\u00f3n de Oro celebrar\u00e1 sus 20 a\u00f1os de trayectoria con un concierto en la Iglesia de la Laboral. Este concierto es uno de los actos centrales de esta efem\u00e9ride y presenta juntas a las tres formaciones que componen el proyecto: el coro","inLanguage":"es-ES","isPartOf":{"@id":"https:\/\/candas365.es\/noticias\/#website"},"breadcrumb":{"@id":"https:\/\/candas365.es\/noticias\/aniversario-del-coro-leon-de-oro-en-la-iglesia-de-la-laboral\/#breadcrumblist"},"author":{"@id":"https:\/\/candas365.es\/noticias\/author\/admin\/#author"},"creator":{"@id":"https:\/\/candas365.es\/noticias\/author\/admin\/#author"},"image":{"@type":"ImageObject","url":"https:\/\/candas365.es\/noticias\/wp-content\/uploads\/2017\/07\/music-278795_960_720.jpg","@id":"https:\/\/candas365.es\/noticias\/aniversario-del-coro-leon-de-oro-en-la-iglesia-de-la-laboral\/#mainImage","width":960,"height":678},"primaryImageOfPage":{"@id":"https:\/\/candas365.es\/noticias\/aniversario-del-coro-leon-de-oro-en-la-iglesia-de-la-laboral\/#mainImage"},"datePublished":"2017-10-30T14:40:32+01:00","dateModified":"2017-10-30T14:40:32+01:00"},{"@type":"WebSite","@id":"https:\/\/candas365.es\/noticias\/#website","url":"https:\/\/candas365.es\/noticias\/","name":"Cand\u00e1s 365","alternateName":"Cand\u00e1s 365 Noticias","description":"Actualidad desde Carre\u00f1o para el mundo","inLanguage":"es-ES","publisher":{"@id":"https:\/\/candas365.es\/noticias\/#organization"}}]},"og:locale":"es_ES","og:site_name":"Cand\u00e1s 365","og:type":"article","og:title":"Aniversario del Coro Le\u00f3n de Oro en la Iglesia de la Laboral | Cand\u00e1s 365","og:description":"El s\u00e1bado 4 de noviembre, a las 19:30 horas, el proyecto coral El Le\u00f3n de Oro celebrar\u00e1 sus 20 a\u00f1os de trayectoria con un concierto en la Iglesia de la Laboral. Este concierto es uno de los actos centrales de esta efem\u00e9ride y presenta juntas a las tres formaciones que componen el proyecto: el coro","og:url":"https:\/\/candas365.es\/noticias\/aniversario-del-coro-leon-de-oro-en-la-iglesia-de-la-laboral\/","og:image":"https:\/\/candas365.es\/noticias\/wp-content\/uploads\/2017\/07\/music-278795_960_720.jpg","og:image:secure_url":"https:\/\/candas365.es\/noticias\/wp-content\/uploads\/2017\/07\/music-278795_960_720.jpg","og:image:width":960,"og:image:height":678,"article:published_time":"2017-10-30T14:40:32+00:00","article:modified_time":"2017-10-30T14:40:32+00:00","article:publisher":"https:\/\/www.facebook.com\/Nachofdezber","article:author":"https:\/\/www.facebook.com\/carrenoactualidad","twitter:card":"summary_large_image","twitter:site":"@NabercoDigital","twitter:title":"Aniversario del Coro Le\u00f3n de Oro en la Iglesia de la Laboral | Cand\u00e1s 365","twitter:description":"El s\u00e1bado 4 de noviembre, a las 19:30 horas, el proyecto coral El Le\u00f3n de Oro celebrar\u00e1 sus 20 a\u00f1os de trayectoria con un concierto en la Iglesia de la Laboral. Este concierto es uno de los actos centrales de esta efem\u00e9ride y presenta juntas a las tres formaciones que componen el proyecto: el coro","twitter:creator":"@nbasturias","twitter:image":"https:\/\/candas365.es\/noticias\/wp-content\/uploads\/2017\/07\/music-278795_960_720.jpg","twitter:label1":"Escrito por","twitter:data1":"Cand\u00e1s 365","twitter:label2":"Tiempo de lectura estimado","twitter:data2":"1 minuto"},"aioseo_meta_data":{"post_id":"83119","title":null,"description":null,"keywords":null,"keyphrases":null,"primary_term":null,"canonical_url":null,"og_title":null,"og_description":null,"og_object_type":"default","og_image_type":"default","og_image_url":null,"og_image_width":null,"og_image_height":null,"og_image_custom_url":null,"og_image_custom_fields":null,"og_video":null,"og_custom_url":null,"og_article_section":null,"og_article_tags":null,"twitter_use_og":false,"twitter_card":"default","twitter_image_type":"default","twitter_image_url":null,"twitter_image_custom_url":null,"twitter_image_custom_fields":null,"twitter_title":null,"twitter_description":null,"schema":{"blockGraphs":[],"customGraphs":[],"default":{"data":{"Article":[],"Course":[],"Dataset":[],"FAQPage":[],"Movie":[],"Person":[],"Product":[],"ProductReview":[],"Car":[],"Recipe":[],"Service":[],"SoftwareApplication":[],"WebPage":[]},"graphName":"","isEnabled":true},"graphs":[],"defaultGraph":"","defaultPostTypeGraph":""},"schema_type":null,"schema_type_options":null,"pillar_content":false,"robots_default":true,"robots_noindex":false,"robots_noarchive":false,"robots_nosnippet":false,"robots_nofollow":false,"robots_noimageindex":false,"robots_noodp":false,"robots_notranslate":false,"robots_max_snippet":null,"robots_max_videopreview":null,"robots_max_imagepreview":"large","priority":null,"frequency":null,"location":null,"local_seo":null,"seo_analyzer_scan_date":"2025-08-26 03:53:17","breadcrumb_settings":null,"limit_modified_date":false,"reviewed_by":null,"open_ai":null,"ai":null,"created":"2020-12-21 12:32:55","updated":"2025-08-26 03:53:17"},"aioseo_breadcrumb":"<div class=\"aioseo-breadcrumbs\"><span class=\"aioseo-breadcrumb\">\n\t<a href=\"https:\/\/candas365.es\/noticias\" title=\"Home\">Home<\/a>\n<\/span><span class=\"aioseo-breadcrumb-separator\">&ndash;<\/span><span class=\"aioseo-breadcrumb\">\n\t<a href=\"https:\/\/candas365.es\/noticias\/category\/agenda\/\" title=\"Agenda\">Agenda<\/a>\n<\/span><span class=\"aioseo-breadcrumb-separator\">&ndash;<\/span><span class=\"aioseo-breadcrumb\">\n\tAniversario del Coro Le\u00f3n de Oro en la Iglesia de la Laboral\n<\/span><\/div>","aioseo_breadcrumb_json":[{"label":"Home","link":"https:\/\/candas365.es\/noticias"},{"label":"Agenda","link":"https:\/\/candas365.es\/noticias\/category\/agenda\/"},{"label":"Aniversario del Coro Le\u00f3n de Oro en la Iglesia de la Laboral","link":"https:\/\/candas365.es\/noticias\/aniversario-del-coro-leon-de-oro-en-la-iglesia-de-la-laboral\/"}],"_links":{"self":[{"href":"https:\/\/candas365.es\/noticias\/wp-json\/wp\/v2\/posts\/83119","targetHints":{"allow":["GET"]}}],"collection":[{"href":"https:\/\/candas365.es\/noticias\/wp-json\/wp\/v2\/posts"}],"about":[{"href":"https:\/\/candas365.es\/noticias\/wp-json\/wp\/v2\/types\/post"}],"author":[{"embeddable":true,"href":"https:\/\/candas365.es\/noticias\/wp-json\/wp\/v2\/users\/1"}],"replies":[{"embeddable":true,"href":"https:\/\/candas365.es\/noticias\/wp-json\/wp\/v2\/comments?post=83119"}],"version-history":[{"count":0,"href":"https:\/\/candas365.es\/noticias\/wp-json\/wp\/v2\/posts\/83119\/revisions"}],"wp:featuredmedia":[{"embeddable":true,"href":"https:\/\/candas365.es\/noticias\/wp-json\/wp\/v2\/media\/75251"}],"wp:attachment":[{"href":"https:\/\/candas365.es\/noticias\/wp-json\/wp\/v2\/media?parent=83119"}],"wp:term":[{"taxonomy":"category","embeddable":true,"href":"https:\/\/candas365.es\/noticias\/wp-json\/wp\/v2\/categories?post=83119"},{"taxonomy":"post_tag","embeddable":true,"href":"https:\/\/candas365.es\/noticias\/wp-json\/wp\/v2\/tags?post=83119"}],"curies":[{"name":"wp","href":"https:\/\/api.w.org\/{rel}","templated":true}]}}