{"id":83060,"date":"2017-10-28T20:17:33","date_gmt":"2017-10-28T20:17:33","guid":{"rendered":"http:\/\/candas365.es\/noticias\/?p=83060"},"modified":"2017-10-28T20:17:33","modified_gmt":"2017-10-28T20:17:33","slug":"gala-con-invitados-de-lujo-en-ot-2017","status":"publish","type":"post","link":"https:\/\/candas365.es\/noticias\/gala-con-invitados-de-lujo-en-ot-2017\/","title":{"rendered":"Gala con invitados de lujo en OT 2017"},"content":{"rendered":"<p><img fetchpriority=\"high\" decoding=\"async\" class=\"alignleft size-medium wp-image-83061\" src=\"https:\/\/candas365.es\/noticias\/wp-content\/uploads\/2017\/10\/OT17G0-360x240.jpg\" alt=\"\" width=\"360\" height=\"240\" srcset=\"https:\/\/candas365.es\/noticias\/wp-content\/uploads\/2017\/10\/OT17G0-360x240.jpg 360w, https:\/\/candas365.es\/noticias\/wp-content\/uploads\/2017\/10\/OT17G0-768x512.jpg 768w, https:\/\/candas365.es\/noticias\/wp-content\/uploads\/2017\/10\/OT17G0-655x437.jpg 655w, https:\/\/candas365.es\/noticias\/wp-content\/uploads\/2017\/10\/OT17G0-696x464.jpg 696w, https:\/\/candas365.es\/noticias\/wp-content\/uploads\/2017\/10\/OT17G0-1068x712.jpg 1068w, https:\/\/candas365.es\/noticias\/wp-content\/uploads\/2017\/10\/OT17G0-630x420.jpg 630w, https:\/\/candas365.es\/noticias\/wp-content\/uploads\/2017\/10\/OT17G0-84x55.jpg 84w, https:\/\/candas365.es\/noticias\/wp-content\/uploads\/2017\/10\/OT17G0.jpg 1180w\" sizes=\"(max-width: 360px) 100vw, 360px\" \/>Operaci\u00f3n Triunfo\u2019 2017 vivir\u00e1 este lunes la primera gala de los 16 concursantes del talent show producido por RTVE en colaboraci\u00f3n con Gestmusic Endemol. En ella, se subir\u00e1n al escenario para interpretar duetos preparados durante esta semana dentro de la Academia. Adem\u00e1s, el programa presentado por Roberto Leal contar\u00e1 con un cuarto miembro del jurado muy especial: Bustamante. Y recibir\u00e1 la vista de la cantante californiana Becky G.<\/p>\n<p><strong>Duetos<\/strong><\/p>\n<p>En la Gala 1 los espectadores podr\u00e1n escuchar a los 16 concursantes interpretando temas en duetos: Miriam y Agoney cantar\u00e1n \u2018Runnin\u2019 de Beyonc\u00e9 y Naughty Boy; Ana Guerra y Mimi, \u2018Don\u2019t worry about the thing\u2019, de Tori Kelly; Cepeda y Aitana, \u2018No puedo vivir sin ti\u2019, de Los Ronaldos; Roi y Ricky \u2018Tu enemigo\u2019, de Pablo L\u00f3pez y Juanes; Nerea y Amaia, \u2018Las cuatro y diez\u2019, de Luis Eduardo Aute; Raoul y Tahal\u00eda, \u2018Cake by the ocean\u2019, de DNCE; y Marina y Alfred, \u2018Don\u2019t Dream it\u2019s over\u2019, de Crowded House.<\/p>\n<p>Tras las actuaciones se conocer\u00e1 el nombre del favorito del p\u00fablico (votado a trav\u00e9s de la App Oficial), que quedar\u00e1 exento de ser nominado esa noche. A continuaci\u00f3n, el jurado valorar\u00e1 al resto de los concursantes y propondr\u00e1 a 4 para abandonar la Academia. El claustro de profesores y los concursantes salvar\u00e1n a dos de los 4 nominados. Los dos restantes no podr\u00e1n cruzar la pasarela y quedar\u00e1n en manos del p\u00fablico. Los dos nominados tendr\u00e1n que trabajar durante la semana de manera individual y convencer a los espectadores en la siguiente gala. Ser\u00e1 posible votar para salvar a los nominados mediante la app, las llamadas telef\u00f3nicas y los sms.<\/p>\n<p>&nbsp;<\/p>\n","protected":false},"excerpt":{"rendered":"<p>Operaci\u00f3n Triunfo\u2019 2017 vivir\u00e1 este lunes la primera gala de los 16 concursantes del talent show producido por RTVE en colaboraci\u00f3n con Gestmusic Endemol. En ella, se subir\u00e1n al escenario para interpretar duetos preparados durante esta semana dentro de la Academia. Adem\u00e1s, el programa presentado por Roberto Leal contar\u00e1 con un cuarto miembro del jurado<\/p>\n","protected":false},"author":1,"featured_media":83061,"comment_status":"closed","ping_status":"closed","sticky":false,"template":"","format":"standard","meta":{"footnotes":""},"categories":[1],"tags":[],"class_list":{"0":"post-83060","1":"post","2":"type-post","3":"status-publish","4":"format-standard","5":"has-post-thumbnail","7":"category-agenda"},"aioseo_notices":[],"aioseo_head":"\n\t\t<!-- All in One SEO Pro 4.9.6.2 - aioseo.com -->\n\t<meta name=\"description\" content=\"Operaci\u00f3n Triunfo\u2019 2017 vivir\u00e1 este lunes la primera gala de los 16 concursantes del talent show producido por RTVE en colaboraci\u00f3n con Gestmusic Endemol. En ella, se subir\u00e1n al escenario para interpretar duetos preparados durante esta semana dentro de la Academia. Adem\u00e1s, el programa presentado por Roberto Leal contar\u00e1 con un cuarto miembro del jurado\" \/>\n\t<meta name=\"robots\" content=\"max-image-preview:large\" \/>\n\t<meta name=\"author\" content=\"Cand\u00e1s 365\"\/>\n\t<meta name=\"google-site-verification\" content=\"UA-32230408-1\" \/>\n\t<meta name=\"msvalidate.01\" content=\"354F3CDFB2DA171B47FBE9ABF1F88D5\" \/>\n\t<meta name=\"keywords\" content=\"agenda\" \/>\n\t<link rel=\"canonical\" href=\"https:\/\/candas365.es\/noticias\/gala-con-invitados-de-lujo-en-ot-2017\/\" \/>\n\t<meta name=\"generator\" content=\"All in One SEO Pro (AIOSEO) 4.9.6.2\" \/>\n\t\t<meta property=\"og:locale\" content=\"es_ES\" \/>\n\t\t<meta property=\"og:site_name\" content=\"Cand\u00e1s 365\" \/>\n\t\t<meta property=\"og:type\" content=\"article\" \/>\n\t\t<meta property=\"og:title\" content=\"Gala con invitados de lujo en OT 2017 | Cand\u00e1s 365\" \/>\n\t\t<meta property=\"og:description\" content=\"Operaci\u00f3n Triunfo\u2019 2017 vivir\u00e1 este lunes la primera gala de los 16 concursantes del talent show producido por RTVE en colaboraci\u00f3n con Gestmusic Endemol. En ella, se subir\u00e1n al escenario para interpretar duetos preparados durante esta semana dentro de la Academia. Adem\u00e1s, el programa presentado por Roberto Leal contar\u00e1 con un cuarto miembro del jurado\" \/>\n\t\t<meta property=\"og:url\" content=\"https:\/\/candas365.es\/noticias\/gala-con-invitados-de-lujo-en-ot-2017\/\" \/>\n\t\t<meta property=\"og:image\" content=\"https:\/\/candas365.es\/noticias\/wp-content\/uploads\/2017\/10\/OT17G0.jpg\" \/>\n\t\t<meta property=\"og:image:secure_url\" content=\"https:\/\/candas365.es\/noticias\/wp-content\/uploads\/2017\/10\/OT17G0.jpg\" \/>\n\t\t<meta property=\"og:image:width\" content=\"1180\" \/>\n\t\t<meta property=\"og:image:height\" content=\"787\" \/>\n\t\t<meta property=\"article:published_time\" content=\"2017-10-28T20:17:33+00:00\" \/>\n\t\t<meta property=\"article:modified_time\" content=\"2017-10-28T20:17:33+00:00\" \/>\n\t\t<meta property=\"article:publisher\" content=\"https:\/\/www.facebook.com\/Nachofdezber\" \/>\n\t\t<meta property=\"article:author\" content=\"https:\/\/www.facebook.com\/carrenoactualidad\" \/>\n\t\t<meta name=\"twitter:card\" content=\"summary_large_image\" \/>\n\t\t<meta name=\"twitter:site\" content=\"@NabercoDigital\" \/>\n\t\t<meta name=\"twitter:title\" content=\"Gala con invitados de lujo en OT 2017 | Cand\u00e1s 365\" \/>\n\t\t<meta name=\"twitter:description\" content=\"Operaci\u00f3n Triunfo\u2019 2017 vivir\u00e1 este lunes la primera gala de los 16 concursantes del talent show producido por RTVE en colaboraci\u00f3n con Gestmusic Endemol. En ella, se subir\u00e1n al escenario para interpretar duetos preparados durante esta semana dentro de la Academia. Adem\u00e1s, el programa presentado por Roberto Leal contar\u00e1 con un cuarto miembro del jurado\" \/>\n\t\t<meta name=\"twitter:creator\" content=\"@nbasturias\" \/>\n\t\t<meta name=\"twitter:image\" content=\"https:\/\/candas365.es\/noticias\/wp-content\/uploads\/2017\/10\/OT17G0.jpg\" \/>\n\t\t<meta name=\"twitter:label1\" content=\"Escrito por\" \/>\n\t\t<meta name=\"twitter:data1\" content=\"Cand\u00e1s 365\" \/>\n\t\t<meta name=\"twitter:label2\" content=\"Tiempo de lectura estimado\" \/>\n\t\t<meta name=\"twitter:data2\" content=\"1 minuto\" \/>\n\t\t<script type=\"application\/ld+json\" class=\"aioseo-schema\">\n\t\t\t{\"@context\":\"https:\\\/\\\/schema.org\",\"@graph\":[{\"@type\":\"BreadcrumbList\",\"@id\":\"https:\\\/\\\/candas365.es\\\/noticias\\\/gala-con-invitados-de-lujo-en-ot-2017\\\/#breadcrumblist\",\"itemListElement\":[{\"@type\":\"ListItem\",\"@id\":\"https:\\\/\\\/candas365.es\\\/noticias#listItem\",\"position\":1,\"name\":\"Home\",\"item\":\"https:\\\/\\\/candas365.es\\\/noticias\",\"nextItem\":{\"@type\":\"ListItem\",\"@id\":\"https:\\\/\\\/candas365.es\\\/noticias\\\/category\\\/agenda\\\/#listItem\",\"name\":\"Agenda\"}},{\"@type\":\"ListItem\",\"@id\":\"https:\\\/\\\/candas365.es\\\/noticias\\\/category\\\/agenda\\\/#listItem\",\"position\":2,\"name\":\"Agenda\",\"item\":\"https:\\\/\\\/candas365.es\\\/noticias\\\/category\\\/agenda\\\/\",\"nextItem\":{\"@type\":\"ListItem\",\"@id\":\"https:\\\/\\\/candas365.es\\\/noticias\\\/gala-con-invitados-de-lujo-en-ot-2017\\\/#listItem\",\"name\":\"Gala con invitados de lujo en OT 2017\"},\"previousItem\":{\"@type\":\"ListItem\",\"@id\":\"https:\\\/\\\/candas365.es\\\/noticias#listItem\",\"name\":\"Home\"}},{\"@type\":\"ListItem\",\"@id\":\"https:\\\/\\\/candas365.es\\\/noticias\\\/gala-con-invitados-de-lujo-en-ot-2017\\\/#listItem\",\"position\":3,\"name\":\"Gala con invitados de lujo en OT 2017\",\"previousItem\":{\"@type\":\"ListItem\",\"@id\":\"https:\\\/\\\/candas365.es\\\/noticias\\\/category\\\/agenda\\\/#listItem\",\"name\":\"Agenda\"}}]},{\"@type\":\"NewsArticle\",\"@id\":\"https:\\\/\\\/candas365.es\\\/noticias\\\/gala-con-invitados-de-lujo-en-ot-2017\\\/#newsarticle\",\"name\":\"Gala con invitados de lujo en OT 2017 | Cand\\u00e1s 365\",\"headline\":\"Gala con invitados de lujo en OT 2017\",\"author\":{\"@id\":\"https:\\\/\\\/candas365.es\\\/noticias\\\/author\\\/admin\\\/#author\"},\"publisher\":{\"@id\":\"https:\\\/\\\/candas365.es\\\/noticias\\\/#organization\"},\"image\":{\"@type\":\"ImageObject\",\"url\":\"https:\\\/\\\/candas365.es\\\/noticias\\\/wp-content\\\/uploads\\\/2017\\\/10\\\/OT17G0.jpg\",\"width\":1180,\"height\":787},\"datePublished\":\"2017-10-28T20:17:33+02:00\",\"dateModified\":\"2017-10-28T20:17:33+02:00\",\"inLanguage\":\"es-ES\",\"mainEntityOfPage\":{\"@id\":\"https:\\\/\\\/candas365.es\\\/noticias\\\/gala-con-invitados-de-lujo-en-ot-2017\\\/#webpage\"},\"isPartOf\":{\"@id\":\"https:\\\/\\\/candas365.es\\\/noticias\\\/gala-con-invitados-de-lujo-en-ot-2017\\\/#webpage\"},\"articleSection\":\"Agenda\",\"dateline\":\"Publicado el octubre 28, 2017.\"},{\"@type\":\"Organization\",\"@id\":\"https:\\\/\\\/candas365.es\\\/noticias\\\/#organization\",\"name\":\"Cand\\u00e1s 365\",\"description\":\"Cand\\u00e1s 365 es un diario digital independiente, fundado en 2012, con base en Asturias. Informamos con rigor sobre actualidad, sociedad, cultura y ocio, con una mirada local y global.\",\"url\":\"https:\\\/\\\/candas365.es\\\/noticias\\\/\",\"email\":\"info@candas365.es\",\"telephone\":\"+34652131393\",\"foundingDate\":\"2012-06-10\",\"logo\":{\"@type\":\"ImageObject\",\"url\":\"https:\\\/\\\/candas365.es\\\/noticias\\\/wp-content\\\/uploads\\\/2024\\\/09\\\/Candas-365-Redes.jpg\",\"@id\":\"https:\\\/\\\/candas365.es\\\/noticias\\\/gala-con-invitados-de-lujo-en-ot-2017\\\/#organizationLogo\",\"width\":1152,\"height\":864,\"caption\":\"Cand\\u00e1s 365 Redes\"},\"image\":{\"@id\":\"https:\\\/\\\/candas365.es\\\/noticias\\\/gala-con-invitados-de-lujo-en-ot-2017\\\/#organizationLogo\"},\"sameAs\":[\"https:\\\/\\\/www.facebook.com\\\/Nachofdezber\",\"https:\\\/\\\/x.com\\\/NabercoDigital\",\"https:\\\/\\\/www.instagram.com\\\/nachofdezber\\\/\",\"https:\\\/\\\/www.youtube.com\\\/channel\\\/UCZP-2wLEB9Rv6erhFmqVnvg\"],\"address\":{\"@id\":\"https:\\\/\\\/candas365.es\\\/noticias\\\/#postaladdress\",\"@type\":\"PostalAddress\",\"streetAddress\":\"san antonio 4, san antonio 4\",\"postalCode\":\"33430\",\"addressLocality\":\"Cand\\u00e1s\",\"addressRegion\":\"Asturias\",\"addressCountry\":\"ES\"}},{\"@type\":\"Person\",\"@id\":\"https:\\\/\\\/candas365.es\\\/noticias\\\/author\\\/admin\\\/#author\",\"url\":\"https:\\\/\\\/candas365.es\\\/noticias\\\/author\\\/admin\\\/\",\"name\":\"Cand\\u00e1s 365\",\"image\":{\"@type\":\"ImageObject\",\"@id\":\"https:\\\/\\\/candas365.es\\\/noticias\\\/gala-con-invitados-de-lujo-en-ot-2017\\\/#authorImage\",\"url\":\"https:\\\/\\\/secure.gravatar.com\\\/avatar\\\/496a8e03d0c493ede1718b7934145dbdf8d89be1036b0eec9544e1094c9de390?s=96&d=mm&r=g\",\"width\":96,\"height\":96,\"caption\":\"Cand\\u00e1s 365\"},\"sameAs\":[\"https:\\\/\\\/www.facebook.com\\\/carrenoactualidad\",\"https:\\\/\\\/twitter.com\\\/nbasturias\",\"https:\\\/\\\/www.instagram.com\\\/nachofdezber\\\/\",\"https:\\\/\\\/www.youtube.com\\\/channel\\\/UCZP-2wLEB9Rv6erhFmqVnvg\"]},{\"@type\":\"WebPage\",\"@id\":\"https:\\\/\\\/candas365.es\\\/noticias\\\/gala-con-invitados-de-lujo-en-ot-2017\\\/#webpage\",\"url\":\"https:\\\/\\\/candas365.es\\\/noticias\\\/gala-con-invitados-de-lujo-en-ot-2017\\\/\",\"name\":\"Gala con invitados de lujo en OT 2017 | Cand\\u00e1s 365\",\"description\":\"Operaci\\u00f3n Triunfo\\u2019 2017 vivir\\u00e1 este lunes la primera gala de los 16 concursantes del talent show producido por RTVE en colaboraci\\u00f3n con Gestmusic Endemol. En ella, se subir\\u00e1n al escenario para interpretar duetos preparados durante esta semana dentro de la Academia. Adem\\u00e1s, el programa presentado por Roberto Leal contar\\u00e1 con un cuarto miembro del jurado\",\"inLanguage\":\"es-ES\",\"isPartOf\":{\"@id\":\"https:\\\/\\\/candas365.es\\\/noticias\\\/#website\"},\"breadcrumb\":{\"@id\":\"https:\\\/\\\/candas365.es\\\/noticias\\\/gala-con-invitados-de-lujo-en-ot-2017\\\/#breadcrumblist\"},\"author\":{\"@id\":\"https:\\\/\\\/candas365.es\\\/noticias\\\/author\\\/admin\\\/#author\"},\"creator\":{\"@id\":\"https:\\\/\\\/candas365.es\\\/noticias\\\/author\\\/admin\\\/#author\"},\"image\":{\"@type\":\"ImageObject\",\"url\":\"https:\\\/\\\/candas365.es\\\/noticias\\\/wp-content\\\/uploads\\\/2017\\\/10\\\/OT17G0.jpg\",\"@id\":\"https:\\\/\\\/candas365.es\\\/noticias\\\/gala-con-invitados-de-lujo-en-ot-2017\\\/#mainImage\",\"width\":1180,\"height\":787},\"primaryImageOfPage\":{\"@id\":\"https:\\\/\\\/candas365.es\\\/noticias\\\/gala-con-invitados-de-lujo-en-ot-2017\\\/#mainImage\"},\"datePublished\":\"2017-10-28T20:17:33+02:00\",\"dateModified\":\"2017-10-28T20:17:33+02:00\"},{\"@type\":\"WebSite\",\"@id\":\"https:\\\/\\\/candas365.es\\\/noticias\\\/#website\",\"url\":\"https:\\\/\\\/candas365.es\\\/noticias\\\/\",\"name\":\"Cand\\u00e1s 365\",\"alternateName\":\"Cand\\u00e1s 365 Noticias\",\"description\":\"Actualidad desde Carre\\u00f1o para el mundo\",\"inLanguage\":\"es-ES\",\"publisher\":{\"@id\":\"https:\\\/\\\/candas365.es\\\/noticias\\\/#organization\"}}]}\n\t\t<\/script>\n\t\t<!-- All in One SEO Pro -->\r\n\t\t<title>Gala con invitados de lujo en OT 2017 | Cand\u00e1s 365<\/title>\n\n","aioseo_head_json":{"title":"Gala con invitados de lujo en OT 2017 | Cand\u00e1s 365","description":"Operaci\u00f3n Triunfo\u2019 2017 vivir\u00e1 este lunes la primera gala de los 16 concursantes del talent show producido por RTVE en colaboraci\u00f3n con Gestmusic Endemol. En ella, se subir\u00e1n al escenario para interpretar duetos preparados durante esta semana dentro de la Academia. Adem\u00e1s, el programa presentado por Roberto Leal contar\u00e1 con un cuarto miembro del jurado","canonical_url":"https:\/\/candas365.es\/noticias\/gala-con-invitados-de-lujo-en-ot-2017\/","robots":"max-image-preview:large","keywords":"agenda","webmasterTools":{"google-site-verification":"UA-32230408-1","msvalidate.01":"354F3CDFB2DA171B47FBE9ABF1F88D5","miscellaneous":""},"schema":{"@context":"https:\/\/schema.org","@graph":[{"@type":"BreadcrumbList","@id":"https:\/\/candas365.es\/noticias\/gala-con-invitados-de-lujo-en-ot-2017\/#breadcrumblist","itemListElement":[{"@type":"ListItem","@id":"https:\/\/candas365.es\/noticias#listItem","position":1,"name":"Home","item":"https:\/\/candas365.es\/noticias","nextItem":{"@type":"ListItem","@id":"https:\/\/candas365.es\/noticias\/category\/agenda\/#listItem","name":"Agenda"}},{"@type":"ListItem","@id":"https:\/\/candas365.es\/noticias\/category\/agenda\/#listItem","position":2,"name":"Agenda","item":"https:\/\/candas365.es\/noticias\/category\/agenda\/","nextItem":{"@type":"ListItem","@id":"https:\/\/candas365.es\/noticias\/gala-con-invitados-de-lujo-en-ot-2017\/#listItem","name":"Gala con invitados de lujo en OT 2017"},"previousItem":{"@type":"ListItem","@id":"https:\/\/candas365.es\/noticias#listItem","name":"Home"}},{"@type":"ListItem","@id":"https:\/\/candas365.es\/noticias\/gala-con-invitados-de-lujo-en-ot-2017\/#listItem","position":3,"name":"Gala con invitados de lujo en OT 2017","previousItem":{"@type":"ListItem","@id":"https:\/\/candas365.es\/noticias\/category\/agenda\/#listItem","name":"Agenda"}}]},{"@type":"NewsArticle","@id":"https:\/\/candas365.es\/noticias\/gala-con-invitados-de-lujo-en-ot-2017\/#newsarticle","name":"Gala con invitados de lujo en OT 2017 | Cand\u00e1s 365","headline":"Gala con invitados de lujo en OT 2017","author":{"@id":"https:\/\/candas365.es\/noticias\/author\/admin\/#author"},"publisher":{"@id":"https:\/\/candas365.es\/noticias\/#organization"},"image":{"@type":"ImageObject","url":"https:\/\/candas365.es\/noticias\/wp-content\/uploads\/2017\/10\/OT17G0.jpg","width":1180,"height":787},"datePublished":"2017-10-28T20:17:33+02:00","dateModified":"2017-10-28T20:17:33+02:00","inLanguage":"es-ES","mainEntityOfPage":{"@id":"https:\/\/candas365.es\/noticias\/gala-con-invitados-de-lujo-en-ot-2017\/#webpage"},"isPartOf":{"@id":"https:\/\/candas365.es\/noticias\/gala-con-invitados-de-lujo-en-ot-2017\/#webpage"},"articleSection":"Agenda","dateline":"Publicado el octubre 28, 2017."},{"@type":"Organization","@id":"https:\/\/candas365.es\/noticias\/#organization","name":"Cand\u00e1s 365","description":"Cand\u00e1s 365 es un diario digital independiente, fundado en 2012, con base en Asturias. Informamos con rigor sobre actualidad, sociedad, cultura y ocio, con una mirada local y global.","url":"https:\/\/candas365.es\/noticias\/","email":"info@candas365.es","telephone":"+34652131393","foundingDate":"2012-06-10","logo":{"@type":"ImageObject","url":"https:\/\/candas365.es\/noticias\/wp-content\/uploads\/2024\/09\/Candas-365-Redes.jpg","@id":"https:\/\/candas365.es\/noticias\/gala-con-invitados-de-lujo-en-ot-2017\/#organizationLogo","width":1152,"height":864,"caption":"Cand\u00e1s 365 Redes"},"image":{"@id":"https:\/\/candas365.es\/noticias\/gala-con-invitados-de-lujo-en-ot-2017\/#organizationLogo"},"sameAs":["https:\/\/www.facebook.com\/Nachofdezber","https:\/\/x.com\/NabercoDigital","https:\/\/www.instagram.com\/nachofdezber\/","https:\/\/www.youtube.com\/channel\/UCZP-2wLEB9Rv6erhFmqVnvg"],"address":{"@id":"https:\/\/candas365.es\/noticias\/#postaladdress","@type":"PostalAddress","streetAddress":"san antonio 4, san antonio 4","postalCode":"33430","addressLocality":"Cand\u00e1s","addressRegion":"Asturias","addressCountry":"ES"}},{"@type":"Person","@id":"https:\/\/candas365.es\/noticias\/author\/admin\/#author","url":"https:\/\/candas365.es\/noticias\/author\/admin\/","name":"Cand\u00e1s 365","image":{"@type":"ImageObject","@id":"https:\/\/candas365.es\/noticias\/gala-con-invitados-de-lujo-en-ot-2017\/#authorImage","url":"https:\/\/secure.gravatar.com\/avatar\/496a8e03d0c493ede1718b7934145dbdf8d89be1036b0eec9544e1094c9de390?s=96&d=mm&r=g","width":96,"height":96,"caption":"Cand\u00e1s 365"},"sameAs":["https:\/\/www.facebook.com\/carrenoactualidad","https:\/\/twitter.com\/nbasturias","https:\/\/www.instagram.com\/nachofdezber\/","https:\/\/www.youtube.com\/channel\/UCZP-2wLEB9Rv6erhFmqVnvg"]},{"@type":"WebPage","@id":"https:\/\/candas365.es\/noticias\/gala-con-invitados-de-lujo-en-ot-2017\/#webpage","url":"https:\/\/candas365.es\/noticias\/gala-con-invitados-de-lujo-en-ot-2017\/","name":"Gala con invitados de lujo en OT 2017 | Cand\u00e1s 365","description":"Operaci\u00f3n Triunfo\u2019 2017 vivir\u00e1 este lunes la primera gala de los 16 concursantes del talent show producido por RTVE en colaboraci\u00f3n con Gestmusic Endemol. En ella, se subir\u00e1n al escenario para interpretar duetos preparados durante esta semana dentro de la Academia. Adem\u00e1s, el programa presentado por Roberto Leal contar\u00e1 con un cuarto miembro del jurado","inLanguage":"es-ES","isPartOf":{"@id":"https:\/\/candas365.es\/noticias\/#website"},"breadcrumb":{"@id":"https:\/\/candas365.es\/noticias\/gala-con-invitados-de-lujo-en-ot-2017\/#breadcrumblist"},"author":{"@id":"https:\/\/candas365.es\/noticias\/author\/admin\/#author"},"creator":{"@id":"https:\/\/candas365.es\/noticias\/author\/admin\/#author"},"image":{"@type":"ImageObject","url":"https:\/\/candas365.es\/noticias\/wp-content\/uploads\/2017\/10\/OT17G0.jpg","@id":"https:\/\/candas365.es\/noticias\/gala-con-invitados-de-lujo-en-ot-2017\/#mainImage","width":1180,"height":787},"primaryImageOfPage":{"@id":"https:\/\/candas365.es\/noticias\/gala-con-invitados-de-lujo-en-ot-2017\/#mainImage"},"datePublished":"2017-10-28T20:17:33+02:00","dateModified":"2017-10-28T20:17:33+02:00"},{"@type":"WebSite","@id":"https:\/\/candas365.es\/noticias\/#website","url":"https:\/\/candas365.es\/noticias\/","name":"Cand\u00e1s 365","alternateName":"Cand\u00e1s 365 Noticias","description":"Actualidad desde Carre\u00f1o para el mundo","inLanguage":"es-ES","publisher":{"@id":"https:\/\/candas365.es\/noticias\/#organization"}}]},"og:locale":"es_ES","og:site_name":"Cand\u00e1s 365","og:type":"article","og:title":"Gala con invitados de lujo en OT 2017 | Cand\u00e1s 365","og:description":"Operaci\u00f3n Triunfo\u2019 2017 vivir\u00e1 este lunes la primera gala de los 16 concursantes del talent show producido por RTVE en colaboraci\u00f3n con Gestmusic Endemol. En ella, se subir\u00e1n al escenario para interpretar duetos preparados durante esta semana dentro de la Academia. Adem\u00e1s, el programa presentado por Roberto Leal contar\u00e1 con un cuarto miembro del jurado","og:url":"https:\/\/candas365.es\/noticias\/gala-con-invitados-de-lujo-en-ot-2017\/","og:image":"https:\/\/candas365.es\/noticias\/wp-content\/uploads\/2017\/10\/OT17G0.jpg","og:image:secure_url":"https:\/\/candas365.es\/noticias\/wp-content\/uploads\/2017\/10\/OT17G0.jpg","og:image:width":1180,"og:image:height":787,"article:published_time":"2017-10-28T20:17:33+00:00","article:modified_time":"2017-10-28T20:17:33+00:00","article:publisher":"https:\/\/www.facebook.com\/Nachofdezber","article:author":"https:\/\/www.facebook.com\/carrenoactualidad","twitter:card":"summary_large_image","twitter:site":"@NabercoDigital","twitter:title":"Gala con invitados de lujo en OT 2017 | Cand\u00e1s 365","twitter:description":"Operaci\u00f3n Triunfo\u2019 2017 vivir\u00e1 este lunes la primera gala de los 16 concursantes del talent show producido por RTVE en colaboraci\u00f3n con Gestmusic Endemol. En ella, se subir\u00e1n al escenario para interpretar duetos preparados durante esta semana dentro de la Academia. Adem\u00e1s, el programa presentado por Roberto Leal contar\u00e1 con un cuarto miembro del jurado","twitter:creator":"@nbasturias","twitter:image":"https:\/\/candas365.es\/noticias\/wp-content\/uploads\/2017\/10\/OT17G0.jpg","twitter:label1":"Escrito por","twitter:data1":"Cand\u00e1s 365","twitter:label2":"Tiempo de lectura estimado","twitter:data2":"1 minuto"},"aioseo_meta_data":{"post_id":"83060","title":null,"description":null,"keywords":null,"keyphrases":null,"primary_term":null,"canonical_url":null,"og_title":null,"og_description":null,"og_object_type":"default","og_image_type":"default","og_image_url":null,"og_image_width":null,"og_image_height":null,"og_image_custom_url":null,"og_image_custom_fields":null,"og_video":null,"og_custom_url":null,"og_article_section":null,"og_article_tags":null,"twitter_use_og":false,"twitter_card":"default","twitter_image_type":"default","twitter_image_url":null,"twitter_image_custom_url":null,"twitter_image_custom_fields":null,"twitter_title":null,"twitter_description":null,"schema":{"blockGraphs":[],"customGraphs":[],"default":{"data":{"Article":[],"Course":[],"Dataset":[],"FAQPage":[],"Movie":[],"Person":[],"Product":[],"ProductReview":[],"Car":[],"Recipe":[],"Service":[],"SoftwareApplication":[],"WebPage":[]},"graphName":"","isEnabled":true},"graphs":[],"defaultGraph":"","defaultPostTypeGraph":""},"schema_type":null,"schema_type_options":null,"pillar_content":false,"robots_default":true,"robots_noindex":false,"robots_noarchive":false,"robots_nosnippet":false,"robots_nofollow":false,"robots_noimageindex":false,"robots_noodp":false,"robots_notranslate":false,"robots_max_snippet":null,"robots_max_videopreview":null,"robots_max_imagepreview":"large","priority":null,"frequency":null,"location":null,"local_seo":null,"seo_analyzer_scan_date":"2025-08-26 03:49:14","breadcrumb_settings":null,"limit_modified_date":false,"reviewed_by":null,"open_ai":null,"ai":null,"created":"2020-12-21 12:32:56","updated":"2025-08-26 03:49:14"},"aioseo_breadcrumb":"<div class=\"aioseo-breadcrumbs\"><span class=\"aioseo-breadcrumb\">\n\t<a href=\"https:\/\/candas365.es\/noticias\" title=\"Home\">Home<\/a>\n<\/span><span class=\"aioseo-breadcrumb-separator\">&ndash;<\/span><span class=\"aioseo-breadcrumb\">\n\t<a href=\"https:\/\/candas365.es\/noticias\/category\/agenda\/\" title=\"Agenda\">Agenda<\/a>\n<\/span><span class=\"aioseo-breadcrumb-separator\">&ndash;<\/span><span class=\"aioseo-breadcrumb\">\n\tGala con invitados de lujo en OT 2017\n<\/span><\/div>","aioseo_breadcrumb_json":[{"label":"Home","link":"https:\/\/candas365.es\/noticias"},{"label":"Agenda","link":"https:\/\/candas365.es\/noticias\/category\/agenda\/"},{"label":"Gala con invitados de lujo en OT 2017","link":"https:\/\/candas365.es\/noticias\/gala-con-invitados-de-lujo-en-ot-2017\/"}],"_links":{"self":[{"href":"https:\/\/candas365.es\/noticias\/wp-json\/wp\/v2\/posts\/83060","targetHints":{"allow":["GET"]}}],"collection":[{"href":"https:\/\/candas365.es\/noticias\/wp-json\/wp\/v2\/posts"}],"about":[{"href":"https:\/\/candas365.es\/noticias\/wp-json\/wp\/v2\/types\/post"}],"author":[{"embeddable":true,"href":"https:\/\/candas365.es\/noticias\/wp-json\/wp\/v2\/users\/1"}],"replies":[{"embeddable":true,"href":"https:\/\/candas365.es\/noticias\/wp-json\/wp\/v2\/comments?post=83060"}],"version-history":[{"count":0,"href":"https:\/\/candas365.es\/noticias\/wp-json\/wp\/v2\/posts\/83060\/revisions"}],"wp:featuredmedia":[{"embeddable":true,"href":"https:\/\/candas365.es\/noticias\/wp-json\/wp\/v2\/media\/83061"}],"wp:attachment":[{"href":"https:\/\/candas365.es\/noticias\/wp-json\/wp\/v2\/media?parent=83060"}],"wp:term":[{"taxonomy":"category","embeddable":true,"href":"https:\/\/candas365.es\/noticias\/wp-json\/wp\/v2\/categories?post=83060"},{"taxonomy":"post_tag","embeddable":true,"href":"https:\/\/candas365.es\/noticias\/wp-json\/wp\/v2\/tags?post=83060"}],"curies":[{"name":"wp","href":"https:\/\/api.w.org\/{rel}","templated":true}]}}