{"id":83057,"date":"2017-10-28T20:15:25","date_gmt":"2017-10-28T20:15:25","guid":{"rendered":"http:\/\/candas365.es\/noticias\/?p=83057"},"modified":"2017-10-28T20:15:25","modified_gmt":"2017-10-28T20:15:25","slug":"la-llama-del-odio-el-lunes-en-portada","status":"publish","type":"post","link":"https:\/\/candas365.es\/noticias\/la-llama-del-odio-el-lunes-en-portada\/","title":{"rendered":"&#8216;La llama del odio&#8217; el lunes &#8216;En Portada&#8217;"},"content":{"rendered":"<p><img fetchpriority=\"high\" decoding=\"async\" class=\"alignleft size-medium wp-image-83058\" src=\"https:\/\/candas365.es\/noticias\/wp-content\/uploads\/2017\/10\/1509183300785-360x240.jpg\" alt=\"\" width=\"360\" height=\"240\" srcset=\"https:\/\/candas365.es\/noticias\/wp-content\/uploads\/2017\/10\/1509183300785-360x240.jpg 360w, https:\/\/candas365.es\/noticias\/wp-content\/uploads\/2017\/10\/1509183300785-768x512.jpg 768w, https:\/\/candas365.es\/noticias\/wp-content\/uploads\/2017\/10\/1509183300785-655x436.jpg 655w, https:\/\/candas365.es\/noticias\/wp-content\/uploads\/2017\/10\/1509183300785-696x464.jpg 696w, https:\/\/candas365.es\/noticias\/wp-content\/uploads\/2017\/10\/1509183300785-630x420.jpg 630w, https:\/\/candas365.es\/noticias\/wp-content\/uploads\/2017\/10\/1509183300785-84x55.jpg 84w, https:\/\/candas365.es\/noticias\/wp-content\/uploads\/2017\/10\/1509183300785.jpg 800w\" sizes=\"(max-width: 360px) 100vw, 360px\" \/>&#8216;En Portada&#8217; estrena el reportaje &#8216;La llama del odio&#8217; en el que muestra c\u00f3mo el discurso del odio ha reforzado su impacto, gracias a las nuevas tecnolog\u00edas y las fake news o noticias falsas. Un equipo del programa ha viajado por todo el mundo para mostrar c\u00f3mo la sociedad global se ha vuelto m\u00e1s indefensa ante discursos programados para generar odio entre comunidades.<\/p>\n<p>&#8216;La llama del odio&#8217; ofrece una visi\u00f3n sobre c\u00f3mo los ciudadanos de todo el mundo han bajado algunas de las barreras que les manten\u00edan m\u00e1s o menos inmunes ante mensajes de odio o mentiras organizadas, ante las llamadas fake news o el concepto de postverdad. Por ejemplo, los medios tradicionales han perdido influencia como referente a la hora de confirmar rumores y han florecido sitios web desde los que se lanzan campa\u00f1as difamatorias.<\/p>\n<p>Para analizar este tema, &#8216;En Portada&#8217; ha hablado con Martin Baron, director de The Wahington Post; Frank La Rue, director de Comunicaci\u00f3n de la Unesco; Timothy Garton Ash, historiador de la Universidad de Oxford; Timothy Snyder, historiador de la Universidad de Yale; Fernando Grande-Marlaska, magistrado; adem\u00e1s de ciudadanos an\u00f3nimos de medio mundo.<\/p>\n<p>&#8216;La llama del odio&#8217; es un reportaje con gui\u00f3n de Jos\u00e9 Antonio Guardiola y Alicia G. Montano; realizaci\u00f3n de Teresa Mora; montaje de Javier Mula; con entrevistas de Yolanda \u00c1lvarez, Almudena Ariza, Carlos Franganillo, Luis P\u00e9rez, Marisa Rodr\u00edguez, Miguel \u00c1ngel Garc\u00eda, \u00d3scar Mijallo, Elena Ochoa y Aurora M\u00ednguez; y producci\u00f3n de Ana Pastor y Lourdes Calvo.<\/p>\n","protected":false},"excerpt":{"rendered":"<p>&#8216;En Portada&#8217; estrena el reportaje &#8216;La llama del odio&#8217; en el que muestra c\u00f3mo el discurso del odio ha reforzado su impacto, gracias a las nuevas tecnolog\u00edas y las fake news o noticias falsas. Un equipo del programa ha viajado por todo el mundo para mostrar c\u00f3mo la sociedad global se ha vuelto m\u00e1s indefensa<\/p>\n","protected":false},"author":1,"featured_media":83058,"comment_status":"closed","ping_status":"closed","sticky":false,"template":"","format":"standard","meta":{"footnotes":""},"categories":[1],"tags":[],"class_list":{"0":"post-83057","1":"post","2":"type-post","3":"status-publish","4":"format-standard","5":"has-post-thumbnail","7":"category-agenda"},"aioseo_notices":[],"aioseo_head":"\n\t\t<!-- All in One SEO Pro 4.9.6.2 - aioseo.com -->\n\t<meta name=\"description\" content=\"&#039;En Portada&#039; estrena el reportaje &#039;La llama del odio&#039; en el que muestra c\u00f3mo el discurso del odio ha reforzado su impacto, gracias a las nuevas tecnolog\u00edas y las fake news o noticias falsas. Un equipo del programa ha viajado por todo el mundo para mostrar c\u00f3mo la sociedad global se ha vuelto m\u00e1s indefensa\" \/>\n\t<meta name=\"robots\" content=\"max-image-preview:large\" \/>\n\t<meta name=\"author\" content=\"Cand\u00e1s 365\"\/>\n\t<meta name=\"google-site-verification\" content=\"UA-32230408-1\" \/>\n\t<meta name=\"msvalidate.01\" content=\"354F3CDFB2DA171B47FBE9ABF1F88D5\" \/>\n\t<meta name=\"keywords\" content=\"agenda\" \/>\n\t<link rel=\"canonical\" href=\"https:\/\/candas365.es\/noticias\/la-llama-del-odio-el-lunes-en-portada\/\" \/>\n\t<meta name=\"generator\" content=\"All in One SEO Pro (AIOSEO) 4.9.6.2\" \/>\n\t\t<meta property=\"og:locale\" content=\"es_ES\" \/>\n\t\t<meta property=\"og:site_name\" content=\"Cand\u00e1s 365\" \/>\n\t\t<meta property=\"og:type\" content=\"article\" \/>\n\t\t<meta property=\"og:title\" content=\"\u2018La llama del odio\u2019 el lunes \u2018En Portada\u2019 | Cand\u00e1s 365\" \/>\n\t\t<meta property=\"og:description\" content=\"&#039;En Portada&#039; estrena el reportaje &#039;La llama del odio&#039; en el que muestra c\u00f3mo el discurso del odio ha reforzado su impacto, gracias a las nuevas tecnolog\u00edas y las fake news o noticias falsas. Un equipo del programa ha viajado por todo el mundo para mostrar c\u00f3mo la sociedad global se ha vuelto m\u00e1s indefensa\" \/>\n\t\t<meta property=\"og:url\" content=\"https:\/\/candas365.es\/noticias\/la-llama-del-odio-el-lunes-en-portada\/\" \/>\n\t\t<meta property=\"og:image\" content=\"https:\/\/candas365.es\/noticias\/wp-content\/uploads\/2017\/10\/1509183300785.jpg\" \/>\n\t\t<meta property=\"og:image:secure_url\" content=\"https:\/\/candas365.es\/noticias\/wp-content\/uploads\/2017\/10\/1509183300785.jpg\" \/>\n\t\t<meta property=\"og:image:width\" content=\"800\" \/>\n\t\t<meta property=\"og:image:height\" content=\"533\" \/>\n\t\t<meta property=\"article:published_time\" content=\"2017-10-28T20:15:25+00:00\" \/>\n\t\t<meta property=\"article:modified_time\" content=\"2017-10-28T20:15:25+00:00\" \/>\n\t\t<meta property=\"article:publisher\" content=\"https:\/\/www.facebook.com\/Nachofdezber\" \/>\n\t\t<meta property=\"article:author\" content=\"https:\/\/www.facebook.com\/carrenoactualidad\" \/>\n\t\t<meta name=\"twitter:card\" content=\"summary_large_image\" \/>\n\t\t<meta name=\"twitter:site\" content=\"@NabercoDigital\" \/>\n\t\t<meta name=\"twitter:title\" content=\"\u2018La llama del odio\u2019 el lunes \u2018En Portada\u2019 | Cand\u00e1s 365\" \/>\n\t\t<meta name=\"twitter:description\" content=\"&#039;En Portada&#039; estrena el reportaje &#039;La llama del odio&#039; en el que muestra c\u00f3mo el discurso del odio ha reforzado su impacto, gracias a las nuevas tecnolog\u00edas y las fake news o noticias falsas. Un equipo del programa ha viajado por todo el mundo para mostrar c\u00f3mo la sociedad global se ha vuelto m\u00e1s indefensa\" \/>\n\t\t<meta name=\"twitter:creator\" content=\"@nbasturias\" \/>\n\t\t<meta name=\"twitter:image\" content=\"https:\/\/candas365.es\/noticias\/wp-content\/uploads\/2017\/10\/1509183300785.jpg\" \/>\n\t\t<meta name=\"twitter:label1\" content=\"Escrito por\" \/>\n\t\t<meta name=\"twitter:data1\" content=\"Cand\u00e1s 365\" \/>\n\t\t<meta name=\"twitter:label2\" content=\"Tiempo de lectura estimado\" \/>\n\t\t<meta name=\"twitter:data2\" content=\"1 minuto\" \/>\n\t\t<script type=\"application\/ld+json\" class=\"aioseo-schema\">\n\t\t\t{\"@context\":\"https:\\\/\\\/schema.org\",\"@graph\":[{\"@type\":\"BreadcrumbList\",\"@id\":\"https:\\\/\\\/candas365.es\\\/noticias\\\/la-llama-del-odio-el-lunes-en-portada\\\/#breadcrumblist\",\"itemListElement\":[{\"@type\":\"ListItem\",\"@id\":\"https:\\\/\\\/candas365.es\\\/noticias#listItem\",\"position\":1,\"name\":\"Home\",\"item\":\"https:\\\/\\\/candas365.es\\\/noticias\",\"nextItem\":{\"@type\":\"ListItem\",\"@id\":\"https:\\\/\\\/candas365.es\\\/noticias\\\/category\\\/agenda\\\/#listItem\",\"name\":\"Agenda\"}},{\"@type\":\"ListItem\",\"@id\":\"https:\\\/\\\/candas365.es\\\/noticias\\\/category\\\/agenda\\\/#listItem\",\"position\":2,\"name\":\"Agenda\",\"item\":\"https:\\\/\\\/candas365.es\\\/noticias\\\/category\\\/agenda\\\/\",\"nextItem\":{\"@type\":\"ListItem\",\"@id\":\"https:\\\/\\\/candas365.es\\\/noticias\\\/la-llama-del-odio-el-lunes-en-portada\\\/#listItem\",\"name\":\"&#8216;La llama del odio&#8217; el lunes &#8216;En Portada&#8217;\"},\"previousItem\":{\"@type\":\"ListItem\",\"@id\":\"https:\\\/\\\/candas365.es\\\/noticias#listItem\",\"name\":\"Home\"}},{\"@type\":\"ListItem\",\"@id\":\"https:\\\/\\\/candas365.es\\\/noticias\\\/la-llama-del-odio-el-lunes-en-portada\\\/#listItem\",\"position\":3,\"name\":\"&#8216;La llama del odio&#8217; el lunes &#8216;En Portada&#8217;\",\"previousItem\":{\"@type\":\"ListItem\",\"@id\":\"https:\\\/\\\/candas365.es\\\/noticias\\\/category\\\/agenda\\\/#listItem\",\"name\":\"Agenda\"}}]},{\"@type\":\"NewsArticle\",\"@id\":\"https:\\\/\\\/candas365.es\\\/noticias\\\/la-llama-del-odio-el-lunes-en-portada\\\/#newsarticle\",\"name\":\"\\u2018La llama del odio\\u2019 el lunes \\u2018En Portada\\u2019 | Cand\\u00e1s 365\",\"headline\":\"&#8216;La llama del odio&#8217; el lunes &#8216;En Portada&#8217;\",\"author\":{\"@id\":\"https:\\\/\\\/candas365.es\\\/noticias\\\/author\\\/admin\\\/#author\"},\"publisher\":{\"@id\":\"https:\\\/\\\/candas365.es\\\/noticias\\\/#organization\"},\"image\":{\"@type\":\"ImageObject\",\"url\":\"https:\\\/\\\/candas365.es\\\/noticias\\\/wp-content\\\/uploads\\\/2017\\\/10\\\/1509183300785.jpg\",\"width\":800,\"height\":533},\"datePublished\":\"2017-10-28T20:15:25+02:00\",\"dateModified\":\"2017-10-28T20:15:25+02:00\",\"inLanguage\":\"es-ES\",\"mainEntityOfPage\":{\"@id\":\"https:\\\/\\\/candas365.es\\\/noticias\\\/la-llama-del-odio-el-lunes-en-portada\\\/#webpage\"},\"isPartOf\":{\"@id\":\"https:\\\/\\\/candas365.es\\\/noticias\\\/la-llama-del-odio-el-lunes-en-portada\\\/#webpage\"},\"articleSection\":\"Agenda\",\"dateline\":\"Publicado el octubre 28, 2017.\"},{\"@type\":\"Organization\",\"@id\":\"https:\\\/\\\/candas365.es\\\/noticias\\\/#organization\",\"name\":\"Cand\\u00e1s 365\",\"description\":\"Cand\\u00e1s 365 es un diario digital independiente, fundado en 2012, con base en Asturias. Informamos con rigor sobre actualidad, sociedad, cultura y ocio, con una mirada local y global.\",\"url\":\"https:\\\/\\\/candas365.es\\\/noticias\\\/\",\"email\":\"info@candas365.es\",\"telephone\":\"+34652131393\",\"foundingDate\":\"2012-06-10\",\"logo\":{\"@type\":\"ImageObject\",\"url\":\"https:\\\/\\\/candas365.es\\\/noticias\\\/wp-content\\\/uploads\\\/2024\\\/09\\\/Candas-365-Redes.jpg\",\"@id\":\"https:\\\/\\\/candas365.es\\\/noticias\\\/la-llama-del-odio-el-lunes-en-portada\\\/#organizationLogo\",\"width\":1152,\"height\":864,\"caption\":\"Cand\\u00e1s 365 Redes\"},\"image\":{\"@id\":\"https:\\\/\\\/candas365.es\\\/noticias\\\/la-llama-del-odio-el-lunes-en-portada\\\/#organizationLogo\"},\"sameAs\":[\"https:\\\/\\\/www.facebook.com\\\/Nachofdezber\",\"https:\\\/\\\/x.com\\\/NabercoDigital\",\"https:\\\/\\\/www.instagram.com\\\/nachofdezber\\\/\",\"https:\\\/\\\/www.youtube.com\\\/channel\\\/UCZP-2wLEB9Rv6erhFmqVnvg\"],\"address\":{\"@id\":\"https:\\\/\\\/candas365.es\\\/noticias\\\/#postaladdress\",\"@type\":\"PostalAddress\",\"streetAddress\":\"san antonio 4, san antonio 4\",\"postalCode\":\"33430\",\"addressLocality\":\"Cand\\u00e1s\",\"addressRegion\":\"Asturias\",\"addressCountry\":\"ES\"}},{\"@type\":\"Person\",\"@id\":\"https:\\\/\\\/candas365.es\\\/noticias\\\/author\\\/admin\\\/#author\",\"url\":\"https:\\\/\\\/candas365.es\\\/noticias\\\/author\\\/admin\\\/\",\"name\":\"Cand\\u00e1s 365\",\"image\":{\"@type\":\"ImageObject\",\"@id\":\"https:\\\/\\\/candas365.es\\\/noticias\\\/la-llama-del-odio-el-lunes-en-portada\\\/#authorImage\",\"url\":\"https:\\\/\\\/secure.gravatar.com\\\/avatar\\\/496a8e03d0c493ede1718b7934145dbdf8d89be1036b0eec9544e1094c9de390?s=96&d=mm&r=g\",\"width\":96,\"height\":96,\"caption\":\"Cand\\u00e1s 365\"},\"sameAs\":[\"https:\\\/\\\/www.facebook.com\\\/carrenoactualidad\",\"https:\\\/\\\/twitter.com\\\/nbasturias\",\"https:\\\/\\\/www.instagram.com\\\/nachofdezber\\\/\",\"https:\\\/\\\/www.youtube.com\\\/channel\\\/UCZP-2wLEB9Rv6erhFmqVnvg\"]},{\"@type\":\"WebPage\",\"@id\":\"https:\\\/\\\/candas365.es\\\/noticias\\\/la-llama-del-odio-el-lunes-en-portada\\\/#webpage\",\"url\":\"https:\\\/\\\/candas365.es\\\/noticias\\\/la-llama-del-odio-el-lunes-en-portada\\\/\",\"name\":\"\\u2018La llama del odio\\u2019 el lunes \\u2018En Portada\\u2019 | Cand\\u00e1s 365\",\"description\":\"'En Portada' estrena el reportaje 'La llama del odio' en el que muestra c\\u00f3mo el discurso del odio ha reforzado su impacto, gracias a las nuevas tecnolog\\u00edas y las fake news o noticias falsas. Un equipo del programa ha viajado por todo el mundo para mostrar c\\u00f3mo la sociedad global se ha vuelto m\\u00e1s indefensa\",\"inLanguage\":\"es-ES\",\"isPartOf\":{\"@id\":\"https:\\\/\\\/candas365.es\\\/noticias\\\/#website\"},\"breadcrumb\":{\"@id\":\"https:\\\/\\\/candas365.es\\\/noticias\\\/la-llama-del-odio-el-lunes-en-portada\\\/#breadcrumblist\"},\"author\":{\"@id\":\"https:\\\/\\\/candas365.es\\\/noticias\\\/author\\\/admin\\\/#author\"},\"creator\":{\"@id\":\"https:\\\/\\\/candas365.es\\\/noticias\\\/author\\\/admin\\\/#author\"},\"image\":{\"@type\":\"ImageObject\",\"url\":\"https:\\\/\\\/candas365.es\\\/noticias\\\/wp-content\\\/uploads\\\/2017\\\/10\\\/1509183300785.jpg\",\"@id\":\"https:\\\/\\\/candas365.es\\\/noticias\\\/la-llama-del-odio-el-lunes-en-portada\\\/#mainImage\",\"width\":800,\"height\":533},\"primaryImageOfPage\":{\"@id\":\"https:\\\/\\\/candas365.es\\\/noticias\\\/la-llama-del-odio-el-lunes-en-portada\\\/#mainImage\"},\"datePublished\":\"2017-10-28T20:15:25+02:00\",\"dateModified\":\"2017-10-28T20:15:25+02:00\"},{\"@type\":\"WebSite\",\"@id\":\"https:\\\/\\\/candas365.es\\\/noticias\\\/#website\",\"url\":\"https:\\\/\\\/candas365.es\\\/noticias\\\/\",\"name\":\"Cand\\u00e1s 365\",\"alternateName\":\"Cand\\u00e1s 365 Noticias\",\"description\":\"Actualidad desde Carre\\u00f1o para el mundo\",\"inLanguage\":\"es-ES\",\"publisher\":{\"@id\":\"https:\\\/\\\/candas365.es\\\/noticias\\\/#organization\"}}]}\n\t\t<\/script>\n\t\t<!-- All in One SEO Pro -->\r\n\t\t<title>\u2018La llama del odio\u2019 el lunes \u2018En Portada\u2019 | Cand\u00e1s 365<\/title>\n\n","aioseo_head_json":{"title":"\u2018La llama del odio\u2019 el lunes \u2018En Portada\u2019 | Cand\u00e1s 365","description":"'En Portada' estrena el reportaje 'La llama del odio' en el que muestra c\u00f3mo el discurso del odio ha reforzado su impacto, gracias a las nuevas tecnolog\u00edas y las fake news o noticias falsas. Un equipo del programa ha viajado por todo el mundo para mostrar c\u00f3mo la sociedad global se ha vuelto m\u00e1s indefensa","canonical_url":"https:\/\/candas365.es\/noticias\/la-llama-del-odio-el-lunes-en-portada\/","robots":"max-image-preview:large","keywords":"agenda","webmasterTools":{"google-site-verification":"UA-32230408-1","msvalidate.01":"354F3CDFB2DA171B47FBE9ABF1F88D5","miscellaneous":""},"schema":{"@context":"https:\/\/schema.org","@graph":[{"@type":"BreadcrumbList","@id":"https:\/\/candas365.es\/noticias\/la-llama-del-odio-el-lunes-en-portada\/#breadcrumblist","itemListElement":[{"@type":"ListItem","@id":"https:\/\/candas365.es\/noticias#listItem","position":1,"name":"Home","item":"https:\/\/candas365.es\/noticias","nextItem":{"@type":"ListItem","@id":"https:\/\/candas365.es\/noticias\/category\/agenda\/#listItem","name":"Agenda"}},{"@type":"ListItem","@id":"https:\/\/candas365.es\/noticias\/category\/agenda\/#listItem","position":2,"name":"Agenda","item":"https:\/\/candas365.es\/noticias\/category\/agenda\/","nextItem":{"@type":"ListItem","@id":"https:\/\/candas365.es\/noticias\/la-llama-del-odio-el-lunes-en-portada\/#listItem","name":"&#8216;La llama del odio&#8217; el lunes &#8216;En Portada&#8217;"},"previousItem":{"@type":"ListItem","@id":"https:\/\/candas365.es\/noticias#listItem","name":"Home"}},{"@type":"ListItem","@id":"https:\/\/candas365.es\/noticias\/la-llama-del-odio-el-lunes-en-portada\/#listItem","position":3,"name":"&#8216;La llama del odio&#8217; el lunes &#8216;En Portada&#8217;","previousItem":{"@type":"ListItem","@id":"https:\/\/candas365.es\/noticias\/category\/agenda\/#listItem","name":"Agenda"}}]},{"@type":"NewsArticle","@id":"https:\/\/candas365.es\/noticias\/la-llama-del-odio-el-lunes-en-portada\/#newsarticle","name":"\u2018La llama del odio\u2019 el lunes \u2018En Portada\u2019 | Cand\u00e1s 365","headline":"&#8216;La llama del odio&#8217; el lunes &#8216;En Portada&#8217;","author":{"@id":"https:\/\/candas365.es\/noticias\/author\/admin\/#author"},"publisher":{"@id":"https:\/\/candas365.es\/noticias\/#organization"},"image":{"@type":"ImageObject","url":"https:\/\/candas365.es\/noticias\/wp-content\/uploads\/2017\/10\/1509183300785.jpg","width":800,"height":533},"datePublished":"2017-10-28T20:15:25+02:00","dateModified":"2017-10-28T20:15:25+02:00","inLanguage":"es-ES","mainEntityOfPage":{"@id":"https:\/\/candas365.es\/noticias\/la-llama-del-odio-el-lunes-en-portada\/#webpage"},"isPartOf":{"@id":"https:\/\/candas365.es\/noticias\/la-llama-del-odio-el-lunes-en-portada\/#webpage"},"articleSection":"Agenda","dateline":"Publicado el octubre 28, 2017."},{"@type":"Organization","@id":"https:\/\/candas365.es\/noticias\/#organization","name":"Cand\u00e1s 365","description":"Cand\u00e1s 365 es un diario digital independiente, fundado en 2012, con base en Asturias. Informamos con rigor sobre actualidad, sociedad, cultura y ocio, con una mirada local y global.","url":"https:\/\/candas365.es\/noticias\/","email":"info@candas365.es","telephone":"+34652131393","foundingDate":"2012-06-10","logo":{"@type":"ImageObject","url":"https:\/\/candas365.es\/noticias\/wp-content\/uploads\/2024\/09\/Candas-365-Redes.jpg","@id":"https:\/\/candas365.es\/noticias\/la-llama-del-odio-el-lunes-en-portada\/#organizationLogo","width":1152,"height":864,"caption":"Cand\u00e1s 365 Redes"},"image":{"@id":"https:\/\/candas365.es\/noticias\/la-llama-del-odio-el-lunes-en-portada\/#organizationLogo"},"sameAs":["https:\/\/www.facebook.com\/Nachofdezber","https:\/\/x.com\/NabercoDigital","https:\/\/www.instagram.com\/nachofdezber\/","https:\/\/www.youtube.com\/channel\/UCZP-2wLEB9Rv6erhFmqVnvg"],"address":{"@id":"https:\/\/candas365.es\/noticias\/#postaladdress","@type":"PostalAddress","streetAddress":"san antonio 4, san antonio 4","postalCode":"33430","addressLocality":"Cand\u00e1s","addressRegion":"Asturias","addressCountry":"ES"}},{"@type":"Person","@id":"https:\/\/candas365.es\/noticias\/author\/admin\/#author","url":"https:\/\/candas365.es\/noticias\/author\/admin\/","name":"Cand\u00e1s 365","image":{"@type":"ImageObject","@id":"https:\/\/candas365.es\/noticias\/la-llama-del-odio-el-lunes-en-portada\/#authorImage","url":"https:\/\/secure.gravatar.com\/avatar\/496a8e03d0c493ede1718b7934145dbdf8d89be1036b0eec9544e1094c9de390?s=96&d=mm&r=g","width":96,"height":96,"caption":"Cand\u00e1s 365"},"sameAs":["https:\/\/www.facebook.com\/carrenoactualidad","https:\/\/twitter.com\/nbasturias","https:\/\/www.instagram.com\/nachofdezber\/","https:\/\/www.youtube.com\/channel\/UCZP-2wLEB9Rv6erhFmqVnvg"]},{"@type":"WebPage","@id":"https:\/\/candas365.es\/noticias\/la-llama-del-odio-el-lunes-en-portada\/#webpage","url":"https:\/\/candas365.es\/noticias\/la-llama-del-odio-el-lunes-en-portada\/","name":"\u2018La llama del odio\u2019 el lunes \u2018En Portada\u2019 | Cand\u00e1s 365","description":"'En Portada' estrena el reportaje 'La llama del odio' en el que muestra c\u00f3mo el discurso del odio ha reforzado su impacto, gracias a las nuevas tecnolog\u00edas y las fake news o noticias falsas. Un equipo del programa ha viajado por todo el mundo para mostrar c\u00f3mo la sociedad global se ha vuelto m\u00e1s indefensa","inLanguage":"es-ES","isPartOf":{"@id":"https:\/\/candas365.es\/noticias\/#website"},"breadcrumb":{"@id":"https:\/\/candas365.es\/noticias\/la-llama-del-odio-el-lunes-en-portada\/#breadcrumblist"},"author":{"@id":"https:\/\/candas365.es\/noticias\/author\/admin\/#author"},"creator":{"@id":"https:\/\/candas365.es\/noticias\/author\/admin\/#author"},"image":{"@type":"ImageObject","url":"https:\/\/candas365.es\/noticias\/wp-content\/uploads\/2017\/10\/1509183300785.jpg","@id":"https:\/\/candas365.es\/noticias\/la-llama-del-odio-el-lunes-en-portada\/#mainImage","width":800,"height":533},"primaryImageOfPage":{"@id":"https:\/\/candas365.es\/noticias\/la-llama-del-odio-el-lunes-en-portada\/#mainImage"},"datePublished":"2017-10-28T20:15:25+02:00","dateModified":"2017-10-28T20:15:25+02:00"},{"@type":"WebSite","@id":"https:\/\/candas365.es\/noticias\/#website","url":"https:\/\/candas365.es\/noticias\/","name":"Cand\u00e1s 365","alternateName":"Cand\u00e1s 365 Noticias","description":"Actualidad desde Carre\u00f1o para el mundo","inLanguage":"es-ES","publisher":{"@id":"https:\/\/candas365.es\/noticias\/#organization"}}]},"og:locale":"es_ES","og:site_name":"Cand\u00e1s 365","og:type":"article","og:title":"\u2018La llama del odio\u2019 el lunes \u2018En Portada\u2019 | Cand\u00e1s 365","og:description":"'En Portada' estrena el reportaje 'La llama del odio' en el que muestra c\u00f3mo el discurso del odio ha reforzado su impacto, gracias a las nuevas tecnolog\u00edas y las fake news o noticias falsas. Un equipo del programa ha viajado por todo el mundo para mostrar c\u00f3mo la sociedad global se ha vuelto m\u00e1s indefensa","og:url":"https:\/\/candas365.es\/noticias\/la-llama-del-odio-el-lunes-en-portada\/","og:image":"https:\/\/candas365.es\/noticias\/wp-content\/uploads\/2017\/10\/1509183300785.jpg","og:image:secure_url":"https:\/\/candas365.es\/noticias\/wp-content\/uploads\/2017\/10\/1509183300785.jpg","og:image:width":800,"og:image:height":533,"article:published_time":"2017-10-28T20:15:25+00:00","article:modified_time":"2017-10-28T20:15:25+00:00","article:publisher":"https:\/\/www.facebook.com\/Nachofdezber","article:author":"https:\/\/www.facebook.com\/carrenoactualidad","twitter:card":"summary_large_image","twitter:site":"@NabercoDigital","twitter:title":"\u2018La llama del odio\u2019 el lunes \u2018En Portada\u2019 | Cand\u00e1s 365","twitter:description":"'En Portada' estrena el reportaje 'La llama del odio' en el que muestra c\u00f3mo el discurso del odio ha reforzado su impacto, gracias a las nuevas tecnolog\u00edas y las fake news o noticias falsas. Un equipo del programa ha viajado por todo el mundo para mostrar c\u00f3mo la sociedad global se ha vuelto m\u00e1s indefensa","twitter:creator":"@nbasturias","twitter:image":"https:\/\/candas365.es\/noticias\/wp-content\/uploads\/2017\/10\/1509183300785.jpg","twitter:label1":"Escrito por","twitter:data1":"Cand\u00e1s 365","twitter:label2":"Tiempo de lectura estimado","twitter:data2":"1 minuto"},"aioseo_meta_data":{"post_id":"83057","title":null,"description":null,"keywords":null,"keyphrases":null,"primary_term":null,"canonical_url":null,"og_title":null,"og_description":null,"og_object_type":"default","og_image_type":"default","og_image_url":null,"og_image_width":null,"og_image_height":null,"og_image_custom_url":null,"og_image_custom_fields":null,"og_video":null,"og_custom_url":null,"og_article_section":null,"og_article_tags":null,"twitter_use_og":false,"twitter_card":"default","twitter_image_type":"default","twitter_image_url":null,"twitter_image_custom_url":null,"twitter_image_custom_fields":null,"twitter_title":null,"twitter_description":null,"schema":{"blockGraphs":[],"customGraphs":[],"default":{"data":{"Article":[],"Course":[],"Dataset":[],"FAQPage":[],"Movie":[],"Person":[],"Product":[],"ProductReview":[],"Car":[],"Recipe":[],"Service":[],"SoftwareApplication":[],"WebPage":[]},"graphName":"","isEnabled":true},"graphs":[],"defaultGraph":"","defaultPostTypeGraph":""},"schema_type":null,"schema_type_options":null,"pillar_content":false,"robots_default":true,"robots_noindex":false,"robots_noarchive":false,"robots_nosnippet":false,"robots_nofollow":false,"robots_noimageindex":false,"robots_noodp":false,"robots_notranslate":false,"robots_max_snippet":null,"robots_max_videopreview":null,"robots_max_imagepreview":"large","priority":null,"frequency":null,"location":null,"local_seo":null,"seo_analyzer_scan_date":"2025-08-26 03:49:14","breadcrumb_settings":null,"limit_modified_date":false,"reviewed_by":null,"open_ai":null,"ai":null,"created":"2020-12-21 12:32:56","updated":"2025-08-26 03:49:14"},"aioseo_breadcrumb":"<div class=\"aioseo-breadcrumbs\"><span class=\"aioseo-breadcrumb\">\n\t<a href=\"https:\/\/candas365.es\/noticias\" title=\"Home\">Home<\/a>\n<\/span><span class=\"aioseo-breadcrumb-separator\">&ndash;<\/span><span class=\"aioseo-breadcrumb\">\n\t<a href=\"https:\/\/candas365.es\/noticias\/category\/agenda\/\" title=\"Agenda\">Agenda<\/a>\n<\/span><span class=\"aioseo-breadcrumb-separator\">&ndash;<\/span><span class=\"aioseo-breadcrumb\">\n\t\u2018La llama del odio\u2019 el lunes \u2018En Portada\u2019\n<\/span><\/div>","aioseo_breadcrumb_json":[{"label":"Home","link":"https:\/\/candas365.es\/noticias"},{"label":"Agenda","link":"https:\/\/candas365.es\/noticias\/category\/agenda\/"},{"label":"&#8216;La llama del odio&#8217; el lunes &#8216;En Portada&#8217;","link":"https:\/\/candas365.es\/noticias\/la-llama-del-odio-el-lunes-en-portada\/"}],"_links":{"self":[{"href":"https:\/\/candas365.es\/noticias\/wp-json\/wp\/v2\/posts\/83057","targetHints":{"allow":["GET"]}}],"collection":[{"href":"https:\/\/candas365.es\/noticias\/wp-json\/wp\/v2\/posts"}],"about":[{"href":"https:\/\/candas365.es\/noticias\/wp-json\/wp\/v2\/types\/post"}],"author":[{"embeddable":true,"href":"https:\/\/candas365.es\/noticias\/wp-json\/wp\/v2\/users\/1"}],"replies":[{"embeddable":true,"href":"https:\/\/candas365.es\/noticias\/wp-json\/wp\/v2\/comments?post=83057"}],"version-history":[{"count":0,"href":"https:\/\/candas365.es\/noticias\/wp-json\/wp\/v2\/posts\/83057\/revisions"}],"wp:featuredmedia":[{"embeddable":true,"href":"https:\/\/candas365.es\/noticias\/wp-json\/wp\/v2\/media\/83058"}],"wp:attachment":[{"href":"https:\/\/candas365.es\/noticias\/wp-json\/wp\/v2\/media?parent=83057"}],"wp:term":[{"taxonomy":"category","embeddable":true,"href":"https:\/\/candas365.es\/noticias\/wp-json\/wp\/v2\/categories?post=83057"},{"taxonomy":"post_tag","embeddable":true,"href":"https:\/\/candas365.es\/noticias\/wp-json\/wp\/v2\/tags?post=83057"}],"curies":[{"name":"wp","href":"https:\/\/api.w.org\/{rel}","templated":true}]}}