{"id":83052,"date":"2017-10-28T20:05:23","date_gmt":"2017-10-28T20:05:23","guid":{"rendered":"http:\/\/candas365.es\/noticias\/?p=83052"},"modified":"2017-10-28T20:05:23","modified_gmt":"2017-10-28T20:05:23","slug":"las-propuestas-historia-de-nuestro-cine","status":"publish","type":"post","link":"https:\/\/candas365.es\/noticias\/las-propuestas-historia-de-nuestro-cine\/","title":{"rendered":"Las propuestas \u201cHistoria de nuestro cine\u201d"},"content":{"rendered":"<p><img fetchpriority=\"high\" decoding=\"async\" class=\"alignleft size-medium wp-image-83053\" src=\"https:\/\/candas365.es\/noticias\/wp-content\/uploads\/2017\/10\/1509104852562-360x240.jpg\" alt=\"\" width=\"360\" height=\"240\" srcset=\"https:\/\/candas365.es\/noticias\/wp-content\/uploads\/2017\/10\/1509104852562-360x240.jpg 360w, https:\/\/candas365.es\/noticias\/wp-content\/uploads\/2017\/10\/1509104852562-768x512.jpg 768w, https:\/\/candas365.es\/noticias\/wp-content\/uploads\/2017\/10\/1509104852562-655x436.jpg 655w, https:\/\/candas365.es\/noticias\/wp-content\/uploads\/2017\/10\/1509104852562-696x464.jpg 696w, https:\/\/candas365.es\/noticias\/wp-content\/uploads\/2017\/10\/1509104852562-630x420.jpg 630w, https:\/\/candas365.es\/noticias\/wp-content\/uploads\/2017\/10\/1509104852562-84x55.jpg 84w, https:\/\/candas365.es\/noticias\/wp-content\/uploads\/2017\/10\/1509104852562.jpg 800w\" sizes=\"(max-width: 360px) 100vw, 360px\" \/>&#8216;Historia de nuestro cine&#8217; emitir\u00e1 la pr\u00f3xima semana cinco pel\u00edculas consideradas rarezas dentro de la historia del cine espa\u00f1ol, como &#8216;Frente de Madrid&#8217;, &#8216;La venganza de Don Mendo&#8217;, &#8216;Carta de amor de un asesino&#8217;, &#8216;Morir, dormir, tal vez so\u00f1ar&#8217; y &#8216;La reina an\u00f3nima&#8217;. El viernes, en el coloquio que modera Elena S. S\u00e1nchez, participar\u00e1n el historiador Jos\u00e9 Luis Castro de Paz, la historiadora del Arte Jara Y\u00e1\u00f1ez y el periodista y escritor Christian Franco; junto a ellos el cr\u00edtico de cine y colaborador habitual del programa Jordi Costa.<\/p>\n<p>El lunes se emitir\u00e1 &#8216;Frente de Madrid&#8217;, de Edgar Neville, que comentar\u00e1 el historiador cinematogr\u00e1fico y coordinador de contenidos del programa Luis E. Par\u00e9s; el martes, &#8216;La venganza de Don Mendo&#8217;, de Fernando Fern\u00e1n G\u00f3mez, que introducir\u00e1 el cr\u00edtico y profesor Fernando M\u00e9ndez-Leite; el mi\u00e9rcoles, &#8216;Carta de amor de un asesino&#8217;, de Francisco Regueiro, que presentar\u00e1 el cr\u00edtico e historiador cinematogr\u00e1fico Carlos F. Heredero; el jueves, &#8216;Morir, dormir, tal vez so\u00f1ar&#8217;, de Manuel Mur Oti, que analizar\u00e1 el cr\u00edtico de cine Javier Oca\u00f1a<\/p>\n<p>El viernes se emitir\u00e1 &#8216;La reina an\u00f3nima&#8217;, de Gonzalo Su\u00e1rez, que presentar\u00e1 la investigadora cinematogr\u00e1fica Andrea Mor\u00e1n. En el coloquio sobre pel\u00edculas inclasificables del cine espa\u00f1ol participar\u00e1n el historiador de cine y doctor en Historia del Arte y escritor, Jos\u00e9 Luis Castro de Paz, la historiadora del Arte y doctora en Historia del Cine, Jara Y\u00e1\u00f1ez, y Christian Franco, periodista, historiador y autor del libro &#8216;Edgar Neville: Duende y misterio de un cineasta espa\u00f1ol; junto a ellos el cr\u00edtico de cine y colaborador habitual del programa Jordi Costa.<\/p>\n<p><strong>&#8216;Historia de nuestro cine&#8217;<\/strong><\/p>\n<p>&#8216;Historia de nuestro cine&#8217; se estren\u00f3 en mayo de 2015 en La 2 con la idea de revisar en prime time gran parte del cine espa\u00f1ol desde los a\u00f1os 30 hasta finales del siglo XX y recuperar muchas pel\u00edculas que no se han emitido en muchos a\u00f1os en otros espacios de cine de RTVE. Presentado por Elena S. S\u00e1nchez, coordinado por el historiador cinematogr\u00e1fico Luis E. Par\u00e9s y dirigido por Francisco Quintanar, el espacio cuenta con un equipo de expertos que introducen cada pel\u00edcula.<\/p>\n","protected":false},"excerpt":{"rendered":"<p>&#8216;Historia de nuestro cine&#8217; emitir\u00e1 la pr\u00f3xima semana cinco pel\u00edculas consideradas rarezas dentro de la historia del cine espa\u00f1ol, como &#8216;Frente de Madrid&#8217;, &#8216;La venganza de Don Mendo&#8217;, &#8216;Carta de amor de un asesino&#8217;, &#8216;Morir, dormir, tal vez so\u00f1ar&#8217; y &#8216;La reina an\u00f3nima&#8217;. El viernes, en el coloquio que modera Elena S. S\u00e1nchez, participar\u00e1n el<\/p>\n","protected":false},"author":1,"featured_media":83053,"comment_status":"closed","ping_status":"closed","sticky":false,"template":"","format":"standard","meta":{"footnotes":""},"categories":[1],"tags":[],"class_list":{"0":"post-83052","1":"post","2":"type-post","3":"status-publish","4":"format-standard","5":"has-post-thumbnail","7":"category-agenda"},"aioseo_notices":[],"aioseo_head":"\n\t\t<!-- All in One SEO Pro 4.9.6.2 - aioseo.com -->\n\t<meta name=\"description\" content=\"&#039;Historia de nuestro cine&#039; emitir\u00e1 la pr\u00f3xima semana cinco pel\u00edculas consideradas rarezas dentro de la historia del cine espa\u00f1ol, como &#039;Frente de Madrid&#039;, &#039;La venganza de Don Mendo&#039;, &#039;Carta de amor de un asesino&#039;, &#039;Morir, dormir, tal vez so\u00f1ar&#039; y &#039;La reina an\u00f3nima&#039;. El viernes, en el coloquio que modera Elena S. S\u00e1nchez, participar\u00e1n el\" \/>\n\t<meta name=\"robots\" content=\"max-image-preview:large\" \/>\n\t<meta name=\"author\" content=\"Cand\u00e1s 365\"\/>\n\t<meta name=\"google-site-verification\" content=\"UA-32230408-1\" \/>\n\t<meta name=\"msvalidate.01\" content=\"354F3CDFB2DA171B47FBE9ABF1F88D5\" \/>\n\t<meta name=\"keywords\" content=\"agenda\" \/>\n\t<link rel=\"canonical\" href=\"https:\/\/candas365.es\/noticias\/las-propuestas-historia-de-nuestro-cine\/\" \/>\n\t<meta name=\"generator\" content=\"All in One SEO Pro (AIOSEO) 4.9.6.2\" \/>\n\t\t<meta property=\"og:locale\" content=\"es_ES\" \/>\n\t\t<meta property=\"og:site_name\" content=\"Cand\u00e1s 365\" \/>\n\t\t<meta property=\"og:type\" content=\"article\" \/>\n\t\t<meta property=\"og:title\" content=\"Las propuestas \u201cHistoria de nuestro cine\u201d | Cand\u00e1s 365\" \/>\n\t\t<meta property=\"og:description\" content=\"&#039;Historia de nuestro cine&#039; emitir\u00e1 la pr\u00f3xima semana cinco pel\u00edculas consideradas rarezas dentro de la historia del cine espa\u00f1ol, como &#039;Frente de Madrid&#039;, &#039;La venganza de Don Mendo&#039;, &#039;Carta de amor de un asesino&#039;, &#039;Morir, dormir, tal vez so\u00f1ar&#039; y &#039;La reina an\u00f3nima&#039;. El viernes, en el coloquio que modera Elena S. S\u00e1nchez, participar\u00e1n el\" \/>\n\t\t<meta property=\"og:url\" content=\"https:\/\/candas365.es\/noticias\/las-propuestas-historia-de-nuestro-cine\/\" \/>\n\t\t<meta property=\"og:image\" content=\"https:\/\/candas365.es\/noticias\/wp-content\/uploads\/2017\/10\/1509104852562.jpg\" \/>\n\t\t<meta property=\"og:image:secure_url\" content=\"https:\/\/candas365.es\/noticias\/wp-content\/uploads\/2017\/10\/1509104852562.jpg\" \/>\n\t\t<meta property=\"og:image:width\" content=\"800\" \/>\n\t\t<meta property=\"og:image:height\" content=\"533\" \/>\n\t\t<meta property=\"article:published_time\" content=\"2017-10-28T20:05:23+00:00\" \/>\n\t\t<meta property=\"article:modified_time\" content=\"2017-10-28T20:05:23+00:00\" \/>\n\t\t<meta property=\"article:publisher\" content=\"https:\/\/www.facebook.com\/Nachofdezber\" \/>\n\t\t<meta property=\"article:author\" content=\"https:\/\/www.facebook.com\/carrenoactualidad\" \/>\n\t\t<meta name=\"twitter:card\" content=\"summary_large_image\" \/>\n\t\t<meta name=\"twitter:site\" content=\"@NabercoDigital\" \/>\n\t\t<meta name=\"twitter:title\" content=\"Las propuestas \u201cHistoria de nuestro cine\u201d | Cand\u00e1s 365\" \/>\n\t\t<meta name=\"twitter:description\" content=\"&#039;Historia de nuestro cine&#039; emitir\u00e1 la pr\u00f3xima semana cinco pel\u00edculas consideradas rarezas dentro de la historia del cine espa\u00f1ol, como &#039;Frente de Madrid&#039;, &#039;La venganza de Don Mendo&#039;, &#039;Carta de amor de un asesino&#039;, &#039;Morir, dormir, tal vez so\u00f1ar&#039; y &#039;La reina an\u00f3nima&#039;. El viernes, en el coloquio que modera Elena S. S\u00e1nchez, participar\u00e1n el\" \/>\n\t\t<meta name=\"twitter:creator\" content=\"@nbasturias\" \/>\n\t\t<meta name=\"twitter:image\" content=\"https:\/\/candas365.es\/noticias\/wp-content\/uploads\/2017\/10\/1509104852562.jpg\" \/>\n\t\t<meta name=\"twitter:label1\" content=\"Escrito por\" \/>\n\t\t<meta name=\"twitter:data1\" content=\"Cand\u00e1s 365\" \/>\n\t\t<meta name=\"twitter:label2\" content=\"Tiempo de lectura estimado\" \/>\n\t\t<meta name=\"twitter:data2\" content=\"2 minutos\" \/>\n\t\t<script type=\"application\/ld+json\" class=\"aioseo-schema\">\n\t\t\t{\"@context\":\"https:\\\/\\\/schema.org\",\"@graph\":[{\"@type\":\"BreadcrumbList\",\"@id\":\"https:\\\/\\\/candas365.es\\\/noticias\\\/las-propuestas-historia-de-nuestro-cine\\\/#breadcrumblist\",\"itemListElement\":[{\"@type\":\"ListItem\",\"@id\":\"https:\\\/\\\/candas365.es\\\/noticias#listItem\",\"position\":1,\"name\":\"Home\",\"item\":\"https:\\\/\\\/candas365.es\\\/noticias\",\"nextItem\":{\"@type\":\"ListItem\",\"@id\":\"https:\\\/\\\/candas365.es\\\/noticias\\\/category\\\/agenda\\\/#listItem\",\"name\":\"Agenda\"}},{\"@type\":\"ListItem\",\"@id\":\"https:\\\/\\\/candas365.es\\\/noticias\\\/category\\\/agenda\\\/#listItem\",\"position\":2,\"name\":\"Agenda\",\"item\":\"https:\\\/\\\/candas365.es\\\/noticias\\\/category\\\/agenda\\\/\",\"nextItem\":{\"@type\":\"ListItem\",\"@id\":\"https:\\\/\\\/candas365.es\\\/noticias\\\/las-propuestas-historia-de-nuestro-cine\\\/#listItem\",\"name\":\"Las propuestas \\u201cHistoria de nuestro cine\\u201d\"},\"previousItem\":{\"@type\":\"ListItem\",\"@id\":\"https:\\\/\\\/candas365.es\\\/noticias#listItem\",\"name\":\"Home\"}},{\"@type\":\"ListItem\",\"@id\":\"https:\\\/\\\/candas365.es\\\/noticias\\\/las-propuestas-historia-de-nuestro-cine\\\/#listItem\",\"position\":3,\"name\":\"Las propuestas \\u201cHistoria de nuestro cine\\u201d\",\"previousItem\":{\"@type\":\"ListItem\",\"@id\":\"https:\\\/\\\/candas365.es\\\/noticias\\\/category\\\/agenda\\\/#listItem\",\"name\":\"Agenda\"}}]},{\"@type\":\"NewsArticle\",\"@id\":\"https:\\\/\\\/candas365.es\\\/noticias\\\/las-propuestas-historia-de-nuestro-cine\\\/#newsarticle\",\"name\":\"Las propuestas \\u201cHistoria de nuestro cine\\u201d | Cand\\u00e1s 365\",\"headline\":\"Las propuestas \\u201cHistoria de nuestro cine\\u201d\",\"author\":{\"@id\":\"https:\\\/\\\/candas365.es\\\/noticias\\\/author\\\/admin\\\/#author\"},\"publisher\":{\"@id\":\"https:\\\/\\\/candas365.es\\\/noticias\\\/#organization\"},\"image\":{\"@type\":\"ImageObject\",\"url\":\"https:\\\/\\\/candas365.es\\\/noticias\\\/wp-content\\\/uploads\\\/2017\\\/10\\\/1509104852562.jpg\",\"width\":800,\"height\":533},\"datePublished\":\"2017-10-28T20:05:23+02:00\",\"dateModified\":\"2017-10-28T20:05:23+02:00\",\"inLanguage\":\"es-ES\",\"mainEntityOfPage\":{\"@id\":\"https:\\\/\\\/candas365.es\\\/noticias\\\/las-propuestas-historia-de-nuestro-cine\\\/#webpage\"},\"isPartOf\":{\"@id\":\"https:\\\/\\\/candas365.es\\\/noticias\\\/las-propuestas-historia-de-nuestro-cine\\\/#webpage\"},\"articleSection\":\"Agenda\",\"dateline\":\"Publicado el octubre 28, 2017.\"},{\"@type\":\"Organization\",\"@id\":\"https:\\\/\\\/candas365.es\\\/noticias\\\/#organization\",\"name\":\"Cand\\u00e1s 365\",\"description\":\"Cand\\u00e1s 365 es un diario digital independiente, fundado en 2012, con base en Asturias. Informamos con rigor sobre actualidad, sociedad, cultura y ocio, con una mirada local y global.\",\"url\":\"https:\\\/\\\/candas365.es\\\/noticias\\\/\",\"email\":\"info@candas365.es\",\"telephone\":\"+34652131393\",\"foundingDate\":\"2012-06-10\",\"logo\":{\"@type\":\"ImageObject\",\"url\":\"https:\\\/\\\/candas365.es\\\/noticias\\\/wp-content\\\/uploads\\\/2024\\\/09\\\/Candas-365-Redes.jpg\",\"@id\":\"https:\\\/\\\/candas365.es\\\/noticias\\\/las-propuestas-historia-de-nuestro-cine\\\/#organizationLogo\",\"width\":1152,\"height\":864,\"caption\":\"Cand\\u00e1s 365 Redes\"},\"image\":{\"@id\":\"https:\\\/\\\/candas365.es\\\/noticias\\\/las-propuestas-historia-de-nuestro-cine\\\/#organizationLogo\"},\"sameAs\":[\"https:\\\/\\\/www.facebook.com\\\/Nachofdezber\",\"https:\\\/\\\/x.com\\\/NabercoDigital\",\"https:\\\/\\\/www.instagram.com\\\/nachofdezber\\\/\",\"https:\\\/\\\/www.youtube.com\\\/channel\\\/UCZP-2wLEB9Rv6erhFmqVnvg\"],\"address\":{\"@id\":\"https:\\\/\\\/candas365.es\\\/noticias\\\/#postaladdress\",\"@type\":\"PostalAddress\",\"streetAddress\":\"san antonio 4, san antonio 4\",\"postalCode\":\"33430\",\"addressLocality\":\"Cand\\u00e1s\",\"addressRegion\":\"Asturias\",\"addressCountry\":\"ES\"}},{\"@type\":\"Person\",\"@id\":\"https:\\\/\\\/candas365.es\\\/noticias\\\/author\\\/admin\\\/#author\",\"url\":\"https:\\\/\\\/candas365.es\\\/noticias\\\/author\\\/admin\\\/\",\"name\":\"Cand\\u00e1s 365\",\"image\":{\"@type\":\"ImageObject\",\"@id\":\"https:\\\/\\\/candas365.es\\\/noticias\\\/las-propuestas-historia-de-nuestro-cine\\\/#authorImage\",\"url\":\"https:\\\/\\\/secure.gravatar.com\\\/avatar\\\/496a8e03d0c493ede1718b7934145dbdf8d89be1036b0eec9544e1094c9de390?s=96&d=mm&r=g\",\"width\":96,\"height\":96,\"caption\":\"Cand\\u00e1s 365\"},\"sameAs\":[\"https:\\\/\\\/www.facebook.com\\\/carrenoactualidad\",\"https:\\\/\\\/twitter.com\\\/nbasturias\",\"https:\\\/\\\/www.instagram.com\\\/nachofdezber\\\/\",\"https:\\\/\\\/www.youtube.com\\\/channel\\\/UCZP-2wLEB9Rv6erhFmqVnvg\"]},{\"@type\":\"WebPage\",\"@id\":\"https:\\\/\\\/candas365.es\\\/noticias\\\/las-propuestas-historia-de-nuestro-cine\\\/#webpage\",\"url\":\"https:\\\/\\\/candas365.es\\\/noticias\\\/las-propuestas-historia-de-nuestro-cine\\\/\",\"name\":\"Las propuestas \\u201cHistoria de nuestro cine\\u201d | Cand\\u00e1s 365\",\"description\":\"'Historia de nuestro cine' emitir\\u00e1 la pr\\u00f3xima semana cinco pel\\u00edculas consideradas rarezas dentro de la historia del cine espa\\u00f1ol, como 'Frente de Madrid', 'La venganza de Don Mendo', 'Carta de amor de un asesino', 'Morir, dormir, tal vez so\\u00f1ar' y 'La reina an\\u00f3nima'. El viernes, en el coloquio que modera Elena S. S\\u00e1nchez, participar\\u00e1n el\",\"inLanguage\":\"es-ES\",\"isPartOf\":{\"@id\":\"https:\\\/\\\/candas365.es\\\/noticias\\\/#website\"},\"breadcrumb\":{\"@id\":\"https:\\\/\\\/candas365.es\\\/noticias\\\/las-propuestas-historia-de-nuestro-cine\\\/#breadcrumblist\"},\"author\":{\"@id\":\"https:\\\/\\\/candas365.es\\\/noticias\\\/author\\\/admin\\\/#author\"},\"creator\":{\"@id\":\"https:\\\/\\\/candas365.es\\\/noticias\\\/author\\\/admin\\\/#author\"},\"image\":{\"@type\":\"ImageObject\",\"url\":\"https:\\\/\\\/candas365.es\\\/noticias\\\/wp-content\\\/uploads\\\/2017\\\/10\\\/1509104852562.jpg\",\"@id\":\"https:\\\/\\\/candas365.es\\\/noticias\\\/las-propuestas-historia-de-nuestro-cine\\\/#mainImage\",\"width\":800,\"height\":533},\"primaryImageOfPage\":{\"@id\":\"https:\\\/\\\/candas365.es\\\/noticias\\\/las-propuestas-historia-de-nuestro-cine\\\/#mainImage\"},\"datePublished\":\"2017-10-28T20:05:23+02:00\",\"dateModified\":\"2017-10-28T20:05:23+02:00\"},{\"@type\":\"WebSite\",\"@id\":\"https:\\\/\\\/candas365.es\\\/noticias\\\/#website\",\"url\":\"https:\\\/\\\/candas365.es\\\/noticias\\\/\",\"name\":\"Cand\\u00e1s 365\",\"alternateName\":\"Cand\\u00e1s 365 Noticias\",\"description\":\"Actualidad desde Carre\\u00f1o para el mundo\",\"inLanguage\":\"es-ES\",\"publisher\":{\"@id\":\"https:\\\/\\\/candas365.es\\\/noticias\\\/#organization\"}}]}\n\t\t<\/script>\n\t\t<!-- All in One SEO Pro -->\r\n\t\t<title>Las propuestas \u201cHistoria de nuestro cine\u201d | Cand\u00e1s 365<\/title>\n\n","aioseo_head_json":{"title":"Las propuestas \u201cHistoria de nuestro cine\u201d | Cand\u00e1s 365","description":"'Historia de nuestro cine' emitir\u00e1 la pr\u00f3xima semana cinco pel\u00edculas consideradas rarezas dentro de la historia del cine espa\u00f1ol, como 'Frente de Madrid', 'La venganza de Don Mendo', 'Carta de amor de un asesino', 'Morir, dormir, tal vez so\u00f1ar' y 'La reina an\u00f3nima'. El viernes, en el coloquio que modera Elena S. S\u00e1nchez, participar\u00e1n el","canonical_url":"https:\/\/candas365.es\/noticias\/las-propuestas-historia-de-nuestro-cine\/","robots":"max-image-preview:large","keywords":"agenda","webmasterTools":{"google-site-verification":"UA-32230408-1","msvalidate.01":"354F3CDFB2DA171B47FBE9ABF1F88D5","miscellaneous":""},"schema":{"@context":"https:\/\/schema.org","@graph":[{"@type":"BreadcrumbList","@id":"https:\/\/candas365.es\/noticias\/las-propuestas-historia-de-nuestro-cine\/#breadcrumblist","itemListElement":[{"@type":"ListItem","@id":"https:\/\/candas365.es\/noticias#listItem","position":1,"name":"Home","item":"https:\/\/candas365.es\/noticias","nextItem":{"@type":"ListItem","@id":"https:\/\/candas365.es\/noticias\/category\/agenda\/#listItem","name":"Agenda"}},{"@type":"ListItem","@id":"https:\/\/candas365.es\/noticias\/category\/agenda\/#listItem","position":2,"name":"Agenda","item":"https:\/\/candas365.es\/noticias\/category\/agenda\/","nextItem":{"@type":"ListItem","@id":"https:\/\/candas365.es\/noticias\/las-propuestas-historia-de-nuestro-cine\/#listItem","name":"Las propuestas \u201cHistoria de nuestro cine\u201d"},"previousItem":{"@type":"ListItem","@id":"https:\/\/candas365.es\/noticias#listItem","name":"Home"}},{"@type":"ListItem","@id":"https:\/\/candas365.es\/noticias\/las-propuestas-historia-de-nuestro-cine\/#listItem","position":3,"name":"Las propuestas \u201cHistoria de nuestro cine\u201d","previousItem":{"@type":"ListItem","@id":"https:\/\/candas365.es\/noticias\/category\/agenda\/#listItem","name":"Agenda"}}]},{"@type":"NewsArticle","@id":"https:\/\/candas365.es\/noticias\/las-propuestas-historia-de-nuestro-cine\/#newsarticle","name":"Las propuestas \u201cHistoria de nuestro cine\u201d | Cand\u00e1s 365","headline":"Las propuestas \u201cHistoria de nuestro cine\u201d","author":{"@id":"https:\/\/candas365.es\/noticias\/author\/admin\/#author"},"publisher":{"@id":"https:\/\/candas365.es\/noticias\/#organization"},"image":{"@type":"ImageObject","url":"https:\/\/candas365.es\/noticias\/wp-content\/uploads\/2017\/10\/1509104852562.jpg","width":800,"height":533},"datePublished":"2017-10-28T20:05:23+02:00","dateModified":"2017-10-28T20:05:23+02:00","inLanguage":"es-ES","mainEntityOfPage":{"@id":"https:\/\/candas365.es\/noticias\/las-propuestas-historia-de-nuestro-cine\/#webpage"},"isPartOf":{"@id":"https:\/\/candas365.es\/noticias\/las-propuestas-historia-de-nuestro-cine\/#webpage"},"articleSection":"Agenda","dateline":"Publicado el octubre 28, 2017."},{"@type":"Organization","@id":"https:\/\/candas365.es\/noticias\/#organization","name":"Cand\u00e1s 365","description":"Cand\u00e1s 365 es un diario digital independiente, fundado en 2012, con base en Asturias. Informamos con rigor sobre actualidad, sociedad, cultura y ocio, con una mirada local y global.","url":"https:\/\/candas365.es\/noticias\/","email":"info@candas365.es","telephone":"+34652131393","foundingDate":"2012-06-10","logo":{"@type":"ImageObject","url":"https:\/\/candas365.es\/noticias\/wp-content\/uploads\/2024\/09\/Candas-365-Redes.jpg","@id":"https:\/\/candas365.es\/noticias\/las-propuestas-historia-de-nuestro-cine\/#organizationLogo","width":1152,"height":864,"caption":"Cand\u00e1s 365 Redes"},"image":{"@id":"https:\/\/candas365.es\/noticias\/las-propuestas-historia-de-nuestro-cine\/#organizationLogo"},"sameAs":["https:\/\/www.facebook.com\/Nachofdezber","https:\/\/x.com\/NabercoDigital","https:\/\/www.instagram.com\/nachofdezber\/","https:\/\/www.youtube.com\/channel\/UCZP-2wLEB9Rv6erhFmqVnvg"],"address":{"@id":"https:\/\/candas365.es\/noticias\/#postaladdress","@type":"PostalAddress","streetAddress":"san antonio 4, san antonio 4","postalCode":"33430","addressLocality":"Cand\u00e1s","addressRegion":"Asturias","addressCountry":"ES"}},{"@type":"Person","@id":"https:\/\/candas365.es\/noticias\/author\/admin\/#author","url":"https:\/\/candas365.es\/noticias\/author\/admin\/","name":"Cand\u00e1s 365","image":{"@type":"ImageObject","@id":"https:\/\/candas365.es\/noticias\/las-propuestas-historia-de-nuestro-cine\/#authorImage","url":"https:\/\/secure.gravatar.com\/avatar\/496a8e03d0c493ede1718b7934145dbdf8d89be1036b0eec9544e1094c9de390?s=96&d=mm&r=g","width":96,"height":96,"caption":"Cand\u00e1s 365"},"sameAs":["https:\/\/www.facebook.com\/carrenoactualidad","https:\/\/twitter.com\/nbasturias","https:\/\/www.instagram.com\/nachofdezber\/","https:\/\/www.youtube.com\/channel\/UCZP-2wLEB9Rv6erhFmqVnvg"]},{"@type":"WebPage","@id":"https:\/\/candas365.es\/noticias\/las-propuestas-historia-de-nuestro-cine\/#webpage","url":"https:\/\/candas365.es\/noticias\/las-propuestas-historia-de-nuestro-cine\/","name":"Las propuestas \u201cHistoria de nuestro cine\u201d | Cand\u00e1s 365","description":"'Historia de nuestro cine' emitir\u00e1 la pr\u00f3xima semana cinco pel\u00edculas consideradas rarezas dentro de la historia del cine espa\u00f1ol, como 'Frente de Madrid', 'La venganza de Don Mendo', 'Carta de amor de un asesino', 'Morir, dormir, tal vez so\u00f1ar' y 'La reina an\u00f3nima'. El viernes, en el coloquio que modera Elena S. S\u00e1nchez, participar\u00e1n el","inLanguage":"es-ES","isPartOf":{"@id":"https:\/\/candas365.es\/noticias\/#website"},"breadcrumb":{"@id":"https:\/\/candas365.es\/noticias\/las-propuestas-historia-de-nuestro-cine\/#breadcrumblist"},"author":{"@id":"https:\/\/candas365.es\/noticias\/author\/admin\/#author"},"creator":{"@id":"https:\/\/candas365.es\/noticias\/author\/admin\/#author"},"image":{"@type":"ImageObject","url":"https:\/\/candas365.es\/noticias\/wp-content\/uploads\/2017\/10\/1509104852562.jpg","@id":"https:\/\/candas365.es\/noticias\/las-propuestas-historia-de-nuestro-cine\/#mainImage","width":800,"height":533},"primaryImageOfPage":{"@id":"https:\/\/candas365.es\/noticias\/las-propuestas-historia-de-nuestro-cine\/#mainImage"},"datePublished":"2017-10-28T20:05:23+02:00","dateModified":"2017-10-28T20:05:23+02:00"},{"@type":"WebSite","@id":"https:\/\/candas365.es\/noticias\/#website","url":"https:\/\/candas365.es\/noticias\/","name":"Cand\u00e1s 365","alternateName":"Cand\u00e1s 365 Noticias","description":"Actualidad desde Carre\u00f1o para el mundo","inLanguage":"es-ES","publisher":{"@id":"https:\/\/candas365.es\/noticias\/#organization"}}]},"og:locale":"es_ES","og:site_name":"Cand\u00e1s 365","og:type":"article","og:title":"Las propuestas \u201cHistoria de nuestro cine\u201d | Cand\u00e1s 365","og:description":"'Historia de nuestro cine' emitir\u00e1 la pr\u00f3xima semana cinco pel\u00edculas consideradas rarezas dentro de la historia del cine espa\u00f1ol, como 'Frente de Madrid', 'La venganza de Don Mendo', 'Carta de amor de un asesino', 'Morir, dormir, tal vez so\u00f1ar' y 'La reina an\u00f3nima'. El viernes, en el coloquio que modera Elena S. S\u00e1nchez, participar\u00e1n el","og:url":"https:\/\/candas365.es\/noticias\/las-propuestas-historia-de-nuestro-cine\/","og:image":"https:\/\/candas365.es\/noticias\/wp-content\/uploads\/2017\/10\/1509104852562.jpg","og:image:secure_url":"https:\/\/candas365.es\/noticias\/wp-content\/uploads\/2017\/10\/1509104852562.jpg","og:image:width":800,"og:image:height":533,"article:published_time":"2017-10-28T20:05:23+00:00","article:modified_time":"2017-10-28T20:05:23+00:00","article:publisher":"https:\/\/www.facebook.com\/Nachofdezber","article:author":"https:\/\/www.facebook.com\/carrenoactualidad","twitter:card":"summary_large_image","twitter:site":"@NabercoDigital","twitter:title":"Las propuestas \u201cHistoria de nuestro cine\u201d | Cand\u00e1s 365","twitter:description":"'Historia de nuestro cine' emitir\u00e1 la pr\u00f3xima semana cinco pel\u00edculas consideradas rarezas dentro de la historia del cine espa\u00f1ol, como 'Frente de Madrid', 'La venganza de Don Mendo', 'Carta de amor de un asesino', 'Morir, dormir, tal vez so\u00f1ar' y 'La reina an\u00f3nima'. El viernes, en el coloquio que modera Elena S. S\u00e1nchez, participar\u00e1n el","twitter:creator":"@nbasturias","twitter:image":"https:\/\/candas365.es\/noticias\/wp-content\/uploads\/2017\/10\/1509104852562.jpg","twitter:label1":"Escrito por","twitter:data1":"Cand\u00e1s 365","twitter:label2":"Tiempo de lectura estimado","twitter:data2":"2 minutos"},"aioseo_meta_data":{"post_id":"83052","title":null,"description":null,"keywords":null,"keyphrases":null,"primary_term":null,"canonical_url":null,"og_title":null,"og_description":null,"og_object_type":"default","og_image_type":"default","og_image_url":null,"og_image_width":null,"og_image_height":null,"og_image_custom_url":null,"og_image_custom_fields":null,"og_video":null,"og_custom_url":null,"og_article_section":null,"og_article_tags":null,"twitter_use_og":false,"twitter_card":"default","twitter_image_type":"default","twitter_image_url":null,"twitter_image_custom_url":null,"twitter_image_custom_fields":null,"twitter_title":null,"twitter_description":null,"schema":{"blockGraphs":[],"customGraphs":[],"default":{"data":{"Article":[],"Course":[],"Dataset":[],"FAQPage":[],"Movie":[],"Person":[],"Product":[],"ProductReview":[],"Car":[],"Recipe":[],"Service":[],"SoftwareApplication":[],"WebPage":[]},"graphName":"","isEnabled":true},"graphs":[]},"schema_type":null,"schema_type_options":null,"pillar_content":false,"robots_default":true,"robots_noindex":false,"robots_noarchive":false,"robots_nosnippet":false,"robots_nofollow":false,"robots_noimageindex":false,"robots_noodp":false,"robots_notranslate":false,"robots_max_snippet":null,"robots_max_videopreview":null,"robots_max_imagepreview":"large","priority":null,"frequency":null,"location":null,"local_seo":null,"seo_analyzer_scan_date":"2025-08-26 03:49:12","breadcrumb_settings":null,"limit_modified_date":false,"reviewed_by":null,"open_ai":null,"ai":null,"created":"2020-12-21 12:32:56","updated":"2025-08-26 03:49:12"},"aioseo_breadcrumb":"<div class=\"aioseo-breadcrumbs\"><span class=\"aioseo-breadcrumb\">\n\t<a href=\"https:\/\/candas365.es\/noticias\" title=\"Home\">Home<\/a>\n<\/span><span class=\"aioseo-breadcrumb-separator\">&ndash;<\/span><span class=\"aioseo-breadcrumb\">\n\t<a href=\"https:\/\/candas365.es\/noticias\/category\/agenda\/\" title=\"Agenda\">Agenda<\/a>\n<\/span><span class=\"aioseo-breadcrumb-separator\">&ndash;<\/span><span class=\"aioseo-breadcrumb\">\n\tLas propuestas \u201cHistoria de nuestro cine\u201d\n<\/span><\/div>","aioseo_breadcrumb_json":[{"label":"Home","link":"https:\/\/candas365.es\/noticias"},{"label":"Agenda","link":"https:\/\/candas365.es\/noticias\/category\/agenda\/"},{"label":"Las propuestas \u201cHistoria de nuestro cine\u201d","link":"https:\/\/candas365.es\/noticias\/las-propuestas-historia-de-nuestro-cine\/"}],"_links":{"self":[{"href":"https:\/\/candas365.es\/noticias\/wp-json\/wp\/v2\/posts\/83052","targetHints":{"allow":["GET"]}}],"collection":[{"href":"https:\/\/candas365.es\/noticias\/wp-json\/wp\/v2\/posts"}],"about":[{"href":"https:\/\/candas365.es\/noticias\/wp-json\/wp\/v2\/types\/post"}],"author":[{"embeddable":true,"href":"https:\/\/candas365.es\/noticias\/wp-json\/wp\/v2\/users\/1"}],"replies":[{"embeddable":true,"href":"https:\/\/candas365.es\/noticias\/wp-json\/wp\/v2\/comments?post=83052"}],"version-history":[{"count":0,"href":"https:\/\/candas365.es\/noticias\/wp-json\/wp\/v2\/posts\/83052\/revisions"}],"wp:featuredmedia":[{"embeddable":true,"href":"https:\/\/candas365.es\/noticias\/wp-json\/wp\/v2\/media\/83053"}],"wp:attachment":[{"href":"https:\/\/candas365.es\/noticias\/wp-json\/wp\/v2\/media?parent=83052"}],"wp:term":[{"taxonomy":"category","embeddable":true,"href":"https:\/\/candas365.es\/noticias\/wp-json\/wp\/v2\/categories?post=83052"},{"taxonomy":"post_tag","embeddable":true,"href":"https:\/\/candas365.es\/noticias\/wp-json\/wp\/v2\/tags?post=83052"}],"curies":[{"name":"wp","href":"https:\/\/api.w.org\/{rel}","templated":true}]}}