{"id":83045,"date":"2017-10-28T19:53:01","date_gmt":"2017-10-28T19:53:01","guid":{"rendered":"http:\/\/candas365.es\/noticias\/?p=83045"},"modified":"2017-10-28T19:53:01","modified_gmt":"2017-10-28T19:53:01","slug":"el-parque-natural-de-la-sierra-norte-de-guadalajara-en-80-cm","status":"publish","type":"post","link":"https:\/\/candas365.es\/noticias\/el-parque-natural-de-la-sierra-norte-de-guadalajara-en-80-cm\/","title":{"rendered":"El Parque Natural de la Sierra Norte de Guadalajara en &#8217;80 cm&#8217;"},"content":{"rendered":"<p><img fetchpriority=\"high\" decoding=\"async\" class=\"alignleft size-medium wp-image-76605\" src=\"https:\/\/candas365.es\/noticias\/wp-content\/uploads\/2017\/07\/controls-1527175_960_720-360x270.jpg\" alt=\"\" width=\"360\" height=\"270\" srcset=\"https:\/\/candas365.es\/noticias\/wp-content\/uploads\/2017\/07\/controls-1527175_960_720-360x270.jpg 360w, https:\/\/candas365.es\/noticias\/wp-content\/uploads\/2017\/07\/controls-1527175_960_720-768x576.jpg 768w, https:\/\/candas365.es\/noticias\/wp-content\/uploads\/2017\/07\/controls-1527175_960_720-640x480.jpg 640w, https:\/\/candas365.es\/noticias\/wp-content\/uploads\/2017\/07\/controls-1527175_960_720-80x60.jpg 80w, https:\/\/candas365.es\/noticias\/wp-content\/uploads\/2017\/07\/controls-1527175_960_720-265x198.jpg 265w, https:\/\/candas365.es\/noticias\/wp-content\/uploads\/2017\/07\/controls-1527175_960_720-696x522.jpg 696w, https:\/\/candas365.es\/noticias\/wp-content\/uploads\/2017\/07\/controls-1527175_960_720-560x420.jpg 560w, https:\/\/candas365.es\/noticias\/wp-content\/uploads\/2017\/07\/controls-1527175_960_720-90x67.jpg 90w, https:\/\/candas365.es\/noticias\/wp-content\/uploads\/2017\/07\/controls-1527175_960_720.jpg 960w\" sizes=\"(max-width: 360px) 100vw, 360px\" \/>\u201880 cm\u2019, el programa de senderismo de La 2, recorrer\u00e1 el Parque Natural de la Sierra Norte de Guadalajara donde se encuentra el hayedo m\u00e1s meridional de Europa: el de Tejera Negra. Adem\u00e1s, la alpinista Araceli Segarra realizar\u00e1 dos rutas: la de las Estatuas en Condemios de Arriba y la senda de Carretas.<\/p>\n<p>Araceli Segarra comenzar\u00e1 su andadura en la ruta de las Estatuas, en el municipio de Condemios de Arriba. Entre juegos y carreras, recorrer\u00e1 con un grupo de ni\u00f1os los 2,5 kil\u00f3metros aproximadamente de camino. Durante el trayecto se encontrar\u00e1n con ocho estatuas talladas en \u00e1rboles ca\u00eddos y secos, desde un indio del lejano oeste hasta una pagoda. Se trata de un espacio a\u00fan poco conocido, pero ideal para un paseo familiar.<\/p>\n<p>La segunda ruta partir\u00e1 de Cantalojas, tambi\u00e9n en Tejera Negra. Acompa\u00f1ada con un grupo de veteranos del lugar, Araceli recorrer\u00e1 la senda de Carretas, de tradici\u00f3n carbonera como las de la mayor\u00eda de la zona, hasta descubrir su magn\u00edfico hayedo. La alpinista y los lugare\u00f1os comenzar\u00e1n el camino cruzando las praderas donde pasta el ganado y el r\u00edo Lillas hasta llegar a la antigua carbonera. Tras haber dejado atr\u00e1s una zona de hayas j\u00f3venes, llegar\u00e1n al prado de Matarredonda, con sus magn\u00edficas vistas de la Sierra de Ayll\u00f3n hasta llegar a una zona de pinar que marcar\u00e1 el final del recorrido.<\/p>\n","protected":false},"excerpt":{"rendered":"<p>\u201880 cm\u2019, el programa de senderismo de La 2, recorrer\u00e1 el Parque Natural de la Sierra Norte de Guadalajara donde se encuentra el hayedo m\u00e1s meridional de Europa: el de Tejera Negra. Adem\u00e1s, la alpinista Araceli Segarra realizar\u00e1 dos rutas: la de las Estatuas en Condemios de Arriba y la senda de Carretas. Araceli Segarra<\/p>\n","protected":false},"author":1,"featured_media":76605,"comment_status":"closed","ping_status":"closed","sticky":false,"template":"","format":"standard","meta":{"footnotes":""},"categories":[1],"tags":[],"class_list":{"0":"post-83045","1":"post","2":"type-post","3":"status-publish","4":"format-standard","5":"has-post-thumbnail","7":"category-agenda"},"aioseo_notices":[],"aioseo_head":"\n\t\t<!-- All in One SEO Pro 4.9.6.2 - aioseo.com -->\n\t<meta name=\"description\" content=\"\u201880 cm\u2019, el programa de senderismo de La 2, recorrer\u00e1 el Parque Natural de la Sierra Norte de Guadalajara donde se encuentra el hayedo m\u00e1s meridional de Europa: el de Tejera Negra. Adem\u00e1s, la alpinista Araceli Segarra realizar\u00e1 dos rutas: la de las Estatuas en Condemios de Arriba y la senda de Carretas. Araceli Segarra\" \/>\n\t<meta name=\"robots\" content=\"max-image-preview:large\" \/>\n\t<meta name=\"author\" content=\"Cand\u00e1s 365\"\/>\n\t<meta name=\"google-site-verification\" content=\"UA-32230408-1\" \/>\n\t<meta name=\"msvalidate.01\" content=\"354F3CDFB2DA171B47FBE9ABF1F88D5\" \/>\n\t<meta name=\"keywords\" content=\"agenda\" \/>\n\t<link rel=\"canonical\" href=\"https:\/\/candas365.es\/noticias\/el-parque-natural-de-la-sierra-norte-de-guadalajara-en-80-cm\/\" \/>\n\t<meta name=\"generator\" content=\"All in One SEO Pro (AIOSEO) 4.9.6.2\" \/>\n\t\t<meta property=\"og:locale\" content=\"es_ES\" \/>\n\t\t<meta property=\"og:site_name\" content=\"Cand\u00e1s 365\" \/>\n\t\t<meta property=\"og:type\" content=\"article\" \/>\n\t\t<meta property=\"og:title\" content=\"El Parque Natural de la Sierra Norte de Guadalajara en \u201980 cm\u2019 | Cand\u00e1s 365\" \/>\n\t\t<meta property=\"og:description\" content=\"\u201880 cm\u2019, el programa de senderismo de La 2, recorrer\u00e1 el Parque Natural de la Sierra Norte de Guadalajara donde se encuentra el hayedo m\u00e1s meridional de Europa: el de Tejera Negra. Adem\u00e1s, la alpinista Araceli Segarra realizar\u00e1 dos rutas: la de las Estatuas en Condemios de Arriba y la senda de Carretas. Araceli Segarra\" \/>\n\t\t<meta property=\"og:url\" content=\"https:\/\/candas365.es\/noticias\/el-parque-natural-de-la-sierra-norte-de-guadalajara-en-80-cm\/\" \/>\n\t\t<meta property=\"og:image\" content=\"https:\/\/candas365.es\/noticias\/wp-content\/uploads\/2017\/07\/controls-1527175_960_720.jpg\" \/>\n\t\t<meta property=\"og:image:secure_url\" content=\"https:\/\/candas365.es\/noticias\/wp-content\/uploads\/2017\/07\/controls-1527175_960_720.jpg\" \/>\n\t\t<meta property=\"og:image:width\" content=\"960\" \/>\n\t\t<meta property=\"og:image:height\" content=\"720\" \/>\n\t\t<meta property=\"article:published_time\" content=\"2017-10-28T19:53:01+00:00\" \/>\n\t\t<meta property=\"article:modified_time\" content=\"2017-10-28T19:53:01+00:00\" \/>\n\t\t<meta property=\"article:publisher\" content=\"https:\/\/www.facebook.com\/Nachofdezber\" \/>\n\t\t<meta property=\"article:author\" content=\"https:\/\/www.facebook.com\/carrenoactualidad\" \/>\n\t\t<meta name=\"twitter:card\" content=\"summary_large_image\" \/>\n\t\t<meta name=\"twitter:site\" content=\"@NabercoDigital\" \/>\n\t\t<meta name=\"twitter:title\" content=\"El Parque Natural de la Sierra Norte de Guadalajara en \u201980 cm\u2019 | Cand\u00e1s 365\" \/>\n\t\t<meta name=\"twitter:description\" content=\"\u201880 cm\u2019, el programa de senderismo de La 2, recorrer\u00e1 el Parque Natural de la Sierra Norte de Guadalajara donde se encuentra el hayedo m\u00e1s meridional de Europa: el de Tejera Negra. Adem\u00e1s, la alpinista Araceli Segarra realizar\u00e1 dos rutas: la de las Estatuas en Condemios de Arriba y la senda de Carretas. Araceli Segarra\" \/>\n\t\t<meta name=\"twitter:creator\" content=\"@nbasturias\" \/>\n\t\t<meta name=\"twitter:image\" content=\"https:\/\/candas365.es\/noticias\/wp-content\/uploads\/2017\/07\/controls-1527175_960_720.jpg\" \/>\n\t\t<meta name=\"twitter:label1\" content=\"Escrito por\" \/>\n\t\t<meta name=\"twitter:data1\" content=\"Cand\u00e1s 365\" \/>\n\t\t<meta name=\"twitter:label2\" content=\"Tiempo de lectura estimado\" \/>\n\t\t<meta name=\"twitter:data2\" content=\"1 minuto\" \/>\n\t\t<script type=\"application\/ld+json\" class=\"aioseo-schema\">\n\t\t\t{\"@context\":\"https:\\\/\\\/schema.org\",\"@graph\":[{\"@type\":\"BreadcrumbList\",\"@id\":\"https:\\\/\\\/candas365.es\\\/noticias\\\/el-parque-natural-de-la-sierra-norte-de-guadalajara-en-80-cm\\\/#breadcrumblist\",\"itemListElement\":[{\"@type\":\"ListItem\",\"@id\":\"https:\\\/\\\/candas365.es\\\/noticias#listItem\",\"position\":1,\"name\":\"Home\",\"item\":\"https:\\\/\\\/candas365.es\\\/noticias\",\"nextItem\":{\"@type\":\"ListItem\",\"@id\":\"https:\\\/\\\/candas365.es\\\/noticias\\\/category\\\/agenda\\\/#listItem\",\"name\":\"Agenda\"}},{\"@type\":\"ListItem\",\"@id\":\"https:\\\/\\\/candas365.es\\\/noticias\\\/category\\\/agenda\\\/#listItem\",\"position\":2,\"name\":\"Agenda\",\"item\":\"https:\\\/\\\/candas365.es\\\/noticias\\\/category\\\/agenda\\\/\",\"nextItem\":{\"@type\":\"ListItem\",\"@id\":\"https:\\\/\\\/candas365.es\\\/noticias\\\/el-parque-natural-de-la-sierra-norte-de-guadalajara-en-80-cm\\\/#listItem\",\"name\":\"El Parque Natural de la Sierra Norte de Guadalajara en &#8217;80 cm&#8217;\"},\"previousItem\":{\"@type\":\"ListItem\",\"@id\":\"https:\\\/\\\/candas365.es\\\/noticias#listItem\",\"name\":\"Home\"}},{\"@type\":\"ListItem\",\"@id\":\"https:\\\/\\\/candas365.es\\\/noticias\\\/el-parque-natural-de-la-sierra-norte-de-guadalajara-en-80-cm\\\/#listItem\",\"position\":3,\"name\":\"El Parque Natural de la Sierra Norte de Guadalajara en &#8217;80 cm&#8217;\",\"previousItem\":{\"@type\":\"ListItem\",\"@id\":\"https:\\\/\\\/candas365.es\\\/noticias\\\/category\\\/agenda\\\/#listItem\",\"name\":\"Agenda\"}}]},{\"@type\":\"NewsArticle\",\"@id\":\"https:\\\/\\\/candas365.es\\\/noticias\\\/el-parque-natural-de-la-sierra-norte-de-guadalajara-en-80-cm\\\/#newsarticle\",\"name\":\"El Parque Natural de la Sierra Norte de Guadalajara en \\u201980 cm\\u2019 | Cand\\u00e1s 365\",\"headline\":\"El Parque Natural de la Sierra Norte de Guadalajara en &#8217;80 cm&#8217;\",\"author\":{\"@id\":\"https:\\\/\\\/candas365.es\\\/noticias\\\/author\\\/admin\\\/#author\"},\"publisher\":{\"@id\":\"https:\\\/\\\/candas365.es\\\/noticias\\\/#organization\"},\"image\":{\"@type\":\"ImageObject\",\"url\":\"https:\\\/\\\/candas365.es\\\/noticias\\\/wp-content\\\/uploads\\\/2017\\\/07\\\/controls-1527175_960_720.jpg\",\"width\":960,\"height\":720},\"datePublished\":\"2017-10-28T19:53:01+02:00\",\"dateModified\":\"2017-10-28T19:53:01+02:00\",\"inLanguage\":\"es-ES\",\"mainEntityOfPage\":{\"@id\":\"https:\\\/\\\/candas365.es\\\/noticias\\\/el-parque-natural-de-la-sierra-norte-de-guadalajara-en-80-cm\\\/#webpage\"},\"isPartOf\":{\"@id\":\"https:\\\/\\\/candas365.es\\\/noticias\\\/el-parque-natural-de-la-sierra-norte-de-guadalajara-en-80-cm\\\/#webpage\"},\"articleSection\":\"Agenda\",\"dateline\":\"Publicado el octubre 28, 2017.\"},{\"@type\":\"Organization\",\"@id\":\"https:\\\/\\\/candas365.es\\\/noticias\\\/#organization\",\"name\":\"Cand\\u00e1s 365\",\"description\":\"Cand\\u00e1s 365 es un diario digital independiente, fundado en 2012, con base en Asturias. Informamos con rigor sobre actualidad, sociedad, cultura y ocio, con una mirada local y global.\",\"url\":\"https:\\\/\\\/candas365.es\\\/noticias\\\/\",\"email\":\"info@candas365.es\",\"telephone\":\"+34652131393\",\"foundingDate\":\"2012-06-10\",\"logo\":{\"@type\":\"ImageObject\",\"url\":\"https:\\\/\\\/candas365.es\\\/noticias\\\/wp-content\\\/uploads\\\/2024\\\/09\\\/Candas-365-Redes.jpg\",\"@id\":\"https:\\\/\\\/candas365.es\\\/noticias\\\/el-parque-natural-de-la-sierra-norte-de-guadalajara-en-80-cm\\\/#organizationLogo\",\"width\":1152,\"height\":864,\"caption\":\"Cand\\u00e1s 365 Redes\"},\"image\":{\"@id\":\"https:\\\/\\\/candas365.es\\\/noticias\\\/el-parque-natural-de-la-sierra-norte-de-guadalajara-en-80-cm\\\/#organizationLogo\"},\"sameAs\":[\"https:\\\/\\\/www.facebook.com\\\/Nachofdezber\",\"https:\\\/\\\/x.com\\\/NabercoDigital\",\"https:\\\/\\\/www.instagram.com\\\/nachofdezber\\\/\",\"https:\\\/\\\/www.youtube.com\\\/channel\\\/UCZP-2wLEB9Rv6erhFmqVnvg\"],\"address\":{\"@id\":\"https:\\\/\\\/candas365.es\\\/noticias\\\/#postaladdress\",\"@type\":\"PostalAddress\",\"streetAddress\":\"san antonio 4, san antonio 4\",\"postalCode\":\"33430\",\"addressLocality\":\"Cand\\u00e1s\",\"addressRegion\":\"Asturias\",\"addressCountry\":\"ES\"}},{\"@type\":\"Person\",\"@id\":\"https:\\\/\\\/candas365.es\\\/noticias\\\/author\\\/admin\\\/#author\",\"url\":\"https:\\\/\\\/candas365.es\\\/noticias\\\/author\\\/admin\\\/\",\"name\":\"Cand\\u00e1s 365\",\"image\":{\"@type\":\"ImageObject\",\"@id\":\"https:\\\/\\\/candas365.es\\\/noticias\\\/el-parque-natural-de-la-sierra-norte-de-guadalajara-en-80-cm\\\/#authorImage\",\"url\":\"https:\\\/\\\/secure.gravatar.com\\\/avatar\\\/496a8e03d0c493ede1718b7934145dbdf8d89be1036b0eec9544e1094c9de390?s=96&d=mm&r=g\",\"width\":96,\"height\":96,\"caption\":\"Cand\\u00e1s 365\"},\"sameAs\":[\"https:\\\/\\\/www.facebook.com\\\/carrenoactualidad\",\"https:\\\/\\\/twitter.com\\\/nbasturias\",\"https:\\\/\\\/www.instagram.com\\\/nachofdezber\\\/\",\"https:\\\/\\\/www.youtube.com\\\/channel\\\/UCZP-2wLEB9Rv6erhFmqVnvg\"]},{\"@type\":\"WebPage\",\"@id\":\"https:\\\/\\\/candas365.es\\\/noticias\\\/el-parque-natural-de-la-sierra-norte-de-guadalajara-en-80-cm\\\/#webpage\",\"url\":\"https:\\\/\\\/candas365.es\\\/noticias\\\/el-parque-natural-de-la-sierra-norte-de-guadalajara-en-80-cm\\\/\",\"name\":\"El Parque Natural de la Sierra Norte de Guadalajara en \\u201980 cm\\u2019 | Cand\\u00e1s 365\",\"description\":\"\\u201880 cm\\u2019, el programa de senderismo de La 2, recorrer\\u00e1 el Parque Natural de la Sierra Norte de Guadalajara donde se encuentra el hayedo m\\u00e1s meridional de Europa: el de Tejera Negra. Adem\\u00e1s, la alpinista Araceli Segarra realizar\\u00e1 dos rutas: la de las Estatuas en Condemios de Arriba y la senda de Carretas. Araceli Segarra\",\"inLanguage\":\"es-ES\",\"isPartOf\":{\"@id\":\"https:\\\/\\\/candas365.es\\\/noticias\\\/#website\"},\"breadcrumb\":{\"@id\":\"https:\\\/\\\/candas365.es\\\/noticias\\\/el-parque-natural-de-la-sierra-norte-de-guadalajara-en-80-cm\\\/#breadcrumblist\"},\"author\":{\"@id\":\"https:\\\/\\\/candas365.es\\\/noticias\\\/author\\\/admin\\\/#author\"},\"creator\":{\"@id\":\"https:\\\/\\\/candas365.es\\\/noticias\\\/author\\\/admin\\\/#author\"},\"image\":{\"@type\":\"ImageObject\",\"url\":\"https:\\\/\\\/candas365.es\\\/noticias\\\/wp-content\\\/uploads\\\/2017\\\/07\\\/controls-1527175_960_720.jpg\",\"@id\":\"https:\\\/\\\/candas365.es\\\/noticias\\\/el-parque-natural-de-la-sierra-norte-de-guadalajara-en-80-cm\\\/#mainImage\",\"width\":960,\"height\":720},\"primaryImageOfPage\":{\"@id\":\"https:\\\/\\\/candas365.es\\\/noticias\\\/el-parque-natural-de-la-sierra-norte-de-guadalajara-en-80-cm\\\/#mainImage\"},\"datePublished\":\"2017-10-28T19:53:01+02:00\",\"dateModified\":\"2017-10-28T19:53:01+02:00\"},{\"@type\":\"WebSite\",\"@id\":\"https:\\\/\\\/candas365.es\\\/noticias\\\/#website\",\"url\":\"https:\\\/\\\/candas365.es\\\/noticias\\\/\",\"name\":\"Cand\\u00e1s 365\",\"alternateName\":\"Cand\\u00e1s 365 Noticias\",\"description\":\"Actualidad desde Carre\\u00f1o para el mundo\",\"inLanguage\":\"es-ES\",\"publisher\":{\"@id\":\"https:\\\/\\\/candas365.es\\\/noticias\\\/#organization\"}}]}\n\t\t<\/script>\n\t\t<!-- All in One SEO Pro -->\r\n\t\t<title>El Parque Natural de la Sierra Norte de Guadalajara en \u201980 cm\u2019 | Cand\u00e1s 365<\/title>\n\n","aioseo_head_json":{"title":"El Parque Natural de la Sierra Norte de Guadalajara en \u201980 cm\u2019 | Cand\u00e1s 365","description":"\u201880 cm\u2019, el programa de senderismo de La 2, recorrer\u00e1 el Parque Natural de la Sierra Norte de Guadalajara donde se encuentra el hayedo m\u00e1s meridional de Europa: el de Tejera Negra. Adem\u00e1s, la alpinista Araceli Segarra realizar\u00e1 dos rutas: la de las Estatuas en Condemios de Arriba y la senda de Carretas. Araceli Segarra","canonical_url":"https:\/\/candas365.es\/noticias\/el-parque-natural-de-la-sierra-norte-de-guadalajara-en-80-cm\/","robots":"max-image-preview:large","keywords":"agenda","webmasterTools":{"google-site-verification":"UA-32230408-1","msvalidate.01":"354F3CDFB2DA171B47FBE9ABF1F88D5","miscellaneous":""},"schema":{"@context":"https:\/\/schema.org","@graph":[{"@type":"BreadcrumbList","@id":"https:\/\/candas365.es\/noticias\/el-parque-natural-de-la-sierra-norte-de-guadalajara-en-80-cm\/#breadcrumblist","itemListElement":[{"@type":"ListItem","@id":"https:\/\/candas365.es\/noticias#listItem","position":1,"name":"Home","item":"https:\/\/candas365.es\/noticias","nextItem":{"@type":"ListItem","@id":"https:\/\/candas365.es\/noticias\/category\/agenda\/#listItem","name":"Agenda"}},{"@type":"ListItem","@id":"https:\/\/candas365.es\/noticias\/category\/agenda\/#listItem","position":2,"name":"Agenda","item":"https:\/\/candas365.es\/noticias\/category\/agenda\/","nextItem":{"@type":"ListItem","@id":"https:\/\/candas365.es\/noticias\/el-parque-natural-de-la-sierra-norte-de-guadalajara-en-80-cm\/#listItem","name":"El Parque Natural de la Sierra Norte de Guadalajara en &#8217;80 cm&#8217;"},"previousItem":{"@type":"ListItem","@id":"https:\/\/candas365.es\/noticias#listItem","name":"Home"}},{"@type":"ListItem","@id":"https:\/\/candas365.es\/noticias\/el-parque-natural-de-la-sierra-norte-de-guadalajara-en-80-cm\/#listItem","position":3,"name":"El Parque Natural de la Sierra Norte de Guadalajara en &#8217;80 cm&#8217;","previousItem":{"@type":"ListItem","@id":"https:\/\/candas365.es\/noticias\/category\/agenda\/#listItem","name":"Agenda"}}]},{"@type":"NewsArticle","@id":"https:\/\/candas365.es\/noticias\/el-parque-natural-de-la-sierra-norte-de-guadalajara-en-80-cm\/#newsarticle","name":"El Parque Natural de la Sierra Norte de Guadalajara en \u201980 cm\u2019 | Cand\u00e1s 365","headline":"El Parque Natural de la Sierra Norte de Guadalajara en &#8217;80 cm&#8217;","author":{"@id":"https:\/\/candas365.es\/noticias\/author\/admin\/#author"},"publisher":{"@id":"https:\/\/candas365.es\/noticias\/#organization"},"image":{"@type":"ImageObject","url":"https:\/\/candas365.es\/noticias\/wp-content\/uploads\/2017\/07\/controls-1527175_960_720.jpg","width":960,"height":720},"datePublished":"2017-10-28T19:53:01+02:00","dateModified":"2017-10-28T19:53:01+02:00","inLanguage":"es-ES","mainEntityOfPage":{"@id":"https:\/\/candas365.es\/noticias\/el-parque-natural-de-la-sierra-norte-de-guadalajara-en-80-cm\/#webpage"},"isPartOf":{"@id":"https:\/\/candas365.es\/noticias\/el-parque-natural-de-la-sierra-norte-de-guadalajara-en-80-cm\/#webpage"},"articleSection":"Agenda","dateline":"Publicado el octubre 28, 2017."},{"@type":"Organization","@id":"https:\/\/candas365.es\/noticias\/#organization","name":"Cand\u00e1s 365","description":"Cand\u00e1s 365 es un diario digital independiente, fundado en 2012, con base en Asturias. Informamos con rigor sobre actualidad, sociedad, cultura y ocio, con una mirada local y global.","url":"https:\/\/candas365.es\/noticias\/","email":"info@candas365.es","telephone":"+34652131393","foundingDate":"2012-06-10","logo":{"@type":"ImageObject","url":"https:\/\/candas365.es\/noticias\/wp-content\/uploads\/2024\/09\/Candas-365-Redes.jpg","@id":"https:\/\/candas365.es\/noticias\/el-parque-natural-de-la-sierra-norte-de-guadalajara-en-80-cm\/#organizationLogo","width":1152,"height":864,"caption":"Cand\u00e1s 365 Redes"},"image":{"@id":"https:\/\/candas365.es\/noticias\/el-parque-natural-de-la-sierra-norte-de-guadalajara-en-80-cm\/#organizationLogo"},"sameAs":["https:\/\/www.facebook.com\/Nachofdezber","https:\/\/x.com\/NabercoDigital","https:\/\/www.instagram.com\/nachofdezber\/","https:\/\/www.youtube.com\/channel\/UCZP-2wLEB9Rv6erhFmqVnvg"],"address":{"@id":"https:\/\/candas365.es\/noticias\/#postaladdress","@type":"PostalAddress","streetAddress":"san antonio 4, san antonio 4","postalCode":"33430","addressLocality":"Cand\u00e1s","addressRegion":"Asturias","addressCountry":"ES"}},{"@type":"Person","@id":"https:\/\/candas365.es\/noticias\/author\/admin\/#author","url":"https:\/\/candas365.es\/noticias\/author\/admin\/","name":"Cand\u00e1s 365","image":{"@type":"ImageObject","@id":"https:\/\/candas365.es\/noticias\/el-parque-natural-de-la-sierra-norte-de-guadalajara-en-80-cm\/#authorImage","url":"https:\/\/secure.gravatar.com\/avatar\/496a8e03d0c493ede1718b7934145dbdf8d89be1036b0eec9544e1094c9de390?s=96&d=mm&r=g","width":96,"height":96,"caption":"Cand\u00e1s 365"},"sameAs":["https:\/\/www.facebook.com\/carrenoactualidad","https:\/\/twitter.com\/nbasturias","https:\/\/www.instagram.com\/nachofdezber\/","https:\/\/www.youtube.com\/channel\/UCZP-2wLEB9Rv6erhFmqVnvg"]},{"@type":"WebPage","@id":"https:\/\/candas365.es\/noticias\/el-parque-natural-de-la-sierra-norte-de-guadalajara-en-80-cm\/#webpage","url":"https:\/\/candas365.es\/noticias\/el-parque-natural-de-la-sierra-norte-de-guadalajara-en-80-cm\/","name":"El Parque Natural de la Sierra Norte de Guadalajara en \u201980 cm\u2019 | Cand\u00e1s 365","description":"\u201880 cm\u2019, el programa de senderismo de La 2, recorrer\u00e1 el Parque Natural de la Sierra Norte de Guadalajara donde se encuentra el hayedo m\u00e1s meridional de Europa: el de Tejera Negra. Adem\u00e1s, la alpinista Araceli Segarra realizar\u00e1 dos rutas: la de las Estatuas en Condemios de Arriba y la senda de Carretas. Araceli Segarra","inLanguage":"es-ES","isPartOf":{"@id":"https:\/\/candas365.es\/noticias\/#website"},"breadcrumb":{"@id":"https:\/\/candas365.es\/noticias\/el-parque-natural-de-la-sierra-norte-de-guadalajara-en-80-cm\/#breadcrumblist"},"author":{"@id":"https:\/\/candas365.es\/noticias\/author\/admin\/#author"},"creator":{"@id":"https:\/\/candas365.es\/noticias\/author\/admin\/#author"},"image":{"@type":"ImageObject","url":"https:\/\/candas365.es\/noticias\/wp-content\/uploads\/2017\/07\/controls-1527175_960_720.jpg","@id":"https:\/\/candas365.es\/noticias\/el-parque-natural-de-la-sierra-norte-de-guadalajara-en-80-cm\/#mainImage","width":960,"height":720},"primaryImageOfPage":{"@id":"https:\/\/candas365.es\/noticias\/el-parque-natural-de-la-sierra-norte-de-guadalajara-en-80-cm\/#mainImage"},"datePublished":"2017-10-28T19:53:01+02:00","dateModified":"2017-10-28T19:53:01+02:00"},{"@type":"WebSite","@id":"https:\/\/candas365.es\/noticias\/#website","url":"https:\/\/candas365.es\/noticias\/","name":"Cand\u00e1s 365","alternateName":"Cand\u00e1s 365 Noticias","description":"Actualidad desde Carre\u00f1o para el mundo","inLanguage":"es-ES","publisher":{"@id":"https:\/\/candas365.es\/noticias\/#organization"}}]},"og:locale":"es_ES","og:site_name":"Cand\u00e1s 365","og:type":"article","og:title":"El Parque Natural de la Sierra Norte de Guadalajara en \u201980 cm\u2019 | Cand\u00e1s 365","og:description":"\u201880 cm\u2019, el programa de senderismo de La 2, recorrer\u00e1 el Parque Natural de la Sierra Norte de Guadalajara donde se encuentra el hayedo m\u00e1s meridional de Europa: el de Tejera Negra. Adem\u00e1s, la alpinista Araceli Segarra realizar\u00e1 dos rutas: la de las Estatuas en Condemios de Arriba y la senda de Carretas. Araceli Segarra","og:url":"https:\/\/candas365.es\/noticias\/el-parque-natural-de-la-sierra-norte-de-guadalajara-en-80-cm\/","og:image":"https:\/\/candas365.es\/noticias\/wp-content\/uploads\/2017\/07\/controls-1527175_960_720.jpg","og:image:secure_url":"https:\/\/candas365.es\/noticias\/wp-content\/uploads\/2017\/07\/controls-1527175_960_720.jpg","og:image:width":960,"og:image:height":720,"article:published_time":"2017-10-28T19:53:01+00:00","article:modified_time":"2017-10-28T19:53:01+00:00","article:publisher":"https:\/\/www.facebook.com\/Nachofdezber","article:author":"https:\/\/www.facebook.com\/carrenoactualidad","twitter:card":"summary_large_image","twitter:site":"@NabercoDigital","twitter:title":"El Parque Natural de la Sierra Norte de Guadalajara en \u201980 cm\u2019 | Cand\u00e1s 365","twitter:description":"\u201880 cm\u2019, el programa de senderismo de La 2, recorrer\u00e1 el Parque Natural de la Sierra Norte de Guadalajara donde se encuentra el hayedo m\u00e1s meridional de Europa: el de Tejera Negra. Adem\u00e1s, la alpinista Araceli Segarra realizar\u00e1 dos rutas: la de las Estatuas en Condemios de Arriba y la senda de Carretas. Araceli Segarra","twitter:creator":"@nbasturias","twitter:image":"https:\/\/candas365.es\/noticias\/wp-content\/uploads\/2017\/07\/controls-1527175_960_720.jpg","twitter:label1":"Escrito por","twitter:data1":"Cand\u00e1s 365","twitter:label2":"Tiempo de lectura estimado","twitter:data2":"1 minuto"},"aioseo_meta_data":{"post_id":"83045","title":null,"description":null,"keywords":null,"keyphrases":null,"primary_term":null,"canonical_url":null,"og_title":null,"og_description":null,"og_object_type":"default","og_image_type":"default","og_image_url":null,"og_image_width":null,"og_image_height":null,"og_image_custom_url":null,"og_image_custom_fields":null,"og_video":null,"og_custom_url":null,"og_article_section":null,"og_article_tags":null,"twitter_use_og":false,"twitter_card":"default","twitter_image_type":"default","twitter_image_url":null,"twitter_image_custom_url":null,"twitter_image_custom_fields":null,"twitter_title":null,"twitter_description":null,"schema":{"blockGraphs":[],"customGraphs":[],"default":{"data":{"Article":[],"Course":[],"Dataset":[],"FAQPage":[],"Movie":[],"Person":[],"Product":[],"ProductReview":[],"Car":[],"Recipe":[],"Service":[],"SoftwareApplication":[],"WebPage":[]},"graphName":"","isEnabled":true},"graphs":[]},"schema_type":null,"schema_type_options":null,"pillar_content":false,"robots_default":true,"robots_noindex":false,"robots_noarchive":false,"robots_nosnippet":false,"robots_nofollow":false,"robots_noimageindex":false,"robots_noodp":false,"robots_notranslate":false,"robots_max_snippet":null,"robots_max_videopreview":null,"robots_max_imagepreview":"large","priority":null,"frequency":null,"location":null,"local_seo":null,"seo_analyzer_scan_date":"2025-08-26 03:47:18","breadcrumb_settings":null,"limit_modified_date":false,"reviewed_by":null,"open_ai":null,"ai":null,"created":"2020-12-21 12:32:56","updated":"2025-08-26 03:47:18"},"aioseo_breadcrumb":"<div class=\"aioseo-breadcrumbs\"><span class=\"aioseo-breadcrumb\">\n\t<a href=\"https:\/\/candas365.es\/noticias\" title=\"Home\">Home<\/a>\n<\/span><span class=\"aioseo-breadcrumb-separator\">&ndash;<\/span><span class=\"aioseo-breadcrumb\">\n\t<a href=\"https:\/\/candas365.es\/noticias\/category\/agenda\/\" title=\"Agenda\">Agenda<\/a>\n<\/span><span class=\"aioseo-breadcrumb-separator\">&ndash;<\/span><span class=\"aioseo-breadcrumb\">\n\tEl Parque Natural de la Sierra Norte de Guadalajara en \u201980 cm\u2019\n<\/span><\/div>","aioseo_breadcrumb_json":[{"label":"Home","link":"https:\/\/candas365.es\/noticias"},{"label":"Agenda","link":"https:\/\/candas365.es\/noticias\/category\/agenda\/"},{"label":"El Parque Natural de la Sierra Norte de Guadalajara en &#8217;80 cm&#8217;","link":"https:\/\/candas365.es\/noticias\/el-parque-natural-de-la-sierra-norte-de-guadalajara-en-80-cm\/"}],"_links":{"self":[{"href":"https:\/\/candas365.es\/noticias\/wp-json\/wp\/v2\/posts\/83045","targetHints":{"allow":["GET"]}}],"collection":[{"href":"https:\/\/candas365.es\/noticias\/wp-json\/wp\/v2\/posts"}],"about":[{"href":"https:\/\/candas365.es\/noticias\/wp-json\/wp\/v2\/types\/post"}],"author":[{"embeddable":true,"href":"https:\/\/candas365.es\/noticias\/wp-json\/wp\/v2\/users\/1"}],"replies":[{"embeddable":true,"href":"https:\/\/candas365.es\/noticias\/wp-json\/wp\/v2\/comments?post=83045"}],"version-history":[{"count":0,"href":"https:\/\/candas365.es\/noticias\/wp-json\/wp\/v2\/posts\/83045\/revisions"}],"wp:featuredmedia":[{"embeddable":true,"href":"https:\/\/candas365.es\/noticias\/wp-json\/wp\/v2\/media\/76605"}],"wp:attachment":[{"href":"https:\/\/candas365.es\/noticias\/wp-json\/wp\/v2\/media?parent=83045"}],"wp:term":[{"taxonomy":"category","embeddable":true,"href":"https:\/\/candas365.es\/noticias\/wp-json\/wp\/v2\/categories?post=83045"},{"taxonomy":"post_tag","embeddable":true,"href":"https:\/\/candas365.es\/noticias\/wp-json\/wp\/v2\/tags?post=83045"}],"curies":[{"name":"wp","href":"https:\/\/api.w.org\/{rel}","templated":true}]}}