{"id":82955,"date":"2017-10-26T17:57:35","date_gmt":"2017-10-26T17:57:35","guid":{"rendered":"http:\/\/candas365.es\/noticias\/?p=82955"},"modified":"2017-10-26T17:57:35","modified_gmt":"2017-10-26T17:57:35","slug":"fin-de-semana-de-humor-y-teatro-familiar-en-la-laboral","status":"publish","type":"post","link":"https:\/\/candas365.es\/noticias\/fin-de-semana-de-humor-y-teatro-familiar-en-la-laboral\/","title":{"rendered":"Fin de semana de humor y teatro familiar en La Laboral"},"content":{"rendered":"<p><img fetchpriority=\"high\" decoding=\"async\" class=\"alignleft size-medium wp-image-82956\" src=\"https:\/\/candas365.es\/noticias\/wp-content\/uploads\/2017\/10\/Clown-360x240.jpg\" alt=\"\" width=\"360\" height=\"240\" srcset=\"https:\/\/candas365.es\/noticias\/wp-content\/uploads\/2017\/10\/Clown-360x240.jpg 360w, https:\/\/candas365.es\/noticias\/wp-content\/uploads\/2017\/10\/Clown-768x512.jpg 768w, https:\/\/candas365.es\/noticias\/wp-content\/uploads\/2017\/10\/Clown-655x437.jpg 655w, https:\/\/candas365.es\/noticias\/wp-content\/uploads\/2017\/10\/Clown-696x464.jpg 696w, https:\/\/candas365.es\/noticias\/wp-content\/uploads\/2017\/10\/Clown-1068x712.jpg 1068w, https:\/\/candas365.es\/noticias\/wp-content\/uploads\/2017\/10\/Clown-630x420.jpg 630w, https:\/\/candas365.es\/noticias\/wp-content\/uploads\/2017\/10\/Clown-84x55.jpg 84w, https:\/\/candas365.es\/noticias\/wp-content\/uploads\/2017\/10\/Clown.jpg 1200w\" sizes=\"(max-width: 360px) 100vw, 360px\" \/>Comedy Rock y Los tres cerditos son las propuestas para el fin de semana en el Teatro de la Laboral.<\/p>\n<p>Dani Mateo, Ra\u00fal Cimas y JJ Vaquero actuar\u00e1n en Comedy Rock este s\u00e1bado 28 d octubre, a las 20:30 horas. Tres grandes del humor de este pa\u00eds, habituales del Club de la Comedia, se unen sobre el escenario para que el p\u00fablico no pare de re\u00edr durante su show.<\/p>\n<p>Dani Mateo es presentador de Yu no te pierdas nada en la Cadena 40 Principales y colaborador del Intermedio y Ra\u00fal Cimas es guionista y actor de La hora Chanante, Muchachada Nui y Museo Coconut. JJ Vaquero es guionista y colaborador de El Hormiguero, guionista de Los Goya y de No es un s\u00e1bado cualquiera y colaborador junto con Cimas de Cero en historia. Adem\u00e1s le escuchamos en programas de radio como Yu no te pierdas nada o Lo mejor que te puede pasar.<\/p>\n<p>El domingo 29 de octubre ser\u00e1 el turno del teatro para el p\u00fablico familiar con una nueva funci\u00f3n del programa Vamos! de la Laboral. La compa\u00f1\u00eda PupaClown llevar\u00e1 a los espectadores al bosque gigantesco en el que viven Los tres cerditos a las 17:30 horas. All\u00ed los tres cerditos se construyen una casa para protegerse de las inclemencias del tiempo\u2026 y del lobo. Tendr\u00e1n que tener mucho cuidado para no caer en las garras del temible lobo.<\/p>\n<p>Pupaclown cuenta con una dilatada trayectoria en montajes teatrales destinados al p\u00fablico infantil y familiar. Desde su creaci\u00f3n en 2010 ha realizado siete espect\u00e1culos basados principalmente en los cuentos tradicionales, n\u00facleo importante del trabajo de la compa\u00f1\u00eda por su valor psicol\u00f3gico y terap\u00e9utico en el crecimiento de los m\u00e1s peque\u00f1os de la casa.<\/p>\n<p>Las localidades para los espect\u00e1culos se pueden adquirir en la Recepci\u00f3n de la Laboral, en la Oficina de Informaci\u00f3n Tur\u00edstica de Asturias en Oviedo, en el Centro Niemeyer en Avil\u00e9s, en entradas.liberbank.es, 902 106 601 y red de cajeros Liberbank. Para Comedy Rock, las entradas tienen un precio de 22 euros para foso, patio de butacas y palcos y de 18 euros para anfiteatro. Para Los Tres Cerditos las localidades est\u00e1n disponibles a un precio general de 8 euros y reducido de 6 euros hasta el s\u00e1bado para socios del Club Cultura Asturias y viajeros con Pasaporte Cultural.<\/p>\n","protected":false},"excerpt":{"rendered":"<p>Comedy Rock y Los tres cerditos son las propuestas para el fin de semana en el Teatro de la Laboral. Dani Mateo, Ra\u00fal Cimas y JJ Vaquero actuar\u00e1n en Comedy Rock este s\u00e1bado 28 d octubre, a las 20:30 horas. Tres grandes del humor de este pa\u00eds, habituales del Club de la Comedia, se unen<\/p>\n","protected":false},"author":1,"featured_media":82956,"comment_status":"closed","ping_status":"closed","sticky":false,"template":"","format":"standard","meta":{"footnotes":""},"categories":[1],"tags":[],"class_list":{"0":"post-82955","1":"post","2":"type-post","3":"status-publish","4":"format-standard","5":"has-post-thumbnail","7":"category-agenda"},"aioseo_notices":[],"aioseo_head":"\n\t\t<!-- All in One SEO Pro 4.9.6.2 - aioseo.com -->\n\t<meta name=\"description\" content=\"Comedy Rock y Los tres cerditos son las propuestas para el fin de semana en el Teatro de la Laboral. Dani Mateo, Ra\u00fal Cimas y JJ Vaquero actuar\u00e1n en Comedy Rock este s\u00e1bado 28 d octubre, a las 20:30 horas. Tres grandes del humor de este pa\u00eds, habituales del Club de la Comedia, se unen\" \/>\n\t<meta name=\"robots\" content=\"max-image-preview:large\" \/>\n\t<meta name=\"author\" content=\"Cand\u00e1s 365\"\/>\n\t<meta name=\"google-site-verification\" content=\"UA-32230408-1\" \/>\n\t<meta name=\"msvalidate.01\" content=\"354F3CDFB2DA171B47FBE9ABF1F88D5\" \/>\n\t<meta name=\"keywords\" content=\"agenda\" \/>\n\t<link rel=\"canonical\" href=\"https:\/\/candas365.es\/noticias\/fin-de-semana-de-humor-y-teatro-familiar-en-la-laboral\/\" \/>\n\t<meta name=\"generator\" content=\"All in One SEO Pro (AIOSEO) 4.9.6.2\" \/>\n\t\t<meta property=\"og:locale\" content=\"es_ES\" \/>\n\t\t<meta property=\"og:site_name\" content=\"Cand\u00e1s 365\" \/>\n\t\t<meta property=\"og:type\" content=\"article\" \/>\n\t\t<meta property=\"og:title\" content=\"Fin de semana de humor y teatro familiar en La Laboral | Cand\u00e1s 365\" \/>\n\t\t<meta property=\"og:description\" content=\"Comedy Rock y Los tres cerditos son las propuestas para el fin de semana en el Teatro de la Laboral. Dani Mateo, Ra\u00fal Cimas y JJ Vaquero actuar\u00e1n en Comedy Rock este s\u00e1bado 28 d octubre, a las 20:30 horas. Tres grandes del humor de este pa\u00eds, habituales del Club de la Comedia, se unen\" \/>\n\t\t<meta property=\"og:url\" content=\"https:\/\/candas365.es\/noticias\/fin-de-semana-de-humor-y-teatro-familiar-en-la-laboral\/\" \/>\n\t\t<meta property=\"og:image\" content=\"https:\/\/candas365.es\/noticias\/wp-content\/uploads\/2017\/10\/Clown.jpg\" \/>\n\t\t<meta property=\"og:image:secure_url\" content=\"https:\/\/candas365.es\/noticias\/wp-content\/uploads\/2017\/10\/Clown.jpg\" \/>\n\t\t<meta property=\"og:image:width\" content=\"1200\" \/>\n\t\t<meta property=\"og:image:height\" content=\"800\" \/>\n\t\t<meta property=\"article:published_time\" content=\"2017-10-26T17:57:35+00:00\" \/>\n\t\t<meta property=\"article:modified_time\" content=\"2017-10-26T17:57:35+00:00\" \/>\n\t\t<meta property=\"article:publisher\" content=\"https:\/\/www.facebook.com\/Nachofdezber\" \/>\n\t\t<meta property=\"article:author\" content=\"https:\/\/www.facebook.com\/carrenoactualidad\" \/>\n\t\t<meta name=\"twitter:card\" content=\"summary_large_image\" \/>\n\t\t<meta name=\"twitter:site\" content=\"@NabercoDigital\" \/>\n\t\t<meta name=\"twitter:title\" content=\"Fin de semana de humor y teatro familiar en La Laboral | Cand\u00e1s 365\" \/>\n\t\t<meta name=\"twitter:description\" content=\"Comedy Rock y Los tres cerditos son las propuestas para el fin de semana en el Teatro de la Laboral. Dani Mateo, Ra\u00fal Cimas y JJ Vaquero actuar\u00e1n en Comedy Rock este s\u00e1bado 28 d octubre, a las 20:30 horas. Tres grandes del humor de este pa\u00eds, habituales del Club de la Comedia, se unen\" \/>\n\t\t<meta name=\"twitter:creator\" content=\"@nbasturias\" \/>\n\t\t<meta name=\"twitter:image\" content=\"https:\/\/candas365.es\/noticias\/wp-content\/uploads\/2017\/10\/Clown.jpg\" \/>\n\t\t<meta name=\"twitter:label1\" content=\"Escrito por\" \/>\n\t\t<meta name=\"twitter:data1\" content=\"Cand\u00e1s 365\" \/>\n\t\t<meta name=\"twitter:label2\" content=\"Tiempo de lectura estimado\" \/>\n\t\t<meta name=\"twitter:data2\" content=\"2 minutos\" \/>\n\t\t<script type=\"application\/ld+json\" class=\"aioseo-schema\">\n\t\t\t{\"@context\":\"https:\\\/\\\/schema.org\",\"@graph\":[{\"@type\":\"BreadcrumbList\",\"@id\":\"https:\\\/\\\/candas365.es\\\/noticias\\\/fin-de-semana-de-humor-y-teatro-familiar-en-la-laboral\\\/#breadcrumblist\",\"itemListElement\":[{\"@type\":\"ListItem\",\"@id\":\"https:\\\/\\\/candas365.es\\\/noticias#listItem\",\"position\":1,\"name\":\"Home\",\"item\":\"https:\\\/\\\/candas365.es\\\/noticias\",\"nextItem\":{\"@type\":\"ListItem\",\"@id\":\"https:\\\/\\\/candas365.es\\\/noticias\\\/category\\\/agenda\\\/#listItem\",\"name\":\"Agenda\"}},{\"@type\":\"ListItem\",\"@id\":\"https:\\\/\\\/candas365.es\\\/noticias\\\/category\\\/agenda\\\/#listItem\",\"position\":2,\"name\":\"Agenda\",\"item\":\"https:\\\/\\\/candas365.es\\\/noticias\\\/category\\\/agenda\\\/\",\"nextItem\":{\"@type\":\"ListItem\",\"@id\":\"https:\\\/\\\/candas365.es\\\/noticias\\\/fin-de-semana-de-humor-y-teatro-familiar-en-la-laboral\\\/#listItem\",\"name\":\"Fin de semana de humor y teatro familiar en La Laboral\"},\"previousItem\":{\"@type\":\"ListItem\",\"@id\":\"https:\\\/\\\/candas365.es\\\/noticias#listItem\",\"name\":\"Home\"}},{\"@type\":\"ListItem\",\"@id\":\"https:\\\/\\\/candas365.es\\\/noticias\\\/fin-de-semana-de-humor-y-teatro-familiar-en-la-laboral\\\/#listItem\",\"position\":3,\"name\":\"Fin de semana de humor y teatro familiar en La Laboral\",\"previousItem\":{\"@type\":\"ListItem\",\"@id\":\"https:\\\/\\\/candas365.es\\\/noticias\\\/category\\\/agenda\\\/#listItem\",\"name\":\"Agenda\"}}]},{\"@type\":\"NewsArticle\",\"@id\":\"https:\\\/\\\/candas365.es\\\/noticias\\\/fin-de-semana-de-humor-y-teatro-familiar-en-la-laboral\\\/#newsarticle\",\"name\":\"Fin de semana de humor y teatro familiar en La Laboral | Cand\\u00e1s 365\",\"headline\":\"Fin de semana de humor y teatro familiar en La Laboral\",\"author\":{\"@id\":\"https:\\\/\\\/candas365.es\\\/noticias\\\/author\\\/admin\\\/#author\"},\"publisher\":{\"@id\":\"https:\\\/\\\/candas365.es\\\/noticias\\\/#organization\"},\"image\":{\"@type\":\"ImageObject\",\"url\":\"https:\\\/\\\/candas365.es\\\/noticias\\\/wp-content\\\/uploads\\\/2017\\\/10\\\/Clown.jpg\",\"width\":1200,\"height\":800},\"datePublished\":\"2017-10-26T17:57:35+02:00\",\"dateModified\":\"2017-10-26T17:57:35+02:00\",\"inLanguage\":\"es-ES\",\"mainEntityOfPage\":{\"@id\":\"https:\\\/\\\/candas365.es\\\/noticias\\\/fin-de-semana-de-humor-y-teatro-familiar-en-la-laboral\\\/#webpage\"},\"isPartOf\":{\"@id\":\"https:\\\/\\\/candas365.es\\\/noticias\\\/fin-de-semana-de-humor-y-teatro-familiar-en-la-laboral\\\/#webpage\"},\"articleSection\":\"Agenda\",\"dateline\":\"Publicado el octubre 26, 2017.\"},{\"@type\":\"Organization\",\"@id\":\"https:\\\/\\\/candas365.es\\\/noticias\\\/#organization\",\"name\":\"Cand\\u00e1s 365\",\"description\":\"Cand\\u00e1s 365 es un diario digital independiente, fundado en 2012, con base en Asturias. Informamos con rigor sobre actualidad, sociedad, cultura y ocio, con una mirada local y global.\",\"url\":\"https:\\\/\\\/candas365.es\\\/noticias\\\/\",\"email\":\"info@candas365.es\",\"telephone\":\"+34652131393\",\"foundingDate\":\"2012-06-10\",\"logo\":{\"@type\":\"ImageObject\",\"url\":\"https:\\\/\\\/candas365.es\\\/noticias\\\/wp-content\\\/uploads\\\/2024\\\/09\\\/Candas-365-Redes.jpg\",\"@id\":\"https:\\\/\\\/candas365.es\\\/noticias\\\/fin-de-semana-de-humor-y-teatro-familiar-en-la-laboral\\\/#organizationLogo\",\"width\":1152,\"height\":864,\"caption\":\"Cand\\u00e1s 365 Redes\"},\"image\":{\"@id\":\"https:\\\/\\\/candas365.es\\\/noticias\\\/fin-de-semana-de-humor-y-teatro-familiar-en-la-laboral\\\/#organizationLogo\"},\"sameAs\":[\"https:\\\/\\\/www.facebook.com\\\/Nachofdezber\",\"https:\\\/\\\/x.com\\\/NabercoDigital\",\"https:\\\/\\\/www.instagram.com\\\/nachofdezber\\\/\",\"https:\\\/\\\/www.youtube.com\\\/channel\\\/UCZP-2wLEB9Rv6erhFmqVnvg\"],\"address\":{\"@id\":\"https:\\\/\\\/candas365.es\\\/noticias\\\/#postaladdress\",\"@type\":\"PostalAddress\",\"streetAddress\":\"san antonio 4, san antonio 4\",\"postalCode\":\"33430\",\"addressLocality\":\"Cand\\u00e1s\",\"addressRegion\":\"Asturias\",\"addressCountry\":\"ES\"}},{\"@type\":\"Person\",\"@id\":\"https:\\\/\\\/candas365.es\\\/noticias\\\/author\\\/admin\\\/#author\",\"url\":\"https:\\\/\\\/candas365.es\\\/noticias\\\/author\\\/admin\\\/\",\"name\":\"Cand\\u00e1s 365\",\"image\":{\"@type\":\"ImageObject\",\"@id\":\"https:\\\/\\\/candas365.es\\\/noticias\\\/fin-de-semana-de-humor-y-teatro-familiar-en-la-laboral\\\/#authorImage\",\"url\":\"https:\\\/\\\/secure.gravatar.com\\\/avatar\\\/496a8e03d0c493ede1718b7934145dbdf8d89be1036b0eec9544e1094c9de390?s=96&d=mm&r=g\",\"width\":96,\"height\":96,\"caption\":\"Cand\\u00e1s 365\"},\"sameAs\":[\"https:\\\/\\\/www.facebook.com\\\/carrenoactualidad\",\"https:\\\/\\\/twitter.com\\\/nbasturias\",\"https:\\\/\\\/www.instagram.com\\\/nachofdezber\\\/\",\"https:\\\/\\\/www.youtube.com\\\/channel\\\/UCZP-2wLEB9Rv6erhFmqVnvg\"]},{\"@type\":\"WebPage\",\"@id\":\"https:\\\/\\\/candas365.es\\\/noticias\\\/fin-de-semana-de-humor-y-teatro-familiar-en-la-laboral\\\/#webpage\",\"url\":\"https:\\\/\\\/candas365.es\\\/noticias\\\/fin-de-semana-de-humor-y-teatro-familiar-en-la-laboral\\\/\",\"name\":\"Fin de semana de humor y teatro familiar en La Laboral | Cand\\u00e1s 365\",\"description\":\"Comedy Rock y Los tres cerditos son las propuestas para el fin de semana en el Teatro de la Laboral. Dani Mateo, Ra\\u00fal Cimas y JJ Vaquero actuar\\u00e1n en Comedy Rock este s\\u00e1bado 28 d octubre, a las 20:30 horas. Tres grandes del humor de este pa\\u00eds, habituales del Club de la Comedia, se unen\",\"inLanguage\":\"es-ES\",\"isPartOf\":{\"@id\":\"https:\\\/\\\/candas365.es\\\/noticias\\\/#website\"},\"breadcrumb\":{\"@id\":\"https:\\\/\\\/candas365.es\\\/noticias\\\/fin-de-semana-de-humor-y-teatro-familiar-en-la-laboral\\\/#breadcrumblist\"},\"author\":{\"@id\":\"https:\\\/\\\/candas365.es\\\/noticias\\\/author\\\/admin\\\/#author\"},\"creator\":{\"@id\":\"https:\\\/\\\/candas365.es\\\/noticias\\\/author\\\/admin\\\/#author\"},\"image\":{\"@type\":\"ImageObject\",\"url\":\"https:\\\/\\\/candas365.es\\\/noticias\\\/wp-content\\\/uploads\\\/2017\\\/10\\\/Clown.jpg\",\"@id\":\"https:\\\/\\\/candas365.es\\\/noticias\\\/fin-de-semana-de-humor-y-teatro-familiar-en-la-laboral\\\/#mainImage\",\"width\":1200,\"height\":800},\"primaryImageOfPage\":{\"@id\":\"https:\\\/\\\/candas365.es\\\/noticias\\\/fin-de-semana-de-humor-y-teatro-familiar-en-la-laboral\\\/#mainImage\"},\"datePublished\":\"2017-10-26T17:57:35+02:00\",\"dateModified\":\"2017-10-26T17:57:35+02:00\"},{\"@type\":\"WebSite\",\"@id\":\"https:\\\/\\\/candas365.es\\\/noticias\\\/#website\",\"url\":\"https:\\\/\\\/candas365.es\\\/noticias\\\/\",\"name\":\"Cand\\u00e1s 365\",\"alternateName\":\"Cand\\u00e1s 365 Noticias\",\"description\":\"Actualidad desde Carre\\u00f1o para el mundo\",\"inLanguage\":\"es-ES\",\"publisher\":{\"@id\":\"https:\\\/\\\/candas365.es\\\/noticias\\\/#organization\"}}]}\n\t\t<\/script>\n\t\t<!-- All in One SEO Pro -->\r\n\t\t<title>Fin de semana de humor y teatro familiar en La Laboral | Cand\u00e1s 365<\/title>\n\n","aioseo_head_json":{"title":"Fin de semana de humor y teatro familiar en La Laboral | Cand\u00e1s 365","description":"Comedy Rock y Los tres cerditos son las propuestas para el fin de semana en el Teatro de la Laboral. Dani Mateo, Ra\u00fal Cimas y JJ Vaquero actuar\u00e1n en Comedy Rock este s\u00e1bado 28 d octubre, a las 20:30 horas. Tres grandes del humor de este pa\u00eds, habituales del Club de la Comedia, se unen","canonical_url":"https:\/\/candas365.es\/noticias\/fin-de-semana-de-humor-y-teatro-familiar-en-la-laboral\/","robots":"max-image-preview:large","keywords":"agenda","webmasterTools":{"google-site-verification":"UA-32230408-1","msvalidate.01":"354F3CDFB2DA171B47FBE9ABF1F88D5","miscellaneous":""},"schema":{"@context":"https:\/\/schema.org","@graph":[{"@type":"BreadcrumbList","@id":"https:\/\/candas365.es\/noticias\/fin-de-semana-de-humor-y-teatro-familiar-en-la-laboral\/#breadcrumblist","itemListElement":[{"@type":"ListItem","@id":"https:\/\/candas365.es\/noticias#listItem","position":1,"name":"Home","item":"https:\/\/candas365.es\/noticias","nextItem":{"@type":"ListItem","@id":"https:\/\/candas365.es\/noticias\/category\/agenda\/#listItem","name":"Agenda"}},{"@type":"ListItem","@id":"https:\/\/candas365.es\/noticias\/category\/agenda\/#listItem","position":2,"name":"Agenda","item":"https:\/\/candas365.es\/noticias\/category\/agenda\/","nextItem":{"@type":"ListItem","@id":"https:\/\/candas365.es\/noticias\/fin-de-semana-de-humor-y-teatro-familiar-en-la-laboral\/#listItem","name":"Fin de semana de humor y teatro familiar en La Laboral"},"previousItem":{"@type":"ListItem","@id":"https:\/\/candas365.es\/noticias#listItem","name":"Home"}},{"@type":"ListItem","@id":"https:\/\/candas365.es\/noticias\/fin-de-semana-de-humor-y-teatro-familiar-en-la-laboral\/#listItem","position":3,"name":"Fin de semana de humor y teatro familiar en La Laboral","previousItem":{"@type":"ListItem","@id":"https:\/\/candas365.es\/noticias\/category\/agenda\/#listItem","name":"Agenda"}}]},{"@type":"NewsArticle","@id":"https:\/\/candas365.es\/noticias\/fin-de-semana-de-humor-y-teatro-familiar-en-la-laboral\/#newsarticle","name":"Fin de semana de humor y teatro familiar en La Laboral | Cand\u00e1s 365","headline":"Fin de semana de humor y teatro familiar en La Laboral","author":{"@id":"https:\/\/candas365.es\/noticias\/author\/admin\/#author"},"publisher":{"@id":"https:\/\/candas365.es\/noticias\/#organization"},"image":{"@type":"ImageObject","url":"https:\/\/candas365.es\/noticias\/wp-content\/uploads\/2017\/10\/Clown.jpg","width":1200,"height":800},"datePublished":"2017-10-26T17:57:35+02:00","dateModified":"2017-10-26T17:57:35+02:00","inLanguage":"es-ES","mainEntityOfPage":{"@id":"https:\/\/candas365.es\/noticias\/fin-de-semana-de-humor-y-teatro-familiar-en-la-laboral\/#webpage"},"isPartOf":{"@id":"https:\/\/candas365.es\/noticias\/fin-de-semana-de-humor-y-teatro-familiar-en-la-laboral\/#webpage"},"articleSection":"Agenda","dateline":"Publicado el octubre 26, 2017."},{"@type":"Organization","@id":"https:\/\/candas365.es\/noticias\/#organization","name":"Cand\u00e1s 365","description":"Cand\u00e1s 365 es un diario digital independiente, fundado en 2012, con base en Asturias. Informamos con rigor sobre actualidad, sociedad, cultura y ocio, con una mirada local y global.","url":"https:\/\/candas365.es\/noticias\/","email":"info@candas365.es","telephone":"+34652131393","foundingDate":"2012-06-10","logo":{"@type":"ImageObject","url":"https:\/\/candas365.es\/noticias\/wp-content\/uploads\/2024\/09\/Candas-365-Redes.jpg","@id":"https:\/\/candas365.es\/noticias\/fin-de-semana-de-humor-y-teatro-familiar-en-la-laboral\/#organizationLogo","width":1152,"height":864,"caption":"Cand\u00e1s 365 Redes"},"image":{"@id":"https:\/\/candas365.es\/noticias\/fin-de-semana-de-humor-y-teatro-familiar-en-la-laboral\/#organizationLogo"},"sameAs":["https:\/\/www.facebook.com\/Nachofdezber","https:\/\/x.com\/NabercoDigital","https:\/\/www.instagram.com\/nachofdezber\/","https:\/\/www.youtube.com\/channel\/UCZP-2wLEB9Rv6erhFmqVnvg"],"address":{"@id":"https:\/\/candas365.es\/noticias\/#postaladdress","@type":"PostalAddress","streetAddress":"san antonio 4, san antonio 4","postalCode":"33430","addressLocality":"Cand\u00e1s","addressRegion":"Asturias","addressCountry":"ES"}},{"@type":"Person","@id":"https:\/\/candas365.es\/noticias\/author\/admin\/#author","url":"https:\/\/candas365.es\/noticias\/author\/admin\/","name":"Cand\u00e1s 365","image":{"@type":"ImageObject","@id":"https:\/\/candas365.es\/noticias\/fin-de-semana-de-humor-y-teatro-familiar-en-la-laboral\/#authorImage","url":"https:\/\/secure.gravatar.com\/avatar\/496a8e03d0c493ede1718b7934145dbdf8d89be1036b0eec9544e1094c9de390?s=96&d=mm&r=g","width":96,"height":96,"caption":"Cand\u00e1s 365"},"sameAs":["https:\/\/www.facebook.com\/carrenoactualidad","https:\/\/twitter.com\/nbasturias","https:\/\/www.instagram.com\/nachofdezber\/","https:\/\/www.youtube.com\/channel\/UCZP-2wLEB9Rv6erhFmqVnvg"]},{"@type":"WebPage","@id":"https:\/\/candas365.es\/noticias\/fin-de-semana-de-humor-y-teatro-familiar-en-la-laboral\/#webpage","url":"https:\/\/candas365.es\/noticias\/fin-de-semana-de-humor-y-teatro-familiar-en-la-laboral\/","name":"Fin de semana de humor y teatro familiar en La Laboral | Cand\u00e1s 365","description":"Comedy Rock y Los tres cerditos son las propuestas para el fin de semana en el Teatro de la Laboral. Dani Mateo, Ra\u00fal Cimas y JJ Vaquero actuar\u00e1n en Comedy Rock este s\u00e1bado 28 d octubre, a las 20:30 horas. Tres grandes del humor de este pa\u00eds, habituales del Club de la Comedia, se unen","inLanguage":"es-ES","isPartOf":{"@id":"https:\/\/candas365.es\/noticias\/#website"},"breadcrumb":{"@id":"https:\/\/candas365.es\/noticias\/fin-de-semana-de-humor-y-teatro-familiar-en-la-laboral\/#breadcrumblist"},"author":{"@id":"https:\/\/candas365.es\/noticias\/author\/admin\/#author"},"creator":{"@id":"https:\/\/candas365.es\/noticias\/author\/admin\/#author"},"image":{"@type":"ImageObject","url":"https:\/\/candas365.es\/noticias\/wp-content\/uploads\/2017\/10\/Clown.jpg","@id":"https:\/\/candas365.es\/noticias\/fin-de-semana-de-humor-y-teatro-familiar-en-la-laboral\/#mainImage","width":1200,"height":800},"primaryImageOfPage":{"@id":"https:\/\/candas365.es\/noticias\/fin-de-semana-de-humor-y-teatro-familiar-en-la-laboral\/#mainImage"},"datePublished":"2017-10-26T17:57:35+02:00","dateModified":"2017-10-26T17:57:35+02:00"},{"@type":"WebSite","@id":"https:\/\/candas365.es\/noticias\/#website","url":"https:\/\/candas365.es\/noticias\/","name":"Cand\u00e1s 365","alternateName":"Cand\u00e1s 365 Noticias","description":"Actualidad desde Carre\u00f1o para el mundo","inLanguage":"es-ES","publisher":{"@id":"https:\/\/candas365.es\/noticias\/#organization"}}]},"og:locale":"es_ES","og:site_name":"Cand\u00e1s 365","og:type":"article","og:title":"Fin de semana de humor y teatro familiar en La Laboral | Cand\u00e1s 365","og:description":"Comedy Rock y Los tres cerditos son las propuestas para el fin de semana en el Teatro de la Laboral. Dani Mateo, Ra\u00fal Cimas y JJ Vaquero actuar\u00e1n en Comedy Rock este s\u00e1bado 28 d octubre, a las 20:30 horas. Tres grandes del humor de este pa\u00eds, habituales del Club de la Comedia, se unen","og:url":"https:\/\/candas365.es\/noticias\/fin-de-semana-de-humor-y-teatro-familiar-en-la-laboral\/","og:image":"https:\/\/candas365.es\/noticias\/wp-content\/uploads\/2017\/10\/Clown.jpg","og:image:secure_url":"https:\/\/candas365.es\/noticias\/wp-content\/uploads\/2017\/10\/Clown.jpg","og:image:width":1200,"og:image:height":800,"article:published_time":"2017-10-26T17:57:35+00:00","article:modified_time":"2017-10-26T17:57:35+00:00","article:publisher":"https:\/\/www.facebook.com\/Nachofdezber","article:author":"https:\/\/www.facebook.com\/carrenoactualidad","twitter:card":"summary_large_image","twitter:site":"@NabercoDigital","twitter:title":"Fin de semana de humor y teatro familiar en La Laboral | Cand\u00e1s 365","twitter:description":"Comedy Rock y Los tres cerditos son las propuestas para el fin de semana en el Teatro de la Laboral. Dani Mateo, Ra\u00fal Cimas y JJ Vaquero actuar\u00e1n en Comedy Rock este s\u00e1bado 28 d octubre, a las 20:30 horas. Tres grandes del humor de este pa\u00eds, habituales del Club de la Comedia, se unen","twitter:creator":"@nbasturias","twitter:image":"https:\/\/candas365.es\/noticias\/wp-content\/uploads\/2017\/10\/Clown.jpg","twitter:label1":"Escrito por","twitter:data1":"Cand\u00e1s 365","twitter:label2":"Tiempo de lectura estimado","twitter:data2":"2 minutos"},"aioseo_meta_data":{"post_id":"82955","title":null,"description":null,"keywords":null,"keyphrases":null,"primary_term":null,"canonical_url":null,"og_title":null,"og_description":null,"og_object_type":"default","og_image_type":"default","og_image_url":null,"og_image_width":null,"og_image_height":null,"og_image_custom_url":null,"og_image_custom_fields":null,"og_video":null,"og_custom_url":null,"og_article_section":null,"og_article_tags":null,"twitter_use_og":false,"twitter_card":"default","twitter_image_type":"default","twitter_image_url":null,"twitter_image_custom_url":null,"twitter_image_custom_fields":null,"twitter_title":null,"twitter_description":null,"schema":{"blockGraphs":[],"customGraphs":[],"default":{"data":{"Article":[],"Course":[],"Dataset":[],"FAQPage":[],"Movie":[],"Person":[],"Product":[],"ProductReview":[],"Car":[],"Recipe":[],"Service":[],"SoftwareApplication":[],"WebPage":[]},"graphName":"","isEnabled":true},"graphs":[],"defaultGraph":"","defaultPostTypeGraph":""},"schema_type":null,"schema_type_options":null,"pillar_content":false,"robots_default":true,"robots_noindex":false,"robots_noarchive":false,"robots_nosnippet":false,"robots_nofollow":false,"robots_noimageindex":false,"robots_noodp":false,"robots_notranslate":false,"robots_max_snippet":null,"robots_max_videopreview":null,"robots_max_imagepreview":"large","priority":null,"frequency":null,"location":null,"local_seo":null,"seo_analyzer_scan_date":"2025-08-26 03:40:24","breadcrumb_settings":null,"limit_modified_date":false,"reviewed_by":null,"open_ai":null,"ai":null,"created":"2020-12-21 12:33:57","updated":"2025-08-26 03:40:24"},"aioseo_breadcrumb":"<div class=\"aioseo-breadcrumbs\"><span class=\"aioseo-breadcrumb\">\n\t<a href=\"https:\/\/candas365.es\/noticias\" title=\"Home\">Home<\/a>\n<\/span><span class=\"aioseo-breadcrumb-separator\">&ndash;<\/span><span class=\"aioseo-breadcrumb\">\n\t<a href=\"https:\/\/candas365.es\/noticias\/category\/agenda\/\" title=\"Agenda\">Agenda<\/a>\n<\/span><span class=\"aioseo-breadcrumb-separator\">&ndash;<\/span><span class=\"aioseo-breadcrumb\">\n\tFin de semana de humor y teatro familiar en La Laboral\n<\/span><\/div>","aioseo_breadcrumb_json":[{"label":"Home","link":"https:\/\/candas365.es\/noticias"},{"label":"Agenda","link":"https:\/\/candas365.es\/noticias\/category\/agenda\/"},{"label":"Fin de semana de humor y teatro familiar en La Laboral","link":"https:\/\/candas365.es\/noticias\/fin-de-semana-de-humor-y-teatro-familiar-en-la-laboral\/"}],"_links":{"self":[{"href":"https:\/\/candas365.es\/noticias\/wp-json\/wp\/v2\/posts\/82955","targetHints":{"allow":["GET"]}}],"collection":[{"href":"https:\/\/candas365.es\/noticias\/wp-json\/wp\/v2\/posts"}],"about":[{"href":"https:\/\/candas365.es\/noticias\/wp-json\/wp\/v2\/types\/post"}],"author":[{"embeddable":true,"href":"https:\/\/candas365.es\/noticias\/wp-json\/wp\/v2\/users\/1"}],"replies":[{"embeddable":true,"href":"https:\/\/candas365.es\/noticias\/wp-json\/wp\/v2\/comments?post=82955"}],"version-history":[{"count":0,"href":"https:\/\/candas365.es\/noticias\/wp-json\/wp\/v2\/posts\/82955\/revisions"}],"wp:featuredmedia":[{"embeddable":true,"href":"https:\/\/candas365.es\/noticias\/wp-json\/wp\/v2\/media\/82956"}],"wp:attachment":[{"href":"https:\/\/candas365.es\/noticias\/wp-json\/wp\/v2\/media?parent=82955"}],"wp:term":[{"taxonomy":"category","embeddable":true,"href":"https:\/\/candas365.es\/noticias\/wp-json\/wp\/v2\/categories?post=82955"},{"taxonomy":"post_tag","embeddable":true,"href":"https:\/\/candas365.es\/noticias\/wp-json\/wp\/v2\/tags?post=82955"}],"curies":[{"name":"wp","href":"https:\/\/api.w.org\/{rel}","templated":true}]}}