{"id":82884,"date":"2017-10-25T22:32:24","date_gmt":"2017-10-25T22:32:24","guid":{"rendered":"http:\/\/candas365.es\/noticias\/?p=82884"},"modified":"2017-10-25T22:32:24","modified_gmt":"2017-10-25T22:32:24","slug":"la-actriz-clara-sanchis-en-atencion-obras","status":"publish","type":"post","link":"https:\/\/candas365.es\/noticias\/la-actriz-clara-sanchis-en-atencion-obras\/","title":{"rendered":"La actriz Clara Sanch\u00eds en &#8216;\u00a1Atenci\u00f3n Obras!&#8217;"},"content":{"rendered":"<p><img fetchpriority=\"high\" decoding=\"async\" class=\"alignleft size-medium wp-image-82885\" src=\"https:\/\/candas365.es\/noticias\/wp-content\/uploads\/2017\/10\/tele-360x249.jpg\" alt=\"\" width=\"360\" height=\"249\" srcset=\"https:\/\/candas365.es\/noticias\/wp-content\/uploads\/2017\/10\/tele-360x249.jpg 360w, https:\/\/candas365.es\/noticias\/wp-content\/uploads\/2017\/10\/tele-768x530.jpg 768w, https:\/\/candas365.es\/noticias\/wp-content\/uploads\/2017\/10\/tele-655x452.jpg 655w, https:\/\/candas365.es\/noticias\/wp-content\/uploads\/2017\/10\/tele-100x70.jpg 100w, https:\/\/candas365.es\/noticias\/wp-content\/uploads\/2017\/10\/tele-218x150.jpg 218w, https:\/\/candas365.es\/noticias\/wp-content\/uploads\/2017\/10\/tele-696x481.jpg 696w, https:\/\/candas365.es\/noticias\/wp-content\/uploads\/2017\/10\/tele-1068x738.jpg 1068w, https:\/\/candas365.es\/noticias\/wp-content\/uploads\/2017\/10\/tele-608x420.jpg 608w, https:\/\/candas365.es\/noticias\/wp-content\/uploads\/2017\/10\/tele.jpg 1180w\" sizes=\"(max-width: 360px) 100vw, 360px\" \/>La actriz Clara Sanch\u00eds presentar\u00e1 esta semana con Cayetana Guill\u00e9n Cuervo su nuevo trabajo en &#8216;Una habitaci\u00f3n propia&#8217;, de Virginia Woolf, en el Teatro Espa\u00f1ol. El programa cultural adem\u00e1s se acercar\u00e1 a la obra fotogr\u00e1fica de Nicholas Nixon, recorriendo su retrospectiva con el artista; y presentar\u00e1 el trabajo de Cristina Lucas, &#8216;Manchas de silencio&#8217; y la nueva versi\u00f3n de &#8216;Bodas de sangre&#8217; de Pablo Messiez.<\/p>\n<p>Cuando se public\u00f3 &#8216;Una habitaci\u00f3n propia&#8217; de Virginia Woolf, hac\u00eda apenas una d\u00e9cada que se permit\u00eda votar a las mujeres en Gran Breta\u00f1a. Obra clave del feminismo, el texto es una aguda reflexi\u00f3n sobre la maltratada figura de la mujer en la historia del arte y la literatura. Hoy Clara Sanch\u00eds hace suyas aquellas reflexiones sobre las tablas del madrile\u00f1o Teatro Espa\u00f1ol y &#8216;\u00a1Atenci\u00f3n Obras!&#8217; quiere analizar con la actriz las claves del enorme \u00e9xito que sigue cosechando 90 a\u00f1os despu\u00e9s de su publicaci\u00f3n<\/p>\n<p>El programa tambi\u00e9n se acercar\u00e1 al trabajo de Nicholas Nixon, que lleva retratando a su mujer y a sus cu\u00f1adas desde 1975. Esa serie de fotograf\u00edas de las hermanas Brown se ha convertido en una de las m\u00e1s conocidas del mundo. \u00a1Atenci\u00f3n Obras! tuvo el honor de recorrer con el propio artista su gran retrospectiva que puede visitarse estos d\u00edas en la Fundaci\u00f3n Mapfre de Madrid.<\/p>\n<p>El programa adem\u00e1s hablar\u00e1 de &#8216;Manchas de silencio&#8217;, de Cristina Lucas. Desde su primer trabajo sobre el aniversario del Guernica, en 2012, la artista no ha dejado de investigar el mapa mundial de los bombardeos contra civiles. Una terrible realidad desde los inicios de la aviaci\u00f3n hasta ahora que ella convierte en denuncia a trav\u00e9s del arte.<\/p>\n<p>El director argentino Pablo Messiez presentar\u00e1 en este espacio su nueva versi\u00f3n de &#8216;Bodas de sangre&#8217; de Garc\u00eda Lorca para descubrir con \u00e9l que la obra est\u00e1 inspirada en hechos reales, en el conocido como Cr\u00edmen de N\u00edjar. El dramaturgo mostrar\u00e1 el trabajo de campo que \u00e9l y los actores hicieron en el Cortijo del Fraile, un viaje apasionante.<\/p>\n<p>El colaborador de esta semana ser\u00e1 el escritor Benjam\u00edn Prado que, en esta ocasi\u00f3n, en lugar de hablar de novedades, lo har\u00e1 de libros que regresan.<\/p>\n","protected":false},"excerpt":{"rendered":"<p>La actriz Clara Sanch\u00eds presentar\u00e1 esta semana con Cayetana Guill\u00e9n Cuervo su nuevo trabajo en &#8216;Una habitaci\u00f3n propia&#8217;, de Virginia Woolf, en el Teatro Espa\u00f1ol. El programa cultural adem\u00e1s se acercar\u00e1 a la obra fotogr\u00e1fica de Nicholas Nixon, recorriendo su retrospectiva con el artista; y presentar\u00e1 el trabajo de Cristina Lucas, &#8216;Manchas de silencio&#8217; y<\/p>\n","protected":false},"author":1,"featured_media":82885,"comment_status":"closed","ping_status":"closed","sticky":false,"template":"","format":"standard","meta":{"footnotes":""},"categories":[1],"tags":[],"class_list":{"0":"post-82884","1":"post","2":"type-post","3":"status-publish","4":"format-standard","5":"has-post-thumbnail","7":"category-agenda"},"aioseo_notices":[],"aioseo_head":"\n\t\t<!-- All in One SEO Pro 4.9.6.2 - aioseo.com -->\n\t<meta name=\"description\" content=\"La actriz Clara Sanch\u00eds presentar\u00e1 esta semana con Cayetana Guill\u00e9n Cuervo su nuevo trabajo en &#039;Una habitaci\u00f3n propia&#039;, de Virginia Woolf, en el Teatro Espa\u00f1ol. El programa cultural adem\u00e1s se acercar\u00e1 a la obra fotogr\u00e1fica de Nicholas Nixon, recorriendo su retrospectiva con el artista; y presentar\u00e1 el trabajo de Cristina Lucas, &#039;Manchas de silencio&#039; y\" \/>\n\t<meta name=\"robots\" content=\"max-image-preview:large\" \/>\n\t<meta name=\"author\" content=\"Cand\u00e1s 365\"\/>\n\t<meta name=\"google-site-verification\" content=\"UA-32230408-1\" \/>\n\t<meta name=\"msvalidate.01\" content=\"354F3CDFB2DA171B47FBE9ABF1F88D5\" \/>\n\t<meta name=\"keywords\" content=\"agenda\" \/>\n\t<link rel=\"canonical\" href=\"https:\/\/candas365.es\/noticias\/la-actriz-clara-sanchis-en-atencion-obras\/\" \/>\n\t<meta name=\"generator\" content=\"All in One SEO Pro (AIOSEO) 4.9.6.2\" \/>\n\t\t<meta property=\"og:locale\" content=\"es_ES\" \/>\n\t\t<meta property=\"og:site_name\" content=\"Cand\u00e1s 365\" \/>\n\t\t<meta property=\"og:type\" content=\"article\" \/>\n\t\t<meta property=\"og:title\" content=\"La actriz Clara Sanch\u00eds en \u2018\u00a1Atenci\u00f3n Obras!\u2019 | Cand\u00e1s 365\" \/>\n\t\t<meta property=\"og:description\" content=\"La actriz Clara Sanch\u00eds presentar\u00e1 esta semana con Cayetana Guill\u00e9n Cuervo su nuevo trabajo en &#039;Una habitaci\u00f3n propia&#039;, de Virginia Woolf, en el Teatro Espa\u00f1ol. El programa cultural adem\u00e1s se acercar\u00e1 a la obra fotogr\u00e1fica de Nicholas Nixon, recorriendo su retrospectiva con el artista; y presentar\u00e1 el trabajo de Cristina Lucas, &#039;Manchas de silencio&#039; y\" \/>\n\t\t<meta property=\"og:url\" content=\"https:\/\/candas365.es\/noticias\/la-actriz-clara-sanchis-en-atencion-obras\/\" \/>\n\t\t<meta property=\"og:image\" content=\"https:\/\/candas365.es\/noticias\/wp-content\/uploads\/2017\/10\/tele.jpg\" \/>\n\t\t<meta property=\"og:image:secure_url\" content=\"https:\/\/candas365.es\/noticias\/wp-content\/uploads\/2017\/10\/tele.jpg\" \/>\n\t\t<meta property=\"og:image:width\" content=\"1180\" \/>\n\t\t<meta property=\"og:image:height\" content=\"815\" \/>\n\t\t<meta property=\"article:published_time\" content=\"2017-10-25T22:32:24+00:00\" \/>\n\t\t<meta property=\"article:modified_time\" content=\"2017-10-25T22:32:24+00:00\" \/>\n\t\t<meta property=\"article:publisher\" content=\"https:\/\/www.facebook.com\/Nachofdezber\" \/>\n\t\t<meta property=\"article:author\" content=\"https:\/\/www.facebook.com\/carrenoactualidad\" \/>\n\t\t<meta name=\"twitter:card\" content=\"summary_large_image\" \/>\n\t\t<meta name=\"twitter:site\" content=\"@NabercoDigital\" \/>\n\t\t<meta name=\"twitter:title\" content=\"La actriz Clara Sanch\u00eds en \u2018\u00a1Atenci\u00f3n Obras!\u2019 | Cand\u00e1s 365\" \/>\n\t\t<meta name=\"twitter:description\" content=\"La actriz Clara Sanch\u00eds presentar\u00e1 esta semana con Cayetana Guill\u00e9n Cuervo su nuevo trabajo en &#039;Una habitaci\u00f3n propia&#039;, de Virginia Woolf, en el Teatro Espa\u00f1ol. El programa cultural adem\u00e1s se acercar\u00e1 a la obra fotogr\u00e1fica de Nicholas Nixon, recorriendo su retrospectiva con el artista; y presentar\u00e1 el trabajo de Cristina Lucas, &#039;Manchas de silencio&#039; y\" \/>\n\t\t<meta name=\"twitter:creator\" content=\"@nbasturias\" \/>\n\t\t<meta name=\"twitter:image\" content=\"https:\/\/candas365.es\/noticias\/wp-content\/uploads\/2017\/10\/tele.jpg\" \/>\n\t\t<meta name=\"twitter:label1\" content=\"Escrito por\" \/>\n\t\t<meta name=\"twitter:data1\" content=\"Cand\u00e1s 365\" \/>\n\t\t<meta name=\"twitter:label2\" content=\"Tiempo de lectura estimado\" \/>\n\t\t<meta name=\"twitter:data2\" content=\"2 minutos\" \/>\n\t\t<script type=\"application\/ld+json\" class=\"aioseo-schema\">\n\t\t\t{\"@context\":\"https:\\\/\\\/schema.org\",\"@graph\":[{\"@type\":\"BreadcrumbList\",\"@id\":\"https:\\\/\\\/candas365.es\\\/noticias\\\/la-actriz-clara-sanchis-en-atencion-obras\\\/#breadcrumblist\",\"itemListElement\":[{\"@type\":\"ListItem\",\"@id\":\"https:\\\/\\\/candas365.es\\\/noticias#listItem\",\"position\":1,\"name\":\"Home\",\"item\":\"https:\\\/\\\/candas365.es\\\/noticias\",\"nextItem\":{\"@type\":\"ListItem\",\"@id\":\"https:\\\/\\\/candas365.es\\\/noticias\\\/category\\\/agenda\\\/#listItem\",\"name\":\"Agenda\"}},{\"@type\":\"ListItem\",\"@id\":\"https:\\\/\\\/candas365.es\\\/noticias\\\/category\\\/agenda\\\/#listItem\",\"position\":2,\"name\":\"Agenda\",\"item\":\"https:\\\/\\\/candas365.es\\\/noticias\\\/category\\\/agenda\\\/\",\"nextItem\":{\"@type\":\"ListItem\",\"@id\":\"https:\\\/\\\/candas365.es\\\/noticias\\\/la-actriz-clara-sanchis-en-atencion-obras\\\/#listItem\",\"name\":\"La actriz Clara Sanch\\u00eds en &#8216;\\u00a1Atenci\\u00f3n Obras!&#8217;\"},\"previousItem\":{\"@type\":\"ListItem\",\"@id\":\"https:\\\/\\\/candas365.es\\\/noticias#listItem\",\"name\":\"Home\"}},{\"@type\":\"ListItem\",\"@id\":\"https:\\\/\\\/candas365.es\\\/noticias\\\/la-actriz-clara-sanchis-en-atencion-obras\\\/#listItem\",\"position\":3,\"name\":\"La actriz Clara Sanch\\u00eds en &#8216;\\u00a1Atenci\\u00f3n Obras!&#8217;\",\"previousItem\":{\"@type\":\"ListItem\",\"@id\":\"https:\\\/\\\/candas365.es\\\/noticias\\\/category\\\/agenda\\\/#listItem\",\"name\":\"Agenda\"}}]},{\"@type\":\"NewsArticle\",\"@id\":\"https:\\\/\\\/candas365.es\\\/noticias\\\/la-actriz-clara-sanchis-en-atencion-obras\\\/#newsarticle\",\"name\":\"La actriz Clara Sanch\\u00eds en \\u2018\\u00a1Atenci\\u00f3n Obras!\\u2019 | Cand\\u00e1s 365\",\"headline\":\"La actriz Clara Sanch\\u00eds en &#8216;\\u00a1Atenci\\u00f3n Obras!&#8217;\",\"author\":{\"@id\":\"https:\\\/\\\/candas365.es\\\/noticias\\\/author\\\/admin\\\/#author\"},\"publisher\":{\"@id\":\"https:\\\/\\\/candas365.es\\\/noticias\\\/#organization\"},\"image\":{\"@type\":\"ImageObject\",\"url\":\"https:\\\/\\\/candas365.es\\\/noticias\\\/wp-content\\\/uploads\\\/2017\\\/10\\\/tele.jpg\",\"width\":1180,\"height\":815},\"datePublished\":\"2017-10-25T22:32:24+02:00\",\"dateModified\":\"2017-10-25T22:32:24+02:00\",\"inLanguage\":\"es-ES\",\"mainEntityOfPage\":{\"@id\":\"https:\\\/\\\/candas365.es\\\/noticias\\\/la-actriz-clara-sanchis-en-atencion-obras\\\/#webpage\"},\"isPartOf\":{\"@id\":\"https:\\\/\\\/candas365.es\\\/noticias\\\/la-actriz-clara-sanchis-en-atencion-obras\\\/#webpage\"},\"articleSection\":\"Agenda\",\"dateline\":\"Publicado el octubre 25, 2017.\"},{\"@type\":\"Organization\",\"@id\":\"https:\\\/\\\/candas365.es\\\/noticias\\\/#organization\",\"name\":\"Cand\\u00e1s 365\",\"description\":\"Cand\\u00e1s 365 es un diario digital independiente, fundado en 2012, con base en Asturias. Informamos con rigor sobre actualidad, sociedad, cultura y ocio, con una mirada local y global.\",\"url\":\"https:\\\/\\\/candas365.es\\\/noticias\\\/\",\"email\":\"info@candas365.es\",\"telephone\":\"+34652131393\",\"foundingDate\":\"2012-06-10\",\"logo\":{\"@type\":\"ImageObject\",\"url\":\"https:\\\/\\\/candas365.es\\\/noticias\\\/wp-content\\\/uploads\\\/2024\\\/09\\\/Candas-365-Redes.jpg\",\"@id\":\"https:\\\/\\\/candas365.es\\\/noticias\\\/la-actriz-clara-sanchis-en-atencion-obras\\\/#organizationLogo\",\"width\":1152,\"height\":864,\"caption\":\"Cand\\u00e1s 365 Redes\"},\"image\":{\"@id\":\"https:\\\/\\\/candas365.es\\\/noticias\\\/la-actriz-clara-sanchis-en-atencion-obras\\\/#organizationLogo\"},\"sameAs\":[\"https:\\\/\\\/www.facebook.com\\\/Nachofdezber\",\"https:\\\/\\\/x.com\\\/NabercoDigital\",\"https:\\\/\\\/www.instagram.com\\\/nachofdezber\\\/\",\"https:\\\/\\\/www.youtube.com\\\/channel\\\/UCZP-2wLEB9Rv6erhFmqVnvg\"],\"address\":{\"@id\":\"https:\\\/\\\/candas365.es\\\/noticias\\\/#postaladdress\",\"@type\":\"PostalAddress\",\"streetAddress\":\"san antonio 4, san antonio 4\",\"postalCode\":\"33430\",\"addressLocality\":\"Cand\\u00e1s\",\"addressRegion\":\"Asturias\",\"addressCountry\":\"ES\"}},{\"@type\":\"Person\",\"@id\":\"https:\\\/\\\/candas365.es\\\/noticias\\\/author\\\/admin\\\/#author\",\"url\":\"https:\\\/\\\/candas365.es\\\/noticias\\\/author\\\/admin\\\/\",\"name\":\"Cand\\u00e1s 365\",\"image\":{\"@type\":\"ImageObject\",\"@id\":\"https:\\\/\\\/candas365.es\\\/noticias\\\/la-actriz-clara-sanchis-en-atencion-obras\\\/#authorImage\",\"url\":\"https:\\\/\\\/secure.gravatar.com\\\/avatar\\\/496a8e03d0c493ede1718b7934145dbdf8d89be1036b0eec9544e1094c9de390?s=96&d=mm&r=g\",\"width\":96,\"height\":96,\"caption\":\"Cand\\u00e1s 365\"},\"sameAs\":[\"https:\\\/\\\/www.facebook.com\\\/carrenoactualidad\",\"https:\\\/\\\/twitter.com\\\/nbasturias\",\"https:\\\/\\\/www.instagram.com\\\/nachofdezber\\\/\",\"https:\\\/\\\/www.youtube.com\\\/channel\\\/UCZP-2wLEB9Rv6erhFmqVnvg\"]},{\"@type\":\"WebPage\",\"@id\":\"https:\\\/\\\/candas365.es\\\/noticias\\\/la-actriz-clara-sanchis-en-atencion-obras\\\/#webpage\",\"url\":\"https:\\\/\\\/candas365.es\\\/noticias\\\/la-actriz-clara-sanchis-en-atencion-obras\\\/\",\"name\":\"La actriz Clara Sanch\\u00eds en \\u2018\\u00a1Atenci\\u00f3n Obras!\\u2019 | Cand\\u00e1s 365\",\"description\":\"La actriz Clara Sanch\\u00eds presentar\\u00e1 esta semana con Cayetana Guill\\u00e9n Cuervo su nuevo trabajo en 'Una habitaci\\u00f3n propia', de Virginia Woolf, en el Teatro Espa\\u00f1ol. El programa cultural adem\\u00e1s se acercar\\u00e1 a la obra fotogr\\u00e1fica de Nicholas Nixon, recorriendo su retrospectiva con el artista; y presentar\\u00e1 el trabajo de Cristina Lucas, 'Manchas de silencio' y\",\"inLanguage\":\"es-ES\",\"isPartOf\":{\"@id\":\"https:\\\/\\\/candas365.es\\\/noticias\\\/#website\"},\"breadcrumb\":{\"@id\":\"https:\\\/\\\/candas365.es\\\/noticias\\\/la-actriz-clara-sanchis-en-atencion-obras\\\/#breadcrumblist\"},\"author\":{\"@id\":\"https:\\\/\\\/candas365.es\\\/noticias\\\/author\\\/admin\\\/#author\"},\"creator\":{\"@id\":\"https:\\\/\\\/candas365.es\\\/noticias\\\/author\\\/admin\\\/#author\"},\"image\":{\"@type\":\"ImageObject\",\"url\":\"https:\\\/\\\/candas365.es\\\/noticias\\\/wp-content\\\/uploads\\\/2017\\\/10\\\/tele.jpg\",\"@id\":\"https:\\\/\\\/candas365.es\\\/noticias\\\/la-actriz-clara-sanchis-en-atencion-obras\\\/#mainImage\",\"width\":1180,\"height\":815},\"primaryImageOfPage\":{\"@id\":\"https:\\\/\\\/candas365.es\\\/noticias\\\/la-actriz-clara-sanchis-en-atencion-obras\\\/#mainImage\"},\"datePublished\":\"2017-10-25T22:32:24+02:00\",\"dateModified\":\"2017-10-25T22:32:24+02:00\"},{\"@type\":\"WebSite\",\"@id\":\"https:\\\/\\\/candas365.es\\\/noticias\\\/#website\",\"url\":\"https:\\\/\\\/candas365.es\\\/noticias\\\/\",\"name\":\"Cand\\u00e1s 365\",\"alternateName\":\"Cand\\u00e1s 365 Noticias\",\"description\":\"Actualidad desde Carre\\u00f1o para el mundo\",\"inLanguage\":\"es-ES\",\"publisher\":{\"@id\":\"https:\\\/\\\/candas365.es\\\/noticias\\\/#organization\"}}]}\n\t\t<\/script>\n\t\t<!-- All in One SEO Pro -->\r\n\t\t<title>La actriz Clara Sanch\u00eds en \u2018\u00a1Atenci\u00f3n Obras!\u2019 | Cand\u00e1s 365<\/title>\n\n","aioseo_head_json":{"title":"La actriz Clara Sanch\u00eds en \u2018\u00a1Atenci\u00f3n Obras!\u2019 | Cand\u00e1s 365","description":"La actriz Clara Sanch\u00eds presentar\u00e1 esta semana con Cayetana Guill\u00e9n Cuervo su nuevo trabajo en 'Una habitaci\u00f3n propia', de Virginia Woolf, en el Teatro Espa\u00f1ol. El programa cultural adem\u00e1s se acercar\u00e1 a la obra fotogr\u00e1fica de Nicholas Nixon, recorriendo su retrospectiva con el artista; y presentar\u00e1 el trabajo de Cristina Lucas, 'Manchas de silencio' y","canonical_url":"https:\/\/candas365.es\/noticias\/la-actriz-clara-sanchis-en-atencion-obras\/","robots":"max-image-preview:large","keywords":"agenda","webmasterTools":{"google-site-verification":"UA-32230408-1","msvalidate.01":"354F3CDFB2DA171B47FBE9ABF1F88D5","miscellaneous":""},"schema":{"@context":"https:\/\/schema.org","@graph":[{"@type":"BreadcrumbList","@id":"https:\/\/candas365.es\/noticias\/la-actriz-clara-sanchis-en-atencion-obras\/#breadcrumblist","itemListElement":[{"@type":"ListItem","@id":"https:\/\/candas365.es\/noticias#listItem","position":1,"name":"Home","item":"https:\/\/candas365.es\/noticias","nextItem":{"@type":"ListItem","@id":"https:\/\/candas365.es\/noticias\/category\/agenda\/#listItem","name":"Agenda"}},{"@type":"ListItem","@id":"https:\/\/candas365.es\/noticias\/category\/agenda\/#listItem","position":2,"name":"Agenda","item":"https:\/\/candas365.es\/noticias\/category\/agenda\/","nextItem":{"@type":"ListItem","@id":"https:\/\/candas365.es\/noticias\/la-actriz-clara-sanchis-en-atencion-obras\/#listItem","name":"La actriz Clara Sanch\u00eds en &#8216;\u00a1Atenci\u00f3n Obras!&#8217;"},"previousItem":{"@type":"ListItem","@id":"https:\/\/candas365.es\/noticias#listItem","name":"Home"}},{"@type":"ListItem","@id":"https:\/\/candas365.es\/noticias\/la-actriz-clara-sanchis-en-atencion-obras\/#listItem","position":3,"name":"La actriz Clara Sanch\u00eds en &#8216;\u00a1Atenci\u00f3n Obras!&#8217;","previousItem":{"@type":"ListItem","@id":"https:\/\/candas365.es\/noticias\/category\/agenda\/#listItem","name":"Agenda"}}]},{"@type":"NewsArticle","@id":"https:\/\/candas365.es\/noticias\/la-actriz-clara-sanchis-en-atencion-obras\/#newsarticle","name":"La actriz Clara Sanch\u00eds en \u2018\u00a1Atenci\u00f3n Obras!\u2019 | Cand\u00e1s 365","headline":"La actriz Clara Sanch\u00eds en &#8216;\u00a1Atenci\u00f3n Obras!&#8217;","author":{"@id":"https:\/\/candas365.es\/noticias\/author\/admin\/#author"},"publisher":{"@id":"https:\/\/candas365.es\/noticias\/#organization"},"image":{"@type":"ImageObject","url":"https:\/\/candas365.es\/noticias\/wp-content\/uploads\/2017\/10\/tele.jpg","width":1180,"height":815},"datePublished":"2017-10-25T22:32:24+02:00","dateModified":"2017-10-25T22:32:24+02:00","inLanguage":"es-ES","mainEntityOfPage":{"@id":"https:\/\/candas365.es\/noticias\/la-actriz-clara-sanchis-en-atencion-obras\/#webpage"},"isPartOf":{"@id":"https:\/\/candas365.es\/noticias\/la-actriz-clara-sanchis-en-atencion-obras\/#webpage"},"articleSection":"Agenda","dateline":"Publicado el octubre 25, 2017."},{"@type":"Organization","@id":"https:\/\/candas365.es\/noticias\/#organization","name":"Cand\u00e1s 365","description":"Cand\u00e1s 365 es un diario digital independiente, fundado en 2012, con base en Asturias. Informamos con rigor sobre actualidad, sociedad, cultura y ocio, con una mirada local y global.","url":"https:\/\/candas365.es\/noticias\/","email":"info@candas365.es","telephone":"+34652131393","foundingDate":"2012-06-10","logo":{"@type":"ImageObject","url":"https:\/\/candas365.es\/noticias\/wp-content\/uploads\/2024\/09\/Candas-365-Redes.jpg","@id":"https:\/\/candas365.es\/noticias\/la-actriz-clara-sanchis-en-atencion-obras\/#organizationLogo","width":1152,"height":864,"caption":"Cand\u00e1s 365 Redes"},"image":{"@id":"https:\/\/candas365.es\/noticias\/la-actriz-clara-sanchis-en-atencion-obras\/#organizationLogo"},"sameAs":["https:\/\/www.facebook.com\/Nachofdezber","https:\/\/x.com\/NabercoDigital","https:\/\/www.instagram.com\/nachofdezber\/","https:\/\/www.youtube.com\/channel\/UCZP-2wLEB9Rv6erhFmqVnvg"],"address":{"@id":"https:\/\/candas365.es\/noticias\/#postaladdress","@type":"PostalAddress","streetAddress":"san antonio 4, san antonio 4","postalCode":"33430","addressLocality":"Cand\u00e1s","addressRegion":"Asturias","addressCountry":"ES"}},{"@type":"Person","@id":"https:\/\/candas365.es\/noticias\/author\/admin\/#author","url":"https:\/\/candas365.es\/noticias\/author\/admin\/","name":"Cand\u00e1s 365","image":{"@type":"ImageObject","@id":"https:\/\/candas365.es\/noticias\/la-actriz-clara-sanchis-en-atencion-obras\/#authorImage","url":"https:\/\/secure.gravatar.com\/avatar\/496a8e03d0c493ede1718b7934145dbdf8d89be1036b0eec9544e1094c9de390?s=96&d=mm&r=g","width":96,"height":96,"caption":"Cand\u00e1s 365"},"sameAs":["https:\/\/www.facebook.com\/carrenoactualidad","https:\/\/twitter.com\/nbasturias","https:\/\/www.instagram.com\/nachofdezber\/","https:\/\/www.youtube.com\/channel\/UCZP-2wLEB9Rv6erhFmqVnvg"]},{"@type":"WebPage","@id":"https:\/\/candas365.es\/noticias\/la-actriz-clara-sanchis-en-atencion-obras\/#webpage","url":"https:\/\/candas365.es\/noticias\/la-actriz-clara-sanchis-en-atencion-obras\/","name":"La actriz Clara Sanch\u00eds en \u2018\u00a1Atenci\u00f3n Obras!\u2019 | Cand\u00e1s 365","description":"La actriz Clara Sanch\u00eds presentar\u00e1 esta semana con Cayetana Guill\u00e9n Cuervo su nuevo trabajo en 'Una habitaci\u00f3n propia', de Virginia Woolf, en el Teatro Espa\u00f1ol. El programa cultural adem\u00e1s se acercar\u00e1 a la obra fotogr\u00e1fica de Nicholas Nixon, recorriendo su retrospectiva con el artista; y presentar\u00e1 el trabajo de Cristina Lucas, 'Manchas de silencio' y","inLanguage":"es-ES","isPartOf":{"@id":"https:\/\/candas365.es\/noticias\/#website"},"breadcrumb":{"@id":"https:\/\/candas365.es\/noticias\/la-actriz-clara-sanchis-en-atencion-obras\/#breadcrumblist"},"author":{"@id":"https:\/\/candas365.es\/noticias\/author\/admin\/#author"},"creator":{"@id":"https:\/\/candas365.es\/noticias\/author\/admin\/#author"},"image":{"@type":"ImageObject","url":"https:\/\/candas365.es\/noticias\/wp-content\/uploads\/2017\/10\/tele.jpg","@id":"https:\/\/candas365.es\/noticias\/la-actriz-clara-sanchis-en-atencion-obras\/#mainImage","width":1180,"height":815},"primaryImageOfPage":{"@id":"https:\/\/candas365.es\/noticias\/la-actriz-clara-sanchis-en-atencion-obras\/#mainImage"},"datePublished":"2017-10-25T22:32:24+02:00","dateModified":"2017-10-25T22:32:24+02:00"},{"@type":"WebSite","@id":"https:\/\/candas365.es\/noticias\/#website","url":"https:\/\/candas365.es\/noticias\/","name":"Cand\u00e1s 365","alternateName":"Cand\u00e1s 365 Noticias","description":"Actualidad desde Carre\u00f1o para el mundo","inLanguage":"es-ES","publisher":{"@id":"https:\/\/candas365.es\/noticias\/#organization"}}]},"og:locale":"es_ES","og:site_name":"Cand\u00e1s 365","og:type":"article","og:title":"La actriz Clara Sanch\u00eds en \u2018\u00a1Atenci\u00f3n Obras!\u2019 | Cand\u00e1s 365","og:description":"La actriz Clara Sanch\u00eds presentar\u00e1 esta semana con Cayetana Guill\u00e9n Cuervo su nuevo trabajo en 'Una habitaci\u00f3n propia', de Virginia Woolf, en el Teatro Espa\u00f1ol. El programa cultural adem\u00e1s se acercar\u00e1 a la obra fotogr\u00e1fica de Nicholas Nixon, recorriendo su retrospectiva con el artista; y presentar\u00e1 el trabajo de Cristina Lucas, 'Manchas de silencio' y","og:url":"https:\/\/candas365.es\/noticias\/la-actriz-clara-sanchis-en-atencion-obras\/","og:image":"https:\/\/candas365.es\/noticias\/wp-content\/uploads\/2017\/10\/tele.jpg","og:image:secure_url":"https:\/\/candas365.es\/noticias\/wp-content\/uploads\/2017\/10\/tele.jpg","og:image:width":1180,"og:image:height":815,"article:published_time":"2017-10-25T22:32:24+00:00","article:modified_time":"2017-10-25T22:32:24+00:00","article:publisher":"https:\/\/www.facebook.com\/Nachofdezber","article:author":"https:\/\/www.facebook.com\/carrenoactualidad","twitter:card":"summary_large_image","twitter:site":"@NabercoDigital","twitter:title":"La actriz Clara Sanch\u00eds en \u2018\u00a1Atenci\u00f3n Obras!\u2019 | Cand\u00e1s 365","twitter:description":"La actriz Clara Sanch\u00eds presentar\u00e1 esta semana con Cayetana Guill\u00e9n Cuervo su nuevo trabajo en 'Una habitaci\u00f3n propia', de Virginia Woolf, en el Teatro Espa\u00f1ol. El programa cultural adem\u00e1s se acercar\u00e1 a la obra fotogr\u00e1fica de Nicholas Nixon, recorriendo su retrospectiva con el artista; y presentar\u00e1 el trabajo de Cristina Lucas, 'Manchas de silencio' y","twitter:creator":"@nbasturias","twitter:image":"https:\/\/candas365.es\/noticias\/wp-content\/uploads\/2017\/10\/tele.jpg","twitter:label1":"Escrito por","twitter:data1":"Cand\u00e1s 365","twitter:label2":"Tiempo de lectura estimado","twitter:data2":"2 minutos"},"aioseo_meta_data":{"post_id":"82884","title":null,"description":null,"keywords":null,"keyphrases":null,"primary_term":null,"canonical_url":null,"og_title":null,"og_description":null,"og_object_type":"default","og_image_type":"default","og_image_url":null,"og_image_width":null,"og_image_height":null,"og_image_custom_url":null,"og_image_custom_fields":null,"og_video":null,"og_custom_url":null,"og_article_section":null,"og_article_tags":null,"twitter_use_og":false,"twitter_card":"default","twitter_image_type":"default","twitter_image_url":null,"twitter_image_custom_url":null,"twitter_image_custom_fields":null,"twitter_title":null,"twitter_description":null,"schema":{"blockGraphs":[],"customGraphs":[],"default":{"data":{"Article":[],"Course":[],"Dataset":[],"FAQPage":[],"Movie":[],"Person":[],"Product":[],"ProductReview":[],"Car":[],"Recipe":[],"Service":[],"SoftwareApplication":[],"WebPage":[]},"graphName":"","isEnabled":true},"graphs":[]},"schema_type":null,"schema_type_options":null,"pillar_content":false,"robots_default":true,"robots_noindex":false,"robots_noarchive":false,"robots_nosnippet":false,"robots_nofollow":false,"robots_noimageindex":false,"robots_noodp":false,"robots_notranslate":false,"robots_max_snippet":null,"robots_max_videopreview":null,"robots_max_imagepreview":"large","priority":null,"frequency":null,"location":null,"local_seo":null,"seo_analyzer_scan_date":"2025-08-26 03:37:11","breadcrumb_settings":null,"limit_modified_date":false,"reviewed_by":null,"open_ai":null,"ai":null,"created":"2020-12-21 12:33:57","updated":"2025-08-26 03:37:11"},"aioseo_breadcrumb":"<div class=\"aioseo-breadcrumbs\"><span class=\"aioseo-breadcrumb\">\n\t<a href=\"https:\/\/candas365.es\/noticias\" title=\"Home\">Home<\/a>\n<\/span><span class=\"aioseo-breadcrumb-separator\">&ndash;<\/span><span class=\"aioseo-breadcrumb\">\n\t<a href=\"https:\/\/candas365.es\/noticias\/category\/agenda\/\" title=\"Agenda\">Agenda<\/a>\n<\/span><span class=\"aioseo-breadcrumb-separator\">&ndash;<\/span><span class=\"aioseo-breadcrumb\">\n\tLa actriz Clara Sanch\u00eds en \u2018\u00a1Atenci\u00f3n Obras!\u2019\n<\/span><\/div>","aioseo_breadcrumb_json":[{"label":"Home","link":"https:\/\/candas365.es\/noticias"},{"label":"Agenda","link":"https:\/\/candas365.es\/noticias\/category\/agenda\/"},{"label":"La actriz Clara Sanch\u00eds en &#8216;\u00a1Atenci\u00f3n Obras!&#8217;","link":"https:\/\/candas365.es\/noticias\/la-actriz-clara-sanchis-en-atencion-obras\/"}],"_links":{"self":[{"href":"https:\/\/candas365.es\/noticias\/wp-json\/wp\/v2\/posts\/82884","targetHints":{"allow":["GET"]}}],"collection":[{"href":"https:\/\/candas365.es\/noticias\/wp-json\/wp\/v2\/posts"}],"about":[{"href":"https:\/\/candas365.es\/noticias\/wp-json\/wp\/v2\/types\/post"}],"author":[{"embeddable":true,"href":"https:\/\/candas365.es\/noticias\/wp-json\/wp\/v2\/users\/1"}],"replies":[{"embeddable":true,"href":"https:\/\/candas365.es\/noticias\/wp-json\/wp\/v2\/comments?post=82884"}],"version-history":[{"count":0,"href":"https:\/\/candas365.es\/noticias\/wp-json\/wp\/v2\/posts\/82884\/revisions"}],"wp:featuredmedia":[{"embeddable":true,"href":"https:\/\/candas365.es\/noticias\/wp-json\/wp\/v2\/media\/82885"}],"wp:attachment":[{"href":"https:\/\/candas365.es\/noticias\/wp-json\/wp\/v2\/media?parent=82884"}],"wp:term":[{"taxonomy":"category","embeddable":true,"href":"https:\/\/candas365.es\/noticias\/wp-json\/wp\/v2\/categories?post=82884"},{"taxonomy":"post_tag","embeddable":true,"href":"https:\/\/candas365.es\/noticias\/wp-json\/wp\/v2\/tags?post=82884"}],"curies":[{"name":"wp","href":"https:\/\/api.w.org\/{rel}","templated":true}]}}