{"id":82881,"date":"2017-10-25T22:30:32","date_gmt":"2017-10-25T22:30:32","guid":{"rendered":"http:\/\/candas365.es\/noticias\/?p=82881"},"modified":"2017-10-25T22:30:32","modified_gmt":"2017-10-25T22:30:32","slug":"el-precio-justo-hoy-en-comando-actualidad","status":"publish","type":"post","link":"https:\/\/candas365.es\/noticias\/el-precio-justo-hoy-en-comando-actualidad\/","title":{"rendered":"&#8216;El precio justo&#8217; hoy en &#8216;Comando Actualidad&#8217;"},"content":{"rendered":"<p><img fetchpriority=\"high\" decoding=\"async\" class=\"alignleft size-medium wp-image-82882\" src=\"https:\/\/candas365.es\/noticias\/wp-content\/uploads\/2017\/10\/1508841097546-360x199.jpg\" alt=\"\" width=\"360\" height=\"199\" srcset=\"https:\/\/candas365.es\/noticias\/wp-content\/uploads\/2017\/10\/1508841097546-360x199.jpg 360w, https:\/\/candas365.es\/noticias\/wp-content\/uploads\/2017\/10\/1508841097546-768x425.jpg 768w, https:\/\/candas365.es\/noticias\/wp-content\/uploads\/2017\/10\/1508841097546-655x363.jpg 655w, https:\/\/candas365.es\/noticias\/wp-content\/uploads\/2017\/10\/1508841097546-696x385.jpg 696w, https:\/\/candas365.es\/noticias\/wp-content\/uploads\/2017\/10\/1508841097546-758x420.jpg 758w, https:\/\/candas365.es\/noticias\/wp-content\/uploads\/2017\/10\/1508841097546.jpg 800w\" sizes=\"(max-width: 360px) 100vw, 360px\" \/>\u00bfDe qu\u00e9 depende que suba o baje el precio del aceite, de los garbanzos o del jam\u00f3n? &#8216;Comando Actualidad&#8217; sigue esta semana la producci\u00f3n del campo a la mesa de los alimentos estrella de la dieta mediterr\u00e1nea. \u00bfPagar m\u00e1s es sin\u00f3nimo de calidad? \u00bfPor qu\u00e9 lo que pagamos por un kilo de legumbres lo deciden en India? \u00bfQu\u00e9 hace que la mayor parte del garbanzo que comemos llegue de Am\u00e9rica? \u00bfQu\u00e9 va a marcar el precio del marisco de esta Navidad? &#8216;El precio justo&#8217;, este mi\u00e9rcoles en &#8216;Comando Actualidad&#8217;.<\/p>\n<p>En el supermercado, un litro de aceite de oliva virgen extra ha rozado los seis euros; el de marca blanca, los cuatro. \u00bfPor qu\u00e9 se ha disparado el precio del aceite de oliva? Nieves lleva un cuarto de siglo trabajando con el rey de la dieta mediterr\u00e1nea.<\/p>\n<p>A su ordenador llegan cada semana las cotizaciones del aceite; en los \u00faltimos cinco a\u00f1os ha visto escalar la curva de su precio. En una de las razones se esconde Italia. El pa\u00eds vecino nos ha comprado buena parte de la \u00faltima cosecha.<\/p>\n<p>Dice Nieves que a partir de ahora los precios bajar\u00e1n porque ha comenzado la nueva campa\u00f1a y los supermercados han de darle salida al stock. Es directora de una de las revistas m\u00e1s especializadas del sector, desayuna untando crujientes rebanadas de pan con un cornicabra virgen extra, mientras asegura que el 70% del aceite que se comercializa envasado est\u00e1 sujeto a promociones. Es el gancho que utilizan las grandes superficies para vender otros productos.<\/p>\n<p>\u00bfPor qu\u00e9 en la charcuter\u00eda hay jamones con precios que van desde 14 euros hasta 189 euros el kilo? Las c\u00e1maras de &#8216;Comando actualidad&#8217; asisten a uno de los talleres que imparte Lara en el centro de Madrid: recibe a centenares de personas cada a\u00f1o buscando respuestas. Lo que pagamos depende de si el cerdo es blanco o negro, de lo que coma el animal y del lugar en el que vive. Pedro es vigilante de la calidad del jam\u00f3n serrano, de lo que m\u00e1s producimos. La estad\u00edstica dice que solo el 10% del jam\u00f3n que se cura en Espa\u00f1a es ib\u00e9rico. Hay patas que alcanzan los 1.500 euros en el mercado. \u00bfQui\u00e9n pone el precio?<\/p>\n<p>Los productores de garbanzo de Madrid han conseguido una haza\u00f1a: recuperar el garbanzo madrile\u00f1o. Remueven las ollas en las que bulle la primera cosecha de una variedad de garbanzo que se deshace en la boca, como la manteca. Lo han hecho porque en Espa\u00f1a para llenar el plato de legumbres tenemos que importar el 80%. La lenteja pardina es la que m\u00e1s comemos, pero no es nuestra, llega de Estados Unidos. Y es India, el pa\u00eds que m\u00e1s lenteja consume, el que decide el precio. Los reporteros de &#8216;Comando actualidad&#8217; asisten a la reuni\u00f3n en la que productores y vendedores de legumbre fijan cada semana el primer precio del garbanzo pedrosillano o las lentejas de la Armu\u00f1a.<\/p>\n<p>Mari Carmen ara\u00f1a con un rastrillo la orilla del mar, las p\u00faas de la horca empujan limo, un alga verde y viscosa que asfixia al berberecho y a la almeja de la costa gallega. La retiran a paladas porque puede mermar la cosecha, elevar el precio del marisco y rebajar el sueldo de quienes viven del mar. Hay a\u00f1os en los que el berberecho ha llegado a 25 euros el kilo. \u00bfPor qu\u00e9?.<\/p>\n","protected":false},"excerpt":{"rendered":"<p>\u00bfDe qu\u00e9 depende que suba o baje el precio del aceite, de los garbanzos o del jam\u00f3n? &#8216;Comando Actualidad&#8217; sigue esta semana la producci\u00f3n del campo a la mesa de los alimentos estrella de la dieta mediterr\u00e1nea. \u00bfPagar m\u00e1s es sin\u00f3nimo de calidad? \u00bfPor qu\u00e9 lo que pagamos por un kilo de legumbres lo deciden<\/p>\n","protected":false},"author":1,"featured_media":82882,"comment_status":"closed","ping_status":"closed","sticky":false,"template":"","format":"standard","meta":{"footnotes":""},"categories":[1],"tags":[],"class_list":{"0":"post-82881","1":"post","2":"type-post","3":"status-publish","4":"format-standard","5":"has-post-thumbnail","7":"category-agenda"},"aioseo_notices":[],"aioseo_head":"\n\t\t<!-- All in One SEO Pro 4.9.6.2 - aioseo.com -->\n\t<meta name=\"description\" content=\"\u00bfDe qu\u00e9 depende que suba o baje el precio del aceite, de los garbanzos o del jam\u00f3n? &#039;Comando Actualidad&#039; sigue esta semana la producci\u00f3n del campo a la mesa de los alimentos estrella de la dieta mediterr\u00e1nea. \u00bfPagar m\u00e1s es sin\u00f3nimo de calidad? \u00bfPor qu\u00e9 lo que pagamos por un kilo de legumbres lo deciden\" \/>\n\t<meta name=\"robots\" content=\"max-image-preview:large\" \/>\n\t<meta name=\"author\" content=\"Cand\u00e1s 365\"\/>\n\t<meta name=\"google-site-verification\" content=\"UA-32230408-1\" \/>\n\t<meta name=\"msvalidate.01\" content=\"354F3CDFB2DA171B47FBE9ABF1F88D5\" \/>\n\t<meta name=\"keywords\" content=\"agenda\" \/>\n\t<link rel=\"canonical\" href=\"https:\/\/candas365.es\/noticias\/el-precio-justo-hoy-en-comando-actualidad\/\" \/>\n\t<meta name=\"generator\" content=\"All in One SEO Pro (AIOSEO) 4.9.6.2\" \/>\n\t\t<meta property=\"og:locale\" content=\"es_ES\" \/>\n\t\t<meta property=\"og:site_name\" content=\"Cand\u00e1s 365\" \/>\n\t\t<meta property=\"og:type\" content=\"article\" \/>\n\t\t<meta property=\"og:title\" content=\"\u2018El precio justo\u2019 hoy en \u2018Comando Actualidad\u2019 | Cand\u00e1s 365\" \/>\n\t\t<meta property=\"og:description\" content=\"\u00bfDe qu\u00e9 depende que suba o baje el precio del aceite, de los garbanzos o del jam\u00f3n? &#039;Comando Actualidad&#039; sigue esta semana la producci\u00f3n del campo a la mesa de los alimentos estrella de la dieta mediterr\u00e1nea. \u00bfPagar m\u00e1s es sin\u00f3nimo de calidad? \u00bfPor qu\u00e9 lo que pagamos por un kilo de legumbres lo deciden\" \/>\n\t\t<meta property=\"og:url\" content=\"https:\/\/candas365.es\/noticias\/el-precio-justo-hoy-en-comando-actualidad\/\" \/>\n\t\t<meta property=\"og:image\" content=\"https:\/\/candas365.es\/noticias\/wp-content\/uploads\/2017\/10\/1508841097546.jpg\" \/>\n\t\t<meta property=\"og:image:secure_url\" content=\"https:\/\/candas365.es\/noticias\/wp-content\/uploads\/2017\/10\/1508841097546.jpg\" \/>\n\t\t<meta property=\"og:image:width\" content=\"800\" \/>\n\t\t<meta property=\"og:image:height\" content=\"443\" \/>\n\t\t<meta property=\"article:published_time\" content=\"2017-10-25T22:30:32+00:00\" \/>\n\t\t<meta property=\"article:modified_time\" content=\"2017-10-25T22:30:32+00:00\" \/>\n\t\t<meta property=\"article:publisher\" content=\"https:\/\/www.facebook.com\/Nachofdezber\" \/>\n\t\t<meta property=\"article:author\" content=\"https:\/\/www.facebook.com\/carrenoactualidad\" \/>\n\t\t<meta name=\"twitter:card\" content=\"summary_large_image\" \/>\n\t\t<meta name=\"twitter:site\" content=\"@NabercoDigital\" \/>\n\t\t<meta name=\"twitter:title\" content=\"\u2018El precio justo\u2019 hoy en \u2018Comando Actualidad\u2019 | Cand\u00e1s 365\" \/>\n\t\t<meta name=\"twitter:description\" content=\"\u00bfDe qu\u00e9 depende que suba o baje el precio del aceite, de los garbanzos o del jam\u00f3n? &#039;Comando Actualidad&#039; sigue esta semana la producci\u00f3n del campo a la mesa de los alimentos estrella de la dieta mediterr\u00e1nea. \u00bfPagar m\u00e1s es sin\u00f3nimo de calidad? \u00bfPor qu\u00e9 lo que pagamos por un kilo de legumbres lo deciden\" \/>\n\t\t<meta name=\"twitter:creator\" content=\"@nbasturias\" \/>\n\t\t<meta name=\"twitter:image\" content=\"https:\/\/candas365.es\/noticias\/wp-content\/uploads\/2017\/10\/1508841097546.jpg\" \/>\n\t\t<meta name=\"twitter:label1\" content=\"Escrito por\" \/>\n\t\t<meta name=\"twitter:data1\" content=\"Cand\u00e1s 365\" \/>\n\t\t<meta name=\"twitter:label2\" content=\"Tiempo de lectura estimado\" \/>\n\t\t<meta name=\"twitter:data2\" content=\"3 minutos\" \/>\n\t\t<script type=\"application\/ld+json\" class=\"aioseo-schema\">\n\t\t\t{\"@context\":\"https:\\\/\\\/schema.org\",\"@graph\":[{\"@type\":\"BreadcrumbList\",\"@id\":\"https:\\\/\\\/candas365.es\\\/noticias\\\/el-precio-justo-hoy-en-comando-actualidad\\\/#breadcrumblist\",\"itemListElement\":[{\"@type\":\"ListItem\",\"@id\":\"https:\\\/\\\/candas365.es\\\/noticias#listItem\",\"position\":1,\"name\":\"Home\",\"item\":\"https:\\\/\\\/candas365.es\\\/noticias\",\"nextItem\":{\"@type\":\"ListItem\",\"@id\":\"https:\\\/\\\/candas365.es\\\/noticias\\\/category\\\/agenda\\\/#listItem\",\"name\":\"Agenda\"}},{\"@type\":\"ListItem\",\"@id\":\"https:\\\/\\\/candas365.es\\\/noticias\\\/category\\\/agenda\\\/#listItem\",\"position\":2,\"name\":\"Agenda\",\"item\":\"https:\\\/\\\/candas365.es\\\/noticias\\\/category\\\/agenda\\\/\",\"nextItem\":{\"@type\":\"ListItem\",\"@id\":\"https:\\\/\\\/candas365.es\\\/noticias\\\/el-precio-justo-hoy-en-comando-actualidad\\\/#listItem\",\"name\":\"&#8216;El precio justo&#8217; hoy en &#8216;Comando Actualidad&#8217;\"},\"previousItem\":{\"@type\":\"ListItem\",\"@id\":\"https:\\\/\\\/candas365.es\\\/noticias#listItem\",\"name\":\"Home\"}},{\"@type\":\"ListItem\",\"@id\":\"https:\\\/\\\/candas365.es\\\/noticias\\\/el-precio-justo-hoy-en-comando-actualidad\\\/#listItem\",\"position\":3,\"name\":\"&#8216;El precio justo&#8217; hoy en &#8216;Comando Actualidad&#8217;\",\"previousItem\":{\"@type\":\"ListItem\",\"@id\":\"https:\\\/\\\/candas365.es\\\/noticias\\\/category\\\/agenda\\\/#listItem\",\"name\":\"Agenda\"}}]},{\"@type\":\"NewsArticle\",\"@id\":\"https:\\\/\\\/candas365.es\\\/noticias\\\/el-precio-justo-hoy-en-comando-actualidad\\\/#newsarticle\",\"name\":\"\\u2018El precio justo\\u2019 hoy en \\u2018Comando Actualidad\\u2019 | Cand\\u00e1s 365\",\"headline\":\"&#8216;El precio justo&#8217; hoy en &#8216;Comando Actualidad&#8217;\",\"author\":{\"@id\":\"https:\\\/\\\/candas365.es\\\/noticias\\\/author\\\/admin\\\/#author\"},\"publisher\":{\"@id\":\"https:\\\/\\\/candas365.es\\\/noticias\\\/#organization\"},\"image\":{\"@type\":\"ImageObject\",\"url\":\"https:\\\/\\\/candas365.es\\\/noticias\\\/wp-content\\\/uploads\\\/2017\\\/10\\\/1508841097546.jpg\",\"width\":800,\"height\":443},\"datePublished\":\"2017-10-25T22:30:32+02:00\",\"dateModified\":\"2017-10-25T22:30:32+02:00\",\"inLanguage\":\"es-ES\",\"mainEntityOfPage\":{\"@id\":\"https:\\\/\\\/candas365.es\\\/noticias\\\/el-precio-justo-hoy-en-comando-actualidad\\\/#webpage\"},\"isPartOf\":{\"@id\":\"https:\\\/\\\/candas365.es\\\/noticias\\\/el-precio-justo-hoy-en-comando-actualidad\\\/#webpage\"},\"articleSection\":\"Agenda\",\"dateline\":\"Publicado el octubre 25, 2017.\"},{\"@type\":\"Organization\",\"@id\":\"https:\\\/\\\/candas365.es\\\/noticias\\\/#organization\",\"name\":\"Cand\\u00e1s 365\",\"description\":\"Cand\\u00e1s 365 es un diario digital independiente, fundado en 2012, con base en Asturias. Informamos con rigor sobre actualidad, sociedad, cultura y ocio, con una mirada local y global.\",\"url\":\"https:\\\/\\\/candas365.es\\\/noticias\\\/\",\"email\":\"info@candas365.es\",\"telephone\":\"+34652131393\",\"foundingDate\":\"2012-06-10\",\"logo\":{\"@type\":\"ImageObject\",\"url\":\"https:\\\/\\\/candas365.es\\\/noticias\\\/wp-content\\\/uploads\\\/2024\\\/09\\\/Candas-365-Redes.jpg\",\"@id\":\"https:\\\/\\\/candas365.es\\\/noticias\\\/el-precio-justo-hoy-en-comando-actualidad\\\/#organizationLogo\",\"width\":1152,\"height\":864,\"caption\":\"Cand\\u00e1s 365 Redes\"},\"image\":{\"@id\":\"https:\\\/\\\/candas365.es\\\/noticias\\\/el-precio-justo-hoy-en-comando-actualidad\\\/#organizationLogo\"},\"sameAs\":[\"https:\\\/\\\/www.facebook.com\\\/Nachofdezber\",\"https:\\\/\\\/x.com\\\/NabercoDigital\",\"https:\\\/\\\/www.instagram.com\\\/nachofdezber\\\/\",\"https:\\\/\\\/www.youtube.com\\\/channel\\\/UCZP-2wLEB9Rv6erhFmqVnvg\"],\"address\":{\"@id\":\"https:\\\/\\\/candas365.es\\\/noticias\\\/#postaladdress\",\"@type\":\"PostalAddress\",\"streetAddress\":\"san antonio 4, san antonio 4\",\"postalCode\":\"33430\",\"addressLocality\":\"Cand\\u00e1s\",\"addressRegion\":\"Asturias\",\"addressCountry\":\"ES\"}},{\"@type\":\"Person\",\"@id\":\"https:\\\/\\\/candas365.es\\\/noticias\\\/author\\\/admin\\\/#author\",\"url\":\"https:\\\/\\\/candas365.es\\\/noticias\\\/author\\\/admin\\\/\",\"name\":\"Cand\\u00e1s 365\",\"image\":{\"@type\":\"ImageObject\",\"@id\":\"https:\\\/\\\/candas365.es\\\/noticias\\\/el-precio-justo-hoy-en-comando-actualidad\\\/#authorImage\",\"url\":\"https:\\\/\\\/secure.gravatar.com\\\/avatar\\\/496a8e03d0c493ede1718b7934145dbdf8d89be1036b0eec9544e1094c9de390?s=96&d=mm&r=g\",\"width\":96,\"height\":96,\"caption\":\"Cand\\u00e1s 365\"},\"sameAs\":[\"https:\\\/\\\/www.facebook.com\\\/carrenoactualidad\",\"https:\\\/\\\/twitter.com\\\/nbasturias\",\"https:\\\/\\\/www.instagram.com\\\/nachofdezber\\\/\",\"https:\\\/\\\/www.youtube.com\\\/channel\\\/UCZP-2wLEB9Rv6erhFmqVnvg\"]},{\"@type\":\"WebPage\",\"@id\":\"https:\\\/\\\/candas365.es\\\/noticias\\\/el-precio-justo-hoy-en-comando-actualidad\\\/#webpage\",\"url\":\"https:\\\/\\\/candas365.es\\\/noticias\\\/el-precio-justo-hoy-en-comando-actualidad\\\/\",\"name\":\"\\u2018El precio justo\\u2019 hoy en \\u2018Comando Actualidad\\u2019 | Cand\\u00e1s 365\",\"description\":\"\\u00bfDe qu\\u00e9 depende que suba o baje el precio del aceite, de los garbanzos o del jam\\u00f3n? 'Comando Actualidad' sigue esta semana la producci\\u00f3n del campo a la mesa de los alimentos estrella de la dieta mediterr\\u00e1nea. \\u00bfPagar m\\u00e1s es sin\\u00f3nimo de calidad? \\u00bfPor qu\\u00e9 lo que pagamos por un kilo de legumbres lo deciden\",\"inLanguage\":\"es-ES\",\"isPartOf\":{\"@id\":\"https:\\\/\\\/candas365.es\\\/noticias\\\/#website\"},\"breadcrumb\":{\"@id\":\"https:\\\/\\\/candas365.es\\\/noticias\\\/el-precio-justo-hoy-en-comando-actualidad\\\/#breadcrumblist\"},\"author\":{\"@id\":\"https:\\\/\\\/candas365.es\\\/noticias\\\/author\\\/admin\\\/#author\"},\"creator\":{\"@id\":\"https:\\\/\\\/candas365.es\\\/noticias\\\/author\\\/admin\\\/#author\"},\"image\":{\"@type\":\"ImageObject\",\"url\":\"https:\\\/\\\/candas365.es\\\/noticias\\\/wp-content\\\/uploads\\\/2017\\\/10\\\/1508841097546.jpg\",\"@id\":\"https:\\\/\\\/candas365.es\\\/noticias\\\/el-precio-justo-hoy-en-comando-actualidad\\\/#mainImage\",\"width\":800,\"height\":443},\"primaryImageOfPage\":{\"@id\":\"https:\\\/\\\/candas365.es\\\/noticias\\\/el-precio-justo-hoy-en-comando-actualidad\\\/#mainImage\"},\"datePublished\":\"2017-10-25T22:30:32+02:00\",\"dateModified\":\"2017-10-25T22:30:32+02:00\"},{\"@type\":\"WebSite\",\"@id\":\"https:\\\/\\\/candas365.es\\\/noticias\\\/#website\",\"url\":\"https:\\\/\\\/candas365.es\\\/noticias\\\/\",\"name\":\"Cand\\u00e1s 365\",\"alternateName\":\"Cand\\u00e1s 365 Noticias\",\"description\":\"Actualidad desde Carre\\u00f1o para el mundo\",\"inLanguage\":\"es-ES\",\"publisher\":{\"@id\":\"https:\\\/\\\/candas365.es\\\/noticias\\\/#organization\"}}]}\n\t\t<\/script>\n\t\t<!-- All in One SEO Pro -->\r\n\t\t<title>\u2018El precio justo\u2019 hoy en \u2018Comando Actualidad\u2019 | Cand\u00e1s 365<\/title>\n\n","aioseo_head_json":{"title":"\u2018El precio justo\u2019 hoy en \u2018Comando Actualidad\u2019 | Cand\u00e1s 365","description":"\u00bfDe qu\u00e9 depende que suba o baje el precio del aceite, de los garbanzos o del jam\u00f3n? 'Comando Actualidad' sigue esta semana la producci\u00f3n del campo a la mesa de los alimentos estrella de la dieta mediterr\u00e1nea. \u00bfPagar m\u00e1s es sin\u00f3nimo de calidad? \u00bfPor qu\u00e9 lo que pagamos por un kilo de legumbres lo deciden","canonical_url":"https:\/\/candas365.es\/noticias\/el-precio-justo-hoy-en-comando-actualidad\/","robots":"max-image-preview:large","keywords":"agenda","webmasterTools":{"google-site-verification":"UA-32230408-1","msvalidate.01":"354F3CDFB2DA171B47FBE9ABF1F88D5","miscellaneous":""},"schema":{"@context":"https:\/\/schema.org","@graph":[{"@type":"BreadcrumbList","@id":"https:\/\/candas365.es\/noticias\/el-precio-justo-hoy-en-comando-actualidad\/#breadcrumblist","itemListElement":[{"@type":"ListItem","@id":"https:\/\/candas365.es\/noticias#listItem","position":1,"name":"Home","item":"https:\/\/candas365.es\/noticias","nextItem":{"@type":"ListItem","@id":"https:\/\/candas365.es\/noticias\/category\/agenda\/#listItem","name":"Agenda"}},{"@type":"ListItem","@id":"https:\/\/candas365.es\/noticias\/category\/agenda\/#listItem","position":2,"name":"Agenda","item":"https:\/\/candas365.es\/noticias\/category\/agenda\/","nextItem":{"@type":"ListItem","@id":"https:\/\/candas365.es\/noticias\/el-precio-justo-hoy-en-comando-actualidad\/#listItem","name":"&#8216;El precio justo&#8217; hoy en &#8216;Comando Actualidad&#8217;"},"previousItem":{"@type":"ListItem","@id":"https:\/\/candas365.es\/noticias#listItem","name":"Home"}},{"@type":"ListItem","@id":"https:\/\/candas365.es\/noticias\/el-precio-justo-hoy-en-comando-actualidad\/#listItem","position":3,"name":"&#8216;El precio justo&#8217; hoy en &#8216;Comando Actualidad&#8217;","previousItem":{"@type":"ListItem","@id":"https:\/\/candas365.es\/noticias\/category\/agenda\/#listItem","name":"Agenda"}}]},{"@type":"NewsArticle","@id":"https:\/\/candas365.es\/noticias\/el-precio-justo-hoy-en-comando-actualidad\/#newsarticle","name":"\u2018El precio justo\u2019 hoy en \u2018Comando Actualidad\u2019 | Cand\u00e1s 365","headline":"&#8216;El precio justo&#8217; hoy en &#8216;Comando Actualidad&#8217;","author":{"@id":"https:\/\/candas365.es\/noticias\/author\/admin\/#author"},"publisher":{"@id":"https:\/\/candas365.es\/noticias\/#organization"},"image":{"@type":"ImageObject","url":"https:\/\/candas365.es\/noticias\/wp-content\/uploads\/2017\/10\/1508841097546.jpg","width":800,"height":443},"datePublished":"2017-10-25T22:30:32+02:00","dateModified":"2017-10-25T22:30:32+02:00","inLanguage":"es-ES","mainEntityOfPage":{"@id":"https:\/\/candas365.es\/noticias\/el-precio-justo-hoy-en-comando-actualidad\/#webpage"},"isPartOf":{"@id":"https:\/\/candas365.es\/noticias\/el-precio-justo-hoy-en-comando-actualidad\/#webpage"},"articleSection":"Agenda","dateline":"Publicado el octubre 25, 2017."},{"@type":"Organization","@id":"https:\/\/candas365.es\/noticias\/#organization","name":"Cand\u00e1s 365","description":"Cand\u00e1s 365 es un diario digital independiente, fundado en 2012, con base en Asturias. Informamos con rigor sobre actualidad, sociedad, cultura y ocio, con una mirada local y global.","url":"https:\/\/candas365.es\/noticias\/","email":"info@candas365.es","telephone":"+34652131393","foundingDate":"2012-06-10","logo":{"@type":"ImageObject","url":"https:\/\/candas365.es\/noticias\/wp-content\/uploads\/2024\/09\/Candas-365-Redes.jpg","@id":"https:\/\/candas365.es\/noticias\/el-precio-justo-hoy-en-comando-actualidad\/#organizationLogo","width":1152,"height":864,"caption":"Cand\u00e1s 365 Redes"},"image":{"@id":"https:\/\/candas365.es\/noticias\/el-precio-justo-hoy-en-comando-actualidad\/#organizationLogo"},"sameAs":["https:\/\/www.facebook.com\/Nachofdezber","https:\/\/x.com\/NabercoDigital","https:\/\/www.instagram.com\/nachofdezber\/","https:\/\/www.youtube.com\/channel\/UCZP-2wLEB9Rv6erhFmqVnvg"],"address":{"@id":"https:\/\/candas365.es\/noticias\/#postaladdress","@type":"PostalAddress","streetAddress":"san antonio 4, san antonio 4","postalCode":"33430","addressLocality":"Cand\u00e1s","addressRegion":"Asturias","addressCountry":"ES"}},{"@type":"Person","@id":"https:\/\/candas365.es\/noticias\/author\/admin\/#author","url":"https:\/\/candas365.es\/noticias\/author\/admin\/","name":"Cand\u00e1s 365","image":{"@type":"ImageObject","@id":"https:\/\/candas365.es\/noticias\/el-precio-justo-hoy-en-comando-actualidad\/#authorImage","url":"https:\/\/secure.gravatar.com\/avatar\/496a8e03d0c493ede1718b7934145dbdf8d89be1036b0eec9544e1094c9de390?s=96&d=mm&r=g","width":96,"height":96,"caption":"Cand\u00e1s 365"},"sameAs":["https:\/\/www.facebook.com\/carrenoactualidad","https:\/\/twitter.com\/nbasturias","https:\/\/www.instagram.com\/nachofdezber\/","https:\/\/www.youtube.com\/channel\/UCZP-2wLEB9Rv6erhFmqVnvg"]},{"@type":"WebPage","@id":"https:\/\/candas365.es\/noticias\/el-precio-justo-hoy-en-comando-actualidad\/#webpage","url":"https:\/\/candas365.es\/noticias\/el-precio-justo-hoy-en-comando-actualidad\/","name":"\u2018El precio justo\u2019 hoy en \u2018Comando Actualidad\u2019 | Cand\u00e1s 365","description":"\u00bfDe qu\u00e9 depende que suba o baje el precio del aceite, de los garbanzos o del jam\u00f3n? 'Comando Actualidad' sigue esta semana la producci\u00f3n del campo a la mesa de los alimentos estrella de la dieta mediterr\u00e1nea. \u00bfPagar m\u00e1s es sin\u00f3nimo de calidad? \u00bfPor qu\u00e9 lo que pagamos por un kilo de legumbres lo deciden","inLanguage":"es-ES","isPartOf":{"@id":"https:\/\/candas365.es\/noticias\/#website"},"breadcrumb":{"@id":"https:\/\/candas365.es\/noticias\/el-precio-justo-hoy-en-comando-actualidad\/#breadcrumblist"},"author":{"@id":"https:\/\/candas365.es\/noticias\/author\/admin\/#author"},"creator":{"@id":"https:\/\/candas365.es\/noticias\/author\/admin\/#author"},"image":{"@type":"ImageObject","url":"https:\/\/candas365.es\/noticias\/wp-content\/uploads\/2017\/10\/1508841097546.jpg","@id":"https:\/\/candas365.es\/noticias\/el-precio-justo-hoy-en-comando-actualidad\/#mainImage","width":800,"height":443},"primaryImageOfPage":{"@id":"https:\/\/candas365.es\/noticias\/el-precio-justo-hoy-en-comando-actualidad\/#mainImage"},"datePublished":"2017-10-25T22:30:32+02:00","dateModified":"2017-10-25T22:30:32+02:00"},{"@type":"WebSite","@id":"https:\/\/candas365.es\/noticias\/#website","url":"https:\/\/candas365.es\/noticias\/","name":"Cand\u00e1s 365","alternateName":"Cand\u00e1s 365 Noticias","description":"Actualidad desde Carre\u00f1o para el mundo","inLanguage":"es-ES","publisher":{"@id":"https:\/\/candas365.es\/noticias\/#organization"}}]},"og:locale":"es_ES","og:site_name":"Cand\u00e1s 365","og:type":"article","og:title":"\u2018El precio justo\u2019 hoy en \u2018Comando Actualidad\u2019 | Cand\u00e1s 365","og:description":"\u00bfDe qu\u00e9 depende que suba o baje el precio del aceite, de los garbanzos o del jam\u00f3n? 'Comando Actualidad' sigue esta semana la producci\u00f3n del campo a la mesa de los alimentos estrella de la dieta mediterr\u00e1nea. \u00bfPagar m\u00e1s es sin\u00f3nimo de calidad? \u00bfPor qu\u00e9 lo que pagamos por un kilo de legumbres lo deciden","og:url":"https:\/\/candas365.es\/noticias\/el-precio-justo-hoy-en-comando-actualidad\/","og:image":"https:\/\/candas365.es\/noticias\/wp-content\/uploads\/2017\/10\/1508841097546.jpg","og:image:secure_url":"https:\/\/candas365.es\/noticias\/wp-content\/uploads\/2017\/10\/1508841097546.jpg","og:image:width":800,"og:image:height":443,"article:published_time":"2017-10-25T22:30:32+00:00","article:modified_time":"2017-10-25T22:30:32+00:00","article:publisher":"https:\/\/www.facebook.com\/Nachofdezber","article:author":"https:\/\/www.facebook.com\/carrenoactualidad","twitter:card":"summary_large_image","twitter:site":"@NabercoDigital","twitter:title":"\u2018El precio justo\u2019 hoy en \u2018Comando Actualidad\u2019 | Cand\u00e1s 365","twitter:description":"\u00bfDe qu\u00e9 depende que suba o baje el precio del aceite, de los garbanzos o del jam\u00f3n? 'Comando Actualidad' sigue esta semana la producci\u00f3n del campo a la mesa de los alimentos estrella de la dieta mediterr\u00e1nea. \u00bfPagar m\u00e1s es sin\u00f3nimo de calidad? \u00bfPor qu\u00e9 lo que pagamos por un kilo de legumbres lo deciden","twitter:creator":"@nbasturias","twitter:image":"https:\/\/candas365.es\/noticias\/wp-content\/uploads\/2017\/10\/1508841097546.jpg","twitter:label1":"Escrito por","twitter:data1":"Cand\u00e1s 365","twitter:label2":"Tiempo de lectura estimado","twitter:data2":"3 minutos"},"aioseo_meta_data":{"post_id":"82881","title":null,"description":null,"keywords":null,"keyphrases":null,"primary_term":null,"canonical_url":null,"og_title":null,"og_description":null,"og_object_type":"default","og_image_type":"default","og_image_url":null,"og_image_width":null,"og_image_height":null,"og_image_custom_url":null,"og_image_custom_fields":null,"og_video":null,"og_custom_url":null,"og_article_section":null,"og_article_tags":null,"twitter_use_og":false,"twitter_card":"default","twitter_image_type":"default","twitter_image_url":null,"twitter_image_custom_url":null,"twitter_image_custom_fields":null,"twitter_title":null,"twitter_description":null,"schema":{"blockGraphs":[],"customGraphs":[],"default":{"data":{"Article":[],"Course":[],"Dataset":[],"FAQPage":[],"Movie":[],"Person":[],"Product":[],"ProductReview":[],"Car":[],"Recipe":[],"Service":[],"SoftwareApplication":[],"WebPage":[]},"graphName":"","isEnabled":true},"graphs":[],"defaultGraph":"","defaultPostTypeGraph":""},"schema_type":null,"schema_type_options":null,"pillar_content":false,"robots_default":true,"robots_noindex":false,"robots_noarchive":false,"robots_nosnippet":false,"robots_nofollow":false,"robots_noimageindex":false,"robots_noodp":false,"robots_notranslate":false,"robots_max_snippet":null,"robots_max_videopreview":null,"robots_max_imagepreview":"large","priority":null,"frequency":null,"location":null,"local_seo":null,"seo_analyzer_scan_date":"2025-08-26 03:35:21","breadcrumb_settings":null,"limit_modified_date":false,"reviewed_by":null,"open_ai":null,"ai":null,"created":"2020-12-21 12:33:57","updated":"2025-08-26 03:35:21"},"aioseo_breadcrumb":"<div class=\"aioseo-breadcrumbs\"><span class=\"aioseo-breadcrumb\">\n\t<a href=\"https:\/\/candas365.es\/noticias\" title=\"Home\">Home<\/a>\n<\/span><span class=\"aioseo-breadcrumb-separator\">&ndash;<\/span><span class=\"aioseo-breadcrumb\">\n\t<a href=\"https:\/\/candas365.es\/noticias\/category\/agenda\/\" title=\"Agenda\">Agenda<\/a>\n<\/span><span class=\"aioseo-breadcrumb-separator\">&ndash;<\/span><span class=\"aioseo-breadcrumb\">\n\t\u2018El precio justo\u2019 hoy en \u2018Comando Actualidad\u2019\n<\/span><\/div>","aioseo_breadcrumb_json":[{"label":"Home","link":"https:\/\/candas365.es\/noticias"},{"label":"Agenda","link":"https:\/\/candas365.es\/noticias\/category\/agenda\/"},{"label":"&#8216;El precio justo&#8217; hoy en &#8216;Comando Actualidad&#8217;","link":"https:\/\/candas365.es\/noticias\/el-precio-justo-hoy-en-comando-actualidad\/"}],"_links":{"self":[{"href":"https:\/\/candas365.es\/noticias\/wp-json\/wp\/v2\/posts\/82881","targetHints":{"allow":["GET"]}}],"collection":[{"href":"https:\/\/candas365.es\/noticias\/wp-json\/wp\/v2\/posts"}],"about":[{"href":"https:\/\/candas365.es\/noticias\/wp-json\/wp\/v2\/types\/post"}],"author":[{"embeddable":true,"href":"https:\/\/candas365.es\/noticias\/wp-json\/wp\/v2\/users\/1"}],"replies":[{"embeddable":true,"href":"https:\/\/candas365.es\/noticias\/wp-json\/wp\/v2\/comments?post=82881"}],"version-history":[{"count":0,"href":"https:\/\/candas365.es\/noticias\/wp-json\/wp\/v2\/posts\/82881\/revisions"}],"wp:featuredmedia":[{"embeddable":true,"href":"https:\/\/candas365.es\/noticias\/wp-json\/wp\/v2\/media\/82882"}],"wp:attachment":[{"href":"https:\/\/candas365.es\/noticias\/wp-json\/wp\/v2\/media?parent=82881"}],"wp:term":[{"taxonomy":"category","embeddable":true,"href":"https:\/\/candas365.es\/noticias\/wp-json\/wp\/v2\/categories?post=82881"},{"taxonomy":"post_tag","embeddable":true,"href":"https:\/\/candas365.es\/noticias\/wp-json\/wp\/v2\/tags?post=82881"}],"curies":[{"name":"wp","href":"https:\/\/api.w.org\/{rel}","templated":true}]}}