{"id":82879,"date":"2017-10-25T22:26:55","date_gmt":"2017-10-25T22:26:55","guid":{"rendered":"http:\/\/candas365.es\/noticias\/?p=82879"},"modified":"2017-10-25T22:26:55","modified_gmt":"2017-10-25T22:26:55","slug":"dias-de-cine-repasa-lo-mejor-de-la-seminci","status":"publish","type":"post","link":"https:\/\/candas365.es\/noticias\/dias-de-cine-repasa-lo-mejor-de-la-seminci\/","title":{"rendered":"&#8216;D\u00edas de cine&#8217; repasa lo mejor de la Seminci"},"content":{"rendered":"<p><img fetchpriority=\"high\" decoding=\"async\" class=\"alignleft size-medium wp-image-82786\" src=\"https:\/\/candas365.es\/noticias\/wp-content\/uploads\/2017\/10\/cinema-strip-2713352_960_720-360x241.jpg\" alt=\"\" width=\"360\" height=\"241\" srcset=\"https:\/\/candas365.es\/noticias\/wp-content\/uploads\/2017\/10\/cinema-strip-2713352_960_720-360x241.jpg 360w, https:\/\/candas365.es\/noticias\/wp-content\/uploads\/2017\/10\/cinema-strip-2713352_960_720-768x514.jpg 768w, https:\/\/candas365.es\/noticias\/wp-content\/uploads\/2017\/10\/cinema-strip-2713352_960_720-655x438.jpg 655w, https:\/\/candas365.es\/noticias\/wp-content\/uploads\/2017\/10\/cinema-strip-2713352_960_720-696x465.jpg 696w, https:\/\/candas365.es\/noticias\/wp-content\/uploads\/2017\/10\/cinema-strip-2713352_960_720-628x420.jpg 628w, https:\/\/candas365.es\/noticias\/wp-content\/uploads\/2017\/10\/cinema-strip-2713352_960_720-84x55.jpg 84w, https:\/\/candas365.es\/noticias\/wp-content\/uploads\/2017\/10\/cinema-strip-2713352_960_720.jpg 960w\" sizes=\"(max-width: 360px) 100vw, 360px\" \/>&#8216;D\u00edas de cine&#8217;, presentado por Elena S. S\u00e1nchez, se asoma a la 62\u00aa edici\u00f3n de la Seminci, inaugurada por &#8216;La librer\u00eda&#8217; de Isabel Coixet, que se celebra estos d\u00edas en Valladolid. Adem\u00e1s, en la edici\u00f3n de esta semana un recuerdo al actor argentino Federico Luppi, fallecido la semana pasada, y el repaso a la cartelera cinematogr\u00e1fica de nuestro pa\u00eds.<\/p>\n<p>&#8216;El secreto de Marrowbone&#8217;, producida por Juan Antonio Bayona y dirigida Sergio G. S\u00e1nchez, es el primer t\u00edtulo del que hablar\u00e1 el espacio de cine de La 2. Un thriller psicol\u00f3gico que cuenta la historia de cuatro hermanos tras la muerte de su madre.<\/p>\n<p>A continuaci\u00f3n, la pel\u00edcula h\u00fangara &#8216;En cuerpo y alma&#8217;, una comedia negra que obtuvo el \u00faltimo Oso de Oro en Berlin; y la japonesa &#8216;El tercer asesinato&#8217;, un drama judicial de Hirokazu Koreeda.<\/p>\n<p>Completar\u00e1n &#8216;D\u00edas de cine&#8217; otros estrenos como la francesa &#8216;Nuestra vida en la Borgo\u00f1a&#8217;, el nuevo t\u00edtulo de C\u00e8dric Klapisch; la nueva entrega del s\u00faper h\u00e9roe del martillo, &#8216;Thor: Ragnarok&#8217;, protagonizada por Chris Hemsworth y dirigida por el director neozeland\u00e9s Taika Waititi; y &#8216;Jeric\u00f3: el infinito vuelo de los d\u00edas&#8217;, un documental colombiano dirigido por Catalina Mesa.<\/p>\n<p>Novedades para ver el mejor cine en casa, y las recomendaciones de &#8216;Dias de cine&#8217;, completan el programa de esta semana.<\/p>\n","protected":false},"excerpt":{"rendered":"<p>&#8216;D\u00edas de cine&#8217;, presentado por Elena S. S\u00e1nchez, se asoma a la 62\u00aa edici\u00f3n de la Seminci, inaugurada por &#8216;La librer\u00eda&#8217; de Isabel Coixet, que se celebra estos d\u00edas en Valladolid. Adem\u00e1s, en la edici\u00f3n de esta semana un recuerdo al actor argentino Federico Luppi, fallecido la semana pasada, y el repaso a la cartelera<\/p>\n","protected":false},"author":1,"featured_media":82786,"comment_status":"closed","ping_status":"closed","sticky":false,"template":"","format":"standard","meta":{"footnotes":""},"categories":[1],"tags":[],"class_list":{"0":"post-82879","1":"post","2":"type-post","3":"status-publish","4":"format-standard","5":"has-post-thumbnail","7":"category-agenda"},"aioseo_notices":[],"aioseo_head":"\n\t\t<!-- All in One SEO Pro 4.9.6.2 - aioseo.com -->\n\t<meta name=\"description\" content=\"&#039;D\u00edas de cine&#039;, presentado por Elena S. S\u00e1nchez, se asoma a la 62\u00aa edici\u00f3n de la Seminci, inaugurada por &#039;La librer\u00eda&#039; de Isabel Coixet, que se celebra estos d\u00edas en Valladolid. Adem\u00e1s, en la edici\u00f3n de esta semana un recuerdo al actor argentino Federico Luppi, fallecido la semana pasada, y el repaso a la cartelera\" \/>\n\t<meta name=\"robots\" content=\"max-image-preview:large\" \/>\n\t<meta name=\"author\" content=\"Cand\u00e1s 365\"\/>\n\t<meta name=\"google-site-verification\" content=\"UA-32230408-1\" \/>\n\t<meta name=\"msvalidate.01\" content=\"354F3CDFB2DA171B47FBE9ABF1F88D5\" \/>\n\t<meta name=\"keywords\" content=\"agenda\" \/>\n\t<link rel=\"canonical\" href=\"https:\/\/candas365.es\/noticias\/dias-de-cine-repasa-lo-mejor-de-la-seminci\/\" \/>\n\t<meta name=\"generator\" content=\"All in One SEO Pro (AIOSEO) 4.9.6.2\" \/>\n\t\t<meta property=\"og:locale\" content=\"es_ES\" \/>\n\t\t<meta property=\"og:site_name\" content=\"Cand\u00e1s 365\" \/>\n\t\t<meta property=\"og:type\" content=\"article\" \/>\n\t\t<meta property=\"og:title\" content=\"\u2018D\u00edas de cine\u2019 repasa lo mejor de la Seminci | Cand\u00e1s 365\" \/>\n\t\t<meta property=\"og:description\" content=\"&#039;D\u00edas de cine&#039;, presentado por Elena S. S\u00e1nchez, se asoma a la 62\u00aa edici\u00f3n de la Seminci, inaugurada por &#039;La librer\u00eda&#039; de Isabel Coixet, que se celebra estos d\u00edas en Valladolid. Adem\u00e1s, en la edici\u00f3n de esta semana un recuerdo al actor argentino Federico Luppi, fallecido la semana pasada, y el repaso a la cartelera\" \/>\n\t\t<meta property=\"og:url\" content=\"https:\/\/candas365.es\/noticias\/dias-de-cine-repasa-lo-mejor-de-la-seminci\/\" \/>\n\t\t<meta property=\"og:image\" content=\"https:\/\/candas365.es\/noticias\/wp-content\/uploads\/2017\/10\/cinema-strip-2713352_960_720.jpg\" \/>\n\t\t<meta property=\"og:image:secure_url\" content=\"https:\/\/candas365.es\/noticias\/wp-content\/uploads\/2017\/10\/cinema-strip-2713352_960_720.jpg\" \/>\n\t\t<meta property=\"og:image:width\" content=\"960\" \/>\n\t\t<meta property=\"og:image:height\" content=\"642\" \/>\n\t\t<meta property=\"article:published_time\" content=\"2017-10-25T22:26:55+00:00\" \/>\n\t\t<meta property=\"article:modified_time\" content=\"2017-10-25T22:26:55+00:00\" \/>\n\t\t<meta property=\"article:publisher\" content=\"https:\/\/www.facebook.com\/Nachofdezber\" \/>\n\t\t<meta property=\"article:author\" content=\"https:\/\/www.facebook.com\/carrenoactualidad\" \/>\n\t\t<meta name=\"twitter:card\" content=\"summary_large_image\" \/>\n\t\t<meta name=\"twitter:site\" content=\"@NabercoDigital\" \/>\n\t\t<meta name=\"twitter:title\" content=\"\u2018D\u00edas de cine\u2019 repasa lo mejor de la Seminci | Cand\u00e1s 365\" \/>\n\t\t<meta name=\"twitter:description\" content=\"&#039;D\u00edas de cine&#039;, presentado por Elena S. S\u00e1nchez, se asoma a la 62\u00aa edici\u00f3n de la Seminci, inaugurada por &#039;La librer\u00eda&#039; de Isabel Coixet, que se celebra estos d\u00edas en Valladolid. Adem\u00e1s, en la edici\u00f3n de esta semana un recuerdo al actor argentino Federico Luppi, fallecido la semana pasada, y el repaso a la cartelera\" \/>\n\t\t<meta name=\"twitter:creator\" content=\"@nbasturias\" \/>\n\t\t<meta name=\"twitter:image\" content=\"https:\/\/candas365.es\/noticias\/wp-content\/uploads\/2017\/10\/cinema-strip-2713352_960_720.jpg\" \/>\n\t\t<meta name=\"twitter:label1\" content=\"Escrito por\" \/>\n\t\t<meta name=\"twitter:data1\" content=\"Cand\u00e1s 365\" \/>\n\t\t<meta name=\"twitter:label2\" content=\"Tiempo de lectura estimado\" \/>\n\t\t<meta name=\"twitter:data2\" content=\"1 minuto\" \/>\n\t\t<script type=\"application\/ld+json\" class=\"aioseo-schema\">\n\t\t\t{\"@context\":\"https:\\\/\\\/schema.org\",\"@graph\":[{\"@type\":\"BreadcrumbList\",\"@id\":\"https:\\\/\\\/candas365.es\\\/noticias\\\/dias-de-cine-repasa-lo-mejor-de-la-seminci\\\/#breadcrumblist\",\"itemListElement\":[{\"@type\":\"ListItem\",\"@id\":\"https:\\\/\\\/candas365.es\\\/noticias#listItem\",\"position\":1,\"name\":\"Home\",\"item\":\"https:\\\/\\\/candas365.es\\\/noticias\",\"nextItem\":{\"@type\":\"ListItem\",\"@id\":\"https:\\\/\\\/candas365.es\\\/noticias\\\/category\\\/agenda\\\/#listItem\",\"name\":\"Agenda\"}},{\"@type\":\"ListItem\",\"@id\":\"https:\\\/\\\/candas365.es\\\/noticias\\\/category\\\/agenda\\\/#listItem\",\"position\":2,\"name\":\"Agenda\",\"item\":\"https:\\\/\\\/candas365.es\\\/noticias\\\/category\\\/agenda\\\/\",\"nextItem\":{\"@type\":\"ListItem\",\"@id\":\"https:\\\/\\\/candas365.es\\\/noticias\\\/dias-de-cine-repasa-lo-mejor-de-la-seminci\\\/#listItem\",\"name\":\"&#8216;D\\u00edas de cine&#8217; repasa lo mejor de la Seminci\"},\"previousItem\":{\"@type\":\"ListItem\",\"@id\":\"https:\\\/\\\/candas365.es\\\/noticias#listItem\",\"name\":\"Home\"}},{\"@type\":\"ListItem\",\"@id\":\"https:\\\/\\\/candas365.es\\\/noticias\\\/dias-de-cine-repasa-lo-mejor-de-la-seminci\\\/#listItem\",\"position\":3,\"name\":\"&#8216;D\\u00edas de cine&#8217; repasa lo mejor de la Seminci\",\"previousItem\":{\"@type\":\"ListItem\",\"@id\":\"https:\\\/\\\/candas365.es\\\/noticias\\\/category\\\/agenda\\\/#listItem\",\"name\":\"Agenda\"}}]},{\"@type\":\"NewsArticle\",\"@id\":\"https:\\\/\\\/candas365.es\\\/noticias\\\/dias-de-cine-repasa-lo-mejor-de-la-seminci\\\/#newsarticle\",\"name\":\"\\u2018D\\u00edas de cine\\u2019 repasa lo mejor de la Seminci | Cand\\u00e1s 365\",\"headline\":\"&#8216;D\\u00edas de cine&#8217; repasa lo mejor de la Seminci\",\"author\":{\"@id\":\"https:\\\/\\\/candas365.es\\\/noticias\\\/author\\\/admin\\\/#author\"},\"publisher\":{\"@id\":\"https:\\\/\\\/candas365.es\\\/noticias\\\/#organization\"},\"image\":{\"@type\":\"ImageObject\",\"url\":\"https:\\\/\\\/candas365.es\\\/noticias\\\/wp-content\\\/uploads\\\/2017\\\/10\\\/cinema-strip-2713352_960_720.jpg\",\"width\":960,\"height\":642},\"datePublished\":\"2017-10-25T22:26:55+02:00\",\"dateModified\":\"2017-10-25T22:26:55+02:00\",\"inLanguage\":\"es-ES\",\"mainEntityOfPage\":{\"@id\":\"https:\\\/\\\/candas365.es\\\/noticias\\\/dias-de-cine-repasa-lo-mejor-de-la-seminci\\\/#webpage\"},\"isPartOf\":{\"@id\":\"https:\\\/\\\/candas365.es\\\/noticias\\\/dias-de-cine-repasa-lo-mejor-de-la-seminci\\\/#webpage\"},\"articleSection\":\"Agenda\",\"dateline\":\"Publicado el octubre 25, 2017.\"},{\"@type\":\"Organization\",\"@id\":\"https:\\\/\\\/candas365.es\\\/noticias\\\/#organization\",\"name\":\"Cand\\u00e1s 365\",\"description\":\"Cand\\u00e1s 365 es un diario digital independiente, fundado en 2012, con base en Asturias. Informamos con rigor sobre actualidad, sociedad, cultura y ocio, con una mirada local y global.\",\"url\":\"https:\\\/\\\/candas365.es\\\/noticias\\\/\",\"email\":\"info@candas365.es\",\"telephone\":\"+34652131393\",\"foundingDate\":\"2012-06-10\",\"logo\":{\"@type\":\"ImageObject\",\"url\":\"https:\\\/\\\/candas365.es\\\/noticias\\\/wp-content\\\/uploads\\\/2024\\\/09\\\/Candas-365-Redes.jpg\",\"@id\":\"https:\\\/\\\/candas365.es\\\/noticias\\\/dias-de-cine-repasa-lo-mejor-de-la-seminci\\\/#organizationLogo\",\"width\":1152,\"height\":864,\"caption\":\"Cand\\u00e1s 365 Redes\"},\"image\":{\"@id\":\"https:\\\/\\\/candas365.es\\\/noticias\\\/dias-de-cine-repasa-lo-mejor-de-la-seminci\\\/#organizationLogo\"},\"sameAs\":[\"https:\\\/\\\/www.facebook.com\\\/Nachofdezber\",\"https:\\\/\\\/x.com\\\/NabercoDigital\",\"https:\\\/\\\/www.instagram.com\\\/nachofdezber\\\/\",\"https:\\\/\\\/www.youtube.com\\\/channel\\\/UCZP-2wLEB9Rv6erhFmqVnvg\"],\"address\":{\"@id\":\"https:\\\/\\\/candas365.es\\\/noticias\\\/#postaladdress\",\"@type\":\"PostalAddress\",\"streetAddress\":\"san antonio 4, san antonio 4\",\"postalCode\":\"33430\",\"addressLocality\":\"Cand\\u00e1s\",\"addressRegion\":\"Asturias\",\"addressCountry\":\"ES\"}},{\"@type\":\"Person\",\"@id\":\"https:\\\/\\\/candas365.es\\\/noticias\\\/author\\\/admin\\\/#author\",\"url\":\"https:\\\/\\\/candas365.es\\\/noticias\\\/author\\\/admin\\\/\",\"name\":\"Cand\\u00e1s 365\",\"image\":{\"@type\":\"ImageObject\",\"@id\":\"https:\\\/\\\/candas365.es\\\/noticias\\\/dias-de-cine-repasa-lo-mejor-de-la-seminci\\\/#authorImage\",\"url\":\"https:\\\/\\\/secure.gravatar.com\\\/avatar\\\/496a8e03d0c493ede1718b7934145dbdf8d89be1036b0eec9544e1094c9de390?s=96&d=mm&r=g\",\"width\":96,\"height\":96,\"caption\":\"Cand\\u00e1s 365\"},\"sameAs\":[\"https:\\\/\\\/www.facebook.com\\\/carrenoactualidad\",\"https:\\\/\\\/twitter.com\\\/nbasturias\",\"https:\\\/\\\/www.instagram.com\\\/nachofdezber\\\/\",\"https:\\\/\\\/www.youtube.com\\\/channel\\\/UCZP-2wLEB9Rv6erhFmqVnvg\"]},{\"@type\":\"WebPage\",\"@id\":\"https:\\\/\\\/candas365.es\\\/noticias\\\/dias-de-cine-repasa-lo-mejor-de-la-seminci\\\/#webpage\",\"url\":\"https:\\\/\\\/candas365.es\\\/noticias\\\/dias-de-cine-repasa-lo-mejor-de-la-seminci\\\/\",\"name\":\"\\u2018D\\u00edas de cine\\u2019 repasa lo mejor de la Seminci | Cand\\u00e1s 365\",\"description\":\"'D\\u00edas de cine', presentado por Elena S. S\\u00e1nchez, se asoma a la 62\\u00aa edici\\u00f3n de la Seminci, inaugurada por 'La librer\\u00eda' de Isabel Coixet, que se celebra estos d\\u00edas en Valladolid. Adem\\u00e1s, en la edici\\u00f3n de esta semana un recuerdo al actor argentino Federico Luppi, fallecido la semana pasada, y el repaso a la cartelera\",\"inLanguage\":\"es-ES\",\"isPartOf\":{\"@id\":\"https:\\\/\\\/candas365.es\\\/noticias\\\/#website\"},\"breadcrumb\":{\"@id\":\"https:\\\/\\\/candas365.es\\\/noticias\\\/dias-de-cine-repasa-lo-mejor-de-la-seminci\\\/#breadcrumblist\"},\"author\":{\"@id\":\"https:\\\/\\\/candas365.es\\\/noticias\\\/author\\\/admin\\\/#author\"},\"creator\":{\"@id\":\"https:\\\/\\\/candas365.es\\\/noticias\\\/author\\\/admin\\\/#author\"},\"image\":{\"@type\":\"ImageObject\",\"url\":\"https:\\\/\\\/candas365.es\\\/noticias\\\/wp-content\\\/uploads\\\/2017\\\/10\\\/cinema-strip-2713352_960_720.jpg\",\"@id\":\"https:\\\/\\\/candas365.es\\\/noticias\\\/dias-de-cine-repasa-lo-mejor-de-la-seminci\\\/#mainImage\",\"width\":960,\"height\":642},\"primaryImageOfPage\":{\"@id\":\"https:\\\/\\\/candas365.es\\\/noticias\\\/dias-de-cine-repasa-lo-mejor-de-la-seminci\\\/#mainImage\"},\"datePublished\":\"2017-10-25T22:26:55+02:00\",\"dateModified\":\"2017-10-25T22:26:55+02:00\"},{\"@type\":\"WebSite\",\"@id\":\"https:\\\/\\\/candas365.es\\\/noticias\\\/#website\",\"url\":\"https:\\\/\\\/candas365.es\\\/noticias\\\/\",\"name\":\"Cand\\u00e1s 365\",\"alternateName\":\"Cand\\u00e1s 365 Noticias\",\"description\":\"Actualidad desde Carre\\u00f1o para el mundo\",\"inLanguage\":\"es-ES\",\"publisher\":{\"@id\":\"https:\\\/\\\/candas365.es\\\/noticias\\\/#organization\"}}]}\n\t\t<\/script>\n\t\t<!-- All in One SEO Pro -->\r\n\t\t<title>\u2018D\u00edas de cine\u2019 repasa lo mejor de la Seminci | Cand\u00e1s 365<\/title>\n\n","aioseo_head_json":{"title":"\u2018D\u00edas de cine\u2019 repasa lo mejor de la Seminci | Cand\u00e1s 365","description":"'D\u00edas de cine', presentado por Elena S. S\u00e1nchez, se asoma a la 62\u00aa edici\u00f3n de la Seminci, inaugurada por 'La librer\u00eda' de Isabel Coixet, que se celebra estos d\u00edas en Valladolid. Adem\u00e1s, en la edici\u00f3n de esta semana un recuerdo al actor argentino Federico Luppi, fallecido la semana pasada, y el repaso a la cartelera","canonical_url":"https:\/\/candas365.es\/noticias\/dias-de-cine-repasa-lo-mejor-de-la-seminci\/","robots":"max-image-preview:large","keywords":"agenda","webmasterTools":{"google-site-verification":"UA-32230408-1","msvalidate.01":"354F3CDFB2DA171B47FBE9ABF1F88D5","miscellaneous":""},"schema":{"@context":"https:\/\/schema.org","@graph":[{"@type":"BreadcrumbList","@id":"https:\/\/candas365.es\/noticias\/dias-de-cine-repasa-lo-mejor-de-la-seminci\/#breadcrumblist","itemListElement":[{"@type":"ListItem","@id":"https:\/\/candas365.es\/noticias#listItem","position":1,"name":"Home","item":"https:\/\/candas365.es\/noticias","nextItem":{"@type":"ListItem","@id":"https:\/\/candas365.es\/noticias\/category\/agenda\/#listItem","name":"Agenda"}},{"@type":"ListItem","@id":"https:\/\/candas365.es\/noticias\/category\/agenda\/#listItem","position":2,"name":"Agenda","item":"https:\/\/candas365.es\/noticias\/category\/agenda\/","nextItem":{"@type":"ListItem","@id":"https:\/\/candas365.es\/noticias\/dias-de-cine-repasa-lo-mejor-de-la-seminci\/#listItem","name":"&#8216;D\u00edas de cine&#8217; repasa lo mejor de la Seminci"},"previousItem":{"@type":"ListItem","@id":"https:\/\/candas365.es\/noticias#listItem","name":"Home"}},{"@type":"ListItem","@id":"https:\/\/candas365.es\/noticias\/dias-de-cine-repasa-lo-mejor-de-la-seminci\/#listItem","position":3,"name":"&#8216;D\u00edas de cine&#8217; repasa lo mejor de la Seminci","previousItem":{"@type":"ListItem","@id":"https:\/\/candas365.es\/noticias\/category\/agenda\/#listItem","name":"Agenda"}}]},{"@type":"NewsArticle","@id":"https:\/\/candas365.es\/noticias\/dias-de-cine-repasa-lo-mejor-de-la-seminci\/#newsarticle","name":"\u2018D\u00edas de cine\u2019 repasa lo mejor de la Seminci | Cand\u00e1s 365","headline":"&#8216;D\u00edas de cine&#8217; repasa lo mejor de la Seminci","author":{"@id":"https:\/\/candas365.es\/noticias\/author\/admin\/#author"},"publisher":{"@id":"https:\/\/candas365.es\/noticias\/#organization"},"image":{"@type":"ImageObject","url":"https:\/\/candas365.es\/noticias\/wp-content\/uploads\/2017\/10\/cinema-strip-2713352_960_720.jpg","width":960,"height":642},"datePublished":"2017-10-25T22:26:55+02:00","dateModified":"2017-10-25T22:26:55+02:00","inLanguage":"es-ES","mainEntityOfPage":{"@id":"https:\/\/candas365.es\/noticias\/dias-de-cine-repasa-lo-mejor-de-la-seminci\/#webpage"},"isPartOf":{"@id":"https:\/\/candas365.es\/noticias\/dias-de-cine-repasa-lo-mejor-de-la-seminci\/#webpage"},"articleSection":"Agenda","dateline":"Publicado el octubre 25, 2017."},{"@type":"Organization","@id":"https:\/\/candas365.es\/noticias\/#organization","name":"Cand\u00e1s 365","description":"Cand\u00e1s 365 es un diario digital independiente, fundado en 2012, con base en Asturias. Informamos con rigor sobre actualidad, sociedad, cultura y ocio, con una mirada local y global.","url":"https:\/\/candas365.es\/noticias\/","email":"info@candas365.es","telephone":"+34652131393","foundingDate":"2012-06-10","logo":{"@type":"ImageObject","url":"https:\/\/candas365.es\/noticias\/wp-content\/uploads\/2024\/09\/Candas-365-Redes.jpg","@id":"https:\/\/candas365.es\/noticias\/dias-de-cine-repasa-lo-mejor-de-la-seminci\/#organizationLogo","width":1152,"height":864,"caption":"Cand\u00e1s 365 Redes"},"image":{"@id":"https:\/\/candas365.es\/noticias\/dias-de-cine-repasa-lo-mejor-de-la-seminci\/#organizationLogo"},"sameAs":["https:\/\/www.facebook.com\/Nachofdezber","https:\/\/x.com\/NabercoDigital","https:\/\/www.instagram.com\/nachofdezber\/","https:\/\/www.youtube.com\/channel\/UCZP-2wLEB9Rv6erhFmqVnvg"],"address":{"@id":"https:\/\/candas365.es\/noticias\/#postaladdress","@type":"PostalAddress","streetAddress":"san antonio 4, san antonio 4","postalCode":"33430","addressLocality":"Cand\u00e1s","addressRegion":"Asturias","addressCountry":"ES"}},{"@type":"Person","@id":"https:\/\/candas365.es\/noticias\/author\/admin\/#author","url":"https:\/\/candas365.es\/noticias\/author\/admin\/","name":"Cand\u00e1s 365","image":{"@type":"ImageObject","@id":"https:\/\/candas365.es\/noticias\/dias-de-cine-repasa-lo-mejor-de-la-seminci\/#authorImage","url":"https:\/\/secure.gravatar.com\/avatar\/496a8e03d0c493ede1718b7934145dbdf8d89be1036b0eec9544e1094c9de390?s=96&d=mm&r=g","width":96,"height":96,"caption":"Cand\u00e1s 365"},"sameAs":["https:\/\/www.facebook.com\/carrenoactualidad","https:\/\/twitter.com\/nbasturias","https:\/\/www.instagram.com\/nachofdezber\/","https:\/\/www.youtube.com\/channel\/UCZP-2wLEB9Rv6erhFmqVnvg"]},{"@type":"WebPage","@id":"https:\/\/candas365.es\/noticias\/dias-de-cine-repasa-lo-mejor-de-la-seminci\/#webpage","url":"https:\/\/candas365.es\/noticias\/dias-de-cine-repasa-lo-mejor-de-la-seminci\/","name":"\u2018D\u00edas de cine\u2019 repasa lo mejor de la Seminci | Cand\u00e1s 365","description":"'D\u00edas de cine', presentado por Elena S. S\u00e1nchez, se asoma a la 62\u00aa edici\u00f3n de la Seminci, inaugurada por 'La librer\u00eda' de Isabel Coixet, que se celebra estos d\u00edas en Valladolid. Adem\u00e1s, en la edici\u00f3n de esta semana un recuerdo al actor argentino Federico Luppi, fallecido la semana pasada, y el repaso a la cartelera","inLanguage":"es-ES","isPartOf":{"@id":"https:\/\/candas365.es\/noticias\/#website"},"breadcrumb":{"@id":"https:\/\/candas365.es\/noticias\/dias-de-cine-repasa-lo-mejor-de-la-seminci\/#breadcrumblist"},"author":{"@id":"https:\/\/candas365.es\/noticias\/author\/admin\/#author"},"creator":{"@id":"https:\/\/candas365.es\/noticias\/author\/admin\/#author"},"image":{"@type":"ImageObject","url":"https:\/\/candas365.es\/noticias\/wp-content\/uploads\/2017\/10\/cinema-strip-2713352_960_720.jpg","@id":"https:\/\/candas365.es\/noticias\/dias-de-cine-repasa-lo-mejor-de-la-seminci\/#mainImage","width":960,"height":642},"primaryImageOfPage":{"@id":"https:\/\/candas365.es\/noticias\/dias-de-cine-repasa-lo-mejor-de-la-seminci\/#mainImage"},"datePublished":"2017-10-25T22:26:55+02:00","dateModified":"2017-10-25T22:26:55+02:00"},{"@type":"WebSite","@id":"https:\/\/candas365.es\/noticias\/#website","url":"https:\/\/candas365.es\/noticias\/","name":"Cand\u00e1s 365","alternateName":"Cand\u00e1s 365 Noticias","description":"Actualidad desde Carre\u00f1o para el mundo","inLanguage":"es-ES","publisher":{"@id":"https:\/\/candas365.es\/noticias\/#organization"}}]},"og:locale":"es_ES","og:site_name":"Cand\u00e1s 365","og:type":"article","og:title":"\u2018D\u00edas de cine\u2019 repasa lo mejor de la Seminci | Cand\u00e1s 365","og:description":"'D\u00edas de cine', presentado por Elena S. S\u00e1nchez, se asoma a la 62\u00aa edici\u00f3n de la Seminci, inaugurada por 'La librer\u00eda' de Isabel Coixet, que se celebra estos d\u00edas en Valladolid. Adem\u00e1s, en la edici\u00f3n de esta semana un recuerdo al actor argentino Federico Luppi, fallecido la semana pasada, y el repaso a la cartelera","og:url":"https:\/\/candas365.es\/noticias\/dias-de-cine-repasa-lo-mejor-de-la-seminci\/","og:image":"https:\/\/candas365.es\/noticias\/wp-content\/uploads\/2017\/10\/cinema-strip-2713352_960_720.jpg","og:image:secure_url":"https:\/\/candas365.es\/noticias\/wp-content\/uploads\/2017\/10\/cinema-strip-2713352_960_720.jpg","og:image:width":960,"og:image:height":642,"article:published_time":"2017-10-25T22:26:55+00:00","article:modified_time":"2017-10-25T22:26:55+00:00","article:publisher":"https:\/\/www.facebook.com\/Nachofdezber","article:author":"https:\/\/www.facebook.com\/carrenoactualidad","twitter:card":"summary_large_image","twitter:site":"@NabercoDigital","twitter:title":"\u2018D\u00edas de cine\u2019 repasa lo mejor de la Seminci | Cand\u00e1s 365","twitter:description":"'D\u00edas de cine', presentado por Elena S. S\u00e1nchez, se asoma a la 62\u00aa edici\u00f3n de la Seminci, inaugurada por 'La librer\u00eda' de Isabel Coixet, que se celebra estos d\u00edas en Valladolid. Adem\u00e1s, en la edici\u00f3n de esta semana un recuerdo al actor argentino Federico Luppi, fallecido la semana pasada, y el repaso a la cartelera","twitter:creator":"@nbasturias","twitter:image":"https:\/\/candas365.es\/noticias\/wp-content\/uploads\/2017\/10\/cinema-strip-2713352_960_720.jpg","twitter:label1":"Escrito por","twitter:data1":"Cand\u00e1s 365","twitter:label2":"Tiempo de lectura estimado","twitter:data2":"1 minuto"},"aioseo_meta_data":{"post_id":"82879","title":null,"description":null,"keywords":null,"keyphrases":null,"primary_term":null,"canonical_url":null,"og_title":null,"og_description":null,"og_object_type":"default","og_image_type":"default","og_image_url":null,"og_image_width":null,"og_image_height":null,"og_image_custom_url":null,"og_image_custom_fields":null,"og_video":null,"og_custom_url":null,"og_article_section":null,"og_article_tags":null,"twitter_use_og":false,"twitter_card":"default","twitter_image_type":"default","twitter_image_url":null,"twitter_image_custom_url":null,"twitter_image_custom_fields":null,"twitter_title":null,"twitter_description":null,"schema":{"blockGraphs":[],"customGraphs":[],"default":{"data":{"Article":[],"Course":[],"Dataset":[],"FAQPage":[],"Movie":[],"Person":[],"Product":[],"ProductReview":[],"Car":[],"Recipe":[],"Service":[],"SoftwareApplication":[],"WebPage":[]},"graphName":"","isEnabled":true},"graphs":[]},"schema_type":null,"schema_type_options":null,"pillar_content":false,"robots_default":true,"robots_noindex":false,"robots_noarchive":false,"robots_nosnippet":false,"robots_nofollow":false,"robots_noimageindex":false,"robots_noodp":false,"robots_notranslate":false,"robots_max_snippet":null,"robots_max_videopreview":null,"robots_max_imagepreview":"large","priority":null,"frequency":null,"location":null,"local_seo":null,"seo_analyzer_scan_date":"2025-08-26 03:35:20","breadcrumb_settings":null,"limit_modified_date":false,"reviewed_by":null,"open_ai":null,"ai":null,"created":"2020-12-21 12:33:57","updated":"2025-08-26 03:35:20"},"aioseo_breadcrumb":"<div class=\"aioseo-breadcrumbs\"><span class=\"aioseo-breadcrumb\">\n\t<a href=\"https:\/\/candas365.es\/noticias\" title=\"Home\">Home<\/a>\n<\/span><span class=\"aioseo-breadcrumb-separator\">&ndash;<\/span><span class=\"aioseo-breadcrumb\">\n\t<a href=\"https:\/\/candas365.es\/noticias\/category\/agenda\/\" title=\"Agenda\">Agenda<\/a>\n<\/span><span class=\"aioseo-breadcrumb-separator\">&ndash;<\/span><span class=\"aioseo-breadcrumb\">\n\t\u2018D\u00edas de cine\u2019 repasa lo mejor de la Seminci\n<\/span><\/div>","aioseo_breadcrumb_json":[{"label":"Home","link":"https:\/\/candas365.es\/noticias"},{"label":"Agenda","link":"https:\/\/candas365.es\/noticias\/category\/agenda\/"},{"label":"&#8216;D\u00edas de cine&#8217; repasa lo mejor de la Seminci","link":"https:\/\/candas365.es\/noticias\/dias-de-cine-repasa-lo-mejor-de-la-seminci\/"}],"_links":{"self":[{"href":"https:\/\/candas365.es\/noticias\/wp-json\/wp\/v2\/posts\/82879","targetHints":{"allow":["GET"]}}],"collection":[{"href":"https:\/\/candas365.es\/noticias\/wp-json\/wp\/v2\/posts"}],"about":[{"href":"https:\/\/candas365.es\/noticias\/wp-json\/wp\/v2\/types\/post"}],"author":[{"embeddable":true,"href":"https:\/\/candas365.es\/noticias\/wp-json\/wp\/v2\/users\/1"}],"replies":[{"embeddable":true,"href":"https:\/\/candas365.es\/noticias\/wp-json\/wp\/v2\/comments?post=82879"}],"version-history":[{"count":0,"href":"https:\/\/candas365.es\/noticias\/wp-json\/wp\/v2\/posts\/82879\/revisions"}],"wp:featuredmedia":[{"embeddable":true,"href":"https:\/\/candas365.es\/noticias\/wp-json\/wp\/v2\/media\/82786"}],"wp:attachment":[{"href":"https:\/\/candas365.es\/noticias\/wp-json\/wp\/v2\/media?parent=82879"}],"wp:term":[{"taxonomy":"category","embeddable":true,"href":"https:\/\/candas365.es\/noticias\/wp-json\/wp\/v2\/categories?post=82879"},{"taxonomy":"post_tag","embeddable":true,"href":"https:\/\/candas365.es\/noticias\/wp-json\/wp\/v2\/tags?post=82879"}],"curies":[{"name":"wp","href":"https:\/\/api.w.org\/{rel}","templated":true}]}}