{"id":82874,"date":"2017-10-25T19:12:15","date_gmt":"2017-10-25T19:12:15","guid":{"rendered":"http:\/\/candas365.es\/noticias\/?p=82874"},"modified":"2017-10-25T19:12:15","modified_gmt":"2017-10-25T19:12:15","slug":"los-superalimentos-en-candas","status":"publish","type":"post","link":"https:\/\/candas365.es\/noticias\/los-superalimentos-en-candas\/","title":{"rendered":"Los \u00abSuperalimentos\u00bb, en Cand\u00e1s"},"content":{"rendered":"<p><img fetchpriority=\"high\" decoding=\"async\" class=\"alignleft size-medium wp-image-82875\" src=\"https:\/\/candas365.es\/noticias\/wp-content\/uploads\/2017\/10\/IMG_0187-360x270.jpg\" alt=\"\" width=\"360\" height=\"270\" srcset=\"https:\/\/candas365.es\/noticias\/wp-content\/uploads\/2017\/10\/IMG_0187-360x270.jpg 360w, https:\/\/candas365.es\/noticias\/wp-content\/uploads\/2017\/10\/IMG_0187.jpg 640w, https:\/\/candas365.es\/noticias\/wp-content\/uploads\/2017\/10\/IMG_0187-80x60.jpg 80w, https:\/\/candas365.es\/noticias\/wp-content\/uploads\/2017\/10\/IMG_0187-265x198.jpg 265w, https:\/\/candas365.es\/noticias\/wp-content\/uploads\/2017\/10\/IMG_0187-560x420.jpg 560w, https:\/\/candas365.es\/noticias\/wp-content\/uploads\/2017\/10\/IMG_0187-90x67.jpg 90w\" sizes=\"(max-width: 360px) 100vw, 360px\" \/>Hoy Miercoles 25 de Octubre las 17:00 h en el Sal\u00f3n de Actos del Centro Polivalente La Baraga\u00f1a, tuvo lugar la sesi\u00f3n informativa sobre Bienestar y Salud: \u00abSuperalimentos\u00bb, actividad promovida por la Asociaci\u00f3n de Mujeres Rurales \u00abNosotr@s\u00bb en colaboraci\u00f3n con El Ayuntamiento de Carre\u00f1o como parte de las actividades organizadas en torno al d\u00eda de la Mujer Rural 2017.<\/p>\n<p>La conferencia corri\u00f3 a cargo de la ponente Dal\u00eda Mar\u00eda Puente Hevia, que fue presentada por la presidenta de la asociaci\u00f3n Josefina Vega. En el transcurso de la misma permiti\u00f3 que las asistentes conociesen el mundo de los \u00absuperalimentos\u00bb, alimentos concretos que por su alto valor nutricional con numerosos beneficios para la salud y el bienestar.<\/p>\n<p>La ponente quiso centrarse en esta ocasi\u00f3n en aquellos superalimentos que se producen en Asturias y en Espa\u00f1a, como pueden ser la manzana o los ar\u00e1ndanos y descubrir aquellos superalimentos que est\u00e1n a nuestro alcance. Tambi\u00e9n, enlazando con el taller realizado el pasado 11 de Octubre sobre \u201cfrutas deshidratadas\u201d en el CIR Monte Areo, se profundiz\u00f3 en el tema de las m\u00e1quinas y t\u00e9cnicas de deshidrataci\u00f3n con fines productivos, con la intenci\u00f3n de fomentar el emprendimiento y conocimiento de las asistentes.<\/p>\n","protected":false},"excerpt":{"rendered":"<p>Hoy Miercoles 25 de Octubre las 17:00 h en el Sal\u00f3n de Actos del Centro Polivalente La Baraga\u00f1a, tuvo lugar la sesi\u00f3n informativa sobre Bienestar y Salud: \u00abSuperalimentos\u00bb, actividad promovida por la Asociaci\u00f3n de Mujeres Rurales \u00abNosotr@s\u00bb en colaboraci\u00f3n con El Ayuntamiento de Carre\u00f1o como parte de las actividades organizadas en torno al d\u00eda de<\/p>\n","protected":false},"author":1,"featured_media":82875,"comment_status":"closed","ping_status":"closed","sticky":false,"template":"","format":"standard","meta":{"footnotes":""},"categories":[2],"tags":[],"class_list":{"0":"post-82874","1":"post","2":"type-post","3":"status-publish","4":"format-standard","5":"has-post-thumbnail","7":"category-noticias-carreno"},"aioseo_notices":[],"aioseo_head":"\n\t\t<!-- All in One SEO Pro 4.9.6.2 - aioseo.com -->\n\t<meta name=\"description\" content=\"Hoy Miercoles 25 de Octubre las 17:00 h en el Sal\u00f3n de Actos del Centro Polivalente La Baraga\u00f1a, tuvo lugar la sesi\u00f3n informativa sobre Bienestar y Salud: &quot;Superalimentos&quot;, actividad promovida por la Asociaci\u00f3n de Mujeres Rurales &quot;Nosotr@s&quot; en colaboraci\u00f3n con El Ayuntamiento de Carre\u00f1o como parte de las actividades organizadas en torno al d\u00eda de\" \/>\n\t<meta name=\"robots\" content=\"max-image-preview:large\" \/>\n\t<meta name=\"author\" content=\"Cand\u00e1s 365\"\/>\n\t<meta name=\"google-site-verification\" content=\"UA-32230408-1\" \/>\n\t<meta name=\"msvalidate.01\" content=\"354F3CDFB2DA171B47FBE9ABF1F88D5\" \/>\n\t<meta name=\"keywords\" content=\"noticias carre\u00f1o\" \/>\n\t<link rel=\"canonical\" href=\"https:\/\/candas365.es\/noticias\/los-superalimentos-en-candas\/\" \/>\n\t<meta name=\"generator\" content=\"All in One SEO Pro (AIOSEO) 4.9.6.2\" \/>\n\t\t<meta property=\"og:locale\" content=\"es_ES\" \/>\n\t\t<meta property=\"og:site_name\" content=\"Cand\u00e1s 365\" \/>\n\t\t<meta property=\"og:type\" content=\"article\" \/>\n\t\t<meta property=\"og:title\" content=\"Los \u00abSuperalimentos\u00bb, en Cand\u00e1s | Cand\u00e1s 365\" \/>\n\t\t<meta property=\"og:description\" content=\"Hoy Miercoles 25 de Octubre las 17:00 h en el Sal\u00f3n de Actos del Centro Polivalente La Baraga\u00f1a, tuvo lugar la sesi\u00f3n informativa sobre Bienestar y Salud: &quot;Superalimentos&quot;, actividad promovida por la Asociaci\u00f3n de Mujeres Rurales &quot;Nosotr@s&quot; en colaboraci\u00f3n con El Ayuntamiento de Carre\u00f1o como parte de las actividades organizadas en torno al d\u00eda de\" \/>\n\t\t<meta property=\"og:url\" content=\"https:\/\/candas365.es\/noticias\/los-superalimentos-en-candas\/\" \/>\n\t\t<meta property=\"og:image\" content=\"https:\/\/candas365.es\/noticias\/wp-content\/uploads\/2017\/10\/IMG_0187.jpg\" \/>\n\t\t<meta property=\"og:image:secure_url\" content=\"https:\/\/candas365.es\/noticias\/wp-content\/uploads\/2017\/10\/IMG_0187.jpg\" \/>\n\t\t<meta property=\"og:image:width\" content=\"640\" \/>\n\t\t<meta property=\"og:image:height\" content=\"480\" \/>\n\t\t<meta property=\"article:published_time\" content=\"2017-10-25T19:12:15+00:00\" \/>\n\t\t<meta property=\"article:modified_time\" content=\"2017-10-25T19:12:15+00:00\" \/>\n\t\t<meta property=\"article:publisher\" content=\"https:\/\/www.facebook.com\/Nachofdezber\" \/>\n\t\t<meta property=\"article:author\" content=\"https:\/\/www.facebook.com\/carrenoactualidad\" \/>\n\t\t<meta name=\"twitter:card\" content=\"summary_large_image\" \/>\n\t\t<meta name=\"twitter:site\" content=\"@NabercoDigital\" \/>\n\t\t<meta name=\"twitter:title\" content=\"Los \u00abSuperalimentos\u00bb, en Cand\u00e1s | Cand\u00e1s 365\" \/>\n\t\t<meta name=\"twitter:description\" content=\"Hoy Miercoles 25 de Octubre las 17:00 h en el Sal\u00f3n de Actos del Centro Polivalente La Baraga\u00f1a, tuvo lugar la sesi\u00f3n informativa sobre Bienestar y Salud: &quot;Superalimentos&quot;, actividad promovida por la Asociaci\u00f3n de Mujeres Rurales &quot;Nosotr@s&quot; en colaboraci\u00f3n con El Ayuntamiento de Carre\u00f1o como parte de las actividades organizadas en torno al d\u00eda de\" \/>\n\t\t<meta name=\"twitter:creator\" content=\"@nbasturias\" \/>\n\t\t<meta name=\"twitter:image\" content=\"https:\/\/candas365.es\/noticias\/wp-content\/uploads\/2017\/10\/IMG_0187.jpg\" \/>\n\t\t<meta name=\"twitter:label1\" content=\"Escrito por\" \/>\n\t\t<meta name=\"twitter:data1\" content=\"Cand\u00e1s 365\" \/>\n\t\t<meta name=\"twitter:label2\" content=\"Tiempo de lectura estimado\" \/>\n\t\t<meta name=\"twitter:data2\" content=\"1 minuto\" \/>\n\t\t<script type=\"application\/ld+json\" class=\"aioseo-schema\">\n\t\t\t{\"@context\":\"https:\\\/\\\/schema.org\",\"@graph\":[{\"@type\":\"BreadcrumbList\",\"@id\":\"https:\\\/\\\/candas365.es\\\/noticias\\\/los-superalimentos-en-candas\\\/#breadcrumblist\",\"itemListElement\":[{\"@type\":\"ListItem\",\"@id\":\"https:\\\/\\\/candas365.es\\\/noticias#listItem\",\"position\":1,\"name\":\"Home\",\"item\":\"https:\\\/\\\/candas365.es\\\/noticias\",\"nextItem\":{\"@type\":\"ListItem\",\"@id\":\"https:\\\/\\\/candas365.es\\\/noticias\\\/category\\\/noticias-carreno\\\/#listItem\",\"name\":\"Noticias Carre\\u00f1o\"}},{\"@type\":\"ListItem\",\"@id\":\"https:\\\/\\\/candas365.es\\\/noticias\\\/category\\\/noticias-carreno\\\/#listItem\",\"position\":2,\"name\":\"Noticias Carre\\u00f1o\",\"item\":\"https:\\\/\\\/candas365.es\\\/noticias\\\/category\\\/noticias-carreno\\\/\",\"nextItem\":{\"@type\":\"ListItem\",\"@id\":\"https:\\\/\\\/candas365.es\\\/noticias\\\/los-superalimentos-en-candas\\\/#listItem\",\"name\":\"Los \\u00abSuperalimentos\\u00bb, en Cand\\u00e1s\"},\"previousItem\":{\"@type\":\"ListItem\",\"@id\":\"https:\\\/\\\/candas365.es\\\/noticias#listItem\",\"name\":\"Home\"}},{\"@type\":\"ListItem\",\"@id\":\"https:\\\/\\\/candas365.es\\\/noticias\\\/los-superalimentos-en-candas\\\/#listItem\",\"position\":3,\"name\":\"Los \\u00abSuperalimentos\\u00bb, en Cand\\u00e1s\",\"previousItem\":{\"@type\":\"ListItem\",\"@id\":\"https:\\\/\\\/candas365.es\\\/noticias\\\/category\\\/noticias-carreno\\\/#listItem\",\"name\":\"Noticias Carre\\u00f1o\"}}]},{\"@type\":\"NewsArticle\",\"@id\":\"https:\\\/\\\/candas365.es\\\/noticias\\\/los-superalimentos-en-candas\\\/#newsarticle\",\"name\":\"Los \\u00abSuperalimentos\\u00bb, en Cand\\u00e1s | Cand\\u00e1s 365\",\"headline\":\"Los \\u00abSuperalimentos\\u00bb, en Cand\\u00e1s\",\"author\":{\"@id\":\"https:\\\/\\\/candas365.es\\\/noticias\\\/author\\\/admin\\\/#author\"},\"publisher\":{\"@id\":\"https:\\\/\\\/candas365.es\\\/noticias\\\/#organization\"},\"image\":{\"@type\":\"ImageObject\",\"url\":\"https:\\\/\\\/candas365.es\\\/noticias\\\/wp-content\\\/uploads\\\/2017\\\/10\\\/IMG_0187.jpg\",\"width\":640,\"height\":480},\"datePublished\":\"2017-10-25T19:12:15+02:00\",\"dateModified\":\"2017-10-25T19:12:15+02:00\",\"inLanguage\":\"es-ES\",\"mainEntityOfPage\":{\"@id\":\"https:\\\/\\\/candas365.es\\\/noticias\\\/los-superalimentos-en-candas\\\/#webpage\"},\"isPartOf\":{\"@id\":\"https:\\\/\\\/candas365.es\\\/noticias\\\/los-superalimentos-en-candas\\\/#webpage\"},\"articleSection\":\"Noticias Carre\\u00f1o\",\"dateline\":\"Publicado el octubre 25, 2017.\"},{\"@type\":\"Organization\",\"@id\":\"https:\\\/\\\/candas365.es\\\/noticias\\\/#organization\",\"name\":\"Cand\\u00e1s 365\",\"description\":\"Cand\\u00e1s 365 es un diario digital independiente, fundado en 2012, con base en Asturias. Informamos con rigor sobre actualidad, sociedad, cultura y ocio, con una mirada local y global.\",\"url\":\"https:\\\/\\\/candas365.es\\\/noticias\\\/\",\"email\":\"info@candas365.es\",\"telephone\":\"+34652131393\",\"foundingDate\":\"2012-06-10\",\"logo\":{\"@type\":\"ImageObject\",\"url\":\"https:\\\/\\\/candas365.es\\\/noticias\\\/wp-content\\\/uploads\\\/2024\\\/09\\\/Candas-365-Redes.jpg\",\"@id\":\"https:\\\/\\\/candas365.es\\\/noticias\\\/los-superalimentos-en-candas\\\/#organizationLogo\",\"width\":1152,\"height\":864,\"caption\":\"Cand\\u00e1s 365 Redes\"},\"image\":{\"@id\":\"https:\\\/\\\/candas365.es\\\/noticias\\\/los-superalimentos-en-candas\\\/#organizationLogo\"},\"sameAs\":[\"https:\\\/\\\/www.facebook.com\\\/Nachofdezber\",\"https:\\\/\\\/x.com\\\/NabercoDigital\",\"https:\\\/\\\/www.instagram.com\\\/nachofdezber\\\/\",\"https:\\\/\\\/www.youtube.com\\\/channel\\\/UCZP-2wLEB9Rv6erhFmqVnvg\"],\"address\":{\"@id\":\"https:\\\/\\\/candas365.es\\\/noticias\\\/#postaladdress\",\"@type\":\"PostalAddress\",\"streetAddress\":\"san antonio 4, san antonio 4\",\"postalCode\":\"33430\",\"addressLocality\":\"Cand\\u00e1s\",\"addressRegion\":\"Asturias\",\"addressCountry\":\"ES\"}},{\"@type\":\"Person\",\"@id\":\"https:\\\/\\\/candas365.es\\\/noticias\\\/author\\\/admin\\\/#author\",\"url\":\"https:\\\/\\\/candas365.es\\\/noticias\\\/author\\\/admin\\\/\",\"name\":\"Cand\\u00e1s 365\",\"image\":{\"@type\":\"ImageObject\",\"@id\":\"https:\\\/\\\/candas365.es\\\/noticias\\\/los-superalimentos-en-candas\\\/#authorImage\",\"url\":\"https:\\\/\\\/secure.gravatar.com\\\/avatar\\\/496a8e03d0c493ede1718b7934145dbdf8d89be1036b0eec9544e1094c9de390?s=96&d=mm&r=g\",\"width\":96,\"height\":96,\"caption\":\"Cand\\u00e1s 365\"},\"sameAs\":[\"https:\\\/\\\/www.facebook.com\\\/carrenoactualidad\",\"https:\\\/\\\/twitter.com\\\/nbasturias\",\"https:\\\/\\\/www.instagram.com\\\/nachofdezber\\\/\",\"https:\\\/\\\/www.youtube.com\\\/channel\\\/UCZP-2wLEB9Rv6erhFmqVnvg\"]},{\"@type\":\"WebPage\",\"@id\":\"https:\\\/\\\/candas365.es\\\/noticias\\\/los-superalimentos-en-candas\\\/#webpage\",\"url\":\"https:\\\/\\\/candas365.es\\\/noticias\\\/los-superalimentos-en-candas\\\/\",\"name\":\"Los \\u00abSuperalimentos\\u00bb, en Cand\\u00e1s | Cand\\u00e1s 365\",\"description\":\"Hoy Miercoles 25 de Octubre las 17:00 h en el Sal\\u00f3n de Actos del Centro Polivalente La Baraga\\u00f1a, tuvo lugar la sesi\\u00f3n informativa sobre Bienestar y Salud: \\\"Superalimentos\\\", actividad promovida por la Asociaci\\u00f3n de Mujeres Rurales \\\"Nosotr@s\\\" en colaboraci\\u00f3n con El Ayuntamiento de Carre\\u00f1o como parte de las actividades organizadas en torno al d\\u00eda de\",\"inLanguage\":\"es-ES\",\"isPartOf\":{\"@id\":\"https:\\\/\\\/candas365.es\\\/noticias\\\/#website\"},\"breadcrumb\":{\"@id\":\"https:\\\/\\\/candas365.es\\\/noticias\\\/los-superalimentos-en-candas\\\/#breadcrumblist\"},\"author\":{\"@id\":\"https:\\\/\\\/candas365.es\\\/noticias\\\/author\\\/admin\\\/#author\"},\"creator\":{\"@id\":\"https:\\\/\\\/candas365.es\\\/noticias\\\/author\\\/admin\\\/#author\"},\"image\":{\"@type\":\"ImageObject\",\"url\":\"https:\\\/\\\/candas365.es\\\/noticias\\\/wp-content\\\/uploads\\\/2017\\\/10\\\/IMG_0187.jpg\",\"@id\":\"https:\\\/\\\/candas365.es\\\/noticias\\\/los-superalimentos-en-candas\\\/#mainImage\",\"width\":640,\"height\":480},\"primaryImageOfPage\":{\"@id\":\"https:\\\/\\\/candas365.es\\\/noticias\\\/los-superalimentos-en-candas\\\/#mainImage\"},\"datePublished\":\"2017-10-25T19:12:15+02:00\",\"dateModified\":\"2017-10-25T19:12:15+02:00\"},{\"@type\":\"WebSite\",\"@id\":\"https:\\\/\\\/candas365.es\\\/noticias\\\/#website\",\"url\":\"https:\\\/\\\/candas365.es\\\/noticias\\\/\",\"name\":\"Cand\\u00e1s 365\",\"alternateName\":\"Cand\\u00e1s 365 Noticias\",\"description\":\"Actualidad desde Carre\\u00f1o para el mundo\",\"inLanguage\":\"es-ES\",\"publisher\":{\"@id\":\"https:\\\/\\\/candas365.es\\\/noticias\\\/#organization\"}}]}\n\t\t<\/script>\n\t\t<!-- All in One SEO Pro -->\r\n\t\t<title>Los \u00abSuperalimentos\u00bb, en Cand\u00e1s | Cand\u00e1s 365<\/title>\n\n","aioseo_head_json":{"title":"Los \u00abSuperalimentos\u00bb, en Cand\u00e1s | Cand\u00e1s 365","description":"Hoy Miercoles 25 de Octubre las 17:00 h en el Sal\u00f3n de Actos del Centro Polivalente La Baraga\u00f1a, tuvo lugar la sesi\u00f3n informativa sobre Bienestar y Salud: \"Superalimentos\", actividad promovida por la Asociaci\u00f3n de Mujeres Rurales \"Nosotr@s\" en colaboraci\u00f3n con El Ayuntamiento de Carre\u00f1o como parte de las actividades organizadas en torno al d\u00eda de","canonical_url":"https:\/\/candas365.es\/noticias\/los-superalimentos-en-candas\/","robots":"max-image-preview:large","keywords":"noticias carre\u00f1o","webmasterTools":{"google-site-verification":"UA-32230408-1","msvalidate.01":"354F3CDFB2DA171B47FBE9ABF1F88D5","miscellaneous":""},"schema":{"@context":"https:\/\/schema.org","@graph":[{"@type":"BreadcrumbList","@id":"https:\/\/candas365.es\/noticias\/los-superalimentos-en-candas\/#breadcrumblist","itemListElement":[{"@type":"ListItem","@id":"https:\/\/candas365.es\/noticias#listItem","position":1,"name":"Home","item":"https:\/\/candas365.es\/noticias","nextItem":{"@type":"ListItem","@id":"https:\/\/candas365.es\/noticias\/category\/noticias-carreno\/#listItem","name":"Noticias Carre\u00f1o"}},{"@type":"ListItem","@id":"https:\/\/candas365.es\/noticias\/category\/noticias-carreno\/#listItem","position":2,"name":"Noticias Carre\u00f1o","item":"https:\/\/candas365.es\/noticias\/category\/noticias-carreno\/","nextItem":{"@type":"ListItem","@id":"https:\/\/candas365.es\/noticias\/los-superalimentos-en-candas\/#listItem","name":"Los \u00abSuperalimentos\u00bb, en Cand\u00e1s"},"previousItem":{"@type":"ListItem","@id":"https:\/\/candas365.es\/noticias#listItem","name":"Home"}},{"@type":"ListItem","@id":"https:\/\/candas365.es\/noticias\/los-superalimentos-en-candas\/#listItem","position":3,"name":"Los \u00abSuperalimentos\u00bb, en Cand\u00e1s","previousItem":{"@type":"ListItem","@id":"https:\/\/candas365.es\/noticias\/category\/noticias-carreno\/#listItem","name":"Noticias Carre\u00f1o"}}]},{"@type":"NewsArticle","@id":"https:\/\/candas365.es\/noticias\/los-superalimentos-en-candas\/#newsarticle","name":"Los \u00abSuperalimentos\u00bb, en Cand\u00e1s | Cand\u00e1s 365","headline":"Los \u00abSuperalimentos\u00bb, en Cand\u00e1s","author":{"@id":"https:\/\/candas365.es\/noticias\/author\/admin\/#author"},"publisher":{"@id":"https:\/\/candas365.es\/noticias\/#organization"},"image":{"@type":"ImageObject","url":"https:\/\/candas365.es\/noticias\/wp-content\/uploads\/2017\/10\/IMG_0187.jpg","width":640,"height":480},"datePublished":"2017-10-25T19:12:15+02:00","dateModified":"2017-10-25T19:12:15+02:00","inLanguage":"es-ES","mainEntityOfPage":{"@id":"https:\/\/candas365.es\/noticias\/los-superalimentos-en-candas\/#webpage"},"isPartOf":{"@id":"https:\/\/candas365.es\/noticias\/los-superalimentos-en-candas\/#webpage"},"articleSection":"Noticias Carre\u00f1o","dateline":"Publicado el octubre 25, 2017."},{"@type":"Organization","@id":"https:\/\/candas365.es\/noticias\/#organization","name":"Cand\u00e1s 365","description":"Cand\u00e1s 365 es un diario digital independiente, fundado en 2012, con base en Asturias. Informamos con rigor sobre actualidad, sociedad, cultura y ocio, con una mirada local y global.","url":"https:\/\/candas365.es\/noticias\/","email":"info@candas365.es","telephone":"+34652131393","foundingDate":"2012-06-10","logo":{"@type":"ImageObject","url":"https:\/\/candas365.es\/noticias\/wp-content\/uploads\/2024\/09\/Candas-365-Redes.jpg","@id":"https:\/\/candas365.es\/noticias\/los-superalimentos-en-candas\/#organizationLogo","width":1152,"height":864,"caption":"Cand\u00e1s 365 Redes"},"image":{"@id":"https:\/\/candas365.es\/noticias\/los-superalimentos-en-candas\/#organizationLogo"},"sameAs":["https:\/\/www.facebook.com\/Nachofdezber","https:\/\/x.com\/NabercoDigital","https:\/\/www.instagram.com\/nachofdezber\/","https:\/\/www.youtube.com\/channel\/UCZP-2wLEB9Rv6erhFmqVnvg"],"address":{"@id":"https:\/\/candas365.es\/noticias\/#postaladdress","@type":"PostalAddress","streetAddress":"san antonio 4, san antonio 4","postalCode":"33430","addressLocality":"Cand\u00e1s","addressRegion":"Asturias","addressCountry":"ES"}},{"@type":"Person","@id":"https:\/\/candas365.es\/noticias\/author\/admin\/#author","url":"https:\/\/candas365.es\/noticias\/author\/admin\/","name":"Cand\u00e1s 365","image":{"@type":"ImageObject","@id":"https:\/\/candas365.es\/noticias\/los-superalimentos-en-candas\/#authorImage","url":"https:\/\/secure.gravatar.com\/avatar\/496a8e03d0c493ede1718b7934145dbdf8d89be1036b0eec9544e1094c9de390?s=96&d=mm&r=g","width":96,"height":96,"caption":"Cand\u00e1s 365"},"sameAs":["https:\/\/www.facebook.com\/carrenoactualidad","https:\/\/twitter.com\/nbasturias","https:\/\/www.instagram.com\/nachofdezber\/","https:\/\/www.youtube.com\/channel\/UCZP-2wLEB9Rv6erhFmqVnvg"]},{"@type":"WebPage","@id":"https:\/\/candas365.es\/noticias\/los-superalimentos-en-candas\/#webpage","url":"https:\/\/candas365.es\/noticias\/los-superalimentos-en-candas\/","name":"Los \u00abSuperalimentos\u00bb, en Cand\u00e1s | Cand\u00e1s 365","description":"Hoy Miercoles 25 de Octubre las 17:00 h en el Sal\u00f3n de Actos del Centro Polivalente La Baraga\u00f1a, tuvo lugar la sesi\u00f3n informativa sobre Bienestar y Salud: \"Superalimentos\", actividad promovida por la Asociaci\u00f3n de Mujeres Rurales \"Nosotr@s\" en colaboraci\u00f3n con El Ayuntamiento de Carre\u00f1o como parte de las actividades organizadas en torno al d\u00eda de","inLanguage":"es-ES","isPartOf":{"@id":"https:\/\/candas365.es\/noticias\/#website"},"breadcrumb":{"@id":"https:\/\/candas365.es\/noticias\/los-superalimentos-en-candas\/#breadcrumblist"},"author":{"@id":"https:\/\/candas365.es\/noticias\/author\/admin\/#author"},"creator":{"@id":"https:\/\/candas365.es\/noticias\/author\/admin\/#author"},"image":{"@type":"ImageObject","url":"https:\/\/candas365.es\/noticias\/wp-content\/uploads\/2017\/10\/IMG_0187.jpg","@id":"https:\/\/candas365.es\/noticias\/los-superalimentos-en-candas\/#mainImage","width":640,"height":480},"primaryImageOfPage":{"@id":"https:\/\/candas365.es\/noticias\/los-superalimentos-en-candas\/#mainImage"},"datePublished":"2017-10-25T19:12:15+02:00","dateModified":"2017-10-25T19:12:15+02:00"},{"@type":"WebSite","@id":"https:\/\/candas365.es\/noticias\/#website","url":"https:\/\/candas365.es\/noticias\/","name":"Cand\u00e1s 365","alternateName":"Cand\u00e1s 365 Noticias","description":"Actualidad desde Carre\u00f1o para el mundo","inLanguage":"es-ES","publisher":{"@id":"https:\/\/candas365.es\/noticias\/#organization"}}]},"og:locale":"es_ES","og:site_name":"Cand\u00e1s 365","og:type":"article","og:title":"Los \u00abSuperalimentos\u00bb, en Cand\u00e1s | Cand\u00e1s 365","og:description":"Hoy Miercoles 25 de Octubre las 17:00 h en el Sal\u00f3n de Actos del Centro Polivalente La Baraga\u00f1a, tuvo lugar la sesi\u00f3n informativa sobre Bienestar y Salud: &quot;Superalimentos&quot;, actividad promovida por la Asociaci\u00f3n de Mujeres Rurales &quot;Nosotr@s&quot; en colaboraci\u00f3n con El Ayuntamiento de Carre\u00f1o como parte de las actividades organizadas en torno al d\u00eda de","og:url":"https:\/\/candas365.es\/noticias\/los-superalimentos-en-candas\/","og:image":"https:\/\/candas365.es\/noticias\/wp-content\/uploads\/2017\/10\/IMG_0187.jpg","og:image:secure_url":"https:\/\/candas365.es\/noticias\/wp-content\/uploads\/2017\/10\/IMG_0187.jpg","og:image:width":640,"og:image:height":480,"article:published_time":"2017-10-25T19:12:15+00:00","article:modified_time":"2017-10-25T19:12:15+00:00","article:publisher":"https:\/\/www.facebook.com\/Nachofdezber","article:author":"https:\/\/www.facebook.com\/carrenoactualidad","twitter:card":"summary_large_image","twitter:site":"@NabercoDigital","twitter:title":"Los \u00abSuperalimentos\u00bb, en Cand\u00e1s | Cand\u00e1s 365","twitter:description":"Hoy Miercoles 25 de Octubre las 17:00 h en el Sal\u00f3n de Actos del Centro Polivalente La Baraga\u00f1a, tuvo lugar la sesi\u00f3n informativa sobre Bienestar y Salud: &quot;Superalimentos&quot;, actividad promovida por la Asociaci\u00f3n de Mujeres Rurales &quot;Nosotr@s&quot; en colaboraci\u00f3n con El Ayuntamiento de Carre\u00f1o como parte de las actividades organizadas en torno al d\u00eda de","twitter:creator":"@nbasturias","twitter:image":"https:\/\/candas365.es\/noticias\/wp-content\/uploads\/2017\/10\/IMG_0187.jpg","twitter:label1":"Escrito por","twitter:data1":"Cand\u00e1s 365","twitter:label2":"Tiempo de lectura estimado","twitter:data2":"1 minuto"},"aioseo_meta_data":{"post_id":"82874","title":null,"description":null,"keywords":null,"keyphrases":null,"primary_term":null,"canonical_url":null,"og_title":null,"og_description":null,"og_object_type":"default","og_image_type":"default","og_image_url":null,"og_image_width":null,"og_image_height":null,"og_image_custom_url":null,"og_image_custom_fields":null,"og_video":null,"og_custom_url":null,"og_article_section":null,"og_article_tags":null,"twitter_use_og":false,"twitter_card":"default","twitter_image_type":"default","twitter_image_url":null,"twitter_image_custom_url":null,"twitter_image_custom_fields":null,"twitter_title":null,"twitter_description":null,"schema":{"blockGraphs":[],"customGraphs":[],"default":{"data":{"Article":[],"Course":[],"Dataset":[],"FAQPage":[],"Movie":[],"Person":[],"Product":[],"ProductReview":[],"Car":[],"Recipe":[],"Service":[],"SoftwareApplication":[],"WebPage":[]},"graphName":"","isEnabled":true},"graphs":[],"defaultGraph":"","defaultPostTypeGraph":""},"schema_type":null,"schema_type_options":null,"pillar_content":false,"robots_default":true,"robots_noindex":false,"robots_noarchive":false,"robots_nosnippet":false,"robots_nofollow":false,"robots_noimageindex":false,"robots_noodp":false,"robots_notranslate":false,"robots_max_snippet":null,"robots_max_videopreview":null,"robots_max_imagepreview":"large","priority":null,"frequency":null,"location":null,"local_seo":null,"seo_analyzer_scan_date":"2025-08-26 03:35:18","breadcrumb_settings":null,"limit_modified_date":false,"reviewed_by":null,"open_ai":null,"ai":null,"created":"2020-12-21 12:33:57","updated":"2025-08-26 03:35:18"},"aioseo_breadcrumb":"<div class=\"aioseo-breadcrumbs\"><span class=\"aioseo-breadcrumb\">\n\t<a href=\"https:\/\/candas365.es\/noticias\" title=\"Home\">Home<\/a>\n<\/span><span class=\"aioseo-breadcrumb-separator\">&ndash;<\/span><span class=\"aioseo-breadcrumb\">\n\t<a href=\"https:\/\/candas365.es\/noticias\/category\/noticias-carreno\/\" title=\"Noticias Carre\u00f1o\">Noticias Carre\u00f1o<\/a>\n<\/span><span class=\"aioseo-breadcrumb-separator\">&ndash;<\/span><span class=\"aioseo-breadcrumb\">\n\tLos \u00abSuperalimentos\u00bb, en Cand\u00e1s\n<\/span><\/div>","aioseo_breadcrumb_json":[{"label":"Home","link":"https:\/\/candas365.es\/noticias"},{"label":"Noticias Carre\u00f1o","link":"https:\/\/candas365.es\/noticias\/category\/noticias-carreno\/"},{"label":"Los \u00abSuperalimentos\u00bb, en Cand\u00e1s","link":"https:\/\/candas365.es\/noticias\/los-superalimentos-en-candas\/"}],"_links":{"self":[{"href":"https:\/\/candas365.es\/noticias\/wp-json\/wp\/v2\/posts\/82874","targetHints":{"allow":["GET"]}}],"collection":[{"href":"https:\/\/candas365.es\/noticias\/wp-json\/wp\/v2\/posts"}],"about":[{"href":"https:\/\/candas365.es\/noticias\/wp-json\/wp\/v2\/types\/post"}],"author":[{"embeddable":true,"href":"https:\/\/candas365.es\/noticias\/wp-json\/wp\/v2\/users\/1"}],"replies":[{"embeddable":true,"href":"https:\/\/candas365.es\/noticias\/wp-json\/wp\/v2\/comments?post=82874"}],"version-history":[{"count":0,"href":"https:\/\/candas365.es\/noticias\/wp-json\/wp\/v2\/posts\/82874\/revisions"}],"wp:featuredmedia":[{"embeddable":true,"href":"https:\/\/candas365.es\/noticias\/wp-json\/wp\/v2\/media\/82875"}],"wp:attachment":[{"href":"https:\/\/candas365.es\/noticias\/wp-json\/wp\/v2\/media?parent=82874"}],"wp:term":[{"taxonomy":"category","embeddable":true,"href":"https:\/\/candas365.es\/noticias\/wp-json\/wp\/v2\/categories?post=82874"},{"taxonomy":"post_tag","embeddable":true,"href":"https:\/\/candas365.es\/noticias\/wp-json\/wp\/v2\/tags?post=82874"}],"curies":[{"name":"wp","href":"https:\/\/api.w.org\/{rel}","templated":true}]}}