{"id":82826,"date":"2017-10-25T13:11:23","date_gmt":"2017-10-25T13:11:23","guid":{"rendered":"http:\/\/candas365.es\/noticias\/?p=82826"},"modified":"2017-10-25T13:11:23","modified_gmt":"2017-10-25T13:11:23","slug":"debate-sobre-las-ordenanzas-fiscales-para-el-ano-2018-en-carreno","status":"publish","type":"post","link":"https:\/\/candas365.es\/noticias\/debate-sobre-las-ordenanzas-fiscales-para-el-ano-2018-en-carreno\/","title":{"rendered":"Debate sobre las ordenanzas fiscales para el a\u00f1o 2018, en Carre\u00f1o"},"content":{"rendered":"<p><img fetchpriority=\"high\" decoding=\"async\" class=\"alignleft size-medium wp-image-6453\" src=\"https:\/\/candas365.es\/noticias\/wp-content\/uploads\/2015\/01\/ayuntamiento-360x270.jpg\" alt=\"\" width=\"360\" height=\"270\" srcset=\"https:\/\/candas365.es\/noticias\/wp-content\/uploads\/2015\/01\/ayuntamiento-360x270.jpg 360w, https:\/\/candas365.es\/noticias\/wp-content\/uploads\/2015\/01\/ayuntamiento-640x480.jpg 640w, https:\/\/candas365.es\/noticias\/wp-content\/uploads\/2015\/01\/ayuntamiento-768x576.jpg 768w, https:\/\/candas365.es\/noticias\/wp-content\/uploads\/2015\/01\/ayuntamiento-150x113.jpg 150w, https:\/\/candas365.es\/noticias\/wp-content\/uploads\/2015\/01\/ayuntamiento-450x338.jpg 450w, https:\/\/candas365.es\/noticias\/wp-content\/uploads\/2015\/01\/ayuntamiento-80x60.jpg 80w, https:\/\/candas365.es\/noticias\/wp-content\/uploads\/2015\/01\/ayuntamiento-265x198.jpg 265w, https:\/\/candas365.es\/noticias\/wp-content\/uploads\/2015\/01\/ayuntamiento-696x522.jpg 696w, https:\/\/candas365.es\/noticias\/wp-content\/uploads\/2015\/01\/ayuntamiento-560x420.jpg 560w, https:\/\/candas365.es\/noticias\/wp-content\/uploads\/2015\/01\/ayuntamiento-90x67.jpg 90w, https:\/\/candas365.es\/noticias\/wp-content\/uploads\/2015\/01\/ayuntamiento.jpg 800w\" sizes=\"(max-width: 360px) 100vw, 360px\" \/>Carre\u00f1o afrontar\u00e1 ma\u00f1ana el debate sobre los impuestos en el pleno en el que se debatir\u00e1n las ordenanzas fiscales para el a\u00f1o 2018. El equipo de gobierno ha buscado el acuerdo en la comisi\u00f3n informativa de Hacienda celebrada esta ma\u00f1ana, asumiendo propuestas de los grupos municipales presentes en la corporaci\u00f3n.<\/p>\n<p>\u00abSe trata de una propuesta que refleja el \u00e1nimo que viene caracterizando la actitud negociadora del gobierno local en los \u00faltimos a\u00f1os. Hemos buscado el acuerdo sin perder de vista la repercusi\u00f3n de las ordenanzas en la econom\u00eda de las familias de Carre\u00f1o\u00bb explic\u00f3 Amelia Fern\u00e1ndez, Alcaldesa de Carre\u00f1o, quien gestiona adem\u00e1s el \u00e1rea de Hacienda.<\/p>\n<p>El IBI se reduce hasta tal punto que en los r\u00fasticos el tipo impositivo se baja hasta llegar al m\u00ednimo permitido legalmente. Y en el caso del IBI urbano, para evitar un incremento de la cuota del recibo durante los diez a\u00f1os que marca la legislaci\u00f3n vigente, se reduce el tipo impositivo en un diez por ciento.<\/p>\n<p>La propuesta de tipos impositivos en lo que popularmente se conoce como \u201c la contribuci\u00f3n\u201d para 2018 ser\u00eda:<\/p>\n<p>a) Bienes de naturaleza urbana : 0,478 % ( estaba en el 0,531)<\/p>\n<p>b) Bienes de naturaleza r\u00fastica: 0,30 % ( estaba en el 0,36)<\/p>\n<p>c) Bienes de caracter\u00edsticas especiales: 1,30 %<\/p>\n<p>Tambi\u00e9n se aumenta la bonificaci\u00f3n en un 10 % para inmuebles urbanos situados en n\u00facleos rurales, en los que se hallen enclavados construcciones directamente vinculadas a una actividad primaria de car\u00e1cter agr\u00edcola, ganadero o forestal.<\/p>\n<p><strong>La propuesta del gobierno socialista plantea en la plusval\u00eda una bajada del 25 %.<\/strong><\/p>\n<p>Esa reducci\u00f3n se obtiene asumiendo varias reducciones que afectan al tipo impositivo, a la base imposible y aumentando las bonificaciones. Concretamente se propone una reducci\u00f3n en el tipo impositivo del 22,5 % actual en la plusval\u00eda fij\u00e1ndose en un 20 % por debajo de los tipos de otros Ayuntamientos asturianos y se asume la reducci\u00f3n propuesta por el Partido Popular de reducir la base imposible en 2018 en un 10 por ciento como se ven\u00eda haciendo, pasando del 25 % al 35 %.<\/p>\n<p>Asimismo se incrementa en un 10 % la bonificaci\u00f3n para la trasmisi\u00f3n de vivienda habitual por herencia en viviendas de valor catastral inferior a 50.000 euros.<\/p>\n<p><strong>La vi\u00f1eta y el IAE se congelan<\/strong>.<\/p>\n<p>\u00abLa propuesta del gobierno local contiene la carga impositiva para las familias del concejo, garantiza que se puedan seguir prestando los servicios p\u00fablicos, mantiene el equilibrio presupuestario e incorpora propuestas de otros grupos municipales como el Partido Popular\u00bb, concluy\u00f3 la Alcaldesa de Carre\u00f1o.<\/p>\n","protected":false},"excerpt":{"rendered":"<p>Carre\u00f1o afrontar\u00e1 ma\u00f1ana el debate sobre los impuestos en el pleno en el que se debatir\u00e1n las ordenanzas fiscales para el a\u00f1o 2018. El equipo de gobierno ha buscado el acuerdo en la comisi\u00f3n informativa de Hacienda celebrada esta ma\u00f1ana, asumiendo propuestas de los grupos municipales presentes en la corporaci\u00f3n. \u00abSe trata de una propuesta<\/p>\n","protected":false},"author":1,"featured_media":6453,"comment_status":"closed","ping_status":"closed","sticky":false,"template":"","format":"standard","meta":{"footnotes":""},"categories":[2],"tags":[],"class_list":{"0":"post-82826","1":"post","2":"type-post","3":"status-publish","4":"format-standard","5":"has-post-thumbnail","7":"category-noticias-carreno"},"aioseo_notices":[],"aioseo_head":"\n\t\t<!-- All in One SEO Pro 4.9.6.2 - aioseo.com -->\n\t<meta name=\"description\" content=\"Carre\u00f1o afrontar\u00e1 ma\u00f1ana el debate sobre los impuestos en el pleno en el que se debatir\u00e1n las ordenanzas fiscales para el a\u00f1o 2018. El equipo de gobierno ha buscado el acuerdo en la comisi\u00f3n informativa de Hacienda celebrada esta ma\u00f1ana, asumiendo propuestas de los grupos municipales presentes en la corporaci\u00f3n. &quot;Se trata de una propuesta\" \/>\n\t<meta name=\"robots\" content=\"max-image-preview:large\" \/>\n\t<meta name=\"author\" content=\"Cand\u00e1s 365\"\/>\n\t<meta name=\"google-site-verification\" content=\"UA-32230408-1\" \/>\n\t<meta name=\"msvalidate.01\" content=\"354F3CDFB2DA171B47FBE9ABF1F88D5\" \/>\n\t<meta name=\"keywords\" content=\"noticias carre\u00f1o\" \/>\n\t<link rel=\"canonical\" href=\"https:\/\/candas365.es\/noticias\/debate-sobre-las-ordenanzas-fiscales-para-el-ano-2018-en-carreno\/\" \/>\n\t<meta name=\"generator\" content=\"All in One SEO Pro (AIOSEO) 4.9.6.2\" \/>\n\t\t<meta property=\"og:locale\" content=\"es_ES\" \/>\n\t\t<meta property=\"og:site_name\" content=\"Cand\u00e1s 365\" \/>\n\t\t<meta property=\"og:type\" content=\"article\" \/>\n\t\t<meta property=\"og:title\" content=\"Debate sobre las ordenanzas fiscales para el a\u00f1o 2018, en Carre\u00f1o | Cand\u00e1s 365\" \/>\n\t\t<meta property=\"og:description\" content=\"Carre\u00f1o afrontar\u00e1 ma\u00f1ana el debate sobre los impuestos en el pleno en el que se debatir\u00e1n las ordenanzas fiscales para el a\u00f1o 2018. El equipo de gobierno ha buscado el acuerdo en la comisi\u00f3n informativa de Hacienda celebrada esta ma\u00f1ana, asumiendo propuestas de los grupos municipales presentes en la corporaci\u00f3n. &quot;Se trata de una propuesta\" \/>\n\t\t<meta property=\"og:url\" content=\"https:\/\/candas365.es\/noticias\/debate-sobre-las-ordenanzas-fiscales-para-el-ano-2018-en-carreno\/\" \/>\n\t\t<meta property=\"og:image\" content=\"https:\/\/candas365.es\/noticias\/wp-content\/uploads\/2015\/01\/ayuntamiento.jpg\" \/>\n\t\t<meta property=\"og:image:secure_url\" content=\"https:\/\/candas365.es\/noticias\/wp-content\/uploads\/2015\/01\/ayuntamiento.jpg\" \/>\n\t\t<meta property=\"og:image:width\" content=\"800\" \/>\n\t\t<meta property=\"og:image:height\" content=\"600\" \/>\n\t\t<meta property=\"article:published_time\" content=\"2017-10-25T13:11:23+00:00\" \/>\n\t\t<meta property=\"article:modified_time\" content=\"2017-10-25T13:11:23+00:00\" \/>\n\t\t<meta property=\"article:publisher\" content=\"https:\/\/www.facebook.com\/Nachofdezber\" \/>\n\t\t<meta property=\"article:author\" content=\"https:\/\/www.facebook.com\/carrenoactualidad\" \/>\n\t\t<meta name=\"twitter:card\" content=\"summary_large_image\" \/>\n\t\t<meta name=\"twitter:site\" content=\"@NabercoDigital\" \/>\n\t\t<meta name=\"twitter:title\" content=\"Debate sobre las ordenanzas fiscales para el a\u00f1o 2018, en Carre\u00f1o | Cand\u00e1s 365\" \/>\n\t\t<meta name=\"twitter:description\" content=\"Carre\u00f1o afrontar\u00e1 ma\u00f1ana el debate sobre los impuestos en el pleno en el que se debatir\u00e1n las ordenanzas fiscales para el a\u00f1o 2018. El equipo de gobierno ha buscado el acuerdo en la comisi\u00f3n informativa de Hacienda celebrada esta ma\u00f1ana, asumiendo propuestas de los grupos municipales presentes en la corporaci\u00f3n. &quot;Se trata de una propuesta\" \/>\n\t\t<meta name=\"twitter:creator\" content=\"@nbasturias\" \/>\n\t\t<meta name=\"twitter:image\" content=\"https:\/\/candas365.es\/noticias\/wp-content\/uploads\/2015\/01\/ayuntamiento.jpg\" \/>\n\t\t<meta name=\"twitter:label1\" content=\"Escrito por\" \/>\n\t\t<meta name=\"twitter:data1\" content=\"Cand\u00e1s 365\" \/>\n\t\t<meta name=\"twitter:label2\" content=\"Tiempo de lectura estimado\" \/>\n\t\t<meta name=\"twitter:data2\" content=\"2 minutos\" \/>\n\t\t<script type=\"application\/ld+json\" class=\"aioseo-schema\">\n\t\t\t{\"@context\":\"https:\\\/\\\/schema.org\",\"@graph\":[{\"@type\":\"BreadcrumbList\",\"@id\":\"https:\\\/\\\/candas365.es\\\/noticias\\\/debate-sobre-las-ordenanzas-fiscales-para-el-ano-2018-en-carreno\\\/#breadcrumblist\",\"itemListElement\":[{\"@type\":\"ListItem\",\"@id\":\"https:\\\/\\\/candas365.es\\\/noticias#listItem\",\"position\":1,\"name\":\"Home\",\"item\":\"https:\\\/\\\/candas365.es\\\/noticias\",\"nextItem\":{\"@type\":\"ListItem\",\"@id\":\"https:\\\/\\\/candas365.es\\\/noticias\\\/category\\\/noticias-carreno\\\/#listItem\",\"name\":\"Noticias Carre\\u00f1o\"}},{\"@type\":\"ListItem\",\"@id\":\"https:\\\/\\\/candas365.es\\\/noticias\\\/category\\\/noticias-carreno\\\/#listItem\",\"position\":2,\"name\":\"Noticias Carre\\u00f1o\",\"item\":\"https:\\\/\\\/candas365.es\\\/noticias\\\/category\\\/noticias-carreno\\\/\",\"nextItem\":{\"@type\":\"ListItem\",\"@id\":\"https:\\\/\\\/candas365.es\\\/noticias\\\/debate-sobre-las-ordenanzas-fiscales-para-el-ano-2018-en-carreno\\\/#listItem\",\"name\":\"Debate sobre las ordenanzas fiscales para el a\\u00f1o 2018, en Carre\\u00f1o\"},\"previousItem\":{\"@type\":\"ListItem\",\"@id\":\"https:\\\/\\\/candas365.es\\\/noticias#listItem\",\"name\":\"Home\"}},{\"@type\":\"ListItem\",\"@id\":\"https:\\\/\\\/candas365.es\\\/noticias\\\/debate-sobre-las-ordenanzas-fiscales-para-el-ano-2018-en-carreno\\\/#listItem\",\"position\":3,\"name\":\"Debate sobre las ordenanzas fiscales para el a\\u00f1o 2018, en Carre\\u00f1o\",\"previousItem\":{\"@type\":\"ListItem\",\"@id\":\"https:\\\/\\\/candas365.es\\\/noticias\\\/category\\\/noticias-carreno\\\/#listItem\",\"name\":\"Noticias Carre\\u00f1o\"}}]},{\"@type\":\"NewsArticle\",\"@id\":\"https:\\\/\\\/candas365.es\\\/noticias\\\/debate-sobre-las-ordenanzas-fiscales-para-el-ano-2018-en-carreno\\\/#newsarticle\",\"name\":\"Debate sobre las ordenanzas fiscales para el a\\u00f1o 2018, en Carre\\u00f1o | Cand\\u00e1s 365\",\"headline\":\"Debate sobre las ordenanzas fiscales para el a\\u00f1o 2018, en Carre\\u00f1o\",\"author\":{\"@id\":\"https:\\\/\\\/candas365.es\\\/noticias\\\/author\\\/admin\\\/#author\"},\"publisher\":{\"@id\":\"https:\\\/\\\/candas365.es\\\/noticias\\\/#organization\"},\"image\":{\"@type\":\"ImageObject\",\"url\":\"https:\\\/\\\/candas365.es\\\/noticias\\\/wp-content\\\/uploads\\\/2015\\\/01\\\/ayuntamiento.jpg\",\"width\":800,\"height\":600,\"caption\":\"Carre\\u00f1o\"},\"datePublished\":\"2017-10-25T13:11:23+02:00\",\"dateModified\":\"2017-10-25T13:11:23+02:00\",\"inLanguage\":\"es-ES\",\"mainEntityOfPage\":{\"@id\":\"https:\\\/\\\/candas365.es\\\/noticias\\\/debate-sobre-las-ordenanzas-fiscales-para-el-ano-2018-en-carreno\\\/#webpage\"},\"isPartOf\":{\"@id\":\"https:\\\/\\\/candas365.es\\\/noticias\\\/debate-sobre-las-ordenanzas-fiscales-para-el-ano-2018-en-carreno\\\/#webpage\"},\"articleSection\":\"Noticias Carre\\u00f1o\",\"dateline\":\"Publicado el octubre 25, 2017.\"},{\"@type\":\"Organization\",\"@id\":\"https:\\\/\\\/candas365.es\\\/noticias\\\/#organization\",\"name\":\"Cand\\u00e1s 365\",\"description\":\"Cand\\u00e1s 365 es un diario digital independiente, fundado en 2012, con base en Asturias. Informamos con rigor sobre actualidad, sociedad, cultura y ocio, con una mirada local y global.\",\"url\":\"https:\\\/\\\/candas365.es\\\/noticias\\\/\",\"email\":\"info@candas365.es\",\"telephone\":\"+34652131393\",\"foundingDate\":\"2012-06-10\",\"logo\":{\"@type\":\"ImageObject\",\"url\":\"https:\\\/\\\/candas365.es\\\/noticias\\\/wp-content\\\/uploads\\\/2024\\\/09\\\/Candas-365-Redes.jpg\",\"@id\":\"https:\\\/\\\/candas365.es\\\/noticias\\\/debate-sobre-las-ordenanzas-fiscales-para-el-ano-2018-en-carreno\\\/#organizationLogo\",\"width\":1152,\"height\":864,\"caption\":\"Cand\\u00e1s 365 Redes\"},\"image\":{\"@id\":\"https:\\\/\\\/candas365.es\\\/noticias\\\/debate-sobre-las-ordenanzas-fiscales-para-el-ano-2018-en-carreno\\\/#organizationLogo\"},\"sameAs\":[\"https:\\\/\\\/www.facebook.com\\\/Nachofdezber\",\"https:\\\/\\\/x.com\\\/NabercoDigital\",\"https:\\\/\\\/www.instagram.com\\\/nachofdezber\\\/\",\"https:\\\/\\\/www.youtube.com\\\/channel\\\/UCZP-2wLEB9Rv6erhFmqVnvg\"],\"address\":{\"@id\":\"https:\\\/\\\/candas365.es\\\/noticias\\\/#postaladdress\",\"@type\":\"PostalAddress\",\"streetAddress\":\"san antonio 4, san antonio 4\",\"postalCode\":\"33430\",\"addressLocality\":\"Cand\\u00e1s\",\"addressRegion\":\"Asturias\",\"addressCountry\":\"ES\"}},{\"@type\":\"Person\",\"@id\":\"https:\\\/\\\/candas365.es\\\/noticias\\\/author\\\/admin\\\/#author\",\"url\":\"https:\\\/\\\/candas365.es\\\/noticias\\\/author\\\/admin\\\/\",\"name\":\"Cand\\u00e1s 365\",\"image\":{\"@type\":\"ImageObject\",\"@id\":\"https:\\\/\\\/candas365.es\\\/noticias\\\/debate-sobre-las-ordenanzas-fiscales-para-el-ano-2018-en-carreno\\\/#authorImage\",\"url\":\"https:\\\/\\\/secure.gravatar.com\\\/avatar\\\/496a8e03d0c493ede1718b7934145dbdf8d89be1036b0eec9544e1094c9de390?s=96&d=mm&r=g\",\"width\":96,\"height\":96,\"caption\":\"Cand\\u00e1s 365\"},\"sameAs\":[\"https:\\\/\\\/www.facebook.com\\\/carrenoactualidad\",\"https:\\\/\\\/twitter.com\\\/nbasturias\",\"https:\\\/\\\/www.instagram.com\\\/nachofdezber\\\/\",\"https:\\\/\\\/www.youtube.com\\\/channel\\\/UCZP-2wLEB9Rv6erhFmqVnvg\"]},{\"@type\":\"WebPage\",\"@id\":\"https:\\\/\\\/candas365.es\\\/noticias\\\/debate-sobre-las-ordenanzas-fiscales-para-el-ano-2018-en-carreno\\\/#webpage\",\"url\":\"https:\\\/\\\/candas365.es\\\/noticias\\\/debate-sobre-las-ordenanzas-fiscales-para-el-ano-2018-en-carreno\\\/\",\"name\":\"Debate sobre las ordenanzas fiscales para el a\\u00f1o 2018, en Carre\\u00f1o | Cand\\u00e1s 365\",\"description\":\"Carre\\u00f1o afrontar\\u00e1 ma\\u00f1ana el debate sobre los impuestos en el pleno en el que se debatir\\u00e1n las ordenanzas fiscales para el a\\u00f1o 2018. El equipo de gobierno ha buscado el acuerdo en la comisi\\u00f3n informativa de Hacienda celebrada esta ma\\u00f1ana, asumiendo propuestas de los grupos municipales presentes en la corporaci\\u00f3n. \\\"Se trata de una propuesta\",\"inLanguage\":\"es-ES\",\"isPartOf\":{\"@id\":\"https:\\\/\\\/candas365.es\\\/noticias\\\/#website\"},\"breadcrumb\":{\"@id\":\"https:\\\/\\\/candas365.es\\\/noticias\\\/debate-sobre-las-ordenanzas-fiscales-para-el-ano-2018-en-carreno\\\/#breadcrumblist\"},\"author\":{\"@id\":\"https:\\\/\\\/candas365.es\\\/noticias\\\/author\\\/admin\\\/#author\"},\"creator\":{\"@id\":\"https:\\\/\\\/candas365.es\\\/noticias\\\/author\\\/admin\\\/#author\"},\"image\":{\"@type\":\"ImageObject\",\"url\":\"https:\\\/\\\/candas365.es\\\/noticias\\\/wp-content\\\/uploads\\\/2015\\\/01\\\/ayuntamiento.jpg\",\"@id\":\"https:\\\/\\\/candas365.es\\\/noticias\\\/debate-sobre-las-ordenanzas-fiscales-para-el-ano-2018-en-carreno\\\/#mainImage\",\"width\":800,\"height\":600,\"caption\":\"Carre\\u00f1o\"},\"primaryImageOfPage\":{\"@id\":\"https:\\\/\\\/candas365.es\\\/noticias\\\/debate-sobre-las-ordenanzas-fiscales-para-el-ano-2018-en-carreno\\\/#mainImage\"},\"datePublished\":\"2017-10-25T13:11:23+02:00\",\"dateModified\":\"2017-10-25T13:11:23+02:00\"},{\"@type\":\"WebSite\",\"@id\":\"https:\\\/\\\/candas365.es\\\/noticias\\\/#website\",\"url\":\"https:\\\/\\\/candas365.es\\\/noticias\\\/\",\"name\":\"Cand\\u00e1s 365\",\"alternateName\":\"Cand\\u00e1s 365 Noticias\",\"description\":\"Actualidad desde Carre\\u00f1o para el mundo\",\"inLanguage\":\"es-ES\",\"publisher\":{\"@id\":\"https:\\\/\\\/candas365.es\\\/noticias\\\/#organization\"}}]}\n\t\t<\/script>\n\t\t<!-- All in One SEO Pro -->\r\n\t\t<title>Debate sobre las ordenanzas fiscales para el a\u00f1o 2018, en Carre\u00f1o | Cand\u00e1s 365<\/title>\n\n","aioseo_head_json":{"title":"Debate sobre las ordenanzas fiscales para el a\u00f1o 2018, en Carre\u00f1o | Cand\u00e1s 365","description":"Carre\u00f1o afrontar\u00e1 ma\u00f1ana el debate sobre los impuestos en el pleno en el que se debatir\u00e1n las ordenanzas fiscales para el a\u00f1o 2018. El equipo de gobierno ha buscado el acuerdo en la comisi\u00f3n informativa de Hacienda celebrada esta ma\u00f1ana, asumiendo propuestas de los grupos municipales presentes en la corporaci\u00f3n. \"Se trata de una propuesta","canonical_url":"https:\/\/candas365.es\/noticias\/debate-sobre-las-ordenanzas-fiscales-para-el-ano-2018-en-carreno\/","robots":"max-image-preview:large","keywords":"noticias carre\u00f1o","webmasterTools":{"google-site-verification":"UA-32230408-1","msvalidate.01":"354F3CDFB2DA171B47FBE9ABF1F88D5","miscellaneous":""},"schema":{"@context":"https:\/\/schema.org","@graph":[{"@type":"BreadcrumbList","@id":"https:\/\/candas365.es\/noticias\/debate-sobre-las-ordenanzas-fiscales-para-el-ano-2018-en-carreno\/#breadcrumblist","itemListElement":[{"@type":"ListItem","@id":"https:\/\/candas365.es\/noticias#listItem","position":1,"name":"Home","item":"https:\/\/candas365.es\/noticias","nextItem":{"@type":"ListItem","@id":"https:\/\/candas365.es\/noticias\/category\/noticias-carreno\/#listItem","name":"Noticias Carre\u00f1o"}},{"@type":"ListItem","@id":"https:\/\/candas365.es\/noticias\/category\/noticias-carreno\/#listItem","position":2,"name":"Noticias Carre\u00f1o","item":"https:\/\/candas365.es\/noticias\/category\/noticias-carreno\/","nextItem":{"@type":"ListItem","@id":"https:\/\/candas365.es\/noticias\/debate-sobre-las-ordenanzas-fiscales-para-el-ano-2018-en-carreno\/#listItem","name":"Debate sobre las ordenanzas fiscales para el a\u00f1o 2018, en Carre\u00f1o"},"previousItem":{"@type":"ListItem","@id":"https:\/\/candas365.es\/noticias#listItem","name":"Home"}},{"@type":"ListItem","@id":"https:\/\/candas365.es\/noticias\/debate-sobre-las-ordenanzas-fiscales-para-el-ano-2018-en-carreno\/#listItem","position":3,"name":"Debate sobre las ordenanzas fiscales para el a\u00f1o 2018, en Carre\u00f1o","previousItem":{"@type":"ListItem","@id":"https:\/\/candas365.es\/noticias\/category\/noticias-carreno\/#listItem","name":"Noticias Carre\u00f1o"}}]},{"@type":"NewsArticle","@id":"https:\/\/candas365.es\/noticias\/debate-sobre-las-ordenanzas-fiscales-para-el-ano-2018-en-carreno\/#newsarticle","name":"Debate sobre las ordenanzas fiscales para el a\u00f1o 2018, en Carre\u00f1o | Cand\u00e1s 365","headline":"Debate sobre las ordenanzas fiscales para el a\u00f1o 2018, en Carre\u00f1o","author":{"@id":"https:\/\/candas365.es\/noticias\/author\/admin\/#author"},"publisher":{"@id":"https:\/\/candas365.es\/noticias\/#organization"},"image":{"@type":"ImageObject","url":"https:\/\/candas365.es\/noticias\/wp-content\/uploads\/2015\/01\/ayuntamiento.jpg","width":800,"height":600,"caption":"Carre\u00f1o"},"datePublished":"2017-10-25T13:11:23+02:00","dateModified":"2017-10-25T13:11:23+02:00","inLanguage":"es-ES","mainEntityOfPage":{"@id":"https:\/\/candas365.es\/noticias\/debate-sobre-las-ordenanzas-fiscales-para-el-ano-2018-en-carreno\/#webpage"},"isPartOf":{"@id":"https:\/\/candas365.es\/noticias\/debate-sobre-las-ordenanzas-fiscales-para-el-ano-2018-en-carreno\/#webpage"},"articleSection":"Noticias Carre\u00f1o","dateline":"Publicado el octubre 25, 2017."},{"@type":"Organization","@id":"https:\/\/candas365.es\/noticias\/#organization","name":"Cand\u00e1s 365","description":"Cand\u00e1s 365 es un diario digital independiente, fundado en 2012, con base en Asturias. Informamos con rigor sobre actualidad, sociedad, cultura y ocio, con una mirada local y global.","url":"https:\/\/candas365.es\/noticias\/","email":"info@candas365.es","telephone":"+34652131393","foundingDate":"2012-06-10","logo":{"@type":"ImageObject","url":"https:\/\/candas365.es\/noticias\/wp-content\/uploads\/2024\/09\/Candas-365-Redes.jpg","@id":"https:\/\/candas365.es\/noticias\/debate-sobre-las-ordenanzas-fiscales-para-el-ano-2018-en-carreno\/#organizationLogo","width":1152,"height":864,"caption":"Cand\u00e1s 365 Redes"},"image":{"@id":"https:\/\/candas365.es\/noticias\/debate-sobre-las-ordenanzas-fiscales-para-el-ano-2018-en-carreno\/#organizationLogo"},"sameAs":["https:\/\/www.facebook.com\/Nachofdezber","https:\/\/x.com\/NabercoDigital","https:\/\/www.instagram.com\/nachofdezber\/","https:\/\/www.youtube.com\/channel\/UCZP-2wLEB9Rv6erhFmqVnvg"],"address":{"@id":"https:\/\/candas365.es\/noticias\/#postaladdress","@type":"PostalAddress","streetAddress":"san antonio 4, san antonio 4","postalCode":"33430","addressLocality":"Cand\u00e1s","addressRegion":"Asturias","addressCountry":"ES"}},{"@type":"Person","@id":"https:\/\/candas365.es\/noticias\/author\/admin\/#author","url":"https:\/\/candas365.es\/noticias\/author\/admin\/","name":"Cand\u00e1s 365","image":{"@type":"ImageObject","@id":"https:\/\/candas365.es\/noticias\/debate-sobre-las-ordenanzas-fiscales-para-el-ano-2018-en-carreno\/#authorImage","url":"https:\/\/secure.gravatar.com\/avatar\/496a8e03d0c493ede1718b7934145dbdf8d89be1036b0eec9544e1094c9de390?s=96&d=mm&r=g","width":96,"height":96,"caption":"Cand\u00e1s 365"},"sameAs":["https:\/\/www.facebook.com\/carrenoactualidad","https:\/\/twitter.com\/nbasturias","https:\/\/www.instagram.com\/nachofdezber\/","https:\/\/www.youtube.com\/channel\/UCZP-2wLEB9Rv6erhFmqVnvg"]},{"@type":"WebPage","@id":"https:\/\/candas365.es\/noticias\/debate-sobre-las-ordenanzas-fiscales-para-el-ano-2018-en-carreno\/#webpage","url":"https:\/\/candas365.es\/noticias\/debate-sobre-las-ordenanzas-fiscales-para-el-ano-2018-en-carreno\/","name":"Debate sobre las ordenanzas fiscales para el a\u00f1o 2018, en Carre\u00f1o | Cand\u00e1s 365","description":"Carre\u00f1o afrontar\u00e1 ma\u00f1ana el debate sobre los impuestos en el pleno en el que se debatir\u00e1n las ordenanzas fiscales para el a\u00f1o 2018. El equipo de gobierno ha buscado el acuerdo en la comisi\u00f3n informativa de Hacienda celebrada esta ma\u00f1ana, asumiendo propuestas de los grupos municipales presentes en la corporaci\u00f3n. \"Se trata de una propuesta","inLanguage":"es-ES","isPartOf":{"@id":"https:\/\/candas365.es\/noticias\/#website"},"breadcrumb":{"@id":"https:\/\/candas365.es\/noticias\/debate-sobre-las-ordenanzas-fiscales-para-el-ano-2018-en-carreno\/#breadcrumblist"},"author":{"@id":"https:\/\/candas365.es\/noticias\/author\/admin\/#author"},"creator":{"@id":"https:\/\/candas365.es\/noticias\/author\/admin\/#author"},"image":{"@type":"ImageObject","url":"https:\/\/candas365.es\/noticias\/wp-content\/uploads\/2015\/01\/ayuntamiento.jpg","@id":"https:\/\/candas365.es\/noticias\/debate-sobre-las-ordenanzas-fiscales-para-el-ano-2018-en-carreno\/#mainImage","width":800,"height":600,"caption":"Carre\u00f1o"},"primaryImageOfPage":{"@id":"https:\/\/candas365.es\/noticias\/debate-sobre-las-ordenanzas-fiscales-para-el-ano-2018-en-carreno\/#mainImage"},"datePublished":"2017-10-25T13:11:23+02:00","dateModified":"2017-10-25T13:11:23+02:00"},{"@type":"WebSite","@id":"https:\/\/candas365.es\/noticias\/#website","url":"https:\/\/candas365.es\/noticias\/","name":"Cand\u00e1s 365","alternateName":"Cand\u00e1s 365 Noticias","description":"Actualidad desde Carre\u00f1o para el mundo","inLanguage":"es-ES","publisher":{"@id":"https:\/\/candas365.es\/noticias\/#organization"}}]},"og:locale":"es_ES","og:site_name":"Cand\u00e1s 365","og:type":"article","og:title":"Debate sobre las ordenanzas fiscales para el a\u00f1o 2018, en Carre\u00f1o | Cand\u00e1s 365","og:description":"Carre\u00f1o afrontar\u00e1 ma\u00f1ana el debate sobre los impuestos en el pleno en el que se debatir\u00e1n las ordenanzas fiscales para el a\u00f1o 2018. El equipo de gobierno ha buscado el acuerdo en la comisi\u00f3n informativa de Hacienda celebrada esta ma\u00f1ana, asumiendo propuestas de los grupos municipales presentes en la corporaci\u00f3n. &quot;Se trata de una propuesta","og:url":"https:\/\/candas365.es\/noticias\/debate-sobre-las-ordenanzas-fiscales-para-el-ano-2018-en-carreno\/","og:image":"https:\/\/candas365.es\/noticias\/wp-content\/uploads\/2015\/01\/ayuntamiento.jpg","og:image:secure_url":"https:\/\/candas365.es\/noticias\/wp-content\/uploads\/2015\/01\/ayuntamiento.jpg","og:image:width":800,"og:image:height":600,"article:published_time":"2017-10-25T13:11:23+00:00","article:modified_time":"2017-10-25T13:11:23+00:00","article:publisher":"https:\/\/www.facebook.com\/Nachofdezber","article:author":"https:\/\/www.facebook.com\/carrenoactualidad","twitter:card":"summary_large_image","twitter:site":"@NabercoDigital","twitter:title":"Debate sobre las ordenanzas fiscales para el a\u00f1o 2018, en Carre\u00f1o | Cand\u00e1s 365","twitter:description":"Carre\u00f1o afrontar\u00e1 ma\u00f1ana el debate sobre los impuestos en el pleno en el que se debatir\u00e1n las ordenanzas fiscales para el a\u00f1o 2018. El equipo de gobierno ha buscado el acuerdo en la comisi\u00f3n informativa de Hacienda celebrada esta ma\u00f1ana, asumiendo propuestas de los grupos municipales presentes en la corporaci\u00f3n. &quot;Se trata de una propuesta","twitter:creator":"@nbasturias","twitter:image":"https:\/\/candas365.es\/noticias\/wp-content\/uploads\/2015\/01\/ayuntamiento.jpg","twitter:label1":"Escrito por","twitter:data1":"Cand\u00e1s 365","twitter:label2":"Tiempo de lectura estimado","twitter:data2":"2 minutos"},"aioseo_meta_data":{"post_id":"82826","title":null,"description":null,"keywords":null,"keyphrases":null,"primary_term":null,"canonical_url":null,"og_title":null,"og_description":null,"og_object_type":"default","og_image_type":"default","og_image_url":null,"og_image_width":null,"og_image_height":null,"og_image_custom_url":null,"og_image_custom_fields":null,"og_video":null,"og_custom_url":null,"og_article_section":null,"og_article_tags":null,"twitter_use_og":false,"twitter_card":"default","twitter_image_type":"default","twitter_image_url":null,"twitter_image_custom_url":null,"twitter_image_custom_fields":null,"twitter_title":null,"twitter_description":null,"schema":{"blockGraphs":[],"customGraphs":[],"default":{"data":{"Article":[],"Course":[],"Dataset":[],"FAQPage":[],"Movie":[],"Person":[],"Product":[],"ProductReview":[],"Car":[],"Recipe":[],"Service":[],"SoftwareApplication":[],"WebPage":[]},"graphName":"","isEnabled":true},"graphs":[],"defaultGraph":"","defaultPostTypeGraph":""},"schema_type":null,"schema_type_options":null,"pillar_content":false,"robots_default":true,"robots_noindex":false,"robots_noarchive":false,"robots_nosnippet":false,"robots_nofollow":false,"robots_noimageindex":false,"robots_noodp":false,"robots_notranslate":false,"robots_max_snippet":null,"robots_max_videopreview":null,"robots_max_imagepreview":"large","priority":null,"frequency":null,"location":null,"local_seo":null,"seo_analyzer_scan_date":"2025-08-26 03:31:14","breadcrumb_settings":null,"limit_modified_date":false,"reviewed_by":null,"open_ai":null,"ai":null,"created":"2020-12-21 12:33:57","updated":"2025-08-26 03:31:14"},"aioseo_breadcrumb":"<div class=\"aioseo-breadcrumbs\"><span class=\"aioseo-breadcrumb\">\n\t<a href=\"https:\/\/candas365.es\/noticias\" title=\"Home\">Home<\/a>\n<\/span><span class=\"aioseo-breadcrumb-separator\">&ndash;<\/span><span class=\"aioseo-breadcrumb\">\n\t<a href=\"https:\/\/candas365.es\/noticias\/category\/noticias-carreno\/\" title=\"Noticias Carre\u00f1o\">Noticias Carre\u00f1o<\/a>\n<\/span><span class=\"aioseo-breadcrumb-separator\">&ndash;<\/span><span class=\"aioseo-breadcrumb\">\n\tDebate sobre las ordenanzas fiscales para el a\u00f1o 2018, en Carre\u00f1o\n<\/span><\/div>","aioseo_breadcrumb_json":[{"label":"Home","link":"https:\/\/candas365.es\/noticias"},{"label":"Noticias Carre\u00f1o","link":"https:\/\/candas365.es\/noticias\/category\/noticias-carreno\/"},{"label":"Debate sobre las ordenanzas fiscales para el a\u00f1o 2018, en Carre\u00f1o","link":"https:\/\/candas365.es\/noticias\/debate-sobre-las-ordenanzas-fiscales-para-el-ano-2018-en-carreno\/"}],"_links":{"self":[{"href":"https:\/\/candas365.es\/noticias\/wp-json\/wp\/v2\/posts\/82826","targetHints":{"allow":["GET"]}}],"collection":[{"href":"https:\/\/candas365.es\/noticias\/wp-json\/wp\/v2\/posts"}],"about":[{"href":"https:\/\/candas365.es\/noticias\/wp-json\/wp\/v2\/types\/post"}],"author":[{"embeddable":true,"href":"https:\/\/candas365.es\/noticias\/wp-json\/wp\/v2\/users\/1"}],"replies":[{"embeddable":true,"href":"https:\/\/candas365.es\/noticias\/wp-json\/wp\/v2\/comments?post=82826"}],"version-history":[{"count":0,"href":"https:\/\/candas365.es\/noticias\/wp-json\/wp\/v2\/posts\/82826\/revisions"}],"wp:featuredmedia":[{"embeddable":true,"href":"https:\/\/candas365.es\/noticias\/wp-json\/wp\/v2\/media\/6453"}],"wp:attachment":[{"href":"https:\/\/candas365.es\/noticias\/wp-json\/wp\/v2\/media?parent=82826"}],"wp:term":[{"taxonomy":"category","embeddable":true,"href":"https:\/\/candas365.es\/noticias\/wp-json\/wp\/v2\/categories?post=82826"},{"taxonomy":"post_tag","embeddable":true,"href":"https:\/\/candas365.es\/noticias\/wp-json\/wp\/v2\/tags?post=82826"}],"curies":[{"name":"wp","href":"https:\/\/api.w.org\/{rel}","templated":true}]}}