{"id":82785,"date":"2017-10-24T12:51:52","date_gmt":"2017-10-24T12:51:52","guid":{"rendered":"http:\/\/candas365.es\/noticias\/?p=82785"},"modified":"2017-10-24T12:51:52","modified_gmt":"2017-10-24T12:51:52","slug":"preestreno-de-la-zona-en-madrid-y-asturias","status":"publish","type":"post","link":"https:\/\/candas365.es\/noticias\/preestreno-de-la-zona-en-madrid-y-asturias\/","title":{"rendered":"Preestreno de \u00abLa Zona\u00bb en Madrid y Asturias"},"content":{"rendered":"<p><img fetchpriority=\"high\" decoding=\"async\" class=\"alignleft size-medium wp-image-82786\" src=\"https:\/\/candas365.es\/noticias\/wp-content\/uploads\/2017\/10\/cinema-strip-2713352_960_720-360x241.jpg\" alt=\"\" width=\"360\" height=\"241\" srcset=\"https:\/\/candas365.es\/noticias\/wp-content\/uploads\/2017\/10\/cinema-strip-2713352_960_720-360x241.jpg 360w, https:\/\/candas365.es\/noticias\/wp-content\/uploads\/2017\/10\/cinema-strip-2713352_960_720-768x514.jpg 768w, https:\/\/candas365.es\/noticias\/wp-content\/uploads\/2017\/10\/cinema-strip-2713352_960_720-655x438.jpg 655w, https:\/\/candas365.es\/noticias\/wp-content\/uploads\/2017\/10\/cinema-strip-2713352_960_720-696x465.jpg 696w, https:\/\/candas365.es\/noticias\/wp-content\/uploads\/2017\/10\/cinema-strip-2713352_960_720-628x420.jpg 628w, https:\/\/candas365.es\/noticias\/wp-content\/uploads\/2017\/10\/cinema-strip-2713352_960_720-84x55.jpg 84w, https:\/\/candas365.es\/noticias\/wp-content\/uploads\/2017\/10\/cinema-strip-2713352_960_720.jpg 960w\" sizes=\"(max-width: 360px) 100vw, 360px\" \/>Asturias y Madrid acogen esta semana el preestreno de La Zona, una serie original de Movistar+ rodada en casi 160 localizaciones en Asturias y que ha contado con la colaboraci\u00f3n de Laboral Cinemateca, a trav\u00e9s de la Film Commission. El Viceconsejero de Cultura del Principado, Vicente Dom\u00ednguez, acompa\u00f1ar\u00e1 a los directores Jorge y Alberto S\u00e1nchez-Cabezudo en ambos eventos.<\/p>\n<p>Creada por los hermanos S\u00e1nchez-Cabezudo (Crematorio), La Zona es un thriller policiaco protagonizado por Eduard Fern\u00e1ndez, \u00c1lvaro Cervantes, Alba Galocha, Alexandra Jim\u00e9nez, Manuel Solo, Emma Su\u00e1rez, Juan Echanove, Sergio Peris-Mencheta y Carlos Bardem, entre otros.<\/p>\n<p>Tres a\u00f1os despu\u00e9s del accidente del reactor nuclear que devast\u00f3 una regi\u00f3n del norte de Espa\u00f1a, el Inspector H\u00e9ctor Ur\u00eda se incorpora a su puesto, tras ser el \u00fanico superviviente del primer equipo de rescatadores que accedi\u00f3 a la central. La aparici\u00f3n de un hombre brutalmente asesinado en la zona de exclusi\u00f3n le arrastrar\u00e1 a una investigaci\u00f3n que pondr\u00e1 en cuesti\u00f3n el nuevo orden establecido tras la cat\u00e1strofe.<\/p>\n<p>El Cine Capitol acoger\u00e1 ma\u00f1ana mi\u00e9rcoles el preestreno de la serie en Madrid y el jueves ser\u00e1 el Teatro de la Laboral el que proyecte los dos primeros episodios de La Zona, cuya presentaci\u00f3n mundial tuvo lugar en el pasado Festival Internacional de Cine Fant\u00e1stico de Sitges con gran \u00e9xito de cr\u00edtica y p\u00fablico.<\/p>\n<p>La grabaci\u00f3n de La Zona en Asturias se extendi\u00f3 a lo largo de siete semanas en las que se rod\u00f3 simult\u00e1neamente con dos equipos completos de rodaje. Del impacto econ\u00f3mico que gener\u00f3 esta producci\u00f3n en el Principado da una idea la cifra de casi 6.000 pernoctaciones directas o los m\u00e1s de 2.000 figurantes que fueron contratados. Adem\u00e1s, el paisaje asturiano es un elemento narrativo fundamental de la serie que disfrutar\u00e1n en exclusiva los clientes de Movistar+.<\/p>\n","protected":false},"excerpt":{"rendered":"<p>Asturias y Madrid acogen esta semana el preestreno de La Zona, una serie original de Movistar+ rodada en casi 160 localizaciones en Asturias y que ha contado con la colaboraci\u00f3n de Laboral Cinemateca, a trav\u00e9s de la Film Commission. El Viceconsejero de Cultura del Principado, Vicente Dom\u00ednguez, acompa\u00f1ar\u00e1 a los directores Jorge y Alberto S\u00e1nchez-Cabezudo<\/p>\n","protected":false},"author":1,"featured_media":82786,"comment_status":"closed","ping_status":"closed","sticky":false,"template":"","format":"standard","meta":{"footnotes":""},"categories":[1],"tags":[],"class_list":{"0":"post-82785","1":"post","2":"type-post","3":"status-publish","4":"format-standard","5":"has-post-thumbnail","7":"category-agenda"},"aioseo_notices":[],"aioseo_head":"\n\t\t<!-- All in One SEO Pro 4.9.6.2 - aioseo.com -->\n\t<meta name=\"description\" content=\"Asturias y Madrid acogen esta semana el preestreno de La Zona, una serie original de Movistar+ rodada en casi 160 localizaciones en Asturias y que ha contado con la colaboraci\u00f3n de Laboral Cinemateca, a trav\u00e9s de la Film Commission. El Viceconsejero de Cultura del Principado, Vicente Dom\u00ednguez, acompa\u00f1ar\u00e1 a los directores Jorge y Alberto S\u00e1nchez-Cabezudo\" \/>\n\t<meta name=\"robots\" content=\"max-image-preview:large\" \/>\n\t<meta name=\"author\" content=\"Cand\u00e1s 365\"\/>\n\t<meta name=\"google-site-verification\" content=\"UA-32230408-1\" \/>\n\t<meta name=\"msvalidate.01\" content=\"354F3CDFB2DA171B47FBE9ABF1F88D5\" \/>\n\t<meta name=\"keywords\" content=\"agenda\" \/>\n\t<link rel=\"canonical\" href=\"https:\/\/candas365.es\/noticias\/preestreno-de-la-zona-en-madrid-y-asturias\/\" \/>\n\t<meta name=\"generator\" content=\"All in One SEO Pro (AIOSEO) 4.9.6.2\" \/>\n\t\t<meta property=\"og:locale\" content=\"es_ES\" \/>\n\t\t<meta property=\"og:site_name\" content=\"Cand\u00e1s 365\" \/>\n\t\t<meta property=\"og:type\" content=\"article\" \/>\n\t\t<meta property=\"og:title\" content=\"Preestreno de \u00abLa Zona\u00bb en Madrid y Asturias | Cand\u00e1s 365\" \/>\n\t\t<meta property=\"og:description\" content=\"Asturias y Madrid acogen esta semana el preestreno de La Zona, una serie original de Movistar+ rodada en casi 160 localizaciones en Asturias y que ha contado con la colaboraci\u00f3n de Laboral Cinemateca, a trav\u00e9s de la Film Commission. El Viceconsejero de Cultura del Principado, Vicente Dom\u00ednguez, acompa\u00f1ar\u00e1 a los directores Jorge y Alberto S\u00e1nchez-Cabezudo\" \/>\n\t\t<meta property=\"og:url\" content=\"https:\/\/candas365.es\/noticias\/preestreno-de-la-zona-en-madrid-y-asturias\/\" \/>\n\t\t<meta property=\"og:image\" content=\"https:\/\/candas365.es\/noticias\/wp-content\/uploads\/2017\/10\/cinema-strip-2713352_960_720.jpg\" \/>\n\t\t<meta property=\"og:image:secure_url\" content=\"https:\/\/candas365.es\/noticias\/wp-content\/uploads\/2017\/10\/cinema-strip-2713352_960_720.jpg\" \/>\n\t\t<meta property=\"og:image:width\" content=\"960\" \/>\n\t\t<meta property=\"og:image:height\" content=\"642\" \/>\n\t\t<meta property=\"article:published_time\" content=\"2017-10-24T12:51:52+00:00\" \/>\n\t\t<meta property=\"article:modified_time\" content=\"2017-10-24T12:51:52+00:00\" \/>\n\t\t<meta property=\"article:publisher\" content=\"https:\/\/www.facebook.com\/Nachofdezber\" \/>\n\t\t<meta property=\"article:author\" content=\"https:\/\/www.facebook.com\/carrenoactualidad\" \/>\n\t\t<meta name=\"twitter:card\" content=\"summary_large_image\" \/>\n\t\t<meta name=\"twitter:site\" content=\"@NabercoDigital\" \/>\n\t\t<meta name=\"twitter:title\" content=\"Preestreno de \u00abLa Zona\u00bb en Madrid y Asturias | Cand\u00e1s 365\" \/>\n\t\t<meta name=\"twitter:description\" content=\"Asturias y Madrid acogen esta semana el preestreno de La Zona, una serie original de Movistar+ rodada en casi 160 localizaciones en Asturias y que ha contado con la colaboraci\u00f3n de Laboral Cinemateca, a trav\u00e9s de la Film Commission. El Viceconsejero de Cultura del Principado, Vicente Dom\u00ednguez, acompa\u00f1ar\u00e1 a los directores Jorge y Alberto S\u00e1nchez-Cabezudo\" \/>\n\t\t<meta name=\"twitter:creator\" content=\"@nbasturias\" \/>\n\t\t<meta name=\"twitter:image\" content=\"https:\/\/candas365.es\/noticias\/wp-content\/uploads\/2017\/10\/cinema-strip-2713352_960_720.jpg\" \/>\n\t\t<meta name=\"twitter:label1\" content=\"Escrito por\" \/>\n\t\t<meta name=\"twitter:data1\" content=\"Cand\u00e1s 365\" \/>\n\t\t<meta name=\"twitter:label2\" content=\"Tiempo de lectura estimado\" \/>\n\t\t<meta name=\"twitter:data2\" content=\"2 minutos\" \/>\n\t\t<script type=\"application\/ld+json\" class=\"aioseo-schema\">\n\t\t\t{\"@context\":\"https:\\\/\\\/schema.org\",\"@graph\":[{\"@type\":\"BreadcrumbList\",\"@id\":\"https:\\\/\\\/candas365.es\\\/noticias\\\/preestreno-de-la-zona-en-madrid-y-asturias\\\/#breadcrumblist\",\"itemListElement\":[{\"@type\":\"ListItem\",\"@id\":\"https:\\\/\\\/candas365.es\\\/noticias#listItem\",\"position\":1,\"name\":\"Home\",\"item\":\"https:\\\/\\\/candas365.es\\\/noticias\",\"nextItem\":{\"@type\":\"ListItem\",\"@id\":\"https:\\\/\\\/candas365.es\\\/noticias\\\/category\\\/agenda\\\/#listItem\",\"name\":\"Agenda\"}},{\"@type\":\"ListItem\",\"@id\":\"https:\\\/\\\/candas365.es\\\/noticias\\\/category\\\/agenda\\\/#listItem\",\"position\":2,\"name\":\"Agenda\",\"item\":\"https:\\\/\\\/candas365.es\\\/noticias\\\/category\\\/agenda\\\/\",\"nextItem\":{\"@type\":\"ListItem\",\"@id\":\"https:\\\/\\\/candas365.es\\\/noticias\\\/preestreno-de-la-zona-en-madrid-y-asturias\\\/#listItem\",\"name\":\"Preestreno de \\u00abLa Zona\\u00bb en Madrid y Asturias\"},\"previousItem\":{\"@type\":\"ListItem\",\"@id\":\"https:\\\/\\\/candas365.es\\\/noticias#listItem\",\"name\":\"Home\"}},{\"@type\":\"ListItem\",\"@id\":\"https:\\\/\\\/candas365.es\\\/noticias\\\/preestreno-de-la-zona-en-madrid-y-asturias\\\/#listItem\",\"position\":3,\"name\":\"Preestreno de \\u00abLa Zona\\u00bb en Madrid y Asturias\",\"previousItem\":{\"@type\":\"ListItem\",\"@id\":\"https:\\\/\\\/candas365.es\\\/noticias\\\/category\\\/agenda\\\/#listItem\",\"name\":\"Agenda\"}}]},{\"@type\":\"NewsArticle\",\"@id\":\"https:\\\/\\\/candas365.es\\\/noticias\\\/preestreno-de-la-zona-en-madrid-y-asturias\\\/#newsarticle\",\"name\":\"Preestreno de \\u00abLa Zona\\u00bb en Madrid y Asturias | Cand\\u00e1s 365\",\"headline\":\"Preestreno de \\u00abLa Zona\\u00bb en Madrid y Asturias\",\"author\":{\"@id\":\"https:\\\/\\\/candas365.es\\\/noticias\\\/author\\\/admin\\\/#author\"},\"publisher\":{\"@id\":\"https:\\\/\\\/candas365.es\\\/noticias\\\/#organization\"},\"image\":{\"@type\":\"ImageObject\",\"url\":\"https:\\\/\\\/candas365.es\\\/noticias\\\/wp-content\\\/uploads\\\/2017\\\/10\\\/cinema-strip-2713352_960_720.jpg\",\"width\":960,\"height\":642},\"datePublished\":\"2017-10-24T12:51:52+02:00\",\"dateModified\":\"2017-10-24T12:51:52+02:00\",\"inLanguage\":\"es-ES\",\"mainEntityOfPage\":{\"@id\":\"https:\\\/\\\/candas365.es\\\/noticias\\\/preestreno-de-la-zona-en-madrid-y-asturias\\\/#webpage\"},\"isPartOf\":{\"@id\":\"https:\\\/\\\/candas365.es\\\/noticias\\\/preestreno-de-la-zona-en-madrid-y-asturias\\\/#webpage\"},\"articleSection\":\"Agenda\",\"dateline\":\"Publicado el octubre 24, 2017.\"},{\"@type\":\"Organization\",\"@id\":\"https:\\\/\\\/candas365.es\\\/noticias\\\/#organization\",\"name\":\"Cand\\u00e1s 365\",\"description\":\"Cand\\u00e1s 365 es un diario digital independiente, fundado en 2012, con base en Asturias. Informamos con rigor sobre actualidad, sociedad, cultura y ocio, con una mirada local y global.\",\"url\":\"https:\\\/\\\/candas365.es\\\/noticias\\\/\",\"email\":\"info@candas365.es\",\"telephone\":\"+34652131393\",\"foundingDate\":\"2012-06-10\",\"logo\":{\"@type\":\"ImageObject\",\"url\":\"https:\\\/\\\/candas365.es\\\/noticias\\\/wp-content\\\/uploads\\\/2024\\\/09\\\/Candas-365-Redes.jpg\",\"@id\":\"https:\\\/\\\/candas365.es\\\/noticias\\\/preestreno-de-la-zona-en-madrid-y-asturias\\\/#organizationLogo\",\"width\":1152,\"height\":864,\"caption\":\"Cand\\u00e1s 365 Redes\"},\"image\":{\"@id\":\"https:\\\/\\\/candas365.es\\\/noticias\\\/preestreno-de-la-zona-en-madrid-y-asturias\\\/#organizationLogo\"},\"sameAs\":[\"https:\\\/\\\/www.facebook.com\\\/Nachofdezber\",\"https:\\\/\\\/x.com\\\/NabercoDigital\",\"https:\\\/\\\/www.instagram.com\\\/nachofdezber\\\/\",\"https:\\\/\\\/www.youtube.com\\\/channel\\\/UCZP-2wLEB9Rv6erhFmqVnvg\"],\"address\":{\"@id\":\"https:\\\/\\\/candas365.es\\\/noticias\\\/#postaladdress\",\"@type\":\"PostalAddress\",\"streetAddress\":\"san antonio 4, san antonio 4\",\"postalCode\":\"33430\",\"addressLocality\":\"Cand\\u00e1s\",\"addressRegion\":\"Asturias\",\"addressCountry\":\"ES\"}},{\"@type\":\"Person\",\"@id\":\"https:\\\/\\\/candas365.es\\\/noticias\\\/author\\\/admin\\\/#author\",\"url\":\"https:\\\/\\\/candas365.es\\\/noticias\\\/author\\\/admin\\\/\",\"name\":\"Cand\\u00e1s 365\",\"image\":{\"@type\":\"ImageObject\",\"@id\":\"https:\\\/\\\/candas365.es\\\/noticias\\\/preestreno-de-la-zona-en-madrid-y-asturias\\\/#authorImage\",\"url\":\"https:\\\/\\\/secure.gravatar.com\\\/avatar\\\/496a8e03d0c493ede1718b7934145dbdf8d89be1036b0eec9544e1094c9de390?s=96&d=mm&r=g\",\"width\":96,\"height\":96,\"caption\":\"Cand\\u00e1s 365\"},\"sameAs\":[\"https:\\\/\\\/www.facebook.com\\\/carrenoactualidad\",\"https:\\\/\\\/twitter.com\\\/nbasturias\",\"https:\\\/\\\/www.instagram.com\\\/nachofdezber\\\/\",\"https:\\\/\\\/www.youtube.com\\\/channel\\\/UCZP-2wLEB9Rv6erhFmqVnvg\"]},{\"@type\":\"WebPage\",\"@id\":\"https:\\\/\\\/candas365.es\\\/noticias\\\/preestreno-de-la-zona-en-madrid-y-asturias\\\/#webpage\",\"url\":\"https:\\\/\\\/candas365.es\\\/noticias\\\/preestreno-de-la-zona-en-madrid-y-asturias\\\/\",\"name\":\"Preestreno de \\u00abLa Zona\\u00bb en Madrid y Asturias | Cand\\u00e1s 365\",\"description\":\"Asturias y Madrid acogen esta semana el preestreno de La Zona, una serie original de Movistar+ rodada en casi 160 localizaciones en Asturias y que ha contado con la colaboraci\\u00f3n de Laboral Cinemateca, a trav\\u00e9s de la Film Commission. El Viceconsejero de Cultura del Principado, Vicente Dom\\u00ednguez, acompa\\u00f1ar\\u00e1 a los directores Jorge y Alberto S\\u00e1nchez-Cabezudo\",\"inLanguage\":\"es-ES\",\"isPartOf\":{\"@id\":\"https:\\\/\\\/candas365.es\\\/noticias\\\/#website\"},\"breadcrumb\":{\"@id\":\"https:\\\/\\\/candas365.es\\\/noticias\\\/preestreno-de-la-zona-en-madrid-y-asturias\\\/#breadcrumblist\"},\"author\":{\"@id\":\"https:\\\/\\\/candas365.es\\\/noticias\\\/author\\\/admin\\\/#author\"},\"creator\":{\"@id\":\"https:\\\/\\\/candas365.es\\\/noticias\\\/author\\\/admin\\\/#author\"},\"image\":{\"@type\":\"ImageObject\",\"url\":\"https:\\\/\\\/candas365.es\\\/noticias\\\/wp-content\\\/uploads\\\/2017\\\/10\\\/cinema-strip-2713352_960_720.jpg\",\"@id\":\"https:\\\/\\\/candas365.es\\\/noticias\\\/preestreno-de-la-zona-en-madrid-y-asturias\\\/#mainImage\",\"width\":960,\"height\":642},\"primaryImageOfPage\":{\"@id\":\"https:\\\/\\\/candas365.es\\\/noticias\\\/preestreno-de-la-zona-en-madrid-y-asturias\\\/#mainImage\"},\"datePublished\":\"2017-10-24T12:51:52+02:00\",\"dateModified\":\"2017-10-24T12:51:52+02:00\"},{\"@type\":\"WebSite\",\"@id\":\"https:\\\/\\\/candas365.es\\\/noticias\\\/#website\",\"url\":\"https:\\\/\\\/candas365.es\\\/noticias\\\/\",\"name\":\"Cand\\u00e1s 365\",\"alternateName\":\"Cand\\u00e1s 365 Noticias\",\"description\":\"Actualidad desde Carre\\u00f1o para el mundo\",\"inLanguage\":\"es-ES\",\"publisher\":{\"@id\":\"https:\\\/\\\/candas365.es\\\/noticias\\\/#organization\"}}]}\n\t\t<\/script>\n\t\t<!-- All in One SEO Pro -->\r\n\t\t<title>Preestreno de \u00abLa Zona\u00bb en Madrid y Asturias | Cand\u00e1s 365<\/title>\n\n","aioseo_head_json":{"title":"Preestreno de \u00abLa Zona\u00bb en Madrid y Asturias | Cand\u00e1s 365","description":"Asturias y Madrid acogen esta semana el preestreno de La Zona, una serie original de Movistar+ rodada en casi 160 localizaciones en Asturias y que ha contado con la colaboraci\u00f3n de Laboral Cinemateca, a trav\u00e9s de la Film Commission. El Viceconsejero de Cultura del Principado, Vicente Dom\u00ednguez, acompa\u00f1ar\u00e1 a los directores Jorge y Alberto S\u00e1nchez-Cabezudo","canonical_url":"https:\/\/candas365.es\/noticias\/preestreno-de-la-zona-en-madrid-y-asturias\/","robots":"max-image-preview:large","keywords":"agenda","webmasterTools":{"google-site-verification":"UA-32230408-1","msvalidate.01":"354F3CDFB2DA171B47FBE9ABF1F88D5","miscellaneous":""},"schema":{"@context":"https:\/\/schema.org","@graph":[{"@type":"BreadcrumbList","@id":"https:\/\/candas365.es\/noticias\/preestreno-de-la-zona-en-madrid-y-asturias\/#breadcrumblist","itemListElement":[{"@type":"ListItem","@id":"https:\/\/candas365.es\/noticias#listItem","position":1,"name":"Home","item":"https:\/\/candas365.es\/noticias","nextItem":{"@type":"ListItem","@id":"https:\/\/candas365.es\/noticias\/category\/agenda\/#listItem","name":"Agenda"}},{"@type":"ListItem","@id":"https:\/\/candas365.es\/noticias\/category\/agenda\/#listItem","position":2,"name":"Agenda","item":"https:\/\/candas365.es\/noticias\/category\/agenda\/","nextItem":{"@type":"ListItem","@id":"https:\/\/candas365.es\/noticias\/preestreno-de-la-zona-en-madrid-y-asturias\/#listItem","name":"Preestreno de \u00abLa Zona\u00bb en Madrid y Asturias"},"previousItem":{"@type":"ListItem","@id":"https:\/\/candas365.es\/noticias#listItem","name":"Home"}},{"@type":"ListItem","@id":"https:\/\/candas365.es\/noticias\/preestreno-de-la-zona-en-madrid-y-asturias\/#listItem","position":3,"name":"Preestreno de \u00abLa Zona\u00bb en Madrid y Asturias","previousItem":{"@type":"ListItem","@id":"https:\/\/candas365.es\/noticias\/category\/agenda\/#listItem","name":"Agenda"}}]},{"@type":"NewsArticle","@id":"https:\/\/candas365.es\/noticias\/preestreno-de-la-zona-en-madrid-y-asturias\/#newsarticle","name":"Preestreno de \u00abLa Zona\u00bb en Madrid y Asturias | Cand\u00e1s 365","headline":"Preestreno de \u00abLa Zona\u00bb en Madrid y Asturias","author":{"@id":"https:\/\/candas365.es\/noticias\/author\/admin\/#author"},"publisher":{"@id":"https:\/\/candas365.es\/noticias\/#organization"},"image":{"@type":"ImageObject","url":"https:\/\/candas365.es\/noticias\/wp-content\/uploads\/2017\/10\/cinema-strip-2713352_960_720.jpg","width":960,"height":642},"datePublished":"2017-10-24T12:51:52+02:00","dateModified":"2017-10-24T12:51:52+02:00","inLanguage":"es-ES","mainEntityOfPage":{"@id":"https:\/\/candas365.es\/noticias\/preestreno-de-la-zona-en-madrid-y-asturias\/#webpage"},"isPartOf":{"@id":"https:\/\/candas365.es\/noticias\/preestreno-de-la-zona-en-madrid-y-asturias\/#webpage"},"articleSection":"Agenda","dateline":"Publicado el octubre 24, 2017."},{"@type":"Organization","@id":"https:\/\/candas365.es\/noticias\/#organization","name":"Cand\u00e1s 365","description":"Cand\u00e1s 365 es un diario digital independiente, fundado en 2012, con base en Asturias. Informamos con rigor sobre actualidad, sociedad, cultura y ocio, con una mirada local y global.","url":"https:\/\/candas365.es\/noticias\/","email":"info@candas365.es","telephone":"+34652131393","foundingDate":"2012-06-10","logo":{"@type":"ImageObject","url":"https:\/\/candas365.es\/noticias\/wp-content\/uploads\/2024\/09\/Candas-365-Redes.jpg","@id":"https:\/\/candas365.es\/noticias\/preestreno-de-la-zona-en-madrid-y-asturias\/#organizationLogo","width":1152,"height":864,"caption":"Cand\u00e1s 365 Redes"},"image":{"@id":"https:\/\/candas365.es\/noticias\/preestreno-de-la-zona-en-madrid-y-asturias\/#organizationLogo"},"sameAs":["https:\/\/www.facebook.com\/Nachofdezber","https:\/\/x.com\/NabercoDigital","https:\/\/www.instagram.com\/nachofdezber\/","https:\/\/www.youtube.com\/channel\/UCZP-2wLEB9Rv6erhFmqVnvg"],"address":{"@id":"https:\/\/candas365.es\/noticias\/#postaladdress","@type":"PostalAddress","streetAddress":"san antonio 4, san antonio 4","postalCode":"33430","addressLocality":"Cand\u00e1s","addressRegion":"Asturias","addressCountry":"ES"}},{"@type":"Person","@id":"https:\/\/candas365.es\/noticias\/author\/admin\/#author","url":"https:\/\/candas365.es\/noticias\/author\/admin\/","name":"Cand\u00e1s 365","image":{"@type":"ImageObject","@id":"https:\/\/candas365.es\/noticias\/preestreno-de-la-zona-en-madrid-y-asturias\/#authorImage","url":"https:\/\/secure.gravatar.com\/avatar\/496a8e03d0c493ede1718b7934145dbdf8d89be1036b0eec9544e1094c9de390?s=96&d=mm&r=g","width":96,"height":96,"caption":"Cand\u00e1s 365"},"sameAs":["https:\/\/www.facebook.com\/carrenoactualidad","https:\/\/twitter.com\/nbasturias","https:\/\/www.instagram.com\/nachofdezber\/","https:\/\/www.youtube.com\/channel\/UCZP-2wLEB9Rv6erhFmqVnvg"]},{"@type":"WebPage","@id":"https:\/\/candas365.es\/noticias\/preestreno-de-la-zona-en-madrid-y-asturias\/#webpage","url":"https:\/\/candas365.es\/noticias\/preestreno-de-la-zona-en-madrid-y-asturias\/","name":"Preestreno de \u00abLa Zona\u00bb en Madrid y Asturias | Cand\u00e1s 365","description":"Asturias y Madrid acogen esta semana el preestreno de La Zona, una serie original de Movistar+ rodada en casi 160 localizaciones en Asturias y que ha contado con la colaboraci\u00f3n de Laboral Cinemateca, a trav\u00e9s de la Film Commission. El Viceconsejero de Cultura del Principado, Vicente Dom\u00ednguez, acompa\u00f1ar\u00e1 a los directores Jorge y Alberto S\u00e1nchez-Cabezudo","inLanguage":"es-ES","isPartOf":{"@id":"https:\/\/candas365.es\/noticias\/#website"},"breadcrumb":{"@id":"https:\/\/candas365.es\/noticias\/preestreno-de-la-zona-en-madrid-y-asturias\/#breadcrumblist"},"author":{"@id":"https:\/\/candas365.es\/noticias\/author\/admin\/#author"},"creator":{"@id":"https:\/\/candas365.es\/noticias\/author\/admin\/#author"},"image":{"@type":"ImageObject","url":"https:\/\/candas365.es\/noticias\/wp-content\/uploads\/2017\/10\/cinema-strip-2713352_960_720.jpg","@id":"https:\/\/candas365.es\/noticias\/preestreno-de-la-zona-en-madrid-y-asturias\/#mainImage","width":960,"height":642},"primaryImageOfPage":{"@id":"https:\/\/candas365.es\/noticias\/preestreno-de-la-zona-en-madrid-y-asturias\/#mainImage"},"datePublished":"2017-10-24T12:51:52+02:00","dateModified":"2017-10-24T12:51:52+02:00"},{"@type":"WebSite","@id":"https:\/\/candas365.es\/noticias\/#website","url":"https:\/\/candas365.es\/noticias\/","name":"Cand\u00e1s 365","alternateName":"Cand\u00e1s 365 Noticias","description":"Actualidad desde Carre\u00f1o para el mundo","inLanguage":"es-ES","publisher":{"@id":"https:\/\/candas365.es\/noticias\/#organization"}}]},"og:locale":"es_ES","og:site_name":"Cand\u00e1s 365","og:type":"article","og:title":"Preestreno de \u00abLa Zona\u00bb en Madrid y Asturias | Cand\u00e1s 365","og:description":"Asturias y Madrid acogen esta semana el preestreno de La Zona, una serie original de Movistar+ rodada en casi 160 localizaciones en Asturias y que ha contado con la colaboraci\u00f3n de Laboral Cinemateca, a trav\u00e9s de la Film Commission. El Viceconsejero de Cultura del Principado, Vicente Dom\u00ednguez, acompa\u00f1ar\u00e1 a los directores Jorge y Alberto S\u00e1nchez-Cabezudo","og:url":"https:\/\/candas365.es\/noticias\/preestreno-de-la-zona-en-madrid-y-asturias\/","og:image":"https:\/\/candas365.es\/noticias\/wp-content\/uploads\/2017\/10\/cinema-strip-2713352_960_720.jpg","og:image:secure_url":"https:\/\/candas365.es\/noticias\/wp-content\/uploads\/2017\/10\/cinema-strip-2713352_960_720.jpg","og:image:width":960,"og:image:height":642,"article:published_time":"2017-10-24T12:51:52+00:00","article:modified_time":"2017-10-24T12:51:52+00:00","article:publisher":"https:\/\/www.facebook.com\/Nachofdezber","article:author":"https:\/\/www.facebook.com\/carrenoactualidad","twitter:card":"summary_large_image","twitter:site":"@NabercoDigital","twitter:title":"Preestreno de \u00abLa Zona\u00bb en Madrid y Asturias | Cand\u00e1s 365","twitter:description":"Asturias y Madrid acogen esta semana el preestreno de La Zona, una serie original de Movistar+ rodada en casi 160 localizaciones en Asturias y que ha contado con la colaboraci\u00f3n de Laboral Cinemateca, a trav\u00e9s de la Film Commission. El Viceconsejero de Cultura del Principado, Vicente Dom\u00ednguez, acompa\u00f1ar\u00e1 a los directores Jorge y Alberto S\u00e1nchez-Cabezudo","twitter:creator":"@nbasturias","twitter:image":"https:\/\/candas365.es\/noticias\/wp-content\/uploads\/2017\/10\/cinema-strip-2713352_960_720.jpg","twitter:label1":"Escrito por","twitter:data1":"Cand\u00e1s 365","twitter:label2":"Tiempo de lectura estimado","twitter:data2":"2 minutos"},"aioseo_meta_data":{"post_id":"82785","title":null,"description":null,"keywords":null,"keyphrases":null,"primary_term":null,"canonical_url":null,"og_title":null,"og_description":null,"og_object_type":"default","og_image_type":"default","og_image_url":null,"og_image_width":null,"og_image_height":null,"og_image_custom_url":null,"og_image_custom_fields":null,"og_video":null,"og_custom_url":null,"og_article_section":null,"og_article_tags":null,"twitter_use_og":false,"twitter_card":"default","twitter_image_type":"default","twitter_image_url":null,"twitter_image_custom_url":null,"twitter_image_custom_fields":null,"twitter_title":null,"twitter_description":null,"schema":{"blockGraphs":[],"customGraphs":[],"default":{"data":{"Article":[],"Course":[],"Dataset":[],"FAQPage":[],"Movie":[],"Person":[],"Product":[],"ProductReview":[],"Car":[],"Recipe":[],"Service":[],"SoftwareApplication":[],"WebPage":[]},"graphName":"","isEnabled":true},"graphs":[],"defaultGraph":"","defaultPostTypeGraph":""},"schema_type":null,"schema_type_options":null,"pillar_content":false,"robots_default":true,"robots_noindex":false,"robots_noarchive":false,"robots_nosnippet":false,"robots_nofollow":false,"robots_noimageindex":false,"robots_noodp":false,"robots_notranslate":false,"robots_max_snippet":null,"robots_max_videopreview":null,"robots_max_imagepreview":"large","priority":null,"frequency":null,"location":null,"local_seo":null,"seo_analyzer_scan_date":"2025-08-26 03:29:14","breadcrumb_settings":null,"limit_modified_date":false,"reviewed_by":null,"open_ai":null,"ai":null,"created":"2020-12-21 12:35:01","updated":"2025-08-26 03:29:14"},"aioseo_breadcrumb":"<div class=\"aioseo-breadcrumbs\"><span class=\"aioseo-breadcrumb\">\n\t<a href=\"https:\/\/candas365.es\/noticias\" title=\"Home\">Home<\/a>\n<\/span><span class=\"aioseo-breadcrumb-separator\">&ndash;<\/span><span class=\"aioseo-breadcrumb\">\n\t<a href=\"https:\/\/candas365.es\/noticias\/category\/agenda\/\" title=\"Agenda\">Agenda<\/a>\n<\/span><span class=\"aioseo-breadcrumb-separator\">&ndash;<\/span><span class=\"aioseo-breadcrumb\">\n\tPreestreno de \u00abLa Zona\u00bb en Madrid y Asturias\n<\/span><\/div>","aioseo_breadcrumb_json":[{"label":"Home","link":"https:\/\/candas365.es\/noticias"},{"label":"Agenda","link":"https:\/\/candas365.es\/noticias\/category\/agenda\/"},{"label":"Preestreno de \u00abLa Zona\u00bb en Madrid y Asturias","link":"https:\/\/candas365.es\/noticias\/preestreno-de-la-zona-en-madrid-y-asturias\/"}],"_links":{"self":[{"href":"https:\/\/candas365.es\/noticias\/wp-json\/wp\/v2\/posts\/82785","targetHints":{"allow":["GET"]}}],"collection":[{"href":"https:\/\/candas365.es\/noticias\/wp-json\/wp\/v2\/posts"}],"about":[{"href":"https:\/\/candas365.es\/noticias\/wp-json\/wp\/v2\/types\/post"}],"author":[{"embeddable":true,"href":"https:\/\/candas365.es\/noticias\/wp-json\/wp\/v2\/users\/1"}],"replies":[{"embeddable":true,"href":"https:\/\/candas365.es\/noticias\/wp-json\/wp\/v2\/comments?post=82785"}],"version-history":[{"count":0,"href":"https:\/\/candas365.es\/noticias\/wp-json\/wp\/v2\/posts\/82785\/revisions"}],"wp:featuredmedia":[{"embeddable":true,"href":"https:\/\/candas365.es\/noticias\/wp-json\/wp\/v2\/media\/82786"}],"wp:attachment":[{"href":"https:\/\/candas365.es\/noticias\/wp-json\/wp\/v2\/media?parent=82785"}],"wp:term":[{"taxonomy":"category","embeddable":true,"href":"https:\/\/candas365.es\/noticias\/wp-json\/wp\/v2\/categories?post=82785"},{"taxonomy":"post_tag","embeddable":true,"href":"https:\/\/candas365.es\/noticias\/wp-json\/wp\/v2\/tags?post=82785"}],"curies":[{"name":"wp","href":"https:\/\/api.w.org\/{rel}","templated":true}]}}