{"id":82772,"date":"2017-10-23T21:06:45","date_gmt":"2017-10-23T21:06:45","guid":{"rendered":"http:\/\/candas365.es\/noticias\/?p=82772"},"modified":"2017-10-23T21:06:45","modified_gmt":"2017-10-23T21:06:45","slug":"clan-emitira-los-nuevos-episodios-de-pocoyo","status":"publish","type":"post","link":"https:\/\/candas365.es\/noticias\/clan-emitira-los-nuevos-episodios-de-pocoyo\/","title":{"rendered":"Clan emitir\u00e1 los nuevos episodios de &#8216;Pocoy\u00f3&#8217;"},"content":{"rendered":"<p><img fetchpriority=\"high\" decoding=\"async\" class=\"alignleft size-medium wp-image-82773\" src=\"https:\/\/candas365.es\/noticias\/wp-content\/uploads\/2017\/10\/tele-clan-300x300.jpg\" alt=\"\" width=\"300\" height=\"300\" srcset=\"https:\/\/candas365.es\/noticias\/wp-content\/uploads\/2017\/10\/tele-clan-300x300.jpg 300w, https:\/\/candas365.es\/noticias\/wp-content\/uploads\/2017\/10\/tele-clan-150x150.jpg 150w, https:\/\/candas365.es\/noticias\/wp-content\/uploads\/2017\/10\/tele-clan-768x768.jpg 768w, https:\/\/candas365.es\/noticias\/wp-content\/uploads\/2017\/10\/tele-clan-480x480.jpg 480w, https:\/\/candas365.es\/noticias\/wp-content\/uploads\/2017\/10\/tele-clan-696x696.jpg 696w, https:\/\/candas365.es\/noticias\/wp-content\/uploads\/2017\/10\/tele-clan-1068x1068.jpg 1068w, https:\/\/candas365.es\/noticias\/wp-content\/uploads\/2017\/10\/tele-clan-420x420.jpg 420w, https:\/\/candas365.es\/noticias\/wp-content\/uploads\/2017\/10\/tele-clan-50x50.jpg 50w, https:\/\/candas365.es\/noticias\/wp-content\/uploads\/2017\/10\/tele-clan.jpg 1180w\" sizes=\"(max-width: 300px) 100vw, 300px\" \/>Clan emitir\u00e1 los nuevos episodios de &#8216;Pocoy\u00f3&#8217;, seg\u00fan el acuerdo firmado en el MIPCOM celebrado la pasada semana en la ciudad francesa de Cannes. Se trata de la cuarta temporada, que estrenar\u00e1 pr\u00f3ximamente el canal infantil de RTVE. &#8216;Pocoy\u00f3&#8217; es una serie preescolar llena de oportunidades para jugar y aprender con el peque\u00f1o Pocoy\u00f3 y sus amigos, en un mundo en el que colores, formas y m\u00fasica crean un lenguaje visual muy atractivo para los m\u00e1s peque\u00f1os.<\/p>\n<p>Los nuevos cap\u00edtulos de Pocoy\u00f3, serie de animaci\u00f3n dirigida al p\u00fablico preescolar producida por Zinkia Entertainment, llegar\u00e1n pronto al canal infantil Clan de RTVE. La productora ha alcanzado un acuerdo con la televisi\u00f3n p\u00fablica para la emisi\u00f3n de los 26 episodios que conforman la \u00faltima temporada, la cuarta desde el lanzamiento de la producci\u00f3n en 2005. La cadena se convierte as\u00ed en la primera televisi\u00f3n en apostar por este contenido.<\/p>\n<p>Este acuerdo se hizo p\u00fablico en el marco de MIPCOM 2017, el gran encuentro del mercado de los contenidos y el entretenimiento que se celebr\u00f3 del 16 al 19 de octubre en Cannes (Francia).<\/p>\n<p>&#8216;Pocoy\u00f3&#8217;<\/p>\n<p>La serie de animaci\u00f3n Pocoy\u00f3 tiene una esencia did\u00e1ctica y divertida. La curiosidad de su joven personaje, acompa\u00f1ado de sus inseparables amigos, Nina, Elly, Pato, Loula, Pajaroto, Pulpo, Pajarito y Valentina, entre otros, genera multitud de historias, en un mundo en el que los colores, las formas y la m\u00fasica crean un lenguaje visual impactante y que entusiasma a peque\u00f1os y mayores.<\/p>\n","protected":false},"excerpt":{"rendered":"<p>Clan emitir\u00e1 los nuevos episodios de &#8216;Pocoy\u00f3&#8217;, seg\u00fan el acuerdo firmado en el MIPCOM celebrado la pasada semana en la ciudad francesa de Cannes. Se trata de la cuarta temporada, que estrenar\u00e1 pr\u00f3ximamente el canal infantil de RTVE. &#8216;Pocoy\u00f3&#8217; es una serie preescolar llena de oportunidades para jugar y aprender con el peque\u00f1o Pocoy\u00f3 y<\/p>\n","protected":false},"author":1,"featured_media":82773,"comment_status":"closed","ping_status":"closed","sticky":false,"template":"","format":"standard","meta":{"footnotes":""},"categories":[1],"tags":[],"class_list":{"0":"post-82772","1":"post","2":"type-post","3":"status-publish","4":"format-standard","5":"has-post-thumbnail","7":"category-agenda"},"aioseo_notices":[],"aioseo_head":"\n\t\t<!-- All in One SEO Pro 4.9.6.2 - aioseo.com -->\n\t<meta name=\"description\" content=\"Clan emitir\u00e1 los nuevos episodios de &#039;Pocoy\u00f3&#039;, seg\u00fan el acuerdo firmado en el MIPCOM celebrado la pasada semana en la ciudad francesa de Cannes. Se trata de la cuarta temporada, que estrenar\u00e1 pr\u00f3ximamente el canal infantil de RTVE. &#039;Pocoy\u00f3&#039; es una serie preescolar llena de oportunidades para jugar y aprender con el peque\u00f1o Pocoy\u00f3 y\" \/>\n\t<meta name=\"robots\" content=\"max-image-preview:large\" \/>\n\t<meta name=\"author\" content=\"Cand\u00e1s 365\"\/>\n\t<meta name=\"google-site-verification\" content=\"UA-32230408-1\" \/>\n\t<meta name=\"msvalidate.01\" content=\"354F3CDFB2DA171B47FBE9ABF1F88D5\" \/>\n\t<meta name=\"keywords\" content=\"agenda\" \/>\n\t<link rel=\"canonical\" href=\"https:\/\/candas365.es\/noticias\/clan-emitira-los-nuevos-episodios-de-pocoyo\/\" \/>\n\t<meta name=\"generator\" content=\"All in One SEO Pro (AIOSEO) 4.9.6.2\" \/>\n\t\t<meta property=\"og:locale\" content=\"es_ES\" \/>\n\t\t<meta property=\"og:site_name\" content=\"Cand\u00e1s 365\" \/>\n\t\t<meta property=\"og:type\" content=\"article\" \/>\n\t\t<meta property=\"og:title\" content=\"Clan emitir\u00e1 los nuevos episodios de \u2018Pocoy\u00f3\u2019 | Cand\u00e1s 365\" \/>\n\t\t<meta property=\"og:description\" content=\"Clan emitir\u00e1 los nuevos episodios de &#039;Pocoy\u00f3&#039;, seg\u00fan el acuerdo firmado en el MIPCOM celebrado la pasada semana en la ciudad francesa de Cannes. Se trata de la cuarta temporada, que estrenar\u00e1 pr\u00f3ximamente el canal infantil de RTVE. &#039;Pocoy\u00f3&#039; es una serie preescolar llena de oportunidades para jugar y aprender con el peque\u00f1o Pocoy\u00f3 y\" \/>\n\t\t<meta property=\"og:url\" content=\"https:\/\/candas365.es\/noticias\/clan-emitira-los-nuevos-episodios-de-pocoyo\/\" \/>\n\t\t<meta property=\"og:image\" content=\"https:\/\/candas365.es\/noticias\/wp-content\/uploads\/2017\/10\/tele-clan.jpg\" \/>\n\t\t<meta property=\"og:image:secure_url\" content=\"https:\/\/candas365.es\/noticias\/wp-content\/uploads\/2017\/10\/tele-clan.jpg\" \/>\n\t\t<meta property=\"og:image:width\" content=\"1180\" \/>\n\t\t<meta property=\"og:image:height\" content=\"1180\" \/>\n\t\t<meta property=\"article:published_time\" content=\"2017-10-23T21:06:45+00:00\" \/>\n\t\t<meta property=\"article:modified_time\" content=\"2017-10-23T21:06:45+00:00\" \/>\n\t\t<meta property=\"article:publisher\" content=\"https:\/\/www.facebook.com\/Nachofdezber\" \/>\n\t\t<meta property=\"article:author\" content=\"https:\/\/www.facebook.com\/carrenoactualidad\" \/>\n\t\t<meta name=\"twitter:card\" content=\"summary_large_image\" \/>\n\t\t<meta name=\"twitter:site\" content=\"@NabercoDigital\" \/>\n\t\t<meta name=\"twitter:title\" content=\"Clan emitir\u00e1 los nuevos episodios de \u2018Pocoy\u00f3\u2019 | Cand\u00e1s 365\" \/>\n\t\t<meta name=\"twitter:description\" content=\"Clan emitir\u00e1 los nuevos episodios de &#039;Pocoy\u00f3&#039;, seg\u00fan el acuerdo firmado en el MIPCOM celebrado la pasada semana en la ciudad francesa de Cannes. Se trata de la cuarta temporada, que estrenar\u00e1 pr\u00f3ximamente el canal infantil de RTVE. &#039;Pocoy\u00f3&#039; es una serie preescolar llena de oportunidades para jugar y aprender con el peque\u00f1o Pocoy\u00f3 y\" \/>\n\t\t<meta name=\"twitter:creator\" content=\"@nbasturias\" \/>\n\t\t<meta name=\"twitter:image\" content=\"https:\/\/candas365.es\/noticias\/wp-content\/uploads\/2017\/10\/tele-clan.jpg\" \/>\n\t\t<meta name=\"twitter:label1\" content=\"Escrito por\" \/>\n\t\t<meta name=\"twitter:data1\" content=\"Cand\u00e1s 365\" \/>\n\t\t<meta name=\"twitter:label2\" content=\"Tiempo de lectura estimado\" \/>\n\t\t<meta name=\"twitter:data2\" content=\"1 minuto\" \/>\n\t\t<script type=\"application\/ld+json\" class=\"aioseo-schema\">\n\t\t\t{\"@context\":\"https:\\\/\\\/schema.org\",\"@graph\":[{\"@type\":\"BreadcrumbList\",\"@id\":\"https:\\\/\\\/candas365.es\\\/noticias\\\/clan-emitira-los-nuevos-episodios-de-pocoyo\\\/#breadcrumblist\",\"itemListElement\":[{\"@type\":\"ListItem\",\"@id\":\"https:\\\/\\\/candas365.es\\\/noticias#listItem\",\"position\":1,\"name\":\"Home\",\"item\":\"https:\\\/\\\/candas365.es\\\/noticias\",\"nextItem\":{\"@type\":\"ListItem\",\"@id\":\"https:\\\/\\\/candas365.es\\\/noticias\\\/category\\\/agenda\\\/#listItem\",\"name\":\"Agenda\"}},{\"@type\":\"ListItem\",\"@id\":\"https:\\\/\\\/candas365.es\\\/noticias\\\/category\\\/agenda\\\/#listItem\",\"position\":2,\"name\":\"Agenda\",\"item\":\"https:\\\/\\\/candas365.es\\\/noticias\\\/category\\\/agenda\\\/\",\"nextItem\":{\"@type\":\"ListItem\",\"@id\":\"https:\\\/\\\/candas365.es\\\/noticias\\\/clan-emitira-los-nuevos-episodios-de-pocoyo\\\/#listItem\",\"name\":\"Clan emitir\\u00e1 los nuevos episodios de &#8216;Pocoy\\u00f3&#8217;\"},\"previousItem\":{\"@type\":\"ListItem\",\"@id\":\"https:\\\/\\\/candas365.es\\\/noticias#listItem\",\"name\":\"Home\"}},{\"@type\":\"ListItem\",\"@id\":\"https:\\\/\\\/candas365.es\\\/noticias\\\/clan-emitira-los-nuevos-episodios-de-pocoyo\\\/#listItem\",\"position\":3,\"name\":\"Clan emitir\\u00e1 los nuevos episodios de &#8216;Pocoy\\u00f3&#8217;\",\"previousItem\":{\"@type\":\"ListItem\",\"@id\":\"https:\\\/\\\/candas365.es\\\/noticias\\\/category\\\/agenda\\\/#listItem\",\"name\":\"Agenda\"}}]},{\"@type\":\"NewsArticle\",\"@id\":\"https:\\\/\\\/candas365.es\\\/noticias\\\/clan-emitira-los-nuevos-episodios-de-pocoyo\\\/#newsarticle\",\"name\":\"Clan emitir\\u00e1 los nuevos episodios de \\u2018Pocoy\\u00f3\\u2019 | Cand\\u00e1s 365\",\"headline\":\"Clan emitir\\u00e1 los nuevos episodios de &#8216;Pocoy\\u00f3&#8217;\",\"author\":{\"@id\":\"https:\\\/\\\/candas365.es\\\/noticias\\\/author\\\/admin\\\/#author\"},\"publisher\":{\"@id\":\"https:\\\/\\\/candas365.es\\\/noticias\\\/#organization\"},\"image\":{\"@type\":\"ImageObject\",\"url\":\"https:\\\/\\\/candas365.es\\\/noticias\\\/wp-content\\\/uploads\\\/2017\\\/10\\\/tele-clan.jpg\",\"width\":1180,\"height\":1180},\"datePublished\":\"2017-10-23T21:06:45+02:00\",\"dateModified\":\"2017-10-23T21:06:45+02:00\",\"inLanguage\":\"es-ES\",\"mainEntityOfPage\":{\"@id\":\"https:\\\/\\\/candas365.es\\\/noticias\\\/clan-emitira-los-nuevos-episodios-de-pocoyo\\\/#webpage\"},\"isPartOf\":{\"@id\":\"https:\\\/\\\/candas365.es\\\/noticias\\\/clan-emitira-los-nuevos-episodios-de-pocoyo\\\/#webpage\"},\"articleSection\":\"Agenda\",\"dateline\":\"Publicado el octubre 23, 2017.\"},{\"@type\":\"Organization\",\"@id\":\"https:\\\/\\\/candas365.es\\\/noticias\\\/#organization\",\"name\":\"Cand\\u00e1s 365\",\"description\":\"Cand\\u00e1s 365 es un diario digital independiente, fundado en 2012, con base en Asturias. Informamos con rigor sobre actualidad, sociedad, cultura y ocio, con una mirada local y global.\",\"url\":\"https:\\\/\\\/candas365.es\\\/noticias\\\/\",\"email\":\"info@candas365.es\",\"telephone\":\"+34652131393\",\"foundingDate\":\"2012-06-10\",\"logo\":{\"@type\":\"ImageObject\",\"url\":\"https:\\\/\\\/candas365.es\\\/noticias\\\/wp-content\\\/uploads\\\/2024\\\/09\\\/Candas-365-Redes.jpg\",\"@id\":\"https:\\\/\\\/candas365.es\\\/noticias\\\/clan-emitira-los-nuevos-episodios-de-pocoyo\\\/#organizationLogo\",\"width\":1152,\"height\":864,\"caption\":\"Cand\\u00e1s 365 Redes\"},\"image\":{\"@id\":\"https:\\\/\\\/candas365.es\\\/noticias\\\/clan-emitira-los-nuevos-episodios-de-pocoyo\\\/#organizationLogo\"},\"sameAs\":[\"https:\\\/\\\/www.facebook.com\\\/Nachofdezber\",\"https:\\\/\\\/x.com\\\/NabercoDigital\",\"https:\\\/\\\/www.instagram.com\\\/nachofdezber\\\/\",\"https:\\\/\\\/www.youtube.com\\\/channel\\\/UCZP-2wLEB9Rv6erhFmqVnvg\"],\"address\":{\"@id\":\"https:\\\/\\\/candas365.es\\\/noticias\\\/#postaladdress\",\"@type\":\"PostalAddress\",\"streetAddress\":\"san antonio 4, san antonio 4\",\"postalCode\":\"33430\",\"addressLocality\":\"Cand\\u00e1s\",\"addressRegion\":\"Asturias\",\"addressCountry\":\"ES\"}},{\"@type\":\"Person\",\"@id\":\"https:\\\/\\\/candas365.es\\\/noticias\\\/author\\\/admin\\\/#author\",\"url\":\"https:\\\/\\\/candas365.es\\\/noticias\\\/author\\\/admin\\\/\",\"name\":\"Cand\\u00e1s 365\",\"image\":{\"@type\":\"ImageObject\",\"@id\":\"https:\\\/\\\/candas365.es\\\/noticias\\\/clan-emitira-los-nuevos-episodios-de-pocoyo\\\/#authorImage\",\"url\":\"https:\\\/\\\/secure.gravatar.com\\\/avatar\\\/496a8e03d0c493ede1718b7934145dbdf8d89be1036b0eec9544e1094c9de390?s=96&d=mm&r=g\",\"width\":96,\"height\":96,\"caption\":\"Cand\\u00e1s 365\"},\"sameAs\":[\"https:\\\/\\\/www.facebook.com\\\/carrenoactualidad\",\"https:\\\/\\\/twitter.com\\\/nbasturias\",\"https:\\\/\\\/www.instagram.com\\\/nachofdezber\\\/\",\"https:\\\/\\\/www.youtube.com\\\/channel\\\/UCZP-2wLEB9Rv6erhFmqVnvg\"]},{\"@type\":\"WebPage\",\"@id\":\"https:\\\/\\\/candas365.es\\\/noticias\\\/clan-emitira-los-nuevos-episodios-de-pocoyo\\\/#webpage\",\"url\":\"https:\\\/\\\/candas365.es\\\/noticias\\\/clan-emitira-los-nuevos-episodios-de-pocoyo\\\/\",\"name\":\"Clan emitir\\u00e1 los nuevos episodios de \\u2018Pocoy\\u00f3\\u2019 | Cand\\u00e1s 365\",\"description\":\"Clan emitir\\u00e1 los nuevos episodios de 'Pocoy\\u00f3', seg\\u00fan el acuerdo firmado en el MIPCOM celebrado la pasada semana en la ciudad francesa de Cannes. Se trata de la cuarta temporada, que estrenar\\u00e1 pr\\u00f3ximamente el canal infantil de RTVE. 'Pocoy\\u00f3' es una serie preescolar llena de oportunidades para jugar y aprender con el peque\\u00f1o Pocoy\\u00f3 y\",\"inLanguage\":\"es-ES\",\"isPartOf\":{\"@id\":\"https:\\\/\\\/candas365.es\\\/noticias\\\/#website\"},\"breadcrumb\":{\"@id\":\"https:\\\/\\\/candas365.es\\\/noticias\\\/clan-emitira-los-nuevos-episodios-de-pocoyo\\\/#breadcrumblist\"},\"author\":{\"@id\":\"https:\\\/\\\/candas365.es\\\/noticias\\\/author\\\/admin\\\/#author\"},\"creator\":{\"@id\":\"https:\\\/\\\/candas365.es\\\/noticias\\\/author\\\/admin\\\/#author\"},\"image\":{\"@type\":\"ImageObject\",\"url\":\"https:\\\/\\\/candas365.es\\\/noticias\\\/wp-content\\\/uploads\\\/2017\\\/10\\\/tele-clan.jpg\",\"@id\":\"https:\\\/\\\/candas365.es\\\/noticias\\\/clan-emitira-los-nuevos-episodios-de-pocoyo\\\/#mainImage\",\"width\":1180,\"height\":1180},\"primaryImageOfPage\":{\"@id\":\"https:\\\/\\\/candas365.es\\\/noticias\\\/clan-emitira-los-nuevos-episodios-de-pocoyo\\\/#mainImage\"},\"datePublished\":\"2017-10-23T21:06:45+02:00\",\"dateModified\":\"2017-10-23T21:06:45+02:00\"},{\"@type\":\"WebSite\",\"@id\":\"https:\\\/\\\/candas365.es\\\/noticias\\\/#website\",\"url\":\"https:\\\/\\\/candas365.es\\\/noticias\\\/\",\"name\":\"Cand\\u00e1s 365\",\"alternateName\":\"Cand\\u00e1s 365 Noticias\",\"description\":\"Actualidad desde Carre\\u00f1o para el mundo\",\"inLanguage\":\"es-ES\",\"publisher\":{\"@id\":\"https:\\\/\\\/candas365.es\\\/noticias\\\/#organization\"}}]}\n\t\t<\/script>\n\t\t<!-- All in One SEO Pro -->\r\n\t\t<title>Clan emitir\u00e1 los nuevos episodios de \u2018Pocoy\u00f3\u2019 | Cand\u00e1s 365<\/title>\n\n","aioseo_head_json":{"title":"Clan emitir\u00e1 los nuevos episodios de \u2018Pocoy\u00f3\u2019 | Cand\u00e1s 365","description":"Clan emitir\u00e1 los nuevos episodios de 'Pocoy\u00f3', seg\u00fan el acuerdo firmado en el MIPCOM celebrado la pasada semana en la ciudad francesa de Cannes. Se trata de la cuarta temporada, que estrenar\u00e1 pr\u00f3ximamente el canal infantil de RTVE. 'Pocoy\u00f3' es una serie preescolar llena de oportunidades para jugar y aprender con el peque\u00f1o Pocoy\u00f3 y","canonical_url":"https:\/\/candas365.es\/noticias\/clan-emitira-los-nuevos-episodios-de-pocoyo\/","robots":"max-image-preview:large","keywords":"agenda","webmasterTools":{"google-site-verification":"UA-32230408-1","msvalidate.01":"354F3CDFB2DA171B47FBE9ABF1F88D5","miscellaneous":""},"schema":{"@context":"https:\/\/schema.org","@graph":[{"@type":"BreadcrumbList","@id":"https:\/\/candas365.es\/noticias\/clan-emitira-los-nuevos-episodios-de-pocoyo\/#breadcrumblist","itemListElement":[{"@type":"ListItem","@id":"https:\/\/candas365.es\/noticias#listItem","position":1,"name":"Home","item":"https:\/\/candas365.es\/noticias","nextItem":{"@type":"ListItem","@id":"https:\/\/candas365.es\/noticias\/category\/agenda\/#listItem","name":"Agenda"}},{"@type":"ListItem","@id":"https:\/\/candas365.es\/noticias\/category\/agenda\/#listItem","position":2,"name":"Agenda","item":"https:\/\/candas365.es\/noticias\/category\/agenda\/","nextItem":{"@type":"ListItem","@id":"https:\/\/candas365.es\/noticias\/clan-emitira-los-nuevos-episodios-de-pocoyo\/#listItem","name":"Clan emitir\u00e1 los nuevos episodios de &#8216;Pocoy\u00f3&#8217;"},"previousItem":{"@type":"ListItem","@id":"https:\/\/candas365.es\/noticias#listItem","name":"Home"}},{"@type":"ListItem","@id":"https:\/\/candas365.es\/noticias\/clan-emitira-los-nuevos-episodios-de-pocoyo\/#listItem","position":3,"name":"Clan emitir\u00e1 los nuevos episodios de &#8216;Pocoy\u00f3&#8217;","previousItem":{"@type":"ListItem","@id":"https:\/\/candas365.es\/noticias\/category\/agenda\/#listItem","name":"Agenda"}}]},{"@type":"NewsArticle","@id":"https:\/\/candas365.es\/noticias\/clan-emitira-los-nuevos-episodios-de-pocoyo\/#newsarticle","name":"Clan emitir\u00e1 los nuevos episodios de \u2018Pocoy\u00f3\u2019 | Cand\u00e1s 365","headline":"Clan emitir\u00e1 los nuevos episodios de &#8216;Pocoy\u00f3&#8217;","author":{"@id":"https:\/\/candas365.es\/noticias\/author\/admin\/#author"},"publisher":{"@id":"https:\/\/candas365.es\/noticias\/#organization"},"image":{"@type":"ImageObject","url":"https:\/\/candas365.es\/noticias\/wp-content\/uploads\/2017\/10\/tele-clan.jpg","width":1180,"height":1180},"datePublished":"2017-10-23T21:06:45+02:00","dateModified":"2017-10-23T21:06:45+02:00","inLanguage":"es-ES","mainEntityOfPage":{"@id":"https:\/\/candas365.es\/noticias\/clan-emitira-los-nuevos-episodios-de-pocoyo\/#webpage"},"isPartOf":{"@id":"https:\/\/candas365.es\/noticias\/clan-emitira-los-nuevos-episodios-de-pocoyo\/#webpage"},"articleSection":"Agenda","dateline":"Publicado el octubre 23, 2017."},{"@type":"Organization","@id":"https:\/\/candas365.es\/noticias\/#organization","name":"Cand\u00e1s 365","description":"Cand\u00e1s 365 es un diario digital independiente, fundado en 2012, con base en Asturias. Informamos con rigor sobre actualidad, sociedad, cultura y ocio, con una mirada local y global.","url":"https:\/\/candas365.es\/noticias\/","email":"info@candas365.es","telephone":"+34652131393","foundingDate":"2012-06-10","logo":{"@type":"ImageObject","url":"https:\/\/candas365.es\/noticias\/wp-content\/uploads\/2024\/09\/Candas-365-Redes.jpg","@id":"https:\/\/candas365.es\/noticias\/clan-emitira-los-nuevos-episodios-de-pocoyo\/#organizationLogo","width":1152,"height":864,"caption":"Cand\u00e1s 365 Redes"},"image":{"@id":"https:\/\/candas365.es\/noticias\/clan-emitira-los-nuevos-episodios-de-pocoyo\/#organizationLogo"},"sameAs":["https:\/\/www.facebook.com\/Nachofdezber","https:\/\/x.com\/NabercoDigital","https:\/\/www.instagram.com\/nachofdezber\/","https:\/\/www.youtube.com\/channel\/UCZP-2wLEB9Rv6erhFmqVnvg"],"address":{"@id":"https:\/\/candas365.es\/noticias\/#postaladdress","@type":"PostalAddress","streetAddress":"san antonio 4, san antonio 4","postalCode":"33430","addressLocality":"Cand\u00e1s","addressRegion":"Asturias","addressCountry":"ES"}},{"@type":"Person","@id":"https:\/\/candas365.es\/noticias\/author\/admin\/#author","url":"https:\/\/candas365.es\/noticias\/author\/admin\/","name":"Cand\u00e1s 365","image":{"@type":"ImageObject","@id":"https:\/\/candas365.es\/noticias\/clan-emitira-los-nuevos-episodios-de-pocoyo\/#authorImage","url":"https:\/\/secure.gravatar.com\/avatar\/496a8e03d0c493ede1718b7934145dbdf8d89be1036b0eec9544e1094c9de390?s=96&d=mm&r=g","width":96,"height":96,"caption":"Cand\u00e1s 365"},"sameAs":["https:\/\/www.facebook.com\/carrenoactualidad","https:\/\/twitter.com\/nbasturias","https:\/\/www.instagram.com\/nachofdezber\/","https:\/\/www.youtube.com\/channel\/UCZP-2wLEB9Rv6erhFmqVnvg"]},{"@type":"WebPage","@id":"https:\/\/candas365.es\/noticias\/clan-emitira-los-nuevos-episodios-de-pocoyo\/#webpage","url":"https:\/\/candas365.es\/noticias\/clan-emitira-los-nuevos-episodios-de-pocoyo\/","name":"Clan emitir\u00e1 los nuevos episodios de \u2018Pocoy\u00f3\u2019 | Cand\u00e1s 365","description":"Clan emitir\u00e1 los nuevos episodios de 'Pocoy\u00f3', seg\u00fan el acuerdo firmado en el MIPCOM celebrado la pasada semana en la ciudad francesa de Cannes. Se trata de la cuarta temporada, que estrenar\u00e1 pr\u00f3ximamente el canal infantil de RTVE. 'Pocoy\u00f3' es una serie preescolar llena de oportunidades para jugar y aprender con el peque\u00f1o Pocoy\u00f3 y","inLanguage":"es-ES","isPartOf":{"@id":"https:\/\/candas365.es\/noticias\/#website"},"breadcrumb":{"@id":"https:\/\/candas365.es\/noticias\/clan-emitira-los-nuevos-episodios-de-pocoyo\/#breadcrumblist"},"author":{"@id":"https:\/\/candas365.es\/noticias\/author\/admin\/#author"},"creator":{"@id":"https:\/\/candas365.es\/noticias\/author\/admin\/#author"},"image":{"@type":"ImageObject","url":"https:\/\/candas365.es\/noticias\/wp-content\/uploads\/2017\/10\/tele-clan.jpg","@id":"https:\/\/candas365.es\/noticias\/clan-emitira-los-nuevos-episodios-de-pocoyo\/#mainImage","width":1180,"height":1180},"primaryImageOfPage":{"@id":"https:\/\/candas365.es\/noticias\/clan-emitira-los-nuevos-episodios-de-pocoyo\/#mainImage"},"datePublished":"2017-10-23T21:06:45+02:00","dateModified":"2017-10-23T21:06:45+02:00"},{"@type":"WebSite","@id":"https:\/\/candas365.es\/noticias\/#website","url":"https:\/\/candas365.es\/noticias\/","name":"Cand\u00e1s 365","alternateName":"Cand\u00e1s 365 Noticias","description":"Actualidad desde Carre\u00f1o para el mundo","inLanguage":"es-ES","publisher":{"@id":"https:\/\/candas365.es\/noticias\/#organization"}}]},"og:locale":"es_ES","og:site_name":"Cand\u00e1s 365","og:type":"article","og:title":"Clan emitir\u00e1 los nuevos episodios de \u2018Pocoy\u00f3\u2019 | Cand\u00e1s 365","og:description":"Clan emitir\u00e1 los nuevos episodios de 'Pocoy\u00f3', seg\u00fan el acuerdo firmado en el MIPCOM celebrado la pasada semana en la ciudad francesa de Cannes. Se trata de la cuarta temporada, que estrenar\u00e1 pr\u00f3ximamente el canal infantil de RTVE. 'Pocoy\u00f3' es una serie preescolar llena de oportunidades para jugar y aprender con el peque\u00f1o Pocoy\u00f3 y","og:url":"https:\/\/candas365.es\/noticias\/clan-emitira-los-nuevos-episodios-de-pocoyo\/","og:image":"https:\/\/candas365.es\/noticias\/wp-content\/uploads\/2017\/10\/tele-clan.jpg","og:image:secure_url":"https:\/\/candas365.es\/noticias\/wp-content\/uploads\/2017\/10\/tele-clan.jpg","og:image:width":1180,"og:image:height":1180,"article:published_time":"2017-10-23T21:06:45+00:00","article:modified_time":"2017-10-23T21:06:45+00:00","article:publisher":"https:\/\/www.facebook.com\/Nachofdezber","article:author":"https:\/\/www.facebook.com\/carrenoactualidad","twitter:card":"summary_large_image","twitter:site":"@NabercoDigital","twitter:title":"Clan emitir\u00e1 los nuevos episodios de \u2018Pocoy\u00f3\u2019 | Cand\u00e1s 365","twitter:description":"Clan emitir\u00e1 los nuevos episodios de 'Pocoy\u00f3', seg\u00fan el acuerdo firmado en el MIPCOM celebrado la pasada semana en la ciudad francesa de Cannes. Se trata de la cuarta temporada, que estrenar\u00e1 pr\u00f3ximamente el canal infantil de RTVE. 'Pocoy\u00f3' es una serie preescolar llena de oportunidades para jugar y aprender con el peque\u00f1o Pocoy\u00f3 y","twitter:creator":"@nbasturias","twitter:image":"https:\/\/candas365.es\/noticias\/wp-content\/uploads\/2017\/10\/tele-clan.jpg","twitter:label1":"Escrito por","twitter:data1":"Cand\u00e1s 365","twitter:label2":"Tiempo de lectura estimado","twitter:data2":"1 minuto"},"aioseo_meta_data":{"post_id":"82772","title":null,"description":null,"keywords":null,"keyphrases":null,"primary_term":null,"canonical_url":null,"og_title":null,"og_description":null,"og_object_type":"default","og_image_type":"default","og_image_url":null,"og_image_width":null,"og_image_height":null,"og_image_custom_url":null,"og_image_custom_fields":null,"og_video":null,"og_custom_url":null,"og_article_section":null,"og_article_tags":null,"twitter_use_og":false,"twitter_card":"default","twitter_image_type":"default","twitter_image_url":null,"twitter_image_custom_url":null,"twitter_image_custom_fields":null,"twitter_title":null,"twitter_description":null,"schema":{"blockGraphs":[],"customGraphs":[],"default":{"data":{"Article":[],"Course":[],"Dataset":[],"FAQPage":[],"Movie":[],"Person":[],"Product":[],"ProductReview":[],"Car":[],"Recipe":[],"Service":[],"SoftwareApplication":[],"WebPage":[]},"graphName":"","isEnabled":true},"graphs":[],"defaultGraph":"","defaultPostTypeGraph":""},"schema_type":null,"schema_type_options":null,"pillar_content":false,"robots_default":true,"robots_noindex":false,"robots_noarchive":false,"robots_nosnippet":false,"robots_nofollow":false,"robots_noimageindex":false,"robots_noodp":false,"robots_notranslate":false,"robots_max_snippet":null,"robots_max_videopreview":null,"robots_max_imagepreview":"large","priority":null,"frequency":null,"location":null,"local_seo":null,"seo_analyzer_scan_date":"2025-08-26 03:27:16","breadcrumb_settings":null,"limit_modified_date":false,"reviewed_by":null,"open_ai":null,"ai":null,"created":"2020-12-21 12:35:01","updated":"2025-08-26 03:27:16"},"aioseo_breadcrumb":"<div class=\"aioseo-breadcrumbs\"><span class=\"aioseo-breadcrumb\">\n\t<a href=\"https:\/\/candas365.es\/noticias\" title=\"Home\">Home<\/a>\n<\/span><span class=\"aioseo-breadcrumb-separator\">&ndash;<\/span><span class=\"aioseo-breadcrumb\">\n\t<a href=\"https:\/\/candas365.es\/noticias\/category\/agenda\/\" title=\"Agenda\">Agenda<\/a>\n<\/span><span class=\"aioseo-breadcrumb-separator\">&ndash;<\/span><span class=\"aioseo-breadcrumb\">\n\tClan emitir\u00e1 los nuevos episodios de \u2018Pocoy\u00f3\u2019\n<\/span><\/div>","aioseo_breadcrumb_json":[{"label":"Home","link":"https:\/\/candas365.es\/noticias"},{"label":"Agenda","link":"https:\/\/candas365.es\/noticias\/category\/agenda\/"},{"label":"Clan emitir\u00e1 los nuevos episodios de &#8216;Pocoy\u00f3&#8217;","link":"https:\/\/candas365.es\/noticias\/clan-emitira-los-nuevos-episodios-de-pocoyo\/"}],"_links":{"self":[{"href":"https:\/\/candas365.es\/noticias\/wp-json\/wp\/v2\/posts\/82772","targetHints":{"allow":["GET"]}}],"collection":[{"href":"https:\/\/candas365.es\/noticias\/wp-json\/wp\/v2\/posts"}],"about":[{"href":"https:\/\/candas365.es\/noticias\/wp-json\/wp\/v2\/types\/post"}],"author":[{"embeddable":true,"href":"https:\/\/candas365.es\/noticias\/wp-json\/wp\/v2\/users\/1"}],"replies":[{"embeddable":true,"href":"https:\/\/candas365.es\/noticias\/wp-json\/wp\/v2\/comments?post=82772"}],"version-history":[{"count":0,"href":"https:\/\/candas365.es\/noticias\/wp-json\/wp\/v2\/posts\/82772\/revisions"}],"wp:featuredmedia":[{"embeddable":true,"href":"https:\/\/candas365.es\/noticias\/wp-json\/wp\/v2\/media\/82773"}],"wp:attachment":[{"href":"https:\/\/candas365.es\/noticias\/wp-json\/wp\/v2\/media?parent=82772"}],"wp:term":[{"taxonomy":"category","embeddable":true,"href":"https:\/\/candas365.es\/noticias\/wp-json\/wp\/v2\/categories?post=82772"},{"taxonomy":"post_tag","embeddable":true,"href":"https:\/\/candas365.es\/noticias\/wp-json\/wp\/v2\/tags?post=82772"}],"curies":[{"name":"wp","href":"https:\/\/api.w.org\/{rel}","templated":true}]}}