{"id":82760,"date":"2017-10-23T19:36:13","date_gmt":"2017-10-23T19:36:13","guid":{"rendered":"http:\/\/candas365.es\/noticias\/?p=82760"},"modified":"2017-10-23T19:36:13","modified_gmt":"2017-10-23T19:36:13","slug":"comienza-el-taller-mindfulness","status":"publish","type":"post","link":"https:\/\/candas365.es\/noticias\/comienza-el-taller-mindfulness\/","title":{"rendered":"Comienza el taller \u201cMindfulness\u201d"},"content":{"rendered":"<p><img fetchpriority=\"high\" decoding=\"async\" class=\"alignleft size-medium wp-image-82761\" src=\"https:\/\/candas365.es\/noticias\/wp-content\/uploads\/2017\/10\/IMG_0170-360x271.jpg\" alt=\"\" width=\"360\" height=\"271\" srcset=\"https:\/\/candas365.es\/noticias\/wp-content\/uploads\/2017\/10\/IMG_0170-360x271.jpg 360w, https:\/\/candas365.es\/noticias\/wp-content\/uploads\/2017\/10\/IMG_0170-639x480.jpg 639w, https:\/\/candas365.es\/noticias\/wp-content\/uploads\/2017\/10\/IMG_0170-80x60.jpg 80w, https:\/\/candas365.es\/noticias\/wp-content\/uploads\/2017\/10\/IMG_0170-265x198.jpg 265w, https:\/\/candas365.es\/noticias\/wp-content\/uploads\/2017\/10\/IMG_0170-559x420.jpg 559w, https:\/\/candas365.es\/noticias\/wp-content\/uploads\/2017\/10\/IMG_0170-90x67.jpg 90w, https:\/\/candas365.es\/noticias\/wp-content\/uploads\/2017\/10\/IMG_0170.jpg 640w\" sizes=\"(max-width: 360px) 100vw, 360px\" \/>Hoy, lunes 23 de Octubre ha dado comienzo el taller \u201cMindfulness\u201d en la Casa de Encuentros de las Mujeres de Carre\u00f1o, una iniciativa del Ayuntamiento de Carre\u00f1o en el marco del programa Mujer Rural 2017.<\/p>\n<p>El taller, impartido por la psic\u00f3loga Susana Antu\u00f1a Bernardo, busca que sus asistentes trabajen la conciencia plena con el objetivo de mejorar su atenci\u00f3n, reducir el malestar o el estr\u00e9s y manejar de una manera adecuada situaciones complejas en los \u00e1mbitos personal, familiar y profesional.<\/p>\n<p>Los contenidos del taller por tanto se centran en las emociones y en el estr\u00e9s y la respuestas que adoptamos ante \u00e9l, pero tambi\u00e9n en el cuidado personal y la gesti\u00f3n del tiempo, con el fin \u00faltimo de cultivar la resiliencia de la persona y la adopci\u00f3n de maneras de ser y de actuar m\u00e1s positivas y eficaces.<\/p>\n<p>Detalles del programa Taller \u201c Mindfulness\u201d<\/p>\n<p>Casa de Encuentro para las mujeres de Carre\u00f1o<\/p>\n<p>Lunes, 23 y 30 de Octubre, y Lunes, 6 y 13 de Noviembre de 2017.<\/p>\n<p>Horario: 17:30 a 19:30 h.<\/p>\n<p>Duraci\u00f3n: 12 horas<\/p>\n","protected":false},"excerpt":{"rendered":"<p>Hoy, lunes 23 de Octubre ha dado comienzo el taller \u201cMindfulness\u201d en la Casa de Encuentros de las Mujeres de Carre\u00f1o, una iniciativa del Ayuntamiento de Carre\u00f1o en el marco del programa Mujer Rural 2017. El taller, impartido por la psic\u00f3loga Susana Antu\u00f1a Bernardo, busca que sus asistentes trabajen la conciencia plena con el objetivo<\/p>\n","protected":false},"author":1,"featured_media":82761,"comment_status":"closed","ping_status":"closed","sticky":false,"template":"","format":"standard","meta":{"footnotes":""},"categories":[2],"tags":[],"class_list":{"0":"post-82760","1":"post","2":"type-post","3":"status-publish","4":"format-standard","5":"has-post-thumbnail","7":"category-noticias-carreno"},"aioseo_notices":[],"aioseo_head":"\n\t\t<!-- All in One SEO Pro 4.9.6.2 - aioseo.com -->\n\t<meta name=\"description\" content=\"Hoy, lunes 23 de Octubre ha dado comienzo el taller \u201cMindfulness\u201d en la Casa de Encuentros de las Mujeres de Carre\u00f1o, una iniciativa del Ayuntamiento de Carre\u00f1o en el marco del programa Mujer Rural 2017. El taller, impartido por la psic\u00f3loga Susana Antu\u00f1a Bernardo, busca que sus asistentes trabajen la conciencia plena con el objetivo\" \/>\n\t<meta name=\"robots\" content=\"max-image-preview:large\" \/>\n\t<meta name=\"author\" content=\"Cand\u00e1s 365\"\/>\n\t<meta name=\"google-site-verification\" content=\"UA-32230408-1\" \/>\n\t<meta name=\"msvalidate.01\" content=\"354F3CDFB2DA171B47FBE9ABF1F88D5\" \/>\n\t<meta name=\"keywords\" content=\"noticias carre\u00f1o\" \/>\n\t<link rel=\"canonical\" href=\"https:\/\/candas365.es\/noticias\/comienza-el-taller-mindfulness\/\" \/>\n\t<meta name=\"generator\" content=\"All in One SEO Pro (AIOSEO) 4.9.6.2\" \/>\n\t\t<meta property=\"og:locale\" content=\"es_ES\" \/>\n\t\t<meta property=\"og:site_name\" content=\"Cand\u00e1s 365\" \/>\n\t\t<meta property=\"og:type\" content=\"article\" \/>\n\t\t<meta property=\"og:title\" content=\"Comienza el taller \u201cMindfulness\u201d | Cand\u00e1s 365\" \/>\n\t\t<meta property=\"og:description\" content=\"Hoy, lunes 23 de Octubre ha dado comienzo el taller \u201cMindfulness\u201d en la Casa de Encuentros de las Mujeres de Carre\u00f1o, una iniciativa del Ayuntamiento de Carre\u00f1o en el marco del programa Mujer Rural 2017. El taller, impartido por la psic\u00f3loga Susana Antu\u00f1a Bernardo, busca que sus asistentes trabajen la conciencia plena con el objetivo\" \/>\n\t\t<meta property=\"og:url\" content=\"https:\/\/candas365.es\/noticias\/comienza-el-taller-mindfulness\/\" \/>\n\t\t<meta property=\"og:image\" content=\"https:\/\/candas365.es\/noticias\/wp-content\/uploads\/2017\/10\/IMG_0170.jpg\" \/>\n\t\t<meta property=\"og:image:secure_url\" content=\"https:\/\/candas365.es\/noticias\/wp-content\/uploads\/2017\/10\/IMG_0170.jpg\" \/>\n\t\t<meta property=\"og:image:width\" content=\"640\" \/>\n\t\t<meta property=\"og:image:height\" content=\"481\" \/>\n\t\t<meta property=\"article:published_time\" content=\"2017-10-23T19:36:13+00:00\" \/>\n\t\t<meta property=\"article:modified_time\" content=\"2017-10-23T19:36:13+00:00\" \/>\n\t\t<meta property=\"article:publisher\" content=\"https:\/\/www.facebook.com\/Nachofdezber\" \/>\n\t\t<meta property=\"article:author\" content=\"https:\/\/www.facebook.com\/carrenoactualidad\" \/>\n\t\t<meta name=\"twitter:card\" content=\"summary_large_image\" \/>\n\t\t<meta name=\"twitter:site\" content=\"@NabercoDigital\" \/>\n\t\t<meta name=\"twitter:title\" content=\"Comienza el taller \u201cMindfulness\u201d | Cand\u00e1s 365\" \/>\n\t\t<meta name=\"twitter:description\" content=\"Hoy, lunes 23 de Octubre ha dado comienzo el taller \u201cMindfulness\u201d en la Casa de Encuentros de las Mujeres de Carre\u00f1o, una iniciativa del Ayuntamiento de Carre\u00f1o en el marco del programa Mujer Rural 2017. El taller, impartido por la psic\u00f3loga Susana Antu\u00f1a Bernardo, busca que sus asistentes trabajen la conciencia plena con el objetivo\" \/>\n\t\t<meta name=\"twitter:creator\" content=\"@nbasturias\" \/>\n\t\t<meta name=\"twitter:image\" content=\"https:\/\/candas365.es\/noticias\/wp-content\/uploads\/2017\/10\/IMG_0170.jpg\" \/>\n\t\t<meta name=\"twitter:label1\" content=\"Escrito por\" \/>\n\t\t<meta name=\"twitter:data1\" content=\"Cand\u00e1s 365\" \/>\n\t\t<meta name=\"twitter:label2\" content=\"Tiempo de lectura estimado\" \/>\n\t\t<meta name=\"twitter:data2\" content=\"1 minuto\" \/>\n\t\t<script type=\"application\/ld+json\" class=\"aioseo-schema\">\n\t\t\t{\"@context\":\"https:\\\/\\\/schema.org\",\"@graph\":[{\"@type\":\"BreadcrumbList\",\"@id\":\"https:\\\/\\\/candas365.es\\\/noticias\\\/comienza-el-taller-mindfulness\\\/#breadcrumblist\",\"itemListElement\":[{\"@type\":\"ListItem\",\"@id\":\"https:\\\/\\\/candas365.es\\\/noticias#listItem\",\"position\":1,\"name\":\"Home\",\"item\":\"https:\\\/\\\/candas365.es\\\/noticias\",\"nextItem\":{\"@type\":\"ListItem\",\"@id\":\"https:\\\/\\\/candas365.es\\\/noticias\\\/category\\\/noticias-carreno\\\/#listItem\",\"name\":\"Noticias Carre\\u00f1o\"}},{\"@type\":\"ListItem\",\"@id\":\"https:\\\/\\\/candas365.es\\\/noticias\\\/category\\\/noticias-carreno\\\/#listItem\",\"position\":2,\"name\":\"Noticias Carre\\u00f1o\",\"item\":\"https:\\\/\\\/candas365.es\\\/noticias\\\/category\\\/noticias-carreno\\\/\",\"nextItem\":{\"@type\":\"ListItem\",\"@id\":\"https:\\\/\\\/candas365.es\\\/noticias\\\/comienza-el-taller-mindfulness\\\/#listItem\",\"name\":\"Comienza el taller \\u201cMindfulness\\u201d\"},\"previousItem\":{\"@type\":\"ListItem\",\"@id\":\"https:\\\/\\\/candas365.es\\\/noticias#listItem\",\"name\":\"Home\"}},{\"@type\":\"ListItem\",\"@id\":\"https:\\\/\\\/candas365.es\\\/noticias\\\/comienza-el-taller-mindfulness\\\/#listItem\",\"position\":3,\"name\":\"Comienza el taller \\u201cMindfulness\\u201d\",\"previousItem\":{\"@type\":\"ListItem\",\"@id\":\"https:\\\/\\\/candas365.es\\\/noticias\\\/category\\\/noticias-carreno\\\/#listItem\",\"name\":\"Noticias Carre\\u00f1o\"}}]},{\"@type\":\"NewsArticle\",\"@id\":\"https:\\\/\\\/candas365.es\\\/noticias\\\/comienza-el-taller-mindfulness\\\/#newsarticle\",\"name\":\"Comienza el taller \\u201cMindfulness\\u201d | Cand\\u00e1s 365\",\"headline\":\"Comienza el taller \\u201cMindfulness\\u201d\",\"author\":{\"@id\":\"https:\\\/\\\/candas365.es\\\/noticias\\\/author\\\/admin\\\/#author\"},\"publisher\":{\"@id\":\"https:\\\/\\\/candas365.es\\\/noticias\\\/#organization\"},\"image\":{\"@type\":\"ImageObject\",\"url\":\"https:\\\/\\\/candas365.es\\\/noticias\\\/wp-content\\\/uploads\\\/2017\\\/10\\\/IMG_0170.jpg\",\"width\":640,\"height\":481},\"datePublished\":\"2017-10-23T19:36:13+02:00\",\"dateModified\":\"2017-10-23T19:36:13+02:00\",\"inLanguage\":\"es-ES\",\"mainEntityOfPage\":{\"@id\":\"https:\\\/\\\/candas365.es\\\/noticias\\\/comienza-el-taller-mindfulness\\\/#webpage\"},\"isPartOf\":{\"@id\":\"https:\\\/\\\/candas365.es\\\/noticias\\\/comienza-el-taller-mindfulness\\\/#webpage\"},\"articleSection\":\"Noticias Carre\\u00f1o\",\"dateline\":\"Publicado el octubre 23, 2017.\"},{\"@type\":\"Organization\",\"@id\":\"https:\\\/\\\/candas365.es\\\/noticias\\\/#organization\",\"name\":\"Cand\\u00e1s 365\",\"description\":\"Cand\\u00e1s 365 es un diario digital independiente, fundado en 2012, con base en Asturias. Informamos con rigor sobre actualidad, sociedad, cultura y ocio, con una mirada local y global.\",\"url\":\"https:\\\/\\\/candas365.es\\\/noticias\\\/\",\"email\":\"info@candas365.es\",\"telephone\":\"+34652131393\",\"foundingDate\":\"2012-06-10\",\"logo\":{\"@type\":\"ImageObject\",\"url\":\"https:\\\/\\\/candas365.es\\\/noticias\\\/wp-content\\\/uploads\\\/2024\\\/09\\\/Candas-365-Redes.jpg\",\"@id\":\"https:\\\/\\\/candas365.es\\\/noticias\\\/comienza-el-taller-mindfulness\\\/#organizationLogo\",\"width\":1152,\"height\":864,\"caption\":\"Cand\\u00e1s 365 Redes\"},\"image\":{\"@id\":\"https:\\\/\\\/candas365.es\\\/noticias\\\/comienza-el-taller-mindfulness\\\/#organizationLogo\"},\"sameAs\":[\"https:\\\/\\\/www.facebook.com\\\/Nachofdezber\",\"https:\\\/\\\/x.com\\\/NabercoDigital\",\"https:\\\/\\\/www.instagram.com\\\/nachofdezber\\\/\",\"https:\\\/\\\/www.youtube.com\\\/channel\\\/UCZP-2wLEB9Rv6erhFmqVnvg\"],\"address\":{\"@id\":\"https:\\\/\\\/candas365.es\\\/noticias\\\/#postaladdress\",\"@type\":\"PostalAddress\",\"streetAddress\":\"san antonio 4, san antonio 4\",\"postalCode\":\"33430\",\"addressLocality\":\"Cand\\u00e1s\",\"addressRegion\":\"Asturias\",\"addressCountry\":\"ES\"}},{\"@type\":\"Person\",\"@id\":\"https:\\\/\\\/candas365.es\\\/noticias\\\/author\\\/admin\\\/#author\",\"url\":\"https:\\\/\\\/candas365.es\\\/noticias\\\/author\\\/admin\\\/\",\"name\":\"Cand\\u00e1s 365\",\"image\":{\"@type\":\"ImageObject\",\"@id\":\"https:\\\/\\\/candas365.es\\\/noticias\\\/comienza-el-taller-mindfulness\\\/#authorImage\",\"url\":\"https:\\\/\\\/secure.gravatar.com\\\/avatar\\\/496a8e03d0c493ede1718b7934145dbdf8d89be1036b0eec9544e1094c9de390?s=96&d=mm&r=g\",\"width\":96,\"height\":96,\"caption\":\"Cand\\u00e1s 365\"},\"sameAs\":[\"https:\\\/\\\/www.facebook.com\\\/carrenoactualidad\",\"https:\\\/\\\/twitter.com\\\/nbasturias\",\"https:\\\/\\\/www.instagram.com\\\/nachofdezber\\\/\",\"https:\\\/\\\/www.youtube.com\\\/channel\\\/UCZP-2wLEB9Rv6erhFmqVnvg\"]},{\"@type\":\"WebPage\",\"@id\":\"https:\\\/\\\/candas365.es\\\/noticias\\\/comienza-el-taller-mindfulness\\\/#webpage\",\"url\":\"https:\\\/\\\/candas365.es\\\/noticias\\\/comienza-el-taller-mindfulness\\\/\",\"name\":\"Comienza el taller \\u201cMindfulness\\u201d | Cand\\u00e1s 365\",\"description\":\"Hoy, lunes 23 de Octubre ha dado comienzo el taller \\u201cMindfulness\\u201d en la Casa de Encuentros de las Mujeres de Carre\\u00f1o, una iniciativa del Ayuntamiento de Carre\\u00f1o en el marco del programa Mujer Rural 2017. El taller, impartido por la psic\\u00f3loga Susana Antu\\u00f1a Bernardo, busca que sus asistentes trabajen la conciencia plena con el objetivo\",\"inLanguage\":\"es-ES\",\"isPartOf\":{\"@id\":\"https:\\\/\\\/candas365.es\\\/noticias\\\/#website\"},\"breadcrumb\":{\"@id\":\"https:\\\/\\\/candas365.es\\\/noticias\\\/comienza-el-taller-mindfulness\\\/#breadcrumblist\"},\"author\":{\"@id\":\"https:\\\/\\\/candas365.es\\\/noticias\\\/author\\\/admin\\\/#author\"},\"creator\":{\"@id\":\"https:\\\/\\\/candas365.es\\\/noticias\\\/author\\\/admin\\\/#author\"},\"image\":{\"@type\":\"ImageObject\",\"url\":\"https:\\\/\\\/candas365.es\\\/noticias\\\/wp-content\\\/uploads\\\/2017\\\/10\\\/IMG_0170.jpg\",\"@id\":\"https:\\\/\\\/candas365.es\\\/noticias\\\/comienza-el-taller-mindfulness\\\/#mainImage\",\"width\":640,\"height\":481},\"primaryImageOfPage\":{\"@id\":\"https:\\\/\\\/candas365.es\\\/noticias\\\/comienza-el-taller-mindfulness\\\/#mainImage\"},\"datePublished\":\"2017-10-23T19:36:13+02:00\",\"dateModified\":\"2017-10-23T19:36:13+02:00\"},{\"@type\":\"WebSite\",\"@id\":\"https:\\\/\\\/candas365.es\\\/noticias\\\/#website\",\"url\":\"https:\\\/\\\/candas365.es\\\/noticias\\\/\",\"name\":\"Cand\\u00e1s 365\",\"alternateName\":\"Cand\\u00e1s 365 Noticias\",\"description\":\"Actualidad desde Carre\\u00f1o para el mundo\",\"inLanguage\":\"es-ES\",\"publisher\":{\"@id\":\"https:\\\/\\\/candas365.es\\\/noticias\\\/#organization\"}}]}\n\t\t<\/script>\n\t\t<!-- All in One SEO Pro -->\r\n\t\t<title>Comienza el taller \u201cMindfulness\u201d | Cand\u00e1s 365<\/title>\n\n","aioseo_head_json":{"title":"Comienza el taller \u201cMindfulness\u201d | Cand\u00e1s 365","description":"Hoy, lunes 23 de Octubre ha dado comienzo el taller \u201cMindfulness\u201d en la Casa de Encuentros de las Mujeres de Carre\u00f1o, una iniciativa del Ayuntamiento de Carre\u00f1o en el marco del programa Mujer Rural 2017. El taller, impartido por la psic\u00f3loga Susana Antu\u00f1a Bernardo, busca que sus asistentes trabajen la conciencia plena con el objetivo","canonical_url":"https:\/\/candas365.es\/noticias\/comienza-el-taller-mindfulness\/","robots":"max-image-preview:large","keywords":"noticias carre\u00f1o","webmasterTools":{"google-site-verification":"UA-32230408-1","msvalidate.01":"354F3CDFB2DA171B47FBE9ABF1F88D5","miscellaneous":""},"schema":{"@context":"https:\/\/schema.org","@graph":[{"@type":"BreadcrumbList","@id":"https:\/\/candas365.es\/noticias\/comienza-el-taller-mindfulness\/#breadcrumblist","itemListElement":[{"@type":"ListItem","@id":"https:\/\/candas365.es\/noticias#listItem","position":1,"name":"Home","item":"https:\/\/candas365.es\/noticias","nextItem":{"@type":"ListItem","@id":"https:\/\/candas365.es\/noticias\/category\/noticias-carreno\/#listItem","name":"Noticias Carre\u00f1o"}},{"@type":"ListItem","@id":"https:\/\/candas365.es\/noticias\/category\/noticias-carreno\/#listItem","position":2,"name":"Noticias Carre\u00f1o","item":"https:\/\/candas365.es\/noticias\/category\/noticias-carreno\/","nextItem":{"@type":"ListItem","@id":"https:\/\/candas365.es\/noticias\/comienza-el-taller-mindfulness\/#listItem","name":"Comienza el taller \u201cMindfulness\u201d"},"previousItem":{"@type":"ListItem","@id":"https:\/\/candas365.es\/noticias#listItem","name":"Home"}},{"@type":"ListItem","@id":"https:\/\/candas365.es\/noticias\/comienza-el-taller-mindfulness\/#listItem","position":3,"name":"Comienza el taller \u201cMindfulness\u201d","previousItem":{"@type":"ListItem","@id":"https:\/\/candas365.es\/noticias\/category\/noticias-carreno\/#listItem","name":"Noticias Carre\u00f1o"}}]},{"@type":"NewsArticle","@id":"https:\/\/candas365.es\/noticias\/comienza-el-taller-mindfulness\/#newsarticle","name":"Comienza el taller \u201cMindfulness\u201d | Cand\u00e1s 365","headline":"Comienza el taller \u201cMindfulness\u201d","author":{"@id":"https:\/\/candas365.es\/noticias\/author\/admin\/#author"},"publisher":{"@id":"https:\/\/candas365.es\/noticias\/#organization"},"image":{"@type":"ImageObject","url":"https:\/\/candas365.es\/noticias\/wp-content\/uploads\/2017\/10\/IMG_0170.jpg","width":640,"height":481},"datePublished":"2017-10-23T19:36:13+02:00","dateModified":"2017-10-23T19:36:13+02:00","inLanguage":"es-ES","mainEntityOfPage":{"@id":"https:\/\/candas365.es\/noticias\/comienza-el-taller-mindfulness\/#webpage"},"isPartOf":{"@id":"https:\/\/candas365.es\/noticias\/comienza-el-taller-mindfulness\/#webpage"},"articleSection":"Noticias Carre\u00f1o","dateline":"Publicado el octubre 23, 2017."},{"@type":"Organization","@id":"https:\/\/candas365.es\/noticias\/#organization","name":"Cand\u00e1s 365","description":"Cand\u00e1s 365 es un diario digital independiente, fundado en 2012, con base en Asturias. Informamos con rigor sobre actualidad, sociedad, cultura y ocio, con una mirada local y global.","url":"https:\/\/candas365.es\/noticias\/","email":"info@candas365.es","telephone":"+34652131393","foundingDate":"2012-06-10","logo":{"@type":"ImageObject","url":"https:\/\/candas365.es\/noticias\/wp-content\/uploads\/2024\/09\/Candas-365-Redes.jpg","@id":"https:\/\/candas365.es\/noticias\/comienza-el-taller-mindfulness\/#organizationLogo","width":1152,"height":864,"caption":"Cand\u00e1s 365 Redes"},"image":{"@id":"https:\/\/candas365.es\/noticias\/comienza-el-taller-mindfulness\/#organizationLogo"},"sameAs":["https:\/\/www.facebook.com\/Nachofdezber","https:\/\/x.com\/NabercoDigital","https:\/\/www.instagram.com\/nachofdezber\/","https:\/\/www.youtube.com\/channel\/UCZP-2wLEB9Rv6erhFmqVnvg"],"address":{"@id":"https:\/\/candas365.es\/noticias\/#postaladdress","@type":"PostalAddress","streetAddress":"san antonio 4, san antonio 4","postalCode":"33430","addressLocality":"Cand\u00e1s","addressRegion":"Asturias","addressCountry":"ES"}},{"@type":"Person","@id":"https:\/\/candas365.es\/noticias\/author\/admin\/#author","url":"https:\/\/candas365.es\/noticias\/author\/admin\/","name":"Cand\u00e1s 365","image":{"@type":"ImageObject","@id":"https:\/\/candas365.es\/noticias\/comienza-el-taller-mindfulness\/#authorImage","url":"https:\/\/secure.gravatar.com\/avatar\/496a8e03d0c493ede1718b7934145dbdf8d89be1036b0eec9544e1094c9de390?s=96&d=mm&r=g","width":96,"height":96,"caption":"Cand\u00e1s 365"},"sameAs":["https:\/\/www.facebook.com\/carrenoactualidad","https:\/\/twitter.com\/nbasturias","https:\/\/www.instagram.com\/nachofdezber\/","https:\/\/www.youtube.com\/channel\/UCZP-2wLEB9Rv6erhFmqVnvg"]},{"@type":"WebPage","@id":"https:\/\/candas365.es\/noticias\/comienza-el-taller-mindfulness\/#webpage","url":"https:\/\/candas365.es\/noticias\/comienza-el-taller-mindfulness\/","name":"Comienza el taller \u201cMindfulness\u201d | Cand\u00e1s 365","description":"Hoy, lunes 23 de Octubre ha dado comienzo el taller \u201cMindfulness\u201d en la Casa de Encuentros de las Mujeres de Carre\u00f1o, una iniciativa del Ayuntamiento de Carre\u00f1o en el marco del programa Mujer Rural 2017. El taller, impartido por la psic\u00f3loga Susana Antu\u00f1a Bernardo, busca que sus asistentes trabajen la conciencia plena con el objetivo","inLanguage":"es-ES","isPartOf":{"@id":"https:\/\/candas365.es\/noticias\/#website"},"breadcrumb":{"@id":"https:\/\/candas365.es\/noticias\/comienza-el-taller-mindfulness\/#breadcrumblist"},"author":{"@id":"https:\/\/candas365.es\/noticias\/author\/admin\/#author"},"creator":{"@id":"https:\/\/candas365.es\/noticias\/author\/admin\/#author"},"image":{"@type":"ImageObject","url":"https:\/\/candas365.es\/noticias\/wp-content\/uploads\/2017\/10\/IMG_0170.jpg","@id":"https:\/\/candas365.es\/noticias\/comienza-el-taller-mindfulness\/#mainImage","width":640,"height":481},"primaryImageOfPage":{"@id":"https:\/\/candas365.es\/noticias\/comienza-el-taller-mindfulness\/#mainImage"},"datePublished":"2017-10-23T19:36:13+02:00","dateModified":"2017-10-23T19:36:13+02:00"},{"@type":"WebSite","@id":"https:\/\/candas365.es\/noticias\/#website","url":"https:\/\/candas365.es\/noticias\/","name":"Cand\u00e1s 365","alternateName":"Cand\u00e1s 365 Noticias","description":"Actualidad desde Carre\u00f1o para el mundo","inLanguage":"es-ES","publisher":{"@id":"https:\/\/candas365.es\/noticias\/#organization"}}]},"og:locale":"es_ES","og:site_name":"Cand\u00e1s 365","og:type":"article","og:title":"Comienza el taller \u201cMindfulness\u201d | Cand\u00e1s 365","og:description":"Hoy, lunes 23 de Octubre ha dado comienzo el taller \u201cMindfulness\u201d en la Casa de Encuentros de las Mujeres de Carre\u00f1o, una iniciativa del Ayuntamiento de Carre\u00f1o en el marco del programa Mujer Rural 2017. El taller, impartido por la psic\u00f3loga Susana Antu\u00f1a Bernardo, busca que sus asistentes trabajen la conciencia plena con el objetivo","og:url":"https:\/\/candas365.es\/noticias\/comienza-el-taller-mindfulness\/","og:image":"https:\/\/candas365.es\/noticias\/wp-content\/uploads\/2017\/10\/IMG_0170.jpg","og:image:secure_url":"https:\/\/candas365.es\/noticias\/wp-content\/uploads\/2017\/10\/IMG_0170.jpg","og:image:width":640,"og:image:height":481,"article:published_time":"2017-10-23T19:36:13+00:00","article:modified_time":"2017-10-23T19:36:13+00:00","article:publisher":"https:\/\/www.facebook.com\/Nachofdezber","article:author":"https:\/\/www.facebook.com\/carrenoactualidad","twitter:card":"summary_large_image","twitter:site":"@NabercoDigital","twitter:title":"Comienza el taller \u201cMindfulness\u201d | Cand\u00e1s 365","twitter:description":"Hoy, lunes 23 de Octubre ha dado comienzo el taller \u201cMindfulness\u201d en la Casa de Encuentros de las Mujeres de Carre\u00f1o, una iniciativa del Ayuntamiento de Carre\u00f1o en el marco del programa Mujer Rural 2017. El taller, impartido por la psic\u00f3loga Susana Antu\u00f1a Bernardo, busca que sus asistentes trabajen la conciencia plena con el objetivo","twitter:creator":"@nbasturias","twitter:image":"https:\/\/candas365.es\/noticias\/wp-content\/uploads\/2017\/10\/IMG_0170.jpg","twitter:label1":"Escrito por","twitter:data1":"Cand\u00e1s 365","twitter:label2":"Tiempo de lectura estimado","twitter:data2":"1 minuto"},"aioseo_meta_data":{"post_id":"82760","title":null,"description":null,"keywords":null,"keyphrases":null,"primary_term":null,"canonical_url":null,"og_title":null,"og_description":null,"og_object_type":"default","og_image_type":"default","og_image_url":null,"og_image_width":null,"og_image_height":null,"og_image_custom_url":null,"og_image_custom_fields":null,"og_video":null,"og_custom_url":null,"og_article_section":null,"og_article_tags":null,"twitter_use_og":false,"twitter_card":"default","twitter_image_type":"default","twitter_image_url":null,"twitter_image_custom_url":null,"twitter_image_custom_fields":null,"twitter_title":null,"twitter_description":null,"schema":{"blockGraphs":[],"customGraphs":[],"default":{"data":{"Article":[],"Course":[],"Dataset":[],"FAQPage":[],"Movie":[],"Person":[],"Product":[],"ProductReview":[],"Car":[],"Recipe":[],"Service":[],"SoftwareApplication":[],"WebPage":[]},"graphName":"","isEnabled":true},"graphs":[]},"schema_type":null,"schema_type_options":null,"pillar_content":false,"robots_default":true,"robots_noindex":false,"robots_noarchive":false,"robots_nosnippet":false,"robots_nofollow":false,"robots_noimageindex":false,"robots_noodp":false,"robots_notranslate":false,"robots_max_snippet":null,"robots_max_videopreview":null,"robots_max_imagepreview":"large","priority":null,"frequency":null,"location":null,"local_seo":null,"seo_analyzer_scan_date":"2025-08-26 03:27:11","breadcrumb_settings":null,"limit_modified_date":false,"reviewed_by":null,"open_ai":null,"ai":null,"created":"2020-12-21 12:35:01","updated":"2025-08-26 03:27:11"},"aioseo_breadcrumb":"<div class=\"aioseo-breadcrumbs\"><span class=\"aioseo-breadcrumb\">\n\t<a href=\"https:\/\/candas365.es\/noticias\" title=\"Home\">Home<\/a>\n<\/span><span class=\"aioseo-breadcrumb-separator\">&ndash;<\/span><span class=\"aioseo-breadcrumb\">\n\t<a href=\"https:\/\/candas365.es\/noticias\/category\/noticias-carreno\/\" title=\"Noticias Carre\u00f1o\">Noticias Carre\u00f1o<\/a>\n<\/span><span class=\"aioseo-breadcrumb-separator\">&ndash;<\/span><span class=\"aioseo-breadcrumb\">\n\tComienza el taller \u201cMindfulness\u201d\n<\/span><\/div>","aioseo_breadcrumb_json":[{"label":"Home","link":"https:\/\/candas365.es\/noticias"},{"label":"Noticias Carre\u00f1o","link":"https:\/\/candas365.es\/noticias\/category\/noticias-carreno\/"},{"label":"Comienza el taller \u201cMindfulness\u201d","link":"https:\/\/candas365.es\/noticias\/comienza-el-taller-mindfulness\/"}],"_links":{"self":[{"href":"https:\/\/candas365.es\/noticias\/wp-json\/wp\/v2\/posts\/82760","targetHints":{"allow":["GET"]}}],"collection":[{"href":"https:\/\/candas365.es\/noticias\/wp-json\/wp\/v2\/posts"}],"about":[{"href":"https:\/\/candas365.es\/noticias\/wp-json\/wp\/v2\/types\/post"}],"author":[{"embeddable":true,"href":"https:\/\/candas365.es\/noticias\/wp-json\/wp\/v2\/users\/1"}],"replies":[{"embeddable":true,"href":"https:\/\/candas365.es\/noticias\/wp-json\/wp\/v2\/comments?post=82760"}],"version-history":[{"count":0,"href":"https:\/\/candas365.es\/noticias\/wp-json\/wp\/v2\/posts\/82760\/revisions"}],"wp:featuredmedia":[{"embeddable":true,"href":"https:\/\/candas365.es\/noticias\/wp-json\/wp\/v2\/media\/82761"}],"wp:attachment":[{"href":"https:\/\/candas365.es\/noticias\/wp-json\/wp\/v2\/media?parent=82760"}],"wp:term":[{"taxonomy":"category","embeddable":true,"href":"https:\/\/candas365.es\/noticias\/wp-json\/wp\/v2\/categories?post=82760"},{"taxonomy":"post_tag","embeddable":true,"href":"https:\/\/candas365.es\/noticias\/wp-json\/wp\/v2\/tags?post=82760"}],"curies":[{"name":"wp","href":"https:\/\/api.w.org\/{rel}","templated":true}]}}