{"id":82694,"date":"2017-10-22T16:36:08","date_gmt":"2017-10-22T16:36:08","guid":{"rendered":"http:\/\/candas365.es\/noticias\/?p=82694"},"modified":"2017-10-22T16:36:08","modified_gmt":"2017-10-22T16:36:08","slug":"la-coral-polifonica-aires-de-candas-actua-en-lierganes","status":"publish","type":"post","link":"https:\/\/candas365.es\/noticias\/la-coral-polifonica-aires-de-candas-actua-en-lierganes\/","title":{"rendered":"La Coral Polif\u00f3nica \u201cAires de Cand\u00e1s\u201d act\u00faa en Li\u00e9rganes"},"content":{"rendered":"<p><img fetchpriority=\"high\" decoding=\"async\" class=\"alignleft size-medium wp-image-82695\" src=\"https:\/\/candas365.es\/noticias\/wp-content\/uploads\/2017\/10\/PHOTO-00000015-360x270.jpg\" alt=\"\" width=\"360\" height=\"270\" srcset=\"https:\/\/candas365.es\/noticias\/wp-content\/uploads\/2017\/10\/PHOTO-00000015-360x270.jpg 360w, https:\/\/candas365.es\/noticias\/wp-content\/uploads\/2017\/10\/PHOTO-00000015-768x576.jpg 768w, https:\/\/candas365.es\/noticias\/wp-content\/uploads\/2017\/10\/PHOTO-00000015-640x480.jpg 640w, https:\/\/candas365.es\/noticias\/wp-content\/uploads\/2017\/10\/PHOTO-00000015-80x60.jpg 80w, https:\/\/candas365.es\/noticias\/wp-content\/uploads\/2017\/10\/PHOTO-00000015-265x198.jpg 265w, https:\/\/candas365.es\/noticias\/wp-content\/uploads\/2017\/10\/PHOTO-00000015-696x522.jpg 696w, https:\/\/candas365.es\/noticias\/wp-content\/uploads\/2017\/10\/PHOTO-00000015-1068x801.jpg 1068w, https:\/\/candas365.es\/noticias\/wp-content\/uploads\/2017\/10\/PHOTO-00000015-560x420.jpg 560w, https:\/\/candas365.es\/noticias\/wp-content\/uploads\/2017\/10\/PHOTO-00000015-90x67.jpg 90w, https:\/\/candas365.es\/noticias\/wp-content\/uploads\/2017\/10\/PHOTO-00000015.jpg 1600w\" sizes=\"(max-width: 360px) 100vw, 360px\" \/>La Iglesia de San Pedro Adv\u00edncula acogi\u00f3 un encuentro Coral en el que intervinieron las corales polif\u00f3nicas de Li\u00e9rganes y la de Cand\u00e1s. El concierto estuvo presidido por el regidor cant\u00e1bro Santiago Rego y la Alcaldesa de Carre\u00f1o, Amelia Fern\u00e1ndez.<\/p>\n<p>La Coral Polif\u00f3nica de Li\u00e9rganes que se constituy\u00f3 en 1997 por un grupo de amigos y amigas con la \u00fanica idea de crear una agrupaci\u00f3n coral para divertirse cantando fue la primera en intervenir. Est\u00e1 integrada por 30 voces mixtas y su repertorio abarca habaneras, polifon\u00eda, m\u00fasica regional y popular, godspell, etc. Su director, que a su vez es el fundador y principal impulsor de la misma, Valeriano Labrador Ruiz, ha realizado sus estudios musicales en el Conservatorio \u201cJes\u00fas de Monasterio\u201d de Santander, donde curs\u00f3 armon\u00eda, canto coral y contrapunto. Adem\u00e1s ha realizado numerosos cursos de direcci\u00f3n coral con Manuel Cavero, Enrique Azurza, Carlos Gorricho, Juan M\u00aa Esteban (t\u00e9cnica Celibidache) y Esteban Sanz (Director del Coro L\u00edrico del Palacio de Festivales de Cantabria). Ha dirigido distintas corales y, en la actualidad compagina su trabajo de profesor de primaria en la especialidad de m\u00fasica con la direcci\u00f3n de esta Coral. La Coral c\u00e1ntabra culmin\u00f3 su intervenci\u00f3n interpretando el Himno de Cantabria, ante el vecindario y p\u00fablico visitante que se acercaron hasta esta localidad. Y en el pr\u00f3ximo mes de Septiembre, en el marco de la festividad del Cristo, participar\u00e1n en Cand\u00e1s el Concierto Coral post preg\u00f3n de fiestas.<\/p>\n<p>La Coral Polif\u00f3nica \u201cAires de Cand\u00e1s\u201d fue fundada en 1980. La integran 30 voces mixtas, y forman parte de la Federaci\u00f3n Coral Asturiana. Su repertorio consta de polifon\u00eda cl\u00e1sica, religiosa y profana de los siglos XVI al XX, as\u00ed como tambi\u00e9n de habaneras y temas populares y polif\u00f3nicos de Asturias y otras regiones. Ha ofrecido conciertos por todo el Principado de Asturias y en la mayor\u00eda de las Comunidades espa\u00f1olas: Valencia, Andalucia, Extremadura, Navarra, Galicia, Castilla-Le\u00f3n&#8230; Tambi\u00e9n ha actuado en diversos pa\u00edses: Francia, Austria, Suiza, Portugal\u2026 Realiza peri\u00f3dicamente intercambios con corales de otras Comunidades y de Asturias. Ha participado en varios cert\u00e1menes corales obteniendo premios en: Avil\u00e9s, San Vicente de la Barquera, Noia, La Felguera, Oviedo&#8230;Ha participado en la elaboraci\u00f3n de un CD para ambientaci\u00f3n del Museo de la Sidra y grabado una casete con temas populares y navide\u00f1os. Tambi\u00e9n participaron en la escenificaci\u00f3n del musical \u201cJos\u00e9\u201d basado en la novela de Armando Palacio Vald\u00e9s y en la representaci\u00f3n de la zarzuela \u201c El Rapac\u00edn de Cand\u00e1s\u201d. Aires de Cand\u00e1s organiza, desde 2002, junto con el Centro Cultural Teatro Prendes una muestra de canci\u00f3n marinera y habanera en el marco de la festividad del Cristo. El pr\u00f3ximo a\u00f1o contar\u00e1n con la coral c\u00e1ntabra. Su Director, desde 2001, es Marco Antonio Garc\u00eda de la Paz y cuentan con la inestimable colaboraci\u00f3n, en el aspecto vocal y de educaci\u00f3n musical, de Elena Rosso Vali\u00f1a profesora de la Escuela de M\u00fasica \u201c Miguel Barrosa\u201d de Carre\u00f1o.<\/p>\n<p>\u201cQue Cand\u00e1s es la mar de sonora es algo incuestionable. Ello, se debe, en buena parte, a la labor educativa que se viene impulsando desde hace a\u00f1os. De este modo, hoy disfrutamos de una calidad excelente de coros y agrupaciones corales. Colectivos que son embajadores de su tierra y que cada a\u00f1o llevan nuestra m\u00fasica y cultura como estandarte fuera de nuestras fronteras. Este fin de semana, la Coral Polif\u00f3nica \u201c Aires de Cand\u00e1s\u201d son\u00f3 la mar de bien en que en este marco incomparable como Li\u00e9rganes que lo tipifican como una joya y uno de los pueblos m\u00e1s bonitos de Espa\u00f1a y del mundo. Tal es as\u00ed que al t\u00e9rmino de su \u00faltima canci\u00f3n \u201c Con Sabor Tropical\u201d el p\u00fablico se puso en pie para aclamar a la coral candasina\u201d \u2013 se\u00f1al\u00f3 Amelia Fern\u00e1ndez, Alcadesa de Carre\u00f1o.<\/p>\n<p>Al t\u00e9rmino del concierto coral Santiago Rego obsequi\u00f3 a la Alcaldesa carre\u00f1ense con unas publicaciones de la zona. Material bibliogr\u00e1fico que la regidora donar\u00e1 a la Biblioteca Municipal para uso y consulta del vecindario del concejo. Amelia Fern\u00e1ndez, por su parte, agasaj\u00f3 al regidor de Li\u00e9rganes con una pieza cer\u00e1mica que reproduce una panera estilo Carre\u00f1o, obra de la ceramista Rita Prendes, y un ejemplar de una re-edici\u00f3n limitada de la \u201cHistoria de Carre\u00f1o\u201d obra del cronista tristemente fallecido, Marino Busto Garc\u00eda.<\/p>\n","protected":false},"excerpt":{"rendered":"<p>La Iglesia de San Pedro Adv\u00edncula acogi\u00f3 un encuentro Coral en el que intervinieron las corales polif\u00f3nicas de Li\u00e9rganes y la de Cand\u00e1s. El concierto estuvo presidido por el regidor cant\u00e1bro Santiago Rego y la Alcaldesa de Carre\u00f1o, Amelia Fern\u00e1ndez. La Coral Polif\u00f3nica de Li\u00e9rganes que se constituy\u00f3 en 1997 por un grupo de amigos<\/p>\n","protected":false},"author":1,"featured_media":82695,"comment_status":"closed","ping_status":"closed","sticky":false,"template":"","format":"standard","meta":{"footnotes":""},"categories":[2],"tags":[],"class_list":{"0":"post-82694","1":"post","2":"type-post","3":"status-publish","4":"format-standard","5":"has-post-thumbnail","7":"category-noticias-carreno"},"aioseo_notices":[],"aioseo_head":"\n\t\t<!-- All in One SEO Pro 4.9.6.2 - aioseo.com -->\n\t<meta name=\"description\" content=\"La Iglesia de San Pedro Adv\u00edncula acogi\u00f3 un encuentro Coral en el que intervinieron las corales polif\u00f3nicas de Li\u00e9rganes y la de Cand\u00e1s. El concierto estuvo presidido por el regidor cant\u00e1bro Santiago Rego y la Alcaldesa de Carre\u00f1o, Amelia Fern\u00e1ndez. La Coral Polif\u00f3nica de Li\u00e9rganes que se constituy\u00f3 en 1997 por un grupo de amigos\" \/>\n\t<meta name=\"robots\" content=\"max-image-preview:large\" \/>\n\t<meta name=\"author\" content=\"Cand\u00e1s 365\"\/>\n\t<meta name=\"google-site-verification\" content=\"UA-32230408-1\" \/>\n\t<meta name=\"msvalidate.01\" content=\"354F3CDFB2DA171B47FBE9ABF1F88D5\" \/>\n\t<meta name=\"keywords\" content=\"noticias carre\u00f1o\" \/>\n\t<link rel=\"canonical\" href=\"https:\/\/candas365.es\/noticias\/la-coral-polifonica-aires-de-candas-actua-en-lierganes\/\" \/>\n\t<meta name=\"generator\" content=\"All in One SEO Pro (AIOSEO) 4.9.6.2\" \/>\n\t\t<meta property=\"og:locale\" content=\"es_ES\" \/>\n\t\t<meta property=\"og:site_name\" content=\"Cand\u00e1s 365\" \/>\n\t\t<meta property=\"og:type\" content=\"article\" \/>\n\t\t<meta property=\"og:title\" content=\"La Coral Polif\u00f3nica \u201cAires de Cand\u00e1s\u201d act\u00faa en Li\u00e9rganes | Cand\u00e1s 365\" \/>\n\t\t<meta property=\"og:description\" content=\"La Iglesia de San Pedro Adv\u00edncula acogi\u00f3 un encuentro Coral en el que intervinieron las corales polif\u00f3nicas de Li\u00e9rganes y la de Cand\u00e1s. El concierto estuvo presidido por el regidor cant\u00e1bro Santiago Rego y la Alcaldesa de Carre\u00f1o, Amelia Fern\u00e1ndez. La Coral Polif\u00f3nica de Li\u00e9rganes que se constituy\u00f3 en 1997 por un grupo de amigos\" \/>\n\t\t<meta property=\"og:url\" content=\"https:\/\/candas365.es\/noticias\/la-coral-polifonica-aires-de-candas-actua-en-lierganes\/\" \/>\n\t\t<meta property=\"og:image\" content=\"https:\/\/candas365.es\/noticias\/wp-content\/uploads\/2017\/10\/PHOTO-00000015.jpg\" \/>\n\t\t<meta property=\"og:image:secure_url\" content=\"https:\/\/candas365.es\/noticias\/wp-content\/uploads\/2017\/10\/PHOTO-00000015.jpg\" \/>\n\t\t<meta property=\"og:image:width\" content=\"1600\" \/>\n\t\t<meta property=\"og:image:height\" content=\"1200\" \/>\n\t\t<meta property=\"article:published_time\" content=\"2017-10-22T16:36:08+00:00\" \/>\n\t\t<meta property=\"article:modified_time\" content=\"2017-10-22T16:36:08+00:00\" \/>\n\t\t<meta property=\"article:publisher\" content=\"https:\/\/www.facebook.com\/Nachofdezber\" \/>\n\t\t<meta property=\"article:author\" content=\"https:\/\/www.facebook.com\/carrenoactualidad\" \/>\n\t\t<meta name=\"twitter:card\" content=\"summary_large_image\" \/>\n\t\t<meta name=\"twitter:site\" content=\"@NabercoDigital\" \/>\n\t\t<meta name=\"twitter:title\" content=\"La Coral Polif\u00f3nica \u201cAires de Cand\u00e1s\u201d act\u00faa en Li\u00e9rganes | Cand\u00e1s 365\" \/>\n\t\t<meta name=\"twitter:description\" content=\"La Iglesia de San Pedro Adv\u00edncula acogi\u00f3 un encuentro Coral en el que intervinieron las corales polif\u00f3nicas de Li\u00e9rganes y la de Cand\u00e1s. El concierto estuvo presidido por el regidor cant\u00e1bro Santiago Rego y la Alcaldesa de Carre\u00f1o, Amelia Fern\u00e1ndez. La Coral Polif\u00f3nica de Li\u00e9rganes que se constituy\u00f3 en 1997 por un grupo de amigos\" \/>\n\t\t<meta name=\"twitter:creator\" content=\"@nbasturias\" \/>\n\t\t<meta name=\"twitter:image\" content=\"https:\/\/candas365.es\/noticias\/wp-content\/uploads\/2017\/10\/PHOTO-00000015.jpg\" \/>\n\t\t<meta name=\"twitter:label1\" content=\"Escrito por\" \/>\n\t\t<meta name=\"twitter:data1\" content=\"Cand\u00e1s 365\" \/>\n\t\t<meta name=\"twitter:label2\" content=\"Tiempo de lectura estimado\" \/>\n\t\t<meta name=\"twitter:data2\" content=\"4 minutos\" \/>\n\t\t<script type=\"application\/ld+json\" class=\"aioseo-schema\">\n\t\t\t{\"@context\":\"https:\\\/\\\/schema.org\",\"@graph\":[{\"@type\":\"BreadcrumbList\",\"@id\":\"https:\\\/\\\/candas365.es\\\/noticias\\\/la-coral-polifonica-aires-de-candas-actua-en-lierganes\\\/#breadcrumblist\",\"itemListElement\":[{\"@type\":\"ListItem\",\"@id\":\"https:\\\/\\\/candas365.es\\\/noticias#listItem\",\"position\":1,\"name\":\"Home\",\"item\":\"https:\\\/\\\/candas365.es\\\/noticias\",\"nextItem\":{\"@type\":\"ListItem\",\"@id\":\"https:\\\/\\\/candas365.es\\\/noticias\\\/category\\\/noticias-carreno\\\/#listItem\",\"name\":\"Noticias Carre\\u00f1o\"}},{\"@type\":\"ListItem\",\"@id\":\"https:\\\/\\\/candas365.es\\\/noticias\\\/category\\\/noticias-carreno\\\/#listItem\",\"position\":2,\"name\":\"Noticias Carre\\u00f1o\",\"item\":\"https:\\\/\\\/candas365.es\\\/noticias\\\/category\\\/noticias-carreno\\\/\",\"nextItem\":{\"@type\":\"ListItem\",\"@id\":\"https:\\\/\\\/candas365.es\\\/noticias\\\/la-coral-polifonica-aires-de-candas-actua-en-lierganes\\\/#listItem\",\"name\":\"La Coral Polif\\u00f3nica \\u201cAires de Cand\\u00e1s\\u201d act\\u00faa en Li\\u00e9rganes\"},\"previousItem\":{\"@type\":\"ListItem\",\"@id\":\"https:\\\/\\\/candas365.es\\\/noticias#listItem\",\"name\":\"Home\"}},{\"@type\":\"ListItem\",\"@id\":\"https:\\\/\\\/candas365.es\\\/noticias\\\/la-coral-polifonica-aires-de-candas-actua-en-lierganes\\\/#listItem\",\"position\":3,\"name\":\"La Coral Polif\\u00f3nica \\u201cAires de Cand\\u00e1s\\u201d act\\u00faa en Li\\u00e9rganes\",\"previousItem\":{\"@type\":\"ListItem\",\"@id\":\"https:\\\/\\\/candas365.es\\\/noticias\\\/category\\\/noticias-carreno\\\/#listItem\",\"name\":\"Noticias Carre\\u00f1o\"}}]},{\"@type\":\"NewsArticle\",\"@id\":\"https:\\\/\\\/candas365.es\\\/noticias\\\/la-coral-polifonica-aires-de-candas-actua-en-lierganes\\\/#newsarticle\",\"name\":\"La Coral Polif\\u00f3nica \\u201cAires de Cand\\u00e1s\\u201d act\\u00faa en Li\\u00e9rganes | Cand\\u00e1s 365\",\"headline\":\"La Coral Polif\\u00f3nica \\u201cAires de Cand\\u00e1s\\u201d act\\u00faa en Li\\u00e9rganes\",\"author\":{\"@id\":\"https:\\\/\\\/candas365.es\\\/noticias\\\/author\\\/admin\\\/#author\"},\"publisher\":{\"@id\":\"https:\\\/\\\/candas365.es\\\/noticias\\\/#organization\"},\"image\":{\"@type\":\"ImageObject\",\"url\":\"https:\\\/\\\/candas365.es\\\/noticias\\\/wp-content\\\/uploads\\\/2017\\\/10\\\/PHOTO-00000015.jpg\",\"width\":1600,\"height\":1200},\"datePublished\":\"2017-10-22T16:36:08+02:00\",\"dateModified\":\"2017-10-22T16:36:08+02:00\",\"inLanguage\":\"es-ES\",\"mainEntityOfPage\":{\"@id\":\"https:\\\/\\\/candas365.es\\\/noticias\\\/la-coral-polifonica-aires-de-candas-actua-en-lierganes\\\/#webpage\"},\"isPartOf\":{\"@id\":\"https:\\\/\\\/candas365.es\\\/noticias\\\/la-coral-polifonica-aires-de-candas-actua-en-lierganes\\\/#webpage\"},\"articleSection\":\"Noticias Carre\\u00f1o\",\"dateline\":\"Publicado el octubre 22, 2017.\"},{\"@type\":\"Organization\",\"@id\":\"https:\\\/\\\/candas365.es\\\/noticias\\\/#organization\",\"name\":\"Cand\\u00e1s 365\",\"description\":\"Cand\\u00e1s 365 es un diario digital independiente, fundado en 2012, con base en Asturias. Informamos con rigor sobre actualidad, sociedad, cultura y ocio, con una mirada local y global.\",\"url\":\"https:\\\/\\\/candas365.es\\\/noticias\\\/\",\"email\":\"info@candas365.es\",\"telephone\":\"+34652131393\",\"foundingDate\":\"2012-06-10\",\"logo\":{\"@type\":\"ImageObject\",\"url\":\"https:\\\/\\\/candas365.es\\\/noticias\\\/wp-content\\\/uploads\\\/2024\\\/09\\\/Candas-365-Redes.jpg\",\"@id\":\"https:\\\/\\\/candas365.es\\\/noticias\\\/la-coral-polifonica-aires-de-candas-actua-en-lierganes\\\/#organizationLogo\",\"width\":1152,\"height\":864,\"caption\":\"Cand\\u00e1s 365 Redes\"},\"image\":{\"@id\":\"https:\\\/\\\/candas365.es\\\/noticias\\\/la-coral-polifonica-aires-de-candas-actua-en-lierganes\\\/#organizationLogo\"},\"sameAs\":[\"https:\\\/\\\/www.facebook.com\\\/Nachofdezber\",\"https:\\\/\\\/x.com\\\/NabercoDigital\",\"https:\\\/\\\/www.instagram.com\\\/nachofdezber\\\/\",\"https:\\\/\\\/www.youtube.com\\\/channel\\\/UCZP-2wLEB9Rv6erhFmqVnvg\"],\"address\":{\"@id\":\"https:\\\/\\\/candas365.es\\\/noticias\\\/#postaladdress\",\"@type\":\"PostalAddress\",\"streetAddress\":\"san antonio 4, san antonio 4\",\"postalCode\":\"33430\",\"addressLocality\":\"Cand\\u00e1s\",\"addressRegion\":\"Asturias\",\"addressCountry\":\"ES\"}},{\"@type\":\"Person\",\"@id\":\"https:\\\/\\\/candas365.es\\\/noticias\\\/author\\\/admin\\\/#author\",\"url\":\"https:\\\/\\\/candas365.es\\\/noticias\\\/author\\\/admin\\\/\",\"name\":\"Cand\\u00e1s 365\",\"image\":{\"@type\":\"ImageObject\",\"@id\":\"https:\\\/\\\/candas365.es\\\/noticias\\\/la-coral-polifonica-aires-de-candas-actua-en-lierganes\\\/#authorImage\",\"url\":\"https:\\\/\\\/secure.gravatar.com\\\/avatar\\\/496a8e03d0c493ede1718b7934145dbdf8d89be1036b0eec9544e1094c9de390?s=96&d=mm&r=g\",\"width\":96,\"height\":96,\"caption\":\"Cand\\u00e1s 365\"},\"sameAs\":[\"https:\\\/\\\/www.facebook.com\\\/carrenoactualidad\",\"https:\\\/\\\/twitter.com\\\/nbasturias\",\"https:\\\/\\\/www.instagram.com\\\/nachofdezber\\\/\",\"https:\\\/\\\/www.youtube.com\\\/channel\\\/UCZP-2wLEB9Rv6erhFmqVnvg\"]},{\"@type\":\"WebPage\",\"@id\":\"https:\\\/\\\/candas365.es\\\/noticias\\\/la-coral-polifonica-aires-de-candas-actua-en-lierganes\\\/#webpage\",\"url\":\"https:\\\/\\\/candas365.es\\\/noticias\\\/la-coral-polifonica-aires-de-candas-actua-en-lierganes\\\/\",\"name\":\"La Coral Polif\\u00f3nica \\u201cAires de Cand\\u00e1s\\u201d act\\u00faa en Li\\u00e9rganes | Cand\\u00e1s 365\",\"description\":\"La Iglesia de San Pedro Adv\\u00edncula acogi\\u00f3 un encuentro Coral en el que intervinieron las corales polif\\u00f3nicas de Li\\u00e9rganes y la de Cand\\u00e1s. El concierto estuvo presidido por el regidor cant\\u00e1bro Santiago Rego y la Alcaldesa de Carre\\u00f1o, Amelia Fern\\u00e1ndez. La Coral Polif\\u00f3nica de Li\\u00e9rganes que se constituy\\u00f3 en 1997 por un grupo de amigos\",\"inLanguage\":\"es-ES\",\"isPartOf\":{\"@id\":\"https:\\\/\\\/candas365.es\\\/noticias\\\/#website\"},\"breadcrumb\":{\"@id\":\"https:\\\/\\\/candas365.es\\\/noticias\\\/la-coral-polifonica-aires-de-candas-actua-en-lierganes\\\/#breadcrumblist\"},\"author\":{\"@id\":\"https:\\\/\\\/candas365.es\\\/noticias\\\/author\\\/admin\\\/#author\"},\"creator\":{\"@id\":\"https:\\\/\\\/candas365.es\\\/noticias\\\/author\\\/admin\\\/#author\"},\"image\":{\"@type\":\"ImageObject\",\"url\":\"https:\\\/\\\/candas365.es\\\/noticias\\\/wp-content\\\/uploads\\\/2017\\\/10\\\/PHOTO-00000015.jpg\",\"@id\":\"https:\\\/\\\/candas365.es\\\/noticias\\\/la-coral-polifonica-aires-de-candas-actua-en-lierganes\\\/#mainImage\",\"width\":1600,\"height\":1200},\"primaryImageOfPage\":{\"@id\":\"https:\\\/\\\/candas365.es\\\/noticias\\\/la-coral-polifonica-aires-de-candas-actua-en-lierganes\\\/#mainImage\"},\"datePublished\":\"2017-10-22T16:36:08+02:00\",\"dateModified\":\"2017-10-22T16:36:08+02:00\"},{\"@type\":\"WebSite\",\"@id\":\"https:\\\/\\\/candas365.es\\\/noticias\\\/#website\",\"url\":\"https:\\\/\\\/candas365.es\\\/noticias\\\/\",\"name\":\"Cand\\u00e1s 365\",\"alternateName\":\"Cand\\u00e1s 365 Noticias\",\"description\":\"Actualidad desde Carre\\u00f1o para el mundo\",\"inLanguage\":\"es-ES\",\"publisher\":{\"@id\":\"https:\\\/\\\/candas365.es\\\/noticias\\\/#organization\"}}]}\n\t\t<\/script>\n\t\t<!-- All in One SEO Pro -->\r\n\t\t<title>La Coral Polif\u00f3nica \u201cAires de Cand\u00e1s\u201d act\u00faa en Li\u00e9rganes | Cand\u00e1s 365<\/title>\n\n","aioseo_head_json":{"title":"La Coral Polif\u00f3nica \u201cAires de Cand\u00e1s\u201d act\u00faa en Li\u00e9rganes | Cand\u00e1s 365","description":"La Iglesia de San Pedro Adv\u00edncula acogi\u00f3 un encuentro Coral en el que intervinieron las corales polif\u00f3nicas de Li\u00e9rganes y la de Cand\u00e1s. El concierto estuvo presidido por el regidor cant\u00e1bro Santiago Rego y la Alcaldesa de Carre\u00f1o, Amelia Fern\u00e1ndez. La Coral Polif\u00f3nica de Li\u00e9rganes que se constituy\u00f3 en 1997 por un grupo de amigos","canonical_url":"https:\/\/candas365.es\/noticias\/la-coral-polifonica-aires-de-candas-actua-en-lierganes\/","robots":"max-image-preview:large","keywords":"noticias carre\u00f1o","webmasterTools":{"google-site-verification":"UA-32230408-1","msvalidate.01":"354F3CDFB2DA171B47FBE9ABF1F88D5","miscellaneous":""},"schema":{"@context":"https:\/\/schema.org","@graph":[{"@type":"BreadcrumbList","@id":"https:\/\/candas365.es\/noticias\/la-coral-polifonica-aires-de-candas-actua-en-lierganes\/#breadcrumblist","itemListElement":[{"@type":"ListItem","@id":"https:\/\/candas365.es\/noticias#listItem","position":1,"name":"Home","item":"https:\/\/candas365.es\/noticias","nextItem":{"@type":"ListItem","@id":"https:\/\/candas365.es\/noticias\/category\/noticias-carreno\/#listItem","name":"Noticias Carre\u00f1o"}},{"@type":"ListItem","@id":"https:\/\/candas365.es\/noticias\/category\/noticias-carreno\/#listItem","position":2,"name":"Noticias Carre\u00f1o","item":"https:\/\/candas365.es\/noticias\/category\/noticias-carreno\/","nextItem":{"@type":"ListItem","@id":"https:\/\/candas365.es\/noticias\/la-coral-polifonica-aires-de-candas-actua-en-lierganes\/#listItem","name":"La Coral Polif\u00f3nica \u201cAires de Cand\u00e1s\u201d act\u00faa en Li\u00e9rganes"},"previousItem":{"@type":"ListItem","@id":"https:\/\/candas365.es\/noticias#listItem","name":"Home"}},{"@type":"ListItem","@id":"https:\/\/candas365.es\/noticias\/la-coral-polifonica-aires-de-candas-actua-en-lierganes\/#listItem","position":3,"name":"La Coral Polif\u00f3nica \u201cAires de Cand\u00e1s\u201d act\u00faa en Li\u00e9rganes","previousItem":{"@type":"ListItem","@id":"https:\/\/candas365.es\/noticias\/category\/noticias-carreno\/#listItem","name":"Noticias Carre\u00f1o"}}]},{"@type":"NewsArticle","@id":"https:\/\/candas365.es\/noticias\/la-coral-polifonica-aires-de-candas-actua-en-lierganes\/#newsarticle","name":"La Coral Polif\u00f3nica \u201cAires de Cand\u00e1s\u201d act\u00faa en Li\u00e9rganes | Cand\u00e1s 365","headline":"La Coral Polif\u00f3nica \u201cAires de Cand\u00e1s\u201d act\u00faa en Li\u00e9rganes","author":{"@id":"https:\/\/candas365.es\/noticias\/author\/admin\/#author"},"publisher":{"@id":"https:\/\/candas365.es\/noticias\/#organization"},"image":{"@type":"ImageObject","url":"https:\/\/candas365.es\/noticias\/wp-content\/uploads\/2017\/10\/PHOTO-00000015.jpg","width":1600,"height":1200},"datePublished":"2017-10-22T16:36:08+02:00","dateModified":"2017-10-22T16:36:08+02:00","inLanguage":"es-ES","mainEntityOfPage":{"@id":"https:\/\/candas365.es\/noticias\/la-coral-polifonica-aires-de-candas-actua-en-lierganes\/#webpage"},"isPartOf":{"@id":"https:\/\/candas365.es\/noticias\/la-coral-polifonica-aires-de-candas-actua-en-lierganes\/#webpage"},"articleSection":"Noticias Carre\u00f1o","dateline":"Publicado el octubre 22, 2017."},{"@type":"Organization","@id":"https:\/\/candas365.es\/noticias\/#organization","name":"Cand\u00e1s 365","description":"Cand\u00e1s 365 es un diario digital independiente, fundado en 2012, con base en Asturias. Informamos con rigor sobre actualidad, sociedad, cultura y ocio, con una mirada local y global.","url":"https:\/\/candas365.es\/noticias\/","email":"info@candas365.es","telephone":"+34652131393","foundingDate":"2012-06-10","logo":{"@type":"ImageObject","url":"https:\/\/candas365.es\/noticias\/wp-content\/uploads\/2024\/09\/Candas-365-Redes.jpg","@id":"https:\/\/candas365.es\/noticias\/la-coral-polifonica-aires-de-candas-actua-en-lierganes\/#organizationLogo","width":1152,"height":864,"caption":"Cand\u00e1s 365 Redes"},"image":{"@id":"https:\/\/candas365.es\/noticias\/la-coral-polifonica-aires-de-candas-actua-en-lierganes\/#organizationLogo"},"sameAs":["https:\/\/www.facebook.com\/Nachofdezber","https:\/\/x.com\/NabercoDigital","https:\/\/www.instagram.com\/nachofdezber\/","https:\/\/www.youtube.com\/channel\/UCZP-2wLEB9Rv6erhFmqVnvg"],"address":{"@id":"https:\/\/candas365.es\/noticias\/#postaladdress","@type":"PostalAddress","streetAddress":"san antonio 4, san antonio 4","postalCode":"33430","addressLocality":"Cand\u00e1s","addressRegion":"Asturias","addressCountry":"ES"}},{"@type":"Person","@id":"https:\/\/candas365.es\/noticias\/author\/admin\/#author","url":"https:\/\/candas365.es\/noticias\/author\/admin\/","name":"Cand\u00e1s 365","image":{"@type":"ImageObject","@id":"https:\/\/candas365.es\/noticias\/la-coral-polifonica-aires-de-candas-actua-en-lierganes\/#authorImage","url":"https:\/\/secure.gravatar.com\/avatar\/496a8e03d0c493ede1718b7934145dbdf8d89be1036b0eec9544e1094c9de390?s=96&d=mm&r=g","width":96,"height":96,"caption":"Cand\u00e1s 365"},"sameAs":["https:\/\/www.facebook.com\/carrenoactualidad","https:\/\/twitter.com\/nbasturias","https:\/\/www.instagram.com\/nachofdezber\/","https:\/\/www.youtube.com\/channel\/UCZP-2wLEB9Rv6erhFmqVnvg"]},{"@type":"WebPage","@id":"https:\/\/candas365.es\/noticias\/la-coral-polifonica-aires-de-candas-actua-en-lierganes\/#webpage","url":"https:\/\/candas365.es\/noticias\/la-coral-polifonica-aires-de-candas-actua-en-lierganes\/","name":"La Coral Polif\u00f3nica \u201cAires de Cand\u00e1s\u201d act\u00faa en Li\u00e9rganes | Cand\u00e1s 365","description":"La Iglesia de San Pedro Adv\u00edncula acogi\u00f3 un encuentro Coral en el que intervinieron las corales polif\u00f3nicas de Li\u00e9rganes y la de Cand\u00e1s. El concierto estuvo presidido por el regidor cant\u00e1bro Santiago Rego y la Alcaldesa de Carre\u00f1o, Amelia Fern\u00e1ndez. La Coral Polif\u00f3nica de Li\u00e9rganes que se constituy\u00f3 en 1997 por un grupo de amigos","inLanguage":"es-ES","isPartOf":{"@id":"https:\/\/candas365.es\/noticias\/#website"},"breadcrumb":{"@id":"https:\/\/candas365.es\/noticias\/la-coral-polifonica-aires-de-candas-actua-en-lierganes\/#breadcrumblist"},"author":{"@id":"https:\/\/candas365.es\/noticias\/author\/admin\/#author"},"creator":{"@id":"https:\/\/candas365.es\/noticias\/author\/admin\/#author"},"image":{"@type":"ImageObject","url":"https:\/\/candas365.es\/noticias\/wp-content\/uploads\/2017\/10\/PHOTO-00000015.jpg","@id":"https:\/\/candas365.es\/noticias\/la-coral-polifonica-aires-de-candas-actua-en-lierganes\/#mainImage","width":1600,"height":1200},"primaryImageOfPage":{"@id":"https:\/\/candas365.es\/noticias\/la-coral-polifonica-aires-de-candas-actua-en-lierganes\/#mainImage"},"datePublished":"2017-10-22T16:36:08+02:00","dateModified":"2017-10-22T16:36:08+02:00"},{"@type":"WebSite","@id":"https:\/\/candas365.es\/noticias\/#website","url":"https:\/\/candas365.es\/noticias\/","name":"Cand\u00e1s 365","alternateName":"Cand\u00e1s 365 Noticias","description":"Actualidad desde Carre\u00f1o para el mundo","inLanguage":"es-ES","publisher":{"@id":"https:\/\/candas365.es\/noticias\/#organization"}}]},"og:locale":"es_ES","og:site_name":"Cand\u00e1s 365","og:type":"article","og:title":"La Coral Polif\u00f3nica \u201cAires de Cand\u00e1s\u201d act\u00faa en Li\u00e9rganes | Cand\u00e1s 365","og:description":"La Iglesia de San Pedro Adv\u00edncula acogi\u00f3 un encuentro Coral en el que intervinieron las corales polif\u00f3nicas de Li\u00e9rganes y la de Cand\u00e1s. El concierto estuvo presidido por el regidor cant\u00e1bro Santiago Rego y la Alcaldesa de Carre\u00f1o, Amelia Fern\u00e1ndez. La Coral Polif\u00f3nica de Li\u00e9rganes que se constituy\u00f3 en 1997 por un grupo de amigos","og:url":"https:\/\/candas365.es\/noticias\/la-coral-polifonica-aires-de-candas-actua-en-lierganes\/","og:image":"https:\/\/candas365.es\/noticias\/wp-content\/uploads\/2017\/10\/PHOTO-00000015.jpg","og:image:secure_url":"https:\/\/candas365.es\/noticias\/wp-content\/uploads\/2017\/10\/PHOTO-00000015.jpg","og:image:width":1600,"og:image:height":1200,"article:published_time":"2017-10-22T16:36:08+00:00","article:modified_time":"2017-10-22T16:36:08+00:00","article:publisher":"https:\/\/www.facebook.com\/Nachofdezber","article:author":"https:\/\/www.facebook.com\/carrenoactualidad","twitter:card":"summary_large_image","twitter:site":"@NabercoDigital","twitter:title":"La Coral Polif\u00f3nica \u201cAires de Cand\u00e1s\u201d act\u00faa en Li\u00e9rganes | Cand\u00e1s 365","twitter:description":"La Iglesia de San Pedro Adv\u00edncula acogi\u00f3 un encuentro Coral en el que intervinieron las corales polif\u00f3nicas de Li\u00e9rganes y la de Cand\u00e1s. El concierto estuvo presidido por el regidor cant\u00e1bro Santiago Rego y la Alcaldesa de Carre\u00f1o, Amelia Fern\u00e1ndez. La Coral Polif\u00f3nica de Li\u00e9rganes que se constituy\u00f3 en 1997 por un grupo de amigos","twitter:creator":"@nbasturias","twitter:image":"https:\/\/candas365.es\/noticias\/wp-content\/uploads\/2017\/10\/PHOTO-00000015.jpg","twitter:label1":"Escrito por","twitter:data1":"Cand\u00e1s 365","twitter:label2":"Tiempo de lectura estimado","twitter:data2":"4 minutos"},"aioseo_meta_data":{"post_id":"82694","title":null,"description":null,"keywords":null,"keyphrases":null,"primary_term":null,"canonical_url":null,"og_title":null,"og_description":null,"og_object_type":"default","og_image_type":"default","og_image_url":null,"og_image_width":null,"og_image_height":null,"og_image_custom_url":null,"og_image_custom_fields":null,"og_video":null,"og_custom_url":null,"og_article_section":null,"og_article_tags":null,"twitter_use_og":false,"twitter_card":"default","twitter_image_type":"default","twitter_image_url":null,"twitter_image_custom_url":null,"twitter_image_custom_fields":null,"twitter_title":null,"twitter_description":null,"schema":{"blockGraphs":[],"customGraphs":[],"default":{"data":{"Article":[],"Course":[],"Dataset":[],"FAQPage":[],"Movie":[],"Person":[],"Product":[],"ProductReview":[],"Car":[],"Recipe":[],"Service":[],"SoftwareApplication":[],"WebPage":[]},"graphName":"","isEnabled":true},"graphs":[]},"schema_type":null,"schema_type_options":null,"pillar_content":false,"robots_default":true,"robots_noindex":false,"robots_noarchive":false,"robots_nosnippet":false,"robots_nofollow":false,"robots_noimageindex":false,"robots_noodp":false,"robots_notranslate":false,"robots_max_snippet":null,"robots_max_videopreview":null,"robots_max_imagepreview":"large","priority":null,"frequency":null,"location":null,"local_seo":null,"seo_analyzer_scan_date":"2025-08-26 03:22:16","breadcrumb_settings":null,"limit_modified_date":false,"reviewed_by":null,"open_ai":null,"ai":null,"created":"2020-12-21 12:35:01","updated":"2025-08-26 03:22:16"},"aioseo_breadcrumb":"<div class=\"aioseo-breadcrumbs\"><span class=\"aioseo-breadcrumb\">\n\t<a href=\"https:\/\/candas365.es\/noticias\" title=\"Home\">Home<\/a>\n<\/span><span class=\"aioseo-breadcrumb-separator\">&ndash;<\/span><span class=\"aioseo-breadcrumb\">\n\t<a href=\"https:\/\/candas365.es\/noticias\/category\/noticias-carreno\/\" title=\"Noticias Carre\u00f1o\">Noticias Carre\u00f1o<\/a>\n<\/span><span class=\"aioseo-breadcrumb-separator\">&ndash;<\/span><span class=\"aioseo-breadcrumb\">\n\tLa Coral Polif\u00f3nica \u201cAires de Cand\u00e1s\u201d act\u00faa en Li\u00e9rganes\n<\/span><\/div>","aioseo_breadcrumb_json":[{"label":"Home","link":"https:\/\/candas365.es\/noticias"},{"label":"Noticias Carre\u00f1o","link":"https:\/\/candas365.es\/noticias\/category\/noticias-carreno\/"},{"label":"La Coral Polif\u00f3nica \u201cAires de Cand\u00e1s\u201d act\u00faa en Li\u00e9rganes","link":"https:\/\/candas365.es\/noticias\/la-coral-polifonica-aires-de-candas-actua-en-lierganes\/"}],"_links":{"self":[{"href":"https:\/\/candas365.es\/noticias\/wp-json\/wp\/v2\/posts\/82694","targetHints":{"allow":["GET"]}}],"collection":[{"href":"https:\/\/candas365.es\/noticias\/wp-json\/wp\/v2\/posts"}],"about":[{"href":"https:\/\/candas365.es\/noticias\/wp-json\/wp\/v2\/types\/post"}],"author":[{"embeddable":true,"href":"https:\/\/candas365.es\/noticias\/wp-json\/wp\/v2\/users\/1"}],"replies":[{"embeddable":true,"href":"https:\/\/candas365.es\/noticias\/wp-json\/wp\/v2\/comments?post=82694"}],"version-history":[{"count":0,"href":"https:\/\/candas365.es\/noticias\/wp-json\/wp\/v2\/posts\/82694\/revisions"}],"wp:featuredmedia":[{"embeddable":true,"href":"https:\/\/candas365.es\/noticias\/wp-json\/wp\/v2\/media\/82695"}],"wp:attachment":[{"href":"https:\/\/candas365.es\/noticias\/wp-json\/wp\/v2\/media?parent=82694"}],"wp:term":[{"taxonomy":"category","embeddable":true,"href":"https:\/\/candas365.es\/noticias\/wp-json\/wp\/v2\/categories?post=82694"},{"taxonomy":"post_tag","embeddable":true,"href":"https:\/\/candas365.es\/noticias\/wp-json\/wp\/v2\/tags?post=82694"}],"curies":[{"name":"wp","href":"https:\/\/api.w.org\/{rel}","templated":true}]}}