{"id":82600,"date":"2017-10-21T11:37:27","date_gmt":"2017-10-21T11:37:27","guid":{"rendered":"http:\/\/candas365.es\/noticias\/?p=82600"},"modified":"2017-10-21T11:38:37","modified_gmt":"2017-10-21T11:38:37","slug":"exito-del-festival-enredate-en-candas","status":"publish","type":"post","link":"https:\/\/candas365.es\/noticias\/exito-del-festival-enredate-en-candas\/","title":{"rendered":"\u00c9xito del Festival \u201cEnr\u00e9date en Cand\u00e1s\u201d"},"content":{"rendered":"<p>Desde el Ayuntamiento de Carre\u00f1o, y una vez realizadas las jornadas del I FESTIVAL DE LA MAR \u00abENR\u00c9DATE EN CAND\u00c1S\u00bb, con la financiaci\u00f3n del Fondo Europeo Mar\u00edtimo y Pesquero ( FEMP), queremos transmitir el balance de este el primer festival gastron\u00f3mico y cultural.<\/p>\n<p>Este evento se realiz\u00f3 con el objetivo de dar a conocer la gastronom\u00eda pesquera de la zona y la cultura del entorno marinero de Cand\u00e1s, al igual que fomentar el turismo gastron\u00f3mico y de calidad de la Villa Marinera. En el transcurso del mismo se llevaron a cabo varias actividades, abarcando un amplio n\u00famero de iniciativas con un denominador com\u00fan, su relaci\u00f3n con la mar.<\/p>\n<p>El festival tuvo lugar del 12 al 15 de octubre en la Antigua F\u00e1brica de Ortiz, incluyendo un variado programa de charlas, talleres y actividades infantiles, versando sobre gastronom\u00eda y mar, al igual que actuaciones musicales de la mano de Pipo Prendes, Coro de la Bodega, Coro Nordeste, Banda Gaites de Cand\u00e1s, Grupo de Baile San F\u00e9lix y Laude Mart\u00ednez del programa Romadela de la TPA.<\/p>\n<p><img fetchpriority=\"high\" decoding=\"async\" class=\"size-large wp-image-82601 alignnone\" src=\"https:\/\/candas365.es\/noticias\/wp-content\/uploads\/2017\/10\/sidra-640x480.jpg\" alt=\"\" width=\"640\" height=\"480\" srcset=\"https:\/\/candas365.es\/noticias\/wp-content\/uploads\/2017\/10\/sidra-640x480.jpg 640w, https:\/\/candas365.es\/noticias\/wp-content\/uploads\/2017\/10\/sidra-360x270.jpg 360w, https:\/\/candas365.es\/noticias\/wp-content\/uploads\/2017\/10\/sidra-768x576.jpg 768w, https:\/\/candas365.es\/noticias\/wp-content\/uploads\/2017\/10\/sidra-80x60.jpg 80w, https:\/\/candas365.es\/noticias\/wp-content\/uploads\/2017\/10\/sidra-265x198.jpg 265w, https:\/\/candas365.es\/noticias\/wp-content\/uploads\/2017\/10\/sidra-696x522.jpg 696w, https:\/\/candas365.es\/noticias\/wp-content\/uploads\/2017\/10\/sidra-1068x801.jpg 1068w, https:\/\/candas365.es\/noticias\/wp-content\/uploads\/2017\/10\/sidra-560x420.jpg 560w, https:\/\/candas365.es\/noticias\/wp-content\/uploads\/2017\/10\/sidra-90x67.jpg 90w, https:\/\/candas365.es\/noticias\/wp-content\/uploads\/2017\/10\/sidra.jpg 1280w\" sizes=\"(max-width: 640px) 100vw, 640px\" \/><\/p>\n<p>A lo largo de estos cuatro d\u00edas siete establecimientos de la hosteler\u00eda de Cand\u00e1s (Casa Repinaldo, El Embarcadero, Llagar de Pola, Restaurante El N\u00e1utico, Cafeter\u00eda Principado, El Dia\u00f1u y La Cafeter\u00eda Centro polivalente \u201c La Baraga\u00f1a\u201d) ofrecieron un suculento men\u00fa marinero dentro de las Jornadas Gastron\u00f3micas de Mar. Men\u00fa que constaba como entrante de Bouquet de cangrejo, Fabes con marisco, Caldereta de pescado de roca, Frixuelos rellenos, Caf\u00e9 con mara\u00f1uela y bebida al precio de 24\u20ac\/persona.<\/p>\n<p>La impresi\u00f3n global de las jornadas es de \u00e9xito, sin duda, debido a la gran acogida que han tenido las mismas \u2013 afirm\u00f3 la edil de turismo.<\/p>\n<p>Entrando en detalle, las actuaciones musicales tuvieron gran aceptaci\u00f3n, viendo al p\u00fablico entregado y el n\u00famero de visitantes durante las mismas.<\/p>\n<p>Por otra parte, los talleres de cocina fueron muy participativos, sorprendiendo tanto a ni\u00f1os y ni\u00f1as como a personas adultas, con un lleno absoluto en cada uno de ellos.<\/p>\n<p>En la zona infantil participaron muchos ni\u00f1os y ni\u00f1as descubrieron c\u00f3mo reciclar, cocinar y alimentarse de una manera equilibrada y saludable. El p\u00fablico infantil respondi\u00f3 con gran afluencia.<\/p>\n<p>En el \u00e1mbito del conocimiento, las diferentes charlas que se organizaron en las jornadas, fueron formativas, amenas y colaborativas, consiguiendo as\u00ed una extraordinaria asistencia.<\/p>\n<p>Desde las exposiciones permanentes, se mostraron los oficios artesanales arraigados en la villa marinera, sorprendiendo al entregado p\u00fablico. Y despertaron la curiosidad de propios y visitantes, desde las nasas y trueles de Vi\u00f1a, pasando por el encaje de bolillos de la mano de las alumnas del Aula municipal de personas adultas, a las minuciosas maquetas de Siro, o las vistosas mantas candasinas de Mar\u00eda Jos\u00e9 Fern\u00e1ndez y las novedades de la empresa local Tela Marinera de Esther Llamazares. La cer\u00e1mica local tuvo su espacio con la presencia de Rita Prendes. Tampoco faltaron les mara\u00f1ueles dulce t\u00edpico local incluido recientemente dentro de la marca de garant\u00eda auton\u00f3mica \u201c alimentos del para\u00edso\u201d.<\/p>\n<p><img decoding=\"async\" class=\"size-large wp-image-82602 alignnone\" src=\"https:\/\/candas365.es\/noticias\/wp-content\/uploads\/2017\/10\/Prendes-640x480.jpg\" alt=\"\" width=\"640\" height=\"480\" srcset=\"https:\/\/candas365.es\/noticias\/wp-content\/uploads\/2017\/10\/Prendes-640x480.jpg 640w, https:\/\/candas365.es\/noticias\/wp-content\/uploads\/2017\/10\/Prendes-80x60.jpg 80w, https:\/\/candas365.es\/noticias\/wp-content\/uploads\/2017\/10\/Prendes-265x198.jpg 265w, https:\/\/candas365.es\/noticias\/wp-content\/uploads\/2017\/10\/Prendes-696x522.jpg 696w, https:\/\/candas365.es\/noticias\/wp-content\/uploads\/2017\/10\/Prendes-1068x801.jpg 1068w, https:\/\/candas365.es\/noticias\/wp-content\/uploads\/2017\/10\/Prendes-560x420.jpg 560w, https:\/\/candas365.es\/noticias\/wp-content\/uploads\/2017\/10\/Prendes-360x270.jpg 360w, https:\/\/candas365.es\/noticias\/wp-content\/uploads\/2017\/10\/Prendes-768x576.jpg 768w, https:\/\/candas365.es\/noticias\/wp-content\/uploads\/2017\/10\/Prendes-90x67.jpg 90w, https:\/\/candas365.es\/noticias\/wp-content\/uploads\/2017\/10\/Prendes.jpg 1280w\" sizes=\"(max-width: 640px) 100vw, 640px\" \/><\/p>\n<p>En el \u00e1mbito solidario se cont\u00f3 con la implicaci\u00f3n del voluntariado de la Asamblea Local de Cruz Roja en Carre\u00f1o, transmitiendo e informando su admirable labor en este campo.<\/p>\n<p>Se pretendi\u00f3 impulsar con este evento fuera de temporada alta, otra manera de dar a conocer la cultura candasina, y con la finalidad de mostrar los rincones singulares, se desarrollaron visitas guiadas. Las cu\u00e1les y muy especialmente las dedicadas a conocer la Rula de Cand\u00e1s, tuvieron una gran concurrencia.<\/p>\n<p>Y como no pod\u00eda ser de otra manera, los presentes tambi\u00e9n disfrutaron del men\u00fa marinero que se ofreci\u00f3 en estas jornadas gastron\u00f3micas y de la mar, mostrando el alto nivel culinario que existe en Cand\u00e1s, debido a la gran aceptaci\u00f3n y reconocimiento del mismo.<\/p>\n<p>El sentir general de los asistentes fue que se puso el list\u00f3n alto para futuras ediciones.<\/p>\n<p>Desde el Ayuntamiento de Carre\u00f1o vemos interesante seguir realizando este tipo de actos cuyo fin es resaltar los productos de la pesca local, la cultura pesquera del pueblo y el resto de joyas gastron\u00f3micas de la zona que hacen de Cand\u00e1s un destino tur\u00edstico maravilloso.<\/p>\n<p>\u201cCon todos estos indicadores, no cabe otro balance, que calificar de exitosas las Jornadas que desde Cand\u00e1s se han llevado a cabo durante estos cuatro d\u00edas del fuente del Pilar\u201d \u2013 concluy\u00f3 Paula Cuervo.,<\/p>\n","protected":false},"excerpt":{"rendered":"<p>Desde el Ayuntamiento de Carre\u00f1o, y una vez realizadas las jornadas del I FESTIVAL DE LA MAR \u00abENR\u00c9DATE EN CAND\u00c1S\u00bb, con la financiaci\u00f3n del Fondo Europeo Mar\u00edtimo y Pesquero ( FEMP), queremos transmitir el balance de este el primer festival gastron\u00f3mico y cultural. Este evento se realiz\u00f3 con el objetivo de dar a conocer la<\/p>\n","protected":false},"author":1,"featured_media":82601,"comment_status":"closed","ping_status":"closed","sticky":false,"template":"","format":"standard","meta":{"footnotes":""},"categories":[2],"tags":[],"class_list":{"0":"post-82600","1":"post","2":"type-post","3":"status-publish","4":"format-standard","5":"has-post-thumbnail","7":"category-noticias-carreno"},"aioseo_notices":[],"aioseo_head":"\n\t\t<!-- All in One SEO Pro 4.9.6.2 - aioseo.com -->\n\t<meta name=\"description\" content=\"Desde el Ayuntamiento de Carre\u00f1o, y una vez realizadas las jornadas del I FESTIVAL DE LA MAR &quot;ENR\u00c9DATE EN CAND\u00c1S&quot;, con la financiaci\u00f3n del Fondo Europeo Mar\u00edtimo y Pesquero ( FEMP), queremos transmitir el balance de este el primer festival gastron\u00f3mico y cultural. Este evento se realiz\u00f3 con el objetivo de dar a conocer la\" \/>\n\t<meta name=\"robots\" content=\"max-image-preview:large\" \/>\n\t<meta name=\"author\" content=\"Cand\u00e1s 365\"\/>\n\t<meta name=\"google-site-verification\" content=\"UA-32230408-1\" \/>\n\t<meta name=\"msvalidate.01\" content=\"354F3CDFB2DA171B47FBE9ABF1F88D5\" \/>\n\t<meta name=\"keywords\" content=\"noticias carre\u00f1o\" \/>\n\t<link rel=\"canonical\" href=\"https:\/\/candas365.es\/noticias\/exito-del-festival-enredate-en-candas\/\" \/>\n\t<meta name=\"generator\" content=\"All in One SEO Pro (AIOSEO) 4.9.6.2\" \/>\n\t\t<meta property=\"og:locale\" content=\"es_ES\" \/>\n\t\t<meta property=\"og:site_name\" content=\"Cand\u00e1s 365\" \/>\n\t\t<meta property=\"og:type\" content=\"article\" \/>\n\t\t<meta property=\"og:title\" content=\"\u00c9xito del Festival \u201cEnr\u00e9date en Cand\u00e1s\u201d | Cand\u00e1s 365\" \/>\n\t\t<meta property=\"og:description\" content=\"Desde el Ayuntamiento de Carre\u00f1o, y una vez realizadas las jornadas del I FESTIVAL DE LA MAR &quot;ENR\u00c9DATE EN CAND\u00c1S&quot;, con la financiaci\u00f3n del Fondo Europeo Mar\u00edtimo y Pesquero ( FEMP), queremos transmitir el balance de este el primer festival gastron\u00f3mico y cultural. Este evento se realiz\u00f3 con el objetivo de dar a conocer la\" \/>\n\t\t<meta property=\"og:url\" content=\"https:\/\/candas365.es\/noticias\/exito-del-festival-enredate-en-candas\/\" \/>\n\t\t<meta property=\"og:image\" content=\"https:\/\/candas365.es\/noticias\/wp-content\/uploads\/2017\/10\/sidra.jpg\" \/>\n\t\t<meta property=\"og:image:secure_url\" content=\"https:\/\/candas365.es\/noticias\/wp-content\/uploads\/2017\/10\/sidra.jpg\" \/>\n\t\t<meta property=\"og:image:width\" content=\"1280\" \/>\n\t\t<meta property=\"og:image:height\" content=\"960\" \/>\n\t\t<meta property=\"article:published_time\" content=\"2017-10-21T11:37:27+00:00\" \/>\n\t\t<meta property=\"article:modified_time\" content=\"2017-10-21T11:38:37+00:00\" \/>\n\t\t<meta property=\"article:publisher\" content=\"https:\/\/www.facebook.com\/Nachofdezber\" \/>\n\t\t<meta property=\"article:author\" content=\"https:\/\/www.facebook.com\/carrenoactualidad\" \/>\n\t\t<meta name=\"twitter:card\" content=\"summary_large_image\" \/>\n\t\t<meta name=\"twitter:site\" content=\"@NabercoDigital\" \/>\n\t\t<meta name=\"twitter:title\" content=\"\u00c9xito del Festival \u201cEnr\u00e9date en Cand\u00e1s\u201d | Cand\u00e1s 365\" \/>\n\t\t<meta name=\"twitter:description\" content=\"Desde el Ayuntamiento de Carre\u00f1o, y una vez realizadas las jornadas del I FESTIVAL DE LA MAR &quot;ENR\u00c9DATE EN CAND\u00c1S&quot;, con la financiaci\u00f3n del Fondo Europeo Mar\u00edtimo y Pesquero ( FEMP), queremos transmitir el balance de este el primer festival gastron\u00f3mico y cultural. Este evento se realiz\u00f3 con el objetivo de dar a conocer la\" \/>\n\t\t<meta name=\"twitter:creator\" content=\"@nbasturias\" \/>\n\t\t<meta name=\"twitter:image\" content=\"https:\/\/candas365.es\/noticias\/wp-content\/uploads\/2017\/10\/sidra.jpg\" \/>\n\t\t<meta name=\"twitter:label1\" content=\"Escrito por\" \/>\n\t\t<meta name=\"twitter:data1\" content=\"Cand\u00e1s 365\" \/>\n\t\t<meta name=\"twitter:label2\" content=\"Tiempo de lectura estimado\" \/>\n\t\t<meta name=\"twitter:data2\" content=\"4 minutos\" \/>\n\t\t<script type=\"application\/ld+json\" class=\"aioseo-schema\">\n\t\t\t{\"@context\":\"https:\\\/\\\/schema.org\",\"@graph\":[{\"@type\":\"BreadcrumbList\",\"@id\":\"https:\\\/\\\/candas365.es\\\/noticias\\\/exito-del-festival-enredate-en-candas\\\/#breadcrumblist\",\"itemListElement\":[{\"@type\":\"ListItem\",\"@id\":\"https:\\\/\\\/candas365.es\\\/noticias#listItem\",\"position\":1,\"name\":\"Home\",\"item\":\"https:\\\/\\\/candas365.es\\\/noticias\",\"nextItem\":{\"@type\":\"ListItem\",\"@id\":\"https:\\\/\\\/candas365.es\\\/noticias\\\/category\\\/noticias-carreno\\\/#listItem\",\"name\":\"Noticias Carre\\u00f1o\"}},{\"@type\":\"ListItem\",\"@id\":\"https:\\\/\\\/candas365.es\\\/noticias\\\/category\\\/noticias-carreno\\\/#listItem\",\"position\":2,\"name\":\"Noticias Carre\\u00f1o\",\"item\":\"https:\\\/\\\/candas365.es\\\/noticias\\\/category\\\/noticias-carreno\\\/\",\"nextItem\":{\"@type\":\"ListItem\",\"@id\":\"https:\\\/\\\/candas365.es\\\/noticias\\\/exito-del-festival-enredate-en-candas\\\/#listItem\",\"name\":\"\\u00c9xito del Festival \\u201cEnr\\u00e9date en Cand\\u00e1s\\u201d\"},\"previousItem\":{\"@type\":\"ListItem\",\"@id\":\"https:\\\/\\\/candas365.es\\\/noticias#listItem\",\"name\":\"Home\"}},{\"@type\":\"ListItem\",\"@id\":\"https:\\\/\\\/candas365.es\\\/noticias\\\/exito-del-festival-enredate-en-candas\\\/#listItem\",\"position\":3,\"name\":\"\\u00c9xito del Festival \\u201cEnr\\u00e9date en Cand\\u00e1s\\u201d\",\"previousItem\":{\"@type\":\"ListItem\",\"@id\":\"https:\\\/\\\/candas365.es\\\/noticias\\\/category\\\/noticias-carreno\\\/#listItem\",\"name\":\"Noticias Carre\\u00f1o\"}}]},{\"@type\":\"NewsArticle\",\"@id\":\"https:\\\/\\\/candas365.es\\\/noticias\\\/exito-del-festival-enredate-en-candas\\\/#newsarticle\",\"name\":\"\\u00c9xito del Festival \\u201cEnr\\u00e9date en Cand\\u00e1s\\u201d | Cand\\u00e1s 365\",\"headline\":\"\\u00c9xito del Festival \\u201cEnr\\u00e9date en Cand\\u00e1s\\u201d\",\"author\":{\"@id\":\"https:\\\/\\\/candas365.es\\\/noticias\\\/author\\\/admin\\\/#author\"},\"publisher\":{\"@id\":\"https:\\\/\\\/candas365.es\\\/noticias\\\/#organization\"},\"image\":{\"@type\":\"ImageObject\",\"url\":\"https:\\\/\\\/candas365.es\\\/noticias\\\/wp-content\\\/uploads\\\/2017\\\/10\\\/sidra.jpg\",\"width\":1280,\"height\":960},\"datePublished\":\"2017-10-21T11:37:27+02:00\",\"dateModified\":\"2017-10-21T11:38:37+02:00\",\"inLanguage\":\"es-ES\",\"mainEntityOfPage\":{\"@id\":\"https:\\\/\\\/candas365.es\\\/noticias\\\/exito-del-festival-enredate-en-candas\\\/#webpage\"},\"isPartOf\":{\"@id\":\"https:\\\/\\\/candas365.es\\\/noticias\\\/exito-del-festival-enredate-en-candas\\\/#webpage\"},\"articleSection\":\"Noticias Carre\\u00f1o\",\"dateline\":\"Publicado el octubre 21, 2017.\"},{\"@type\":\"Organization\",\"@id\":\"https:\\\/\\\/candas365.es\\\/noticias\\\/#organization\",\"name\":\"Cand\\u00e1s 365\",\"description\":\"Cand\\u00e1s 365 es un diario digital independiente, fundado en 2012, con base en Asturias. Informamos con rigor sobre actualidad, sociedad, cultura y ocio, con una mirada local y global.\",\"url\":\"https:\\\/\\\/candas365.es\\\/noticias\\\/\",\"email\":\"info@candas365.es\",\"telephone\":\"+34652131393\",\"foundingDate\":\"2012-06-10\",\"logo\":{\"@type\":\"ImageObject\",\"url\":\"https:\\\/\\\/candas365.es\\\/noticias\\\/wp-content\\\/uploads\\\/2024\\\/09\\\/Candas-365-Redes.jpg\",\"@id\":\"https:\\\/\\\/candas365.es\\\/noticias\\\/exito-del-festival-enredate-en-candas\\\/#organizationLogo\",\"width\":1152,\"height\":864,\"caption\":\"Cand\\u00e1s 365 Redes\"},\"image\":{\"@id\":\"https:\\\/\\\/candas365.es\\\/noticias\\\/exito-del-festival-enredate-en-candas\\\/#organizationLogo\"},\"sameAs\":[\"https:\\\/\\\/www.facebook.com\\\/Nachofdezber\",\"https:\\\/\\\/x.com\\\/NabercoDigital\",\"https:\\\/\\\/www.instagram.com\\\/nachofdezber\\\/\",\"https:\\\/\\\/www.youtube.com\\\/channel\\\/UCZP-2wLEB9Rv6erhFmqVnvg\"],\"address\":{\"@id\":\"https:\\\/\\\/candas365.es\\\/noticias\\\/#postaladdress\",\"@type\":\"PostalAddress\",\"streetAddress\":\"san antonio 4, san antonio 4\",\"postalCode\":\"33430\",\"addressLocality\":\"Cand\\u00e1s\",\"addressRegion\":\"Asturias\",\"addressCountry\":\"ES\"}},{\"@type\":\"Person\",\"@id\":\"https:\\\/\\\/candas365.es\\\/noticias\\\/author\\\/admin\\\/#author\",\"url\":\"https:\\\/\\\/candas365.es\\\/noticias\\\/author\\\/admin\\\/\",\"name\":\"Cand\\u00e1s 365\",\"image\":{\"@type\":\"ImageObject\",\"@id\":\"https:\\\/\\\/candas365.es\\\/noticias\\\/exito-del-festival-enredate-en-candas\\\/#authorImage\",\"url\":\"https:\\\/\\\/secure.gravatar.com\\\/avatar\\\/496a8e03d0c493ede1718b7934145dbdf8d89be1036b0eec9544e1094c9de390?s=96&d=mm&r=g\",\"width\":96,\"height\":96,\"caption\":\"Cand\\u00e1s 365\"},\"sameAs\":[\"https:\\\/\\\/www.facebook.com\\\/carrenoactualidad\",\"https:\\\/\\\/twitter.com\\\/nbasturias\",\"https:\\\/\\\/www.instagram.com\\\/nachofdezber\\\/\",\"https:\\\/\\\/www.youtube.com\\\/channel\\\/UCZP-2wLEB9Rv6erhFmqVnvg\"]},{\"@type\":\"WebPage\",\"@id\":\"https:\\\/\\\/candas365.es\\\/noticias\\\/exito-del-festival-enredate-en-candas\\\/#webpage\",\"url\":\"https:\\\/\\\/candas365.es\\\/noticias\\\/exito-del-festival-enredate-en-candas\\\/\",\"name\":\"\\u00c9xito del Festival \\u201cEnr\\u00e9date en Cand\\u00e1s\\u201d | Cand\\u00e1s 365\",\"description\":\"Desde el Ayuntamiento de Carre\\u00f1o, y una vez realizadas las jornadas del I FESTIVAL DE LA MAR \\\"ENR\\u00c9DATE EN CAND\\u00c1S\\\", con la financiaci\\u00f3n del Fondo Europeo Mar\\u00edtimo y Pesquero ( FEMP), queremos transmitir el balance de este el primer festival gastron\\u00f3mico y cultural. Este evento se realiz\\u00f3 con el objetivo de dar a conocer la\",\"inLanguage\":\"es-ES\",\"isPartOf\":{\"@id\":\"https:\\\/\\\/candas365.es\\\/noticias\\\/#website\"},\"breadcrumb\":{\"@id\":\"https:\\\/\\\/candas365.es\\\/noticias\\\/exito-del-festival-enredate-en-candas\\\/#breadcrumblist\"},\"author\":{\"@id\":\"https:\\\/\\\/candas365.es\\\/noticias\\\/author\\\/admin\\\/#author\"},\"creator\":{\"@id\":\"https:\\\/\\\/candas365.es\\\/noticias\\\/author\\\/admin\\\/#author\"},\"image\":{\"@type\":\"ImageObject\",\"url\":\"https:\\\/\\\/candas365.es\\\/noticias\\\/wp-content\\\/uploads\\\/2017\\\/10\\\/sidra.jpg\",\"@id\":\"https:\\\/\\\/candas365.es\\\/noticias\\\/exito-del-festival-enredate-en-candas\\\/#mainImage\",\"width\":1280,\"height\":960},\"primaryImageOfPage\":{\"@id\":\"https:\\\/\\\/candas365.es\\\/noticias\\\/exito-del-festival-enredate-en-candas\\\/#mainImage\"},\"datePublished\":\"2017-10-21T11:37:27+02:00\",\"dateModified\":\"2017-10-21T11:38:37+02:00\"},{\"@type\":\"WebSite\",\"@id\":\"https:\\\/\\\/candas365.es\\\/noticias\\\/#website\",\"url\":\"https:\\\/\\\/candas365.es\\\/noticias\\\/\",\"name\":\"Cand\\u00e1s 365\",\"alternateName\":\"Cand\\u00e1s 365 Noticias\",\"description\":\"Actualidad desde Carre\\u00f1o para el mundo\",\"inLanguage\":\"es-ES\",\"publisher\":{\"@id\":\"https:\\\/\\\/candas365.es\\\/noticias\\\/#organization\"}}]}\n\t\t<\/script>\n\t\t<!-- All in One SEO Pro -->\r\n\t\t<title>\u00c9xito del Festival \u201cEnr\u00e9date en Cand\u00e1s\u201d | Cand\u00e1s 365<\/title>\n\n","aioseo_head_json":{"title":"\u00c9xito del Festival \u201cEnr\u00e9date en Cand\u00e1s\u201d | Cand\u00e1s 365","description":"Desde el Ayuntamiento de Carre\u00f1o, y una vez realizadas las jornadas del I FESTIVAL DE LA MAR \"ENR\u00c9DATE EN CAND\u00c1S\", con la financiaci\u00f3n del Fondo Europeo Mar\u00edtimo y Pesquero ( FEMP), queremos transmitir el balance de este el primer festival gastron\u00f3mico y cultural. Este evento se realiz\u00f3 con el objetivo de dar a conocer la","canonical_url":"https:\/\/candas365.es\/noticias\/exito-del-festival-enredate-en-candas\/","robots":"max-image-preview:large","keywords":"noticias carre\u00f1o","webmasterTools":{"google-site-verification":"UA-32230408-1","msvalidate.01":"354F3CDFB2DA171B47FBE9ABF1F88D5","miscellaneous":""},"schema":{"@context":"https:\/\/schema.org","@graph":[{"@type":"BreadcrumbList","@id":"https:\/\/candas365.es\/noticias\/exito-del-festival-enredate-en-candas\/#breadcrumblist","itemListElement":[{"@type":"ListItem","@id":"https:\/\/candas365.es\/noticias#listItem","position":1,"name":"Home","item":"https:\/\/candas365.es\/noticias","nextItem":{"@type":"ListItem","@id":"https:\/\/candas365.es\/noticias\/category\/noticias-carreno\/#listItem","name":"Noticias Carre\u00f1o"}},{"@type":"ListItem","@id":"https:\/\/candas365.es\/noticias\/category\/noticias-carreno\/#listItem","position":2,"name":"Noticias Carre\u00f1o","item":"https:\/\/candas365.es\/noticias\/category\/noticias-carreno\/","nextItem":{"@type":"ListItem","@id":"https:\/\/candas365.es\/noticias\/exito-del-festival-enredate-en-candas\/#listItem","name":"\u00c9xito del Festival \u201cEnr\u00e9date en Cand\u00e1s\u201d"},"previousItem":{"@type":"ListItem","@id":"https:\/\/candas365.es\/noticias#listItem","name":"Home"}},{"@type":"ListItem","@id":"https:\/\/candas365.es\/noticias\/exito-del-festival-enredate-en-candas\/#listItem","position":3,"name":"\u00c9xito del Festival \u201cEnr\u00e9date en Cand\u00e1s\u201d","previousItem":{"@type":"ListItem","@id":"https:\/\/candas365.es\/noticias\/category\/noticias-carreno\/#listItem","name":"Noticias Carre\u00f1o"}}]},{"@type":"NewsArticle","@id":"https:\/\/candas365.es\/noticias\/exito-del-festival-enredate-en-candas\/#newsarticle","name":"\u00c9xito del Festival \u201cEnr\u00e9date en Cand\u00e1s\u201d | Cand\u00e1s 365","headline":"\u00c9xito del Festival \u201cEnr\u00e9date en Cand\u00e1s\u201d","author":{"@id":"https:\/\/candas365.es\/noticias\/author\/admin\/#author"},"publisher":{"@id":"https:\/\/candas365.es\/noticias\/#organization"},"image":{"@type":"ImageObject","url":"https:\/\/candas365.es\/noticias\/wp-content\/uploads\/2017\/10\/sidra.jpg","width":1280,"height":960},"datePublished":"2017-10-21T11:37:27+02:00","dateModified":"2017-10-21T11:38:37+02:00","inLanguage":"es-ES","mainEntityOfPage":{"@id":"https:\/\/candas365.es\/noticias\/exito-del-festival-enredate-en-candas\/#webpage"},"isPartOf":{"@id":"https:\/\/candas365.es\/noticias\/exito-del-festival-enredate-en-candas\/#webpage"},"articleSection":"Noticias Carre\u00f1o","dateline":"Publicado el octubre 21, 2017."},{"@type":"Organization","@id":"https:\/\/candas365.es\/noticias\/#organization","name":"Cand\u00e1s 365","description":"Cand\u00e1s 365 es un diario digital independiente, fundado en 2012, con base en Asturias. Informamos con rigor sobre actualidad, sociedad, cultura y ocio, con una mirada local y global.","url":"https:\/\/candas365.es\/noticias\/","email":"info@candas365.es","telephone":"+34652131393","foundingDate":"2012-06-10","logo":{"@type":"ImageObject","url":"https:\/\/candas365.es\/noticias\/wp-content\/uploads\/2024\/09\/Candas-365-Redes.jpg","@id":"https:\/\/candas365.es\/noticias\/exito-del-festival-enredate-en-candas\/#organizationLogo","width":1152,"height":864,"caption":"Cand\u00e1s 365 Redes"},"image":{"@id":"https:\/\/candas365.es\/noticias\/exito-del-festival-enredate-en-candas\/#organizationLogo"},"sameAs":["https:\/\/www.facebook.com\/Nachofdezber","https:\/\/x.com\/NabercoDigital","https:\/\/www.instagram.com\/nachofdezber\/","https:\/\/www.youtube.com\/channel\/UCZP-2wLEB9Rv6erhFmqVnvg"],"address":{"@id":"https:\/\/candas365.es\/noticias\/#postaladdress","@type":"PostalAddress","streetAddress":"san antonio 4, san antonio 4","postalCode":"33430","addressLocality":"Cand\u00e1s","addressRegion":"Asturias","addressCountry":"ES"}},{"@type":"Person","@id":"https:\/\/candas365.es\/noticias\/author\/admin\/#author","url":"https:\/\/candas365.es\/noticias\/author\/admin\/","name":"Cand\u00e1s 365","image":{"@type":"ImageObject","@id":"https:\/\/candas365.es\/noticias\/exito-del-festival-enredate-en-candas\/#authorImage","url":"https:\/\/secure.gravatar.com\/avatar\/496a8e03d0c493ede1718b7934145dbdf8d89be1036b0eec9544e1094c9de390?s=96&d=mm&r=g","width":96,"height":96,"caption":"Cand\u00e1s 365"},"sameAs":["https:\/\/www.facebook.com\/carrenoactualidad","https:\/\/twitter.com\/nbasturias","https:\/\/www.instagram.com\/nachofdezber\/","https:\/\/www.youtube.com\/channel\/UCZP-2wLEB9Rv6erhFmqVnvg"]},{"@type":"WebPage","@id":"https:\/\/candas365.es\/noticias\/exito-del-festival-enredate-en-candas\/#webpage","url":"https:\/\/candas365.es\/noticias\/exito-del-festival-enredate-en-candas\/","name":"\u00c9xito del Festival \u201cEnr\u00e9date en Cand\u00e1s\u201d | Cand\u00e1s 365","description":"Desde el Ayuntamiento de Carre\u00f1o, y una vez realizadas las jornadas del I FESTIVAL DE LA MAR \"ENR\u00c9DATE EN CAND\u00c1S\", con la financiaci\u00f3n del Fondo Europeo Mar\u00edtimo y Pesquero ( FEMP), queremos transmitir el balance de este el primer festival gastron\u00f3mico y cultural. Este evento se realiz\u00f3 con el objetivo de dar a conocer la","inLanguage":"es-ES","isPartOf":{"@id":"https:\/\/candas365.es\/noticias\/#website"},"breadcrumb":{"@id":"https:\/\/candas365.es\/noticias\/exito-del-festival-enredate-en-candas\/#breadcrumblist"},"author":{"@id":"https:\/\/candas365.es\/noticias\/author\/admin\/#author"},"creator":{"@id":"https:\/\/candas365.es\/noticias\/author\/admin\/#author"},"image":{"@type":"ImageObject","url":"https:\/\/candas365.es\/noticias\/wp-content\/uploads\/2017\/10\/sidra.jpg","@id":"https:\/\/candas365.es\/noticias\/exito-del-festival-enredate-en-candas\/#mainImage","width":1280,"height":960},"primaryImageOfPage":{"@id":"https:\/\/candas365.es\/noticias\/exito-del-festival-enredate-en-candas\/#mainImage"},"datePublished":"2017-10-21T11:37:27+02:00","dateModified":"2017-10-21T11:38:37+02:00"},{"@type":"WebSite","@id":"https:\/\/candas365.es\/noticias\/#website","url":"https:\/\/candas365.es\/noticias\/","name":"Cand\u00e1s 365","alternateName":"Cand\u00e1s 365 Noticias","description":"Actualidad desde Carre\u00f1o para el mundo","inLanguage":"es-ES","publisher":{"@id":"https:\/\/candas365.es\/noticias\/#organization"}}]},"og:locale":"es_ES","og:site_name":"Cand\u00e1s 365","og:type":"article","og:title":"\u00c9xito del Festival \u201cEnr\u00e9date en Cand\u00e1s\u201d | Cand\u00e1s 365","og:description":"Desde el Ayuntamiento de Carre\u00f1o, y una vez realizadas las jornadas del I FESTIVAL DE LA MAR &quot;ENR\u00c9DATE EN CAND\u00c1S&quot;, con la financiaci\u00f3n del Fondo Europeo Mar\u00edtimo y Pesquero ( FEMP), queremos transmitir el balance de este el primer festival gastron\u00f3mico y cultural. Este evento se realiz\u00f3 con el objetivo de dar a conocer la","og:url":"https:\/\/candas365.es\/noticias\/exito-del-festival-enredate-en-candas\/","og:image":"https:\/\/candas365.es\/noticias\/wp-content\/uploads\/2017\/10\/sidra.jpg","og:image:secure_url":"https:\/\/candas365.es\/noticias\/wp-content\/uploads\/2017\/10\/sidra.jpg","og:image:width":1280,"og:image:height":960,"article:published_time":"2017-10-21T11:37:27+00:00","article:modified_time":"2017-10-21T11:38:37+00:00","article:publisher":"https:\/\/www.facebook.com\/Nachofdezber","article:author":"https:\/\/www.facebook.com\/carrenoactualidad","twitter:card":"summary_large_image","twitter:site":"@NabercoDigital","twitter:title":"\u00c9xito del Festival \u201cEnr\u00e9date en Cand\u00e1s\u201d | Cand\u00e1s 365","twitter:description":"Desde el Ayuntamiento de Carre\u00f1o, y una vez realizadas las jornadas del I FESTIVAL DE LA MAR &quot;ENR\u00c9DATE EN CAND\u00c1S&quot;, con la financiaci\u00f3n del Fondo Europeo Mar\u00edtimo y Pesquero ( FEMP), queremos transmitir el balance de este el primer festival gastron\u00f3mico y cultural. Este evento se realiz\u00f3 con el objetivo de dar a conocer la","twitter:creator":"@nbasturias","twitter:image":"https:\/\/candas365.es\/noticias\/wp-content\/uploads\/2017\/10\/sidra.jpg","twitter:label1":"Escrito por","twitter:data1":"Cand\u00e1s 365","twitter:label2":"Tiempo de lectura estimado","twitter:data2":"4 minutos"},"aioseo_meta_data":{"post_id":"82600","title":null,"description":null,"keywords":null,"keyphrases":null,"primary_term":null,"canonical_url":null,"og_title":null,"og_description":null,"og_object_type":"default","og_image_type":"default","og_image_url":null,"og_image_width":null,"og_image_height":null,"og_image_custom_url":null,"og_image_custom_fields":null,"og_video":null,"og_custom_url":null,"og_article_section":null,"og_article_tags":null,"twitter_use_og":false,"twitter_card":"default","twitter_image_type":"default","twitter_image_url":null,"twitter_image_custom_url":null,"twitter_image_custom_fields":null,"twitter_title":null,"twitter_description":null,"schema":{"blockGraphs":[],"customGraphs":[],"default":{"data":{"Article":[],"Course":[],"Dataset":[],"FAQPage":[],"Movie":[],"Person":[],"Product":[],"ProductReview":[],"Car":[],"Recipe":[],"Service":[],"SoftwareApplication":[],"WebPage":[]},"graphName":"","isEnabled":true},"graphs":[]},"schema_type":null,"schema_type_options":null,"pillar_content":false,"robots_default":true,"robots_noindex":false,"robots_noarchive":false,"robots_nosnippet":false,"robots_nofollow":false,"robots_noimageindex":false,"robots_noodp":false,"robots_notranslate":false,"robots_max_snippet":null,"robots_max_videopreview":null,"robots_max_imagepreview":"large","priority":null,"frequency":null,"location":null,"local_seo":null,"seo_analyzer_scan_date":"2025-08-26 03:15:21","breadcrumb_settings":null,"limit_modified_date":false,"reviewed_by":null,"open_ai":null,"ai":null,"created":"2020-12-21 12:36:03","updated":"2025-08-26 03:15:21"},"aioseo_breadcrumb":"<div class=\"aioseo-breadcrumbs\"><span class=\"aioseo-breadcrumb\">\n\t<a href=\"https:\/\/candas365.es\/noticias\" title=\"Home\">Home<\/a>\n<\/span><span class=\"aioseo-breadcrumb-separator\">&ndash;<\/span><span class=\"aioseo-breadcrumb\">\n\t<a href=\"https:\/\/candas365.es\/noticias\/category\/noticias-carreno\/\" title=\"Noticias Carre\u00f1o\">Noticias Carre\u00f1o<\/a>\n<\/span><span class=\"aioseo-breadcrumb-separator\">&ndash;<\/span><span class=\"aioseo-breadcrumb\">\n\t\u00c9xito del Festival \u201cEnr\u00e9date en Cand\u00e1s\u201d\n<\/span><\/div>","aioseo_breadcrumb_json":[{"label":"Home","link":"https:\/\/candas365.es\/noticias"},{"label":"Noticias Carre\u00f1o","link":"https:\/\/candas365.es\/noticias\/category\/noticias-carreno\/"},{"label":"\u00c9xito del Festival \u201cEnr\u00e9date en Cand\u00e1s\u201d","link":"https:\/\/candas365.es\/noticias\/exito-del-festival-enredate-en-candas\/"}],"_links":{"self":[{"href":"https:\/\/candas365.es\/noticias\/wp-json\/wp\/v2\/posts\/82600","targetHints":{"allow":["GET"]}}],"collection":[{"href":"https:\/\/candas365.es\/noticias\/wp-json\/wp\/v2\/posts"}],"about":[{"href":"https:\/\/candas365.es\/noticias\/wp-json\/wp\/v2\/types\/post"}],"author":[{"embeddable":true,"href":"https:\/\/candas365.es\/noticias\/wp-json\/wp\/v2\/users\/1"}],"replies":[{"embeddable":true,"href":"https:\/\/candas365.es\/noticias\/wp-json\/wp\/v2\/comments?post=82600"}],"version-history":[{"count":0,"href":"https:\/\/candas365.es\/noticias\/wp-json\/wp\/v2\/posts\/82600\/revisions"}],"wp:featuredmedia":[{"embeddable":true,"href":"https:\/\/candas365.es\/noticias\/wp-json\/wp\/v2\/media\/82601"}],"wp:attachment":[{"href":"https:\/\/candas365.es\/noticias\/wp-json\/wp\/v2\/media?parent=82600"}],"wp:term":[{"taxonomy":"category","embeddable":true,"href":"https:\/\/candas365.es\/noticias\/wp-json\/wp\/v2\/categories?post=82600"},{"taxonomy":"post_tag","embeddable":true,"href":"https:\/\/candas365.es\/noticias\/wp-json\/wp\/v2\/tags?post=82600"}],"curies":[{"name":"wp","href":"https:\/\/api.w.org\/{rel}","templated":true}]}}