{"id":82445,"date":"2017-10-18T19:31:53","date_gmt":"2017-10-18T19:31:53","guid":{"rendered":"http:\/\/candas365.es\/noticias\/?p=82445"},"modified":"2017-10-18T19:32:16","modified_gmt":"2017-10-18T19:32:16","slug":"el-tiempo-en-espana-19-de-octubre-2017","status":"publish","type":"post","link":"https:\/\/candas365.es\/noticias\/el-tiempo-en-espana-19-de-octubre-2017\/","title":{"rendered":"El tiempo en Espa\u00f1a, 19 de Octubre 2017"},"content":{"rendered":"<p><img fetchpriority=\"high\" decoding=\"async\" class=\"alignleft size-medium wp-image-10387\" src=\"https:\/\/candas365.es\/noticias\/wp-content\/uploads\/2015\/04\/lluvia-360x198.jpg\" alt=\"\" width=\"360\" height=\"198\" srcset=\"https:\/\/candas365.es\/noticias\/wp-content\/uploads\/2015\/04\/lluvia-360x198.jpg 360w, https:\/\/candas365.es\/noticias\/wp-content\/uploads\/2015\/04\/lluvia-650x357.jpg 650w, https:\/\/candas365.es\/noticias\/wp-content\/uploads\/2015\/04\/lluvia-150x82.jpg 150w, https:\/\/candas365.es\/noticias\/wp-content\/uploads\/2015\/04\/lluvia-450x247.jpg 450w, https:\/\/candas365.es\/noticias\/wp-content\/uploads\/2015\/04\/lluvia.jpg 655w\" sizes=\"(max-width: 360px) 100vw, 360px\" \/>En la Pen\u00ednsula y Baleares predominar\u00e1n los cielos nubosos, con lluvias y chubascos en el \u00e1rea del Estrecho, litoral de Andaluc\u00eda oriental, este de Catalu\u00f1a y Baleares, que podr\u00e1n ser localmente fuertes y con tormentas principalmente durante la primera mitad del d\u00eda; en el resto ser\u00e1n m\u00e1s ocasionales y dispersas, no esper\u00e1ndose precipitaciones en gran parte de la zona centro; un nuevo frente afectar\u00e1 al extremo noroccidental peninsular produciendo precipitaciones que podr\u00e1n ser localmente persistentes en el litoral atl\u00e1ntico de Galicia. En el norte de las Islas Canarias occidentales de m\u00e1s relieve, posibilidad de lluvias d\u00e9biles.<\/p>\n<p>Cota de nieve en Pirineos: 2200\/2400 m.<\/p>\n<p>Posibles brumas o bancos de niebla matinales en el norte de Castilla y Le\u00f3n, alto Ebro y entorno del este de Castilla-La Mancha.<\/p>\n<p>Temperaturas diurnas en aumento en las vertientes atl\u00e1ntica y cant\u00e1brica y en descenso en el \u00e1rea mediterr\u00e1nea y Andaluc\u00eda Oriental, notable en Gerona y Mallorca. Nocturnas en descenso. Heladas puntuales en la Cordillera Cant\u00e1brica o en Pirineos.<\/p>\n<p>El viento soplar\u00e1 predominando el oeste y suroeste en la Pen\u00ednsula y Baleares, con intervalos de fuerte en el litoral de Galicia, Estrecho, Albor\u00e1n, cuadrante sureste y Baleares. Flojos de componente norte en Canarias.<\/p>\n","protected":false},"excerpt":{"rendered":"<p>En la Pen\u00ednsula y Baleares predominar\u00e1n los cielos nubosos, con lluvias y chubascos en el \u00e1rea del Estrecho, litoral de Andaluc\u00eda oriental, este de Catalu\u00f1a y Baleares, que podr\u00e1n ser localmente fuertes y con tormentas principalmente durante la primera mitad del d\u00eda; en el resto ser\u00e1n m\u00e1s ocasionales y dispersas, no esper\u00e1ndose precipitaciones en gran<\/p>\n","protected":false},"author":1,"featured_media":20033,"comment_status":"closed","ping_status":"closed","sticky":false,"template":"","format":"standard","meta":{"footnotes":""},"categories":[1],"tags":[],"class_list":{"0":"post-82445","1":"post","2":"type-post","3":"status-publish","4":"format-standard","5":"has-post-thumbnail","7":"category-agenda"},"aioseo_notices":[],"aioseo_head":"\n\t\t<!-- All in One SEO Pro 4.9.6.2 - aioseo.com -->\n\t<meta name=\"description\" content=\"En la Pen\u00ednsula y Baleares predominar\u00e1n los cielos nubosos, con lluvias y chubascos en el \u00e1rea del Estrecho, litoral de Andaluc\u00eda oriental, este de Catalu\u00f1a y Baleares, que podr\u00e1n ser localmente fuertes y con tormentas principalmente durante la primera mitad del d\u00eda; en el resto ser\u00e1n m\u00e1s ocasionales y dispersas, no esper\u00e1ndose precipitaciones en gran\" \/>\n\t<meta name=\"robots\" content=\"max-image-preview:large\" \/>\n\t<meta name=\"author\" content=\"Cand\u00e1s 365\"\/>\n\t<meta name=\"google-site-verification\" content=\"UA-32230408-1\" \/>\n\t<meta name=\"msvalidate.01\" content=\"354F3CDFB2DA171B47FBE9ABF1F88D5\" \/>\n\t<meta name=\"keywords\" content=\"agenda\" \/>\n\t<link rel=\"canonical\" href=\"https:\/\/candas365.es\/noticias\/el-tiempo-en-espana-19-de-octubre-2017\/\" \/>\n\t<meta name=\"generator\" content=\"All in One SEO Pro (AIOSEO) 4.9.6.2\" \/>\n\t\t<meta property=\"og:locale\" content=\"es_ES\" \/>\n\t\t<meta property=\"og:site_name\" content=\"Cand\u00e1s 365\" \/>\n\t\t<meta property=\"og:type\" content=\"article\" \/>\n\t\t<meta property=\"og:title\" content=\"El tiempo en Espa\u00f1a, 19 de Octubre 2017 | Cand\u00e1s 365\" \/>\n\t\t<meta property=\"og:description\" content=\"En la Pen\u00ednsula y Baleares predominar\u00e1n los cielos nubosos, con lluvias y chubascos en el \u00e1rea del Estrecho, litoral de Andaluc\u00eda oriental, este de Catalu\u00f1a y Baleares, que podr\u00e1n ser localmente fuertes y con tormentas principalmente durante la primera mitad del d\u00eda; en el resto ser\u00e1n m\u00e1s ocasionales y dispersas, no esper\u00e1ndose precipitaciones en gran\" \/>\n\t\t<meta property=\"og:url\" content=\"https:\/\/candas365.es\/noticias\/el-tiempo-en-espana-19-de-octubre-2017\/\" \/>\n\t\t<meta property=\"og:image\" content=\"https:\/\/candas365.es\/noticias\/wp-content\/uploads\/2015\/11\/NUBOSO2.jpg\" \/>\n\t\t<meta property=\"og:image:secure_url\" content=\"https:\/\/candas365.es\/noticias\/wp-content\/uploads\/2015\/11\/NUBOSO2.jpg\" \/>\n\t\t<meta property=\"og:image:width\" content=\"1024\" \/>\n\t\t<meta property=\"og:image:height\" content=\"768\" \/>\n\t\t<meta property=\"article:published_time\" content=\"2017-10-18T19:31:53+00:00\" \/>\n\t\t<meta property=\"article:modified_time\" content=\"2017-10-18T19:32:16+00:00\" \/>\n\t\t<meta property=\"article:publisher\" content=\"https:\/\/www.facebook.com\/Nachofdezber\" \/>\n\t\t<meta property=\"article:author\" content=\"https:\/\/www.facebook.com\/carrenoactualidad\" \/>\n\t\t<meta name=\"twitter:card\" content=\"summary_large_image\" \/>\n\t\t<meta name=\"twitter:site\" content=\"@NabercoDigital\" \/>\n\t\t<meta name=\"twitter:title\" content=\"El tiempo en Espa\u00f1a, 19 de Octubre 2017 | Cand\u00e1s 365\" \/>\n\t\t<meta name=\"twitter:description\" content=\"En la Pen\u00ednsula y Baleares predominar\u00e1n los cielos nubosos, con lluvias y chubascos en el \u00e1rea del Estrecho, litoral de Andaluc\u00eda oriental, este de Catalu\u00f1a y Baleares, que podr\u00e1n ser localmente fuertes y con tormentas principalmente durante la primera mitad del d\u00eda; en el resto ser\u00e1n m\u00e1s ocasionales y dispersas, no esper\u00e1ndose precipitaciones en gran\" \/>\n\t\t<meta name=\"twitter:creator\" content=\"@nbasturias\" \/>\n\t\t<meta name=\"twitter:image\" content=\"https:\/\/candas365.es\/noticias\/wp-content\/uploads\/2015\/11\/NUBOSO2.jpg\" \/>\n\t\t<meta name=\"twitter:label1\" content=\"Escrito por\" \/>\n\t\t<meta name=\"twitter:data1\" content=\"Cand\u00e1s 365\" \/>\n\t\t<meta name=\"twitter:label2\" content=\"Tiempo de lectura estimado\" \/>\n\t\t<meta name=\"twitter:data2\" content=\"1 minuto\" \/>\n\t\t<script type=\"application\/ld+json\" class=\"aioseo-schema\">\n\t\t\t{\"@context\":\"https:\\\/\\\/schema.org\",\"@graph\":[{\"@type\":\"BreadcrumbList\",\"@id\":\"https:\\\/\\\/candas365.es\\\/noticias\\\/el-tiempo-en-espana-19-de-octubre-2017\\\/#breadcrumblist\",\"itemListElement\":[{\"@type\":\"ListItem\",\"@id\":\"https:\\\/\\\/candas365.es\\\/noticias#listItem\",\"position\":1,\"name\":\"Home\",\"item\":\"https:\\\/\\\/candas365.es\\\/noticias\",\"nextItem\":{\"@type\":\"ListItem\",\"@id\":\"https:\\\/\\\/candas365.es\\\/noticias\\\/category\\\/agenda\\\/#listItem\",\"name\":\"Agenda\"}},{\"@type\":\"ListItem\",\"@id\":\"https:\\\/\\\/candas365.es\\\/noticias\\\/category\\\/agenda\\\/#listItem\",\"position\":2,\"name\":\"Agenda\",\"item\":\"https:\\\/\\\/candas365.es\\\/noticias\\\/category\\\/agenda\\\/\",\"nextItem\":{\"@type\":\"ListItem\",\"@id\":\"https:\\\/\\\/candas365.es\\\/noticias\\\/el-tiempo-en-espana-19-de-octubre-2017\\\/#listItem\",\"name\":\"El tiempo en Espa\\u00f1a, 19 de Octubre 2017\"},\"previousItem\":{\"@type\":\"ListItem\",\"@id\":\"https:\\\/\\\/candas365.es\\\/noticias#listItem\",\"name\":\"Home\"}},{\"@type\":\"ListItem\",\"@id\":\"https:\\\/\\\/candas365.es\\\/noticias\\\/el-tiempo-en-espana-19-de-octubre-2017\\\/#listItem\",\"position\":3,\"name\":\"El tiempo en Espa\\u00f1a, 19 de Octubre 2017\",\"previousItem\":{\"@type\":\"ListItem\",\"@id\":\"https:\\\/\\\/candas365.es\\\/noticias\\\/category\\\/agenda\\\/#listItem\",\"name\":\"Agenda\"}}]},{\"@type\":\"NewsArticle\",\"@id\":\"https:\\\/\\\/candas365.es\\\/noticias\\\/el-tiempo-en-espana-19-de-octubre-2017\\\/#newsarticle\",\"name\":\"El tiempo en Espa\\u00f1a, 19 de Octubre 2017 | Cand\\u00e1s 365\",\"headline\":\"El tiempo en Espa\\u00f1a, 19 de Octubre 2017\",\"author\":{\"@id\":\"https:\\\/\\\/candas365.es\\\/noticias\\\/author\\\/admin\\\/#author\"},\"publisher\":{\"@id\":\"https:\\\/\\\/candas365.es\\\/noticias\\\/#organization\"},\"image\":{\"@type\":\"ImageObject\",\"url\":\"https:\\\/\\\/candas365.es\\\/noticias\\\/wp-content\\\/uploads\\\/2015\\\/11\\\/NUBOSO2.jpg\",\"width\":1024,\"height\":768,\"caption\":\"nuboso\"},\"datePublished\":\"2017-10-18T19:31:53+02:00\",\"dateModified\":\"2017-10-18T19:32:16+02:00\",\"inLanguage\":\"es-ES\",\"mainEntityOfPage\":{\"@id\":\"https:\\\/\\\/candas365.es\\\/noticias\\\/el-tiempo-en-espana-19-de-octubre-2017\\\/#webpage\"},\"isPartOf\":{\"@id\":\"https:\\\/\\\/candas365.es\\\/noticias\\\/el-tiempo-en-espana-19-de-octubre-2017\\\/#webpage\"},\"articleSection\":\"Agenda\",\"dateline\":\"Publicado el octubre 18, 2017.\"},{\"@type\":\"Organization\",\"@id\":\"https:\\\/\\\/candas365.es\\\/noticias\\\/#organization\",\"name\":\"Cand\\u00e1s 365\",\"description\":\"Cand\\u00e1s 365 es un diario digital independiente, fundado en 2012, con base en Asturias. Informamos con rigor sobre actualidad, sociedad, cultura y ocio, con una mirada local y global.\",\"url\":\"https:\\\/\\\/candas365.es\\\/noticias\\\/\",\"email\":\"info@candas365.es\",\"telephone\":\"+34652131393\",\"foundingDate\":\"2012-06-10\",\"logo\":{\"@type\":\"ImageObject\",\"url\":\"https:\\\/\\\/candas365.es\\\/noticias\\\/wp-content\\\/uploads\\\/2024\\\/09\\\/Candas-365-Redes.jpg\",\"@id\":\"https:\\\/\\\/candas365.es\\\/noticias\\\/el-tiempo-en-espana-19-de-octubre-2017\\\/#organizationLogo\",\"width\":1152,\"height\":864,\"caption\":\"Cand\\u00e1s 365 Redes\"},\"image\":{\"@id\":\"https:\\\/\\\/candas365.es\\\/noticias\\\/el-tiempo-en-espana-19-de-octubre-2017\\\/#organizationLogo\"},\"sameAs\":[\"https:\\\/\\\/www.facebook.com\\\/Nachofdezber\",\"https:\\\/\\\/x.com\\\/NabercoDigital\",\"https:\\\/\\\/www.instagram.com\\\/nachofdezber\\\/\",\"https:\\\/\\\/www.youtube.com\\\/channel\\\/UCZP-2wLEB9Rv6erhFmqVnvg\"],\"address\":{\"@id\":\"https:\\\/\\\/candas365.es\\\/noticias\\\/#postaladdress\",\"@type\":\"PostalAddress\",\"streetAddress\":\"san antonio 4, san antonio 4\",\"postalCode\":\"33430\",\"addressLocality\":\"Cand\\u00e1s\",\"addressRegion\":\"Asturias\",\"addressCountry\":\"ES\"}},{\"@type\":\"Person\",\"@id\":\"https:\\\/\\\/candas365.es\\\/noticias\\\/author\\\/admin\\\/#author\",\"url\":\"https:\\\/\\\/candas365.es\\\/noticias\\\/author\\\/admin\\\/\",\"name\":\"Cand\\u00e1s 365\",\"image\":{\"@type\":\"ImageObject\",\"@id\":\"https:\\\/\\\/candas365.es\\\/noticias\\\/el-tiempo-en-espana-19-de-octubre-2017\\\/#authorImage\",\"url\":\"https:\\\/\\\/secure.gravatar.com\\\/avatar\\\/496a8e03d0c493ede1718b7934145dbdf8d89be1036b0eec9544e1094c9de390?s=96&d=mm&r=g\",\"width\":96,\"height\":96,\"caption\":\"Cand\\u00e1s 365\"},\"sameAs\":[\"https:\\\/\\\/www.facebook.com\\\/carrenoactualidad\",\"https:\\\/\\\/twitter.com\\\/nbasturias\",\"https:\\\/\\\/www.instagram.com\\\/nachofdezber\\\/\",\"https:\\\/\\\/www.youtube.com\\\/channel\\\/UCZP-2wLEB9Rv6erhFmqVnvg\"]},{\"@type\":\"WebPage\",\"@id\":\"https:\\\/\\\/candas365.es\\\/noticias\\\/el-tiempo-en-espana-19-de-octubre-2017\\\/#webpage\",\"url\":\"https:\\\/\\\/candas365.es\\\/noticias\\\/el-tiempo-en-espana-19-de-octubre-2017\\\/\",\"name\":\"El tiempo en Espa\\u00f1a, 19 de Octubre 2017 | Cand\\u00e1s 365\",\"description\":\"En la Pen\\u00ednsula y Baleares predominar\\u00e1n los cielos nubosos, con lluvias y chubascos en el \\u00e1rea del Estrecho, litoral de Andaluc\\u00eda oriental, este de Catalu\\u00f1a y Baleares, que podr\\u00e1n ser localmente fuertes y con tormentas principalmente durante la primera mitad del d\\u00eda; en el resto ser\\u00e1n m\\u00e1s ocasionales y dispersas, no esper\\u00e1ndose precipitaciones en gran\",\"inLanguage\":\"es-ES\",\"isPartOf\":{\"@id\":\"https:\\\/\\\/candas365.es\\\/noticias\\\/#website\"},\"breadcrumb\":{\"@id\":\"https:\\\/\\\/candas365.es\\\/noticias\\\/el-tiempo-en-espana-19-de-octubre-2017\\\/#breadcrumblist\"},\"author\":{\"@id\":\"https:\\\/\\\/candas365.es\\\/noticias\\\/author\\\/admin\\\/#author\"},\"creator\":{\"@id\":\"https:\\\/\\\/candas365.es\\\/noticias\\\/author\\\/admin\\\/#author\"},\"image\":{\"@type\":\"ImageObject\",\"url\":\"https:\\\/\\\/candas365.es\\\/noticias\\\/wp-content\\\/uploads\\\/2015\\\/11\\\/NUBOSO2.jpg\",\"@id\":\"https:\\\/\\\/candas365.es\\\/noticias\\\/el-tiempo-en-espana-19-de-octubre-2017\\\/#mainImage\",\"width\":1024,\"height\":768,\"caption\":\"nuboso\"},\"primaryImageOfPage\":{\"@id\":\"https:\\\/\\\/candas365.es\\\/noticias\\\/el-tiempo-en-espana-19-de-octubre-2017\\\/#mainImage\"},\"datePublished\":\"2017-10-18T19:31:53+02:00\",\"dateModified\":\"2017-10-18T19:32:16+02:00\"},{\"@type\":\"WebSite\",\"@id\":\"https:\\\/\\\/candas365.es\\\/noticias\\\/#website\",\"url\":\"https:\\\/\\\/candas365.es\\\/noticias\\\/\",\"name\":\"Cand\\u00e1s 365\",\"alternateName\":\"Cand\\u00e1s 365 Noticias\",\"description\":\"Actualidad desde Carre\\u00f1o para el mundo\",\"inLanguage\":\"es-ES\",\"publisher\":{\"@id\":\"https:\\\/\\\/candas365.es\\\/noticias\\\/#organization\"}}]}\n\t\t<\/script>\n\t\t<!-- All in One SEO Pro -->\r\n\t\t<title>El tiempo en Espa\u00f1a, 19 de Octubre 2017 | Cand\u00e1s 365<\/title>\n\n","aioseo_head_json":{"title":"El tiempo en Espa\u00f1a, 19 de Octubre 2017 | Cand\u00e1s 365","description":"En la Pen\u00ednsula y Baleares predominar\u00e1n los cielos nubosos, con lluvias y chubascos en el \u00e1rea del Estrecho, litoral de Andaluc\u00eda oriental, este de Catalu\u00f1a y Baleares, que podr\u00e1n ser localmente fuertes y con tormentas principalmente durante la primera mitad del d\u00eda; en el resto ser\u00e1n m\u00e1s ocasionales y dispersas, no esper\u00e1ndose precipitaciones en gran","canonical_url":"https:\/\/candas365.es\/noticias\/el-tiempo-en-espana-19-de-octubre-2017\/","robots":"max-image-preview:large","keywords":"agenda","webmasterTools":{"google-site-verification":"UA-32230408-1","msvalidate.01":"354F3CDFB2DA171B47FBE9ABF1F88D5","miscellaneous":""},"schema":{"@context":"https:\/\/schema.org","@graph":[{"@type":"BreadcrumbList","@id":"https:\/\/candas365.es\/noticias\/el-tiempo-en-espana-19-de-octubre-2017\/#breadcrumblist","itemListElement":[{"@type":"ListItem","@id":"https:\/\/candas365.es\/noticias#listItem","position":1,"name":"Home","item":"https:\/\/candas365.es\/noticias","nextItem":{"@type":"ListItem","@id":"https:\/\/candas365.es\/noticias\/category\/agenda\/#listItem","name":"Agenda"}},{"@type":"ListItem","@id":"https:\/\/candas365.es\/noticias\/category\/agenda\/#listItem","position":2,"name":"Agenda","item":"https:\/\/candas365.es\/noticias\/category\/agenda\/","nextItem":{"@type":"ListItem","@id":"https:\/\/candas365.es\/noticias\/el-tiempo-en-espana-19-de-octubre-2017\/#listItem","name":"El tiempo en Espa\u00f1a, 19 de Octubre 2017"},"previousItem":{"@type":"ListItem","@id":"https:\/\/candas365.es\/noticias#listItem","name":"Home"}},{"@type":"ListItem","@id":"https:\/\/candas365.es\/noticias\/el-tiempo-en-espana-19-de-octubre-2017\/#listItem","position":3,"name":"El tiempo en Espa\u00f1a, 19 de Octubre 2017","previousItem":{"@type":"ListItem","@id":"https:\/\/candas365.es\/noticias\/category\/agenda\/#listItem","name":"Agenda"}}]},{"@type":"NewsArticle","@id":"https:\/\/candas365.es\/noticias\/el-tiempo-en-espana-19-de-octubre-2017\/#newsarticle","name":"El tiempo en Espa\u00f1a, 19 de Octubre 2017 | Cand\u00e1s 365","headline":"El tiempo en Espa\u00f1a, 19 de Octubre 2017","author":{"@id":"https:\/\/candas365.es\/noticias\/author\/admin\/#author"},"publisher":{"@id":"https:\/\/candas365.es\/noticias\/#organization"},"image":{"@type":"ImageObject","url":"https:\/\/candas365.es\/noticias\/wp-content\/uploads\/2015\/11\/NUBOSO2.jpg","width":1024,"height":768,"caption":"nuboso"},"datePublished":"2017-10-18T19:31:53+02:00","dateModified":"2017-10-18T19:32:16+02:00","inLanguage":"es-ES","mainEntityOfPage":{"@id":"https:\/\/candas365.es\/noticias\/el-tiempo-en-espana-19-de-octubre-2017\/#webpage"},"isPartOf":{"@id":"https:\/\/candas365.es\/noticias\/el-tiempo-en-espana-19-de-octubre-2017\/#webpage"},"articleSection":"Agenda","dateline":"Publicado el octubre 18, 2017."},{"@type":"Organization","@id":"https:\/\/candas365.es\/noticias\/#organization","name":"Cand\u00e1s 365","description":"Cand\u00e1s 365 es un diario digital independiente, fundado en 2012, con base en Asturias. Informamos con rigor sobre actualidad, sociedad, cultura y ocio, con una mirada local y global.","url":"https:\/\/candas365.es\/noticias\/","email":"info@candas365.es","telephone":"+34652131393","foundingDate":"2012-06-10","logo":{"@type":"ImageObject","url":"https:\/\/candas365.es\/noticias\/wp-content\/uploads\/2024\/09\/Candas-365-Redes.jpg","@id":"https:\/\/candas365.es\/noticias\/el-tiempo-en-espana-19-de-octubre-2017\/#organizationLogo","width":1152,"height":864,"caption":"Cand\u00e1s 365 Redes"},"image":{"@id":"https:\/\/candas365.es\/noticias\/el-tiempo-en-espana-19-de-octubre-2017\/#organizationLogo"},"sameAs":["https:\/\/www.facebook.com\/Nachofdezber","https:\/\/x.com\/NabercoDigital","https:\/\/www.instagram.com\/nachofdezber\/","https:\/\/www.youtube.com\/channel\/UCZP-2wLEB9Rv6erhFmqVnvg"],"address":{"@id":"https:\/\/candas365.es\/noticias\/#postaladdress","@type":"PostalAddress","streetAddress":"san antonio 4, san antonio 4","postalCode":"33430","addressLocality":"Cand\u00e1s","addressRegion":"Asturias","addressCountry":"ES"}},{"@type":"Person","@id":"https:\/\/candas365.es\/noticias\/author\/admin\/#author","url":"https:\/\/candas365.es\/noticias\/author\/admin\/","name":"Cand\u00e1s 365","image":{"@type":"ImageObject","@id":"https:\/\/candas365.es\/noticias\/el-tiempo-en-espana-19-de-octubre-2017\/#authorImage","url":"https:\/\/secure.gravatar.com\/avatar\/496a8e03d0c493ede1718b7934145dbdf8d89be1036b0eec9544e1094c9de390?s=96&d=mm&r=g","width":96,"height":96,"caption":"Cand\u00e1s 365"},"sameAs":["https:\/\/www.facebook.com\/carrenoactualidad","https:\/\/twitter.com\/nbasturias","https:\/\/www.instagram.com\/nachofdezber\/","https:\/\/www.youtube.com\/channel\/UCZP-2wLEB9Rv6erhFmqVnvg"]},{"@type":"WebPage","@id":"https:\/\/candas365.es\/noticias\/el-tiempo-en-espana-19-de-octubre-2017\/#webpage","url":"https:\/\/candas365.es\/noticias\/el-tiempo-en-espana-19-de-octubre-2017\/","name":"El tiempo en Espa\u00f1a, 19 de Octubre 2017 | Cand\u00e1s 365","description":"En la Pen\u00ednsula y Baleares predominar\u00e1n los cielos nubosos, con lluvias y chubascos en el \u00e1rea del Estrecho, litoral de Andaluc\u00eda oriental, este de Catalu\u00f1a y Baleares, que podr\u00e1n ser localmente fuertes y con tormentas principalmente durante la primera mitad del d\u00eda; en el resto ser\u00e1n m\u00e1s ocasionales y dispersas, no esper\u00e1ndose precipitaciones en gran","inLanguage":"es-ES","isPartOf":{"@id":"https:\/\/candas365.es\/noticias\/#website"},"breadcrumb":{"@id":"https:\/\/candas365.es\/noticias\/el-tiempo-en-espana-19-de-octubre-2017\/#breadcrumblist"},"author":{"@id":"https:\/\/candas365.es\/noticias\/author\/admin\/#author"},"creator":{"@id":"https:\/\/candas365.es\/noticias\/author\/admin\/#author"},"image":{"@type":"ImageObject","url":"https:\/\/candas365.es\/noticias\/wp-content\/uploads\/2015\/11\/NUBOSO2.jpg","@id":"https:\/\/candas365.es\/noticias\/el-tiempo-en-espana-19-de-octubre-2017\/#mainImage","width":1024,"height":768,"caption":"nuboso"},"primaryImageOfPage":{"@id":"https:\/\/candas365.es\/noticias\/el-tiempo-en-espana-19-de-octubre-2017\/#mainImage"},"datePublished":"2017-10-18T19:31:53+02:00","dateModified":"2017-10-18T19:32:16+02:00"},{"@type":"WebSite","@id":"https:\/\/candas365.es\/noticias\/#website","url":"https:\/\/candas365.es\/noticias\/","name":"Cand\u00e1s 365","alternateName":"Cand\u00e1s 365 Noticias","description":"Actualidad desde Carre\u00f1o para el mundo","inLanguage":"es-ES","publisher":{"@id":"https:\/\/candas365.es\/noticias\/#organization"}}]},"og:locale":"es_ES","og:site_name":"Cand\u00e1s 365","og:type":"article","og:title":"El tiempo en Espa\u00f1a, 19 de Octubre 2017 | Cand\u00e1s 365","og:description":"En la Pen\u00ednsula y Baleares predominar\u00e1n los cielos nubosos, con lluvias y chubascos en el \u00e1rea del Estrecho, litoral de Andaluc\u00eda oriental, este de Catalu\u00f1a y Baleares, que podr\u00e1n ser localmente fuertes y con tormentas principalmente durante la primera mitad del d\u00eda; en el resto ser\u00e1n m\u00e1s ocasionales y dispersas, no esper\u00e1ndose precipitaciones en gran","og:url":"https:\/\/candas365.es\/noticias\/el-tiempo-en-espana-19-de-octubre-2017\/","og:image":"https:\/\/candas365.es\/noticias\/wp-content\/uploads\/2015\/11\/NUBOSO2.jpg","og:image:secure_url":"https:\/\/candas365.es\/noticias\/wp-content\/uploads\/2015\/11\/NUBOSO2.jpg","og:image:width":1024,"og:image:height":768,"article:published_time":"2017-10-18T19:31:53+00:00","article:modified_time":"2017-10-18T19:32:16+00:00","article:publisher":"https:\/\/www.facebook.com\/Nachofdezber","article:author":"https:\/\/www.facebook.com\/carrenoactualidad","twitter:card":"summary_large_image","twitter:site":"@NabercoDigital","twitter:title":"El tiempo en Espa\u00f1a, 19 de Octubre 2017 | Cand\u00e1s 365","twitter:description":"En la Pen\u00ednsula y Baleares predominar\u00e1n los cielos nubosos, con lluvias y chubascos en el \u00e1rea del Estrecho, litoral de Andaluc\u00eda oriental, este de Catalu\u00f1a y Baleares, que podr\u00e1n ser localmente fuertes y con tormentas principalmente durante la primera mitad del d\u00eda; en el resto ser\u00e1n m\u00e1s ocasionales y dispersas, no esper\u00e1ndose precipitaciones en gran","twitter:creator":"@nbasturias","twitter:image":"https:\/\/candas365.es\/noticias\/wp-content\/uploads\/2015\/11\/NUBOSO2.jpg","twitter:label1":"Escrito por","twitter:data1":"Cand\u00e1s 365","twitter:label2":"Tiempo de lectura estimado","twitter:data2":"1 minuto"},"aioseo_meta_data":{"post_id":"82445","title":null,"description":null,"keywords":null,"keyphrases":null,"primary_term":null,"canonical_url":null,"og_title":null,"og_description":null,"og_object_type":"default","og_image_type":"default","og_image_url":null,"og_image_width":null,"og_image_height":null,"og_image_custom_url":null,"og_image_custom_fields":null,"og_video":null,"og_custom_url":null,"og_article_section":null,"og_article_tags":null,"twitter_use_og":false,"twitter_card":"default","twitter_image_type":"default","twitter_image_url":null,"twitter_image_custom_url":null,"twitter_image_custom_fields":null,"twitter_title":null,"twitter_description":null,"schema":{"blockGraphs":[],"customGraphs":[],"default":{"data":{"Article":[],"Course":[],"Dataset":[],"FAQPage":[],"Movie":[],"Person":[],"Product":[],"ProductReview":[],"Car":[],"Recipe":[],"Service":[],"SoftwareApplication":[],"WebPage":[]},"graphName":"","isEnabled":true},"graphs":[]},"schema_type":null,"schema_type_options":null,"pillar_content":false,"robots_default":true,"robots_noindex":false,"robots_noarchive":false,"robots_nosnippet":false,"robots_nofollow":false,"robots_noimageindex":false,"robots_noodp":false,"robots_notranslate":false,"robots_max_snippet":null,"robots_max_videopreview":null,"robots_max_imagepreview":"large","priority":null,"frequency":null,"location":null,"local_seo":null,"seo_analyzer_scan_date":"2025-08-26 03:05:12","breadcrumb_settings":null,"limit_modified_date":false,"reviewed_by":null,"open_ai":null,"ai":null,"created":"2020-12-21 12:37:00","updated":"2025-08-26 03:05:12"},"aioseo_breadcrumb":"<div class=\"aioseo-breadcrumbs\"><span class=\"aioseo-breadcrumb\">\n\t<a href=\"https:\/\/candas365.es\/noticias\" title=\"Home\">Home<\/a>\n<\/span><span class=\"aioseo-breadcrumb-separator\">&ndash;<\/span><span class=\"aioseo-breadcrumb\">\n\t<a href=\"https:\/\/candas365.es\/noticias\/category\/agenda\/\" title=\"Agenda\">Agenda<\/a>\n<\/span><span class=\"aioseo-breadcrumb-separator\">&ndash;<\/span><span class=\"aioseo-breadcrumb\">\n\tEl tiempo en Espa\u00f1a, 19 de Octubre 2017\n<\/span><\/div>","aioseo_breadcrumb_json":[{"label":"Home","link":"https:\/\/candas365.es\/noticias"},{"label":"Agenda","link":"https:\/\/candas365.es\/noticias\/category\/agenda\/"},{"label":"El tiempo en Espa\u00f1a, 19 de Octubre 2017","link":"https:\/\/candas365.es\/noticias\/el-tiempo-en-espana-19-de-octubre-2017\/"}],"_links":{"self":[{"href":"https:\/\/candas365.es\/noticias\/wp-json\/wp\/v2\/posts\/82445","targetHints":{"allow":["GET"]}}],"collection":[{"href":"https:\/\/candas365.es\/noticias\/wp-json\/wp\/v2\/posts"}],"about":[{"href":"https:\/\/candas365.es\/noticias\/wp-json\/wp\/v2\/types\/post"}],"author":[{"embeddable":true,"href":"https:\/\/candas365.es\/noticias\/wp-json\/wp\/v2\/users\/1"}],"replies":[{"embeddable":true,"href":"https:\/\/candas365.es\/noticias\/wp-json\/wp\/v2\/comments?post=82445"}],"version-history":[{"count":0,"href":"https:\/\/candas365.es\/noticias\/wp-json\/wp\/v2\/posts\/82445\/revisions"}],"wp:featuredmedia":[{"embeddable":true,"href":"https:\/\/candas365.es\/noticias\/wp-json\/wp\/v2\/media\/20033"}],"wp:attachment":[{"href":"https:\/\/candas365.es\/noticias\/wp-json\/wp\/v2\/media?parent=82445"}],"wp:term":[{"taxonomy":"category","embeddable":true,"href":"https:\/\/candas365.es\/noticias\/wp-json\/wp\/v2\/categories?post=82445"},{"taxonomy":"post_tag","embeddable":true,"href":"https:\/\/candas365.es\/noticias\/wp-json\/wp\/v2\/tags?post=82445"}],"curies":[{"name":"wp","href":"https:\/\/api.w.org\/{rel}","templated":true}]}}