{"id":82411,"date":"2017-10-18T13:56:40","date_gmt":"2017-10-18T13:56:40","guid":{"rendered":"http:\/\/candas365.es\/noticias\/?p=82411"},"modified":"2017-10-18T13:56:40","modified_gmt":"2017-10-18T13:56:40","slug":"andres-suarez-cantajuego-y-date-danza-en-laboral-ciudad-de-la-cultura","status":"publish","type":"post","link":"https:\/\/candas365.es\/noticias\/andres-suarez-cantajuego-y-date-danza-en-laboral-ciudad-de-la-cultura\/","title":{"rendered":"Andr\u00e9s Su\u00e1rez, CantaJuego y Date Danza en Laboral Ciudad de la Cultura"},"content":{"rendered":"<p><img fetchpriority=\"high\" decoding=\"async\" class=\"alignleft size-medium wp-image-82412\" src=\"https:\/\/candas365.es\/noticias\/wp-content\/uploads\/2017\/10\/ANDRES-SUAREZ-321x300.jpg\" alt=\"\" width=\"321\" height=\"300\" srcset=\"https:\/\/candas365.es\/noticias\/wp-content\/uploads\/2017\/10\/ANDRES-SUAREZ-321x300.jpg 321w, https:\/\/candas365.es\/noticias\/wp-content\/uploads\/2017\/10\/ANDRES-SUAREZ-768x719.jpg 768w, https:\/\/candas365.es\/noticias\/wp-content\/uploads\/2017\/10\/ANDRES-SUAREZ-513x480.jpg 513w, https:\/\/candas365.es\/noticias\/wp-content\/uploads\/2017\/10\/ANDRES-SUAREZ-696x651.jpg 696w, https:\/\/candas365.es\/noticias\/wp-content\/uploads\/2017\/10\/ANDRES-SUAREZ-1068x1000.jpg 1068w, https:\/\/candas365.es\/noticias\/wp-content\/uploads\/2017\/10\/ANDRES-SUAREZ-449x420.jpg 449w, https:\/\/candas365.es\/noticias\/wp-content\/uploads\/2017\/10\/ANDRES-SUAREZ.jpg 1280w\" sizes=\"(max-width: 321px) 100vw, 321px\" \/>Laboral Ciudad de la Cultura acoge este fin de semana el concierto de Andr\u00e9s Su\u00e1rez, dos funciones de CantaJuego y el espect\u00e1culo Akari de Da.Te Danza.<\/p>\n<p>El cantautor gallego Andr\u00e9s Su\u00e1rez presentar\u00e1 su nuevo \u00e1lbum, Desde una ventana, este viernes 20 de octubre, a las 21:00 horas en el Teatro de la Laboral. Su nuevo disco de estudio es el m\u00e1s vitalista y alegre del artista, \u201cuna ventana abierta al mar, a la playa, a la luz, desde la mirada de una persona que atraviesa un momento sentimentalmente agradable, un momento de felicidad\u201d, seg\u00fan explica. Rock, folk e incluso fado se podr\u00e1n escuchar en los temas de su s\u00e9ptimo trabajo, que alcanz\u00f3 el n\u00famero uno en ventas en Espa\u00f1a con canciones como El coraz\u00f3n me arde, Tal vez te acuerdes de m\u00ed, Estrellas o Dama que pinta en el sur.<\/p>\n<p>El nuevo espect\u00e1culo de CantaJuego, La fiesta de mi pueblo, llega el s\u00e1bado 21 de octubre con dos funciones a las 16:30 y 19:00 horas en el Teatro de la Laboral. Los entra\u00f1ables personajes de los CantaJuego ofrecer\u00e1n una cuidada selecci\u00f3n de sus conocidas canciones y de los temas de las tres temporadas de \u00a1Viva mi planeta! para hablar de sostenibilidad, cuidado del planeta y de valores de convivencia y colaboraci\u00f3n a trav\u00e9s de la m\u00fasica, el baile, el juego y el humor.<\/p>\n<p>Da.Te Danza mostrar\u00e1 c\u00f3mo brilla la luz interior de cada persona en Akari, el domingo 22 de octubre, a las 17:30 horas. Bajo la direcci\u00f3n de Omar Meza, la compa\u00f1\u00eda aborda el tema de la energ\u00eda, c\u00f3mo se crea y evoluciona a medida que vamos creciendo y dando forma a los est\u00edmulos que recibimos. Formas, colores, emociones y estados de \u00e1nimo se narran a trav\u00e9s del lenguaje de la danza con la luz como gu\u00eda en esta obra incluida en Danza Xix\u00f3n 2017.<\/p>\n<p><strong>El preestreno de la pel\u00edcula El autor en Laboral Cinemateca<\/strong><\/p>\n<p>El viernes 20 de octubre, a las 20:30 horas, Laboral Cinemateca acoger\u00e1 el preestreno de El autor, la \u00faltima pel\u00edcula del realizador andaluz Manuel Mart\u00edn Cuenca, que adem\u00e1s mantendr\u00e1 un encuentro con el p\u00fablico asistente a la proyecci\u00f3n.<\/p>\n<p>El cine continuar\u00e1 este fin de semana con la proyecci\u00f3n de Alb\u00fcm de Mehmet Can Merto\u011flu, el s\u00e1bado 21 de octubre, a las 20:00 horas, una pel\u00edcula entre la comedia y la cr\u00edtica mordaz a la sociedad contempor\u00e1nea en la que una pareja fabricar\u00e1 los recuerdos necesarios para hacer pasar por biol\u00f3gico a su hijo adoptivo; y con Anna mon amour, el domingo 22 a las 19:00 horas, en la que el director Calin Peter Netzer disecciona una relaci\u00f3n de pareja como un tejido de adicciones emocionales.<\/p>\n<p>Las localidades para los espect\u00e1culos y proyecciones se pueden adquirir en la Recepci\u00f3n de la Laboral, en la Oficina de Informaci\u00f3n Tur\u00edstica de Asturias en Oviedo, en el Centro Niemeyer en Avil\u00e9s, en <strong>entradas.liberbank.es<\/strong>, 902 106 601 y red de cajeros Liberbank.<\/p>\n","protected":false},"excerpt":{"rendered":"<p>Laboral Ciudad de la Cultura acoge este fin de semana el concierto de Andr\u00e9s Su\u00e1rez, dos funciones de CantaJuego y el espect\u00e1culo Akari de Da.Te Danza. El cantautor gallego Andr\u00e9s Su\u00e1rez presentar\u00e1 su nuevo \u00e1lbum, Desde una ventana, este viernes 20 de octubre, a las 21:00 horas en el Teatro de la Laboral. Su nuevo<\/p>\n","protected":false},"author":1,"featured_media":82412,"comment_status":"closed","ping_status":"closed","sticky":false,"template":"","format":"standard","meta":{"footnotes":""},"categories":[1],"tags":[],"class_list":{"0":"post-82411","1":"post","2":"type-post","3":"status-publish","4":"format-standard","5":"has-post-thumbnail","7":"category-agenda"},"aioseo_notices":[],"aioseo_head":"\n\t\t<!-- All in One SEO Pro 4.9.6.2 - aioseo.com -->\n\t<meta name=\"description\" content=\"Laboral Ciudad de la Cultura acoge este fin de semana el concierto de Andr\u00e9s Su\u00e1rez, dos funciones de CantaJuego y el espect\u00e1culo Akari de Da.Te Danza. El cantautor gallego Andr\u00e9s Su\u00e1rez presentar\u00e1 su nuevo \u00e1lbum, Desde una ventana, este viernes 20 de octubre, a las 21:00 horas en el Teatro de la Laboral. Su nuevo\" \/>\n\t<meta name=\"robots\" content=\"max-image-preview:large\" \/>\n\t<meta name=\"author\" content=\"Cand\u00e1s 365\"\/>\n\t<meta name=\"google-site-verification\" content=\"UA-32230408-1\" \/>\n\t<meta name=\"msvalidate.01\" content=\"354F3CDFB2DA171B47FBE9ABF1F88D5\" \/>\n\t<meta name=\"keywords\" content=\"agenda\" \/>\n\t<link rel=\"canonical\" href=\"https:\/\/candas365.es\/noticias\/andres-suarez-cantajuego-y-date-danza-en-laboral-ciudad-de-la-cultura\/\" \/>\n\t<meta name=\"generator\" content=\"All in One SEO Pro (AIOSEO) 4.9.6.2\" \/>\n\t\t<meta property=\"og:locale\" content=\"es_ES\" \/>\n\t\t<meta property=\"og:site_name\" content=\"Cand\u00e1s 365\" \/>\n\t\t<meta property=\"og:type\" content=\"article\" \/>\n\t\t<meta property=\"og:title\" content=\"Andr\u00e9s Su\u00e1rez, CantaJuego y Date Danza en Laboral Ciudad de la Cultura | Cand\u00e1s 365\" \/>\n\t\t<meta property=\"og:description\" content=\"Laboral Ciudad de la Cultura acoge este fin de semana el concierto de Andr\u00e9s Su\u00e1rez, dos funciones de CantaJuego y el espect\u00e1culo Akari de Da.Te Danza. El cantautor gallego Andr\u00e9s Su\u00e1rez presentar\u00e1 su nuevo \u00e1lbum, Desde una ventana, este viernes 20 de octubre, a las 21:00 horas en el Teatro de la Laboral. Su nuevo\" \/>\n\t\t<meta property=\"og:url\" content=\"https:\/\/candas365.es\/noticias\/andres-suarez-cantajuego-y-date-danza-en-laboral-ciudad-de-la-cultura\/\" \/>\n\t\t<meta property=\"og:image\" content=\"https:\/\/candas365.es\/noticias\/wp-content\/uploads\/2017\/10\/ANDRES-SUAREZ.jpg\" \/>\n\t\t<meta property=\"og:image:secure_url\" content=\"https:\/\/candas365.es\/noticias\/wp-content\/uploads\/2017\/10\/ANDRES-SUAREZ.jpg\" \/>\n\t\t<meta property=\"og:image:width\" content=\"1280\" \/>\n\t\t<meta property=\"og:image:height\" content=\"1198\" \/>\n\t\t<meta property=\"article:published_time\" content=\"2017-10-18T13:56:40+00:00\" \/>\n\t\t<meta property=\"article:modified_time\" content=\"2017-10-18T13:56:40+00:00\" \/>\n\t\t<meta property=\"article:publisher\" content=\"https:\/\/www.facebook.com\/Nachofdezber\" \/>\n\t\t<meta property=\"article:author\" content=\"https:\/\/www.facebook.com\/carrenoactualidad\" \/>\n\t\t<meta name=\"twitter:card\" content=\"summary_large_image\" \/>\n\t\t<meta name=\"twitter:site\" content=\"@NabercoDigital\" \/>\n\t\t<meta name=\"twitter:title\" content=\"Andr\u00e9s Su\u00e1rez, CantaJuego y Date Danza en Laboral Ciudad de la Cultura | Cand\u00e1s 365\" \/>\n\t\t<meta name=\"twitter:description\" content=\"Laboral Ciudad de la Cultura acoge este fin de semana el concierto de Andr\u00e9s Su\u00e1rez, dos funciones de CantaJuego y el espect\u00e1culo Akari de Da.Te Danza. El cantautor gallego Andr\u00e9s Su\u00e1rez presentar\u00e1 su nuevo \u00e1lbum, Desde una ventana, este viernes 20 de octubre, a las 21:00 horas en el Teatro de la Laboral. Su nuevo\" \/>\n\t\t<meta name=\"twitter:creator\" content=\"@nbasturias\" \/>\n\t\t<meta name=\"twitter:image\" content=\"https:\/\/candas365.es\/noticias\/wp-content\/uploads\/2017\/10\/ANDRES-SUAREZ.jpg\" \/>\n\t\t<meta name=\"twitter:label1\" content=\"Escrito por\" \/>\n\t\t<meta name=\"twitter:data1\" content=\"Cand\u00e1s 365\" \/>\n\t\t<meta name=\"twitter:label2\" content=\"Tiempo de lectura estimado\" \/>\n\t\t<meta name=\"twitter:data2\" content=\"3 minutos\" \/>\n\t\t<script type=\"application\/ld+json\" class=\"aioseo-schema\">\n\t\t\t{\"@context\":\"https:\\\/\\\/schema.org\",\"@graph\":[{\"@type\":\"BreadcrumbList\",\"@id\":\"https:\\\/\\\/candas365.es\\\/noticias\\\/andres-suarez-cantajuego-y-date-danza-en-laboral-ciudad-de-la-cultura\\\/#breadcrumblist\",\"itemListElement\":[{\"@type\":\"ListItem\",\"@id\":\"https:\\\/\\\/candas365.es\\\/noticias#listItem\",\"position\":1,\"name\":\"Home\",\"item\":\"https:\\\/\\\/candas365.es\\\/noticias\",\"nextItem\":{\"@type\":\"ListItem\",\"@id\":\"https:\\\/\\\/candas365.es\\\/noticias\\\/category\\\/agenda\\\/#listItem\",\"name\":\"Agenda\"}},{\"@type\":\"ListItem\",\"@id\":\"https:\\\/\\\/candas365.es\\\/noticias\\\/category\\\/agenda\\\/#listItem\",\"position\":2,\"name\":\"Agenda\",\"item\":\"https:\\\/\\\/candas365.es\\\/noticias\\\/category\\\/agenda\\\/\",\"nextItem\":{\"@type\":\"ListItem\",\"@id\":\"https:\\\/\\\/candas365.es\\\/noticias\\\/andres-suarez-cantajuego-y-date-danza-en-laboral-ciudad-de-la-cultura\\\/#listItem\",\"name\":\"Andr\\u00e9s Su\\u00e1rez, CantaJuego y Date Danza en Laboral Ciudad de la Cultura\"},\"previousItem\":{\"@type\":\"ListItem\",\"@id\":\"https:\\\/\\\/candas365.es\\\/noticias#listItem\",\"name\":\"Home\"}},{\"@type\":\"ListItem\",\"@id\":\"https:\\\/\\\/candas365.es\\\/noticias\\\/andres-suarez-cantajuego-y-date-danza-en-laboral-ciudad-de-la-cultura\\\/#listItem\",\"position\":3,\"name\":\"Andr\\u00e9s Su\\u00e1rez, CantaJuego y Date Danza en Laboral Ciudad de la Cultura\",\"previousItem\":{\"@type\":\"ListItem\",\"@id\":\"https:\\\/\\\/candas365.es\\\/noticias\\\/category\\\/agenda\\\/#listItem\",\"name\":\"Agenda\"}}]},{\"@type\":\"NewsArticle\",\"@id\":\"https:\\\/\\\/candas365.es\\\/noticias\\\/andres-suarez-cantajuego-y-date-danza-en-laboral-ciudad-de-la-cultura\\\/#newsarticle\",\"name\":\"Andr\\u00e9s Su\\u00e1rez, CantaJuego y Date Danza en Laboral Ciudad de la Cultura | Cand\\u00e1s 365\",\"headline\":\"Andr\\u00e9s Su\\u00e1rez, CantaJuego y Date Danza en Laboral Ciudad de la Cultura\",\"author\":{\"@id\":\"https:\\\/\\\/candas365.es\\\/noticias\\\/author\\\/admin\\\/#author\"},\"publisher\":{\"@id\":\"https:\\\/\\\/candas365.es\\\/noticias\\\/#organization\"},\"image\":{\"@type\":\"ImageObject\",\"url\":\"https:\\\/\\\/candas365.es\\\/noticias\\\/wp-content\\\/uploads\\\/2017\\\/10\\\/ANDRES-SUAREZ.jpg\",\"width\":1280,\"height\":1198},\"datePublished\":\"2017-10-18T13:56:40+02:00\",\"dateModified\":\"2017-10-18T13:56:40+02:00\",\"inLanguage\":\"es-ES\",\"mainEntityOfPage\":{\"@id\":\"https:\\\/\\\/candas365.es\\\/noticias\\\/andres-suarez-cantajuego-y-date-danza-en-laboral-ciudad-de-la-cultura\\\/#webpage\"},\"isPartOf\":{\"@id\":\"https:\\\/\\\/candas365.es\\\/noticias\\\/andres-suarez-cantajuego-y-date-danza-en-laboral-ciudad-de-la-cultura\\\/#webpage\"},\"articleSection\":\"Agenda\",\"dateline\":\"Publicado el octubre 18, 2017.\"},{\"@type\":\"Organization\",\"@id\":\"https:\\\/\\\/candas365.es\\\/noticias\\\/#organization\",\"name\":\"Cand\\u00e1s 365\",\"description\":\"Cand\\u00e1s 365 es un diario digital independiente, fundado en 2012, con base en Asturias. Informamos con rigor sobre actualidad, sociedad, cultura y ocio, con una mirada local y global.\",\"url\":\"https:\\\/\\\/candas365.es\\\/noticias\\\/\",\"email\":\"info@candas365.es\",\"telephone\":\"+34652131393\",\"foundingDate\":\"2012-06-10\",\"logo\":{\"@type\":\"ImageObject\",\"url\":\"https:\\\/\\\/candas365.es\\\/noticias\\\/wp-content\\\/uploads\\\/2024\\\/09\\\/Candas-365-Redes.jpg\",\"@id\":\"https:\\\/\\\/candas365.es\\\/noticias\\\/andres-suarez-cantajuego-y-date-danza-en-laboral-ciudad-de-la-cultura\\\/#organizationLogo\",\"width\":1152,\"height\":864,\"caption\":\"Cand\\u00e1s 365 Redes\"},\"image\":{\"@id\":\"https:\\\/\\\/candas365.es\\\/noticias\\\/andres-suarez-cantajuego-y-date-danza-en-laboral-ciudad-de-la-cultura\\\/#organizationLogo\"},\"sameAs\":[\"https:\\\/\\\/www.facebook.com\\\/Nachofdezber\",\"https:\\\/\\\/x.com\\\/NabercoDigital\",\"https:\\\/\\\/www.instagram.com\\\/nachofdezber\\\/\",\"https:\\\/\\\/www.youtube.com\\\/channel\\\/UCZP-2wLEB9Rv6erhFmqVnvg\"],\"address\":{\"@id\":\"https:\\\/\\\/candas365.es\\\/noticias\\\/#postaladdress\",\"@type\":\"PostalAddress\",\"streetAddress\":\"san antonio 4, san antonio 4\",\"postalCode\":\"33430\",\"addressLocality\":\"Cand\\u00e1s\",\"addressRegion\":\"Asturias\",\"addressCountry\":\"ES\"}},{\"@type\":\"Person\",\"@id\":\"https:\\\/\\\/candas365.es\\\/noticias\\\/author\\\/admin\\\/#author\",\"url\":\"https:\\\/\\\/candas365.es\\\/noticias\\\/author\\\/admin\\\/\",\"name\":\"Cand\\u00e1s 365\",\"image\":{\"@type\":\"ImageObject\",\"@id\":\"https:\\\/\\\/candas365.es\\\/noticias\\\/andres-suarez-cantajuego-y-date-danza-en-laboral-ciudad-de-la-cultura\\\/#authorImage\",\"url\":\"https:\\\/\\\/secure.gravatar.com\\\/avatar\\\/496a8e03d0c493ede1718b7934145dbdf8d89be1036b0eec9544e1094c9de390?s=96&d=mm&r=g\",\"width\":96,\"height\":96,\"caption\":\"Cand\\u00e1s 365\"},\"sameAs\":[\"https:\\\/\\\/www.facebook.com\\\/carrenoactualidad\",\"https:\\\/\\\/twitter.com\\\/nbasturias\",\"https:\\\/\\\/www.instagram.com\\\/nachofdezber\\\/\",\"https:\\\/\\\/www.youtube.com\\\/channel\\\/UCZP-2wLEB9Rv6erhFmqVnvg\"]},{\"@type\":\"WebPage\",\"@id\":\"https:\\\/\\\/candas365.es\\\/noticias\\\/andres-suarez-cantajuego-y-date-danza-en-laboral-ciudad-de-la-cultura\\\/#webpage\",\"url\":\"https:\\\/\\\/candas365.es\\\/noticias\\\/andres-suarez-cantajuego-y-date-danza-en-laboral-ciudad-de-la-cultura\\\/\",\"name\":\"Andr\\u00e9s Su\\u00e1rez, CantaJuego y Date Danza en Laboral Ciudad de la Cultura | Cand\\u00e1s 365\",\"description\":\"Laboral Ciudad de la Cultura acoge este fin de semana el concierto de Andr\\u00e9s Su\\u00e1rez, dos funciones de CantaJuego y el espect\\u00e1culo Akari de Da.Te Danza. El cantautor gallego Andr\\u00e9s Su\\u00e1rez presentar\\u00e1 su nuevo \\u00e1lbum, Desde una ventana, este viernes 20 de octubre, a las 21:00 horas en el Teatro de la Laboral. Su nuevo\",\"inLanguage\":\"es-ES\",\"isPartOf\":{\"@id\":\"https:\\\/\\\/candas365.es\\\/noticias\\\/#website\"},\"breadcrumb\":{\"@id\":\"https:\\\/\\\/candas365.es\\\/noticias\\\/andres-suarez-cantajuego-y-date-danza-en-laboral-ciudad-de-la-cultura\\\/#breadcrumblist\"},\"author\":{\"@id\":\"https:\\\/\\\/candas365.es\\\/noticias\\\/author\\\/admin\\\/#author\"},\"creator\":{\"@id\":\"https:\\\/\\\/candas365.es\\\/noticias\\\/author\\\/admin\\\/#author\"},\"image\":{\"@type\":\"ImageObject\",\"url\":\"https:\\\/\\\/candas365.es\\\/noticias\\\/wp-content\\\/uploads\\\/2017\\\/10\\\/ANDRES-SUAREZ.jpg\",\"@id\":\"https:\\\/\\\/candas365.es\\\/noticias\\\/andres-suarez-cantajuego-y-date-danza-en-laboral-ciudad-de-la-cultura\\\/#mainImage\",\"width\":1280,\"height\":1198},\"primaryImageOfPage\":{\"@id\":\"https:\\\/\\\/candas365.es\\\/noticias\\\/andres-suarez-cantajuego-y-date-danza-en-laboral-ciudad-de-la-cultura\\\/#mainImage\"},\"datePublished\":\"2017-10-18T13:56:40+02:00\",\"dateModified\":\"2017-10-18T13:56:40+02:00\"},{\"@type\":\"WebSite\",\"@id\":\"https:\\\/\\\/candas365.es\\\/noticias\\\/#website\",\"url\":\"https:\\\/\\\/candas365.es\\\/noticias\\\/\",\"name\":\"Cand\\u00e1s 365\",\"alternateName\":\"Cand\\u00e1s 365 Noticias\",\"description\":\"Actualidad desde Carre\\u00f1o para el mundo\",\"inLanguage\":\"es-ES\",\"publisher\":{\"@id\":\"https:\\\/\\\/candas365.es\\\/noticias\\\/#organization\"}}]}\n\t\t<\/script>\n\t\t<!-- All in One SEO Pro -->\r\n\t\t<title>Andr\u00e9s Su\u00e1rez, CantaJuego y Date Danza en Laboral Ciudad de la Cultura | Cand\u00e1s 365<\/title>\n\n","aioseo_head_json":{"title":"Andr\u00e9s Su\u00e1rez, CantaJuego y Date Danza en Laboral Ciudad de la Cultura | Cand\u00e1s 365","description":"Laboral Ciudad de la Cultura acoge este fin de semana el concierto de Andr\u00e9s Su\u00e1rez, dos funciones de CantaJuego y el espect\u00e1culo Akari de Da.Te Danza. El cantautor gallego Andr\u00e9s Su\u00e1rez presentar\u00e1 su nuevo \u00e1lbum, Desde una ventana, este viernes 20 de octubre, a las 21:00 horas en el Teatro de la Laboral. Su nuevo","canonical_url":"https:\/\/candas365.es\/noticias\/andres-suarez-cantajuego-y-date-danza-en-laboral-ciudad-de-la-cultura\/","robots":"max-image-preview:large","keywords":"agenda","webmasterTools":{"google-site-verification":"UA-32230408-1","msvalidate.01":"354F3CDFB2DA171B47FBE9ABF1F88D5","miscellaneous":""},"schema":{"@context":"https:\/\/schema.org","@graph":[{"@type":"BreadcrumbList","@id":"https:\/\/candas365.es\/noticias\/andres-suarez-cantajuego-y-date-danza-en-laboral-ciudad-de-la-cultura\/#breadcrumblist","itemListElement":[{"@type":"ListItem","@id":"https:\/\/candas365.es\/noticias#listItem","position":1,"name":"Home","item":"https:\/\/candas365.es\/noticias","nextItem":{"@type":"ListItem","@id":"https:\/\/candas365.es\/noticias\/category\/agenda\/#listItem","name":"Agenda"}},{"@type":"ListItem","@id":"https:\/\/candas365.es\/noticias\/category\/agenda\/#listItem","position":2,"name":"Agenda","item":"https:\/\/candas365.es\/noticias\/category\/agenda\/","nextItem":{"@type":"ListItem","@id":"https:\/\/candas365.es\/noticias\/andres-suarez-cantajuego-y-date-danza-en-laboral-ciudad-de-la-cultura\/#listItem","name":"Andr\u00e9s Su\u00e1rez, CantaJuego y Date Danza en Laboral Ciudad de la Cultura"},"previousItem":{"@type":"ListItem","@id":"https:\/\/candas365.es\/noticias#listItem","name":"Home"}},{"@type":"ListItem","@id":"https:\/\/candas365.es\/noticias\/andres-suarez-cantajuego-y-date-danza-en-laboral-ciudad-de-la-cultura\/#listItem","position":3,"name":"Andr\u00e9s Su\u00e1rez, CantaJuego y Date Danza en Laboral Ciudad de la Cultura","previousItem":{"@type":"ListItem","@id":"https:\/\/candas365.es\/noticias\/category\/agenda\/#listItem","name":"Agenda"}}]},{"@type":"NewsArticle","@id":"https:\/\/candas365.es\/noticias\/andres-suarez-cantajuego-y-date-danza-en-laboral-ciudad-de-la-cultura\/#newsarticle","name":"Andr\u00e9s Su\u00e1rez, CantaJuego y Date Danza en Laboral Ciudad de la Cultura | Cand\u00e1s 365","headline":"Andr\u00e9s Su\u00e1rez, CantaJuego y Date Danza en Laboral Ciudad de la Cultura","author":{"@id":"https:\/\/candas365.es\/noticias\/author\/admin\/#author"},"publisher":{"@id":"https:\/\/candas365.es\/noticias\/#organization"},"image":{"@type":"ImageObject","url":"https:\/\/candas365.es\/noticias\/wp-content\/uploads\/2017\/10\/ANDRES-SUAREZ.jpg","width":1280,"height":1198},"datePublished":"2017-10-18T13:56:40+02:00","dateModified":"2017-10-18T13:56:40+02:00","inLanguage":"es-ES","mainEntityOfPage":{"@id":"https:\/\/candas365.es\/noticias\/andres-suarez-cantajuego-y-date-danza-en-laboral-ciudad-de-la-cultura\/#webpage"},"isPartOf":{"@id":"https:\/\/candas365.es\/noticias\/andres-suarez-cantajuego-y-date-danza-en-laboral-ciudad-de-la-cultura\/#webpage"},"articleSection":"Agenda","dateline":"Publicado el octubre 18, 2017."},{"@type":"Organization","@id":"https:\/\/candas365.es\/noticias\/#organization","name":"Cand\u00e1s 365","description":"Cand\u00e1s 365 es un diario digital independiente, fundado en 2012, con base en Asturias. Informamos con rigor sobre actualidad, sociedad, cultura y ocio, con una mirada local y global.","url":"https:\/\/candas365.es\/noticias\/","email":"info@candas365.es","telephone":"+34652131393","foundingDate":"2012-06-10","logo":{"@type":"ImageObject","url":"https:\/\/candas365.es\/noticias\/wp-content\/uploads\/2024\/09\/Candas-365-Redes.jpg","@id":"https:\/\/candas365.es\/noticias\/andres-suarez-cantajuego-y-date-danza-en-laboral-ciudad-de-la-cultura\/#organizationLogo","width":1152,"height":864,"caption":"Cand\u00e1s 365 Redes"},"image":{"@id":"https:\/\/candas365.es\/noticias\/andres-suarez-cantajuego-y-date-danza-en-laboral-ciudad-de-la-cultura\/#organizationLogo"},"sameAs":["https:\/\/www.facebook.com\/Nachofdezber","https:\/\/x.com\/NabercoDigital","https:\/\/www.instagram.com\/nachofdezber\/","https:\/\/www.youtube.com\/channel\/UCZP-2wLEB9Rv6erhFmqVnvg"],"address":{"@id":"https:\/\/candas365.es\/noticias\/#postaladdress","@type":"PostalAddress","streetAddress":"san antonio 4, san antonio 4","postalCode":"33430","addressLocality":"Cand\u00e1s","addressRegion":"Asturias","addressCountry":"ES"}},{"@type":"Person","@id":"https:\/\/candas365.es\/noticias\/author\/admin\/#author","url":"https:\/\/candas365.es\/noticias\/author\/admin\/","name":"Cand\u00e1s 365","image":{"@type":"ImageObject","@id":"https:\/\/candas365.es\/noticias\/andres-suarez-cantajuego-y-date-danza-en-laboral-ciudad-de-la-cultura\/#authorImage","url":"https:\/\/secure.gravatar.com\/avatar\/496a8e03d0c493ede1718b7934145dbdf8d89be1036b0eec9544e1094c9de390?s=96&d=mm&r=g","width":96,"height":96,"caption":"Cand\u00e1s 365"},"sameAs":["https:\/\/www.facebook.com\/carrenoactualidad","https:\/\/twitter.com\/nbasturias","https:\/\/www.instagram.com\/nachofdezber\/","https:\/\/www.youtube.com\/channel\/UCZP-2wLEB9Rv6erhFmqVnvg"]},{"@type":"WebPage","@id":"https:\/\/candas365.es\/noticias\/andres-suarez-cantajuego-y-date-danza-en-laboral-ciudad-de-la-cultura\/#webpage","url":"https:\/\/candas365.es\/noticias\/andres-suarez-cantajuego-y-date-danza-en-laboral-ciudad-de-la-cultura\/","name":"Andr\u00e9s Su\u00e1rez, CantaJuego y Date Danza en Laboral Ciudad de la Cultura | Cand\u00e1s 365","description":"Laboral Ciudad de la Cultura acoge este fin de semana el concierto de Andr\u00e9s Su\u00e1rez, dos funciones de CantaJuego y el espect\u00e1culo Akari de Da.Te Danza. El cantautor gallego Andr\u00e9s Su\u00e1rez presentar\u00e1 su nuevo \u00e1lbum, Desde una ventana, este viernes 20 de octubre, a las 21:00 horas en el Teatro de la Laboral. Su nuevo","inLanguage":"es-ES","isPartOf":{"@id":"https:\/\/candas365.es\/noticias\/#website"},"breadcrumb":{"@id":"https:\/\/candas365.es\/noticias\/andres-suarez-cantajuego-y-date-danza-en-laboral-ciudad-de-la-cultura\/#breadcrumblist"},"author":{"@id":"https:\/\/candas365.es\/noticias\/author\/admin\/#author"},"creator":{"@id":"https:\/\/candas365.es\/noticias\/author\/admin\/#author"},"image":{"@type":"ImageObject","url":"https:\/\/candas365.es\/noticias\/wp-content\/uploads\/2017\/10\/ANDRES-SUAREZ.jpg","@id":"https:\/\/candas365.es\/noticias\/andres-suarez-cantajuego-y-date-danza-en-laboral-ciudad-de-la-cultura\/#mainImage","width":1280,"height":1198},"primaryImageOfPage":{"@id":"https:\/\/candas365.es\/noticias\/andres-suarez-cantajuego-y-date-danza-en-laboral-ciudad-de-la-cultura\/#mainImage"},"datePublished":"2017-10-18T13:56:40+02:00","dateModified":"2017-10-18T13:56:40+02:00"},{"@type":"WebSite","@id":"https:\/\/candas365.es\/noticias\/#website","url":"https:\/\/candas365.es\/noticias\/","name":"Cand\u00e1s 365","alternateName":"Cand\u00e1s 365 Noticias","description":"Actualidad desde Carre\u00f1o para el mundo","inLanguage":"es-ES","publisher":{"@id":"https:\/\/candas365.es\/noticias\/#organization"}}]},"og:locale":"es_ES","og:site_name":"Cand\u00e1s 365","og:type":"article","og:title":"Andr\u00e9s Su\u00e1rez, CantaJuego y Date Danza en Laboral Ciudad de la Cultura | Cand\u00e1s 365","og:description":"Laboral Ciudad de la Cultura acoge este fin de semana el concierto de Andr\u00e9s Su\u00e1rez, dos funciones de CantaJuego y el espect\u00e1culo Akari de Da.Te Danza. El cantautor gallego Andr\u00e9s Su\u00e1rez presentar\u00e1 su nuevo \u00e1lbum, Desde una ventana, este viernes 20 de octubre, a las 21:00 horas en el Teatro de la Laboral. Su nuevo","og:url":"https:\/\/candas365.es\/noticias\/andres-suarez-cantajuego-y-date-danza-en-laboral-ciudad-de-la-cultura\/","og:image":"https:\/\/candas365.es\/noticias\/wp-content\/uploads\/2017\/10\/ANDRES-SUAREZ.jpg","og:image:secure_url":"https:\/\/candas365.es\/noticias\/wp-content\/uploads\/2017\/10\/ANDRES-SUAREZ.jpg","og:image:width":1280,"og:image:height":1198,"article:published_time":"2017-10-18T13:56:40+00:00","article:modified_time":"2017-10-18T13:56:40+00:00","article:publisher":"https:\/\/www.facebook.com\/Nachofdezber","article:author":"https:\/\/www.facebook.com\/carrenoactualidad","twitter:card":"summary_large_image","twitter:site":"@NabercoDigital","twitter:title":"Andr\u00e9s Su\u00e1rez, CantaJuego y Date Danza en Laboral Ciudad de la Cultura | Cand\u00e1s 365","twitter:description":"Laboral Ciudad de la Cultura acoge este fin de semana el concierto de Andr\u00e9s Su\u00e1rez, dos funciones de CantaJuego y el espect\u00e1culo Akari de Da.Te Danza. El cantautor gallego Andr\u00e9s Su\u00e1rez presentar\u00e1 su nuevo \u00e1lbum, Desde una ventana, este viernes 20 de octubre, a las 21:00 horas en el Teatro de la Laboral. Su nuevo","twitter:creator":"@nbasturias","twitter:image":"https:\/\/candas365.es\/noticias\/wp-content\/uploads\/2017\/10\/ANDRES-SUAREZ.jpg","twitter:label1":"Escrito por","twitter:data1":"Cand\u00e1s 365","twitter:label2":"Tiempo de lectura estimado","twitter:data2":"3 minutos"},"aioseo_meta_data":{"post_id":"82411","title":null,"description":null,"keywords":null,"keyphrases":null,"primary_term":null,"canonical_url":null,"og_title":null,"og_description":null,"og_object_type":"default","og_image_type":"default","og_image_url":null,"og_image_width":null,"og_image_height":null,"og_image_custom_url":null,"og_image_custom_fields":null,"og_video":null,"og_custom_url":null,"og_article_section":null,"og_article_tags":null,"twitter_use_og":false,"twitter_card":"default","twitter_image_type":"default","twitter_image_url":null,"twitter_image_custom_url":null,"twitter_image_custom_fields":null,"twitter_title":null,"twitter_description":null,"schema":{"blockGraphs":[],"customGraphs":[],"default":{"data":{"Article":[],"Course":[],"Dataset":[],"FAQPage":[],"Movie":[],"Person":[],"Product":[],"ProductReview":[],"Car":[],"Recipe":[],"Service":[],"SoftwareApplication":[],"WebPage":[]},"graphName":"","isEnabled":true},"graphs":[],"defaultGraph":"","defaultPostTypeGraph":""},"schema_type":null,"schema_type_options":null,"pillar_content":false,"robots_default":true,"robots_noindex":false,"robots_noarchive":false,"robots_nosnippet":false,"robots_nofollow":false,"robots_noimageindex":false,"robots_noodp":false,"robots_notranslate":false,"robots_max_snippet":null,"robots_max_videopreview":null,"robots_max_imagepreview":"large","priority":null,"frequency":null,"location":null,"local_seo":null,"seo_analyzer_scan_date":"2025-08-26 03:01:15","breadcrumb_settings":null,"limit_modified_date":false,"reviewed_by":null,"open_ai":null,"ai":null,"created":"2020-12-21 12:37:00","updated":"2025-08-26 03:01:15"},"aioseo_breadcrumb":"<div class=\"aioseo-breadcrumbs\"><span class=\"aioseo-breadcrumb\">\n\t<a href=\"https:\/\/candas365.es\/noticias\" title=\"Home\">Home<\/a>\n<\/span><span class=\"aioseo-breadcrumb-separator\">&ndash;<\/span><span class=\"aioseo-breadcrumb\">\n\t<a href=\"https:\/\/candas365.es\/noticias\/category\/agenda\/\" title=\"Agenda\">Agenda<\/a>\n<\/span><span class=\"aioseo-breadcrumb-separator\">&ndash;<\/span><span class=\"aioseo-breadcrumb\">\n\tAndr\u00e9s Su\u00e1rez, CantaJuego y Date Danza en Laboral Ciudad de la Cultura\n<\/span><\/div>","aioseo_breadcrumb_json":[{"label":"Home","link":"https:\/\/candas365.es\/noticias"},{"label":"Agenda","link":"https:\/\/candas365.es\/noticias\/category\/agenda\/"},{"label":"Andr\u00e9s Su\u00e1rez, CantaJuego y Date Danza en Laboral Ciudad de la Cultura","link":"https:\/\/candas365.es\/noticias\/andres-suarez-cantajuego-y-date-danza-en-laboral-ciudad-de-la-cultura\/"}],"_links":{"self":[{"href":"https:\/\/candas365.es\/noticias\/wp-json\/wp\/v2\/posts\/82411","targetHints":{"allow":["GET"]}}],"collection":[{"href":"https:\/\/candas365.es\/noticias\/wp-json\/wp\/v2\/posts"}],"about":[{"href":"https:\/\/candas365.es\/noticias\/wp-json\/wp\/v2\/types\/post"}],"author":[{"embeddable":true,"href":"https:\/\/candas365.es\/noticias\/wp-json\/wp\/v2\/users\/1"}],"replies":[{"embeddable":true,"href":"https:\/\/candas365.es\/noticias\/wp-json\/wp\/v2\/comments?post=82411"}],"version-history":[{"count":0,"href":"https:\/\/candas365.es\/noticias\/wp-json\/wp\/v2\/posts\/82411\/revisions"}],"wp:featuredmedia":[{"embeddable":true,"href":"https:\/\/candas365.es\/noticias\/wp-json\/wp\/v2\/media\/82412"}],"wp:attachment":[{"href":"https:\/\/candas365.es\/noticias\/wp-json\/wp\/v2\/media?parent=82411"}],"wp:term":[{"taxonomy":"category","embeddable":true,"href":"https:\/\/candas365.es\/noticias\/wp-json\/wp\/v2\/categories?post=82411"},{"taxonomy":"post_tag","embeddable":true,"href":"https:\/\/candas365.es\/noticias\/wp-json\/wp\/v2\/tags?post=82411"}],"curies":[{"name":"wp","href":"https:\/\/api.w.org\/{rel}","templated":true}]}}