{"id":82403,"date":"2017-10-18T13:09:58","date_gmt":"2017-10-18T13:09:58","guid":{"rendered":"http:\/\/candas365.es\/noticias\/?p=82403"},"modified":"2017-10-18T13:09:58","modified_gmt":"2017-10-18T13:09:58","slug":"la-exposicion-fotografica-carreno-y-sus-gentes-llega-a-perlora","status":"publish","type":"post","link":"https:\/\/candas365.es\/noticias\/la-exposicion-fotografica-carreno-y-sus-gentes-llega-a-perlora\/","title":{"rendered":"La exposici\u00f3n fotogr\u00e1fica \u201cCarre\u00f1o y Sus Gentes\u201d, llega a Perlora"},"content":{"rendered":"<p><img fetchpriority=\"high\" decoding=\"async\" class=\"alignleft size-medium wp-image-82404\" src=\"https:\/\/candas365.es\/noticias\/wp-content\/uploads\/2017\/10\/42-arp-360x263.jpg\" alt=\"\" width=\"360\" height=\"263\" srcset=\"https:\/\/candas365.es\/noticias\/wp-content\/uploads\/2017\/10\/42-arp-360x263.jpg 360w, https:\/\/candas365.es\/noticias\/wp-content\/uploads\/2017\/10\/42-arp-768x562.jpg 768w, https:\/\/candas365.es\/noticias\/wp-content\/uploads\/2017\/10\/42-arp-655x480.jpg 655w, https:\/\/candas365.es\/noticias\/wp-content\/uploads\/2017\/10\/42-arp-696x509.jpg 696w, https:\/\/candas365.es\/noticias\/wp-content\/uploads\/2017\/10\/42-arp-1068x781.jpg 1068w, https:\/\/candas365.es\/noticias\/wp-content\/uploads\/2017\/10\/42-arp-574x420.jpg 574w, https:\/\/candas365.es\/noticias\/wp-content\/uploads\/2017\/10\/42-arp-90x67.jpg 90w, https:\/\/candas365.es\/noticias\/wp-content\/uploads\/2017\/10\/42-arp.jpg 1280w\" sizes=\"(max-width: 360px) 100vw, 360px\" \/>La <strong>Asociaci\u00f3n Cultural \u201cCand\u00e1s Marinero\u201d<\/strong> dentro del acuerdo de colaboraci\u00f3n con el <strong>Ayuntamiento de Carre\u00f1o<\/strong>, prosigue recopilando instant\u00e1neas del vecindario del concejo por las parroquias, llevando a cabo un trabajoso proceso de digitalizaci\u00f3n y archivo de las fotograf\u00edas antiguas cedidas por las familias. Un homenaje a todas aquellas personas, familias que forman parte del pasado, presente y futuro de Carre\u00f1o.<\/p>\n<p>Enmarcada dentro de la exposici\u00f3n fotogr\u00e1fica \u201c Carre\u00f1o y Sus Gentes\u201d Perlora inaugurar\u00e1 este jueves 19 de octubre a las 19:00 h. la exposici\u00f3n dedicada a su parroquia en sus Antiguas Escuelas. Actividad para la que se cuenta con la colaboraci\u00f3n de Los Serondos de Perlora.<\/p>\n<p>De las 887 instant\u00e1neas recogidas en esta parroquia por el equipo dirigido por Tito Aramendi en Perlora, como en el resto de exposiciones, podremos disfrutar de una selecci\u00f3n de 60 fotograf\u00edas impresas en cart\u00f3n pluma, distribuidas en 15 paneles en las que se repasa la historia de la parroquia y de sus gentes en el siglo XX.<\/p>\n<p><strong>Diecisiete fueron las familias perlorinas<\/strong> que, de forma desinteresada, <strong>han cedido las im\u00e1genes<\/strong>, que tras su escaneo, digitalizaci\u00f3n y maquetaci\u00f3n estar\u00e1n expuestas. Han colaborado las familias que siguen: familia de Manuel Garc\u00eda Barrosa Arrinda, la de Pepe el Monte, Pilar Busto Arrinda, Ana Rita Prendes, Casa El Prau, Casa Rodiles, Casa Cayetana, Casa el Ferreru, Casa Ant\u00f3n el Maestro, Miguel Alonso, Casa Pachu Valle, Familia de Merche la de la Nozaleda, Manolo el de la Caba\u00f1a, Casa Benjam\u00edn de Xu\u00e1n, Casa Manolo Santiago y Roberto Badiola del Barrio de la Ferri\u00e1n en Coyanca.<\/p>\n<p>\u201cLa fotograf\u00eda m\u00e1s antigua de las recogidas en esta parroquia se remonta a 1917. En ella se muestra una imagen cotidiana de la semana como era la asistencia a la catequesis, en las que las abuelas se hacen una instant\u00e1nea con las ni\u00f1as baja la atenta mirada del director de la misma, Manuel Alonso Pintado. Esta ha sido cedida por la familia de Pilar Busto Arrinda\u201d expres\u00f3 Tito Aramendi, Presidente de la entidad Cand\u00e1s Marinero.<\/p>\n<p>Tras el acto inaugural presidido por Amelia Fern\u00e1ndez, Alcaldesa de Carre\u00f1o, y con las asistencias de ediles de la Corporaci\u00f3n y la directiva de la entidad cultural de Cand\u00e1s, la Asociaci\u00f3n Amigos del H\u00f3rreo presentar\u00e1 la Conferencia \u201cLa policrom\u00eda en los H\u00f3rreos Estilo Carre\u00f1o\u201d a cargo del carre\u00f1ense Julio Zapico.<\/p>\n<p>La exposici\u00f3n se mantendr\u00e1 en Las Antiguas Escuelas hasta el 3 de noviembre, siendo el horario de visita a la misma los Martes y Viernes de 18:00 a 20:00 horas.<\/p>\n","protected":false},"excerpt":{"rendered":"<p>La Asociaci\u00f3n Cultural \u201cCand\u00e1s Marinero\u201d dentro del acuerdo de colaboraci\u00f3n con el Ayuntamiento de Carre\u00f1o, prosigue recopilando instant\u00e1neas del vecindario del concejo por las parroquias, llevando a cabo un trabajoso proceso de digitalizaci\u00f3n y archivo de las fotograf\u00edas antiguas cedidas por las familias. Un homenaje a todas aquellas personas, familias que forman parte del pasado,<\/p>\n","protected":false},"author":1,"featured_media":82404,"comment_status":"closed","ping_status":"closed","sticky":false,"template":"","format":"standard","meta":{"footnotes":""},"categories":[2],"tags":[],"class_list":{"0":"post-82403","1":"post","2":"type-post","3":"status-publish","4":"format-standard","5":"has-post-thumbnail","7":"category-noticias-carreno"},"aioseo_notices":[],"aioseo_head":"\n\t\t<!-- All in One SEO Pro 4.9.6.2 - aioseo.com -->\n\t<meta name=\"description\" content=\"La Asociaci\u00f3n Cultural \u201cCand\u00e1s Marinero\u201d dentro del acuerdo de colaboraci\u00f3n con el Ayuntamiento de Carre\u00f1o, prosigue recopilando instant\u00e1neas del vecindario del concejo por las parroquias, llevando a cabo un trabajoso proceso de digitalizaci\u00f3n y archivo de las fotograf\u00edas antiguas cedidas por las familias. Un homenaje a todas aquellas personas, familias que forman parte del pasado,\" \/>\n\t<meta name=\"robots\" content=\"max-image-preview:large\" \/>\n\t<meta name=\"author\" content=\"Cand\u00e1s 365\"\/>\n\t<meta name=\"google-site-verification\" content=\"UA-32230408-1\" \/>\n\t<meta name=\"msvalidate.01\" content=\"354F3CDFB2DA171B47FBE9ABF1F88D5\" \/>\n\t<meta name=\"keywords\" content=\"noticias carre\u00f1o\" \/>\n\t<link rel=\"canonical\" href=\"https:\/\/candas365.es\/noticias\/la-exposicion-fotografica-carreno-y-sus-gentes-llega-a-perlora\/\" \/>\n\t<meta name=\"generator\" content=\"All in One SEO Pro (AIOSEO) 4.9.6.2\" \/>\n\t\t<meta property=\"og:locale\" content=\"es_ES\" \/>\n\t\t<meta property=\"og:site_name\" content=\"Cand\u00e1s 365\" \/>\n\t\t<meta property=\"og:type\" content=\"article\" \/>\n\t\t<meta property=\"og:title\" content=\"La exposici\u00f3n fotogr\u00e1fica \u201cCarre\u00f1o y Sus Gentes\u201d, llega a Perlora | Cand\u00e1s 365\" \/>\n\t\t<meta property=\"og:description\" content=\"La Asociaci\u00f3n Cultural \u201cCand\u00e1s Marinero\u201d dentro del acuerdo de colaboraci\u00f3n con el Ayuntamiento de Carre\u00f1o, prosigue recopilando instant\u00e1neas del vecindario del concejo por las parroquias, llevando a cabo un trabajoso proceso de digitalizaci\u00f3n y archivo de las fotograf\u00edas antiguas cedidas por las familias. Un homenaje a todas aquellas personas, familias que forman parte del pasado,\" \/>\n\t\t<meta property=\"og:url\" content=\"https:\/\/candas365.es\/noticias\/la-exposicion-fotografica-carreno-y-sus-gentes-llega-a-perlora\/\" \/>\n\t\t<meta property=\"og:image\" content=\"https:\/\/candas365.es\/noticias\/wp-content\/uploads\/2017\/10\/42-arp.jpg\" \/>\n\t\t<meta property=\"og:image:secure_url\" content=\"https:\/\/candas365.es\/noticias\/wp-content\/uploads\/2017\/10\/42-arp.jpg\" \/>\n\t\t<meta property=\"og:image:width\" content=\"1280\" \/>\n\t\t<meta property=\"og:image:height\" content=\"936\" \/>\n\t\t<meta property=\"article:published_time\" content=\"2017-10-18T13:09:58+00:00\" \/>\n\t\t<meta property=\"article:modified_time\" content=\"2017-10-18T13:09:58+00:00\" \/>\n\t\t<meta property=\"article:publisher\" content=\"https:\/\/www.facebook.com\/Nachofdezber\" \/>\n\t\t<meta property=\"article:author\" content=\"https:\/\/www.facebook.com\/carrenoactualidad\" \/>\n\t\t<meta name=\"twitter:card\" content=\"summary_large_image\" \/>\n\t\t<meta name=\"twitter:site\" content=\"@NabercoDigital\" \/>\n\t\t<meta name=\"twitter:title\" content=\"La exposici\u00f3n fotogr\u00e1fica \u201cCarre\u00f1o y Sus Gentes\u201d, llega a Perlora | Cand\u00e1s 365\" \/>\n\t\t<meta name=\"twitter:description\" content=\"La Asociaci\u00f3n Cultural \u201cCand\u00e1s Marinero\u201d dentro del acuerdo de colaboraci\u00f3n con el Ayuntamiento de Carre\u00f1o, prosigue recopilando instant\u00e1neas del vecindario del concejo por las parroquias, llevando a cabo un trabajoso proceso de digitalizaci\u00f3n y archivo de las fotograf\u00edas antiguas cedidas por las familias. Un homenaje a todas aquellas personas, familias que forman parte del pasado,\" \/>\n\t\t<meta name=\"twitter:creator\" content=\"@nbasturias\" \/>\n\t\t<meta name=\"twitter:image\" content=\"https:\/\/candas365.es\/noticias\/wp-content\/uploads\/2017\/10\/42-arp.jpg\" \/>\n\t\t<meta name=\"twitter:label1\" content=\"Escrito por\" \/>\n\t\t<meta name=\"twitter:data1\" content=\"Cand\u00e1s 365\" \/>\n\t\t<meta name=\"twitter:label2\" content=\"Tiempo de lectura estimado\" \/>\n\t\t<meta name=\"twitter:data2\" content=\"2 minutos\" \/>\n\t\t<script type=\"application\/ld+json\" class=\"aioseo-schema\">\n\t\t\t{\"@context\":\"https:\\\/\\\/schema.org\",\"@graph\":[{\"@type\":\"BreadcrumbList\",\"@id\":\"https:\\\/\\\/candas365.es\\\/noticias\\\/la-exposicion-fotografica-carreno-y-sus-gentes-llega-a-perlora\\\/#breadcrumblist\",\"itemListElement\":[{\"@type\":\"ListItem\",\"@id\":\"https:\\\/\\\/candas365.es\\\/noticias#listItem\",\"position\":1,\"name\":\"Home\",\"item\":\"https:\\\/\\\/candas365.es\\\/noticias\",\"nextItem\":{\"@type\":\"ListItem\",\"@id\":\"https:\\\/\\\/candas365.es\\\/noticias\\\/category\\\/noticias-carreno\\\/#listItem\",\"name\":\"Noticias Carre\\u00f1o\"}},{\"@type\":\"ListItem\",\"@id\":\"https:\\\/\\\/candas365.es\\\/noticias\\\/category\\\/noticias-carreno\\\/#listItem\",\"position\":2,\"name\":\"Noticias Carre\\u00f1o\",\"item\":\"https:\\\/\\\/candas365.es\\\/noticias\\\/category\\\/noticias-carreno\\\/\",\"nextItem\":{\"@type\":\"ListItem\",\"@id\":\"https:\\\/\\\/candas365.es\\\/noticias\\\/la-exposicion-fotografica-carreno-y-sus-gentes-llega-a-perlora\\\/#listItem\",\"name\":\"La exposici\\u00f3n fotogr\\u00e1fica \\u201cCarre\\u00f1o y Sus Gentes\\u201d, llega a Perlora\"},\"previousItem\":{\"@type\":\"ListItem\",\"@id\":\"https:\\\/\\\/candas365.es\\\/noticias#listItem\",\"name\":\"Home\"}},{\"@type\":\"ListItem\",\"@id\":\"https:\\\/\\\/candas365.es\\\/noticias\\\/la-exposicion-fotografica-carreno-y-sus-gentes-llega-a-perlora\\\/#listItem\",\"position\":3,\"name\":\"La exposici\\u00f3n fotogr\\u00e1fica \\u201cCarre\\u00f1o y Sus Gentes\\u201d, llega a Perlora\",\"previousItem\":{\"@type\":\"ListItem\",\"@id\":\"https:\\\/\\\/candas365.es\\\/noticias\\\/category\\\/noticias-carreno\\\/#listItem\",\"name\":\"Noticias Carre\\u00f1o\"}}]},{\"@type\":\"NewsArticle\",\"@id\":\"https:\\\/\\\/candas365.es\\\/noticias\\\/la-exposicion-fotografica-carreno-y-sus-gentes-llega-a-perlora\\\/#newsarticle\",\"name\":\"La exposici\\u00f3n fotogr\\u00e1fica \\u201cCarre\\u00f1o y Sus Gentes\\u201d, llega a Perlora | Cand\\u00e1s 365\",\"headline\":\"La exposici\\u00f3n fotogr\\u00e1fica \\u201cCarre\\u00f1o y Sus Gentes\\u201d, llega a Perlora\",\"author\":{\"@id\":\"https:\\\/\\\/candas365.es\\\/noticias\\\/author\\\/admin\\\/#author\"},\"publisher\":{\"@id\":\"https:\\\/\\\/candas365.es\\\/noticias\\\/#organization\"},\"image\":{\"@type\":\"ImageObject\",\"url\":\"https:\\\/\\\/candas365.es\\\/noticias\\\/wp-content\\\/uploads\\\/2017\\\/10\\\/42-arp.jpg\",\"width\":1280,\"height\":936},\"datePublished\":\"2017-10-18T13:09:58+02:00\",\"dateModified\":\"2017-10-18T13:09:58+02:00\",\"inLanguage\":\"es-ES\",\"mainEntityOfPage\":{\"@id\":\"https:\\\/\\\/candas365.es\\\/noticias\\\/la-exposicion-fotografica-carreno-y-sus-gentes-llega-a-perlora\\\/#webpage\"},\"isPartOf\":{\"@id\":\"https:\\\/\\\/candas365.es\\\/noticias\\\/la-exposicion-fotografica-carreno-y-sus-gentes-llega-a-perlora\\\/#webpage\"},\"articleSection\":\"Noticias Carre\\u00f1o\",\"dateline\":\"Publicado el octubre 18, 2017.\"},{\"@type\":\"Organization\",\"@id\":\"https:\\\/\\\/candas365.es\\\/noticias\\\/#organization\",\"name\":\"Cand\\u00e1s 365\",\"description\":\"Cand\\u00e1s 365 es un diario digital independiente, fundado en 2012, con base en Asturias. Informamos con rigor sobre actualidad, sociedad, cultura y ocio, con una mirada local y global.\",\"url\":\"https:\\\/\\\/candas365.es\\\/noticias\\\/\",\"email\":\"info@candas365.es\",\"telephone\":\"+34652131393\",\"foundingDate\":\"2012-06-10\",\"logo\":{\"@type\":\"ImageObject\",\"url\":\"https:\\\/\\\/candas365.es\\\/noticias\\\/wp-content\\\/uploads\\\/2024\\\/09\\\/Candas-365-Redes.jpg\",\"@id\":\"https:\\\/\\\/candas365.es\\\/noticias\\\/la-exposicion-fotografica-carreno-y-sus-gentes-llega-a-perlora\\\/#organizationLogo\",\"width\":1152,\"height\":864,\"caption\":\"Cand\\u00e1s 365 Redes\"},\"image\":{\"@id\":\"https:\\\/\\\/candas365.es\\\/noticias\\\/la-exposicion-fotografica-carreno-y-sus-gentes-llega-a-perlora\\\/#organizationLogo\"},\"sameAs\":[\"https:\\\/\\\/www.facebook.com\\\/Nachofdezber\",\"https:\\\/\\\/x.com\\\/NabercoDigital\",\"https:\\\/\\\/www.instagram.com\\\/nachofdezber\\\/\",\"https:\\\/\\\/www.youtube.com\\\/channel\\\/UCZP-2wLEB9Rv6erhFmqVnvg\"],\"address\":{\"@id\":\"https:\\\/\\\/candas365.es\\\/noticias\\\/#postaladdress\",\"@type\":\"PostalAddress\",\"streetAddress\":\"san antonio 4, san antonio 4\",\"postalCode\":\"33430\",\"addressLocality\":\"Cand\\u00e1s\",\"addressRegion\":\"Asturias\",\"addressCountry\":\"ES\"}},{\"@type\":\"Person\",\"@id\":\"https:\\\/\\\/candas365.es\\\/noticias\\\/author\\\/admin\\\/#author\",\"url\":\"https:\\\/\\\/candas365.es\\\/noticias\\\/author\\\/admin\\\/\",\"name\":\"Cand\\u00e1s 365\",\"image\":{\"@type\":\"ImageObject\",\"@id\":\"https:\\\/\\\/candas365.es\\\/noticias\\\/la-exposicion-fotografica-carreno-y-sus-gentes-llega-a-perlora\\\/#authorImage\",\"url\":\"https:\\\/\\\/secure.gravatar.com\\\/avatar\\\/496a8e03d0c493ede1718b7934145dbdf8d89be1036b0eec9544e1094c9de390?s=96&d=mm&r=g\",\"width\":96,\"height\":96,\"caption\":\"Cand\\u00e1s 365\"},\"sameAs\":[\"https:\\\/\\\/www.facebook.com\\\/carrenoactualidad\",\"https:\\\/\\\/twitter.com\\\/nbasturias\",\"https:\\\/\\\/www.instagram.com\\\/nachofdezber\\\/\",\"https:\\\/\\\/www.youtube.com\\\/channel\\\/UCZP-2wLEB9Rv6erhFmqVnvg\"]},{\"@type\":\"WebPage\",\"@id\":\"https:\\\/\\\/candas365.es\\\/noticias\\\/la-exposicion-fotografica-carreno-y-sus-gentes-llega-a-perlora\\\/#webpage\",\"url\":\"https:\\\/\\\/candas365.es\\\/noticias\\\/la-exposicion-fotografica-carreno-y-sus-gentes-llega-a-perlora\\\/\",\"name\":\"La exposici\\u00f3n fotogr\\u00e1fica \\u201cCarre\\u00f1o y Sus Gentes\\u201d, llega a Perlora | Cand\\u00e1s 365\",\"description\":\"La Asociaci\\u00f3n Cultural \\u201cCand\\u00e1s Marinero\\u201d dentro del acuerdo de colaboraci\\u00f3n con el Ayuntamiento de Carre\\u00f1o, prosigue recopilando instant\\u00e1neas del vecindario del concejo por las parroquias, llevando a cabo un trabajoso proceso de digitalizaci\\u00f3n y archivo de las fotograf\\u00edas antiguas cedidas por las familias. Un homenaje a todas aquellas personas, familias que forman parte del pasado,\",\"inLanguage\":\"es-ES\",\"isPartOf\":{\"@id\":\"https:\\\/\\\/candas365.es\\\/noticias\\\/#website\"},\"breadcrumb\":{\"@id\":\"https:\\\/\\\/candas365.es\\\/noticias\\\/la-exposicion-fotografica-carreno-y-sus-gentes-llega-a-perlora\\\/#breadcrumblist\"},\"author\":{\"@id\":\"https:\\\/\\\/candas365.es\\\/noticias\\\/author\\\/admin\\\/#author\"},\"creator\":{\"@id\":\"https:\\\/\\\/candas365.es\\\/noticias\\\/author\\\/admin\\\/#author\"},\"image\":{\"@type\":\"ImageObject\",\"url\":\"https:\\\/\\\/candas365.es\\\/noticias\\\/wp-content\\\/uploads\\\/2017\\\/10\\\/42-arp.jpg\",\"@id\":\"https:\\\/\\\/candas365.es\\\/noticias\\\/la-exposicion-fotografica-carreno-y-sus-gentes-llega-a-perlora\\\/#mainImage\",\"width\":1280,\"height\":936},\"primaryImageOfPage\":{\"@id\":\"https:\\\/\\\/candas365.es\\\/noticias\\\/la-exposicion-fotografica-carreno-y-sus-gentes-llega-a-perlora\\\/#mainImage\"},\"datePublished\":\"2017-10-18T13:09:58+02:00\",\"dateModified\":\"2017-10-18T13:09:58+02:00\"},{\"@type\":\"WebSite\",\"@id\":\"https:\\\/\\\/candas365.es\\\/noticias\\\/#website\",\"url\":\"https:\\\/\\\/candas365.es\\\/noticias\\\/\",\"name\":\"Cand\\u00e1s 365\",\"alternateName\":\"Cand\\u00e1s 365 Noticias\",\"description\":\"Actualidad desde Carre\\u00f1o para el mundo\",\"inLanguage\":\"es-ES\",\"publisher\":{\"@id\":\"https:\\\/\\\/candas365.es\\\/noticias\\\/#organization\"}}]}\n\t\t<\/script>\n\t\t<!-- All in One SEO Pro -->\r\n\t\t<title>La exposici\u00f3n fotogr\u00e1fica \u201cCarre\u00f1o y Sus Gentes\u201d, llega a Perlora | Cand\u00e1s 365<\/title>\n\n","aioseo_head_json":{"title":"La exposici\u00f3n fotogr\u00e1fica \u201cCarre\u00f1o y Sus Gentes\u201d, llega a Perlora | Cand\u00e1s 365","description":"La Asociaci\u00f3n Cultural \u201cCand\u00e1s Marinero\u201d dentro del acuerdo de colaboraci\u00f3n con el Ayuntamiento de Carre\u00f1o, prosigue recopilando instant\u00e1neas del vecindario del concejo por las parroquias, llevando a cabo un trabajoso proceso de digitalizaci\u00f3n y archivo de las fotograf\u00edas antiguas cedidas por las familias. Un homenaje a todas aquellas personas, familias que forman parte del pasado,","canonical_url":"https:\/\/candas365.es\/noticias\/la-exposicion-fotografica-carreno-y-sus-gentes-llega-a-perlora\/","robots":"max-image-preview:large","keywords":"noticias carre\u00f1o","webmasterTools":{"google-site-verification":"UA-32230408-1","msvalidate.01":"354F3CDFB2DA171B47FBE9ABF1F88D5","miscellaneous":""},"schema":{"@context":"https:\/\/schema.org","@graph":[{"@type":"BreadcrumbList","@id":"https:\/\/candas365.es\/noticias\/la-exposicion-fotografica-carreno-y-sus-gentes-llega-a-perlora\/#breadcrumblist","itemListElement":[{"@type":"ListItem","@id":"https:\/\/candas365.es\/noticias#listItem","position":1,"name":"Home","item":"https:\/\/candas365.es\/noticias","nextItem":{"@type":"ListItem","@id":"https:\/\/candas365.es\/noticias\/category\/noticias-carreno\/#listItem","name":"Noticias Carre\u00f1o"}},{"@type":"ListItem","@id":"https:\/\/candas365.es\/noticias\/category\/noticias-carreno\/#listItem","position":2,"name":"Noticias Carre\u00f1o","item":"https:\/\/candas365.es\/noticias\/category\/noticias-carreno\/","nextItem":{"@type":"ListItem","@id":"https:\/\/candas365.es\/noticias\/la-exposicion-fotografica-carreno-y-sus-gentes-llega-a-perlora\/#listItem","name":"La exposici\u00f3n fotogr\u00e1fica \u201cCarre\u00f1o y Sus Gentes\u201d, llega a Perlora"},"previousItem":{"@type":"ListItem","@id":"https:\/\/candas365.es\/noticias#listItem","name":"Home"}},{"@type":"ListItem","@id":"https:\/\/candas365.es\/noticias\/la-exposicion-fotografica-carreno-y-sus-gentes-llega-a-perlora\/#listItem","position":3,"name":"La exposici\u00f3n fotogr\u00e1fica \u201cCarre\u00f1o y Sus Gentes\u201d, llega a Perlora","previousItem":{"@type":"ListItem","@id":"https:\/\/candas365.es\/noticias\/category\/noticias-carreno\/#listItem","name":"Noticias Carre\u00f1o"}}]},{"@type":"NewsArticle","@id":"https:\/\/candas365.es\/noticias\/la-exposicion-fotografica-carreno-y-sus-gentes-llega-a-perlora\/#newsarticle","name":"La exposici\u00f3n fotogr\u00e1fica \u201cCarre\u00f1o y Sus Gentes\u201d, llega a Perlora | Cand\u00e1s 365","headline":"La exposici\u00f3n fotogr\u00e1fica \u201cCarre\u00f1o y Sus Gentes\u201d, llega a Perlora","author":{"@id":"https:\/\/candas365.es\/noticias\/author\/admin\/#author"},"publisher":{"@id":"https:\/\/candas365.es\/noticias\/#organization"},"image":{"@type":"ImageObject","url":"https:\/\/candas365.es\/noticias\/wp-content\/uploads\/2017\/10\/42-arp.jpg","width":1280,"height":936},"datePublished":"2017-10-18T13:09:58+02:00","dateModified":"2017-10-18T13:09:58+02:00","inLanguage":"es-ES","mainEntityOfPage":{"@id":"https:\/\/candas365.es\/noticias\/la-exposicion-fotografica-carreno-y-sus-gentes-llega-a-perlora\/#webpage"},"isPartOf":{"@id":"https:\/\/candas365.es\/noticias\/la-exposicion-fotografica-carreno-y-sus-gentes-llega-a-perlora\/#webpage"},"articleSection":"Noticias Carre\u00f1o","dateline":"Publicado el octubre 18, 2017."},{"@type":"Organization","@id":"https:\/\/candas365.es\/noticias\/#organization","name":"Cand\u00e1s 365","description":"Cand\u00e1s 365 es un diario digital independiente, fundado en 2012, con base en Asturias. Informamos con rigor sobre actualidad, sociedad, cultura y ocio, con una mirada local y global.","url":"https:\/\/candas365.es\/noticias\/","email":"info@candas365.es","telephone":"+34652131393","foundingDate":"2012-06-10","logo":{"@type":"ImageObject","url":"https:\/\/candas365.es\/noticias\/wp-content\/uploads\/2024\/09\/Candas-365-Redes.jpg","@id":"https:\/\/candas365.es\/noticias\/la-exposicion-fotografica-carreno-y-sus-gentes-llega-a-perlora\/#organizationLogo","width":1152,"height":864,"caption":"Cand\u00e1s 365 Redes"},"image":{"@id":"https:\/\/candas365.es\/noticias\/la-exposicion-fotografica-carreno-y-sus-gentes-llega-a-perlora\/#organizationLogo"},"sameAs":["https:\/\/www.facebook.com\/Nachofdezber","https:\/\/x.com\/NabercoDigital","https:\/\/www.instagram.com\/nachofdezber\/","https:\/\/www.youtube.com\/channel\/UCZP-2wLEB9Rv6erhFmqVnvg"],"address":{"@id":"https:\/\/candas365.es\/noticias\/#postaladdress","@type":"PostalAddress","streetAddress":"san antonio 4, san antonio 4","postalCode":"33430","addressLocality":"Cand\u00e1s","addressRegion":"Asturias","addressCountry":"ES"}},{"@type":"Person","@id":"https:\/\/candas365.es\/noticias\/author\/admin\/#author","url":"https:\/\/candas365.es\/noticias\/author\/admin\/","name":"Cand\u00e1s 365","image":{"@type":"ImageObject","@id":"https:\/\/candas365.es\/noticias\/la-exposicion-fotografica-carreno-y-sus-gentes-llega-a-perlora\/#authorImage","url":"https:\/\/secure.gravatar.com\/avatar\/496a8e03d0c493ede1718b7934145dbdf8d89be1036b0eec9544e1094c9de390?s=96&d=mm&r=g","width":96,"height":96,"caption":"Cand\u00e1s 365"},"sameAs":["https:\/\/www.facebook.com\/carrenoactualidad","https:\/\/twitter.com\/nbasturias","https:\/\/www.instagram.com\/nachofdezber\/","https:\/\/www.youtube.com\/channel\/UCZP-2wLEB9Rv6erhFmqVnvg"]},{"@type":"WebPage","@id":"https:\/\/candas365.es\/noticias\/la-exposicion-fotografica-carreno-y-sus-gentes-llega-a-perlora\/#webpage","url":"https:\/\/candas365.es\/noticias\/la-exposicion-fotografica-carreno-y-sus-gentes-llega-a-perlora\/","name":"La exposici\u00f3n fotogr\u00e1fica \u201cCarre\u00f1o y Sus Gentes\u201d, llega a Perlora | Cand\u00e1s 365","description":"La Asociaci\u00f3n Cultural \u201cCand\u00e1s Marinero\u201d dentro del acuerdo de colaboraci\u00f3n con el Ayuntamiento de Carre\u00f1o, prosigue recopilando instant\u00e1neas del vecindario del concejo por las parroquias, llevando a cabo un trabajoso proceso de digitalizaci\u00f3n y archivo de las fotograf\u00edas antiguas cedidas por las familias. Un homenaje a todas aquellas personas, familias que forman parte del pasado,","inLanguage":"es-ES","isPartOf":{"@id":"https:\/\/candas365.es\/noticias\/#website"},"breadcrumb":{"@id":"https:\/\/candas365.es\/noticias\/la-exposicion-fotografica-carreno-y-sus-gentes-llega-a-perlora\/#breadcrumblist"},"author":{"@id":"https:\/\/candas365.es\/noticias\/author\/admin\/#author"},"creator":{"@id":"https:\/\/candas365.es\/noticias\/author\/admin\/#author"},"image":{"@type":"ImageObject","url":"https:\/\/candas365.es\/noticias\/wp-content\/uploads\/2017\/10\/42-arp.jpg","@id":"https:\/\/candas365.es\/noticias\/la-exposicion-fotografica-carreno-y-sus-gentes-llega-a-perlora\/#mainImage","width":1280,"height":936},"primaryImageOfPage":{"@id":"https:\/\/candas365.es\/noticias\/la-exposicion-fotografica-carreno-y-sus-gentes-llega-a-perlora\/#mainImage"},"datePublished":"2017-10-18T13:09:58+02:00","dateModified":"2017-10-18T13:09:58+02:00"},{"@type":"WebSite","@id":"https:\/\/candas365.es\/noticias\/#website","url":"https:\/\/candas365.es\/noticias\/","name":"Cand\u00e1s 365","alternateName":"Cand\u00e1s 365 Noticias","description":"Actualidad desde Carre\u00f1o para el mundo","inLanguage":"es-ES","publisher":{"@id":"https:\/\/candas365.es\/noticias\/#organization"}}]},"og:locale":"es_ES","og:site_name":"Cand\u00e1s 365","og:type":"article","og:title":"La exposici\u00f3n fotogr\u00e1fica \u201cCarre\u00f1o y Sus Gentes\u201d, llega a Perlora | Cand\u00e1s 365","og:description":"La Asociaci\u00f3n Cultural \u201cCand\u00e1s Marinero\u201d dentro del acuerdo de colaboraci\u00f3n con el Ayuntamiento de Carre\u00f1o, prosigue recopilando instant\u00e1neas del vecindario del concejo por las parroquias, llevando a cabo un trabajoso proceso de digitalizaci\u00f3n y archivo de las fotograf\u00edas antiguas cedidas por las familias. Un homenaje a todas aquellas personas, familias que forman parte del pasado,","og:url":"https:\/\/candas365.es\/noticias\/la-exposicion-fotografica-carreno-y-sus-gentes-llega-a-perlora\/","og:image":"https:\/\/candas365.es\/noticias\/wp-content\/uploads\/2017\/10\/42-arp.jpg","og:image:secure_url":"https:\/\/candas365.es\/noticias\/wp-content\/uploads\/2017\/10\/42-arp.jpg","og:image:width":1280,"og:image:height":936,"article:published_time":"2017-10-18T13:09:58+00:00","article:modified_time":"2017-10-18T13:09:58+00:00","article:publisher":"https:\/\/www.facebook.com\/Nachofdezber","article:author":"https:\/\/www.facebook.com\/carrenoactualidad","twitter:card":"summary_large_image","twitter:site":"@NabercoDigital","twitter:title":"La exposici\u00f3n fotogr\u00e1fica \u201cCarre\u00f1o y Sus Gentes\u201d, llega a Perlora | Cand\u00e1s 365","twitter:description":"La Asociaci\u00f3n Cultural \u201cCand\u00e1s Marinero\u201d dentro del acuerdo de colaboraci\u00f3n con el Ayuntamiento de Carre\u00f1o, prosigue recopilando instant\u00e1neas del vecindario del concejo por las parroquias, llevando a cabo un trabajoso proceso de digitalizaci\u00f3n y archivo de las fotograf\u00edas antiguas cedidas por las familias. Un homenaje a todas aquellas personas, familias que forman parte del pasado,","twitter:creator":"@nbasturias","twitter:image":"https:\/\/candas365.es\/noticias\/wp-content\/uploads\/2017\/10\/42-arp.jpg","twitter:label1":"Escrito por","twitter:data1":"Cand\u00e1s 365","twitter:label2":"Tiempo de lectura estimado","twitter:data2":"2 minutos"},"aioseo_meta_data":{"post_id":"82403","title":null,"description":null,"keywords":null,"keyphrases":null,"primary_term":null,"canonical_url":null,"og_title":null,"og_description":null,"og_object_type":"default","og_image_type":"default","og_image_url":null,"og_image_width":null,"og_image_height":null,"og_image_custom_url":null,"og_image_custom_fields":null,"og_video":null,"og_custom_url":null,"og_article_section":null,"og_article_tags":null,"twitter_use_og":false,"twitter_card":"default","twitter_image_type":"default","twitter_image_url":null,"twitter_image_custom_url":null,"twitter_image_custom_fields":null,"twitter_title":null,"twitter_description":null,"schema":{"blockGraphs":[],"customGraphs":[],"default":{"data":{"Article":[],"Course":[],"Dataset":[],"FAQPage":[],"Movie":[],"Person":[],"Product":[],"ProductReview":[],"Car":[],"Recipe":[],"Service":[],"SoftwareApplication":[],"WebPage":[]},"graphName":"","isEnabled":true},"graphs":[]},"schema_type":null,"schema_type_options":null,"pillar_content":false,"robots_default":true,"robots_noindex":false,"robots_noarchive":false,"robots_nosnippet":false,"robots_nofollow":false,"robots_noimageindex":false,"robots_noodp":false,"robots_notranslate":false,"robots_max_snippet":null,"robots_max_videopreview":null,"robots_max_imagepreview":"large","priority":null,"frequency":null,"location":null,"local_seo":null,"seo_analyzer_scan_date":"2025-08-26 03:01:12","breadcrumb_settings":null,"limit_modified_date":false,"reviewed_by":null,"open_ai":null,"ai":null,"created":"2020-12-21 12:37:00","updated":"2025-08-26 03:01:12"},"aioseo_breadcrumb":"<div class=\"aioseo-breadcrumbs\"><span class=\"aioseo-breadcrumb\">\n\t<a href=\"https:\/\/candas365.es\/noticias\" title=\"Home\">Home<\/a>\n<\/span><span class=\"aioseo-breadcrumb-separator\">&ndash;<\/span><span class=\"aioseo-breadcrumb\">\n\t<a href=\"https:\/\/candas365.es\/noticias\/category\/noticias-carreno\/\" title=\"Noticias Carre\u00f1o\">Noticias Carre\u00f1o<\/a>\n<\/span><span class=\"aioseo-breadcrumb-separator\">&ndash;<\/span><span class=\"aioseo-breadcrumb\">\n\tLa exposici\u00f3n fotogr\u00e1fica \u201cCarre\u00f1o y Sus Gentes\u201d, llega a Perlora\n<\/span><\/div>","aioseo_breadcrumb_json":[{"label":"Home","link":"https:\/\/candas365.es\/noticias"},{"label":"Noticias Carre\u00f1o","link":"https:\/\/candas365.es\/noticias\/category\/noticias-carreno\/"},{"label":"La exposici\u00f3n fotogr\u00e1fica \u201cCarre\u00f1o y Sus Gentes\u201d, llega a Perlora","link":"https:\/\/candas365.es\/noticias\/la-exposicion-fotografica-carreno-y-sus-gentes-llega-a-perlora\/"}],"_links":{"self":[{"href":"https:\/\/candas365.es\/noticias\/wp-json\/wp\/v2\/posts\/82403","targetHints":{"allow":["GET"]}}],"collection":[{"href":"https:\/\/candas365.es\/noticias\/wp-json\/wp\/v2\/posts"}],"about":[{"href":"https:\/\/candas365.es\/noticias\/wp-json\/wp\/v2\/types\/post"}],"author":[{"embeddable":true,"href":"https:\/\/candas365.es\/noticias\/wp-json\/wp\/v2\/users\/1"}],"replies":[{"embeddable":true,"href":"https:\/\/candas365.es\/noticias\/wp-json\/wp\/v2\/comments?post=82403"}],"version-history":[{"count":0,"href":"https:\/\/candas365.es\/noticias\/wp-json\/wp\/v2\/posts\/82403\/revisions"}],"wp:featuredmedia":[{"embeddable":true,"href":"https:\/\/candas365.es\/noticias\/wp-json\/wp\/v2\/media\/82404"}],"wp:attachment":[{"href":"https:\/\/candas365.es\/noticias\/wp-json\/wp\/v2\/media?parent=82403"}],"wp:term":[{"taxonomy":"category","embeddable":true,"href":"https:\/\/candas365.es\/noticias\/wp-json\/wp\/v2\/categories?post=82403"},{"taxonomy":"post_tag","embeddable":true,"href":"https:\/\/candas365.es\/noticias\/wp-json\/wp\/v2\/tags?post=82403"}],"curies":[{"name":"wp","href":"https:\/\/api.w.org\/{rel}","templated":true}]}}