{"id":82398,"date":"2017-10-18T00:27:21","date_gmt":"2017-10-18T00:27:21","guid":{"rendered":"http:\/\/candas365.es\/noticias\/?p=82398"},"modified":"2017-10-18T00:27:21","modified_gmt":"2017-10-18T00:27:21","slug":"cospedal-comparecera-para-explicar-los-dos-accidentes-aereos-cuando-concluya-la-investigacion","status":"publish","type":"post","link":"https:\/\/candas365.es\/noticias\/cospedal-comparecera-para-explicar-los-dos-accidentes-aereos-cuando-concluya-la-investigacion\/","title":{"rendered":"Cospedal comparecer\u00e1 para explicar los dos accidentes a\u00e9reos cuando concluya la investigaci\u00f3n"},"content":{"rendered":"<p><img fetchpriority=\"high\" decoding=\"async\" class=\"alignleft size-medium wp-image-82399\" src=\"https:\/\/candas365.es\/noticias\/wp-content\/uploads\/2017\/10\/171017Cospedal-360x239.jpg\" alt=\"\" width=\"360\" height=\"239\" srcset=\"https:\/\/candas365.es\/noticias\/wp-content\/uploads\/2017\/10\/171017Cospedal-360x239.jpg 360w, https:\/\/candas365.es\/noticias\/wp-content\/uploads\/2017\/10\/171017Cospedal-84x55.jpg 84w, https:\/\/candas365.es\/noticias\/wp-content\/uploads\/2017\/10\/171017Cospedal.jpg 496w\" sizes=\"(max-width: 360px) 100vw, 360px\" \/>La ministra de Defensa, Mar\u00eda Dolores de Cospedal, ha anunciado que comparecer\u00e1 \u00aben el Congreso o donde se considere oportuno\u00bb, y tan pronto como concluya la investigaci\u00f3n, para informar de las causas de los dos accidentes a\u00e9reos ocurridos en los \u00faltimos d\u00edas: hoy en Torrej\u00f3n de Ardoz (Madrid) y el pasado jueves en la Base de Los Llanos (Albacete), y en los que han fallecido los pilotos del Ej\u00e9rcito del Aire Fernando P\u00e9rez Serrano y Borja Aybar Garc\u00eda.<\/p>\n<p>En su visita al acuartelamiento de San Clemente de Sasebas (Gerona), Cospedal se ha referido al siniestro producido hoy en la base madrile\u00f1a y ha expresado a la familia del teniente fallecido \u00ablas condolencias de todas las Fuerzas Armadas y del Ej\u00e9rcito del Aire espa\u00f1ol y nuestro cari\u00f1o y comprensi\u00f3n\u00bb.<\/p>\n<p>\u00abCuando sepamos los motivos yo misma comparecer\u00e9 donde sea menester, en el Congreso de los Diputados si as\u00ed se estima oportuno, pero hoy debemos manifestar nuestra solidaridad con las familias y nuestro reconocimiento al teniente Fernando P\u00e9rez Serrano que ha fallecido cumpliendo con su vocaci\u00f3n\u00bb, ha se\u00f1alado.<\/p>\n<p>La ministra de Defensa ha visitado las bases del Regimiento &#8216;Arapiles&#8217; del Ej\u00e9rcito de Tierra, en San Clemente de Sasebas y en Barcelona, donde los actos previstos se han reducido al m\u00ednimo tras el accidente acaecido. Cospedal ha mostrado su apoyo a las unidades all\u00ed destinadas as\u00ed como su agradecimiento a los miembros de las Fuerzas y Cuerpos de Seguridad del Estado (guardias civiles y polic\u00edas nacionales) que se alojan en ellas en estos momentos. Adem\u00e1s, ha entregado una placa que le fue concedida por el Ministerio del Interior a dicho Regimiento como se\u00f1al de gratitud por su colaboraci\u00f3n.<\/p>\n<p>Accidente en Torrej\u00f3n de Ardoz<\/p>\n<p>Un avi\u00f3n F-18, perteneciente al Ala 12 del Ej\u00e9rcito del Aire, ha sufrido un accidente esta ma\u00f1ana en la Base A\u00e9rea de Torrej\u00f3n de Ardoz (Madrid) cuando realizaba la maniobra de despegue y a causa de una p\u00e9rdida de potencia en el aparato.<\/p>\n<p>Como resultado del siniestro ha fallecido el piloto del avi\u00f3n, que no pudo eyectarse del aparato. No hay ninguna otra v\u00edctima como consecuencia del accidente.<\/p>\n<p>El piloto fallecido en el accidente es el teniente del Ej\u00e9rcito del Aire Fernando P\u00e9rez Serrano, de la 65 promoci\u00f3n, soltero y de 26 a\u00f1os de edad. Nacido en Murcia, ingres\u00f3 en la Academia General del Aire en el a\u00f1o 2009 y sumaba m\u00e1s de 700 horas de vuelo. Desde julio de 2014 estaba destinado en el Ala 12 con sede en la Base A\u00e9rea de Torrej\u00f3n de Ardoz.<\/p>\n<p>La Comisi\u00f3n para la investigaci\u00f3n t\u00e9cnica de accidentes de aeronaves militares (CITAAM), dependiente del propio Ej\u00e9rcito del Aire, est\u00e1 acudiendo al lugar de los hechos para recabar toda la informaci\u00f3n sobre las causas del siniestro.<\/p>\n","protected":false},"excerpt":{"rendered":"<p>La ministra de Defensa, Mar\u00eda Dolores de Cospedal, ha anunciado que comparecer\u00e1 \u00aben el Congreso o donde se considere oportuno\u00bb, y tan pronto como concluya la investigaci\u00f3n, para informar de las causas de los dos accidentes a\u00e9reos ocurridos en los \u00faltimos d\u00edas: hoy en Torrej\u00f3n de Ardoz (Madrid) y el pasado jueves en la Base<\/p>\n","protected":false},"author":1,"featured_media":82399,"comment_status":"closed","ping_status":"closed","sticky":false,"template":"","format":"standard","meta":{"footnotes":""},"categories":[343],"tags":[],"class_list":{"0":"post-82398","1":"post","2":"type-post","3":"status-publish","4":"format-standard","5":"has-post-thumbnail","7":"category-actualidad"},"aioseo_notices":[],"aioseo_head":"\n\t\t<!-- All in One SEO Pro 4.9.6.2 - aioseo.com -->\n\t<meta name=\"description\" content=\"La ministra de Defensa, Mar\u00eda Dolores de Cospedal, ha anunciado que comparecer\u00e1 &quot;en el Congreso o donde se considere oportuno&quot;, y tan pronto como concluya la investigaci\u00f3n, para informar de las causas de los dos accidentes a\u00e9reos ocurridos en los \u00faltimos d\u00edas: hoy en Torrej\u00f3n de Ardoz (Madrid) y el pasado jueves en la Base\" \/>\n\t<meta name=\"robots\" content=\"max-image-preview:large\" \/>\n\t<meta name=\"author\" content=\"Cand\u00e1s 365\"\/>\n\t<meta name=\"google-site-verification\" content=\"UA-32230408-1\" \/>\n\t<meta name=\"msvalidate.01\" content=\"354F3CDFB2DA171B47FBE9ABF1F88D5\" \/>\n\t<meta name=\"keywords\" content=\"actualidad\" \/>\n\t<link rel=\"canonical\" href=\"https:\/\/candas365.es\/noticias\/cospedal-comparecera-para-explicar-los-dos-accidentes-aereos-cuando-concluya-la-investigacion\/\" \/>\n\t<meta name=\"generator\" content=\"All in One SEO Pro (AIOSEO) 4.9.6.2\" \/>\n\t\t<meta property=\"og:locale\" content=\"es_ES\" \/>\n\t\t<meta property=\"og:site_name\" content=\"Cand\u00e1s 365\" \/>\n\t\t<meta property=\"og:type\" content=\"article\" \/>\n\t\t<meta property=\"og:title\" content=\"Cospedal comparecer\u00e1 para explicar los dos accidentes a\u00e9reos cuando concluya la investigaci\u00f3n | Cand\u00e1s 365\" \/>\n\t\t<meta property=\"og:description\" content=\"La ministra de Defensa, Mar\u00eda Dolores de Cospedal, ha anunciado que comparecer\u00e1 &quot;en el Congreso o donde se considere oportuno&quot;, y tan pronto como concluya la investigaci\u00f3n, para informar de las causas de los dos accidentes a\u00e9reos ocurridos en los \u00faltimos d\u00edas: hoy en Torrej\u00f3n de Ardoz (Madrid) y el pasado jueves en la Base\" \/>\n\t\t<meta property=\"og:url\" content=\"https:\/\/candas365.es\/noticias\/cospedal-comparecera-para-explicar-los-dos-accidentes-aereos-cuando-concluya-la-investigacion\/\" \/>\n\t\t<meta property=\"og:image\" content=\"https:\/\/candas365.es\/noticias\/wp-content\/uploads\/2017\/10\/171017Cospedal.jpg\" \/>\n\t\t<meta property=\"og:image:secure_url\" content=\"https:\/\/candas365.es\/noticias\/wp-content\/uploads\/2017\/10\/171017Cospedal.jpg\" \/>\n\t\t<meta property=\"og:image:width\" content=\"496\" \/>\n\t\t<meta property=\"og:image:height\" content=\"329\" \/>\n\t\t<meta property=\"article:published_time\" content=\"2017-10-18T00:27:21+00:00\" \/>\n\t\t<meta property=\"article:modified_time\" content=\"2017-10-18T00:27:21+00:00\" \/>\n\t\t<meta property=\"article:publisher\" content=\"https:\/\/www.facebook.com\/Nachofdezber\" \/>\n\t\t<meta property=\"article:author\" content=\"https:\/\/www.facebook.com\/carrenoactualidad\" \/>\n\t\t<meta name=\"twitter:card\" content=\"summary_large_image\" \/>\n\t\t<meta name=\"twitter:site\" content=\"@NabercoDigital\" \/>\n\t\t<meta name=\"twitter:title\" content=\"Cospedal comparecer\u00e1 para explicar los dos accidentes a\u00e9reos cuando concluya la investigaci\u00f3n | Cand\u00e1s 365\" \/>\n\t\t<meta name=\"twitter:description\" content=\"La ministra de Defensa, Mar\u00eda Dolores de Cospedal, ha anunciado que comparecer\u00e1 &quot;en el Congreso o donde se considere oportuno&quot;, y tan pronto como concluya la investigaci\u00f3n, para informar de las causas de los dos accidentes a\u00e9reos ocurridos en los \u00faltimos d\u00edas: hoy en Torrej\u00f3n de Ardoz (Madrid) y el pasado jueves en la Base\" \/>\n\t\t<meta name=\"twitter:creator\" content=\"@nbasturias\" \/>\n\t\t<meta name=\"twitter:image\" content=\"https:\/\/candas365.es\/noticias\/wp-content\/uploads\/2017\/10\/171017Cospedal.jpg\" \/>\n\t\t<meta name=\"twitter:label1\" content=\"Escrito por\" \/>\n\t\t<meta name=\"twitter:data1\" content=\"Cand\u00e1s 365\" \/>\n\t\t<meta name=\"twitter:label2\" content=\"Tiempo de lectura estimado\" \/>\n\t\t<meta name=\"twitter:data2\" content=\"2 minutos\" \/>\n\t\t<script type=\"application\/ld+json\" class=\"aioseo-schema\">\n\t\t\t{\"@context\":\"https:\\\/\\\/schema.org\",\"@graph\":[{\"@type\":\"BreadcrumbList\",\"@id\":\"https:\\\/\\\/candas365.es\\\/noticias\\\/cospedal-comparecera-para-explicar-los-dos-accidentes-aereos-cuando-concluya-la-investigacion\\\/#breadcrumblist\",\"itemListElement\":[{\"@type\":\"ListItem\",\"@id\":\"https:\\\/\\\/candas365.es\\\/noticias#listItem\",\"position\":1,\"name\":\"Home\",\"item\":\"https:\\\/\\\/candas365.es\\\/noticias\",\"nextItem\":{\"@type\":\"ListItem\",\"@id\":\"https:\\\/\\\/candas365.es\\\/noticias\\\/category\\\/actualidad\\\/#listItem\",\"name\":\"Actualidad\"}},{\"@type\":\"ListItem\",\"@id\":\"https:\\\/\\\/candas365.es\\\/noticias\\\/category\\\/actualidad\\\/#listItem\",\"position\":2,\"name\":\"Actualidad\",\"item\":\"https:\\\/\\\/candas365.es\\\/noticias\\\/category\\\/actualidad\\\/\",\"nextItem\":{\"@type\":\"ListItem\",\"@id\":\"https:\\\/\\\/candas365.es\\\/noticias\\\/cospedal-comparecera-para-explicar-los-dos-accidentes-aereos-cuando-concluya-la-investigacion\\\/#listItem\",\"name\":\"Cospedal comparecer\\u00e1 para explicar los dos accidentes a\\u00e9reos cuando concluya la investigaci\\u00f3n\"},\"previousItem\":{\"@type\":\"ListItem\",\"@id\":\"https:\\\/\\\/candas365.es\\\/noticias#listItem\",\"name\":\"Home\"}},{\"@type\":\"ListItem\",\"@id\":\"https:\\\/\\\/candas365.es\\\/noticias\\\/cospedal-comparecera-para-explicar-los-dos-accidentes-aereos-cuando-concluya-la-investigacion\\\/#listItem\",\"position\":3,\"name\":\"Cospedal comparecer\\u00e1 para explicar los dos accidentes a\\u00e9reos cuando concluya la investigaci\\u00f3n\",\"previousItem\":{\"@type\":\"ListItem\",\"@id\":\"https:\\\/\\\/candas365.es\\\/noticias\\\/category\\\/actualidad\\\/#listItem\",\"name\":\"Actualidad\"}}]},{\"@type\":\"NewsArticle\",\"@id\":\"https:\\\/\\\/candas365.es\\\/noticias\\\/cospedal-comparecera-para-explicar-los-dos-accidentes-aereos-cuando-concluya-la-investigacion\\\/#newsarticle\",\"name\":\"Cospedal comparecer\\u00e1 para explicar los dos accidentes a\\u00e9reos cuando concluya la investigaci\\u00f3n | Cand\\u00e1s 365\",\"headline\":\"Cospedal comparecer\\u00e1 para explicar los dos accidentes a\\u00e9reos cuando concluya la investigaci\\u00f3n\",\"author\":{\"@id\":\"https:\\\/\\\/candas365.es\\\/noticias\\\/author\\\/admin\\\/#author\"},\"publisher\":{\"@id\":\"https:\\\/\\\/candas365.es\\\/noticias\\\/#organization\"},\"image\":{\"@type\":\"ImageObject\",\"url\":\"https:\\\/\\\/candas365.es\\\/noticias\\\/wp-content\\\/uploads\\\/2017\\\/10\\\/171017Cospedal.jpg\",\"width\":496,\"height\":329},\"datePublished\":\"2017-10-18T00:27:21+02:00\",\"dateModified\":\"2017-10-18T00:27:21+02:00\",\"inLanguage\":\"es-ES\",\"mainEntityOfPage\":{\"@id\":\"https:\\\/\\\/candas365.es\\\/noticias\\\/cospedal-comparecera-para-explicar-los-dos-accidentes-aereos-cuando-concluya-la-investigacion\\\/#webpage\"},\"isPartOf\":{\"@id\":\"https:\\\/\\\/candas365.es\\\/noticias\\\/cospedal-comparecera-para-explicar-los-dos-accidentes-aereos-cuando-concluya-la-investigacion\\\/#webpage\"},\"articleSection\":\"Actualidad\",\"dateline\":\"Publicado el octubre 18, 2017.\"},{\"@type\":\"Organization\",\"@id\":\"https:\\\/\\\/candas365.es\\\/noticias\\\/#organization\",\"name\":\"Cand\\u00e1s 365\",\"description\":\"Cand\\u00e1s 365 es un diario digital independiente, fundado en 2012, con base en Asturias. Informamos con rigor sobre actualidad, sociedad, cultura y ocio, con una mirada local y global.\",\"url\":\"https:\\\/\\\/candas365.es\\\/noticias\\\/\",\"email\":\"info@candas365.es\",\"telephone\":\"+34652131393\",\"foundingDate\":\"2012-06-10\",\"logo\":{\"@type\":\"ImageObject\",\"url\":\"https:\\\/\\\/candas365.es\\\/noticias\\\/wp-content\\\/uploads\\\/2024\\\/09\\\/Candas-365-Redes.jpg\",\"@id\":\"https:\\\/\\\/candas365.es\\\/noticias\\\/cospedal-comparecera-para-explicar-los-dos-accidentes-aereos-cuando-concluya-la-investigacion\\\/#organizationLogo\",\"width\":1152,\"height\":864,\"caption\":\"Cand\\u00e1s 365 Redes\"},\"image\":{\"@id\":\"https:\\\/\\\/candas365.es\\\/noticias\\\/cospedal-comparecera-para-explicar-los-dos-accidentes-aereos-cuando-concluya-la-investigacion\\\/#organizationLogo\"},\"sameAs\":[\"https:\\\/\\\/www.facebook.com\\\/Nachofdezber\",\"https:\\\/\\\/x.com\\\/NabercoDigital\",\"https:\\\/\\\/www.instagram.com\\\/nachofdezber\\\/\",\"https:\\\/\\\/www.youtube.com\\\/channel\\\/UCZP-2wLEB9Rv6erhFmqVnvg\"],\"address\":{\"@id\":\"https:\\\/\\\/candas365.es\\\/noticias\\\/#postaladdress\",\"@type\":\"PostalAddress\",\"streetAddress\":\"san antonio 4, san antonio 4\",\"postalCode\":\"33430\",\"addressLocality\":\"Cand\\u00e1s\",\"addressRegion\":\"Asturias\",\"addressCountry\":\"ES\"}},{\"@type\":\"Person\",\"@id\":\"https:\\\/\\\/candas365.es\\\/noticias\\\/author\\\/admin\\\/#author\",\"url\":\"https:\\\/\\\/candas365.es\\\/noticias\\\/author\\\/admin\\\/\",\"name\":\"Cand\\u00e1s 365\",\"image\":{\"@type\":\"ImageObject\",\"@id\":\"https:\\\/\\\/candas365.es\\\/noticias\\\/cospedal-comparecera-para-explicar-los-dos-accidentes-aereos-cuando-concluya-la-investigacion\\\/#authorImage\",\"url\":\"https:\\\/\\\/secure.gravatar.com\\\/avatar\\\/496a8e03d0c493ede1718b7934145dbdf8d89be1036b0eec9544e1094c9de390?s=96&d=mm&r=g\",\"width\":96,\"height\":96,\"caption\":\"Cand\\u00e1s 365\"},\"sameAs\":[\"https:\\\/\\\/www.facebook.com\\\/carrenoactualidad\",\"https:\\\/\\\/twitter.com\\\/nbasturias\",\"https:\\\/\\\/www.instagram.com\\\/nachofdezber\\\/\",\"https:\\\/\\\/www.youtube.com\\\/channel\\\/UCZP-2wLEB9Rv6erhFmqVnvg\"]},{\"@type\":\"WebPage\",\"@id\":\"https:\\\/\\\/candas365.es\\\/noticias\\\/cospedal-comparecera-para-explicar-los-dos-accidentes-aereos-cuando-concluya-la-investigacion\\\/#webpage\",\"url\":\"https:\\\/\\\/candas365.es\\\/noticias\\\/cospedal-comparecera-para-explicar-los-dos-accidentes-aereos-cuando-concluya-la-investigacion\\\/\",\"name\":\"Cospedal comparecer\\u00e1 para explicar los dos accidentes a\\u00e9reos cuando concluya la investigaci\\u00f3n | Cand\\u00e1s 365\",\"description\":\"La ministra de Defensa, Mar\\u00eda Dolores de Cospedal, ha anunciado que comparecer\\u00e1 \\\"en el Congreso o donde se considere oportuno\\\", y tan pronto como concluya la investigaci\\u00f3n, para informar de las causas de los dos accidentes a\\u00e9reos ocurridos en los \\u00faltimos d\\u00edas: hoy en Torrej\\u00f3n de Ardoz (Madrid) y el pasado jueves en la Base\",\"inLanguage\":\"es-ES\",\"isPartOf\":{\"@id\":\"https:\\\/\\\/candas365.es\\\/noticias\\\/#website\"},\"breadcrumb\":{\"@id\":\"https:\\\/\\\/candas365.es\\\/noticias\\\/cospedal-comparecera-para-explicar-los-dos-accidentes-aereos-cuando-concluya-la-investigacion\\\/#breadcrumblist\"},\"author\":{\"@id\":\"https:\\\/\\\/candas365.es\\\/noticias\\\/author\\\/admin\\\/#author\"},\"creator\":{\"@id\":\"https:\\\/\\\/candas365.es\\\/noticias\\\/author\\\/admin\\\/#author\"},\"image\":{\"@type\":\"ImageObject\",\"url\":\"https:\\\/\\\/candas365.es\\\/noticias\\\/wp-content\\\/uploads\\\/2017\\\/10\\\/171017Cospedal.jpg\",\"@id\":\"https:\\\/\\\/candas365.es\\\/noticias\\\/cospedal-comparecera-para-explicar-los-dos-accidentes-aereos-cuando-concluya-la-investigacion\\\/#mainImage\",\"width\":496,\"height\":329},\"primaryImageOfPage\":{\"@id\":\"https:\\\/\\\/candas365.es\\\/noticias\\\/cospedal-comparecera-para-explicar-los-dos-accidentes-aereos-cuando-concluya-la-investigacion\\\/#mainImage\"},\"datePublished\":\"2017-10-18T00:27:21+02:00\",\"dateModified\":\"2017-10-18T00:27:21+02:00\"},{\"@type\":\"WebSite\",\"@id\":\"https:\\\/\\\/candas365.es\\\/noticias\\\/#website\",\"url\":\"https:\\\/\\\/candas365.es\\\/noticias\\\/\",\"name\":\"Cand\\u00e1s 365\",\"alternateName\":\"Cand\\u00e1s 365 Noticias\",\"description\":\"Actualidad desde Carre\\u00f1o para el mundo\",\"inLanguage\":\"es-ES\",\"publisher\":{\"@id\":\"https:\\\/\\\/candas365.es\\\/noticias\\\/#organization\"}}]}\n\t\t<\/script>\n\t\t<!-- All in One SEO Pro -->\r\n\t\t<title>Cospedal comparecer\u00e1 para explicar los dos accidentes a\u00e9reos cuando concluya la investigaci\u00f3n | Cand\u00e1s 365<\/title>\n\n","aioseo_head_json":{"title":"Cospedal comparecer\u00e1 para explicar los dos accidentes a\u00e9reos cuando concluya la investigaci\u00f3n | Cand\u00e1s 365","description":"La ministra de Defensa, Mar\u00eda Dolores de Cospedal, ha anunciado que comparecer\u00e1 \"en el Congreso o donde se considere oportuno\", y tan pronto como concluya la investigaci\u00f3n, para informar de las causas de los dos accidentes a\u00e9reos ocurridos en los \u00faltimos d\u00edas: hoy en Torrej\u00f3n de Ardoz (Madrid) y el pasado jueves en la Base","canonical_url":"https:\/\/candas365.es\/noticias\/cospedal-comparecera-para-explicar-los-dos-accidentes-aereos-cuando-concluya-la-investigacion\/","robots":"max-image-preview:large","keywords":"actualidad","webmasterTools":{"google-site-verification":"UA-32230408-1","msvalidate.01":"354F3CDFB2DA171B47FBE9ABF1F88D5","miscellaneous":""},"schema":{"@context":"https:\/\/schema.org","@graph":[{"@type":"BreadcrumbList","@id":"https:\/\/candas365.es\/noticias\/cospedal-comparecera-para-explicar-los-dos-accidentes-aereos-cuando-concluya-la-investigacion\/#breadcrumblist","itemListElement":[{"@type":"ListItem","@id":"https:\/\/candas365.es\/noticias#listItem","position":1,"name":"Home","item":"https:\/\/candas365.es\/noticias","nextItem":{"@type":"ListItem","@id":"https:\/\/candas365.es\/noticias\/category\/actualidad\/#listItem","name":"Actualidad"}},{"@type":"ListItem","@id":"https:\/\/candas365.es\/noticias\/category\/actualidad\/#listItem","position":2,"name":"Actualidad","item":"https:\/\/candas365.es\/noticias\/category\/actualidad\/","nextItem":{"@type":"ListItem","@id":"https:\/\/candas365.es\/noticias\/cospedal-comparecera-para-explicar-los-dos-accidentes-aereos-cuando-concluya-la-investigacion\/#listItem","name":"Cospedal comparecer\u00e1 para explicar los dos accidentes a\u00e9reos cuando concluya la investigaci\u00f3n"},"previousItem":{"@type":"ListItem","@id":"https:\/\/candas365.es\/noticias#listItem","name":"Home"}},{"@type":"ListItem","@id":"https:\/\/candas365.es\/noticias\/cospedal-comparecera-para-explicar-los-dos-accidentes-aereos-cuando-concluya-la-investigacion\/#listItem","position":3,"name":"Cospedal comparecer\u00e1 para explicar los dos accidentes a\u00e9reos cuando concluya la investigaci\u00f3n","previousItem":{"@type":"ListItem","@id":"https:\/\/candas365.es\/noticias\/category\/actualidad\/#listItem","name":"Actualidad"}}]},{"@type":"NewsArticle","@id":"https:\/\/candas365.es\/noticias\/cospedal-comparecera-para-explicar-los-dos-accidentes-aereos-cuando-concluya-la-investigacion\/#newsarticle","name":"Cospedal comparecer\u00e1 para explicar los dos accidentes a\u00e9reos cuando concluya la investigaci\u00f3n | Cand\u00e1s 365","headline":"Cospedal comparecer\u00e1 para explicar los dos accidentes a\u00e9reos cuando concluya la investigaci\u00f3n","author":{"@id":"https:\/\/candas365.es\/noticias\/author\/admin\/#author"},"publisher":{"@id":"https:\/\/candas365.es\/noticias\/#organization"},"image":{"@type":"ImageObject","url":"https:\/\/candas365.es\/noticias\/wp-content\/uploads\/2017\/10\/171017Cospedal.jpg","width":496,"height":329},"datePublished":"2017-10-18T00:27:21+02:00","dateModified":"2017-10-18T00:27:21+02:00","inLanguage":"es-ES","mainEntityOfPage":{"@id":"https:\/\/candas365.es\/noticias\/cospedal-comparecera-para-explicar-los-dos-accidentes-aereos-cuando-concluya-la-investigacion\/#webpage"},"isPartOf":{"@id":"https:\/\/candas365.es\/noticias\/cospedal-comparecera-para-explicar-los-dos-accidentes-aereos-cuando-concluya-la-investigacion\/#webpage"},"articleSection":"Actualidad","dateline":"Publicado el octubre 18, 2017."},{"@type":"Organization","@id":"https:\/\/candas365.es\/noticias\/#organization","name":"Cand\u00e1s 365","description":"Cand\u00e1s 365 es un diario digital independiente, fundado en 2012, con base en Asturias. Informamos con rigor sobre actualidad, sociedad, cultura y ocio, con una mirada local y global.","url":"https:\/\/candas365.es\/noticias\/","email":"info@candas365.es","telephone":"+34652131393","foundingDate":"2012-06-10","logo":{"@type":"ImageObject","url":"https:\/\/candas365.es\/noticias\/wp-content\/uploads\/2024\/09\/Candas-365-Redes.jpg","@id":"https:\/\/candas365.es\/noticias\/cospedal-comparecera-para-explicar-los-dos-accidentes-aereos-cuando-concluya-la-investigacion\/#organizationLogo","width":1152,"height":864,"caption":"Cand\u00e1s 365 Redes"},"image":{"@id":"https:\/\/candas365.es\/noticias\/cospedal-comparecera-para-explicar-los-dos-accidentes-aereos-cuando-concluya-la-investigacion\/#organizationLogo"},"sameAs":["https:\/\/www.facebook.com\/Nachofdezber","https:\/\/x.com\/NabercoDigital","https:\/\/www.instagram.com\/nachofdezber\/","https:\/\/www.youtube.com\/channel\/UCZP-2wLEB9Rv6erhFmqVnvg"],"address":{"@id":"https:\/\/candas365.es\/noticias\/#postaladdress","@type":"PostalAddress","streetAddress":"san antonio 4, san antonio 4","postalCode":"33430","addressLocality":"Cand\u00e1s","addressRegion":"Asturias","addressCountry":"ES"}},{"@type":"Person","@id":"https:\/\/candas365.es\/noticias\/author\/admin\/#author","url":"https:\/\/candas365.es\/noticias\/author\/admin\/","name":"Cand\u00e1s 365","image":{"@type":"ImageObject","@id":"https:\/\/candas365.es\/noticias\/cospedal-comparecera-para-explicar-los-dos-accidentes-aereos-cuando-concluya-la-investigacion\/#authorImage","url":"https:\/\/secure.gravatar.com\/avatar\/496a8e03d0c493ede1718b7934145dbdf8d89be1036b0eec9544e1094c9de390?s=96&d=mm&r=g","width":96,"height":96,"caption":"Cand\u00e1s 365"},"sameAs":["https:\/\/www.facebook.com\/carrenoactualidad","https:\/\/twitter.com\/nbasturias","https:\/\/www.instagram.com\/nachofdezber\/","https:\/\/www.youtube.com\/channel\/UCZP-2wLEB9Rv6erhFmqVnvg"]},{"@type":"WebPage","@id":"https:\/\/candas365.es\/noticias\/cospedal-comparecera-para-explicar-los-dos-accidentes-aereos-cuando-concluya-la-investigacion\/#webpage","url":"https:\/\/candas365.es\/noticias\/cospedal-comparecera-para-explicar-los-dos-accidentes-aereos-cuando-concluya-la-investigacion\/","name":"Cospedal comparecer\u00e1 para explicar los dos accidentes a\u00e9reos cuando concluya la investigaci\u00f3n | Cand\u00e1s 365","description":"La ministra de Defensa, Mar\u00eda Dolores de Cospedal, ha anunciado que comparecer\u00e1 \"en el Congreso o donde se considere oportuno\", y tan pronto como concluya la investigaci\u00f3n, para informar de las causas de los dos accidentes a\u00e9reos ocurridos en los \u00faltimos d\u00edas: hoy en Torrej\u00f3n de Ardoz (Madrid) y el pasado jueves en la Base","inLanguage":"es-ES","isPartOf":{"@id":"https:\/\/candas365.es\/noticias\/#website"},"breadcrumb":{"@id":"https:\/\/candas365.es\/noticias\/cospedal-comparecera-para-explicar-los-dos-accidentes-aereos-cuando-concluya-la-investigacion\/#breadcrumblist"},"author":{"@id":"https:\/\/candas365.es\/noticias\/author\/admin\/#author"},"creator":{"@id":"https:\/\/candas365.es\/noticias\/author\/admin\/#author"},"image":{"@type":"ImageObject","url":"https:\/\/candas365.es\/noticias\/wp-content\/uploads\/2017\/10\/171017Cospedal.jpg","@id":"https:\/\/candas365.es\/noticias\/cospedal-comparecera-para-explicar-los-dos-accidentes-aereos-cuando-concluya-la-investigacion\/#mainImage","width":496,"height":329},"primaryImageOfPage":{"@id":"https:\/\/candas365.es\/noticias\/cospedal-comparecera-para-explicar-los-dos-accidentes-aereos-cuando-concluya-la-investigacion\/#mainImage"},"datePublished":"2017-10-18T00:27:21+02:00","dateModified":"2017-10-18T00:27:21+02:00"},{"@type":"WebSite","@id":"https:\/\/candas365.es\/noticias\/#website","url":"https:\/\/candas365.es\/noticias\/","name":"Cand\u00e1s 365","alternateName":"Cand\u00e1s 365 Noticias","description":"Actualidad desde Carre\u00f1o para el mundo","inLanguage":"es-ES","publisher":{"@id":"https:\/\/candas365.es\/noticias\/#organization"}}]},"og:locale":"es_ES","og:site_name":"Cand\u00e1s 365","og:type":"article","og:title":"Cospedal comparecer\u00e1 para explicar los dos accidentes a\u00e9reos cuando concluya la investigaci\u00f3n | Cand\u00e1s 365","og:description":"La ministra de Defensa, Mar\u00eda Dolores de Cospedal, ha anunciado que comparecer\u00e1 &quot;en el Congreso o donde se considere oportuno&quot;, y tan pronto como concluya la investigaci\u00f3n, para informar de las causas de los dos accidentes a\u00e9reos ocurridos en los \u00faltimos d\u00edas: hoy en Torrej\u00f3n de Ardoz (Madrid) y el pasado jueves en la Base","og:url":"https:\/\/candas365.es\/noticias\/cospedal-comparecera-para-explicar-los-dos-accidentes-aereos-cuando-concluya-la-investigacion\/","og:image":"https:\/\/candas365.es\/noticias\/wp-content\/uploads\/2017\/10\/171017Cospedal.jpg","og:image:secure_url":"https:\/\/candas365.es\/noticias\/wp-content\/uploads\/2017\/10\/171017Cospedal.jpg","og:image:width":496,"og:image:height":329,"article:published_time":"2017-10-18T00:27:21+00:00","article:modified_time":"2017-10-18T00:27:21+00:00","article:publisher":"https:\/\/www.facebook.com\/Nachofdezber","article:author":"https:\/\/www.facebook.com\/carrenoactualidad","twitter:card":"summary_large_image","twitter:site":"@NabercoDigital","twitter:title":"Cospedal comparecer\u00e1 para explicar los dos accidentes a\u00e9reos cuando concluya la investigaci\u00f3n | Cand\u00e1s 365","twitter:description":"La ministra de Defensa, Mar\u00eda Dolores de Cospedal, ha anunciado que comparecer\u00e1 &quot;en el Congreso o donde se considere oportuno&quot;, y tan pronto como concluya la investigaci\u00f3n, para informar de las causas de los dos accidentes a\u00e9reos ocurridos en los \u00faltimos d\u00edas: hoy en Torrej\u00f3n de Ardoz (Madrid) y el pasado jueves en la Base","twitter:creator":"@nbasturias","twitter:image":"https:\/\/candas365.es\/noticias\/wp-content\/uploads\/2017\/10\/171017Cospedal.jpg","twitter:label1":"Escrito por","twitter:data1":"Cand\u00e1s 365","twitter:label2":"Tiempo de lectura estimado","twitter:data2":"2 minutos"},"aioseo_meta_data":{"post_id":"82398","title":null,"description":null,"keywords":null,"keyphrases":null,"primary_term":null,"canonical_url":null,"og_title":null,"og_description":null,"og_object_type":"default","og_image_type":"default","og_image_url":null,"og_image_width":null,"og_image_height":null,"og_image_custom_url":null,"og_image_custom_fields":null,"og_video":null,"og_custom_url":null,"og_article_section":null,"og_article_tags":null,"twitter_use_og":false,"twitter_card":"default","twitter_image_type":"default","twitter_image_url":null,"twitter_image_custom_url":null,"twitter_image_custom_fields":null,"twitter_title":null,"twitter_description":null,"schema":{"blockGraphs":[],"customGraphs":[],"default":{"data":{"Article":[],"Course":[],"Dataset":[],"FAQPage":[],"Movie":[],"Person":[],"Product":[],"ProductReview":[],"Car":[],"Recipe":[],"Service":[],"SoftwareApplication":[],"WebPage":[]},"graphName":"","isEnabled":true},"graphs":[],"defaultGraph":"","defaultPostTypeGraph":""},"schema_type":null,"schema_type_options":null,"pillar_content":false,"robots_default":true,"robots_noindex":false,"robots_noarchive":false,"robots_nosnippet":false,"robots_nofollow":false,"robots_noimageindex":false,"robots_noodp":false,"robots_notranslate":false,"robots_max_snippet":null,"robots_max_videopreview":null,"robots_max_imagepreview":"large","priority":null,"frequency":null,"location":null,"local_seo":null,"seo_analyzer_scan_date":"2025-08-26 03:01:11","breadcrumb_settings":null,"limit_modified_date":false,"reviewed_by":null,"open_ai":null,"ai":null,"created":"2020-12-21 12:37:00","updated":"2025-08-26 03:01:11"},"aioseo_breadcrumb":"<div class=\"aioseo-breadcrumbs\"><span class=\"aioseo-breadcrumb\">\n\t<a href=\"https:\/\/candas365.es\/noticias\" title=\"Home\">Home<\/a>\n<\/span><span class=\"aioseo-breadcrumb-separator\">&ndash;<\/span><span class=\"aioseo-breadcrumb\">\n\t<a href=\"https:\/\/candas365.es\/noticias\/category\/actualidad\/\" title=\"Actualidad\">Actualidad<\/a>\n<\/span><span class=\"aioseo-breadcrumb-separator\">&ndash;<\/span><span class=\"aioseo-breadcrumb\">\n\tCospedal comparecer\u00e1 para explicar los dos accidentes a\u00e9reos cuando concluya la investigaci\u00f3n\n<\/span><\/div>","aioseo_breadcrumb_json":[{"label":"Home","link":"https:\/\/candas365.es\/noticias"},{"label":"Actualidad","link":"https:\/\/candas365.es\/noticias\/category\/actualidad\/"},{"label":"Cospedal comparecer\u00e1 para explicar los dos accidentes a\u00e9reos cuando concluya la investigaci\u00f3n","link":"https:\/\/candas365.es\/noticias\/cospedal-comparecera-para-explicar-los-dos-accidentes-aereos-cuando-concluya-la-investigacion\/"}],"_links":{"self":[{"href":"https:\/\/candas365.es\/noticias\/wp-json\/wp\/v2\/posts\/82398","targetHints":{"allow":["GET"]}}],"collection":[{"href":"https:\/\/candas365.es\/noticias\/wp-json\/wp\/v2\/posts"}],"about":[{"href":"https:\/\/candas365.es\/noticias\/wp-json\/wp\/v2\/types\/post"}],"author":[{"embeddable":true,"href":"https:\/\/candas365.es\/noticias\/wp-json\/wp\/v2\/users\/1"}],"replies":[{"embeddable":true,"href":"https:\/\/candas365.es\/noticias\/wp-json\/wp\/v2\/comments?post=82398"}],"version-history":[{"count":0,"href":"https:\/\/candas365.es\/noticias\/wp-json\/wp\/v2\/posts\/82398\/revisions"}],"wp:featuredmedia":[{"embeddable":true,"href":"https:\/\/candas365.es\/noticias\/wp-json\/wp\/v2\/media\/82399"}],"wp:attachment":[{"href":"https:\/\/candas365.es\/noticias\/wp-json\/wp\/v2\/media?parent=82398"}],"wp:term":[{"taxonomy":"category","embeddable":true,"href":"https:\/\/candas365.es\/noticias\/wp-json\/wp\/v2\/categories?post=82398"},{"taxonomy":"post_tag","embeddable":true,"href":"https:\/\/candas365.es\/noticias\/wp-json\/wp\/v2\/tags?post=82398"}],"curies":[{"name":"wp","href":"https:\/\/api.w.org\/{rel}","templated":true}]}}