{"id":82378,"date":"2017-10-17T16:56:21","date_gmt":"2017-10-17T16:56:21","guid":{"rendered":"http:\/\/candas365.es\/noticias\/?p=82378"},"modified":"2017-10-17T16:56:21","modified_gmt":"2017-10-17T16:56:21","slug":"taller-mindfulness-en-candas","status":"publish","type":"post","link":"https:\/\/candas365.es\/noticias\/taller-mindfulness-en-candas\/","title":{"rendered":"\u201cTaller Mindfulness\u201d en Cand\u00e1s"},"content":{"rendered":"<p><img fetchpriority=\"high\" decoding=\"async\" class=\"alignleft size-medium wp-image-82379\" src=\"https:\/\/candas365.es\/noticias\/wp-content\/uploads\/2017\/10\/happiness-2726568_960_720-360x203.jpg\" alt=\"\" width=\"360\" height=\"203\" srcset=\"https:\/\/candas365.es\/noticias\/wp-content\/uploads\/2017\/10\/happiness-2726568_960_720-360x203.jpg 360w, https:\/\/candas365.es\/noticias\/wp-content\/uploads\/2017\/10\/happiness-2726568_960_720-768x432.jpg 768w, https:\/\/candas365.es\/noticias\/wp-content\/uploads\/2017\/10\/happiness-2726568_960_720-655x368.jpg 655w, https:\/\/candas365.es\/noticias\/wp-content\/uploads\/2017\/10\/happiness-2726568_960_720-696x392.jpg 696w, https:\/\/candas365.es\/noticias\/wp-content\/uploads\/2017\/10\/happiness-2726568_960_720-747x420.jpg 747w, https:\/\/candas365.es\/noticias\/wp-content\/uploads\/2017\/10\/happiness-2726568_960_720-499x280.jpg 499w, https:\/\/candas365.es\/noticias\/wp-content\/uploads\/2017\/10\/happiness-2726568_960_720.jpg 960w\" sizes=\"(max-width: 360px) 100vw, 360px\" \/>Durante las \u00faltimas semanas del mes de Octubre, en el marco de las actividades previstas entorno al <strong>D\u00eda de la Mujer rural 2017<\/strong>, comenzar\u00e1 el \u201cTaller Mindfulness\u201d, una interesante propuesta que busca que sus asistentes sean capaces de gestionar <strong>sus sentimientos y emociones de una manera de una manera inteligente<\/strong>, con el objetivo de reducir el malestar y el estr\u00e9s y manejar mejor situaciones complejas en el \u00e1mbito personal, profesional y familiar. Este taller se impartir\u00e1 los lunes 23 y 30 de Octubre y los lunes 6 y 13 de Noviembre, de 17:30 a 19.30 en la Casa de encuentro de las mujeres de Cand\u00e1s.<\/p>\n<p>Tambi\u00e9n, el lunes <strong>30 de Octubre tendr\u00e1 lugar en el CIR de Piedeloro de<\/strong> 18:00 h. a 20:00 h. una charla informativa sobre<strong> intolerancias alimentarias<\/strong>, a cargo de la bi\u00f3loga y nutricionista Alejandra Lobo Mart\u00ednez, que profundizar\u00e1 en las diferencias sobre las alergias alimentarias, sus causas y sintomatolog\u00eda. Lobo tiene una amplia experiencia profesional en los campos de diet\u00e9tica, formaci\u00f3n, y seguridad alimentaria.<\/p>\n<p>La inscripci\u00f3n en ambas actividades ser\u00e1 gratuita, y se realizar\u00e1 en La Casa de Encuentro de las Mujeres de Cand\u00e1s, en horario de 9 h. a 14 h. y de 16:30 h. a 19:00 h.<\/p>\n","protected":false},"excerpt":{"rendered":"<p>Durante las \u00faltimas semanas del mes de Octubre, en el marco de las actividades previstas entorno al D\u00eda de la Mujer rural 2017, comenzar\u00e1 el \u201cTaller Mindfulness\u201d, una interesante propuesta que busca que sus asistentes sean capaces de gestionar sus sentimientos y emociones de una manera de una manera inteligente, con el objetivo de reducir<\/p>\n","protected":false},"author":1,"featured_media":82379,"comment_status":"closed","ping_status":"closed","sticky":false,"template":"","format":"standard","meta":{"footnotes":""},"categories":[2],"tags":[],"class_list":{"0":"post-82378","1":"post","2":"type-post","3":"status-publish","4":"format-standard","5":"has-post-thumbnail","7":"category-noticias-carreno"},"aioseo_notices":[],"aioseo_head":"\n\t\t<!-- All in One SEO Pro 4.9.6.2 - aioseo.com -->\n\t<meta name=\"description\" content=\"Durante las \u00faltimas semanas del mes de Octubre, en el marco de las actividades previstas entorno al D\u00eda de la Mujer rural 2017, comenzar\u00e1 el \u201cTaller Mindfulness\u201d, una interesante propuesta que busca que sus asistentes sean capaces de gestionar sus sentimientos y emociones de una manera de una manera inteligente, con el objetivo de reducir\" \/>\n\t<meta name=\"robots\" content=\"max-image-preview:large\" \/>\n\t<meta name=\"author\" content=\"Cand\u00e1s 365\"\/>\n\t<meta name=\"google-site-verification\" content=\"UA-32230408-1\" \/>\n\t<meta name=\"msvalidate.01\" content=\"354F3CDFB2DA171B47FBE9ABF1F88D5\" \/>\n\t<meta name=\"keywords\" content=\"noticias carre\u00f1o\" \/>\n\t<link rel=\"canonical\" href=\"https:\/\/candas365.es\/noticias\/taller-mindfulness-en-candas\/\" \/>\n\t<meta name=\"generator\" content=\"All in One SEO Pro (AIOSEO) 4.9.6.2\" \/>\n\t\t<meta property=\"og:locale\" content=\"es_ES\" \/>\n\t\t<meta property=\"og:site_name\" content=\"Cand\u00e1s 365\" \/>\n\t\t<meta property=\"og:type\" content=\"article\" \/>\n\t\t<meta property=\"og:title\" content=\"\u201cTaller Mindfulness\u201d en Cand\u00e1s | Cand\u00e1s 365\" \/>\n\t\t<meta property=\"og:description\" content=\"Durante las \u00faltimas semanas del mes de Octubre, en el marco de las actividades previstas entorno al D\u00eda de la Mujer rural 2017, comenzar\u00e1 el \u201cTaller Mindfulness\u201d, una interesante propuesta que busca que sus asistentes sean capaces de gestionar sus sentimientos y emociones de una manera de una manera inteligente, con el objetivo de reducir\" \/>\n\t\t<meta property=\"og:url\" content=\"https:\/\/candas365.es\/noticias\/taller-mindfulness-en-candas\/\" \/>\n\t\t<meta property=\"og:image\" content=\"https:\/\/candas365.es\/noticias\/wp-content\/uploads\/2017\/10\/happiness-2726568_960_720.jpg\" \/>\n\t\t<meta property=\"og:image:secure_url\" content=\"https:\/\/candas365.es\/noticias\/wp-content\/uploads\/2017\/10\/happiness-2726568_960_720.jpg\" \/>\n\t\t<meta property=\"og:image:width\" content=\"960\" \/>\n\t\t<meta property=\"og:image:height\" content=\"540\" \/>\n\t\t<meta property=\"article:published_time\" content=\"2017-10-17T16:56:21+00:00\" \/>\n\t\t<meta property=\"article:modified_time\" content=\"2017-10-17T16:56:21+00:00\" \/>\n\t\t<meta property=\"article:publisher\" content=\"https:\/\/www.facebook.com\/Nachofdezber\" \/>\n\t\t<meta property=\"article:author\" content=\"https:\/\/www.facebook.com\/carrenoactualidad\" \/>\n\t\t<meta name=\"twitter:card\" content=\"summary_large_image\" \/>\n\t\t<meta name=\"twitter:site\" content=\"@NabercoDigital\" \/>\n\t\t<meta name=\"twitter:title\" content=\"\u201cTaller Mindfulness\u201d en Cand\u00e1s | Cand\u00e1s 365\" \/>\n\t\t<meta name=\"twitter:description\" content=\"Durante las \u00faltimas semanas del mes de Octubre, en el marco de las actividades previstas entorno al D\u00eda de la Mujer rural 2017, comenzar\u00e1 el \u201cTaller Mindfulness\u201d, una interesante propuesta que busca que sus asistentes sean capaces de gestionar sus sentimientos y emociones de una manera de una manera inteligente, con el objetivo de reducir\" \/>\n\t\t<meta name=\"twitter:creator\" content=\"@nbasturias\" \/>\n\t\t<meta name=\"twitter:image\" content=\"https:\/\/candas365.es\/noticias\/wp-content\/uploads\/2017\/10\/happiness-2726568_960_720.jpg\" \/>\n\t\t<meta name=\"twitter:label1\" content=\"Escrito por\" \/>\n\t\t<meta name=\"twitter:data1\" content=\"Cand\u00e1s 365\" \/>\n\t\t<meta name=\"twitter:label2\" content=\"Tiempo de lectura estimado\" \/>\n\t\t<meta name=\"twitter:data2\" content=\"1 minuto\" \/>\n\t\t<script type=\"application\/ld+json\" class=\"aioseo-schema\">\n\t\t\t{\"@context\":\"https:\\\/\\\/schema.org\",\"@graph\":[{\"@type\":\"BreadcrumbList\",\"@id\":\"https:\\\/\\\/candas365.es\\\/noticias\\\/taller-mindfulness-en-candas\\\/#breadcrumblist\",\"itemListElement\":[{\"@type\":\"ListItem\",\"@id\":\"https:\\\/\\\/candas365.es\\\/noticias#listItem\",\"position\":1,\"name\":\"Home\",\"item\":\"https:\\\/\\\/candas365.es\\\/noticias\",\"nextItem\":{\"@type\":\"ListItem\",\"@id\":\"https:\\\/\\\/candas365.es\\\/noticias\\\/category\\\/noticias-carreno\\\/#listItem\",\"name\":\"Noticias Carre\\u00f1o\"}},{\"@type\":\"ListItem\",\"@id\":\"https:\\\/\\\/candas365.es\\\/noticias\\\/category\\\/noticias-carreno\\\/#listItem\",\"position\":2,\"name\":\"Noticias Carre\\u00f1o\",\"item\":\"https:\\\/\\\/candas365.es\\\/noticias\\\/category\\\/noticias-carreno\\\/\",\"nextItem\":{\"@type\":\"ListItem\",\"@id\":\"https:\\\/\\\/candas365.es\\\/noticias\\\/taller-mindfulness-en-candas\\\/#listItem\",\"name\":\"\\u201cTaller Mindfulness\\u201d en Cand\\u00e1s\"},\"previousItem\":{\"@type\":\"ListItem\",\"@id\":\"https:\\\/\\\/candas365.es\\\/noticias#listItem\",\"name\":\"Home\"}},{\"@type\":\"ListItem\",\"@id\":\"https:\\\/\\\/candas365.es\\\/noticias\\\/taller-mindfulness-en-candas\\\/#listItem\",\"position\":3,\"name\":\"\\u201cTaller Mindfulness\\u201d en Cand\\u00e1s\",\"previousItem\":{\"@type\":\"ListItem\",\"@id\":\"https:\\\/\\\/candas365.es\\\/noticias\\\/category\\\/noticias-carreno\\\/#listItem\",\"name\":\"Noticias Carre\\u00f1o\"}}]},{\"@type\":\"NewsArticle\",\"@id\":\"https:\\\/\\\/candas365.es\\\/noticias\\\/taller-mindfulness-en-candas\\\/#newsarticle\",\"name\":\"\\u201cTaller Mindfulness\\u201d en Cand\\u00e1s | Cand\\u00e1s 365\",\"headline\":\"\\u201cTaller Mindfulness\\u201d en Cand\\u00e1s\",\"author\":{\"@id\":\"https:\\\/\\\/candas365.es\\\/noticias\\\/author\\\/admin\\\/#author\"},\"publisher\":{\"@id\":\"https:\\\/\\\/candas365.es\\\/noticias\\\/#organization\"},\"image\":{\"@type\":\"ImageObject\",\"url\":\"https:\\\/\\\/candas365.es\\\/noticias\\\/wp-content\\\/uploads\\\/2017\\\/10\\\/happiness-2726568_960_720.jpg\",\"width\":960,\"height\":540},\"datePublished\":\"2017-10-17T16:56:21+02:00\",\"dateModified\":\"2017-10-17T16:56:21+02:00\",\"inLanguage\":\"es-ES\",\"mainEntityOfPage\":{\"@id\":\"https:\\\/\\\/candas365.es\\\/noticias\\\/taller-mindfulness-en-candas\\\/#webpage\"},\"isPartOf\":{\"@id\":\"https:\\\/\\\/candas365.es\\\/noticias\\\/taller-mindfulness-en-candas\\\/#webpage\"},\"articleSection\":\"Noticias Carre\\u00f1o\",\"dateline\":\"Publicado el octubre 17, 2017.\"},{\"@type\":\"Organization\",\"@id\":\"https:\\\/\\\/candas365.es\\\/noticias\\\/#organization\",\"name\":\"Cand\\u00e1s 365\",\"description\":\"Cand\\u00e1s 365 es un diario digital independiente, fundado en 2012, con base en Asturias. Informamos con rigor sobre actualidad, sociedad, cultura y ocio, con una mirada local y global.\",\"url\":\"https:\\\/\\\/candas365.es\\\/noticias\\\/\",\"email\":\"info@candas365.es\",\"telephone\":\"+34652131393\",\"foundingDate\":\"2012-06-10\",\"logo\":{\"@type\":\"ImageObject\",\"url\":\"https:\\\/\\\/candas365.es\\\/noticias\\\/wp-content\\\/uploads\\\/2024\\\/09\\\/Candas-365-Redes.jpg\",\"@id\":\"https:\\\/\\\/candas365.es\\\/noticias\\\/taller-mindfulness-en-candas\\\/#organizationLogo\",\"width\":1152,\"height\":864,\"caption\":\"Cand\\u00e1s 365 Redes\"},\"image\":{\"@id\":\"https:\\\/\\\/candas365.es\\\/noticias\\\/taller-mindfulness-en-candas\\\/#organizationLogo\"},\"sameAs\":[\"https:\\\/\\\/www.facebook.com\\\/Nachofdezber\",\"https:\\\/\\\/x.com\\\/NabercoDigital\",\"https:\\\/\\\/www.instagram.com\\\/nachofdezber\\\/\",\"https:\\\/\\\/www.youtube.com\\\/channel\\\/UCZP-2wLEB9Rv6erhFmqVnvg\"],\"address\":{\"@id\":\"https:\\\/\\\/candas365.es\\\/noticias\\\/#postaladdress\",\"@type\":\"PostalAddress\",\"streetAddress\":\"san antonio 4, san antonio 4\",\"postalCode\":\"33430\",\"addressLocality\":\"Cand\\u00e1s\",\"addressRegion\":\"Asturias\",\"addressCountry\":\"ES\"}},{\"@type\":\"Person\",\"@id\":\"https:\\\/\\\/candas365.es\\\/noticias\\\/author\\\/admin\\\/#author\",\"url\":\"https:\\\/\\\/candas365.es\\\/noticias\\\/author\\\/admin\\\/\",\"name\":\"Cand\\u00e1s 365\",\"image\":{\"@type\":\"ImageObject\",\"@id\":\"https:\\\/\\\/candas365.es\\\/noticias\\\/taller-mindfulness-en-candas\\\/#authorImage\",\"url\":\"https:\\\/\\\/secure.gravatar.com\\\/avatar\\\/496a8e03d0c493ede1718b7934145dbdf8d89be1036b0eec9544e1094c9de390?s=96&d=mm&r=g\",\"width\":96,\"height\":96,\"caption\":\"Cand\\u00e1s 365\"},\"sameAs\":[\"https:\\\/\\\/www.facebook.com\\\/carrenoactualidad\",\"https:\\\/\\\/twitter.com\\\/nbasturias\",\"https:\\\/\\\/www.instagram.com\\\/nachofdezber\\\/\",\"https:\\\/\\\/www.youtube.com\\\/channel\\\/UCZP-2wLEB9Rv6erhFmqVnvg\"]},{\"@type\":\"WebPage\",\"@id\":\"https:\\\/\\\/candas365.es\\\/noticias\\\/taller-mindfulness-en-candas\\\/#webpage\",\"url\":\"https:\\\/\\\/candas365.es\\\/noticias\\\/taller-mindfulness-en-candas\\\/\",\"name\":\"\\u201cTaller Mindfulness\\u201d en Cand\\u00e1s | Cand\\u00e1s 365\",\"description\":\"Durante las \\u00faltimas semanas del mes de Octubre, en el marco de las actividades previstas entorno al D\\u00eda de la Mujer rural 2017, comenzar\\u00e1 el \\u201cTaller Mindfulness\\u201d, una interesante propuesta que busca que sus asistentes sean capaces de gestionar sus sentimientos y emociones de una manera de una manera inteligente, con el objetivo de reducir\",\"inLanguage\":\"es-ES\",\"isPartOf\":{\"@id\":\"https:\\\/\\\/candas365.es\\\/noticias\\\/#website\"},\"breadcrumb\":{\"@id\":\"https:\\\/\\\/candas365.es\\\/noticias\\\/taller-mindfulness-en-candas\\\/#breadcrumblist\"},\"author\":{\"@id\":\"https:\\\/\\\/candas365.es\\\/noticias\\\/author\\\/admin\\\/#author\"},\"creator\":{\"@id\":\"https:\\\/\\\/candas365.es\\\/noticias\\\/author\\\/admin\\\/#author\"},\"image\":{\"@type\":\"ImageObject\",\"url\":\"https:\\\/\\\/candas365.es\\\/noticias\\\/wp-content\\\/uploads\\\/2017\\\/10\\\/happiness-2726568_960_720.jpg\",\"@id\":\"https:\\\/\\\/candas365.es\\\/noticias\\\/taller-mindfulness-en-candas\\\/#mainImage\",\"width\":960,\"height\":540},\"primaryImageOfPage\":{\"@id\":\"https:\\\/\\\/candas365.es\\\/noticias\\\/taller-mindfulness-en-candas\\\/#mainImage\"},\"datePublished\":\"2017-10-17T16:56:21+02:00\",\"dateModified\":\"2017-10-17T16:56:21+02:00\"},{\"@type\":\"WebSite\",\"@id\":\"https:\\\/\\\/candas365.es\\\/noticias\\\/#website\",\"url\":\"https:\\\/\\\/candas365.es\\\/noticias\\\/\",\"name\":\"Cand\\u00e1s 365\",\"alternateName\":\"Cand\\u00e1s 365 Noticias\",\"description\":\"Actualidad desde Carre\\u00f1o para el mundo\",\"inLanguage\":\"es-ES\",\"publisher\":{\"@id\":\"https:\\\/\\\/candas365.es\\\/noticias\\\/#organization\"}}]}\n\t\t<\/script>\n\t\t<!-- All in One SEO Pro -->\r\n\t\t<title>\u201cTaller Mindfulness\u201d en Cand\u00e1s | Cand\u00e1s 365<\/title>\n\n","aioseo_head_json":{"title":"\u201cTaller Mindfulness\u201d en Cand\u00e1s | Cand\u00e1s 365","description":"Durante las \u00faltimas semanas del mes de Octubre, en el marco de las actividades previstas entorno al D\u00eda de la Mujer rural 2017, comenzar\u00e1 el \u201cTaller Mindfulness\u201d, una interesante propuesta que busca que sus asistentes sean capaces de gestionar sus sentimientos y emociones de una manera de una manera inteligente, con el objetivo de reducir","canonical_url":"https:\/\/candas365.es\/noticias\/taller-mindfulness-en-candas\/","robots":"max-image-preview:large","keywords":"noticias carre\u00f1o","webmasterTools":{"google-site-verification":"UA-32230408-1","msvalidate.01":"354F3CDFB2DA171B47FBE9ABF1F88D5","miscellaneous":""},"schema":{"@context":"https:\/\/schema.org","@graph":[{"@type":"BreadcrumbList","@id":"https:\/\/candas365.es\/noticias\/taller-mindfulness-en-candas\/#breadcrumblist","itemListElement":[{"@type":"ListItem","@id":"https:\/\/candas365.es\/noticias#listItem","position":1,"name":"Home","item":"https:\/\/candas365.es\/noticias","nextItem":{"@type":"ListItem","@id":"https:\/\/candas365.es\/noticias\/category\/noticias-carreno\/#listItem","name":"Noticias Carre\u00f1o"}},{"@type":"ListItem","@id":"https:\/\/candas365.es\/noticias\/category\/noticias-carreno\/#listItem","position":2,"name":"Noticias Carre\u00f1o","item":"https:\/\/candas365.es\/noticias\/category\/noticias-carreno\/","nextItem":{"@type":"ListItem","@id":"https:\/\/candas365.es\/noticias\/taller-mindfulness-en-candas\/#listItem","name":"\u201cTaller Mindfulness\u201d en Cand\u00e1s"},"previousItem":{"@type":"ListItem","@id":"https:\/\/candas365.es\/noticias#listItem","name":"Home"}},{"@type":"ListItem","@id":"https:\/\/candas365.es\/noticias\/taller-mindfulness-en-candas\/#listItem","position":3,"name":"\u201cTaller Mindfulness\u201d en Cand\u00e1s","previousItem":{"@type":"ListItem","@id":"https:\/\/candas365.es\/noticias\/category\/noticias-carreno\/#listItem","name":"Noticias Carre\u00f1o"}}]},{"@type":"NewsArticle","@id":"https:\/\/candas365.es\/noticias\/taller-mindfulness-en-candas\/#newsarticle","name":"\u201cTaller Mindfulness\u201d en Cand\u00e1s | Cand\u00e1s 365","headline":"\u201cTaller Mindfulness\u201d en Cand\u00e1s","author":{"@id":"https:\/\/candas365.es\/noticias\/author\/admin\/#author"},"publisher":{"@id":"https:\/\/candas365.es\/noticias\/#organization"},"image":{"@type":"ImageObject","url":"https:\/\/candas365.es\/noticias\/wp-content\/uploads\/2017\/10\/happiness-2726568_960_720.jpg","width":960,"height":540},"datePublished":"2017-10-17T16:56:21+02:00","dateModified":"2017-10-17T16:56:21+02:00","inLanguage":"es-ES","mainEntityOfPage":{"@id":"https:\/\/candas365.es\/noticias\/taller-mindfulness-en-candas\/#webpage"},"isPartOf":{"@id":"https:\/\/candas365.es\/noticias\/taller-mindfulness-en-candas\/#webpage"},"articleSection":"Noticias Carre\u00f1o","dateline":"Publicado el octubre 17, 2017."},{"@type":"Organization","@id":"https:\/\/candas365.es\/noticias\/#organization","name":"Cand\u00e1s 365","description":"Cand\u00e1s 365 es un diario digital independiente, fundado en 2012, con base en Asturias. Informamos con rigor sobre actualidad, sociedad, cultura y ocio, con una mirada local y global.","url":"https:\/\/candas365.es\/noticias\/","email":"info@candas365.es","telephone":"+34652131393","foundingDate":"2012-06-10","logo":{"@type":"ImageObject","url":"https:\/\/candas365.es\/noticias\/wp-content\/uploads\/2024\/09\/Candas-365-Redes.jpg","@id":"https:\/\/candas365.es\/noticias\/taller-mindfulness-en-candas\/#organizationLogo","width":1152,"height":864,"caption":"Cand\u00e1s 365 Redes"},"image":{"@id":"https:\/\/candas365.es\/noticias\/taller-mindfulness-en-candas\/#organizationLogo"},"sameAs":["https:\/\/www.facebook.com\/Nachofdezber","https:\/\/x.com\/NabercoDigital","https:\/\/www.instagram.com\/nachofdezber\/","https:\/\/www.youtube.com\/channel\/UCZP-2wLEB9Rv6erhFmqVnvg"],"address":{"@id":"https:\/\/candas365.es\/noticias\/#postaladdress","@type":"PostalAddress","streetAddress":"san antonio 4, san antonio 4","postalCode":"33430","addressLocality":"Cand\u00e1s","addressRegion":"Asturias","addressCountry":"ES"}},{"@type":"Person","@id":"https:\/\/candas365.es\/noticias\/author\/admin\/#author","url":"https:\/\/candas365.es\/noticias\/author\/admin\/","name":"Cand\u00e1s 365","image":{"@type":"ImageObject","@id":"https:\/\/candas365.es\/noticias\/taller-mindfulness-en-candas\/#authorImage","url":"https:\/\/secure.gravatar.com\/avatar\/496a8e03d0c493ede1718b7934145dbdf8d89be1036b0eec9544e1094c9de390?s=96&d=mm&r=g","width":96,"height":96,"caption":"Cand\u00e1s 365"},"sameAs":["https:\/\/www.facebook.com\/carrenoactualidad","https:\/\/twitter.com\/nbasturias","https:\/\/www.instagram.com\/nachofdezber\/","https:\/\/www.youtube.com\/channel\/UCZP-2wLEB9Rv6erhFmqVnvg"]},{"@type":"WebPage","@id":"https:\/\/candas365.es\/noticias\/taller-mindfulness-en-candas\/#webpage","url":"https:\/\/candas365.es\/noticias\/taller-mindfulness-en-candas\/","name":"\u201cTaller Mindfulness\u201d en Cand\u00e1s | Cand\u00e1s 365","description":"Durante las \u00faltimas semanas del mes de Octubre, en el marco de las actividades previstas entorno al D\u00eda de la Mujer rural 2017, comenzar\u00e1 el \u201cTaller Mindfulness\u201d, una interesante propuesta que busca que sus asistentes sean capaces de gestionar sus sentimientos y emociones de una manera de una manera inteligente, con el objetivo de reducir","inLanguage":"es-ES","isPartOf":{"@id":"https:\/\/candas365.es\/noticias\/#website"},"breadcrumb":{"@id":"https:\/\/candas365.es\/noticias\/taller-mindfulness-en-candas\/#breadcrumblist"},"author":{"@id":"https:\/\/candas365.es\/noticias\/author\/admin\/#author"},"creator":{"@id":"https:\/\/candas365.es\/noticias\/author\/admin\/#author"},"image":{"@type":"ImageObject","url":"https:\/\/candas365.es\/noticias\/wp-content\/uploads\/2017\/10\/happiness-2726568_960_720.jpg","@id":"https:\/\/candas365.es\/noticias\/taller-mindfulness-en-candas\/#mainImage","width":960,"height":540},"primaryImageOfPage":{"@id":"https:\/\/candas365.es\/noticias\/taller-mindfulness-en-candas\/#mainImage"},"datePublished":"2017-10-17T16:56:21+02:00","dateModified":"2017-10-17T16:56:21+02:00"},{"@type":"WebSite","@id":"https:\/\/candas365.es\/noticias\/#website","url":"https:\/\/candas365.es\/noticias\/","name":"Cand\u00e1s 365","alternateName":"Cand\u00e1s 365 Noticias","description":"Actualidad desde Carre\u00f1o para el mundo","inLanguage":"es-ES","publisher":{"@id":"https:\/\/candas365.es\/noticias\/#organization"}}]},"og:locale":"es_ES","og:site_name":"Cand\u00e1s 365","og:type":"article","og:title":"\u201cTaller Mindfulness\u201d en Cand\u00e1s | Cand\u00e1s 365","og:description":"Durante las \u00faltimas semanas del mes de Octubre, en el marco de las actividades previstas entorno al D\u00eda de la Mujer rural 2017, comenzar\u00e1 el \u201cTaller Mindfulness\u201d, una interesante propuesta que busca que sus asistentes sean capaces de gestionar sus sentimientos y emociones de una manera de una manera inteligente, con el objetivo de reducir","og:url":"https:\/\/candas365.es\/noticias\/taller-mindfulness-en-candas\/","og:image":"https:\/\/candas365.es\/noticias\/wp-content\/uploads\/2017\/10\/happiness-2726568_960_720.jpg","og:image:secure_url":"https:\/\/candas365.es\/noticias\/wp-content\/uploads\/2017\/10\/happiness-2726568_960_720.jpg","og:image:width":960,"og:image:height":540,"article:published_time":"2017-10-17T16:56:21+00:00","article:modified_time":"2017-10-17T16:56:21+00:00","article:publisher":"https:\/\/www.facebook.com\/Nachofdezber","article:author":"https:\/\/www.facebook.com\/carrenoactualidad","twitter:card":"summary_large_image","twitter:site":"@NabercoDigital","twitter:title":"\u201cTaller Mindfulness\u201d en Cand\u00e1s | Cand\u00e1s 365","twitter:description":"Durante las \u00faltimas semanas del mes de Octubre, en el marco de las actividades previstas entorno al D\u00eda de la Mujer rural 2017, comenzar\u00e1 el \u201cTaller Mindfulness\u201d, una interesante propuesta que busca que sus asistentes sean capaces de gestionar sus sentimientos y emociones de una manera de una manera inteligente, con el objetivo de reducir","twitter:creator":"@nbasturias","twitter:image":"https:\/\/candas365.es\/noticias\/wp-content\/uploads\/2017\/10\/happiness-2726568_960_720.jpg","twitter:label1":"Escrito por","twitter:data1":"Cand\u00e1s 365","twitter:label2":"Tiempo de lectura estimado","twitter:data2":"1 minuto"},"aioseo_meta_data":{"post_id":"82378","title":null,"description":null,"keywords":null,"keyphrases":null,"primary_term":null,"canonical_url":null,"og_title":null,"og_description":null,"og_object_type":"default","og_image_type":"default","og_image_url":null,"og_image_width":null,"og_image_height":null,"og_image_custom_url":null,"og_image_custom_fields":null,"og_video":null,"og_custom_url":null,"og_article_section":null,"og_article_tags":null,"twitter_use_og":false,"twitter_card":"default","twitter_image_type":"default","twitter_image_url":null,"twitter_image_custom_url":null,"twitter_image_custom_fields":null,"twitter_title":null,"twitter_description":null,"schema":{"blockGraphs":[],"customGraphs":[],"default":{"data":{"Article":[],"Course":[],"Dataset":[],"FAQPage":[],"Movie":[],"Person":[],"Product":[],"ProductReview":[],"Car":[],"Recipe":[],"Service":[],"SoftwareApplication":[],"WebPage":[]},"graphName":"","isEnabled":true},"graphs":[],"defaultGraph":"","defaultPostTypeGraph":""},"schema_type":null,"schema_type_options":null,"pillar_content":false,"robots_default":true,"robots_noindex":false,"robots_noarchive":false,"robots_nosnippet":false,"robots_nofollow":false,"robots_noimageindex":false,"robots_noodp":false,"robots_notranslate":false,"robots_max_snippet":null,"robots_max_videopreview":null,"robots_max_imagepreview":"large","priority":null,"frequency":null,"location":null,"local_seo":null,"seo_analyzer_scan_date":"2025-08-26 02:59:10","breadcrumb_settings":null,"limit_modified_date":false,"reviewed_by":null,"open_ai":null,"ai":null,"created":"2020-12-21 12:37:00","updated":"2025-08-26 02:59:10"},"aioseo_breadcrumb":"<div class=\"aioseo-breadcrumbs\"><span class=\"aioseo-breadcrumb\">\n\t<a href=\"https:\/\/candas365.es\/noticias\" title=\"Home\">Home<\/a>\n<\/span><span class=\"aioseo-breadcrumb-separator\">&ndash;<\/span><span class=\"aioseo-breadcrumb\">\n\t<a href=\"https:\/\/candas365.es\/noticias\/category\/noticias-carreno\/\" title=\"Noticias Carre\u00f1o\">Noticias Carre\u00f1o<\/a>\n<\/span><span class=\"aioseo-breadcrumb-separator\">&ndash;<\/span><span class=\"aioseo-breadcrumb\">\n\t\u201cTaller Mindfulness\u201d en Cand\u00e1s\n<\/span><\/div>","aioseo_breadcrumb_json":[{"label":"Home","link":"https:\/\/candas365.es\/noticias"},{"label":"Noticias Carre\u00f1o","link":"https:\/\/candas365.es\/noticias\/category\/noticias-carreno\/"},{"label":"\u201cTaller Mindfulness\u201d en Cand\u00e1s","link":"https:\/\/candas365.es\/noticias\/taller-mindfulness-en-candas\/"}],"_links":{"self":[{"href":"https:\/\/candas365.es\/noticias\/wp-json\/wp\/v2\/posts\/82378","targetHints":{"allow":["GET"]}}],"collection":[{"href":"https:\/\/candas365.es\/noticias\/wp-json\/wp\/v2\/posts"}],"about":[{"href":"https:\/\/candas365.es\/noticias\/wp-json\/wp\/v2\/types\/post"}],"author":[{"embeddable":true,"href":"https:\/\/candas365.es\/noticias\/wp-json\/wp\/v2\/users\/1"}],"replies":[{"embeddable":true,"href":"https:\/\/candas365.es\/noticias\/wp-json\/wp\/v2\/comments?post=82378"}],"version-history":[{"count":0,"href":"https:\/\/candas365.es\/noticias\/wp-json\/wp\/v2\/posts\/82378\/revisions"}],"wp:featuredmedia":[{"embeddable":true,"href":"https:\/\/candas365.es\/noticias\/wp-json\/wp\/v2\/media\/82379"}],"wp:attachment":[{"href":"https:\/\/candas365.es\/noticias\/wp-json\/wp\/v2\/media?parent=82378"}],"wp:term":[{"taxonomy":"category","embeddable":true,"href":"https:\/\/candas365.es\/noticias\/wp-json\/wp\/v2\/categories?post=82378"},{"taxonomy":"post_tag","embeddable":true,"href":"https:\/\/candas365.es\/noticias\/wp-json\/wp\/v2\/tags?post=82378"}],"curies":[{"name":"wp","href":"https:\/\/api.w.org\/{rel}","templated":true}]}}