{"id":82375,"date":"2017-10-17T16:46:58","date_gmt":"2017-10-17T16:46:58","guid":{"rendered":"http:\/\/candas365.es\/noticias\/?p=82375"},"modified":"2017-10-17T16:46:58","modified_gmt":"2017-10-17T16:46:58","slug":"haiti-en-el-camino-podra-visitarse-hasta-el-29-de-octubre","status":"publish","type":"post","link":"https:\/\/candas365.es\/noticias\/haiti-en-el-camino-podra-visitarse-hasta-el-29-de-octubre\/","title":{"rendered":"&#8216;Hait\u00ed en el camino&#8217; podr\u00e1 visitarse hasta el 29 de Octubre"},"content":{"rendered":"<p><img fetchpriority=\"high\" decoding=\"async\" class=\"alignleft size-medium wp-image-82376\" src=\"https:\/\/candas365.es\/noticias\/wp-content\/uploads\/2017\/10\/IMG_0117-360x270.jpg\" alt=\"\" width=\"360\" height=\"270\" srcset=\"https:\/\/candas365.es\/noticias\/wp-content\/uploads\/2017\/10\/IMG_0117-360x270.jpg 360w, https:\/\/candas365.es\/noticias\/wp-content\/uploads\/2017\/10\/IMG_0117.jpg 640w, https:\/\/candas365.es\/noticias\/wp-content\/uploads\/2017\/10\/IMG_0117-80x60.jpg 80w, https:\/\/candas365.es\/noticias\/wp-content\/uploads\/2017\/10\/IMG_0117-265x198.jpg 265w, https:\/\/candas365.es\/noticias\/wp-content\/uploads\/2017\/10\/IMG_0117-560x420.jpg 560w, https:\/\/candas365.es\/noticias\/wp-content\/uploads\/2017\/10\/IMG_0117-90x67.jpg 90w\" sizes=\"(max-width: 360px) 100vw, 360px\" \/>&#8216;Hait\u00ed en el camino&#8217; recoge una serie de instant\u00e1neas sobre la realidad que vive la poblaci\u00f3n del pa\u00eds tras los desastres naturales.<\/p>\n<p>Hasta el domingo 29, podremos disfrutar en Cand\u00e1s de la exposici\u00f3n Hait\u00ed en el Camino.<\/p>\n<p>Una muestra fotogr\u00e1fica del gijon\u00e9s Alejandro Zapico que ha sido cedida para la ocasi\u00f3n por la Agencia de Cooperaci\u00f3n al Desarrollo del Principado, propietaria de la muestra.<\/p>\n<p>\u00abEs una exposici\u00f3n de mucha calidad que estamos encantados de poder mostrar en Carre\u00f1o gracias a la colaboraci\u00f3n de Gobierno del Principado y la Federaci\u00f3n Asturiana de Concejos\u00bb, expres\u00f3 la concejala de Bienestar Social, Cecilia Tasc\u00f3n.<\/p>\n<p>La muestra ya ha estado montada en otras salas de arte asturianas.<\/p>\n<p>\u00abEl 80 por ciento del trabajo de los fotoperiodistas es buscarse la vida y encontrar la f\u00f3rmula para contar la historia que te interesa\u00bb &#8211; se\u00f1al\u00f3 \u00c1lex Zapico, que acompa\u00f1\u00f3 en un vuelo a Bomberos Sin Fronteras y pudo comprobar el trabajo que realizan en Hait\u00ed montando pozos de agua para poder atajar el avance del c\u00f3lera.<\/p>\n<p>\u00abEsta exposici\u00f3n permitir\u00e1 que la poblaci\u00f3n de Carre\u00f1o conozca y se acerque a la realidad de Hait\u00ed, uno de los 25 pa\u00edses menos desarrollados del mundo que se encuentra en una situaci\u00f3n de pobreza e inseguridad alarmante, situaci\u00f3n que no ha hecho m\u00e1s que acrecentarse con el paso del hurac\u00e1n Matthew en Octubre del a\u00f1o pasado\u00bb \u2013se\u00f1al\u00f3 la edil de Bienestar.<\/p>\n<p>La exposici\u00f3n se podr\u00e1 visitar en el Centro Polivalente la Baraga\u00f1a de Cand\u00e1s, del 16 al 29 de Octubre, de Lunes a Viernes de 9:00 a 22:00 h., y S\u00e1bado, Domingos y festivos de 10:00 a 13:00 h., y de 16:30 a 21:00 h.<\/p>\n<p>&nbsp;<\/p>\n","protected":false},"excerpt":{"rendered":"<p>&#8216;Hait\u00ed en el camino&#8217; recoge una serie de instant\u00e1neas sobre la realidad que vive la poblaci\u00f3n del pa\u00eds tras los desastres naturales. Hasta el domingo 29, podremos disfrutar en Cand\u00e1s de la exposici\u00f3n Hait\u00ed en el Camino. Una muestra fotogr\u00e1fica del gijon\u00e9s Alejandro Zapico que ha sido cedida para la ocasi\u00f3n por la Agencia de<\/p>\n","protected":false},"author":1,"featured_media":82376,"comment_status":"closed","ping_status":"closed","sticky":false,"template":"","format":"standard","meta":{"footnotes":""},"categories":[2],"tags":[],"class_list":{"0":"post-82375","1":"post","2":"type-post","3":"status-publish","4":"format-standard","5":"has-post-thumbnail","7":"category-noticias-carreno"},"aioseo_notices":[],"aioseo_head":"\n\t\t<!-- All in One SEO Pro 4.9.6.2 - aioseo.com -->\n\t<meta name=\"description\" content=\"&#039;Hait\u00ed en el camino&#039; recoge una serie de instant\u00e1neas sobre la realidad que vive la poblaci\u00f3n del pa\u00eds tras los desastres naturales. Hasta el domingo 29, podremos disfrutar en Cand\u00e1s de la exposici\u00f3n Hait\u00ed en el Camino. Una muestra fotogr\u00e1fica del gijon\u00e9s Alejandro Zapico que ha sido cedida para la ocasi\u00f3n por la Agencia de\" \/>\n\t<meta name=\"robots\" content=\"max-image-preview:large\" \/>\n\t<meta name=\"author\" content=\"Cand\u00e1s 365\"\/>\n\t<meta name=\"google-site-verification\" content=\"UA-32230408-1\" \/>\n\t<meta name=\"msvalidate.01\" content=\"354F3CDFB2DA171B47FBE9ABF1F88D5\" \/>\n\t<meta name=\"keywords\" content=\"noticias carre\u00f1o\" \/>\n\t<link rel=\"canonical\" href=\"https:\/\/candas365.es\/noticias\/haiti-en-el-camino-podra-visitarse-hasta-el-29-de-octubre\/\" \/>\n\t<meta name=\"generator\" content=\"All in One SEO Pro (AIOSEO) 4.9.6.2\" \/>\n\t\t<meta property=\"og:locale\" content=\"es_ES\" \/>\n\t\t<meta property=\"og:site_name\" content=\"Cand\u00e1s 365\" \/>\n\t\t<meta property=\"og:type\" content=\"article\" \/>\n\t\t<meta property=\"og:title\" content=\"\u2018Hait\u00ed en el camino\u2019 podr\u00e1 visitarse hasta el 29 de Octubre | Cand\u00e1s 365\" \/>\n\t\t<meta property=\"og:description\" content=\"&#039;Hait\u00ed en el camino&#039; recoge una serie de instant\u00e1neas sobre la realidad que vive la poblaci\u00f3n del pa\u00eds tras los desastres naturales. Hasta el domingo 29, podremos disfrutar en Cand\u00e1s de la exposici\u00f3n Hait\u00ed en el Camino. Una muestra fotogr\u00e1fica del gijon\u00e9s Alejandro Zapico que ha sido cedida para la ocasi\u00f3n por la Agencia de\" \/>\n\t\t<meta property=\"og:url\" content=\"https:\/\/candas365.es\/noticias\/haiti-en-el-camino-podra-visitarse-hasta-el-29-de-octubre\/\" \/>\n\t\t<meta property=\"og:image\" content=\"https:\/\/candas365.es\/noticias\/wp-content\/uploads\/2017\/10\/IMG_0117.jpg\" \/>\n\t\t<meta property=\"og:image:secure_url\" content=\"https:\/\/candas365.es\/noticias\/wp-content\/uploads\/2017\/10\/IMG_0117.jpg\" \/>\n\t\t<meta property=\"og:image:width\" content=\"640\" \/>\n\t\t<meta property=\"og:image:height\" content=\"480\" \/>\n\t\t<meta property=\"article:published_time\" content=\"2017-10-17T16:46:58+00:00\" \/>\n\t\t<meta property=\"article:modified_time\" content=\"2017-10-17T16:46:58+00:00\" \/>\n\t\t<meta property=\"article:publisher\" content=\"https:\/\/www.facebook.com\/Nachofdezber\" \/>\n\t\t<meta property=\"article:author\" content=\"https:\/\/www.facebook.com\/carrenoactualidad\" \/>\n\t\t<meta name=\"twitter:card\" content=\"summary_large_image\" \/>\n\t\t<meta name=\"twitter:site\" content=\"@NabercoDigital\" \/>\n\t\t<meta name=\"twitter:title\" content=\"\u2018Hait\u00ed en el camino\u2019 podr\u00e1 visitarse hasta el 29 de Octubre | Cand\u00e1s 365\" \/>\n\t\t<meta name=\"twitter:description\" content=\"&#039;Hait\u00ed en el camino&#039; recoge una serie de instant\u00e1neas sobre la realidad que vive la poblaci\u00f3n del pa\u00eds tras los desastres naturales. Hasta el domingo 29, podremos disfrutar en Cand\u00e1s de la exposici\u00f3n Hait\u00ed en el Camino. Una muestra fotogr\u00e1fica del gijon\u00e9s Alejandro Zapico que ha sido cedida para la ocasi\u00f3n por la Agencia de\" \/>\n\t\t<meta name=\"twitter:creator\" content=\"@nbasturias\" \/>\n\t\t<meta name=\"twitter:image\" content=\"https:\/\/candas365.es\/noticias\/wp-content\/uploads\/2017\/10\/IMG_0117.jpg\" \/>\n\t\t<meta name=\"twitter:label1\" content=\"Escrito por\" \/>\n\t\t<meta name=\"twitter:data1\" content=\"Cand\u00e1s 365\" \/>\n\t\t<meta name=\"twitter:label2\" content=\"Tiempo de lectura estimado\" \/>\n\t\t<meta name=\"twitter:data2\" content=\"1 minuto\" \/>\n\t\t<script type=\"application\/ld+json\" class=\"aioseo-schema\">\n\t\t\t{\"@context\":\"https:\\\/\\\/schema.org\",\"@graph\":[{\"@type\":\"BreadcrumbList\",\"@id\":\"https:\\\/\\\/candas365.es\\\/noticias\\\/haiti-en-el-camino-podra-visitarse-hasta-el-29-de-octubre\\\/#breadcrumblist\",\"itemListElement\":[{\"@type\":\"ListItem\",\"@id\":\"https:\\\/\\\/candas365.es\\\/noticias#listItem\",\"position\":1,\"name\":\"Home\",\"item\":\"https:\\\/\\\/candas365.es\\\/noticias\",\"nextItem\":{\"@type\":\"ListItem\",\"@id\":\"https:\\\/\\\/candas365.es\\\/noticias\\\/category\\\/noticias-carreno\\\/#listItem\",\"name\":\"Noticias Carre\\u00f1o\"}},{\"@type\":\"ListItem\",\"@id\":\"https:\\\/\\\/candas365.es\\\/noticias\\\/category\\\/noticias-carreno\\\/#listItem\",\"position\":2,\"name\":\"Noticias Carre\\u00f1o\",\"item\":\"https:\\\/\\\/candas365.es\\\/noticias\\\/category\\\/noticias-carreno\\\/\",\"nextItem\":{\"@type\":\"ListItem\",\"@id\":\"https:\\\/\\\/candas365.es\\\/noticias\\\/haiti-en-el-camino-podra-visitarse-hasta-el-29-de-octubre\\\/#listItem\",\"name\":\"&#8216;Hait\\u00ed en el camino&#8217; podr\\u00e1 visitarse hasta el 29 de Octubre\"},\"previousItem\":{\"@type\":\"ListItem\",\"@id\":\"https:\\\/\\\/candas365.es\\\/noticias#listItem\",\"name\":\"Home\"}},{\"@type\":\"ListItem\",\"@id\":\"https:\\\/\\\/candas365.es\\\/noticias\\\/haiti-en-el-camino-podra-visitarse-hasta-el-29-de-octubre\\\/#listItem\",\"position\":3,\"name\":\"&#8216;Hait\\u00ed en el camino&#8217; podr\\u00e1 visitarse hasta el 29 de Octubre\",\"previousItem\":{\"@type\":\"ListItem\",\"@id\":\"https:\\\/\\\/candas365.es\\\/noticias\\\/category\\\/noticias-carreno\\\/#listItem\",\"name\":\"Noticias Carre\\u00f1o\"}}]},{\"@type\":\"NewsArticle\",\"@id\":\"https:\\\/\\\/candas365.es\\\/noticias\\\/haiti-en-el-camino-podra-visitarse-hasta-el-29-de-octubre\\\/#newsarticle\",\"name\":\"\\u2018Hait\\u00ed en el camino\\u2019 podr\\u00e1 visitarse hasta el 29 de Octubre | Cand\\u00e1s 365\",\"headline\":\"&#8216;Hait\\u00ed en el camino&#8217; podr\\u00e1 visitarse hasta el 29 de Octubre\",\"author\":{\"@id\":\"https:\\\/\\\/candas365.es\\\/noticias\\\/author\\\/admin\\\/#author\"},\"publisher\":{\"@id\":\"https:\\\/\\\/candas365.es\\\/noticias\\\/#organization\"},\"image\":{\"@type\":\"ImageObject\",\"url\":\"https:\\\/\\\/candas365.es\\\/noticias\\\/wp-content\\\/uploads\\\/2017\\\/10\\\/IMG_0117.jpg\",\"width\":640,\"height\":480},\"datePublished\":\"2017-10-17T16:46:58+02:00\",\"dateModified\":\"2017-10-17T16:46:58+02:00\",\"inLanguage\":\"es-ES\",\"mainEntityOfPage\":{\"@id\":\"https:\\\/\\\/candas365.es\\\/noticias\\\/haiti-en-el-camino-podra-visitarse-hasta-el-29-de-octubre\\\/#webpage\"},\"isPartOf\":{\"@id\":\"https:\\\/\\\/candas365.es\\\/noticias\\\/haiti-en-el-camino-podra-visitarse-hasta-el-29-de-octubre\\\/#webpage\"},\"articleSection\":\"Noticias Carre\\u00f1o\",\"dateline\":\"Publicado el octubre 17, 2017.\"},{\"@type\":\"Organization\",\"@id\":\"https:\\\/\\\/candas365.es\\\/noticias\\\/#organization\",\"name\":\"Cand\\u00e1s 365\",\"description\":\"Cand\\u00e1s 365 es un diario digital independiente, fundado en 2012, con base en Asturias. Informamos con rigor sobre actualidad, sociedad, cultura y ocio, con una mirada local y global.\",\"url\":\"https:\\\/\\\/candas365.es\\\/noticias\\\/\",\"email\":\"info@candas365.es\",\"telephone\":\"+34652131393\",\"foundingDate\":\"2012-06-10\",\"logo\":{\"@type\":\"ImageObject\",\"url\":\"https:\\\/\\\/candas365.es\\\/noticias\\\/wp-content\\\/uploads\\\/2024\\\/09\\\/Candas-365-Redes.jpg\",\"@id\":\"https:\\\/\\\/candas365.es\\\/noticias\\\/haiti-en-el-camino-podra-visitarse-hasta-el-29-de-octubre\\\/#organizationLogo\",\"width\":1152,\"height\":864,\"caption\":\"Cand\\u00e1s 365 Redes\"},\"image\":{\"@id\":\"https:\\\/\\\/candas365.es\\\/noticias\\\/haiti-en-el-camino-podra-visitarse-hasta-el-29-de-octubre\\\/#organizationLogo\"},\"sameAs\":[\"https:\\\/\\\/www.facebook.com\\\/Nachofdezber\",\"https:\\\/\\\/x.com\\\/NabercoDigital\",\"https:\\\/\\\/www.instagram.com\\\/nachofdezber\\\/\",\"https:\\\/\\\/www.youtube.com\\\/channel\\\/UCZP-2wLEB9Rv6erhFmqVnvg\"],\"address\":{\"@id\":\"https:\\\/\\\/candas365.es\\\/noticias\\\/#postaladdress\",\"@type\":\"PostalAddress\",\"streetAddress\":\"san antonio 4, san antonio 4\",\"postalCode\":\"33430\",\"addressLocality\":\"Cand\\u00e1s\",\"addressRegion\":\"Asturias\",\"addressCountry\":\"ES\"}},{\"@type\":\"Person\",\"@id\":\"https:\\\/\\\/candas365.es\\\/noticias\\\/author\\\/admin\\\/#author\",\"url\":\"https:\\\/\\\/candas365.es\\\/noticias\\\/author\\\/admin\\\/\",\"name\":\"Cand\\u00e1s 365\",\"image\":{\"@type\":\"ImageObject\",\"@id\":\"https:\\\/\\\/candas365.es\\\/noticias\\\/haiti-en-el-camino-podra-visitarse-hasta-el-29-de-octubre\\\/#authorImage\",\"url\":\"https:\\\/\\\/secure.gravatar.com\\\/avatar\\\/496a8e03d0c493ede1718b7934145dbdf8d89be1036b0eec9544e1094c9de390?s=96&d=mm&r=g\",\"width\":96,\"height\":96,\"caption\":\"Cand\\u00e1s 365\"},\"sameAs\":[\"https:\\\/\\\/www.facebook.com\\\/carrenoactualidad\",\"https:\\\/\\\/twitter.com\\\/nbasturias\",\"https:\\\/\\\/www.instagram.com\\\/nachofdezber\\\/\",\"https:\\\/\\\/www.youtube.com\\\/channel\\\/UCZP-2wLEB9Rv6erhFmqVnvg\"]},{\"@type\":\"WebPage\",\"@id\":\"https:\\\/\\\/candas365.es\\\/noticias\\\/haiti-en-el-camino-podra-visitarse-hasta-el-29-de-octubre\\\/#webpage\",\"url\":\"https:\\\/\\\/candas365.es\\\/noticias\\\/haiti-en-el-camino-podra-visitarse-hasta-el-29-de-octubre\\\/\",\"name\":\"\\u2018Hait\\u00ed en el camino\\u2019 podr\\u00e1 visitarse hasta el 29 de Octubre | Cand\\u00e1s 365\",\"description\":\"'Hait\\u00ed en el camino' recoge una serie de instant\\u00e1neas sobre la realidad que vive la poblaci\\u00f3n del pa\\u00eds tras los desastres naturales. Hasta el domingo 29, podremos disfrutar en Cand\\u00e1s de la exposici\\u00f3n Hait\\u00ed en el Camino. Una muestra fotogr\\u00e1fica del gijon\\u00e9s Alejandro Zapico que ha sido cedida para la ocasi\\u00f3n por la Agencia de\",\"inLanguage\":\"es-ES\",\"isPartOf\":{\"@id\":\"https:\\\/\\\/candas365.es\\\/noticias\\\/#website\"},\"breadcrumb\":{\"@id\":\"https:\\\/\\\/candas365.es\\\/noticias\\\/haiti-en-el-camino-podra-visitarse-hasta-el-29-de-octubre\\\/#breadcrumblist\"},\"author\":{\"@id\":\"https:\\\/\\\/candas365.es\\\/noticias\\\/author\\\/admin\\\/#author\"},\"creator\":{\"@id\":\"https:\\\/\\\/candas365.es\\\/noticias\\\/author\\\/admin\\\/#author\"},\"image\":{\"@type\":\"ImageObject\",\"url\":\"https:\\\/\\\/candas365.es\\\/noticias\\\/wp-content\\\/uploads\\\/2017\\\/10\\\/IMG_0117.jpg\",\"@id\":\"https:\\\/\\\/candas365.es\\\/noticias\\\/haiti-en-el-camino-podra-visitarse-hasta-el-29-de-octubre\\\/#mainImage\",\"width\":640,\"height\":480},\"primaryImageOfPage\":{\"@id\":\"https:\\\/\\\/candas365.es\\\/noticias\\\/haiti-en-el-camino-podra-visitarse-hasta-el-29-de-octubre\\\/#mainImage\"},\"datePublished\":\"2017-10-17T16:46:58+02:00\",\"dateModified\":\"2017-10-17T16:46:58+02:00\"},{\"@type\":\"WebSite\",\"@id\":\"https:\\\/\\\/candas365.es\\\/noticias\\\/#website\",\"url\":\"https:\\\/\\\/candas365.es\\\/noticias\\\/\",\"name\":\"Cand\\u00e1s 365\",\"alternateName\":\"Cand\\u00e1s 365 Noticias\",\"description\":\"Actualidad desde Carre\\u00f1o para el mundo\",\"inLanguage\":\"es-ES\",\"publisher\":{\"@id\":\"https:\\\/\\\/candas365.es\\\/noticias\\\/#organization\"}}]}\n\t\t<\/script>\n\t\t<!-- All in One SEO Pro -->\r\n\t\t<title>\u2018Hait\u00ed en el camino\u2019 podr\u00e1 visitarse hasta el 29 de Octubre | Cand\u00e1s 365<\/title>\n\n","aioseo_head_json":{"title":"\u2018Hait\u00ed en el camino\u2019 podr\u00e1 visitarse hasta el 29 de Octubre | Cand\u00e1s 365","description":"'Hait\u00ed en el camino' recoge una serie de instant\u00e1neas sobre la realidad que vive la poblaci\u00f3n del pa\u00eds tras los desastres naturales. Hasta el domingo 29, podremos disfrutar en Cand\u00e1s de la exposici\u00f3n Hait\u00ed en el Camino. Una muestra fotogr\u00e1fica del gijon\u00e9s Alejandro Zapico que ha sido cedida para la ocasi\u00f3n por la Agencia de","canonical_url":"https:\/\/candas365.es\/noticias\/haiti-en-el-camino-podra-visitarse-hasta-el-29-de-octubre\/","robots":"max-image-preview:large","keywords":"noticias carre\u00f1o","webmasterTools":{"google-site-verification":"UA-32230408-1","msvalidate.01":"354F3CDFB2DA171B47FBE9ABF1F88D5","miscellaneous":""},"schema":{"@context":"https:\/\/schema.org","@graph":[{"@type":"BreadcrumbList","@id":"https:\/\/candas365.es\/noticias\/haiti-en-el-camino-podra-visitarse-hasta-el-29-de-octubre\/#breadcrumblist","itemListElement":[{"@type":"ListItem","@id":"https:\/\/candas365.es\/noticias#listItem","position":1,"name":"Home","item":"https:\/\/candas365.es\/noticias","nextItem":{"@type":"ListItem","@id":"https:\/\/candas365.es\/noticias\/category\/noticias-carreno\/#listItem","name":"Noticias Carre\u00f1o"}},{"@type":"ListItem","@id":"https:\/\/candas365.es\/noticias\/category\/noticias-carreno\/#listItem","position":2,"name":"Noticias Carre\u00f1o","item":"https:\/\/candas365.es\/noticias\/category\/noticias-carreno\/","nextItem":{"@type":"ListItem","@id":"https:\/\/candas365.es\/noticias\/haiti-en-el-camino-podra-visitarse-hasta-el-29-de-octubre\/#listItem","name":"&#8216;Hait\u00ed en el camino&#8217; podr\u00e1 visitarse hasta el 29 de Octubre"},"previousItem":{"@type":"ListItem","@id":"https:\/\/candas365.es\/noticias#listItem","name":"Home"}},{"@type":"ListItem","@id":"https:\/\/candas365.es\/noticias\/haiti-en-el-camino-podra-visitarse-hasta-el-29-de-octubre\/#listItem","position":3,"name":"&#8216;Hait\u00ed en el camino&#8217; podr\u00e1 visitarse hasta el 29 de Octubre","previousItem":{"@type":"ListItem","@id":"https:\/\/candas365.es\/noticias\/category\/noticias-carreno\/#listItem","name":"Noticias Carre\u00f1o"}}]},{"@type":"NewsArticle","@id":"https:\/\/candas365.es\/noticias\/haiti-en-el-camino-podra-visitarse-hasta-el-29-de-octubre\/#newsarticle","name":"\u2018Hait\u00ed en el camino\u2019 podr\u00e1 visitarse hasta el 29 de Octubre | Cand\u00e1s 365","headline":"&#8216;Hait\u00ed en el camino&#8217; podr\u00e1 visitarse hasta el 29 de Octubre","author":{"@id":"https:\/\/candas365.es\/noticias\/author\/admin\/#author"},"publisher":{"@id":"https:\/\/candas365.es\/noticias\/#organization"},"image":{"@type":"ImageObject","url":"https:\/\/candas365.es\/noticias\/wp-content\/uploads\/2017\/10\/IMG_0117.jpg","width":640,"height":480},"datePublished":"2017-10-17T16:46:58+02:00","dateModified":"2017-10-17T16:46:58+02:00","inLanguage":"es-ES","mainEntityOfPage":{"@id":"https:\/\/candas365.es\/noticias\/haiti-en-el-camino-podra-visitarse-hasta-el-29-de-octubre\/#webpage"},"isPartOf":{"@id":"https:\/\/candas365.es\/noticias\/haiti-en-el-camino-podra-visitarse-hasta-el-29-de-octubre\/#webpage"},"articleSection":"Noticias Carre\u00f1o","dateline":"Publicado el octubre 17, 2017."},{"@type":"Organization","@id":"https:\/\/candas365.es\/noticias\/#organization","name":"Cand\u00e1s 365","description":"Cand\u00e1s 365 es un diario digital independiente, fundado en 2012, con base en Asturias. Informamos con rigor sobre actualidad, sociedad, cultura y ocio, con una mirada local y global.","url":"https:\/\/candas365.es\/noticias\/","email":"info@candas365.es","telephone":"+34652131393","foundingDate":"2012-06-10","logo":{"@type":"ImageObject","url":"https:\/\/candas365.es\/noticias\/wp-content\/uploads\/2024\/09\/Candas-365-Redes.jpg","@id":"https:\/\/candas365.es\/noticias\/haiti-en-el-camino-podra-visitarse-hasta-el-29-de-octubre\/#organizationLogo","width":1152,"height":864,"caption":"Cand\u00e1s 365 Redes"},"image":{"@id":"https:\/\/candas365.es\/noticias\/haiti-en-el-camino-podra-visitarse-hasta-el-29-de-octubre\/#organizationLogo"},"sameAs":["https:\/\/www.facebook.com\/Nachofdezber","https:\/\/x.com\/NabercoDigital","https:\/\/www.instagram.com\/nachofdezber\/","https:\/\/www.youtube.com\/channel\/UCZP-2wLEB9Rv6erhFmqVnvg"],"address":{"@id":"https:\/\/candas365.es\/noticias\/#postaladdress","@type":"PostalAddress","streetAddress":"san antonio 4, san antonio 4","postalCode":"33430","addressLocality":"Cand\u00e1s","addressRegion":"Asturias","addressCountry":"ES"}},{"@type":"Person","@id":"https:\/\/candas365.es\/noticias\/author\/admin\/#author","url":"https:\/\/candas365.es\/noticias\/author\/admin\/","name":"Cand\u00e1s 365","image":{"@type":"ImageObject","@id":"https:\/\/candas365.es\/noticias\/haiti-en-el-camino-podra-visitarse-hasta-el-29-de-octubre\/#authorImage","url":"https:\/\/secure.gravatar.com\/avatar\/496a8e03d0c493ede1718b7934145dbdf8d89be1036b0eec9544e1094c9de390?s=96&d=mm&r=g","width":96,"height":96,"caption":"Cand\u00e1s 365"},"sameAs":["https:\/\/www.facebook.com\/carrenoactualidad","https:\/\/twitter.com\/nbasturias","https:\/\/www.instagram.com\/nachofdezber\/","https:\/\/www.youtube.com\/channel\/UCZP-2wLEB9Rv6erhFmqVnvg"]},{"@type":"WebPage","@id":"https:\/\/candas365.es\/noticias\/haiti-en-el-camino-podra-visitarse-hasta-el-29-de-octubre\/#webpage","url":"https:\/\/candas365.es\/noticias\/haiti-en-el-camino-podra-visitarse-hasta-el-29-de-octubre\/","name":"\u2018Hait\u00ed en el camino\u2019 podr\u00e1 visitarse hasta el 29 de Octubre | Cand\u00e1s 365","description":"'Hait\u00ed en el camino' recoge una serie de instant\u00e1neas sobre la realidad que vive la poblaci\u00f3n del pa\u00eds tras los desastres naturales. Hasta el domingo 29, podremos disfrutar en Cand\u00e1s de la exposici\u00f3n Hait\u00ed en el Camino. Una muestra fotogr\u00e1fica del gijon\u00e9s Alejandro Zapico que ha sido cedida para la ocasi\u00f3n por la Agencia de","inLanguage":"es-ES","isPartOf":{"@id":"https:\/\/candas365.es\/noticias\/#website"},"breadcrumb":{"@id":"https:\/\/candas365.es\/noticias\/haiti-en-el-camino-podra-visitarse-hasta-el-29-de-octubre\/#breadcrumblist"},"author":{"@id":"https:\/\/candas365.es\/noticias\/author\/admin\/#author"},"creator":{"@id":"https:\/\/candas365.es\/noticias\/author\/admin\/#author"},"image":{"@type":"ImageObject","url":"https:\/\/candas365.es\/noticias\/wp-content\/uploads\/2017\/10\/IMG_0117.jpg","@id":"https:\/\/candas365.es\/noticias\/haiti-en-el-camino-podra-visitarse-hasta-el-29-de-octubre\/#mainImage","width":640,"height":480},"primaryImageOfPage":{"@id":"https:\/\/candas365.es\/noticias\/haiti-en-el-camino-podra-visitarse-hasta-el-29-de-octubre\/#mainImage"},"datePublished":"2017-10-17T16:46:58+02:00","dateModified":"2017-10-17T16:46:58+02:00"},{"@type":"WebSite","@id":"https:\/\/candas365.es\/noticias\/#website","url":"https:\/\/candas365.es\/noticias\/","name":"Cand\u00e1s 365","alternateName":"Cand\u00e1s 365 Noticias","description":"Actualidad desde Carre\u00f1o para el mundo","inLanguage":"es-ES","publisher":{"@id":"https:\/\/candas365.es\/noticias\/#organization"}}]},"og:locale":"es_ES","og:site_name":"Cand\u00e1s 365","og:type":"article","og:title":"\u2018Hait\u00ed en el camino\u2019 podr\u00e1 visitarse hasta el 29 de Octubre | Cand\u00e1s 365","og:description":"'Hait\u00ed en el camino' recoge una serie de instant\u00e1neas sobre la realidad que vive la poblaci\u00f3n del pa\u00eds tras los desastres naturales. Hasta el domingo 29, podremos disfrutar en Cand\u00e1s de la exposici\u00f3n Hait\u00ed en el Camino. Una muestra fotogr\u00e1fica del gijon\u00e9s Alejandro Zapico que ha sido cedida para la ocasi\u00f3n por la Agencia de","og:url":"https:\/\/candas365.es\/noticias\/haiti-en-el-camino-podra-visitarse-hasta-el-29-de-octubre\/","og:image":"https:\/\/candas365.es\/noticias\/wp-content\/uploads\/2017\/10\/IMG_0117.jpg","og:image:secure_url":"https:\/\/candas365.es\/noticias\/wp-content\/uploads\/2017\/10\/IMG_0117.jpg","og:image:width":640,"og:image:height":480,"article:published_time":"2017-10-17T16:46:58+00:00","article:modified_time":"2017-10-17T16:46:58+00:00","article:publisher":"https:\/\/www.facebook.com\/Nachofdezber","article:author":"https:\/\/www.facebook.com\/carrenoactualidad","twitter:card":"summary_large_image","twitter:site":"@NabercoDigital","twitter:title":"\u2018Hait\u00ed en el camino\u2019 podr\u00e1 visitarse hasta el 29 de Octubre | Cand\u00e1s 365","twitter:description":"'Hait\u00ed en el camino' recoge una serie de instant\u00e1neas sobre la realidad que vive la poblaci\u00f3n del pa\u00eds tras los desastres naturales. Hasta el domingo 29, podremos disfrutar en Cand\u00e1s de la exposici\u00f3n Hait\u00ed en el Camino. Una muestra fotogr\u00e1fica del gijon\u00e9s Alejandro Zapico que ha sido cedida para la ocasi\u00f3n por la Agencia de","twitter:creator":"@nbasturias","twitter:image":"https:\/\/candas365.es\/noticias\/wp-content\/uploads\/2017\/10\/IMG_0117.jpg","twitter:label1":"Escrito por","twitter:data1":"Cand\u00e1s 365","twitter:label2":"Tiempo de lectura estimado","twitter:data2":"1 minuto"},"aioseo_meta_data":{"post_id":"82375","title":null,"description":null,"keywords":null,"keyphrases":null,"primary_term":null,"canonical_url":null,"og_title":null,"og_description":null,"og_object_type":"default","og_image_type":"default","og_image_url":null,"og_image_width":null,"og_image_height":null,"og_image_custom_url":null,"og_image_custom_fields":null,"og_video":null,"og_custom_url":null,"og_article_section":null,"og_article_tags":null,"twitter_use_og":false,"twitter_card":"default","twitter_image_type":"default","twitter_image_url":null,"twitter_image_custom_url":null,"twitter_image_custom_fields":null,"twitter_title":null,"twitter_description":null,"schema":{"blockGraphs":[],"customGraphs":[],"default":{"data":{"Article":[],"Course":[],"Dataset":[],"FAQPage":[],"Movie":[],"Person":[],"Product":[],"ProductReview":[],"Car":[],"Recipe":[],"Service":[],"SoftwareApplication":[],"WebPage":[]},"graphName":"","isEnabled":true},"graphs":[],"defaultGraph":"","defaultPostTypeGraph":""},"schema_type":null,"schema_type_options":null,"pillar_content":false,"robots_default":true,"robots_noindex":false,"robots_noarchive":false,"robots_nosnippet":false,"robots_nofollow":false,"robots_noimageindex":false,"robots_noodp":false,"robots_notranslate":false,"robots_max_snippet":null,"robots_max_videopreview":null,"robots_max_imagepreview":"large","priority":null,"frequency":null,"location":null,"local_seo":null,"seo_analyzer_scan_date":"2025-08-26 02:59:09","breadcrumb_settings":null,"limit_modified_date":false,"reviewed_by":null,"open_ai":null,"ai":null,"created":"2020-12-21 12:37:00","updated":"2025-08-26 02:59:09"},"aioseo_breadcrumb":"<div class=\"aioseo-breadcrumbs\"><span class=\"aioseo-breadcrumb\">\n\t<a href=\"https:\/\/candas365.es\/noticias\" title=\"Home\">Home<\/a>\n<\/span><span class=\"aioseo-breadcrumb-separator\">&ndash;<\/span><span class=\"aioseo-breadcrumb\">\n\t<a href=\"https:\/\/candas365.es\/noticias\/category\/noticias-carreno\/\" title=\"Noticias Carre\u00f1o\">Noticias Carre\u00f1o<\/a>\n<\/span><span class=\"aioseo-breadcrumb-separator\">&ndash;<\/span><span class=\"aioseo-breadcrumb\">\n\t\u2018Hait\u00ed en el camino\u2019 podr\u00e1 visitarse hasta el 29 de Octubre\n<\/span><\/div>","aioseo_breadcrumb_json":[{"label":"Home","link":"https:\/\/candas365.es\/noticias"},{"label":"Noticias Carre\u00f1o","link":"https:\/\/candas365.es\/noticias\/category\/noticias-carreno\/"},{"label":"&#8216;Hait\u00ed en el camino&#8217; podr\u00e1 visitarse hasta el 29 de Octubre","link":"https:\/\/candas365.es\/noticias\/haiti-en-el-camino-podra-visitarse-hasta-el-29-de-octubre\/"}],"_links":{"self":[{"href":"https:\/\/candas365.es\/noticias\/wp-json\/wp\/v2\/posts\/82375","targetHints":{"allow":["GET"]}}],"collection":[{"href":"https:\/\/candas365.es\/noticias\/wp-json\/wp\/v2\/posts"}],"about":[{"href":"https:\/\/candas365.es\/noticias\/wp-json\/wp\/v2\/types\/post"}],"author":[{"embeddable":true,"href":"https:\/\/candas365.es\/noticias\/wp-json\/wp\/v2\/users\/1"}],"replies":[{"embeddable":true,"href":"https:\/\/candas365.es\/noticias\/wp-json\/wp\/v2\/comments?post=82375"}],"version-history":[{"count":0,"href":"https:\/\/candas365.es\/noticias\/wp-json\/wp\/v2\/posts\/82375\/revisions"}],"wp:featuredmedia":[{"embeddable":true,"href":"https:\/\/candas365.es\/noticias\/wp-json\/wp\/v2\/media\/82376"}],"wp:attachment":[{"href":"https:\/\/candas365.es\/noticias\/wp-json\/wp\/v2\/media?parent=82375"}],"wp:term":[{"taxonomy":"category","embeddable":true,"href":"https:\/\/candas365.es\/noticias\/wp-json\/wp\/v2\/categories?post=82375"},{"taxonomy":"post_tag","embeddable":true,"href":"https:\/\/candas365.es\/noticias\/wp-json\/wp\/v2\/tags?post=82375"}],"curies":[{"name":"wp","href":"https:\/\/api.w.org\/{rel}","templated":true}]}}