{"id":82362,"date":"2017-10-17T16:18:15","date_gmt":"2017-10-17T16:18:15","guid":{"rendered":"http:\/\/candas365.es\/noticias\/?p=82362"},"modified":"2017-10-17T16:18:15","modified_gmt":"2017-10-17T16:18:15","slug":"laboral-cinemateca-acoge-el-preestreno-de-el-autor","status":"publish","type":"post","link":"https:\/\/candas365.es\/noticias\/laboral-cinemateca-acoge-el-preestreno-de-el-autor\/","title":{"rendered":"Laboral Cinemateca acoge el preestreno de \u201cEl autor\u201d"},"content":{"rendered":"<p><strong><img fetchpriority=\"high\" decoding=\"async\" class=\"alignleft size-medium wp-image-82363\" src=\"https:\/\/candas365.es\/noticias\/wp-content\/uploads\/2017\/10\/Elautor-360x240.jpg\" alt=\"\" width=\"360\" height=\"240\" srcset=\"https:\/\/candas365.es\/noticias\/wp-content\/uploads\/2017\/10\/Elautor-360x240.jpg 360w, https:\/\/candas365.es\/noticias\/wp-content\/uploads\/2017\/10\/Elautor-768x512.jpg 768w, https:\/\/candas365.es\/noticias\/wp-content\/uploads\/2017\/10\/Elautor-655x436.jpg 655w, https:\/\/candas365.es\/noticias\/wp-content\/uploads\/2017\/10\/Elautor-696x464.jpg 696w, https:\/\/candas365.es\/noticias\/wp-content\/uploads\/2017\/10\/Elautor-1068x712.jpg 1068w, https:\/\/candas365.es\/noticias\/wp-content\/uploads\/2017\/10\/Elautor-630x420.jpg 630w, https:\/\/candas365.es\/noticias\/wp-content\/uploads\/2017\/10\/Elautor-84x55.jpg 84w, https:\/\/candas365.es\/noticias\/wp-content\/uploads\/2017\/10\/Elautor.jpg 1280w\" sizes=\"(max-width: 360px) 100vw, 360px\" \/>Laboral Cinemateca acoge el viernes 20 de octubre<\/strong>, a las 20:30 horas, el preestreno de <strong>El autor<\/strong>, la \u00faltima pel\u00edcula <strong>del realizador andaluz Manuel Mart\u00edn Cuenca<\/strong>. El director ser\u00e1 el encargado de la presentaci\u00f3n del film y mantendr\u00e1 un encuentro con el p\u00fablico asistente a la proyecci\u00f3n.<\/p>\n<p>El autor, que tras ganar el premio FIPRESCI de la cr\u00edtica internacional en Toronto compiti\u00f3 con gran \u00e9xito en la Secci\u00f3n Oficial del \u00faltimo Festival de Cine de San Sebasti\u00e1n, se basa en la novela El m\u00f3vil de Javier Cercas y plantea un juego extremo entre la relaci\u00f3n de un escritor y sus personajes.<\/p>\n<p>\u00c1lvaro es un escritor sin talento ni inspiraci\u00f3n que est\u00e1 obsesionado con escribir una gran obra literaria. Para lograrlo, asiste a todas las escuelas y talleres de escritura que encuentra, pero no consigue nada. En cambio, su mujer publica un best-seller, lo que provocar\u00e1 una inminente ruptura. En su nueva y solitaria vida, \u00c1lvaro visualiza a sus vecinos como modelos para sus personajes, y pronto comenzar\u00e1 a manipular sus vidas para poder plasmar conflictos reales en su historia, no importa si se tiene que acostar con la portera, empujar a su vecino inmigrante al paro o enga\u00f1ar a un anciano.<\/p>\n<p>La pel\u00edcula, que se estrena en salas el 17 de noviembre, est\u00e1 protagonizada por el asturiano Javier Guti\u00e9rrez, Antonio de la Torre, Mar\u00eda Le\u00f3n y Adriana Paz. De la m\u00fasica se ha encargado Jos\u00e9 Luis Perales.<\/p>\n<p>Manuel Mart\u00edn Cuenca comienza a trabajar profesionalmente en el cine en 1988 como asistente de direcci\u00f3n, script y director de reparto, colaborando con directores como Alain Tanner, Mariano Barroso, Jos\u00e9 Luis Cuerda, Ic\u00edar Bolla\u00edn o Jos\u00e9 Luis Borau, entre otros. En 2001 escribe y dirige el largometraje documental El juego de Cuba, que gana numerosos premios internacionales.<\/p>\n<p>En 2003 participa en Zabaltegui del Festival de Cine de San Sebasti\u00e1n con su primera pel\u00edcula de ficci\u00f3n como director y coguionista La flaqueza del bolchevique. En 2005, ya en la secci\u00f3n oficial de San Sebasti\u00e1n, presenta Malas temporadas y en 2009 estrena en el Festival de M\u00e1laga un nuevo largometraje documental \u00daltimos testigos: Carrillo, comunista. En el 2004 funda La Loma Blanca P. C., con la que colabora en varias de sus pel\u00edculas como productor; esta compa\u00f1\u00eda produce en 2010 La mitad de \u00d3scar que compite en la Secci\u00f3n Oficial Festival de Gij\u00f3n. Tres a\u00f1os m\u00e1s tarde produce y dirige Can\u00edbal, su cuarta pel\u00edcula de ficci\u00f3n que conquist\u00f3 la Concha de Plata 2013 en el Festival de San Sebasti\u00e1n en la categor\u00eda de Mejor Fotograf\u00eda y se alz\u00f3 con el Goya 2014 en la misma categor\u00eda.<\/p>\n<p>Adem\u00e1s de su faceta como cineasta, trabaja como profesor de direcci\u00f3n e interpretaci\u00f3n en diferentes escuelas de cine de Espa\u00f1a y Cuba. Colabora con algunos peri\u00f3dicos y publicaciones, y escribe una novela y varios libros de cine. En la actualidad, rueda el documental El caso de Pablo Ibar y est\u00e1 inmerso en el desarrollo de dos proyectos cinematogr\u00e1ficos.<\/p>\n<p>Tras el preestreno de El autor, el s\u00e1bado 21 de octubre, a las 20:00 horas, el Paraninfo de la Laboral acoger\u00e1 la proyecci\u00f3n, en versi\u00f3n original subtitulada en castellano, de Alb\u00fcm, de Mehmet Can Merto\u011flu, premio Nuevas Olas en el Festival de Cine Europeo de Sevilla, una pel\u00edcula a medio camino entre la comedia y la cr\u00edtica mordaz a la sociedad contempor\u00e1nea en la que una pareja fabricar\u00e1 los recuerdos necesarios para hacer pasar por biol\u00f3gico a su hijo adoptivo. Adem\u00e1s, el domingo 22 llega a la cartelera de la Laboral Anna mon amour, pel\u00edcula en la que el director rumano Calin Peter Netzer, ganador del Oso de Oro en la Berlinale 2013 por Madre e hija, disecciona una relaci\u00f3n de pareja como un tejido de adicciones emocionales.<\/p>\n<p>Las entradas para el preestreno de El autor, as\u00ed como para la proyecci\u00f3n de Alb\u00fcm y Anna mon amour ya est\u00e1n disponibles a un precio general de 4 euros y reducido de 3 euros para los socios del Club Cultura Asturias y del Carn\u00e9 Joven. Pueden adquirirse en la Recepci\u00f3n de Laboral Ciudad de la Cultura en Gij\u00f3n, en la Recepci\u00f3n del Centro Niemeyer en Avil\u00e9s, en el Centro de Informaci\u00f3n Tur\u00edstica del Principado en Oviedo, en Entradas Liberbank, en el tel\u00e9fono 902 106 601 y en la red de cajeros Liberbank.<\/p>\n<p><strong>A la venta las entradas para el nuevo curso de producci\u00f3n cinematogr\u00e1fica<\/strong><\/p>\n<p>Ya est\u00e1n a la venta las entradas para participar en el nuevo curso de producci\u00f3n cinematogr\u00e1fica en torno a los \u201cCortometrajes y \u00f3pera prima low cost\u201d que organiza Laboral Cinemateca, en colaboraci\u00f3n con la prestigiosa Escola de Cinema i Audiovisuals de Catalunya (ESCAC), los d\u00edas 4, 5, 11 y 12 de noviembre.<\/p>\n<p>La ESCAC est\u00e1 adscrita a la Universidad de Barcelona y en ella se han formado cineastas como Juan Antonio Bayona, Kike Ma\u00edllo (Toro), Mar Coll (Tres d\u00edas con la familia), Javier Ruiz Caldera (Superl\u00f3pez, Tres bodas de m\u00e1s), Nely Reguera (Mar\u00eda y los dem\u00e1s) o t\u00e9cnicos que acumulan decenas de nominaciones a los premios Goya. La ESCAC adem\u00e1s tiene la particularidad de que cuenta con su propia productora, Esc\u00e1ndalo Films.<\/p>\n<p>Durante las sesiones conducidas por la ESCAC, se desarrollar\u00e1n Laboratorios de ideas, estudiar\u00e1n casos pr\u00e1cticos de producci\u00f3n independiente (como Matar a Dios, cuyo estreno mundial tendr\u00e1 lugar en el Festival de Sitges 2017) y analizar\u00e1n las estructuras dram\u00e1ticas del corto y largometraje. Durante dos fines de semana se trabajar\u00e1 tanto con profesionales del sector como con j\u00f3venes que deseen dar un impulso a sus ideas o proyectos.<\/p>\n<p>Los participantes interesados en desarrollar su propia idea deber\u00e1n enviar, antes del inicio de curso, una sinopsis de media p\u00e1gina sobre su proyecto al mail <strong>(promocioncultura@turismoycultura.asturias.es)<\/strong> En este caso la tasa a abonar es: general 75\u20ac; reducida 60\u20ac para socios del Club Cultura Asturias. En caso de no presentar proyecto la tasa es: general: 65\u20ac; reducido: 50\u20ac para socios del Club Cultura Asturias. Las entradas pueden adquirirse en la Recepci\u00f3n de Laboral Ciudad de la Cultura en Gij\u00f3n, en la Recepci\u00f3n del Centro Niemeyer en Avil\u00e9s, en el Centro de Informaci\u00f3n Tur\u00edstica del Principado en Oviedo, en <strong>entradas.Liberbank.es<\/strong>, en el tel\u00e9fono 902 106 601 y en la red de cajeros Liberbank.<\/p>\n","protected":false},"excerpt":{"rendered":"<p>Laboral Cinemateca acoge el viernes 20 de octubre, a las 20:30 horas, el preestreno de El autor, la \u00faltima pel\u00edcula del realizador andaluz Manuel Mart\u00edn Cuenca. El director ser\u00e1 el encargado de la presentaci\u00f3n del film y mantendr\u00e1 un encuentro con el p\u00fablico asistente a la proyecci\u00f3n. El autor, que tras ganar el premio FIPRESCI<\/p>\n","protected":false},"author":1,"featured_media":82363,"comment_status":"closed","ping_status":"closed","sticky":false,"template":"","format":"standard","meta":{"footnotes":""},"categories":[1],"tags":[],"class_list":{"0":"post-82362","1":"post","2":"type-post","3":"status-publish","4":"format-standard","5":"has-post-thumbnail","7":"category-agenda"},"aioseo_notices":[],"aioseo_head":"\n\t\t<!-- All in One SEO Pro 4.9.6.2 - aioseo.com -->\n\t<meta name=\"description\" content=\"Laboral Cinemateca acoge el viernes 20 de octubre, a las 20:30 horas, el preestreno de El autor, la \u00faltima pel\u00edcula del realizador andaluz Manuel Mart\u00edn Cuenca. El director ser\u00e1 el encargado de la presentaci\u00f3n del film y mantendr\u00e1 un encuentro con el p\u00fablico asistente a la proyecci\u00f3n. El autor, que tras ganar el premio FIPRESCI\" \/>\n\t<meta name=\"robots\" content=\"max-image-preview:large\" \/>\n\t<meta name=\"author\" content=\"Cand\u00e1s 365\"\/>\n\t<meta name=\"google-site-verification\" content=\"UA-32230408-1\" \/>\n\t<meta name=\"msvalidate.01\" content=\"354F3CDFB2DA171B47FBE9ABF1F88D5\" \/>\n\t<meta name=\"keywords\" content=\"agenda\" \/>\n\t<link rel=\"canonical\" href=\"https:\/\/candas365.es\/noticias\/laboral-cinemateca-acoge-el-preestreno-de-el-autor\/\" \/>\n\t<meta name=\"generator\" content=\"All in One SEO Pro (AIOSEO) 4.9.6.2\" \/>\n\t\t<meta property=\"og:locale\" content=\"es_ES\" \/>\n\t\t<meta property=\"og:site_name\" content=\"Cand\u00e1s 365\" \/>\n\t\t<meta property=\"og:type\" content=\"article\" \/>\n\t\t<meta property=\"og:title\" content=\"Laboral Cinemateca acoge el preestreno de \u201cEl autor\u201d | Cand\u00e1s 365\" \/>\n\t\t<meta property=\"og:description\" content=\"Laboral Cinemateca acoge el viernes 20 de octubre, a las 20:30 horas, el preestreno de El autor, la \u00faltima pel\u00edcula del realizador andaluz Manuel Mart\u00edn Cuenca. El director ser\u00e1 el encargado de la presentaci\u00f3n del film y mantendr\u00e1 un encuentro con el p\u00fablico asistente a la proyecci\u00f3n. El autor, que tras ganar el premio FIPRESCI\" \/>\n\t\t<meta property=\"og:url\" content=\"https:\/\/candas365.es\/noticias\/laboral-cinemateca-acoge-el-preestreno-de-el-autor\/\" \/>\n\t\t<meta property=\"og:image\" content=\"https:\/\/candas365.es\/noticias\/wp-content\/uploads\/2017\/10\/Elautor.jpg\" \/>\n\t\t<meta property=\"og:image:secure_url\" content=\"https:\/\/candas365.es\/noticias\/wp-content\/uploads\/2017\/10\/Elautor.jpg\" \/>\n\t\t<meta property=\"og:image:width\" content=\"1280\" \/>\n\t\t<meta property=\"og:image:height\" content=\"853\" \/>\n\t\t<meta property=\"article:published_time\" content=\"2017-10-17T16:18:15+00:00\" \/>\n\t\t<meta property=\"article:modified_time\" content=\"2017-10-17T16:18:15+00:00\" \/>\n\t\t<meta property=\"article:publisher\" content=\"https:\/\/www.facebook.com\/Nachofdezber\" \/>\n\t\t<meta property=\"article:author\" content=\"https:\/\/www.facebook.com\/carrenoactualidad\" \/>\n\t\t<meta name=\"twitter:card\" content=\"summary_large_image\" \/>\n\t\t<meta name=\"twitter:site\" content=\"@NabercoDigital\" \/>\n\t\t<meta name=\"twitter:title\" content=\"Laboral Cinemateca acoge el preestreno de \u201cEl autor\u201d | Cand\u00e1s 365\" \/>\n\t\t<meta name=\"twitter:description\" content=\"Laboral Cinemateca acoge el viernes 20 de octubre, a las 20:30 horas, el preestreno de El autor, la \u00faltima pel\u00edcula del realizador andaluz Manuel Mart\u00edn Cuenca. El director ser\u00e1 el encargado de la presentaci\u00f3n del film y mantendr\u00e1 un encuentro con el p\u00fablico asistente a la proyecci\u00f3n. El autor, que tras ganar el premio FIPRESCI\" \/>\n\t\t<meta name=\"twitter:creator\" content=\"@nbasturias\" \/>\n\t\t<meta name=\"twitter:image\" content=\"https:\/\/candas365.es\/noticias\/wp-content\/uploads\/2017\/10\/Elautor.jpg\" \/>\n\t\t<meta name=\"twitter:label1\" content=\"Escrito por\" \/>\n\t\t<meta name=\"twitter:data1\" content=\"Cand\u00e1s 365\" \/>\n\t\t<meta name=\"twitter:label2\" content=\"Tiempo de lectura estimado\" \/>\n\t\t<meta name=\"twitter:data2\" content=\"5 minutos\" \/>\n\t\t<script type=\"application\/ld+json\" class=\"aioseo-schema\">\n\t\t\t{\"@context\":\"https:\\\/\\\/schema.org\",\"@graph\":[{\"@type\":\"BreadcrumbList\",\"@id\":\"https:\\\/\\\/candas365.es\\\/noticias\\\/laboral-cinemateca-acoge-el-preestreno-de-el-autor\\\/#breadcrumblist\",\"itemListElement\":[{\"@type\":\"ListItem\",\"@id\":\"https:\\\/\\\/candas365.es\\\/noticias#listItem\",\"position\":1,\"name\":\"Home\",\"item\":\"https:\\\/\\\/candas365.es\\\/noticias\",\"nextItem\":{\"@type\":\"ListItem\",\"@id\":\"https:\\\/\\\/candas365.es\\\/noticias\\\/category\\\/agenda\\\/#listItem\",\"name\":\"Agenda\"}},{\"@type\":\"ListItem\",\"@id\":\"https:\\\/\\\/candas365.es\\\/noticias\\\/category\\\/agenda\\\/#listItem\",\"position\":2,\"name\":\"Agenda\",\"item\":\"https:\\\/\\\/candas365.es\\\/noticias\\\/category\\\/agenda\\\/\",\"nextItem\":{\"@type\":\"ListItem\",\"@id\":\"https:\\\/\\\/candas365.es\\\/noticias\\\/laboral-cinemateca-acoge-el-preestreno-de-el-autor\\\/#listItem\",\"name\":\"Laboral Cinemateca acoge el preestreno de \\u201cEl autor\\u201d\"},\"previousItem\":{\"@type\":\"ListItem\",\"@id\":\"https:\\\/\\\/candas365.es\\\/noticias#listItem\",\"name\":\"Home\"}},{\"@type\":\"ListItem\",\"@id\":\"https:\\\/\\\/candas365.es\\\/noticias\\\/laboral-cinemateca-acoge-el-preestreno-de-el-autor\\\/#listItem\",\"position\":3,\"name\":\"Laboral Cinemateca acoge el preestreno de \\u201cEl autor\\u201d\",\"previousItem\":{\"@type\":\"ListItem\",\"@id\":\"https:\\\/\\\/candas365.es\\\/noticias\\\/category\\\/agenda\\\/#listItem\",\"name\":\"Agenda\"}}]},{\"@type\":\"NewsArticle\",\"@id\":\"https:\\\/\\\/candas365.es\\\/noticias\\\/laboral-cinemateca-acoge-el-preestreno-de-el-autor\\\/#newsarticle\",\"name\":\"Laboral Cinemateca acoge el preestreno de \\u201cEl autor\\u201d | Cand\\u00e1s 365\",\"headline\":\"Laboral Cinemateca acoge el preestreno de \\u201cEl autor\\u201d\",\"author\":{\"@id\":\"https:\\\/\\\/candas365.es\\\/noticias\\\/author\\\/admin\\\/#author\"},\"publisher\":{\"@id\":\"https:\\\/\\\/candas365.es\\\/noticias\\\/#organization\"},\"image\":{\"@type\":\"ImageObject\",\"url\":\"https:\\\/\\\/candas365.es\\\/noticias\\\/wp-content\\\/uploads\\\/2017\\\/10\\\/Elautor.jpg\",\"width\":1280,\"height\":853},\"datePublished\":\"2017-10-17T16:18:15+02:00\",\"dateModified\":\"2017-10-17T16:18:15+02:00\",\"inLanguage\":\"es-ES\",\"mainEntityOfPage\":{\"@id\":\"https:\\\/\\\/candas365.es\\\/noticias\\\/laboral-cinemateca-acoge-el-preestreno-de-el-autor\\\/#webpage\"},\"isPartOf\":{\"@id\":\"https:\\\/\\\/candas365.es\\\/noticias\\\/laboral-cinemateca-acoge-el-preestreno-de-el-autor\\\/#webpage\"},\"articleSection\":\"Agenda\",\"dateline\":\"Publicado el octubre 17, 2017.\"},{\"@type\":\"Organization\",\"@id\":\"https:\\\/\\\/candas365.es\\\/noticias\\\/#organization\",\"name\":\"Cand\\u00e1s 365\",\"description\":\"Cand\\u00e1s 365 es un diario digital independiente, fundado en 2012, con base en Asturias. Informamos con rigor sobre actualidad, sociedad, cultura y ocio, con una mirada local y global.\",\"url\":\"https:\\\/\\\/candas365.es\\\/noticias\\\/\",\"email\":\"info@candas365.es\",\"telephone\":\"+34652131393\",\"foundingDate\":\"2012-06-10\",\"logo\":{\"@type\":\"ImageObject\",\"url\":\"https:\\\/\\\/candas365.es\\\/noticias\\\/wp-content\\\/uploads\\\/2024\\\/09\\\/Candas-365-Redes.jpg\",\"@id\":\"https:\\\/\\\/candas365.es\\\/noticias\\\/laboral-cinemateca-acoge-el-preestreno-de-el-autor\\\/#organizationLogo\",\"width\":1152,\"height\":864,\"caption\":\"Cand\\u00e1s 365 Redes\"},\"image\":{\"@id\":\"https:\\\/\\\/candas365.es\\\/noticias\\\/laboral-cinemateca-acoge-el-preestreno-de-el-autor\\\/#organizationLogo\"},\"sameAs\":[\"https:\\\/\\\/www.facebook.com\\\/Nachofdezber\",\"https:\\\/\\\/x.com\\\/NabercoDigital\",\"https:\\\/\\\/www.instagram.com\\\/nachofdezber\\\/\",\"https:\\\/\\\/www.youtube.com\\\/channel\\\/UCZP-2wLEB9Rv6erhFmqVnvg\"],\"address\":{\"@id\":\"https:\\\/\\\/candas365.es\\\/noticias\\\/#postaladdress\",\"@type\":\"PostalAddress\",\"streetAddress\":\"san antonio 4, san antonio 4\",\"postalCode\":\"33430\",\"addressLocality\":\"Cand\\u00e1s\",\"addressRegion\":\"Asturias\",\"addressCountry\":\"ES\"}},{\"@type\":\"Person\",\"@id\":\"https:\\\/\\\/candas365.es\\\/noticias\\\/author\\\/admin\\\/#author\",\"url\":\"https:\\\/\\\/candas365.es\\\/noticias\\\/author\\\/admin\\\/\",\"name\":\"Cand\\u00e1s 365\",\"image\":{\"@type\":\"ImageObject\",\"@id\":\"https:\\\/\\\/candas365.es\\\/noticias\\\/laboral-cinemateca-acoge-el-preestreno-de-el-autor\\\/#authorImage\",\"url\":\"https:\\\/\\\/secure.gravatar.com\\\/avatar\\\/496a8e03d0c493ede1718b7934145dbdf8d89be1036b0eec9544e1094c9de390?s=96&d=mm&r=g\",\"width\":96,\"height\":96,\"caption\":\"Cand\\u00e1s 365\"},\"sameAs\":[\"https:\\\/\\\/www.facebook.com\\\/carrenoactualidad\",\"https:\\\/\\\/twitter.com\\\/nbasturias\",\"https:\\\/\\\/www.instagram.com\\\/nachofdezber\\\/\",\"https:\\\/\\\/www.youtube.com\\\/channel\\\/UCZP-2wLEB9Rv6erhFmqVnvg\"]},{\"@type\":\"WebPage\",\"@id\":\"https:\\\/\\\/candas365.es\\\/noticias\\\/laboral-cinemateca-acoge-el-preestreno-de-el-autor\\\/#webpage\",\"url\":\"https:\\\/\\\/candas365.es\\\/noticias\\\/laboral-cinemateca-acoge-el-preestreno-de-el-autor\\\/\",\"name\":\"Laboral Cinemateca acoge el preestreno de \\u201cEl autor\\u201d | Cand\\u00e1s 365\",\"description\":\"Laboral Cinemateca acoge el viernes 20 de octubre, a las 20:30 horas, el preestreno de El autor, la \\u00faltima pel\\u00edcula del realizador andaluz Manuel Mart\\u00edn Cuenca. El director ser\\u00e1 el encargado de la presentaci\\u00f3n del film y mantendr\\u00e1 un encuentro con el p\\u00fablico asistente a la proyecci\\u00f3n. El autor, que tras ganar el premio FIPRESCI\",\"inLanguage\":\"es-ES\",\"isPartOf\":{\"@id\":\"https:\\\/\\\/candas365.es\\\/noticias\\\/#website\"},\"breadcrumb\":{\"@id\":\"https:\\\/\\\/candas365.es\\\/noticias\\\/laboral-cinemateca-acoge-el-preestreno-de-el-autor\\\/#breadcrumblist\"},\"author\":{\"@id\":\"https:\\\/\\\/candas365.es\\\/noticias\\\/author\\\/admin\\\/#author\"},\"creator\":{\"@id\":\"https:\\\/\\\/candas365.es\\\/noticias\\\/author\\\/admin\\\/#author\"},\"image\":{\"@type\":\"ImageObject\",\"url\":\"https:\\\/\\\/candas365.es\\\/noticias\\\/wp-content\\\/uploads\\\/2017\\\/10\\\/Elautor.jpg\",\"@id\":\"https:\\\/\\\/candas365.es\\\/noticias\\\/laboral-cinemateca-acoge-el-preestreno-de-el-autor\\\/#mainImage\",\"width\":1280,\"height\":853},\"primaryImageOfPage\":{\"@id\":\"https:\\\/\\\/candas365.es\\\/noticias\\\/laboral-cinemateca-acoge-el-preestreno-de-el-autor\\\/#mainImage\"},\"datePublished\":\"2017-10-17T16:18:15+02:00\",\"dateModified\":\"2017-10-17T16:18:15+02:00\"},{\"@type\":\"WebSite\",\"@id\":\"https:\\\/\\\/candas365.es\\\/noticias\\\/#website\",\"url\":\"https:\\\/\\\/candas365.es\\\/noticias\\\/\",\"name\":\"Cand\\u00e1s 365\",\"alternateName\":\"Cand\\u00e1s 365 Noticias\",\"description\":\"Actualidad desde Carre\\u00f1o para el mundo\",\"inLanguage\":\"es-ES\",\"publisher\":{\"@id\":\"https:\\\/\\\/candas365.es\\\/noticias\\\/#organization\"}}]}\n\t\t<\/script>\n\t\t<!-- All in One SEO Pro -->\r\n\t\t<title>Laboral Cinemateca acoge el preestreno de \u201cEl autor\u201d | Cand\u00e1s 365<\/title>\n\n","aioseo_head_json":{"title":"Laboral Cinemateca acoge el preestreno de \u201cEl autor\u201d | Cand\u00e1s 365","description":"Laboral Cinemateca acoge el viernes 20 de octubre, a las 20:30 horas, el preestreno de El autor, la \u00faltima pel\u00edcula del realizador andaluz Manuel Mart\u00edn Cuenca. El director ser\u00e1 el encargado de la presentaci\u00f3n del film y mantendr\u00e1 un encuentro con el p\u00fablico asistente a la proyecci\u00f3n. El autor, que tras ganar el premio FIPRESCI","canonical_url":"https:\/\/candas365.es\/noticias\/laboral-cinemateca-acoge-el-preestreno-de-el-autor\/","robots":"max-image-preview:large","keywords":"agenda","webmasterTools":{"google-site-verification":"UA-32230408-1","msvalidate.01":"354F3CDFB2DA171B47FBE9ABF1F88D5","miscellaneous":""},"schema":{"@context":"https:\/\/schema.org","@graph":[{"@type":"BreadcrumbList","@id":"https:\/\/candas365.es\/noticias\/laboral-cinemateca-acoge-el-preestreno-de-el-autor\/#breadcrumblist","itemListElement":[{"@type":"ListItem","@id":"https:\/\/candas365.es\/noticias#listItem","position":1,"name":"Home","item":"https:\/\/candas365.es\/noticias","nextItem":{"@type":"ListItem","@id":"https:\/\/candas365.es\/noticias\/category\/agenda\/#listItem","name":"Agenda"}},{"@type":"ListItem","@id":"https:\/\/candas365.es\/noticias\/category\/agenda\/#listItem","position":2,"name":"Agenda","item":"https:\/\/candas365.es\/noticias\/category\/agenda\/","nextItem":{"@type":"ListItem","@id":"https:\/\/candas365.es\/noticias\/laboral-cinemateca-acoge-el-preestreno-de-el-autor\/#listItem","name":"Laboral Cinemateca acoge el preestreno de \u201cEl autor\u201d"},"previousItem":{"@type":"ListItem","@id":"https:\/\/candas365.es\/noticias#listItem","name":"Home"}},{"@type":"ListItem","@id":"https:\/\/candas365.es\/noticias\/laboral-cinemateca-acoge-el-preestreno-de-el-autor\/#listItem","position":3,"name":"Laboral Cinemateca acoge el preestreno de \u201cEl autor\u201d","previousItem":{"@type":"ListItem","@id":"https:\/\/candas365.es\/noticias\/category\/agenda\/#listItem","name":"Agenda"}}]},{"@type":"NewsArticle","@id":"https:\/\/candas365.es\/noticias\/laboral-cinemateca-acoge-el-preestreno-de-el-autor\/#newsarticle","name":"Laboral Cinemateca acoge el preestreno de \u201cEl autor\u201d | Cand\u00e1s 365","headline":"Laboral Cinemateca acoge el preestreno de \u201cEl autor\u201d","author":{"@id":"https:\/\/candas365.es\/noticias\/author\/admin\/#author"},"publisher":{"@id":"https:\/\/candas365.es\/noticias\/#organization"},"image":{"@type":"ImageObject","url":"https:\/\/candas365.es\/noticias\/wp-content\/uploads\/2017\/10\/Elautor.jpg","width":1280,"height":853},"datePublished":"2017-10-17T16:18:15+02:00","dateModified":"2017-10-17T16:18:15+02:00","inLanguage":"es-ES","mainEntityOfPage":{"@id":"https:\/\/candas365.es\/noticias\/laboral-cinemateca-acoge-el-preestreno-de-el-autor\/#webpage"},"isPartOf":{"@id":"https:\/\/candas365.es\/noticias\/laboral-cinemateca-acoge-el-preestreno-de-el-autor\/#webpage"},"articleSection":"Agenda","dateline":"Publicado el octubre 17, 2017."},{"@type":"Organization","@id":"https:\/\/candas365.es\/noticias\/#organization","name":"Cand\u00e1s 365","description":"Cand\u00e1s 365 es un diario digital independiente, fundado en 2012, con base en Asturias. Informamos con rigor sobre actualidad, sociedad, cultura y ocio, con una mirada local y global.","url":"https:\/\/candas365.es\/noticias\/","email":"info@candas365.es","telephone":"+34652131393","foundingDate":"2012-06-10","logo":{"@type":"ImageObject","url":"https:\/\/candas365.es\/noticias\/wp-content\/uploads\/2024\/09\/Candas-365-Redes.jpg","@id":"https:\/\/candas365.es\/noticias\/laboral-cinemateca-acoge-el-preestreno-de-el-autor\/#organizationLogo","width":1152,"height":864,"caption":"Cand\u00e1s 365 Redes"},"image":{"@id":"https:\/\/candas365.es\/noticias\/laboral-cinemateca-acoge-el-preestreno-de-el-autor\/#organizationLogo"},"sameAs":["https:\/\/www.facebook.com\/Nachofdezber","https:\/\/x.com\/NabercoDigital","https:\/\/www.instagram.com\/nachofdezber\/","https:\/\/www.youtube.com\/channel\/UCZP-2wLEB9Rv6erhFmqVnvg"],"address":{"@id":"https:\/\/candas365.es\/noticias\/#postaladdress","@type":"PostalAddress","streetAddress":"san antonio 4, san antonio 4","postalCode":"33430","addressLocality":"Cand\u00e1s","addressRegion":"Asturias","addressCountry":"ES"}},{"@type":"Person","@id":"https:\/\/candas365.es\/noticias\/author\/admin\/#author","url":"https:\/\/candas365.es\/noticias\/author\/admin\/","name":"Cand\u00e1s 365","image":{"@type":"ImageObject","@id":"https:\/\/candas365.es\/noticias\/laboral-cinemateca-acoge-el-preestreno-de-el-autor\/#authorImage","url":"https:\/\/secure.gravatar.com\/avatar\/496a8e03d0c493ede1718b7934145dbdf8d89be1036b0eec9544e1094c9de390?s=96&d=mm&r=g","width":96,"height":96,"caption":"Cand\u00e1s 365"},"sameAs":["https:\/\/www.facebook.com\/carrenoactualidad","https:\/\/twitter.com\/nbasturias","https:\/\/www.instagram.com\/nachofdezber\/","https:\/\/www.youtube.com\/channel\/UCZP-2wLEB9Rv6erhFmqVnvg"]},{"@type":"WebPage","@id":"https:\/\/candas365.es\/noticias\/laboral-cinemateca-acoge-el-preestreno-de-el-autor\/#webpage","url":"https:\/\/candas365.es\/noticias\/laboral-cinemateca-acoge-el-preestreno-de-el-autor\/","name":"Laboral Cinemateca acoge el preestreno de \u201cEl autor\u201d | Cand\u00e1s 365","description":"Laboral Cinemateca acoge el viernes 20 de octubre, a las 20:30 horas, el preestreno de El autor, la \u00faltima pel\u00edcula del realizador andaluz Manuel Mart\u00edn Cuenca. El director ser\u00e1 el encargado de la presentaci\u00f3n del film y mantendr\u00e1 un encuentro con el p\u00fablico asistente a la proyecci\u00f3n. El autor, que tras ganar el premio FIPRESCI","inLanguage":"es-ES","isPartOf":{"@id":"https:\/\/candas365.es\/noticias\/#website"},"breadcrumb":{"@id":"https:\/\/candas365.es\/noticias\/laboral-cinemateca-acoge-el-preestreno-de-el-autor\/#breadcrumblist"},"author":{"@id":"https:\/\/candas365.es\/noticias\/author\/admin\/#author"},"creator":{"@id":"https:\/\/candas365.es\/noticias\/author\/admin\/#author"},"image":{"@type":"ImageObject","url":"https:\/\/candas365.es\/noticias\/wp-content\/uploads\/2017\/10\/Elautor.jpg","@id":"https:\/\/candas365.es\/noticias\/laboral-cinemateca-acoge-el-preestreno-de-el-autor\/#mainImage","width":1280,"height":853},"primaryImageOfPage":{"@id":"https:\/\/candas365.es\/noticias\/laboral-cinemateca-acoge-el-preestreno-de-el-autor\/#mainImage"},"datePublished":"2017-10-17T16:18:15+02:00","dateModified":"2017-10-17T16:18:15+02:00"},{"@type":"WebSite","@id":"https:\/\/candas365.es\/noticias\/#website","url":"https:\/\/candas365.es\/noticias\/","name":"Cand\u00e1s 365","alternateName":"Cand\u00e1s 365 Noticias","description":"Actualidad desde Carre\u00f1o para el mundo","inLanguage":"es-ES","publisher":{"@id":"https:\/\/candas365.es\/noticias\/#organization"}}]},"og:locale":"es_ES","og:site_name":"Cand\u00e1s 365","og:type":"article","og:title":"Laboral Cinemateca acoge el preestreno de \u201cEl autor\u201d | Cand\u00e1s 365","og:description":"Laboral Cinemateca acoge el viernes 20 de octubre, a las 20:30 horas, el preestreno de El autor, la \u00faltima pel\u00edcula del realizador andaluz Manuel Mart\u00edn Cuenca. El director ser\u00e1 el encargado de la presentaci\u00f3n del film y mantendr\u00e1 un encuentro con el p\u00fablico asistente a la proyecci\u00f3n. El autor, que tras ganar el premio FIPRESCI","og:url":"https:\/\/candas365.es\/noticias\/laboral-cinemateca-acoge-el-preestreno-de-el-autor\/","og:image":"https:\/\/candas365.es\/noticias\/wp-content\/uploads\/2017\/10\/Elautor.jpg","og:image:secure_url":"https:\/\/candas365.es\/noticias\/wp-content\/uploads\/2017\/10\/Elautor.jpg","og:image:width":1280,"og:image:height":853,"article:published_time":"2017-10-17T16:18:15+00:00","article:modified_time":"2017-10-17T16:18:15+00:00","article:publisher":"https:\/\/www.facebook.com\/Nachofdezber","article:author":"https:\/\/www.facebook.com\/carrenoactualidad","twitter:card":"summary_large_image","twitter:site":"@NabercoDigital","twitter:title":"Laboral Cinemateca acoge el preestreno de \u201cEl autor\u201d | Cand\u00e1s 365","twitter:description":"Laboral Cinemateca acoge el viernes 20 de octubre, a las 20:30 horas, el preestreno de El autor, la \u00faltima pel\u00edcula del realizador andaluz Manuel Mart\u00edn Cuenca. El director ser\u00e1 el encargado de la presentaci\u00f3n del film y mantendr\u00e1 un encuentro con el p\u00fablico asistente a la proyecci\u00f3n. El autor, que tras ganar el premio FIPRESCI","twitter:creator":"@nbasturias","twitter:image":"https:\/\/candas365.es\/noticias\/wp-content\/uploads\/2017\/10\/Elautor.jpg","twitter:label1":"Escrito por","twitter:data1":"Cand\u00e1s 365","twitter:label2":"Tiempo de lectura estimado","twitter:data2":"5 minutos"},"aioseo_meta_data":{"post_id":"82362","title":null,"description":null,"keywords":null,"keyphrases":null,"primary_term":null,"canonical_url":null,"og_title":null,"og_description":null,"og_object_type":"default","og_image_type":"default","og_image_url":null,"og_image_width":null,"og_image_height":null,"og_image_custom_url":null,"og_image_custom_fields":null,"og_video":null,"og_custom_url":null,"og_article_section":null,"og_article_tags":null,"twitter_use_og":false,"twitter_card":"default","twitter_image_type":"default","twitter_image_url":null,"twitter_image_custom_url":null,"twitter_image_custom_fields":null,"twitter_title":null,"twitter_description":null,"schema":{"blockGraphs":[],"customGraphs":[],"default":{"data":{"Article":[],"Course":[],"Dataset":[],"FAQPage":[],"Movie":[],"Person":[],"Product":[],"ProductReview":[],"Car":[],"Recipe":[],"Service":[],"SoftwareApplication":[],"WebPage":[]},"graphName":"","isEnabled":true},"graphs":[],"defaultGraph":"","defaultPostTypeGraph":""},"schema_type":null,"schema_type_options":null,"pillar_content":false,"robots_default":true,"robots_noindex":false,"robots_noarchive":false,"robots_nosnippet":false,"robots_nofollow":false,"robots_noimageindex":false,"robots_noodp":false,"robots_notranslate":false,"robots_max_snippet":null,"robots_max_videopreview":null,"robots_max_imagepreview":"large","priority":null,"frequency":null,"location":null,"local_seo":null,"seo_analyzer_scan_date":"2025-08-26 02:57:18","breadcrumb_settings":null,"limit_modified_date":false,"reviewed_by":null,"open_ai":null,"ai":null,"created":"2020-12-21 12:37:00","updated":"2025-08-26 02:57:18"},"aioseo_breadcrumb":"<div class=\"aioseo-breadcrumbs\"><span class=\"aioseo-breadcrumb\">\n\t<a href=\"https:\/\/candas365.es\/noticias\" title=\"Home\">Home<\/a>\n<\/span><span class=\"aioseo-breadcrumb-separator\">&ndash;<\/span><span class=\"aioseo-breadcrumb\">\n\t<a href=\"https:\/\/candas365.es\/noticias\/category\/agenda\/\" title=\"Agenda\">Agenda<\/a>\n<\/span><span class=\"aioseo-breadcrumb-separator\">&ndash;<\/span><span class=\"aioseo-breadcrumb\">\n\tLaboral Cinemateca acoge el preestreno de \u201cEl autor\u201d\n<\/span><\/div>","aioseo_breadcrumb_json":[{"label":"Home","link":"https:\/\/candas365.es\/noticias"},{"label":"Agenda","link":"https:\/\/candas365.es\/noticias\/category\/agenda\/"},{"label":"Laboral Cinemateca acoge el preestreno de \u201cEl autor\u201d","link":"https:\/\/candas365.es\/noticias\/laboral-cinemateca-acoge-el-preestreno-de-el-autor\/"}],"_links":{"self":[{"href":"https:\/\/candas365.es\/noticias\/wp-json\/wp\/v2\/posts\/82362","targetHints":{"allow":["GET"]}}],"collection":[{"href":"https:\/\/candas365.es\/noticias\/wp-json\/wp\/v2\/posts"}],"about":[{"href":"https:\/\/candas365.es\/noticias\/wp-json\/wp\/v2\/types\/post"}],"author":[{"embeddable":true,"href":"https:\/\/candas365.es\/noticias\/wp-json\/wp\/v2\/users\/1"}],"replies":[{"embeddable":true,"href":"https:\/\/candas365.es\/noticias\/wp-json\/wp\/v2\/comments?post=82362"}],"version-history":[{"count":0,"href":"https:\/\/candas365.es\/noticias\/wp-json\/wp\/v2\/posts\/82362\/revisions"}],"wp:featuredmedia":[{"embeddable":true,"href":"https:\/\/candas365.es\/noticias\/wp-json\/wp\/v2\/media\/82363"}],"wp:attachment":[{"href":"https:\/\/candas365.es\/noticias\/wp-json\/wp\/v2\/media?parent=82362"}],"wp:term":[{"taxonomy":"category","embeddable":true,"href":"https:\/\/candas365.es\/noticias\/wp-json\/wp\/v2\/categories?post=82362"},{"taxonomy":"post_tag","embeddable":true,"href":"https:\/\/candas365.es\/noticias\/wp-json\/wp\/v2\/tags?post=82362"}],"curies":[{"name":"wp","href":"https:\/\/api.w.org\/{rel}","templated":true}]}}