{"id":82278,"date":"2017-10-16T12:12:45","date_gmt":"2017-10-16T12:12:45","guid":{"rendered":"http:\/\/candas365.es\/noticias\/?p=82278"},"modified":"2017-10-16T12:12:45","modified_gmt":"2017-10-16T12:12:45","slug":"carreno-hablara-del-plan-de-salud-y-medio-ambiente-del-principado","status":"publish","type":"post","link":"https:\/\/candas365.es\/noticias\/carreno-hablara-del-plan-de-salud-y-medio-ambiente-del-principado\/","title":{"rendered":"Carre\u00f1o hablar\u00e1 del Plan de Salud y Medio Ambiente del Principado"},"content":{"rendered":"<p><img fetchpriority=\"high\" decoding=\"async\" class=\"alignleft size-medium wp-image-82279\" src=\"https:\/\/candas365.es\/noticias\/wp-content\/uploads\/2017\/10\/326923_960_720-360x240.jpg\" alt=\"\" width=\"360\" height=\"240\" srcset=\"https:\/\/candas365.es\/noticias\/wp-content\/uploads\/2017\/10\/326923_960_720-360x240.jpg 360w, https:\/\/candas365.es\/noticias\/wp-content\/uploads\/2017\/10\/326923_960_720-768x512.jpg 768w, https:\/\/candas365.es\/noticias\/wp-content\/uploads\/2017\/10\/326923_960_720-655x437.jpg 655w, https:\/\/candas365.es\/noticias\/wp-content\/uploads\/2017\/10\/326923_960_720-696x464.jpg 696w, https:\/\/candas365.es\/noticias\/wp-content\/uploads\/2017\/10\/326923_960_720-630x420.jpg 630w, https:\/\/candas365.es\/noticias\/wp-content\/uploads\/2017\/10\/326923_960_720-84x55.jpg 84w, https:\/\/candas365.es\/noticias\/wp-content\/uploads\/2017\/10\/326923_960_720.jpg 960w\" sizes=\"(max-width: 360px) 100vw, 360px\" \/>La Consejer\u00eda de Sanidad del Principado de Asturias est\u00e1 elaborando un Plan de Acci\u00f3n en Salud y Medio Ambiente (PASYMA), cuya coordinaci\u00f3n corresponde a la Unidad de Epidemiolog\u00eda Laboral y Ambiental de la Direcci\u00f3n General de Salud P\u00fablica (DGSP). El PASYMA quiere incorporar la participaci\u00f3n ciudadana desde el mismo diagn\u00f3stico de situaci\u00f3n, para lo que se requiere de la participaci\u00f3n ciudadana a nivel municipal. Para ello la DGSP ha solicitado la colaboraci\u00f3n de la Federaci\u00f3n Asturiana de Concejos (F.A.CC) para la coordinaci\u00f3n de la formaci\u00f3n de grupos de trabajo local que se puedan formarse en los municipios asturianos.<\/p>\n<p>Ma\u00f1ana, Martes, d\u00eda 17 de octubre de 2017 se celebrar\u00e1 en la sala de reuniones de la biblioteca p\u00fablica municipal \u201cGonz\u00e1lez Posada\u201d de Cand\u00e1s, la reuni\u00f3n de los agentes sociales del concejo en el marco de la elaboraci\u00f3n del Plan de Salud y Medio Ambiente (PASYMA) del Principado de Asturias.<\/p>\n<p>El objetivo de la misma es conocer la impresi\u00f3n de la sociedad sobre qu\u00e9 aspectos del medio ambiente pueden afectar a la salud de las personas, cu\u00e1les les preocupan a la comunidad y qu\u00e9 piensa \u00e9sta que debe hacerse al respecto.<\/p>\n<p>Est\u00e1n convocados a la reuni\u00f3n representantes de asociaciones del concejo de diversas tipolog\u00edas: vecinales, del movimiento asociativo femenino, j\u00f3venes, personas jubiladas y comerciantes as\u00ed como medios de comunicaci\u00f3n, centros educativos y centros de salud.<\/p>\n<p>\u201cCon la opini\u00f3n recabada en todos los concejos, el Principado de Asturias, est\u00e1 elaborando el Plan de Salud y Medio Ambiente (PASYMA) y pretende obtener una respuesta urgente y eficiente a las pol\u00edticas de salud en materia medioambiental\u201d \u2013 explic\u00f3 el edil de Medioambiente, Gabriel Rodr\u00edguez.<\/p>\n<p>\u201cEl desarrollo y metodolog\u00eda de la reuni\u00f3n prevista en nuestro municipio , viene determinada por la metodolog\u00eda que nos traslad\u00f3 la Federaci\u00f3n Asturiana de Concejos que es la misma para todos los concejos asturianos. En Carre\u00f1o, dirigir\u00e1n la sesi\u00f3n Vicente Gonz\u00e1lez D\u00edaz, M\u00e9dico de la Mancomunidad Cabo Pe\u00f1as, y Laura Rodr\u00edguez Fern\u00e1ndez, T\u00e9cnica de Medioambiente del Ayuntamiento de Carre\u00f1o\u201d \u2013 concluy\u00f3 el concejal.<\/p>\n<p>&nbsp;<\/p>\n","protected":false},"excerpt":{"rendered":"<p>La Consejer\u00eda de Sanidad del Principado de Asturias est\u00e1 elaborando un Plan de Acci\u00f3n en Salud y Medio Ambiente (PASYMA), cuya coordinaci\u00f3n corresponde a la Unidad de Epidemiolog\u00eda Laboral y Ambiental de la Direcci\u00f3n General de Salud P\u00fablica (DGSP). El PASYMA quiere incorporar la participaci\u00f3n ciudadana desde el mismo diagn\u00f3stico de situaci\u00f3n, para lo que<\/p>\n","protected":false},"author":1,"featured_media":82279,"comment_status":"closed","ping_status":"closed","sticky":false,"template":"","format":"standard","meta":{"footnotes":""},"categories":[2],"tags":[],"class_list":{"0":"post-82278","1":"post","2":"type-post","3":"status-publish","4":"format-standard","5":"has-post-thumbnail","7":"category-noticias-carreno"},"aioseo_notices":[],"aioseo_head":"\n\t\t<!-- All in One SEO Pro 4.9.6.2 - aioseo.com -->\n\t<meta name=\"description\" content=\"La Consejer\u00eda de Sanidad del Principado de Asturias est\u00e1 elaborando un Plan de Acci\u00f3n en Salud y Medio Ambiente (PASYMA), cuya coordinaci\u00f3n corresponde a la Unidad de Epidemiolog\u00eda Laboral y Ambiental de la Direcci\u00f3n General de Salud P\u00fablica (DGSP). El PASYMA quiere incorporar la participaci\u00f3n ciudadana desde el mismo diagn\u00f3stico de situaci\u00f3n, para lo que\" \/>\n\t<meta name=\"robots\" content=\"max-image-preview:large\" \/>\n\t<meta name=\"author\" content=\"Cand\u00e1s 365\"\/>\n\t<meta name=\"google-site-verification\" content=\"UA-32230408-1\" \/>\n\t<meta name=\"msvalidate.01\" content=\"354F3CDFB2DA171B47FBE9ABF1F88D5\" \/>\n\t<meta name=\"keywords\" content=\"noticias carre\u00f1o\" \/>\n\t<link rel=\"canonical\" href=\"https:\/\/candas365.es\/noticias\/carreno-hablara-del-plan-de-salud-y-medio-ambiente-del-principado\/\" \/>\n\t<meta name=\"generator\" content=\"All in One SEO Pro (AIOSEO) 4.9.6.2\" \/>\n\t\t<meta property=\"og:locale\" content=\"es_ES\" \/>\n\t\t<meta property=\"og:site_name\" content=\"Cand\u00e1s 365\" \/>\n\t\t<meta property=\"og:type\" content=\"article\" \/>\n\t\t<meta property=\"og:title\" content=\"Carre\u00f1o hablar\u00e1 del Plan de Salud y Medio Ambiente del Principado | Cand\u00e1s 365\" \/>\n\t\t<meta property=\"og:description\" content=\"La Consejer\u00eda de Sanidad del Principado de Asturias est\u00e1 elaborando un Plan de Acci\u00f3n en Salud y Medio Ambiente (PASYMA), cuya coordinaci\u00f3n corresponde a la Unidad de Epidemiolog\u00eda Laboral y Ambiental de la Direcci\u00f3n General de Salud P\u00fablica (DGSP). El PASYMA quiere incorporar la participaci\u00f3n ciudadana desde el mismo diagn\u00f3stico de situaci\u00f3n, para lo que\" \/>\n\t\t<meta property=\"og:url\" content=\"https:\/\/candas365.es\/noticias\/carreno-hablara-del-plan-de-salud-y-medio-ambiente-del-principado\/\" \/>\n\t\t<meta property=\"og:image\" content=\"https:\/\/candas365.es\/noticias\/wp-content\/uploads\/2017\/10\/326923_960_720.jpg\" \/>\n\t\t<meta property=\"og:image:secure_url\" content=\"https:\/\/candas365.es\/noticias\/wp-content\/uploads\/2017\/10\/326923_960_720.jpg\" \/>\n\t\t<meta property=\"og:image:width\" content=\"960\" \/>\n\t\t<meta property=\"og:image:height\" content=\"640\" \/>\n\t\t<meta property=\"article:published_time\" content=\"2017-10-16T12:12:45+00:00\" \/>\n\t\t<meta property=\"article:modified_time\" content=\"2017-10-16T12:12:45+00:00\" \/>\n\t\t<meta property=\"article:publisher\" content=\"https:\/\/www.facebook.com\/Nachofdezber\" \/>\n\t\t<meta property=\"article:author\" content=\"https:\/\/www.facebook.com\/carrenoactualidad\" \/>\n\t\t<meta name=\"twitter:card\" content=\"summary_large_image\" \/>\n\t\t<meta name=\"twitter:site\" content=\"@NabercoDigital\" \/>\n\t\t<meta name=\"twitter:title\" content=\"Carre\u00f1o hablar\u00e1 del Plan de Salud y Medio Ambiente del Principado | Cand\u00e1s 365\" \/>\n\t\t<meta name=\"twitter:description\" content=\"La Consejer\u00eda de Sanidad del Principado de Asturias est\u00e1 elaborando un Plan de Acci\u00f3n en Salud y Medio Ambiente (PASYMA), cuya coordinaci\u00f3n corresponde a la Unidad de Epidemiolog\u00eda Laboral y Ambiental de la Direcci\u00f3n General de Salud P\u00fablica (DGSP). El PASYMA quiere incorporar la participaci\u00f3n ciudadana desde el mismo diagn\u00f3stico de situaci\u00f3n, para lo que\" \/>\n\t\t<meta name=\"twitter:creator\" content=\"@nbasturias\" \/>\n\t\t<meta name=\"twitter:image\" content=\"https:\/\/candas365.es\/noticias\/wp-content\/uploads\/2017\/10\/326923_960_720.jpg\" \/>\n\t\t<meta name=\"twitter:label1\" content=\"Escrito por\" \/>\n\t\t<meta name=\"twitter:data1\" content=\"Cand\u00e1s 365\" \/>\n\t\t<meta name=\"twitter:label2\" content=\"Tiempo de lectura estimado\" \/>\n\t\t<meta name=\"twitter:data2\" content=\"2 minutos\" \/>\n\t\t<script type=\"application\/ld+json\" class=\"aioseo-schema\">\n\t\t\t{\"@context\":\"https:\\\/\\\/schema.org\",\"@graph\":[{\"@type\":\"BreadcrumbList\",\"@id\":\"https:\\\/\\\/candas365.es\\\/noticias\\\/carreno-hablara-del-plan-de-salud-y-medio-ambiente-del-principado\\\/#breadcrumblist\",\"itemListElement\":[{\"@type\":\"ListItem\",\"@id\":\"https:\\\/\\\/candas365.es\\\/noticias#listItem\",\"position\":1,\"name\":\"Home\",\"item\":\"https:\\\/\\\/candas365.es\\\/noticias\",\"nextItem\":{\"@type\":\"ListItem\",\"@id\":\"https:\\\/\\\/candas365.es\\\/noticias\\\/category\\\/noticias-carreno\\\/#listItem\",\"name\":\"Noticias Carre\\u00f1o\"}},{\"@type\":\"ListItem\",\"@id\":\"https:\\\/\\\/candas365.es\\\/noticias\\\/category\\\/noticias-carreno\\\/#listItem\",\"position\":2,\"name\":\"Noticias Carre\\u00f1o\",\"item\":\"https:\\\/\\\/candas365.es\\\/noticias\\\/category\\\/noticias-carreno\\\/\",\"nextItem\":{\"@type\":\"ListItem\",\"@id\":\"https:\\\/\\\/candas365.es\\\/noticias\\\/carreno-hablara-del-plan-de-salud-y-medio-ambiente-del-principado\\\/#listItem\",\"name\":\"Carre\\u00f1o hablar\\u00e1 del Plan de Salud y Medio Ambiente del Principado\"},\"previousItem\":{\"@type\":\"ListItem\",\"@id\":\"https:\\\/\\\/candas365.es\\\/noticias#listItem\",\"name\":\"Home\"}},{\"@type\":\"ListItem\",\"@id\":\"https:\\\/\\\/candas365.es\\\/noticias\\\/carreno-hablara-del-plan-de-salud-y-medio-ambiente-del-principado\\\/#listItem\",\"position\":3,\"name\":\"Carre\\u00f1o hablar\\u00e1 del Plan de Salud y Medio Ambiente del Principado\",\"previousItem\":{\"@type\":\"ListItem\",\"@id\":\"https:\\\/\\\/candas365.es\\\/noticias\\\/category\\\/noticias-carreno\\\/#listItem\",\"name\":\"Noticias Carre\\u00f1o\"}}]},{\"@type\":\"NewsArticle\",\"@id\":\"https:\\\/\\\/candas365.es\\\/noticias\\\/carreno-hablara-del-plan-de-salud-y-medio-ambiente-del-principado\\\/#newsarticle\",\"name\":\"Carre\\u00f1o hablar\\u00e1 del Plan de Salud y Medio Ambiente del Principado | Cand\\u00e1s 365\",\"headline\":\"Carre\\u00f1o hablar\\u00e1 del Plan de Salud y Medio Ambiente del Principado\",\"author\":{\"@id\":\"https:\\\/\\\/candas365.es\\\/noticias\\\/author\\\/admin\\\/#author\"},\"publisher\":{\"@id\":\"https:\\\/\\\/candas365.es\\\/noticias\\\/#organization\"},\"image\":{\"@type\":\"ImageObject\",\"url\":\"https:\\\/\\\/candas365.es\\\/noticias\\\/wp-content\\\/uploads\\\/2017\\\/10\\\/326923_960_720.jpg\",\"width\":960,\"height\":640},\"datePublished\":\"2017-10-16T12:12:45+02:00\",\"dateModified\":\"2017-10-16T12:12:45+02:00\",\"inLanguage\":\"es-ES\",\"mainEntityOfPage\":{\"@id\":\"https:\\\/\\\/candas365.es\\\/noticias\\\/carreno-hablara-del-plan-de-salud-y-medio-ambiente-del-principado\\\/#webpage\"},\"isPartOf\":{\"@id\":\"https:\\\/\\\/candas365.es\\\/noticias\\\/carreno-hablara-del-plan-de-salud-y-medio-ambiente-del-principado\\\/#webpage\"},\"articleSection\":\"Noticias Carre\\u00f1o\",\"dateline\":\"Publicado el octubre 16, 2017.\"},{\"@type\":\"Organization\",\"@id\":\"https:\\\/\\\/candas365.es\\\/noticias\\\/#organization\",\"name\":\"Cand\\u00e1s 365\",\"description\":\"Cand\\u00e1s 365 es un diario digital independiente, fundado en 2012, con base en Asturias. Informamos con rigor sobre actualidad, sociedad, cultura y ocio, con una mirada local y global.\",\"url\":\"https:\\\/\\\/candas365.es\\\/noticias\\\/\",\"email\":\"info@candas365.es\",\"telephone\":\"+34652131393\",\"foundingDate\":\"2012-06-10\",\"logo\":{\"@type\":\"ImageObject\",\"url\":\"https:\\\/\\\/candas365.es\\\/noticias\\\/wp-content\\\/uploads\\\/2024\\\/09\\\/Candas-365-Redes.jpg\",\"@id\":\"https:\\\/\\\/candas365.es\\\/noticias\\\/carreno-hablara-del-plan-de-salud-y-medio-ambiente-del-principado\\\/#organizationLogo\",\"width\":1152,\"height\":864,\"caption\":\"Cand\\u00e1s 365 Redes\"},\"image\":{\"@id\":\"https:\\\/\\\/candas365.es\\\/noticias\\\/carreno-hablara-del-plan-de-salud-y-medio-ambiente-del-principado\\\/#organizationLogo\"},\"sameAs\":[\"https:\\\/\\\/www.facebook.com\\\/Nachofdezber\",\"https:\\\/\\\/x.com\\\/NabercoDigital\",\"https:\\\/\\\/www.instagram.com\\\/nachofdezber\\\/\",\"https:\\\/\\\/www.youtube.com\\\/channel\\\/UCZP-2wLEB9Rv6erhFmqVnvg\"],\"address\":{\"@id\":\"https:\\\/\\\/candas365.es\\\/noticias\\\/#postaladdress\",\"@type\":\"PostalAddress\",\"streetAddress\":\"san antonio 4, san antonio 4\",\"postalCode\":\"33430\",\"addressLocality\":\"Cand\\u00e1s\",\"addressRegion\":\"Asturias\",\"addressCountry\":\"ES\"}},{\"@type\":\"Person\",\"@id\":\"https:\\\/\\\/candas365.es\\\/noticias\\\/author\\\/admin\\\/#author\",\"url\":\"https:\\\/\\\/candas365.es\\\/noticias\\\/author\\\/admin\\\/\",\"name\":\"Cand\\u00e1s 365\",\"image\":{\"@type\":\"ImageObject\",\"@id\":\"https:\\\/\\\/candas365.es\\\/noticias\\\/carreno-hablara-del-plan-de-salud-y-medio-ambiente-del-principado\\\/#authorImage\",\"url\":\"https:\\\/\\\/secure.gravatar.com\\\/avatar\\\/496a8e03d0c493ede1718b7934145dbdf8d89be1036b0eec9544e1094c9de390?s=96&d=mm&r=g\",\"width\":96,\"height\":96,\"caption\":\"Cand\\u00e1s 365\"},\"sameAs\":[\"https:\\\/\\\/www.facebook.com\\\/carrenoactualidad\",\"https:\\\/\\\/twitter.com\\\/nbasturias\",\"https:\\\/\\\/www.instagram.com\\\/nachofdezber\\\/\",\"https:\\\/\\\/www.youtube.com\\\/channel\\\/UCZP-2wLEB9Rv6erhFmqVnvg\"]},{\"@type\":\"WebPage\",\"@id\":\"https:\\\/\\\/candas365.es\\\/noticias\\\/carreno-hablara-del-plan-de-salud-y-medio-ambiente-del-principado\\\/#webpage\",\"url\":\"https:\\\/\\\/candas365.es\\\/noticias\\\/carreno-hablara-del-plan-de-salud-y-medio-ambiente-del-principado\\\/\",\"name\":\"Carre\\u00f1o hablar\\u00e1 del Plan de Salud y Medio Ambiente del Principado | Cand\\u00e1s 365\",\"description\":\"La Consejer\\u00eda de Sanidad del Principado de Asturias est\\u00e1 elaborando un Plan de Acci\\u00f3n en Salud y Medio Ambiente (PASYMA), cuya coordinaci\\u00f3n corresponde a la Unidad de Epidemiolog\\u00eda Laboral y Ambiental de la Direcci\\u00f3n General de Salud P\\u00fablica (DGSP). El PASYMA quiere incorporar la participaci\\u00f3n ciudadana desde el mismo diagn\\u00f3stico de situaci\\u00f3n, para lo que\",\"inLanguage\":\"es-ES\",\"isPartOf\":{\"@id\":\"https:\\\/\\\/candas365.es\\\/noticias\\\/#website\"},\"breadcrumb\":{\"@id\":\"https:\\\/\\\/candas365.es\\\/noticias\\\/carreno-hablara-del-plan-de-salud-y-medio-ambiente-del-principado\\\/#breadcrumblist\"},\"author\":{\"@id\":\"https:\\\/\\\/candas365.es\\\/noticias\\\/author\\\/admin\\\/#author\"},\"creator\":{\"@id\":\"https:\\\/\\\/candas365.es\\\/noticias\\\/author\\\/admin\\\/#author\"},\"image\":{\"@type\":\"ImageObject\",\"url\":\"https:\\\/\\\/candas365.es\\\/noticias\\\/wp-content\\\/uploads\\\/2017\\\/10\\\/326923_960_720.jpg\",\"@id\":\"https:\\\/\\\/candas365.es\\\/noticias\\\/carreno-hablara-del-plan-de-salud-y-medio-ambiente-del-principado\\\/#mainImage\",\"width\":960,\"height\":640},\"primaryImageOfPage\":{\"@id\":\"https:\\\/\\\/candas365.es\\\/noticias\\\/carreno-hablara-del-plan-de-salud-y-medio-ambiente-del-principado\\\/#mainImage\"},\"datePublished\":\"2017-10-16T12:12:45+02:00\",\"dateModified\":\"2017-10-16T12:12:45+02:00\"},{\"@type\":\"WebSite\",\"@id\":\"https:\\\/\\\/candas365.es\\\/noticias\\\/#website\",\"url\":\"https:\\\/\\\/candas365.es\\\/noticias\\\/\",\"name\":\"Cand\\u00e1s 365\",\"alternateName\":\"Cand\\u00e1s 365 Noticias\",\"description\":\"Actualidad desde Carre\\u00f1o para el mundo\",\"inLanguage\":\"es-ES\",\"publisher\":{\"@id\":\"https:\\\/\\\/candas365.es\\\/noticias\\\/#organization\"}}]}\n\t\t<\/script>\n\t\t<!-- All in One SEO Pro -->\r\n\t\t<title>Carre\u00f1o hablar\u00e1 del Plan de Salud y Medio Ambiente del Principado | Cand\u00e1s 365<\/title>\n\n","aioseo_head_json":{"title":"Carre\u00f1o hablar\u00e1 del Plan de Salud y Medio Ambiente del Principado | Cand\u00e1s 365","description":"La Consejer\u00eda de Sanidad del Principado de Asturias est\u00e1 elaborando un Plan de Acci\u00f3n en Salud y Medio Ambiente (PASYMA), cuya coordinaci\u00f3n corresponde a la Unidad de Epidemiolog\u00eda Laboral y Ambiental de la Direcci\u00f3n General de Salud P\u00fablica (DGSP). El PASYMA quiere incorporar la participaci\u00f3n ciudadana desde el mismo diagn\u00f3stico de situaci\u00f3n, para lo que","canonical_url":"https:\/\/candas365.es\/noticias\/carreno-hablara-del-plan-de-salud-y-medio-ambiente-del-principado\/","robots":"max-image-preview:large","keywords":"noticias carre\u00f1o","webmasterTools":{"google-site-verification":"UA-32230408-1","msvalidate.01":"354F3CDFB2DA171B47FBE9ABF1F88D5","miscellaneous":""},"schema":{"@context":"https:\/\/schema.org","@graph":[{"@type":"BreadcrumbList","@id":"https:\/\/candas365.es\/noticias\/carreno-hablara-del-plan-de-salud-y-medio-ambiente-del-principado\/#breadcrumblist","itemListElement":[{"@type":"ListItem","@id":"https:\/\/candas365.es\/noticias#listItem","position":1,"name":"Home","item":"https:\/\/candas365.es\/noticias","nextItem":{"@type":"ListItem","@id":"https:\/\/candas365.es\/noticias\/category\/noticias-carreno\/#listItem","name":"Noticias Carre\u00f1o"}},{"@type":"ListItem","@id":"https:\/\/candas365.es\/noticias\/category\/noticias-carreno\/#listItem","position":2,"name":"Noticias Carre\u00f1o","item":"https:\/\/candas365.es\/noticias\/category\/noticias-carreno\/","nextItem":{"@type":"ListItem","@id":"https:\/\/candas365.es\/noticias\/carreno-hablara-del-plan-de-salud-y-medio-ambiente-del-principado\/#listItem","name":"Carre\u00f1o hablar\u00e1 del Plan de Salud y Medio Ambiente del Principado"},"previousItem":{"@type":"ListItem","@id":"https:\/\/candas365.es\/noticias#listItem","name":"Home"}},{"@type":"ListItem","@id":"https:\/\/candas365.es\/noticias\/carreno-hablara-del-plan-de-salud-y-medio-ambiente-del-principado\/#listItem","position":3,"name":"Carre\u00f1o hablar\u00e1 del Plan de Salud y Medio Ambiente del Principado","previousItem":{"@type":"ListItem","@id":"https:\/\/candas365.es\/noticias\/category\/noticias-carreno\/#listItem","name":"Noticias Carre\u00f1o"}}]},{"@type":"NewsArticle","@id":"https:\/\/candas365.es\/noticias\/carreno-hablara-del-plan-de-salud-y-medio-ambiente-del-principado\/#newsarticle","name":"Carre\u00f1o hablar\u00e1 del Plan de Salud y Medio Ambiente del Principado | Cand\u00e1s 365","headline":"Carre\u00f1o hablar\u00e1 del Plan de Salud y Medio Ambiente del Principado","author":{"@id":"https:\/\/candas365.es\/noticias\/author\/admin\/#author"},"publisher":{"@id":"https:\/\/candas365.es\/noticias\/#organization"},"image":{"@type":"ImageObject","url":"https:\/\/candas365.es\/noticias\/wp-content\/uploads\/2017\/10\/326923_960_720.jpg","width":960,"height":640},"datePublished":"2017-10-16T12:12:45+02:00","dateModified":"2017-10-16T12:12:45+02:00","inLanguage":"es-ES","mainEntityOfPage":{"@id":"https:\/\/candas365.es\/noticias\/carreno-hablara-del-plan-de-salud-y-medio-ambiente-del-principado\/#webpage"},"isPartOf":{"@id":"https:\/\/candas365.es\/noticias\/carreno-hablara-del-plan-de-salud-y-medio-ambiente-del-principado\/#webpage"},"articleSection":"Noticias Carre\u00f1o","dateline":"Publicado el octubre 16, 2017."},{"@type":"Organization","@id":"https:\/\/candas365.es\/noticias\/#organization","name":"Cand\u00e1s 365","description":"Cand\u00e1s 365 es un diario digital independiente, fundado en 2012, con base en Asturias. Informamos con rigor sobre actualidad, sociedad, cultura y ocio, con una mirada local y global.","url":"https:\/\/candas365.es\/noticias\/","email":"info@candas365.es","telephone":"+34652131393","foundingDate":"2012-06-10","logo":{"@type":"ImageObject","url":"https:\/\/candas365.es\/noticias\/wp-content\/uploads\/2024\/09\/Candas-365-Redes.jpg","@id":"https:\/\/candas365.es\/noticias\/carreno-hablara-del-plan-de-salud-y-medio-ambiente-del-principado\/#organizationLogo","width":1152,"height":864,"caption":"Cand\u00e1s 365 Redes"},"image":{"@id":"https:\/\/candas365.es\/noticias\/carreno-hablara-del-plan-de-salud-y-medio-ambiente-del-principado\/#organizationLogo"},"sameAs":["https:\/\/www.facebook.com\/Nachofdezber","https:\/\/x.com\/NabercoDigital","https:\/\/www.instagram.com\/nachofdezber\/","https:\/\/www.youtube.com\/channel\/UCZP-2wLEB9Rv6erhFmqVnvg"],"address":{"@id":"https:\/\/candas365.es\/noticias\/#postaladdress","@type":"PostalAddress","streetAddress":"san antonio 4, san antonio 4","postalCode":"33430","addressLocality":"Cand\u00e1s","addressRegion":"Asturias","addressCountry":"ES"}},{"@type":"Person","@id":"https:\/\/candas365.es\/noticias\/author\/admin\/#author","url":"https:\/\/candas365.es\/noticias\/author\/admin\/","name":"Cand\u00e1s 365","image":{"@type":"ImageObject","@id":"https:\/\/candas365.es\/noticias\/carreno-hablara-del-plan-de-salud-y-medio-ambiente-del-principado\/#authorImage","url":"https:\/\/secure.gravatar.com\/avatar\/496a8e03d0c493ede1718b7934145dbdf8d89be1036b0eec9544e1094c9de390?s=96&d=mm&r=g","width":96,"height":96,"caption":"Cand\u00e1s 365"},"sameAs":["https:\/\/www.facebook.com\/carrenoactualidad","https:\/\/twitter.com\/nbasturias","https:\/\/www.instagram.com\/nachofdezber\/","https:\/\/www.youtube.com\/channel\/UCZP-2wLEB9Rv6erhFmqVnvg"]},{"@type":"WebPage","@id":"https:\/\/candas365.es\/noticias\/carreno-hablara-del-plan-de-salud-y-medio-ambiente-del-principado\/#webpage","url":"https:\/\/candas365.es\/noticias\/carreno-hablara-del-plan-de-salud-y-medio-ambiente-del-principado\/","name":"Carre\u00f1o hablar\u00e1 del Plan de Salud y Medio Ambiente del Principado | Cand\u00e1s 365","description":"La Consejer\u00eda de Sanidad del Principado de Asturias est\u00e1 elaborando un Plan de Acci\u00f3n en Salud y Medio Ambiente (PASYMA), cuya coordinaci\u00f3n corresponde a la Unidad de Epidemiolog\u00eda Laboral y Ambiental de la Direcci\u00f3n General de Salud P\u00fablica (DGSP). El PASYMA quiere incorporar la participaci\u00f3n ciudadana desde el mismo diagn\u00f3stico de situaci\u00f3n, para lo que","inLanguage":"es-ES","isPartOf":{"@id":"https:\/\/candas365.es\/noticias\/#website"},"breadcrumb":{"@id":"https:\/\/candas365.es\/noticias\/carreno-hablara-del-plan-de-salud-y-medio-ambiente-del-principado\/#breadcrumblist"},"author":{"@id":"https:\/\/candas365.es\/noticias\/author\/admin\/#author"},"creator":{"@id":"https:\/\/candas365.es\/noticias\/author\/admin\/#author"},"image":{"@type":"ImageObject","url":"https:\/\/candas365.es\/noticias\/wp-content\/uploads\/2017\/10\/326923_960_720.jpg","@id":"https:\/\/candas365.es\/noticias\/carreno-hablara-del-plan-de-salud-y-medio-ambiente-del-principado\/#mainImage","width":960,"height":640},"primaryImageOfPage":{"@id":"https:\/\/candas365.es\/noticias\/carreno-hablara-del-plan-de-salud-y-medio-ambiente-del-principado\/#mainImage"},"datePublished":"2017-10-16T12:12:45+02:00","dateModified":"2017-10-16T12:12:45+02:00"},{"@type":"WebSite","@id":"https:\/\/candas365.es\/noticias\/#website","url":"https:\/\/candas365.es\/noticias\/","name":"Cand\u00e1s 365","alternateName":"Cand\u00e1s 365 Noticias","description":"Actualidad desde Carre\u00f1o para el mundo","inLanguage":"es-ES","publisher":{"@id":"https:\/\/candas365.es\/noticias\/#organization"}}]},"og:locale":"es_ES","og:site_name":"Cand\u00e1s 365","og:type":"article","og:title":"Carre\u00f1o hablar\u00e1 del Plan de Salud y Medio Ambiente del Principado | Cand\u00e1s 365","og:description":"La Consejer\u00eda de Sanidad del Principado de Asturias est\u00e1 elaborando un Plan de Acci\u00f3n en Salud y Medio Ambiente (PASYMA), cuya coordinaci\u00f3n corresponde a la Unidad de Epidemiolog\u00eda Laboral y Ambiental de la Direcci\u00f3n General de Salud P\u00fablica (DGSP). El PASYMA quiere incorporar la participaci\u00f3n ciudadana desde el mismo diagn\u00f3stico de situaci\u00f3n, para lo que","og:url":"https:\/\/candas365.es\/noticias\/carreno-hablara-del-plan-de-salud-y-medio-ambiente-del-principado\/","og:image":"https:\/\/candas365.es\/noticias\/wp-content\/uploads\/2017\/10\/326923_960_720.jpg","og:image:secure_url":"https:\/\/candas365.es\/noticias\/wp-content\/uploads\/2017\/10\/326923_960_720.jpg","og:image:width":960,"og:image:height":640,"article:published_time":"2017-10-16T12:12:45+00:00","article:modified_time":"2017-10-16T12:12:45+00:00","article:publisher":"https:\/\/www.facebook.com\/Nachofdezber","article:author":"https:\/\/www.facebook.com\/carrenoactualidad","twitter:card":"summary_large_image","twitter:site":"@NabercoDigital","twitter:title":"Carre\u00f1o hablar\u00e1 del Plan de Salud y Medio Ambiente del Principado | Cand\u00e1s 365","twitter:description":"La Consejer\u00eda de Sanidad del Principado de Asturias est\u00e1 elaborando un Plan de Acci\u00f3n en Salud y Medio Ambiente (PASYMA), cuya coordinaci\u00f3n corresponde a la Unidad de Epidemiolog\u00eda Laboral y Ambiental de la Direcci\u00f3n General de Salud P\u00fablica (DGSP). El PASYMA quiere incorporar la participaci\u00f3n ciudadana desde el mismo diagn\u00f3stico de situaci\u00f3n, para lo que","twitter:creator":"@nbasturias","twitter:image":"https:\/\/candas365.es\/noticias\/wp-content\/uploads\/2017\/10\/326923_960_720.jpg","twitter:label1":"Escrito por","twitter:data1":"Cand\u00e1s 365","twitter:label2":"Tiempo de lectura estimado","twitter:data2":"2 minutos"},"aioseo_meta_data":{"post_id":"82278","title":null,"description":null,"keywords":null,"keyphrases":null,"primary_term":null,"canonical_url":null,"og_title":null,"og_description":null,"og_object_type":"default","og_image_type":"default","og_image_url":null,"og_image_width":null,"og_image_height":null,"og_image_custom_url":null,"og_image_custom_fields":null,"og_video":null,"og_custom_url":null,"og_article_section":null,"og_article_tags":null,"twitter_use_og":false,"twitter_card":"default","twitter_image_type":"default","twitter_image_url":null,"twitter_image_custom_url":null,"twitter_image_custom_fields":null,"twitter_title":null,"twitter_description":null,"schema":{"blockGraphs":[],"customGraphs":[],"default":{"data":{"Article":[],"Course":[],"Dataset":[],"FAQPage":[],"Movie":[],"Person":[],"Product":[],"ProductReview":[],"Car":[],"Recipe":[],"Service":[],"SoftwareApplication":[],"WebPage":[]},"graphName":"","isEnabled":true},"graphs":[],"defaultGraph":"","defaultPostTypeGraph":""},"schema_type":null,"schema_type_options":null,"pillar_content":false,"robots_default":true,"robots_noindex":false,"robots_noarchive":false,"robots_nosnippet":false,"robots_nofollow":false,"robots_noimageindex":false,"robots_noodp":false,"robots_notranslate":false,"robots_max_snippet":null,"robots_max_videopreview":null,"robots_max_imagepreview":"large","priority":null,"frequency":null,"location":null,"local_seo":null,"seo_analyzer_scan_date":"2025-08-26 02:52:10","breadcrumb_settings":null,"limit_modified_date":false,"reviewed_by":null,"open_ai":null,"ai":null,"created":"2020-12-21 12:37:00","updated":"2025-08-26 02:52:10"},"aioseo_breadcrumb":"<div class=\"aioseo-breadcrumbs\"><span class=\"aioseo-breadcrumb\">\n\t<a href=\"https:\/\/candas365.es\/noticias\" title=\"Home\">Home<\/a>\n<\/span><span class=\"aioseo-breadcrumb-separator\">&ndash;<\/span><span class=\"aioseo-breadcrumb\">\n\t<a href=\"https:\/\/candas365.es\/noticias\/category\/noticias-carreno\/\" title=\"Noticias Carre\u00f1o\">Noticias Carre\u00f1o<\/a>\n<\/span><span class=\"aioseo-breadcrumb-separator\">&ndash;<\/span><span class=\"aioseo-breadcrumb\">\n\tCarre\u00f1o hablar\u00e1 del Plan de Salud y Medio Ambiente del Principado\n<\/span><\/div>","aioseo_breadcrumb_json":[{"label":"Home","link":"https:\/\/candas365.es\/noticias"},{"label":"Noticias Carre\u00f1o","link":"https:\/\/candas365.es\/noticias\/category\/noticias-carreno\/"},{"label":"Carre\u00f1o hablar\u00e1 del Plan de Salud y Medio Ambiente del Principado","link":"https:\/\/candas365.es\/noticias\/carreno-hablara-del-plan-de-salud-y-medio-ambiente-del-principado\/"}],"_links":{"self":[{"href":"https:\/\/candas365.es\/noticias\/wp-json\/wp\/v2\/posts\/82278","targetHints":{"allow":["GET"]}}],"collection":[{"href":"https:\/\/candas365.es\/noticias\/wp-json\/wp\/v2\/posts"}],"about":[{"href":"https:\/\/candas365.es\/noticias\/wp-json\/wp\/v2\/types\/post"}],"author":[{"embeddable":true,"href":"https:\/\/candas365.es\/noticias\/wp-json\/wp\/v2\/users\/1"}],"replies":[{"embeddable":true,"href":"https:\/\/candas365.es\/noticias\/wp-json\/wp\/v2\/comments?post=82278"}],"version-history":[{"count":0,"href":"https:\/\/candas365.es\/noticias\/wp-json\/wp\/v2\/posts\/82278\/revisions"}],"wp:featuredmedia":[{"embeddable":true,"href":"https:\/\/candas365.es\/noticias\/wp-json\/wp\/v2\/media\/82279"}],"wp:attachment":[{"href":"https:\/\/candas365.es\/noticias\/wp-json\/wp\/v2\/media?parent=82278"}],"wp:term":[{"taxonomy":"category","embeddable":true,"href":"https:\/\/candas365.es\/noticias\/wp-json\/wp\/v2\/categories?post=82278"},{"taxonomy":"post_tag","embeddable":true,"href":"https:\/\/candas365.es\/noticias\/wp-json\/wp\/v2\/tags?post=82278"}],"curies":[{"name":"wp","href":"https:\/\/api.w.org\/{rel}","templated":true}]}}