{"id":82269,"date":"2017-10-16T11:05:14","date_gmt":"2017-10-16T11:05:14","guid":{"rendered":"http:\/\/candas365.es\/noticias\/?p=82269"},"modified":"2017-10-16T11:05:14","modified_gmt":"2017-10-16T11:05:14","slug":"comienzan-a-ver-la-luz-los-huertos-urbanos-de-candas","status":"publish","type":"post","link":"https:\/\/candas365.es\/noticias\/comienzan-a-ver-la-luz-los-huertos-urbanos-de-candas\/","title":{"rendered":"Comienzan a ver la luz los huertos urbanos de Cand\u00e1s"},"content":{"rendered":"<p><img fetchpriority=\"high\" decoding=\"async\" class=\"alignleft size-medium wp-image-82270\" src=\"https:\/\/candas365.es\/noticias\/wp-content\/uploads\/2017\/10\/tomatoes-1280859_960_720-360x237.jpg\" alt=\"\" width=\"360\" height=\"237\" srcset=\"https:\/\/candas365.es\/noticias\/wp-content\/uploads\/2017\/10\/tomatoes-1280859_960_720-360x237.jpg 360w, https:\/\/candas365.es\/noticias\/wp-content\/uploads\/2017\/10\/tomatoes-1280859_960_720-768x506.jpg 768w, https:\/\/candas365.es\/noticias\/wp-content\/uploads\/2017\/10\/tomatoes-1280859_960_720-655x431.jpg 655w, https:\/\/candas365.es\/noticias\/wp-content\/uploads\/2017\/10\/tomatoes-1280859_960_720-696x458.jpg 696w, https:\/\/candas365.es\/noticias\/wp-content\/uploads\/2017\/10\/tomatoes-1280859_960_720-741x486.jpg 741w, https:\/\/candas365.es\/noticias\/wp-content\/uploads\/2017\/10\/tomatoes-1280859_960_720-638x420.jpg 638w, https:\/\/candas365.es\/noticias\/wp-content\/uploads\/2017\/10\/tomatoes-1280859_960_720-84x55.jpg 84w, https:\/\/candas365.es\/noticias\/wp-content\/uploads\/2017\/10\/tomatoes-1280859_960_720.jpg 960w\" sizes=\"(max-width: 360px) 100vw, 360px\" \/>El Ayuntamiento de Carre\u00f1o dispone de una parcela de titularidad municipal en el Barrio de la Matiella en Cand\u00e1s en la cual se dise\u00f1aron 56 huertos que tienen una superficie entre 35 y 50 m2. Dada la orograf\u00eda del terreno los huertos se dispusieron en bancales, lo que facilitar\u00e1 las labores de trabajo y movilidad, con una diferencia m\u00e1xima de altura entre ellos de 55 cm. Este escalonamiento se resolvi\u00f3 a trav\u00e9s de unas chapas met\u00e1licas hincadas en el terreno.<\/p>\n<p>Con la creaci\u00f3n de este espacio se pretende el\u00a0fomento de la participaci\u00f3n ciudadana y del desarrollo sostenible,\u00a0promover la Educaci\u00f3n Ambiental,\u00a0establecer y valorar las relaciones entre el medio natural y las actividades humanas,\u00a0facilitar el contacto directo y la manipulaci\u00f3n de elementos como la tierra, el agua, las plantas, etc., proporcionando una experiencia enriquecedora,\u00a0conocer las t\u00e9cnicas de cultivo de la Agricultura Ecol\u00f3gica,\u00a0fomentar la adquisici\u00f3n de una serie de valores que nos motiven a sentir inter\u00e9s y preocupaci\u00f3n por conservar la biodiversidad y los h\u00e1bitats naturales de las especies hort\u00edcolas tradicionales y aut\u00f3ctonas y ofrecer al colectivo de personas mayores una actividad l\u00fadico-educativa, en la que partiendo de su posible experiencia, ayuden a otras personas en las labores propias de la actividad de agricultura urbana y periurbana.<\/p>\n<p>En el pleno del mes de Febrero el Consistorio se adhiri\u00f3 al Pacto de Mil\u00e1n, relativo a la Politica alimentaria urbana, que contempla entre otras acciones el impulso de las administraciones locales a proyectos de huertos comunitarios.<\/p>\n<p>\u201cNos adherimos a este Pacto considerando que la agricultura urbana y la periurbana ofrecen diferentes oportunidades para la conservaci\u00f3n e integraci\u00f3n de la biodiversidad en el contexto urbano\/regional y en los sistemas alimentarios, contribuyendo as\u00ed a la creaci\u00f3n de sinergias entre seguridad alimentaria y nutricional, y los servicios relacionados a los ecosistemas y el bienestar humano\u201d \u2013 afirm\u00f3 el edil Manuel Noceda.<\/p>\n<p>Y en el marco del acuerdo presupuestario de esta anualidad, los grupos pol\u00edticos PSOE y SOMOS Carre\u00f1o, acordaron destinar 17.000 \u20ac del presupuesto municipal para ir avanzando en el equipamiento de los huertos. De este modo, se presupuest\u00f3 la construcci\u00f3n de un edificio com\u00fan que sirva para almac\u00e9n de los aperos de los futuros usuarios y usuarias de los huertos ubicados en la parcela municipal.<\/p>\n<p>En la ejecuci\u00f3n de la obra de los huertos ya se construy\u00f3 una solera de 10,30 metros de largo por 4,60 metros de ancho para la futura colocaci\u00f3n de esta caseta de aperos.<\/p>\n<p>Dicha solera cuenta con tres arquetas de saneamiento conectadas a una fosa s\u00e9ptica que permitir\u00edan la instalaci\u00f3n de unos aseos en caso de ser necesarios. Tambi\u00e9n cuenta con una arqueta de acometida para abastecimiento de agua.<\/p>\n<p>\u201cEl edificio de almac\u00e9n se ejecutar\u00e1 sobre la solera existente. Tendr\u00e1 planta rectangular de una \u00fanica altura y se rematar\u00e1 mediante una cubierta a dos aguas de teja curva. La superficie construida del nuevo edificio ser\u00e1 de 47,38 m2 que no contar\u00e1 con ninguna divisi\u00f3n interior. Se prev\u00e9n, no obstante, dos puertas dobles al interior del mismo para facilitar una futura divisi\u00f3n interior, si se precisase\u201d \u2013 se\u00f1al\u00f3 Manuel Noceda.<\/p>\n<p>Los accesos se proyectan en la fachada norte que se encuentra en contacto con la zona de aparcamiento. En la fachada sur se dejar\u00e1n dos huecos de iluminaci\u00f3n con carpinter\u00eda de aluminio que permita una correcta ventilaci\u00f3n del interior.<\/p>\n<p>La estructura de cubierta se ejecutar\u00e1 mediante cerchas y correas met\u00e1licas. Sobre esta estructura se colocar\u00e1 un panel s\u00e1ndwich met\u00e1lico. Las fachadas se ejecutar\u00e1n de bloque de hormig\u00f3n cargado exteriormente. Se colocar\u00e1 un z\u00f3calo de piedra de 1 metro de altura. El resto de la fachada se pintar\u00e1 con pintura de exteriores.<\/p>\n<p>\u201cTras el correspondiente proceso de licitaci\u00f3n las obras de ejecuci\u00f3n de la caseta de aperos se adjudic\u00f3 a la empresa Anselmo Bango Obras y Contratas S. L. por importe de 12.986 \u20ac \u201c \u2013 explic\u00f3 el edil.<\/p>\n<p>\u201cY de aqu\u00ed a final de a\u00f1o, vamos a seguir trabajando en la concreci\u00f3n del Reglamento de los mismos y de la Ordenanza. Partimos de un borrador de reglamento que se elabor\u00f3 la legislatura pasada participando en su definici\u00f3n personas del concejo que hab\u00edan expresado su inter\u00e9s en utilizarlos. Tambi\u00e9n tenemos que definir una tarifa nueva, dentro de las tasas municipales vigentes, que regule el pago del consumo del agua que hagan y cuyo coste se distribuir\u00e1 entre las personas adjudicatarias de los mismo. Cada adjudicatario\/a podr\u00e1 hacer en su parcela su propia caseta de aperos, a mayores de la com\u00fan que vamos a construir, para que la pueda hacer por su cuenta deber\u00e1 ajustarse a unos requerimientos t\u00e9cnicos fijados por el Ayuntamiento para que exista uniformidad en ellas\u201d \u2013 a\u00f1adi\u00f3 Noceda.<\/p>\n<p>\u201cLos 10 m\u00f3dulos de compostaje, 10 peque\u00f1os invernaderos, guarda contenedores y otro mobiliario se proceder\u00e1 a colocar una vez se apruebe el reglamento. Y por \u00faltimo en el mes de Enero ofreceremos una formaci\u00f3n en Agricultura Ecol\u00f3gica para todas las personas interesadas\u201d \u2013 concluy\u00f3 el concejal.<\/p>\n<p>&nbsp;<\/p>\n","protected":false},"excerpt":{"rendered":"<p>El Ayuntamiento de Carre\u00f1o dispone de una parcela de titularidad municipal en el Barrio de la Matiella en Cand\u00e1s en la cual se dise\u00f1aron 56 huertos que tienen una superficie entre 35 y 50 m2. Dada la orograf\u00eda del terreno los huertos se dispusieron en bancales, lo que facilitar\u00e1 las labores de trabajo y movilidad,<\/p>\n","protected":false},"author":1,"featured_media":82270,"comment_status":"closed","ping_status":"closed","sticky":false,"template":"","format":"standard","meta":{"footnotes":""},"categories":[2],"tags":[],"class_list":{"0":"post-82269","1":"post","2":"type-post","3":"status-publish","4":"format-standard","5":"has-post-thumbnail","7":"category-noticias-carreno"},"aioseo_notices":[],"aioseo_head":"\n\t\t<!-- All in One SEO Pro 4.9.6.2 - aioseo.com -->\n\t<meta name=\"description\" content=\"El Ayuntamiento de Carre\u00f1o dispone de una parcela de titularidad municipal en el Barrio de la Matiella en Cand\u00e1s en la cual se dise\u00f1aron 56 huertos que tienen una superficie entre 35 y 50 m2. Dada la orograf\u00eda del terreno los huertos se dispusieron en bancales, lo que facilitar\u00e1 las labores de trabajo y movilidad,\" \/>\n\t<meta name=\"robots\" content=\"max-image-preview:large\" \/>\n\t<meta name=\"author\" content=\"Cand\u00e1s 365\"\/>\n\t<meta name=\"google-site-verification\" content=\"UA-32230408-1\" \/>\n\t<meta name=\"msvalidate.01\" content=\"354F3CDFB2DA171B47FBE9ABF1F88D5\" \/>\n\t<meta name=\"keywords\" content=\"noticias carre\u00f1o\" \/>\n\t<link rel=\"canonical\" href=\"https:\/\/candas365.es\/noticias\/comienzan-a-ver-la-luz-los-huertos-urbanos-de-candas\/\" \/>\n\t<meta name=\"generator\" content=\"All in One SEO Pro (AIOSEO) 4.9.6.2\" \/>\n\t\t<meta property=\"og:locale\" content=\"es_ES\" \/>\n\t\t<meta property=\"og:site_name\" content=\"Cand\u00e1s 365\" \/>\n\t\t<meta property=\"og:type\" content=\"article\" \/>\n\t\t<meta property=\"og:title\" content=\"Comienzan a ver la luz los huertos urbanos de Cand\u00e1s | Cand\u00e1s 365\" \/>\n\t\t<meta property=\"og:description\" content=\"El Ayuntamiento de Carre\u00f1o dispone de una parcela de titularidad municipal en el Barrio de la Matiella en Cand\u00e1s en la cual se dise\u00f1aron 56 huertos que tienen una superficie entre 35 y 50 m2. Dada la orograf\u00eda del terreno los huertos se dispusieron en bancales, lo que facilitar\u00e1 las labores de trabajo y movilidad,\" \/>\n\t\t<meta property=\"og:url\" content=\"https:\/\/candas365.es\/noticias\/comienzan-a-ver-la-luz-los-huertos-urbanos-de-candas\/\" \/>\n\t\t<meta property=\"og:image\" content=\"https:\/\/candas365.es\/noticias\/wp-content\/uploads\/2017\/10\/tomatoes-1280859_960_720.jpg\" \/>\n\t\t<meta property=\"og:image:secure_url\" content=\"https:\/\/candas365.es\/noticias\/wp-content\/uploads\/2017\/10\/tomatoes-1280859_960_720.jpg\" \/>\n\t\t<meta property=\"og:image:width\" content=\"960\" \/>\n\t\t<meta property=\"og:image:height\" content=\"632\" \/>\n\t\t<meta property=\"article:published_time\" content=\"2017-10-16T11:05:14+00:00\" \/>\n\t\t<meta property=\"article:modified_time\" content=\"2017-10-16T11:05:14+00:00\" \/>\n\t\t<meta property=\"article:publisher\" content=\"https:\/\/www.facebook.com\/Nachofdezber\" \/>\n\t\t<meta property=\"article:author\" content=\"https:\/\/www.facebook.com\/carrenoactualidad\" \/>\n\t\t<meta name=\"twitter:card\" content=\"summary_large_image\" \/>\n\t\t<meta name=\"twitter:site\" content=\"@NabercoDigital\" \/>\n\t\t<meta name=\"twitter:title\" content=\"Comienzan a ver la luz los huertos urbanos de Cand\u00e1s | Cand\u00e1s 365\" \/>\n\t\t<meta name=\"twitter:description\" content=\"El Ayuntamiento de Carre\u00f1o dispone de una parcela de titularidad municipal en el Barrio de la Matiella en Cand\u00e1s en la cual se dise\u00f1aron 56 huertos que tienen una superficie entre 35 y 50 m2. Dada la orograf\u00eda del terreno los huertos se dispusieron en bancales, lo que facilitar\u00e1 las labores de trabajo y movilidad,\" \/>\n\t\t<meta name=\"twitter:creator\" content=\"@nbasturias\" \/>\n\t\t<meta name=\"twitter:image\" content=\"https:\/\/candas365.es\/noticias\/wp-content\/uploads\/2017\/10\/tomatoes-1280859_960_720.jpg\" \/>\n\t\t<meta name=\"twitter:label1\" content=\"Escrito por\" \/>\n\t\t<meta name=\"twitter:data1\" content=\"Cand\u00e1s 365\" \/>\n\t\t<meta name=\"twitter:label2\" content=\"Tiempo de lectura estimado\" \/>\n\t\t<meta name=\"twitter:data2\" content=\"4 minutos\" \/>\n\t\t<script type=\"application\/ld+json\" class=\"aioseo-schema\">\n\t\t\t{\"@context\":\"https:\\\/\\\/schema.org\",\"@graph\":[{\"@type\":\"BreadcrumbList\",\"@id\":\"https:\\\/\\\/candas365.es\\\/noticias\\\/comienzan-a-ver-la-luz-los-huertos-urbanos-de-candas\\\/#breadcrumblist\",\"itemListElement\":[{\"@type\":\"ListItem\",\"@id\":\"https:\\\/\\\/candas365.es\\\/noticias#listItem\",\"position\":1,\"name\":\"Home\",\"item\":\"https:\\\/\\\/candas365.es\\\/noticias\",\"nextItem\":{\"@type\":\"ListItem\",\"@id\":\"https:\\\/\\\/candas365.es\\\/noticias\\\/category\\\/noticias-carreno\\\/#listItem\",\"name\":\"Noticias Carre\\u00f1o\"}},{\"@type\":\"ListItem\",\"@id\":\"https:\\\/\\\/candas365.es\\\/noticias\\\/category\\\/noticias-carreno\\\/#listItem\",\"position\":2,\"name\":\"Noticias Carre\\u00f1o\",\"item\":\"https:\\\/\\\/candas365.es\\\/noticias\\\/category\\\/noticias-carreno\\\/\",\"nextItem\":{\"@type\":\"ListItem\",\"@id\":\"https:\\\/\\\/candas365.es\\\/noticias\\\/comienzan-a-ver-la-luz-los-huertos-urbanos-de-candas\\\/#listItem\",\"name\":\"Comienzan a ver la luz los huertos urbanos de Cand\\u00e1s\"},\"previousItem\":{\"@type\":\"ListItem\",\"@id\":\"https:\\\/\\\/candas365.es\\\/noticias#listItem\",\"name\":\"Home\"}},{\"@type\":\"ListItem\",\"@id\":\"https:\\\/\\\/candas365.es\\\/noticias\\\/comienzan-a-ver-la-luz-los-huertos-urbanos-de-candas\\\/#listItem\",\"position\":3,\"name\":\"Comienzan a ver la luz los huertos urbanos de Cand\\u00e1s\",\"previousItem\":{\"@type\":\"ListItem\",\"@id\":\"https:\\\/\\\/candas365.es\\\/noticias\\\/category\\\/noticias-carreno\\\/#listItem\",\"name\":\"Noticias Carre\\u00f1o\"}}]},{\"@type\":\"NewsArticle\",\"@id\":\"https:\\\/\\\/candas365.es\\\/noticias\\\/comienzan-a-ver-la-luz-los-huertos-urbanos-de-candas\\\/#newsarticle\",\"name\":\"Comienzan a ver la luz los huertos urbanos de Cand\\u00e1s | Cand\\u00e1s 365\",\"headline\":\"Comienzan a ver la luz los huertos urbanos de Cand\\u00e1s\",\"author\":{\"@id\":\"https:\\\/\\\/candas365.es\\\/noticias\\\/author\\\/admin\\\/#author\"},\"publisher\":{\"@id\":\"https:\\\/\\\/candas365.es\\\/noticias\\\/#organization\"},\"image\":{\"@type\":\"ImageObject\",\"url\":\"https:\\\/\\\/candas365.es\\\/noticias\\\/wp-content\\\/uploads\\\/2017\\\/10\\\/tomatoes-1280859_960_720.jpg\",\"width\":960,\"height\":632},\"datePublished\":\"2017-10-16T11:05:14+02:00\",\"dateModified\":\"2017-10-16T11:05:14+02:00\",\"inLanguage\":\"es-ES\",\"mainEntityOfPage\":{\"@id\":\"https:\\\/\\\/candas365.es\\\/noticias\\\/comienzan-a-ver-la-luz-los-huertos-urbanos-de-candas\\\/#webpage\"},\"isPartOf\":{\"@id\":\"https:\\\/\\\/candas365.es\\\/noticias\\\/comienzan-a-ver-la-luz-los-huertos-urbanos-de-candas\\\/#webpage\"},\"articleSection\":\"Noticias Carre\\u00f1o\",\"dateline\":\"Publicado el octubre 16, 2017.\"},{\"@type\":\"Organization\",\"@id\":\"https:\\\/\\\/candas365.es\\\/noticias\\\/#organization\",\"name\":\"Cand\\u00e1s 365\",\"description\":\"Cand\\u00e1s 365 es un diario digital independiente, fundado en 2012, con base en Asturias. Informamos con rigor sobre actualidad, sociedad, cultura y ocio, con una mirada local y global.\",\"url\":\"https:\\\/\\\/candas365.es\\\/noticias\\\/\",\"email\":\"info@candas365.es\",\"telephone\":\"+34652131393\",\"foundingDate\":\"2012-06-10\",\"logo\":{\"@type\":\"ImageObject\",\"url\":\"https:\\\/\\\/candas365.es\\\/noticias\\\/wp-content\\\/uploads\\\/2024\\\/09\\\/Candas-365-Redes.jpg\",\"@id\":\"https:\\\/\\\/candas365.es\\\/noticias\\\/comienzan-a-ver-la-luz-los-huertos-urbanos-de-candas\\\/#organizationLogo\",\"width\":1152,\"height\":864,\"caption\":\"Cand\\u00e1s 365 Redes\"},\"image\":{\"@id\":\"https:\\\/\\\/candas365.es\\\/noticias\\\/comienzan-a-ver-la-luz-los-huertos-urbanos-de-candas\\\/#organizationLogo\"},\"sameAs\":[\"https:\\\/\\\/www.facebook.com\\\/Nachofdezber\",\"https:\\\/\\\/x.com\\\/NabercoDigital\",\"https:\\\/\\\/www.instagram.com\\\/nachofdezber\\\/\",\"https:\\\/\\\/www.youtube.com\\\/channel\\\/UCZP-2wLEB9Rv6erhFmqVnvg\"],\"address\":{\"@id\":\"https:\\\/\\\/candas365.es\\\/noticias\\\/#postaladdress\",\"@type\":\"PostalAddress\",\"streetAddress\":\"san antonio 4, san antonio 4\",\"postalCode\":\"33430\",\"addressLocality\":\"Cand\\u00e1s\",\"addressRegion\":\"Asturias\",\"addressCountry\":\"ES\"}},{\"@type\":\"Person\",\"@id\":\"https:\\\/\\\/candas365.es\\\/noticias\\\/author\\\/admin\\\/#author\",\"url\":\"https:\\\/\\\/candas365.es\\\/noticias\\\/author\\\/admin\\\/\",\"name\":\"Cand\\u00e1s 365\",\"image\":{\"@type\":\"ImageObject\",\"@id\":\"https:\\\/\\\/candas365.es\\\/noticias\\\/comienzan-a-ver-la-luz-los-huertos-urbanos-de-candas\\\/#authorImage\",\"url\":\"https:\\\/\\\/secure.gravatar.com\\\/avatar\\\/496a8e03d0c493ede1718b7934145dbdf8d89be1036b0eec9544e1094c9de390?s=96&d=mm&r=g\",\"width\":96,\"height\":96,\"caption\":\"Cand\\u00e1s 365\"},\"sameAs\":[\"https:\\\/\\\/www.facebook.com\\\/carrenoactualidad\",\"https:\\\/\\\/twitter.com\\\/nbasturias\",\"https:\\\/\\\/www.instagram.com\\\/nachofdezber\\\/\",\"https:\\\/\\\/www.youtube.com\\\/channel\\\/UCZP-2wLEB9Rv6erhFmqVnvg\"]},{\"@type\":\"WebPage\",\"@id\":\"https:\\\/\\\/candas365.es\\\/noticias\\\/comienzan-a-ver-la-luz-los-huertos-urbanos-de-candas\\\/#webpage\",\"url\":\"https:\\\/\\\/candas365.es\\\/noticias\\\/comienzan-a-ver-la-luz-los-huertos-urbanos-de-candas\\\/\",\"name\":\"Comienzan a ver la luz los huertos urbanos de Cand\\u00e1s | Cand\\u00e1s 365\",\"description\":\"El Ayuntamiento de Carre\\u00f1o dispone de una parcela de titularidad municipal en el Barrio de la Matiella en Cand\\u00e1s en la cual se dise\\u00f1aron 56 huertos que tienen una superficie entre 35 y 50 m2. Dada la orograf\\u00eda del terreno los huertos se dispusieron en bancales, lo que facilitar\\u00e1 las labores de trabajo y movilidad,\",\"inLanguage\":\"es-ES\",\"isPartOf\":{\"@id\":\"https:\\\/\\\/candas365.es\\\/noticias\\\/#website\"},\"breadcrumb\":{\"@id\":\"https:\\\/\\\/candas365.es\\\/noticias\\\/comienzan-a-ver-la-luz-los-huertos-urbanos-de-candas\\\/#breadcrumblist\"},\"author\":{\"@id\":\"https:\\\/\\\/candas365.es\\\/noticias\\\/author\\\/admin\\\/#author\"},\"creator\":{\"@id\":\"https:\\\/\\\/candas365.es\\\/noticias\\\/author\\\/admin\\\/#author\"},\"image\":{\"@type\":\"ImageObject\",\"url\":\"https:\\\/\\\/candas365.es\\\/noticias\\\/wp-content\\\/uploads\\\/2017\\\/10\\\/tomatoes-1280859_960_720.jpg\",\"@id\":\"https:\\\/\\\/candas365.es\\\/noticias\\\/comienzan-a-ver-la-luz-los-huertos-urbanos-de-candas\\\/#mainImage\",\"width\":960,\"height\":632},\"primaryImageOfPage\":{\"@id\":\"https:\\\/\\\/candas365.es\\\/noticias\\\/comienzan-a-ver-la-luz-los-huertos-urbanos-de-candas\\\/#mainImage\"},\"datePublished\":\"2017-10-16T11:05:14+02:00\",\"dateModified\":\"2017-10-16T11:05:14+02:00\"},{\"@type\":\"WebSite\",\"@id\":\"https:\\\/\\\/candas365.es\\\/noticias\\\/#website\",\"url\":\"https:\\\/\\\/candas365.es\\\/noticias\\\/\",\"name\":\"Cand\\u00e1s 365\",\"alternateName\":\"Cand\\u00e1s 365 Noticias\",\"description\":\"Actualidad desde Carre\\u00f1o para el mundo\",\"inLanguage\":\"es-ES\",\"publisher\":{\"@id\":\"https:\\\/\\\/candas365.es\\\/noticias\\\/#organization\"}}]}\n\t\t<\/script>\n\t\t<!-- All in One SEO Pro -->\r\n\t\t<title>Comienzan a ver la luz los huertos urbanos de Cand\u00e1s | Cand\u00e1s 365<\/title>\n\n","aioseo_head_json":{"title":"Comienzan a ver la luz los huertos urbanos de Cand\u00e1s | Cand\u00e1s 365","description":"El Ayuntamiento de Carre\u00f1o dispone de una parcela de titularidad municipal en el Barrio de la Matiella en Cand\u00e1s en la cual se dise\u00f1aron 56 huertos que tienen una superficie entre 35 y 50 m2. Dada la orograf\u00eda del terreno los huertos se dispusieron en bancales, lo que facilitar\u00e1 las labores de trabajo y movilidad,","canonical_url":"https:\/\/candas365.es\/noticias\/comienzan-a-ver-la-luz-los-huertos-urbanos-de-candas\/","robots":"max-image-preview:large","keywords":"noticias carre\u00f1o","webmasterTools":{"google-site-verification":"UA-32230408-1","msvalidate.01":"354F3CDFB2DA171B47FBE9ABF1F88D5","miscellaneous":""},"schema":{"@context":"https:\/\/schema.org","@graph":[{"@type":"BreadcrumbList","@id":"https:\/\/candas365.es\/noticias\/comienzan-a-ver-la-luz-los-huertos-urbanos-de-candas\/#breadcrumblist","itemListElement":[{"@type":"ListItem","@id":"https:\/\/candas365.es\/noticias#listItem","position":1,"name":"Home","item":"https:\/\/candas365.es\/noticias","nextItem":{"@type":"ListItem","@id":"https:\/\/candas365.es\/noticias\/category\/noticias-carreno\/#listItem","name":"Noticias Carre\u00f1o"}},{"@type":"ListItem","@id":"https:\/\/candas365.es\/noticias\/category\/noticias-carreno\/#listItem","position":2,"name":"Noticias Carre\u00f1o","item":"https:\/\/candas365.es\/noticias\/category\/noticias-carreno\/","nextItem":{"@type":"ListItem","@id":"https:\/\/candas365.es\/noticias\/comienzan-a-ver-la-luz-los-huertos-urbanos-de-candas\/#listItem","name":"Comienzan a ver la luz los huertos urbanos de Cand\u00e1s"},"previousItem":{"@type":"ListItem","@id":"https:\/\/candas365.es\/noticias#listItem","name":"Home"}},{"@type":"ListItem","@id":"https:\/\/candas365.es\/noticias\/comienzan-a-ver-la-luz-los-huertos-urbanos-de-candas\/#listItem","position":3,"name":"Comienzan a ver la luz los huertos urbanos de Cand\u00e1s","previousItem":{"@type":"ListItem","@id":"https:\/\/candas365.es\/noticias\/category\/noticias-carreno\/#listItem","name":"Noticias Carre\u00f1o"}}]},{"@type":"NewsArticle","@id":"https:\/\/candas365.es\/noticias\/comienzan-a-ver-la-luz-los-huertos-urbanos-de-candas\/#newsarticle","name":"Comienzan a ver la luz los huertos urbanos de Cand\u00e1s | Cand\u00e1s 365","headline":"Comienzan a ver la luz los huertos urbanos de Cand\u00e1s","author":{"@id":"https:\/\/candas365.es\/noticias\/author\/admin\/#author"},"publisher":{"@id":"https:\/\/candas365.es\/noticias\/#organization"},"image":{"@type":"ImageObject","url":"https:\/\/candas365.es\/noticias\/wp-content\/uploads\/2017\/10\/tomatoes-1280859_960_720.jpg","width":960,"height":632},"datePublished":"2017-10-16T11:05:14+02:00","dateModified":"2017-10-16T11:05:14+02:00","inLanguage":"es-ES","mainEntityOfPage":{"@id":"https:\/\/candas365.es\/noticias\/comienzan-a-ver-la-luz-los-huertos-urbanos-de-candas\/#webpage"},"isPartOf":{"@id":"https:\/\/candas365.es\/noticias\/comienzan-a-ver-la-luz-los-huertos-urbanos-de-candas\/#webpage"},"articleSection":"Noticias Carre\u00f1o","dateline":"Publicado el octubre 16, 2017."},{"@type":"Organization","@id":"https:\/\/candas365.es\/noticias\/#organization","name":"Cand\u00e1s 365","description":"Cand\u00e1s 365 es un diario digital independiente, fundado en 2012, con base en Asturias. Informamos con rigor sobre actualidad, sociedad, cultura y ocio, con una mirada local y global.","url":"https:\/\/candas365.es\/noticias\/","email":"info@candas365.es","telephone":"+34652131393","foundingDate":"2012-06-10","logo":{"@type":"ImageObject","url":"https:\/\/candas365.es\/noticias\/wp-content\/uploads\/2024\/09\/Candas-365-Redes.jpg","@id":"https:\/\/candas365.es\/noticias\/comienzan-a-ver-la-luz-los-huertos-urbanos-de-candas\/#organizationLogo","width":1152,"height":864,"caption":"Cand\u00e1s 365 Redes"},"image":{"@id":"https:\/\/candas365.es\/noticias\/comienzan-a-ver-la-luz-los-huertos-urbanos-de-candas\/#organizationLogo"},"sameAs":["https:\/\/www.facebook.com\/Nachofdezber","https:\/\/x.com\/NabercoDigital","https:\/\/www.instagram.com\/nachofdezber\/","https:\/\/www.youtube.com\/channel\/UCZP-2wLEB9Rv6erhFmqVnvg"],"address":{"@id":"https:\/\/candas365.es\/noticias\/#postaladdress","@type":"PostalAddress","streetAddress":"san antonio 4, san antonio 4","postalCode":"33430","addressLocality":"Cand\u00e1s","addressRegion":"Asturias","addressCountry":"ES"}},{"@type":"Person","@id":"https:\/\/candas365.es\/noticias\/author\/admin\/#author","url":"https:\/\/candas365.es\/noticias\/author\/admin\/","name":"Cand\u00e1s 365","image":{"@type":"ImageObject","@id":"https:\/\/candas365.es\/noticias\/comienzan-a-ver-la-luz-los-huertos-urbanos-de-candas\/#authorImage","url":"https:\/\/secure.gravatar.com\/avatar\/496a8e03d0c493ede1718b7934145dbdf8d89be1036b0eec9544e1094c9de390?s=96&d=mm&r=g","width":96,"height":96,"caption":"Cand\u00e1s 365"},"sameAs":["https:\/\/www.facebook.com\/carrenoactualidad","https:\/\/twitter.com\/nbasturias","https:\/\/www.instagram.com\/nachofdezber\/","https:\/\/www.youtube.com\/channel\/UCZP-2wLEB9Rv6erhFmqVnvg"]},{"@type":"WebPage","@id":"https:\/\/candas365.es\/noticias\/comienzan-a-ver-la-luz-los-huertos-urbanos-de-candas\/#webpage","url":"https:\/\/candas365.es\/noticias\/comienzan-a-ver-la-luz-los-huertos-urbanos-de-candas\/","name":"Comienzan a ver la luz los huertos urbanos de Cand\u00e1s | Cand\u00e1s 365","description":"El Ayuntamiento de Carre\u00f1o dispone de una parcela de titularidad municipal en el Barrio de la Matiella en Cand\u00e1s en la cual se dise\u00f1aron 56 huertos que tienen una superficie entre 35 y 50 m2. Dada la orograf\u00eda del terreno los huertos se dispusieron en bancales, lo que facilitar\u00e1 las labores de trabajo y movilidad,","inLanguage":"es-ES","isPartOf":{"@id":"https:\/\/candas365.es\/noticias\/#website"},"breadcrumb":{"@id":"https:\/\/candas365.es\/noticias\/comienzan-a-ver-la-luz-los-huertos-urbanos-de-candas\/#breadcrumblist"},"author":{"@id":"https:\/\/candas365.es\/noticias\/author\/admin\/#author"},"creator":{"@id":"https:\/\/candas365.es\/noticias\/author\/admin\/#author"},"image":{"@type":"ImageObject","url":"https:\/\/candas365.es\/noticias\/wp-content\/uploads\/2017\/10\/tomatoes-1280859_960_720.jpg","@id":"https:\/\/candas365.es\/noticias\/comienzan-a-ver-la-luz-los-huertos-urbanos-de-candas\/#mainImage","width":960,"height":632},"primaryImageOfPage":{"@id":"https:\/\/candas365.es\/noticias\/comienzan-a-ver-la-luz-los-huertos-urbanos-de-candas\/#mainImage"},"datePublished":"2017-10-16T11:05:14+02:00","dateModified":"2017-10-16T11:05:14+02:00"},{"@type":"WebSite","@id":"https:\/\/candas365.es\/noticias\/#website","url":"https:\/\/candas365.es\/noticias\/","name":"Cand\u00e1s 365","alternateName":"Cand\u00e1s 365 Noticias","description":"Actualidad desde Carre\u00f1o para el mundo","inLanguage":"es-ES","publisher":{"@id":"https:\/\/candas365.es\/noticias\/#organization"}}]},"og:locale":"es_ES","og:site_name":"Cand\u00e1s 365","og:type":"article","og:title":"Comienzan a ver la luz los huertos urbanos de Cand\u00e1s | Cand\u00e1s 365","og:description":"El Ayuntamiento de Carre\u00f1o dispone de una parcela de titularidad municipal en el Barrio de la Matiella en Cand\u00e1s en la cual se dise\u00f1aron 56 huertos que tienen una superficie entre 35 y 50 m2. Dada la orograf\u00eda del terreno los huertos se dispusieron en bancales, lo que facilitar\u00e1 las labores de trabajo y movilidad,","og:url":"https:\/\/candas365.es\/noticias\/comienzan-a-ver-la-luz-los-huertos-urbanos-de-candas\/","og:image":"https:\/\/candas365.es\/noticias\/wp-content\/uploads\/2017\/10\/tomatoes-1280859_960_720.jpg","og:image:secure_url":"https:\/\/candas365.es\/noticias\/wp-content\/uploads\/2017\/10\/tomatoes-1280859_960_720.jpg","og:image:width":960,"og:image:height":632,"article:published_time":"2017-10-16T11:05:14+00:00","article:modified_time":"2017-10-16T11:05:14+00:00","article:publisher":"https:\/\/www.facebook.com\/Nachofdezber","article:author":"https:\/\/www.facebook.com\/carrenoactualidad","twitter:card":"summary_large_image","twitter:site":"@NabercoDigital","twitter:title":"Comienzan a ver la luz los huertos urbanos de Cand\u00e1s | Cand\u00e1s 365","twitter:description":"El Ayuntamiento de Carre\u00f1o dispone de una parcela de titularidad municipal en el Barrio de la Matiella en Cand\u00e1s en la cual se dise\u00f1aron 56 huertos que tienen una superficie entre 35 y 50 m2. Dada la orograf\u00eda del terreno los huertos se dispusieron en bancales, lo que facilitar\u00e1 las labores de trabajo y movilidad,","twitter:creator":"@nbasturias","twitter:image":"https:\/\/candas365.es\/noticias\/wp-content\/uploads\/2017\/10\/tomatoes-1280859_960_720.jpg","twitter:label1":"Escrito por","twitter:data1":"Cand\u00e1s 365","twitter:label2":"Tiempo de lectura estimado","twitter:data2":"4 minutos"},"aioseo_meta_data":{"post_id":"82269","title":null,"description":null,"keywords":null,"keyphrases":null,"primary_term":null,"canonical_url":null,"og_title":null,"og_description":null,"og_object_type":"default","og_image_type":"default","og_image_url":null,"og_image_width":null,"og_image_height":null,"og_image_custom_url":null,"og_image_custom_fields":null,"og_video":null,"og_custom_url":null,"og_article_section":null,"og_article_tags":null,"twitter_use_og":false,"twitter_card":"default","twitter_image_type":"default","twitter_image_url":null,"twitter_image_custom_url":null,"twitter_image_custom_fields":null,"twitter_title":null,"twitter_description":null,"schema":{"blockGraphs":[],"customGraphs":[],"default":{"data":{"Article":[],"Course":[],"Dataset":[],"FAQPage":[],"Movie":[],"Person":[],"Product":[],"ProductReview":[],"Car":[],"Recipe":[],"Service":[],"SoftwareApplication":[],"WebPage":[]},"graphName":"","isEnabled":true},"graphs":[],"defaultGraph":"","defaultPostTypeGraph":""},"schema_type":null,"schema_type_options":null,"pillar_content":false,"robots_default":true,"robots_noindex":false,"robots_noarchive":false,"robots_nosnippet":false,"robots_nofollow":false,"robots_noimageindex":false,"robots_noodp":false,"robots_notranslate":false,"robots_max_snippet":null,"robots_max_videopreview":null,"robots_max_imagepreview":"large","priority":null,"frequency":null,"location":null,"local_seo":null,"seo_analyzer_scan_date":"2025-08-26 02:52:07","breadcrumb_settings":null,"limit_modified_date":false,"reviewed_by":null,"open_ai":null,"ai":null,"created":"2020-12-21 12:37:00","updated":"2025-08-26 02:52:07"},"aioseo_breadcrumb":"<div class=\"aioseo-breadcrumbs\"><span class=\"aioseo-breadcrumb\">\n\t<a href=\"https:\/\/candas365.es\/noticias\" title=\"Home\">Home<\/a>\n<\/span><span class=\"aioseo-breadcrumb-separator\">&ndash;<\/span><span class=\"aioseo-breadcrumb\">\n\t<a href=\"https:\/\/candas365.es\/noticias\/category\/noticias-carreno\/\" title=\"Noticias Carre\u00f1o\">Noticias Carre\u00f1o<\/a>\n<\/span><span class=\"aioseo-breadcrumb-separator\">&ndash;<\/span><span class=\"aioseo-breadcrumb\">\n\tComienzan a ver la luz los huertos urbanos de Cand\u00e1s\n<\/span><\/div>","aioseo_breadcrumb_json":[{"label":"Home","link":"https:\/\/candas365.es\/noticias"},{"label":"Noticias Carre\u00f1o","link":"https:\/\/candas365.es\/noticias\/category\/noticias-carreno\/"},{"label":"Comienzan a ver la luz los huertos urbanos de Cand\u00e1s","link":"https:\/\/candas365.es\/noticias\/comienzan-a-ver-la-luz-los-huertos-urbanos-de-candas\/"}],"_links":{"self":[{"href":"https:\/\/candas365.es\/noticias\/wp-json\/wp\/v2\/posts\/82269","targetHints":{"allow":["GET"]}}],"collection":[{"href":"https:\/\/candas365.es\/noticias\/wp-json\/wp\/v2\/posts"}],"about":[{"href":"https:\/\/candas365.es\/noticias\/wp-json\/wp\/v2\/types\/post"}],"author":[{"embeddable":true,"href":"https:\/\/candas365.es\/noticias\/wp-json\/wp\/v2\/users\/1"}],"replies":[{"embeddable":true,"href":"https:\/\/candas365.es\/noticias\/wp-json\/wp\/v2\/comments?post=82269"}],"version-history":[{"count":0,"href":"https:\/\/candas365.es\/noticias\/wp-json\/wp\/v2\/posts\/82269\/revisions"}],"wp:featuredmedia":[{"embeddable":true,"href":"https:\/\/candas365.es\/noticias\/wp-json\/wp\/v2\/media\/82270"}],"wp:attachment":[{"href":"https:\/\/candas365.es\/noticias\/wp-json\/wp\/v2\/media?parent=82269"}],"wp:term":[{"taxonomy":"category","embeddable":true,"href":"https:\/\/candas365.es\/noticias\/wp-json\/wp\/v2\/categories?post=82269"},{"taxonomy":"post_tag","embeddable":true,"href":"https:\/\/candas365.es\/noticias\/wp-json\/wp\/v2\/tags?post=82269"}],"curies":[{"name":"wp","href":"https:\/\/api.w.org\/{rel}","templated":true}]}}