{"id":82248,"date":"2017-10-15T19:11:45","date_gmt":"2017-10-15T19:11:45","guid":{"rendered":"http:\/\/candas365.es\/noticias\/?p=82248"},"modified":"2017-10-15T19:11:45","modified_gmt":"2017-10-15T19:11:45","slug":"el-coro-de-la-bodega-de-candas-ofrece-un-concierto-en-laviana","status":"publish","type":"post","link":"https:\/\/candas365.es\/noticias\/el-coro-de-la-bodega-de-candas-ofrece-un-concierto-en-laviana\/","title":{"rendered":"El Coro de la Bodega de Cand\u00e1s ofrece un concierto en Laviana"},"content":{"rendered":"<p><img fetchpriority=\"high\" decoding=\"async\" class=\"alignleft size-medium wp-image-82249\" src=\"https:\/\/candas365.es\/noticias\/wp-content\/uploads\/2017\/10\/20171014-WA0064-360x270.jpg\" alt=\"\" width=\"360\" height=\"270\" srcset=\"https:\/\/candas365.es\/noticias\/wp-content\/uploads\/2017\/10\/20171014-WA0064-360x270.jpg 360w, https:\/\/candas365.es\/noticias\/wp-content\/uploads\/2017\/10\/20171014-WA0064-768x576.jpg 768w, https:\/\/candas365.es\/noticias\/wp-content\/uploads\/2017\/10\/20171014-WA0064-640x480.jpg 640w, https:\/\/candas365.es\/noticias\/wp-content\/uploads\/2017\/10\/20171014-WA0064-80x60.jpg 80w, https:\/\/candas365.es\/noticias\/wp-content\/uploads\/2017\/10\/20171014-WA0064-265x198.jpg 265w, https:\/\/candas365.es\/noticias\/wp-content\/uploads\/2017\/10\/20171014-WA0064-696x522.jpg 696w, https:\/\/candas365.es\/noticias\/wp-content\/uploads\/2017\/10\/20171014-WA0064-1068x801.jpg 1068w, https:\/\/candas365.es\/noticias\/wp-content\/uploads\/2017\/10\/20171014-WA0064-560x420.jpg 560w, https:\/\/candas365.es\/noticias\/wp-content\/uploads\/2017\/10\/20171014-WA0064-90x67.jpg 90w, https:\/\/candas365.es\/noticias\/wp-content\/uploads\/2017\/10\/20171014-WA0064.jpg 1600w\" sizes=\"(max-width: 360px) 100vw, 360px\" \/>El coro de la Bodega particip\u00f3 en la 31 edici\u00f3n del Mes Coral de Laviana con un concierto coral en la Iglesia de Santa Mar\u00eda de Pola de Laviana.<\/p>\n<p>\u201cSi alg\u00fan d\u00eda ven\u00eds a la provincia de Asturias no os vay\u00e1is sin echar una ojeada a Rodillero. Es el pueblo m\u00e1s singular y extra\u00f1o de ella, ya que no el m\u00e1s hermoso&#8230;\u00bb. As\u00ed empieza la novela \u00abJos\u00e9\u00bb, del escritor asturiano Armando Palacio Vald\u00e9s.<\/p>\n<p>En la novela \u201cJos\u00e9 \u201c, Armando Palacio Vald\u00e9s recrea la vida cotidiana de los habitantes de un pueblo marinero asturiano en 1885. Es una novela realista, protagonizada por los hombres y las mujeres del pueblo ficticio de Rodillero, como lo muestra este p\u00e1rrafo de la novela: \u00abLos hombres salen a la mar por la ma\u00f1ana o a medianoche, seg\u00fan la estaci\u00f3n, y regresan por la tarde: las mujeres se ocupan en llevar el pescado a las villas inmediatas, o en fre\u00edrlo para escabeche en las f\u00e1bricas, en tejer y remendar las redes, coser las velas y en los dem\u00e1s quehaceres dom\u00e9sticos\u00bb.<\/p>\n<p>Existe una doble conexi\u00f3n entre Palacio Vald\u00e9s y Cand\u00e1s, por un lado sus largas estancias veraniegas y, por otro, la relaci\u00f3n existente entre Cand\u00e1s y Rodillero. Motivo por el que la Junta Directiva de la Masa Coral de Laviana, que cumple este a\u00f1o 40 a\u00f1os de existencia, y el Ayuntamiento de Laviana, a trav\u00e9s de su concejal\u00eda de cultura, invitaron a participar al Ayuntamiento de Carre\u00f1o y al Coro de la Bodega en esta edici\u00f3n del Mes Coral, una oportunidad para todas las personas aficionadas de disfrutar de las voces agrupadas y de la tradici\u00f3n oral.<\/p>\n<p>Ayer, en su concejo natal, Laviana, el coro candas\u00edn que fund\u00f3 en 2013 el tristemente desaparecido Jos\u00e9 Ram\u00f3n Gonz\u00e1lez Mu\u00f1iz, que dirige Salvador Cuervo deleito con sus 30 voces mixtas a lavianeses y visitantes.<\/p>\n<p>En representaci\u00f3n del Ayuntamiento de Carre\u00f1o, les acompa\u00f1\u00f3 el edil Simi Velasco.<\/p>\n<p>Bajo la batuta de Salvador Cuervo y teniendo como organista y director de la orquesta al perlor\u00edn Jos\u00e9 Luis Iglesias interpretaron La Candasina, Sardinera, La Playa del Querer, Yo quiero ser marinero, Como la Flor, Juventud, En los surcos del amor, El Mar, Ave Mar\u00eda, Pescadera candasina, El d\u00eda que me quieras y La Golondrina.<\/p>\n<p>El Coro de la Bodega deleit\u00f3 al p\u00fablico asistente con una interpretaci\u00f3n de m\u00fasica regional, polifon\u00eda y por supuesto habaneras.<\/p>\n<p>El pr\u00f3ximo 29 de Octubre, invitados por Eventos Musicales Internacionales de Austria, el Coro de la Bodega de Cand\u00e1s cantar\u00e1 en la Catedral de Burdeos ( Francia).<\/p>\n<p>&nbsp;<\/p>\n","protected":false},"excerpt":{"rendered":"<p>El coro de la Bodega particip\u00f3 en la 31 edici\u00f3n del Mes Coral de Laviana con un concierto coral en la Iglesia de Santa Mar\u00eda de Pola de Laviana. \u201cSi alg\u00fan d\u00eda ven\u00eds a la provincia de Asturias no os vay\u00e1is sin echar una ojeada a Rodillero. Es el pueblo m\u00e1s singular y extra\u00f1o de<\/p>\n","protected":false},"author":1,"featured_media":82249,"comment_status":"closed","ping_status":"closed","sticky":false,"template":"","format":"standard","meta":{"footnotes":""},"categories":[2],"tags":[],"class_list":{"0":"post-82248","1":"post","2":"type-post","3":"status-publish","4":"format-standard","5":"has-post-thumbnail","7":"category-noticias-carreno"},"aioseo_notices":[],"aioseo_head":"\n\t\t<!-- All in One SEO Pro 4.9.6.2 - aioseo.com -->\n\t<meta name=\"description\" content=\"El coro de la Bodega particip\u00f3 en la 31 edici\u00f3n del Mes Coral de Laviana con un concierto coral en la Iglesia de Santa Mar\u00eda de Pola de Laviana. \u201cSi alg\u00fan d\u00eda ven\u00eds a la provincia de Asturias no os vay\u00e1is sin echar una ojeada a Rodillero. Es el pueblo m\u00e1s singular y extra\u00f1o de\" \/>\n\t<meta name=\"robots\" content=\"max-image-preview:large\" \/>\n\t<meta name=\"author\" content=\"Cand\u00e1s 365\"\/>\n\t<meta name=\"google-site-verification\" content=\"UA-32230408-1\" \/>\n\t<meta name=\"msvalidate.01\" content=\"354F3CDFB2DA171B47FBE9ABF1F88D5\" \/>\n\t<meta name=\"keywords\" content=\"noticias carre\u00f1o\" \/>\n\t<link rel=\"canonical\" href=\"https:\/\/candas365.es\/noticias\/el-coro-de-la-bodega-de-candas-ofrece-un-concierto-en-laviana\/\" \/>\n\t<meta name=\"generator\" content=\"All in One SEO Pro (AIOSEO) 4.9.6.2\" \/>\n\t\t<meta property=\"og:locale\" content=\"es_ES\" \/>\n\t\t<meta property=\"og:site_name\" content=\"Cand\u00e1s 365\" \/>\n\t\t<meta property=\"og:type\" content=\"article\" \/>\n\t\t<meta property=\"og:title\" content=\"El Coro de la Bodega de Cand\u00e1s ofrece un concierto en Laviana | Cand\u00e1s 365\" \/>\n\t\t<meta property=\"og:description\" content=\"El coro de la Bodega particip\u00f3 en la 31 edici\u00f3n del Mes Coral de Laviana con un concierto coral en la Iglesia de Santa Mar\u00eda de Pola de Laviana. \u201cSi alg\u00fan d\u00eda ven\u00eds a la provincia de Asturias no os vay\u00e1is sin echar una ojeada a Rodillero. Es el pueblo m\u00e1s singular y extra\u00f1o de\" \/>\n\t\t<meta property=\"og:url\" content=\"https:\/\/candas365.es\/noticias\/el-coro-de-la-bodega-de-candas-ofrece-un-concierto-en-laviana\/\" \/>\n\t\t<meta property=\"og:image\" content=\"https:\/\/candas365.es\/noticias\/wp-content\/uploads\/2017\/10\/20171014-WA0064.jpg\" \/>\n\t\t<meta property=\"og:image:secure_url\" content=\"https:\/\/candas365.es\/noticias\/wp-content\/uploads\/2017\/10\/20171014-WA0064.jpg\" \/>\n\t\t<meta property=\"og:image:width\" content=\"1600\" \/>\n\t\t<meta property=\"og:image:height\" content=\"1200\" \/>\n\t\t<meta property=\"article:published_time\" content=\"2017-10-15T19:11:45+00:00\" \/>\n\t\t<meta property=\"article:modified_time\" content=\"2017-10-15T19:11:45+00:00\" \/>\n\t\t<meta property=\"article:publisher\" content=\"https:\/\/www.facebook.com\/Nachofdezber\" \/>\n\t\t<meta property=\"article:author\" content=\"https:\/\/www.facebook.com\/carrenoactualidad\" \/>\n\t\t<meta name=\"twitter:card\" content=\"summary_large_image\" \/>\n\t\t<meta name=\"twitter:site\" content=\"@NabercoDigital\" \/>\n\t\t<meta name=\"twitter:title\" content=\"El Coro de la Bodega de Cand\u00e1s ofrece un concierto en Laviana | Cand\u00e1s 365\" \/>\n\t\t<meta name=\"twitter:description\" content=\"El coro de la Bodega particip\u00f3 en la 31 edici\u00f3n del Mes Coral de Laviana con un concierto coral en la Iglesia de Santa Mar\u00eda de Pola de Laviana. \u201cSi alg\u00fan d\u00eda ven\u00eds a la provincia de Asturias no os vay\u00e1is sin echar una ojeada a Rodillero. Es el pueblo m\u00e1s singular y extra\u00f1o de\" \/>\n\t\t<meta name=\"twitter:creator\" content=\"@nbasturias\" \/>\n\t\t<meta name=\"twitter:image\" content=\"https:\/\/candas365.es\/noticias\/wp-content\/uploads\/2017\/10\/20171014-WA0064.jpg\" \/>\n\t\t<meta name=\"twitter:label1\" content=\"Escrito por\" \/>\n\t\t<meta name=\"twitter:data1\" content=\"Cand\u00e1s 365\" \/>\n\t\t<meta name=\"twitter:label2\" content=\"Tiempo de lectura estimado\" \/>\n\t\t<meta name=\"twitter:data2\" content=\"2 minutos\" \/>\n\t\t<script type=\"application\/ld+json\" class=\"aioseo-schema\">\n\t\t\t{\"@context\":\"https:\\\/\\\/schema.org\",\"@graph\":[{\"@type\":\"BreadcrumbList\",\"@id\":\"https:\\\/\\\/candas365.es\\\/noticias\\\/el-coro-de-la-bodega-de-candas-ofrece-un-concierto-en-laviana\\\/#breadcrumblist\",\"itemListElement\":[{\"@type\":\"ListItem\",\"@id\":\"https:\\\/\\\/candas365.es\\\/noticias#listItem\",\"position\":1,\"name\":\"Home\",\"item\":\"https:\\\/\\\/candas365.es\\\/noticias\",\"nextItem\":{\"@type\":\"ListItem\",\"@id\":\"https:\\\/\\\/candas365.es\\\/noticias\\\/category\\\/noticias-carreno\\\/#listItem\",\"name\":\"Noticias Carre\\u00f1o\"}},{\"@type\":\"ListItem\",\"@id\":\"https:\\\/\\\/candas365.es\\\/noticias\\\/category\\\/noticias-carreno\\\/#listItem\",\"position\":2,\"name\":\"Noticias Carre\\u00f1o\",\"item\":\"https:\\\/\\\/candas365.es\\\/noticias\\\/category\\\/noticias-carreno\\\/\",\"nextItem\":{\"@type\":\"ListItem\",\"@id\":\"https:\\\/\\\/candas365.es\\\/noticias\\\/el-coro-de-la-bodega-de-candas-ofrece-un-concierto-en-laviana\\\/#listItem\",\"name\":\"El Coro de la Bodega de Cand\\u00e1s ofrece un concierto en Laviana\"},\"previousItem\":{\"@type\":\"ListItem\",\"@id\":\"https:\\\/\\\/candas365.es\\\/noticias#listItem\",\"name\":\"Home\"}},{\"@type\":\"ListItem\",\"@id\":\"https:\\\/\\\/candas365.es\\\/noticias\\\/el-coro-de-la-bodega-de-candas-ofrece-un-concierto-en-laviana\\\/#listItem\",\"position\":3,\"name\":\"El Coro de la Bodega de Cand\\u00e1s ofrece un concierto en Laviana\",\"previousItem\":{\"@type\":\"ListItem\",\"@id\":\"https:\\\/\\\/candas365.es\\\/noticias\\\/category\\\/noticias-carreno\\\/#listItem\",\"name\":\"Noticias Carre\\u00f1o\"}}]},{\"@type\":\"NewsArticle\",\"@id\":\"https:\\\/\\\/candas365.es\\\/noticias\\\/el-coro-de-la-bodega-de-candas-ofrece-un-concierto-en-laviana\\\/#newsarticle\",\"name\":\"El Coro de la Bodega de Cand\\u00e1s ofrece un concierto en Laviana | Cand\\u00e1s 365\",\"headline\":\"El Coro de la Bodega de Cand\\u00e1s ofrece un concierto en Laviana\",\"author\":{\"@id\":\"https:\\\/\\\/candas365.es\\\/noticias\\\/author\\\/admin\\\/#author\"},\"publisher\":{\"@id\":\"https:\\\/\\\/candas365.es\\\/noticias\\\/#organization\"},\"image\":{\"@type\":\"ImageObject\",\"url\":\"https:\\\/\\\/candas365.es\\\/noticias\\\/wp-content\\\/uploads\\\/2017\\\/10\\\/20171014-WA0064.jpg\",\"width\":1600,\"height\":1200},\"datePublished\":\"2017-10-15T19:11:45+02:00\",\"dateModified\":\"2017-10-15T19:11:45+02:00\",\"inLanguage\":\"es-ES\",\"mainEntityOfPage\":{\"@id\":\"https:\\\/\\\/candas365.es\\\/noticias\\\/el-coro-de-la-bodega-de-candas-ofrece-un-concierto-en-laviana\\\/#webpage\"},\"isPartOf\":{\"@id\":\"https:\\\/\\\/candas365.es\\\/noticias\\\/el-coro-de-la-bodega-de-candas-ofrece-un-concierto-en-laviana\\\/#webpage\"},\"articleSection\":\"Noticias Carre\\u00f1o\",\"dateline\":\"Publicado el octubre 15, 2017.\"},{\"@type\":\"Organization\",\"@id\":\"https:\\\/\\\/candas365.es\\\/noticias\\\/#organization\",\"name\":\"Cand\\u00e1s 365\",\"description\":\"Cand\\u00e1s 365 es un diario digital independiente, fundado en 2012, con base en Asturias. Informamos con rigor sobre actualidad, sociedad, cultura y ocio, con una mirada local y global.\",\"url\":\"https:\\\/\\\/candas365.es\\\/noticias\\\/\",\"email\":\"info@candas365.es\",\"telephone\":\"+34652131393\",\"foundingDate\":\"2012-06-10\",\"logo\":{\"@type\":\"ImageObject\",\"url\":\"https:\\\/\\\/candas365.es\\\/noticias\\\/wp-content\\\/uploads\\\/2024\\\/09\\\/Candas-365-Redes.jpg\",\"@id\":\"https:\\\/\\\/candas365.es\\\/noticias\\\/el-coro-de-la-bodega-de-candas-ofrece-un-concierto-en-laviana\\\/#organizationLogo\",\"width\":1152,\"height\":864,\"caption\":\"Cand\\u00e1s 365 Redes\"},\"image\":{\"@id\":\"https:\\\/\\\/candas365.es\\\/noticias\\\/el-coro-de-la-bodega-de-candas-ofrece-un-concierto-en-laviana\\\/#organizationLogo\"},\"sameAs\":[\"https:\\\/\\\/www.facebook.com\\\/Nachofdezber\",\"https:\\\/\\\/x.com\\\/NabercoDigital\",\"https:\\\/\\\/www.instagram.com\\\/nachofdezber\\\/\",\"https:\\\/\\\/www.youtube.com\\\/channel\\\/UCZP-2wLEB9Rv6erhFmqVnvg\"],\"address\":{\"@id\":\"https:\\\/\\\/candas365.es\\\/noticias\\\/#postaladdress\",\"@type\":\"PostalAddress\",\"streetAddress\":\"san antonio 4, san antonio 4\",\"postalCode\":\"33430\",\"addressLocality\":\"Cand\\u00e1s\",\"addressRegion\":\"Asturias\",\"addressCountry\":\"ES\"}},{\"@type\":\"Person\",\"@id\":\"https:\\\/\\\/candas365.es\\\/noticias\\\/author\\\/admin\\\/#author\",\"url\":\"https:\\\/\\\/candas365.es\\\/noticias\\\/author\\\/admin\\\/\",\"name\":\"Cand\\u00e1s 365\",\"image\":{\"@type\":\"ImageObject\",\"@id\":\"https:\\\/\\\/candas365.es\\\/noticias\\\/el-coro-de-la-bodega-de-candas-ofrece-un-concierto-en-laviana\\\/#authorImage\",\"url\":\"https:\\\/\\\/secure.gravatar.com\\\/avatar\\\/496a8e03d0c493ede1718b7934145dbdf8d89be1036b0eec9544e1094c9de390?s=96&d=mm&r=g\",\"width\":96,\"height\":96,\"caption\":\"Cand\\u00e1s 365\"},\"sameAs\":[\"https:\\\/\\\/www.facebook.com\\\/carrenoactualidad\",\"https:\\\/\\\/twitter.com\\\/nbasturias\",\"https:\\\/\\\/www.instagram.com\\\/nachofdezber\\\/\",\"https:\\\/\\\/www.youtube.com\\\/channel\\\/UCZP-2wLEB9Rv6erhFmqVnvg\"]},{\"@type\":\"WebPage\",\"@id\":\"https:\\\/\\\/candas365.es\\\/noticias\\\/el-coro-de-la-bodega-de-candas-ofrece-un-concierto-en-laviana\\\/#webpage\",\"url\":\"https:\\\/\\\/candas365.es\\\/noticias\\\/el-coro-de-la-bodega-de-candas-ofrece-un-concierto-en-laviana\\\/\",\"name\":\"El Coro de la Bodega de Cand\\u00e1s ofrece un concierto en Laviana | Cand\\u00e1s 365\",\"description\":\"El coro de la Bodega particip\\u00f3 en la 31 edici\\u00f3n del Mes Coral de Laviana con un concierto coral en la Iglesia de Santa Mar\\u00eda de Pola de Laviana. \\u201cSi alg\\u00fan d\\u00eda ven\\u00eds a la provincia de Asturias no os vay\\u00e1is sin echar una ojeada a Rodillero. Es el pueblo m\\u00e1s singular y extra\\u00f1o de\",\"inLanguage\":\"es-ES\",\"isPartOf\":{\"@id\":\"https:\\\/\\\/candas365.es\\\/noticias\\\/#website\"},\"breadcrumb\":{\"@id\":\"https:\\\/\\\/candas365.es\\\/noticias\\\/el-coro-de-la-bodega-de-candas-ofrece-un-concierto-en-laviana\\\/#breadcrumblist\"},\"author\":{\"@id\":\"https:\\\/\\\/candas365.es\\\/noticias\\\/author\\\/admin\\\/#author\"},\"creator\":{\"@id\":\"https:\\\/\\\/candas365.es\\\/noticias\\\/author\\\/admin\\\/#author\"},\"image\":{\"@type\":\"ImageObject\",\"url\":\"https:\\\/\\\/candas365.es\\\/noticias\\\/wp-content\\\/uploads\\\/2017\\\/10\\\/20171014-WA0064.jpg\",\"@id\":\"https:\\\/\\\/candas365.es\\\/noticias\\\/el-coro-de-la-bodega-de-candas-ofrece-un-concierto-en-laviana\\\/#mainImage\",\"width\":1600,\"height\":1200},\"primaryImageOfPage\":{\"@id\":\"https:\\\/\\\/candas365.es\\\/noticias\\\/el-coro-de-la-bodega-de-candas-ofrece-un-concierto-en-laviana\\\/#mainImage\"},\"datePublished\":\"2017-10-15T19:11:45+02:00\",\"dateModified\":\"2017-10-15T19:11:45+02:00\"},{\"@type\":\"WebSite\",\"@id\":\"https:\\\/\\\/candas365.es\\\/noticias\\\/#website\",\"url\":\"https:\\\/\\\/candas365.es\\\/noticias\\\/\",\"name\":\"Cand\\u00e1s 365\",\"alternateName\":\"Cand\\u00e1s 365 Noticias\",\"description\":\"Actualidad desde Carre\\u00f1o para el mundo\",\"inLanguage\":\"es-ES\",\"publisher\":{\"@id\":\"https:\\\/\\\/candas365.es\\\/noticias\\\/#organization\"}}]}\n\t\t<\/script>\n\t\t<!-- All in One SEO Pro -->\r\n\t\t<title>El Coro de la Bodega de Cand\u00e1s ofrece un concierto en Laviana | Cand\u00e1s 365<\/title>\n\n","aioseo_head_json":{"title":"El Coro de la Bodega de Cand\u00e1s ofrece un concierto en Laviana | Cand\u00e1s 365","description":"El coro de la Bodega particip\u00f3 en la 31 edici\u00f3n del Mes Coral de Laviana con un concierto coral en la Iglesia de Santa Mar\u00eda de Pola de Laviana. \u201cSi alg\u00fan d\u00eda ven\u00eds a la provincia de Asturias no os vay\u00e1is sin echar una ojeada a Rodillero. Es el pueblo m\u00e1s singular y extra\u00f1o de","canonical_url":"https:\/\/candas365.es\/noticias\/el-coro-de-la-bodega-de-candas-ofrece-un-concierto-en-laviana\/","robots":"max-image-preview:large","keywords":"noticias carre\u00f1o","webmasterTools":{"google-site-verification":"UA-32230408-1","msvalidate.01":"354F3CDFB2DA171B47FBE9ABF1F88D5","miscellaneous":""},"schema":{"@context":"https:\/\/schema.org","@graph":[{"@type":"BreadcrumbList","@id":"https:\/\/candas365.es\/noticias\/el-coro-de-la-bodega-de-candas-ofrece-un-concierto-en-laviana\/#breadcrumblist","itemListElement":[{"@type":"ListItem","@id":"https:\/\/candas365.es\/noticias#listItem","position":1,"name":"Home","item":"https:\/\/candas365.es\/noticias","nextItem":{"@type":"ListItem","@id":"https:\/\/candas365.es\/noticias\/category\/noticias-carreno\/#listItem","name":"Noticias Carre\u00f1o"}},{"@type":"ListItem","@id":"https:\/\/candas365.es\/noticias\/category\/noticias-carreno\/#listItem","position":2,"name":"Noticias Carre\u00f1o","item":"https:\/\/candas365.es\/noticias\/category\/noticias-carreno\/","nextItem":{"@type":"ListItem","@id":"https:\/\/candas365.es\/noticias\/el-coro-de-la-bodega-de-candas-ofrece-un-concierto-en-laviana\/#listItem","name":"El Coro de la Bodega de Cand\u00e1s ofrece un concierto en Laviana"},"previousItem":{"@type":"ListItem","@id":"https:\/\/candas365.es\/noticias#listItem","name":"Home"}},{"@type":"ListItem","@id":"https:\/\/candas365.es\/noticias\/el-coro-de-la-bodega-de-candas-ofrece-un-concierto-en-laviana\/#listItem","position":3,"name":"El Coro de la Bodega de Cand\u00e1s ofrece un concierto en Laviana","previousItem":{"@type":"ListItem","@id":"https:\/\/candas365.es\/noticias\/category\/noticias-carreno\/#listItem","name":"Noticias Carre\u00f1o"}}]},{"@type":"NewsArticle","@id":"https:\/\/candas365.es\/noticias\/el-coro-de-la-bodega-de-candas-ofrece-un-concierto-en-laviana\/#newsarticle","name":"El Coro de la Bodega de Cand\u00e1s ofrece un concierto en Laviana | Cand\u00e1s 365","headline":"El Coro de la Bodega de Cand\u00e1s ofrece un concierto en Laviana","author":{"@id":"https:\/\/candas365.es\/noticias\/author\/admin\/#author"},"publisher":{"@id":"https:\/\/candas365.es\/noticias\/#organization"},"image":{"@type":"ImageObject","url":"https:\/\/candas365.es\/noticias\/wp-content\/uploads\/2017\/10\/20171014-WA0064.jpg","width":1600,"height":1200},"datePublished":"2017-10-15T19:11:45+02:00","dateModified":"2017-10-15T19:11:45+02:00","inLanguage":"es-ES","mainEntityOfPage":{"@id":"https:\/\/candas365.es\/noticias\/el-coro-de-la-bodega-de-candas-ofrece-un-concierto-en-laviana\/#webpage"},"isPartOf":{"@id":"https:\/\/candas365.es\/noticias\/el-coro-de-la-bodega-de-candas-ofrece-un-concierto-en-laviana\/#webpage"},"articleSection":"Noticias Carre\u00f1o","dateline":"Publicado el octubre 15, 2017."},{"@type":"Organization","@id":"https:\/\/candas365.es\/noticias\/#organization","name":"Cand\u00e1s 365","description":"Cand\u00e1s 365 es un diario digital independiente, fundado en 2012, con base en Asturias. Informamos con rigor sobre actualidad, sociedad, cultura y ocio, con una mirada local y global.","url":"https:\/\/candas365.es\/noticias\/","email":"info@candas365.es","telephone":"+34652131393","foundingDate":"2012-06-10","logo":{"@type":"ImageObject","url":"https:\/\/candas365.es\/noticias\/wp-content\/uploads\/2024\/09\/Candas-365-Redes.jpg","@id":"https:\/\/candas365.es\/noticias\/el-coro-de-la-bodega-de-candas-ofrece-un-concierto-en-laviana\/#organizationLogo","width":1152,"height":864,"caption":"Cand\u00e1s 365 Redes"},"image":{"@id":"https:\/\/candas365.es\/noticias\/el-coro-de-la-bodega-de-candas-ofrece-un-concierto-en-laviana\/#organizationLogo"},"sameAs":["https:\/\/www.facebook.com\/Nachofdezber","https:\/\/x.com\/NabercoDigital","https:\/\/www.instagram.com\/nachofdezber\/","https:\/\/www.youtube.com\/channel\/UCZP-2wLEB9Rv6erhFmqVnvg"],"address":{"@id":"https:\/\/candas365.es\/noticias\/#postaladdress","@type":"PostalAddress","streetAddress":"san antonio 4, san antonio 4","postalCode":"33430","addressLocality":"Cand\u00e1s","addressRegion":"Asturias","addressCountry":"ES"}},{"@type":"Person","@id":"https:\/\/candas365.es\/noticias\/author\/admin\/#author","url":"https:\/\/candas365.es\/noticias\/author\/admin\/","name":"Cand\u00e1s 365","image":{"@type":"ImageObject","@id":"https:\/\/candas365.es\/noticias\/el-coro-de-la-bodega-de-candas-ofrece-un-concierto-en-laviana\/#authorImage","url":"https:\/\/secure.gravatar.com\/avatar\/496a8e03d0c493ede1718b7934145dbdf8d89be1036b0eec9544e1094c9de390?s=96&d=mm&r=g","width":96,"height":96,"caption":"Cand\u00e1s 365"},"sameAs":["https:\/\/www.facebook.com\/carrenoactualidad","https:\/\/twitter.com\/nbasturias","https:\/\/www.instagram.com\/nachofdezber\/","https:\/\/www.youtube.com\/channel\/UCZP-2wLEB9Rv6erhFmqVnvg"]},{"@type":"WebPage","@id":"https:\/\/candas365.es\/noticias\/el-coro-de-la-bodega-de-candas-ofrece-un-concierto-en-laviana\/#webpage","url":"https:\/\/candas365.es\/noticias\/el-coro-de-la-bodega-de-candas-ofrece-un-concierto-en-laviana\/","name":"El Coro de la Bodega de Cand\u00e1s ofrece un concierto en Laviana | Cand\u00e1s 365","description":"El coro de la Bodega particip\u00f3 en la 31 edici\u00f3n del Mes Coral de Laviana con un concierto coral en la Iglesia de Santa Mar\u00eda de Pola de Laviana. \u201cSi alg\u00fan d\u00eda ven\u00eds a la provincia de Asturias no os vay\u00e1is sin echar una ojeada a Rodillero. Es el pueblo m\u00e1s singular y extra\u00f1o de","inLanguage":"es-ES","isPartOf":{"@id":"https:\/\/candas365.es\/noticias\/#website"},"breadcrumb":{"@id":"https:\/\/candas365.es\/noticias\/el-coro-de-la-bodega-de-candas-ofrece-un-concierto-en-laviana\/#breadcrumblist"},"author":{"@id":"https:\/\/candas365.es\/noticias\/author\/admin\/#author"},"creator":{"@id":"https:\/\/candas365.es\/noticias\/author\/admin\/#author"},"image":{"@type":"ImageObject","url":"https:\/\/candas365.es\/noticias\/wp-content\/uploads\/2017\/10\/20171014-WA0064.jpg","@id":"https:\/\/candas365.es\/noticias\/el-coro-de-la-bodega-de-candas-ofrece-un-concierto-en-laviana\/#mainImage","width":1600,"height":1200},"primaryImageOfPage":{"@id":"https:\/\/candas365.es\/noticias\/el-coro-de-la-bodega-de-candas-ofrece-un-concierto-en-laviana\/#mainImage"},"datePublished":"2017-10-15T19:11:45+02:00","dateModified":"2017-10-15T19:11:45+02:00"},{"@type":"WebSite","@id":"https:\/\/candas365.es\/noticias\/#website","url":"https:\/\/candas365.es\/noticias\/","name":"Cand\u00e1s 365","alternateName":"Cand\u00e1s 365 Noticias","description":"Actualidad desde Carre\u00f1o para el mundo","inLanguage":"es-ES","publisher":{"@id":"https:\/\/candas365.es\/noticias\/#organization"}}]},"og:locale":"es_ES","og:site_name":"Cand\u00e1s 365","og:type":"article","og:title":"El Coro de la Bodega de Cand\u00e1s ofrece un concierto en Laviana | Cand\u00e1s 365","og:description":"El coro de la Bodega particip\u00f3 en la 31 edici\u00f3n del Mes Coral de Laviana con un concierto coral en la Iglesia de Santa Mar\u00eda de Pola de Laviana. \u201cSi alg\u00fan d\u00eda ven\u00eds a la provincia de Asturias no os vay\u00e1is sin echar una ojeada a Rodillero. Es el pueblo m\u00e1s singular y extra\u00f1o de","og:url":"https:\/\/candas365.es\/noticias\/el-coro-de-la-bodega-de-candas-ofrece-un-concierto-en-laviana\/","og:image":"https:\/\/candas365.es\/noticias\/wp-content\/uploads\/2017\/10\/20171014-WA0064.jpg","og:image:secure_url":"https:\/\/candas365.es\/noticias\/wp-content\/uploads\/2017\/10\/20171014-WA0064.jpg","og:image:width":1600,"og:image:height":1200,"article:published_time":"2017-10-15T19:11:45+00:00","article:modified_time":"2017-10-15T19:11:45+00:00","article:publisher":"https:\/\/www.facebook.com\/Nachofdezber","article:author":"https:\/\/www.facebook.com\/carrenoactualidad","twitter:card":"summary_large_image","twitter:site":"@NabercoDigital","twitter:title":"El Coro de la Bodega de Cand\u00e1s ofrece un concierto en Laviana | Cand\u00e1s 365","twitter:description":"El coro de la Bodega particip\u00f3 en la 31 edici\u00f3n del Mes Coral de Laviana con un concierto coral en la Iglesia de Santa Mar\u00eda de Pola de Laviana. \u201cSi alg\u00fan d\u00eda ven\u00eds a la provincia de Asturias no os vay\u00e1is sin echar una ojeada a Rodillero. Es el pueblo m\u00e1s singular y extra\u00f1o de","twitter:creator":"@nbasturias","twitter:image":"https:\/\/candas365.es\/noticias\/wp-content\/uploads\/2017\/10\/20171014-WA0064.jpg","twitter:label1":"Escrito por","twitter:data1":"Cand\u00e1s 365","twitter:label2":"Tiempo de lectura estimado","twitter:data2":"2 minutos"},"aioseo_meta_data":{"post_id":"82248","title":null,"description":null,"keywords":null,"keyphrases":null,"primary_term":null,"canonical_url":null,"og_title":null,"og_description":null,"og_object_type":"default","og_image_type":"default","og_image_url":null,"og_image_width":null,"og_image_height":null,"og_image_custom_url":null,"og_image_custom_fields":null,"og_video":null,"og_custom_url":null,"og_article_section":null,"og_article_tags":null,"twitter_use_og":false,"twitter_card":"default","twitter_image_type":"default","twitter_image_url":null,"twitter_image_custom_url":null,"twitter_image_custom_fields":null,"twitter_title":null,"twitter_description":null,"schema":{"blockGraphs":[],"customGraphs":[],"default":{"data":{"Article":[],"Course":[],"Dataset":[],"FAQPage":[],"Movie":[],"Person":[],"Product":[],"ProductReview":[],"Car":[],"Recipe":[],"Service":[],"SoftwareApplication":[],"WebPage":[]},"graphName":"","isEnabled":true},"graphs":[],"defaultGraph":"","defaultPostTypeGraph":""},"schema_type":null,"schema_type_options":null,"pillar_content":false,"robots_default":true,"robots_noindex":false,"robots_noarchive":false,"robots_nosnippet":false,"robots_nofollow":false,"robots_noimageindex":false,"robots_noodp":false,"robots_notranslate":false,"robots_max_snippet":null,"robots_max_videopreview":null,"robots_max_imagepreview":"large","priority":null,"frequency":null,"location":null,"local_seo":null,"seo_analyzer_scan_date":"2025-08-26 02:50:19","breadcrumb_settings":null,"limit_modified_date":false,"reviewed_by":null,"open_ai":null,"ai":null,"created":"2020-12-21 12:37:57","updated":"2025-08-26 02:50:19"},"aioseo_breadcrumb":"<div class=\"aioseo-breadcrumbs\"><span class=\"aioseo-breadcrumb\">\n\t<a href=\"https:\/\/candas365.es\/noticias\" title=\"Home\">Home<\/a>\n<\/span><span class=\"aioseo-breadcrumb-separator\">&ndash;<\/span><span class=\"aioseo-breadcrumb\">\n\t<a href=\"https:\/\/candas365.es\/noticias\/category\/noticias-carreno\/\" title=\"Noticias Carre\u00f1o\">Noticias Carre\u00f1o<\/a>\n<\/span><span class=\"aioseo-breadcrumb-separator\">&ndash;<\/span><span class=\"aioseo-breadcrumb\">\n\tEl Coro de la Bodega de Cand\u00e1s ofrece un concierto en Laviana\n<\/span><\/div>","aioseo_breadcrumb_json":[{"label":"Home","link":"https:\/\/candas365.es\/noticias"},{"label":"Noticias Carre\u00f1o","link":"https:\/\/candas365.es\/noticias\/category\/noticias-carreno\/"},{"label":"El Coro de la Bodega de Cand\u00e1s ofrece un concierto en Laviana","link":"https:\/\/candas365.es\/noticias\/el-coro-de-la-bodega-de-candas-ofrece-un-concierto-en-laviana\/"}],"_links":{"self":[{"href":"https:\/\/candas365.es\/noticias\/wp-json\/wp\/v2\/posts\/82248","targetHints":{"allow":["GET"]}}],"collection":[{"href":"https:\/\/candas365.es\/noticias\/wp-json\/wp\/v2\/posts"}],"about":[{"href":"https:\/\/candas365.es\/noticias\/wp-json\/wp\/v2\/types\/post"}],"author":[{"embeddable":true,"href":"https:\/\/candas365.es\/noticias\/wp-json\/wp\/v2\/users\/1"}],"replies":[{"embeddable":true,"href":"https:\/\/candas365.es\/noticias\/wp-json\/wp\/v2\/comments?post=82248"}],"version-history":[{"count":0,"href":"https:\/\/candas365.es\/noticias\/wp-json\/wp\/v2\/posts\/82248\/revisions"}],"wp:featuredmedia":[{"embeddable":true,"href":"https:\/\/candas365.es\/noticias\/wp-json\/wp\/v2\/media\/82249"}],"wp:attachment":[{"href":"https:\/\/candas365.es\/noticias\/wp-json\/wp\/v2\/media?parent=82248"}],"wp:term":[{"taxonomy":"category","embeddable":true,"href":"https:\/\/candas365.es\/noticias\/wp-json\/wp\/v2\/categories?post=82248"},{"taxonomy":"post_tag","embeddable":true,"href":"https:\/\/candas365.es\/noticias\/wp-json\/wp\/v2\/tags?post=82248"}],"curies":[{"name":"wp","href":"https:\/\/api.w.org\/{rel}","templated":true}]}}