{"id":82175,"date":"2017-10-14T15:27:58","date_gmt":"2017-10-14T15:27:58","guid":{"rendered":"http:\/\/candas365.es\/noticias\/?p=82175"},"modified":"2017-10-14T15:27:58","modified_gmt":"2017-10-14T15:27:58","slug":"version-espanola-estrena-nadie-quiere-la-noche","status":"publish","type":"post","link":"https:\/\/candas365.es\/noticias\/version-espanola-estrena-nadie-quiere-la-noche\/","title":{"rendered":"&#8216;Versi\u00f3n espa\u00f1ola&#8217; estrena &#8216;Nadie quiere la noche&#8217;"},"content":{"rendered":"<p><img fetchpriority=\"high\" decoding=\"async\" class=\"alignleft size-medium wp-image-82176\" src=\"https:\/\/candas365.es\/noticias\/wp-content\/uploads\/2017\/10\/TELE1510278-360x169.jpg\" alt=\"\" width=\"360\" height=\"169\" srcset=\"https:\/\/candas365.es\/noticias\/wp-content\/uploads\/2017\/10\/TELE1510278-360x169.jpg 360w, https:\/\/candas365.es\/noticias\/wp-content\/uploads\/2017\/10\/TELE1510278-768x361.jpg 768w, https:\/\/candas365.es\/noticias\/wp-content\/uploads\/2017\/10\/TELE1510278-655x308.jpg 655w, https:\/\/candas365.es\/noticias\/wp-content\/uploads\/2017\/10\/TELE1510278-696x328.jpg 696w, https:\/\/candas365.es\/noticias\/wp-content\/uploads\/2017\/10\/TELE1510278-892x420.jpg 892w, https:\/\/candas365.es\/noticias\/wp-content\/uploads\/2017\/10\/TELE1510278-490x229.jpg 490w, https:\/\/candas365.es\/noticias\/wp-content\/uploads\/2017\/10\/TELE1510278.jpg 937w\" sizes=\"(max-width: 360px) 100vw, 360px\" \/>Mientras Robert Peury persigue la conquista del Polo Norte, dos mujeres de mundos opuestos le esperan en un interminable invierno glaciar. \u2018Versi\u00f3n espa\u00f1ola\u2019 estrena este domingo \u2018Nadie quiere la noche\u2019, una pel\u00edcula de Isabel Coixet basada en hechos reales protagonizada por Juliette Binoche y Rinko Kikuchi. Una cinta que muestra el contraste entre la ambici\u00f3n expansionista americana de principios del siglo XX y los valores y modo de vida de la sociedad inuit.<\/p>\n<p>Junto a Cayetana Guill\u00e9n Cuervo, presentadora del programa, en plat\u00f3 estar\u00e1n la directora Isabel Coixet y el guionista del largometraje, Miguel Barros.<\/p>\n<p>Josephine y Allaka, las protagonistas de \u2018Nadie quiere la noche\u2019, tienen los rostros de dos actrices muy comprometidas con el proyecto: la oscarizada Juliette Binoche y la japonesa Rinko Kikuchi, protagonista de \u2018Mapa de los sonidos de Tokio\u2019, tambi\u00e9n de Coixet.<\/p>\n<p>Seleccionada para inaugurar el Festival de Cine de Berl\u00edn, nueve nominaciones a los Goya y cuatro estatuillas, la Espiga de Oro a Juliette Binoche en el Festival de Cine de Valladolid, tres nominaciones en los Gaud\u00ed\u2026 son algunos de los reconocimientos que avalan \u2018Nadie quiere la noche\u2019, una coproducci\u00f3n entre Espa\u00f1a, Bulgaria y Francia.<\/p>\n<p><strong>\u2018Nadie quiere la noche\u2019<\/strong><\/p>\n<p>Groenlandia, a\u00f1o 1908. Josephine Peary (Juliette Binoche), una mujer rica y culta, inicia una expedici\u00f3n al Polo Norte para reunirse con su marido, el explorador Robert Peary. Durante el viaje se encuentra con una humilde mujer esquimal, Allaka (Rinko Kikuchi). Pese a sus numerosas diferencias culturales y personales, ambas tendr\u00e1n que unirse para poder sobrevivir a las duras condiciones clim\u00e1ticas de la tundra en el \u00c1rtico.<\/p>\n","protected":false},"excerpt":{"rendered":"<p>Mientras Robert Peury persigue la conquista del Polo Norte, dos mujeres de mundos opuestos le esperan en un interminable invierno glaciar. \u2018Versi\u00f3n espa\u00f1ola\u2019 estrena este domingo \u2018Nadie quiere la noche\u2019, una pel\u00edcula de Isabel Coixet basada en hechos reales protagonizada por Juliette Binoche y Rinko Kikuchi. Una cinta que muestra el contraste entre la ambici\u00f3n<\/p>\n","protected":false},"author":1,"featured_media":82176,"comment_status":"closed","ping_status":"closed","sticky":false,"template":"","format":"standard","meta":{"footnotes":""},"categories":[1],"tags":[],"class_list":{"0":"post-82175","1":"post","2":"type-post","3":"status-publish","4":"format-standard","5":"has-post-thumbnail","7":"category-agenda"},"aioseo_notices":[],"aioseo_head":"\n\t\t<!-- All in One SEO Pro 4.9.6.2 - aioseo.com -->\n\t<meta name=\"description\" content=\"Mientras Robert Peury persigue la conquista del Polo Norte, dos mujeres de mundos opuestos le esperan en un interminable invierno glaciar. \u2018Versi\u00f3n espa\u00f1ola\u2019 estrena este domingo \u2018Nadie quiere la noche\u2019, una pel\u00edcula de Isabel Coixet basada en hechos reales protagonizada por Juliette Binoche y Rinko Kikuchi. Una cinta que muestra el contraste entre la ambici\u00f3n\" \/>\n\t<meta name=\"robots\" content=\"max-image-preview:large\" \/>\n\t<meta name=\"author\" content=\"Cand\u00e1s 365\"\/>\n\t<meta name=\"google-site-verification\" content=\"UA-32230408-1\" \/>\n\t<meta name=\"msvalidate.01\" content=\"354F3CDFB2DA171B47FBE9ABF1F88D5\" \/>\n\t<meta name=\"keywords\" content=\"agenda\" \/>\n\t<link rel=\"canonical\" href=\"https:\/\/candas365.es\/noticias\/version-espanola-estrena-nadie-quiere-la-noche\/\" \/>\n\t<meta name=\"generator\" content=\"All in One SEO Pro (AIOSEO) 4.9.6.2\" \/>\n\t\t<meta property=\"og:locale\" content=\"es_ES\" \/>\n\t\t<meta property=\"og:site_name\" content=\"Cand\u00e1s 365\" \/>\n\t\t<meta property=\"og:type\" content=\"article\" \/>\n\t\t<meta property=\"og:title\" content=\"\u2018Versi\u00f3n espa\u00f1ola\u2019 estrena \u2018Nadie quiere la noche\u2019 | Cand\u00e1s 365\" \/>\n\t\t<meta property=\"og:description\" content=\"Mientras Robert Peury persigue la conquista del Polo Norte, dos mujeres de mundos opuestos le esperan en un interminable invierno glaciar. \u2018Versi\u00f3n espa\u00f1ola\u2019 estrena este domingo \u2018Nadie quiere la noche\u2019, una pel\u00edcula de Isabel Coixet basada en hechos reales protagonizada por Juliette Binoche y Rinko Kikuchi. Una cinta que muestra el contraste entre la ambici\u00f3n\" \/>\n\t\t<meta property=\"og:url\" content=\"https:\/\/candas365.es\/noticias\/version-espanola-estrena-nadie-quiere-la-noche\/\" \/>\n\t\t<meta property=\"og:image\" content=\"https:\/\/candas365.es\/noticias\/wp-content\/uploads\/2017\/10\/TELE1510278.jpg\" \/>\n\t\t<meta property=\"og:image:secure_url\" content=\"https:\/\/candas365.es\/noticias\/wp-content\/uploads\/2017\/10\/TELE1510278.jpg\" \/>\n\t\t<meta property=\"og:image:width\" content=\"937\" \/>\n\t\t<meta property=\"og:image:height\" content=\"441\" \/>\n\t\t<meta property=\"article:published_time\" content=\"2017-10-14T15:27:58+00:00\" \/>\n\t\t<meta property=\"article:modified_time\" content=\"2017-10-14T15:27:58+00:00\" \/>\n\t\t<meta property=\"article:publisher\" content=\"https:\/\/www.facebook.com\/Nachofdezber\" \/>\n\t\t<meta property=\"article:author\" content=\"https:\/\/www.facebook.com\/carrenoactualidad\" \/>\n\t\t<meta name=\"twitter:card\" content=\"summary_large_image\" \/>\n\t\t<meta name=\"twitter:site\" content=\"@NabercoDigital\" \/>\n\t\t<meta name=\"twitter:title\" content=\"\u2018Versi\u00f3n espa\u00f1ola\u2019 estrena \u2018Nadie quiere la noche\u2019 | Cand\u00e1s 365\" \/>\n\t\t<meta name=\"twitter:description\" content=\"Mientras Robert Peury persigue la conquista del Polo Norte, dos mujeres de mundos opuestos le esperan en un interminable invierno glaciar. \u2018Versi\u00f3n espa\u00f1ola\u2019 estrena este domingo \u2018Nadie quiere la noche\u2019, una pel\u00edcula de Isabel Coixet basada en hechos reales protagonizada por Juliette Binoche y Rinko Kikuchi. Una cinta que muestra el contraste entre la ambici\u00f3n\" \/>\n\t\t<meta name=\"twitter:creator\" content=\"@nbasturias\" \/>\n\t\t<meta name=\"twitter:image\" content=\"https:\/\/candas365.es\/noticias\/wp-content\/uploads\/2017\/10\/TELE1510278.jpg\" \/>\n\t\t<meta name=\"twitter:label1\" content=\"Escrito por\" \/>\n\t\t<meta name=\"twitter:data1\" content=\"Cand\u00e1s 365\" \/>\n\t\t<meta name=\"twitter:label2\" content=\"Tiempo de lectura estimado\" \/>\n\t\t<meta name=\"twitter:data2\" content=\"1 minuto\" \/>\n\t\t<script type=\"application\/ld+json\" class=\"aioseo-schema\">\n\t\t\t{\"@context\":\"https:\\\/\\\/schema.org\",\"@graph\":[{\"@type\":\"BreadcrumbList\",\"@id\":\"https:\\\/\\\/candas365.es\\\/noticias\\\/version-espanola-estrena-nadie-quiere-la-noche\\\/#breadcrumblist\",\"itemListElement\":[{\"@type\":\"ListItem\",\"@id\":\"https:\\\/\\\/candas365.es\\\/noticias#listItem\",\"position\":1,\"name\":\"Home\",\"item\":\"https:\\\/\\\/candas365.es\\\/noticias\",\"nextItem\":{\"@type\":\"ListItem\",\"@id\":\"https:\\\/\\\/candas365.es\\\/noticias\\\/category\\\/agenda\\\/#listItem\",\"name\":\"Agenda\"}},{\"@type\":\"ListItem\",\"@id\":\"https:\\\/\\\/candas365.es\\\/noticias\\\/category\\\/agenda\\\/#listItem\",\"position\":2,\"name\":\"Agenda\",\"item\":\"https:\\\/\\\/candas365.es\\\/noticias\\\/category\\\/agenda\\\/\",\"nextItem\":{\"@type\":\"ListItem\",\"@id\":\"https:\\\/\\\/candas365.es\\\/noticias\\\/version-espanola-estrena-nadie-quiere-la-noche\\\/#listItem\",\"name\":\"&#8216;Versi\\u00f3n espa\\u00f1ola&#8217; estrena &#8216;Nadie quiere la noche&#8217;\"},\"previousItem\":{\"@type\":\"ListItem\",\"@id\":\"https:\\\/\\\/candas365.es\\\/noticias#listItem\",\"name\":\"Home\"}},{\"@type\":\"ListItem\",\"@id\":\"https:\\\/\\\/candas365.es\\\/noticias\\\/version-espanola-estrena-nadie-quiere-la-noche\\\/#listItem\",\"position\":3,\"name\":\"&#8216;Versi\\u00f3n espa\\u00f1ola&#8217; estrena &#8216;Nadie quiere la noche&#8217;\",\"previousItem\":{\"@type\":\"ListItem\",\"@id\":\"https:\\\/\\\/candas365.es\\\/noticias\\\/category\\\/agenda\\\/#listItem\",\"name\":\"Agenda\"}}]},{\"@type\":\"NewsArticle\",\"@id\":\"https:\\\/\\\/candas365.es\\\/noticias\\\/version-espanola-estrena-nadie-quiere-la-noche\\\/#newsarticle\",\"name\":\"\\u2018Versi\\u00f3n espa\\u00f1ola\\u2019 estrena \\u2018Nadie quiere la noche\\u2019 | Cand\\u00e1s 365\",\"headline\":\"&#8216;Versi\\u00f3n espa\\u00f1ola&#8217; estrena &#8216;Nadie quiere la noche&#8217;\",\"author\":{\"@id\":\"https:\\\/\\\/candas365.es\\\/noticias\\\/author\\\/admin\\\/#author\"},\"publisher\":{\"@id\":\"https:\\\/\\\/candas365.es\\\/noticias\\\/#organization\"},\"image\":{\"@type\":\"ImageObject\",\"url\":\"https:\\\/\\\/candas365.es\\\/noticias\\\/wp-content\\\/uploads\\\/2017\\\/10\\\/TELE1510278.jpg\",\"width\":937,\"height\":441},\"datePublished\":\"2017-10-14T15:27:58+02:00\",\"dateModified\":\"2017-10-14T15:27:58+02:00\",\"inLanguage\":\"es-ES\",\"mainEntityOfPage\":{\"@id\":\"https:\\\/\\\/candas365.es\\\/noticias\\\/version-espanola-estrena-nadie-quiere-la-noche\\\/#webpage\"},\"isPartOf\":{\"@id\":\"https:\\\/\\\/candas365.es\\\/noticias\\\/version-espanola-estrena-nadie-quiere-la-noche\\\/#webpage\"},\"articleSection\":\"Agenda\",\"dateline\":\"Publicado el octubre 14, 2017.\"},{\"@type\":\"Organization\",\"@id\":\"https:\\\/\\\/candas365.es\\\/noticias\\\/#organization\",\"name\":\"Cand\\u00e1s 365\",\"description\":\"Cand\\u00e1s 365 es un diario digital independiente, fundado en 2012, con base en Asturias. Informamos con rigor sobre actualidad, sociedad, cultura y ocio, con una mirada local y global.\",\"url\":\"https:\\\/\\\/candas365.es\\\/noticias\\\/\",\"email\":\"info@candas365.es\",\"telephone\":\"+34652131393\",\"foundingDate\":\"2012-06-10\",\"logo\":{\"@type\":\"ImageObject\",\"url\":\"https:\\\/\\\/candas365.es\\\/noticias\\\/wp-content\\\/uploads\\\/2024\\\/09\\\/Candas-365-Redes.jpg\",\"@id\":\"https:\\\/\\\/candas365.es\\\/noticias\\\/version-espanola-estrena-nadie-quiere-la-noche\\\/#organizationLogo\",\"width\":1152,\"height\":864,\"caption\":\"Cand\\u00e1s 365 Redes\"},\"image\":{\"@id\":\"https:\\\/\\\/candas365.es\\\/noticias\\\/version-espanola-estrena-nadie-quiere-la-noche\\\/#organizationLogo\"},\"sameAs\":[\"https:\\\/\\\/www.facebook.com\\\/Nachofdezber\",\"https:\\\/\\\/x.com\\\/NabercoDigital\",\"https:\\\/\\\/www.instagram.com\\\/nachofdezber\\\/\",\"https:\\\/\\\/www.youtube.com\\\/channel\\\/UCZP-2wLEB9Rv6erhFmqVnvg\"],\"address\":{\"@id\":\"https:\\\/\\\/candas365.es\\\/noticias\\\/#postaladdress\",\"@type\":\"PostalAddress\",\"streetAddress\":\"san antonio 4, san antonio 4\",\"postalCode\":\"33430\",\"addressLocality\":\"Cand\\u00e1s\",\"addressRegion\":\"Asturias\",\"addressCountry\":\"ES\"}},{\"@type\":\"Person\",\"@id\":\"https:\\\/\\\/candas365.es\\\/noticias\\\/author\\\/admin\\\/#author\",\"url\":\"https:\\\/\\\/candas365.es\\\/noticias\\\/author\\\/admin\\\/\",\"name\":\"Cand\\u00e1s 365\",\"image\":{\"@type\":\"ImageObject\",\"@id\":\"https:\\\/\\\/candas365.es\\\/noticias\\\/version-espanola-estrena-nadie-quiere-la-noche\\\/#authorImage\",\"url\":\"https:\\\/\\\/secure.gravatar.com\\\/avatar\\\/496a8e03d0c493ede1718b7934145dbdf8d89be1036b0eec9544e1094c9de390?s=96&d=mm&r=g\",\"width\":96,\"height\":96,\"caption\":\"Cand\\u00e1s 365\"},\"sameAs\":[\"https:\\\/\\\/www.facebook.com\\\/carrenoactualidad\",\"https:\\\/\\\/twitter.com\\\/nbasturias\",\"https:\\\/\\\/www.instagram.com\\\/nachofdezber\\\/\",\"https:\\\/\\\/www.youtube.com\\\/channel\\\/UCZP-2wLEB9Rv6erhFmqVnvg\"]},{\"@type\":\"WebPage\",\"@id\":\"https:\\\/\\\/candas365.es\\\/noticias\\\/version-espanola-estrena-nadie-quiere-la-noche\\\/#webpage\",\"url\":\"https:\\\/\\\/candas365.es\\\/noticias\\\/version-espanola-estrena-nadie-quiere-la-noche\\\/\",\"name\":\"\\u2018Versi\\u00f3n espa\\u00f1ola\\u2019 estrena \\u2018Nadie quiere la noche\\u2019 | Cand\\u00e1s 365\",\"description\":\"Mientras Robert Peury persigue la conquista del Polo Norte, dos mujeres de mundos opuestos le esperan en un interminable invierno glaciar. \\u2018Versi\\u00f3n espa\\u00f1ola\\u2019 estrena este domingo \\u2018Nadie quiere la noche\\u2019, una pel\\u00edcula de Isabel Coixet basada en hechos reales protagonizada por Juliette Binoche y Rinko Kikuchi. Una cinta que muestra el contraste entre la ambici\\u00f3n\",\"inLanguage\":\"es-ES\",\"isPartOf\":{\"@id\":\"https:\\\/\\\/candas365.es\\\/noticias\\\/#website\"},\"breadcrumb\":{\"@id\":\"https:\\\/\\\/candas365.es\\\/noticias\\\/version-espanola-estrena-nadie-quiere-la-noche\\\/#breadcrumblist\"},\"author\":{\"@id\":\"https:\\\/\\\/candas365.es\\\/noticias\\\/author\\\/admin\\\/#author\"},\"creator\":{\"@id\":\"https:\\\/\\\/candas365.es\\\/noticias\\\/author\\\/admin\\\/#author\"},\"image\":{\"@type\":\"ImageObject\",\"url\":\"https:\\\/\\\/candas365.es\\\/noticias\\\/wp-content\\\/uploads\\\/2017\\\/10\\\/TELE1510278.jpg\",\"@id\":\"https:\\\/\\\/candas365.es\\\/noticias\\\/version-espanola-estrena-nadie-quiere-la-noche\\\/#mainImage\",\"width\":937,\"height\":441},\"primaryImageOfPage\":{\"@id\":\"https:\\\/\\\/candas365.es\\\/noticias\\\/version-espanola-estrena-nadie-quiere-la-noche\\\/#mainImage\"},\"datePublished\":\"2017-10-14T15:27:58+02:00\",\"dateModified\":\"2017-10-14T15:27:58+02:00\"},{\"@type\":\"WebSite\",\"@id\":\"https:\\\/\\\/candas365.es\\\/noticias\\\/#website\",\"url\":\"https:\\\/\\\/candas365.es\\\/noticias\\\/\",\"name\":\"Cand\\u00e1s 365\",\"alternateName\":\"Cand\\u00e1s 365 Noticias\",\"description\":\"Actualidad desde Carre\\u00f1o para el mundo\",\"inLanguage\":\"es-ES\",\"publisher\":{\"@id\":\"https:\\\/\\\/candas365.es\\\/noticias\\\/#organization\"}}]}\n\t\t<\/script>\n\t\t<!-- All in One SEO Pro -->\r\n\t\t<title>\u2018Versi\u00f3n espa\u00f1ola\u2019 estrena \u2018Nadie quiere la noche\u2019 | Cand\u00e1s 365<\/title>\n\n","aioseo_head_json":{"title":"\u2018Versi\u00f3n espa\u00f1ola\u2019 estrena \u2018Nadie quiere la noche\u2019 | Cand\u00e1s 365","description":"Mientras Robert Peury persigue la conquista del Polo Norte, dos mujeres de mundos opuestos le esperan en un interminable invierno glaciar. \u2018Versi\u00f3n espa\u00f1ola\u2019 estrena este domingo \u2018Nadie quiere la noche\u2019, una pel\u00edcula de Isabel Coixet basada en hechos reales protagonizada por Juliette Binoche y Rinko Kikuchi. Una cinta que muestra el contraste entre la ambici\u00f3n","canonical_url":"https:\/\/candas365.es\/noticias\/version-espanola-estrena-nadie-quiere-la-noche\/","robots":"max-image-preview:large","keywords":"agenda","webmasterTools":{"google-site-verification":"UA-32230408-1","msvalidate.01":"354F3CDFB2DA171B47FBE9ABF1F88D5","miscellaneous":""},"schema":{"@context":"https:\/\/schema.org","@graph":[{"@type":"BreadcrumbList","@id":"https:\/\/candas365.es\/noticias\/version-espanola-estrena-nadie-quiere-la-noche\/#breadcrumblist","itemListElement":[{"@type":"ListItem","@id":"https:\/\/candas365.es\/noticias#listItem","position":1,"name":"Home","item":"https:\/\/candas365.es\/noticias","nextItem":{"@type":"ListItem","@id":"https:\/\/candas365.es\/noticias\/category\/agenda\/#listItem","name":"Agenda"}},{"@type":"ListItem","@id":"https:\/\/candas365.es\/noticias\/category\/agenda\/#listItem","position":2,"name":"Agenda","item":"https:\/\/candas365.es\/noticias\/category\/agenda\/","nextItem":{"@type":"ListItem","@id":"https:\/\/candas365.es\/noticias\/version-espanola-estrena-nadie-quiere-la-noche\/#listItem","name":"&#8216;Versi\u00f3n espa\u00f1ola&#8217; estrena &#8216;Nadie quiere la noche&#8217;"},"previousItem":{"@type":"ListItem","@id":"https:\/\/candas365.es\/noticias#listItem","name":"Home"}},{"@type":"ListItem","@id":"https:\/\/candas365.es\/noticias\/version-espanola-estrena-nadie-quiere-la-noche\/#listItem","position":3,"name":"&#8216;Versi\u00f3n espa\u00f1ola&#8217; estrena &#8216;Nadie quiere la noche&#8217;","previousItem":{"@type":"ListItem","@id":"https:\/\/candas365.es\/noticias\/category\/agenda\/#listItem","name":"Agenda"}}]},{"@type":"NewsArticle","@id":"https:\/\/candas365.es\/noticias\/version-espanola-estrena-nadie-quiere-la-noche\/#newsarticle","name":"\u2018Versi\u00f3n espa\u00f1ola\u2019 estrena \u2018Nadie quiere la noche\u2019 | Cand\u00e1s 365","headline":"&#8216;Versi\u00f3n espa\u00f1ola&#8217; estrena &#8216;Nadie quiere la noche&#8217;","author":{"@id":"https:\/\/candas365.es\/noticias\/author\/admin\/#author"},"publisher":{"@id":"https:\/\/candas365.es\/noticias\/#organization"},"image":{"@type":"ImageObject","url":"https:\/\/candas365.es\/noticias\/wp-content\/uploads\/2017\/10\/TELE1510278.jpg","width":937,"height":441},"datePublished":"2017-10-14T15:27:58+02:00","dateModified":"2017-10-14T15:27:58+02:00","inLanguage":"es-ES","mainEntityOfPage":{"@id":"https:\/\/candas365.es\/noticias\/version-espanola-estrena-nadie-quiere-la-noche\/#webpage"},"isPartOf":{"@id":"https:\/\/candas365.es\/noticias\/version-espanola-estrena-nadie-quiere-la-noche\/#webpage"},"articleSection":"Agenda","dateline":"Publicado el octubre 14, 2017."},{"@type":"Organization","@id":"https:\/\/candas365.es\/noticias\/#organization","name":"Cand\u00e1s 365","description":"Cand\u00e1s 365 es un diario digital independiente, fundado en 2012, con base en Asturias. Informamos con rigor sobre actualidad, sociedad, cultura y ocio, con una mirada local y global.","url":"https:\/\/candas365.es\/noticias\/","email":"info@candas365.es","telephone":"+34652131393","foundingDate":"2012-06-10","logo":{"@type":"ImageObject","url":"https:\/\/candas365.es\/noticias\/wp-content\/uploads\/2024\/09\/Candas-365-Redes.jpg","@id":"https:\/\/candas365.es\/noticias\/version-espanola-estrena-nadie-quiere-la-noche\/#organizationLogo","width":1152,"height":864,"caption":"Cand\u00e1s 365 Redes"},"image":{"@id":"https:\/\/candas365.es\/noticias\/version-espanola-estrena-nadie-quiere-la-noche\/#organizationLogo"},"sameAs":["https:\/\/www.facebook.com\/Nachofdezber","https:\/\/x.com\/NabercoDigital","https:\/\/www.instagram.com\/nachofdezber\/","https:\/\/www.youtube.com\/channel\/UCZP-2wLEB9Rv6erhFmqVnvg"],"address":{"@id":"https:\/\/candas365.es\/noticias\/#postaladdress","@type":"PostalAddress","streetAddress":"san antonio 4, san antonio 4","postalCode":"33430","addressLocality":"Cand\u00e1s","addressRegion":"Asturias","addressCountry":"ES"}},{"@type":"Person","@id":"https:\/\/candas365.es\/noticias\/author\/admin\/#author","url":"https:\/\/candas365.es\/noticias\/author\/admin\/","name":"Cand\u00e1s 365","image":{"@type":"ImageObject","@id":"https:\/\/candas365.es\/noticias\/version-espanola-estrena-nadie-quiere-la-noche\/#authorImage","url":"https:\/\/secure.gravatar.com\/avatar\/496a8e03d0c493ede1718b7934145dbdf8d89be1036b0eec9544e1094c9de390?s=96&d=mm&r=g","width":96,"height":96,"caption":"Cand\u00e1s 365"},"sameAs":["https:\/\/www.facebook.com\/carrenoactualidad","https:\/\/twitter.com\/nbasturias","https:\/\/www.instagram.com\/nachofdezber\/","https:\/\/www.youtube.com\/channel\/UCZP-2wLEB9Rv6erhFmqVnvg"]},{"@type":"WebPage","@id":"https:\/\/candas365.es\/noticias\/version-espanola-estrena-nadie-quiere-la-noche\/#webpage","url":"https:\/\/candas365.es\/noticias\/version-espanola-estrena-nadie-quiere-la-noche\/","name":"\u2018Versi\u00f3n espa\u00f1ola\u2019 estrena \u2018Nadie quiere la noche\u2019 | Cand\u00e1s 365","description":"Mientras Robert Peury persigue la conquista del Polo Norte, dos mujeres de mundos opuestos le esperan en un interminable invierno glaciar. \u2018Versi\u00f3n espa\u00f1ola\u2019 estrena este domingo \u2018Nadie quiere la noche\u2019, una pel\u00edcula de Isabel Coixet basada en hechos reales protagonizada por Juliette Binoche y Rinko Kikuchi. Una cinta que muestra el contraste entre la ambici\u00f3n","inLanguage":"es-ES","isPartOf":{"@id":"https:\/\/candas365.es\/noticias\/#website"},"breadcrumb":{"@id":"https:\/\/candas365.es\/noticias\/version-espanola-estrena-nadie-quiere-la-noche\/#breadcrumblist"},"author":{"@id":"https:\/\/candas365.es\/noticias\/author\/admin\/#author"},"creator":{"@id":"https:\/\/candas365.es\/noticias\/author\/admin\/#author"},"image":{"@type":"ImageObject","url":"https:\/\/candas365.es\/noticias\/wp-content\/uploads\/2017\/10\/TELE1510278.jpg","@id":"https:\/\/candas365.es\/noticias\/version-espanola-estrena-nadie-quiere-la-noche\/#mainImage","width":937,"height":441},"primaryImageOfPage":{"@id":"https:\/\/candas365.es\/noticias\/version-espanola-estrena-nadie-quiere-la-noche\/#mainImage"},"datePublished":"2017-10-14T15:27:58+02:00","dateModified":"2017-10-14T15:27:58+02:00"},{"@type":"WebSite","@id":"https:\/\/candas365.es\/noticias\/#website","url":"https:\/\/candas365.es\/noticias\/","name":"Cand\u00e1s 365","alternateName":"Cand\u00e1s 365 Noticias","description":"Actualidad desde Carre\u00f1o para el mundo","inLanguage":"es-ES","publisher":{"@id":"https:\/\/candas365.es\/noticias\/#organization"}}]},"og:locale":"es_ES","og:site_name":"Cand\u00e1s 365","og:type":"article","og:title":"\u2018Versi\u00f3n espa\u00f1ola\u2019 estrena \u2018Nadie quiere la noche\u2019 | Cand\u00e1s 365","og:description":"Mientras Robert Peury persigue la conquista del Polo Norte, dos mujeres de mundos opuestos le esperan en un interminable invierno glaciar. \u2018Versi\u00f3n espa\u00f1ola\u2019 estrena este domingo \u2018Nadie quiere la noche\u2019, una pel\u00edcula de Isabel Coixet basada en hechos reales protagonizada por Juliette Binoche y Rinko Kikuchi. Una cinta que muestra el contraste entre la ambici\u00f3n","og:url":"https:\/\/candas365.es\/noticias\/version-espanola-estrena-nadie-quiere-la-noche\/","og:image":"https:\/\/candas365.es\/noticias\/wp-content\/uploads\/2017\/10\/TELE1510278.jpg","og:image:secure_url":"https:\/\/candas365.es\/noticias\/wp-content\/uploads\/2017\/10\/TELE1510278.jpg","og:image:width":937,"og:image:height":441,"article:published_time":"2017-10-14T15:27:58+00:00","article:modified_time":"2017-10-14T15:27:58+00:00","article:publisher":"https:\/\/www.facebook.com\/Nachofdezber","article:author":"https:\/\/www.facebook.com\/carrenoactualidad","twitter:card":"summary_large_image","twitter:site":"@NabercoDigital","twitter:title":"\u2018Versi\u00f3n espa\u00f1ola\u2019 estrena \u2018Nadie quiere la noche\u2019 | Cand\u00e1s 365","twitter:description":"Mientras Robert Peury persigue la conquista del Polo Norte, dos mujeres de mundos opuestos le esperan en un interminable invierno glaciar. \u2018Versi\u00f3n espa\u00f1ola\u2019 estrena este domingo \u2018Nadie quiere la noche\u2019, una pel\u00edcula de Isabel Coixet basada en hechos reales protagonizada por Juliette Binoche y Rinko Kikuchi. Una cinta que muestra el contraste entre la ambici\u00f3n","twitter:creator":"@nbasturias","twitter:image":"https:\/\/candas365.es\/noticias\/wp-content\/uploads\/2017\/10\/TELE1510278.jpg","twitter:label1":"Escrito por","twitter:data1":"Cand\u00e1s 365","twitter:label2":"Tiempo de lectura estimado","twitter:data2":"1 minuto"},"aioseo_meta_data":{"post_id":"82175","title":null,"description":null,"keywords":null,"keyphrases":null,"primary_term":null,"canonical_url":null,"og_title":null,"og_description":null,"og_object_type":"default","og_image_type":"default","og_image_url":null,"og_image_width":null,"og_image_height":null,"og_image_custom_url":null,"og_image_custom_fields":null,"og_video":null,"og_custom_url":null,"og_article_section":null,"og_article_tags":null,"twitter_use_og":false,"twitter_card":"default","twitter_image_type":"default","twitter_image_url":null,"twitter_image_custom_url":null,"twitter_image_custom_fields":null,"twitter_title":null,"twitter_description":null,"schema":{"blockGraphs":[],"customGraphs":[],"default":{"data":{"Article":[],"Course":[],"Dataset":[],"FAQPage":[],"Movie":[],"Person":[],"Product":[],"ProductReview":[],"Car":[],"Recipe":[],"Service":[],"SoftwareApplication":[],"WebPage":[]},"graphName":"","isEnabled":true},"graphs":[],"defaultGraph":"","defaultPostTypeGraph":""},"schema_type":null,"schema_type_options":null,"pillar_content":false,"robots_default":true,"robots_noindex":false,"robots_noarchive":false,"robots_nosnippet":false,"robots_nofollow":false,"robots_noimageindex":false,"robots_noodp":false,"robots_notranslate":false,"robots_max_snippet":null,"robots_max_videopreview":null,"robots_max_imagepreview":"large","priority":null,"frequency":null,"location":null,"local_seo":null,"seo_analyzer_scan_date":"2025-08-26 02:44:18","breadcrumb_settings":null,"limit_modified_date":false,"reviewed_by":null,"open_ai":null,"ai":null,"created":"2020-12-21 12:37:58","updated":"2025-08-26 02:44:18"},"aioseo_breadcrumb":"<div class=\"aioseo-breadcrumbs\"><span class=\"aioseo-breadcrumb\">\n\t<a href=\"https:\/\/candas365.es\/noticias\" title=\"Home\">Home<\/a>\n<\/span><span class=\"aioseo-breadcrumb-separator\">&ndash;<\/span><span class=\"aioseo-breadcrumb\">\n\t<a href=\"https:\/\/candas365.es\/noticias\/category\/agenda\/\" title=\"Agenda\">Agenda<\/a>\n<\/span><span class=\"aioseo-breadcrumb-separator\">&ndash;<\/span><span class=\"aioseo-breadcrumb\">\n\t\u2018Versi\u00f3n espa\u00f1ola\u2019 estrena \u2018Nadie quiere la noche\u2019\n<\/span><\/div>","aioseo_breadcrumb_json":[{"label":"Home","link":"https:\/\/candas365.es\/noticias"},{"label":"Agenda","link":"https:\/\/candas365.es\/noticias\/category\/agenda\/"},{"label":"&#8216;Versi\u00f3n espa\u00f1ola&#8217; estrena &#8216;Nadie quiere la noche&#8217;","link":"https:\/\/candas365.es\/noticias\/version-espanola-estrena-nadie-quiere-la-noche\/"}],"_links":{"self":[{"href":"https:\/\/candas365.es\/noticias\/wp-json\/wp\/v2\/posts\/82175","targetHints":{"allow":["GET"]}}],"collection":[{"href":"https:\/\/candas365.es\/noticias\/wp-json\/wp\/v2\/posts"}],"about":[{"href":"https:\/\/candas365.es\/noticias\/wp-json\/wp\/v2\/types\/post"}],"author":[{"embeddable":true,"href":"https:\/\/candas365.es\/noticias\/wp-json\/wp\/v2\/users\/1"}],"replies":[{"embeddable":true,"href":"https:\/\/candas365.es\/noticias\/wp-json\/wp\/v2\/comments?post=82175"}],"version-history":[{"count":0,"href":"https:\/\/candas365.es\/noticias\/wp-json\/wp\/v2\/posts\/82175\/revisions"}],"wp:featuredmedia":[{"embeddable":true,"href":"https:\/\/candas365.es\/noticias\/wp-json\/wp\/v2\/media\/82176"}],"wp:attachment":[{"href":"https:\/\/candas365.es\/noticias\/wp-json\/wp\/v2\/media?parent=82175"}],"wp:term":[{"taxonomy":"category","embeddable":true,"href":"https:\/\/candas365.es\/noticias\/wp-json\/wp\/v2\/categories?post=82175"},{"taxonomy":"post_tag","embeddable":true,"href":"https:\/\/candas365.es\/noticias\/wp-json\/wp\/v2\/tags?post=82175"}],"curies":[{"name":"wp","href":"https:\/\/api.w.org\/{rel}","templated":true}]}}