{"id":82172,"date":"2017-10-14T15:21:00","date_gmt":"2017-10-14T15:21:00","guid":{"rendered":"http:\/\/candas365.es\/noticias\/?p=82172"},"modified":"2017-10-14T15:21:00","modified_gmt":"2017-10-14T15:21:00","slug":"como-lo-ves-el-domingo-con-carlos-herrera","status":"publish","type":"post","link":"https:\/\/candas365.es\/noticias\/como-lo-ves-el-domingo-con-carlos-herrera\/","title":{"rendered":"\u201c\u00bfC\u00f3mo lo ves?\u201d el domingo con Carlos Herrera"},"content":{"rendered":"<p><img fetchpriority=\"high\" decoding=\"async\" class=\"alignleft size-medium wp-image-82173\" src=\"https:\/\/candas365.es\/noticias\/wp-content\/uploads\/2017\/10\/Tele151001-360x240.jpg\" alt=\"\" width=\"360\" height=\"240\" srcset=\"https:\/\/candas365.es\/noticias\/wp-content\/uploads\/2017\/10\/Tele151001.jpg 360w, https:\/\/candas365.es\/noticias\/wp-content\/uploads\/2017\/10\/Tele151001-84x55.jpg 84w\" sizes=\"(max-width: 360px) 100vw, 360px\" \/>El periodista Carlos Herrera regresa este domingo a RTVE con el nuevo programa de entretenimiento y participaci\u00f3n \u2018\u00bfC\u00f3mo lo ves?\u2019. Un espacio semanal en directo en el que la actualidad y los temas cotidianos de conversaci\u00f3n se someter\u00e1n al veredicto de los espectadores. \u2018\u00bfC\u00f3mo lo ves?\u2019 se estrenar\u00e1 este domingo, 15 de octubre, en el prime time de La 1.<\/p>\n<p>Durante la presentaci\u00f3n, la directora del \u00e1rea de Entretenimiento de TVE, To\u00f1i Prieto, ha descrito \u2018\u00bfC\u00f3mo lo ves?\u2019 como un \u201cprograma interactivo en el que los espectadores participan en tiempo real\u201d. El productor ejecutivo, Jos\u00e9 Velasco, ha a\u00f1adido que \u201cqueremos que el l\u00edder de opini\u00f3n sea el espectador\u201d, y ha asegurado que el programa har\u00e1 \u201cuna fotograf\u00eda de la sociedad, con una actitud de tolerancia y respeto\u201d.<\/p>\n<p>Carlos Herrera ha mostrado su satisfacci\u00f3n por volver 20 a\u00f1os despu\u00e9s a TVE, \u201cdonde tan feliz he sido como espectador y como presentador\u201d. Para el periodista en \u2018\u00bfC\u00f3mo lo ves?\u2019, con una mec\u00e1nica activa y din\u00e1mica, la actualidad \u201cdebe ser abordada desde un punto de vista familiar, para analizar las relaciones humanas y las actividades cotidianas\u201d.<\/p>\n<p><strong>\u2018\u00bfC\u00f3mo lo ves?\u2019<\/strong><\/p>\n<p>Producido por RTVE en colaboraci\u00f3n con Zebra Producciones del grupo iZen, \u2018\u00bfC\u00f3mo lo ves?\u2019 es un formato interactivo de \u00e9xito internacional que quiere sumar la televisi\u00f3n y el fen\u00f3meno de las redes sociales. Durante el programa se lanzar\u00e1n una serie de preguntas que la audiencia podr\u00e1 contestar a trav\u00e9s de una aplicaci\u00f3n gratuita, que ofrecer\u00e1 una radiograf\u00eda en tiempo real de lo que opinan los espectadores, desde los temas m\u00e1s cotidianos a los m\u00e1s relevantes.<\/p>\n<p>En el plat\u00f3, un grupo de invitados destacados de todos los \u00e1mbitos participar\u00e1 en las preguntas y respuestas e intentar\u00e1 predecir lo que realmente piensan quienes les est\u00e1n viendo. \u00bfQui\u00e9n no ha intentado alguna vez predecir el resultado de una consulta popular? Ese es el juego en el que participar\u00e1n los invitados.<\/p>\n<p>Adem\u00e1s, tres familias de diferentes zonas de Espa\u00f1a intervendr\u00e1n semanalmente desde sus casas en la discusi\u00f3n. Los espectadores ser\u00e1n los aut\u00e9nticos creadores de opini\u00f3n.<\/p>\n<p>En el primer programa, este domingo 15 de octubre, entre los invitados estar\u00e1n Isabel Gemio, Pepe Navarro, Nuria Roca y Santiago Segura.<\/p>\n","protected":false},"excerpt":{"rendered":"<p>El periodista Carlos Herrera regresa este domingo a RTVE con el nuevo programa de entretenimiento y participaci\u00f3n \u2018\u00bfC\u00f3mo lo ves?\u2019. Un espacio semanal en directo en el que la actualidad y los temas cotidianos de conversaci\u00f3n se someter\u00e1n al veredicto de los espectadores. \u2018\u00bfC\u00f3mo lo ves?\u2019 se estrenar\u00e1 este domingo, 15 de octubre, en el<\/p>\n","protected":false},"author":1,"featured_media":76605,"comment_status":"closed","ping_status":"closed","sticky":false,"template":"","format":"standard","meta":{"footnotes":""},"categories":[1],"tags":[],"class_list":{"0":"post-82172","1":"post","2":"type-post","3":"status-publish","4":"format-standard","5":"has-post-thumbnail","7":"category-agenda"},"aioseo_notices":[],"aioseo_head":"\n\t\t<!-- All in One SEO Pro 4.9.6.2 - aioseo.com -->\n\t<meta name=\"description\" content=\"El periodista Carlos Herrera regresa este domingo a RTVE con el nuevo programa de entretenimiento y participaci\u00f3n \u2018\u00bfC\u00f3mo lo ves?\u2019. Un espacio semanal en directo en el que la actualidad y los temas cotidianos de conversaci\u00f3n se someter\u00e1n al veredicto de los espectadores. \u2018\u00bfC\u00f3mo lo ves?\u2019 se estrenar\u00e1 este domingo, 15 de octubre, en el\" \/>\n\t<meta name=\"robots\" content=\"max-image-preview:large\" \/>\n\t<meta name=\"author\" content=\"Cand\u00e1s 365\"\/>\n\t<meta name=\"google-site-verification\" content=\"UA-32230408-1\" \/>\n\t<meta name=\"msvalidate.01\" content=\"354F3CDFB2DA171B47FBE9ABF1F88D5\" \/>\n\t<meta name=\"keywords\" content=\"agenda\" \/>\n\t<link rel=\"canonical\" href=\"https:\/\/candas365.es\/noticias\/como-lo-ves-el-domingo-con-carlos-herrera\/\" \/>\n\t<meta name=\"generator\" content=\"All in One SEO Pro (AIOSEO) 4.9.6.2\" \/>\n\t\t<meta property=\"og:locale\" content=\"es_ES\" \/>\n\t\t<meta property=\"og:site_name\" content=\"Cand\u00e1s 365\" \/>\n\t\t<meta property=\"og:type\" content=\"article\" \/>\n\t\t<meta property=\"og:title\" content=\"\u201c\u00bfC\u00f3mo lo ves?\u201d el domingo con Carlos Herrera | Cand\u00e1s 365\" \/>\n\t\t<meta property=\"og:description\" content=\"El periodista Carlos Herrera regresa este domingo a RTVE con el nuevo programa de entretenimiento y participaci\u00f3n \u2018\u00bfC\u00f3mo lo ves?\u2019. Un espacio semanal en directo en el que la actualidad y los temas cotidianos de conversaci\u00f3n se someter\u00e1n al veredicto de los espectadores. \u2018\u00bfC\u00f3mo lo ves?\u2019 se estrenar\u00e1 este domingo, 15 de octubre, en el\" \/>\n\t\t<meta property=\"og:url\" content=\"https:\/\/candas365.es\/noticias\/como-lo-ves-el-domingo-con-carlos-herrera\/\" \/>\n\t\t<meta property=\"og:image\" content=\"https:\/\/candas365.es\/noticias\/wp-content\/uploads\/2017\/07\/controls-1527175_960_720.jpg\" \/>\n\t\t<meta property=\"og:image:secure_url\" content=\"https:\/\/candas365.es\/noticias\/wp-content\/uploads\/2017\/07\/controls-1527175_960_720.jpg\" \/>\n\t\t<meta property=\"og:image:width\" content=\"960\" \/>\n\t\t<meta property=\"og:image:height\" content=\"720\" \/>\n\t\t<meta property=\"article:published_time\" content=\"2017-10-14T15:21:00+00:00\" \/>\n\t\t<meta property=\"article:modified_time\" content=\"2017-10-14T15:21:00+00:00\" \/>\n\t\t<meta property=\"article:publisher\" content=\"https:\/\/www.facebook.com\/Nachofdezber\" \/>\n\t\t<meta property=\"article:author\" content=\"https:\/\/www.facebook.com\/carrenoactualidad\" \/>\n\t\t<meta name=\"twitter:card\" content=\"summary_large_image\" \/>\n\t\t<meta name=\"twitter:site\" content=\"@NabercoDigital\" \/>\n\t\t<meta name=\"twitter:title\" content=\"\u201c\u00bfC\u00f3mo lo ves?\u201d el domingo con Carlos Herrera | Cand\u00e1s 365\" \/>\n\t\t<meta name=\"twitter:description\" content=\"El periodista Carlos Herrera regresa este domingo a RTVE con el nuevo programa de entretenimiento y participaci\u00f3n \u2018\u00bfC\u00f3mo lo ves?\u2019. Un espacio semanal en directo en el que la actualidad y los temas cotidianos de conversaci\u00f3n se someter\u00e1n al veredicto de los espectadores. \u2018\u00bfC\u00f3mo lo ves?\u2019 se estrenar\u00e1 este domingo, 15 de octubre, en el\" \/>\n\t\t<meta name=\"twitter:creator\" content=\"@nbasturias\" \/>\n\t\t<meta name=\"twitter:image\" content=\"https:\/\/candas365.es\/noticias\/wp-content\/uploads\/2017\/07\/controls-1527175_960_720.jpg\" \/>\n\t\t<meta name=\"twitter:label1\" content=\"Escrito por\" \/>\n\t\t<meta name=\"twitter:data1\" content=\"Cand\u00e1s 365\" \/>\n\t\t<meta name=\"twitter:label2\" content=\"Tiempo de lectura estimado\" \/>\n\t\t<meta name=\"twitter:data2\" content=\"2 minutos\" \/>\n\t\t<script type=\"application\/ld+json\" class=\"aioseo-schema\">\n\t\t\t{\"@context\":\"https:\\\/\\\/schema.org\",\"@graph\":[{\"@type\":\"BreadcrumbList\",\"@id\":\"https:\\\/\\\/candas365.es\\\/noticias\\\/como-lo-ves-el-domingo-con-carlos-herrera\\\/#breadcrumblist\",\"itemListElement\":[{\"@type\":\"ListItem\",\"@id\":\"https:\\\/\\\/candas365.es\\\/noticias#listItem\",\"position\":1,\"name\":\"Home\",\"item\":\"https:\\\/\\\/candas365.es\\\/noticias\",\"nextItem\":{\"@type\":\"ListItem\",\"@id\":\"https:\\\/\\\/candas365.es\\\/noticias\\\/category\\\/agenda\\\/#listItem\",\"name\":\"Agenda\"}},{\"@type\":\"ListItem\",\"@id\":\"https:\\\/\\\/candas365.es\\\/noticias\\\/category\\\/agenda\\\/#listItem\",\"position\":2,\"name\":\"Agenda\",\"item\":\"https:\\\/\\\/candas365.es\\\/noticias\\\/category\\\/agenda\\\/\",\"nextItem\":{\"@type\":\"ListItem\",\"@id\":\"https:\\\/\\\/candas365.es\\\/noticias\\\/como-lo-ves-el-domingo-con-carlos-herrera\\\/#listItem\",\"name\":\"\\u201c\\u00bfC\\u00f3mo lo ves?\\u201d el domingo con Carlos Herrera\"},\"previousItem\":{\"@type\":\"ListItem\",\"@id\":\"https:\\\/\\\/candas365.es\\\/noticias#listItem\",\"name\":\"Home\"}},{\"@type\":\"ListItem\",\"@id\":\"https:\\\/\\\/candas365.es\\\/noticias\\\/como-lo-ves-el-domingo-con-carlos-herrera\\\/#listItem\",\"position\":3,\"name\":\"\\u201c\\u00bfC\\u00f3mo lo ves?\\u201d el domingo con Carlos Herrera\",\"previousItem\":{\"@type\":\"ListItem\",\"@id\":\"https:\\\/\\\/candas365.es\\\/noticias\\\/category\\\/agenda\\\/#listItem\",\"name\":\"Agenda\"}}]},{\"@type\":\"NewsArticle\",\"@id\":\"https:\\\/\\\/candas365.es\\\/noticias\\\/como-lo-ves-el-domingo-con-carlos-herrera\\\/#newsarticle\",\"name\":\"\\u201c\\u00bfC\\u00f3mo lo ves?\\u201d el domingo con Carlos Herrera | Cand\\u00e1s 365\",\"headline\":\"\\u201c\\u00bfC\\u00f3mo lo ves?\\u201d el domingo con Carlos Herrera\",\"author\":{\"@id\":\"https:\\\/\\\/candas365.es\\\/noticias\\\/author\\\/admin\\\/#author\"},\"publisher\":{\"@id\":\"https:\\\/\\\/candas365.es\\\/noticias\\\/#organization\"},\"image\":{\"@type\":\"ImageObject\",\"url\":\"https:\\\/\\\/candas365.es\\\/noticias\\\/wp-content\\\/uploads\\\/2017\\\/07\\\/controls-1527175_960_720.jpg\",\"width\":960,\"height\":720},\"datePublished\":\"2017-10-14T15:21:00+02:00\",\"dateModified\":\"2017-10-14T15:21:00+02:00\",\"inLanguage\":\"es-ES\",\"mainEntityOfPage\":{\"@id\":\"https:\\\/\\\/candas365.es\\\/noticias\\\/como-lo-ves-el-domingo-con-carlos-herrera\\\/#webpage\"},\"isPartOf\":{\"@id\":\"https:\\\/\\\/candas365.es\\\/noticias\\\/como-lo-ves-el-domingo-con-carlos-herrera\\\/#webpage\"},\"articleSection\":\"Agenda\",\"dateline\":\"Publicado el octubre 14, 2017.\"},{\"@type\":\"Organization\",\"@id\":\"https:\\\/\\\/candas365.es\\\/noticias\\\/#organization\",\"name\":\"Cand\\u00e1s 365\",\"description\":\"Cand\\u00e1s 365 es un diario digital independiente, fundado en 2012, con base en Asturias. Informamos con rigor sobre actualidad, sociedad, cultura y ocio, con una mirada local y global.\",\"url\":\"https:\\\/\\\/candas365.es\\\/noticias\\\/\",\"email\":\"info@candas365.es\",\"telephone\":\"+34652131393\",\"foundingDate\":\"2012-06-10\",\"logo\":{\"@type\":\"ImageObject\",\"url\":\"https:\\\/\\\/candas365.es\\\/noticias\\\/wp-content\\\/uploads\\\/2024\\\/09\\\/Candas-365-Redes.jpg\",\"@id\":\"https:\\\/\\\/candas365.es\\\/noticias\\\/como-lo-ves-el-domingo-con-carlos-herrera\\\/#organizationLogo\",\"width\":1152,\"height\":864,\"caption\":\"Cand\\u00e1s 365 Redes\"},\"image\":{\"@id\":\"https:\\\/\\\/candas365.es\\\/noticias\\\/como-lo-ves-el-domingo-con-carlos-herrera\\\/#organizationLogo\"},\"sameAs\":[\"https:\\\/\\\/www.facebook.com\\\/Nachofdezber\",\"https:\\\/\\\/x.com\\\/NabercoDigital\",\"https:\\\/\\\/www.instagram.com\\\/nachofdezber\\\/\",\"https:\\\/\\\/www.youtube.com\\\/channel\\\/UCZP-2wLEB9Rv6erhFmqVnvg\"],\"address\":{\"@id\":\"https:\\\/\\\/candas365.es\\\/noticias\\\/#postaladdress\",\"@type\":\"PostalAddress\",\"streetAddress\":\"san antonio 4, san antonio 4\",\"postalCode\":\"33430\",\"addressLocality\":\"Cand\\u00e1s\",\"addressRegion\":\"Asturias\",\"addressCountry\":\"ES\"}},{\"@type\":\"Person\",\"@id\":\"https:\\\/\\\/candas365.es\\\/noticias\\\/author\\\/admin\\\/#author\",\"url\":\"https:\\\/\\\/candas365.es\\\/noticias\\\/author\\\/admin\\\/\",\"name\":\"Cand\\u00e1s 365\",\"image\":{\"@type\":\"ImageObject\",\"@id\":\"https:\\\/\\\/candas365.es\\\/noticias\\\/como-lo-ves-el-domingo-con-carlos-herrera\\\/#authorImage\",\"url\":\"https:\\\/\\\/secure.gravatar.com\\\/avatar\\\/496a8e03d0c493ede1718b7934145dbdf8d89be1036b0eec9544e1094c9de390?s=96&d=mm&r=g\",\"width\":96,\"height\":96,\"caption\":\"Cand\\u00e1s 365\"},\"sameAs\":[\"https:\\\/\\\/www.facebook.com\\\/carrenoactualidad\",\"https:\\\/\\\/twitter.com\\\/nbasturias\",\"https:\\\/\\\/www.instagram.com\\\/nachofdezber\\\/\",\"https:\\\/\\\/www.youtube.com\\\/channel\\\/UCZP-2wLEB9Rv6erhFmqVnvg\"]},{\"@type\":\"WebPage\",\"@id\":\"https:\\\/\\\/candas365.es\\\/noticias\\\/como-lo-ves-el-domingo-con-carlos-herrera\\\/#webpage\",\"url\":\"https:\\\/\\\/candas365.es\\\/noticias\\\/como-lo-ves-el-domingo-con-carlos-herrera\\\/\",\"name\":\"\\u201c\\u00bfC\\u00f3mo lo ves?\\u201d el domingo con Carlos Herrera | Cand\\u00e1s 365\",\"description\":\"El periodista Carlos Herrera regresa este domingo a RTVE con el nuevo programa de entretenimiento y participaci\\u00f3n \\u2018\\u00bfC\\u00f3mo lo ves?\\u2019. Un espacio semanal en directo en el que la actualidad y los temas cotidianos de conversaci\\u00f3n se someter\\u00e1n al veredicto de los espectadores. \\u2018\\u00bfC\\u00f3mo lo ves?\\u2019 se estrenar\\u00e1 este domingo, 15 de octubre, en el\",\"inLanguage\":\"es-ES\",\"isPartOf\":{\"@id\":\"https:\\\/\\\/candas365.es\\\/noticias\\\/#website\"},\"breadcrumb\":{\"@id\":\"https:\\\/\\\/candas365.es\\\/noticias\\\/como-lo-ves-el-domingo-con-carlos-herrera\\\/#breadcrumblist\"},\"author\":{\"@id\":\"https:\\\/\\\/candas365.es\\\/noticias\\\/author\\\/admin\\\/#author\"},\"creator\":{\"@id\":\"https:\\\/\\\/candas365.es\\\/noticias\\\/author\\\/admin\\\/#author\"},\"image\":{\"@type\":\"ImageObject\",\"url\":\"https:\\\/\\\/candas365.es\\\/noticias\\\/wp-content\\\/uploads\\\/2017\\\/07\\\/controls-1527175_960_720.jpg\",\"@id\":\"https:\\\/\\\/candas365.es\\\/noticias\\\/como-lo-ves-el-domingo-con-carlos-herrera\\\/#mainImage\",\"width\":960,\"height\":720},\"primaryImageOfPage\":{\"@id\":\"https:\\\/\\\/candas365.es\\\/noticias\\\/como-lo-ves-el-domingo-con-carlos-herrera\\\/#mainImage\"},\"datePublished\":\"2017-10-14T15:21:00+02:00\",\"dateModified\":\"2017-10-14T15:21:00+02:00\"},{\"@type\":\"WebSite\",\"@id\":\"https:\\\/\\\/candas365.es\\\/noticias\\\/#website\",\"url\":\"https:\\\/\\\/candas365.es\\\/noticias\\\/\",\"name\":\"Cand\\u00e1s 365\",\"alternateName\":\"Cand\\u00e1s 365 Noticias\",\"description\":\"Actualidad desde Carre\\u00f1o para el mundo\",\"inLanguage\":\"es-ES\",\"publisher\":{\"@id\":\"https:\\\/\\\/candas365.es\\\/noticias\\\/#organization\"}}]}\n\t\t<\/script>\n\t\t<!-- All in One SEO Pro -->\r\n\t\t<title>\u201c\u00bfC\u00f3mo lo ves?\u201d el domingo con Carlos Herrera | Cand\u00e1s 365<\/title>\n\n","aioseo_head_json":{"title":"\u201c\u00bfC\u00f3mo lo ves?\u201d el domingo con Carlos Herrera | Cand\u00e1s 365","description":"El periodista Carlos Herrera regresa este domingo a RTVE con el nuevo programa de entretenimiento y participaci\u00f3n \u2018\u00bfC\u00f3mo lo ves?\u2019. Un espacio semanal en directo en el que la actualidad y los temas cotidianos de conversaci\u00f3n se someter\u00e1n al veredicto de los espectadores. \u2018\u00bfC\u00f3mo lo ves?\u2019 se estrenar\u00e1 este domingo, 15 de octubre, en el","canonical_url":"https:\/\/candas365.es\/noticias\/como-lo-ves-el-domingo-con-carlos-herrera\/","robots":"max-image-preview:large","keywords":"agenda","webmasterTools":{"google-site-verification":"UA-32230408-1","msvalidate.01":"354F3CDFB2DA171B47FBE9ABF1F88D5","miscellaneous":""},"schema":{"@context":"https:\/\/schema.org","@graph":[{"@type":"BreadcrumbList","@id":"https:\/\/candas365.es\/noticias\/como-lo-ves-el-domingo-con-carlos-herrera\/#breadcrumblist","itemListElement":[{"@type":"ListItem","@id":"https:\/\/candas365.es\/noticias#listItem","position":1,"name":"Home","item":"https:\/\/candas365.es\/noticias","nextItem":{"@type":"ListItem","@id":"https:\/\/candas365.es\/noticias\/category\/agenda\/#listItem","name":"Agenda"}},{"@type":"ListItem","@id":"https:\/\/candas365.es\/noticias\/category\/agenda\/#listItem","position":2,"name":"Agenda","item":"https:\/\/candas365.es\/noticias\/category\/agenda\/","nextItem":{"@type":"ListItem","@id":"https:\/\/candas365.es\/noticias\/como-lo-ves-el-domingo-con-carlos-herrera\/#listItem","name":"\u201c\u00bfC\u00f3mo lo ves?\u201d el domingo con Carlos Herrera"},"previousItem":{"@type":"ListItem","@id":"https:\/\/candas365.es\/noticias#listItem","name":"Home"}},{"@type":"ListItem","@id":"https:\/\/candas365.es\/noticias\/como-lo-ves-el-domingo-con-carlos-herrera\/#listItem","position":3,"name":"\u201c\u00bfC\u00f3mo lo ves?\u201d el domingo con Carlos Herrera","previousItem":{"@type":"ListItem","@id":"https:\/\/candas365.es\/noticias\/category\/agenda\/#listItem","name":"Agenda"}}]},{"@type":"NewsArticle","@id":"https:\/\/candas365.es\/noticias\/como-lo-ves-el-domingo-con-carlos-herrera\/#newsarticle","name":"\u201c\u00bfC\u00f3mo lo ves?\u201d el domingo con Carlos Herrera | Cand\u00e1s 365","headline":"\u201c\u00bfC\u00f3mo lo ves?\u201d el domingo con Carlos Herrera","author":{"@id":"https:\/\/candas365.es\/noticias\/author\/admin\/#author"},"publisher":{"@id":"https:\/\/candas365.es\/noticias\/#organization"},"image":{"@type":"ImageObject","url":"https:\/\/candas365.es\/noticias\/wp-content\/uploads\/2017\/07\/controls-1527175_960_720.jpg","width":960,"height":720},"datePublished":"2017-10-14T15:21:00+02:00","dateModified":"2017-10-14T15:21:00+02:00","inLanguage":"es-ES","mainEntityOfPage":{"@id":"https:\/\/candas365.es\/noticias\/como-lo-ves-el-domingo-con-carlos-herrera\/#webpage"},"isPartOf":{"@id":"https:\/\/candas365.es\/noticias\/como-lo-ves-el-domingo-con-carlos-herrera\/#webpage"},"articleSection":"Agenda","dateline":"Publicado el octubre 14, 2017."},{"@type":"Organization","@id":"https:\/\/candas365.es\/noticias\/#organization","name":"Cand\u00e1s 365","description":"Cand\u00e1s 365 es un diario digital independiente, fundado en 2012, con base en Asturias. Informamos con rigor sobre actualidad, sociedad, cultura y ocio, con una mirada local y global.","url":"https:\/\/candas365.es\/noticias\/","email":"info@candas365.es","telephone":"+34652131393","foundingDate":"2012-06-10","logo":{"@type":"ImageObject","url":"https:\/\/candas365.es\/noticias\/wp-content\/uploads\/2024\/09\/Candas-365-Redes.jpg","@id":"https:\/\/candas365.es\/noticias\/como-lo-ves-el-domingo-con-carlos-herrera\/#organizationLogo","width":1152,"height":864,"caption":"Cand\u00e1s 365 Redes"},"image":{"@id":"https:\/\/candas365.es\/noticias\/como-lo-ves-el-domingo-con-carlos-herrera\/#organizationLogo"},"sameAs":["https:\/\/www.facebook.com\/Nachofdezber","https:\/\/x.com\/NabercoDigital","https:\/\/www.instagram.com\/nachofdezber\/","https:\/\/www.youtube.com\/channel\/UCZP-2wLEB9Rv6erhFmqVnvg"],"address":{"@id":"https:\/\/candas365.es\/noticias\/#postaladdress","@type":"PostalAddress","streetAddress":"san antonio 4, san antonio 4","postalCode":"33430","addressLocality":"Cand\u00e1s","addressRegion":"Asturias","addressCountry":"ES"}},{"@type":"Person","@id":"https:\/\/candas365.es\/noticias\/author\/admin\/#author","url":"https:\/\/candas365.es\/noticias\/author\/admin\/","name":"Cand\u00e1s 365","image":{"@type":"ImageObject","@id":"https:\/\/candas365.es\/noticias\/como-lo-ves-el-domingo-con-carlos-herrera\/#authorImage","url":"https:\/\/secure.gravatar.com\/avatar\/496a8e03d0c493ede1718b7934145dbdf8d89be1036b0eec9544e1094c9de390?s=96&d=mm&r=g","width":96,"height":96,"caption":"Cand\u00e1s 365"},"sameAs":["https:\/\/www.facebook.com\/carrenoactualidad","https:\/\/twitter.com\/nbasturias","https:\/\/www.instagram.com\/nachofdezber\/","https:\/\/www.youtube.com\/channel\/UCZP-2wLEB9Rv6erhFmqVnvg"]},{"@type":"WebPage","@id":"https:\/\/candas365.es\/noticias\/como-lo-ves-el-domingo-con-carlos-herrera\/#webpage","url":"https:\/\/candas365.es\/noticias\/como-lo-ves-el-domingo-con-carlos-herrera\/","name":"\u201c\u00bfC\u00f3mo lo ves?\u201d el domingo con Carlos Herrera | Cand\u00e1s 365","description":"El periodista Carlos Herrera regresa este domingo a RTVE con el nuevo programa de entretenimiento y participaci\u00f3n \u2018\u00bfC\u00f3mo lo ves?\u2019. Un espacio semanal en directo en el que la actualidad y los temas cotidianos de conversaci\u00f3n se someter\u00e1n al veredicto de los espectadores. \u2018\u00bfC\u00f3mo lo ves?\u2019 se estrenar\u00e1 este domingo, 15 de octubre, en el","inLanguage":"es-ES","isPartOf":{"@id":"https:\/\/candas365.es\/noticias\/#website"},"breadcrumb":{"@id":"https:\/\/candas365.es\/noticias\/como-lo-ves-el-domingo-con-carlos-herrera\/#breadcrumblist"},"author":{"@id":"https:\/\/candas365.es\/noticias\/author\/admin\/#author"},"creator":{"@id":"https:\/\/candas365.es\/noticias\/author\/admin\/#author"},"image":{"@type":"ImageObject","url":"https:\/\/candas365.es\/noticias\/wp-content\/uploads\/2017\/07\/controls-1527175_960_720.jpg","@id":"https:\/\/candas365.es\/noticias\/como-lo-ves-el-domingo-con-carlos-herrera\/#mainImage","width":960,"height":720},"primaryImageOfPage":{"@id":"https:\/\/candas365.es\/noticias\/como-lo-ves-el-domingo-con-carlos-herrera\/#mainImage"},"datePublished":"2017-10-14T15:21:00+02:00","dateModified":"2017-10-14T15:21:00+02:00"},{"@type":"WebSite","@id":"https:\/\/candas365.es\/noticias\/#website","url":"https:\/\/candas365.es\/noticias\/","name":"Cand\u00e1s 365","alternateName":"Cand\u00e1s 365 Noticias","description":"Actualidad desde Carre\u00f1o para el mundo","inLanguage":"es-ES","publisher":{"@id":"https:\/\/candas365.es\/noticias\/#organization"}}]},"og:locale":"es_ES","og:site_name":"Cand\u00e1s 365","og:type":"article","og:title":"\u201c\u00bfC\u00f3mo lo ves?\u201d el domingo con Carlos Herrera | Cand\u00e1s 365","og:description":"El periodista Carlos Herrera regresa este domingo a RTVE con el nuevo programa de entretenimiento y participaci\u00f3n \u2018\u00bfC\u00f3mo lo ves?\u2019. Un espacio semanal en directo en el que la actualidad y los temas cotidianos de conversaci\u00f3n se someter\u00e1n al veredicto de los espectadores. \u2018\u00bfC\u00f3mo lo ves?\u2019 se estrenar\u00e1 este domingo, 15 de octubre, en el","og:url":"https:\/\/candas365.es\/noticias\/como-lo-ves-el-domingo-con-carlos-herrera\/","og:image":"https:\/\/candas365.es\/noticias\/wp-content\/uploads\/2017\/07\/controls-1527175_960_720.jpg","og:image:secure_url":"https:\/\/candas365.es\/noticias\/wp-content\/uploads\/2017\/07\/controls-1527175_960_720.jpg","og:image:width":960,"og:image:height":720,"article:published_time":"2017-10-14T15:21:00+00:00","article:modified_time":"2017-10-14T15:21:00+00:00","article:publisher":"https:\/\/www.facebook.com\/Nachofdezber","article:author":"https:\/\/www.facebook.com\/carrenoactualidad","twitter:card":"summary_large_image","twitter:site":"@NabercoDigital","twitter:title":"\u201c\u00bfC\u00f3mo lo ves?\u201d el domingo con Carlos Herrera | Cand\u00e1s 365","twitter:description":"El periodista Carlos Herrera regresa este domingo a RTVE con el nuevo programa de entretenimiento y participaci\u00f3n \u2018\u00bfC\u00f3mo lo ves?\u2019. Un espacio semanal en directo en el que la actualidad y los temas cotidianos de conversaci\u00f3n se someter\u00e1n al veredicto de los espectadores. \u2018\u00bfC\u00f3mo lo ves?\u2019 se estrenar\u00e1 este domingo, 15 de octubre, en el","twitter:creator":"@nbasturias","twitter:image":"https:\/\/candas365.es\/noticias\/wp-content\/uploads\/2017\/07\/controls-1527175_960_720.jpg","twitter:label1":"Escrito por","twitter:data1":"Cand\u00e1s 365","twitter:label2":"Tiempo de lectura estimado","twitter:data2":"2 minutos"},"aioseo_meta_data":{"post_id":"82172","title":null,"description":null,"keywords":null,"keyphrases":null,"primary_term":null,"canonical_url":null,"og_title":null,"og_description":null,"og_object_type":"default","og_image_type":"default","og_image_url":null,"og_image_width":null,"og_image_height":null,"og_image_custom_url":null,"og_image_custom_fields":null,"og_video":null,"og_custom_url":null,"og_article_section":null,"og_article_tags":null,"twitter_use_og":false,"twitter_card":"default","twitter_image_type":"default","twitter_image_url":null,"twitter_image_custom_url":null,"twitter_image_custom_fields":null,"twitter_title":null,"twitter_description":null,"schema":{"blockGraphs":[],"customGraphs":[],"default":{"data":{"Article":[],"Course":[],"Dataset":[],"FAQPage":[],"Movie":[],"Person":[],"Product":[],"ProductReview":[],"Car":[],"Recipe":[],"Service":[],"SoftwareApplication":[],"WebPage":[]},"graphName":"","isEnabled":true},"graphs":[],"defaultGraph":"","defaultPostTypeGraph":""},"schema_type":null,"schema_type_options":null,"pillar_content":false,"robots_default":true,"robots_noindex":false,"robots_noarchive":false,"robots_nosnippet":false,"robots_nofollow":false,"robots_noimageindex":false,"robots_noodp":false,"robots_notranslate":false,"robots_max_snippet":null,"robots_max_videopreview":null,"robots_max_imagepreview":"large","priority":null,"frequency":null,"location":null,"local_seo":null,"seo_analyzer_scan_date":"2025-08-26 02:44:17","breadcrumb_settings":null,"limit_modified_date":false,"reviewed_by":null,"open_ai":null,"ai":null,"created":"2020-12-21 12:37:58","updated":"2025-08-26 02:44:17"},"aioseo_breadcrumb":"<div class=\"aioseo-breadcrumbs\"><span class=\"aioseo-breadcrumb\">\n\t<a href=\"https:\/\/candas365.es\/noticias\" title=\"Home\">Home<\/a>\n<\/span><span class=\"aioseo-breadcrumb-separator\">&ndash;<\/span><span class=\"aioseo-breadcrumb\">\n\t<a href=\"https:\/\/candas365.es\/noticias\/category\/agenda\/\" title=\"Agenda\">Agenda<\/a>\n<\/span><span class=\"aioseo-breadcrumb-separator\">&ndash;<\/span><span class=\"aioseo-breadcrumb\">\n\t\u201c\u00bfC\u00f3mo lo ves?\u201d el domingo con Carlos Herrera\n<\/span><\/div>","aioseo_breadcrumb_json":[{"label":"Home","link":"https:\/\/candas365.es\/noticias"},{"label":"Agenda","link":"https:\/\/candas365.es\/noticias\/category\/agenda\/"},{"label":"\u201c\u00bfC\u00f3mo lo ves?\u201d el domingo con Carlos Herrera","link":"https:\/\/candas365.es\/noticias\/como-lo-ves-el-domingo-con-carlos-herrera\/"}],"_links":{"self":[{"href":"https:\/\/candas365.es\/noticias\/wp-json\/wp\/v2\/posts\/82172","targetHints":{"allow":["GET"]}}],"collection":[{"href":"https:\/\/candas365.es\/noticias\/wp-json\/wp\/v2\/posts"}],"about":[{"href":"https:\/\/candas365.es\/noticias\/wp-json\/wp\/v2\/types\/post"}],"author":[{"embeddable":true,"href":"https:\/\/candas365.es\/noticias\/wp-json\/wp\/v2\/users\/1"}],"replies":[{"embeddable":true,"href":"https:\/\/candas365.es\/noticias\/wp-json\/wp\/v2\/comments?post=82172"}],"version-history":[{"count":0,"href":"https:\/\/candas365.es\/noticias\/wp-json\/wp\/v2\/posts\/82172\/revisions"}],"wp:featuredmedia":[{"embeddable":true,"href":"https:\/\/candas365.es\/noticias\/wp-json\/wp\/v2\/media\/76605"}],"wp:attachment":[{"href":"https:\/\/candas365.es\/noticias\/wp-json\/wp\/v2\/media?parent=82172"}],"wp:term":[{"taxonomy":"category","embeddable":true,"href":"https:\/\/candas365.es\/noticias\/wp-json\/wp\/v2\/categories?post=82172"},{"taxonomy":"post_tag","embeddable":true,"href":"https:\/\/candas365.es\/noticias\/wp-json\/wp\/v2\/tags?post=82172"}],"curies":[{"name":"wp","href":"https:\/\/api.w.org\/{rel}","templated":true}]}}