{"id":82169,"date":"2017-10-14T15:03:11","date_gmt":"2017-10-14T15:03:11","guid":{"rendered":"http:\/\/candas365.es\/noticias\/?p=82169"},"modified":"2017-10-14T15:03:11","modified_gmt":"2017-10-14T15:03:11","slug":"cachitos-de-hierro-y-cromo-el-domingo-en-la-2","status":"publish","type":"post","link":"https:\/\/candas365.es\/noticias\/cachitos-de-hierro-y-cromo-el-domingo-en-la-2\/","title":{"rendered":"\u2018Cachitos de hierro y cromo&#8217;, el domingo en La 2"},"content":{"rendered":"<p><img fetchpriority=\"high\" decoding=\"async\" class=\"alignleft size-medium wp-image-82170\" src=\"https:\/\/candas365.es\/noticias\/wp-content\/uploads\/2017\/10\/1507893627857-360x203.jpg\" alt=\"\" width=\"360\" height=\"203\" srcset=\"https:\/\/candas365.es\/noticias\/wp-content\/uploads\/2017\/10\/1507893627857-360x203.jpg 360w, https:\/\/candas365.es\/noticias\/wp-content\/uploads\/2017\/10\/1507893627857-768x432.jpg 768w, https:\/\/candas365.es\/noticias\/wp-content\/uploads\/2017\/10\/1507893627857-655x368.jpg 655w, https:\/\/candas365.es\/noticias\/wp-content\/uploads\/2017\/10\/1507893627857-696x392.jpg 696w, https:\/\/candas365.es\/noticias\/wp-content\/uploads\/2017\/10\/1507893627857-747x420.jpg 747w, https:\/\/candas365.es\/noticias\/wp-content\/uploads\/2017\/10\/1507893627857-499x280.jpg 499w, https:\/\/candas365.es\/noticias\/wp-content\/uploads\/2017\/10\/1507893627857.jpg 800w\" sizes=\"(max-width: 360px) 100vw, 360px\" \/>\u2018Cachitos de hierro y cromo&#8217;, el programa de La 2 y Radio 3 que recorre el archivo sonoro de RTVE, ofrece este domingo las actuaciones de los m\u00e1s memorables d\u00faos de la escena nacional e internacional que han actuado en TVE.<\/p>\n<p>Sin contar a los hermanos, hay muchas formas de pareja de cantantes, pero fundamentalmente han triunfado las compuestas por dos hombres o las formadas por hombre y mujer.<\/p>\n<p>\u2018Cachitos\u2026\u2019 recuerda esta semana a esos d\u00faos, esas parejas musicales que siempre han existido: matrimonios que se manten\u00edan o se separaban, amigos y amigas, del mismo o distinto sexo. Una uni\u00f3n, en definitiva, que ha permitido gozar de buena m\u00fasica, casi siempre.<\/p>\n<p>\u2018Cachitos de hierro y cromo\u2019, dirigido por Jero Rodr\u00edguez y presentado por Virginia D\u00edaz (subdirectora de \u2018Los Conciertos de Radio 3\u2019 y directora y presentadora de \u2018180 Grados\u2019 en Radio 3), estren\u00f3 su nueva temporada el pasado domingo con una gran acogida en redes sociales al convertirse en uno de los trending topic del d\u00eda. \u2018Cachitos D\u00faos\u2019 es un cap\u00edtulo de Jos\u00e9 Antonio Mourenza, Carlos Vidal y Jero Rodr\u00edguez.<\/p>\n","protected":false},"excerpt":{"rendered":"<p>\u2018Cachitos de hierro y cromo&#8217;, el programa de La 2 y Radio 3 que recorre el archivo sonoro de RTVE, ofrece este domingo las actuaciones de los m\u00e1s memorables d\u00faos de la escena nacional e internacional que han actuado en TVE. Sin contar a los hermanos, hay muchas formas de pareja de cantantes, pero fundamentalmente<\/p>\n","protected":false},"author":1,"featured_media":82170,"comment_status":"closed","ping_status":"closed","sticky":false,"template":"","format":"standard","meta":{"footnotes":""},"categories":[1],"tags":[],"class_list":{"0":"post-82169","1":"post","2":"type-post","3":"status-publish","4":"format-standard","5":"has-post-thumbnail","7":"category-agenda"},"aioseo_notices":[],"aioseo_head":"\n\t\t<!-- All in One SEO Pro 4.9.6.2 - aioseo.com -->\n\t<meta name=\"description\" content=\"\u2018Cachitos de hierro y cromo&#039;, el programa de La 2 y Radio 3 que recorre el archivo sonoro de RTVE, ofrece este domingo las actuaciones de los m\u00e1s memorables d\u00faos de la escena nacional e internacional que han actuado en TVE. Sin contar a los hermanos, hay muchas formas de pareja de cantantes, pero fundamentalmente\" \/>\n\t<meta name=\"robots\" content=\"max-image-preview:large\" \/>\n\t<meta name=\"author\" content=\"Cand\u00e1s 365\"\/>\n\t<meta name=\"google-site-verification\" content=\"UA-32230408-1\" \/>\n\t<meta name=\"msvalidate.01\" content=\"354F3CDFB2DA171B47FBE9ABF1F88D5\" \/>\n\t<meta name=\"keywords\" content=\"agenda\" \/>\n\t<link rel=\"canonical\" href=\"https:\/\/candas365.es\/noticias\/cachitos-de-hierro-y-cromo-el-domingo-en-la-2\/\" \/>\n\t<meta name=\"generator\" content=\"All in One SEO Pro (AIOSEO) 4.9.6.2\" \/>\n\t\t<meta property=\"og:locale\" content=\"es_ES\" \/>\n\t\t<meta property=\"og:site_name\" content=\"Cand\u00e1s 365\" \/>\n\t\t<meta property=\"og:type\" content=\"article\" \/>\n\t\t<meta property=\"og:title\" content=\"\u2018Cachitos de hierro y cromo\u2019, el domingo en La 2 | Cand\u00e1s 365\" \/>\n\t\t<meta property=\"og:description\" content=\"\u2018Cachitos de hierro y cromo&#039;, el programa de La 2 y Radio 3 que recorre el archivo sonoro de RTVE, ofrece este domingo las actuaciones de los m\u00e1s memorables d\u00faos de la escena nacional e internacional que han actuado en TVE. Sin contar a los hermanos, hay muchas formas de pareja de cantantes, pero fundamentalmente\" \/>\n\t\t<meta property=\"og:url\" content=\"https:\/\/candas365.es\/noticias\/cachitos-de-hierro-y-cromo-el-domingo-en-la-2\/\" \/>\n\t\t<meta property=\"og:image\" content=\"https:\/\/candas365.es\/noticias\/wp-content\/uploads\/2017\/10\/1507893627857.jpg\" \/>\n\t\t<meta property=\"og:image:secure_url\" content=\"https:\/\/candas365.es\/noticias\/wp-content\/uploads\/2017\/10\/1507893627857.jpg\" \/>\n\t\t<meta property=\"og:image:width\" content=\"800\" \/>\n\t\t<meta property=\"og:image:height\" content=\"450\" \/>\n\t\t<meta property=\"article:published_time\" content=\"2017-10-14T15:03:11+00:00\" \/>\n\t\t<meta property=\"article:modified_time\" content=\"2017-10-14T15:03:11+00:00\" \/>\n\t\t<meta property=\"article:publisher\" content=\"https:\/\/www.facebook.com\/Nachofdezber\" \/>\n\t\t<meta property=\"article:author\" content=\"https:\/\/www.facebook.com\/carrenoactualidad\" \/>\n\t\t<meta name=\"twitter:card\" content=\"summary_large_image\" \/>\n\t\t<meta name=\"twitter:site\" content=\"@NabercoDigital\" \/>\n\t\t<meta name=\"twitter:title\" content=\"\u2018Cachitos de hierro y cromo\u2019, el domingo en La 2 | Cand\u00e1s 365\" \/>\n\t\t<meta name=\"twitter:description\" content=\"\u2018Cachitos de hierro y cromo&#039;, el programa de La 2 y Radio 3 que recorre el archivo sonoro de RTVE, ofrece este domingo las actuaciones de los m\u00e1s memorables d\u00faos de la escena nacional e internacional que han actuado en TVE. Sin contar a los hermanos, hay muchas formas de pareja de cantantes, pero fundamentalmente\" \/>\n\t\t<meta name=\"twitter:creator\" content=\"@nbasturias\" \/>\n\t\t<meta name=\"twitter:image\" content=\"https:\/\/candas365.es\/noticias\/wp-content\/uploads\/2017\/10\/1507893627857.jpg\" \/>\n\t\t<meta name=\"twitter:label1\" content=\"Escrito por\" \/>\n\t\t<meta name=\"twitter:data1\" content=\"Cand\u00e1s 365\" \/>\n\t\t<meta name=\"twitter:label2\" content=\"Tiempo de lectura estimado\" \/>\n\t\t<meta name=\"twitter:data2\" content=\"1 minuto\" \/>\n\t\t<script type=\"application\/ld+json\" class=\"aioseo-schema\">\n\t\t\t{\"@context\":\"https:\\\/\\\/schema.org\",\"@graph\":[{\"@type\":\"BreadcrumbList\",\"@id\":\"https:\\\/\\\/candas365.es\\\/noticias\\\/cachitos-de-hierro-y-cromo-el-domingo-en-la-2\\\/#breadcrumblist\",\"itemListElement\":[{\"@type\":\"ListItem\",\"@id\":\"https:\\\/\\\/candas365.es\\\/noticias#listItem\",\"position\":1,\"name\":\"Home\",\"item\":\"https:\\\/\\\/candas365.es\\\/noticias\",\"nextItem\":{\"@type\":\"ListItem\",\"@id\":\"https:\\\/\\\/candas365.es\\\/noticias\\\/category\\\/agenda\\\/#listItem\",\"name\":\"Agenda\"}},{\"@type\":\"ListItem\",\"@id\":\"https:\\\/\\\/candas365.es\\\/noticias\\\/category\\\/agenda\\\/#listItem\",\"position\":2,\"name\":\"Agenda\",\"item\":\"https:\\\/\\\/candas365.es\\\/noticias\\\/category\\\/agenda\\\/\",\"nextItem\":{\"@type\":\"ListItem\",\"@id\":\"https:\\\/\\\/candas365.es\\\/noticias\\\/cachitos-de-hierro-y-cromo-el-domingo-en-la-2\\\/#listItem\",\"name\":\"\\u2018Cachitos de hierro y cromo&#8217;, el domingo en La 2\"},\"previousItem\":{\"@type\":\"ListItem\",\"@id\":\"https:\\\/\\\/candas365.es\\\/noticias#listItem\",\"name\":\"Home\"}},{\"@type\":\"ListItem\",\"@id\":\"https:\\\/\\\/candas365.es\\\/noticias\\\/cachitos-de-hierro-y-cromo-el-domingo-en-la-2\\\/#listItem\",\"position\":3,\"name\":\"\\u2018Cachitos de hierro y cromo&#8217;, el domingo en La 2\",\"previousItem\":{\"@type\":\"ListItem\",\"@id\":\"https:\\\/\\\/candas365.es\\\/noticias\\\/category\\\/agenda\\\/#listItem\",\"name\":\"Agenda\"}}]},{\"@type\":\"NewsArticle\",\"@id\":\"https:\\\/\\\/candas365.es\\\/noticias\\\/cachitos-de-hierro-y-cromo-el-domingo-en-la-2\\\/#newsarticle\",\"name\":\"\\u2018Cachitos de hierro y cromo\\u2019, el domingo en La 2 | Cand\\u00e1s 365\",\"headline\":\"\\u2018Cachitos de hierro y cromo&#8217;, el domingo en La 2\",\"author\":{\"@id\":\"https:\\\/\\\/candas365.es\\\/noticias\\\/author\\\/admin\\\/#author\"},\"publisher\":{\"@id\":\"https:\\\/\\\/candas365.es\\\/noticias\\\/#organization\"},\"image\":{\"@type\":\"ImageObject\",\"url\":\"https:\\\/\\\/candas365.es\\\/noticias\\\/wp-content\\\/uploads\\\/2017\\\/10\\\/1507893627857.jpg\",\"width\":800,\"height\":450},\"datePublished\":\"2017-10-14T15:03:11+02:00\",\"dateModified\":\"2017-10-14T15:03:11+02:00\",\"inLanguage\":\"es-ES\",\"mainEntityOfPage\":{\"@id\":\"https:\\\/\\\/candas365.es\\\/noticias\\\/cachitos-de-hierro-y-cromo-el-domingo-en-la-2\\\/#webpage\"},\"isPartOf\":{\"@id\":\"https:\\\/\\\/candas365.es\\\/noticias\\\/cachitos-de-hierro-y-cromo-el-domingo-en-la-2\\\/#webpage\"},\"articleSection\":\"Agenda\",\"dateline\":\"Publicado el octubre 14, 2017.\"},{\"@type\":\"Organization\",\"@id\":\"https:\\\/\\\/candas365.es\\\/noticias\\\/#organization\",\"name\":\"Cand\\u00e1s 365\",\"description\":\"Cand\\u00e1s 365 es un diario digital independiente, fundado en 2012, con base en Asturias. Informamos con rigor sobre actualidad, sociedad, cultura y ocio, con una mirada local y global.\",\"url\":\"https:\\\/\\\/candas365.es\\\/noticias\\\/\",\"email\":\"info@candas365.es\",\"telephone\":\"+34652131393\",\"foundingDate\":\"2012-06-10\",\"logo\":{\"@type\":\"ImageObject\",\"url\":\"https:\\\/\\\/candas365.es\\\/noticias\\\/wp-content\\\/uploads\\\/2024\\\/09\\\/Candas-365-Redes.jpg\",\"@id\":\"https:\\\/\\\/candas365.es\\\/noticias\\\/cachitos-de-hierro-y-cromo-el-domingo-en-la-2\\\/#organizationLogo\",\"width\":1152,\"height\":864,\"caption\":\"Cand\\u00e1s 365 Redes\"},\"image\":{\"@id\":\"https:\\\/\\\/candas365.es\\\/noticias\\\/cachitos-de-hierro-y-cromo-el-domingo-en-la-2\\\/#organizationLogo\"},\"sameAs\":[\"https:\\\/\\\/www.facebook.com\\\/Nachofdezber\",\"https:\\\/\\\/x.com\\\/NabercoDigital\",\"https:\\\/\\\/www.instagram.com\\\/nachofdezber\\\/\",\"https:\\\/\\\/www.youtube.com\\\/channel\\\/UCZP-2wLEB9Rv6erhFmqVnvg\"],\"address\":{\"@id\":\"https:\\\/\\\/candas365.es\\\/noticias\\\/#postaladdress\",\"@type\":\"PostalAddress\",\"streetAddress\":\"san antonio 4, san antonio 4\",\"postalCode\":\"33430\",\"addressLocality\":\"Cand\\u00e1s\",\"addressRegion\":\"Asturias\",\"addressCountry\":\"ES\"}},{\"@type\":\"Person\",\"@id\":\"https:\\\/\\\/candas365.es\\\/noticias\\\/author\\\/admin\\\/#author\",\"url\":\"https:\\\/\\\/candas365.es\\\/noticias\\\/author\\\/admin\\\/\",\"name\":\"Cand\\u00e1s 365\",\"image\":{\"@type\":\"ImageObject\",\"@id\":\"https:\\\/\\\/candas365.es\\\/noticias\\\/cachitos-de-hierro-y-cromo-el-domingo-en-la-2\\\/#authorImage\",\"url\":\"https:\\\/\\\/secure.gravatar.com\\\/avatar\\\/496a8e03d0c493ede1718b7934145dbdf8d89be1036b0eec9544e1094c9de390?s=96&d=mm&r=g\",\"width\":96,\"height\":96,\"caption\":\"Cand\\u00e1s 365\"},\"sameAs\":[\"https:\\\/\\\/www.facebook.com\\\/carrenoactualidad\",\"https:\\\/\\\/twitter.com\\\/nbasturias\",\"https:\\\/\\\/www.instagram.com\\\/nachofdezber\\\/\",\"https:\\\/\\\/www.youtube.com\\\/channel\\\/UCZP-2wLEB9Rv6erhFmqVnvg\"]},{\"@type\":\"WebPage\",\"@id\":\"https:\\\/\\\/candas365.es\\\/noticias\\\/cachitos-de-hierro-y-cromo-el-domingo-en-la-2\\\/#webpage\",\"url\":\"https:\\\/\\\/candas365.es\\\/noticias\\\/cachitos-de-hierro-y-cromo-el-domingo-en-la-2\\\/\",\"name\":\"\\u2018Cachitos de hierro y cromo\\u2019, el domingo en La 2 | Cand\\u00e1s 365\",\"description\":\"\\u2018Cachitos de hierro y cromo', el programa de La 2 y Radio 3 que recorre el archivo sonoro de RTVE, ofrece este domingo las actuaciones de los m\\u00e1s memorables d\\u00faos de la escena nacional e internacional que han actuado en TVE. Sin contar a los hermanos, hay muchas formas de pareja de cantantes, pero fundamentalmente\",\"inLanguage\":\"es-ES\",\"isPartOf\":{\"@id\":\"https:\\\/\\\/candas365.es\\\/noticias\\\/#website\"},\"breadcrumb\":{\"@id\":\"https:\\\/\\\/candas365.es\\\/noticias\\\/cachitos-de-hierro-y-cromo-el-domingo-en-la-2\\\/#breadcrumblist\"},\"author\":{\"@id\":\"https:\\\/\\\/candas365.es\\\/noticias\\\/author\\\/admin\\\/#author\"},\"creator\":{\"@id\":\"https:\\\/\\\/candas365.es\\\/noticias\\\/author\\\/admin\\\/#author\"},\"image\":{\"@type\":\"ImageObject\",\"url\":\"https:\\\/\\\/candas365.es\\\/noticias\\\/wp-content\\\/uploads\\\/2017\\\/10\\\/1507893627857.jpg\",\"@id\":\"https:\\\/\\\/candas365.es\\\/noticias\\\/cachitos-de-hierro-y-cromo-el-domingo-en-la-2\\\/#mainImage\",\"width\":800,\"height\":450},\"primaryImageOfPage\":{\"@id\":\"https:\\\/\\\/candas365.es\\\/noticias\\\/cachitos-de-hierro-y-cromo-el-domingo-en-la-2\\\/#mainImage\"},\"datePublished\":\"2017-10-14T15:03:11+02:00\",\"dateModified\":\"2017-10-14T15:03:11+02:00\"},{\"@type\":\"WebSite\",\"@id\":\"https:\\\/\\\/candas365.es\\\/noticias\\\/#website\",\"url\":\"https:\\\/\\\/candas365.es\\\/noticias\\\/\",\"name\":\"Cand\\u00e1s 365\",\"alternateName\":\"Cand\\u00e1s 365 Noticias\",\"description\":\"Actualidad desde Carre\\u00f1o para el mundo\",\"inLanguage\":\"es-ES\",\"publisher\":{\"@id\":\"https:\\\/\\\/candas365.es\\\/noticias\\\/#organization\"}}]}\n\t\t<\/script>\n\t\t<!-- All in One SEO Pro -->\r\n\t\t<title>\u2018Cachitos de hierro y cromo\u2019, el domingo en La 2 | Cand\u00e1s 365<\/title>\n\n","aioseo_head_json":{"title":"\u2018Cachitos de hierro y cromo\u2019, el domingo en La 2 | Cand\u00e1s 365","description":"\u2018Cachitos de hierro y cromo', el programa de La 2 y Radio 3 que recorre el archivo sonoro de RTVE, ofrece este domingo las actuaciones de los m\u00e1s memorables d\u00faos de la escena nacional e internacional que han actuado en TVE. Sin contar a los hermanos, hay muchas formas de pareja de cantantes, pero fundamentalmente","canonical_url":"https:\/\/candas365.es\/noticias\/cachitos-de-hierro-y-cromo-el-domingo-en-la-2\/","robots":"max-image-preview:large","keywords":"agenda","webmasterTools":{"google-site-verification":"UA-32230408-1","msvalidate.01":"354F3CDFB2DA171B47FBE9ABF1F88D5","miscellaneous":""},"schema":{"@context":"https:\/\/schema.org","@graph":[{"@type":"BreadcrumbList","@id":"https:\/\/candas365.es\/noticias\/cachitos-de-hierro-y-cromo-el-domingo-en-la-2\/#breadcrumblist","itemListElement":[{"@type":"ListItem","@id":"https:\/\/candas365.es\/noticias#listItem","position":1,"name":"Home","item":"https:\/\/candas365.es\/noticias","nextItem":{"@type":"ListItem","@id":"https:\/\/candas365.es\/noticias\/category\/agenda\/#listItem","name":"Agenda"}},{"@type":"ListItem","@id":"https:\/\/candas365.es\/noticias\/category\/agenda\/#listItem","position":2,"name":"Agenda","item":"https:\/\/candas365.es\/noticias\/category\/agenda\/","nextItem":{"@type":"ListItem","@id":"https:\/\/candas365.es\/noticias\/cachitos-de-hierro-y-cromo-el-domingo-en-la-2\/#listItem","name":"\u2018Cachitos de hierro y cromo&#8217;, el domingo en La 2"},"previousItem":{"@type":"ListItem","@id":"https:\/\/candas365.es\/noticias#listItem","name":"Home"}},{"@type":"ListItem","@id":"https:\/\/candas365.es\/noticias\/cachitos-de-hierro-y-cromo-el-domingo-en-la-2\/#listItem","position":3,"name":"\u2018Cachitos de hierro y cromo&#8217;, el domingo en La 2","previousItem":{"@type":"ListItem","@id":"https:\/\/candas365.es\/noticias\/category\/agenda\/#listItem","name":"Agenda"}}]},{"@type":"NewsArticle","@id":"https:\/\/candas365.es\/noticias\/cachitos-de-hierro-y-cromo-el-domingo-en-la-2\/#newsarticle","name":"\u2018Cachitos de hierro y cromo\u2019, el domingo en La 2 | Cand\u00e1s 365","headline":"\u2018Cachitos de hierro y cromo&#8217;, el domingo en La 2","author":{"@id":"https:\/\/candas365.es\/noticias\/author\/admin\/#author"},"publisher":{"@id":"https:\/\/candas365.es\/noticias\/#organization"},"image":{"@type":"ImageObject","url":"https:\/\/candas365.es\/noticias\/wp-content\/uploads\/2017\/10\/1507893627857.jpg","width":800,"height":450},"datePublished":"2017-10-14T15:03:11+02:00","dateModified":"2017-10-14T15:03:11+02:00","inLanguage":"es-ES","mainEntityOfPage":{"@id":"https:\/\/candas365.es\/noticias\/cachitos-de-hierro-y-cromo-el-domingo-en-la-2\/#webpage"},"isPartOf":{"@id":"https:\/\/candas365.es\/noticias\/cachitos-de-hierro-y-cromo-el-domingo-en-la-2\/#webpage"},"articleSection":"Agenda","dateline":"Publicado el octubre 14, 2017."},{"@type":"Organization","@id":"https:\/\/candas365.es\/noticias\/#organization","name":"Cand\u00e1s 365","description":"Cand\u00e1s 365 es un diario digital independiente, fundado en 2012, con base en Asturias. Informamos con rigor sobre actualidad, sociedad, cultura y ocio, con una mirada local y global.","url":"https:\/\/candas365.es\/noticias\/","email":"info@candas365.es","telephone":"+34652131393","foundingDate":"2012-06-10","logo":{"@type":"ImageObject","url":"https:\/\/candas365.es\/noticias\/wp-content\/uploads\/2024\/09\/Candas-365-Redes.jpg","@id":"https:\/\/candas365.es\/noticias\/cachitos-de-hierro-y-cromo-el-domingo-en-la-2\/#organizationLogo","width":1152,"height":864,"caption":"Cand\u00e1s 365 Redes"},"image":{"@id":"https:\/\/candas365.es\/noticias\/cachitos-de-hierro-y-cromo-el-domingo-en-la-2\/#organizationLogo"},"sameAs":["https:\/\/www.facebook.com\/Nachofdezber","https:\/\/x.com\/NabercoDigital","https:\/\/www.instagram.com\/nachofdezber\/","https:\/\/www.youtube.com\/channel\/UCZP-2wLEB9Rv6erhFmqVnvg"],"address":{"@id":"https:\/\/candas365.es\/noticias\/#postaladdress","@type":"PostalAddress","streetAddress":"san antonio 4, san antonio 4","postalCode":"33430","addressLocality":"Cand\u00e1s","addressRegion":"Asturias","addressCountry":"ES"}},{"@type":"Person","@id":"https:\/\/candas365.es\/noticias\/author\/admin\/#author","url":"https:\/\/candas365.es\/noticias\/author\/admin\/","name":"Cand\u00e1s 365","image":{"@type":"ImageObject","@id":"https:\/\/candas365.es\/noticias\/cachitos-de-hierro-y-cromo-el-domingo-en-la-2\/#authorImage","url":"https:\/\/secure.gravatar.com\/avatar\/496a8e03d0c493ede1718b7934145dbdf8d89be1036b0eec9544e1094c9de390?s=96&d=mm&r=g","width":96,"height":96,"caption":"Cand\u00e1s 365"},"sameAs":["https:\/\/www.facebook.com\/carrenoactualidad","https:\/\/twitter.com\/nbasturias","https:\/\/www.instagram.com\/nachofdezber\/","https:\/\/www.youtube.com\/channel\/UCZP-2wLEB9Rv6erhFmqVnvg"]},{"@type":"WebPage","@id":"https:\/\/candas365.es\/noticias\/cachitos-de-hierro-y-cromo-el-domingo-en-la-2\/#webpage","url":"https:\/\/candas365.es\/noticias\/cachitos-de-hierro-y-cromo-el-domingo-en-la-2\/","name":"\u2018Cachitos de hierro y cromo\u2019, el domingo en La 2 | Cand\u00e1s 365","description":"\u2018Cachitos de hierro y cromo', el programa de La 2 y Radio 3 que recorre el archivo sonoro de RTVE, ofrece este domingo las actuaciones de los m\u00e1s memorables d\u00faos de la escena nacional e internacional que han actuado en TVE. Sin contar a los hermanos, hay muchas formas de pareja de cantantes, pero fundamentalmente","inLanguage":"es-ES","isPartOf":{"@id":"https:\/\/candas365.es\/noticias\/#website"},"breadcrumb":{"@id":"https:\/\/candas365.es\/noticias\/cachitos-de-hierro-y-cromo-el-domingo-en-la-2\/#breadcrumblist"},"author":{"@id":"https:\/\/candas365.es\/noticias\/author\/admin\/#author"},"creator":{"@id":"https:\/\/candas365.es\/noticias\/author\/admin\/#author"},"image":{"@type":"ImageObject","url":"https:\/\/candas365.es\/noticias\/wp-content\/uploads\/2017\/10\/1507893627857.jpg","@id":"https:\/\/candas365.es\/noticias\/cachitos-de-hierro-y-cromo-el-domingo-en-la-2\/#mainImage","width":800,"height":450},"primaryImageOfPage":{"@id":"https:\/\/candas365.es\/noticias\/cachitos-de-hierro-y-cromo-el-domingo-en-la-2\/#mainImage"},"datePublished":"2017-10-14T15:03:11+02:00","dateModified":"2017-10-14T15:03:11+02:00"},{"@type":"WebSite","@id":"https:\/\/candas365.es\/noticias\/#website","url":"https:\/\/candas365.es\/noticias\/","name":"Cand\u00e1s 365","alternateName":"Cand\u00e1s 365 Noticias","description":"Actualidad desde Carre\u00f1o para el mundo","inLanguage":"es-ES","publisher":{"@id":"https:\/\/candas365.es\/noticias\/#organization"}}]},"og:locale":"es_ES","og:site_name":"Cand\u00e1s 365","og:type":"article","og:title":"\u2018Cachitos de hierro y cromo\u2019, el domingo en La 2 | Cand\u00e1s 365","og:description":"\u2018Cachitos de hierro y cromo', el programa de La 2 y Radio 3 que recorre el archivo sonoro de RTVE, ofrece este domingo las actuaciones de los m\u00e1s memorables d\u00faos de la escena nacional e internacional que han actuado en TVE. Sin contar a los hermanos, hay muchas formas de pareja de cantantes, pero fundamentalmente","og:url":"https:\/\/candas365.es\/noticias\/cachitos-de-hierro-y-cromo-el-domingo-en-la-2\/","og:image":"https:\/\/candas365.es\/noticias\/wp-content\/uploads\/2017\/10\/1507893627857.jpg","og:image:secure_url":"https:\/\/candas365.es\/noticias\/wp-content\/uploads\/2017\/10\/1507893627857.jpg","og:image:width":800,"og:image:height":450,"article:published_time":"2017-10-14T15:03:11+00:00","article:modified_time":"2017-10-14T15:03:11+00:00","article:publisher":"https:\/\/www.facebook.com\/Nachofdezber","article:author":"https:\/\/www.facebook.com\/carrenoactualidad","twitter:card":"summary_large_image","twitter:site":"@NabercoDigital","twitter:title":"\u2018Cachitos de hierro y cromo\u2019, el domingo en La 2 | Cand\u00e1s 365","twitter:description":"\u2018Cachitos de hierro y cromo', el programa de La 2 y Radio 3 que recorre el archivo sonoro de RTVE, ofrece este domingo las actuaciones de los m\u00e1s memorables d\u00faos de la escena nacional e internacional que han actuado en TVE. Sin contar a los hermanos, hay muchas formas de pareja de cantantes, pero fundamentalmente","twitter:creator":"@nbasturias","twitter:image":"https:\/\/candas365.es\/noticias\/wp-content\/uploads\/2017\/10\/1507893627857.jpg","twitter:label1":"Escrito por","twitter:data1":"Cand\u00e1s 365","twitter:label2":"Tiempo de lectura estimado","twitter:data2":"1 minuto"},"aioseo_meta_data":{"post_id":"82169","title":null,"description":null,"keywords":null,"keyphrases":null,"primary_term":null,"canonical_url":null,"og_title":null,"og_description":null,"og_object_type":"default","og_image_type":"default","og_image_url":null,"og_image_width":null,"og_image_height":null,"og_image_custom_url":null,"og_image_custom_fields":null,"og_video":null,"og_custom_url":null,"og_article_section":null,"og_article_tags":null,"twitter_use_og":false,"twitter_card":"default","twitter_image_type":"default","twitter_image_url":null,"twitter_image_custom_url":null,"twitter_image_custom_fields":null,"twitter_title":null,"twitter_description":null,"schema":{"blockGraphs":[],"customGraphs":[],"default":{"data":{"Article":[],"Course":[],"Dataset":[],"FAQPage":[],"Movie":[],"Person":[],"Product":[],"ProductReview":[],"Car":[],"Recipe":[],"Service":[],"SoftwareApplication":[],"WebPage":[]},"graphName":"","isEnabled":true},"graphs":[],"defaultGraph":"","defaultPostTypeGraph":""},"schema_type":null,"schema_type_options":null,"pillar_content":false,"robots_default":true,"robots_noindex":false,"robots_noarchive":false,"robots_nosnippet":false,"robots_nofollow":false,"robots_noimageindex":false,"robots_noodp":false,"robots_notranslate":false,"robots_max_snippet":null,"robots_max_videopreview":null,"robots_max_imagepreview":"large","priority":null,"frequency":null,"location":null,"local_seo":null,"seo_analyzer_scan_date":"2025-08-26 02:44:16","breadcrumb_settings":null,"limit_modified_date":false,"reviewed_by":null,"open_ai":null,"ai":null,"created":"2020-12-21 12:37:58","updated":"2025-08-26 02:44:16"},"aioseo_breadcrumb":"<div class=\"aioseo-breadcrumbs\"><span class=\"aioseo-breadcrumb\">\n\t<a href=\"https:\/\/candas365.es\/noticias\" title=\"Home\">Home<\/a>\n<\/span><span class=\"aioseo-breadcrumb-separator\">&ndash;<\/span><span class=\"aioseo-breadcrumb\">\n\t<a href=\"https:\/\/candas365.es\/noticias\/category\/agenda\/\" title=\"Agenda\">Agenda<\/a>\n<\/span><span class=\"aioseo-breadcrumb-separator\">&ndash;<\/span><span class=\"aioseo-breadcrumb\">\n\t\u2018Cachitos de hierro y cromo\u2019, el domingo en La 2\n<\/span><\/div>","aioseo_breadcrumb_json":[{"label":"Home","link":"https:\/\/candas365.es\/noticias"},{"label":"Agenda","link":"https:\/\/candas365.es\/noticias\/category\/agenda\/"},{"label":"\u2018Cachitos de hierro y cromo&#8217;, el domingo en La 2","link":"https:\/\/candas365.es\/noticias\/cachitos-de-hierro-y-cromo-el-domingo-en-la-2\/"}],"_links":{"self":[{"href":"https:\/\/candas365.es\/noticias\/wp-json\/wp\/v2\/posts\/82169","targetHints":{"allow":["GET"]}}],"collection":[{"href":"https:\/\/candas365.es\/noticias\/wp-json\/wp\/v2\/posts"}],"about":[{"href":"https:\/\/candas365.es\/noticias\/wp-json\/wp\/v2\/types\/post"}],"author":[{"embeddable":true,"href":"https:\/\/candas365.es\/noticias\/wp-json\/wp\/v2\/users\/1"}],"replies":[{"embeddable":true,"href":"https:\/\/candas365.es\/noticias\/wp-json\/wp\/v2\/comments?post=82169"}],"version-history":[{"count":0,"href":"https:\/\/candas365.es\/noticias\/wp-json\/wp\/v2\/posts\/82169\/revisions"}],"wp:featuredmedia":[{"embeddable":true,"href":"https:\/\/candas365.es\/noticias\/wp-json\/wp\/v2\/media\/82170"}],"wp:attachment":[{"href":"https:\/\/candas365.es\/noticias\/wp-json\/wp\/v2\/media?parent=82169"}],"wp:term":[{"taxonomy":"category","embeddable":true,"href":"https:\/\/candas365.es\/noticias\/wp-json\/wp\/v2\/categories?post=82169"},{"taxonomy":"post_tag","embeddable":true,"href":"https:\/\/candas365.es\/noticias\/wp-json\/wp\/v2\/tags?post=82169"}],"curies":[{"name":"wp","href":"https:\/\/api.w.org\/{rel}","templated":true}]}}