{"id":82149,"date":"2017-10-14T14:47:25","date_gmt":"2017-10-14T14:47:25","guid":{"rendered":"http:\/\/candas365.es\/noticias\/?p=82149"},"modified":"2017-10-14T14:50:37","modified_gmt":"2017-10-14T14:50:37","slug":"gambia-sonrie-de-nuevo-el-lunes-la-2","status":"publish","type":"post","link":"https:\/\/candas365.es\/noticias\/gambia-sonrie-de-nuevo-el-lunes-la-2\/","title":{"rendered":"\u201cGambia sonr\u00ede de nuevo\u201d, el lunes en La 2"},"content":{"rendered":"<p><img fetchpriority=\"high\" decoding=\"async\" class=\"alignleft size-medium wp-image-82150\" src=\"https:\/\/candas365.es\/noticias\/wp-content\/uploads\/2017\/10\/TELE-1610171-360x270.jpg\" alt=\"\" width=\"360\" height=\"270\" srcset=\"https:\/\/candas365.es\/noticias\/wp-content\/uploads\/2017\/10\/TELE-1610171-360x270.jpg 360w, https:\/\/candas365.es\/noticias\/wp-content\/uploads\/2017\/10\/TELE-1610171-768x576.jpg 768w, https:\/\/candas365.es\/noticias\/wp-content\/uploads\/2017\/10\/TELE-1610171-640x480.jpg 640w, https:\/\/candas365.es\/noticias\/wp-content\/uploads\/2017\/10\/TELE-1610171-80x60.jpg 80w, https:\/\/candas365.es\/noticias\/wp-content\/uploads\/2017\/10\/TELE-1610171-265x198.jpg 265w, https:\/\/candas365.es\/noticias\/wp-content\/uploads\/2017\/10\/TELE-1610171-696x522.jpg 696w, https:\/\/candas365.es\/noticias\/wp-content\/uploads\/2017\/10\/TELE-1610171-1068x801.jpg 1068w, https:\/\/candas365.es\/noticias\/wp-content\/uploads\/2017\/10\/TELE-1610171-560x420.jpg 560w, https:\/\/candas365.es\/noticias\/wp-content\/uploads\/2017\/10\/TELE-1610171-90x67.jpg 90w, https:\/\/candas365.es\/noticias\/wp-content\/uploads\/2017\/10\/TELE-1610171.jpg 1180w\" sizes=\"(max-width: 360px) 100vw, 360px\" \/>El pasado enero, en un hecho sin precedentes en la historia reciente de \u00c1frica, ca\u00eda el r\u00e9gimen del dictador de Gambia, Yahya Jammeh, sin derramamiento de sangre. Se dio paso a la democracia. El presidente Adama Barrow, liderando una coalici\u00f3n de oposici\u00f3n, hab\u00eda ganado las elecciones en diciembre de 2016. Un equipo de \u2018En Portada\u2019 recorre el pa\u00eds africano tras la ca\u00edda del dictador para mostrar c\u00f3mo est\u00e1 viviendo esta transici\u00f3n.<\/p>\n<p>Despu\u00e9s de 22 a\u00f1os en el poder, el dictador Jammeh se neg\u00f3 al principio a abandonarlo. Pero una combinaci\u00f3n de intensa diplomacia ejercida por l\u00edderes democr\u00e1ticos africanos y de amenaza militar consigui\u00f3 que dejase el pa\u00eds rumbo al exilio en Guinea Ecuatorial.<\/p>\n<p>Gambia es ahora un ejemplo en \u00c1frica. Se quiere ver si lo ocurrido all\u00ed puede servir de modelo para otros pa\u00edses que reclaman una transici\u00f3n de reg\u00edmenes dictatoriales o autocr\u00e1ticos a democracias.<\/p>\n<p>Desde el punto de vista europeo, es determinante saber si este tipo de transiciones pac\u00edficas contribuye a reducir el flujo migratorio. El equipo de \u2018En Portada\u2019 pudo hablar con tres j\u00f3venes gambianos que acababan de regresar de Libia voluntariamente despu\u00e9s de intentar emigrar de forma ilegal hac\u00eda Europa.<\/p>\n<p>El periodista y activista por los derechos humanos, Sainey MK Marenah, es el hilo conductor del programa en este recorrido por la nueva Gambia. Tras la ca\u00edda del dictador, regres\u00f3 del exilio, al que se vio forzado despu\u00e9s de pasar varios meses en las mazmorras del dictador.<\/p>\n<p>Pero el pa\u00eds no est\u00e1 exento de amenazas. Los seguidores del dictador siguen agazapados en su a\u00f1oranza y se han producido varias veces incidentes violentos con ellos, como comprob\u00f3 el programa en Kanilai, el pueblo natal del dictador. El nuevo gobierno se enfrenta tambi\u00e9n a retos tan importantes como proveer de buena educaci\u00f3n, de sanidad, de electricidad y agua potable a sus ciudadanos, despu\u00e9s de que Jammeh dejase esquilmados los recursos del pa\u00eds.<\/p>\n<p>\u2018Gambia sonr\u00ede de nuevo\u2019 es un reportaje con gui\u00f3n y realizaci\u00f3n de Pilar Requena; imagen y sonido de Jos\u00e9 Luis de la Torre e Ignacio Villanueva; montaje de Montse Luna; y producci\u00f3n de Ana Pastor y Lourdes Calvo.<\/p>\n<p>&nbsp;<\/p>\n","protected":false},"excerpt":{"rendered":"<p>El pasado enero, en un hecho sin precedentes en la historia reciente de \u00c1frica, ca\u00eda el r\u00e9gimen del dictador de Gambia, Yahya Jammeh, sin derramamiento de sangre. Se dio paso a la democracia. El presidente Adama Barrow, liderando una coalici\u00f3n de oposici\u00f3n, hab\u00eda ganado las elecciones en diciembre de 2016. Un equipo de \u2018En Portada\u2019<\/p>\n","protected":false},"author":1,"featured_media":82150,"comment_status":"closed","ping_status":"closed","sticky":false,"template":"","format":"standard","meta":{"footnotes":""},"categories":[1],"tags":[],"class_list":{"0":"post-82149","1":"post","2":"type-post","3":"status-publish","4":"format-standard","5":"has-post-thumbnail","7":"category-agenda"},"aioseo_notices":[],"aioseo_head":"\n\t\t<!-- All in One SEO Pro 4.9.6.2 - aioseo.com -->\n\t<meta name=\"description\" content=\"El pasado enero, en un hecho sin precedentes en la historia reciente de \u00c1frica, ca\u00eda el r\u00e9gimen del dictador de Gambia, Yahya Jammeh, sin derramamiento de sangre. Se dio paso a la democracia. El presidente Adama Barrow, liderando una coalici\u00f3n de oposici\u00f3n, hab\u00eda ganado las elecciones en diciembre de 2016. Un equipo de \u2018En Portada\u2019\" \/>\n\t<meta name=\"robots\" content=\"max-image-preview:large\" \/>\n\t<meta name=\"author\" content=\"Cand\u00e1s 365\"\/>\n\t<meta name=\"google-site-verification\" content=\"UA-32230408-1\" \/>\n\t<meta name=\"msvalidate.01\" content=\"354F3CDFB2DA171B47FBE9ABF1F88D5\" \/>\n\t<meta name=\"keywords\" content=\"agenda\" \/>\n\t<link rel=\"canonical\" href=\"https:\/\/candas365.es\/noticias\/gambia-sonrie-de-nuevo-el-lunes-la-2\/\" \/>\n\t<meta name=\"generator\" content=\"All in One SEO Pro (AIOSEO) 4.9.6.2\" \/>\n\t\t<meta property=\"og:locale\" content=\"es_ES\" \/>\n\t\t<meta property=\"og:site_name\" content=\"Cand\u00e1s 365\" \/>\n\t\t<meta property=\"og:type\" content=\"article\" \/>\n\t\t<meta property=\"og:title\" content=\"\u201cGambia sonr\u00ede de nuevo\u201d, el lunes en La 2 | Cand\u00e1s 365\" \/>\n\t\t<meta property=\"og:description\" content=\"El pasado enero, en un hecho sin precedentes en la historia reciente de \u00c1frica, ca\u00eda el r\u00e9gimen del dictador de Gambia, Yahya Jammeh, sin derramamiento de sangre. Se dio paso a la democracia. El presidente Adama Barrow, liderando una coalici\u00f3n de oposici\u00f3n, hab\u00eda ganado las elecciones en diciembre de 2016. Un equipo de \u2018En Portada\u2019\" \/>\n\t\t<meta property=\"og:url\" content=\"https:\/\/candas365.es\/noticias\/gambia-sonrie-de-nuevo-el-lunes-la-2\/\" \/>\n\t\t<meta property=\"og:image\" content=\"https:\/\/candas365.es\/noticias\/wp-content\/uploads\/2017\/10\/TELE-1610171.jpg\" \/>\n\t\t<meta property=\"og:image:secure_url\" content=\"https:\/\/candas365.es\/noticias\/wp-content\/uploads\/2017\/10\/TELE-1610171.jpg\" \/>\n\t\t<meta property=\"og:image:width\" content=\"1180\" \/>\n\t\t<meta property=\"og:image:height\" content=\"885\" \/>\n\t\t<meta property=\"article:published_time\" content=\"2017-10-14T14:47:25+00:00\" \/>\n\t\t<meta property=\"article:modified_time\" content=\"2017-10-14T14:50:37+00:00\" \/>\n\t\t<meta property=\"article:publisher\" content=\"https:\/\/www.facebook.com\/Nachofdezber\" \/>\n\t\t<meta property=\"article:author\" content=\"https:\/\/www.facebook.com\/carrenoactualidad\" \/>\n\t\t<meta name=\"twitter:card\" content=\"summary_large_image\" \/>\n\t\t<meta name=\"twitter:site\" content=\"@NabercoDigital\" \/>\n\t\t<meta name=\"twitter:title\" content=\"\u201cGambia sonr\u00ede de nuevo\u201d, el lunes en La 2 | Cand\u00e1s 365\" \/>\n\t\t<meta name=\"twitter:description\" content=\"El pasado enero, en un hecho sin precedentes en la historia reciente de \u00c1frica, ca\u00eda el r\u00e9gimen del dictador de Gambia, Yahya Jammeh, sin derramamiento de sangre. Se dio paso a la democracia. El presidente Adama Barrow, liderando una coalici\u00f3n de oposici\u00f3n, hab\u00eda ganado las elecciones en diciembre de 2016. Un equipo de \u2018En Portada\u2019\" \/>\n\t\t<meta name=\"twitter:creator\" content=\"@nbasturias\" \/>\n\t\t<meta name=\"twitter:image\" content=\"https:\/\/candas365.es\/noticias\/wp-content\/uploads\/2017\/10\/TELE-1610171.jpg\" \/>\n\t\t<meta name=\"twitter:label1\" content=\"Escrito por\" \/>\n\t\t<meta name=\"twitter:data1\" content=\"Cand\u00e1s 365\" \/>\n\t\t<meta name=\"twitter:label2\" content=\"Tiempo de lectura estimado\" \/>\n\t\t<meta name=\"twitter:data2\" content=\"2 minutos\" \/>\n\t\t<script type=\"application\/ld+json\" class=\"aioseo-schema\">\n\t\t\t{\"@context\":\"https:\\\/\\\/schema.org\",\"@graph\":[{\"@type\":\"BreadcrumbList\",\"@id\":\"https:\\\/\\\/candas365.es\\\/noticias\\\/gambia-sonrie-de-nuevo-el-lunes-la-2\\\/#breadcrumblist\",\"itemListElement\":[{\"@type\":\"ListItem\",\"@id\":\"https:\\\/\\\/candas365.es\\\/noticias#listItem\",\"position\":1,\"name\":\"Home\",\"item\":\"https:\\\/\\\/candas365.es\\\/noticias\",\"nextItem\":{\"@type\":\"ListItem\",\"@id\":\"https:\\\/\\\/candas365.es\\\/noticias\\\/category\\\/agenda\\\/#listItem\",\"name\":\"Agenda\"}},{\"@type\":\"ListItem\",\"@id\":\"https:\\\/\\\/candas365.es\\\/noticias\\\/category\\\/agenda\\\/#listItem\",\"position\":2,\"name\":\"Agenda\",\"item\":\"https:\\\/\\\/candas365.es\\\/noticias\\\/category\\\/agenda\\\/\",\"nextItem\":{\"@type\":\"ListItem\",\"@id\":\"https:\\\/\\\/candas365.es\\\/noticias\\\/gambia-sonrie-de-nuevo-el-lunes-la-2\\\/#listItem\",\"name\":\"\\u201cGambia sonr\\u00ede de nuevo\\u201d, el lunes en La 2\"},\"previousItem\":{\"@type\":\"ListItem\",\"@id\":\"https:\\\/\\\/candas365.es\\\/noticias#listItem\",\"name\":\"Home\"}},{\"@type\":\"ListItem\",\"@id\":\"https:\\\/\\\/candas365.es\\\/noticias\\\/gambia-sonrie-de-nuevo-el-lunes-la-2\\\/#listItem\",\"position\":3,\"name\":\"\\u201cGambia sonr\\u00ede de nuevo\\u201d, el lunes en La 2\",\"previousItem\":{\"@type\":\"ListItem\",\"@id\":\"https:\\\/\\\/candas365.es\\\/noticias\\\/category\\\/agenda\\\/#listItem\",\"name\":\"Agenda\"}}]},{\"@type\":\"NewsArticle\",\"@id\":\"https:\\\/\\\/candas365.es\\\/noticias\\\/gambia-sonrie-de-nuevo-el-lunes-la-2\\\/#newsarticle\",\"name\":\"\\u201cGambia sonr\\u00ede de nuevo\\u201d, el lunes en La 2 | Cand\\u00e1s 365\",\"headline\":\"\\u201cGambia sonr\\u00ede de nuevo\\u201d, el lunes en La 2\",\"author\":{\"@id\":\"https:\\\/\\\/candas365.es\\\/noticias\\\/author\\\/admin\\\/#author\"},\"publisher\":{\"@id\":\"https:\\\/\\\/candas365.es\\\/noticias\\\/#organization\"},\"image\":{\"@type\":\"ImageObject\",\"url\":\"https:\\\/\\\/candas365.es\\\/noticias\\\/wp-content\\\/uploads\\\/2017\\\/10\\\/TELE-1610171.jpg\",\"width\":1180,\"height\":885},\"datePublished\":\"2017-10-14T14:47:25+02:00\",\"dateModified\":\"2017-10-14T14:50:37+02:00\",\"inLanguage\":\"es-ES\",\"mainEntityOfPage\":{\"@id\":\"https:\\\/\\\/candas365.es\\\/noticias\\\/gambia-sonrie-de-nuevo-el-lunes-la-2\\\/#webpage\"},\"isPartOf\":{\"@id\":\"https:\\\/\\\/candas365.es\\\/noticias\\\/gambia-sonrie-de-nuevo-el-lunes-la-2\\\/#webpage\"},\"articleSection\":\"Agenda\",\"dateline\":\"Publicado el octubre 14, 2017.\"},{\"@type\":\"Organization\",\"@id\":\"https:\\\/\\\/candas365.es\\\/noticias\\\/#organization\",\"name\":\"Cand\\u00e1s 365\",\"description\":\"Cand\\u00e1s 365 es un diario digital independiente, fundado en 2012, con base en Asturias. Informamos con rigor sobre actualidad, sociedad, cultura y ocio, con una mirada local y global.\",\"url\":\"https:\\\/\\\/candas365.es\\\/noticias\\\/\",\"email\":\"info@candas365.es\",\"telephone\":\"+34652131393\",\"foundingDate\":\"2012-06-10\",\"logo\":{\"@type\":\"ImageObject\",\"url\":\"https:\\\/\\\/candas365.es\\\/noticias\\\/wp-content\\\/uploads\\\/2024\\\/09\\\/Candas-365-Redes.jpg\",\"@id\":\"https:\\\/\\\/candas365.es\\\/noticias\\\/gambia-sonrie-de-nuevo-el-lunes-la-2\\\/#organizationLogo\",\"width\":1152,\"height\":864,\"caption\":\"Cand\\u00e1s 365 Redes\"},\"image\":{\"@id\":\"https:\\\/\\\/candas365.es\\\/noticias\\\/gambia-sonrie-de-nuevo-el-lunes-la-2\\\/#organizationLogo\"},\"sameAs\":[\"https:\\\/\\\/www.facebook.com\\\/Nachofdezber\",\"https:\\\/\\\/x.com\\\/NabercoDigital\",\"https:\\\/\\\/www.instagram.com\\\/nachofdezber\\\/\",\"https:\\\/\\\/www.youtube.com\\\/channel\\\/UCZP-2wLEB9Rv6erhFmqVnvg\"],\"address\":{\"@id\":\"https:\\\/\\\/candas365.es\\\/noticias\\\/#postaladdress\",\"@type\":\"PostalAddress\",\"streetAddress\":\"san antonio 4, san antonio 4\",\"postalCode\":\"33430\",\"addressLocality\":\"Cand\\u00e1s\",\"addressRegion\":\"Asturias\",\"addressCountry\":\"ES\"}},{\"@type\":\"Person\",\"@id\":\"https:\\\/\\\/candas365.es\\\/noticias\\\/author\\\/admin\\\/#author\",\"url\":\"https:\\\/\\\/candas365.es\\\/noticias\\\/author\\\/admin\\\/\",\"name\":\"Cand\\u00e1s 365\",\"image\":{\"@type\":\"ImageObject\",\"@id\":\"https:\\\/\\\/candas365.es\\\/noticias\\\/gambia-sonrie-de-nuevo-el-lunes-la-2\\\/#authorImage\",\"url\":\"https:\\\/\\\/secure.gravatar.com\\\/avatar\\\/496a8e03d0c493ede1718b7934145dbdf8d89be1036b0eec9544e1094c9de390?s=96&d=mm&r=g\",\"width\":96,\"height\":96,\"caption\":\"Cand\\u00e1s 365\"},\"sameAs\":[\"https:\\\/\\\/www.facebook.com\\\/carrenoactualidad\",\"https:\\\/\\\/twitter.com\\\/nbasturias\",\"https:\\\/\\\/www.instagram.com\\\/nachofdezber\\\/\",\"https:\\\/\\\/www.youtube.com\\\/channel\\\/UCZP-2wLEB9Rv6erhFmqVnvg\"]},{\"@type\":\"WebPage\",\"@id\":\"https:\\\/\\\/candas365.es\\\/noticias\\\/gambia-sonrie-de-nuevo-el-lunes-la-2\\\/#webpage\",\"url\":\"https:\\\/\\\/candas365.es\\\/noticias\\\/gambia-sonrie-de-nuevo-el-lunes-la-2\\\/\",\"name\":\"\\u201cGambia sonr\\u00ede de nuevo\\u201d, el lunes en La 2 | Cand\\u00e1s 365\",\"description\":\"El pasado enero, en un hecho sin precedentes en la historia reciente de \\u00c1frica, ca\\u00eda el r\\u00e9gimen del dictador de Gambia, Yahya Jammeh, sin derramamiento de sangre. Se dio paso a la democracia. El presidente Adama Barrow, liderando una coalici\\u00f3n de oposici\\u00f3n, hab\\u00eda ganado las elecciones en diciembre de 2016. Un equipo de \\u2018En Portada\\u2019\",\"inLanguage\":\"es-ES\",\"isPartOf\":{\"@id\":\"https:\\\/\\\/candas365.es\\\/noticias\\\/#website\"},\"breadcrumb\":{\"@id\":\"https:\\\/\\\/candas365.es\\\/noticias\\\/gambia-sonrie-de-nuevo-el-lunes-la-2\\\/#breadcrumblist\"},\"author\":{\"@id\":\"https:\\\/\\\/candas365.es\\\/noticias\\\/author\\\/admin\\\/#author\"},\"creator\":{\"@id\":\"https:\\\/\\\/candas365.es\\\/noticias\\\/author\\\/admin\\\/#author\"},\"image\":{\"@type\":\"ImageObject\",\"url\":\"https:\\\/\\\/candas365.es\\\/noticias\\\/wp-content\\\/uploads\\\/2017\\\/10\\\/TELE-1610171.jpg\",\"@id\":\"https:\\\/\\\/candas365.es\\\/noticias\\\/gambia-sonrie-de-nuevo-el-lunes-la-2\\\/#mainImage\",\"width\":1180,\"height\":885},\"primaryImageOfPage\":{\"@id\":\"https:\\\/\\\/candas365.es\\\/noticias\\\/gambia-sonrie-de-nuevo-el-lunes-la-2\\\/#mainImage\"},\"datePublished\":\"2017-10-14T14:47:25+02:00\",\"dateModified\":\"2017-10-14T14:50:37+02:00\"},{\"@type\":\"WebSite\",\"@id\":\"https:\\\/\\\/candas365.es\\\/noticias\\\/#website\",\"url\":\"https:\\\/\\\/candas365.es\\\/noticias\\\/\",\"name\":\"Cand\\u00e1s 365\",\"alternateName\":\"Cand\\u00e1s 365 Noticias\",\"description\":\"Actualidad desde Carre\\u00f1o para el mundo\",\"inLanguage\":\"es-ES\",\"publisher\":{\"@id\":\"https:\\\/\\\/candas365.es\\\/noticias\\\/#organization\"}}]}\n\t\t<\/script>\n\t\t<!-- All in One SEO Pro -->\r\n\t\t<title>\u201cGambia sonr\u00ede de nuevo\u201d, el lunes en La 2 | Cand\u00e1s 365<\/title>\n\n","aioseo_head_json":{"title":"\u201cGambia sonr\u00ede de nuevo\u201d, el lunes en La 2 | Cand\u00e1s 365","description":"El pasado enero, en un hecho sin precedentes en la historia reciente de \u00c1frica, ca\u00eda el r\u00e9gimen del dictador de Gambia, Yahya Jammeh, sin derramamiento de sangre. Se dio paso a la democracia. El presidente Adama Barrow, liderando una coalici\u00f3n de oposici\u00f3n, hab\u00eda ganado las elecciones en diciembre de 2016. Un equipo de \u2018En Portada\u2019","canonical_url":"https:\/\/candas365.es\/noticias\/gambia-sonrie-de-nuevo-el-lunes-la-2\/","robots":"max-image-preview:large","keywords":"agenda","webmasterTools":{"google-site-verification":"UA-32230408-1","msvalidate.01":"354F3CDFB2DA171B47FBE9ABF1F88D5","miscellaneous":""},"schema":{"@context":"https:\/\/schema.org","@graph":[{"@type":"BreadcrumbList","@id":"https:\/\/candas365.es\/noticias\/gambia-sonrie-de-nuevo-el-lunes-la-2\/#breadcrumblist","itemListElement":[{"@type":"ListItem","@id":"https:\/\/candas365.es\/noticias#listItem","position":1,"name":"Home","item":"https:\/\/candas365.es\/noticias","nextItem":{"@type":"ListItem","@id":"https:\/\/candas365.es\/noticias\/category\/agenda\/#listItem","name":"Agenda"}},{"@type":"ListItem","@id":"https:\/\/candas365.es\/noticias\/category\/agenda\/#listItem","position":2,"name":"Agenda","item":"https:\/\/candas365.es\/noticias\/category\/agenda\/","nextItem":{"@type":"ListItem","@id":"https:\/\/candas365.es\/noticias\/gambia-sonrie-de-nuevo-el-lunes-la-2\/#listItem","name":"\u201cGambia sonr\u00ede de nuevo\u201d, el lunes en La 2"},"previousItem":{"@type":"ListItem","@id":"https:\/\/candas365.es\/noticias#listItem","name":"Home"}},{"@type":"ListItem","@id":"https:\/\/candas365.es\/noticias\/gambia-sonrie-de-nuevo-el-lunes-la-2\/#listItem","position":3,"name":"\u201cGambia sonr\u00ede de nuevo\u201d, el lunes en La 2","previousItem":{"@type":"ListItem","@id":"https:\/\/candas365.es\/noticias\/category\/agenda\/#listItem","name":"Agenda"}}]},{"@type":"NewsArticle","@id":"https:\/\/candas365.es\/noticias\/gambia-sonrie-de-nuevo-el-lunes-la-2\/#newsarticle","name":"\u201cGambia sonr\u00ede de nuevo\u201d, el lunes en La 2 | Cand\u00e1s 365","headline":"\u201cGambia sonr\u00ede de nuevo\u201d, el lunes en La 2","author":{"@id":"https:\/\/candas365.es\/noticias\/author\/admin\/#author"},"publisher":{"@id":"https:\/\/candas365.es\/noticias\/#organization"},"image":{"@type":"ImageObject","url":"https:\/\/candas365.es\/noticias\/wp-content\/uploads\/2017\/10\/TELE-1610171.jpg","width":1180,"height":885},"datePublished":"2017-10-14T14:47:25+02:00","dateModified":"2017-10-14T14:50:37+02:00","inLanguage":"es-ES","mainEntityOfPage":{"@id":"https:\/\/candas365.es\/noticias\/gambia-sonrie-de-nuevo-el-lunes-la-2\/#webpage"},"isPartOf":{"@id":"https:\/\/candas365.es\/noticias\/gambia-sonrie-de-nuevo-el-lunes-la-2\/#webpage"},"articleSection":"Agenda","dateline":"Publicado el octubre 14, 2017."},{"@type":"Organization","@id":"https:\/\/candas365.es\/noticias\/#organization","name":"Cand\u00e1s 365","description":"Cand\u00e1s 365 es un diario digital independiente, fundado en 2012, con base en Asturias. Informamos con rigor sobre actualidad, sociedad, cultura y ocio, con una mirada local y global.","url":"https:\/\/candas365.es\/noticias\/","email":"info@candas365.es","telephone":"+34652131393","foundingDate":"2012-06-10","logo":{"@type":"ImageObject","url":"https:\/\/candas365.es\/noticias\/wp-content\/uploads\/2024\/09\/Candas-365-Redes.jpg","@id":"https:\/\/candas365.es\/noticias\/gambia-sonrie-de-nuevo-el-lunes-la-2\/#organizationLogo","width":1152,"height":864,"caption":"Cand\u00e1s 365 Redes"},"image":{"@id":"https:\/\/candas365.es\/noticias\/gambia-sonrie-de-nuevo-el-lunes-la-2\/#organizationLogo"},"sameAs":["https:\/\/www.facebook.com\/Nachofdezber","https:\/\/x.com\/NabercoDigital","https:\/\/www.instagram.com\/nachofdezber\/","https:\/\/www.youtube.com\/channel\/UCZP-2wLEB9Rv6erhFmqVnvg"],"address":{"@id":"https:\/\/candas365.es\/noticias\/#postaladdress","@type":"PostalAddress","streetAddress":"san antonio 4, san antonio 4","postalCode":"33430","addressLocality":"Cand\u00e1s","addressRegion":"Asturias","addressCountry":"ES"}},{"@type":"Person","@id":"https:\/\/candas365.es\/noticias\/author\/admin\/#author","url":"https:\/\/candas365.es\/noticias\/author\/admin\/","name":"Cand\u00e1s 365","image":{"@type":"ImageObject","@id":"https:\/\/candas365.es\/noticias\/gambia-sonrie-de-nuevo-el-lunes-la-2\/#authorImage","url":"https:\/\/secure.gravatar.com\/avatar\/496a8e03d0c493ede1718b7934145dbdf8d89be1036b0eec9544e1094c9de390?s=96&d=mm&r=g","width":96,"height":96,"caption":"Cand\u00e1s 365"},"sameAs":["https:\/\/www.facebook.com\/carrenoactualidad","https:\/\/twitter.com\/nbasturias","https:\/\/www.instagram.com\/nachofdezber\/","https:\/\/www.youtube.com\/channel\/UCZP-2wLEB9Rv6erhFmqVnvg"]},{"@type":"WebPage","@id":"https:\/\/candas365.es\/noticias\/gambia-sonrie-de-nuevo-el-lunes-la-2\/#webpage","url":"https:\/\/candas365.es\/noticias\/gambia-sonrie-de-nuevo-el-lunes-la-2\/","name":"\u201cGambia sonr\u00ede de nuevo\u201d, el lunes en La 2 | Cand\u00e1s 365","description":"El pasado enero, en un hecho sin precedentes en la historia reciente de \u00c1frica, ca\u00eda el r\u00e9gimen del dictador de Gambia, Yahya Jammeh, sin derramamiento de sangre. Se dio paso a la democracia. El presidente Adama Barrow, liderando una coalici\u00f3n de oposici\u00f3n, hab\u00eda ganado las elecciones en diciembre de 2016. Un equipo de \u2018En Portada\u2019","inLanguage":"es-ES","isPartOf":{"@id":"https:\/\/candas365.es\/noticias\/#website"},"breadcrumb":{"@id":"https:\/\/candas365.es\/noticias\/gambia-sonrie-de-nuevo-el-lunes-la-2\/#breadcrumblist"},"author":{"@id":"https:\/\/candas365.es\/noticias\/author\/admin\/#author"},"creator":{"@id":"https:\/\/candas365.es\/noticias\/author\/admin\/#author"},"image":{"@type":"ImageObject","url":"https:\/\/candas365.es\/noticias\/wp-content\/uploads\/2017\/10\/TELE-1610171.jpg","@id":"https:\/\/candas365.es\/noticias\/gambia-sonrie-de-nuevo-el-lunes-la-2\/#mainImage","width":1180,"height":885},"primaryImageOfPage":{"@id":"https:\/\/candas365.es\/noticias\/gambia-sonrie-de-nuevo-el-lunes-la-2\/#mainImage"},"datePublished":"2017-10-14T14:47:25+02:00","dateModified":"2017-10-14T14:50:37+02:00"},{"@type":"WebSite","@id":"https:\/\/candas365.es\/noticias\/#website","url":"https:\/\/candas365.es\/noticias\/","name":"Cand\u00e1s 365","alternateName":"Cand\u00e1s 365 Noticias","description":"Actualidad desde Carre\u00f1o para el mundo","inLanguage":"es-ES","publisher":{"@id":"https:\/\/candas365.es\/noticias\/#organization"}}]},"og:locale":"es_ES","og:site_name":"Cand\u00e1s 365","og:type":"article","og:title":"\u201cGambia sonr\u00ede de nuevo\u201d, el lunes en La 2 | Cand\u00e1s 365","og:description":"El pasado enero, en un hecho sin precedentes en la historia reciente de \u00c1frica, ca\u00eda el r\u00e9gimen del dictador de Gambia, Yahya Jammeh, sin derramamiento de sangre. Se dio paso a la democracia. El presidente Adama Barrow, liderando una coalici\u00f3n de oposici\u00f3n, hab\u00eda ganado las elecciones en diciembre de 2016. Un equipo de \u2018En Portada\u2019","og:url":"https:\/\/candas365.es\/noticias\/gambia-sonrie-de-nuevo-el-lunes-la-2\/","og:image":"https:\/\/candas365.es\/noticias\/wp-content\/uploads\/2017\/10\/TELE-1610171.jpg","og:image:secure_url":"https:\/\/candas365.es\/noticias\/wp-content\/uploads\/2017\/10\/TELE-1610171.jpg","og:image:width":1180,"og:image:height":885,"article:published_time":"2017-10-14T14:47:25+00:00","article:modified_time":"2017-10-14T14:50:37+00:00","article:publisher":"https:\/\/www.facebook.com\/Nachofdezber","article:author":"https:\/\/www.facebook.com\/carrenoactualidad","twitter:card":"summary_large_image","twitter:site":"@NabercoDigital","twitter:title":"\u201cGambia sonr\u00ede de nuevo\u201d, el lunes en La 2 | Cand\u00e1s 365","twitter:description":"El pasado enero, en un hecho sin precedentes en la historia reciente de \u00c1frica, ca\u00eda el r\u00e9gimen del dictador de Gambia, Yahya Jammeh, sin derramamiento de sangre. Se dio paso a la democracia. El presidente Adama Barrow, liderando una coalici\u00f3n de oposici\u00f3n, hab\u00eda ganado las elecciones en diciembre de 2016. Un equipo de \u2018En Portada\u2019","twitter:creator":"@nbasturias","twitter:image":"https:\/\/candas365.es\/noticias\/wp-content\/uploads\/2017\/10\/TELE-1610171.jpg","twitter:label1":"Escrito por","twitter:data1":"Cand\u00e1s 365","twitter:label2":"Tiempo de lectura estimado","twitter:data2":"2 minutos"},"aioseo_meta_data":{"post_id":"82149","title":null,"description":null,"keywords":null,"keyphrases":null,"primary_term":null,"canonical_url":null,"og_title":null,"og_description":null,"og_object_type":"default","og_image_type":"default","og_image_url":null,"og_image_width":null,"og_image_height":null,"og_image_custom_url":null,"og_image_custom_fields":null,"og_video":null,"og_custom_url":null,"og_article_section":null,"og_article_tags":null,"twitter_use_og":false,"twitter_card":"default","twitter_image_type":"default","twitter_image_url":null,"twitter_image_custom_url":null,"twitter_image_custom_fields":null,"twitter_title":null,"twitter_description":null,"schema":{"blockGraphs":[],"customGraphs":[],"default":{"data":{"Article":[],"Course":[],"Dataset":[],"FAQPage":[],"Movie":[],"Person":[],"Product":[],"ProductReview":[],"Car":[],"Recipe":[],"Service":[],"SoftwareApplication":[],"WebPage":[]},"graphName":"","isEnabled":true},"graphs":[],"defaultGraph":"","defaultPostTypeGraph":""},"schema_type":null,"schema_type_options":null,"pillar_content":false,"robots_default":true,"robots_noindex":false,"robots_noarchive":false,"robots_nosnippet":false,"robots_nofollow":false,"robots_noimageindex":false,"robots_noodp":false,"robots_notranslate":false,"robots_max_snippet":null,"robots_max_videopreview":null,"robots_max_imagepreview":"large","priority":null,"frequency":null,"location":null,"local_seo":null,"seo_analyzer_scan_date":"2025-08-26 02:42:17","breadcrumb_settings":null,"limit_modified_date":false,"reviewed_by":null,"open_ai":null,"ai":null,"created":"2020-12-21 12:37:58","updated":"2025-08-26 02:42:17"},"aioseo_breadcrumb":"<div class=\"aioseo-breadcrumbs\"><span class=\"aioseo-breadcrumb\">\n\t<a href=\"https:\/\/candas365.es\/noticias\" title=\"Home\">Home<\/a>\n<\/span><span class=\"aioseo-breadcrumb-separator\">&ndash;<\/span><span class=\"aioseo-breadcrumb\">\n\t<a href=\"https:\/\/candas365.es\/noticias\/category\/agenda\/\" title=\"Agenda\">Agenda<\/a>\n<\/span><span class=\"aioseo-breadcrumb-separator\">&ndash;<\/span><span class=\"aioseo-breadcrumb\">\n\t\u201cGambia sonr\u00ede de nuevo\u201d, el lunes en La 2\n<\/span><\/div>","aioseo_breadcrumb_json":[{"label":"Home","link":"https:\/\/candas365.es\/noticias"},{"label":"Agenda","link":"https:\/\/candas365.es\/noticias\/category\/agenda\/"},{"label":"\u201cGambia sonr\u00ede de nuevo\u201d, el lunes en La 2","link":"https:\/\/candas365.es\/noticias\/gambia-sonrie-de-nuevo-el-lunes-la-2\/"}],"_links":{"self":[{"href":"https:\/\/candas365.es\/noticias\/wp-json\/wp\/v2\/posts\/82149","targetHints":{"allow":["GET"]}}],"collection":[{"href":"https:\/\/candas365.es\/noticias\/wp-json\/wp\/v2\/posts"}],"about":[{"href":"https:\/\/candas365.es\/noticias\/wp-json\/wp\/v2\/types\/post"}],"author":[{"embeddable":true,"href":"https:\/\/candas365.es\/noticias\/wp-json\/wp\/v2\/users\/1"}],"replies":[{"embeddable":true,"href":"https:\/\/candas365.es\/noticias\/wp-json\/wp\/v2\/comments?post=82149"}],"version-history":[{"count":0,"href":"https:\/\/candas365.es\/noticias\/wp-json\/wp\/v2\/posts\/82149\/revisions"}],"wp:featuredmedia":[{"embeddable":true,"href":"https:\/\/candas365.es\/noticias\/wp-json\/wp\/v2\/media\/82150"}],"wp:attachment":[{"href":"https:\/\/candas365.es\/noticias\/wp-json\/wp\/v2\/media?parent=82149"}],"wp:term":[{"taxonomy":"category","embeddable":true,"href":"https:\/\/candas365.es\/noticias\/wp-json\/wp\/v2\/categories?post=82149"},{"taxonomy":"post_tag","embeddable":true,"href":"https:\/\/candas365.es\/noticias\/wp-json\/wp\/v2\/tags?post=82149"}],"curies":[{"name":"wp","href":"https:\/\/api.w.org\/{rel}","templated":true}]}}