{"id":82009,"date":"2017-10-12T05:17:16","date_gmt":"2017-10-12T05:17:16","guid":{"rendered":"http:\/\/candas365.es\/noticias\/?p=82009"},"modified":"2017-10-12T05:17:16","modified_gmt":"2017-10-12T05:17:16","slug":"visitas-para-conocer-como-era-la-ilumniacion-en-la-prehistoria","status":"publish","type":"post","link":"https:\/\/candas365.es\/noticias\/visitas-para-conocer-como-era-la-ilumniacion-en-la-prehistoria\/","title":{"rendered":"Visitas para conocer c\u00f3mo era la ilumniaci\u00f3n en la Prehistoria"},"content":{"rendered":"<p><img fetchpriority=\"high\" decoding=\"async\" class=\"alignleft size-medium wp-image-29181\" src=\"https:\/\/candas365.es\/noticias\/wp-content\/uploads\/2016\/05\/\u00c1rea-Recepci\u00f3n-Parque-Prehistoria-Teverga-360x154.jpg\" alt=\"\" width=\"360\" height=\"154\" srcset=\"https:\/\/candas365.es\/noticias\/wp-content\/uploads\/2016\/05\/\u00c1rea-Recepci\u00f3n-Parque-Prehistoria-Teverga-360x154.jpg 360w, https:\/\/candas365.es\/noticias\/wp-content\/uploads\/2016\/05\/\u00c1rea-Recepci\u00f3n-Parque-Prehistoria-Teverga-650x278.jpg 650w, https:\/\/candas365.es\/noticias\/wp-content\/uploads\/2016\/05\/\u00c1rea-Recepci\u00f3n-Parque-Prehistoria-Teverga-768x328.jpg 768w, https:\/\/candas365.es\/noticias\/wp-content\/uploads\/2016\/05\/\u00c1rea-Recepci\u00f3n-Parque-Prehistoria-Teverga-1536x657.jpg 1536w, https:\/\/candas365.es\/noticias\/wp-content\/uploads\/2016\/05\/\u00c1rea-Recepci\u00f3n-Parque-Prehistoria-Teverga-2048x876.jpg 2048w, https:\/\/candas365.es\/noticias\/wp-content\/uploads\/2016\/05\/\u00c1rea-Recepci\u00f3n-Parque-Prehistoria-Teverga-150x64.jpg 150w, https:\/\/candas365.es\/noticias\/wp-content\/uploads\/2016\/05\/\u00c1rea-Recepci\u00f3n-Parque-Prehistoria-Teverga-450x192.jpg 450w, https:\/\/candas365.es\/noticias\/wp-content\/uploads\/2016\/05\/\u00c1rea-Recepci\u00f3n-Parque-Prehistoria-Teverga-1200x513.jpg 1200w, https:\/\/candas365.es\/noticias\/wp-content\/uploads\/2016\/05\/\u00c1rea-Recepci\u00f3n-Parque-Prehistoria-Teverga-1920x821.jpg 1920w, https:\/\/candas365.es\/noticias\/wp-content\/uploads\/2016\/05\/\u00c1rea-Recepci\u00f3n-Parque-Prehistoria-Teverga-655x280.jpg 655w, https:\/\/candas365.es\/noticias\/wp-content\/uploads\/2016\/05\/\u00c1rea-Recepci\u00f3n-Parque-Prehistoria-Teverga-696x298.jpg 696w, https:\/\/candas365.es\/noticias\/wp-content\/uploads\/2016\/05\/\u00c1rea-Recepci\u00f3n-Parque-Prehistoria-Teverga-1068x457.jpg 1068w, https:\/\/candas365.es\/noticias\/wp-content\/uploads\/2016\/05\/\u00c1rea-Recepci\u00f3n-Parque-Prehistoria-Teverga-982x420.jpg 982w\" sizes=\"(max-width: 360px) 100vw, 360px\" \/>El Parque de la Prehistoria de Teverga organiza con motivo del Puente de octubre una serie de visitas-taller para descubrir la magia de la iluminaci\u00f3n en la Prehistoria.<\/p>\n<p>Desde el jueves 12 al domingo 15 de octubre, a las 12:00 y a las 17:15 horas, los visitantes al equipamiento tevergano podr\u00e1n vivir una experiencia \u00fanica en la que se familiarizar\u00e1n con las t\u00e9cnicas de iluminaci\u00f3n que utilizaban nuestros antepasados. Primero conocer\u00e1n el proceso de elaboraci\u00f3n de una l\u00e1mpara prehist\u00f3rica, que posteriormente se utilizar\u00e1 en la visita guiada para iluminar los paneles de la Cueva de Cuevas.<\/p>\n<p>La iluminaci\u00f3n de las l\u00e1mparas de tu\u00e9tano despierta todos nuestros sentidos. Las luces y sombras generan sensaci\u00f3n de movimiento, creando un espacio c\u00e1lido y envolvente que nos traslada a un mundo m\u00e1gico.<\/p>\n<p>Adem\u00e1s, p\u00fablico que visite el Parque podr\u00e1 acercarse al arte rupestre y conocer los motivos que representaban y las t\u00e9cnicas que utilizaban en el Paleol\u00edtico en visitas guiadas a la Galer\u00eda a las 11:30 horas y a la Cueva de Cuevas, a las 12:45, 13:45, 17:00 y 18:00 horas.<\/p>\n<p>Tambi\u00e9n se puede visitar de forma libre el cercado de animales del Parque y observar la pareja de los bisontes de origen europeo, los dos caballos Przewalski y la pareja de neo-uros o Uros de Heck, animales que ya pintaron nuestros antepasados y que se integran como complemento perfecto a la visita al Parque.<\/p>\n<p>El Parque permanecer\u00e1 abierto del 12 al 15 de octubre, de 10:30 a 14:30 y de 16:00 a 19:00 horas. Se puede adquirir online la entrada para el Parque y para la visita-taller especial en la Recepci\u00f3n del equipamiento cultural en el la web www.parquedelaprehistoria.es<\/p>\n<p>&nbsp;<\/p>\n","protected":false},"excerpt":{"rendered":"<p>El Parque de la Prehistoria de Teverga organiza con motivo del Puente de octubre una serie de visitas-taller para descubrir la magia de la iluminaci\u00f3n en la Prehistoria. Desde el jueves 12 al domingo 15 de octubre, a las 12:00 y a las 17:15 horas, los visitantes al equipamiento tevergano podr\u00e1n vivir una experiencia \u00fanica<\/p>\n","protected":false},"author":1,"featured_media":29181,"comment_status":"closed","ping_status":"closed","sticky":false,"template":"","format":"standard","meta":{"footnotes":""},"categories":[1],"tags":[],"class_list":{"0":"post-82009","1":"post","2":"type-post","3":"status-publish","4":"format-standard","5":"has-post-thumbnail","7":"category-agenda"},"aioseo_notices":[],"aioseo_head":"\n\t\t<!-- All in One SEO Pro 4.9.6.2 - aioseo.com -->\n\t<meta name=\"description\" content=\"El Parque de la Prehistoria de Teverga organiza con motivo del Puente de octubre una serie de visitas-taller para descubrir la magia de la iluminaci\u00f3n en la Prehistoria. Desde el jueves 12 al domingo 15 de octubre, a las 12:00 y a las 17:15 horas, los visitantes al equipamiento tevergano podr\u00e1n vivir una experiencia \u00fanica\" \/>\n\t<meta name=\"robots\" content=\"max-image-preview:large\" \/>\n\t<meta name=\"author\" content=\"Cand\u00e1s 365\"\/>\n\t<meta name=\"google-site-verification\" content=\"UA-32230408-1\" \/>\n\t<meta name=\"msvalidate.01\" content=\"354F3CDFB2DA171B47FBE9ABF1F88D5\" \/>\n\t<meta name=\"keywords\" content=\"agenda\" \/>\n\t<link rel=\"canonical\" href=\"https:\/\/candas365.es\/noticias\/visitas-para-conocer-como-era-la-ilumniacion-en-la-prehistoria\/\" \/>\n\t<meta name=\"generator\" content=\"All in One SEO Pro (AIOSEO) 4.9.6.2\" \/>\n\t\t<meta property=\"og:locale\" content=\"es_ES\" \/>\n\t\t<meta property=\"og:site_name\" content=\"Cand\u00e1s 365\" \/>\n\t\t<meta property=\"og:type\" content=\"article\" \/>\n\t\t<meta property=\"og:title\" content=\"Visitas para conocer c\u00f3mo era la ilumniaci\u00f3n en la Prehistoria | Cand\u00e1s 365\" \/>\n\t\t<meta property=\"og:description\" content=\"El Parque de la Prehistoria de Teverga organiza con motivo del Puente de octubre una serie de visitas-taller para descubrir la magia de la iluminaci\u00f3n en la Prehistoria. Desde el jueves 12 al domingo 15 de octubre, a las 12:00 y a las 17:15 horas, los visitantes al equipamiento tevergano podr\u00e1n vivir una experiencia \u00fanica\" \/>\n\t\t<meta property=\"og:url\" content=\"https:\/\/candas365.es\/noticias\/visitas-para-conocer-como-era-la-ilumniacion-en-la-prehistoria\/\" \/>\n\t\t<meta property=\"og:image\" content=\"https:\/\/candas365.es\/noticias\/wp-content\/uploads\/2016\/05\/\u00c1rea-Recepci\u00f3n-Parque-Prehistoria-Teverga-scaled.jpg\" \/>\n\t\t<meta property=\"og:image:secure_url\" content=\"https:\/\/candas365.es\/noticias\/wp-content\/uploads\/2016\/05\/\u00c1rea-Recepci\u00f3n-Parque-Prehistoria-Teverga-scaled.jpg\" \/>\n\t\t<meta property=\"og:image:width\" content=\"2560\" \/>\n\t\t<meta property=\"og:image:height\" content=\"1095\" \/>\n\t\t<meta property=\"article:published_time\" content=\"2017-10-12T05:17:16+00:00\" \/>\n\t\t<meta property=\"article:modified_time\" content=\"2017-10-12T05:17:16+00:00\" \/>\n\t\t<meta property=\"article:publisher\" content=\"https:\/\/www.facebook.com\/Nachofdezber\" \/>\n\t\t<meta property=\"article:author\" content=\"https:\/\/www.facebook.com\/carrenoactualidad\" \/>\n\t\t<meta name=\"twitter:card\" content=\"summary_large_image\" \/>\n\t\t<meta name=\"twitter:site\" content=\"@NabercoDigital\" \/>\n\t\t<meta name=\"twitter:title\" content=\"Visitas para conocer c\u00f3mo era la ilumniaci\u00f3n en la Prehistoria | Cand\u00e1s 365\" \/>\n\t\t<meta name=\"twitter:description\" content=\"El Parque de la Prehistoria de Teverga organiza con motivo del Puente de octubre una serie de visitas-taller para descubrir la magia de la iluminaci\u00f3n en la Prehistoria. Desde el jueves 12 al domingo 15 de octubre, a las 12:00 y a las 17:15 horas, los visitantes al equipamiento tevergano podr\u00e1n vivir una experiencia \u00fanica\" \/>\n\t\t<meta name=\"twitter:creator\" content=\"@nbasturias\" \/>\n\t\t<meta name=\"twitter:image\" content=\"https:\/\/candas365.es\/noticias\/wp-content\/uploads\/2016\/05\/\u00c1rea-Recepci\u00f3n-Parque-Prehistoria-Teverga-scaled.jpg\" \/>\n\t\t<meta name=\"twitter:label1\" content=\"Escrito por\" \/>\n\t\t<meta name=\"twitter:data1\" content=\"Cand\u00e1s 365\" \/>\n\t\t<meta name=\"twitter:label2\" content=\"Tiempo de lectura estimado\" \/>\n\t\t<meta name=\"twitter:data2\" content=\"1 minuto\" \/>\n\t\t<script type=\"application\/ld+json\" class=\"aioseo-schema\">\n\t\t\t{\"@context\":\"https:\\\/\\\/schema.org\",\"@graph\":[{\"@type\":\"BreadcrumbList\",\"@id\":\"https:\\\/\\\/candas365.es\\\/noticias\\\/visitas-para-conocer-como-era-la-ilumniacion-en-la-prehistoria\\\/#breadcrumblist\",\"itemListElement\":[{\"@type\":\"ListItem\",\"@id\":\"https:\\\/\\\/candas365.es\\\/noticias#listItem\",\"position\":1,\"name\":\"Home\",\"item\":\"https:\\\/\\\/candas365.es\\\/noticias\",\"nextItem\":{\"@type\":\"ListItem\",\"@id\":\"https:\\\/\\\/candas365.es\\\/noticias\\\/category\\\/agenda\\\/#listItem\",\"name\":\"Agenda\"}},{\"@type\":\"ListItem\",\"@id\":\"https:\\\/\\\/candas365.es\\\/noticias\\\/category\\\/agenda\\\/#listItem\",\"position\":2,\"name\":\"Agenda\",\"item\":\"https:\\\/\\\/candas365.es\\\/noticias\\\/category\\\/agenda\\\/\",\"nextItem\":{\"@type\":\"ListItem\",\"@id\":\"https:\\\/\\\/candas365.es\\\/noticias\\\/visitas-para-conocer-como-era-la-ilumniacion-en-la-prehistoria\\\/#listItem\",\"name\":\"Visitas para conocer c\\u00f3mo era la ilumniaci\\u00f3n en la Prehistoria\"},\"previousItem\":{\"@type\":\"ListItem\",\"@id\":\"https:\\\/\\\/candas365.es\\\/noticias#listItem\",\"name\":\"Home\"}},{\"@type\":\"ListItem\",\"@id\":\"https:\\\/\\\/candas365.es\\\/noticias\\\/visitas-para-conocer-como-era-la-ilumniacion-en-la-prehistoria\\\/#listItem\",\"position\":3,\"name\":\"Visitas para conocer c\\u00f3mo era la ilumniaci\\u00f3n en la Prehistoria\",\"previousItem\":{\"@type\":\"ListItem\",\"@id\":\"https:\\\/\\\/candas365.es\\\/noticias\\\/category\\\/agenda\\\/#listItem\",\"name\":\"Agenda\"}}]},{\"@type\":\"NewsArticle\",\"@id\":\"https:\\\/\\\/candas365.es\\\/noticias\\\/visitas-para-conocer-como-era-la-ilumniacion-en-la-prehistoria\\\/#newsarticle\",\"name\":\"Visitas para conocer c\\u00f3mo era la ilumniaci\\u00f3n en la Prehistoria | Cand\\u00e1s 365\",\"headline\":\"Visitas para conocer c\\u00f3mo era la ilumniaci\\u00f3n en la Prehistoria\",\"author\":{\"@id\":\"https:\\\/\\\/candas365.es\\\/noticias\\\/author\\\/admin\\\/#author\"},\"publisher\":{\"@id\":\"https:\\\/\\\/candas365.es\\\/noticias\\\/#organization\"},\"image\":{\"@type\":\"ImageObject\",\"url\":\"https:\\\/\\\/candas365.es\\\/noticias\\\/wp-content\\\/uploads\\\/2016\\\/05\\\/\\u00c1rea-Recepci\\u00f3n-Parque-Prehistoria-Teverga-scaled.jpg\",\"width\":2560,\"height\":1095},\"datePublished\":\"2017-10-12T05:17:16+02:00\",\"dateModified\":\"2017-10-12T05:17:16+02:00\",\"inLanguage\":\"es-ES\",\"mainEntityOfPage\":{\"@id\":\"https:\\\/\\\/candas365.es\\\/noticias\\\/visitas-para-conocer-como-era-la-ilumniacion-en-la-prehistoria\\\/#webpage\"},\"isPartOf\":{\"@id\":\"https:\\\/\\\/candas365.es\\\/noticias\\\/visitas-para-conocer-como-era-la-ilumniacion-en-la-prehistoria\\\/#webpage\"},\"articleSection\":\"Agenda\",\"dateline\":\"Publicado el octubre 12, 2017.\"},{\"@type\":\"Organization\",\"@id\":\"https:\\\/\\\/candas365.es\\\/noticias\\\/#organization\",\"name\":\"Cand\\u00e1s 365\",\"description\":\"Cand\\u00e1s 365 es un diario digital independiente, fundado en 2012, con base en Asturias. Informamos con rigor sobre actualidad, sociedad, cultura y ocio, con una mirada local y global.\",\"url\":\"https:\\\/\\\/candas365.es\\\/noticias\\\/\",\"email\":\"info@candas365.es\",\"telephone\":\"+34652131393\",\"foundingDate\":\"2012-06-10\",\"logo\":{\"@type\":\"ImageObject\",\"url\":\"https:\\\/\\\/candas365.es\\\/noticias\\\/wp-content\\\/uploads\\\/2024\\\/09\\\/Candas-365-Redes.jpg\",\"@id\":\"https:\\\/\\\/candas365.es\\\/noticias\\\/visitas-para-conocer-como-era-la-ilumniacion-en-la-prehistoria\\\/#organizationLogo\",\"width\":1152,\"height\":864,\"caption\":\"Cand\\u00e1s 365 Redes\"},\"image\":{\"@id\":\"https:\\\/\\\/candas365.es\\\/noticias\\\/visitas-para-conocer-como-era-la-ilumniacion-en-la-prehistoria\\\/#organizationLogo\"},\"sameAs\":[\"https:\\\/\\\/www.facebook.com\\\/Nachofdezber\",\"https:\\\/\\\/x.com\\\/NabercoDigital\",\"https:\\\/\\\/www.instagram.com\\\/nachofdezber\\\/\",\"https:\\\/\\\/www.youtube.com\\\/channel\\\/UCZP-2wLEB9Rv6erhFmqVnvg\"],\"address\":{\"@id\":\"https:\\\/\\\/candas365.es\\\/noticias\\\/#postaladdress\",\"@type\":\"PostalAddress\",\"streetAddress\":\"san antonio 4, san antonio 4\",\"postalCode\":\"33430\",\"addressLocality\":\"Cand\\u00e1s\",\"addressRegion\":\"Asturias\",\"addressCountry\":\"ES\"}},{\"@type\":\"Person\",\"@id\":\"https:\\\/\\\/candas365.es\\\/noticias\\\/author\\\/admin\\\/#author\",\"url\":\"https:\\\/\\\/candas365.es\\\/noticias\\\/author\\\/admin\\\/\",\"name\":\"Cand\\u00e1s 365\",\"image\":{\"@type\":\"ImageObject\",\"@id\":\"https:\\\/\\\/candas365.es\\\/noticias\\\/visitas-para-conocer-como-era-la-ilumniacion-en-la-prehistoria\\\/#authorImage\",\"url\":\"https:\\\/\\\/secure.gravatar.com\\\/avatar\\\/496a8e03d0c493ede1718b7934145dbdf8d89be1036b0eec9544e1094c9de390?s=96&d=mm&r=g\",\"width\":96,\"height\":96,\"caption\":\"Cand\\u00e1s 365\"},\"sameAs\":[\"https:\\\/\\\/www.facebook.com\\\/carrenoactualidad\",\"https:\\\/\\\/twitter.com\\\/nbasturias\",\"https:\\\/\\\/www.instagram.com\\\/nachofdezber\\\/\",\"https:\\\/\\\/www.youtube.com\\\/channel\\\/UCZP-2wLEB9Rv6erhFmqVnvg\"]},{\"@type\":\"WebPage\",\"@id\":\"https:\\\/\\\/candas365.es\\\/noticias\\\/visitas-para-conocer-como-era-la-ilumniacion-en-la-prehistoria\\\/#webpage\",\"url\":\"https:\\\/\\\/candas365.es\\\/noticias\\\/visitas-para-conocer-como-era-la-ilumniacion-en-la-prehistoria\\\/\",\"name\":\"Visitas para conocer c\\u00f3mo era la ilumniaci\\u00f3n en la Prehistoria | Cand\\u00e1s 365\",\"description\":\"El Parque de la Prehistoria de Teverga organiza con motivo del Puente de octubre una serie de visitas-taller para descubrir la magia de la iluminaci\\u00f3n en la Prehistoria. Desde el jueves 12 al domingo 15 de octubre, a las 12:00 y a las 17:15 horas, los visitantes al equipamiento tevergano podr\\u00e1n vivir una experiencia \\u00fanica\",\"inLanguage\":\"es-ES\",\"isPartOf\":{\"@id\":\"https:\\\/\\\/candas365.es\\\/noticias\\\/#website\"},\"breadcrumb\":{\"@id\":\"https:\\\/\\\/candas365.es\\\/noticias\\\/visitas-para-conocer-como-era-la-ilumniacion-en-la-prehistoria\\\/#breadcrumblist\"},\"author\":{\"@id\":\"https:\\\/\\\/candas365.es\\\/noticias\\\/author\\\/admin\\\/#author\"},\"creator\":{\"@id\":\"https:\\\/\\\/candas365.es\\\/noticias\\\/author\\\/admin\\\/#author\"},\"image\":{\"@type\":\"ImageObject\",\"url\":\"https:\\\/\\\/candas365.es\\\/noticias\\\/wp-content\\\/uploads\\\/2016\\\/05\\\/\\u00c1rea-Recepci\\u00f3n-Parque-Prehistoria-Teverga-scaled.jpg\",\"@id\":\"https:\\\/\\\/candas365.es\\\/noticias\\\/visitas-para-conocer-como-era-la-ilumniacion-en-la-prehistoria\\\/#mainImage\",\"width\":2560,\"height\":1095},\"primaryImageOfPage\":{\"@id\":\"https:\\\/\\\/candas365.es\\\/noticias\\\/visitas-para-conocer-como-era-la-ilumniacion-en-la-prehistoria\\\/#mainImage\"},\"datePublished\":\"2017-10-12T05:17:16+02:00\",\"dateModified\":\"2017-10-12T05:17:16+02:00\"},{\"@type\":\"WebSite\",\"@id\":\"https:\\\/\\\/candas365.es\\\/noticias\\\/#website\",\"url\":\"https:\\\/\\\/candas365.es\\\/noticias\\\/\",\"name\":\"Cand\\u00e1s 365\",\"alternateName\":\"Cand\\u00e1s 365 Noticias\",\"description\":\"Actualidad desde Carre\\u00f1o para el mundo\",\"inLanguage\":\"es-ES\",\"publisher\":{\"@id\":\"https:\\\/\\\/candas365.es\\\/noticias\\\/#organization\"}}]}\n\t\t<\/script>\n\t\t<!-- All in One SEO Pro -->\r\n\t\t<title>Visitas para conocer c\u00f3mo era la ilumniaci\u00f3n en la Prehistoria | Cand\u00e1s 365<\/title>\n\n","aioseo_head_json":{"title":"Visitas para conocer c\u00f3mo era la ilumniaci\u00f3n en la Prehistoria | Cand\u00e1s 365","description":"El Parque de la Prehistoria de Teverga organiza con motivo del Puente de octubre una serie de visitas-taller para descubrir la magia de la iluminaci\u00f3n en la Prehistoria. Desde el jueves 12 al domingo 15 de octubre, a las 12:00 y a las 17:15 horas, los visitantes al equipamiento tevergano podr\u00e1n vivir una experiencia \u00fanica","canonical_url":"https:\/\/candas365.es\/noticias\/visitas-para-conocer-como-era-la-ilumniacion-en-la-prehistoria\/","robots":"max-image-preview:large","keywords":"agenda","webmasterTools":{"google-site-verification":"UA-32230408-1","msvalidate.01":"354F3CDFB2DA171B47FBE9ABF1F88D5","miscellaneous":""},"schema":{"@context":"https:\/\/schema.org","@graph":[{"@type":"BreadcrumbList","@id":"https:\/\/candas365.es\/noticias\/visitas-para-conocer-como-era-la-ilumniacion-en-la-prehistoria\/#breadcrumblist","itemListElement":[{"@type":"ListItem","@id":"https:\/\/candas365.es\/noticias#listItem","position":1,"name":"Home","item":"https:\/\/candas365.es\/noticias","nextItem":{"@type":"ListItem","@id":"https:\/\/candas365.es\/noticias\/category\/agenda\/#listItem","name":"Agenda"}},{"@type":"ListItem","@id":"https:\/\/candas365.es\/noticias\/category\/agenda\/#listItem","position":2,"name":"Agenda","item":"https:\/\/candas365.es\/noticias\/category\/agenda\/","nextItem":{"@type":"ListItem","@id":"https:\/\/candas365.es\/noticias\/visitas-para-conocer-como-era-la-ilumniacion-en-la-prehistoria\/#listItem","name":"Visitas para conocer c\u00f3mo era la ilumniaci\u00f3n en la Prehistoria"},"previousItem":{"@type":"ListItem","@id":"https:\/\/candas365.es\/noticias#listItem","name":"Home"}},{"@type":"ListItem","@id":"https:\/\/candas365.es\/noticias\/visitas-para-conocer-como-era-la-ilumniacion-en-la-prehistoria\/#listItem","position":3,"name":"Visitas para conocer c\u00f3mo era la ilumniaci\u00f3n en la Prehistoria","previousItem":{"@type":"ListItem","@id":"https:\/\/candas365.es\/noticias\/category\/agenda\/#listItem","name":"Agenda"}}]},{"@type":"NewsArticle","@id":"https:\/\/candas365.es\/noticias\/visitas-para-conocer-como-era-la-ilumniacion-en-la-prehistoria\/#newsarticle","name":"Visitas para conocer c\u00f3mo era la ilumniaci\u00f3n en la Prehistoria | Cand\u00e1s 365","headline":"Visitas para conocer c\u00f3mo era la ilumniaci\u00f3n en la Prehistoria","author":{"@id":"https:\/\/candas365.es\/noticias\/author\/admin\/#author"},"publisher":{"@id":"https:\/\/candas365.es\/noticias\/#organization"},"image":{"@type":"ImageObject","url":"https:\/\/candas365.es\/noticias\/wp-content\/uploads\/2016\/05\/\u00c1rea-Recepci\u00f3n-Parque-Prehistoria-Teverga-scaled.jpg","width":2560,"height":1095},"datePublished":"2017-10-12T05:17:16+02:00","dateModified":"2017-10-12T05:17:16+02:00","inLanguage":"es-ES","mainEntityOfPage":{"@id":"https:\/\/candas365.es\/noticias\/visitas-para-conocer-como-era-la-ilumniacion-en-la-prehistoria\/#webpage"},"isPartOf":{"@id":"https:\/\/candas365.es\/noticias\/visitas-para-conocer-como-era-la-ilumniacion-en-la-prehistoria\/#webpage"},"articleSection":"Agenda","dateline":"Publicado el octubre 12, 2017."},{"@type":"Organization","@id":"https:\/\/candas365.es\/noticias\/#organization","name":"Cand\u00e1s 365","description":"Cand\u00e1s 365 es un diario digital independiente, fundado en 2012, con base en Asturias. Informamos con rigor sobre actualidad, sociedad, cultura y ocio, con una mirada local y global.","url":"https:\/\/candas365.es\/noticias\/","email":"info@candas365.es","telephone":"+34652131393","foundingDate":"2012-06-10","logo":{"@type":"ImageObject","url":"https:\/\/candas365.es\/noticias\/wp-content\/uploads\/2024\/09\/Candas-365-Redes.jpg","@id":"https:\/\/candas365.es\/noticias\/visitas-para-conocer-como-era-la-ilumniacion-en-la-prehistoria\/#organizationLogo","width":1152,"height":864,"caption":"Cand\u00e1s 365 Redes"},"image":{"@id":"https:\/\/candas365.es\/noticias\/visitas-para-conocer-como-era-la-ilumniacion-en-la-prehistoria\/#organizationLogo"},"sameAs":["https:\/\/www.facebook.com\/Nachofdezber","https:\/\/x.com\/NabercoDigital","https:\/\/www.instagram.com\/nachofdezber\/","https:\/\/www.youtube.com\/channel\/UCZP-2wLEB9Rv6erhFmqVnvg"],"address":{"@id":"https:\/\/candas365.es\/noticias\/#postaladdress","@type":"PostalAddress","streetAddress":"san antonio 4, san antonio 4","postalCode":"33430","addressLocality":"Cand\u00e1s","addressRegion":"Asturias","addressCountry":"ES"}},{"@type":"Person","@id":"https:\/\/candas365.es\/noticias\/author\/admin\/#author","url":"https:\/\/candas365.es\/noticias\/author\/admin\/","name":"Cand\u00e1s 365","image":{"@type":"ImageObject","@id":"https:\/\/candas365.es\/noticias\/visitas-para-conocer-como-era-la-ilumniacion-en-la-prehistoria\/#authorImage","url":"https:\/\/secure.gravatar.com\/avatar\/496a8e03d0c493ede1718b7934145dbdf8d89be1036b0eec9544e1094c9de390?s=96&d=mm&r=g","width":96,"height":96,"caption":"Cand\u00e1s 365"},"sameAs":["https:\/\/www.facebook.com\/carrenoactualidad","https:\/\/twitter.com\/nbasturias","https:\/\/www.instagram.com\/nachofdezber\/","https:\/\/www.youtube.com\/channel\/UCZP-2wLEB9Rv6erhFmqVnvg"]},{"@type":"WebPage","@id":"https:\/\/candas365.es\/noticias\/visitas-para-conocer-como-era-la-ilumniacion-en-la-prehistoria\/#webpage","url":"https:\/\/candas365.es\/noticias\/visitas-para-conocer-como-era-la-ilumniacion-en-la-prehistoria\/","name":"Visitas para conocer c\u00f3mo era la ilumniaci\u00f3n en la Prehistoria | Cand\u00e1s 365","description":"El Parque de la Prehistoria de Teverga organiza con motivo del Puente de octubre una serie de visitas-taller para descubrir la magia de la iluminaci\u00f3n en la Prehistoria. Desde el jueves 12 al domingo 15 de octubre, a las 12:00 y a las 17:15 horas, los visitantes al equipamiento tevergano podr\u00e1n vivir una experiencia \u00fanica","inLanguage":"es-ES","isPartOf":{"@id":"https:\/\/candas365.es\/noticias\/#website"},"breadcrumb":{"@id":"https:\/\/candas365.es\/noticias\/visitas-para-conocer-como-era-la-ilumniacion-en-la-prehistoria\/#breadcrumblist"},"author":{"@id":"https:\/\/candas365.es\/noticias\/author\/admin\/#author"},"creator":{"@id":"https:\/\/candas365.es\/noticias\/author\/admin\/#author"},"image":{"@type":"ImageObject","url":"https:\/\/candas365.es\/noticias\/wp-content\/uploads\/2016\/05\/\u00c1rea-Recepci\u00f3n-Parque-Prehistoria-Teverga-scaled.jpg","@id":"https:\/\/candas365.es\/noticias\/visitas-para-conocer-como-era-la-ilumniacion-en-la-prehistoria\/#mainImage","width":2560,"height":1095},"primaryImageOfPage":{"@id":"https:\/\/candas365.es\/noticias\/visitas-para-conocer-como-era-la-ilumniacion-en-la-prehistoria\/#mainImage"},"datePublished":"2017-10-12T05:17:16+02:00","dateModified":"2017-10-12T05:17:16+02:00"},{"@type":"WebSite","@id":"https:\/\/candas365.es\/noticias\/#website","url":"https:\/\/candas365.es\/noticias\/","name":"Cand\u00e1s 365","alternateName":"Cand\u00e1s 365 Noticias","description":"Actualidad desde Carre\u00f1o para el mundo","inLanguage":"es-ES","publisher":{"@id":"https:\/\/candas365.es\/noticias\/#organization"}}]},"og:locale":"es_ES","og:site_name":"Cand\u00e1s 365","og:type":"article","og:title":"Visitas para conocer c\u00f3mo era la ilumniaci\u00f3n en la Prehistoria | Cand\u00e1s 365","og:description":"El Parque de la Prehistoria de Teverga organiza con motivo del Puente de octubre una serie de visitas-taller para descubrir la magia de la iluminaci\u00f3n en la Prehistoria. Desde el jueves 12 al domingo 15 de octubre, a las 12:00 y a las 17:15 horas, los visitantes al equipamiento tevergano podr\u00e1n vivir una experiencia \u00fanica","og:url":"https:\/\/candas365.es\/noticias\/visitas-para-conocer-como-era-la-ilumniacion-en-la-prehistoria\/","og:image":"https:\/\/candas365.es\/noticias\/wp-content\/uploads\/2016\/05\/\u00c1rea-Recepci\u00f3n-Parque-Prehistoria-Teverga-scaled.jpg","og:image:secure_url":"https:\/\/candas365.es\/noticias\/wp-content\/uploads\/2016\/05\/\u00c1rea-Recepci\u00f3n-Parque-Prehistoria-Teverga-scaled.jpg","og:image:width":2560,"og:image:height":1095,"article:published_time":"2017-10-12T05:17:16+00:00","article:modified_time":"2017-10-12T05:17:16+00:00","article:publisher":"https:\/\/www.facebook.com\/Nachofdezber","article:author":"https:\/\/www.facebook.com\/carrenoactualidad","twitter:card":"summary_large_image","twitter:site":"@NabercoDigital","twitter:title":"Visitas para conocer c\u00f3mo era la ilumniaci\u00f3n en la Prehistoria | Cand\u00e1s 365","twitter:description":"El Parque de la Prehistoria de Teverga organiza con motivo del Puente de octubre una serie de visitas-taller para descubrir la magia de la iluminaci\u00f3n en la Prehistoria. Desde el jueves 12 al domingo 15 de octubre, a las 12:00 y a las 17:15 horas, los visitantes al equipamiento tevergano podr\u00e1n vivir una experiencia \u00fanica","twitter:creator":"@nbasturias","twitter:image":"https:\/\/candas365.es\/noticias\/wp-content\/uploads\/2016\/05\/\u00c1rea-Recepci\u00f3n-Parque-Prehistoria-Teverga-scaled.jpg","twitter:label1":"Escrito por","twitter:data1":"Cand\u00e1s 365","twitter:label2":"Tiempo de lectura estimado","twitter:data2":"1 minuto"},"aioseo_meta_data":{"post_id":"82009","title":null,"description":null,"keywords":null,"keyphrases":null,"primary_term":null,"canonical_url":null,"og_title":null,"og_description":null,"og_object_type":"default","og_image_type":"default","og_image_url":null,"og_image_width":null,"og_image_height":null,"og_image_custom_url":null,"og_image_custom_fields":null,"og_video":null,"og_custom_url":null,"og_article_section":null,"og_article_tags":null,"twitter_use_og":false,"twitter_card":"default","twitter_image_type":"default","twitter_image_url":null,"twitter_image_custom_url":null,"twitter_image_custom_fields":null,"twitter_title":null,"twitter_description":null,"schema":{"blockGraphs":[],"customGraphs":[],"default":{"data":{"Article":[],"Course":[],"Dataset":[],"FAQPage":[],"Movie":[],"Person":[],"Product":[],"ProductReview":[],"Car":[],"Recipe":[],"Service":[],"SoftwareApplication":[],"WebPage":[]},"graphName":"","isEnabled":true},"graphs":[],"defaultGraph":"","defaultPostTypeGraph":""},"schema_type":null,"schema_type_options":null,"pillar_content":false,"robots_default":true,"robots_noindex":false,"robots_noarchive":false,"robots_nosnippet":false,"robots_nofollow":false,"robots_noimageindex":false,"robots_noodp":false,"robots_notranslate":false,"robots_max_snippet":null,"robots_max_videopreview":null,"robots_max_imagepreview":"large","priority":null,"frequency":null,"location":null,"local_seo":null,"seo_analyzer_scan_date":"2025-08-26 02:32:21","breadcrumb_settings":null,"limit_modified_date":false,"reviewed_by":null,"open_ai":null,"ai":null,"created":"2020-12-21 12:38:56","updated":"2025-08-26 02:32:21"},"aioseo_breadcrumb":"<div class=\"aioseo-breadcrumbs\"><span class=\"aioseo-breadcrumb\">\n\t<a href=\"https:\/\/candas365.es\/noticias\" title=\"Home\">Home<\/a>\n<\/span><span class=\"aioseo-breadcrumb-separator\">&ndash;<\/span><span class=\"aioseo-breadcrumb\">\n\t<a href=\"https:\/\/candas365.es\/noticias\/category\/agenda\/\" title=\"Agenda\">Agenda<\/a>\n<\/span><span class=\"aioseo-breadcrumb-separator\">&ndash;<\/span><span class=\"aioseo-breadcrumb\">\n\tVisitas para conocer c\u00f3mo era la ilumniaci\u00f3n en la Prehistoria\n<\/span><\/div>","aioseo_breadcrumb_json":[{"label":"Home","link":"https:\/\/candas365.es\/noticias"},{"label":"Agenda","link":"https:\/\/candas365.es\/noticias\/category\/agenda\/"},{"label":"Visitas para conocer c\u00f3mo era la ilumniaci\u00f3n en la Prehistoria","link":"https:\/\/candas365.es\/noticias\/visitas-para-conocer-como-era-la-ilumniacion-en-la-prehistoria\/"}],"_links":{"self":[{"href":"https:\/\/candas365.es\/noticias\/wp-json\/wp\/v2\/posts\/82009","targetHints":{"allow":["GET"]}}],"collection":[{"href":"https:\/\/candas365.es\/noticias\/wp-json\/wp\/v2\/posts"}],"about":[{"href":"https:\/\/candas365.es\/noticias\/wp-json\/wp\/v2\/types\/post"}],"author":[{"embeddable":true,"href":"https:\/\/candas365.es\/noticias\/wp-json\/wp\/v2\/users\/1"}],"replies":[{"embeddable":true,"href":"https:\/\/candas365.es\/noticias\/wp-json\/wp\/v2\/comments?post=82009"}],"version-history":[{"count":0,"href":"https:\/\/candas365.es\/noticias\/wp-json\/wp\/v2\/posts\/82009\/revisions"}],"wp:featuredmedia":[{"embeddable":true,"href":"https:\/\/candas365.es\/noticias\/wp-json\/wp\/v2\/media\/29181"}],"wp:attachment":[{"href":"https:\/\/candas365.es\/noticias\/wp-json\/wp\/v2\/media?parent=82009"}],"wp:term":[{"taxonomy":"category","embeddable":true,"href":"https:\/\/candas365.es\/noticias\/wp-json\/wp\/v2\/categories?post=82009"},{"taxonomy":"post_tag","embeddable":true,"href":"https:\/\/candas365.es\/noticias\/wp-json\/wp\/v2\/tags?post=82009"}],"curies":[{"name":"wp","href":"https:\/\/api.w.org\/{rel}","templated":true}]}}