{"id":82005,"date":"2017-10-12T04:56:47","date_gmt":"2017-10-12T04:56:47","guid":{"rendered":"http:\/\/candas365.es\/noticias\/?p=82005"},"modified":"2017-10-12T04:56:47","modified_gmt":"2017-10-12T04:56:47","slug":"gijon-celebra-el-iii-festival-de-cortometrajes-con-otra-mirada","status":"publish","type":"post","link":"https:\/\/candas365.es\/noticias\/gijon-celebra-el-iii-festival-de-cortometrajes-con-otra-mirada\/","title":{"rendered":"Gij\u00f3n celebra el III Festival de cortometrajes \u00abCon otra mirada\u00bb"},"content":{"rendered":"<p><img fetchpriority=\"high\" decoding=\"async\" class=\"alignleft size-medium wp-image-77992\" src=\"https:\/\/candas365.es\/noticias\/wp-content\/uploads\/2017\/08\/cine-2233692_960_720-360x248.jpg\" alt=\"\" width=\"360\" height=\"248\" srcset=\"https:\/\/candas365.es\/noticias\/wp-content\/uploads\/2017\/08\/cine-2233692_960_720-360x248.jpg 360w, https:\/\/candas365.es\/noticias\/wp-content\/uploads\/2017\/08\/cine-2233692_960_720-768x528.jpg 768w, https:\/\/candas365.es\/noticias\/wp-content\/uploads\/2017\/08\/cine-2233692_960_720-655x450.jpg 655w, https:\/\/candas365.es\/noticias\/wp-content\/uploads\/2017\/08\/cine-2233692_960_720-100x70.jpg 100w, https:\/\/candas365.es\/noticias\/wp-content\/uploads\/2017\/08\/cine-2233692_960_720-218x150.jpg 218w, https:\/\/candas365.es\/noticias\/wp-content\/uploads\/2017\/08\/cine-2233692_960_720-696x479.jpg 696w, https:\/\/candas365.es\/noticias\/wp-content\/uploads\/2017\/08\/cine-2233692_960_720-611x420.jpg 611w, https:\/\/candas365.es\/noticias\/wp-content\/uploads\/2017\/08\/cine-2233692_960_720.jpg 960w\" sizes=\"(max-width: 360px) 100vw, 360px\" \/>Este fin de semana, el viernes y el s\u00e1bado, cita con el III Festival de Cortometrajes, Con otra Mirada: un evento \u00fanico en la ciudad con mirada independiente acerca de los diferentes cortometrajes surgidos en la escena nacional poniendo especial \u00e9nfasis en su calidad, cine de alto nivel con trabajos que han pasado por festivales de todo el mundo.<\/p>\n<p>Vuelve a Gij\u00f3n Pablo L. de Aramburu, que con su nuevo cortometraje \u201cTravelling Man\u201d presentado en el pasado Festival de M\u00e1laga ha dado el salto internacional y se postula como uno de los j\u00f3venes cineastas con m\u00e1s futuro del pa\u00eds.<\/p>\n<p>En M\u00e1laga tambi\u00e9n se pudo ver el proyecto de animaci\u00f3n \u201cNunca pasa Nada\u201d de Javier Prieto.<\/p>\n<p>El nuevo trabajo de Paco Cavero \u201cVerde Pistacho\u201d y que ha sido seleccionado en nada menos que 55 festivales en todo el mundo y la segunda pieza del tr\u00edptico creado por Alessandro Novelli \u201cContact\u201d completan el reparto nacional dentro de la secci\u00f3n oficial.<\/p>\n<p>Ser\u00e1n estrenos en Espa\u00f1a \u201cLes Miserables\u201d de Ladj Ly que acaba de ganar premio en el prestigioso festival de Clermont Ferrand y la tierna \u201cRingo Rocket Star\u201d proyecto multidisciplinar del holand\u00e9s Ren\u00e9 Nuijens.<\/p>\n<p>Tambi\u00e9n ser\u00e1n estreno los seis cortos de la Secci\u00f3n Asturias.<\/p>\n<p><strong>Viernes 13 de octubre a las 20h. CMI Ateneo La Calzada:<\/strong><\/p>\n<p>Concierto de Marilia. \u00danico concierto en Asturias en el que la que fuera cantante de Ella Baila Sola presentar\u00e1 Infinito, su nuevo trabajo en solitario.<\/p>\n<p>A continuaci\u00f3n: proyecci\u00f3n de cortometrajes Secci\u00f3n Oficial y Secci\u00f3n Asturias.<\/p>\n<p><strong>S\u00e1bado 14 de octubre a las 20h. CMI El Llano:<\/strong><\/p>\n<p>Concierto de Fran Xix\u00f3n. El que fuera cantante de Australian Blonde (abanderados de lo que en su d\u00eda fue el Xix\u00f3n Sound) y de La Costa Brava ya lleva m\u00e1s de 10 a\u00f1os al frente de su proyecto en solitario, donde da rienda suelta a historias cargadas de amor y humor.<\/p>\n<p>A continuaci\u00f3n se cierra el festival con el segundo de los pases tanto en Secci\u00f3n Oficial como en Secci\u00f3n Asturias.<\/p>\n<p>Tras las proyecciones y como es se\u00f1a del festival, el p\u00fablico decidir\u00e1 con sus votos los premios en ambas secciones. La entrega de premios pondr\u00e1 el broche a un fin de semana de cine y m\u00fasica.<\/p>\n<p>Organiza : Asociaci\u00f3n Cultural Proyecta 3.<\/p>\n<p>Coordinan: Sergio Valbuena y Wendy Garc\u00eda<\/p>\n","protected":false},"excerpt":{"rendered":"<p>Este fin de semana, el viernes y el s\u00e1bado, cita con el III Festival de Cortometrajes, Con otra Mirada: un evento \u00fanico en la ciudad con mirada independiente acerca de los diferentes cortometrajes surgidos en la escena nacional poniendo especial \u00e9nfasis en su calidad, cine de alto nivel con trabajos que han pasado por festivales<\/p>\n","protected":false},"author":1,"featured_media":77992,"comment_status":"closed","ping_status":"closed","sticky":false,"template":"","format":"standard","meta":{"footnotes":""},"categories":[1],"tags":[],"class_list":{"0":"post-82005","1":"post","2":"type-post","3":"status-publish","4":"format-standard","5":"has-post-thumbnail","7":"category-agenda"},"aioseo_notices":[],"aioseo_head":"\n\t\t<!-- All in One SEO Pro 4.9.6.2 - aioseo.com -->\n\t<meta name=\"description\" content=\"Este fin de semana, el viernes y el s\u00e1bado, cita con el III Festival de Cortometrajes, Con otra Mirada: un evento \u00fanico en la ciudad con mirada independiente acerca de los diferentes cortometrajes surgidos en la escena nacional poniendo especial \u00e9nfasis en su calidad, cine de alto nivel con trabajos que han pasado por festivales\" \/>\n\t<meta name=\"robots\" content=\"max-image-preview:large\" \/>\n\t<meta name=\"author\" content=\"Cand\u00e1s 365\"\/>\n\t<meta name=\"google-site-verification\" content=\"UA-32230408-1\" \/>\n\t<meta name=\"msvalidate.01\" content=\"354F3CDFB2DA171B47FBE9ABF1F88D5\" \/>\n\t<meta name=\"keywords\" content=\"agenda\" \/>\n\t<link rel=\"canonical\" href=\"https:\/\/candas365.es\/noticias\/gijon-celebra-el-iii-festival-de-cortometrajes-con-otra-mirada\/\" \/>\n\t<meta name=\"generator\" content=\"All in One SEO Pro (AIOSEO) 4.9.6.2\" \/>\n\t\t<meta property=\"og:locale\" content=\"es_ES\" \/>\n\t\t<meta property=\"og:site_name\" content=\"Cand\u00e1s 365\" \/>\n\t\t<meta property=\"og:type\" content=\"article\" \/>\n\t\t<meta property=\"og:title\" content=\"Gij\u00f3n celebra el III Festival de cortometrajes \u00abCon otra mirada\u00bb | Cand\u00e1s 365\" \/>\n\t\t<meta property=\"og:description\" content=\"Este fin de semana, el viernes y el s\u00e1bado, cita con el III Festival de Cortometrajes, Con otra Mirada: un evento \u00fanico en la ciudad con mirada independiente acerca de los diferentes cortometrajes surgidos en la escena nacional poniendo especial \u00e9nfasis en su calidad, cine de alto nivel con trabajos que han pasado por festivales\" \/>\n\t\t<meta property=\"og:url\" content=\"https:\/\/candas365.es\/noticias\/gijon-celebra-el-iii-festival-de-cortometrajes-con-otra-mirada\/\" \/>\n\t\t<meta property=\"og:image\" content=\"https:\/\/candas365.es\/noticias\/wp-content\/uploads\/2017\/08\/cine-2233692_960_720.jpg\" \/>\n\t\t<meta property=\"og:image:secure_url\" content=\"https:\/\/candas365.es\/noticias\/wp-content\/uploads\/2017\/08\/cine-2233692_960_720.jpg\" \/>\n\t\t<meta property=\"og:image:width\" content=\"960\" \/>\n\t\t<meta property=\"og:image:height\" content=\"660\" \/>\n\t\t<meta property=\"article:published_time\" content=\"2017-10-12T04:56:47+00:00\" \/>\n\t\t<meta property=\"article:modified_time\" content=\"2017-10-12T04:56:47+00:00\" \/>\n\t\t<meta property=\"article:publisher\" content=\"https:\/\/www.facebook.com\/Nachofdezber\" \/>\n\t\t<meta property=\"article:author\" content=\"https:\/\/www.facebook.com\/carrenoactualidad\" \/>\n\t\t<meta name=\"twitter:card\" content=\"summary_large_image\" \/>\n\t\t<meta name=\"twitter:site\" content=\"@NabercoDigital\" \/>\n\t\t<meta name=\"twitter:title\" content=\"Gij\u00f3n celebra el III Festival de cortometrajes \u00abCon otra mirada\u00bb | Cand\u00e1s 365\" \/>\n\t\t<meta name=\"twitter:description\" content=\"Este fin de semana, el viernes y el s\u00e1bado, cita con el III Festival de Cortometrajes, Con otra Mirada: un evento \u00fanico en la ciudad con mirada independiente acerca de los diferentes cortometrajes surgidos en la escena nacional poniendo especial \u00e9nfasis en su calidad, cine de alto nivel con trabajos que han pasado por festivales\" \/>\n\t\t<meta name=\"twitter:creator\" content=\"@nbasturias\" \/>\n\t\t<meta name=\"twitter:image\" content=\"https:\/\/candas365.es\/noticias\/wp-content\/uploads\/2017\/08\/cine-2233692_960_720.jpg\" \/>\n\t\t<meta name=\"twitter:label1\" content=\"Escrito por\" \/>\n\t\t<meta name=\"twitter:data1\" content=\"Cand\u00e1s 365\" \/>\n\t\t<meta name=\"twitter:label2\" content=\"Tiempo de lectura estimado\" \/>\n\t\t<meta name=\"twitter:data2\" content=\"2 minutos\" \/>\n\t\t<script type=\"application\/ld+json\" class=\"aioseo-schema\">\n\t\t\t{\"@context\":\"https:\\\/\\\/schema.org\",\"@graph\":[{\"@type\":\"BreadcrumbList\",\"@id\":\"https:\\\/\\\/candas365.es\\\/noticias\\\/gijon-celebra-el-iii-festival-de-cortometrajes-con-otra-mirada\\\/#breadcrumblist\",\"itemListElement\":[{\"@type\":\"ListItem\",\"@id\":\"https:\\\/\\\/candas365.es\\\/noticias#listItem\",\"position\":1,\"name\":\"Home\",\"item\":\"https:\\\/\\\/candas365.es\\\/noticias\",\"nextItem\":{\"@type\":\"ListItem\",\"@id\":\"https:\\\/\\\/candas365.es\\\/noticias\\\/category\\\/agenda\\\/#listItem\",\"name\":\"Agenda\"}},{\"@type\":\"ListItem\",\"@id\":\"https:\\\/\\\/candas365.es\\\/noticias\\\/category\\\/agenda\\\/#listItem\",\"position\":2,\"name\":\"Agenda\",\"item\":\"https:\\\/\\\/candas365.es\\\/noticias\\\/category\\\/agenda\\\/\",\"nextItem\":{\"@type\":\"ListItem\",\"@id\":\"https:\\\/\\\/candas365.es\\\/noticias\\\/gijon-celebra-el-iii-festival-de-cortometrajes-con-otra-mirada\\\/#listItem\",\"name\":\"Gij\\u00f3n celebra el III Festival de cortometrajes \\u00abCon otra mirada\\u00bb\"},\"previousItem\":{\"@type\":\"ListItem\",\"@id\":\"https:\\\/\\\/candas365.es\\\/noticias#listItem\",\"name\":\"Home\"}},{\"@type\":\"ListItem\",\"@id\":\"https:\\\/\\\/candas365.es\\\/noticias\\\/gijon-celebra-el-iii-festival-de-cortometrajes-con-otra-mirada\\\/#listItem\",\"position\":3,\"name\":\"Gij\\u00f3n celebra el III Festival de cortometrajes \\u00abCon otra mirada\\u00bb\",\"previousItem\":{\"@type\":\"ListItem\",\"@id\":\"https:\\\/\\\/candas365.es\\\/noticias\\\/category\\\/agenda\\\/#listItem\",\"name\":\"Agenda\"}}]},{\"@type\":\"NewsArticle\",\"@id\":\"https:\\\/\\\/candas365.es\\\/noticias\\\/gijon-celebra-el-iii-festival-de-cortometrajes-con-otra-mirada\\\/#newsarticle\",\"name\":\"Gij\\u00f3n celebra el III Festival de cortometrajes \\u00abCon otra mirada\\u00bb | Cand\\u00e1s 365\",\"headline\":\"Gij\\u00f3n celebra el III Festival de cortometrajes \\u00abCon otra mirada\\u00bb\",\"author\":{\"@id\":\"https:\\\/\\\/candas365.es\\\/noticias\\\/author\\\/admin\\\/#author\"},\"publisher\":{\"@id\":\"https:\\\/\\\/candas365.es\\\/noticias\\\/#organization\"},\"image\":{\"@type\":\"ImageObject\",\"url\":\"https:\\\/\\\/candas365.es\\\/noticias\\\/wp-content\\\/uploads\\\/2017\\\/08\\\/cine-2233692_960_720.jpg\",\"width\":960,\"height\":660},\"datePublished\":\"2017-10-12T04:56:47+02:00\",\"dateModified\":\"2017-10-12T04:56:47+02:00\",\"inLanguage\":\"es-ES\",\"mainEntityOfPage\":{\"@id\":\"https:\\\/\\\/candas365.es\\\/noticias\\\/gijon-celebra-el-iii-festival-de-cortometrajes-con-otra-mirada\\\/#webpage\"},\"isPartOf\":{\"@id\":\"https:\\\/\\\/candas365.es\\\/noticias\\\/gijon-celebra-el-iii-festival-de-cortometrajes-con-otra-mirada\\\/#webpage\"},\"articleSection\":\"Agenda\",\"dateline\":\"Publicado el octubre 12, 2017.\"},{\"@type\":\"Organization\",\"@id\":\"https:\\\/\\\/candas365.es\\\/noticias\\\/#organization\",\"name\":\"Cand\\u00e1s 365\",\"description\":\"Cand\\u00e1s 365 es un diario digital independiente, fundado en 2012, con base en Asturias. Informamos con rigor sobre actualidad, sociedad, cultura y ocio, con una mirada local y global.\",\"url\":\"https:\\\/\\\/candas365.es\\\/noticias\\\/\",\"email\":\"info@candas365.es\",\"telephone\":\"+34652131393\",\"foundingDate\":\"2012-06-10\",\"logo\":{\"@type\":\"ImageObject\",\"url\":\"https:\\\/\\\/candas365.es\\\/noticias\\\/wp-content\\\/uploads\\\/2024\\\/09\\\/Candas-365-Redes.jpg\",\"@id\":\"https:\\\/\\\/candas365.es\\\/noticias\\\/gijon-celebra-el-iii-festival-de-cortometrajes-con-otra-mirada\\\/#organizationLogo\",\"width\":1152,\"height\":864,\"caption\":\"Cand\\u00e1s 365 Redes\"},\"image\":{\"@id\":\"https:\\\/\\\/candas365.es\\\/noticias\\\/gijon-celebra-el-iii-festival-de-cortometrajes-con-otra-mirada\\\/#organizationLogo\"},\"sameAs\":[\"https:\\\/\\\/www.facebook.com\\\/Nachofdezber\",\"https:\\\/\\\/x.com\\\/NabercoDigital\",\"https:\\\/\\\/www.instagram.com\\\/nachofdezber\\\/\",\"https:\\\/\\\/www.youtube.com\\\/channel\\\/UCZP-2wLEB9Rv6erhFmqVnvg\"],\"address\":{\"@id\":\"https:\\\/\\\/candas365.es\\\/noticias\\\/#postaladdress\",\"@type\":\"PostalAddress\",\"streetAddress\":\"san antonio 4, san antonio 4\",\"postalCode\":\"33430\",\"addressLocality\":\"Cand\\u00e1s\",\"addressRegion\":\"Asturias\",\"addressCountry\":\"ES\"}},{\"@type\":\"Person\",\"@id\":\"https:\\\/\\\/candas365.es\\\/noticias\\\/author\\\/admin\\\/#author\",\"url\":\"https:\\\/\\\/candas365.es\\\/noticias\\\/author\\\/admin\\\/\",\"name\":\"Cand\\u00e1s 365\",\"image\":{\"@type\":\"ImageObject\",\"@id\":\"https:\\\/\\\/candas365.es\\\/noticias\\\/gijon-celebra-el-iii-festival-de-cortometrajes-con-otra-mirada\\\/#authorImage\",\"url\":\"https:\\\/\\\/secure.gravatar.com\\\/avatar\\\/496a8e03d0c493ede1718b7934145dbdf8d89be1036b0eec9544e1094c9de390?s=96&d=mm&r=g\",\"width\":96,\"height\":96,\"caption\":\"Cand\\u00e1s 365\"},\"sameAs\":[\"https:\\\/\\\/www.facebook.com\\\/carrenoactualidad\",\"https:\\\/\\\/twitter.com\\\/nbasturias\",\"https:\\\/\\\/www.instagram.com\\\/nachofdezber\\\/\",\"https:\\\/\\\/www.youtube.com\\\/channel\\\/UCZP-2wLEB9Rv6erhFmqVnvg\"]},{\"@type\":\"WebPage\",\"@id\":\"https:\\\/\\\/candas365.es\\\/noticias\\\/gijon-celebra-el-iii-festival-de-cortometrajes-con-otra-mirada\\\/#webpage\",\"url\":\"https:\\\/\\\/candas365.es\\\/noticias\\\/gijon-celebra-el-iii-festival-de-cortometrajes-con-otra-mirada\\\/\",\"name\":\"Gij\\u00f3n celebra el III Festival de cortometrajes \\u00abCon otra mirada\\u00bb | Cand\\u00e1s 365\",\"description\":\"Este fin de semana, el viernes y el s\\u00e1bado, cita con el III Festival de Cortometrajes, Con otra Mirada: un evento \\u00fanico en la ciudad con mirada independiente acerca de los diferentes cortometrajes surgidos en la escena nacional poniendo especial \\u00e9nfasis en su calidad, cine de alto nivel con trabajos que han pasado por festivales\",\"inLanguage\":\"es-ES\",\"isPartOf\":{\"@id\":\"https:\\\/\\\/candas365.es\\\/noticias\\\/#website\"},\"breadcrumb\":{\"@id\":\"https:\\\/\\\/candas365.es\\\/noticias\\\/gijon-celebra-el-iii-festival-de-cortometrajes-con-otra-mirada\\\/#breadcrumblist\"},\"author\":{\"@id\":\"https:\\\/\\\/candas365.es\\\/noticias\\\/author\\\/admin\\\/#author\"},\"creator\":{\"@id\":\"https:\\\/\\\/candas365.es\\\/noticias\\\/author\\\/admin\\\/#author\"},\"image\":{\"@type\":\"ImageObject\",\"url\":\"https:\\\/\\\/candas365.es\\\/noticias\\\/wp-content\\\/uploads\\\/2017\\\/08\\\/cine-2233692_960_720.jpg\",\"@id\":\"https:\\\/\\\/candas365.es\\\/noticias\\\/gijon-celebra-el-iii-festival-de-cortometrajes-con-otra-mirada\\\/#mainImage\",\"width\":960,\"height\":660},\"primaryImageOfPage\":{\"@id\":\"https:\\\/\\\/candas365.es\\\/noticias\\\/gijon-celebra-el-iii-festival-de-cortometrajes-con-otra-mirada\\\/#mainImage\"},\"datePublished\":\"2017-10-12T04:56:47+02:00\",\"dateModified\":\"2017-10-12T04:56:47+02:00\"},{\"@type\":\"WebSite\",\"@id\":\"https:\\\/\\\/candas365.es\\\/noticias\\\/#website\",\"url\":\"https:\\\/\\\/candas365.es\\\/noticias\\\/\",\"name\":\"Cand\\u00e1s 365\",\"alternateName\":\"Cand\\u00e1s 365 Noticias\",\"description\":\"Actualidad desde Carre\\u00f1o para el mundo\",\"inLanguage\":\"es-ES\",\"publisher\":{\"@id\":\"https:\\\/\\\/candas365.es\\\/noticias\\\/#organization\"}}]}\n\t\t<\/script>\n\t\t<!-- All in One SEO Pro -->\r\n\t\t<title>Gij\u00f3n celebra el III Festival de cortometrajes \u00abCon otra mirada\u00bb | Cand\u00e1s 365<\/title>\n\n","aioseo_head_json":{"title":"Gij\u00f3n celebra el III Festival de cortometrajes \u00abCon otra mirada\u00bb | Cand\u00e1s 365","description":"Este fin de semana, el viernes y el s\u00e1bado, cita con el III Festival de Cortometrajes, Con otra Mirada: un evento \u00fanico en la ciudad con mirada independiente acerca de los diferentes cortometrajes surgidos en la escena nacional poniendo especial \u00e9nfasis en su calidad, cine de alto nivel con trabajos que han pasado por festivales","canonical_url":"https:\/\/candas365.es\/noticias\/gijon-celebra-el-iii-festival-de-cortometrajes-con-otra-mirada\/","robots":"max-image-preview:large","keywords":"agenda","webmasterTools":{"google-site-verification":"UA-32230408-1","msvalidate.01":"354F3CDFB2DA171B47FBE9ABF1F88D5","miscellaneous":""},"schema":{"@context":"https:\/\/schema.org","@graph":[{"@type":"BreadcrumbList","@id":"https:\/\/candas365.es\/noticias\/gijon-celebra-el-iii-festival-de-cortometrajes-con-otra-mirada\/#breadcrumblist","itemListElement":[{"@type":"ListItem","@id":"https:\/\/candas365.es\/noticias#listItem","position":1,"name":"Home","item":"https:\/\/candas365.es\/noticias","nextItem":{"@type":"ListItem","@id":"https:\/\/candas365.es\/noticias\/category\/agenda\/#listItem","name":"Agenda"}},{"@type":"ListItem","@id":"https:\/\/candas365.es\/noticias\/category\/agenda\/#listItem","position":2,"name":"Agenda","item":"https:\/\/candas365.es\/noticias\/category\/agenda\/","nextItem":{"@type":"ListItem","@id":"https:\/\/candas365.es\/noticias\/gijon-celebra-el-iii-festival-de-cortometrajes-con-otra-mirada\/#listItem","name":"Gij\u00f3n celebra el III Festival de cortometrajes \u00abCon otra mirada\u00bb"},"previousItem":{"@type":"ListItem","@id":"https:\/\/candas365.es\/noticias#listItem","name":"Home"}},{"@type":"ListItem","@id":"https:\/\/candas365.es\/noticias\/gijon-celebra-el-iii-festival-de-cortometrajes-con-otra-mirada\/#listItem","position":3,"name":"Gij\u00f3n celebra el III Festival de cortometrajes \u00abCon otra mirada\u00bb","previousItem":{"@type":"ListItem","@id":"https:\/\/candas365.es\/noticias\/category\/agenda\/#listItem","name":"Agenda"}}]},{"@type":"NewsArticle","@id":"https:\/\/candas365.es\/noticias\/gijon-celebra-el-iii-festival-de-cortometrajes-con-otra-mirada\/#newsarticle","name":"Gij\u00f3n celebra el III Festival de cortometrajes \u00abCon otra mirada\u00bb | Cand\u00e1s 365","headline":"Gij\u00f3n celebra el III Festival de cortometrajes \u00abCon otra mirada\u00bb","author":{"@id":"https:\/\/candas365.es\/noticias\/author\/admin\/#author"},"publisher":{"@id":"https:\/\/candas365.es\/noticias\/#organization"},"image":{"@type":"ImageObject","url":"https:\/\/candas365.es\/noticias\/wp-content\/uploads\/2017\/08\/cine-2233692_960_720.jpg","width":960,"height":660},"datePublished":"2017-10-12T04:56:47+02:00","dateModified":"2017-10-12T04:56:47+02:00","inLanguage":"es-ES","mainEntityOfPage":{"@id":"https:\/\/candas365.es\/noticias\/gijon-celebra-el-iii-festival-de-cortometrajes-con-otra-mirada\/#webpage"},"isPartOf":{"@id":"https:\/\/candas365.es\/noticias\/gijon-celebra-el-iii-festival-de-cortometrajes-con-otra-mirada\/#webpage"},"articleSection":"Agenda","dateline":"Publicado el octubre 12, 2017."},{"@type":"Organization","@id":"https:\/\/candas365.es\/noticias\/#organization","name":"Cand\u00e1s 365","description":"Cand\u00e1s 365 es un diario digital independiente, fundado en 2012, con base en Asturias. Informamos con rigor sobre actualidad, sociedad, cultura y ocio, con una mirada local y global.","url":"https:\/\/candas365.es\/noticias\/","email":"info@candas365.es","telephone":"+34652131393","foundingDate":"2012-06-10","logo":{"@type":"ImageObject","url":"https:\/\/candas365.es\/noticias\/wp-content\/uploads\/2024\/09\/Candas-365-Redes.jpg","@id":"https:\/\/candas365.es\/noticias\/gijon-celebra-el-iii-festival-de-cortometrajes-con-otra-mirada\/#organizationLogo","width":1152,"height":864,"caption":"Cand\u00e1s 365 Redes"},"image":{"@id":"https:\/\/candas365.es\/noticias\/gijon-celebra-el-iii-festival-de-cortometrajes-con-otra-mirada\/#organizationLogo"},"sameAs":["https:\/\/www.facebook.com\/Nachofdezber","https:\/\/x.com\/NabercoDigital","https:\/\/www.instagram.com\/nachofdezber\/","https:\/\/www.youtube.com\/channel\/UCZP-2wLEB9Rv6erhFmqVnvg"],"address":{"@id":"https:\/\/candas365.es\/noticias\/#postaladdress","@type":"PostalAddress","streetAddress":"san antonio 4, san antonio 4","postalCode":"33430","addressLocality":"Cand\u00e1s","addressRegion":"Asturias","addressCountry":"ES"}},{"@type":"Person","@id":"https:\/\/candas365.es\/noticias\/author\/admin\/#author","url":"https:\/\/candas365.es\/noticias\/author\/admin\/","name":"Cand\u00e1s 365","image":{"@type":"ImageObject","@id":"https:\/\/candas365.es\/noticias\/gijon-celebra-el-iii-festival-de-cortometrajes-con-otra-mirada\/#authorImage","url":"https:\/\/secure.gravatar.com\/avatar\/496a8e03d0c493ede1718b7934145dbdf8d89be1036b0eec9544e1094c9de390?s=96&d=mm&r=g","width":96,"height":96,"caption":"Cand\u00e1s 365"},"sameAs":["https:\/\/www.facebook.com\/carrenoactualidad","https:\/\/twitter.com\/nbasturias","https:\/\/www.instagram.com\/nachofdezber\/","https:\/\/www.youtube.com\/channel\/UCZP-2wLEB9Rv6erhFmqVnvg"]},{"@type":"WebPage","@id":"https:\/\/candas365.es\/noticias\/gijon-celebra-el-iii-festival-de-cortometrajes-con-otra-mirada\/#webpage","url":"https:\/\/candas365.es\/noticias\/gijon-celebra-el-iii-festival-de-cortometrajes-con-otra-mirada\/","name":"Gij\u00f3n celebra el III Festival de cortometrajes \u00abCon otra mirada\u00bb | Cand\u00e1s 365","description":"Este fin de semana, el viernes y el s\u00e1bado, cita con el III Festival de Cortometrajes, Con otra Mirada: un evento \u00fanico en la ciudad con mirada independiente acerca de los diferentes cortometrajes surgidos en la escena nacional poniendo especial \u00e9nfasis en su calidad, cine de alto nivel con trabajos que han pasado por festivales","inLanguage":"es-ES","isPartOf":{"@id":"https:\/\/candas365.es\/noticias\/#website"},"breadcrumb":{"@id":"https:\/\/candas365.es\/noticias\/gijon-celebra-el-iii-festival-de-cortometrajes-con-otra-mirada\/#breadcrumblist"},"author":{"@id":"https:\/\/candas365.es\/noticias\/author\/admin\/#author"},"creator":{"@id":"https:\/\/candas365.es\/noticias\/author\/admin\/#author"},"image":{"@type":"ImageObject","url":"https:\/\/candas365.es\/noticias\/wp-content\/uploads\/2017\/08\/cine-2233692_960_720.jpg","@id":"https:\/\/candas365.es\/noticias\/gijon-celebra-el-iii-festival-de-cortometrajes-con-otra-mirada\/#mainImage","width":960,"height":660},"primaryImageOfPage":{"@id":"https:\/\/candas365.es\/noticias\/gijon-celebra-el-iii-festival-de-cortometrajes-con-otra-mirada\/#mainImage"},"datePublished":"2017-10-12T04:56:47+02:00","dateModified":"2017-10-12T04:56:47+02:00"},{"@type":"WebSite","@id":"https:\/\/candas365.es\/noticias\/#website","url":"https:\/\/candas365.es\/noticias\/","name":"Cand\u00e1s 365","alternateName":"Cand\u00e1s 365 Noticias","description":"Actualidad desde Carre\u00f1o para el mundo","inLanguage":"es-ES","publisher":{"@id":"https:\/\/candas365.es\/noticias\/#organization"}}]},"og:locale":"es_ES","og:site_name":"Cand\u00e1s 365","og:type":"article","og:title":"Gij\u00f3n celebra el III Festival de cortometrajes \u00abCon otra mirada\u00bb | Cand\u00e1s 365","og:description":"Este fin de semana, el viernes y el s\u00e1bado, cita con el III Festival de Cortometrajes, Con otra Mirada: un evento \u00fanico en la ciudad con mirada independiente acerca de los diferentes cortometrajes surgidos en la escena nacional poniendo especial \u00e9nfasis en su calidad, cine de alto nivel con trabajos que han pasado por festivales","og:url":"https:\/\/candas365.es\/noticias\/gijon-celebra-el-iii-festival-de-cortometrajes-con-otra-mirada\/","og:image":"https:\/\/candas365.es\/noticias\/wp-content\/uploads\/2017\/08\/cine-2233692_960_720.jpg","og:image:secure_url":"https:\/\/candas365.es\/noticias\/wp-content\/uploads\/2017\/08\/cine-2233692_960_720.jpg","og:image:width":960,"og:image:height":660,"article:published_time":"2017-10-12T04:56:47+00:00","article:modified_time":"2017-10-12T04:56:47+00:00","article:publisher":"https:\/\/www.facebook.com\/Nachofdezber","article:author":"https:\/\/www.facebook.com\/carrenoactualidad","twitter:card":"summary_large_image","twitter:site":"@NabercoDigital","twitter:title":"Gij\u00f3n celebra el III Festival de cortometrajes \u00abCon otra mirada\u00bb | Cand\u00e1s 365","twitter:description":"Este fin de semana, el viernes y el s\u00e1bado, cita con el III Festival de Cortometrajes, Con otra Mirada: un evento \u00fanico en la ciudad con mirada independiente acerca de los diferentes cortometrajes surgidos en la escena nacional poniendo especial \u00e9nfasis en su calidad, cine de alto nivel con trabajos que han pasado por festivales","twitter:creator":"@nbasturias","twitter:image":"https:\/\/candas365.es\/noticias\/wp-content\/uploads\/2017\/08\/cine-2233692_960_720.jpg","twitter:label1":"Escrito por","twitter:data1":"Cand\u00e1s 365","twitter:label2":"Tiempo de lectura estimado","twitter:data2":"2 minutos"},"aioseo_meta_data":{"post_id":"82005","title":null,"description":null,"keywords":null,"keyphrases":null,"primary_term":null,"canonical_url":null,"og_title":null,"og_description":null,"og_object_type":"default","og_image_type":"default","og_image_url":null,"og_image_width":null,"og_image_height":null,"og_image_custom_url":null,"og_image_custom_fields":null,"og_video":null,"og_custom_url":null,"og_article_section":null,"og_article_tags":null,"twitter_use_og":false,"twitter_card":"default","twitter_image_type":"default","twitter_image_url":null,"twitter_image_custom_url":null,"twitter_image_custom_fields":null,"twitter_title":null,"twitter_description":null,"schema":{"blockGraphs":[],"customGraphs":[],"default":{"data":{"Article":[],"Course":[],"Dataset":[],"FAQPage":[],"Movie":[],"Person":[],"Product":[],"ProductReview":[],"Car":[],"Recipe":[],"Service":[],"SoftwareApplication":[],"WebPage":[]},"graphName":"","isEnabled":true},"graphs":[]},"schema_type":null,"schema_type_options":null,"pillar_content":false,"robots_default":true,"robots_noindex":false,"robots_noarchive":false,"robots_nosnippet":false,"robots_nofollow":false,"robots_noimageindex":false,"robots_noodp":false,"robots_notranslate":false,"robots_max_snippet":null,"robots_max_videopreview":null,"robots_max_imagepreview":"large","priority":null,"frequency":null,"location":null,"local_seo":null,"seo_analyzer_scan_date":"2025-08-26 02:32:19","breadcrumb_settings":null,"limit_modified_date":false,"reviewed_by":null,"open_ai":null,"ai":null,"created":"2020-12-21 12:38:56","updated":"2025-08-26 02:32:19"},"aioseo_breadcrumb":"<div class=\"aioseo-breadcrumbs\"><span class=\"aioseo-breadcrumb\">\n\t<a href=\"https:\/\/candas365.es\/noticias\" title=\"Home\">Home<\/a>\n<\/span><span class=\"aioseo-breadcrumb-separator\">&ndash;<\/span><span class=\"aioseo-breadcrumb\">\n\t<a href=\"https:\/\/candas365.es\/noticias\/category\/agenda\/\" title=\"Agenda\">Agenda<\/a>\n<\/span><span class=\"aioseo-breadcrumb-separator\">&ndash;<\/span><span class=\"aioseo-breadcrumb\">\n\tGij\u00f3n celebra el III Festival de cortometrajes \u00abCon otra mirada\u00bb\n<\/span><\/div>","aioseo_breadcrumb_json":[{"label":"Home","link":"https:\/\/candas365.es\/noticias"},{"label":"Agenda","link":"https:\/\/candas365.es\/noticias\/category\/agenda\/"},{"label":"Gij\u00f3n celebra el III Festival de cortometrajes \u00abCon otra mirada\u00bb","link":"https:\/\/candas365.es\/noticias\/gijon-celebra-el-iii-festival-de-cortometrajes-con-otra-mirada\/"}],"_links":{"self":[{"href":"https:\/\/candas365.es\/noticias\/wp-json\/wp\/v2\/posts\/82005","targetHints":{"allow":["GET"]}}],"collection":[{"href":"https:\/\/candas365.es\/noticias\/wp-json\/wp\/v2\/posts"}],"about":[{"href":"https:\/\/candas365.es\/noticias\/wp-json\/wp\/v2\/types\/post"}],"author":[{"embeddable":true,"href":"https:\/\/candas365.es\/noticias\/wp-json\/wp\/v2\/users\/1"}],"replies":[{"embeddable":true,"href":"https:\/\/candas365.es\/noticias\/wp-json\/wp\/v2\/comments?post=82005"}],"version-history":[{"count":0,"href":"https:\/\/candas365.es\/noticias\/wp-json\/wp\/v2\/posts\/82005\/revisions"}],"wp:featuredmedia":[{"embeddable":true,"href":"https:\/\/candas365.es\/noticias\/wp-json\/wp\/v2\/media\/77992"}],"wp:attachment":[{"href":"https:\/\/candas365.es\/noticias\/wp-json\/wp\/v2\/media?parent=82005"}],"wp:term":[{"taxonomy":"category","embeddable":true,"href":"https:\/\/candas365.es\/noticias\/wp-json\/wp\/v2\/categories?post=82005"},{"taxonomy":"post_tag","embeddable":true,"href":"https:\/\/candas365.es\/noticias\/wp-json\/wp\/v2\/tags?post=82005"}],"curies":[{"name":"wp","href":"https:\/\/api.w.org\/{rel}","templated":true}]}}