{"id":81944,"date":"2017-10-10T16:58:28","date_gmt":"2017-10-10T16:58:28","guid":{"rendered":"http:\/\/candas365.es\/noticias\/?p=81944"},"modified":"2017-10-10T16:58:28","modified_gmt":"2017-10-10T16:58:28","slug":"abierto-el-casting-para-la-6a-edicion-de-masterchef","status":"publish","type":"post","link":"https:\/\/candas365.es\/noticias\/abierto-el-casting-para-la-6a-edicion-de-masterchef\/","title":{"rendered":"Abierto el casting para la 6\u00aa edici\u00f3n de &#8216;MasterChef&#8217;"},"content":{"rendered":"<p><img fetchpriority=\"high\" decoding=\"async\" class=\"alignleft size-medium wp-image-81945\" src=\"https:\/\/candas365.es\/noticias\/wp-content\/uploads\/2017\/10\/1507624478670-360x240.jpg\" alt=\"\" width=\"360\" height=\"240\" srcset=\"https:\/\/candas365.es\/noticias\/wp-content\/uploads\/2017\/10\/1507624478670-360x240.jpg 360w, https:\/\/candas365.es\/noticias\/wp-content\/uploads\/2017\/10\/1507624478670-768x512.jpg 768w, https:\/\/candas365.es\/noticias\/wp-content\/uploads\/2017\/10\/1507624478670-655x436.jpg 655w, https:\/\/candas365.es\/noticias\/wp-content\/uploads\/2017\/10\/1507624478670-696x464.jpg 696w, https:\/\/candas365.es\/noticias\/wp-content\/uploads\/2017\/10\/1507624478670-630x420.jpg 630w, https:\/\/candas365.es\/noticias\/wp-content\/uploads\/2017\/10\/1507624478670-84x55.jpg 84w, https:\/\/candas365.es\/noticias\/wp-content\/uploads\/2017\/10\/1507624478670.jpg 800w\" sizes=\"(max-width: 360px) 100vw, 360px\" \/>RTVE y Shine Iberia, junto a Pepe Rodr\u00edguez Rey, Samantha Vallejo-N\u00e1gera y Jordi Cruz, el jurado del talent culinario m\u00e1s duro del mundo, han comenzado ya la b\u00fasqueda de la nueva hornada de chefs que participar\u00e1n en la sexta edici\u00f3n de &#8216;MasterChef&#8217;.<\/p>\n<p>El casting se dirige a personas cuya pasi\u00f3n sea la gastronom\u00eda, que se refugian en la cocina para evadirse del mundo y sacar su lado m\u00e1s creativo, y que adem\u00e1s creen que su vida puede necesitar un aderezo. Pepe Rodr\u00edguez, Samantha Vallejo-N\u00e1gera y Jordi Cruz buscan aspirantes para la sexta edici\u00f3n de MasterChef, el talent culinario producido por RTVE en colaboraci\u00f3n con Shine Iberia.<\/p>\n<p>La inscripci\u00f3n ya est\u00e1 abierta en RTVE.es y est\u00e1n buscando verdaderos amantes de la cocina que tengan ganas de aprender y de superarse a s\u00ed mismos.<\/p>\n<p>En cinco a\u00f1os m\u00e1s de 70.000 personas han so\u00f1ado con seguir los pasos de Carlos Maldonado (en verano abri\u00f3 su restaurante Ra\u00edces), las gemelas Virginia y Raquel (catering Gemelas al Jerez), Vicky (Vicky Pulgar\u00edn Catering), Sally (Sally&#8217;s Cook School&amp;Catering), Eva Micaela (chef creativa en el complejo hotelero Mayakoba en Riviera Maya), Fabi\u00e1n (Foodinthebox e In\u00eas&amp;Co Catering) y la larga lista de exaspirantes que hoy en d\u00eda se dedican a la gastronom\u00eda. Ellos han hecho su sue\u00f1o realidad.<\/p>\n","protected":false},"excerpt":{"rendered":"<p>RTVE y Shine Iberia, junto a Pepe Rodr\u00edguez Rey, Samantha Vallejo-N\u00e1gera y Jordi Cruz, el jurado del talent culinario m\u00e1s duro del mundo, han comenzado ya la b\u00fasqueda de la nueva hornada de chefs que participar\u00e1n en la sexta edici\u00f3n de &#8216;MasterChef&#8217;. El casting se dirige a personas cuya pasi\u00f3n sea la gastronom\u00eda, que se<\/p>\n","protected":false},"author":1,"featured_media":81945,"comment_status":"closed","ping_status":"closed","sticky":false,"template":"","format":"standard","meta":{"footnotes":""},"categories":[1],"tags":[],"class_list":{"0":"post-81944","1":"post","2":"type-post","3":"status-publish","4":"format-standard","5":"has-post-thumbnail","7":"category-agenda"},"aioseo_notices":[],"aioseo_head":"\n\t\t<!-- All in One SEO Pro 4.9.6.2 - aioseo.com -->\n\t<meta name=\"description\" content=\"RTVE y Shine Iberia, junto a Pepe Rodr\u00edguez Rey, Samantha Vallejo-N\u00e1gera y Jordi Cruz, el jurado del talent culinario m\u00e1s duro del mundo, han comenzado ya la b\u00fasqueda de la nueva hornada de chefs que participar\u00e1n en la sexta edici\u00f3n de &#039;MasterChef&#039;. El casting se dirige a personas cuya pasi\u00f3n sea la gastronom\u00eda, que se\" \/>\n\t<meta name=\"robots\" content=\"max-image-preview:large\" \/>\n\t<meta name=\"author\" content=\"Cand\u00e1s 365\"\/>\n\t<meta name=\"google-site-verification\" content=\"UA-32230408-1\" \/>\n\t<meta name=\"msvalidate.01\" content=\"354F3CDFB2DA171B47FBE9ABF1F88D5\" \/>\n\t<meta name=\"keywords\" content=\"agenda\" \/>\n\t<link rel=\"canonical\" href=\"https:\/\/candas365.es\/noticias\/abierto-el-casting-para-la-6a-edicion-de-masterchef\/\" \/>\n\t<meta name=\"generator\" content=\"All in One SEO Pro (AIOSEO) 4.9.6.2\" \/>\n\t\t<meta property=\"og:locale\" content=\"es_ES\" \/>\n\t\t<meta property=\"og:site_name\" content=\"Cand\u00e1s 365\" \/>\n\t\t<meta property=\"og:type\" content=\"article\" \/>\n\t\t<meta property=\"og:title\" content=\"Abierto el casting para la 6\u00aa edici\u00f3n de \u2018MasterChef\u2019 | Cand\u00e1s 365\" \/>\n\t\t<meta property=\"og:description\" content=\"RTVE y Shine Iberia, junto a Pepe Rodr\u00edguez Rey, Samantha Vallejo-N\u00e1gera y Jordi Cruz, el jurado del talent culinario m\u00e1s duro del mundo, han comenzado ya la b\u00fasqueda de la nueva hornada de chefs que participar\u00e1n en la sexta edici\u00f3n de &#039;MasterChef&#039;. El casting se dirige a personas cuya pasi\u00f3n sea la gastronom\u00eda, que se\" \/>\n\t\t<meta property=\"og:url\" content=\"https:\/\/candas365.es\/noticias\/abierto-el-casting-para-la-6a-edicion-de-masterchef\/\" \/>\n\t\t<meta property=\"og:image\" content=\"https:\/\/candas365.es\/noticias\/wp-content\/uploads\/2017\/10\/1507624478670.jpg\" \/>\n\t\t<meta property=\"og:image:secure_url\" content=\"https:\/\/candas365.es\/noticias\/wp-content\/uploads\/2017\/10\/1507624478670.jpg\" \/>\n\t\t<meta property=\"og:image:width\" content=\"800\" \/>\n\t\t<meta property=\"og:image:height\" content=\"533\" \/>\n\t\t<meta property=\"article:published_time\" content=\"2017-10-10T16:58:28+00:00\" \/>\n\t\t<meta property=\"article:modified_time\" content=\"2017-10-10T16:58:28+00:00\" \/>\n\t\t<meta property=\"article:publisher\" content=\"https:\/\/www.facebook.com\/Nachofdezber\" \/>\n\t\t<meta property=\"article:author\" content=\"https:\/\/www.facebook.com\/carrenoactualidad\" \/>\n\t\t<meta name=\"twitter:card\" content=\"summary_large_image\" \/>\n\t\t<meta name=\"twitter:site\" content=\"@NabercoDigital\" \/>\n\t\t<meta name=\"twitter:title\" content=\"Abierto el casting para la 6\u00aa edici\u00f3n de \u2018MasterChef\u2019 | Cand\u00e1s 365\" \/>\n\t\t<meta name=\"twitter:description\" content=\"RTVE y Shine Iberia, junto a Pepe Rodr\u00edguez Rey, Samantha Vallejo-N\u00e1gera y Jordi Cruz, el jurado del talent culinario m\u00e1s duro del mundo, han comenzado ya la b\u00fasqueda de la nueva hornada de chefs que participar\u00e1n en la sexta edici\u00f3n de &#039;MasterChef&#039;. El casting se dirige a personas cuya pasi\u00f3n sea la gastronom\u00eda, que se\" \/>\n\t\t<meta name=\"twitter:creator\" content=\"@nbasturias\" \/>\n\t\t<meta name=\"twitter:image\" content=\"https:\/\/candas365.es\/noticias\/wp-content\/uploads\/2017\/10\/1507624478670.jpg\" \/>\n\t\t<meta name=\"twitter:label1\" content=\"Escrito por\" \/>\n\t\t<meta name=\"twitter:data1\" content=\"Cand\u00e1s 365\" \/>\n\t\t<meta name=\"twitter:label2\" content=\"Tiempo de lectura estimado\" \/>\n\t\t<meta name=\"twitter:data2\" content=\"1 minuto\" \/>\n\t\t<script type=\"application\/ld+json\" class=\"aioseo-schema\">\n\t\t\t{\"@context\":\"https:\\\/\\\/schema.org\",\"@graph\":[{\"@type\":\"BreadcrumbList\",\"@id\":\"https:\\\/\\\/candas365.es\\\/noticias\\\/abierto-el-casting-para-la-6a-edicion-de-masterchef\\\/#breadcrumblist\",\"itemListElement\":[{\"@type\":\"ListItem\",\"@id\":\"https:\\\/\\\/candas365.es\\\/noticias#listItem\",\"position\":1,\"name\":\"Home\",\"item\":\"https:\\\/\\\/candas365.es\\\/noticias\",\"nextItem\":{\"@type\":\"ListItem\",\"@id\":\"https:\\\/\\\/candas365.es\\\/noticias\\\/category\\\/agenda\\\/#listItem\",\"name\":\"Agenda\"}},{\"@type\":\"ListItem\",\"@id\":\"https:\\\/\\\/candas365.es\\\/noticias\\\/category\\\/agenda\\\/#listItem\",\"position\":2,\"name\":\"Agenda\",\"item\":\"https:\\\/\\\/candas365.es\\\/noticias\\\/category\\\/agenda\\\/\",\"nextItem\":{\"@type\":\"ListItem\",\"@id\":\"https:\\\/\\\/candas365.es\\\/noticias\\\/abierto-el-casting-para-la-6a-edicion-de-masterchef\\\/#listItem\",\"name\":\"Abierto el casting para la 6\\u00aa edici\\u00f3n de &#8216;MasterChef&#8217;\"},\"previousItem\":{\"@type\":\"ListItem\",\"@id\":\"https:\\\/\\\/candas365.es\\\/noticias#listItem\",\"name\":\"Home\"}},{\"@type\":\"ListItem\",\"@id\":\"https:\\\/\\\/candas365.es\\\/noticias\\\/abierto-el-casting-para-la-6a-edicion-de-masterchef\\\/#listItem\",\"position\":3,\"name\":\"Abierto el casting para la 6\\u00aa edici\\u00f3n de &#8216;MasterChef&#8217;\",\"previousItem\":{\"@type\":\"ListItem\",\"@id\":\"https:\\\/\\\/candas365.es\\\/noticias\\\/category\\\/agenda\\\/#listItem\",\"name\":\"Agenda\"}}]},{\"@type\":\"NewsArticle\",\"@id\":\"https:\\\/\\\/candas365.es\\\/noticias\\\/abierto-el-casting-para-la-6a-edicion-de-masterchef\\\/#newsarticle\",\"name\":\"Abierto el casting para la 6\\u00aa edici\\u00f3n de \\u2018MasterChef\\u2019 | Cand\\u00e1s 365\",\"headline\":\"Abierto el casting para la 6\\u00aa edici\\u00f3n de &#8216;MasterChef&#8217;\",\"author\":{\"@id\":\"https:\\\/\\\/candas365.es\\\/noticias\\\/author\\\/admin\\\/#author\"},\"publisher\":{\"@id\":\"https:\\\/\\\/candas365.es\\\/noticias\\\/#organization\"},\"image\":{\"@type\":\"ImageObject\",\"url\":\"https:\\\/\\\/candas365.es\\\/noticias\\\/wp-content\\\/uploads\\\/2017\\\/10\\\/1507624478670.jpg\",\"width\":800,\"height\":533},\"datePublished\":\"2017-10-10T16:58:28+02:00\",\"dateModified\":\"2017-10-10T16:58:28+02:00\",\"inLanguage\":\"es-ES\",\"mainEntityOfPage\":{\"@id\":\"https:\\\/\\\/candas365.es\\\/noticias\\\/abierto-el-casting-para-la-6a-edicion-de-masterchef\\\/#webpage\"},\"isPartOf\":{\"@id\":\"https:\\\/\\\/candas365.es\\\/noticias\\\/abierto-el-casting-para-la-6a-edicion-de-masterchef\\\/#webpage\"},\"articleSection\":\"Agenda\",\"dateline\":\"Publicado el octubre 10, 2017.\"},{\"@type\":\"Organization\",\"@id\":\"https:\\\/\\\/candas365.es\\\/noticias\\\/#organization\",\"name\":\"Cand\\u00e1s 365\",\"description\":\"Cand\\u00e1s 365 es un diario digital independiente, fundado en 2012, con base en Asturias. Informamos con rigor sobre actualidad, sociedad, cultura y ocio, con una mirada local y global.\",\"url\":\"https:\\\/\\\/candas365.es\\\/noticias\\\/\",\"email\":\"info@candas365.es\",\"telephone\":\"+34652131393\",\"foundingDate\":\"2012-06-10\",\"logo\":{\"@type\":\"ImageObject\",\"url\":\"https:\\\/\\\/candas365.es\\\/noticias\\\/wp-content\\\/uploads\\\/2024\\\/09\\\/Candas-365-Redes.jpg\",\"@id\":\"https:\\\/\\\/candas365.es\\\/noticias\\\/abierto-el-casting-para-la-6a-edicion-de-masterchef\\\/#organizationLogo\",\"width\":1152,\"height\":864,\"caption\":\"Cand\\u00e1s 365 Redes\"},\"image\":{\"@id\":\"https:\\\/\\\/candas365.es\\\/noticias\\\/abierto-el-casting-para-la-6a-edicion-de-masterchef\\\/#organizationLogo\"},\"sameAs\":[\"https:\\\/\\\/www.facebook.com\\\/Nachofdezber\",\"https:\\\/\\\/x.com\\\/NabercoDigital\",\"https:\\\/\\\/www.instagram.com\\\/nachofdezber\\\/\",\"https:\\\/\\\/www.youtube.com\\\/channel\\\/UCZP-2wLEB9Rv6erhFmqVnvg\"],\"address\":{\"@id\":\"https:\\\/\\\/candas365.es\\\/noticias\\\/#postaladdress\",\"@type\":\"PostalAddress\",\"streetAddress\":\"san antonio 4, san antonio 4\",\"postalCode\":\"33430\",\"addressLocality\":\"Cand\\u00e1s\",\"addressRegion\":\"Asturias\",\"addressCountry\":\"ES\"}},{\"@type\":\"Person\",\"@id\":\"https:\\\/\\\/candas365.es\\\/noticias\\\/author\\\/admin\\\/#author\",\"url\":\"https:\\\/\\\/candas365.es\\\/noticias\\\/author\\\/admin\\\/\",\"name\":\"Cand\\u00e1s 365\",\"image\":{\"@type\":\"ImageObject\",\"@id\":\"https:\\\/\\\/candas365.es\\\/noticias\\\/abierto-el-casting-para-la-6a-edicion-de-masterchef\\\/#authorImage\",\"url\":\"https:\\\/\\\/secure.gravatar.com\\\/avatar\\\/496a8e03d0c493ede1718b7934145dbdf8d89be1036b0eec9544e1094c9de390?s=96&d=mm&r=g\",\"width\":96,\"height\":96,\"caption\":\"Cand\\u00e1s 365\"},\"sameAs\":[\"https:\\\/\\\/www.facebook.com\\\/carrenoactualidad\",\"https:\\\/\\\/twitter.com\\\/nbasturias\",\"https:\\\/\\\/www.instagram.com\\\/nachofdezber\\\/\",\"https:\\\/\\\/www.youtube.com\\\/channel\\\/UCZP-2wLEB9Rv6erhFmqVnvg\"]},{\"@type\":\"WebPage\",\"@id\":\"https:\\\/\\\/candas365.es\\\/noticias\\\/abierto-el-casting-para-la-6a-edicion-de-masterchef\\\/#webpage\",\"url\":\"https:\\\/\\\/candas365.es\\\/noticias\\\/abierto-el-casting-para-la-6a-edicion-de-masterchef\\\/\",\"name\":\"Abierto el casting para la 6\\u00aa edici\\u00f3n de \\u2018MasterChef\\u2019 | Cand\\u00e1s 365\",\"description\":\"RTVE y Shine Iberia, junto a Pepe Rodr\\u00edguez Rey, Samantha Vallejo-N\\u00e1gera y Jordi Cruz, el jurado del talent culinario m\\u00e1s duro del mundo, han comenzado ya la b\\u00fasqueda de la nueva hornada de chefs que participar\\u00e1n en la sexta edici\\u00f3n de 'MasterChef'. El casting se dirige a personas cuya pasi\\u00f3n sea la gastronom\\u00eda, que se\",\"inLanguage\":\"es-ES\",\"isPartOf\":{\"@id\":\"https:\\\/\\\/candas365.es\\\/noticias\\\/#website\"},\"breadcrumb\":{\"@id\":\"https:\\\/\\\/candas365.es\\\/noticias\\\/abierto-el-casting-para-la-6a-edicion-de-masterchef\\\/#breadcrumblist\"},\"author\":{\"@id\":\"https:\\\/\\\/candas365.es\\\/noticias\\\/author\\\/admin\\\/#author\"},\"creator\":{\"@id\":\"https:\\\/\\\/candas365.es\\\/noticias\\\/author\\\/admin\\\/#author\"},\"image\":{\"@type\":\"ImageObject\",\"url\":\"https:\\\/\\\/candas365.es\\\/noticias\\\/wp-content\\\/uploads\\\/2017\\\/10\\\/1507624478670.jpg\",\"@id\":\"https:\\\/\\\/candas365.es\\\/noticias\\\/abierto-el-casting-para-la-6a-edicion-de-masterchef\\\/#mainImage\",\"width\":800,\"height\":533},\"primaryImageOfPage\":{\"@id\":\"https:\\\/\\\/candas365.es\\\/noticias\\\/abierto-el-casting-para-la-6a-edicion-de-masterchef\\\/#mainImage\"},\"datePublished\":\"2017-10-10T16:58:28+02:00\",\"dateModified\":\"2017-10-10T16:58:28+02:00\"},{\"@type\":\"WebSite\",\"@id\":\"https:\\\/\\\/candas365.es\\\/noticias\\\/#website\",\"url\":\"https:\\\/\\\/candas365.es\\\/noticias\\\/\",\"name\":\"Cand\\u00e1s 365\",\"alternateName\":\"Cand\\u00e1s 365 Noticias\",\"description\":\"Actualidad desde Carre\\u00f1o para el mundo\",\"inLanguage\":\"es-ES\",\"publisher\":{\"@id\":\"https:\\\/\\\/candas365.es\\\/noticias\\\/#organization\"}}]}\n\t\t<\/script>\n\t\t<!-- All in One SEO Pro -->\r\n\t\t<title>Abierto el casting para la 6\u00aa edici\u00f3n de \u2018MasterChef\u2019 | Cand\u00e1s 365<\/title>\n\n","aioseo_head_json":{"title":"Abierto el casting para la 6\u00aa edici\u00f3n de \u2018MasterChef\u2019 | Cand\u00e1s 365","description":"RTVE y Shine Iberia, junto a Pepe Rodr\u00edguez Rey, Samantha Vallejo-N\u00e1gera y Jordi Cruz, el jurado del talent culinario m\u00e1s duro del mundo, han comenzado ya la b\u00fasqueda de la nueva hornada de chefs que participar\u00e1n en la sexta edici\u00f3n de 'MasterChef'. El casting se dirige a personas cuya pasi\u00f3n sea la gastronom\u00eda, que se","canonical_url":"https:\/\/candas365.es\/noticias\/abierto-el-casting-para-la-6a-edicion-de-masterchef\/","robots":"max-image-preview:large","keywords":"agenda","webmasterTools":{"google-site-verification":"UA-32230408-1","msvalidate.01":"354F3CDFB2DA171B47FBE9ABF1F88D5","miscellaneous":""},"schema":{"@context":"https:\/\/schema.org","@graph":[{"@type":"BreadcrumbList","@id":"https:\/\/candas365.es\/noticias\/abierto-el-casting-para-la-6a-edicion-de-masterchef\/#breadcrumblist","itemListElement":[{"@type":"ListItem","@id":"https:\/\/candas365.es\/noticias#listItem","position":1,"name":"Home","item":"https:\/\/candas365.es\/noticias","nextItem":{"@type":"ListItem","@id":"https:\/\/candas365.es\/noticias\/category\/agenda\/#listItem","name":"Agenda"}},{"@type":"ListItem","@id":"https:\/\/candas365.es\/noticias\/category\/agenda\/#listItem","position":2,"name":"Agenda","item":"https:\/\/candas365.es\/noticias\/category\/agenda\/","nextItem":{"@type":"ListItem","@id":"https:\/\/candas365.es\/noticias\/abierto-el-casting-para-la-6a-edicion-de-masterchef\/#listItem","name":"Abierto el casting para la 6\u00aa edici\u00f3n de &#8216;MasterChef&#8217;"},"previousItem":{"@type":"ListItem","@id":"https:\/\/candas365.es\/noticias#listItem","name":"Home"}},{"@type":"ListItem","@id":"https:\/\/candas365.es\/noticias\/abierto-el-casting-para-la-6a-edicion-de-masterchef\/#listItem","position":3,"name":"Abierto el casting para la 6\u00aa edici\u00f3n de &#8216;MasterChef&#8217;","previousItem":{"@type":"ListItem","@id":"https:\/\/candas365.es\/noticias\/category\/agenda\/#listItem","name":"Agenda"}}]},{"@type":"NewsArticle","@id":"https:\/\/candas365.es\/noticias\/abierto-el-casting-para-la-6a-edicion-de-masterchef\/#newsarticle","name":"Abierto el casting para la 6\u00aa edici\u00f3n de \u2018MasterChef\u2019 | Cand\u00e1s 365","headline":"Abierto el casting para la 6\u00aa edici\u00f3n de &#8216;MasterChef&#8217;","author":{"@id":"https:\/\/candas365.es\/noticias\/author\/admin\/#author"},"publisher":{"@id":"https:\/\/candas365.es\/noticias\/#organization"},"image":{"@type":"ImageObject","url":"https:\/\/candas365.es\/noticias\/wp-content\/uploads\/2017\/10\/1507624478670.jpg","width":800,"height":533},"datePublished":"2017-10-10T16:58:28+02:00","dateModified":"2017-10-10T16:58:28+02:00","inLanguage":"es-ES","mainEntityOfPage":{"@id":"https:\/\/candas365.es\/noticias\/abierto-el-casting-para-la-6a-edicion-de-masterchef\/#webpage"},"isPartOf":{"@id":"https:\/\/candas365.es\/noticias\/abierto-el-casting-para-la-6a-edicion-de-masterchef\/#webpage"},"articleSection":"Agenda","dateline":"Publicado el octubre 10, 2017."},{"@type":"Organization","@id":"https:\/\/candas365.es\/noticias\/#organization","name":"Cand\u00e1s 365","description":"Cand\u00e1s 365 es un diario digital independiente, fundado en 2012, con base en Asturias. Informamos con rigor sobre actualidad, sociedad, cultura y ocio, con una mirada local y global.","url":"https:\/\/candas365.es\/noticias\/","email":"info@candas365.es","telephone":"+34652131393","foundingDate":"2012-06-10","logo":{"@type":"ImageObject","url":"https:\/\/candas365.es\/noticias\/wp-content\/uploads\/2024\/09\/Candas-365-Redes.jpg","@id":"https:\/\/candas365.es\/noticias\/abierto-el-casting-para-la-6a-edicion-de-masterchef\/#organizationLogo","width":1152,"height":864,"caption":"Cand\u00e1s 365 Redes"},"image":{"@id":"https:\/\/candas365.es\/noticias\/abierto-el-casting-para-la-6a-edicion-de-masterchef\/#organizationLogo"},"sameAs":["https:\/\/www.facebook.com\/Nachofdezber","https:\/\/x.com\/NabercoDigital","https:\/\/www.instagram.com\/nachofdezber\/","https:\/\/www.youtube.com\/channel\/UCZP-2wLEB9Rv6erhFmqVnvg"],"address":{"@id":"https:\/\/candas365.es\/noticias\/#postaladdress","@type":"PostalAddress","streetAddress":"san antonio 4, san antonio 4","postalCode":"33430","addressLocality":"Cand\u00e1s","addressRegion":"Asturias","addressCountry":"ES"}},{"@type":"Person","@id":"https:\/\/candas365.es\/noticias\/author\/admin\/#author","url":"https:\/\/candas365.es\/noticias\/author\/admin\/","name":"Cand\u00e1s 365","image":{"@type":"ImageObject","@id":"https:\/\/candas365.es\/noticias\/abierto-el-casting-para-la-6a-edicion-de-masterchef\/#authorImage","url":"https:\/\/secure.gravatar.com\/avatar\/496a8e03d0c493ede1718b7934145dbdf8d89be1036b0eec9544e1094c9de390?s=96&d=mm&r=g","width":96,"height":96,"caption":"Cand\u00e1s 365"},"sameAs":["https:\/\/www.facebook.com\/carrenoactualidad","https:\/\/twitter.com\/nbasturias","https:\/\/www.instagram.com\/nachofdezber\/","https:\/\/www.youtube.com\/channel\/UCZP-2wLEB9Rv6erhFmqVnvg"]},{"@type":"WebPage","@id":"https:\/\/candas365.es\/noticias\/abierto-el-casting-para-la-6a-edicion-de-masterchef\/#webpage","url":"https:\/\/candas365.es\/noticias\/abierto-el-casting-para-la-6a-edicion-de-masterchef\/","name":"Abierto el casting para la 6\u00aa edici\u00f3n de \u2018MasterChef\u2019 | Cand\u00e1s 365","description":"RTVE y Shine Iberia, junto a Pepe Rodr\u00edguez Rey, Samantha Vallejo-N\u00e1gera y Jordi Cruz, el jurado del talent culinario m\u00e1s duro del mundo, han comenzado ya la b\u00fasqueda de la nueva hornada de chefs que participar\u00e1n en la sexta edici\u00f3n de 'MasterChef'. El casting se dirige a personas cuya pasi\u00f3n sea la gastronom\u00eda, que se","inLanguage":"es-ES","isPartOf":{"@id":"https:\/\/candas365.es\/noticias\/#website"},"breadcrumb":{"@id":"https:\/\/candas365.es\/noticias\/abierto-el-casting-para-la-6a-edicion-de-masterchef\/#breadcrumblist"},"author":{"@id":"https:\/\/candas365.es\/noticias\/author\/admin\/#author"},"creator":{"@id":"https:\/\/candas365.es\/noticias\/author\/admin\/#author"},"image":{"@type":"ImageObject","url":"https:\/\/candas365.es\/noticias\/wp-content\/uploads\/2017\/10\/1507624478670.jpg","@id":"https:\/\/candas365.es\/noticias\/abierto-el-casting-para-la-6a-edicion-de-masterchef\/#mainImage","width":800,"height":533},"primaryImageOfPage":{"@id":"https:\/\/candas365.es\/noticias\/abierto-el-casting-para-la-6a-edicion-de-masterchef\/#mainImage"},"datePublished":"2017-10-10T16:58:28+02:00","dateModified":"2017-10-10T16:58:28+02:00"},{"@type":"WebSite","@id":"https:\/\/candas365.es\/noticias\/#website","url":"https:\/\/candas365.es\/noticias\/","name":"Cand\u00e1s 365","alternateName":"Cand\u00e1s 365 Noticias","description":"Actualidad desde Carre\u00f1o para el mundo","inLanguage":"es-ES","publisher":{"@id":"https:\/\/candas365.es\/noticias\/#organization"}}]},"og:locale":"es_ES","og:site_name":"Cand\u00e1s 365","og:type":"article","og:title":"Abierto el casting para la 6\u00aa edici\u00f3n de \u2018MasterChef\u2019 | Cand\u00e1s 365","og:description":"RTVE y Shine Iberia, junto a Pepe Rodr\u00edguez Rey, Samantha Vallejo-N\u00e1gera y Jordi Cruz, el jurado del talent culinario m\u00e1s duro del mundo, han comenzado ya la b\u00fasqueda de la nueva hornada de chefs que participar\u00e1n en la sexta edici\u00f3n de 'MasterChef'. El casting se dirige a personas cuya pasi\u00f3n sea la gastronom\u00eda, que se","og:url":"https:\/\/candas365.es\/noticias\/abierto-el-casting-para-la-6a-edicion-de-masterchef\/","og:image":"https:\/\/candas365.es\/noticias\/wp-content\/uploads\/2017\/10\/1507624478670.jpg","og:image:secure_url":"https:\/\/candas365.es\/noticias\/wp-content\/uploads\/2017\/10\/1507624478670.jpg","og:image:width":800,"og:image:height":533,"article:published_time":"2017-10-10T16:58:28+00:00","article:modified_time":"2017-10-10T16:58:28+00:00","article:publisher":"https:\/\/www.facebook.com\/Nachofdezber","article:author":"https:\/\/www.facebook.com\/carrenoactualidad","twitter:card":"summary_large_image","twitter:site":"@NabercoDigital","twitter:title":"Abierto el casting para la 6\u00aa edici\u00f3n de \u2018MasterChef\u2019 | Cand\u00e1s 365","twitter:description":"RTVE y Shine Iberia, junto a Pepe Rodr\u00edguez Rey, Samantha Vallejo-N\u00e1gera y Jordi Cruz, el jurado del talent culinario m\u00e1s duro del mundo, han comenzado ya la b\u00fasqueda de la nueva hornada de chefs que participar\u00e1n en la sexta edici\u00f3n de 'MasterChef'. El casting se dirige a personas cuya pasi\u00f3n sea la gastronom\u00eda, que se","twitter:creator":"@nbasturias","twitter:image":"https:\/\/candas365.es\/noticias\/wp-content\/uploads\/2017\/10\/1507624478670.jpg","twitter:label1":"Escrito por","twitter:data1":"Cand\u00e1s 365","twitter:label2":"Tiempo de lectura estimado","twitter:data2":"1 minuto"},"aioseo_meta_data":{"post_id":"81944","title":null,"description":null,"keywords":null,"keyphrases":null,"primary_term":null,"canonical_url":null,"og_title":null,"og_description":null,"og_object_type":"default","og_image_type":"default","og_image_url":null,"og_image_width":null,"og_image_height":null,"og_image_custom_url":null,"og_image_custom_fields":null,"og_video":null,"og_custom_url":null,"og_article_section":null,"og_article_tags":null,"twitter_use_og":false,"twitter_card":"default","twitter_image_type":"default","twitter_image_url":null,"twitter_image_custom_url":null,"twitter_image_custom_fields":null,"twitter_title":null,"twitter_description":null,"schema":{"blockGraphs":[],"customGraphs":[],"default":{"data":{"Article":[],"Course":[],"Dataset":[],"FAQPage":[],"Movie":[],"Person":[],"Product":[],"ProductReview":[],"Car":[],"Recipe":[],"Service":[],"SoftwareApplication":[],"WebPage":[]},"graphName":"","isEnabled":true},"graphs":[]},"schema_type":null,"schema_type_options":null,"pillar_content":false,"robots_default":true,"robots_noindex":false,"robots_noarchive":false,"robots_nosnippet":false,"robots_nofollow":false,"robots_noimageindex":false,"robots_noodp":false,"robots_notranslate":false,"robots_max_snippet":null,"robots_max_videopreview":null,"robots_max_imagepreview":"large","priority":null,"frequency":null,"location":null,"local_seo":null,"seo_analyzer_scan_date":"2025-08-26 02:28:13","breadcrumb_settings":null,"limit_modified_date":false,"reviewed_by":null,"open_ai":null,"ai":null,"created":"2020-12-21 12:38:56","updated":"2025-08-26 02:28:13"},"aioseo_breadcrumb":"<div class=\"aioseo-breadcrumbs\"><span class=\"aioseo-breadcrumb\">\n\t<a href=\"https:\/\/candas365.es\/noticias\" title=\"Home\">Home<\/a>\n<\/span><span class=\"aioseo-breadcrumb-separator\">&ndash;<\/span><span class=\"aioseo-breadcrumb\">\n\t<a href=\"https:\/\/candas365.es\/noticias\/category\/agenda\/\" title=\"Agenda\">Agenda<\/a>\n<\/span><span class=\"aioseo-breadcrumb-separator\">&ndash;<\/span><span class=\"aioseo-breadcrumb\">\n\tAbierto el casting para la 6\u00aa edici\u00f3n de \u2018MasterChef\u2019\n<\/span><\/div>","aioseo_breadcrumb_json":[{"label":"Home","link":"https:\/\/candas365.es\/noticias"},{"label":"Agenda","link":"https:\/\/candas365.es\/noticias\/category\/agenda\/"},{"label":"Abierto el casting para la 6\u00aa edici\u00f3n de &#8216;MasterChef&#8217;","link":"https:\/\/candas365.es\/noticias\/abierto-el-casting-para-la-6a-edicion-de-masterchef\/"}],"_links":{"self":[{"href":"https:\/\/candas365.es\/noticias\/wp-json\/wp\/v2\/posts\/81944","targetHints":{"allow":["GET"]}}],"collection":[{"href":"https:\/\/candas365.es\/noticias\/wp-json\/wp\/v2\/posts"}],"about":[{"href":"https:\/\/candas365.es\/noticias\/wp-json\/wp\/v2\/types\/post"}],"author":[{"embeddable":true,"href":"https:\/\/candas365.es\/noticias\/wp-json\/wp\/v2\/users\/1"}],"replies":[{"embeddable":true,"href":"https:\/\/candas365.es\/noticias\/wp-json\/wp\/v2\/comments?post=81944"}],"version-history":[{"count":0,"href":"https:\/\/candas365.es\/noticias\/wp-json\/wp\/v2\/posts\/81944\/revisions"}],"wp:featuredmedia":[{"embeddable":true,"href":"https:\/\/candas365.es\/noticias\/wp-json\/wp\/v2\/media\/81945"}],"wp:attachment":[{"href":"https:\/\/candas365.es\/noticias\/wp-json\/wp\/v2\/media?parent=81944"}],"wp:term":[{"taxonomy":"category","embeddable":true,"href":"https:\/\/candas365.es\/noticias\/wp-json\/wp\/v2\/categories?post=81944"},{"taxonomy":"post_tag","embeddable":true,"href":"https:\/\/candas365.es\/noticias\/wp-json\/wp\/v2\/tags?post=81944"}],"curies":[{"name":"wp","href":"https:\/\/api.w.org\/{rel}","templated":true}]}}