{"id":81918,"date":"2017-10-10T16:32:20","date_gmt":"2017-10-10T16:32:20","guid":{"rendered":"http:\/\/candas365.es\/noticias\/?p=81918"},"modified":"2017-10-10T16:32:20","modified_gmt":"2017-10-10T16:32:20","slug":"cursos-con-escac-y-cined-en-laboral-cinemateca","status":"publish","type":"post","link":"https:\/\/candas365.es\/noticias\/cursos-con-escac-y-cined-en-laboral-cinemateca\/","title":{"rendered":"Cursos con ESCAC y CinEd en Laboral Cinemateca"},"content":{"rendered":"<p><img fetchpriority=\"high\" decoding=\"async\" class=\"alignleft size-medium wp-image-77992\" src=\"https:\/\/candas365.es\/noticias\/wp-content\/uploads\/2017\/08\/cine-2233692_960_720-360x248.jpg\" alt=\"\" width=\"360\" height=\"248\" srcset=\"https:\/\/candas365.es\/noticias\/wp-content\/uploads\/2017\/08\/cine-2233692_960_720-360x248.jpg 360w, https:\/\/candas365.es\/noticias\/wp-content\/uploads\/2017\/08\/cine-2233692_960_720-768x528.jpg 768w, https:\/\/candas365.es\/noticias\/wp-content\/uploads\/2017\/08\/cine-2233692_960_720-655x450.jpg 655w, https:\/\/candas365.es\/noticias\/wp-content\/uploads\/2017\/08\/cine-2233692_960_720-100x70.jpg 100w, https:\/\/candas365.es\/noticias\/wp-content\/uploads\/2017\/08\/cine-2233692_960_720-218x150.jpg 218w, https:\/\/candas365.es\/noticias\/wp-content\/uploads\/2017\/08\/cine-2233692_960_720-696x479.jpg 696w, https:\/\/candas365.es\/noticias\/wp-content\/uploads\/2017\/08\/cine-2233692_960_720-611x420.jpg 611w, https:\/\/candas365.es\/noticias\/wp-content\/uploads\/2017\/08\/cine-2233692_960_720.jpg 960w\" sizes=\"(max-width: 360px) 100vw, 360px\" \/>Laboral Cinemateca organiza, en colaboraci\u00f3n con la Escola de Cinema i Audiovisuals de Catalunya (ESCAC), un nuevo curso de producci\u00f3n cinematogr\u00e1fica en torno a los \u201cCortometrajes y \u00f3pera prima low cost\u201d que tendr\u00e1 lugar los d\u00edas 4, 5, 11 y 12 de noviembre en Laboral Ciudad de la Cultura.<\/p>\n<p>Dirigido tanto a profesionales como a aficionados al cine, este nuevo curso de producci\u00f3n cinematogr\u00e1fica se plantea con un enfoque te\u00f3rico-pr\u00e1ctico y tendr\u00e1 como objetivo la evoluci\u00f3n de las ideas y proyectos de cortometraje de los asistentes al mismo. El workshop contar\u00e1 con dos clases magistrales y case studies de largometrajes \u00ablow cost\u00bb para que los alumnos puedan explorar de primera mano el camino a seguir despu\u00e9s de su paso por el mundo del corto.<\/p>\n<p>Como parte m\u00e1s pr\u00e1ctica, se desarrollar\u00e1n Laboratorios de ideas en los que se estudiar\u00e1n casos pr\u00e1cticos de producci\u00f3n independiente (como Matar a Dios, cuyo estreno mundial tendr\u00e1 lugar en el Festival de Sitges 2017) y analizar\u00e1n las estructuras dram\u00e1ticas del corto y largometraje, adem\u00e1s de analizar los proyectos de los participantes por lo que, las personas inscritas en el mismo que deseen trabajar sobre su propia idea, deber\u00e1n aportar antes del inicio del curso una sinopsis de media p\u00e1gina sobre el proyecto a desarrollar.<\/p>\n<p>Aritz Lekuona, director de marketing y pedagog\u00eda de la ESCAC considera que \u201ces una oportunidad para que los asistentes al curso cuenten con el mismo know how y desarrollen sus proyectos con el equipo de profesores que han trabajado con el talento tan importante surgido de la ESCAC\u201d.<\/p>\n<p>La ESCAC est\u00e1 adscrita a la Universidad de Barcelona y en ella se han formado cineastas como Juan Antonio Bayona, Kike Ma\u00edllo (Toro), Mar Coll (Tres d\u00edas con la familia), Javier Ruiz Caldera (Superl\u00f3pez, Tres bodas de m\u00e1s), Nely Reguera (Mar\u00eda y los dem\u00e1s) o t\u00e9cnicos que acumulan decenas de nominaciones a los premios Goya. La ESCAC adem\u00e1s tiene la particularidad de que cuenta con su propia productora, ESCAC Films.<\/p>\n<p>Este curso tiene un precio general de 75\u20ac y reducido de 60\u20ac para los socios del Club Cultura Asturias en caso de que los alumnos est\u00e9n interesados en desarrollar su propio proyecto y un coste general de 65\u20ac y reducido de 50\u20ac en caso de no presentar proyecto propio. La sinopsis de los proyectos deben dirigirse al correo electr\u00f3nico promocioncultura@turismoycultura.asturias.es, indicando nombre, mail y tel\u00e9fono de contacto, antes del inicio del curso.<\/p>\n<p>El abono de la inscripci\u00f3n puede realizarse en la Recepci\u00f3n de Laboral Ciudad de la Cultura en Gij\u00f3n, en la Recepci\u00f3n del Centro Niemeyer en Avil\u00e9s, en el Centro de Informaci\u00f3n Tur\u00edstica del Principado en Oviedo, en Entradas Liberbank, en el tel\u00e9fono 902 106 601 y en la red de cajeros Liberbank.<\/p>\n<p><strong>Acercando el cine a las aulas<\/strong><\/p>\n<p>En el marco del programa de cooperaci\u00f3n europea CinEd, orientado a que los j\u00f3venes de 10 a 19 a\u00f1os descubran la riqueza del cine europeo de autor y aprendan a disfrutarlo, Laboral Cinemateca impartir\u00e1 el \u201cCurso de de aproximaci\u00f3n al cine para docentes\u201d los d\u00edas 4 de noviembre y 23 de febrero de 2018.<\/p>\n<p>Este seminario est\u00e1 dirigido a docentes de ciclo superior de primaria (6\u00ba curso), secundaria, bachillerato y ciclos formativos y ofrecer\u00e1 herramientas y metodolog\u00edas para la reflexi\u00f3n sobre las pel\u00edculas y el an\u00e1lisis de las elecciones de los cineastas y su trabajo con par\u00e1metros cinematogr\u00e1ficos que podr\u00e1n poner en pr\u00e1ctica en el aula.<\/p>\n<p>La colecci\u00f3n CinEd re\u00fane pel\u00edculas de referencia de 7 pa\u00edses, seleccionadas por su singularidad, su potencia expresiva, y su capacidad para interpelar y emocionar a cada uno de forma \u00fanica y personal. Cada pel\u00edcula se acompa\u00f1a con materiales pedag\u00f3gicos espec\u00edficos que responden a un doble objetivo: despertar el inter\u00e9s por el cine y la capacidad de reflexi\u00f3n sobre las im\u00e1genes; y proponer pistas para abordar de forma transversal otros contenidos curriculares, as\u00ed como para conocer y trabajar las lenguas europeas. De este modo, se articula tambi\u00e9n un trabajo con el cine como arte privilegiado para descubrir el mundo, viajar por lugares, culturas y \u00e9pocas diversas; reflexionar sobre la Historia y las historias; conocer otras lenguas; compartir las emociones y emocionarse.<\/p>\n<p>En el marco de este programa y para reforzar el trabajo propuesto a trav\u00e9s de los materiales pedag\u00f3gicos, Laboral Cinemateca acoger\u00e1 para el curso 2017-2018 una formaci\u00f3n espec\u00edfica para el profesorado con la propuesta de un programa de cine que incluye cuatro de las pel\u00edculas del cat\u00e1logo CinEd.<\/p>\n<p>Las sesiones se abrir\u00e1n con una breve presentaci\u00f3n y despu\u00e9s de la proyecci\u00f3n de fragmentos de los t\u00edtulos seleccionados, se iniciar\u00e1 un di\u00e1logo entre los asistentes. Estas sesiones para profesores estar\u00e1n dirigidas por Nuria Aidelman y Laia Colell, fundadoras y codirectoras de Cine en curso -un programa internacional de pedagog\u00eda del cine en escuelas e institutos impulsado por la asociaci\u00f3n A Bao A Qu- y la directora y montadora Meritxell Colell.<\/p>\n<p>Las sesiones formativas para docentes se completan con el visionado por parte de los alumnos de al menos dos de las pel\u00edculas propuestas, bien en Laboral Ciudad de la Cultura (con un coste de 1\u20ac por participante) o v\u00eda streaming.<\/p>\n<p>Este curso dirigido para docentes es gratuito. Las plazas son limitadas por lo que se requiere inscripci\u00f3n previa en el mail promocioncultura@turismoycultura.asturias.es o el fax 985 185 878. Las plazas se adjudicar\u00e1n por riguroso orden de inscripci\u00f3n.<\/p>\n<p>El programa completo de ambos cursos y la ficha de inscripci\u00f3n para el Curso de aproximaci\u00f3n al cine para docentes pueden descargarse en la web www.laboralcinemateca.es.<\/p>\n<p>&nbsp;<\/p>\n","protected":false},"excerpt":{"rendered":"<p>Laboral Cinemateca organiza, en colaboraci\u00f3n con la Escola de Cinema i Audiovisuals de Catalunya (ESCAC), un nuevo curso de producci\u00f3n cinematogr\u00e1fica en torno a los \u201cCortometrajes y \u00f3pera prima low cost\u201d que tendr\u00e1 lugar los d\u00edas 4, 5, 11 y 12 de noviembre en Laboral Ciudad de la Cultura. Dirigido tanto a profesionales como a<\/p>\n","protected":false},"author":1,"featured_media":77992,"comment_status":"closed","ping_status":"closed","sticky":false,"template":"","format":"standard","meta":{"footnotes":""},"categories":[1],"tags":[],"class_list":{"0":"post-81918","1":"post","2":"type-post","3":"status-publish","4":"format-standard","5":"has-post-thumbnail","7":"category-agenda"},"aioseo_notices":[],"aioseo_head":"\n\t\t<!-- All in One SEO Pro 4.9.6.2 - aioseo.com -->\n\t<meta name=\"description\" content=\"Laboral Cinemateca organiza, en colaboraci\u00f3n con la Escola de Cinema i Audiovisuals de Catalunya (ESCAC), un nuevo curso de producci\u00f3n cinematogr\u00e1fica en torno a los \u201cCortometrajes y \u00f3pera prima low cost\u201d que tendr\u00e1 lugar los d\u00edas 4, 5, 11 y 12 de noviembre en Laboral Ciudad de la Cultura. Dirigido tanto a profesionales como a\" \/>\n\t<meta name=\"robots\" content=\"max-image-preview:large\" \/>\n\t<meta name=\"author\" content=\"Cand\u00e1s 365\"\/>\n\t<meta name=\"google-site-verification\" content=\"UA-32230408-1\" \/>\n\t<meta name=\"msvalidate.01\" content=\"354F3CDFB2DA171B47FBE9ABF1F88D5\" \/>\n\t<meta name=\"keywords\" content=\"agenda\" \/>\n\t<link rel=\"canonical\" href=\"https:\/\/candas365.es\/noticias\/cursos-con-escac-y-cined-en-laboral-cinemateca\/\" \/>\n\t<meta name=\"generator\" content=\"All in One SEO Pro (AIOSEO) 4.9.6.2\" \/>\n\t\t<meta property=\"og:locale\" content=\"es_ES\" \/>\n\t\t<meta property=\"og:site_name\" content=\"Cand\u00e1s 365\" \/>\n\t\t<meta property=\"og:type\" content=\"article\" \/>\n\t\t<meta property=\"og:title\" content=\"Cursos con ESCAC y CinEd en Laboral Cinemateca | Cand\u00e1s 365\" \/>\n\t\t<meta property=\"og:description\" content=\"Laboral Cinemateca organiza, en colaboraci\u00f3n con la Escola de Cinema i Audiovisuals de Catalunya (ESCAC), un nuevo curso de producci\u00f3n cinematogr\u00e1fica en torno a los \u201cCortometrajes y \u00f3pera prima low cost\u201d que tendr\u00e1 lugar los d\u00edas 4, 5, 11 y 12 de noviembre en Laboral Ciudad de la Cultura. Dirigido tanto a profesionales como a\" \/>\n\t\t<meta property=\"og:url\" content=\"https:\/\/candas365.es\/noticias\/cursos-con-escac-y-cined-en-laboral-cinemateca\/\" \/>\n\t\t<meta property=\"og:image\" content=\"https:\/\/candas365.es\/noticias\/wp-content\/uploads\/2017\/08\/cine-2233692_960_720.jpg\" \/>\n\t\t<meta property=\"og:image:secure_url\" content=\"https:\/\/candas365.es\/noticias\/wp-content\/uploads\/2017\/08\/cine-2233692_960_720.jpg\" \/>\n\t\t<meta property=\"og:image:width\" content=\"960\" \/>\n\t\t<meta property=\"og:image:height\" content=\"660\" \/>\n\t\t<meta property=\"article:published_time\" content=\"2017-10-10T16:32:20+00:00\" \/>\n\t\t<meta property=\"article:modified_time\" content=\"2017-10-10T16:32:20+00:00\" \/>\n\t\t<meta property=\"article:publisher\" content=\"https:\/\/www.facebook.com\/Nachofdezber\" \/>\n\t\t<meta property=\"article:author\" content=\"https:\/\/www.facebook.com\/carrenoactualidad\" \/>\n\t\t<meta name=\"twitter:card\" content=\"summary_large_image\" \/>\n\t\t<meta name=\"twitter:site\" content=\"@NabercoDigital\" \/>\n\t\t<meta name=\"twitter:title\" content=\"Cursos con ESCAC y CinEd en Laboral Cinemateca | Cand\u00e1s 365\" \/>\n\t\t<meta name=\"twitter:description\" content=\"Laboral Cinemateca organiza, en colaboraci\u00f3n con la Escola de Cinema i Audiovisuals de Catalunya (ESCAC), un nuevo curso de producci\u00f3n cinematogr\u00e1fica en torno a los \u201cCortometrajes y \u00f3pera prima low cost\u201d que tendr\u00e1 lugar los d\u00edas 4, 5, 11 y 12 de noviembre en Laboral Ciudad de la Cultura. Dirigido tanto a profesionales como a\" \/>\n\t\t<meta name=\"twitter:creator\" content=\"@nbasturias\" \/>\n\t\t<meta name=\"twitter:image\" content=\"https:\/\/candas365.es\/noticias\/wp-content\/uploads\/2017\/08\/cine-2233692_960_720.jpg\" \/>\n\t\t<meta name=\"twitter:label1\" content=\"Escrito por\" \/>\n\t\t<meta name=\"twitter:data1\" content=\"Cand\u00e1s 365\" \/>\n\t\t<meta name=\"twitter:label2\" content=\"Tiempo de lectura estimado\" \/>\n\t\t<meta name=\"twitter:data2\" content=\"5 minutos\" \/>\n\t\t<script type=\"application\/ld+json\" class=\"aioseo-schema\">\n\t\t\t{\"@context\":\"https:\\\/\\\/schema.org\",\"@graph\":[{\"@type\":\"BreadcrumbList\",\"@id\":\"https:\\\/\\\/candas365.es\\\/noticias\\\/cursos-con-escac-y-cined-en-laboral-cinemateca\\\/#breadcrumblist\",\"itemListElement\":[{\"@type\":\"ListItem\",\"@id\":\"https:\\\/\\\/candas365.es\\\/noticias#listItem\",\"position\":1,\"name\":\"Home\",\"item\":\"https:\\\/\\\/candas365.es\\\/noticias\",\"nextItem\":{\"@type\":\"ListItem\",\"@id\":\"https:\\\/\\\/candas365.es\\\/noticias\\\/category\\\/agenda\\\/#listItem\",\"name\":\"Agenda\"}},{\"@type\":\"ListItem\",\"@id\":\"https:\\\/\\\/candas365.es\\\/noticias\\\/category\\\/agenda\\\/#listItem\",\"position\":2,\"name\":\"Agenda\",\"item\":\"https:\\\/\\\/candas365.es\\\/noticias\\\/category\\\/agenda\\\/\",\"nextItem\":{\"@type\":\"ListItem\",\"@id\":\"https:\\\/\\\/candas365.es\\\/noticias\\\/cursos-con-escac-y-cined-en-laboral-cinemateca\\\/#listItem\",\"name\":\"Cursos con ESCAC y CinEd en Laboral Cinemateca\"},\"previousItem\":{\"@type\":\"ListItem\",\"@id\":\"https:\\\/\\\/candas365.es\\\/noticias#listItem\",\"name\":\"Home\"}},{\"@type\":\"ListItem\",\"@id\":\"https:\\\/\\\/candas365.es\\\/noticias\\\/cursos-con-escac-y-cined-en-laboral-cinemateca\\\/#listItem\",\"position\":3,\"name\":\"Cursos con ESCAC y CinEd en Laboral Cinemateca\",\"previousItem\":{\"@type\":\"ListItem\",\"@id\":\"https:\\\/\\\/candas365.es\\\/noticias\\\/category\\\/agenda\\\/#listItem\",\"name\":\"Agenda\"}}]},{\"@type\":\"NewsArticle\",\"@id\":\"https:\\\/\\\/candas365.es\\\/noticias\\\/cursos-con-escac-y-cined-en-laboral-cinemateca\\\/#newsarticle\",\"name\":\"Cursos con ESCAC y CinEd en Laboral Cinemateca | Cand\\u00e1s 365\",\"headline\":\"Cursos con ESCAC y CinEd en Laboral Cinemateca\",\"author\":{\"@id\":\"https:\\\/\\\/candas365.es\\\/noticias\\\/author\\\/admin\\\/#author\"},\"publisher\":{\"@id\":\"https:\\\/\\\/candas365.es\\\/noticias\\\/#organization\"},\"image\":{\"@type\":\"ImageObject\",\"url\":\"https:\\\/\\\/candas365.es\\\/noticias\\\/wp-content\\\/uploads\\\/2017\\\/08\\\/cine-2233692_960_720.jpg\",\"width\":960,\"height\":660},\"datePublished\":\"2017-10-10T16:32:20+02:00\",\"dateModified\":\"2017-10-10T16:32:20+02:00\",\"inLanguage\":\"es-ES\",\"mainEntityOfPage\":{\"@id\":\"https:\\\/\\\/candas365.es\\\/noticias\\\/cursos-con-escac-y-cined-en-laboral-cinemateca\\\/#webpage\"},\"isPartOf\":{\"@id\":\"https:\\\/\\\/candas365.es\\\/noticias\\\/cursos-con-escac-y-cined-en-laboral-cinemateca\\\/#webpage\"},\"articleSection\":\"Agenda\",\"dateline\":\"Publicado el octubre 10, 2017.\"},{\"@type\":\"Organization\",\"@id\":\"https:\\\/\\\/candas365.es\\\/noticias\\\/#organization\",\"name\":\"Cand\\u00e1s 365\",\"description\":\"Cand\\u00e1s 365 es un diario digital independiente, fundado en 2012, con base en Asturias. Informamos con rigor sobre actualidad, sociedad, cultura y ocio, con una mirada local y global.\",\"url\":\"https:\\\/\\\/candas365.es\\\/noticias\\\/\",\"email\":\"info@candas365.es\",\"telephone\":\"+34652131393\",\"foundingDate\":\"2012-06-10\",\"logo\":{\"@type\":\"ImageObject\",\"url\":\"https:\\\/\\\/candas365.es\\\/noticias\\\/wp-content\\\/uploads\\\/2024\\\/09\\\/Candas-365-Redes.jpg\",\"@id\":\"https:\\\/\\\/candas365.es\\\/noticias\\\/cursos-con-escac-y-cined-en-laboral-cinemateca\\\/#organizationLogo\",\"width\":1152,\"height\":864,\"caption\":\"Cand\\u00e1s 365 Redes\"},\"image\":{\"@id\":\"https:\\\/\\\/candas365.es\\\/noticias\\\/cursos-con-escac-y-cined-en-laboral-cinemateca\\\/#organizationLogo\"},\"sameAs\":[\"https:\\\/\\\/www.facebook.com\\\/Nachofdezber\",\"https:\\\/\\\/x.com\\\/NabercoDigital\",\"https:\\\/\\\/www.instagram.com\\\/nachofdezber\\\/\",\"https:\\\/\\\/www.youtube.com\\\/channel\\\/UCZP-2wLEB9Rv6erhFmqVnvg\"],\"address\":{\"@id\":\"https:\\\/\\\/candas365.es\\\/noticias\\\/#postaladdress\",\"@type\":\"PostalAddress\",\"streetAddress\":\"san antonio 4, san antonio 4\",\"postalCode\":\"33430\",\"addressLocality\":\"Cand\\u00e1s\",\"addressRegion\":\"Asturias\",\"addressCountry\":\"ES\"}},{\"@type\":\"Person\",\"@id\":\"https:\\\/\\\/candas365.es\\\/noticias\\\/author\\\/admin\\\/#author\",\"url\":\"https:\\\/\\\/candas365.es\\\/noticias\\\/author\\\/admin\\\/\",\"name\":\"Cand\\u00e1s 365\",\"image\":{\"@type\":\"ImageObject\",\"@id\":\"https:\\\/\\\/candas365.es\\\/noticias\\\/cursos-con-escac-y-cined-en-laboral-cinemateca\\\/#authorImage\",\"url\":\"https:\\\/\\\/secure.gravatar.com\\\/avatar\\\/496a8e03d0c493ede1718b7934145dbdf8d89be1036b0eec9544e1094c9de390?s=96&d=mm&r=g\",\"width\":96,\"height\":96,\"caption\":\"Cand\\u00e1s 365\"},\"sameAs\":[\"https:\\\/\\\/www.facebook.com\\\/carrenoactualidad\",\"https:\\\/\\\/twitter.com\\\/nbasturias\",\"https:\\\/\\\/www.instagram.com\\\/nachofdezber\\\/\",\"https:\\\/\\\/www.youtube.com\\\/channel\\\/UCZP-2wLEB9Rv6erhFmqVnvg\"]},{\"@type\":\"WebPage\",\"@id\":\"https:\\\/\\\/candas365.es\\\/noticias\\\/cursos-con-escac-y-cined-en-laboral-cinemateca\\\/#webpage\",\"url\":\"https:\\\/\\\/candas365.es\\\/noticias\\\/cursos-con-escac-y-cined-en-laboral-cinemateca\\\/\",\"name\":\"Cursos con ESCAC y CinEd en Laboral Cinemateca | Cand\\u00e1s 365\",\"description\":\"Laboral Cinemateca organiza, en colaboraci\\u00f3n con la Escola de Cinema i Audiovisuals de Catalunya (ESCAC), un nuevo curso de producci\\u00f3n cinematogr\\u00e1fica en torno a los \\u201cCortometrajes y \\u00f3pera prima low cost\\u201d que tendr\\u00e1 lugar los d\\u00edas 4, 5, 11 y 12 de noviembre en Laboral Ciudad de la Cultura. Dirigido tanto a profesionales como a\",\"inLanguage\":\"es-ES\",\"isPartOf\":{\"@id\":\"https:\\\/\\\/candas365.es\\\/noticias\\\/#website\"},\"breadcrumb\":{\"@id\":\"https:\\\/\\\/candas365.es\\\/noticias\\\/cursos-con-escac-y-cined-en-laboral-cinemateca\\\/#breadcrumblist\"},\"author\":{\"@id\":\"https:\\\/\\\/candas365.es\\\/noticias\\\/author\\\/admin\\\/#author\"},\"creator\":{\"@id\":\"https:\\\/\\\/candas365.es\\\/noticias\\\/author\\\/admin\\\/#author\"},\"image\":{\"@type\":\"ImageObject\",\"url\":\"https:\\\/\\\/candas365.es\\\/noticias\\\/wp-content\\\/uploads\\\/2017\\\/08\\\/cine-2233692_960_720.jpg\",\"@id\":\"https:\\\/\\\/candas365.es\\\/noticias\\\/cursos-con-escac-y-cined-en-laboral-cinemateca\\\/#mainImage\",\"width\":960,\"height\":660},\"primaryImageOfPage\":{\"@id\":\"https:\\\/\\\/candas365.es\\\/noticias\\\/cursos-con-escac-y-cined-en-laboral-cinemateca\\\/#mainImage\"},\"datePublished\":\"2017-10-10T16:32:20+02:00\",\"dateModified\":\"2017-10-10T16:32:20+02:00\"},{\"@type\":\"WebSite\",\"@id\":\"https:\\\/\\\/candas365.es\\\/noticias\\\/#website\",\"url\":\"https:\\\/\\\/candas365.es\\\/noticias\\\/\",\"name\":\"Cand\\u00e1s 365\",\"alternateName\":\"Cand\\u00e1s 365 Noticias\",\"description\":\"Actualidad desde Carre\\u00f1o para el mundo\",\"inLanguage\":\"es-ES\",\"publisher\":{\"@id\":\"https:\\\/\\\/candas365.es\\\/noticias\\\/#organization\"}}]}\n\t\t<\/script>\n\t\t<!-- All in One SEO Pro -->\r\n\t\t<title>Cursos con ESCAC y CinEd en Laboral Cinemateca | Cand\u00e1s 365<\/title>\n\n","aioseo_head_json":{"title":"Cursos con ESCAC y CinEd en Laboral Cinemateca | Cand\u00e1s 365","description":"Laboral Cinemateca organiza, en colaboraci\u00f3n con la Escola de Cinema i Audiovisuals de Catalunya (ESCAC), un nuevo curso de producci\u00f3n cinematogr\u00e1fica en torno a los \u201cCortometrajes y \u00f3pera prima low cost\u201d que tendr\u00e1 lugar los d\u00edas 4, 5, 11 y 12 de noviembre en Laboral Ciudad de la Cultura. Dirigido tanto a profesionales como a","canonical_url":"https:\/\/candas365.es\/noticias\/cursos-con-escac-y-cined-en-laboral-cinemateca\/","robots":"max-image-preview:large","keywords":"agenda","webmasterTools":{"google-site-verification":"UA-32230408-1","msvalidate.01":"354F3CDFB2DA171B47FBE9ABF1F88D5","miscellaneous":""},"schema":{"@context":"https:\/\/schema.org","@graph":[{"@type":"BreadcrumbList","@id":"https:\/\/candas365.es\/noticias\/cursos-con-escac-y-cined-en-laboral-cinemateca\/#breadcrumblist","itemListElement":[{"@type":"ListItem","@id":"https:\/\/candas365.es\/noticias#listItem","position":1,"name":"Home","item":"https:\/\/candas365.es\/noticias","nextItem":{"@type":"ListItem","@id":"https:\/\/candas365.es\/noticias\/category\/agenda\/#listItem","name":"Agenda"}},{"@type":"ListItem","@id":"https:\/\/candas365.es\/noticias\/category\/agenda\/#listItem","position":2,"name":"Agenda","item":"https:\/\/candas365.es\/noticias\/category\/agenda\/","nextItem":{"@type":"ListItem","@id":"https:\/\/candas365.es\/noticias\/cursos-con-escac-y-cined-en-laboral-cinemateca\/#listItem","name":"Cursos con ESCAC y CinEd en Laboral Cinemateca"},"previousItem":{"@type":"ListItem","@id":"https:\/\/candas365.es\/noticias#listItem","name":"Home"}},{"@type":"ListItem","@id":"https:\/\/candas365.es\/noticias\/cursos-con-escac-y-cined-en-laboral-cinemateca\/#listItem","position":3,"name":"Cursos con ESCAC y CinEd en Laboral Cinemateca","previousItem":{"@type":"ListItem","@id":"https:\/\/candas365.es\/noticias\/category\/agenda\/#listItem","name":"Agenda"}}]},{"@type":"NewsArticle","@id":"https:\/\/candas365.es\/noticias\/cursos-con-escac-y-cined-en-laboral-cinemateca\/#newsarticle","name":"Cursos con ESCAC y CinEd en Laboral Cinemateca | Cand\u00e1s 365","headline":"Cursos con ESCAC y CinEd en Laboral Cinemateca","author":{"@id":"https:\/\/candas365.es\/noticias\/author\/admin\/#author"},"publisher":{"@id":"https:\/\/candas365.es\/noticias\/#organization"},"image":{"@type":"ImageObject","url":"https:\/\/candas365.es\/noticias\/wp-content\/uploads\/2017\/08\/cine-2233692_960_720.jpg","width":960,"height":660},"datePublished":"2017-10-10T16:32:20+02:00","dateModified":"2017-10-10T16:32:20+02:00","inLanguage":"es-ES","mainEntityOfPage":{"@id":"https:\/\/candas365.es\/noticias\/cursos-con-escac-y-cined-en-laboral-cinemateca\/#webpage"},"isPartOf":{"@id":"https:\/\/candas365.es\/noticias\/cursos-con-escac-y-cined-en-laboral-cinemateca\/#webpage"},"articleSection":"Agenda","dateline":"Publicado el octubre 10, 2017."},{"@type":"Organization","@id":"https:\/\/candas365.es\/noticias\/#organization","name":"Cand\u00e1s 365","description":"Cand\u00e1s 365 es un diario digital independiente, fundado en 2012, con base en Asturias. Informamos con rigor sobre actualidad, sociedad, cultura y ocio, con una mirada local y global.","url":"https:\/\/candas365.es\/noticias\/","email":"info@candas365.es","telephone":"+34652131393","foundingDate":"2012-06-10","logo":{"@type":"ImageObject","url":"https:\/\/candas365.es\/noticias\/wp-content\/uploads\/2024\/09\/Candas-365-Redes.jpg","@id":"https:\/\/candas365.es\/noticias\/cursos-con-escac-y-cined-en-laboral-cinemateca\/#organizationLogo","width":1152,"height":864,"caption":"Cand\u00e1s 365 Redes"},"image":{"@id":"https:\/\/candas365.es\/noticias\/cursos-con-escac-y-cined-en-laboral-cinemateca\/#organizationLogo"},"sameAs":["https:\/\/www.facebook.com\/Nachofdezber","https:\/\/x.com\/NabercoDigital","https:\/\/www.instagram.com\/nachofdezber\/","https:\/\/www.youtube.com\/channel\/UCZP-2wLEB9Rv6erhFmqVnvg"],"address":{"@id":"https:\/\/candas365.es\/noticias\/#postaladdress","@type":"PostalAddress","streetAddress":"san antonio 4, san antonio 4","postalCode":"33430","addressLocality":"Cand\u00e1s","addressRegion":"Asturias","addressCountry":"ES"}},{"@type":"Person","@id":"https:\/\/candas365.es\/noticias\/author\/admin\/#author","url":"https:\/\/candas365.es\/noticias\/author\/admin\/","name":"Cand\u00e1s 365","image":{"@type":"ImageObject","@id":"https:\/\/candas365.es\/noticias\/cursos-con-escac-y-cined-en-laboral-cinemateca\/#authorImage","url":"https:\/\/secure.gravatar.com\/avatar\/496a8e03d0c493ede1718b7934145dbdf8d89be1036b0eec9544e1094c9de390?s=96&d=mm&r=g","width":96,"height":96,"caption":"Cand\u00e1s 365"},"sameAs":["https:\/\/www.facebook.com\/carrenoactualidad","https:\/\/twitter.com\/nbasturias","https:\/\/www.instagram.com\/nachofdezber\/","https:\/\/www.youtube.com\/channel\/UCZP-2wLEB9Rv6erhFmqVnvg"]},{"@type":"WebPage","@id":"https:\/\/candas365.es\/noticias\/cursos-con-escac-y-cined-en-laboral-cinemateca\/#webpage","url":"https:\/\/candas365.es\/noticias\/cursos-con-escac-y-cined-en-laboral-cinemateca\/","name":"Cursos con ESCAC y CinEd en Laboral Cinemateca | Cand\u00e1s 365","description":"Laboral Cinemateca organiza, en colaboraci\u00f3n con la Escola de Cinema i Audiovisuals de Catalunya (ESCAC), un nuevo curso de producci\u00f3n cinematogr\u00e1fica en torno a los \u201cCortometrajes y \u00f3pera prima low cost\u201d que tendr\u00e1 lugar los d\u00edas 4, 5, 11 y 12 de noviembre en Laboral Ciudad de la Cultura. Dirigido tanto a profesionales como a","inLanguage":"es-ES","isPartOf":{"@id":"https:\/\/candas365.es\/noticias\/#website"},"breadcrumb":{"@id":"https:\/\/candas365.es\/noticias\/cursos-con-escac-y-cined-en-laboral-cinemateca\/#breadcrumblist"},"author":{"@id":"https:\/\/candas365.es\/noticias\/author\/admin\/#author"},"creator":{"@id":"https:\/\/candas365.es\/noticias\/author\/admin\/#author"},"image":{"@type":"ImageObject","url":"https:\/\/candas365.es\/noticias\/wp-content\/uploads\/2017\/08\/cine-2233692_960_720.jpg","@id":"https:\/\/candas365.es\/noticias\/cursos-con-escac-y-cined-en-laboral-cinemateca\/#mainImage","width":960,"height":660},"primaryImageOfPage":{"@id":"https:\/\/candas365.es\/noticias\/cursos-con-escac-y-cined-en-laboral-cinemateca\/#mainImage"},"datePublished":"2017-10-10T16:32:20+02:00","dateModified":"2017-10-10T16:32:20+02:00"},{"@type":"WebSite","@id":"https:\/\/candas365.es\/noticias\/#website","url":"https:\/\/candas365.es\/noticias\/","name":"Cand\u00e1s 365","alternateName":"Cand\u00e1s 365 Noticias","description":"Actualidad desde Carre\u00f1o para el mundo","inLanguage":"es-ES","publisher":{"@id":"https:\/\/candas365.es\/noticias\/#organization"}}]},"og:locale":"es_ES","og:site_name":"Cand\u00e1s 365","og:type":"article","og:title":"Cursos con ESCAC y CinEd en Laboral Cinemateca | Cand\u00e1s 365","og:description":"Laboral Cinemateca organiza, en colaboraci\u00f3n con la Escola de Cinema i Audiovisuals de Catalunya (ESCAC), un nuevo curso de producci\u00f3n cinematogr\u00e1fica en torno a los \u201cCortometrajes y \u00f3pera prima low cost\u201d que tendr\u00e1 lugar los d\u00edas 4, 5, 11 y 12 de noviembre en Laboral Ciudad de la Cultura. Dirigido tanto a profesionales como a","og:url":"https:\/\/candas365.es\/noticias\/cursos-con-escac-y-cined-en-laboral-cinemateca\/","og:image":"https:\/\/candas365.es\/noticias\/wp-content\/uploads\/2017\/08\/cine-2233692_960_720.jpg","og:image:secure_url":"https:\/\/candas365.es\/noticias\/wp-content\/uploads\/2017\/08\/cine-2233692_960_720.jpg","og:image:width":960,"og:image:height":660,"article:published_time":"2017-10-10T16:32:20+00:00","article:modified_time":"2017-10-10T16:32:20+00:00","article:publisher":"https:\/\/www.facebook.com\/Nachofdezber","article:author":"https:\/\/www.facebook.com\/carrenoactualidad","twitter:card":"summary_large_image","twitter:site":"@NabercoDigital","twitter:title":"Cursos con ESCAC y CinEd en Laboral Cinemateca | Cand\u00e1s 365","twitter:description":"Laboral Cinemateca organiza, en colaboraci\u00f3n con la Escola de Cinema i Audiovisuals de Catalunya (ESCAC), un nuevo curso de producci\u00f3n cinematogr\u00e1fica en torno a los \u201cCortometrajes y \u00f3pera prima low cost\u201d que tendr\u00e1 lugar los d\u00edas 4, 5, 11 y 12 de noviembre en Laboral Ciudad de la Cultura. Dirigido tanto a profesionales como a","twitter:creator":"@nbasturias","twitter:image":"https:\/\/candas365.es\/noticias\/wp-content\/uploads\/2017\/08\/cine-2233692_960_720.jpg","twitter:label1":"Escrito por","twitter:data1":"Cand\u00e1s 365","twitter:label2":"Tiempo de lectura estimado","twitter:data2":"5 minutos"},"aioseo_meta_data":{"post_id":"81918","title":null,"description":null,"keywords":null,"keyphrases":null,"primary_term":null,"canonical_url":null,"og_title":null,"og_description":null,"og_object_type":"default","og_image_type":"default","og_image_url":null,"og_image_width":null,"og_image_height":null,"og_image_custom_url":null,"og_image_custom_fields":null,"og_video":null,"og_custom_url":null,"og_article_section":null,"og_article_tags":null,"twitter_use_og":false,"twitter_card":"default","twitter_image_type":"default","twitter_image_url":null,"twitter_image_custom_url":null,"twitter_image_custom_fields":null,"twitter_title":null,"twitter_description":null,"schema":{"blockGraphs":[],"customGraphs":[],"default":{"data":{"Article":[],"Course":[],"Dataset":[],"FAQPage":[],"Movie":[],"Person":[],"Product":[],"ProductReview":[],"Car":[],"Recipe":[],"Service":[],"SoftwareApplication":[],"WebPage":[]},"graphName":"","isEnabled":true},"graphs":[]},"schema_type":null,"schema_type_options":null,"pillar_content":false,"robots_default":true,"robots_noindex":false,"robots_noarchive":false,"robots_nosnippet":false,"robots_nofollow":false,"robots_noimageindex":false,"robots_noodp":false,"robots_notranslate":false,"robots_max_snippet":null,"robots_max_videopreview":null,"robots_max_imagepreview":"large","priority":null,"frequency":null,"location":null,"local_seo":null,"seo_analyzer_scan_date":"2025-08-26 02:26:11","breadcrumb_settings":null,"limit_modified_date":false,"reviewed_by":null,"open_ai":null,"ai":null,"created":"2020-12-21 12:38:57","updated":"2025-08-26 02:26:11"},"aioseo_breadcrumb":"<div class=\"aioseo-breadcrumbs\"><span class=\"aioseo-breadcrumb\">\n\t<a href=\"https:\/\/candas365.es\/noticias\" title=\"Home\">Home<\/a>\n<\/span><span class=\"aioseo-breadcrumb-separator\">&ndash;<\/span><span class=\"aioseo-breadcrumb\">\n\t<a href=\"https:\/\/candas365.es\/noticias\/category\/agenda\/\" title=\"Agenda\">Agenda<\/a>\n<\/span><span class=\"aioseo-breadcrumb-separator\">&ndash;<\/span><span class=\"aioseo-breadcrumb\">\n\tCursos con ESCAC y CinEd en Laboral Cinemateca\n<\/span><\/div>","aioseo_breadcrumb_json":[{"label":"Home","link":"https:\/\/candas365.es\/noticias"},{"label":"Agenda","link":"https:\/\/candas365.es\/noticias\/category\/agenda\/"},{"label":"Cursos con ESCAC y CinEd en Laboral Cinemateca","link":"https:\/\/candas365.es\/noticias\/cursos-con-escac-y-cined-en-laboral-cinemateca\/"}],"_links":{"self":[{"href":"https:\/\/candas365.es\/noticias\/wp-json\/wp\/v2\/posts\/81918","targetHints":{"allow":["GET"]}}],"collection":[{"href":"https:\/\/candas365.es\/noticias\/wp-json\/wp\/v2\/posts"}],"about":[{"href":"https:\/\/candas365.es\/noticias\/wp-json\/wp\/v2\/types\/post"}],"author":[{"embeddable":true,"href":"https:\/\/candas365.es\/noticias\/wp-json\/wp\/v2\/users\/1"}],"replies":[{"embeddable":true,"href":"https:\/\/candas365.es\/noticias\/wp-json\/wp\/v2\/comments?post=81918"}],"version-history":[{"count":0,"href":"https:\/\/candas365.es\/noticias\/wp-json\/wp\/v2\/posts\/81918\/revisions"}],"wp:featuredmedia":[{"embeddable":true,"href":"https:\/\/candas365.es\/noticias\/wp-json\/wp\/v2\/media\/77992"}],"wp:attachment":[{"href":"https:\/\/candas365.es\/noticias\/wp-json\/wp\/v2\/media?parent=81918"}],"wp:term":[{"taxonomy":"category","embeddable":true,"href":"https:\/\/candas365.es\/noticias\/wp-json\/wp\/v2\/categories?post=81918"},{"taxonomy":"post_tag","embeddable":true,"href":"https:\/\/candas365.es\/noticias\/wp-json\/wp\/v2\/tags?post=81918"}],"curies":[{"name":"wp","href":"https:\/\/api.w.org\/{rel}","templated":true}]}}