{"id":81626,"date":"2017-10-05T06:07:49","date_gmt":"2017-10-05T06:07:49","guid":{"rendered":"http:\/\/candas365.es\/noticias\/?p=81626"},"modified":"2017-10-05T06:07:49","modified_gmt":"2017-10-05T06:07:49","slug":"fabrica-de-ideas-de-tve-estrena-temporada-en-la-2","status":"publish","type":"post","link":"https:\/\/candas365.es\/noticias\/fabrica-de-ideas-de-tve-estrena-temporada-en-la-2\/","title":{"rendered":"&#8216;F\u00e1brica de Ideas de TVE&#8217; estrena temporada en La 2"},"content":{"rendered":"<p><img fetchpriority=\"high\" decoding=\"async\" class=\"alignleft size-medium wp-image-81627\" src=\"https:\/\/candas365.es\/noticias\/wp-content\/uploads\/2017\/10\/1507127559197-360x240.jpg\" alt=\"\" width=\"360\" height=\"240\" srcset=\"https:\/\/candas365.es\/noticias\/wp-content\/uploads\/2017\/10\/1507127559197-360x240.jpg 360w, https:\/\/candas365.es\/noticias\/wp-content\/uploads\/2017\/10\/1507127559197-768x512.jpg 768w, https:\/\/candas365.es\/noticias\/wp-content\/uploads\/2017\/10\/1507127559197-655x436.jpg 655w, https:\/\/candas365.es\/noticias\/wp-content\/uploads\/2017\/10\/1507127559197-696x464.jpg 696w, https:\/\/candas365.es\/noticias\/wp-content\/uploads\/2017\/10\/1507127559197-630x420.jpg 630w, https:\/\/candas365.es\/noticias\/wp-content\/uploads\/2017\/10\/1507127559197-84x55.jpg 84w, https:\/\/candas365.es\/noticias\/wp-content\/uploads\/2017\/10\/1507127559197.jpg 800w\" sizes=\"(max-width: 360px) 100vw, 360px\" \/>&#8216;F\u00e1brica de ideas de TVE&#8217; comienza el pr\u00f3ximo s\u00e1bado, 7 de octubre, su novena temporada con nuevo presentador, Anxo P\u00e9rez. El programa, que naci\u00f3 de un concurso de ideas convocado entre los trabajadores de RTVE, ofrecer\u00e1 13 nuevos cap\u00edtulos dedicados a conocer las historias m\u00e1s sorprendentes de los emprendedores espa\u00f1oles y sus innovadoras propuestas de negocio.<\/p>\n<p>El espacio para emprendedores de La 2, &#8216;F\u00e1brica de ideas de TVE&#8217;, dirigido por Ra\u00fal de Andr\u00e9s y Daniel Manzano, mantiene en su novena temporada su apuesta inicial por descubrir el talento espa\u00f1ol en sus diferentes facetas y conocer a las personas que quieren, y en muchos casos han conseguido con gran \u00e9xito, hacer realidad sus sue\u00f1os, levantar empresas rentables y crear muchos puestos de trabajo.<\/p>\n<p>El programa estrena decorado, cabecera, grafismo y presentador. Anxo P\u00e9rez, entrevistado hace tres temporadas en el programa por su faceta de emprendedor, regresa a &#8216;F\u00e1brica de ideas de TVE&#8217; para conducir el espacio y para ofrecer sus frases motivadoras, consejos sobre c\u00f3mo alcanzar el \u00e9xito y presentar las ideas que proponen emprendedores de toda Espa\u00f1a.<\/p>\n<p>&#8216;F\u00e1brica de ideas&#8217; se divide en cinco secciones: En &#8216;Imita&#8217;, un empresario consagrado relata en primera persona las claves de su trayectoria. Esta temporada se conocer\u00e1n las de personas que est\u00e1n detr\u00e1s de diferentes \u00e9xitos empresariales.<\/p>\n<p>&#8216;Invierte&#8217; traer\u00e1 cada semana a dos emprendedores que explicar\u00e1n sus negocios innovadores al panel de expertos del programa que forman Alejandro Vesga, director de la revista &#8216;Emprendedores&#8217;; Margarita Garc\u00eda de la Calle, empresaria e inversora, y Jes\u00fas Soria, periodista experto en consumo. En el primer programa analizar\u00e1n las claves que han permitido a los fundadores de una tienda en Internet tener una facturaci\u00f3n millonaria tras una inversi\u00f3n inicial de solo 200 euros.<\/p>\n<p>En &#8216;Inventa&#8217; se buscar\u00e1n inversores, distribuidores o clientes. Son inventores que presentan sus ideas patentadas con la intenci\u00f3n de convertirlas en negocios rentables. La primera entrega llega con una propuesta para que las mascotas no se pierdan nunca m\u00e1s.<\/p>\n<p>Las dos \u00faltimas cuentan con la participaci\u00f3n activa del presentador. Anxo P\u00e9rez visitar\u00e1 en cada programa un vivero de empresas, parque tecnol\u00f3gico o centro educativo donde se est\u00e1n gestando las ideas del futuro. El Parque Cient\u00edfico de Madrid ser\u00e1 el primer destino de la secci\u00f3n &#8216;Incuba&#8217;.<\/p>\n<p>En &#8216;El pelda\u00f1o de Anxo&#8217;, el presentador cerrar\u00e1 cada programa con mensajes motivadores y consejos para los emprendedores. As\u00ed, en estos &#8216;pelda\u00f1os&#8217; se tratar\u00e1n temas como &#8216;Montar una empresa de forma inteligente&#8217;, &#8216;Tu momento-atr\u00e9vete&#8217;, &#8216;La inteligencia de la negociaci\u00f3n&#8217;, &#8216;La cultura de la empresa&#8217;, &#8216;El precio de no hacer&#8217;, o &#8216;La reuni\u00f3n m\u00e1s productiva del mundo&#8217;, entre otros.<\/p>\n<p><strong>Anxo P\u00e9rez, nuevo presentador<\/strong><\/p>\n<p>Nacido en Finisterre (Galicia), se form\u00f3 en EE.UU., B\u00e9lgica y China. Cuenta con cinco titulaciones universitarias obtenidas en tres continentes, canta y toca nueve instrumentos musicales y habla nueve idiomas (espa\u00f1ol, ingl\u00e9s, franc\u00e9s, chino, alem\u00e1n, ruso, italiano, portugu\u00e9s y gallego).<\/p>\n<p>Es premio Emprendedores de Deloitte 2013, premio Ciudadano Europeo 2014, y Premio de la revista Emprendedores, adem\u00e1s de creador de un m\u00e9todo online que garantiza adquirir los conocimientos b\u00e1sicos y hablar un idioma en menos de ocho meses. Aporta al programa la trayectoria que le ha llevado a ser desde int\u00e9rprete de Obama a traductor en operaciones policiales del FBI, director de un coro de m\u00fasica g\u00f3spel, protagonista de una pel\u00edcula europea, cantante en la televisi\u00f3n china, emprendedor de \u00e9xito reconocido con m\u00faltiples premios y escritor superventas.<\/p>\n<p>Tras su \u00e9xito como emprendedor ha publicado tres libros y dado centenares de conferencias en los 5 continentes, muchas de ellas a directivos de las empresas y multinacionales m\u00e1s importantes de Espa\u00f1a.<\/p>\n<p>&nbsp;<\/p>\n","protected":false},"excerpt":{"rendered":"<p>&#8216;F\u00e1brica de ideas de TVE&#8217; comienza el pr\u00f3ximo s\u00e1bado, 7 de octubre, su novena temporada con nuevo presentador, Anxo P\u00e9rez. El programa, que naci\u00f3 de un concurso de ideas convocado entre los trabajadores de RTVE, ofrecer\u00e1 13 nuevos cap\u00edtulos dedicados a conocer las historias m\u00e1s sorprendentes de los emprendedores espa\u00f1oles y sus innovadoras propuestas de<\/p>\n","protected":false},"author":1,"featured_media":81627,"comment_status":"closed","ping_status":"closed","sticky":false,"template":"","format":"standard","meta":{"footnotes":""},"categories":[1],"tags":[],"class_list":{"0":"post-81626","1":"post","2":"type-post","3":"status-publish","4":"format-standard","5":"has-post-thumbnail","7":"category-agenda"},"aioseo_notices":[],"aioseo_head":"\n\t\t<!-- All in One SEO Pro 4.9.6.2 - aioseo.com -->\n\t<meta name=\"description\" content=\"&#039;F\u00e1brica de ideas de TVE&#039; comienza el pr\u00f3ximo s\u00e1bado, 7 de octubre, su novena temporada con nuevo presentador, Anxo P\u00e9rez. El programa, que naci\u00f3 de un concurso de ideas convocado entre los trabajadores de RTVE, ofrecer\u00e1 13 nuevos cap\u00edtulos dedicados a conocer las historias m\u00e1s sorprendentes de los emprendedores espa\u00f1oles y sus innovadoras propuestas de\" \/>\n\t<meta name=\"robots\" content=\"max-image-preview:large\" \/>\n\t<meta name=\"author\" content=\"Cand\u00e1s 365\"\/>\n\t<meta name=\"google-site-verification\" content=\"UA-32230408-1\" \/>\n\t<meta name=\"msvalidate.01\" content=\"354F3CDFB2DA171B47FBE9ABF1F88D5\" \/>\n\t<meta name=\"keywords\" content=\"agenda\" \/>\n\t<link rel=\"canonical\" href=\"https:\/\/candas365.es\/noticias\/fabrica-de-ideas-de-tve-estrena-temporada-en-la-2\/\" \/>\n\t<meta name=\"generator\" content=\"All in One SEO Pro (AIOSEO) 4.9.6.2\" \/>\n\t\t<meta property=\"og:locale\" content=\"es_ES\" \/>\n\t\t<meta property=\"og:site_name\" content=\"Cand\u00e1s 365\" \/>\n\t\t<meta property=\"og:type\" content=\"article\" \/>\n\t\t<meta property=\"og:title\" content=\"\u2018F\u00e1brica de Ideas de TVE\u2019 estrena temporada en La 2 | Cand\u00e1s 365\" \/>\n\t\t<meta property=\"og:description\" content=\"&#039;F\u00e1brica de ideas de TVE&#039; comienza el pr\u00f3ximo s\u00e1bado, 7 de octubre, su novena temporada con nuevo presentador, Anxo P\u00e9rez. El programa, que naci\u00f3 de un concurso de ideas convocado entre los trabajadores de RTVE, ofrecer\u00e1 13 nuevos cap\u00edtulos dedicados a conocer las historias m\u00e1s sorprendentes de los emprendedores espa\u00f1oles y sus innovadoras propuestas de\" \/>\n\t\t<meta property=\"og:url\" content=\"https:\/\/candas365.es\/noticias\/fabrica-de-ideas-de-tve-estrena-temporada-en-la-2\/\" \/>\n\t\t<meta property=\"og:image\" content=\"https:\/\/candas365.es\/noticias\/wp-content\/uploads\/2017\/10\/1507127559197.jpg\" \/>\n\t\t<meta property=\"og:image:secure_url\" content=\"https:\/\/candas365.es\/noticias\/wp-content\/uploads\/2017\/10\/1507127559197.jpg\" \/>\n\t\t<meta property=\"og:image:width\" content=\"800\" \/>\n\t\t<meta property=\"og:image:height\" content=\"533\" \/>\n\t\t<meta property=\"article:published_time\" content=\"2017-10-05T06:07:49+00:00\" \/>\n\t\t<meta property=\"article:modified_time\" content=\"2017-10-05T06:07:49+00:00\" \/>\n\t\t<meta property=\"article:publisher\" content=\"https:\/\/www.facebook.com\/Nachofdezber\" \/>\n\t\t<meta property=\"article:author\" content=\"https:\/\/www.facebook.com\/carrenoactualidad\" \/>\n\t\t<meta name=\"twitter:card\" content=\"summary_large_image\" \/>\n\t\t<meta name=\"twitter:site\" content=\"@NabercoDigital\" \/>\n\t\t<meta name=\"twitter:title\" content=\"\u2018F\u00e1brica de Ideas de TVE\u2019 estrena temporada en La 2 | Cand\u00e1s 365\" \/>\n\t\t<meta name=\"twitter:description\" content=\"&#039;F\u00e1brica de ideas de TVE&#039; comienza el pr\u00f3ximo s\u00e1bado, 7 de octubre, su novena temporada con nuevo presentador, Anxo P\u00e9rez. El programa, que naci\u00f3 de un concurso de ideas convocado entre los trabajadores de RTVE, ofrecer\u00e1 13 nuevos cap\u00edtulos dedicados a conocer las historias m\u00e1s sorprendentes de los emprendedores espa\u00f1oles y sus innovadoras propuestas de\" \/>\n\t\t<meta name=\"twitter:creator\" content=\"@nbasturias\" \/>\n\t\t<meta name=\"twitter:image\" content=\"https:\/\/candas365.es\/noticias\/wp-content\/uploads\/2017\/10\/1507127559197.jpg\" \/>\n\t\t<meta name=\"twitter:label1\" content=\"Escrito por\" \/>\n\t\t<meta name=\"twitter:data1\" content=\"Cand\u00e1s 365\" \/>\n\t\t<meta name=\"twitter:label2\" content=\"Tiempo de lectura estimado\" \/>\n\t\t<meta name=\"twitter:data2\" content=\"3 minutos\" \/>\n\t\t<script type=\"application\/ld+json\" class=\"aioseo-schema\">\n\t\t\t{\"@context\":\"https:\\\/\\\/schema.org\",\"@graph\":[{\"@type\":\"BreadcrumbList\",\"@id\":\"https:\\\/\\\/candas365.es\\\/noticias\\\/fabrica-de-ideas-de-tve-estrena-temporada-en-la-2\\\/#breadcrumblist\",\"itemListElement\":[{\"@type\":\"ListItem\",\"@id\":\"https:\\\/\\\/candas365.es\\\/noticias#listItem\",\"position\":1,\"name\":\"Home\",\"item\":\"https:\\\/\\\/candas365.es\\\/noticias\",\"nextItem\":{\"@type\":\"ListItem\",\"@id\":\"https:\\\/\\\/candas365.es\\\/noticias\\\/category\\\/agenda\\\/#listItem\",\"name\":\"Agenda\"}},{\"@type\":\"ListItem\",\"@id\":\"https:\\\/\\\/candas365.es\\\/noticias\\\/category\\\/agenda\\\/#listItem\",\"position\":2,\"name\":\"Agenda\",\"item\":\"https:\\\/\\\/candas365.es\\\/noticias\\\/category\\\/agenda\\\/\",\"nextItem\":{\"@type\":\"ListItem\",\"@id\":\"https:\\\/\\\/candas365.es\\\/noticias\\\/fabrica-de-ideas-de-tve-estrena-temporada-en-la-2\\\/#listItem\",\"name\":\"&#8216;F\\u00e1brica de Ideas de TVE&#8217; estrena temporada en La 2\"},\"previousItem\":{\"@type\":\"ListItem\",\"@id\":\"https:\\\/\\\/candas365.es\\\/noticias#listItem\",\"name\":\"Home\"}},{\"@type\":\"ListItem\",\"@id\":\"https:\\\/\\\/candas365.es\\\/noticias\\\/fabrica-de-ideas-de-tve-estrena-temporada-en-la-2\\\/#listItem\",\"position\":3,\"name\":\"&#8216;F\\u00e1brica de Ideas de TVE&#8217; estrena temporada en La 2\",\"previousItem\":{\"@type\":\"ListItem\",\"@id\":\"https:\\\/\\\/candas365.es\\\/noticias\\\/category\\\/agenda\\\/#listItem\",\"name\":\"Agenda\"}}]},{\"@type\":\"NewsArticle\",\"@id\":\"https:\\\/\\\/candas365.es\\\/noticias\\\/fabrica-de-ideas-de-tve-estrena-temporada-en-la-2\\\/#newsarticle\",\"name\":\"\\u2018F\\u00e1brica de Ideas de TVE\\u2019 estrena temporada en La 2 | Cand\\u00e1s 365\",\"headline\":\"&#8216;F\\u00e1brica de Ideas de TVE&#8217; estrena temporada en La 2\",\"author\":{\"@id\":\"https:\\\/\\\/candas365.es\\\/noticias\\\/author\\\/admin\\\/#author\"},\"publisher\":{\"@id\":\"https:\\\/\\\/candas365.es\\\/noticias\\\/#organization\"},\"image\":{\"@type\":\"ImageObject\",\"url\":\"https:\\\/\\\/candas365.es\\\/noticias\\\/wp-content\\\/uploads\\\/2017\\\/10\\\/1507127559197.jpg\",\"width\":800,\"height\":533},\"datePublished\":\"2017-10-05T06:07:49+02:00\",\"dateModified\":\"2017-10-05T06:07:49+02:00\",\"inLanguage\":\"es-ES\",\"mainEntityOfPage\":{\"@id\":\"https:\\\/\\\/candas365.es\\\/noticias\\\/fabrica-de-ideas-de-tve-estrena-temporada-en-la-2\\\/#webpage\"},\"isPartOf\":{\"@id\":\"https:\\\/\\\/candas365.es\\\/noticias\\\/fabrica-de-ideas-de-tve-estrena-temporada-en-la-2\\\/#webpage\"},\"articleSection\":\"Agenda\",\"dateline\":\"Publicado el octubre 5, 2017.\"},{\"@type\":\"Organization\",\"@id\":\"https:\\\/\\\/candas365.es\\\/noticias\\\/#organization\",\"name\":\"Cand\\u00e1s 365\",\"description\":\"Cand\\u00e1s 365 es un diario digital independiente, fundado en 2012, con base en Asturias. Informamos con rigor sobre actualidad, sociedad, cultura y ocio, con una mirada local y global.\",\"url\":\"https:\\\/\\\/candas365.es\\\/noticias\\\/\",\"email\":\"info@candas365.es\",\"telephone\":\"+34652131393\",\"foundingDate\":\"2012-06-10\",\"logo\":{\"@type\":\"ImageObject\",\"url\":\"https:\\\/\\\/candas365.es\\\/noticias\\\/wp-content\\\/uploads\\\/2024\\\/09\\\/Candas-365-Redes.jpg\",\"@id\":\"https:\\\/\\\/candas365.es\\\/noticias\\\/fabrica-de-ideas-de-tve-estrena-temporada-en-la-2\\\/#organizationLogo\",\"width\":1152,\"height\":864,\"caption\":\"Cand\\u00e1s 365 Redes\"},\"image\":{\"@id\":\"https:\\\/\\\/candas365.es\\\/noticias\\\/fabrica-de-ideas-de-tve-estrena-temporada-en-la-2\\\/#organizationLogo\"},\"sameAs\":[\"https:\\\/\\\/www.facebook.com\\\/Nachofdezber\",\"https:\\\/\\\/x.com\\\/NabercoDigital\",\"https:\\\/\\\/www.instagram.com\\\/nachofdezber\\\/\",\"https:\\\/\\\/www.youtube.com\\\/channel\\\/UCZP-2wLEB9Rv6erhFmqVnvg\"],\"address\":{\"@id\":\"https:\\\/\\\/candas365.es\\\/noticias\\\/#postaladdress\",\"@type\":\"PostalAddress\",\"streetAddress\":\"san antonio 4, san antonio 4\",\"postalCode\":\"33430\",\"addressLocality\":\"Cand\\u00e1s\",\"addressRegion\":\"Asturias\",\"addressCountry\":\"ES\"}},{\"@type\":\"Person\",\"@id\":\"https:\\\/\\\/candas365.es\\\/noticias\\\/author\\\/admin\\\/#author\",\"url\":\"https:\\\/\\\/candas365.es\\\/noticias\\\/author\\\/admin\\\/\",\"name\":\"Cand\\u00e1s 365\",\"image\":{\"@type\":\"ImageObject\",\"@id\":\"https:\\\/\\\/candas365.es\\\/noticias\\\/fabrica-de-ideas-de-tve-estrena-temporada-en-la-2\\\/#authorImage\",\"url\":\"https:\\\/\\\/secure.gravatar.com\\\/avatar\\\/496a8e03d0c493ede1718b7934145dbdf8d89be1036b0eec9544e1094c9de390?s=96&d=mm&r=g\",\"width\":96,\"height\":96,\"caption\":\"Cand\\u00e1s 365\"},\"sameAs\":[\"https:\\\/\\\/www.facebook.com\\\/carrenoactualidad\",\"https:\\\/\\\/twitter.com\\\/nbasturias\",\"https:\\\/\\\/www.instagram.com\\\/nachofdezber\\\/\",\"https:\\\/\\\/www.youtube.com\\\/channel\\\/UCZP-2wLEB9Rv6erhFmqVnvg\"]},{\"@type\":\"WebPage\",\"@id\":\"https:\\\/\\\/candas365.es\\\/noticias\\\/fabrica-de-ideas-de-tve-estrena-temporada-en-la-2\\\/#webpage\",\"url\":\"https:\\\/\\\/candas365.es\\\/noticias\\\/fabrica-de-ideas-de-tve-estrena-temporada-en-la-2\\\/\",\"name\":\"\\u2018F\\u00e1brica de Ideas de TVE\\u2019 estrena temporada en La 2 | Cand\\u00e1s 365\",\"description\":\"'F\\u00e1brica de ideas de TVE' comienza el pr\\u00f3ximo s\\u00e1bado, 7 de octubre, su novena temporada con nuevo presentador, Anxo P\\u00e9rez. El programa, que naci\\u00f3 de un concurso de ideas convocado entre los trabajadores de RTVE, ofrecer\\u00e1 13 nuevos cap\\u00edtulos dedicados a conocer las historias m\\u00e1s sorprendentes de los emprendedores espa\\u00f1oles y sus innovadoras propuestas de\",\"inLanguage\":\"es-ES\",\"isPartOf\":{\"@id\":\"https:\\\/\\\/candas365.es\\\/noticias\\\/#website\"},\"breadcrumb\":{\"@id\":\"https:\\\/\\\/candas365.es\\\/noticias\\\/fabrica-de-ideas-de-tve-estrena-temporada-en-la-2\\\/#breadcrumblist\"},\"author\":{\"@id\":\"https:\\\/\\\/candas365.es\\\/noticias\\\/author\\\/admin\\\/#author\"},\"creator\":{\"@id\":\"https:\\\/\\\/candas365.es\\\/noticias\\\/author\\\/admin\\\/#author\"},\"image\":{\"@type\":\"ImageObject\",\"url\":\"https:\\\/\\\/candas365.es\\\/noticias\\\/wp-content\\\/uploads\\\/2017\\\/10\\\/1507127559197.jpg\",\"@id\":\"https:\\\/\\\/candas365.es\\\/noticias\\\/fabrica-de-ideas-de-tve-estrena-temporada-en-la-2\\\/#mainImage\",\"width\":800,\"height\":533},\"primaryImageOfPage\":{\"@id\":\"https:\\\/\\\/candas365.es\\\/noticias\\\/fabrica-de-ideas-de-tve-estrena-temporada-en-la-2\\\/#mainImage\"},\"datePublished\":\"2017-10-05T06:07:49+02:00\",\"dateModified\":\"2017-10-05T06:07:49+02:00\"},{\"@type\":\"WebSite\",\"@id\":\"https:\\\/\\\/candas365.es\\\/noticias\\\/#website\",\"url\":\"https:\\\/\\\/candas365.es\\\/noticias\\\/\",\"name\":\"Cand\\u00e1s 365\",\"alternateName\":\"Cand\\u00e1s 365 Noticias\",\"description\":\"Actualidad desde Carre\\u00f1o para el mundo\",\"inLanguage\":\"es-ES\",\"publisher\":{\"@id\":\"https:\\\/\\\/candas365.es\\\/noticias\\\/#organization\"}}]}\n\t\t<\/script>\n\t\t<!-- All in One SEO Pro -->\r\n\t\t<title>\u2018F\u00e1brica de Ideas de TVE\u2019 estrena temporada en La 2 | Cand\u00e1s 365<\/title>\n\n","aioseo_head_json":{"title":"\u2018F\u00e1brica de Ideas de TVE\u2019 estrena temporada en La 2 | Cand\u00e1s 365","description":"'F\u00e1brica de ideas de TVE' comienza el pr\u00f3ximo s\u00e1bado, 7 de octubre, su novena temporada con nuevo presentador, Anxo P\u00e9rez. El programa, que naci\u00f3 de un concurso de ideas convocado entre los trabajadores de RTVE, ofrecer\u00e1 13 nuevos cap\u00edtulos dedicados a conocer las historias m\u00e1s sorprendentes de los emprendedores espa\u00f1oles y sus innovadoras propuestas de","canonical_url":"https:\/\/candas365.es\/noticias\/fabrica-de-ideas-de-tve-estrena-temporada-en-la-2\/","robots":"max-image-preview:large","keywords":"agenda","webmasterTools":{"google-site-verification":"UA-32230408-1","msvalidate.01":"354F3CDFB2DA171B47FBE9ABF1F88D5","miscellaneous":""},"schema":{"@context":"https:\/\/schema.org","@graph":[{"@type":"BreadcrumbList","@id":"https:\/\/candas365.es\/noticias\/fabrica-de-ideas-de-tve-estrena-temporada-en-la-2\/#breadcrumblist","itemListElement":[{"@type":"ListItem","@id":"https:\/\/candas365.es\/noticias#listItem","position":1,"name":"Home","item":"https:\/\/candas365.es\/noticias","nextItem":{"@type":"ListItem","@id":"https:\/\/candas365.es\/noticias\/category\/agenda\/#listItem","name":"Agenda"}},{"@type":"ListItem","@id":"https:\/\/candas365.es\/noticias\/category\/agenda\/#listItem","position":2,"name":"Agenda","item":"https:\/\/candas365.es\/noticias\/category\/agenda\/","nextItem":{"@type":"ListItem","@id":"https:\/\/candas365.es\/noticias\/fabrica-de-ideas-de-tve-estrena-temporada-en-la-2\/#listItem","name":"&#8216;F\u00e1brica de Ideas de TVE&#8217; estrena temporada en La 2"},"previousItem":{"@type":"ListItem","@id":"https:\/\/candas365.es\/noticias#listItem","name":"Home"}},{"@type":"ListItem","@id":"https:\/\/candas365.es\/noticias\/fabrica-de-ideas-de-tve-estrena-temporada-en-la-2\/#listItem","position":3,"name":"&#8216;F\u00e1brica de Ideas de TVE&#8217; estrena temporada en La 2","previousItem":{"@type":"ListItem","@id":"https:\/\/candas365.es\/noticias\/category\/agenda\/#listItem","name":"Agenda"}}]},{"@type":"NewsArticle","@id":"https:\/\/candas365.es\/noticias\/fabrica-de-ideas-de-tve-estrena-temporada-en-la-2\/#newsarticle","name":"\u2018F\u00e1brica de Ideas de TVE\u2019 estrena temporada en La 2 | Cand\u00e1s 365","headline":"&#8216;F\u00e1brica de Ideas de TVE&#8217; estrena temporada en La 2","author":{"@id":"https:\/\/candas365.es\/noticias\/author\/admin\/#author"},"publisher":{"@id":"https:\/\/candas365.es\/noticias\/#organization"},"image":{"@type":"ImageObject","url":"https:\/\/candas365.es\/noticias\/wp-content\/uploads\/2017\/10\/1507127559197.jpg","width":800,"height":533},"datePublished":"2017-10-05T06:07:49+02:00","dateModified":"2017-10-05T06:07:49+02:00","inLanguage":"es-ES","mainEntityOfPage":{"@id":"https:\/\/candas365.es\/noticias\/fabrica-de-ideas-de-tve-estrena-temporada-en-la-2\/#webpage"},"isPartOf":{"@id":"https:\/\/candas365.es\/noticias\/fabrica-de-ideas-de-tve-estrena-temporada-en-la-2\/#webpage"},"articleSection":"Agenda","dateline":"Publicado el octubre 5, 2017."},{"@type":"Organization","@id":"https:\/\/candas365.es\/noticias\/#organization","name":"Cand\u00e1s 365","description":"Cand\u00e1s 365 es un diario digital independiente, fundado en 2012, con base en Asturias. Informamos con rigor sobre actualidad, sociedad, cultura y ocio, con una mirada local y global.","url":"https:\/\/candas365.es\/noticias\/","email":"info@candas365.es","telephone":"+34652131393","foundingDate":"2012-06-10","logo":{"@type":"ImageObject","url":"https:\/\/candas365.es\/noticias\/wp-content\/uploads\/2024\/09\/Candas-365-Redes.jpg","@id":"https:\/\/candas365.es\/noticias\/fabrica-de-ideas-de-tve-estrena-temporada-en-la-2\/#organizationLogo","width":1152,"height":864,"caption":"Cand\u00e1s 365 Redes"},"image":{"@id":"https:\/\/candas365.es\/noticias\/fabrica-de-ideas-de-tve-estrena-temporada-en-la-2\/#organizationLogo"},"sameAs":["https:\/\/www.facebook.com\/Nachofdezber","https:\/\/x.com\/NabercoDigital","https:\/\/www.instagram.com\/nachofdezber\/","https:\/\/www.youtube.com\/channel\/UCZP-2wLEB9Rv6erhFmqVnvg"],"address":{"@id":"https:\/\/candas365.es\/noticias\/#postaladdress","@type":"PostalAddress","streetAddress":"san antonio 4, san antonio 4","postalCode":"33430","addressLocality":"Cand\u00e1s","addressRegion":"Asturias","addressCountry":"ES"}},{"@type":"Person","@id":"https:\/\/candas365.es\/noticias\/author\/admin\/#author","url":"https:\/\/candas365.es\/noticias\/author\/admin\/","name":"Cand\u00e1s 365","image":{"@type":"ImageObject","@id":"https:\/\/candas365.es\/noticias\/fabrica-de-ideas-de-tve-estrena-temporada-en-la-2\/#authorImage","url":"https:\/\/secure.gravatar.com\/avatar\/496a8e03d0c493ede1718b7934145dbdf8d89be1036b0eec9544e1094c9de390?s=96&d=mm&r=g","width":96,"height":96,"caption":"Cand\u00e1s 365"},"sameAs":["https:\/\/www.facebook.com\/carrenoactualidad","https:\/\/twitter.com\/nbasturias","https:\/\/www.instagram.com\/nachofdezber\/","https:\/\/www.youtube.com\/channel\/UCZP-2wLEB9Rv6erhFmqVnvg"]},{"@type":"WebPage","@id":"https:\/\/candas365.es\/noticias\/fabrica-de-ideas-de-tve-estrena-temporada-en-la-2\/#webpage","url":"https:\/\/candas365.es\/noticias\/fabrica-de-ideas-de-tve-estrena-temporada-en-la-2\/","name":"\u2018F\u00e1brica de Ideas de TVE\u2019 estrena temporada en La 2 | Cand\u00e1s 365","description":"'F\u00e1brica de ideas de TVE' comienza el pr\u00f3ximo s\u00e1bado, 7 de octubre, su novena temporada con nuevo presentador, Anxo P\u00e9rez. El programa, que naci\u00f3 de un concurso de ideas convocado entre los trabajadores de RTVE, ofrecer\u00e1 13 nuevos cap\u00edtulos dedicados a conocer las historias m\u00e1s sorprendentes de los emprendedores espa\u00f1oles y sus innovadoras propuestas de","inLanguage":"es-ES","isPartOf":{"@id":"https:\/\/candas365.es\/noticias\/#website"},"breadcrumb":{"@id":"https:\/\/candas365.es\/noticias\/fabrica-de-ideas-de-tve-estrena-temporada-en-la-2\/#breadcrumblist"},"author":{"@id":"https:\/\/candas365.es\/noticias\/author\/admin\/#author"},"creator":{"@id":"https:\/\/candas365.es\/noticias\/author\/admin\/#author"},"image":{"@type":"ImageObject","url":"https:\/\/candas365.es\/noticias\/wp-content\/uploads\/2017\/10\/1507127559197.jpg","@id":"https:\/\/candas365.es\/noticias\/fabrica-de-ideas-de-tve-estrena-temporada-en-la-2\/#mainImage","width":800,"height":533},"primaryImageOfPage":{"@id":"https:\/\/candas365.es\/noticias\/fabrica-de-ideas-de-tve-estrena-temporada-en-la-2\/#mainImage"},"datePublished":"2017-10-05T06:07:49+02:00","dateModified":"2017-10-05T06:07:49+02:00"},{"@type":"WebSite","@id":"https:\/\/candas365.es\/noticias\/#website","url":"https:\/\/candas365.es\/noticias\/","name":"Cand\u00e1s 365","alternateName":"Cand\u00e1s 365 Noticias","description":"Actualidad desde Carre\u00f1o para el mundo","inLanguage":"es-ES","publisher":{"@id":"https:\/\/candas365.es\/noticias\/#organization"}}]},"og:locale":"es_ES","og:site_name":"Cand\u00e1s 365","og:type":"article","og:title":"\u2018F\u00e1brica de Ideas de TVE\u2019 estrena temporada en La 2 | Cand\u00e1s 365","og:description":"'F\u00e1brica de ideas de TVE' comienza el pr\u00f3ximo s\u00e1bado, 7 de octubre, su novena temporada con nuevo presentador, Anxo P\u00e9rez. El programa, que naci\u00f3 de un concurso de ideas convocado entre los trabajadores de RTVE, ofrecer\u00e1 13 nuevos cap\u00edtulos dedicados a conocer las historias m\u00e1s sorprendentes de los emprendedores espa\u00f1oles y sus innovadoras propuestas de","og:url":"https:\/\/candas365.es\/noticias\/fabrica-de-ideas-de-tve-estrena-temporada-en-la-2\/","og:image":"https:\/\/candas365.es\/noticias\/wp-content\/uploads\/2017\/10\/1507127559197.jpg","og:image:secure_url":"https:\/\/candas365.es\/noticias\/wp-content\/uploads\/2017\/10\/1507127559197.jpg","og:image:width":800,"og:image:height":533,"article:published_time":"2017-10-05T06:07:49+00:00","article:modified_time":"2017-10-05T06:07:49+00:00","article:publisher":"https:\/\/www.facebook.com\/Nachofdezber","article:author":"https:\/\/www.facebook.com\/carrenoactualidad","twitter:card":"summary_large_image","twitter:site":"@NabercoDigital","twitter:title":"\u2018F\u00e1brica de Ideas de TVE\u2019 estrena temporada en La 2 | Cand\u00e1s 365","twitter:description":"'F\u00e1brica de ideas de TVE' comienza el pr\u00f3ximo s\u00e1bado, 7 de octubre, su novena temporada con nuevo presentador, Anxo P\u00e9rez. El programa, que naci\u00f3 de un concurso de ideas convocado entre los trabajadores de RTVE, ofrecer\u00e1 13 nuevos cap\u00edtulos dedicados a conocer las historias m\u00e1s sorprendentes de los emprendedores espa\u00f1oles y sus innovadoras propuestas de","twitter:creator":"@nbasturias","twitter:image":"https:\/\/candas365.es\/noticias\/wp-content\/uploads\/2017\/10\/1507127559197.jpg","twitter:label1":"Escrito por","twitter:data1":"Cand\u00e1s 365","twitter:label2":"Tiempo de lectura estimado","twitter:data2":"3 minutos"},"aioseo_meta_data":{"post_id":"81626","title":null,"description":null,"keywords":null,"keyphrases":null,"primary_term":null,"canonical_url":null,"og_title":null,"og_description":null,"og_object_type":"default","og_image_type":"default","og_image_url":null,"og_image_width":null,"og_image_height":null,"og_image_custom_url":null,"og_image_custom_fields":null,"og_video":null,"og_custom_url":null,"og_article_section":null,"og_article_tags":null,"twitter_use_og":false,"twitter_card":"default","twitter_image_type":"default","twitter_image_url":null,"twitter_image_custom_url":null,"twitter_image_custom_fields":null,"twitter_title":null,"twitter_description":null,"schema":{"blockGraphs":[],"customGraphs":[],"default":{"data":{"Article":[],"Course":[],"Dataset":[],"FAQPage":[],"Movie":[],"Person":[],"Product":[],"ProductReview":[],"Car":[],"Recipe":[],"Service":[],"SoftwareApplication":[],"WebPage":[]},"graphName":"","isEnabled":true},"graphs":[]},"schema_type":null,"schema_type_options":null,"pillar_content":false,"robots_default":true,"robots_noindex":false,"robots_noarchive":false,"robots_nosnippet":false,"robots_nofollow":false,"robots_noimageindex":false,"robots_noodp":false,"robots_notranslate":false,"robots_max_snippet":null,"robots_max_videopreview":null,"robots_max_imagepreview":"large","priority":null,"frequency":null,"location":null,"local_seo":null,"seo_analyzer_scan_date":"2025-08-26 02:03:56","breadcrumb_settings":null,"limit_modified_date":false,"reviewed_by":null,"open_ai":null,"ai":null,"created":"2020-12-21 12:40:56","updated":"2025-08-26 02:03:56"},"aioseo_breadcrumb":"<div class=\"aioseo-breadcrumbs\"><span class=\"aioseo-breadcrumb\">\n\t<a href=\"https:\/\/candas365.es\/noticias\" title=\"Home\">Home<\/a>\n<\/span><span class=\"aioseo-breadcrumb-separator\">&ndash;<\/span><span class=\"aioseo-breadcrumb\">\n\t<a href=\"https:\/\/candas365.es\/noticias\/category\/agenda\/\" title=\"Agenda\">Agenda<\/a>\n<\/span><span class=\"aioseo-breadcrumb-separator\">&ndash;<\/span><span class=\"aioseo-breadcrumb\">\n\t\u2018F\u00e1brica de Ideas de TVE\u2019 estrena temporada en La 2\n<\/span><\/div>","aioseo_breadcrumb_json":[{"label":"Home","link":"https:\/\/candas365.es\/noticias"},{"label":"Agenda","link":"https:\/\/candas365.es\/noticias\/category\/agenda\/"},{"label":"&#8216;F\u00e1brica de Ideas de TVE&#8217; estrena temporada en La 2","link":"https:\/\/candas365.es\/noticias\/fabrica-de-ideas-de-tve-estrena-temporada-en-la-2\/"}],"_links":{"self":[{"href":"https:\/\/candas365.es\/noticias\/wp-json\/wp\/v2\/posts\/81626","targetHints":{"allow":["GET"]}}],"collection":[{"href":"https:\/\/candas365.es\/noticias\/wp-json\/wp\/v2\/posts"}],"about":[{"href":"https:\/\/candas365.es\/noticias\/wp-json\/wp\/v2\/types\/post"}],"author":[{"embeddable":true,"href":"https:\/\/candas365.es\/noticias\/wp-json\/wp\/v2\/users\/1"}],"replies":[{"embeddable":true,"href":"https:\/\/candas365.es\/noticias\/wp-json\/wp\/v2\/comments?post=81626"}],"version-history":[{"count":0,"href":"https:\/\/candas365.es\/noticias\/wp-json\/wp\/v2\/posts\/81626\/revisions"}],"wp:featuredmedia":[{"embeddable":true,"href":"https:\/\/candas365.es\/noticias\/wp-json\/wp\/v2\/media\/81627"}],"wp:attachment":[{"href":"https:\/\/candas365.es\/noticias\/wp-json\/wp\/v2\/media?parent=81626"}],"wp:term":[{"taxonomy":"category","embeddable":true,"href":"https:\/\/candas365.es\/noticias\/wp-json\/wp\/v2\/categories?post=81626"},{"taxonomy":"post_tag","embeddable":true,"href":"https:\/\/candas365.es\/noticias\/wp-json\/wp\/v2\/tags?post=81626"}],"curies":[{"name":"wp","href":"https:\/\/api.w.org\/{rel}","templated":true}]}}