{"id":81624,"date":"2017-10-05T06:02:48","date_gmt":"2017-10-05T06:02:48","guid":{"rendered":"http:\/\/candas365.es\/noticias\/?p=81624"},"modified":"2017-10-05T06:02:48","modified_gmt":"2017-10-05T06:02:48","slug":"dias-de-cine-se-adentra-en-el-nuevo-blade-runner","status":"publish","type":"post","link":"https:\/\/candas365.es\/noticias\/dias-de-cine-se-adentra-en-el-nuevo-blade-runner\/","title":{"rendered":"&#8216;D\u00edas de cine&#8217; se adentra en el nuevo &#8216;Blade Runner&#8217;"},"content":{"rendered":"<p><img fetchpriority=\"high\" decoding=\"async\" class=\"alignleft size-medium wp-image-80888\" src=\"https:\/\/candas365.es\/noticias\/wp-content\/uploads\/2017\/09\/2717777_960_720-tele-360x240.jpg\" alt=\"\" width=\"360\" height=\"240\" srcset=\"https:\/\/candas365.es\/noticias\/wp-content\/uploads\/2017\/09\/2717777_960_720-tele-360x240.jpg 360w, https:\/\/candas365.es\/noticias\/wp-content\/uploads\/2017\/09\/2717777_960_720-tele-768x512.jpg 768w, https:\/\/candas365.es\/noticias\/wp-content\/uploads\/2017\/09\/2717777_960_720-tele-655x437.jpg 655w, https:\/\/candas365.es\/noticias\/wp-content\/uploads\/2017\/09\/2717777_960_720-tele-696x464.jpg 696w, https:\/\/candas365.es\/noticias\/wp-content\/uploads\/2017\/09\/2717777_960_720-tele-630x420.jpg 630w, https:\/\/candas365.es\/noticias\/wp-content\/uploads\/2017\/09\/2717777_960_720-tele-84x55.jpg 84w, https:\/\/candas365.es\/noticias\/wp-content\/uploads\/2017\/09\/2717777_960_720-tele.jpg 960w\" sizes=\"(max-width: 360px) 100vw, 360px\" \/>A punto de cumplir 26 a\u00f1os en RTVE \u2018D\u00edas de cine\u2019, presentado por Elena S. S\u00e1nchez, se sumerge este jueves en uno de los estrenos m\u00e1s esperados de la cartelera cinematogr\u00e1fica: \u2018Blade Runner 2049\u2019. Adem\u00e1s, otros t\u00edtulos como \u2018Morir\u2019, \u2018El \u00faltimo traje\u2019 o \u2018El jard\u00edn de Jeannette\u2019 y un recuerdo para el cineasta Antonio Isasi Isasmendi, fallecido el pasado jueves.<\/p>\n<p>Treinta y cinco a\u00f1os despu\u00e9s de \u2018Blade Runner\u2019 y 30 despu\u00e9s en la ficci\u00f3n, llega uno de los t\u00edtulos m\u00e1s esperados en mucho tiempo, \u2018Blade Runner 2049\u2019, producida por Ridley Scott y dirigida por Denis Villeneuve. Harrison Ford y Ryan Gosling protagonizan la secuela.<\/p>\n<p>A continuaci\u00f3n, una pel\u00edcula que ha pasado por el reci\u00e9n clausurado Festival de San Sebasti\u00e1n: \u2018Morir\u2019, protagonizada por Marian \u00c1lvarez y Andr\u00e9s Gertrudix, y dirigida por Fernando Franco. Tambi\u00e9n llegan la argentina \u2018El \u00faltimo traje\u2019, un drama sobre el holocausto con Miguel \u00c1ngel Sol\u00e1, \u00c1ngela Molina y Natalia Verbeke; y la pel\u00edcula francesa dirigida por St\u00e9phane Brize \u2018El jard\u00edn de Jeannette\u2019, ambientada en el siglo XIX.<\/p>\n<p>Adem\u00e1s, el espacio de cine de La 2 hablar\u00e1 sobre \u2018Toc Toc\u2019, una divertida adaptaci\u00f3n al cine de Vicente Villanueva del \u00e9xito teatral de Laurent Baffie protagonizada por Paco Le\u00f3n, Rossy de Palma, Alexandra Jim\u00e9nez y \u00d3scar Mart\u00ednez.<\/p>\n<p>Y sobre el documental \u2018Una verdad muy inc\u00f3moda\u2019, que indaga sobre qu\u00e9 podemos hacer para evitar el desastre que se anunciaba en la pel\u00edcula por la que Al Gore consigui\u00f3 un Oscar al mejor documental hace once a\u00f1os, \u2018Una verdad inc\u00f3moda\u2019.<\/p>\n<p>En el tramo final, adem\u00e1s de las noticias y las recomendaciones del programa, qu\u00e9 significa el cine para Ricardo Dar\u00edn, reciente Premio Donostia, y un recuerdo para la figura del cineasta Antonio Isasi Isasmendi, fallecido el pasado jueves.<\/p>\n","protected":false},"excerpt":{"rendered":"<p>A punto de cumplir 26 a\u00f1os en RTVE \u2018D\u00edas de cine\u2019, presentado por Elena S. S\u00e1nchez, se sumerge este jueves en uno de los estrenos m\u00e1s esperados de la cartelera cinematogr\u00e1fica: \u2018Blade Runner 2049\u2019. Adem\u00e1s, otros t\u00edtulos como \u2018Morir\u2019, \u2018El \u00faltimo traje\u2019 o \u2018El jard\u00edn de Jeannette\u2019 y un recuerdo para el cineasta Antonio Isasi<\/p>\n","protected":false},"author":1,"featured_media":80888,"comment_status":"closed","ping_status":"closed","sticky":false,"template":"","format":"standard","meta":{"footnotes":""},"categories":[1],"tags":[],"class_list":{"0":"post-81624","1":"post","2":"type-post","3":"status-publish","4":"format-standard","5":"has-post-thumbnail","7":"category-agenda"},"aioseo_notices":[],"aioseo_head":"\n\t\t<!-- All in One SEO Pro 4.9.6.2 - aioseo.com -->\n\t<meta name=\"description\" content=\"A punto de cumplir 26 a\u00f1os en RTVE \u2018D\u00edas de cine\u2019, presentado por Elena S. S\u00e1nchez, se sumerge este jueves en uno de los estrenos m\u00e1s esperados de la cartelera cinematogr\u00e1fica: \u2018Blade Runner 2049\u2019. Adem\u00e1s, otros t\u00edtulos como \u2018Morir\u2019, \u2018El \u00faltimo traje\u2019 o \u2018El jard\u00edn de Jeannette\u2019 y un recuerdo para el cineasta Antonio Isasi\" \/>\n\t<meta name=\"robots\" content=\"max-image-preview:large\" \/>\n\t<meta name=\"author\" content=\"Cand\u00e1s 365\"\/>\n\t<meta name=\"google-site-verification\" content=\"UA-32230408-1\" \/>\n\t<meta name=\"msvalidate.01\" content=\"354F3CDFB2DA171B47FBE9ABF1F88D5\" \/>\n\t<meta name=\"keywords\" content=\"agenda\" \/>\n\t<link rel=\"canonical\" href=\"https:\/\/candas365.es\/noticias\/dias-de-cine-se-adentra-en-el-nuevo-blade-runner\/\" \/>\n\t<meta name=\"generator\" content=\"All in One SEO Pro (AIOSEO) 4.9.6.2\" \/>\n\t\t<meta property=\"og:locale\" content=\"es_ES\" \/>\n\t\t<meta property=\"og:site_name\" content=\"Cand\u00e1s 365\" \/>\n\t\t<meta property=\"og:type\" content=\"article\" \/>\n\t\t<meta property=\"og:title\" content=\"\u2018D\u00edas de cine\u2019 se adentra en el nuevo \u2018Blade Runner\u2019 | Cand\u00e1s 365\" \/>\n\t\t<meta property=\"og:description\" content=\"A punto de cumplir 26 a\u00f1os en RTVE \u2018D\u00edas de cine\u2019, presentado por Elena S. S\u00e1nchez, se sumerge este jueves en uno de los estrenos m\u00e1s esperados de la cartelera cinematogr\u00e1fica: \u2018Blade Runner 2049\u2019. Adem\u00e1s, otros t\u00edtulos como \u2018Morir\u2019, \u2018El \u00faltimo traje\u2019 o \u2018El jard\u00edn de Jeannette\u2019 y un recuerdo para el cineasta Antonio Isasi\" \/>\n\t\t<meta property=\"og:url\" content=\"https:\/\/candas365.es\/noticias\/dias-de-cine-se-adentra-en-el-nuevo-blade-runner\/\" \/>\n\t\t<meta property=\"og:image\" content=\"https:\/\/candas365.es\/noticias\/wp-content\/uploads\/2017\/09\/2717777_960_720-tele.jpg\" \/>\n\t\t<meta property=\"og:image:secure_url\" content=\"https:\/\/candas365.es\/noticias\/wp-content\/uploads\/2017\/09\/2717777_960_720-tele.jpg\" \/>\n\t\t<meta property=\"og:image:width\" content=\"960\" \/>\n\t\t<meta property=\"og:image:height\" content=\"640\" \/>\n\t\t<meta property=\"article:published_time\" content=\"2017-10-05T06:02:48+00:00\" \/>\n\t\t<meta property=\"article:modified_time\" content=\"2017-10-05T06:02:48+00:00\" \/>\n\t\t<meta property=\"article:publisher\" content=\"https:\/\/www.facebook.com\/Nachofdezber\" \/>\n\t\t<meta property=\"article:author\" content=\"https:\/\/www.facebook.com\/carrenoactualidad\" \/>\n\t\t<meta name=\"twitter:card\" content=\"summary_large_image\" \/>\n\t\t<meta name=\"twitter:site\" content=\"@NabercoDigital\" \/>\n\t\t<meta name=\"twitter:title\" content=\"\u2018D\u00edas de cine\u2019 se adentra en el nuevo \u2018Blade Runner\u2019 | Cand\u00e1s 365\" \/>\n\t\t<meta name=\"twitter:description\" content=\"A punto de cumplir 26 a\u00f1os en RTVE \u2018D\u00edas de cine\u2019, presentado por Elena S. S\u00e1nchez, se sumerge este jueves en uno de los estrenos m\u00e1s esperados de la cartelera cinematogr\u00e1fica: \u2018Blade Runner 2049\u2019. Adem\u00e1s, otros t\u00edtulos como \u2018Morir\u2019, \u2018El \u00faltimo traje\u2019 o \u2018El jard\u00edn de Jeannette\u2019 y un recuerdo para el cineasta Antonio Isasi\" \/>\n\t\t<meta name=\"twitter:creator\" content=\"@nbasturias\" \/>\n\t\t<meta name=\"twitter:image\" content=\"https:\/\/candas365.es\/noticias\/wp-content\/uploads\/2017\/09\/2717777_960_720-tele.jpg\" \/>\n\t\t<meta name=\"twitter:label1\" content=\"Escrito por\" \/>\n\t\t<meta name=\"twitter:data1\" content=\"Cand\u00e1s 365\" \/>\n\t\t<meta name=\"twitter:label2\" content=\"Tiempo de lectura estimado\" \/>\n\t\t<meta name=\"twitter:data2\" content=\"2 minutos\" \/>\n\t\t<script type=\"application\/ld+json\" class=\"aioseo-schema\">\n\t\t\t{\"@context\":\"https:\\\/\\\/schema.org\",\"@graph\":[{\"@type\":\"BreadcrumbList\",\"@id\":\"https:\\\/\\\/candas365.es\\\/noticias\\\/dias-de-cine-se-adentra-en-el-nuevo-blade-runner\\\/#breadcrumblist\",\"itemListElement\":[{\"@type\":\"ListItem\",\"@id\":\"https:\\\/\\\/candas365.es\\\/noticias#listItem\",\"position\":1,\"name\":\"Home\",\"item\":\"https:\\\/\\\/candas365.es\\\/noticias\",\"nextItem\":{\"@type\":\"ListItem\",\"@id\":\"https:\\\/\\\/candas365.es\\\/noticias\\\/category\\\/agenda\\\/#listItem\",\"name\":\"Agenda\"}},{\"@type\":\"ListItem\",\"@id\":\"https:\\\/\\\/candas365.es\\\/noticias\\\/category\\\/agenda\\\/#listItem\",\"position\":2,\"name\":\"Agenda\",\"item\":\"https:\\\/\\\/candas365.es\\\/noticias\\\/category\\\/agenda\\\/\",\"nextItem\":{\"@type\":\"ListItem\",\"@id\":\"https:\\\/\\\/candas365.es\\\/noticias\\\/dias-de-cine-se-adentra-en-el-nuevo-blade-runner\\\/#listItem\",\"name\":\"&#8216;D\\u00edas de cine&#8217; se adentra en el nuevo &#8216;Blade Runner&#8217;\"},\"previousItem\":{\"@type\":\"ListItem\",\"@id\":\"https:\\\/\\\/candas365.es\\\/noticias#listItem\",\"name\":\"Home\"}},{\"@type\":\"ListItem\",\"@id\":\"https:\\\/\\\/candas365.es\\\/noticias\\\/dias-de-cine-se-adentra-en-el-nuevo-blade-runner\\\/#listItem\",\"position\":3,\"name\":\"&#8216;D\\u00edas de cine&#8217; se adentra en el nuevo &#8216;Blade Runner&#8217;\",\"previousItem\":{\"@type\":\"ListItem\",\"@id\":\"https:\\\/\\\/candas365.es\\\/noticias\\\/category\\\/agenda\\\/#listItem\",\"name\":\"Agenda\"}}]},{\"@type\":\"NewsArticle\",\"@id\":\"https:\\\/\\\/candas365.es\\\/noticias\\\/dias-de-cine-se-adentra-en-el-nuevo-blade-runner\\\/#newsarticle\",\"name\":\"\\u2018D\\u00edas de cine\\u2019 se adentra en el nuevo \\u2018Blade Runner\\u2019 | Cand\\u00e1s 365\",\"headline\":\"&#8216;D\\u00edas de cine&#8217; se adentra en el nuevo &#8216;Blade Runner&#8217;\",\"author\":{\"@id\":\"https:\\\/\\\/candas365.es\\\/noticias\\\/author\\\/admin\\\/#author\"},\"publisher\":{\"@id\":\"https:\\\/\\\/candas365.es\\\/noticias\\\/#organization\"},\"image\":{\"@type\":\"ImageObject\",\"url\":\"https:\\\/\\\/candas365.es\\\/noticias\\\/wp-content\\\/uploads\\\/2017\\\/09\\\/2717777_960_720-tele.jpg\",\"width\":960,\"height\":640},\"datePublished\":\"2017-10-05T06:02:48+02:00\",\"dateModified\":\"2017-10-05T06:02:48+02:00\",\"inLanguage\":\"es-ES\",\"mainEntityOfPage\":{\"@id\":\"https:\\\/\\\/candas365.es\\\/noticias\\\/dias-de-cine-se-adentra-en-el-nuevo-blade-runner\\\/#webpage\"},\"isPartOf\":{\"@id\":\"https:\\\/\\\/candas365.es\\\/noticias\\\/dias-de-cine-se-adentra-en-el-nuevo-blade-runner\\\/#webpage\"},\"articleSection\":\"Agenda\",\"dateline\":\"Publicado el octubre 5, 2017.\"},{\"@type\":\"Organization\",\"@id\":\"https:\\\/\\\/candas365.es\\\/noticias\\\/#organization\",\"name\":\"Cand\\u00e1s 365\",\"description\":\"Cand\\u00e1s 365 es un diario digital independiente, fundado en 2012, con base en Asturias. Informamos con rigor sobre actualidad, sociedad, cultura y ocio, con una mirada local y global.\",\"url\":\"https:\\\/\\\/candas365.es\\\/noticias\\\/\",\"email\":\"info@candas365.es\",\"telephone\":\"+34652131393\",\"foundingDate\":\"2012-06-10\",\"logo\":{\"@type\":\"ImageObject\",\"url\":\"https:\\\/\\\/candas365.es\\\/noticias\\\/wp-content\\\/uploads\\\/2024\\\/09\\\/Candas-365-Redes.jpg\",\"@id\":\"https:\\\/\\\/candas365.es\\\/noticias\\\/dias-de-cine-se-adentra-en-el-nuevo-blade-runner\\\/#organizationLogo\",\"width\":1152,\"height\":864,\"caption\":\"Cand\\u00e1s 365 Redes\"},\"image\":{\"@id\":\"https:\\\/\\\/candas365.es\\\/noticias\\\/dias-de-cine-se-adentra-en-el-nuevo-blade-runner\\\/#organizationLogo\"},\"sameAs\":[\"https:\\\/\\\/www.facebook.com\\\/Nachofdezber\",\"https:\\\/\\\/x.com\\\/NabercoDigital\",\"https:\\\/\\\/www.instagram.com\\\/nachofdezber\\\/\",\"https:\\\/\\\/www.youtube.com\\\/channel\\\/UCZP-2wLEB9Rv6erhFmqVnvg\"],\"address\":{\"@id\":\"https:\\\/\\\/candas365.es\\\/noticias\\\/#postaladdress\",\"@type\":\"PostalAddress\",\"streetAddress\":\"san antonio 4, san antonio 4\",\"postalCode\":\"33430\",\"addressLocality\":\"Cand\\u00e1s\",\"addressRegion\":\"Asturias\",\"addressCountry\":\"ES\"}},{\"@type\":\"Person\",\"@id\":\"https:\\\/\\\/candas365.es\\\/noticias\\\/author\\\/admin\\\/#author\",\"url\":\"https:\\\/\\\/candas365.es\\\/noticias\\\/author\\\/admin\\\/\",\"name\":\"Cand\\u00e1s 365\",\"image\":{\"@type\":\"ImageObject\",\"@id\":\"https:\\\/\\\/candas365.es\\\/noticias\\\/dias-de-cine-se-adentra-en-el-nuevo-blade-runner\\\/#authorImage\",\"url\":\"https:\\\/\\\/secure.gravatar.com\\\/avatar\\\/496a8e03d0c493ede1718b7934145dbdf8d89be1036b0eec9544e1094c9de390?s=96&d=mm&r=g\",\"width\":96,\"height\":96,\"caption\":\"Cand\\u00e1s 365\"},\"sameAs\":[\"https:\\\/\\\/www.facebook.com\\\/carrenoactualidad\",\"https:\\\/\\\/twitter.com\\\/nbasturias\",\"https:\\\/\\\/www.instagram.com\\\/nachofdezber\\\/\",\"https:\\\/\\\/www.youtube.com\\\/channel\\\/UCZP-2wLEB9Rv6erhFmqVnvg\"]},{\"@type\":\"WebPage\",\"@id\":\"https:\\\/\\\/candas365.es\\\/noticias\\\/dias-de-cine-se-adentra-en-el-nuevo-blade-runner\\\/#webpage\",\"url\":\"https:\\\/\\\/candas365.es\\\/noticias\\\/dias-de-cine-se-adentra-en-el-nuevo-blade-runner\\\/\",\"name\":\"\\u2018D\\u00edas de cine\\u2019 se adentra en el nuevo \\u2018Blade Runner\\u2019 | Cand\\u00e1s 365\",\"description\":\"A punto de cumplir 26 a\\u00f1os en RTVE \\u2018D\\u00edas de cine\\u2019, presentado por Elena S. S\\u00e1nchez, se sumerge este jueves en uno de los estrenos m\\u00e1s esperados de la cartelera cinematogr\\u00e1fica: \\u2018Blade Runner 2049\\u2019. Adem\\u00e1s, otros t\\u00edtulos como \\u2018Morir\\u2019, \\u2018El \\u00faltimo traje\\u2019 o \\u2018El jard\\u00edn de Jeannette\\u2019 y un recuerdo para el cineasta Antonio Isasi\",\"inLanguage\":\"es-ES\",\"isPartOf\":{\"@id\":\"https:\\\/\\\/candas365.es\\\/noticias\\\/#website\"},\"breadcrumb\":{\"@id\":\"https:\\\/\\\/candas365.es\\\/noticias\\\/dias-de-cine-se-adentra-en-el-nuevo-blade-runner\\\/#breadcrumblist\"},\"author\":{\"@id\":\"https:\\\/\\\/candas365.es\\\/noticias\\\/author\\\/admin\\\/#author\"},\"creator\":{\"@id\":\"https:\\\/\\\/candas365.es\\\/noticias\\\/author\\\/admin\\\/#author\"},\"image\":{\"@type\":\"ImageObject\",\"url\":\"https:\\\/\\\/candas365.es\\\/noticias\\\/wp-content\\\/uploads\\\/2017\\\/09\\\/2717777_960_720-tele.jpg\",\"@id\":\"https:\\\/\\\/candas365.es\\\/noticias\\\/dias-de-cine-se-adentra-en-el-nuevo-blade-runner\\\/#mainImage\",\"width\":960,\"height\":640},\"primaryImageOfPage\":{\"@id\":\"https:\\\/\\\/candas365.es\\\/noticias\\\/dias-de-cine-se-adentra-en-el-nuevo-blade-runner\\\/#mainImage\"},\"datePublished\":\"2017-10-05T06:02:48+02:00\",\"dateModified\":\"2017-10-05T06:02:48+02:00\"},{\"@type\":\"WebSite\",\"@id\":\"https:\\\/\\\/candas365.es\\\/noticias\\\/#website\",\"url\":\"https:\\\/\\\/candas365.es\\\/noticias\\\/\",\"name\":\"Cand\\u00e1s 365\",\"alternateName\":\"Cand\\u00e1s 365 Noticias\",\"description\":\"Actualidad desde Carre\\u00f1o para el mundo\",\"inLanguage\":\"es-ES\",\"publisher\":{\"@id\":\"https:\\\/\\\/candas365.es\\\/noticias\\\/#organization\"}}]}\n\t\t<\/script>\n\t\t<!-- All in One SEO Pro -->\r\n\t\t<title>\u2018D\u00edas de cine\u2019 se adentra en el nuevo \u2018Blade Runner\u2019 | Cand\u00e1s 365<\/title>\n\n","aioseo_head_json":{"title":"\u2018D\u00edas de cine\u2019 se adentra en el nuevo \u2018Blade Runner\u2019 | Cand\u00e1s 365","description":"A punto de cumplir 26 a\u00f1os en RTVE \u2018D\u00edas de cine\u2019, presentado por Elena S. S\u00e1nchez, se sumerge este jueves en uno de los estrenos m\u00e1s esperados de la cartelera cinematogr\u00e1fica: \u2018Blade Runner 2049\u2019. Adem\u00e1s, otros t\u00edtulos como \u2018Morir\u2019, \u2018El \u00faltimo traje\u2019 o \u2018El jard\u00edn de Jeannette\u2019 y un recuerdo para el cineasta Antonio Isasi","canonical_url":"https:\/\/candas365.es\/noticias\/dias-de-cine-se-adentra-en-el-nuevo-blade-runner\/","robots":"max-image-preview:large","keywords":"agenda","webmasterTools":{"google-site-verification":"UA-32230408-1","msvalidate.01":"354F3CDFB2DA171B47FBE9ABF1F88D5","miscellaneous":""},"schema":{"@context":"https:\/\/schema.org","@graph":[{"@type":"BreadcrumbList","@id":"https:\/\/candas365.es\/noticias\/dias-de-cine-se-adentra-en-el-nuevo-blade-runner\/#breadcrumblist","itemListElement":[{"@type":"ListItem","@id":"https:\/\/candas365.es\/noticias#listItem","position":1,"name":"Home","item":"https:\/\/candas365.es\/noticias","nextItem":{"@type":"ListItem","@id":"https:\/\/candas365.es\/noticias\/category\/agenda\/#listItem","name":"Agenda"}},{"@type":"ListItem","@id":"https:\/\/candas365.es\/noticias\/category\/agenda\/#listItem","position":2,"name":"Agenda","item":"https:\/\/candas365.es\/noticias\/category\/agenda\/","nextItem":{"@type":"ListItem","@id":"https:\/\/candas365.es\/noticias\/dias-de-cine-se-adentra-en-el-nuevo-blade-runner\/#listItem","name":"&#8216;D\u00edas de cine&#8217; se adentra en el nuevo &#8216;Blade Runner&#8217;"},"previousItem":{"@type":"ListItem","@id":"https:\/\/candas365.es\/noticias#listItem","name":"Home"}},{"@type":"ListItem","@id":"https:\/\/candas365.es\/noticias\/dias-de-cine-se-adentra-en-el-nuevo-blade-runner\/#listItem","position":3,"name":"&#8216;D\u00edas de cine&#8217; se adentra en el nuevo &#8216;Blade Runner&#8217;","previousItem":{"@type":"ListItem","@id":"https:\/\/candas365.es\/noticias\/category\/agenda\/#listItem","name":"Agenda"}}]},{"@type":"NewsArticle","@id":"https:\/\/candas365.es\/noticias\/dias-de-cine-se-adentra-en-el-nuevo-blade-runner\/#newsarticle","name":"\u2018D\u00edas de cine\u2019 se adentra en el nuevo \u2018Blade Runner\u2019 | Cand\u00e1s 365","headline":"&#8216;D\u00edas de cine&#8217; se adentra en el nuevo &#8216;Blade Runner&#8217;","author":{"@id":"https:\/\/candas365.es\/noticias\/author\/admin\/#author"},"publisher":{"@id":"https:\/\/candas365.es\/noticias\/#organization"},"image":{"@type":"ImageObject","url":"https:\/\/candas365.es\/noticias\/wp-content\/uploads\/2017\/09\/2717777_960_720-tele.jpg","width":960,"height":640},"datePublished":"2017-10-05T06:02:48+02:00","dateModified":"2017-10-05T06:02:48+02:00","inLanguage":"es-ES","mainEntityOfPage":{"@id":"https:\/\/candas365.es\/noticias\/dias-de-cine-se-adentra-en-el-nuevo-blade-runner\/#webpage"},"isPartOf":{"@id":"https:\/\/candas365.es\/noticias\/dias-de-cine-se-adentra-en-el-nuevo-blade-runner\/#webpage"},"articleSection":"Agenda","dateline":"Publicado el octubre 5, 2017."},{"@type":"Organization","@id":"https:\/\/candas365.es\/noticias\/#organization","name":"Cand\u00e1s 365","description":"Cand\u00e1s 365 es un diario digital independiente, fundado en 2012, con base en Asturias. Informamos con rigor sobre actualidad, sociedad, cultura y ocio, con una mirada local y global.","url":"https:\/\/candas365.es\/noticias\/","email":"info@candas365.es","telephone":"+34652131393","foundingDate":"2012-06-10","logo":{"@type":"ImageObject","url":"https:\/\/candas365.es\/noticias\/wp-content\/uploads\/2024\/09\/Candas-365-Redes.jpg","@id":"https:\/\/candas365.es\/noticias\/dias-de-cine-se-adentra-en-el-nuevo-blade-runner\/#organizationLogo","width":1152,"height":864,"caption":"Cand\u00e1s 365 Redes"},"image":{"@id":"https:\/\/candas365.es\/noticias\/dias-de-cine-se-adentra-en-el-nuevo-blade-runner\/#organizationLogo"},"sameAs":["https:\/\/www.facebook.com\/Nachofdezber","https:\/\/x.com\/NabercoDigital","https:\/\/www.instagram.com\/nachofdezber\/","https:\/\/www.youtube.com\/channel\/UCZP-2wLEB9Rv6erhFmqVnvg"],"address":{"@id":"https:\/\/candas365.es\/noticias\/#postaladdress","@type":"PostalAddress","streetAddress":"san antonio 4, san antonio 4","postalCode":"33430","addressLocality":"Cand\u00e1s","addressRegion":"Asturias","addressCountry":"ES"}},{"@type":"Person","@id":"https:\/\/candas365.es\/noticias\/author\/admin\/#author","url":"https:\/\/candas365.es\/noticias\/author\/admin\/","name":"Cand\u00e1s 365","image":{"@type":"ImageObject","@id":"https:\/\/candas365.es\/noticias\/dias-de-cine-se-adentra-en-el-nuevo-blade-runner\/#authorImage","url":"https:\/\/secure.gravatar.com\/avatar\/496a8e03d0c493ede1718b7934145dbdf8d89be1036b0eec9544e1094c9de390?s=96&d=mm&r=g","width":96,"height":96,"caption":"Cand\u00e1s 365"},"sameAs":["https:\/\/www.facebook.com\/carrenoactualidad","https:\/\/twitter.com\/nbasturias","https:\/\/www.instagram.com\/nachofdezber\/","https:\/\/www.youtube.com\/channel\/UCZP-2wLEB9Rv6erhFmqVnvg"]},{"@type":"WebPage","@id":"https:\/\/candas365.es\/noticias\/dias-de-cine-se-adentra-en-el-nuevo-blade-runner\/#webpage","url":"https:\/\/candas365.es\/noticias\/dias-de-cine-se-adentra-en-el-nuevo-blade-runner\/","name":"\u2018D\u00edas de cine\u2019 se adentra en el nuevo \u2018Blade Runner\u2019 | Cand\u00e1s 365","description":"A punto de cumplir 26 a\u00f1os en RTVE \u2018D\u00edas de cine\u2019, presentado por Elena S. S\u00e1nchez, se sumerge este jueves en uno de los estrenos m\u00e1s esperados de la cartelera cinematogr\u00e1fica: \u2018Blade Runner 2049\u2019. Adem\u00e1s, otros t\u00edtulos como \u2018Morir\u2019, \u2018El \u00faltimo traje\u2019 o \u2018El jard\u00edn de Jeannette\u2019 y un recuerdo para el cineasta Antonio Isasi","inLanguage":"es-ES","isPartOf":{"@id":"https:\/\/candas365.es\/noticias\/#website"},"breadcrumb":{"@id":"https:\/\/candas365.es\/noticias\/dias-de-cine-se-adentra-en-el-nuevo-blade-runner\/#breadcrumblist"},"author":{"@id":"https:\/\/candas365.es\/noticias\/author\/admin\/#author"},"creator":{"@id":"https:\/\/candas365.es\/noticias\/author\/admin\/#author"},"image":{"@type":"ImageObject","url":"https:\/\/candas365.es\/noticias\/wp-content\/uploads\/2017\/09\/2717777_960_720-tele.jpg","@id":"https:\/\/candas365.es\/noticias\/dias-de-cine-se-adentra-en-el-nuevo-blade-runner\/#mainImage","width":960,"height":640},"primaryImageOfPage":{"@id":"https:\/\/candas365.es\/noticias\/dias-de-cine-se-adentra-en-el-nuevo-blade-runner\/#mainImage"},"datePublished":"2017-10-05T06:02:48+02:00","dateModified":"2017-10-05T06:02:48+02:00"},{"@type":"WebSite","@id":"https:\/\/candas365.es\/noticias\/#website","url":"https:\/\/candas365.es\/noticias\/","name":"Cand\u00e1s 365","alternateName":"Cand\u00e1s 365 Noticias","description":"Actualidad desde Carre\u00f1o para el mundo","inLanguage":"es-ES","publisher":{"@id":"https:\/\/candas365.es\/noticias\/#organization"}}]},"og:locale":"es_ES","og:site_name":"Cand\u00e1s 365","og:type":"article","og:title":"\u2018D\u00edas de cine\u2019 se adentra en el nuevo \u2018Blade Runner\u2019 | Cand\u00e1s 365","og:description":"A punto de cumplir 26 a\u00f1os en RTVE \u2018D\u00edas de cine\u2019, presentado por Elena S. S\u00e1nchez, se sumerge este jueves en uno de los estrenos m\u00e1s esperados de la cartelera cinematogr\u00e1fica: \u2018Blade Runner 2049\u2019. Adem\u00e1s, otros t\u00edtulos como \u2018Morir\u2019, \u2018El \u00faltimo traje\u2019 o \u2018El jard\u00edn de Jeannette\u2019 y un recuerdo para el cineasta Antonio Isasi","og:url":"https:\/\/candas365.es\/noticias\/dias-de-cine-se-adentra-en-el-nuevo-blade-runner\/","og:image":"https:\/\/candas365.es\/noticias\/wp-content\/uploads\/2017\/09\/2717777_960_720-tele.jpg","og:image:secure_url":"https:\/\/candas365.es\/noticias\/wp-content\/uploads\/2017\/09\/2717777_960_720-tele.jpg","og:image:width":960,"og:image:height":640,"article:published_time":"2017-10-05T06:02:48+00:00","article:modified_time":"2017-10-05T06:02:48+00:00","article:publisher":"https:\/\/www.facebook.com\/Nachofdezber","article:author":"https:\/\/www.facebook.com\/carrenoactualidad","twitter:card":"summary_large_image","twitter:site":"@NabercoDigital","twitter:title":"\u2018D\u00edas de cine\u2019 se adentra en el nuevo \u2018Blade Runner\u2019 | Cand\u00e1s 365","twitter:description":"A punto de cumplir 26 a\u00f1os en RTVE \u2018D\u00edas de cine\u2019, presentado por Elena S. S\u00e1nchez, se sumerge este jueves en uno de los estrenos m\u00e1s esperados de la cartelera cinematogr\u00e1fica: \u2018Blade Runner 2049\u2019. Adem\u00e1s, otros t\u00edtulos como \u2018Morir\u2019, \u2018El \u00faltimo traje\u2019 o \u2018El jard\u00edn de Jeannette\u2019 y un recuerdo para el cineasta Antonio Isasi","twitter:creator":"@nbasturias","twitter:image":"https:\/\/candas365.es\/noticias\/wp-content\/uploads\/2017\/09\/2717777_960_720-tele.jpg","twitter:label1":"Escrito por","twitter:data1":"Cand\u00e1s 365","twitter:label2":"Tiempo de lectura estimado","twitter:data2":"2 minutos"},"aioseo_meta_data":{"post_id":"81624","title":null,"description":null,"keywords":null,"keyphrases":null,"primary_term":null,"canonical_url":null,"og_title":null,"og_description":null,"og_object_type":"default","og_image_type":"default","og_image_url":null,"og_image_width":null,"og_image_height":null,"og_image_custom_url":null,"og_image_custom_fields":null,"og_video":null,"og_custom_url":null,"og_article_section":null,"og_article_tags":null,"twitter_use_og":false,"twitter_card":"default","twitter_image_type":"default","twitter_image_url":null,"twitter_image_custom_url":null,"twitter_image_custom_fields":null,"twitter_title":null,"twitter_description":null,"schema":{"blockGraphs":[],"customGraphs":[],"default":{"data":{"Article":[],"Course":[],"Dataset":[],"FAQPage":[],"Movie":[],"Person":[],"Product":[],"ProductReview":[],"Car":[],"Recipe":[],"Service":[],"SoftwareApplication":[],"WebPage":[]},"graphName":"","isEnabled":true},"graphs":[],"defaultGraph":"","defaultPostTypeGraph":""},"schema_type":null,"schema_type_options":null,"pillar_content":false,"robots_default":true,"robots_noindex":false,"robots_noarchive":false,"robots_nosnippet":false,"robots_nofollow":false,"robots_noimageindex":false,"robots_noodp":false,"robots_notranslate":false,"robots_max_snippet":null,"robots_max_videopreview":null,"robots_max_imagepreview":"large","priority":null,"frequency":null,"location":null,"local_seo":null,"seo_analyzer_scan_date":"2025-08-26 02:03:55","breadcrumb_settings":null,"limit_modified_date":false,"reviewed_by":null,"open_ai":null,"ai":null,"created":"2020-12-21 12:40:56","updated":"2025-08-26 02:03:55"},"aioseo_breadcrumb":"<div class=\"aioseo-breadcrumbs\"><span class=\"aioseo-breadcrumb\">\n\t<a href=\"https:\/\/candas365.es\/noticias\" title=\"Home\">Home<\/a>\n<\/span><span class=\"aioseo-breadcrumb-separator\">&ndash;<\/span><span class=\"aioseo-breadcrumb\">\n\t<a href=\"https:\/\/candas365.es\/noticias\/category\/agenda\/\" title=\"Agenda\">Agenda<\/a>\n<\/span><span class=\"aioseo-breadcrumb-separator\">&ndash;<\/span><span class=\"aioseo-breadcrumb\">\n\t\u2018D\u00edas de cine\u2019 se adentra en el nuevo \u2018Blade Runner\u2019\n<\/span><\/div>","aioseo_breadcrumb_json":[{"label":"Home","link":"https:\/\/candas365.es\/noticias"},{"label":"Agenda","link":"https:\/\/candas365.es\/noticias\/category\/agenda\/"},{"label":"&#8216;D\u00edas de cine&#8217; se adentra en el nuevo &#8216;Blade Runner&#8217;","link":"https:\/\/candas365.es\/noticias\/dias-de-cine-se-adentra-en-el-nuevo-blade-runner\/"}],"_links":{"self":[{"href":"https:\/\/candas365.es\/noticias\/wp-json\/wp\/v2\/posts\/81624","targetHints":{"allow":["GET"]}}],"collection":[{"href":"https:\/\/candas365.es\/noticias\/wp-json\/wp\/v2\/posts"}],"about":[{"href":"https:\/\/candas365.es\/noticias\/wp-json\/wp\/v2\/types\/post"}],"author":[{"embeddable":true,"href":"https:\/\/candas365.es\/noticias\/wp-json\/wp\/v2\/users\/1"}],"replies":[{"embeddable":true,"href":"https:\/\/candas365.es\/noticias\/wp-json\/wp\/v2\/comments?post=81624"}],"version-history":[{"count":0,"href":"https:\/\/candas365.es\/noticias\/wp-json\/wp\/v2\/posts\/81624\/revisions"}],"wp:featuredmedia":[{"embeddable":true,"href":"https:\/\/candas365.es\/noticias\/wp-json\/wp\/v2\/media\/80888"}],"wp:attachment":[{"href":"https:\/\/candas365.es\/noticias\/wp-json\/wp\/v2\/media?parent=81624"}],"wp:term":[{"taxonomy":"category","embeddable":true,"href":"https:\/\/candas365.es\/noticias\/wp-json\/wp\/v2\/categories?post=81624"},{"taxonomy":"post_tag","embeddable":true,"href":"https:\/\/candas365.es\/noticias\/wp-json\/wp\/v2\/tags?post=81624"}],"curies":[{"name":"wp","href":"https:\/\/api.w.org\/{rel}","templated":true}]}}