{"id":81560,"date":"2017-10-04T23:05:32","date_gmt":"2017-10-04T23:05:32","guid":{"rendered":"http:\/\/candas365.es\/noticias\/?p=81560"},"modified":"2017-10-04T23:05:32","modified_gmt":"2017-10-04T23:05:32","slug":"regresa-el-ciclo-factoria-sound-en-aviles","status":"publish","type":"post","link":"https:\/\/candas365.es\/noticias\/regresa-el-ciclo-factoria-sound-en-aviles\/","title":{"rendered":"Regresa el ciclo Factor\u00eda Sound, en Avil\u00e9s"},"content":{"rendered":"<p><img fetchpriority=\"high\" decoding=\"async\" class=\"alignleft size-medium wp-image-81561\" src=\"https:\/\/candas365.es\/noticias\/wp-content\/uploads\/2017\/10\/nota4101701-357x300.jpg\" alt=\"\" width=\"357\" height=\"300\" srcset=\"https:\/\/candas365.es\/noticias\/wp-content\/uploads\/2017\/10\/nota4101701-357x300.jpg 357w, https:\/\/candas365.es\/noticias\/wp-content\/uploads\/2017\/10\/nota4101701-500x420.jpg 500w, https:\/\/candas365.es\/noticias\/wp-content\/uploads\/2017\/10\/nota4101701.jpg 567w\" sizes=\"(max-width: 357px) 100vw, 357px\" \/>Regresa el ciclo Factor\u00eda Sound y lo hace con uno de los grupos m\u00e1s importantes de la escena del rock nacional. Los Deltonos tocar\u00e1n en el escenario de La Factor\u00eda Cultural el viernes 6 de octubre a las 21.00 horas. Las entradas ya est\u00e1n disponibles al precio de 8 euros anticipadas y 10 euros el d\u00eda del concierto.<\/p>\n<p>Los Deltonos nace como grupo en la vecina Cantabria hace m\u00e1s de 30 a\u00f1os, en 1986, aunque sus componentes ya hab\u00edan colaborado en otros proyectos musicales anteriormente. En sus comienzos se les consider\u00f3 un grupo de Rhythm &amp; Blues, sin embargo su m\u00fasica es dif\u00edcil de encasillar ya que a lo largo de su trayectoria han explorado e incorporado influencias del funk y del power pop, as\u00ed como sonidos sure\u00f1os.<\/p>\n<p>Con trece discos en su haber, Los Deltonos definen su trabajo en la actualidad con el lema \u201cel rock americano es posible en castellano\u201d. Una frase que recuerda el car\u00e1cter de esta agrupaci\u00f3n, en constante apuesta por su libertad creativa, que se refleja no s\u00f3lo en el idioma de sus textos sino en su contenido, coherente y consciente y en su decisi\u00f3n de autoeditar sus \u00faltimos trabajos con el fin de no depender de ninguna discogr\u00e1fica.<\/p>\n<p>La formaci\u00f3n actual de Los Deltonos esta formada por Hendrik R\u00f6ver (guitarra, voz), Fernando Macaya (guitarra, coros), Javi Arias (bater\u00eda) y Pablo Zeta al bajo<\/p>\n<p>Al concierto de Los Deltonos se unen los de las bandas Los Brazos (18 de noviembre) y The Rad Trads (7 de diciembre) que completan el nuevo ciclo de Factor\u00eda Sound con una programaci\u00f3n que confirma a Avil\u00e9s como enclave estrat\u00e9gico para los amantes del rock con aires americanos.<\/p>\n<p>Las entradas se pueden adquirir en la Casa Municipal de Cultura, los cajeros Liberbank y en su plataforma de venta online, al precio de 8 euros, en modalidad anticipada, y de 10 euros el d\u00eda de cada actuaci\u00f3n. Al comprar las entradas para los tres conciertos se aplicar\u00e1 un descuento del 25% sobre el precio del d\u00eda de venta. La venta de entradas en la Factor\u00eda Cultural s\u00f3lo se realizar\u00e1 el d\u00eda del concierto, una hora antes de su inicio.<\/p>\n","protected":false},"excerpt":{"rendered":"<p>Regresa el ciclo Factor\u00eda Sound y lo hace con uno de los grupos m\u00e1s importantes de la escena del rock nacional. Los Deltonos tocar\u00e1n en el escenario de La Factor\u00eda Cultural el viernes 6 de octubre a las 21.00 horas. Las entradas ya est\u00e1n disponibles al precio de 8 euros anticipadas y 10 euros el<\/p>\n","protected":false},"author":1,"featured_media":81561,"comment_status":"closed","ping_status":"closed","sticky":false,"template":"","format":"standard","meta":{"footnotes":""},"categories":[1],"tags":[],"class_list":{"0":"post-81560","1":"post","2":"type-post","3":"status-publish","4":"format-standard","5":"has-post-thumbnail","7":"category-agenda"},"aioseo_notices":[],"aioseo_head":"\n\t\t<!-- All in One SEO Pro 4.9.6.2 - aioseo.com -->\n\t<meta name=\"description\" content=\"Regresa el ciclo Factor\u00eda Sound y lo hace con uno de los grupos m\u00e1s importantes de la escena del rock nacional. Los Deltonos tocar\u00e1n en el escenario de La Factor\u00eda Cultural el viernes 6 de octubre a las 21.00 horas. Las entradas ya est\u00e1n disponibles al precio de 8 euros anticipadas y 10 euros el\" \/>\n\t<meta name=\"robots\" content=\"max-image-preview:large\" \/>\n\t<meta name=\"author\" content=\"Cand\u00e1s 365\"\/>\n\t<meta name=\"google-site-verification\" content=\"UA-32230408-1\" \/>\n\t<meta name=\"msvalidate.01\" content=\"354F3CDFB2DA171B47FBE9ABF1F88D5\" \/>\n\t<meta name=\"keywords\" content=\"agenda\" \/>\n\t<link rel=\"canonical\" href=\"https:\/\/candas365.es\/noticias\/regresa-el-ciclo-factoria-sound-en-aviles\/\" \/>\n\t<meta name=\"generator\" content=\"All in One SEO Pro (AIOSEO) 4.9.6.2\" \/>\n\t\t<meta property=\"og:locale\" content=\"es_ES\" \/>\n\t\t<meta property=\"og:site_name\" content=\"Cand\u00e1s 365\" \/>\n\t\t<meta property=\"og:type\" content=\"article\" \/>\n\t\t<meta property=\"og:title\" content=\"Regresa el ciclo Factor\u00eda Sound, en Avil\u00e9s | Cand\u00e1s 365\" \/>\n\t\t<meta property=\"og:description\" content=\"Regresa el ciclo Factor\u00eda Sound y lo hace con uno de los grupos m\u00e1s importantes de la escena del rock nacional. Los Deltonos tocar\u00e1n en el escenario de La Factor\u00eda Cultural el viernes 6 de octubre a las 21.00 horas. Las entradas ya est\u00e1n disponibles al precio de 8 euros anticipadas y 10 euros el\" \/>\n\t\t<meta property=\"og:url\" content=\"https:\/\/candas365.es\/noticias\/regresa-el-ciclo-factoria-sound-en-aviles\/\" \/>\n\t\t<meta property=\"og:image\" content=\"https:\/\/candas365.es\/noticias\/wp-content\/uploads\/2017\/10\/nota4101701.jpg\" \/>\n\t\t<meta property=\"og:image:secure_url\" content=\"https:\/\/candas365.es\/noticias\/wp-content\/uploads\/2017\/10\/nota4101701.jpg\" \/>\n\t\t<meta property=\"og:image:width\" content=\"567\" \/>\n\t\t<meta property=\"og:image:height\" content=\"476\" \/>\n\t\t<meta property=\"article:published_time\" content=\"2017-10-04T23:05:32+00:00\" \/>\n\t\t<meta property=\"article:modified_time\" content=\"2017-10-04T23:05:32+00:00\" \/>\n\t\t<meta property=\"article:publisher\" content=\"https:\/\/www.facebook.com\/Nachofdezber\" \/>\n\t\t<meta property=\"article:author\" content=\"https:\/\/www.facebook.com\/carrenoactualidad\" \/>\n\t\t<meta name=\"twitter:card\" content=\"summary_large_image\" \/>\n\t\t<meta name=\"twitter:site\" content=\"@NabercoDigital\" \/>\n\t\t<meta name=\"twitter:title\" content=\"Regresa el ciclo Factor\u00eda Sound, en Avil\u00e9s | Cand\u00e1s 365\" \/>\n\t\t<meta name=\"twitter:description\" content=\"Regresa el ciclo Factor\u00eda Sound y lo hace con uno de los grupos m\u00e1s importantes de la escena del rock nacional. Los Deltonos tocar\u00e1n en el escenario de La Factor\u00eda Cultural el viernes 6 de octubre a las 21.00 horas. Las entradas ya est\u00e1n disponibles al precio de 8 euros anticipadas y 10 euros el\" \/>\n\t\t<meta name=\"twitter:creator\" content=\"@nbasturias\" \/>\n\t\t<meta name=\"twitter:image\" content=\"https:\/\/candas365.es\/noticias\/wp-content\/uploads\/2017\/10\/nota4101701.jpg\" \/>\n\t\t<meta name=\"twitter:label1\" content=\"Escrito por\" \/>\n\t\t<meta name=\"twitter:data1\" content=\"Cand\u00e1s 365\" \/>\n\t\t<meta name=\"twitter:label2\" content=\"Tiempo de lectura estimado\" \/>\n\t\t<meta name=\"twitter:data2\" content=\"2 minutos\" \/>\n\t\t<script type=\"application\/ld+json\" class=\"aioseo-schema\">\n\t\t\t{\"@context\":\"https:\\\/\\\/schema.org\",\"@graph\":[{\"@type\":\"BreadcrumbList\",\"@id\":\"https:\\\/\\\/candas365.es\\\/noticias\\\/regresa-el-ciclo-factoria-sound-en-aviles\\\/#breadcrumblist\",\"itemListElement\":[{\"@type\":\"ListItem\",\"@id\":\"https:\\\/\\\/candas365.es\\\/noticias#listItem\",\"position\":1,\"name\":\"Home\",\"item\":\"https:\\\/\\\/candas365.es\\\/noticias\",\"nextItem\":{\"@type\":\"ListItem\",\"@id\":\"https:\\\/\\\/candas365.es\\\/noticias\\\/category\\\/agenda\\\/#listItem\",\"name\":\"Agenda\"}},{\"@type\":\"ListItem\",\"@id\":\"https:\\\/\\\/candas365.es\\\/noticias\\\/category\\\/agenda\\\/#listItem\",\"position\":2,\"name\":\"Agenda\",\"item\":\"https:\\\/\\\/candas365.es\\\/noticias\\\/category\\\/agenda\\\/\",\"nextItem\":{\"@type\":\"ListItem\",\"@id\":\"https:\\\/\\\/candas365.es\\\/noticias\\\/regresa-el-ciclo-factoria-sound-en-aviles\\\/#listItem\",\"name\":\"Regresa el ciclo Factor\\u00eda Sound, en Avil\\u00e9s\"},\"previousItem\":{\"@type\":\"ListItem\",\"@id\":\"https:\\\/\\\/candas365.es\\\/noticias#listItem\",\"name\":\"Home\"}},{\"@type\":\"ListItem\",\"@id\":\"https:\\\/\\\/candas365.es\\\/noticias\\\/regresa-el-ciclo-factoria-sound-en-aviles\\\/#listItem\",\"position\":3,\"name\":\"Regresa el ciclo Factor\\u00eda Sound, en Avil\\u00e9s\",\"previousItem\":{\"@type\":\"ListItem\",\"@id\":\"https:\\\/\\\/candas365.es\\\/noticias\\\/category\\\/agenda\\\/#listItem\",\"name\":\"Agenda\"}}]},{\"@type\":\"NewsArticle\",\"@id\":\"https:\\\/\\\/candas365.es\\\/noticias\\\/regresa-el-ciclo-factoria-sound-en-aviles\\\/#newsarticle\",\"name\":\"Regresa el ciclo Factor\\u00eda Sound, en Avil\\u00e9s | Cand\\u00e1s 365\",\"headline\":\"Regresa el ciclo Factor\\u00eda Sound, en Avil\\u00e9s\",\"author\":{\"@id\":\"https:\\\/\\\/candas365.es\\\/noticias\\\/author\\\/admin\\\/#author\"},\"publisher\":{\"@id\":\"https:\\\/\\\/candas365.es\\\/noticias\\\/#organization\"},\"image\":{\"@type\":\"ImageObject\",\"url\":\"https:\\\/\\\/candas365.es\\\/noticias\\\/wp-content\\\/uploads\\\/2017\\\/10\\\/nota4101701.jpg\",\"width\":567,\"height\":476},\"datePublished\":\"2017-10-04T23:05:32+02:00\",\"dateModified\":\"2017-10-04T23:05:32+02:00\",\"inLanguage\":\"es-ES\",\"mainEntityOfPage\":{\"@id\":\"https:\\\/\\\/candas365.es\\\/noticias\\\/regresa-el-ciclo-factoria-sound-en-aviles\\\/#webpage\"},\"isPartOf\":{\"@id\":\"https:\\\/\\\/candas365.es\\\/noticias\\\/regresa-el-ciclo-factoria-sound-en-aviles\\\/#webpage\"},\"articleSection\":\"Agenda\",\"dateline\":\"Publicado el octubre 4, 2017.\"},{\"@type\":\"Organization\",\"@id\":\"https:\\\/\\\/candas365.es\\\/noticias\\\/#organization\",\"name\":\"Cand\\u00e1s 365\",\"description\":\"Cand\\u00e1s 365 es un diario digital independiente, fundado en 2012, con base en Asturias. Informamos con rigor sobre actualidad, sociedad, cultura y ocio, con una mirada local y global.\",\"url\":\"https:\\\/\\\/candas365.es\\\/noticias\\\/\",\"email\":\"info@candas365.es\",\"telephone\":\"+34652131393\",\"foundingDate\":\"2012-06-10\",\"logo\":{\"@type\":\"ImageObject\",\"url\":\"https:\\\/\\\/candas365.es\\\/noticias\\\/wp-content\\\/uploads\\\/2024\\\/09\\\/Candas-365-Redes.jpg\",\"@id\":\"https:\\\/\\\/candas365.es\\\/noticias\\\/regresa-el-ciclo-factoria-sound-en-aviles\\\/#organizationLogo\",\"width\":1152,\"height\":864,\"caption\":\"Cand\\u00e1s 365 Redes\"},\"image\":{\"@id\":\"https:\\\/\\\/candas365.es\\\/noticias\\\/regresa-el-ciclo-factoria-sound-en-aviles\\\/#organizationLogo\"},\"sameAs\":[\"https:\\\/\\\/www.facebook.com\\\/Nachofdezber\",\"https:\\\/\\\/x.com\\\/NabercoDigital\",\"https:\\\/\\\/www.instagram.com\\\/nachofdezber\\\/\",\"https:\\\/\\\/www.youtube.com\\\/channel\\\/UCZP-2wLEB9Rv6erhFmqVnvg\"],\"address\":{\"@id\":\"https:\\\/\\\/candas365.es\\\/noticias\\\/#postaladdress\",\"@type\":\"PostalAddress\",\"streetAddress\":\"san antonio 4, san antonio 4\",\"postalCode\":\"33430\",\"addressLocality\":\"Cand\\u00e1s\",\"addressRegion\":\"Asturias\",\"addressCountry\":\"ES\"}},{\"@type\":\"Person\",\"@id\":\"https:\\\/\\\/candas365.es\\\/noticias\\\/author\\\/admin\\\/#author\",\"url\":\"https:\\\/\\\/candas365.es\\\/noticias\\\/author\\\/admin\\\/\",\"name\":\"Cand\\u00e1s 365\",\"image\":{\"@type\":\"ImageObject\",\"@id\":\"https:\\\/\\\/candas365.es\\\/noticias\\\/regresa-el-ciclo-factoria-sound-en-aviles\\\/#authorImage\",\"url\":\"https:\\\/\\\/secure.gravatar.com\\\/avatar\\\/496a8e03d0c493ede1718b7934145dbdf8d89be1036b0eec9544e1094c9de390?s=96&d=mm&r=g\",\"width\":96,\"height\":96,\"caption\":\"Cand\\u00e1s 365\"},\"sameAs\":[\"https:\\\/\\\/www.facebook.com\\\/carrenoactualidad\",\"https:\\\/\\\/twitter.com\\\/nbasturias\",\"https:\\\/\\\/www.instagram.com\\\/nachofdezber\\\/\",\"https:\\\/\\\/www.youtube.com\\\/channel\\\/UCZP-2wLEB9Rv6erhFmqVnvg\"]},{\"@type\":\"WebPage\",\"@id\":\"https:\\\/\\\/candas365.es\\\/noticias\\\/regresa-el-ciclo-factoria-sound-en-aviles\\\/#webpage\",\"url\":\"https:\\\/\\\/candas365.es\\\/noticias\\\/regresa-el-ciclo-factoria-sound-en-aviles\\\/\",\"name\":\"Regresa el ciclo Factor\\u00eda Sound, en Avil\\u00e9s | Cand\\u00e1s 365\",\"description\":\"Regresa el ciclo Factor\\u00eda Sound y lo hace con uno de los grupos m\\u00e1s importantes de la escena del rock nacional. Los Deltonos tocar\\u00e1n en el escenario de La Factor\\u00eda Cultural el viernes 6 de octubre a las 21.00 horas. Las entradas ya est\\u00e1n disponibles al precio de 8 euros anticipadas y 10 euros el\",\"inLanguage\":\"es-ES\",\"isPartOf\":{\"@id\":\"https:\\\/\\\/candas365.es\\\/noticias\\\/#website\"},\"breadcrumb\":{\"@id\":\"https:\\\/\\\/candas365.es\\\/noticias\\\/regresa-el-ciclo-factoria-sound-en-aviles\\\/#breadcrumblist\"},\"author\":{\"@id\":\"https:\\\/\\\/candas365.es\\\/noticias\\\/author\\\/admin\\\/#author\"},\"creator\":{\"@id\":\"https:\\\/\\\/candas365.es\\\/noticias\\\/author\\\/admin\\\/#author\"},\"image\":{\"@type\":\"ImageObject\",\"url\":\"https:\\\/\\\/candas365.es\\\/noticias\\\/wp-content\\\/uploads\\\/2017\\\/10\\\/nota4101701.jpg\",\"@id\":\"https:\\\/\\\/candas365.es\\\/noticias\\\/regresa-el-ciclo-factoria-sound-en-aviles\\\/#mainImage\",\"width\":567,\"height\":476},\"primaryImageOfPage\":{\"@id\":\"https:\\\/\\\/candas365.es\\\/noticias\\\/regresa-el-ciclo-factoria-sound-en-aviles\\\/#mainImage\"},\"datePublished\":\"2017-10-04T23:05:32+02:00\",\"dateModified\":\"2017-10-04T23:05:32+02:00\"},{\"@type\":\"WebSite\",\"@id\":\"https:\\\/\\\/candas365.es\\\/noticias\\\/#website\",\"url\":\"https:\\\/\\\/candas365.es\\\/noticias\\\/\",\"name\":\"Cand\\u00e1s 365\",\"alternateName\":\"Cand\\u00e1s 365 Noticias\",\"description\":\"Actualidad desde Carre\\u00f1o para el mundo\",\"inLanguage\":\"es-ES\",\"publisher\":{\"@id\":\"https:\\\/\\\/candas365.es\\\/noticias\\\/#organization\"}}]}\n\t\t<\/script>\n\t\t<!-- All in One SEO Pro -->\r\n\t\t<title>Regresa el ciclo Factor\u00eda Sound, en Avil\u00e9s | Cand\u00e1s 365<\/title>\n\n","aioseo_head_json":{"title":"Regresa el ciclo Factor\u00eda Sound, en Avil\u00e9s | Cand\u00e1s 365","description":"Regresa el ciclo Factor\u00eda Sound y lo hace con uno de los grupos m\u00e1s importantes de la escena del rock nacional. Los Deltonos tocar\u00e1n en el escenario de La Factor\u00eda Cultural el viernes 6 de octubre a las 21.00 horas. Las entradas ya est\u00e1n disponibles al precio de 8 euros anticipadas y 10 euros el","canonical_url":"https:\/\/candas365.es\/noticias\/regresa-el-ciclo-factoria-sound-en-aviles\/","robots":"max-image-preview:large","keywords":"agenda","webmasterTools":{"google-site-verification":"UA-32230408-1","msvalidate.01":"354F3CDFB2DA171B47FBE9ABF1F88D5","miscellaneous":""},"schema":{"@context":"https:\/\/schema.org","@graph":[{"@type":"BreadcrumbList","@id":"https:\/\/candas365.es\/noticias\/regresa-el-ciclo-factoria-sound-en-aviles\/#breadcrumblist","itemListElement":[{"@type":"ListItem","@id":"https:\/\/candas365.es\/noticias#listItem","position":1,"name":"Home","item":"https:\/\/candas365.es\/noticias","nextItem":{"@type":"ListItem","@id":"https:\/\/candas365.es\/noticias\/category\/agenda\/#listItem","name":"Agenda"}},{"@type":"ListItem","@id":"https:\/\/candas365.es\/noticias\/category\/agenda\/#listItem","position":2,"name":"Agenda","item":"https:\/\/candas365.es\/noticias\/category\/agenda\/","nextItem":{"@type":"ListItem","@id":"https:\/\/candas365.es\/noticias\/regresa-el-ciclo-factoria-sound-en-aviles\/#listItem","name":"Regresa el ciclo Factor\u00eda Sound, en Avil\u00e9s"},"previousItem":{"@type":"ListItem","@id":"https:\/\/candas365.es\/noticias#listItem","name":"Home"}},{"@type":"ListItem","@id":"https:\/\/candas365.es\/noticias\/regresa-el-ciclo-factoria-sound-en-aviles\/#listItem","position":3,"name":"Regresa el ciclo Factor\u00eda Sound, en Avil\u00e9s","previousItem":{"@type":"ListItem","@id":"https:\/\/candas365.es\/noticias\/category\/agenda\/#listItem","name":"Agenda"}}]},{"@type":"NewsArticle","@id":"https:\/\/candas365.es\/noticias\/regresa-el-ciclo-factoria-sound-en-aviles\/#newsarticle","name":"Regresa el ciclo Factor\u00eda Sound, en Avil\u00e9s | Cand\u00e1s 365","headline":"Regresa el ciclo Factor\u00eda Sound, en Avil\u00e9s","author":{"@id":"https:\/\/candas365.es\/noticias\/author\/admin\/#author"},"publisher":{"@id":"https:\/\/candas365.es\/noticias\/#organization"},"image":{"@type":"ImageObject","url":"https:\/\/candas365.es\/noticias\/wp-content\/uploads\/2017\/10\/nota4101701.jpg","width":567,"height":476},"datePublished":"2017-10-04T23:05:32+02:00","dateModified":"2017-10-04T23:05:32+02:00","inLanguage":"es-ES","mainEntityOfPage":{"@id":"https:\/\/candas365.es\/noticias\/regresa-el-ciclo-factoria-sound-en-aviles\/#webpage"},"isPartOf":{"@id":"https:\/\/candas365.es\/noticias\/regresa-el-ciclo-factoria-sound-en-aviles\/#webpage"},"articleSection":"Agenda","dateline":"Publicado el octubre 4, 2017."},{"@type":"Organization","@id":"https:\/\/candas365.es\/noticias\/#organization","name":"Cand\u00e1s 365","description":"Cand\u00e1s 365 es un diario digital independiente, fundado en 2012, con base en Asturias. Informamos con rigor sobre actualidad, sociedad, cultura y ocio, con una mirada local y global.","url":"https:\/\/candas365.es\/noticias\/","email":"info@candas365.es","telephone":"+34652131393","foundingDate":"2012-06-10","logo":{"@type":"ImageObject","url":"https:\/\/candas365.es\/noticias\/wp-content\/uploads\/2024\/09\/Candas-365-Redes.jpg","@id":"https:\/\/candas365.es\/noticias\/regresa-el-ciclo-factoria-sound-en-aviles\/#organizationLogo","width":1152,"height":864,"caption":"Cand\u00e1s 365 Redes"},"image":{"@id":"https:\/\/candas365.es\/noticias\/regresa-el-ciclo-factoria-sound-en-aviles\/#organizationLogo"},"sameAs":["https:\/\/www.facebook.com\/Nachofdezber","https:\/\/x.com\/NabercoDigital","https:\/\/www.instagram.com\/nachofdezber\/","https:\/\/www.youtube.com\/channel\/UCZP-2wLEB9Rv6erhFmqVnvg"],"address":{"@id":"https:\/\/candas365.es\/noticias\/#postaladdress","@type":"PostalAddress","streetAddress":"san antonio 4, san antonio 4","postalCode":"33430","addressLocality":"Cand\u00e1s","addressRegion":"Asturias","addressCountry":"ES"}},{"@type":"Person","@id":"https:\/\/candas365.es\/noticias\/author\/admin\/#author","url":"https:\/\/candas365.es\/noticias\/author\/admin\/","name":"Cand\u00e1s 365","image":{"@type":"ImageObject","@id":"https:\/\/candas365.es\/noticias\/regresa-el-ciclo-factoria-sound-en-aviles\/#authorImage","url":"https:\/\/secure.gravatar.com\/avatar\/496a8e03d0c493ede1718b7934145dbdf8d89be1036b0eec9544e1094c9de390?s=96&d=mm&r=g","width":96,"height":96,"caption":"Cand\u00e1s 365"},"sameAs":["https:\/\/www.facebook.com\/carrenoactualidad","https:\/\/twitter.com\/nbasturias","https:\/\/www.instagram.com\/nachofdezber\/","https:\/\/www.youtube.com\/channel\/UCZP-2wLEB9Rv6erhFmqVnvg"]},{"@type":"WebPage","@id":"https:\/\/candas365.es\/noticias\/regresa-el-ciclo-factoria-sound-en-aviles\/#webpage","url":"https:\/\/candas365.es\/noticias\/regresa-el-ciclo-factoria-sound-en-aviles\/","name":"Regresa el ciclo Factor\u00eda Sound, en Avil\u00e9s | Cand\u00e1s 365","description":"Regresa el ciclo Factor\u00eda Sound y lo hace con uno de los grupos m\u00e1s importantes de la escena del rock nacional. Los Deltonos tocar\u00e1n en el escenario de La Factor\u00eda Cultural el viernes 6 de octubre a las 21.00 horas. Las entradas ya est\u00e1n disponibles al precio de 8 euros anticipadas y 10 euros el","inLanguage":"es-ES","isPartOf":{"@id":"https:\/\/candas365.es\/noticias\/#website"},"breadcrumb":{"@id":"https:\/\/candas365.es\/noticias\/regresa-el-ciclo-factoria-sound-en-aviles\/#breadcrumblist"},"author":{"@id":"https:\/\/candas365.es\/noticias\/author\/admin\/#author"},"creator":{"@id":"https:\/\/candas365.es\/noticias\/author\/admin\/#author"},"image":{"@type":"ImageObject","url":"https:\/\/candas365.es\/noticias\/wp-content\/uploads\/2017\/10\/nota4101701.jpg","@id":"https:\/\/candas365.es\/noticias\/regresa-el-ciclo-factoria-sound-en-aviles\/#mainImage","width":567,"height":476},"primaryImageOfPage":{"@id":"https:\/\/candas365.es\/noticias\/regresa-el-ciclo-factoria-sound-en-aviles\/#mainImage"},"datePublished":"2017-10-04T23:05:32+02:00","dateModified":"2017-10-04T23:05:32+02:00"},{"@type":"WebSite","@id":"https:\/\/candas365.es\/noticias\/#website","url":"https:\/\/candas365.es\/noticias\/","name":"Cand\u00e1s 365","alternateName":"Cand\u00e1s 365 Noticias","description":"Actualidad desde Carre\u00f1o para el mundo","inLanguage":"es-ES","publisher":{"@id":"https:\/\/candas365.es\/noticias\/#organization"}}]},"og:locale":"es_ES","og:site_name":"Cand\u00e1s 365","og:type":"article","og:title":"Regresa el ciclo Factor\u00eda Sound, en Avil\u00e9s | Cand\u00e1s 365","og:description":"Regresa el ciclo Factor\u00eda Sound y lo hace con uno de los grupos m\u00e1s importantes de la escena del rock nacional. Los Deltonos tocar\u00e1n en el escenario de La Factor\u00eda Cultural el viernes 6 de octubre a las 21.00 horas. Las entradas ya est\u00e1n disponibles al precio de 8 euros anticipadas y 10 euros el","og:url":"https:\/\/candas365.es\/noticias\/regresa-el-ciclo-factoria-sound-en-aviles\/","og:image":"https:\/\/candas365.es\/noticias\/wp-content\/uploads\/2017\/10\/nota4101701.jpg","og:image:secure_url":"https:\/\/candas365.es\/noticias\/wp-content\/uploads\/2017\/10\/nota4101701.jpg","og:image:width":567,"og:image:height":476,"article:published_time":"2017-10-04T23:05:32+00:00","article:modified_time":"2017-10-04T23:05:32+00:00","article:publisher":"https:\/\/www.facebook.com\/Nachofdezber","article:author":"https:\/\/www.facebook.com\/carrenoactualidad","twitter:card":"summary_large_image","twitter:site":"@NabercoDigital","twitter:title":"Regresa el ciclo Factor\u00eda Sound, en Avil\u00e9s | Cand\u00e1s 365","twitter:description":"Regresa el ciclo Factor\u00eda Sound y lo hace con uno de los grupos m\u00e1s importantes de la escena del rock nacional. Los Deltonos tocar\u00e1n en el escenario de La Factor\u00eda Cultural el viernes 6 de octubre a las 21.00 horas. Las entradas ya est\u00e1n disponibles al precio de 8 euros anticipadas y 10 euros el","twitter:creator":"@nbasturias","twitter:image":"https:\/\/candas365.es\/noticias\/wp-content\/uploads\/2017\/10\/nota4101701.jpg","twitter:label1":"Escrito por","twitter:data1":"Cand\u00e1s 365","twitter:label2":"Tiempo de lectura estimado","twitter:data2":"2 minutos"},"aioseo_meta_data":{"post_id":"81560","title":null,"description":null,"keywords":null,"keyphrases":null,"primary_term":null,"canonical_url":null,"og_title":null,"og_description":null,"og_object_type":"default","og_image_type":"default","og_image_url":null,"og_image_width":null,"og_image_height":null,"og_image_custom_url":null,"og_image_custom_fields":null,"og_video":null,"og_custom_url":null,"og_article_section":null,"og_article_tags":null,"twitter_use_og":false,"twitter_card":"default","twitter_image_type":"default","twitter_image_url":null,"twitter_image_custom_url":null,"twitter_image_custom_fields":null,"twitter_title":null,"twitter_description":null,"schema":{"blockGraphs":[],"customGraphs":[],"default":{"data":{"Article":[],"Course":[],"Dataset":[],"FAQPage":[],"Movie":[],"Person":[],"Product":[],"ProductReview":[],"Car":[],"Recipe":[],"Service":[],"SoftwareApplication":[],"WebPage":[]},"graphName":"","isEnabled":true},"graphs":[],"defaultGraph":"","defaultPostTypeGraph":""},"schema_type":null,"schema_type_options":null,"pillar_content":false,"robots_default":true,"robots_noindex":false,"robots_noarchive":false,"robots_nosnippet":false,"robots_nofollow":false,"robots_noimageindex":false,"robots_noodp":false,"robots_notranslate":false,"robots_max_snippet":null,"robots_max_videopreview":null,"robots_max_imagepreview":"large","priority":null,"frequency":null,"location":null,"local_seo":null,"seo_analyzer_scan_date":"2025-08-26 02:00:14","breadcrumb_settings":null,"limit_modified_date":false,"reviewed_by":null,"open_ai":null,"ai":null,"created":"2020-12-21 12:40:56","updated":"2025-08-26 02:00:14"},"aioseo_breadcrumb":"<div class=\"aioseo-breadcrumbs\"><span class=\"aioseo-breadcrumb\">\n\t<a href=\"https:\/\/candas365.es\/noticias\" title=\"Home\">Home<\/a>\n<\/span><span class=\"aioseo-breadcrumb-separator\">&ndash;<\/span><span class=\"aioseo-breadcrumb\">\n\t<a href=\"https:\/\/candas365.es\/noticias\/category\/agenda\/\" title=\"Agenda\">Agenda<\/a>\n<\/span><span class=\"aioseo-breadcrumb-separator\">&ndash;<\/span><span class=\"aioseo-breadcrumb\">\n\tRegresa el ciclo Factor\u00eda Sound, en Avil\u00e9s\n<\/span><\/div>","aioseo_breadcrumb_json":[{"label":"Home","link":"https:\/\/candas365.es\/noticias"},{"label":"Agenda","link":"https:\/\/candas365.es\/noticias\/category\/agenda\/"},{"label":"Regresa el ciclo Factor\u00eda Sound, en Avil\u00e9s","link":"https:\/\/candas365.es\/noticias\/regresa-el-ciclo-factoria-sound-en-aviles\/"}],"_links":{"self":[{"href":"https:\/\/candas365.es\/noticias\/wp-json\/wp\/v2\/posts\/81560","targetHints":{"allow":["GET"]}}],"collection":[{"href":"https:\/\/candas365.es\/noticias\/wp-json\/wp\/v2\/posts"}],"about":[{"href":"https:\/\/candas365.es\/noticias\/wp-json\/wp\/v2\/types\/post"}],"author":[{"embeddable":true,"href":"https:\/\/candas365.es\/noticias\/wp-json\/wp\/v2\/users\/1"}],"replies":[{"embeddable":true,"href":"https:\/\/candas365.es\/noticias\/wp-json\/wp\/v2\/comments?post=81560"}],"version-history":[{"count":0,"href":"https:\/\/candas365.es\/noticias\/wp-json\/wp\/v2\/posts\/81560\/revisions"}],"wp:featuredmedia":[{"embeddable":true,"href":"https:\/\/candas365.es\/noticias\/wp-json\/wp\/v2\/media\/81561"}],"wp:attachment":[{"href":"https:\/\/candas365.es\/noticias\/wp-json\/wp\/v2\/media?parent=81560"}],"wp:term":[{"taxonomy":"category","embeddable":true,"href":"https:\/\/candas365.es\/noticias\/wp-json\/wp\/v2\/categories?post=81560"},{"taxonomy":"post_tag","embeddable":true,"href":"https:\/\/candas365.es\/noticias\/wp-json\/wp\/v2\/tags?post=81560"}],"curies":[{"name":"wp","href":"https:\/\/api.w.org\/{rel}","templated":true}]}}