{"id":81553,"date":"2017-10-04T20:05:05","date_gmt":"2017-10-04T20:05:05","guid":{"rendered":"http:\/\/candas365.es\/noticias\/?p=81553"},"modified":"2017-10-04T20:05:05","modified_gmt":"2017-10-04T20:05:05","slug":"noche-blanca-de-oviedo-el-7-de-octubre","status":"publish","type":"post","link":"https:\/\/candas365.es\/noticias\/noche-blanca-de-oviedo-el-7-de-octubre\/","title":{"rendered":"Noche Blanca de Oviedo, el 7 de Octubre"},"content":{"rendered":"<p><img fetchpriority=\"high\" decoding=\"async\" class=\"alignleft size-medium wp-image-33978\" src=\"https:\/\/candas365.es\/noticias\/wp-content\/uploads\/2016\/10\/Campoamor-360x198.jpg\" alt=\"\" width=\"360\" height=\"198\" srcset=\"https:\/\/candas365.es\/noticias\/wp-content\/uploads\/2016\/10\/Campoamor-360x198.jpg 360w, https:\/\/candas365.es\/noticias\/wp-content\/uploads\/2016\/10\/Campoamor-650x357.jpg 650w, https:\/\/candas365.es\/noticias\/wp-content\/uploads\/2016\/10\/Campoamor-150x82.jpg 150w, https:\/\/candas365.es\/noticias\/wp-content\/uploads\/2016\/10\/Campoamor-450x247.jpg 450w, https:\/\/candas365.es\/noticias\/wp-content\/uploads\/2016\/10\/Campoamor.jpg 655w\" sizes=\"(max-width: 360px) 100vw, 360px\" \/>Oviedo disfrutar\u00e1 de su quinta Noche Blanca el pr\u00f3ximo 7 de octubre. Organizada por la Fundaci\u00f3n Municipal de Cultura del Ayuntamiento de Oviedo y coordinada por Jos\u00e9 Castellano, el festival de 2017 est\u00e1 enfocado a que los ovetenses vivan la ciudad de una manera diferente por una noche, acerc\u00e1ndoles la creaci\u00f3n art\u00edstica contempor\u00e1nea y facilit\u00e1ndoles que conozcan y exploren espacios poco conocidos o de entrada acotada. Los teatros Campoamor y Filarm\u00f3nica, el Edificio Hist\u00f3rico de la Universidad, la F\u00e1brica de Armas o la Catedral, que por primera vez participa en esta gran fiesta de la cultura, son algunas de las 55 localizaciones de la ciudad y del municipio que acoger\u00e1n las 56 actividades que engloba la Noche Blanca 2017, que comenzar\u00e1 a las 17:00 horas y finalizar\u00e1 a las 04:00.<\/p>\n<p>La fachada del Teatro Campoamor ser\u00e1 la enorme pantalla en la que se proyectar\u00e1 Ave F\u00e9nix, la historia de los 125 a\u00f1os del teatro, durante m\u00e1s de cuatro horas. Y mientras esta actividad de v\u00eddeo mapping se desarrolla fuera, dentro del teatro tendr\u00e1 lugar la primera edici\u00f3n de Pasarela Campoamor, con dise\u00f1os de Agatha Ruiz de la Prada, Miguel Marinero y Hannibal Laguna, y la colaboraci\u00f3n de \u00d3pera de Oviedo y de m\u00fasicos de Oviedo Filarmon\u00eda.<\/p>\n<p>La Catedral de Oviedo abre por primera vez sus puertas durante la Noche Blanca y lo har\u00e1 con la actividad Paz y luz en la noche: El Retablo Mayor. Los periodistas Azucena Vence y Jos\u00e9 Manuel Ech\u00e9ver nos acercar\u00e1n a uno de los conjuntos escult\u00f3ricos en madera policromada m\u00e1s importantes del per\u00edodo tardog\u00f3tico. La narraci\u00f3n se complementar\u00e1 con piezas musicales interpretadas al \u00f3rgano (Guillermo Mart\u00ednez) y acompa\u00f1adas de trompeta (Francisco Arias) y voz (Tina Guti\u00e9rrez).<\/p>\n<p>El Filarm\u00f3nica acoger\u00e1 Nuevas Formas. A trav\u00e9s de danza, visuales, m\u00fasica y palabras, el p\u00fablico experimentar\u00e1 nuevas v\u00edas art\u00edsticas y la uni\u00f3n de diferentes disciplinas. Kiluf une a la bailarina Dana Raz y al m\u00fasico H\u00e9ctor Blanco; Theremonial vincula al theremin de Javier D\u00edez Ena con las proyecciones de Mar\u00eda Gallardo, y Otros tiempos fusiona la m\u00fasica de Balcanes con im\u00e1genes de Juan Luis Ruiz con motivo del 25 aniversario de la publicaci\u00f3n de Los tiempos que corren, de Chus Fern\u00e1ndez.<\/p>\n<p>La F\u00e1brica de Armas acoger\u00e1 Pel\u00edculas Recontadas, una selecci\u00f3n de proyecciones que traspasar\u00e1n la pantalla para jugar con algunos elementos expresivos del cine. Improviso pondr\u00e1 m\u00fasica al cl\u00e1sico El viaje a la luna, Losone a L\u00e9olo y el actor Jos\u00e9 Antonio Lobato nos guiar\u00e1 por El fantasma de la \u00f3pera.<\/p>\n<p>Tambi\u00e9n en la F\u00e1brica de Armas se podr\u00e1 participar de Rapsodia 2.1, un proyecto expositivo de arte generativo y animaci\u00f3n interactiva que propone la reconstrucci\u00f3n de una arcadia perdida a trav\u00e9s de la m\u00fasica y el dibujo.<\/p>\n<p>Sanar Oviedo v2 continuar\u00e1 la actividad desarrollada con gran \u00e9xito por Sanar Oviedo en la Noche Blanca de 2014. Diez escritores con sus m\u00e1quinas de escribir se sentar\u00e1n en el patio del Edificio Hist\u00f3rico de la Universidad de Oviedo para escuchar lo que los visitantes les cuente para, posteriormente, escribirles en tiempo real un texto sanador personalizado.<\/p>\n<p>El Colegio de Arquitectos acoger\u00e1 el estreno de Una ciudad en vela, de Luz, Micro y Punto. A partir de luz y sombras, el p\u00fablico acompa\u00f1ar\u00e1 a la compa\u00f1\u00eda al interior de algunas casas imaginarias y conocer\u00e1 a sus habitantes.<\/p>\n<p>El Museo de Bellas Artes cobijar\u00e1 dos actividades. En el exterior, la obra lum\u00ednica colectiva Umbra 405, Huellas de Luz, donde el p\u00fablico dibujar\u00e1 sobre la fachada con punteros l\u00e1ser proporcionados por los artistas. Entre las hilanderas y las lanzas es una propuesta de la artista Susana Villanueva que pondr\u00e1 de manifiesto el dolor infringido a las mujeres.<\/p>\n<p>Jorge Mart\u00ednez protagonizar\u00e1 la actividad planteada en el Teatro Pumar\u00edn: la proyecci\u00f3n del documental Mi vida entre las hormigas. Posteriormente, el l\u00edder de Ilegales se unir\u00e1 a Edu Gal\u00e1n, cofundador de la revista Mongolia, en una de las charlas m\u00e1s chifladas de la noche.<\/p>\n<p>Tres d\u00edas despu\u00e9s de la Noche Blanca se cumplir\u00e1n 100 a\u00f1os del nacimiento del pianista de jazz Thelonious Monk. La conferencia Las polillas salen de noche y el concierto posterior que rendir\u00e1 tributo al m\u00fasico tendr\u00e1n lugar en el Colegio de Abogados.<\/p>\n<p>La oferta musical incluye al Coro de la \u00d3pera de Oviedo. Dirigido por su titular, Elena Mitrevska, ofrecer\u00e1 un recital en la Plaza del Ayuntamiento, con fragmentos corales y piezas emblem\u00e1ticas de la \u00f3pera. En el Patio del Ridea se celebrar\u00e1 Un fest\u00edn musical, un concierto a la carta con la formaci\u00f3n Concerto 1700. Adem\u00e1s, cuatro agrupaciones de La Federaci\u00f3n de Coros de Asturias actuar\u00e1n en distintos espacios del municipio.<\/p>\n<p>Varias galer\u00edas de la ciudad se unen a la Noche Blanca. Una Noche Litogr\u00e1fica, en Decero Creativo; Luces de Ciudad, en Falc\u00f3n Gallery Studio; Dibujando en una impresora, en Arancha Osoro; Gabinete de Maravillas, en Texu; ArtParty, en Nouvelle Galerie; Vitrina Dols\u00e9, en Dolse Antiques, son algunas de sus propuestas.<\/p>\n<p>Los ovetenses podr\u00e1n bailar tango en la Plaza Trascorrales (Oviedo Milongero); o disfrutar de los cantos de la comunidad de monjas benedictinas; visitar la central de Telef\u00f3nica o la colecci\u00f3n de arte de la Fundaci\u00f3n Princesa de Asturias.<\/p>\n<p>La asociaci\u00f3n Asturies con bici invita a los ovetenses a acudir a las actividades en bici y vestidos de blanco. El punto de partida ser\u00e1 La Losa y de ah\u00ed los participantes podr\u00e1n acudir a las actividades que deseen.<\/p>\n<p><strong>Concurso Instagram: #nbOVD17foto<\/strong><\/p>\n<p>Por segundo a\u00f1o consecutivo, la Noche Blanca convoca un concurso de fotograf\u00eda a trav\u00e9s de Instagram. Las mejores fotos de las intervenciones art\u00edsticas y de los espacios participantes en la Noche Blanca, con el hashtag #nbOVD17foto tendr\u00e1n premio. Habr\u00e1 dos premios para dos personas cada uno de ellos que consistir\u00e1n en la asistencia a una representaci\u00f3n de L\u2019elisir d\u2019amore de \u00d3pera de Oviedo, y una visita guiada por las instalaciones, para ver c\u00f3mo es una \u00f3pera por dentro. Se visitar\u00e1 el escenario, camerinos y el backstage, zonas que normalmente no son accesibles para el p\u00fablico.<\/p>\n<p>&nbsp;<\/p>\n","protected":false},"excerpt":{"rendered":"<p>Oviedo disfrutar\u00e1 de su quinta Noche Blanca el pr\u00f3ximo 7 de octubre. Organizada por la Fundaci\u00f3n Municipal de Cultura del Ayuntamiento de Oviedo y coordinada por Jos\u00e9 Castellano, el festival de 2017 est\u00e1 enfocado a que los ovetenses vivan la ciudad de una manera diferente por una noche, acerc\u00e1ndoles la creaci\u00f3n art\u00edstica contempor\u00e1nea y facilit\u00e1ndoles<\/p>\n","protected":false},"author":1,"featured_media":33978,"comment_status":"closed","ping_status":"closed","sticky":false,"template":"","format":"standard","meta":{"footnotes":""},"categories":[1],"tags":[],"class_list":{"0":"post-81553","1":"post","2":"type-post","3":"status-publish","4":"format-standard","5":"has-post-thumbnail","7":"category-agenda"},"aioseo_notices":[],"aioseo_head":"\n\t\t<!-- All in One SEO Pro 4.9.6.2 - aioseo.com -->\n\t<meta name=\"description\" content=\"Oviedo disfrutar\u00e1 de su quinta Noche Blanca el pr\u00f3ximo 7 de octubre. Organizada por la Fundaci\u00f3n Municipal de Cultura del Ayuntamiento de Oviedo y coordinada por Jos\u00e9 Castellano, el festival de 2017 est\u00e1 enfocado a que los ovetenses vivan la ciudad de una manera diferente por una noche, acerc\u00e1ndoles la creaci\u00f3n art\u00edstica contempor\u00e1nea y facilit\u00e1ndoles\" \/>\n\t<meta name=\"robots\" content=\"max-image-preview:large\" \/>\n\t<meta name=\"author\" content=\"Cand\u00e1s 365\"\/>\n\t<meta name=\"google-site-verification\" content=\"UA-32230408-1\" \/>\n\t<meta name=\"msvalidate.01\" content=\"354F3CDFB2DA171B47FBE9ABF1F88D5\" \/>\n\t<meta name=\"keywords\" content=\"agenda\" \/>\n\t<link rel=\"canonical\" href=\"https:\/\/candas365.es\/noticias\/noche-blanca-de-oviedo-el-7-de-octubre\/\" \/>\n\t<meta name=\"generator\" content=\"All in One SEO Pro (AIOSEO) 4.9.6.2\" \/>\n\t\t<meta property=\"og:locale\" content=\"es_ES\" \/>\n\t\t<meta property=\"og:site_name\" content=\"Cand\u00e1s 365\" \/>\n\t\t<meta property=\"og:type\" content=\"article\" \/>\n\t\t<meta property=\"og:title\" content=\"Noche Blanca de Oviedo, el 7 de Octubre | Cand\u00e1s 365\" \/>\n\t\t<meta property=\"og:description\" content=\"Oviedo disfrutar\u00e1 de su quinta Noche Blanca el pr\u00f3ximo 7 de octubre. Organizada por la Fundaci\u00f3n Municipal de Cultura del Ayuntamiento de Oviedo y coordinada por Jos\u00e9 Castellano, el festival de 2017 est\u00e1 enfocado a que los ovetenses vivan la ciudad de una manera diferente por una noche, acerc\u00e1ndoles la creaci\u00f3n art\u00edstica contempor\u00e1nea y facilit\u00e1ndoles\" \/>\n\t\t<meta property=\"og:url\" content=\"https:\/\/candas365.es\/noticias\/noche-blanca-de-oviedo-el-7-de-octubre\/\" \/>\n\t\t<meta property=\"og:image\" content=\"https:\/\/candas365.es\/noticias\/wp-content\/uploads\/2016\/10\/Campoamor.jpg\" \/>\n\t\t<meta property=\"og:image:secure_url\" content=\"https:\/\/candas365.es\/noticias\/wp-content\/uploads\/2016\/10\/Campoamor.jpg\" \/>\n\t\t<meta property=\"og:image:width\" content=\"655\" \/>\n\t\t<meta property=\"og:image:height\" content=\"360\" \/>\n\t\t<meta property=\"article:published_time\" content=\"2017-10-04T20:05:05+00:00\" \/>\n\t\t<meta property=\"article:modified_time\" content=\"2017-10-04T20:05:05+00:00\" \/>\n\t\t<meta property=\"article:publisher\" content=\"https:\/\/www.facebook.com\/Nachofdezber\" \/>\n\t\t<meta property=\"article:author\" content=\"https:\/\/www.facebook.com\/carrenoactualidad\" \/>\n\t\t<meta name=\"twitter:card\" content=\"summary_large_image\" \/>\n\t\t<meta name=\"twitter:site\" content=\"@NabercoDigital\" \/>\n\t\t<meta name=\"twitter:title\" content=\"Noche Blanca de Oviedo, el 7 de Octubre | Cand\u00e1s 365\" \/>\n\t\t<meta name=\"twitter:description\" content=\"Oviedo disfrutar\u00e1 de su quinta Noche Blanca el pr\u00f3ximo 7 de octubre. Organizada por la Fundaci\u00f3n Municipal de Cultura del Ayuntamiento de Oviedo y coordinada por Jos\u00e9 Castellano, el festival de 2017 est\u00e1 enfocado a que los ovetenses vivan la ciudad de una manera diferente por una noche, acerc\u00e1ndoles la creaci\u00f3n art\u00edstica contempor\u00e1nea y facilit\u00e1ndoles\" \/>\n\t\t<meta name=\"twitter:creator\" content=\"@nbasturias\" \/>\n\t\t<meta name=\"twitter:image\" content=\"https:\/\/candas365.es\/noticias\/wp-content\/uploads\/2016\/10\/Campoamor.jpg\" \/>\n\t\t<meta name=\"twitter:label1\" content=\"Escrito por\" \/>\n\t\t<meta name=\"twitter:data1\" content=\"Cand\u00e1s 365\" \/>\n\t\t<meta name=\"twitter:label2\" content=\"Tiempo de lectura estimado\" \/>\n\t\t<meta name=\"twitter:data2\" content=\"5 minutos\" \/>\n\t\t<script type=\"application\/ld+json\" class=\"aioseo-schema\">\n\t\t\t{\"@context\":\"https:\\\/\\\/schema.org\",\"@graph\":[{\"@type\":\"BreadcrumbList\",\"@id\":\"https:\\\/\\\/candas365.es\\\/noticias\\\/noche-blanca-de-oviedo-el-7-de-octubre\\\/#breadcrumblist\",\"itemListElement\":[{\"@type\":\"ListItem\",\"@id\":\"https:\\\/\\\/candas365.es\\\/noticias#listItem\",\"position\":1,\"name\":\"Home\",\"item\":\"https:\\\/\\\/candas365.es\\\/noticias\",\"nextItem\":{\"@type\":\"ListItem\",\"@id\":\"https:\\\/\\\/candas365.es\\\/noticias\\\/category\\\/agenda\\\/#listItem\",\"name\":\"Agenda\"}},{\"@type\":\"ListItem\",\"@id\":\"https:\\\/\\\/candas365.es\\\/noticias\\\/category\\\/agenda\\\/#listItem\",\"position\":2,\"name\":\"Agenda\",\"item\":\"https:\\\/\\\/candas365.es\\\/noticias\\\/category\\\/agenda\\\/\",\"nextItem\":{\"@type\":\"ListItem\",\"@id\":\"https:\\\/\\\/candas365.es\\\/noticias\\\/noche-blanca-de-oviedo-el-7-de-octubre\\\/#listItem\",\"name\":\"Noche Blanca de Oviedo, el 7 de Octubre\"},\"previousItem\":{\"@type\":\"ListItem\",\"@id\":\"https:\\\/\\\/candas365.es\\\/noticias#listItem\",\"name\":\"Home\"}},{\"@type\":\"ListItem\",\"@id\":\"https:\\\/\\\/candas365.es\\\/noticias\\\/noche-blanca-de-oviedo-el-7-de-octubre\\\/#listItem\",\"position\":3,\"name\":\"Noche Blanca de Oviedo, el 7 de Octubre\",\"previousItem\":{\"@type\":\"ListItem\",\"@id\":\"https:\\\/\\\/candas365.es\\\/noticias\\\/category\\\/agenda\\\/#listItem\",\"name\":\"Agenda\"}}]},{\"@type\":\"NewsArticle\",\"@id\":\"https:\\\/\\\/candas365.es\\\/noticias\\\/noche-blanca-de-oviedo-el-7-de-octubre\\\/#newsarticle\",\"name\":\"Noche Blanca de Oviedo, el 7 de Octubre | Cand\\u00e1s 365\",\"headline\":\"Noche Blanca de Oviedo, el 7 de Octubre\",\"author\":{\"@id\":\"https:\\\/\\\/candas365.es\\\/noticias\\\/author\\\/admin\\\/#author\"},\"publisher\":{\"@id\":\"https:\\\/\\\/candas365.es\\\/noticias\\\/#organization\"},\"image\":{\"@type\":\"ImageObject\",\"url\":\"https:\\\/\\\/candas365.es\\\/noticias\\\/wp-content\\\/uploads\\\/2016\\\/10\\\/Campoamor.jpg\",\"width\":655,\"height\":360},\"datePublished\":\"2017-10-04T20:05:05+02:00\",\"dateModified\":\"2017-10-04T20:05:05+02:00\",\"inLanguage\":\"es-ES\",\"mainEntityOfPage\":{\"@id\":\"https:\\\/\\\/candas365.es\\\/noticias\\\/noche-blanca-de-oviedo-el-7-de-octubre\\\/#webpage\"},\"isPartOf\":{\"@id\":\"https:\\\/\\\/candas365.es\\\/noticias\\\/noche-blanca-de-oviedo-el-7-de-octubre\\\/#webpage\"},\"articleSection\":\"Agenda\",\"dateline\":\"Publicado el octubre 4, 2017.\"},{\"@type\":\"Organization\",\"@id\":\"https:\\\/\\\/candas365.es\\\/noticias\\\/#organization\",\"name\":\"Cand\\u00e1s 365\",\"description\":\"Cand\\u00e1s 365 es un diario digital independiente, fundado en 2012, con base en Asturias. Informamos con rigor sobre actualidad, sociedad, cultura y ocio, con una mirada local y global.\",\"url\":\"https:\\\/\\\/candas365.es\\\/noticias\\\/\",\"email\":\"info@candas365.es\",\"telephone\":\"+34652131393\",\"foundingDate\":\"2012-06-10\",\"logo\":{\"@type\":\"ImageObject\",\"url\":\"https:\\\/\\\/candas365.es\\\/noticias\\\/wp-content\\\/uploads\\\/2024\\\/09\\\/Candas-365-Redes.jpg\",\"@id\":\"https:\\\/\\\/candas365.es\\\/noticias\\\/noche-blanca-de-oviedo-el-7-de-octubre\\\/#organizationLogo\",\"width\":1152,\"height\":864,\"caption\":\"Cand\\u00e1s 365 Redes\"},\"image\":{\"@id\":\"https:\\\/\\\/candas365.es\\\/noticias\\\/noche-blanca-de-oviedo-el-7-de-octubre\\\/#organizationLogo\"},\"sameAs\":[\"https:\\\/\\\/www.facebook.com\\\/Nachofdezber\",\"https:\\\/\\\/x.com\\\/NabercoDigital\",\"https:\\\/\\\/www.instagram.com\\\/nachofdezber\\\/\",\"https:\\\/\\\/www.youtube.com\\\/channel\\\/UCZP-2wLEB9Rv6erhFmqVnvg\"],\"address\":{\"@id\":\"https:\\\/\\\/candas365.es\\\/noticias\\\/#postaladdress\",\"@type\":\"PostalAddress\",\"streetAddress\":\"san antonio 4, san antonio 4\",\"postalCode\":\"33430\",\"addressLocality\":\"Cand\\u00e1s\",\"addressRegion\":\"Asturias\",\"addressCountry\":\"ES\"}},{\"@type\":\"Person\",\"@id\":\"https:\\\/\\\/candas365.es\\\/noticias\\\/author\\\/admin\\\/#author\",\"url\":\"https:\\\/\\\/candas365.es\\\/noticias\\\/author\\\/admin\\\/\",\"name\":\"Cand\\u00e1s 365\",\"image\":{\"@type\":\"ImageObject\",\"@id\":\"https:\\\/\\\/candas365.es\\\/noticias\\\/noche-blanca-de-oviedo-el-7-de-octubre\\\/#authorImage\",\"url\":\"https:\\\/\\\/secure.gravatar.com\\\/avatar\\\/496a8e03d0c493ede1718b7934145dbdf8d89be1036b0eec9544e1094c9de390?s=96&d=mm&r=g\",\"width\":96,\"height\":96,\"caption\":\"Cand\\u00e1s 365\"},\"sameAs\":[\"https:\\\/\\\/www.facebook.com\\\/carrenoactualidad\",\"https:\\\/\\\/twitter.com\\\/nbasturias\",\"https:\\\/\\\/www.instagram.com\\\/nachofdezber\\\/\",\"https:\\\/\\\/www.youtube.com\\\/channel\\\/UCZP-2wLEB9Rv6erhFmqVnvg\"]},{\"@type\":\"WebPage\",\"@id\":\"https:\\\/\\\/candas365.es\\\/noticias\\\/noche-blanca-de-oviedo-el-7-de-octubre\\\/#webpage\",\"url\":\"https:\\\/\\\/candas365.es\\\/noticias\\\/noche-blanca-de-oviedo-el-7-de-octubre\\\/\",\"name\":\"Noche Blanca de Oviedo, el 7 de Octubre | Cand\\u00e1s 365\",\"description\":\"Oviedo disfrutar\\u00e1 de su quinta Noche Blanca el pr\\u00f3ximo 7 de octubre. Organizada por la Fundaci\\u00f3n Municipal de Cultura del Ayuntamiento de Oviedo y coordinada por Jos\\u00e9 Castellano, el festival de 2017 est\\u00e1 enfocado a que los ovetenses vivan la ciudad de una manera diferente por una noche, acerc\\u00e1ndoles la creaci\\u00f3n art\\u00edstica contempor\\u00e1nea y facilit\\u00e1ndoles\",\"inLanguage\":\"es-ES\",\"isPartOf\":{\"@id\":\"https:\\\/\\\/candas365.es\\\/noticias\\\/#website\"},\"breadcrumb\":{\"@id\":\"https:\\\/\\\/candas365.es\\\/noticias\\\/noche-blanca-de-oviedo-el-7-de-octubre\\\/#breadcrumblist\"},\"author\":{\"@id\":\"https:\\\/\\\/candas365.es\\\/noticias\\\/author\\\/admin\\\/#author\"},\"creator\":{\"@id\":\"https:\\\/\\\/candas365.es\\\/noticias\\\/author\\\/admin\\\/#author\"},\"image\":{\"@type\":\"ImageObject\",\"url\":\"https:\\\/\\\/candas365.es\\\/noticias\\\/wp-content\\\/uploads\\\/2016\\\/10\\\/Campoamor.jpg\",\"@id\":\"https:\\\/\\\/candas365.es\\\/noticias\\\/noche-blanca-de-oviedo-el-7-de-octubre\\\/#mainImage\",\"width\":655,\"height\":360},\"primaryImageOfPage\":{\"@id\":\"https:\\\/\\\/candas365.es\\\/noticias\\\/noche-blanca-de-oviedo-el-7-de-octubre\\\/#mainImage\"},\"datePublished\":\"2017-10-04T20:05:05+02:00\",\"dateModified\":\"2017-10-04T20:05:05+02:00\"},{\"@type\":\"WebSite\",\"@id\":\"https:\\\/\\\/candas365.es\\\/noticias\\\/#website\",\"url\":\"https:\\\/\\\/candas365.es\\\/noticias\\\/\",\"name\":\"Cand\\u00e1s 365\",\"alternateName\":\"Cand\\u00e1s 365 Noticias\",\"description\":\"Actualidad desde Carre\\u00f1o para el mundo\",\"inLanguage\":\"es-ES\",\"publisher\":{\"@id\":\"https:\\\/\\\/candas365.es\\\/noticias\\\/#organization\"}}]}\n\t\t<\/script>\n\t\t<!-- All in One SEO Pro -->\r\n\t\t<title>Noche Blanca de Oviedo, el 7 de Octubre | Cand\u00e1s 365<\/title>\n\n","aioseo_head_json":{"title":"Noche Blanca de Oviedo, el 7 de Octubre | Cand\u00e1s 365","description":"Oviedo disfrutar\u00e1 de su quinta Noche Blanca el pr\u00f3ximo 7 de octubre. Organizada por la Fundaci\u00f3n Municipal de Cultura del Ayuntamiento de Oviedo y coordinada por Jos\u00e9 Castellano, el festival de 2017 est\u00e1 enfocado a que los ovetenses vivan la ciudad de una manera diferente por una noche, acerc\u00e1ndoles la creaci\u00f3n art\u00edstica contempor\u00e1nea y facilit\u00e1ndoles","canonical_url":"https:\/\/candas365.es\/noticias\/noche-blanca-de-oviedo-el-7-de-octubre\/","robots":"max-image-preview:large","keywords":"agenda","webmasterTools":{"google-site-verification":"UA-32230408-1","msvalidate.01":"354F3CDFB2DA171B47FBE9ABF1F88D5","miscellaneous":""},"schema":{"@context":"https:\/\/schema.org","@graph":[{"@type":"BreadcrumbList","@id":"https:\/\/candas365.es\/noticias\/noche-blanca-de-oviedo-el-7-de-octubre\/#breadcrumblist","itemListElement":[{"@type":"ListItem","@id":"https:\/\/candas365.es\/noticias#listItem","position":1,"name":"Home","item":"https:\/\/candas365.es\/noticias","nextItem":{"@type":"ListItem","@id":"https:\/\/candas365.es\/noticias\/category\/agenda\/#listItem","name":"Agenda"}},{"@type":"ListItem","@id":"https:\/\/candas365.es\/noticias\/category\/agenda\/#listItem","position":2,"name":"Agenda","item":"https:\/\/candas365.es\/noticias\/category\/agenda\/","nextItem":{"@type":"ListItem","@id":"https:\/\/candas365.es\/noticias\/noche-blanca-de-oviedo-el-7-de-octubre\/#listItem","name":"Noche Blanca de Oviedo, el 7 de Octubre"},"previousItem":{"@type":"ListItem","@id":"https:\/\/candas365.es\/noticias#listItem","name":"Home"}},{"@type":"ListItem","@id":"https:\/\/candas365.es\/noticias\/noche-blanca-de-oviedo-el-7-de-octubre\/#listItem","position":3,"name":"Noche Blanca de Oviedo, el 7 de Octubre","previousItem":{"@type":"ListItem","@id":"https:\/\/candas365.es\/noticias\/category\/agenda\/#listItem","name":"Agenda"}}]},{"@type":"NewsArticle","@id":"https:\/\/candas365.es\/noticias\/noche-blanca-de-oviedo-el-7-de-octubre\/#newsarticle","name":"Noche Blanca de Oviedo, el 7 de Octubre | Cand\u00e1s 365","headline":"Noche Blanca de Oviedo, el 7 de Octubre","author":{"@id":"https:\/\/candas365.es\/noticias\/author\/admin\/#author"},"publisher":{"@id":"https:\/\/candas365.es\/noticias\/#organization"},"image":{"@type":"ImageObject","url":"https:\/\/candas365.es\/noticias\/wp-content\/uploads\/2016\/10\/Campoamor.jpg","width":655,"height":360},"datePublished":"2017-10-04T20:05:05+02:00","dateModified":"2017-10-04T20:05:05+02:00","inLanguage":"es-ES","mainEntityOfPage":{"@id":"https:\/\/candas365.es\/noticias\/noche-blanca-de-oviedo-el-7-de-octubre\/#webpage"},"isPartOf":{"@id":"https:\/\/candas365.es\/noticias\/noche-blanca-de-oviedo-el-7-de-octubre\/#webpage"},"articleSection":"Agenda","dateline":"Publicado el octubre 4, 2017."},{"@type":"Organization","@id":"https:\/\/candas365.es\/noticias\/#organization","name":"Cand\u00e1s 365","description":"Cand\u00e1s 365 es un diario digital independiente, fundado en 2012, con base en Asturias. Informamos con rigor sobre actualidad, sociedad, cultura y ocio, con una mirada local y global.","url":"https:\/\/candas365.es\/noticias\/","email":"info@candas365.es","telephone":"+34652131393","foundingDate":"2012-06-10","logo":{"@type":"ImageObject","url":"https:\/\/candas365.es\/noticias\/wp-content\/uploads\/2024\/09\/Candas-365-Redes.jpg","@id":"https:\/\/candas365.es\/noticias\/noche-blanca-de-oviedo-el-7-de-octubre\/#organizationLogo","width":1152,"height":864,"caption":"Cand\u00e1s 365 Redes"},"image":{"@id":"https:\/\/candas365.es\/noticias\/noche-blanca-de-oviedo-el-7-de-octubre\/#organizationLogo"},"sameAs":["https:\/\/www.facebook.com\/Nachofdezber","https:\/\/x.com\/NabercoDigital","https:\/\/www.instagram.com\/nachofdezber\/","https:\/\/www.youtube.com\/channel\/UCZP-2wLEB9Rv6erhFmqVnvg"],"address":{"@id":"https:\/\/candas365.es\/noticias\/#postaladdress","@type":"PostalAddress","streetAddress":"san antonio 4, san antonio 4","postalCode":"33430","addressLocality":"Cand\u00e1s","addressRegion":"Asturias","addressCountry":"ES"}},{"@type":"Person","@id":"https:\/\/candas365.es\/noticias\/author\/admin\/#author","url":"https:\/\/candas365.es\/noticias\/author\/admin\/","name":"Cand\u00e1s 365","image":{"@type":"ImageObject","@id":"https:\/\/candas365.es\/noticias\/noche-blanca-de-oviedo-el-7-de-octubre\/#authorImage","url":"https:\/\/secure.gravatar.com\/avatar\/496a8e03d0c493ede1718b7934145dbdf8d89be1036b0eec9544e1094c9de390?s=96&d=mm&r=g","width":96,"height":96,"caption":"Cand\u00e1s 365"},"sameAs":["https:\/\/www.facebook.com\/carrenoactualidad","https:\/\/twitter.com\/nbasturias","https:\/\/www.instagram.com\/nachofdezber\/","https:\/\/www.youtube.com\/channel\/UCZP-2wLEB9Rv6erhFmqVnvg"]},{"@type":"WebPage","@id":"https:\/\/candas365.es\/noticias\/noche-blanca-de-oviedo-el-7-de-octubre\/#webpage","url":"https:\/\/candas365.es\/noticias\/noche-blanca-de-oviedo-el-7-de-octubre\/","name":"Noche Blanca de Oviedo, el 7 de Octubre | Cand\u00e1s 365","description":"Oviedo disfrutar\u00e1 de su quinta Noche Blanca el pr\u00f3ximo 7 de octubre. Organizada por la Fundaci\u00f3n Municipal de Cultura del Ayuntamiento de Oviedo y coordinada por Jos\u00e9 Castellano, el festival de 2017 est\u00e1 enfocado a que los ovetenses vivan la ciudad de una manera diferente por una noche, acerc\u00e1ndoles la creaci\u00f3n art\u00edstica contempor\u00e1nea y facilit\u00e1ndoles","inLanguage":"es-ES","isPartOf":{"@id":"https:\/\/candas365.es\/noticias\/#website"},"breadcrumb":{"@id":"https:\/\/candas365.es\/noticias\/noche-blanca-de-oviedo-el-7-de-octubre\/#breadcrumblist"},"author":{"@id":"https:\/\/candas365.es\/noticias\/author\/admin\/#author"},"creator":{"@id":"https:\/\/candas365.es\/noticias\/author\/admin\/#author"},"image":{"@type":"ImageObject","url":"https:\/\/candas365.es\/noticias\/wp-content\/uploads\/2016\/10\/Campoamor.jpg","@id":"https:\/\/candas365.es\/noticias\/noche-blanca-de-oviedo-el-7-de-octubre\/#mainImage","width":655,"height":360},"primaryImageOfPage":{"@id":"https:\/\/candas365.es\/noticias\/noche-blanca-de-oviedo-el-7-de-octubre\/#mainImage"},"datePublished":"2017-10-04T20:05:05+02:00","dateModified":"2017-10-04T20:05:05+02:00"},{"@type":"WebSite","@id":"https:\/\/candas365.es\/noticias\/#website","url":"https:\/\/candas365.es\/noticias\/","name":"Cand\u00e1s 365","alternateName":"Cand\u00e1s 365 Noticias","description":"Actualidad desde Carre\u00f1o para el mundo","inLanguage":"es-ES","publisher":{"@id":"https:\/\/candas365.es\/noticias\/#organization"}}]},"og:locale":"es_ES","og:site_name":"Cand\u00e1s 365","og:type":"article","og:title":"Noche Blanca de Oviedo, el 7 de Octubre | Cand\u00e1s 365","og:description":"Oviedo disfrutar\u00e1 de su quinta Noche Blanca el pr\u00f3ximo 7 de octubre. Organizada por la Fundaci\u00f3n Municipal de Cultura del Ayuntamiento de Oviedo y coordinada por Jos\u00e9 Castellano, el festival de 2017 est\u00e1 enfocado a que los ovetenses vivan la ciudad de una manera diferente por una noche, acerc\u00e1ndoles la creaci\u00f3n art\u00edstica contempor\u00e1nea y facilit\u00e1ndoles","og:url":"https:\/\/candas365.es\/noticias\/noche-blanca-de-oviedo-el-7-de-octubre\/","og:image":"https:\/\/candas365.es\/noticias\/wp-content\/uploads\/2016\/10\/Campoamor.jpg","og:image:secure_url":"https:\/\/candas365.es\/noticias\/wp-content\/uploads\/2016\/10\/Campoamor.jpg","og:image:width":655,"og:image:height":360,"article:published_time":"2017-10-04T20:05:05+00:00","article:modified_time":"2017-10-04T20:05:05+00:00","article:publisher":"https:\/\/www.facebook.com\/Nachofdezber","article:author":"https:\/\/www.facebook.com\/carrenoactualidad","twitter:card":"summary_large_image","twitter:site":"@NabercoDigital","twitter:title":"Noche Blanca de Oviedo, el 7 de Octubre | Cand\u00e1s 365","twitter:description":"Oviedo disfrutar\u00e1 de su quinta Noche Blanca el pr\u00f3ximo 7 de octubre. Organizada por la Fundaci\u00f3n Municipal de Cultura del Ayuntamiento de Oviedo y coordinada por Jos\u00e9 Castellano, el festival de 2017 est\u00e1 enfocado a que los ovetenses vivan la ciudad de una manera diferente por una noche, acerc\u00e1ndoles la creaci\u00f3n art\u00edstica contempor\u00e1nea y facilit\u00e1ndoles","twitter:creator":"@nbasturias","twitter:image":"https:\/\/candas365.es\/noticias\/wp-content\/uploads\/2016\/10\/Campoamor.jpg","twitter:label1":"Escrito por","twitter:data1":"Cand\u00e1s 365","twitter:label2":"Tiempo de lectura estimado","twitter:data2":"5 minutos"},"aioseo_meta_data":{"post_id":"81553","title":null,"description":null,"keywords":null,"keyphrases":null,"primary_term":null,"canonical_url":null,"og_title":null,"og_description":null,"og_object_type":"default","og_image_type":"default","og_image_url":null,"og_image_width":null,"og_image_height":null,"og_image_custom_url":null,"og_image_custom_fields":null,"og_video":null,"og_custom_url":null,"og_article_section":null,"og_article_tags":null,"twitter_use_og":false,"twitter_card":"default","twitter_image_type":"default","twitter_image_url":null,"twitter_image_custom_url":null,"twitter_image_custom_fields":null,"twitter_title":null,"twitter_description":null,"schema":{"blockGraphs":[],"customGraphs":[],"default":{"data":{"Article":[],"Course":[],"Dataset":[],"FAQPage":[],"Movie":[],"Person":[],"Product":[],"ProductReview":[],"Car":[],"Recipe":[],"Service":[],"SoftwareApplication":[],"WebPage":[]},"graphName":"","isEnabled":true},"graphs":[]},"schema_type":null,"schema_type_options":null,"pillar_content":false,"robots_default":true,"robots_noindex":false,"robots_noarchive":false,"robots_nosnippet":false,"robots_nofollow":false,"robots_noimageindex":false,"robots_noodp":false,"robots_notranslate":false,"robots_max_snippet":null,"robots_max_videopreview":null,"robots_max_imagepreview":"large","priority":null,"frequency":null,"location":null,"local_seo":null,"seo_analyzer_scan_date":"2025-08-26 02:00:04","breadcrumb_settings":null,"limit_modified_date":false,"reviewed_by":null,"open_ai":null,"ai":null,"created":"2020-12-21 12:41:57","updated":"2025-08-26 02:00:04"},"aioseo_breadcrumb":"<div class=\"aioseo-breadcrumbs\"><span class=\"aioseo-breadcrumb\">\n\t<a href=\"https:\/\/candas365.es\/noticias\" title=\"Home\">Home<\/a>\n<\/span><span class=\"aioseo-breadcrumb-separator\">&ndash;<\/span><span class=\"aioseo-breadcrumb\">\n\t<a href=\"https:\/\/candas365.es\/noticias\/category\/agenda\/\" title=\"Agenda\">Agenda<\/a>\n<\/span><span class=\"aioseo-breadcrumb-separator\">&ndash;<\/span><span class=\"aioseo-breadcrumb\">\n\tNoche Blanca de Oviedo, el 7 de Octubre\n<\/span><\/div>","aioseo_breadcrumb_json":[{"label":"Home","link":"https:\/\/candas365.es\/noticias"},{"label":"Agenda","link":"https:\/\/candas365.es\/noticias\/category\/agenda\/"},{"label":"Noche Blanca de Oviedo, el 7 de Octubre","link":"https:\/\/candas365.es\/noticias\/noche-blanca-de-oviedo-el-7-de-octubre\/"}],"_links":{"self":[{"href":"https:\/\/candas365.es\/noticias\/wp-json\/wp\/v2\/posts\/81553","targetHints":{"allow":["GET"]}}],"collection":[{"href":"https:\/\/candas365.es\/noticias\/wp-json\/wp\/v2\/posts"}],"about":[{"href":"https:\/\/candas365.es\/noticias\/wp-json\/wp\/v2\/types\/post"}],"author":[{"embeddable":true,"href":"https:\/\/candas365.es\/noticias\/wp-json\/wp\/v2\/users\/1"}],"replies":[{"embeddable":true,"href":"https:\/\/candas365.es\/noticias\/wp-json\/wp\/v2\/comments?post=81553"}],"version-history":[{"count":0,"href":"https:\/\/candas365.es\/noticias\/wp-json\/wp\/v2\/posts\/81553\/revisions"}],"wp:featuredmedia":[{"embeddable":true,"href":"https:\/\/candas365.es\/noticias\/wp-json\/wp\/v2\/media\/33978"}],"wp:attachment":[{"href":"https:\/\/candas365.es\/noticias\/wp-json\/wp\/v2\/media?parent=81553"}],"wp:term":[{"taxonomy":"category","embeddable":true,"href":"https:\/\/candas365.es\/noticias\/wp-json\/wp\/v2\/categories?post=81553"},{"taxonomy":"post_tag","embeddable":true,"href":"https:\/\/candas365.es\/noticias\/wp-json\/wp\/v2\/tags?post=81553"}],"curies":[{"name":"wp","href":"https:\/\/api.w.org\/{rel}","templated":true}]}}