{"id":81533,"date":"2017-10-04T11:30:15","date_gmt":"2017-10-04T11:30:15","guid":{"rendered":"http:\/\/candas365.es\/noticias\/?p=81533"},"modified":"2017-10-04T11:30:15","modified_gmt":"2017-10-04T11:30:15","slug":"mucha-musica-humor-y-talleres-este-otono-en-la-laboral","status":"publish","type":"post","link":"https:\/\/candas365.es\/noticias\/mucha-musica-humor-y-talleres-este-otono-en-la-laboral\/","title":{"rendered":"Mucha m\u00fasica, humor y talleres este oto\u00f1o en la Laboral"},"content":{"rendered":"<p><img fetchpriority=\"high\" decoding=\"async\" class=\"alignleft size-medium wp-image-81534\" src=\"https:\/\/candas365.es\/noticias\/wp-content\/uploads\/2017\/10\/MVR-360x236.jpg\" alt=\"\" width=\"360\" height=\"236\" srcset=\"https:\/\/candas365.es\/noticias\/wp-content\/uploads\/2017\/10\/MVR-360x236.jpg 360w, https:\/\/candas365.es\/noticias\/wp-content\/uploads\/2017\/10\/MVR-84x55.jpg 84w, https:\/\/candas365.es\/noticias\/wp-content\/uploads\/2017\/10\/MVR.jpg 585w\" sizes=\"(max-width: 360px) 100vw, 360px\" \/>Mucha m\u00fasica, adem\u00e1s de humor y talleres, ser\u00e1n las opciones para el p\u00fablico juvenil y adulto este oto\u00f1o en Laboral Ciudad de la Cultura.<\/p>\n<p>El show de los c\u00f3micos \u00c1lex Clavero &amp; Nacho Garc\u00eda abre este viernes, 6 de octubre, la temporada de espect\u00e1culos de la Laboral que contin\u00faa el domingo 8 con un concierto solidario organizado por la Orquesta de C\u00e1mara de Siero, a favor del Proyecto V\u00ednculos y que contar\u00e1 con la participaci\u00f3n de Rodrigo Cuevas, el grupo Bombai, Rafa Kas y el rapero de origen saharaui Kamy Rapstyle.<\/p>\n<p>Los d\u00edas 12, 13 y 14 de octubre, a las 21:30 horas, Con Alevos\u00eda Teatro vuelve a representar en la Laboral Nan\u00e4 Misericordia, un espect\u00e1culo de terror en el que la l\u00ednea entre el espacio, el int\u00e9rprete y el espectador est\u00e1 en constante cambio. El p\u00fablico no es solo un simple asistente, sino que es c\u00f3mplice de la acci\u00f3n y, en ocasiones, protagonista, ya que los actores necesitan implicar a los miembros del p\u00fablico en la escena para el desarrollo de la misma.<\/p>\n<p>Los neoyorquinos Luna regresan a Espa\u00f1a en una nueva gira que les traer\u00e1 al Teatro de la Laboral el s\u00e1bado 14 de octubre, con la banda valenciana Ramirez Exposure como teloneros. El grupo liderado por Dean Wareham presentar\u00e1 su \u00faltimo trabajo A sentimental education en un concierto en el que har\u00e1n, adem\u00e1s, un repaso a sus grandes \u00e9xitos. El viernes 20 de octubre, el cantautor gallego Andr\u00e9s Su\u00e1rez ofrecer\u00e1 un concierto en el que tocar\u00e1 los temas de su nuevo \u00e1lbum Desde una ventana. Octubre se despide con el humor de Dani Mateo, J.J. Vaquero y Ra\u00fal Cimas, tres de los mejores c\u00f3micos del momento que se subir\u00e1n juntos a las tablas del Teatro el s\u00e1bado 28 para ofrecerte el show Comedy Rock.<\/p>\n<p>Entre las voces m\u00e1s interesantes y originales que ha dado el g\u00e9nero del flamenco sobresale por m\u00e9ritos propios Miguel Poveda que ofrecer\u00e1 un Recital Flamenco el 3 de noviembre en el teatro de la Ciudad de la Cultura. A su amplia discograf\u00eda, avalada por m\u00e1s de diez discos, hay que sumar Sonetos y poemas para la libertad, su \u00faltima producci\u00f3n, una obra abordada con valent\u00eda y llena de excelencia.<\/p>\n<p>Los Chicos del Coro de Saint-Marc y Marisa Valle Roso son las propuestas para el mes de diciembre. La coral francesa, considerada uno de los mejores coros de peque\u00f1os cantores del mundo, regresa a Espa\u00f1a para ofrecer, bajo la direcci\u00f3n de su fundador y director musical Nicolas Porte, un concierto para toda la familia el jueves 28 en el Teatro de la Laboral. Por su parte, Marisa Valle Roso, la gran voz de la m\u00fasica asturiana, llegar\u00e1 a la Ciudad de la Cultura con Consciente, un trabajo fresco, personal y que mantiene los colores del folclore asturiano, el s\u00e1bado 30 en el que ser\u00e1 el concierto de presentaci\u00f3n de este nuevo \u00e1lbum y en el que estar\u00e1 acompa\u00f1ada por varios artistas invitados.<\/p>\n<p>Adem\u00e1s, el proyecto Columna-\u00c1rbol de Alberto Pena recibe al p\u00fablico hasta el 29 de octubre en Laboral Ciudad de la Cultura. Se trata de una instalaci\u00f3n realizada espec\u00edficamente para el Patio Corintio de la Laboral en la que conviven los recuerdos de la arquitectura cl\u00e1sica con las im\u00e1genes org\u00e1nicas plasmadas en 80 metros cuadrados de pintura expandida, con referencias al arte primitivo y la bot\u00e1nica. Esta exposici\u00f3n forma parte del circuito de la XVI Semana de Arte Contempor\u00e1neo de Asturias, AlNorte 2017.<\/p>\n<p><strong>Talleres de dise\u00f1o gr\u00e1fico y para descubrir la Astronom\u00eda<\/strong><\/p>\n<p>Para los j\u00f3venes de 12 a 16 a\u00f1os, Laboral Ciudad de la Cultura ofrece, el s\u00e1bado 11 de noviembre, un taller intensivo de Dise\u00f1o gr\u00e1fico en el que aprender\u00e1n c\u00f3mo utilizar las tipograf\u00edas para hacer sus propios dise\u00f1os aplicados a la creaci\u00f3n de un cartel, trabajando aspectos como tipograf\u00edas, equilibrio del color y composici\u00f3n, entre otros.<\/p>\n<p>Para el p\u00fablico adulto se ofrece el taller Astronom\u00eda y modelismo espacial, un viaje desde los or\u00edgenes de la Astronom\u00eda hasta el mundo actual de la Astron\u00e1utica. Los participantes explorar\u00e1n los fundamentos de la Astronom\u00eda, aprender\u00e1n a manejar un software astron\u00f3mico espec\u00edfico y comprender\u00e1n los principios f\u00edsicos de la Astron\u00e1utica, construyendo un cohete-lanzador. Todo ello a lo largo de tres talleres que se celebrar\u00e1n los jueves 19 de octubre y 16 de noviembre a las 18:30 horas y el s\u00e1bado 16 de diciembre a las 11:00 horas. No son necesarios conocimientos previos en la materia para inscribirse en este ciclo de talleres.<\/p>\n<p>Estos conciertos y actividades se completan con los ocho espect\u00e1culos y los m\u00e1s de 25 talleres para ni\u00f1os de 0 a 12 a\u00f1os que se incluyen en el programa Vamos! de la Laboral para p\u00fablico infantil y familiar.<\/p>\n<p>Todas las localidades ya est\u00e1n a la venta, con descuentos para socios del Club Cultura Asturias. Se pueden adquirir en la Recepci\u00f3n de la Laboral, en la Oficina de Informaci\u00f3n Tur\u00edstica de Asturias en Oviedo, en el Centro Niemeyer en Avil\u00e9s, en entradas.liberbank.es, 902 106 601 y red de cajeros Liberbank.<\/p>\n","protected":false},"excerpt":{"rendered":"<p>Mucha m\u00fasica, adem\u00e1s de humor y talleres, ser\u00e1n las opciones para el p\u00fablico juvenil y adulto este oto\u00f1o en Laboral Ciudad de la Cultura. El show de los c\u00f3micos \u00c1lex Clavero &amp; Nacho Garc\u00eda abre este viernes, 6 de octubre, la temporada de espect\u00e1culos de la Laboral que contin\u00faa el domingo 8 con un concierto<\/p>\n","protected":false},"author":1,"featured_media":81534,"comment_status":"closed","ping_status":"closed","sticky":false,"template":"","format":"standard","meta":{"footnotes":""},"categories":[1],"tags":[],"class_list":{"0":"post-81533","1":"post","2":"type-post","3":"status-publish","4":"format-standard","5":"has-post-thumbnail","7":"category-agenda"},"aioseo_notices":[],"aioseo_head":"\n\t\t<!-- All in One SEO Pro 4.9.6.2 - aioseo.com -->\n\t<meta name=\"description\" content=\"Mucha m\u00fasica, adem\u00e1s de humor y talleres, ser\u00e1n las opciones para el p\u00fablico juvenil y adulto este oto\u00f1o en Laboral Ciudad de la Cultura. El show de los c\u00f3micos \u00c1lex Clavero &amp; Nacho Garc\u00eda abre este viernes, 6 de octubre, la temporada de espect\u00e1culos de la Laboral que contin\u00faa el domingo 8 con un concierto\" \/>\n\t<meta name=\"robots\" content=\"max-image-preview:large\" \/>\n\t<meta name=\"author\" content=\"Cand\u00e1s 365\"\/>\n\t<meta name=\"google-site-verification\" content=\"UA-32230408-1\" \/>\n\t<meta name=\"msvalidate.01\" content=\"354F3CDFB2DA171B47FBE9ABF1F88D5\" \/>\n\t<meta name=\"keywords\" content=\"agenda\" \/>\n\t<link rel=\"canonical\" href=\"https:\/\/candas365.es\/noticias\/mucha-musica-humor-y-talleres-este-otono-en-la-laboral\/\" \/>\n\t<meta name=\"generator\" content=\"All in One SEO Pro (AIOSEO) 4.9.6.2\" \/>\n\t\t<meta property=\"og:locale\" content=\"es_ES\" \/>\n\t\t<meta property=\"og:site_name\" content=\"Cand\u00e1s 365\" \/>\n\t\t<meta property=\"og:type\" content=\"article\" \/>\n\t\t<meta property=\"og:title\" content=\"Mucha m\u00fasica, humor y talleres este oto\u00f1o en la Laboral | Cand\u00e1s 365\" \/>\n\t\t<meta property=\"og:description\" content=\"Mucha m\u00fasica, adem\u00e1s de humor y talleres, ser\u00e1n las opciones para el p\u00fablico juvenil y adulto este oto\u00f1o en Laboral Ciudad de la Cultura. El show de los c\u00f3micos \u00c1lex Clavero &amp; Nacho Garc\u00eda abre este viernes, 6 de octubre, la temporada de espect\u00e1culos de la Laboral que contin\u00faa el domingo 8 con un concierto\" \/>\n\t\t<meta property=\"og:url\" content=\"https:\/\/candas365.es\/noticias\/mucha-musica-humor-y-talleres-este-otono-en-la-laboral\/\" \/>\n\t\t<meta property=\"og:image\" content=\"https:\/\/candas365.es\/noticias\/wp-content\/uploads\/2017\/10\/MVR.jpg\" \/>\n\t\t<meta property=\"og:image:secure_url\" content=\"https:\/\/candas365.es\/noticias\/wp-content\/uploads\/2017\/10\/MVR.jpg\" \/>\n\t\t<meta property=\"og:image:width\" content=\"585\" \/>\n\t\t<meta property=\"og:image:height\" content=\"384\" \/>\n\t\t<meta property=\"article:published_time\" content=\"2017-10-04T11:30:15+00:00\" \/>\n\t\t<meta property=\"article:modified_time\" content=\"2017-10-04T11:30:15+00:00\" \/>\n\t\t<meta property=\"article:publisher\" content=\"https:\/\/www.facebook.com\/Nachofdezber\" \/>\n\t\t<meta property=\"article:author\" content=\"https:\/\/www.facebook.com\/carrenoactualidad\" \/>\n\t\t<meta name=\"twitter:card\" content=\"summary_large_image\" \/>\n\t\t<meta name=\"twitter:site\" content=\"@NabercoDigital\" \/>\n\t\t<meta name=\"twitter:title\" content=\"Mucha m\u00fasica, humor y talleres este oto\u00f1o en la Laboral | Cand\u00e1s 365\" \/>\n\t\t<meta name=\"twitter:description\" content=\"Mucha m\u00fasica, adem\u00e1s de humor y talleres, ser\u00e1n las opciones para el p\u00fablico juvenil y adulto este oto\u00f1o en Laboral Ciudad de la Cultura. El show de los c\u00f3micos \u00c1lex Clavero &amp; Nacho Garc\u00eda abre este viernes, 6 de octubre, la temporada de espect\u00e1culos de la Laboral que contin\u00faa el domingo 8 con un concierto\" \/>\n\t\t<meta name=\"twitter:creator\" content=\"@nbasturias\" \/>\n\t\t<meta name=\"twitter:image\" content=\"https:\/\/candas365.es\/noticias\/wp-content\/uploads\/2017\/10\/MVR.jpg\" \/>\n\t\t<meta name=\"twitter:label1\" content=\"Escrito por\" \/>\n\t\t<meta name=\"twitter:data1\" content=\"Cand\u00e1s 365\" \/>\n\t\t<meta name=\"twitter:label2\" content=\"Tiempo de lectura estimado\" \/>\n\t\t<meta name=\"twitter:data2\" content=\"4 minutos\" \/>\n\t\t<script type=\"application\/ld+json\" class=\"aioseo-schema\">\n\t\t\t{\"@context\":\"https:\\\/\\\/schema.org\",\"@graph\":[{\"@type\":\"BreadcrumbList\",\"@id\":\"https:\\\/\\\/candas365.es\\\/noticias\\\/mucha-musica-humor-y-talleres-este-otono-en-la-laboral\\\/#breadcrumblist\",\"itemListElement\":[{\"@type\":\"ListItem\",\"@id\":\"https:\\\/\\\/candas365.es\\\/noticias#listItem\",\"position\":1,\"name\":\"Home\",\"item\":\"https:\\\/\\\/candas365.es\\\/noticias\",\"nextItem\":{\"@type\":\"ListItem\",\"@id\":\"https:\\\/\\\/candas365.es\\\/noticias\\\/category\\\/agenda\\\/#listItem\",\"name\":\"Agenda\"}},{\"@type\":\"ListItem\",\"@id\":\"https:\\\/\\\/candas365.es\\\/noticias\\\/category\\\/agenda\\\/#listItem\",\"position\":2,\"name\":\"Agenda\",\"item\":\"https:\\\/\\\/candas365.es\\\/noticias\\\/category\\\/agenda\\\/\",\"nextItem\":{\"@type\":\"ListItem\",\"@id\":\"https:\\\/\\\/candas365.es\\\/noticias\\\/mucha-musica-humor-y-talleres-este-otono-en-la-laboral\\\/#listItem\",\"name\":\"Mucha m\\u00fasica, humor y talleres este oto\\u00f1o en la Laboral\"},\"previousItem\":{\"@type\":\"ListItem\",\"@id\":\"https:\\\/\\\/candas365.es\\\/noticias#listItem\",\"name\":\"Home\"}},{\"@type\":\"ListItem\",\"@id\":\"https:\\\/\\\/candas365.es\\\/noticias\\\/mucha-musica-humor-y-talleres-este-otono-en-la-laboral\\\/#listItem\",\"position\":3,\"name\":\"Mucha m\\u00fasica, humor y talleres este oto\\u00f1o en la Laboral\",\"previousItem\":{\"@type\":\"ListItem\",\"@id\":\"https:\\\/\\\/candas365.es\\\/noticias\\\/category\\\/agenda\\\/#listItem\",\"name\":\"Agenda\"}}]},{\"@type\":\"NewsArticle\",\"@id\":\"https:\\\/\\\/candas365.es\\\/noticias\\\/mucha-musica-humor-y-talleres-este-otono-en-la-laboral\\\/#newsarticle\",\"name\":\"Mucha m\\u00fasica, humor y talleres este oto\\u00f1o en la Laboral | Cand\\u00e1s 365\",\"headline\":\"Mucha m\\u00fasica, humor y talleres este oto\\u00f1o en la Laboral\",\"author\":{\"@id\":\"https:\\\/\\\/candas365.es\\\/noticias\\\/author\\\/admin\\\/#author\"},\"publisher\":{\"@id\":\"https:\\\/\\\/candas365.es\\\/noticias\\\/#organization\"},\"image\":{\"@type\":\"ImageObject\",\"url\":\"https:\\\/\\\/candas365.es\\\/noticias\\\/wp-content\\\/uploads\\\/2017\\\/10\\\/MVR.jpg\",\"width\":585,\"height\":384},\"datePublished\":\"2017-10-04T11:30:15+02:00\",\"dateModified\":\"2017-10-04T11:30:15+02:00\",\"inLanguage\":\"es-ES\",\"mainEntityOfPage\":{\"@id\":\"https:\\\/\\\/candas365.es\\\/noticias\\\/mucha-musica-humor-y-talleres-este-otono-en-la-laboral\\\/#webpage\"},\"isPartOf\":{\"@id\":\"https:\\\/\\\/candas365.es\\\/noticias\\\/mucha-musica-humor-y-talleres-este-otono-en-la-laboral\\\/#webpage\"},\"articleSection\":\"Agenda\",\"dateline\":\"Publicado el octubre 4, 2017.\"},{\"@type\":\"Organization\",\"@id\":\"https:\\\/\\\/candas365.es\\\/noticias\\\/#organization\",\"name\":\"Cand\\u00e1s 365\",\"description\":\"Cand\\u00e1s 365 es un diario digital independiente, fundado en 2012, con base en Asturias. Informamos con rigor sobre actualidad, sociedad, cultura y ocio, con una mirada local y global.\",\"url\":\"https:\\\/\\\/candas365.es\\\/noticias\\\/\",\"email\":\"info@candas365.es\",\"telephone\":\"+34652131393\",\"foundingDate\":\"2012-06-10\",\"logo\":{\"@type\":\"ImageObject\",\"url\":\"https:\\\/\\\/candas365.es\\\/noticias\\\/wp-content\\\/uploads\\\/2024\\\/09\\\/Candas-365-Redes.jpg\",\"@id\":\"https:\\\/\\\/candas365.es\\\/noticias\\\/mucha-musica-humor-y-talleres-este-otono-en-la-laboral\\\/#organizationLogo\",\"width\":1152,\"height\":864,\"caption\":\"Cand\\u00e1s 365 Redes\"},\"image\":{\"@id\":\"https:\\\/\\\/candas365.es\\\/noticias\\\/mucha-musica-humor-y-talleres-este-otono-en-la-laboral\\\/#organizationLogo\"},\"sameAs\":[\"https:\\\/\\\/www.facebook.com\\\/Nachofdezber\",\"https:\\\/\\\/x.com\\\/NabercoDigital\",\"https:\\\/\\\/www.instagram.com\\\/nachofdezber\\\/\",\"https:\\\/\\\/www.youtube.com\\\/channel\\\/UCZP-2wLEB9Rv6erhFmqVnvg\"],\"address\":{\"@id\":\"https:\\\/\\\/candas365.es\\\/noticias\\\/#postaladdress\",\"@type\":\"PostalAddress\",\"streetAddress\":\"san antonio 4, san antonio 4\",\"postalCode\":\"33430\",\"addressLocality\":\"Cand\\u00e1s\",\"addressRegion\":\"Asturias\",\"addressCountry\":\"ES\"}},{\"@type\":\"Person\",\"@id\":\"https:\\\/\\\/candas365.es\\\/noticias\\\/author\\\/admin\\\/#author\",\"url\":\"https:\\\/\\\/candas365.es\\\/noticias\\\/author\\\/admin\\\/\",\"name\":\"Cand\\u00e1s 365\",\"image\":{\"@type\":\"ImageObject\",\"@id\":\"https:\\\/\\\/candas365.es\\\/noticias\\\/mucha-musica-humor-y-talleres-este-otono-en-la-laboral\\\/#authorImage\",\"url\":\"https:\\\/\\\/secure.gravatar.com\\\/avatar\\\/496a8e03d0c493ede1718b7934145dbdf8d89be1036b0eec9544e1094c9de390?s=96&d=mm&r=g\",\"width\":96,\"height\":96,\"caption\":\"Cand\\u00e1s 365\"},\"sameAs\":[\"https:\\\/\\\/www.facebook.com\\\/carrenoactualidad\",\"https:\\\/\\\/twitter.com\\\/nbasturias\",\"https:\\\/\\\/www.instagram.com\\\/nachofdezber\\\/\",\"https:\\\/\\\/www.youtube.com\\\/channel\\\/UCZP-2wLEB9Rv6erhFmqVnvg\"]},{\"@type\":\"WebPage\",\"@id\":\"https:\\\/\\\/candas365.es\\\/noticias\\\/mucha-musica-humor-y-talleres-este-otono-en-la-laboral\\\/#webpage\",\"url\":\"https:\\\/\\\/candas365.es\\\/noticias\\\/mucha-musica-humor-y-talleres-este-otono-en-la-laboral\\\/\",\"name\":\"Mucha m\\u00fasica, humor y talleres este oto\\u00f1o en la Laboral | Cand\\u00e1s 365\",\"description\":\"Mucha m\\u00fasica, adem\\u00e1s de humor y talleres, ser\\u00e1n las opciones para el p\\u00fablico juvenil y adulto este oto\\u00f1o en Laboral Ciudad de la Cultura. El show de los c\\u00f3micos \\u00c1lex Clavero & Nacho Garc\\u00eda abre este viernes, 6 de octubre, la temporada de espect\\u00e1culos de la Laboral que contin\\u00faa el domingo 8 con un concierto\",\"inLanguage\":\"es-ES\",\"isPartOf\":{\"@id\":\"https:\\\/\\\/candas365.es\\\/noticias\\\/#website\"},\"breadcrumb\":{\"@id\":\"https:\\\/\\\/candas365.es\\\/noticias\\\/mucha-musica-humor-y-talleres-este-otono-en-la-laboral\\\/#breadcrumblist\"},\"author\":{\"@id\":\"https:\\\/\\\/candas365.es\\\/noticias\\\/author\\\/admin\\\/#author\"},\"creator\":{\"@id\":\"https:\\\/\\\/candas365.es\\\/noticias\\\/author\\\/admin\\\/#author\"},\"image\":{\"@type\":\"ImageObject\",\"url\":\"https:\\\/\\\/candas365.es\\\/noticias\\\/wp-content\\\/uploads\\\/2017\\\/10\\\/MVR.jpg\",\"@id\":\"https:\\\/\\\/candas365.es\\\/noticias\\\/mucha-musica-humor-y-talleres-este-otono-en-la-laboral\\\/#mainImage\",\"width\":585,\"height\":384},\"primaryImageOfPage\":{\"@id\":\"https:\\\/\\\/candas365.es\\\/noticias\\\/mucha-musica-humor-y-talleres-este-otono-en-la-laboral\\\/#mainImage\"},\"datePublished\":\"2017-10-04T11:30:15+02:00\",\"dateModified\":\"2017-10-04T11:30:15+02:00\"},{\"@type\":\"WebSite\",\"@id\":\"https:\\\/\\\/candas365.es\\\/noticias\\\/#website\",\"url\":\"https:\\\/\\\/candas365.es\\\/noticias\\\/\",\"name\":\"Cand\\u00e1s 365\",\"alternateName\":\"Cand\\u00e1s 365 Noticias\",\"description\":\"Actualidad desde Carre\\u00f1o para el mundo\",\"inLanguage\":\"es-ES\",\"publisher\":{\"@id\":\"https:\\\/\\\/candas365.es\\\/noticias\\\/#organization\"}}]}\n\t\t<\/script>\n\t\t<!-- All in One SEO Pro -->\r\n\t\t<title>Mucha m\u00fasica, humor y talleres este oto\u00f1o en la Laboral | Cand\u00e1s 365<\/title>\n\n","aioseo_head_json":{"title":"Mucha m\u00fasica, humor y talleres este oto\u00f1o en la Laboral | Cand\u00e1s 365","description":"Mucha m\u00fasica, adem\u00e1s de humor y talleres, ser\u00e1n las opciones para el p\u00fablico juvenil y adulto este oto\u00f1o en Laboral Ciudad de la Cultura. El show de los c\u00f3micos \u00c1lex Clavero & Nacho Garc\u00eda abre este viernes, 6 de octubre, la temporada de espect\u00e1culos de la Laboral que contin\u00faa el domingo 8 con un concierto","canonical_url":"https:\/\/candas365.es\/noticias\/mucha-musica-humor-y-talleres-este-otono-en-la-laboral\/","robots":"max-image-preview:large","keywords":"agenda","webmasterTools":{"google-site-verification":"UA-32230408-1","msvalidate.01":"354F3CDFB2DA171B47FBE9ABF1F88D5","miscellaneous":""},"schema":{"@context":"https:\/\/schema.org","@graph":[{"@type":"BreadcrumbList","@id":"https:\/\/candas365.es\/noticias\/mucha-musica-humor-y-talleres-este-otono-en-la-laboral\/#breadcrumblist","itemListElement":[{"@type":"ListItem","@id":"https:\/\/candas365.es\/noticias#listItem","position":1,"name":"Home","item":"https:\/\/candas365.es\/noticias","nextItem":{"@type":"ListItem","@id":"https:\/\/candas365.es\/noticias\/category\/agenda\/#listItem","name":"Agenda"}},{"@type":"ListItem","@id":"https:\/\/candas365.es\/noticias\/category\/agenda\/#listItem","position":2,"name":"Agenda","item":"https:\/\/candas365.es\/noticias\/category\/agenda\/","nextItem":{"@type":"ListItem","@id":"https:\/\/candas365.es\/noticias\/mucha-musica-humor-y-talleres-este-otono-en-la-laboral\/#listItem","name":"Mucha m\u00fasica, humor y talleres este oto\u00f1o en la Laboral"},"previousItem":{"@type":"ListItem","@id":"https:\/\/candas365.es\/noticias#listItem","name":"Home"}},{"@type":"ListItem","@id":"https:\/\/candas365.es\/noticias\/mucha-musica-humor-y-talleres-este-otono-en-la-laboral\/#listItem","position":3,"name":"Mucha m\u00fasica, humor y talleres este oto\u00f1o en la Laboral","previousItem":{"@type":"ListItem","@id":"https:\/\/candas365.es\/noticias\/category\/agenda\/#listItem","name":"Agenda"}}]},{"@type":"NewsArticle","@id":"https:\/\/candas365.es\/noticias\/mucha-musica-humor-y-talleres-este-otono-en-la-laboral\/#newsarticle","name":"Mucha m\u00fasica, humor y talleres este oto\u00f1o en la Laboral | Cand\u00e1s 365","headline":"Mucha m\u00fasica, humor y talleres este oto\u00f1o en la Laboral","author":{"@id":"https:\/\/candas365.es\/noticias\/author\/admin\/#author"},"publisher":{"@id":"https:\/\/candas365.es\/noticias\/#organization"},"image":{"@type":"ImageObject","url":"https:\/\/candas365.es\/noticias\/wp-content\/uploads\/2017\/10\/MVR.jpg","width":585,"height":384},"datePublished":"2017-10-04T11:30:15+02:00","dateModified":"2017-10-04T11:30:15+02:00","inLanguage":"es-ES","mainEntityOfPage":{"@id":"https:\/\/candas365.es\/noticias\/mucha-musica-humor-y-talleres-este-otono-en-la-laboral\/#webpage"},"isPartOf":{"@id":"https:\/\/candas365.es\/noticias\/mucha-musica-humor-y-talleres-este-otono-en-la-laboral\/#webpage"},"articleSection":"Agenda","dateline":"Publicado el octubre 4, 2017."},{"@type":"Organization","@id":"https:\/\/candas365.es\/noticias\/#organization","name":"Cand\u00e1s 365","description":"Cand\u00e1s 365 es un diario digital independiente, fundado en 2012, con base en Asturias. Informamos con rigor sobre actualidad, sociedad, cultura y ocio, con una mirada local y global.","url":"https:\/\/candas365.es\/noticias\/","email":"info@candas365.es","telephone":"+34652131393","foundingDate":"2012-06-10","logo":{"@type":"ImageObject","url":"https:\/\/candas365.es\/noticias\/wp-content\/uploads\/2024\/09\/Candas-365-Redes.jpg","@id":"https:\/\/candas365.es\/noticias\/mucha-musica-humor-y-talleres-este-otono-en-la-laboral\/#organizationLogo","width":1152,"height":864,"caption":"Cand\u00e1s 365 Redes"},"image":{"@id":"https:\/\/candas365.es\/noticias\/mucha-musica-humor-y-talleres-este-otono-en-la-laboral\/#organizationLogo"},"sameAs":["https:\/\/www.facebook.com\/Nachofdezber","https:\/\/x.com\/NabercoDigital","https:\/\/www.instagram.com\/nachofdezber\/","https:\/\/www.youtube.com\/channel\/UCZP-2wLEB9Rv6erhFmqVnvg"],"address":{"@id":"https:\/\/candas365.es\/noticias\/#postaladdress","@type":"PostalAddress","streetAddress":"san antonio 4, san antonio 4","postalCode":"33430","addressLocality":"Cand\u00e1s","addressRegion":"Asturias","addressCountry":"ES"}},{"@type":"Person","@id":"https:\/\/candas365.es\/noticias\/author\/admin\/#author","url":"https:\/\/candas365.es\/noticias\/author\/admin\/","name":"Cand\u00e1s 365","image":{"@type":"ImageObject","@id":"https:\/\/candas365.es\/noticias\/mucha-musica-humor-y-talleres-este-otono-en-la-laboral\/#authorImage","url":"https:\/\/secure.gravatar.com\/avatar\/496a8e03d0c493ede1718b7934145dbdf8d89be1036b0eec9544e1094c9de390?s=96&d=mm&r=g","width":96,"height":96,"caption":"Cand\u00e1s 365"},"sameAs":["https:\/\/www.facebook.com\/carrenoactualidad","https:\/\/twitter.com\/nbasturias","https:\/\/www.instagram.com\/nachofdezber\/","https:\/\/www.youtube.com\/channel\/UCZP-2wLEB9Rv6erhFmqVnvg"]},{"@type":"WebPage","@id":"https:\/\/candas365.es\/noticias\/mucha-musica-humor-y-talleres-este-otono-en-la-laboral\/#webpage","url":"https:\/\/candas365.es\/noticias\/mucha-musica-humor-y-talleres-este-otono-en-la-laboral\/","name":"Mucha m\u00fasica, humor y talleres este oto\u00f1o en la Laboral | Cand\u00e1s 365","description":"Mucha m\u00fasica, adem\u00e1s de humor y talleres, ser\u00e1n las opciones para el p\u00fablico juvenil y adulto este oto\u00f1o en Laboral Ciudad de la Cultura. El show de los c\u00f3micos \u00c1lex Clavero & Nacho Garc\u00eda abre este viernes, 6 de octubre, la temporada de espect\u00e1culos de la Laboral que contin\u00faa el domingo 8 con un concierto","inLanguage":"es-ES","isPartOf":{"@id":"https:\/\/candas365.es\/noticias\/#website"},"breadcrumb":{"@id":"https:\/\/candas365.es\/noticias\/mucha-musica-humor-y-talleres-este-otono-en-la-laboral\/#breadcrumblist"},"author":{"@id":"https:\/\/candas365.es\/noticias\/author\/admin\/#author"},"creator":{"@id":"https:\/\/candas365.es\/noticias\/author\/admin\/#author"},"image":{"@type":"ImageObject","url":"https:\/\/candas365.es\/noticias\/wp-content\/uploads\/2017\/10\/MVR.jpg","@id":"https:\/\/candas365.es\/noticias\/mucha-musica-humor-y-talleres-este-otono-en-la-laboral\/#mainImage","width":585,"height":384},"primaryImageOfPage":{"@id":"https:\/\/candas365.es\/noticias\/mucha-musica-humor-y-talleres-este-otono-en-la-laboral\/#mainImage"},"datePublished":"2017-10-04T11:30:15+02:00","dateModified":"2017-10-04T11:30:15+02:00"},{"@type":"WebSite","@id":"https:\/\/candas365.es\/noticias\/#website","url":"https:\/\/candas365.es\/noticias\/","name":"Cand\u00e1s 365","alternateName":"Cand\u00e1s 365 Noticias","description":"Actualidad desde Carre\u00f1o para el mundo","inLanguage":"es-ES","publisher":{"@id":"https:\/\/candas365.es\/noticias\/#organization"}}]},"og:locale":"es_ES","og:site_name":"Cand\u00e1s 365","og:type":"article","og:title":"Mucha m\u00fasica, humor y talleres este oto\u00f1o en la Laboral | Cand\u00e1s 365","og:description":"Mucha m\u00fasica, adem\u00e1s de humor y talleres, ser\u00e1n las opciones para el p\u00fablico juvenil y adulto este oto\u00f1o en Laboral Ciudad de la Cultura. El show de los c\u00f3micos \u00c1lex Clavero &amp; Nacho Garc\u00eda abre este viernes, 6 de octubre, la temporada de espect\u00e1culos de la Laboral que contin\u00faa el domingo 8 con un concierto","og:url":"https:\/\/candas365.es\/noticias\/mucha-musica-humor-y-talleres-este-otono-en-la-laboral\/","og:image":"https:\/\/candas365.es\/noticias\/wp-content\/uploads\/2017\/10\/MVR.jpg","og:image:secure_url":"https:\/\/candas365.es\/noticias\/wp-content\/uploads\/2017\/10\/MVR.jpg","og:image:width":585,"og:image:height":384,"article:published_time":"2017-10-04T11:30:15+00:00","article:modified_time":"2017-10-04T11:30:15+00:00","article:publisher":"https:\/\/www.facebook.com\/Nachofdezber","article:author":"https:\/\/www.facebook.com\/carrenoactualidad","twitter:card":"summary_large_image","twitter:site":"@NabercoDigital","twitter:title":"Mucha m\u00fasica, humor y talleres este oto\u00f1o en la Laboral | Cand\u00e1s 365","twitter:description":"Mucha m\u00fasica, adem\u00e1s de humor y talleres, ser\u00e1n las opciones para el p\u00fablico juvenil y adulto este oto\u00f1o en Laboral Ciudad de la Cultura. El show de los c\u00f3micos \u00c1lex Clavero &amp; Nacho Garc\u00eda abre este viernes, 6 de octubre, la temporada de espect\u00e1culos de la Laboral que contin\u00faa el domingo 8 con un concierto","twitter:creator":"@nbasturias","twitter:image":"https:\/\/candas365.es\/noticias\/wp-content\/uploads\/2017\/10\/MVR.jpg","twitter:label1":"Escrito por","twitter:data1":"Cand\u00e1s 365","twitter:label2":"Tiempo de lectura estimado","twitter:data2":"4 minutos"},"aioseo_meta_data":{"post_id":"81533","title":null,"description":null,"keywords":null,"keyphrases":null,"primary_term":null,"canonical_url":null,"og_title":null,"og_description":null,"og_object_type":"default","og_image_type":"default","og_image_url":null,"og_image_width":null,"og_image_height":null,"og_image_custom_url":null,"og_image_custom_fields":null,"og_video":null,"og_custom_url":null,"og_article_section":null,"og_article_tags":null,"twitter_use_og":false,"twitter_card":"default","twitter_image_type":"default","twitter_image_url":null,"twitter_image_custom_url":null,"twitter_image_custom_fields":null,"twitter_title":null,"twitter_description":null,"schema":{"blockGraphs":[],"customGraphs":[],"default":{"data":{"Article":[],"Course":[],"Dataset":[],"FAQPage":[],"Movie":[],"Person":[],"Product":[],"ProductReview":[],"Car":[],"Recipe":[],"Service":[],"SoftwareApplication":[],"WebPage":[]},"graphName":"","isEnabled":true},"graphs":[],"defaultGraph":"","defaultPostTypeGraph":""},"schema_type":null,"schema_type_options":null,"pillar_content":false,"robots_default":true,"robots_noindex":false,"robots_noarchive":false,"robots_nosnippet":false,"robots_nofollow":false,"robots_noimageindex":false,"robots_noodp":false,"robots_notranslate":false,"robots_max_snippet":null,"robots_max_videopreview":null,"robots_max_imagepreview":"large","priority":null,"frequency":null,"location":null,"local_seo":null,"seo_analyzer_scan_date":"2025-08-26 01:58:15","breadcrumb_settings":null,"limit_modified_date":false,"reviewed_by":null,"open_ai":null,"ai":null,"created":"2020-12-21 12:41:57","updated":"2025-08-26 01:58:15"},"aioseo_breadcrumb":"<div class=\"aioseo-breadcrumbs\"><span class=\"aioseo-breadcrumb\">\n\t<a href=\"https:\/\/candas365.es\/noticias\" title=\"Home\">Home<\/a>\n<\/span><span class=\"aioseo-breadcrumb-separator\">&ndash;<\/span><span class=\"aioseo-breadcrumb\">\n\t<a href=\"https:\/\/candas365.es\/noticias\/category\/agenda\/\" title=\"Agenda\">Agenda<\/a>\n<\/span><span class=\"aioseo-breadcrumb-separator\">&ndash;<\/span><span class=\"aioseo-breadcrumb\">\n\tMucha m\u00fasica, humor y talleres este oto\u00f1o en la Laboral\n<\/span><\/div>","aioseo_breadcrumb_json":[{"label":"Home","link":"https:\/\/candas365.es\/noticias"},{"label":"Agenda","link":"https:\/\/candas365.es\/noticias\/category\/agenda\/"},{"label":"Mucha m\u00fasica, humor y talleres este oto\u00f1o en la Laboral","link":"https:\/\/candas365.es\/noticias\/mucha-musica-humor-y-talleres-este-otono-en-la-laboral\/"}],"_links":{"self":[{"href":"https:\/\/candas365.es\/noticias\/wp-json\/wp\/v2\/posts\/81533","targetHints":{"allow":["GET"]}}],"collection":[{"href":"https:\/\/candas365.es\/noticias\/wp-json\/wp\/v2\/posts"}],"about":[{"href":"https:\/\/candas365.es\/noticias\/wp-json\/wp\/v2\/types\/post"}],"author":[{"embeddable":true,"href":"https:\/\/candas365.es\/noticias\/wp-json\/wp\/v2\/users\/1"}],"replies":[{"embeddable":true,"href":"https:\/\/candas365.es\/noticias\/wp-json\/wp\/v2\/comments?post=81533"}],"version-history":[{"count":0,"href":"https:\/\/candas365.es\/noticias\/wp-json\/wp\/v2\/posts\/81533\/revisions"}],"wp:featuredmedia":[{"embeddable":true,"href":"https:\/\/candas365.es\/noticias\/wp-json\/wp\/v2\/media\/81534"}],"wp:attachment":[{"href":"https:\/\/candas365.es\/noticias\/wp-json\/wp\/v2\/media?parent=81533"}],"wp:term":[{"taxonomy":"category","embeddable":true,"href":"https:\/\/candas365.es\/noticias\/wp-json\/wp\/v2\/categories?post=81533"},{"taxonomy":"post_tag","embeddable":true,"href":"https:\/\/candas365.es\/noticias\/wp-json\/wp\/v2\/tags?post=81533"}],"curies":[{"name":"wp","href":"https:\/\/api.w.org\/{rel}","templated":true}]}}