{"id":81531,"date":"2017-10-04T11:25:59","date_gmt":"2017-10-04T11:25:59","guid":{"rendered":"http:\/\/candas365.es\/noticias\/?p=81531"},"modified":"2017-10-04T11:25:59","modified_gmt":"2017-10-04T11:25:59","slug":"nosotras-tambien-contamos-en-la-academia-de-cine","status":"publish","type":"post","link":"https:\/\/candas365.es\/noticias\/nosotras-tambien-contamos-en-la-academia-de-cine\/","title":{"rendered":"\u2018Nosotras tambi\u00e9n contamos\u2019 en la Academia de Cine"},"content":{"rendered":"<p><img fetchpriority=\"high\" decoding=\"async\" class=\"alignleft size-medium wp-image-77992\" src=\"https:\/\/candas365.es\/noticias\/wp-content\/uploads\/2017\/08\/cine-2233692_960_720-360x248.jpg\" alt=\"\" width=\"360\" height=\"248\" srcset=\"https:\/\/candas365.es\/noticias\/wp-content\/uploads\/2017\/08\/cine-2233692_960_720-360x248.jpg 360w, https:\/\/candas365.es\/noticias\/wp-content\/uploads\/2017\/08\/cine-2233692_960_720-768x528.jpg 768w, https:\/\/candas365.es\/noticias\/wp-content\/uploads\/2017\/08\/cine-2233692_960_720-655x450.jpg 655w, https:\/\/candas365.es\/noticias\/wp-content\/uploads\/2017\/08\/cine-2233692_960_720-100x70.jpg 100w, https:\/\/candas365.es\/noticias\/wp-content\/uploads\/2017\/08\/cine-2233692_960_720-218x150.jpg 218w, https:\/\/candas365.es\/noticias\/wp-content\/uploads\/2017\/08\/cine-2233692_960_720-696x479.jpg 696w, https:\/\/candas365.es\/noticias\/wp-content\/uploads\/2017\/08\/cine-2233692_960_720-611x420.jpg 611w, https:\/\/candas365.es\/noticias\/wp-content\/uploads\/2017\/08\/cine-2233692_960_720.jpg 960w\" sizes=\"(max-width: 360px) 100vw, 360px\" \/>Reivindicar y visibilizar el trabajo creativo de directoras de cine, como representaci\u00f3n de todo un grupo de mujeres que luchan y se abren un hueco en la industria cinematogr\u00e1fica, es el prop\u00f3sito de \u2018Nosotras tambi\u00e9n contamos\u2019, muestra que este mi\u00e9rcoles arranca en la Academia de Cine.<\/p>\n<p>Organizado por Mujeres de cine, en colaboraci\u00f3n con el Instituto de la Mujer para la Igualdad de Oportunidades, este ciclo incluye la exhibici\u00f3n del documental de Pilar P\u00e9rez Solano (Las maestras de la Rep\u00fablica, 4 de octubre); la \u00f3pera prima de Beatriz Sanch\u00eds, (Todos est\u00e1n muertos, 11 de octubre); y el largometraje de Mar Coll Todos queremos lo mejor para ella, que se proyectar\u00e1 el 27 de octubre.<\/p>\n<p><strong>Todos los pases comenzar\u00e1n a las 16:00 horas.<\/strong><\/p>\n<p>IMPORTANTE: Entrada libre con invitaci\u00f3n hasta completar aforo. Las invitaciones se pueden recoger el mismo d\u00eda de su exhibici\u00f3n en la sede de la Academia de Cine en dos turnos: la mitad de las entradas a partir de las 10:00 h. y la otra mitad a partir de las 15:30 h. M\u00e1ximo dos invitaciones por persona.<\/p>\n<p>Las invitaciones tienen validez s\u00f3lo hasta el inicio del pase. Una vez iniciada la sesi\u00f3n no se permitir\u00e1 el acceso a la sala. La Academia se reserva el derecho de admisi\u00f3n<\/p>\n","protected":false},"excerpt":{"rendered":"<p>Reivindicar y visibilizar el trabajo creativo de directoras de cine, como representaci\u00f3n de todo un grupo de mujeres que luchan y se abren un hueco en la industria cinematogr\u00e1fica, es el prop\u00f3sito de \u2018Nosotras tambi\u00e9n contamos\u2019, muestra que este mi\u00e9rcoles arranca en la Academia de Cine. Organizado por Mujeres de cine, en colaboraci\u00f3n con el<\/p>\n","protected":false},"author":1,"featured_media":77992,"comment_status":"closed","ping_status":"closed","sticky":false,"template":"","format":"standard","meta":{"footnotes":""},"categories":[1],"tags":[],"class_list":{"0":"post-81531","1":"post","2":"type-post","3":"status-publish","4":"format-standard","5":"has-post-thumbnail","7":"category-agenda"},"aioseo_notices":[],"aioseo_head":"\n\t\t<!-- All in One SEO Pro 4.9.6.2 - aioseo.com -->\n\t<meta name=\"description\" content=\"Reivindicar y visibilizar el trabajo creativo de directoras de cine, como representaci\u00f3n de todo un grupo de mujeres que luchan y se abren un hueco en la industria cinematogr\u00e1fica, es el prop\u00f3sito de \u2018Nosotras tambi\u00e9n contamos\u2019, muestra que este mi\u00e9rcoles arranca en la Academia de Cine. Organizado por Mujeres de cine, en colaboraci\u00f3n con el\" \/>\n\t<meta name=\"robots\" content=\"max-image-preview:large\" \/>\n\t<meta name=\"author\" content=\"Cand\u00e1s 365\"\/>\n\t<meta name=\"google-site-verification\" content=\"UA-32230408-1\" \/>\n\t<meta name=\"msvalidate.01\" content=\"354F3CDFB2DA171B47FBE9ABF1F88D5\" \/>\n\t<meta name=\"keywords\" content=\"agenda\" \/>\n\t<link rel=\"canonical\" href=\"https:\/\/candas365.es\/noticias\/nosotras-tambien-contamos-en-la-academia-de-cine\/\" \/>\n\t<meta name=\"generator\" content=\"All in One SEO Pro (AIOSEO) 4.9.6.2\" \/>\n\t\t<meta property=\"og:locale\" content=\"es_ES\" \/>\n\t\t<meta property=\"og:site_name\" content=\"Cand\u00e1s 365\" \/>\n\t\t<meta property=\"og:type\" content=\"article\" \/>\n\t\t<meta property=\"og:title\" content=\"\u2018Nosotras tambi\u00e9n contamos\u2019 en la Academia de Cine | Cand\u00e1s 365\" \/>\n\t\t<meta property=\"og:description\" content=\"Reivindicar y visibilizar el trabajo creativo de directoras de cine, como representaci\u00f3n de todo un grupo de mujeres que luchan y se abren un hueco en la industria cinematogr\u00e1fica, es el prop\u00f3sito de \u2018Nosotras tambi\u00e9n contamos\u2019, muestra que este mi\u00e9rcoles arranca en la Academia de Cine. Organizado por Mujeres de cine, en colaboraci\u00f3n con el\" \/>\n\t\t<meta property=\"og:url\" content=\"https:\/\/candas365.es\/noticias\/nosotras-tambien-contamos-en-la-academia-de-cine\/\" \/>\n\t\t<meta property=\"og:image\" content=\"https:\/\/candas365.es\/noticias\/wp-content\/uploads\/2017\/08\/cine-2233692_960_720.jpg\" \/>\n\t\t<meta property=\"og:image:secure_url\" content=\"https:\/\/candas365.es\/noticias\/wp-content\/uploads\/2017\/08\/cine-2233692_960_720.jpg\" \/>\n\t\t<meta property=\"og:image:width\" content=\"960\" \/>\n\t\t<meta property=\"og:image:height\" content=\"660\" \/>\n\t\t<meta property=\"article:published_time\" content=\"2017-10-04T11:25:59+00:00\" \/>\n\t\t<meta property=\"article:modified_time\" content=\"2017-10-04T11:25:59+00:00\" \/>\n\t\t<meta property=\"article:publisher\" content=\"https:\/\/www.facebook.com\/Nachofdezber\" \/>\n\t\t<meta property=\"article:author\" content=\"https:\/\/www.facebook.com\/carrenoactualidad\" \/>\n\t\t<meta name=\"twitter:card\" content=\"summary_large_image\" \/>\n\t\t<meta name=\"twitter:site\" content=\"@NabercoDigital\" \/>\n\t\t<meta name=\"twitter:title\" content=\"\u2018Nosotras tambi\u00e9n contamos\u2019 en la Academia de Cine | Cand\u00e1s 365\" \/>\n\t\t<meta name=\"twitter:description\" content=\"Reivindicar y visibilizar el trabajo creativo de directoras de cine, como representaci\u00f3n de todo un grupo de mujeres que luchan y se abren un hueco en la industria cinematogr\u00e1fica, es el prop\u00f3sito de \u2018Nosotras tambi\u00e9n contamos\u2019, muestra que este mi\u00e9rcoles arranca en la Academia de Cine. Organizado por Mujeres de cine, en colaboraci\u00f3n con el\" \/>\n\t\t<meta name=\"twitter:creator\" content=\"@nbasturias\" \/>\n\t\t<meta name=\"twitter:image\" content=\"https:\/\/candas365.es\/noticias\/wp-content\/uploads\/2017\/08\/cine-2233692_960_720.jpg\" \/>\n\t\t<meta name=\"twitter:label1\" content=\"Escrito por\" \/>\n\t\t<meta name=\"twitter:data1\" content=\"Cand\u00e1s 365\" \/>\n\t\t<meta name=\"twitter:label2\" content=\"Tiempo de lectura estimado\" \/>\n\t\t<meta name=\"twitter:data2\" content=\"1 minuto\" \/>\n\t\t<script type=\"application\/ld+json\" class=\"aioseo-schema\">\n\t\t\t{\"@context\":\"https:\\\/\\\/schema.org\",\"@graph\":[{\"@type\":\"BreadcrumbList\",\"@id\":\"https:\\\/\\\/candas365.es\\\/noticias\\\/nosotras-tambien-contamos-en-la-academia-de-cine\\\/#breadcrumblist\",\"itemListElement\":[{\"@type\":\"ListItem\",\"@id\":\"https:\\\/\\\/candas365.es\\\/noticias#listItem\",\"position\":1,\"name\":\"Home\",\"item\":\"https:\\\/\\\/candas365.es\\\/noticias\",\"nextItem\":{\"@type\":\"ListItem\",\"@id\":\"https:\\\/\\\/candas365.es\\\/noticias\\\/category\\\/agenda\\\/#listItem\",\"name\":\"Agenda\"}},{\"@type\":\"ListItem\",\"@id\":\"https:\\\/\\\/candas365.es\\\/noticias\\\/category\\\/agenda\\\/#listItem\",\"position\":2,\"name\":\"Agenda\",\"item\":\"https:\\\/\\\/candas365.es\\\/noticias\\\/category\\\/agenda\\\/\",\"nextItem\":{\"@type\":\"ListItem\",\"@id\":\"https:\\\/\\\/candas365.es\\\/noticias\\\/nosotras-tambien-contamos-en-la-academia-de-cine\\\/#listItem\",\"name\":\"\\u2018Nosotras tambi\\u00e9n contamos\\u2019 en la Academia de Cine\"},\"previousItem\":{\"@type\":\"ListItem\",\"@id\":\"https:\\\/\\\/candas365.es\\\/noticias#listItem\",\"name\":\"Home\"}},{\"@type\":\"ListItem\",\"@id\":\"https:\\\/\\\/candas365.es\\\/noticias\\\/nosotras-tambien-contamos-en-la-academia-de-cine\\\/#listItem\",\"position\":3,\"name\":\"\\u2018Nosotras tambi\\u00e9n contamos\\u2019 en la Academia de Cine\",\"previousItem\":{\"@type\":\"ListItem\",\"@id\":\"https:\\\/\\\/candas365.es\\\/noticias\\\/category\\\/agenda\\\/#listItem\",\"name\":\"Agenda\"}}]},{\"@type\":\"NewsArticle\",\"@id\":\"https:\\\/\\\/candas365.es\\\/noticias\\\/nosotras-tambien-contamos-en-la-academia-de-cine\\\/#newsarticle\",\"name\":\"\\u2018Nosotras tambi\\u00e9n contamos\\u2019 en la Academia de Cine | Cand\\u00e1s 365\",\"headline\":\"\\u2018Nosotras tambi\\u00e9n contamos\\u2019 en la Academia de Cine\",\"author\":{\"@id\":\"https:\\\/\\\/candas365.es\\\/noticias\\\/author\\\/admin\\\/#author\"},\"publisher\":{\"@id\":\"https:\\\/\\\/candas365.es\\\/noticias\\\/#organization\"},\"image\":{\"@type\":\"ImageObject\",\"url\":\"https:\\\/\\\/candas365.es\\\/noticias\\\/wp-content\\\/uploads\\\/2017\\\/08\\\/cine-2233692_960_720.jpg\",\"width\":960,\"height\":660},\"datePublished\":\"2017-10-04T11:25:59+02:00\",\"dateModified\":\"2017-10-04T11:25:59+02:00\",\"inLanguage\":\"es-ES\",\"mainEntityOfPage\":{\"@id\":\"https:\\\/\\\/candas365.es\\\/noticias\\\/nosotras-tambien-contamos-en-la-academia-de-cine\\\/#webpage\"},\"isPartOf\":{\"@id\":\"https:\\\/\\\/candas365.es\\\/noticias\\\/nosotras-tambien-contamos-en-la-academia-de-cine\\\/#webpage\"},\"articleSection\":\"Agenda\",\"dateline\":\"Publicado el octubre 4, 2017.\"},{\"@type\":\"Organization\",\"@id\":\"https:\\\/\\\/candas365.es\\\/noticias\\\/#organization\",\"name\":\"Cand\\u00e1s 365\",\"description\":\"Cand\\u00e1s 365 es un diario digital independiente, fundado en 2012, con base en Asturias. Informamos con rigor sobre actualidad, sociedad, cultura y ocio, con una mirada local y global.\",\"url\":\"https:\\\/\\\/candas365.es\\\/noticias\\\/\",\"email\":\"info@candas365.es\",\"telephone\":\"+34652131393\",\"foundingDate\":\"2012-06-10\",\"logo\":{\"@type\":\"ImageObject\",\"url\":\"https:\\\/\\\/candas365.es\\\/noticias\\\/wp-content\\\/uploads\\\/2024\\\/09\\\/Candas-365-Redes.jpg\",\"@id\":\"https:\\\/\\\/candas365.es\\\/noticias\\\/nosotras-tambien-contamos-en-la-academia-de-cine\\\/#organizationLogo\",\"width\":1152,\"height\":864,\"caption\":\"Cand\\u00e1s 365 Redes\"},\"image\":{\"@id\":\"https:\\\/\\\/candas365.es\\\/noticias\\\/nosotras-tambien-contamos-en-la-academia-de-cine\\\/#organizationLogo\"},\"sameAs\":[\"https:\\\/\\\/www.facebook.com\\\/Nachofdezber\",\"https:\\\/\\\/x.com\\\/NabercoDigital\",\"https:\\\/\\\/www.instagram.com\\\/nachofdezber\\\/\",\"https:\\\/\\\/www.youtube.com\\\/channel\\\/UCZP-2wLEB9Rv6erhFmqVnvg\"],\"address\":{\"@id\":\"https:\\\/\\\/candas365.es\\\/noticias\\\/#postaladdress\",\"@type\":\"PostalAddress\",\"streetAddress\":\"san antonio 4, san antonio 4\",\"postalCode\":\"33430\",\"addressLocality\":\"Cand\\u00e1s\",\"addressRegion\":\"Asturias\",\"addressCountry\":\"ES\"}},{\"@type\":\"Person\",\"@id\":\"https:\\\/\\\/candas365.es\\\/noticias\\\/author\\\/admin\\\/#author\",\"url\":\"https:\\\/\\\/candas365.es\\\/noticias\\\/author\\\/admin\\\/\",\"name\":\"Cand\\u00e1s 365\",\"image\":{\"@type\":\"ImageObject\",\"@id\":\"https:\\\/\\\/candas365.es\\\/noticias\\\/nosotras-tambien-contamos-en-la-academia-de-cine\\\/#authorImage\",\"url\":\"https:\\\/\\\/secure.gravatar.com\\\/avatar\\\/496a8e03d0c493ede1718b7934145dbdf8d89be1036b0eec9544e1094c9de390?s=96&d=mm&r=g\",\"width\":96,\"height\":96,\"caption\":\"Cand\\u00e1s 365\"},\"sameAs\":[\"https:\\\/\\\/www.facebook.com\\\/carrenoactualidad\",\"https:\\\/\\\/twitter.com\\\/nbasturias\",\"https:\\\/\\\/www.instagram.com\\\/nachofdezber\\\/\",\"https:\\\/\\\/www.youtube.com\\\/channel\\\/UCZP-2wLEB9Rv6erhFmqVnvg\"]},{\"@type\":\"WebPage\",\"@id\":\"https:\\\/\\\/candas365.es\\\/noticias\\\/nosotras-tambien-contamos-en-la-academia-de-cine\\\/#webpage\",\"url\":\"https:\\\/\\\/candas365.es\\\/noticias\\\/nosotras-tambien-contamos-en-la-academia-de-cine\\\/\",\"name\":\"\\u2018Nosotras tambi\\u00e9n contamos\\u2019 en la Academia de Cine | Cand\\u00e1s 365\",\"description\":\"Reivindicar y visibilizar el trabajo creativo de directoras de cine, como representaci\\u00f3n de todo un grupo de mujeres que luchan y se abren un hueco en la industria cinematogr\\u00e1fica, es el prop\\u00f3sito de \\u2018Nosotras tambi\\u00e9n contamos\\u2019, muestra que este mi\\u00e9rcoles arranca en la Academia de Cine. Organizado por Mujeres de cine, en colaboraci\\u00f3n con el\",\"inLanguage\":\"es-ES\",\"isPartOf\":{\"@id\":\"https:\\\/\\\/candas365.es\\\/noticias\\\/#website\"},\"breadcrumb\":{\"@id\":\"https:\\\/\\\/candas365.es\\\/noticias\\\/nosotras-tambien-contamos-en-la-academia-de-cine\\\/#breadcrumblist\"},\"author\":{\"@id\":\"https:\\\/\\\/candas365.es\\\/noticias\\\/author\\\/admin\\\/#author\"},\"creator\":{\"@id\":\"https:\\\/\\\/candas365.es\\\/noticias\\\/author\\\/admin\\\/#author\"},\"image\":{\"@type\":\"ImageObject\",\"url\":\"https:\\\/\\\/candas365.es\\\/noticias\\\/wp-content\\\/uploads\\\/2017\\\/08\\\/cine-2233692_960_720.jpg\",\"@id\":\"https:\\\/\\\/candas365.es\\\/noticias\\\/nosotras-tambien-contamos-en-la-academia-de-cine\\\/#mainImage\",\"width\":960,\"height\":660},\"primaryImageOfPage\":{\"@id\":\"https:\\\/\\\/candas365.es\\\/noticias\\\/nosotras-tambien-contamos-en-la-academia-de-cine\\\/#mainImage\"},\"datePublished\":\"2017-10-04T11:25:59+02:00\",\"dateModified\":\"2017-10-04T11:25:59+02:00\"},{\"@type\":\"WebSite\",\"@id\":\"https:\\\/\\\/candas365.es\\\/noticias\\\/#website\",\"url\":\"https:\\\/\\\/candas365.es\\\/noticias\\\/\",\"name\":\"Cand\\u00e1s 365\",\"alternateName\":\"Cand\\u00e1s 365 Noticias\",\"description\":\"Actualidad desde Carre\\u00f1o para el mundo\",\"inLanguage\":\"es-ES\",\"publisher\":{\"@id\":\"https:\\\/\\\/candas365.es\\\/noticias\\\/#organization\"}}]}\n\t\t<\/script>\n\t\t<!-- All in One SEO Pro -->\r\n\t\t<title>\u2018Nosotras tambi\u00e9n contamos\u2019 en la Academia de Cine | Cand\u00e1s 365<\/title>\n\n","aioseo_head_json":{"title":"\u2018Nosotras tambi\u00e9n contamos\u2019 en la Academia de Cine | Cand\u00e1s 365","description":"Reivindicar y visibilizar el trabajo creativo de directoras de cine, como representaci\u00f3n de todo un grupo de mujeres que luchan y se abren un hueco en la industria cinematogr\u00e1fica, es el prop\u00f3sito de \u2018Nosotras tambi\u00e9n contamos\u2019, muestra que este mi\u00e9rcoles arranca en la Academia de Cine. Organizado por Mujeres de cine, en colaboraci\u00f3n con el","canonical_url":"https:\/\/candas365.es\/noticias\/nosotras-tambien-contamos-en-la-academia-de-cine\/","robots":"max-image-preview:large","keywords":"agenda","webmasterTools":{"google-site-verification":"UA-32230408-1","msvalidate.01":"354F3CDFB2DA171B47FBE9ABF1F88D5","miscellaneous":""},"schema":{"@context":"https:\/\/schema.org","@graph":[{"@type":"BreadcrumbList","@id":"https:\/\/candas365.es\/noticias\/nosotras-tambien-contamos-en-la-academia-de-cine\/#breadcrumblist","itemListElement":[{"@type":"ListItem","@id":"https:\/\/candas365.es\/noticias#listItem","position":1,"name":"Home","item":"https:\/\/candas365.es\/noticias","nextItem":{"@type":"ListItem","@id":"https:\/\/candas365.es\/noticias\/category\/agenda\/#listItem","name":"Agenda"}},{"@type":"ListItem","@id":"https:\/\/candas365.es\/noticias\/category\/agenda\/#listItem","position":2,"name":"Agenda","item":"https:\/\/candas365.es\/noticias\/category\/agenda\/","nextItem":{"@type":"ListItem","@id":"https:\/\/candas365.es\/noticias\/nosotras-tambien-contamos-en-la-academia-de-cine\/#listItem","name":"\u2018Nosotras tambi\u00e9n contamos\u2019 en la Academia de Cine"},"previousItem":{"@type":"ListItem","@id":"https:\/\/candas365.es\/noticias#listItem","name":"Home"}},{"@type":"ListItem","@id":"https:\/\/candas365.es\/noticias\/nosotras-tambien-contamos-en-la-academia-de-cine\/#listItem","position":3,"name":"\u2018Nosotras tambi\u00e9n contamos\u2019 en la Academia de Cine","previousItem":{"@type":"ListItem","@id":"https:\/\/candas365.es\/noticias\/category\/agenda\/#listItem","name":"Agenda"}}]},{"@type":"NewsArticle","@id":"https:\/\/candas365.es\/noticias\/nosotras-tambien-contamos-en-la-academia-de-cine\/#newsarticle","name":"\u2018Nosotras tambi\u00e9n contamos\u2019 en la Academia de Cine | Cand\u00e1s 365","headline":"\u2018Nosotras tambi\u00e9n contamos\u2019 en la Academia de Cine","author":{"@id":"https:\/\/candas365.es\/noticias\/author\/admin\/#author"},"publisher":{"@id":"https:\/\/candas365.es\/noticias\/#organization"},"image":{"@type":"ImageObject","url":"https:\/\/candas365.es\/noticias\/wp-content\/uploads\/2017\/08\/cine-2233692_960_720.jpg","width":960,"height":660},"datePublished":"2017-10-04T11:25:59+02:00","dateModified":"2017-10-04T11:25:59+02:00","inLanguage":"es-ES","mainEntityOfPage":{"@id":"https:\/\/candas365.es\/noticias\/nosotras-tambien-contamos-en-la-academia-de-cine\/#webpage"},"isPartOf":{"@id":"https:\/\/candas365.es\/noticias\/nosotras-tambien-contamos-en-la-academia-de-cine\/#webpage"},"articleSection":"Agenda","dateline":"Publicado el octubre 4, 2017."},{"@type":"Organization","@id":"https:\/\/candas365.es\/noticias\/#organization","name":"Cand\u00e1s 365","description":"Cand\u00e1s 365 es un diario digital independiente, fundado en 2012, con base en Asturias. Informamos con rigor sobre actualidad, sociedad, cultura y ocio, con una mirada local y global.","url":"https:\/\/candas365.es\/noticias\/","email":"info@candas365.es","telephone":"+34652131393","foundingDate":"2012-06-10","logo":{"@type":"ImageObject","url":"https:\/\/candas365.es\/noticias\/wp-content\/uploads\/2024\/09\/Candas-365-Redes.jpg","@id":"https:\/\/candas365.es\/noticias\/nosotras-tambien-contamos-en-la-academia-de-cine\/#organizationLogo","width":1152,"height":864,"caption":"Cand\u00e1s 365 Redes"},"image":{"@id":"https:\/\/candas365.es\/noticias\/nosotras-tambien-contamos-en-la-academia-de-cine\/#organizationLogo"},"sameAs":["https:\/\/www.facebook.com\/Nachofdezber","https:\/\/x.com\/NabercoDigital","https:\/\/www.instagram.com\/nachofdezber\/","https:\/\/www.youtube.com\/channel\/UCZP-2wLEB9Rv6erhFmqVnvg"],"address":{"@id":"https:\/\/candas365.es\/noticias\/#postaladdress","@type":"PostalAddress","streetAddress":"san antonio 4, san antonio 4","postalCode":"33430","addressLocality":"Cand\u00e1s","addressRegion":"Asturias","addressCountry":"ES"}},{"@type":"Person","@id":"https:\/\/candas365.es\/noticias\/author\/admin\/#author","url":"https:\/\/candas365.es\/noticias\/author\/admin\/","name":"Cand\u00e1s 365","image":{"@type":"ImageObject","@id":"https:\/\/candas365.es\/noticias\/nosotras-tambien-contamos-en-la-academia-de-cine\/#authorImage","url":"https:\/\/secure.gravatar.com\/avatar\/496a8e03d0c493ede1718b7934145dbdf8d89be1036b0eec9544e1094c9de390?s=96&d=mm&r=g","width":96,"height":96,"caption":"Cand\u00e1s 365"},"sameAs":["https:\/\/www.facebook.com\/carrenoactualidad","https:\/\/twitter.com\/nbasturias","https:\/\/www.instagram.com\/nachofdezber\/","https:\/\/www.youtube.com\/channel\/UCZP-2wLEB9Rv6erhFmqVnvg"]},{"@type":"WebPage","@id":"https:\/\/candas365.es\/noticias\/nosotras-tambien-contamos-en-la-academia-de-cine\/#webpage","url":"https:\/\/candas365.es\/noticias\/nosotras-tambien-contamos-en-la-academia-de-cine\/","name":"\u2018Nosotras tambi\u00e9n contamos\u2019 en la Academia de Cine | Cand\u00e1s 365","description":"Reivindicar y visibilizar el trabajo creativo de directoras de cine, como representaci\u00f3n de todo un grupo de mujeres que luchan y se abren un hueco en la industria cinematogr\u00e1fica, es el prop\u00f3sito de \u2018Nosotras tambi\u00e9n contamos\u2019, muestra que este mi\u00e9rcoles arranca en la Academia de Cine. Organizado por Mujeres de cine, en colaboraci\u00f3n con el","inLanguage":"es-ES","isPartOf":{"@id":"https:\/\/candas365.es\/noticias\/#website"},"breadcrumb":{"@id":"https:\/\/candas365.es\/noticias\/nosotras-tambien-contamos-en-la-academia-de-cine\/#breadcrumblist"},"author":{"@id":"https:\/\/candas365.es\/noticias\/author\/admin\/#author"},"creator":{"@id":"https:\/\/candas365.es\/noticias\/author\/admin\/#author"},"image":{"@type":"ImageObject","url":"https:\/\/candas365.es\/noticias\/wp-content\/uploads\/2017\/08\/cine-2233692_960_720.jpg","@id":"https:\/\/candas365.es\/noticias\/nosotras-tambien-contamos-en-la-academia-de-cine\/#mainImage","width":960,"height":660},"primaryImageOfPage":{"@id":"https:\/\/candas365.es\/noticias\/nosotras-tambien-contamos-en-la-academia-de-cine\/#mainImage"},"datePublished":"2017-10-04T11:25:59+02:00","dateModified":"2017-10-04T11:25:59+02:00"},{"@type":"WebSite","@id":"https:\/\/candas365.es\/noticias\/#website","url":"https:\/\/candas365.es\/noticias\/","name":"Cand\u00e1s 365","alternateName":"Cand\u00e1s 365 Noticias","description":"Actualidad desde Carre\u00f1o para el mundo","inLanguage":"es-ES","publisher":{"@id":"https:\/\/candas365.es\/noticias\/#organization"}}]},"og:locale":"es_ES","og:site_name":"Cand\u00e1s 365","og:type":"article","og:title":"\u2018Nosotras tambi\u00e9n contamos\u2019 en la Academia de Cine | Cand\u00e1s 365","og:description":"Reivindicar y visibilizar el trabajo creativo de directoras de cine, como representaci\u00f3n de todo un grupo de mujeres que luchan y se abren un hueco en la industria cinematogr\u00e1fica, es el prop\u00f3sito de \u2018Nosotras tambi\u00e9n contamos\u2019, muestra que este mi\u00e9rcoles arranca en la Academia de Cine. Organizado por Mujeres de cine, en colaboraci\u00f3n con el","og:url":"https:\/\/candas365.es\/noticias\/nosotras-tambien-contamos-en-la-academia-de-cine\/","og:image":"https:\/\/candas365.es\/noticias\/wp-content\/uploads\/2017\/08\/cine-2233692_960_720.jpg","og:image:secure_url":"https:\/\/candas365.es\/noticias\/wp-content\/uploads\/2017\/08\/cine-2233692_960_720.jpg","og:image:width":960,"og:image:height":660,"article:published_time":"2017-10-04T11:25:59+00:00","article:modified_time":"2017-10-04T11:25:59+00:00","article:publisher":"https:\/\/www.facebook.com\/Nachofdezber","article:author":"https:\/\/www.facebook.com\/carrenoactualidad","twitter:card":"summary_large_image","twitter:site":"@NabercoDigital","twitter:title":"\u2018Nosotras tambi\u00e9n contamos\u2019 en la Academia de Cine | Cand\u00e1s 365","twitter:description":"Reivindicar y visibilizar el trabajo creativo de directoras de cine, como representaci\u00f3n de todo un grupo de mujeres que luchan y se abren un hueco en la industria cinematogr\u00e1fica, es el prop\u00f3sito de \u2018Nosotras tambi\u00e9n contamos\u2019, muestra que este mi\u00e9rcoles arranca en la Academia de Cine. Organizado por Mujeres de cine, en colaboraci\u00f3n con el","twitter:creator":"@nbasturias","twitter:image":"https:\/\/candas365.es\/noticias\/wp-content\/uploads\/2017\/08\/cine-2233692_960_720.jpg","twitter:label1":"Escrito por","twitter:data1":"Cand\u00e1s 365","twitter:label2":"Tiempo de lectura estimado","twitter:data2":"1 minuto"},"aioseo_meta_data":{"post_id":"81531","title":null,"description":null,"keywords":null,"keyphrases":null,"primary_term":null,"canonical_url":null,"og_title":null,"og_description":null,"og_object_type":"default","og_image_type":"default","og_image_url":null,"og_image_width":null,"og_image_height":null,"og_image_custom_url":null,"og_image_custom_fields":null,"og_video":null,"og_custom_url":null,"og_article_section":null,"og_article_tags":null,"twitter_use_og":false,"twitter_card":"default","twitter_image_type":"default","twitter_image_url":null,"twitter_image_custom_url":null,"twitter_image_custom_fields":null,"twitter_title":null,"twitter_description":null,"schema":{"blockGraphs":[],"customGraphs":[],"default":{"data":{"Article":[],"Course":[],"Dataset":[],"FAQPage":[],"Movie":[],"Person":[],"Product":[],"ProductReview":[],"Car":[],"Recipe":[],"Service":[],"SoftwareApplication":[],"WebPage":[]},"graphName":"","isEnabled":true},"graphs":[]},"schema_type":null,"schema_type_options":null,"pillar_content":false,"robots_default":true,"robots_noindex":false,"robots_noarchive":false,"robots_nosnippet":false,"robots_nofollow":false,"robots_noimageindex":false,"robots_noodp":false,"robots_notranslate":false,"robots_max_snippet":null,"robots_max_videopreview":null,"robots_max_imagepreview":"large","priority":null,"frequency":null,"location":null,"local_seo":null,"seo_analyzer_scan_date":"2025-08-26 01:58:14","breadcrumb_settings":null,"limit_modified_date":false,"reviewed_by":null,"open_ai":null,"ai":null,"created":"2020-12-21 12:41:57","updated":"2025-08-26 01:58:14"},"aioseo_breadcrumb":"<div class=\"aioseo-breadcrumbs\"><span class=\"aioseo-breadcrumb\">\n\t<a href=\"https:\/\/candas365.es\/noticias\" title=\"Home\">Home<\/a>\n<\/span><span class=\"aioseo-breadcrumb-separator\">&ndash;<\/span><span class=\"aioseo-breadcrumb\">\n\t<a href=\"https:\/\/candas365.es\/noticias\/category\/agenda\/\" title=\"Agenda\">Agenda<\/a>\n<\/span><span class=\"aioseo-breadcrumb-separator\">&ndash;<\/span><span class=\"aioseo-breadcrumb\">\n\t\u2018Nosotras tambi\u00e9n contamos\u2019 en la Academia de Cine\n<\/span><\/div>","aioseo_breadcrumb_json":[{"label":"Home","link":"https:\/\/candas365.es\/noticias"},{"label":"Agenda","link":"https:\/\/candas365.es\/noticias\/category\/agenda\/"},{"label":"\u2018Nosotras tambi\u00e9n contamos\u2019 en la Academia de Cine","link":"https:\/\/candas365.es\/noticias\/nosotras-tambien-contamos-en-la-academia-de-cine\/"}],"_links":{"self":[{"href":"https:\/\/candas365.es\/noticias\/wp-json\/wp\/v2\/posts\/81531","targetHints":{"allow":["GET"]}}],"collection":[{"href":"https:\/\/candas365.es\/noticias\/wp-json\/wp\/v2\/posts"}],"about":[{"href":"https:\/\/candas365.es\/noticias\/wp-json\/wp\/v2\/types\/post"}],"author":[{"embeddable":true,"href":"https:\/\/candas365.es\/noticias\/wp-json\/wp\/v2\/users\/1"}],"replies":[{"embeddable":true,"href":"https:\/\/candas365.es\/noticias\/wp-json\/wp\/v2\/comments?post=81531"}],"version-history":[{"count":0,"href":"https:\/\/candas365.es\/noticias\/wp-json\/wp\/v2\/posts\/81531\/revisions"}],"wp:featuredmedia":[{"embeddable":true,"href":"https:\/\/candas365.es\/noticias\/wp-json\/wp\/v2\/media\/77992"}],"wp:attachment":[{"href":"https:\/\/candas365.es\/noticias\/wp-json\/wp\/v2\/media?parent=81531"}],"wp:term":[{"taxonomy":"category","embeddable":true,"href":"https:\/\/candas365.es\/noticias\/wp-json\/wp\/v2\/categories?post=81531"},{"taxonomy":"post_tag","embeddable":true,"href":"https:\/\/candas365.es\/noticias\/wp-json\/wp\/v2\/tags?post=81531"}],"curies":[{"name":"wp","href":"https:\/\/api.w.org\/{rel}","templated":true}]}}