{"id":81454,"date":"2017-10-04T03:34:38","date_gmt":"2017-10-04T03:34:38","guid":{"rendered":"http:\/\/candas365.es\/noticias\/?p=81454"},"modified":"2017-10-04T03:34:38","modified_gmt":"2017-10-04T03:34:38","slug":"inaugurados-en-candas-los-terceros-encuentros-alfoz-de-gauzon","status":"publish","type":"post","link":"https:\/\/candas365.es\/noticias\/inaugurados-en-candas-los-terceros-encuentros-alfoz-de-gauzon\/","title":{"rendered":"Inaugurados en Cand\u00e1s los Terceros encuentros Alfoz de Gauz\u00f3n"},"content":{"rendered":"<p><img fetchpriority=\"high\" decoding=\"async\" class=\"alignleft size-medium wp-image-81455\" src=\"https:\/\/candas365.es\/noticias\/wp-content\/uploads\/2017\/10\/22136974_10213942300050007-360x270.jpg\" alt=\"\" width=\"360\" height=\"270\" srcset=\"https:\/\/candas365.es\/noticias\/wp-content\/uploads\/2017\/10\/22136974_10213942300050007-360x270.jpg 360w, https:\/\/candas365.es\/noticias\/wp-content\/uploads\/2017\/10\/22136974_10213942300050007-768x576.jpg 768w, https:\/\/candas365.es\/noticias\/wp-content\/uploads\/2017\/10\/22136974_10213942300050007-640x480.jpg 640w, https:\/\/candas365.es\/noticias\/wp-content\/uploads\/2017\/10\/22136974_10213942300050007-80x60.jpg 80w, https:\/\/candas365.es\/noticias\/wp-content\/uploads\/2017\/10\/22136974_10213942300050007-265x198.jpg 265w, https:\/\/candas365.es\/noticias\/wp-content\/uploads\/2017\/10\/22136974_10213942300050007-696x522.jpg 696w, https:\/\/candas365.es\/noticias\/wp-content\/uploads\/2017\/10\/22136974_10213942300050007-1068x801.jpg 1068w, https:\/\/candas365.es\/noticias\/wp-content\/uploads\/2017\/10\/22136974_10213942300050007-560x420.jpg 560w, https:\/\/candas365.es\/noticias\/wp-content\/uploads\/2017\/10\/22136974_10213942300050007-90x67.jpg 90w, https:\/\/candas365.es\/noticias\/wp-content\/uploads\/2017\/10\/22136974_10213942300050007.jpg 1440w\" sizes=\"(max-width: 360px) 100vw, 360px\" \/>En el Centro Polivalente \u201cLa Baraga\u00f1a\u201d se celebr\u00f3 la inauguraci\u00f3n de los III Encuentros de Arqueolog\u00eda, Historia y Patrimonio del Alfoz de Gauz\u00f3n, organizados por el Club Popular de Cultura de Llaranes en colaboraci\u00f3n con el Ayuntamiento de Carre\u00f1o, APIAA y la Asociaci\u00f3n Amigos del H\u00f3rreo Asturiano.<\/p>\n<p>Estos encuentros aglutina a los concejos de Avil\u00e9s, Castrill\u00f3n, Corvera, Illas, Goz\u00f3n y Carre\u00f1o.<\/p>\n<p>Al acto inaugural acudi\u00f3 representaci\u00f3n pol\u00edtica de varios de ellos; el alcalde de Illas Alberto Tirador; el concejal de Cultura de Goz\u00f3n Manuel Hern\u00e1ndez; y la concejala de Cultura de Carre\u00f1o Cecilia Tasc\u00f3n.<\/p>\n<p>La primera de las 6 conferencias que a lo largo de tres semanas tendr\u00e1n lugar en Cand\u00e1s, fue la que lleva por t\u00edtulo \u201cEl linaje y el palacio de los Rodr\u00edguez de Le\u00f3n en Trasona (Corvera)\u201d a cargo del Doctor en Historia por la Universidad de Oviedo y ganador del Premio de Investigaci\u00f3n Juan Uria 2002, Jes\u00fas Antonio Gonz\u00e1lez Calle.<\/p>\n<p>La conferencia de Gonz\u00e1lez Calle vers\u00f3 sobre el origen del Palacio de los Rodr\u00edguez Sol\u00eds. De su historia, desde su construcci\u00f3n primitiva all\u00e1 por el s.XV, su reedificaci\u00f3n parcial y ampliaci\u00f3n en dos ocasiones en el s.XVII y alguna modificaci\u00f3n posterior a finales del s. XIX. Aun se conserva su aspecto original del s.XV inspirado en las torres y fortalezas medievales. Cabe se\u00f1alar que el yelmo y la cartela que figuran en el escudo de armas de la fachada principal tiene formas muy semejantes a las de los escudos del Palacio de los Prendes Condes en Cand\u00e1s y del Palacio de los Carre\u00f1o en Llorgozana.<\/p>\n<p>Desde sus comienzos perteneci\u00f3 a la Familia Rodr\u00edguez de Le\u00f3n hasta el s.XVIII, donde pasa a los Trellers, Sierra y Arguelles por uniones matrimoniales. A finales del s.XIX y principios del XX la propiedad pas\u00f3 a ser de los Condes de Pe\u00f1alver, siendo su residencia de verano. Ya en el s.XX, estos ceden su uso a la empresa Ensidesa. En la actualidad, una parte del complejo aloja un establecimiento hostelero.<\/p>\n<p>La pr\u00f3xima conferencia \u201cSingularidades del enterramiento tardoantiguo de Entrellusa (Carre\u00f1o): fragmentos del pasado rescatados por la mar\u201d, ser\u00e1 a cargo de la arque\u00f3loga Covadonga Ib\u00e1\u00f1ez Calzada, y tendr\u00e1 lugar el pr\u00f3ximo viernes 6 de octubre en el sal\u00f3n del Centro Polivalente \u201cLa Baraga\u00f1a\u201d de Cand\u00e1s a las 19:00 h<\/p>\n<p>&nbsp;<\/p>\n","protected":false},"excerpt":{"rendered":"<p>En el Centro Polivalente \u201cLa Baraga\u00f1a\u201d se celebr\u00f3 la inauguraci\u00f3n de los III Encuentros de Arqueolog\u00eda, Historia y Patrimonio del Alfoz de Gauz\u00f3n, organizados por el Club Popular de Cultura de Llaranes en colaboraci\u00f3n con el Ayuntamiento de Carre\u00f1o, APIAA y la Asociaci\u00f3n Amigos del H\u00f3rreo Asturiano. Estos encuentros aglutina a los concejos de Avil\u00e9s,<\/p>\n","protected":false},"author":1,"featured_media":81455,"comment_status":"closed","ping_status":"closed","sticky":false,"template":"","format":"standard","meta":{"footnotes":""},"categories":[2],"tags":[],"class_list":{"0":"post-81454","1":"post","2":"type-post","3":"status-publish","4":"format-standard","5":"has-post-thumbnail","7":"category-noticias-carreno"},"aioseo_notices":[],"aioseo_head":"\n\t\t<!-- All in One SEO Pro 4.9.6.2 - aioseo.com -->\n\t<meta name=\"description\" content=\"En el Centro Polivalente \u201cLa Baraga\u00f1a\u201d se celebr\u00f3 la inauguraci\u00f3n de los III Encuentros de Arqueolog\u00eda, Historia y Patrimonio del Alfoz de Gauz\u00f3n, organizados por el Club Popular de Cultura de Llaranes en colaboraci\u00f3n con el Ayuntamiento de Carre\u00f1o, APIAA y la Asociaci\u00f3n Amigos del H\u00f3rreo Asturiano. Estos encuentros aglutina a los concejos de Avil\u00e9s,\" \/>\n\t<meta name=\"robots\" content=\"max-image-preview:large\" \/>\n\t<meta name=\"author\" content=\"Cand\u00e1s 365\"\/>\n\t<meta name=\"google-site-verification\" content=\"UA-32230408-1\" \/>\n\t<meta name=\"msvalidate.01\" content=\"354F3CDFB2DA171B47FBE9ABF1F88D5\" \/>\n\t<meta name=\"keywords\" content=\"noticias carre\u00f1o\" \/>\n\t<link rel=\"canonical\" href=\"https:\/\/candas365.es\/noticias\/inaugurados-en-candas-los-terceros-encuentros-alfoz-de-gauzon\/\" \/>\n\t<meta name=\"generator\" content=\"All in One SEO Pro (AIOSEO) 4.9.6.2\" \/>\n\t\t<meta property=\"og:locale\" content=\"es_ES\" \/>\n\t\t<meta property=\"og:site_name\" content=\"Cand\u00e1s 365\" \/>\n\t\t<meta property=\"og:type\" content=\"article\" \/>\n\t\t<meta property=\"og:title\" content=\"Inaugurados en Cand\u00e1s los Terceros encuentros Alfoz de Gauz\u00f3n | Cand\u00e1s 365\" \/>\n\t\t<meta property=\"og:description\" content=\"En el Centro Polivalente \u201cLa Baraga\u00f1a\u201d se celebr\u00f3 la inauguraci\u00f3n de los III Encuentros de Arqueolog\u00eda, Historia y Patrimonio del Alfoz de Gauz\u00f3n, organizados por el Club Popular de Cultura de Llaranes en colaboraci\u00f3n con el Ayuntamiento de Carre\u00f1o, APIAA y la Asociaci\u00f3n Amigos del H\u00f3rreo Asturiano. Estos encuentros aglutina a los concejos de Avil\u00e9s,\" \/>\n\t\t<meta property=\"og:url\" content=\"https:\/\/candas365.es\/noticias\/inaugurados-en-candas-los-terceros-encuentros-alfoz-de-gauzon\/\" \/>\n\t\t<meta property=\"og:image\" content=\"https:\/\/candas365.es\/noticias\/wp-content\/uploads\/2017\/10\/22136974_10213942300050007.jpg\" \/>\n\t\t<meta property=\"og:image:secure_url\" content=\"https:\/\/candas365.es\/noticias\/wp-content\/uploads\/2017\/10\/22136974_10213942300050007.jpg\" \/>\n\t\t<meta property=\"og:image:width\" content=\"1440\" \/>\n\t\t<meta property=\"og:image:height\" content=\"1080\" \/>\n\t\t<meta property=\"article:published_time\" content=\"2017-10-04T03:34:38+00:00\" \/>\n\t\t<meta property=\"article:modified_time\" content=\"2017-10-04T03:34:38+00:00\" \/>\n\t\t<meta property=\"article:publisher\" content=\"https:\/\/www.facebook.com\/Nachofdezber\" \/>\n\t\t<meta property=\"article:author\" content=\"https:\/\/www.facebook.com\/carrenoactualidad\" \/>\n\t\t<meta name=\"twitter:card\" content=\"summary_large_image\" \/>\n\t\t<meta name=\"twitter:site\" content=\"@NabercoDigital\" \/>\n\t\t<meta name=\"twitter:title\" content=\"Inaugurados en Cand\u00e1s los Terceros encuentros Alfoz de Gauz\u00f3n | Cand\u00e1s 365\" \/>\n\t\t<meta name=\"twitter:description\" content=\"En el Centro Polivalente \u201cLa Baraga\u00f1a\u201d se celebr\u00f3 la inauguraci\u00f3n de los III Encuentros de Arqueolog\u00eda, Historia y Patrimonio del Alfoz de Gauz\u00f3n, organizados por el Club Popular de Cultura de Llaranes en colaboraci\u00f3n con el Ayuntamiento de Carre\u00f1o, APIAA y la Asociaci\u00f3n Amigos del H\u00f3rreo Asturiano. Estos encuentros aglutina a los concejos de Avil\u00e9s,\" \/>\n\t\t<meta name=\"twitter:creator\" content=\"@nbasturias\" \/>\n\t\t<meta name=\"twitter:image\" content=\"https:\/\/candas365.es\/noticias\/wp-content\/uploads\/2017\/10\/22136974_10213942300050007.jpg\" \/>\n\t\t<meta name=\"twitter:label1\" content=\"Escrito por\" \/>\n\t\t<meta name=\"twitter:data1\" content=\"Cand\u00e1s 365\" \/>\n\t\t<meta name=\"twitter:label2\" content=\"Tiempo de lectura estimado\" \/>\n\t\t<meta name=\"twitter:data2\" content=\"2 minutos\" \/>\n\t\t<script type=\"application\/ld+json\" class=\"aioseo-schema\">\n\t\t\t{\"@context\":\"https:\\\/\\\/schema.org\",\"@graph\":[{\"@type\":\"BreadcrumbList\",\"@id\":\"https:\\\/\\\/candas365.es\\\/noticias\\\/inaugurados-en-candas-los-terceros-encuentros-alfoz-de-gauzon\\\/#breadcrumblist\",\"itemListElement\":[{\"@type\":\"ListItem\",\"@id\":\"https:\\\/\\\/candas365.es\\\/noticias#listItem\",\"position\":1,\"name\":\"Home\",\"item\":\"https:\\\/\\\/candas365.es\\\/noticias\",\"nextItem\":{\"@type\":\"ListItem\",\"@id\":\"https:\\\/\\\/candas365.es\\\/noticias\\\/category\\\/noticias-carreno\\\/#listItem\",\"name\":\"Noticias Carre\\u00f1o\"}},{\"@type\":\"ListItem\",\"@id\":\"https:\\\/\\\/candas365.es\\\/noticias\\\/category\\\/noticias-carreno\\\/#listItem\",\"position\":2,\"name\":\"Noticias Carre\\u00f1o\",\"item\":\"https:\\\/\\\/candas365.es\\\/noticias\\\/category\\\/noticias-carreno\\\/\",\"nextItem\":{\"@type\":\"ListItem\",\"@id\":\"https:\\\/\\\/candas365.es\\\/noticias\\\/inaugurados-en-candas-los-terceros-encuentros-alfoz-de-gauzon\\\/#listItem\",\"name\":\"Inaugurados en Cand\\u00e1s los Terceros encuentros Alfoz de Gauz\\u00f3n\"},\"previousItem\":{\"@type\":\"ListItem\",\"@id\":\"https:\\\/\\\/candas365.es\\\/noticias#listItem\",\"name\":\"Home\"}},{\"@type\":\"ListItem\",\"@id\":\"https:\\\/\\\/candas365.es\\\/noticias\\\/inaugurados-en-candas-los-terceros-encuentros-alfoz-de-gauzon\\\/#listItem\",\"position\":3,\"name\":\"Inaugurados en Cand\\u00e1s los Terceros encuentros Alfoz de Gauz\\u00f3n\",\"previousItem\":{\"@type\":\"ListItem\",\"@id\":\"https:\\\/\\\/candas365.es\\\/noticias\\\/category\\\/noticias-carreno\\\/#listItem\",\"name\":\"Noticias Carre\\u00f1o\"}}]},{\"@type\":\"NewsArticle\",\"@id\":\"https:\\\/\\\/candas365.es\\\/noticias\\\/inaugurados-en-candas-los-terceros-encuentros-alfoz-de-gauzon\\\/#newsarticle\",\"name\":\"Inaugurados en Cand\\u00e1s los Terceros encuentros Alfoz de Gauz\\u00f3n | Cand\\u00e1s 365\",\"headline\":\"Inaugurados en Cand\\u00e1s los Terceros encuentros Alfoz de Gauz\\u00f3n\",\"author\":{\"@id\":\"https:\\\/\\\/candas365.es\\\/noticias\\\/author\\\/admin\\\/#author\"},\"publisher\":{\"@id\":\"https:\\\/\\\/candas365.es\\\/noticias\\\/#organization\"},\"image\":{\"@type\":\"ImageObject\",\"url\":\"https:\\\/\\\/candas365.es\\\/noticias\\\/wp-content\\\/uploads\\\/2017\\\/10\\\/22136974_10213942300050007.jpg\",\"width\":1440,\"height\":1080},\"datePublished\":\"2017-10-04T03:34:38+02:00\",\"dateModified\":\"2017-10-04T03:34:38+02:00\",\"inLanguage\":\"es-ES\",\"mainEntityOfPage\":{\"@id\":\"https:\\\/\\\/candas365.es\\\/noticias\\\/inaugurados-en-candas-los-terceros-encuentros-alfoz-de-gauzon\\\/#webpage\"},\"isPartOf\":{\"@id\":\"https:\\\/\\\/candas365.es\\\/noticias\\\/inaugurados-en-candas-los-terceros-encuentros-alfoz-de-gauzon\\\/#webpage\"},\"articleSection\":\"Noticias Carre\\u00f1o\",\"dateline\":\"Publicado el octubre 4, 2017.\"},{\"@type\":\"Organization\",\"@id\":\"https:\\\/\\\/candas365.es\\\/noticias\\\/#organization\",\"name\":\"Cand\\u00e1s 365\",\"description\":\"Cand\\u00e1s 365 es un diario digital independiente, fundado en 2012, con base en Asturias. Informamos con rigor sobre actualidad, sociedad, cultura y ocio, con una mirada local y global.\",\"url\":\"https:\\\/\\\/candas365.es\\\/noticias\\\/\",\"email\":\"info@candas365.es\",\"telephone\":\"+34652131393\",\"foundingDate\":\"2012-06-10\",\"logo\":{\"@type\":\"ImageObject\",\"url\":\"https:\\\/\\\/candas365.es\\\/noticias\\\/wp-content\\\/uploads\\\/2024\\\/09\\\/Candas-365-Redes.jpg\",\"@id\":\"https:\\\/\\\/candas365.es\\\/noticias\\\/inaugurados-en-candas-los-terceros-encuentros-alfoz-de-gauzon\\\/#organizationLogo\",\"width\":1152,\"height\":864,\"caption\":\"Cand\\u00e1s 365 Redes\"},\"image\":{\"@id\":\"https:\\\/\\\/candas365.es\\\/noticias\\\/inaugurados-en-candas-los-terceros-encuentros-alfoz-de-gauzon\\\/#organizationLogo\"},\"sameAs\":[\"https:\\\/\\\/www.facebook.com\\\/Nachofdezber\",\"https:\\\/\\\/x.com\\\/NabercoDigital\",\"https:\\\/\\\/www.instagram.com\\\/nachofdezber\\\/\",\"https:\\\/\\\/www.youtube.com\\\/channel\\\/UCZP-2wLEB9Rv6erhFmqVnvg\"],\"address\":{\"@id\":\"https:\\\/\\\/candas365.es\\\/noticias\\\/#postaladdress\",\"@type\":\"PostalAddress\",\"streetAddress\":\"san antonio 4, san antonio 4\",\"postalCode\":\"33430\",\"addressLocality\":\"Cand\\u00e1s\",\"addressRegion\":\"Asturias\",\"addressCountry\":\"ES\"}},{\"@type\":\"Person\",\"@id\":\"https:\\\/\\\/candas365.es\\\/noticias\\\/author\\\/admin\\\/#author\",\"url\":\"https:\\\/\\\/candas365.es\\\/noticias\\\/author\\\/admin\\\/\",\"name\":\"Cand\\u00e1s 365\",\"image\":{\"@type\":\"ImageObject\",\"@id\":\"https:\\\/\\\/candas365.es\\\/noticias\\\/inaugurados-en-candas-los-terceros-encuentros-alfoz-de-gauzon\\\/#authorImage\",\"url\":\"https:\\\/\\\/secure.gravatar.com\\\/avatar\\\/496a8e03d0c493ede1718b7934145dbdf8d89be1036b0eec9544e1094c9de390?s=96&d=mm&r=g\",\"width\":96,\"height\":96,\"caption\":\"Cand\\u00e1s 365\"},\"sameAs\":[\"https:\\\/\\\/www.facebook.com\\\/carrenoactualidad\",\"https:\\\/\\\/twitter.com\\\/nbasturias\",\"https:\\\/\\\/www.instagram.com\\\/nachofdezber\\\/\",\"https:\\\/\\\/www.youtube.com\\\/channel\\\/UCZP-2wLEB9Rv6erhFmqVnvg\"]},{\"@type\":\"WebPage\",\"@id\":\"https:\\\/\\\/candas365.es\\\/noticias\\\/inaugurados-en-candas-los-terceros-encuentros-alfoz-de-gauzon\\\/#webpage\",\"url\":\"https:\\\/\\\/candas365.es\\\/noticias\\\/inaugurados-en-candas-los-terceros-encuentros-alfoz-de-gauzon\\\/\",\"name\":\"Inaugurados en Cand\\u00e1s los Terceros encuentros Alfoz de Gauz\\u00f3n | Cand\\u00e1s 365\",\"description\":\"En el Centro Polivalente \\u201cLa Baraga\\u00f1a\\u201d se celebr\\u00f3 la inauguraci\\u00f3n de los III Encuentros de Arqueolog\\u00eda, Historia y Patrimonio del Alfoz de Gauz\\u00f3n, organizados por el Club Popular de Cultura de Llaranes en colaboraci\\u00f3n con el Ayuntamiento de Carre\\u00f1o, APIAA y la Asociaci\\u00f3n Amigos del H\\u00f3rreo Asturiano. Estos encuentros aglutina a los concejos de Avil\\u00e9s,\",\"inLanguage\":\"es-ES\",\"isPartOf\":{\"@id\":\"https:\\\/\\\/candas365.es\\\/noticias\\\/#website\"},\"breadcrumb\":{\"@id\":\"https:\\\/\\\/candas365.es\\\/noticias\\\/inaugurados-en-candas-los-terceros-encuentros-alfoz-de-gauzon\\\/#breadcrumblist\"},\"author\":{\"@id\":\"https:\\\/\\\/candas365.es\\\/noticias\\\/author\\\/admin\\\/#author\"},\"creator\":{\"@id\":\"https:\\\/\\\/candas365.es\\\/noticias\\\/author\\\/admin\\\/#author\"},\"image\":{\"@type\":\"ImageObject\",\"url\":\"https:\\\/\\\/candas365.es\\\/noticias\\\/wp-content\\\/uploads\\\/2017\\\/10\\\/22136974_10213942300050007.jpg\",\"@id\":\"https:\\\/\\\/candas365.es\\\/noticias\\\/inaugurados-en-candas-los-terceros-encuentros-alfoz-de-gauzon\\\/#mainImage\",\"width\":1440,\"height\":1080},\"primaryImageOfPage\":{\"@id\":\"https:\\\/\\\/candas365.es\\\/noticias\\\/inaugurados-en-candas-los-terceros-encuentros-alfoz-de-gauzon\\\/#mainImage\"},\"datePublished\":\"2017-10-04T03:34:38+02:00\",\"dateModified\":\"2017-10-04T03:34:38+02:00\"},{\"@type\":\"WebSite\",\"@id\":\"https:\\\/\\\/candas365.es\\\/noticias\\\/#website\",\"url\":\"https:\\\/\\\/candas365.es\\\/noticias\\\/\",\"name\":\"Cand\\u00e1s 365\",\"alternateName\":\"Cand\\u00e1s 365 Noticias\",\"description\":\"Actualidad desde Carre\\u00f1o para el mundo\",\"inLanguage\":\"es-ES\",\"publisher\":{\"@id\":\"https:\\\/\\\/candas365.es\\\/noticias\\\/#organization\"}}]}\n\t\t<\/script>\n\t\t<!-- All in One SEO Pro -->\r\n\t\t<title>Inaugurados en Cand\u00e1s los Terceros encuentros Alfoz de Gauz\u00f3n | Cand\u00e1s 365<\/title>\n\n","aioseo_head_json":{"title":"Inaugurados en Cand\u00e1s los Terceros encuentros Alfoz de Gauz\u00f3n | Cand\u00e1s 365","description":"En el Centro Polivalente \u201cLa Baraga\u00f1a\u201d se celebr\u00f3 la inauguraci\u00f3n de los III Encuentros de Arqueolog\u00eda, Historia y Patrimonio del Alfoz de Gauz\u00f3n, organizados por el Club Popular de Cultura de Llaranes en colaboraci\u00f3n con el Ayuntamiento de Carre\u00f1o, APIAA y la Asociaci\u00f3n Amigos del H\u00f3rreo Asturiano. Estos encuentros aglutina a los concejos de Avil\u00e9s,","canonical_url":"https:\/\/candas365.es\/noticias\/inaugurados-en-candas-los-terceros-encuentros-alfoz-de-gauzon\/","robots":"max-image-preview:large","keywords":"noticias carre\u00f1o","webmasterTools":{"google-site-verification":"UA-32230408-1","msvalidate.01":"354F3CDFB2DA171B47FBE9ABF1F88D5","miscellaneous":""},"schema":{"@context":"https:\/\/schema.org","@graph":[{"@type":"BreadcrumbList","@id":"https:\/\/candas365.es\/noticias\/inaugurados-en-candas-los-terceros-encuentros-alfoz-de-gauzon\/#breadcrumblist","itemListElement":[{"@type":"ListItem","@id":"https:\/\/candas365.es\/noticias#listItem","position":1,"name":"Home","item":"https:\/\/candas365.es\/noticias","nextItem":{"@type":"ListItem","@id":"https:\/\/candas365.es\/noticias\/category\/noticias-carreno\/#listItem","name":"Noticias Carre\u00f1o"}},{"@type":"ListItem","@id":"https:\/\/candas365.es\/noticias\/category\/noticias-carreno\/#listItem","position":2,"name":"Noticias Carre\u00f1o","item":"https:\/\/candas365.es\/noticias\/category\/noticias-carreno\/","nextItem":{"@type":"ListItem","@id":"https:\/\/candas365.es\/noticias\/inaugurados-en-candas-los-terceros-encuentros-alfoz-de-gauzon\/#listItem","name":"Inaugurados en Cand\u00e1s los Terceros encuentros Alfoz de Gauz\u00f3n"},"previousItem":{"@type":"ListItem","@id":"https:\/\/candas365.es\/noticias#listItem","name":"Home"}},{"@type":"ListItem","@id":"https:\/\/candas365.es\/noticias\/inaugurados-en-candas-los-terceros-encuentros-alfoz-de-gauzon\/#listItem","position":3,"name":"Inaugurados en Cand\u00e1s los Terceros encuentros Alfoz de Gauz\u00f3n","previousItem":{"@type":"ListItem","@id":"https:\/\/candas365.es\/noticias\/category\/noticias-carreno\/#listItem","name":"Noticias Carre\u00f1o"}}]},{"@type":"NewsArticle","@id":"https:\/\/candas365.es\/noticias\/inaugurados-en-candas-los-terceros-encuentros-alfoz-de-gauzon\/#newsarticle","name":"Inaugurados en Cand\u00e1s los Terceros encuentros Alfoz de Gauz\u00f3n | Cand\u00e1s 365","headline":"Inaugurados en Cand\u00e1s los Terceros encuentros Alfoz de Gauz\u00f3n","author":{"@id":"https:\/\/candas365.es\/noticias\/author\/admin\/#author"},"publisher":{"@id":"https:\/\/candas365.es\/noticias\/#organization"},"image":{"@type":"ImageObject","url":"https:\/\/candas365.es\/noticias\/wp-content\/uploads\/2017\/10\/22136974_10213942300050007.jpg","width":1440,"height":1080},"datePublished":"2017-10-04T03:34:38+02:00","dateModified":"2017-10-04T03:34:38+02:00","inLanguage":"es-ES","mainEntityOfPage":{"@id":"https:\/\/candas365.es\/noticias\/inaugurados-en-candas-los-terceros-encuentros-alfoz-de-gauzon\/#webpage"},"isPartOf":{"@id":"https:\/\/candas365.es\/noticias\/inaugurados-en-candas-los-terceros-encuentros-alfoz-de-gauzon\/#webpage"},"articleSection":"Noticias Carre\u00f1o","dateline":"Publicado el octubre 4, 2017."},{"@type":"Organization","@id":"https:\/\/candas365.es\/noticias\/#organization","name":"Cand\u00e1s 365","description":"Cand\u00e1s 365 es un diario digital independiente, fundado en 2012, con base en Asturias. Informamos con rigor sobre actualidad, sociedad, cultura y ocio, con una mirada local y global.","url":"https:\/\/candas365.es\/noticias\/","email":"info@candas365.es","telephone":"+34652131393","foundingDate":"2012-06-10","logo":{"@type":"ImageObject","url":"https:\/\/candas365.es\/noticias\/wp-content\/uploads\/2024\/09\/Candas-365-Redes.jpg","@id":"https:\/\/candas365.es\/noticias\/inaugurados-en-candas-los-terceros-encuentros-alfoz-de-gauzon\/#organizationLogo","width":1152,"height":864,"caption":"Cand\u00e1s 365 Redes"},"image":{"@id":"https:\/\/candas365.es\/noticias\/inaugurados-en-candas-los-terceros-encuentros-alfoz-de-gauzon\/#organizationLogo"},"sameAs":["https:\/\/www.facebook.com\/Nachofdezber","https:\/\/x.com\/NabercoDigital","https:\/\/www.instagram.com\/nachofdezber\/","https:\/\/www.youtube.com\/channel\/UCZP-2wLEB9Rv6erhFmqVnvg"],"address":{"@id":"https:\/\/candas365.es\/noticias\/#postaladdress","@type":"PostalAddress","streetAddress":"san antonio 4, san antonio 4","postalCode":"33430","addressLocality":"Cand\u00e1s","addressRegion":"Asturias","addressCountry":"ES"}},{"@type":"Person","@id":"https:\/\/candas365.es\/noticias\/author\/admin\/#author","url":"https:\/\/candas365.es\/noticias\/author\/admin\/","name":"Cand\u00e1s 365","image":{"@type":"ImageObject","@id":"https:\/\/candas365.es\/noticias\/inaugurados-en-candas-los-terceros-encuentros-alfoz-de-gauzon\/#authorImage","url":"https:\/\/secure.gravatar.com\/avatar\/496a8e03d0c493ede1718b7934145dbdf8d89be1036b0eec9544e1094c9de390?s=96&d=mm&r=g","width":96,"height":96,"caption":"Cand\u00e1s 365"},"sameAs":["https:\/\/www.facebook.com\/carrenoactualidad","https:\/\/twitter.com\/nbasturias","https:\/\/www.instagram.com\/nachofdezber\/","https:\/\/www.youtube.com\/channel\/UCZP-2wLEB9Rv6erhFmqVnvg"]},{"@type":"WebPage","@id":"https:\/\/candas365.es\/noticias\/inaugurados-en-candas-los-terceros-encuentros-alfoz-de-gauzon\/#webpage","url":"https:\/\/candas365.es\/noticias\/inaugurados-en-candas-los-terceros-encuentros-alfoz-de-gauzon\/","name":"Inaugurados en Cand\u00e1s los Terceros encuentros Alfoz de Gauz\u00f3n | Cand\u00e1s 365","description":"En el Centro Polivalente \u201cLa Baraga\u00f1a\u201d se celebr\u00f3 la inauguraci\u00f3n de los III Encuentros de Arqueolog\u00eda, Historia y Patrimonio del Alfoz de Gauz\u00f3n, organizados por el Club Popular de Cultura de Llaranes en colaboraci\u00f3n con el Ayuntamiento de Carre\u00f1o, APIAA y la Asociaci\u00f3n Amigos del H\u00f3rreo Asturiano. Estos encuentros aglutina a los concejos de Avil\u00e9s,","inLanguage":"es-ES","isPartOf":{"@id":"https:\/\/candas365.es\/noticias\/#website"},"breadcrumb":{"@id":"https:\/\/candas365.es\/noticias\/inaugurados-en-candas-los-terceros-encuentros-alfoz-de-gauzon\/#breadcrumblist"},"author":{"@id":"https:\/\/candas365.es\/noticias\/author\/admin\/#author"},"creator":{"@id":"https:\/\/candas365.es\/noticias\/author\/admin\/#author"},"image":{"@type":"ImageObject","url":"https:\/\/candas365.es\/noticias\/wp-content\/uploads\/2017\/10\/22136974_10213942300050007.jpg","@id":"https:\/\/candas365.es\/noticias\/inaugurados-en-candas-los-terceros-encuentros-alfoz-de-gauzon\/#mainImage","width":1440,"height":1080},"primaryImageOfPage":{"@id":"https:\/\/candas365.es\/noticias\/inaugurados-en-candas-los-terceros-encuentros-alfoz-de-gauzon\/#mainImage"},"datePublished":"2017-10-04T03:34:38+02:00","dateModified":"2017-10-04T03:34:38+02:00"},{"@type":"WebSite","@id":"https:\/\/candas365.es\/noticias\/#website","url":"https:\/\/candas365.es\/noticias\/","name":"Cand\u00e1s 365","alternateName":"Cand\u00e1s 365 Noticias","description":"Actualidad desde Carre\u00f1o para el mundo","inLanguage":"es-ES","publisher":{"@id":"https:\/\/candas365.es\/noticias\/#organization"}}]},"og:locale":"es_ES","og:site_name":"Cand\u00e1s 365","og:type":"article","og:title":"Inaugurados en Cand\u00e1s los Terceros encuentros Alfoz de Gauz\u00f3n | Cand\u00e1s 365","og:description":"En el Centro Polivalente \u201cLa Baraga\u00f1a\u201d se celebr\u00f3 la inauguraci\u00f3n de los III Encuentros de Arqueolog\u00eda, Historia y Patrimonio del Alfoz de Gauz\u00f3n, organizados por el Club Popular de Cultura de Llaranes en colaboraci\u00f3n con el Ayuntamiento de Carre\u00f1o, APIAA y la Asociaci\u00f3n Amigos del H\u00f3rreo Asturiano. Estos encuentros aglutina a los concejos de Avil\u00e9s,","og:url":"https:\/\/candas365.es\/noticias\/inaugurados-en-candas-los-terceros-encuentros-alfoz-de-gauzon\/","og:image":"https:\/\/candas365.es\/noticias\/wp-content\/uploads\/2017\/10\/22136974_10213942300050007.jpg","og:image:secure_url":"https:\/\/candas365.es\/noticias\/wp-content\/uploads\/2017\/10\/22136974_10213942300050007.jpg","og:image:width":1440,"og:image:height":1080,"article:published_time":"2017-10-04T03:34:38+00:00","article:modified_time":"2017-10-04T03:34:38+00:00","article:publisher":"https:\/\/www.facebook.com\/Nachofdezber","article:author":"https:\/\/www.facebook.com\/carrenoactualidad","twitter:card":"summary_large_image","twitter:site":"@NabercoDigital","twitter:title":"Inaugurados en Cand\u00e1s los Terceros encuentros Alfoz de Gauz\u00f3n | Cand\u00e1s 365","twitter:description":"En el Centro Polivalente \u201cLa Baraga\u00f1a\u201d se celebr\u00f3 la inauguraci\u00f3n de los III Encuentros de Arqueolog\u00eda, Historia y Patrimonio del Alfoz de Gauz\u00f3n, organizados por el Club Popular de Cultura de Llaranes en colaboraci\u00f3n con el Ayuntamiento de Carre\u00f1o, APIAA y la Asociaci\u00f3n Amigos del H\u00f3rreo Asturiano. Estos encuentros aglutina a los concejos de Avil\u00e9s,","twitter:creator":"@nbasturias","twitter:image":"https:\/\/candas365.es\/noticias\/wp-content\/uploads\/2017\/10\/22136974_10213942300050007.jpg","twitter:label1":"Escrito por","twitter:data1":"Cand\u00e1s 365","twitter:label2":"Tiempo de lectura estimado","twitter:data2":"2 minutos"},"aioseo_meta_data":{"post_id":"81454","title":null,"description":null,"keywords":null,"keyphrases":null,"primary_term":null,"canonical_url":null,"og_title":null,"og_description":null,"og_object_type":"default","og_image_type":"default","og_image_url":null,"og_image_width":null,"og_image_height":null,"og_image_custom_url":null,"og_image_custom_fields":null,"og_video":null,"og_custom_url":null,"og_article_section":null,"og_article_tags":null,"twitter_use_og":false,"twitter_card":"default","twitter_image_type":"default","twitter_image_url":null,"twitter_image_custom_url":null,"twitter_image_custom_fields":null,"twitter_title":null,"twitter_description":null,"schema":{"blockGraphs":[],"customGraphs":[],"default":{"data":{"Article":[],"Course":[],"Dataset":[],"FAQPage":[],"Movie":[],"Person":[],"Product":[],"ProductReview":[],"Car":[],"Recipe":[],"Service":[],"SoftwareApplication":[],"WebPage":[]},"graphName":"","isEnabled":true},"graphs":[]},"schema_type":null,"schema_type_options":null,"pillar_content":false,"robots_default":true,"robots_noindex":false,"robots_noarchive":false,"robots_nosnippet":false,"robots_nofollow":false,"robots_noimageindex":false,"robots_noodp":false,"robots_notranslate":false,"robots_max_snippet":null,"robots_max_videopreview":null,"robots_max_imagepreview":"large","priority":null,"frequency":null,"location":null,"local_seo":null,"seo_analyzer_scan_date":"2025-08-26 01:52:57","breadcrumb_settings":null,"limit_modified_date":false,"reviewed_by":null,"open_ai":null,"ai":null,"created":"2020-12-21 12:41:57","updated":"2025-08-26 01:52:57"},"aioseo_breadcrumb":"<div class=\"aioseo-breadcrumbs\"><span class=\"aioseo-breadcrumb\">\n\t<a href=\"https:\/\/candas365.es\/noticias\" title=\"Home\">Home<\/a>\n<\/span><span class=\"aioseo-breadcrumb-separator\">&ndash;<\/span><span class=\"aioseo-breadcrumb\">\n\t<a href=\"https:\/\/candas365.es\/noticias\/category\/noticias-carreno\/\" title=\"Noticias Carre\u00f1o\">Noticias Carre\u00f1o<\/a>\n<\/span><span class=\"aioseo-breadcrumb-separator\">&ndash;<\/span><span class=\"aioseo-breadcrumb\">\n\tInaugurados en Cand\u00e1s los Terceros encuentros Alfoz de Gauz\u00f3n\n<\/span><\/div>","aioseo_breadcrumb_json":[{"label":"Home","link":"https:\/\/candas365.es\/noticias"},{"label":"Noticias Carre\u00f1o","link":"https:\/\/candas365.es\/noticias\/category\/noticias-carreno\/"},{"label":"Inaugurados en Cand\u00e1s los Terceros encuentros Alfoz de Gauz\u00f3n","link":"https:\/\/candas365.es\/noticias\/inaugurados-en-candas-los-terceros-encuentros-alfoz-de-gauzon\/"}],"_links":{"self":[{"href":"https:\/\/candas365.es\/noticias\/wp-json\/wp\/v2\/posts\/81454","targetHints":{"allow":["GET"]}}],"collection":[{"href":"https:\/\/candas365.es\/noticias\/wp-json\/wp\/v2\/posts"}],"about":[{"href":"https:\/\/candas365.es\/noticias\/wp-json\/wp\/v2\/types\/post"}],"author":[{"embeddable":true,"href":"https:\/\/candas365.es\/noticias\/wp-json\/wp\/v2\/users\/1"}],"replies":[{"embeddable":true,"href":"https:\/\/candas365.es\/noticias\/wp-json\/wp\/v2\/comments?post=81454"}],"version-history":[{"count":0,"href":"https:\/\/candas365.es\/noticias\/wp-json\/wp\/v2\/posts\/81454\/revisions"}],"wp:featuredmedia":[{"embeddable":true,"href":"https:\/\/candas365.es\/noticias\/wp-json\/wp\/v2\/media\/81455"}],"wp:attachment":[{"href":"https:\/\/candas365.es\/noticias\/wp-json\/wp\/v2\/media?parent=81454"}],"wp:term":[{"taxonomy":"category","embeddable":true,"href":"https:\/\/candas365.es\/noticias\/wp-json\/wp\/v2\/categories?post=81454"},{"taxonomy":"post_tag","embeddable":true,"href":"https:\/\/candas365.es\/noticias\/wp-json\/wp\/v2\/tags?post=81454"}],"curies":[{"name":"wp","href":"https:\/\/api.w.org\/{rel}","templated":true}]}}